{"id":6570,"date":"2024-03-11T20:07:37","date_gmt":"2024-03-11T19:07:37","guid":{"rendered":"https:\/\/pans.krosno.pl\/kola-naukowe\/?p=6570"},"modified":"2024-03-20T20:09:29","modified_gmt":"2024-03-20T19:09:29","slug":"skn-ekonomistow-na-xi-targach-pracy-i-akademickich-dniach-nauki","status":"publish","type":"post","link":"https:\/\/pans.krosno.pl\/kola-naukowe\/skn-ekonomistow-na-xi-targach-pracy-i-akademickich-dniach-nauki\/","title":{"rendered":"SKN Ekonomist\u00f3w na XI Targach Pracy i Akademickich Dniach Nauki"},"content":{"rendered":"<header class=\"entry-header\">\n<div class=\"entry-meta\"><span style=\"font-size: revert;color: initial\">W dniu 8 marca 2024 roku w Kampusie Techniczno-Sportowym Pa\u0144stwowej Akademii Nauk Stosowanych w Kro\u015bnie odby\u0142y si\u0119 XI Targi Pracy oraz Akademicki Dzie\u0144 Nauki. Studenci ze <strong>Studenckiego Ko\u0142a Ekonomist\u00f3w<\/strong> przygotowali tak\u017ce stoisko pt. &#8222;Zgarnij kas\u0119&#8221;. By\u0142 konkurs wiedzy ekonomicznej, w kt\u00f3rym nagrodami by\u0142y s\u0142odkie banknoty euro. Mo\u017cna by\u0142o obejrze\u0107 kolekcje banknot\u00f3w m.in. z PRL i monet z ka\u017cdego stanu USA. Dzi\u0119kujemy wszystkim uczniom, studentom i nauczycielem za odwiedzenie naszego stoiska, rozmow\u0119 i dobr\u0105 zabaw\u0119 edukacyjn\u0105.<\/span><\/div>\n<\/header>\n\n\n<hr class=\"wp-block-separator has-alpha-channel-opacity\" \/>\n\n\n\n<figure class=\"wp-block-image size-large\"><img loading=\"lazy\" decoding=\"async\" width=\"1024\" height=\"727\" src=\"https:\/\/pans.krosno.pl\/kola-naukowe\/wp-content\/uploads\/sites\/48\/2024\/03\/Madziaaaaa-1024x727.jpg\" alt=\"Studentka przy stoisku ko\u0142a\" class=\"wp-image-6571\" srcset=\"https:\/\/pans.krosno.pl\/kola-naukowe\/wp-content\/uploads\/sites\/48\/2024\/03\/Madziaaaaa-1024x727.jpg 1024w, https:\/\/pans.krosno.pl\/kola-naukowe\/wp-content\/uploads\/sites\/48\/2024\/03\/Madziaaaaa-300x213.jpg 300w, https:\/\/pans.krosno.pl\/kola-naukowe\/wp-content\/uploads\/sites\/48\/2024\/03\/Madziaaaaa-768x545.jpg 768w, https:\/\/pans.krosno.pl\/kola-naukowe\/wp-content\/uploads\/sites\/48\/2024\/03\/Madziaaaaa-800x568.jpg 800w, https:\/\/pans.krosno.pl\/kola-naukowe\/wp-content\/uploads\/sites\/48\/2024\/03\/Madziaaaaa-580x412.jpg 580w, https:\/\/pans.krosno.pl\/kola-naukowe\/wp-content\/uploads\/sites\/48\/2024\/03\/Madziaaaaa.jpg 1268w\" sizes=\"auto, (max-width: 1024px) 100vw, 1024px\" \/><\/figure>\n\n\n\n<div class=\"wp-block-columns is-layout-flex wp-container-core-columns-is-layout-28f84493 wp-block-columns-is-layout-flex\">\n<div class=\"wp-block-column is-layout-flow wp-block-column-is-layout-flow\">\n<figure class=\"wp-block-image size-large\"><img loading=\"lazy\" decoding=\"async\" width=\"1024\" height=\"572\" src=\"https:\/\/pans.krosno.pl\/kola-naukowe\/wp-content\/uploads\/sites\/48\/2024\/03\/monety-1024x572.jpg\" alt=\"kolekcja w albumie monet ze stan\u00f3w USA\" class=\"wp-image-6572\" srcset=\"https:\/\/pans.krosno.pl\/kola-naukowe\/wp-content\/uploads\/sites\/48\/2024\/03\/monety-1024x572.jpg 1024w, https:\/\/pans.krosno.pl\/kola-naukowe\/wp-content\/uploads\/sites\/48\/2024\/03\/monety-300x167.jpg 300w, https:\/\/pans.krosno.pl\/kola-naukowe\/wp-content\/uploads\/sites\/48\/2024\/03\/monety-768x429.jpg 768w, https:\/\/pans.krosno.pl\/kola-naukowe\/wp-content\/uploads\/sites\/48\/2024\/03\/monety-1536x858.jpg 1536w, https:\/\/pans.krosno.pl\/kola-naukowe\/wp-content\/uploads\/sites\/48\/2024\/03\/monety-800x447.jpg 800w, https:\/\/pans.krosno.pl\/kola-naukowe\/wp-content\/uploads\/sites\/48\/2024\/03\/monety-270x152.jpg 270w, https:\/\/pans.krosno.pl\/kola-naukowe\/wp-content\/uploads\/sites\/48\/2024\/03\/monety-580x324.jpg 580w, https:\/\/pans.krosno.pl\/kola-naukowe\/wp-content\/uploads\/sites\/48\/2024\/03\/monety.jpg 1612w\" sizes=\"auto, (max-width: 1024px) 100vw, 1024px\" \/><\/figure>\n<\/div>\n\n\n\n<div class=\"wp-block-column is-layout-flow wp-block-column-is-layout-flow\">\n<figure class=\"wp-block-image size-large is-resized\"><img loading=\"lazy\" decoding=\"async\" width=\"1024\" height=\"461\" src=\"https:\/\/pans.krosno.pl\/kola-naukowe\/wp-content\/uploads\/sites\/48\/2024\/03\/kasa-1024x461.jpg\" alt=\"Karteczki z pytaniami konkursowymi i s\u0142odkie banknoty\" class=\"wp-image-6573\" style=\"width:509px;height:auto\" srcset=\"https:\/\/pans.krosno.pl\/kola-naukowe\/wp-content\/uploads\/sites\/48\/2024\/03\/kasa-1024x461.jpg 1024w, https:\/\/pans.krosno.pl\/kola-naukowe\/wp-content\/uploads\/sites\/48\/2024\/03\/kasa-300x135.jpg 300w, https:\/\/pans.krosno.pl\/kola-naukowe\/wp-content\/uploads\/sites\/48\/2024\/03\/kasa-768x346.jpg 768w, https:\/\/pans.krosno.pl\/kola-naukowe\/wp-content\/uploads\/sites\/48\/2024\/03\/kasa-1536x691.jpg 1536w, https:\/\/pans.krosno.pl\/kola-naukowe\/wp-content\/uploads\/sites\/48\/2024\/03\/kasa-800x360.jpg 800w, https:\/\/pans.krosno.pl\/kola-naukowe\/wp-content\/uploads\/sites\/48\/2024\/03\/kasa-580x261.jpg 580w, https:\/\/pans.krosno.pl\/kola-naukowe\/wp-content\/uploads\/sites\/48\/2024\/03\/kasa-rotated.jpg 2000w\" sizes=\"auto, (max-width: 1024px) 100vw, 1024px\" \/><\/figure>\n<\/div>\n<\/div>\n","protected":false},"excerpt":{"rendered":"<p>W dniu 8 marca 2024 roku w Kampusie Techniczno-Sportowym Pa\u0144stwowej Akademii Nauk Stosowanych w Kro\u015bnie odby\u0142y si\u0119 XI Targi Pracy oraz Akademicki Dzie\u0144 Nauki. Studenci ze Studenckiego Ko\u0142a Ekonomist\u00f3w przygotowali tak\u017ce stoisko pt. &#8222;Zgarnij kas\u0119&#8221;. By\u0142 konkurs wiedzy ekonomicznej, w kt\u00f3rym nagrodami by\u0142y s\u0142odkie banknoty euro. Mo\u017cna by\u0142o obejrze\u0107 kolekcje [\u2026] <\/p>\n<div class=\"clear\"><\/div>\n<p><a class=\"more_link clearfix\" href=\"https:\/\/pans.krosno.pl\/kola-naukowe\/skn-ekonomistow-na-xi-targach-pracy-i-akademickich-dniach-nauki\/\" rel=\"nofollow\">Read More<\/a><\/p>\n","protected":false},"author":17,"featured_media":6573,"comment_status":"open","ping_status":"open","sticky":false,"template":"","format":"standard","meta":{"ngg_post_thumbnail":0,"footnotes":""},"categories":[2],"tags":[],"class_list":["post-6570","post","type-post","status-publish","format-standard","has-post-thumbnail","hentry","category-ekonomisci"],"yoast_head":"<!-- This site is optimized with the Yoast SEO Premium plugin v27.4 (Yoast SEO v27.4) - https:\/\/yoast.com\/product\/yoast-seo-premium-wordpress\/ -->\n<title>SKN Ekonomist\u00f3w na XI Targach Pracy i Akademickich Dniach Nauki - Studenckie Ko\u0142a Naukowe PANS w Kro\u015bnie<\/title>\n<meta name=\"robots\" content=\"index, follow, max-snippet:-1, max-image-preview:large, max-video-preview:-1\" \/>\n<link rel=\"canonical\" href=\"https:\/\/pans.krosno.pl\/kola-naukowe\/skn-ekonomistow-na-xi-targach-pracy-i-akademickich-dniach-nauki\/\" \/>\n<meta property=\"og:locale\" content=\"pl_PL\" \/>\n<meta property=\"og:type\" content=\"article\" \/>\n<meta property=\"og:title\" content=\"SKN Ekonomist\u00f3w na XI Targach Pracy i Akademickich Dniach Nauki\" \/>\n<meta property=\"og:description\" content=\"W dniu 8 marca 2024 roku w Kampusie Techniczno-Sportowym Pa\u0144stwowej Akademii Nauk Stosowanych w Kro\u015bnie odby\u0142y si\u0119 XI Targi Pracy oraz Akademicki Dzie\u0144 Nauki. Studenci ze Studenckiego Ko\u0142a Ekonomist\u00f3w przygotowali tak\u017ce stoisko pt. &#8222;Zgarnij kas\u0119&#8221;. By\u0142 konkurs wiedzy ekonomicznej, w kt\u00f3rym nagrodami by\u0142y s\u0142odkie banknoty euro. Mo\u017cna by\u0142o obejrze\u0107 kolekcje [\u2026] Read More\" \/>\n<meta property=\"og:url\" content=\"https:\/\/pans.krosno.pl\/kola-naukowe\/skn-ekonomistow-na-xi-targach-pracy-i-akademickich-dniach-nauki\/\" \/>\n<meta property=\"og:site_name\" content=\"Studenckie Ko\u0142a Naukowe PANS w Kro\u015bnie\" \/>\n<meta property=\"article:published_time\" content=\"2024-03-11T19:07:37+00:00\" \/>\n<meta property=\"article:modified_time\" content=\"2024-03-20T19:09:29+00:00\" \/>\n<meta property=\"og:image\" content=\"https:\/\/pans.krosno.pl\/wp-content\/uploads\/sites\/48\/2024\/03\/kasa-rotated.jpg\" \/>\n\t<meta property=\"og:image:width\" content=\"2000\" \/>\n\t<meta property=\"og:image:height\" content=\"900\" \/>\n\t<meta property=\"og:image:type\" content=\"image\/jpeg\" \/>\n<meta name=\"author\" content=\"elzbietabragiel\" \/>\n<meta name=\"twitter:card\" content=\"summary_large_image\" \/>\n<meta name=\"twitter:label1\" content=\"Napisane przez\" \/>\n\t<meta name=\"twitter:data1\" content=\"elzbietabragiel\" \/>\n\t<meta name=\"twitter:label2\" content=\"Szacowany czas czytania\" \/>\n\t<meta name=\"twitter:data2\" content=\"2 minuty\" \/>\n<script type=\"application\/ld+json\" class=\"yoast-schema-graph\">{\"@context\":\"https:\\\/\\\/schema.org\",\"@graph\":[{\"@type\":\"Article\",\"@id\":\"https:\\\/\\\/pans.krosno.pl\\\/kola-naukowe\\\/skn-ekonomistow-na-xi-targach-pracy-i-akademickich-dniach-nauki\\\/#article\",\"isPartOf\":{\"@id\":\"https:\\\/\\\/pans.krosno.pl\\\/kola-naukowe\\\/skn-ekonomistow-na-xi-targach-pracy-i-akademickich-dniach-nauki\\\/\"},\"author\":{\"name\":\"elzbietabragiel\",\"@id\":\"https:\\\/\\\/pans.krosno.pl\\\/kola-naukowe\\\/#\\\/schema\\\/person\\\/5234d538b37281133cebfcf174124540\"},\"headline\":\"SKN Ekonomist\u00f3w na XI Targach Pracy i Akademickich Dniach Nauki\",\"datePublished\":\"2024-03-11T19:07:37+00:00\",\"dateModified\":\"2024-03-20T19:09:29+00:00\",\"mainEntityOfPage\":{\"@id\":\"https:\\\/\\\/pans.krosno.pl\\\/kola-naukowe\\\/skn-ekonomistow-na-xi-targach-pracy-i-akademickich-dniach-nauki\\\/\"},\"wordCount\":99,\"commentCount\":0,\"publisher\":{\"@id\":\"https:\\\/\\\/pans.krosno.pl\\\/kola-naukowe\\\/#organization\"},\"image\":{\"@id\":\"https:\\\/\\\/pans.krosno.pl\\\/kola-naukowe\\\/skn-ekonomistow-na-xi-targach-pracy-i-akademickich-dniach-nauki\\\/#primaryimage\"},\"thumbnailUrl\":\"https:\\\/\\\/pans.krosno.pl\\\/kola-naukowe\\\/wp-content\\\/uploads\\\/sites\\\/48\\\/2024\\\/03\\\/kasa-rotated.jpg\",\"articleSection\":[\"Ekonomi\u015bci\"],\"inLanguage\":\"pl-PL\",\"potentialAction\":[{\"@type\":\"CommentAction\",\"name\":\"Comment\",\"target\":[\"https:\\\/\\\/pans.krosno.pl\\\/kola-naukowe\\\/skn-ekonomistow-na-xi-targach-pracy-i-akademickich-dniach-nauki\\\/#respond\"]}]},{\"@type\":\"WebPage\",\"@id\":\"https:\\\/\\\/pans.krosno.pl\\\/kola-naukowe\\\/skn-ekonomistow-na-xi-targach-pracy-i-akademickich-dniach-nauki\\\/\",\"url\":\"https:\\\/\\\/pans.krosno.pl\\\/kola-naukowe\\\/skn-ekonomistow-na-xi-targach-pracy-i-akademickich-dniach-nauki\\\/\",\"name\":\"SKN Ekonomist\u00f3w na XI Targach Pracy i Akademickich Dniach Nauki - Studenckie Ko\u0142a Naukowe PANS w Kro\u015bnie\",\"isPartOf\":{\"@id\":\"https:\\\/\\\/pans.krosno.pl\\\/kola-naukowe\\\/#website\"},\"primaryImageOfPage\":{\"@id\":\"https:\\\/\\\/pans.krosno.pl\\\/kola-naukowe\\\/skn-ekonomistow-na-xi-targach-pracy-i-akademickich-dniach-nauki\\\/#primaryimage\"},\"image\":{\"@id\":\"https:\\\/\\\/pans.krosno.pl\\\/kola-naukowe\\\/skn-ekonomistow-na-xi-targach-pracy-i-akademickich-dniach-nauki\\\/#primaryimage\"},\"thumbnailUrl\":\"https:\\\/\\\/pans.krosno.pl\\\/kola-naukowe\\\/wp-content\\\/uploads\\\/sites\\\/48\\\/2024\\\/03\\\/kasa-rotated.jpg\",\"datePublished\":\"2024-03-11T19:07:37+00:00\",\"dateModified\":\"2024-03-20T19:09:29+00:00\",\"breadcrumb\":{\"@id\":\"https:\\\/\\\/pans.krosno.pl\\\/kola-naukowe\\\/skn-ekonomistow-na-xi-targach-pracy-i-akademickich-dniach-nauki\\\/#breadcrumb\"},\"inLanguage\":\"pl-PL\",\"potentialAction\":[{\"@type\":\"ReadAction\",\"target\":[\"https:\\\/\\\/pans.krosno.pl\\\/kola-naukowe\\\/skn-ekonomistow-na-xi-targach-pracy-i-akademickich-dniach-nauki\\\/\"]}]},{\"@type\":\"ImageObject\",\"inLanguage\":\"pl-PL\",\"@id\":\"https:\\\/\\\/pans.krosno.pl\\\/kola-naukowe\\\/skn-ekonomistow-na-xi-targach-pracy-i-akademickich-dniach-nauki\\\/#primaryimage\",\"url\":\"https:\\\/\\\/pans.krosno.pl\\\/kola-naukowe\\\/wp-content\\\/uploads\\\/sites\\\/48\\\/2024\\\/03\\\/kasa-rotated.jpg\",\"contentUrl\":\"https:\\\/\\\/pans.krosno.pl\\\/kola-naukowe\\\/wp-content\\\/uploads\\\/sites\\\/48\\\/2024\\\/03\\\/kasa-rotated.jpg\",\"width\":2000,\"height\":900},{\"@type\":\"BreadcrumbList\",\"@id\":\"https:\\\/\\\/pans.krosno.pl\\\/kola-naukowe\\\/skn-ekonomistow-na-xi-targach-pracy-i-akademickich-dniach-nauki\\\/#breadcrumb\",\"itemListElement\":[{\"@type\":\"ListItem\",\"position\":1,\"name\":\"Strona g\u0142\u00f3wna\",\"item\":\"https:\\\/\\\/pans.krosno.pl\\\/kola-naukowe\\\/\"},{\"@type\":\"ListItem\",\"position\":2,\"name\":\"SKN Ekonomist\u00f3w na XI Targach Pracy i Akademickich Dniach Nauki\"}]},{\"@type\":\"WebSite\",\"@id\":\"https:\\\/\\\/pans.krosno.pl\\\/kola-naukowe\\\/#website\",\"url\":\"https:\\\/\\\/pans.krosno.pl\\\/kola-naukowe\\\/\",\"name\":\"Studenckie Ko\u0142a Naukowe PANS w Kro\u015bnie\",\"description\":\"Studenckie Ko\u0142a Naukowe - Pa\u0144stwowa Akademia Nauk Stosowanych\",\"publisher\":{\"@id\":\"https:\\\/\\\/pans.krosno.pl\\\/kola-naukowe\\\/#organization\"},\"potentialAction\":[{\"@type\":\"SearchAction\",\"target\":{\"@type\":\"EntryPoint\",\"urlTemplate\":\"https:\\\/\\\/pans.krosno.pl\\\/kola-naukowe\\\/?s={search_term_string}\"},\"query-input\":{\"@type\":\"PropertyValueSpecification\",\"valueRequired\":true,\"valueName\":\"search_term_string\"}}],\"inLanguage\":\"pl-PL\"},{\"@type\":\"Organization\",\"@id\":\"https:\\\/\\\/pans.krosno.pl\\\/kola-naukowe\\\/#organization\",\"name\":\"Studenckie Ko\u0142a Naukowe PANS w Kro\u015bnie\",\"url\":\"https:\\\/\\\/pans.krosno.pl\\\/kola-naukowe\\\/\",\"logo\":{\"@type\":\"ImageObject\",\"inLanguage\":\"pl-PL\",\"@id\":\"https:\\\/\\\/pans.krosno.pl\\\/kola-naukowe\\\/#\\\/schema\\\/logo\\\/image\\\/\",\"url\":\"https:\\\/\\\/pans.krosno.pl\\\/kola-naukowe\\\/wp-content\\\/uploads\\\/sites\\\/48\\\/2023\\\/01\\\/Logo-PANS-2022-pelne.png\",\"contentUrl\":\"https:\\\/\\\/pans.krosno.pl\\\/kola-naukowe\\\/wp-content\\\/uploads\\\/sites\\\/48\\\/2023\\\/01\\\/Logo-PANS-2022-pelne.png\",\"width\":3096,\"height\":696,\"caption\":\"Studenckie Ko\u0142a Naukowe PANS w Kro\u015bnie\"},\"image\":{\"@id\":\"https:\\\/\\\/pans.krosno.pl\\\/kola-naukowe\\\/#\\\/schema\\\/logo\\\/image\\\/\"}},{\"@type\":\"Person\",\"@id\":\"https:\\\/\\\/pans.krosno.pl\\\/kola-naukowe\\\/#\\\/schema\\\/person\\\/5234d538b37281133cebfcf174124540\",\"name\":\"elzbietabragiel\",\"image\":{\"@type\":\"ImageObject\",\"inLanguage\":\"pl-PL\",\"@id\":\"https:\\\/\\\/secure.gravatar.com\\\/avatar\\\/bcc708f308dc4018a34d44dfaa286089751c22f62d1a00bda271b3333c84bc0b?s=96&d=mm&r=g\",\"url\":\"https:\\\/\\\/secure.gravatar.com\\\/avatar\\\/bcc708f308dc4018a34d44dfaa286089751c22f62d1a00bda271b3333c84bc0b?s=96&d=mm&r=g\",\"contentUrl\":\"https:\\\/\\\/secure.gravatar.com\\\/avatar\\\/bcc708f308dc4018a34d44dfaa286089751c22f62d1a00bda271b3333c84bc0b?s=96&d=mm&r=g\",\"caption\":\"elzbietabragiel\"},\"url\":\"https:\\\/\\\/pans.krosno.pl\\\/kola-naukowe\\\/author\\\/elzbietabragiel\\\/\"}]}<\/script>\n<!-- \/ Yoast SEO Premium plugin. -->","yoast_head_json":{"title":"SKN Ekonomist\u00f3w na XI Targach Pracy i Akademickich Dniach Nauki - Studenckie Ko\u0142a Naukowe PANS w Kro\u015bnie","robots":{"index":"index","follow":"follow","max-snippet":"max-snippet:-1","max-image-preview":"max-image-preview:large","max-video-preview":"max-video-preview:-1"},"canonical":"https:\/\/pans.krosno.pl\/kola-naukowe\/skn-ekonomistow-na-xi-targach-pracy-i-akademickich-dniach-nauki\/","og_locale":"pl_PL","og_type":"article","og_title":"SKN Ekonomist\u00f3w na XI Targach Pracy i Akademickich Dniach Nauki","og_description":"W dniu 8 marca 2024 roku w Kampusie Techniczno-Sportowym Pa\u0144stwowej Akademii Nauk Stosowanych w Kro\u015bnie odby\u0142y si\u0119 XI Targi Pracy oraz Akademicki Dzie\u0144 Nauki. Studenci ze Studenckiego Ko\u0142a Ekonomist\u00f3w przygotowali tak\u017ce stoisko pt. &#8222;Zgarnij kas\u0119&#8221;. By\u0142 konkurs wiedzy ekonomicznej, w kt\u00f3rym nagrodami by\u0142y s\u0142odkie banknoty euro. Mo\u017cna by\u0142o obejrze\u0107 kolekcje [\u2026] Read More","og_url":"https:\/\/pans.krosno.pl\/kola-naukowe\/skn-ekonomistow-na-xi-targach-pracy-i-akademickich-dniach-nauki\/","og_site_name":"Studenckie Ko\u0142a Naukowe PANS w Kro\u015bnie","article_published_time":"2024-03-11T19:07:37+00:00","article_modified_time":"2024-03-20T19:09:29+00:00","og_image":[{"width":2000,"height":900,"url":"https:\/\/pans.krosno.pl\/wp-content\/uploads\/sites\/48\/2024\/03\/kasa-rotated.jpg","type":"image\/jpeg"}],"author":"elzbietabragiel","twitter_card":"summary_large_image","twitter_misc":{"Napisane przez":"elzbietabragiel","Szacowany czas czytania":"2 minuty"},"schema":{"@context":"https:\/\/schema.org","@graph":[{"@type":"Article","@id":"https:\/\/pans.krosno.pl\/kola-naukowe\/skn-ekonomistow-na-xi-targach-pracy-i-akademickich-dniach-nauki\/#article","isPartOf":{"@id":"https:\/\/pans.krosno.pl\/kola-naukowe\/skn-ekonomistow-na-xi-targach-pracy-i-akademickich-dniach-nauki\/"},"author":{"name":"elzbietabragiel","@id":"https:\/\/pans.krosno.pl\/kola-naukowe\/#\/schema\/person\/5234d538b37281133cebfcf174124540"},"headline":"SKN Ekonomist\u00f3w na XI Targach Pracy i Akademickich Dniach Nauki","datePublished":"2024-03-11T19:07:37+00:00","dateModified":"2024-03-20T19:09:29+00:00","mainEntityOfPage":{"@id":"https:\/\/pans.krosno.pl\/kola-naukowe\/skn-ekonomistow-na-xi-targach-pracy-i-akademickich-dniach-nauki\/"},"wordCount":99,"commentCount":0,"publisher":{"@id":"https:\/\/pans.krosno.pl\/kola-naukowe\/#organization"},"image":{"@id":"https:\/\/pans.krosno.pl\/kola-naukowe\/skn-ekonomistow-na-xi-targach-pracy-i-akademickich-dniach-nauki\/#primaryimage"},"thumbnailUrl":"https:\/\/pans.krosno.pl\/kola-naukowe\/wp-content\/uploads\/sites\/48\/2024\/03\/kasa-rotated.jpg","articleSection":["Ekonomi\u015bci"],"inLanguage":"pl-PL","potentialAction":[{"@type":"CommentAction","name":"Comment","target":["https:\/\/pans.krosno.pl\/kola-naukowe\/skn-ekonomistow-na-xi-targach-pracy-i-akademickich-dniach-nauki\/#respond"]}]},{"@type":"WebPage","@id":"https:\/\/pans.krosno.pl\/kola-naukowe\/skn-ekonomistow-na-xi-targach-pracy-i-akademickich-dniach-nauki\/","url":"https:\/\/pans.krosno.pl\/kola-naukowe\/skn-ekonomistow-na-xi-targach-pracy-i-akademickich-dniach-nauki\/","name":"SKN Ekonomist\u00f3w na XI Targach Pracy i Akademickich Dniach Nauki - Studenckie Ko\u0142a Naukowe PANS w Kro\u015bnie","isPartOf":{"@id":"https:\/\/pans.krosno.pl\/kola-naukowe\/#website"},"primaryImageOfPage":{"@id":"https:\/\/pans.krosno.pl\/kola-naukowe\/skn-ekonomistow-na-xi-targach-pracy-i-akademickich-dniach-nauki\/#primaryimage"},"image":{"@id":"https:\/\/pans.krosno.pl\/kola-naukowe\/skn-ekonomistow-na-xi-targach-pracy-i-akademickich-dniach-nauki\/#primaryimage"},"thumbnailUrl":"https:\/\/pans.krosno.pl\/kola-naukowe\/wp-content\/uploads\/sites\/48\/2024\/03\/kasa-rotated.jpg","datePublished":"2024-03-11T19:07:37+00:00","dateModified":"2024-03-20T19:09:29+00:00","breadcrumb":{"@id":"https:\/\/pans.krosno.pl\/kola-naukowe\/skn-ekonomistow-na-xi-targach-pracy-i-akademickich-dniach-nauki\/#breadcrumb"},"inLanguage":"pl-PL","potentialAction":[{"@type":"ReadAction","target":["https:\/\/pans.krosno.pl\/kola-naukowe\/skn-ekonomistow-na-xi-targach-pracy-i-akademickich-dniach-nauki\/"]}]},{"@type":"ImageObject","inLanguage":"pl-PL","@id":"https:\/\/pans.krosno.pl\/kola-naukowe\/skn-ekonomistow-na-xi-targach-pracy-i-akademickich-dniach-nauki\/#primaryimage","url":"https:\/\/pans.krosno.pl\/kola-naukowe\/wp-content\/uploads\/sites\/48\/2024\/03\/kasa-rotated.jpg","contentUrl":"https:\/\/pans.krosno.pl\/kola-naukowe\/wp-content\/uploads\/sites\/48\/2024\/03\/kasa-rotated.jpg","width":2000,"height":900},{"@type":"BreadcrumbList","@id":"https:\/\/pans.krosno.pl\/kola-naukowe\/skn-ekonomistow-na-xi-targach-pracy-i-akademickich-dniach-nauki\/#breadcrumb","itemListElement":[{"@type":"ListItem","position":1,"name":"Strona g\u0142\u00f3wna","item":"https:\/\/pans.krosno.pl\/kola-naukowe\/"},{"@type":"ListItem","position":2,"name":"SKN Ekonomist\u00f3w na XI Targach Pracy i Akademickich Dniach Nauki"}]},{"@type":"WebSite","@id":"https:\/\/pans.krosno.pl\/kola-naukowe\/#website","url":"https:\/\/pans.krosno.pl\/kola-naukowe\/","name":"Studenckie Ko\u0142a Naukowe PANS w Kro\u015bnie","description":"Studenckie Ko\u0142a Naukowe - Pa\u0144stwowa Akademia Nauk Stosowanych","publisher":{"@id":"https:\/\/pans.krosno.pl\/kola-naukowe\/#organization"},"potentialAction":[{"@type":"SearchAction","target":{"@type":"EntryPoint","urlTemplate":"https:\/\/pans.krosno.pl\/kola-naukowe\/?s={search_term_string}"},"query-input":{"@type":"PropertyValueSpecification","valueRequired":true,"valueName":"search_term_string"}}],"inLanguage":"pl-PL"},{"@type":"Organization","@id":"https:\/\/pans.krosno.pl\/kola-naukowe\/#organization","name":"Studenckie Ko\u0142a Naukowe PANS w Kro\u015bnie","url":"https:\/\/pans.krosno.pl\/kola-naukowe\/","logo":{"@type":"ImageObject","inLanguage":"pl-PL","@id":"https:\/\/pans.krosno.pl\/kola-naukowe\/#\/schema\/logo\/image\/","url":"https:\/\/pans.krosno.pl\/kola-naukowe\/wp-content\/uploads\/sites\/48\/2023\/01\/Logo-PANS-2022-pelne.png","contentUrl":"https:\/\/pans.krosno.pl\/kola-naukowe\/wp-content\/uploads\/sites\/48\/2023\/01\/Logo-PANS-2022-pelne.png","width":3096,"height":696,"caption":"Studenckie Ko\u0142a Naukowe PANS w Kro\u015bnie"},"image":{"@id":"https:\/\/pans.krosno.pl\/kola-naukowe\/#\/schema\/logo\/image\/"}},{"@type":"Person","@id":"https:\/\/pans.krosno.pl\/kola-naukowe\/#\/schema\/person\/5234d538b37281133cebfcf174124540","name":"elzbietabragiel","image":{"@type":"ImageObject","inLanguage":"pl-PL","@id":"https:\/\/secure.gravatar.com\/avatar\/bcc708f308dc4018a34d44dfaa286089751c22f62d1a00bda271b3333c84bc0b?s=96&d=mm&r=g","url":"https:\/\/secure.gravatar.com\/avatar\/bcc708f308dc4018a34d44dfaa286089751c22f62d1a00bda271b3333c84bc0b?s=96&d=mm&r=g","contentUrl":"https:\/\/secure.gravatar.com\/avatar\/bcc708f308dc4018a34d44dfaa286089751c22f62d1a00bda271b3333c84bc0b?s=96&d=mm&r=g","caption":"elzbietabragiel"},"url":"https:\/\/pans.krosno.pl\/kola-naukowe\/author\/elzbietabragiel\/"}]}},"_links":{"self":[{"href":"https:\/\/pans.krosno.pl\/kola-naukowe\/wp-json\/wp\/v2\/posts\/6570","targetHints":{"allow":["GET"]}}],"collection":[{"href":"https:\/\/pans.krosno.pl\/kola-naukowe\/wp-json\/wp\/v2\/posts"}],"about":[{"href":"https:\/\/pans.krosno.pl\/kola-naukowe\/wp-json\/wp\/v2\/types\/post"}],"author":[{"embeddable":true,"href":"https:\/\/pans.krosno.pl\/kola-naukowe\/wp-json\/wp\/v2\/users\/17"}],"replies":[{"embeddable":true,"href":"https:\/\/pans.krosno.pl\/kola-naukowe\/wp-json\/wp\/v2\/comments?post=6570"}],"version-history":[{"count":2,"href":"https:\/\/pans.krosno.pl\/kola-naukowe\/wp-json\/wp\/v2\/posts\/6570\/revisions"}],"predecessor-version":[{"id":6575,"href":"https:\/\/pans.krosno.pl\/kola-naukowe\/wp-json\/wp\/v2\/posts\/6570\/revisions\/6575"}],"wp:featuredmedia":[{"embeddable":true,"href":"https:\/\/pans.krosno.pl\/kola-naukowe\/wp-json\/wp\/v2\/media\/6573"}],"wp:attachment":[{"href":"https:\/\/pans.krosno.pl\/kola-naukowe\/wp-json\/wp\/v2\/media?parent=6570"}],"wp:term":[{"taxonomy":"category","embeddable":true,"href":"https:\/\/pans.krosno.pl\/kola-naukowe\/wp-json\/wp\/v2\/categories?post=6570"},{"taxonomy":"post_tag","embeddable":true,"href":"https:\/\/pans.krosno.pl\/kola-naukowe\/wp-json\/wp\/v2\/tags?post=6570"}],"curies":[{"name":"wp","href":"https:\/\/api.w.org\/{rel}","templated":true}]}}