{"id":6206,"date":"2023-10-22T21:03:48","date_gmt":"2023-10-22T19:03:48","guid":{"rendered":"https:\/\/pans.krosno.pl\/kola-naukowe\/?p=6206"},"modified":"2023-10-22T21:05:01","modified_gmt":"2023-10-22T19:05:01","slug":"studentki-z-skn-ekonomistow-na-interdyscyplinarnej-konferencji-naukowej","status":"publish","type":"post","link":"https:\/\/pans.krosno.pl\/kola-naukowe\/studentki-z-skn-ekonomistow-na-interdyscyplinarnej-konferencji-naukowej\/","title":{"rendered":"Studentki z SKN Ekonomist\u00f3w na Interdyscyplinarnej Konferencji Naukowej"},"content":{"rendered":"<p><strong>Studentki ze Studenckiego Ko\u0142a Naukowego Ekonomist\u00f3<\/strong>w wzi\u0119\u0142y czynny udzia\u0142 w III Interdyscyplinarnej Konferencji Naukowej &#8222;Mi\u0142o\u015b\u0107, intymno\u015b\u0107, seksualno\u015b\u0107. Aspekty prawne, psychologiczne i spo\u0142eczne&#8221;. Konferencja organizowana by\u0142a przez Center for European Studies i Center for American Studies. Konferencja odby\u0142a si\u0119 14.X.2023r. w formie online na platformie Microsoft Teams.<\/p>\n<p>Sylwia Nowak i Natalia Baran przygotowa\u0142y wyst\u0105pienie pt. Intymno\u015b\u0107, a seksualno\u015b\u0107. Ekonomia mi\u0142o\u015bci. Jak zadowolenie w zwi\u0105zku mo\u017ce wp\u0142ywa\u0107 na wybory zakupowe? Zaprezentowany referat na konferencji by\u0142 przygotowany w oparciu o przeprowadzone badania w\u0142asne.<\/p>\n<p>Gratulujemy wyst\u0105pienia i ciekawych, odwa\u017cnych bada\u0144.<\/p>\n\n\n<div class=\"wp-block-columns is-layout-flex wp-container-core-columns-is-layout-28f84493 wp-block-columns-is-layout-flex\">\n<div class=\"wp-block-column is-layout-flow wp-block-column-is-layout-flow\">\n<figure class=\"wp-block-image size-large\"><img loading=\"lazy\" decoding=\"async\" width=\"768\" height=\"1024\" src=\"https:\/\/pans.krosno.pl\/kola-naukowe\/wp-content\/uploads\/sites\/48\/2023\/10\/image1-768x1024.jpeg\" alt=\"slajd tytu\u0142owy, tytu\u0142 wyst\u0105pienia, logo ko\u0142a, dwie splecione r\u0119ce jasna i ciemna karnacja\" class=\"wp-image-6207\" srcset=\"https:\/\/pans.krosno.pl\/kola-naukowe\/wp-content\/uploads\/sites\/48\/2023\/10\/image1-768x1024.jpeg 768w, https:\/\/pans.krosno.pl\/kola-naukowe\/wp-content\/uploads\/sites\/48\/2023\/10\/image1-225x300.jpeg 225w, https:\/\/pans.krosno.pl\/kola-naukowe\/wp-content\/uploads\/sites\/48\/2023\/10\/image1-1152x1536.jpeg 1152w, https:\/\/pans.krosno.pl\/kola-naukowe\/wp-content\/uploads\/sites\/48\/2023\/10\/image1-1536x2048.jpeg 1536w, https:\/\/pans.krosno.pl\/kola-naukowe\/wp-content\/uploads\/sites\/48\/2023\/10\/image1-2000x2667.jpeg 2000w, https:\/\/pans.krosno.pl\/kola-naukowe\/wp-content\/uploads\/sites\/48\/2023\/10\/image1-800x1067.jpeg 800w, https:\/\/pans.krosno.pl\/kola-naukowe\/wp-content\/uploads\/sites\/48\/2023\/10\/image1-580x773.jpeg 580w, https:\/\/pans.krosno.pl\/kola-naukowe\/wp-content\/uploads\/sites\/48\/2023\/10\/image1-scaled.jpeg 1920w\" sizes=\"auto, (max-width: 768px) 100vw, 768px\" \/><\/figure>\n<\/div>\n\n\n\n<div class=\"wp-block-column is-layout-flow wp-block-column-is-layout-flow\">\n<figure class=\"wp-block-image size-large\"><img loading=\"lazy\" decoding=\"async\" width=\"724\" height=\"1024\" src=\"https:\/\/pans.krosno.pl\/kola-naukowe\/wp-content\/uploads\/sites\/48\/2023\/10\/III-Interdyscyplinarna-Konferencja-Naukowa-Milosc-intymnosc-seksualnosc-Aspekty-prawne-psychologiczne-i-spoleczne_page-0002-724x1024.jpg\" alt=\"program konferencji panel II\" class=\"wp-image-6208\" srcset=\"https:\/\/pans.krosno.pl\/kola-naukowe\/wp-content\/uploads\/sites\/48\/2023\/10\/III-Interdyscyplinarna-Konferencja-Naukowa-Milosc-intymnosc-seksualnosc-Aspekty-prawne-psychologiczne-i-spoleczne_page-0002-724x1024.jpg 724w, https:\/\/pans.krosno.pl\/kola-naukowe\/wp-content\/uploads\/sites\/48\/2023\/10\/III-Interdyscyplinarna-Konferencja-Naukowa-Milosc-intymnosc-seksualnosc-Aspekty-prawne-psychologiczne-i-spoleczne_page-0002-212x300.jpg 212w, https:\/\/pans.krosno.pl\/kola-naukowe\/wp-content\/uploads\/sites\/48\/2023\/10\/III-Interdyscyplinarna-Konferencja-Naukowa-Milosc-intymnosc-seksualnosc-Aspekty-prawne-psychologiczne-i-spoleczne_page-0002-768x1087.jpg 768w, https:\/\/pans.krosno.pl\/kola-naukowe\/wp-content\/uploads\/sites\/48\/2023\/10\/III-Interdyscyplinarna-Konferencja-Naukowa-Milosc-intymnosc-seksualnosc-Aspekty-prawne-psychologiczne-i-spoleczne_page-0002-1085x1536.jpg 1085w, https:\/\/pans.krosno.pl\/kola-naukowe\/wp-content\/uploads\/sites\/48\/2023\/10\/III-Interdyscyplinarna-Konferencja-Naukowa-Milosc-intymnosc-seksualnosc-Aspekty-prawne-psychologiczne-i-spoleczne_page-0002-800x1132.jpg 800w, https:\/\/pans.krosno.pl\/kola-naukowe\/wp-content\/uploads\/sites\/48\/2023\/10\/III-Interdyscyplinarna-Konferencja-Naukowa-Milosc-intymnosc-seksualnosc-Aspekty-prawne-psychologiczne-i-spoleczne_page-0002-580x821.jpg 580w, https:\/\/pans.krosno.pl\/kola-naukowe\/wp-content\/uploads\/sites\/48\/2023\/10\/III-Interdyscyplinarna-Konferencja-Naukowa-Milosc-intymnosc-seksualnosc-Aspekty-prawne-psychologiczne-i-spoleczne_page-0002.jpg 1240w\" sizes=\"auto, (max-width: 724px) 100vw, 724px\" \/><\/figure>\n<\/div>\n\n\n\n<div class=\"wp-block-column is-layout-flow wp-block-column-is-layout-flow\">\n<figure class=\"wp-block-image size-large\"><img loading=\"lazy\" decoding=\"async\" width=\"1024\" height=\"724\" src=\"https:\/\/pans.krosno.pl\/kola-naukowe\/wp-content\/uploads\/sites\/48\/2023\/10\/393236852_169649492807024_6649598153590225010_n-1024x724.jpg\" alt=\"Certyfikat udzia\u0142u w konferencji\" class=\"wp-image-6209\" srcset=\"https:\/\/pans.krosno.pl\/kola-naukowe\/wp-content\/uploads\/sites\/48\/2023\/10\/393236852_169649492807024_6649598153590225010_n-1024x724.jpg 1024w, https:\/\/pans.krosno.pl\/kola-naukowe\/wp-content\/uploads\/sites\/48\/2023\/10\/393236852_169649492807024_6649598153590225010_n-300x212.jpg 300w, https:\/\/pans.krosno.pl\/kola-naukowe\/wp-content\/uploads\/sites\/48\/2023\/10\/393236852_169649492807024_6649598153590225010_n-768x543.jpg 768w, https:\/\/pans.krosno.pl\/kola-naukowe\/wp-content\/uploads\/sites\/48\/2023\/10\/393236852_169649492807024_6649598153590225010_n-1536x1086.jpg 1536w, https:\/\/pans.krosno.pl\/kola-naukowe\/wp-content\/uploads\/sites\/48\/2023\/10\/393236852_169649492807024_6649598153590225010_n-800x566.jpg 800w, https:\/\/pans.krosno.pl\/kola-naukowe\/wp-content\/uploads\/sites\/48\/2023\/10\/393236852_169649492807024_6649598153590225010_n-580x410.jpg 580w, https:\/\/pans.krosno.pl\/kola-naukowe\/wp-content\/uploads\/sites\/48\/2023\/10\/393236852_169649492807024_6649598153590225010_n.jpg 2000w\" sizes=\"auto, (max-width: 1024px) 100vw, 1024px\" \/><\/figure>\n<\/div>\n<\/div>\n","protected":false},"excerpt":{"rendered":"<p>Studentki ze Studenckiego Ko\u0142a Naukowego Ekonomist\u00f3w wzi\u0119\u0142y czynny udzia\u0142 w III Interdyscyplinarnej Konferencji Naukowej &#8222;Mi\u0142o\u015b\u0107, intymno\u015b\u0107, seksualno\u015b\u0107. Aspekty prawne, psychologiczne i spo\u0142eczne&#8221;. Konferencja organizowana by\u0142a przez Center for European Studies i Center for American Studies. Konferencja odby\u0142a si\u0119 14.X.2023r. w formie online na platformie Microsoft Teams. Sylwia Nowak i Natalia [\u2026] <\/p>\n<div class=\"clear\"><\/div>\n<p><a class=\"more_link clearfix\" href=\"https:\/\/pans.krosno.pl\/kola-naukowe\/studentki-z-skn-ekonomistow-na-interdyscyplinarnej-konferencji-naukowej\/\" rel=\"nofollow\">Read More<\/a><\/p>\n","protected":false},"author":17,"featured_media":6209,"comment_status":"open","ping_status":"open","sticky":false,"template":"","format":"standard","meta":{"ngg_post_thumbnail":0,"footnotes":""},"categories":[2],"tags":[],"class_list":["post-6206","post","type-post","status-publish","format-standard","has-post-thumbnail","hentry","category-ekonomisci"],"yoast_head":"<!-- This site is optimized with the Yoast SEO Premium plugin v27.4 (Yoast SEO v27.4) - https:\/\/yoast.com\/product\/yoast-seo-premium-wordpress\/ -->\n<title>Studentki z SKN Ekonomist\u00f3w na Interdyscyplinarnej Konferencji Naukowej - Studenckie Ko\u0142a Naukowe PANS w Kro\u015bnie<\/title>\n<meta name=\"robots\" content=\"index, follow, max-snippet:-1, max-image-preview:large, max-video-preview:-1\" \/>\n<link rel=\"canonical\" href=\"https:\/\/pans.krosno.pl\/kola-naukowe\/studentki-z-skn-ekonomistow-na-interdyscyplinarnej-konferencji-naukowej\/\" \/>\n<meta property=\"og:locale\" content=\"pl_PL\" \/>\n<meta property=\"og:type\" content=\"article\" \/>\n<meta property=\"og:title\" content=\"Studentki z SKN Ekonomist\u00f3w na Interdyscyplinarnej Konferencji Naukowej\" \/>\n<meta property=\"og:description\" content=\"Studentki ze Studenckiego Ko\u0142a Naukowego Ekonomist\u00f3w wzi\u0119\u0142y czynny udzia\u0142 w III Interdyscyplinarnej Konferencji Naukowej &#8222;Mi\u0142o\u015b\u0107, intymno\u015b\u0107, seksualno\u015b\u0107. Aspekty prawne, psychologiczne i spo\u0142eczne&#8221;. Konferencja organizowana by\u0142a przez Center for European Studies i Center for American Studies. Konferencja odby\u0142a si\u0119 14.X.2023r. w formie online na platformie Microsoft Teams. Sylwia Nowak i Natalia [\u2026] Read More\" \/>\n<meta property=\"og:url\" content=\"https:\/\/pans.krosno.pl\/kola-naukowe\/studentki-z-skn-ekonomistow-na-interdyscyplinarnej-konferencji-naukowej\/\" \/>\n<meta property=\"og:site_name\" content=\"Studenckie Ko\u0142a Naukowe PANS w Kro\u015bnie\" \/>\n<meta property=\"article:published_time\" content=\"2023-10-22T19:03:48+00:00\" \/>\n<meta property=\"article:modified_time\" content=\"2023-10-22T19:05:01+00:00\" \/>\n<meta property=\"og:image\" content=\"https:\/\/pans.krosno.pl\/wp-content\/uploads\/sites\/48\/2023\/10\/393236852_169649492807024_6649598153590225010_n.jpg\" \/>\n\t<meta property=\"og:image:width\" content=\"2000\" \/>\n\t<meta property=\"og:image:height\" content=\"1414\" \/>\n\t<meta property=\"og:image:type\" content=\"image\/jpeg\" \/>\n<meta name=\"author\" content=\"elzbietabragiel\" \/>\n<meta name=\"twitter:card\" content=\"summary_large_image\" \/>\n<meta name=\"twitter:label1\" content=\"Napisane przez\" \/>\n\t<meta name=\"twitter:data1\" content=\"elzbietabragiel\" \/>\n\t<meta name=\"twitter:label2\" content=\"Szacowany czas czytania\" \/>\n\t<meta name=\"twitter:data2\" content=\"2 minuty\" \/>\n<script type=\"application\/ld+json\" class=\"yoast-schema-graph\">{\"@context\":\"https:\\\/\\\/schema.org\",\"@graph\":[{\"@type\":\"Article\",\"@id\":\"https:\\\/\\\/pans.krosno.pl\\\/kola-naukowe\\\/studentki-z-skn-ekonomistow-na-interdyscyplinarnej-konferencji-naukowej\\\/#article\",\"isPartOf\":{\"@id\":\"https:\\\/\\\/pans.krosno.pl\\\/kola-naukowe\\\/studentki-z-skn-ekonomistow-na-interdyscyplinarnej-konferencji-naukowej\\\/\"},\"author\":{\"name\":\"elzbietabragiel\",\"@id\":\"https:\\\/\\\/pans.krosno.pl\\\/kola-naukowe\\\/#\\\/schema\\\/person\\\/5234d538b37281133cebfcf174124540\"},\"headline\":\"Studentki z SKN Ekonomist\u00f3w na Interdyscyplinarnej Konferencji Naukowej\",\"datePublished\":\"2023-10-22T19:03:48+00:00\",\"dateModified\":\"2023-10-22T19:05:01+00:00\",\"mainEntityOfPage\":{\"@id\":\"https:\\\/\\\/pans.krosno.pl\\\/kola-naukowe\\\/studentki-z-skn-ekonomistow-na-interdyscyplinarnej-konferencji-naukowej\\\/\"},\"wordCount\":113,\"commentCount\":0,\"publisher\":{\"@id\":\"https:\\\/\\\/pans.krosno.pl\\\/kola-naukowe\\\/#organization\"},\"image\":{\"@id\":\"https:\\\/\\\/pans.krosno.pl\\\/kola-naukowe\\\/studentki-z-skn-ekonomistow-na-interdyscyplinarnej-konferencji-naukowej\\\/#primaryimage\"},\"thumbnailUrl\":\"https:\\\/\\\/pans.krosno.pl\\\/kola-naukowe\\\/wp-content\\\/uploads\\\/sites\\\/48\\\/2023\\\/10\\\/393236852_169649492807024_6649598153590225010_n.jpg\",\"articleSection\":[\"Ekonomi\u015bci\"],\"inLanguage\":\"pl-PL\",\"potentialAction\":[{\"@type\":\"CommentAction\",\"name\":\"Comment\",\"target\":[\"https:\\\/\\\/pans.krosno.pl\\\/kola-naukowe\\\/studentki-z-skn-ekonomistow-na-interdyscyplinarnej-konferencji-naukowej\\\/#respond\"]}]},{\"@type\":\"WebPage\",\"@id\":\"https:\\\/\\\/pans.krosno.pl\\\/kola-naukowe\\\/studentki-z-skn-ekonomistow-na-interdyscyplinarnej-konferencji-naukowej\\\/\",\"url\":\"https:\\\/\\\/pans.krosno.pl\\\/kola-naukowe\\\/studentki-z-skn-ekonomistow-na-interdyscyplinarnej-konferencji-naukowej\\\/\",\"name\":\"Studentki z SKN Ekonomist\u00f3w na Interdyscyplinarnej Konferencji Naukowej - Studenckie Ko\u0142a Naukowe PANS w Kro\u015bnie\",\"isPartOf\":{\"@id\":\"https:\\\/\\\/pans.krosno.pl\\\/kola-naukowe\\\/#website\"},\"primaryImageOfPage\":{\"@id\":\"https:\\\/\\\/pans.krosno.pl\\\/kola-naukowe\\\/studentki-z-skn-ekonomistow-na-interdyscyplinarnej-konferencji-naukowej\\\/#primaryimage\"},\"image\":{\"@id\":\"https:\\\/\\\/pans.krosno.pl\\\/kola-naukowe\\\/studentki-z-skn-ekonomistow-na-interdyscyplinarnej-konferencji-naukowej\\\/#primaryimage\"},\"thumbnailUrl\":\"https:\\\/\\\/pans.krosno.pl\\\/kola-naukowe\\\/wp-content\\\/uploads\\\/sites\\\/48\\\/2023\\\/10\\\/393236852_169649492807024_6649598153590225010_n.jpg\",\"datePublished\":\"2023-10-22T19:03:48+00:00\",\"dateModified\":\"2023-10-22T19:05:01+00:00\",\"breadcrumb\":{\"@id\":\"https:\\\/\\\/pans.krosno.pl\\\/kola-naukowe\\\/studentki-z-skn-ekonomistow-na-interdyscyplinarnej-konferencji-naukowej\\\/#breadcrumb\"},\"inLanguage\":\"pl-PL\",\"potentialAction\":[{\"@type\":\"ReadAction\",\"target\":[\"https:\\\/\\\/pans.krosno.pl\\\/kola-naukowe\\\/studentki-z-skn-ekonomistow-na-interdyscyplinarnej-konferencji-naukowej\\\/\"]}]},{\"@type\":\"ImageObject\",\"inLanguage\":\"pl-PL\",\"@id\":\"https:\\\/\\\/pans.krosno.pl\\\/kola-naukowe\\\/studentki-z-skn-ekonomistow-na-interdyscyplinarnej-konferencji-naukowej\\\/#primaryimage\",\"url\":\"https:\\\/\\\/pans.krosno.pl\\\/kola-naukowe\\\/wp-content\\\/uploads\\\/sites\\\/48\\\/2023\\\/10\\\/393236852_169649492807024_6649598153590225010_n.jpg\",\"contentUrl\":\"https:\\\/\\\/pans.krosno.pl\\\/kola-naukowe\\\/wp-content\\\/uploads\\\/sites\\\/48\\\/2023\\\/10\\\/393236852_169649492807024_6649598153590225010_n.jpg\",\"width\":2000,\"height\":1414},{\"@type\":\"BreadcrumbList\",\"@id\":\"https:\\\/\\\/pans.krosno.pl\\\/kola-naukowe\\\/studentki-z-skn-ekonomistow-na-interdyscyplinarnej-konferencji-naukowej\\\/#breadcrumb\",\"itemListElement\":[{\"@type\":\"ListItem\",\"position\":1,\"name\":\"Strona g\u0142\u00f3wna\",\"item\":\"https:\\\/\\\/pans.krosno.pl\\\/kola-naukowe\\\/\"},{\"@type\":\"ListItem\",\"position\":2,\"name\":\"Studentki z SKN Ekonomist\u00f3w na Interdyscyplinarnej Konferencji Naukowej\"}]},{\"@type\":\"WebSite\",\"@id\":\"https:\\\/\\\/pans.krosno.pl\\\/kola-naukowe\\\/#website\",\"url\":\"https:\\\/\\\/pans.krosno.pl\\\/kola-naukowe\\\/\",\"name\":\"Studenckie Ko\u0142a Naukowe PANS w Kro\u015bnie\",\"description\":\"Studenckie Ko\u0142a Naukowe - Pa\u0144stwowa Akademia Nauk Stosowanych\",\"publisher\":{\"@id\":\"https:\\\/\\\/pans.krosno.pl\\\/kola-naukowe\\\/#organization\"},\"potentialAction\":[{\"@type\":\"SearchAction\",\"target\":{\"@type\":\"EntryPoint\",\"urlTemplate\":\"https:\\\/\\\/pans.krosno.pl\\\/kola-naukowe\\\/?s={search_term_string}\"},\"query-input\":{\"@type\":\"PropertyValueSpecification\",\"valueRequired\":true,\"valueName\":\"search_term_string\"}}],\"inLanguage\":\"pl-PL\"},{\"@type\":\"Organization\",\"@id\":\"https:\\\/\\\/pans.krosno.pl\\\/kola-naukowe\\\/#organization\",\"name\":\"Studenckie Ko\u0142a Naukowe PANS w Kro\u015bnie\",\"url\":\"https:\\\/\\\/pans.krosno.pl\\\/kola-naukowe\\\/\",\"logo\":{\"@type\":\"ImageObject\",\"inLanguage\":\"pl-PL\",\"@id\":\"https:\\\/\\\/pans.krosno.pl\\\/kola-naukowe\\\/#\\\/schema\\\/logo\\\/image\\\/\",\"url\":\"https:\\\/\\\/pans.krosno.pl\\\/kola-naukowe\\\/wp-content\\\/uploads\\\/sites\\\/48\\\/2023\\\/01\\\/Logo-PANS-2022-pelne.png\",\"contentUrl\":\"https:\\\/\\\/pans.krosno.pl\\\/kola-naukowe\\\/wp-content\\\/uploads\\\/sites\\\/48\\\/2023\\\/01\\\/Logo-PANS-2022-pelne.png\",\"width\":3096,\"height\":696,\"caption\":\"Studenckie Ko\u0142a Naukowe PANS w Kro\u015bnie\"},\"image\":{\"@id\":\"https:\\\/\\\/pans.krosno.pl\\\/kola-naukowe\\\/#\\\/schema\\\/logo\\\/image\\\/\"}},{\"@type\":\"Person\",\"@id\":\"https:\\\/\\\/pans.krosno.pl\\\/kola-naukowe\\\/#\\\/schema\\\/person\\\/5234d538b37281133cebfcf174124540\",\"name\":\"elzbietabragiel\",\"image\":{\"@type\":\"ImageObject\",\"inLanguage\":\"pl-PL\",\"@id\":\"https:\\\/\\\/secure.gravatar.com\\\/avatar\\\/bcc708f308dc4018a34d44dfaa286089751c22f62d1a00bda271b3333c84bc0b?s=96&d=mm&r=g\",\"url\":\"https:\\\/\\\/secure.gravatar.com\\\/avatar\\\/bcc708f308dc4018a34d44dfaa286089751c22f62d1a00bda271b3333c84bc0b?s=96&d=mm&r=g\",\"contentUrl\":\"https:\\\/\\\/secure.gravatar.com\\\/avatar\\\/bcc708f308dc4018a34d44dfaa286089751c22f62d1a00bda271b3333c84bc0b?s=96&d=mm&r=g\",\"caption\":\"elzbietabragiel\"},\"url\":\"https:\\\/\\\/pans.krosno.pl\\\/kola-naukowe\\\/author\\\/elzbietabragiel\\\/\"}]}<\/script>\n<!-- \/ Yoast SEO Premium plugin. -->","yoast_head_json":{"title":"Studentki z SKN Ekonomist\u00f3w na Interdyscyplinarnej Konferencji Naukowej - Studenckie Ko\u0142a Naukowe PANS w Kro\u015bnie","robots":{"index":"index","follow":"follow","max-snippet":"max-snippet:-1","max-image-preview":"max-image-preview:large","max-video-preview":"max-video-preview:-1"},"canonical":"https:\/\/pans.krosno.pl\/kola-naukowe\/studentki-z-skn-ekonomistow-na-interdyscyplinarnej-konferencji-naukowej\/","og_locale":"pl_PL","og_type":"article","og_title":"Studentki z SKN Ekonomist\u00f3w na Interdyscyplinarnej Konferencji Naukowej","og_description":"Studentki ze Studenckiego Ko\u0142a Naukowego Ekonomist\u00f3w wzi\u0119\u0142y czynny udzia\u0142 w III Interdyscyplinarnej Konferencji Naukowej &#8222;Mi\u0142o\u015b\u0107, intymno\u015b\u0107, seksualno\u015b\u0107. Aspekty prawne, psychologiczne i spo\u0142eczne&#8221;. Konferencja organizowana by\u0142a przez Center for European Studies i Center for American Studies. Konferencja odby\u0142a si\u0119 14.X.2023r. w formie online na platformie Microsoft Teams. Sylwia Nowak i Natalia [\u2026] Read More","og_url":"https:\/\/pans.krosno.pl\/kola-naukowe\/studentki-z-skn-ekonomistow-na-interdyscyplinarnej-konferencji-naukowej\/","og_site_name":"Studenckie Ko\u0142a Naukowe PANS w Kro\u015bnie","article_published_time":"2023-10-22T19:03:48+00:00","article_modified_time":"2023-10-22T19:05:01+00:00","og_image":[{"width":2000,"height":1414,"url":"https:\/\/pans.krosno.pl\/wp-content\/uploads\/sites\/48\/2023\/10\/393236852_169649492807024_6649598153590225010_n.jpg","type":"image\/jpeg"}],"author":"elzbietabragiel","twitter_card":"summary_large_image","twitter_misc":{"Napisane przez":"elzbietabragiel","Szacowany czas czytania":"2 minuty"},"schema":{"@context":"https:\/\/schema.org","@graph":[{"@type":"Article","@id":"https:\/\/pans.krosno.pl\/kola-naukowe\/studentki-z-skn-ekonomistow-na-interdyscyplinarnej-konferencji-naukowej\/#article","isPartOf":{"@id":"https:\/\/pans.krosno.pl\/kola-naukowe\/studentki-z-skn-ekonomistow-na-interdyscyplinarnej-konferencji-naukowej\/"},"author":{"name":"elzbietabragiel","@id":"https:\/\/pans.krosno.pl\/kola-naukowe\/#\/schema\/person\/5234d538b37281133cebfcf174124540"},"headline":"Studentki z SKN Ekonomist\u00f3w na Interdyscyplinarnej Konferencji Naukowej","datePublished":"2023-10-22T19:03:48+00:00","dateModified":"2023-10-22T19:05:01+00:00","mainEntityOfPage":{"@id":"https:\/\/pans.krosno.pl\/kola-naukowe\/studentki-z-skn-ekonomistow-na-interdyscyplinarnej-konferencji-naukowej\/"},"wordCount":113,"commentCount":0,"publisher":{"@id":"https:\/\/pans.krosno.pl\/kola-naukowe\/#organization"},"image":{"@id":"https:\/\/pans.krosno.pl\/kola-naukowe\/studentki-z-skn-ekonomistow-na-interdyscyplinarnej-konferencji-naukowej\/#primaryimage"},"thumbnailUrl":"https:\/\/pans.krosno.pl\/kola-naukowe\/wp-content\/uploads\/sites\/48\/2023\/10\/393236852_169649492807024_6649598153590225010_n.jpg","articleSection":["Ekonomi\u015bci"],"inLanguage":"pl-PL","potentialAction":[{"@type":"CommentAction","name":"Comment","target":["https:\/\/pans.krosno.pl\/kola-naukowe\/studentki-z-skn-ekonomistow-na-interdyscyplinarnej-konferencji-naukowej\/#respond"]}]},{"@type":"WebPage","@id":"https:\/\/pans.krosno.pl\/kola-naukowe\/studentki-z-skn-ekonomistow-na-interdyscyplinarnej-konferencji-naukowej\/","url":"https:\/\/pans.krosno.pl\/kola-naukowe\/studentki-z-skn-ekonomistow-na-interdyscyplinarnej-konferencji-naukowej\/","name":"Studentki z SKN Ekonomist\u00f3w na Interdyscyplinarnej Konferencji Naukowej - Studenckie Ko\u0142a Naukowe PANS w Kro\u015bnie","isPartOf":{"@id":"https:\/\/pans.krosno.pl\/kola-naukowe\/#website"},"primaryImageOfPage":{"@id":"https:\/\/pans.krosno.pl\/kola-naukowe\/studentki-z-skn-ekonomistow-na-interdyscyplinarnej-konferencji-naukowej\/#primaryimage"},"image":{"@id":"https:\/\/pans.krosno.pl\/kola-naukowe\/studentki-z-skn-ekonomistow-na-interdyscyplinarnej-konferencji-naukowej\/#primaryimage"},"thumbnailUrl":"https:\/\/pans.krosno.pl\/kola-naukowe\/wp-content\/uploads\/sites\/48\/2023\/10\/393236852_169649492807024_6649598153590225010_n.jpg","datePublished":"2023-10-22T19:03:48+00:00","dateModified":"2023-10-22T19:05:01+00:00","breadcrumb":{"@id":"https:\/\/pans.krosno.pl\/kola-naukowe\/studentki-z-skn-ekonomistow-na-interdyscyplinarnej-konferencji-naukowej\/#breadcrumb"},"inLanguage":"pl-PL","potentialAction":[{"@type":"ReadAction","target":["https:\/\/pans.krosno.pl\/kola-naukowe\/studentki-z-skn-ekonomistow-na-interdyscyplinarnej-konferencji-naukowej\/"]}]},{"@type":"ImageObject","inLanguage":"pl-PL","@id":"https:\/\/pans.krosno.pl\/kola-naukowe\/studentki-z-skn-ekonomistow-na-interdyscyplinarnej-konferencji-naukowej\/#primaryimage","url":"https:\/\/pans.krosno.pl\/kola-naukowe\/wp-content\/uploads\/sites\/48\/2023\/10\/393236852_169649492807024_6649598153590225010_n.jpg","contentUrl":"https:\/\/pans.krosno.pl\/kola-naukowe\/wp-content\/uploads\/sites\/48\/2023\/10\/393236852_169649492807024_6649598153590225010_n.jpg","width":2000,"height":1414},{"@type":"BreadcrumbList","@id":"https:\/\/pans.krosno.pl\/kola-naukowe\/studentki-z-skn-ekonomistow-na-interdyscyplinarnej-konferencji-naukowej\/#breadcrumb","itemListElement":[{"@type":"ListItem","position":1,"name":"Strona g\u0142\u00f3wna","item":"https:\/\/pans.krosno.pl\/kola-naukowe\/"},{"@type":"ListItem","position":2,"name":"Studentki z SKN Ekonomist\u00f3w na Interdyscyplinarnej Konferencji Naukowej"}]},{"@type":"WebSite","@id":"https:\/\/pans.krosno.pl\/kola-naukowe\/#website","url":"https:\/\/pans.krosno.pl\/kola-naukowe\/","name":"Studenckie Ko\u0142a Naukowe PANS w Kro\u015bnie","description":"Studenckie Ko\u0142a Naukowe - Pa\u0144stwowa Akademia Nauk Stosowanych","publisher":{"@id":"https:\/\/pans.krosno.pl\/kola-naukowe\/#organization"},"potentialAction":[{"@type":"SearchAction","target":{"@type":"EntryPoint","urlTemplate":"https:\/\/pans.krosno.pl\/kola-naukowe\/?s={search_term_string}"},"query-input":{"@type":"PropertyValueSpecification","valueRequired":true,"valueName":"search_term_string"}}],"inLanguage":"pl-PL"},{"@type":"Organization","@id":"https:\/\/pans.krosno.pl\/kola-naukowe\/#organization","name":"Studenckie Ko\u0142a Naukowe PANS w Kro\u015bnie","url":"https:\/\/pans.krosno.pl\/kola-naukowe\/","logo":{"@type":"ImageObject","inLanguage":"pl-PL","@id":"https:\/\/pans.krosno.pl\/kola-naukowe\/#\/schema\/logo\/image\/","url":"https:\/\/pans.krosno.pl\/kola-naukowe\/wp-content\/uploads\/sites\/48\/2023\/01\/Logo-PANS-2022-pelne.png","contentUrl":"https:\/\/pans.krosno.pl\/kola-naukowe\/wp-content\/uploads\/sites\/48\/2023\/01\/Logo-PANS-2022-pelne.png","width":3096,"height":696,"caption":"Studenckie Ko\u0142a Naukowe PANS w Kro\u015bnie"},"image":{"@id":"https:\/\/pans.krosno.pl\/kola-naukowe\/#\/schema\/logo\/image\/"}},{"@type":"Person","@id":"https:\/\/pans.krosno.pl\/kola-naukowe\/#\/schema\/person\/5234d538b37281133cebfcf174124540","name":"elzbietabragiel","image":{"@type":"ImageObject","inLanguage":"pl-PL","@id":"https:\/\/secure.gravatar.com\/avatar\/bcc708f308dc4018a34d44dfaa286089751c22f62d1a00bda271b3333c84bc0b?s=96&d=mm&r=g","url":"https:\/\/secure.gravatar.com\/avatar\/bcc708f308dc4018a34d44dfaa286089751c22f62d1a00bda271b3333c84bc0b?s=96&d=mm&r=g","contentUrl":"https:\/\/secure.gravatar.com\/avatar\/bcc708f308dc4018a34d44dfaa286089751c22f62d1a00bda271b3333c84bc0b?s=96&d=mm&r=g","caption":"elzbietabragiel"},"url":"https:\/\/pans.krosno.pl\/kola-naukowe\/author\/elzbietabragiel\/"}]}},"_links":{"self":[{"href":"https:\/\/pans.krosno.pl\/kola-naukowe\/wp-json\/wp\/v2\/posts\/6206","targetHints":{"allow":["GET"]}}],"collection":[{"href":"https:\/\/pans.krosno.pl\/kola-naukowe\/wp-json\/wp\/v2\/posts"}],"about":[{"href":"https:\/\/pans.krosno.pl\/kola-naukowe\/wp-json\/wp\/v2\/types\/post"}],"author":[{"embeddable":true,"href":"https:\/\/pans.krosno.pl\/kola-naukowe\/wp-json\/wp\/v2\/users\/17"}],"replies":[{"embeddable":true,"href":"https:\/\/pans.krosno.pl\/kola-naukowe\/wp-json\/wp\/v2\/comments?post=6206"}],"version-history":[{"count":2,"href":"https:\/\/pans.krosno.pl\/kola-naukowe\/wp-json\/wp\/v2\/posts\/6206\/revisions"}],"predecessor-version":[{"id":6211,"href":"https:\/\/pans.krosno.pl\/kola-naukowe\/wp-json\/wp\/v2\/posts\/6206\/revisions\/6211"}],"wp:featuredmedia":[{"embeddable":true,"href":"https:\/\/pans.krosno.pl\/kola-naukowe\/wp-json\/wp\/v2\/media\/6209"}],"wp:attachment":[{"href":"https:\/\/pans.krosno.pl\/kola-naukowe\/wp-json\/wp\/v2\/media?parent=6206"}],"wp:term":[{"taxonomy":"category","embeddable":true,"href":"https:\/\/pans.krosno.pl\/kola-naukowe\/wp-json\/wp\/v2\/categories?post=6206"},{"taxonomy":"post_tag","embeddable":true,"href":"https:\/\/pans.krosno.pl\/kola-naukowe\/wp-json\/wp\/v2\/tags?post=6206"}],"curies":[{"name":"wp","href":"https:\/\/api.w.org\/{rel}","templated":true}]}}