{"id":6064,"date":"2023-05-19T11:38:45","date_gmt":"2023-05-19T09:38:45","guid":{"rendered":"https:\/\/pans.krosno.pl\/kola-naukowe\/?p=6064"},"modified":"2023-05-29T10:20:15","modified_gmt":"2023-05-29T08:20:15","slug":"vi-ogolnopolska-konferencja-studenckich-kol-naukowych-badania-innowacje-i-pasje-z-perspektywy-mlodego-naukowca","status":"publish","type":"post","link":"https:\/\/pans.krosno.pl\/kola-naukowe\/vi-ogolnopolska-konferencja-studenckich-kol-naukowych-badania-innowacje-i-pasje-z-perspektywy-mlodego-naukowca\/","title":{"rendered":"SKN Ekonomist\u00f3w i VI Og\u00f3lnopolska Konferencja Studenckich K\u00f3\u0142 Naukowych:\u00a0Badania, innowacje i pasje z perspektywy m\u0142odego naukowca"},"content":{"rendered":"<p><span style=\"font-family: 'Arial','sans-serif'\">18 maja 2023 roku w Pa\u0144stwowej Akademii Nauk Stosowanych w Kro\u015bnie odby\u0142a si\u0119 VI Og\u00f3lnopolska Konferencja Studenckich K\u00f3\u0142 Naukowych:&nbsp;<em><b>Badania, innowacje i pasje z perspektywy m\u0142odego naukowca.<\/b><\/em><\/span><\/p>\n<p><span style=\"font-family: 'Arial','sans-serif'\">Celem konferencji by\u0142a wymiana wiedzy i do\u015bwiadcze\u0144 zdobytych podczas wielokierunkowych bada\u0144 prowadzonych przez student\u00f3w w r\u00f3\u017cnych dziedzinach nauki, jak r\u00f3wnie\u017c kreowanie inicjatyw w zakresie poszukiwania innowacyjnych rozwi\u0105za\u0144 maj\u0105cych na celu wsparcie gospodarki i przemys\u0142u. <\/span><\/p>\n<p><span style=\"font-family: 'Arial','sans-serif'\">Wysoki poziom i r\u00f3\u017cnorodna tematyka konferencji stworzy znakomit\u0105 p\u0142aszczyzn\u0119 do przedstawienia naukowych pasji student\u00f3w, jak r\u00f3wnie\u017c by\u0142y okazj\u0105 do wymiany do\u015bwiadcze\u0144 oraz zaprezentowania umiej\u0119tno\u015bci relacjonowania wynik\u00f3w prowadzonych przez student\u00f3w bada\u0144.<\/span><\/p>\n\n\n<figure class=\"wp-block-image size-large\"><img loading=\"lazy\" decoding=\"async\" width=\"1024\" height=\"528\" src=\"https:\/\/pans.krosno.pl\/kola-naukowe\/wp-content\/uploads\/sites\/48\/2023\/05\/komisja-1024x528.png\" alt=\"\" class=\"wp-image-6065\" srcset=\"https:\/\/pans.krosno.pl\/kola-naukowe\/wp-content\/uploads\/sites\/48\/2023\/05\/komisja-1024x528.png 1024w, https:\/\/pans.krosno.pl\/kola-naukowe\/wp-content\/uploads\/sites\/48\/2023\/05\/komisja-300x155.png 300w, https:\/\/pans.krosno.pl\/kola-naukowe\/wp-content\/uploads\/sites\/48\/2023\/05\/komisja-768x396.png 768w, https:\/\/pans.krosno.pl\/kola-naukowe\/wp-content\/uploads\/sites\/48\/2023\/05\/komisja-800x413.png 800w, https:\/\/pans.krosno.pl\/kola-naukowe\/wp-content\/uploads\/sites\/48\/2023\/05\/komisja-580x299.png 580w, https:\/\/pans.krosno.pl\/kola-naukowe\/wp-content\/uploads\/sites\/48\/2023\/05\/komisja.png 1366w\" sizes=\"auto, (max-width: 1024px) 100vw, 1024px\" \/><figcaption class=\"wp-element-caption\"><em>Rozpocz\u0119cie konferencji przez Pana dr Krzysztofa Fraczka, Prorektora ds. studi\u00f3w, Pani\u0105 dr Renat\u0119 Dziubaszewsk\u0105 \u2013 przewodnicz\u0105c\u0105 komitetu organizacyjnego i dr in\u017c. Ma\u0142gorzat\u0119 G\u00f3rka<\/em><\/figcaption><\/figure>\n\n\n<p>Swoje wyniki bada\u0144 podczas wyst\u0105pie\u0144 na konferencji zaprezentowali r\u00f3wnie\u017c studenci zrzeszeni w SKN Ekonomist\u00f3w.<\/p>\n<ol>\n<li>Wie\u017ce widokowe w Polsce \u2013 ciekawe miejsca z pi\u0119kn\u0105 panoram\u0105 \u2013 Dominika Bielec.<\/li>\n<li>Innowacyjne rozwi\u0105zania sprzeda\u017cowe stosowane w punktach gastronomicznych \u2013 Angelika Kubit, Magdalena Socha.<\/li>\n<li>Badanie skuteczno\u015bci wdro\u017cenia system\u00f3w wizyjnych w przedsi\u0119biorstwie z bran\u017cy motoryzacyjnej \u2013 Katarzyna W\u00f3jcik-Pa\u0142ka, Angelika Misztak.&nbsp;<\/li>\n<li>Innowacje produktowe w bran\u017cy kosmetycznej \u2013 Angelika Kubit, Magdalena Socha.&nbsp;&nbsp;<\/li>\n<\/ol>\n\n\n<figure class=\"wp-block-image size-large\"><img loading=\"lazy\" decoding=\"async\" width=\"1024\" height=\"423\" src=\"https:\/\/pans.krosno.pl\/kola-naukowe\/wp-content\/uploads\/sites\/48\/2023\/05\/Dominika-1024x423.png\" alt=\"Slajdy z prezentacji Wie\u017ce widokowe w Polsce \u2013 ciekawe miejsca z pi\u0119kn\u0105 panoram\u0105 \u2013 Dominika Bielec.\" class=\"wp-image-6073\" srcset=\"https:\/\/pans.krosno.pl\/kola-naukowe\/wp-content\/uploads\/sites\/48\/2023\/05\/Dominika-1024x423.png 1024w, https:\/\/pans.krosno.pl\/kola-naukowe\/wp-content\/uploads\/sites\/48\/2023\/05\/Dominika-300x124.png 300w, https:\/\/pans.krosno.pl\/kola-naukowe\/wp-content\/uploads\/sites\/48\/2023\/05\/Dominika-768x317.png 768w, https:\/\/pans.krosno.pl\/kola-naukowe\/wp-content\/uploads\/sites\/48\/2023\/05\/Dominika-800x330.png 800w, https:\/\/pans.krosno.pl\/kola-naukowe\/wp-content\/uploads\/sites\/48\/2023\/05\/Dominika-580x240.png 580w, https:\/\/pans.krosno.pl\/kola-naukowe\/wp-content\/uploads\/sites\/48\/2023\/05\/Dominika.png 1208w\" sizes=\"auto, (max-width: 1024px) 100vw, 1024px\" \/><\/figure>\n\n\n\n<figure class=\"wp-block-image size-large\"><img loading=\"lazy\" decoding=\"async\" width=\"1024\" height=\"576\" src=\"https:\/\/pans.krosno.pl\/kola-naukowe\/wp-content\/uploads\/sites\/48\/2023\/05\/misztak-1024x576.png\" alt=\"Slajd tytu\u0142owy prezentacji Badanie skuteczno\u015bci wdro\u017cenia system\u00f3w wizyjnych w przedsi\u0119biorstwie z bran\u017cy motoryzacyjnej \u2013 Katarzyna W\u00f3jcik-Pa\u0142ka, Angelika Misztak.\u00a0\" class=\"wp-image-6067\" srcset=\"https:\/\/pans.krosno.pl\/kola-naukowe\/wp-content\/uploads\/sites\/48\/2023\/05\/misztak-1024x576.png 1024w, https:\/\/pans.krosno.pl\/kola-naukowe\/wp-content\/uploads\/sites\/48\/2023\/05\/misztak-300x169.png 300w, https:\/\/pans.krosno.pl\/kola-naukowe\/wp-content\/uploads\/sites\/48\/2023\/05\/misztak-768x432.png 768w, https:\/\/pans.krosno.pl\/kola-naukowe\/wp-content\/uploads\/sites\/48\/2023\/05\/misztak-800x450.png 800w, https:\/\/pans.krosno.pl\/kola-naukowe\/wp-content\/uploads\/sites\/48\/2023\/05\/misztak-270x152.png 270w, https:\/\/pans.krosno.pl\/kola-naukowe\/wp-content\/uploads\/sites\/48\/2023\/05\/misztak-580x326.png 580w, https:\/\/pans.krosno.pl\/kola-naukowe\/wp-content\/uploads\/sites\/48\/2023\/05\/misztak.png 1366w\" sizes=\"auto, (max-width: 1024px) 100vw, 1024px\" \/><\/figure>\n\n\n\n<figure class=\"wp-block-image size-large\"><img loading=\"lazy\" decoding=\"async\" width=\"1024\" height=\"454\" src=\"https:\/\/pans.krosno.pl\/kola-naukowe\/wp-content\/uploads\/sites\/48\/2023\/05\/kosmetyki-1024x454.png\" alt=\"Slajdy z prezentacji Innowacje produktowe w bran\u017cy kosmetycznej \u2013 Angelika Kubit, Magdalena Socha.\u00a0\u00a0\" class=\"wp-image-6069\" srcset=\"https:\/\/pans.krosno.pl\/kola-naukowe\/wp-content\/uploads\/sites\/48\/2023\/05\/kosmetyki-1024x454.png 1024w, https:\/\/pans.krosno.pl\/kola-naukowe\/wp-content\/uploads\/sites\/48\/2023\/05\/kosmetyki-300x133.png 300w, https:\/\/pans.krosno.pl\/kola-naukowe\/wp-content\/uploads\/sites\/48\/2023\/05\/kosmetyki-768x341.png 768w, https:\/\/pans.krosno.pl\/kola-naukowe\/wp-content\/uploads\/sites\/48\/2023\/05\/kosmetyki-1536x681.png 1536w, https:\/\/pans.krosno.pl\/kola-naukowe\/wp-content\/uploads\/sites\/48\/2023\/05\/kosmetyki-800x355.png 800w, https:\/\/pans.krosno.pl\/kola-naukowe\/wp-content\/uploads\/sites\/48\/2023\/05\/kosmetyki-580x257.png 580w, https:\/\/pans.krosno.pl\/kola-naukowe\/wp-content\/uploads\/sites\/48\/2023\/05\/kosmetyki.png 1853w\" sizes=\"auto, (max-width: 1024px) 100vw, 1024px\" \/><\/figure>\n\n\n\n<figure class=\"wp-block-image size-large\"><img loading=\"lazy\" decoding=\"async\" width=\"1024\" height=\"576\" src=\"https:\/\/pans.krosno.pl\/kola-naukowe\/wp-content\/uploads\/sites\/48\/2023\/05\/gastronomia-1024x576.png\" alt=\"Slajd tytu\u0142owy podczas prezentacji Innowacyjne rozwi\u0105zania sprzeda\u017cowe stosowane w punktach gastronomicznych \u2013 Angelika Kubit, Magdalena Socha.\" class=\"wp-image-6071\" srcset=\"https:\/\/pans.krosno.pl\/kola-naukowe\/wp-content\/uploads\/sites\/48\/2023\/05\/gastronomia-1024x576.png 1024w, https:\/\/pans.krosno.pl\/kola-naukowe\/wp-content\/uploads\/sites\/48\/2023\/05\/gastronomia-300x169.png 300w, https:\/\/pans.krosno.pl\/kola-naukowe\/wp-content\/uploads\/sites\/48\/2023\/05\/gastronomia-768x432.png 768w, https:\/\/pans.krosno.pl\/kola-naukowe\/wp-content\/uploads\/sites\/48\/2023\/05\/gastronomia-800x450.png 800w, https:\/\/pans.krosno.pl\/kola-naukowe\/wp-content\/uploads\/sites\/48\/2023\/05\/gastronomia-270x152.png 270w, https:\/\/pans.krosno.pl\/kola-naukowe\/wp-content\/uploads\/sites\/48\/2023\/05\/gastronomia-580x326.png 580w, https:\/\/pans.krosno.pl\/kola-naukowe\/wp-content\/uploads\/sites\/48\/2023\/05\/gastronomia.png 1366w\" sizes=\"auto, (max-width: 1024px) 100vw, 1024px\" \/><\/figure>\n\n\n<p>Wszystkim serdecznie gratuluj\u0119 i \u017cycz\u0119 dalszego rozwijania swoich zainteresowa\u0144, podtrzymania kreatywno\u015bci i zaanga\u017cowania.&nbsp;<\/p>\n<p style=\"text-align: right\">Opiekun ko\u0142a mgr in\u017c. El\u017cbieta Br\u0105giel&nbsp;<\/p>","protected":false},"excerpt":{"rendered":"<p>18 maja 2023 roku w Pa\u0144stwowej Akademii Nauk Stosowanych w Kro\u015bnie odby\u0142a si\u0119 VI Og\u00f3lnopolska Konferencja Studenckich K\u00f3\u0142 Naukowych:&nbsp;Badania, innowacje i pasje z perspektywy m\u0142odego naukowca. Celem konferencji by\u0142a wymiana wiedzy i do\u015bwiadcze\u0144 zdobytych podczas wielokierunkowych bada\u0144 prowadzonych przez student\u00f3w w r\u00f3\u017cnych dziedzinach nauki, jak r\u00f3wnie\u017c kreowanie inicjatyw w zakresie [\u2026] <\/p>\n<div class=\"clear\"><\/div>\n<p><a class=\"more_link clearfix\" href=\"https:\/\/pans.krosno.pl\/kola-naukowe\/vi-ogolnopolska-konferencja-studenckich-kol-naukowych-badania-innowacje-i-pasje-z-perspektywy-mlodego-naukowca\/\" rel=\"nofollow\">Read More<\/a><\/p>\n","protected":false},"author":17,"featured_media":6075,"comment_status":"open","ping_status":"open","sticky":false,"template":"","format":"standard","meta":{"ngg_post_thumbnail":0,"footnotes":""},"categories":[2],"tags":[],"class_list":["post-6064","post","type-post","status-publish","format-standard","has-post-thumbnail","hentry","category-ekonomisci"],"yoast_head":"<!-- This site is optimized with the Yoast SEO Premium plugin v27.4 (Yoast SEO v27.4) - https:\/\/yoast.com\/product\/yoast-seo-premium-wordpress\/ -->\n<title>SKN Ekonomist\u00f3w i VI Og\u00f3lnopolska Konferencja Studenckich K\u00f3\u0142 Naukowych:\u00a0Badania, innowacje i pasje z perspektywy m\u0142odego naukowca - Studenckie Ko\u0142a Naukowe PANS w Kro\u015bnie<\/title>\n<meta name=\"robots\" content=\"index, follow, max-snippet:-1, max-image-preview:large, max-video-preview:-1\" \/>\n<link rel=\"canonical\" href=\"https:\/\/pans.krosno.pl\/kola-naukowe\/vi-ogolnopolska-konferencja-studenckich-kol-naukowych-badania-innowacje-i-pasje-z-perspektywy-mlodego-naukowca\/\" \/>\n<meta property=\"og:locale\" content=\"pl_PL\" \/>\n<meta property=\"og:type\" content=\"article\" \/>\n<meta property=\"og:title\" content=\"SKN Ekonomist\u00f3w i VI Og\u00f3lnopolska Konferencja Studenckich K\u00f3\u0142 Naukowych:\u00a0Badania, innowacje i pasje z perspektywy m\u0142odego naukowca\" \/>\n<meta property=\"og:description\" content=\"18 maja 2023 roku w Pa\u0144stwowej Akademii Nauk Stosowanych w Kro\u015bnie odby\u0142a si\u0119 VI Og\u00f3lnopolska Konferencja Studenckich K\u00f3\u0142 Naukowych:&nbsp;Badania, innowacje i pasje z perspektywy m\u0142odego naukowca. Celem konferencji by\u0142a wymiana wiedzy i do\u015bwiadcze\u0144 zdobytych podczas wielokierunkowych bada\u0144 prowadzonych przez student\u00f3w w r\u00f3\u017cnych dziedzinach nauki, jak r\u00f3wnie\u017c kreowanie inicjatyw w zakresie [\u2026] Read More\" \/>\n<meta property=\"og:url\" content=\"https:\/\/pans.krosno.pl\/kola-naukowe\/vi-ogolnopolska-konferencja-studenckich-kol-naukowych-badania-innowacje-i-pasje-z-perspektywy-mlodego-naukowca\/\" \/>\n<meta property=\"og:site_name\" content=\"Studenckie Ko\u0142a Naukowe PANS w Kro\u015bnie\" \/>\n<meta property=\"article:published_time\" content=\"2023-05-19T09:38:45+00:00\" \/>\n<meta property=\"article:modified_time\" content=\"2023-05-29T08:20:15+00:00\" \/>\n<meta property=\"og:image\" content=\"https:\/\/pans.krosno.pl\/wp-content\/uploads\/sites\/48\/2023\/05\/Utworz-wpis-\u2039-Studenckie-Kola-Naukowe-PANS-w-Krosnie-\u2014-WordPress-Google-Chrome-19.05.2023-11_36_56-2.png\" \/>\n\t<meta property=\"og:image:width\" content=\"670\" \/>\n\t<meta property=\"og:image:height\" content=\"563\" \/>\n\t<meta property=\"og:image:type\" content=\"image\/png\" \/>\n<meta name=\"author\" content=\"elzbietabragiel\" \/>\n<meta name=\"twitter:card\" content=\"summary_large_image\" \/>\n<meta name=\"twitter:label1\" content=\"Napisane przez\" \/>\n\t<meta name=\"twitter:data1\" content=\"elzbietabragiel\" \/>\n\t<meta name=\"twitter:label2\" content=\"Szacowany czas czytania\" \/>\n\t<meta name=\"twitter:data2\" content=\"3 minuty\" \/>\n<script type=\"application\/ld+json\" class=\"yoast-schema-graph\">{\"@context\":\"https:\\\/\\\/schema.org\",\"@graph\":[{\"@type\":\"Article\",\"@id\":\"https:\\\/\\\/pans.krosno.pl\\\/kola-naukowe\\\/vi-ogolnopolska-konferencja-studenckich-kol-naukowych-badania-innowacje-i-pasje-z-perspektywy-mlodego-naukowca\\\/#article\",\"isPartOf\":{\"@id\":\"https:\\\/\\\/pans.krosno.pl\\\/kola-naukowe\\\/vi-ogolnopolska-konferencja-studenckich-kol-naukowych-badania-innowacje-i-pasje-z-perspektywy-mlodego-naukowca\\\/\"},\"author\":{\"name\":\"elzbietabragiel\",\"@id\":\"https:\\\/\\\/pans.krosno.pl\\\/kola-naukowe\\\/#\\\/schema\\\/person\\\/5234d538b37281133cebfcf174124540\"},\"headline\":\"SKN Ekonomist\u00f3w i VI Og\u00f3lnopolska Konferencja Studenckich K\u00f3\u0142 Naukowych:\u00a0Badania, innowacje i pasje z perspektywy m\u0142odego naukowca\",\"datePublished\":\"2023-05-19T09:38:45+00:00\",\"dateModified\":\"2023-05-29T08:20:15+00:00\",\"mainEntityOfPage\":{\"@id\":\"https:\\\/\\\/pans.krosno.pl\\\/kola-naukowe\\\/vi-ogolnopolska-konferencja-studenckich-kol-naukowych-badania-innowacje-i-pasje-z-perspektywy-mlodego-naukowca\\\/\"},\"wordCount\":263,\"commentCount\":0,\"publisher\":{\"@id\":\"https:\\\/\\\/pans.krosno.pl\\\/kola-naukowe\\\/#organization\"},\"image\":{\"@id\":\"https:\\\/\\\/pans.krosno.pl\\\/kola-naukowe\\\/vi-ogolnopolska-konferencja-studenckich-kol-naukowych-badania-innowacje-i-pasje-z-perspektywy-mlodego-naukowca\\\/#primaryimage\"},\"thumbnailUrl\":\"https:\\\/\\\/pans.krosno.pl\\\/kola-naukowe\\\/wp-content\\\/uploads\\\/sites\\\/48\\\/2023\\\/05\\\/Utworz-wpis-\u2039-Studenckie-Kola-Naukowe-PANS-w-Krosnie-\u2014-WordPress-Google-Chrome-19.05.2023-11_36_56-2.png\",\"articleSection\":[\"Ekonomi\u015bci\"],\"inLanguage\":\"pl-PL\",\"potentialAction\":[{\"@type\":\"CommentAction\",\"name\":\"Comment\",\"target\":[\"https:\\\/\\\/pans.krosno.pl\\\/kola-naukowe\\\/vi-ogolnopolska-konferencja-studenckich-kol-naukowych-badania-innowacje-i-pasje-z-perspektywy-mlodego-naukowca\\\/#respond\"]}]},{\"@type\":\"WebPage\",\"@id\":\"https:\\\/\\\/pans.krosno.pl\\\/kola-naukowe\\\/vi-ogolnopolska-konferencja-studenckich-kol-naukowych-badania-innowacje-i-pasje-z-perspektywy-mlodego-naukowca\\\/\",\"url\":\"https:\\\/\\\/pans.krosno.pl\\\/kola-naukowe\\\/vi-ogolnopolska-konferencja-studenckich-kol-naukowych-badania-innowacje-i-pasje-z-perspektywy-mlodego-naukowca\\\/\",\"name\":\"SKN Ekonomist\u00f3w i VI Og\u00f3lnopolska Konferencja Studenckich K\u00f3\u0142 Naukowych:\u00a0Badania, innowacje i pasje z perspektywy m\u0142odego naukowca - Studenckie Ko\u0142a Naukowe PANS w Kro\u015bnie\",\"isPartOf\":{\"@id\":\"https:\\\/\\\/pans.krosno.pl\\\/kola-naukowe\\\/#website\"},\"primaryImageOfPage\":{\"@id\":\"https:\\\/\\\/pans.krosno.pl\\\/kola-naukowe\\\/vi-ogolnopolska-konferencja-studenckich-kol-naukowych-badania-innowacje-i-pasje-z-perspektywy-mlodego-naukowca\\\/#primaryimage\"},\"image\":{\"@id\":\"https:\\\/\\\/pans.krosno.pl\\\/kola-naukowe\\\/vi-ogolnopolska-konferencja-studenckich-kol-naukowych-badania-innowacje-i-pasje-z-perspektywy-mlodego-naukowca\\\/#primaryimage\"},\"thumbnailUrl\":\"https:\\\/\\\/pans.krosno.pl\\\/kola-naukowe\\\/wp-content\\\/uploads\\\/sites\\\/48\\\/2023\\\/05\\\/Utworz-wpis-\u2039-Studenckie-Kola-Naukowe-PANS-w-Krosnie-\u2014-WordPress-Google-Chrome-19.05.2023-11_36_56-2.png\",\"datePublished\":\"2023-05-19T09:38:45+00:00\",\"dateModified\":\"2023-05-29T08:20:15+00:00\",\"breadcrumb\":{\"@id\":\"https:\\\/\\\/pans.krosno.pl\\\/kola-naukowe\\\/vi-ogolnopolska-konferencja-studenckich-kol-naukowych-badania-innowacje-i-pasje-z-perspektywy-mlodego-naukowca\\\/#breadcrumb\"},\"inLanguage\":\"pl-PL\",\"potentialAction\":[{\"@type\":\"ReadAction\",\"target\":[\"https:\\\/\\\/pans.krosno.pl\\\/kola-naukowe\\\/vi-ogolnopolska-konferencja-studenckich-kol-naukowych-badania-innowacje-i-pasje-z-perspektywy-mlodego-naukowca\\\/\"]}]},{\"@type\":\"ImageObject\",\"inLanguage\":\"pl-PL\",\"@id\":\"https:\\\/\\\/pans.krosno.pl\\\/kola-naukowe\\\/vi-ogolnopolska-konferencja-studenckich-kol-naukowych-badania-innowacje-i-pasje-z-perspektywy-mlodego-naukowca\\\/#primaryimage\",\"url\":\"https:\\\/\\\/pans.krosno.pl\\\/kola-naukowe\\\/wp-content\\\/uploads\\\/sites\\\/48\\\/2023\\\/05\\\/Utworz-wpis-\u2039-Studenckie-Kola-Naukowe-PANS-w-Krosnie-\u2014-WordPress-Google-Chrome-19.05.2023-11_36_56-2.png\",\"contentUrl\":\"https:\\\/\\\/pans.krosno.pl\\\/kola-naukowe\\\/wp-content\\\/uploads\\\/sites\\\/48\\\/2023\\\/05\\\/Utworz-wpis-\u2039-Studenckie-Kola-Naukowe-PANS-w-Krosnie-\u2014-WordPress-Google-Chrome-19.05.2023-11_36_56-2.png\",\"width\":670,\"height\":563},{\"@type\":\"BreadcrumbList\",\"@id\":\"https:\\\/\\\/pans.krosno.pl\\\/kola-naukowe\\\/vi-ogolnopolska-konferencja-studenckich-kol-naukowych-badania-innowacje-i-pasje-z-perspektywy-mlodego-naukowca\\\/#breadcrumb\",\"itemListElement\":[{\"@type\":\"ListItem\",\"position\":1,\"name\":\"Strona g\u0142\u00f3wna\",\"item\":\"https:\\\/\\\/pans.krosno.pl\\\/kola-naukowe\\\/\"},{\"@type\":\"ListItem\",\"position\":2,\"name\":\"SKN Ekonomist\u00f3w i VI Og\u00f3lnopolska Konferencja Studenckich K\u00f3\u0142 Naukowych:\u00a0Badania, innowacje i pasje z perspektywy m\u0142odego naukowca\"}]},{\"@type\":\"WebSite\",\"@id\":\"https:\\\/\\\/pans.krosno.pl\\\/kola-naukowe\\\/#website\",\"url\":\"https:\\\/\\\/pans.krosno.pl\\\/kola-naukowe\\\/\",\"name\":\"Studenckie Ko\u0142a Naukowe PANS w Kro\u015bnie\",\"description\":\"Studenckie Ko\u0142a Naukowe - Pa\u0144stwowa Akademia Nauk Stosowanych\",\"publisher\":{\"@id\":\"https:\\\/\\\/pans.krosno.pl\\\/kola-naukowe\\\/#organization\"},\"potentialAction\":[{\"@type\":\"SearchAction\",\"target\":{\"@type\":\"EntryPoint\",\"urlTemplate\":\"https:\\\/\\\/pans.krosno.pl\\\/kola-naukowe\\\/?s={search_term_string}\"},\"query-input\":{\"@type\":\"PropertyValueSpecification\",\"valueRequired\":true,\"valueName\":\"search_term_string\"}}],\"inLanguage\":\"pl-PL\"},{\"@type\":\"Organization\",\"@id\":\"https:\\\/\\\/pans.krosno.pl\\\/kola-naukowe\\\/#organization\",\"name\":\"Studenckie Ko\u0142a Naukowe PANS w Kro\u015bnie\",\"url\":\"https:\\\/\\\/pans.krosno.pl\\\/kola-naukowe\\\/\",\"logo\":{\"@type\":\"ImageObject\",\"inLanguage\":\"pl-PL\",\"@id\":\"https:\\\/\\\/pans.krosno.pl\\\/kola-naukowe\\\/#\\\/schema\\\/logo\\\/image\\\/\",\"url\":\"https:\\\/\\\/pans.krosno.pl\\\/kola-naukowe\\\/wp-content\\\/uploads\\\/sites\\\/48\\\/2023\\\/01\\\/Logo-PANS-2022-pelne.png\",\"contentUrl\":\"https:\\\/\\\/pans.krosno.pl\\\/kola-naukowe\\\/wp-content\\\/uploads\\\/sites\\\/48\\\/2023\\\/01\\\/Logo-PANS-2022-pelne.png\",\"width\":3096,\"height\":696,\"caption\":\"Studenckie Ko\u0142a Naukowe PANS w Kro\u015bnie\"},\"image\":{\"@id\":\"https:\\\/\\\/pans.krosno.pl\\\/kola-naukowe\\\/#\\\/schema\\\/logo\\\/image\\\/\"}},{\"@type\":\"Person\",\"@id\":\"https:\\\/\\\/pans.krosno.pl\\\/kola-naukowe\\\/#\\\/schema\\\/person\\\/5234d538b37281133cebfcf174124540\",\"name\":\"elzbietabragiel\",\"image\":{\"@type\":\"ImageObject\",\"inLanguage\":\"pl-PL\",\"@id\":\"https:\\\/\\\/secure.gravatar.com\\\/avatar\\\/bcc708f308dc4018a34d44dfaa286089751c22f62d1a00bda271b3333c84bc0b?s=96&d=mm&r=g\",\"url\":\"https:\\\/\\\/secure.gravatar.com\\\/avatar\\\/bcc708f308dc4018a34d44dfaa286089751c22f62d1a00bda271b3333c84bc0b?s=96&d=mm&r=g\",\"contentUrl\":\"https:\\\/\\\/secure.gravatar.com\\\/avatar\\\/bcc708f308dc4018a34d44dfaa286089751c22f62d1a00bda271b3333c84bc0b?s=96&d=mm&r=g\",\"caption\":\"elzbietabragiel\"},\"url\":\"https:\\\/\\\/pans.krosno.pl\\\/kola-naukowe\\\/author\\\/elzbietabragiel\\\/\"}]}<\/script>\n<!-- \/ Yoast SEO Premium plugin. -->","yoast_head_json":{"title":"SKN Ekonomist\u00f3w i VI Og\u00f3lnopolska Konferencja Studenckich K\u00f3\u0142 Naukowych:\u00a0Badania, innowacje i pasje z perspektywy m\u0142odego naukowca - Studenckie Ko\u0142a Naukowe PANS w Kro\u015bnie","robots":{"index":"index","follow":"follow","max-snippet":"max-snippet:-1","max-image-preview":"max-image-preview:large","max-video-preview":"max-video-preview:-1"},"canonical":"https:\/\/pans.krosno.pl\/kola-naukowe\/vi-ogolnopolska-konferencja-studenckich-kol-naukowych-badania-innowacje-i-pasje-z-perspektywy-mlodego-naukowca\/","og_locale":"pl_PL","og_type":"article","og_title":"SKN Ekonomist\u00f3w i VI Og\u00f3lnopolska Konferencja Studenckich K\u00f3\u0142 Naukowych:\u00a0Badania, innowacje i pasje z perspektywy m\u0142odego naukowca","og_description":"18 maja 2023 roku w Pa\u0144stwowej Akademii Nauk Stosowanych w Kro\u015bnie odby\u0142a si\u0119 VI Og\u00f3lnopolska Konferencja Studenckich K\u00f3\u0142 Naukowych:&nbsp;Badania, innowacje i pasje z perspektywy m\u0142odego naukowca. Celem konferencji by\u0142a wymiana wiedzy i do\u015bwiadcze\u0144 zdobytych podczas wielokierunkowych bada\u0144 prowadzonych przez student\u00f3w w r\u00f3\u017cnych dziedzinach nauki, jak r\u00f3wnie\u017c kreowanie inicjatyw w zakresie [\u2026] Read More","og_url":"https:\/\/pans.krosno.pl\/kola-naukowe\/vi-ogolnopolska-konferencja-studenckich-kol-naukowych-badania-innowacje-i-pasje-z-perspektywy-mlodego-naukowca\/","og_site_name":"Studenckie Ko\u0142a Naukowe PANS w Kro\u015bnie","article_published_time":"2023-05-19T09:38:45+00:00","article_modified_time":"2023-05-29T08:20:15+00:00","og_image":[{"width":670,"height":563,"url":"https:\/\/pans.krosno.pl\/wp-content\/uploads\/sites\/48\/2023\/05\/Utworz-wpis-\u2039-Studenckie-Kola-Naukowe-PANS-w-Krosnie-\u2014-WordPress-Google-Chrome-19.05.2023-11_36_56-2.png","type":"image\/png"}],"author":"elzbietabragiel","twitter_card":"summary_large_image","twitter_misc":{"Napisane przez":"elzbietabragiel","Szacowany czas czytania":"3 minuty"},"schema":{"@context":"https:\/\/schema.org","@graph":[{"@type":"Article","@id":"https:\/\/pans.krosno.pl\/kola-naukowe\/vi-ogolnopolska-konferencja-studenckich-kol-naukowych-badania-innowacje-i-pasje-z-perspektywy-mlodego-naukowca\/#article","isPartOf":{"@id":"https:\/\/pans.krosno.pl\/kola-naukowe\/vi-ogolnopolska-konferencja-studenckich-kol-naukowych-badania-innowacje-i-pasje-z-perspektywy-mlodego-naukowca\/"},"author":{"name":"elzbietabragiel","@id":"https:\/\/pans.krosno.pl\/kola-naukowe\/#\/schema\/person\/5234d538b37281133cebfcf174124540"},"headline":"SKN Ekonomist\u00f3w i VI Og\u00f3lnopolska Konferencja Studenckich K\u00f3\u0142 Naukowych:\u00a0Badania, innowacje i pasje z perspektywy m\u0142odego naukowca","datePublished":"2023-05-19T09:38:45+00:00","dateModified":"2023-05-29T08:20:15+00:00","mainEntityOfPage":{"@id":"https:\/\/pans.krosno.pl\/kola-naukowe\/vi-ogolnopolska-konferencja-studenckich-kol-naukowych-badania-innowacje-i-pasje-z-perspektywy-mlodego-naukowca\/"},"wordCount":263,"commentCount":0,"publisher":{"@id":"https:\/\/pans.krosno.pl\/kola-naukowe\/#organization"},"image":{"@id":"https:\/\/pans.krosno.pl\/kola-naukowe\/vi-ogolnopolska-konferencja-studenckich-kol-naukowych-badania-innowacje-i-pasje-z-perspektywy-mlodego-naukowca\/#primaryimage"},"thumbnailUrl":"https:\/\/pans.krosno.pl\/kola-naukowe\/wp-content\/uploads\/sites\/48\/2023\/05\/Utworz-wpis-\u2039-Studenckie-Kola-Naukowe-PANS-w-Krosnie-\u2014-WordPress-Google-Chrome-19.05.2023-11_36_56-2.png","articleSection":["Ekonomi\u015bci"],"inLanguage":"pl-PL","potentialAction":[{"@type":"CommentAction","name":"Comment","target":["https:\/\/pans.krosno.pl\/kola-naukowe\/vi-ogolnopolska-konferencja-studenckich-kol-naukowych-badania-innowacje-i-pasje-z-perspektywy-mlodego-naukowca\/#respond"]}]},{"@type":"WebPage","@id":"https:\/\/pans.krosno.pl\/kola-naukowe\/vi-ogolnopolska-konferencja-studenckich-kol-naukowych-badania-innowacje-i-pasje-z-perspektywy-mlodego-naukowca\/","url":"https:\/\/pans.krosno.pl\/kola-naukowe\/vi-ogolnopolska-konferencja-studenckich-kol-naukowych-badania-innowacje-i-pasje-z-perspektywy-mlodego-naukowca\/","name":"SKN Ekonomist\u00f3w i VI Og\u00f3lnopolska Konferencja Studenckich K\u00f3\u0142 Naukowych:\u00a0Badania, innowacje i pasje z perspektywy m\u0142odego naukowca - Studenckie Ko\u0142a Naukowe PANS w Kro\u015bnie","isPartOf":{"@id":"https:\/\/pans.krosno.pl\/kola-naukowe\/#website"},"primaryImageOfPage":{"@id":"https:\/\/pans.krosno.pl\/kola-naukowe\/vi-ogolnopolska-konferencja-studenckich-kol-naukowych-badania-innowacje-i-pasje-z-perspektywy-mlodego-naukowca\/#primaryimage"},"image":{"@id":"https:\/\/pans.krosno.pl\/kola-naukowe\/vi-ogolnopolska-konferencja-studenckich-kol-naukowych-badania-innowacje-i-pasje-z-perspektywy-mlodego-naukowca\/#primaryimage"},"thumbnailUrl":"https:\/\/pans.krosno.pl\/kola-naukowe\/wp-content\/uploads\/sites\/48\/2023\/05\/Utworz-wpis-\u2039-Studenckie-Kola-Naukowe-PANS-w-Krosnie-\u2014-WordPress-Google-Chrome-19.05.2023-11_36_56-2.png","datePublished":"2023-05-19T09:38:45+00:00","dateModified":"2023-05-29T08:20:15+00:00","breadcrumb":{"@id":"https:\/\/pans.krosno.pl\/kola-naukowe\/vi-ogolnopolska-konferencja-studenckich-kol-naukowych-badania-innowacje-i-pasje-z-perspektywy-mlodego-naukowca\/#breadcrumb"},"inLanguage":"pl-PL","potentialAction":[{"@type":"ReadAction","target":["https:\/\/pans.krosno.pl\/kola-naukowe\/vi-ogolnopolska-konferencja-studenckich-kol-naukowych-badania-innowacje-i-pasje-z-perspektywy-mlodego-naukowca\/"]}]},{"@type":"ImageObject","inLanguage":"pl-PL","@id":"https:\/\/pans.krosno.pl\/kola-naukowe\/vi-ogolnopolska-konferencja-studenckich-kol-naukowych-badania-innowacje-i-pasje-z-perspektywy-mlodego-naukowca\/#primaryimage","url":"https:\/\/pans.krosno.pl\/kola-naukowe\/wp-content\/uploads\/sites\/48\/2023\/05\/Utworz-wpis-\u2039-Studenckie-Kola-Naukowe-PANS-w-Krosnie-\u2014-WordPress-Google-Chrome-19.05.2023-11_36_56-2.png","contentUrl":"https:\/\/pans.krosno.pl\/kola-naukowe\/wp-content\/uploads\/sites\/48\/2023\/05\/Utworz-wpis-\u2039-Studenckie-Kola-Naukowe-PANS-w-Krosnie-\u2014-WordPress-Google-Chrome-19.05.2023-11_36_56-2.png","width":670,"height":563},{"@type":"BreadcrumbList","@id":"https:\/\/pans.krosno.pl\/kola-naukowe\/vi-ogolnopolska-konferencja-studenckich-kol-naukowych-badania-innowacje-i-pasje-z-perspektywy-mlodego-naukowca\/#breadcrumb","itemListElement":[{"@type":"ListItem","position":1,"name":"Strona g\u0142\u00f3wna","item":"https:\/\/pans.krosno.pl\/kola-naukowe\/"},{"@type":"ListItem","position":2,"name":"SKN Ekonomist\u00f3w i VI Og\u00f3lnopolska Konferencja Studenckich K\u00f3\u0142 Naukowych:\u00a0Badania, innowacje i pasje z perspektywy m\u0142odego naukowca"}]},{"@type":"WebSite","@id":"https:\/\/pans.krosno.pl\/kola-naukowe\/#website","url":"https:\/\/pans.krosno.pl\/kola-naukowe\/","name":"Studenckie Ko\u0142a Naukowe PANS w Kro\u015bnie","description":"Studenckie Ko\u0142a Naukowe - Pa\u0144stwowa Akademia Nauk Stosowanych","publisher":{"@id":"https:\/\/pans.krosno.pl\/kola-naukowe\/#organization"},"potentialAction":[{"@type":"SearchAction","target":{"@type":"EntryPoint","urlTemplate":"https:\/\/pans.krosno.pl\/kola-naukowe\/?s={search_term_string}"},"query-input":{"@type":"PropertyValueSpecification","valueRequired":true,"valueName":"search_term_string"}}],"inLanguage":"pl-PL"},{"@type":"Organization","@id":"https:\/\/pans.krosno.pl\/kola-naukowe\/#organization","name":"Studenckie Ko\u0142a Naukowe PANS w Kro\u015bnie","url":"https:\/\/pans.krosno.pl\/kola-naukowe\/","logo":{"@type":"ImageObject","inLanguage":"pl-PL","@id":"https:\/\/pans.krosno.pl\/kola-naukowe\/#\/schema\/logo\/image\/","url":"https:\/\/pans.krosno.pl\/kola-naukowe\/wp-content\/uploads\/sites\/48\/2023\/01\/Logo-PANS-2022-pelne.png","contentUrl":"https:\/\/pans.krosno.pl\/kola-naukowe\/wp-content\/uploads\/sites\/48\/2023\/01\/Logo-PANS-2022-pelne.png","width":3096,"height":696,"caption":"Studenckie Ko\u0142a Naukowe PANS w Kro\u015bnie"},"image":{"@id":"https:\/\/pans.krosno.pl\/kola-naukowe\/#\/schema\/logo\/image\/"}},{"@type":"Person","@id":"https:\/\/pans.krosno.pl\/kola-naukowe\/#\/schema\/person\/5234d538b37281133cebfcf174124540","name":"elzbietabragiel","image":{"@type":"ImageObject","inLanguage":"pl-PL","@id":"https:\/\/secure.gravatar.com\/avatar\/bcc708f308dc4018a34d44dfaa286089751c22f62d1a00bda271b3333c84bc0b?s=96&d=mm&r=g","url":"https:\/\/secure.gravatar.com\/avatar\/bcc708f308dc4018a34d44dfaa286089751c22f62d1a00bda271b3333c84bc0b?s=96&d=mm&r=g","contentUrl":"https:\/\/secure.gravatar.com\/avatar\/bcc708f308dc4018a34d44dfaa286089751c22f62d1a00bda271b3333c84bc0b?s=96&d=mm&r=g","caption":"elzbietabragiel"},"url":"https:\/\/pans.krosno.pl\/kola-naukowe\/author\/elzbietabragiel\/"}]}},"_links":{"self":[{"href":"https:\/\/pans.krosno.pl\/kola-naukowe\/wp-json\/wp\/v2\/posts\/6064","targetHints":{"allow":["GET"]}}],"collection":[{"href":"https:\/\/pans.krosno.pl\/kola-naukowe\/wp-json\/wp\/v2\/posts"}],"about":[{"href":"https:\/\/pans.krosno.pl\/kola-naukowe\/wp-json\/wp\/v2\/types\/post"}],"author":[{"embeddable":true,"href":"https:\/\/pans.krosno.pl\/kola-naukowe\/wp-json\/wp\/v2\/users\/17"}],"replies":[{"embeddable":true,"href":"https:\/\/pans.krosno.pl\/kola-naukowe\/wp-json\/wp\/v2\/comments?post=6064"}],"version-history":[{"count":2,"href":"https:\/\/pans.krosno.pl\/kola-naukowe\/wp-json\/wp\/v2\/posts\/6064\/revisions"}],"predecessor-version":[{"id":6105,"href":"https:\/\/pans.krosno.pl\/kola-naukowe\/wp-json\/wp\/v2\/posts\/6064\/revisions\/6105"}],"wp:featuredmedia":[{"embeddable":true,"href":"https:\/\/pans.krosno.pl\/kola-naukowe\/wp-json\/wp\/v2\/media\/6075"}],"wp:attachment":[{"href":"https:\/\/pans.krosno.pl\/kola-naukowe\/wp-json\/wp\/v2\/media?parent=6064"}],"wp:term":[{"taxonomy":"category","embeddable":true,"href":"https:\/\/pans.krosno.pl\/kola-naukowe\/wp-json\/wp\/v2\/categories?post=6064"},{"taxonomy":"post_tag","embeddable":true,"href":"https:\/\/pans.krosno.pl\/kola-naukowe\/wp-json\/wp\/v2\/tags?post=6064"}],"curies":[{"name":"wp","href":"https:\/\/api.w.org\/{rel}","templated":true}]}}