{"id":6056,"date":"2023-05-14T21:30:46","date_gmt":"2023-05-14T19:30:46","guid":{"rendered":"https:\/\/pans.krosno.pl\/kola-naukowe\/?p=6056"},"modified":"2023-05-14T21:34:00","modified_gmt":"2023-05-14T19:34:00","slug":"studenci-z-skn-ekonomistow-na-ix-konferencji-z-cyklu-rosliny-zielarskie-kosmetyki-naturalne-i-zywnosc-funkcjonalna","status":"publish","type":"post","link":"https:\/\/pans.krosno.pl\/kola-naukowe\/studenci-z-skn-ekonomistow-na-ix-konferencji-z-cyklu-rosliny-zielarskie-kosmetyki-naturalne-i-zywnosc-funkcjonalna\/","title":{"rendered":"<strong>Studenci z SKN Ekonomist\u00f3w na IX konferencji\u00a0z cyklu <\/strong><em>\u201eRo\u015bliny zielarskie, kosmetyki naturalne i \u017cywno\u015b\u0107 funkcjonalna\u201d<\/em>"},"content":{"rendered":"<p>W dniach 11-12 maja 2023 roku, w Kampusie Politechnicznym PANS w Kro\u015bnie odby\u0142a si\u0119 <strong>IX Naukowa Konferencja&nbsp;z cyklu <\/strong><em>\u201eRo\u015bliny zielarskie, kosmetyki naturalne i \u017cywno\u015b\u0107 funkcjonalna\u201d <\/em><em>pt. <\/em><strong>Owoce w \u017cywno\u015bci funkcjonalnej, lekach i suplementach diety. Zio\u0142a jako alternatywa dla antybiotyk\u00f3w.<\/strong><\/p>\n<p>Celem konferencji by\u0142o zwr\u00f3cenie uwagi na potencja\u0142 prozdrowotny jaki drzemie w rodzimych owocach i narastaj\u0105ca oporno\u015b\u0107 bakterii na antybiotyki, sulfonamidy i fluorochinolony.<\/p>\n<p><strong>Studenci i cz\u0142onkowie Studenckiego Ko\u0142a Naukowego Ekonomist\u00f3w<\/strong> r\u00f3wnie\u017c wzi\u0119li czynny udzia\u0142 w tej konferencji.<\/p>\n<p><strong>Swoje wyniki bada\u0144 w sesji posterowej zaprezentowa\u0142y:<\/strong><\/p>\n<ol>\n<li><strong>in\u017c. Angelika Kubit, Magdalena Socha, <\/strong><em>Polskie \u201esuper owoce\u201d jako przyk\u0142ad \u017cywno\u015bci funkcjonalnej<\/em><em>&nbsp;<\/em>( opiekun merytoryczny: mgr in\u017c. El\u017cbieta Br\u0105giel).<\/li>\n<li><strong>in\u017c. Dominika Bielec, <\/strong><em>Ocena jako\u015bci&nbsp; d\u017cem\u00f3w truskawkowych pochodz\u0105cych od r\u00f3\u017cnych producent\u00f3w<\/em> ( opiekun merytoryczny: dr in\u017c. Berandetta Bienia ).<\/li>\n<\/ol>\n\n\n<figure class=\"wp-block-image size-large is-resized\"><img loading=\"lazy\" decoding=\"async\" src=\"https:\/\/pans.krosno.pl\/kola-naukowe\/wp-content\/uploads\/sites\/48\/2023\/05\/Madzia-i-Angelika-855x1024.jpg\" alt=\"Poster: in\u017c. Angelika Kubit, Magdalena Socha, Polskie \u201esuper owoce\u201d jako przyk\u0142ad \u017cywno\u015bci funkcjonalnej\u00a0( opiekun merytoryczny: mgr in\u017c. El\u017cbieta Br\u0105giel).\" class=\"wp-image-6057\" width=\"653\" height=\"782\" srcset=\"https:\/\/pans.krosno.pl\/kola-naukowe\/wp-content\/uploads\/sites\/48\/2023\/05\/Madzia-i-Angelika-855x1024.jpg 855w, https:\/\/pans.krosno.pl\/kola-naukowe\/wp-content\/uploads\/sites\/48\/2023\/05\/Madzia-i-Angelika-251x300.jpg 251w, https:\/\/pans.krosno.pl\/kola-naukowe\/wp-content\/uploads\/sites\/48\/2023\/05\/Madzia-i-Angelika-768x919.jpg 768w, https:\/\/pans.krosno.pl\/kola-naukowe\/wp-content\/uploads\/sites\/48\/2023\/05\/Madzia-i-Angelika-800x958.jpg 800w, https:\/\/pans.krosno.pl\/kola-naukowe\/wp-content\/uploads\/sites\/48\/2023\/05\/Madzia-i-Angelika-580x694.jpg 580w, https:\/\/pans.krosno.pl\/kola-naukowe\/wp-content\/uploads\/sites\/48\/2023\/05\/Madzia-i-Angelika.jpg 913w\" sizes=\"auto, (max-width: 653px) 100vw, 653px\" \/><\/figure>\n\n\n\n<figure class=\"wp-block-image size-large is-resized\"><img loading=\"lazy\" decoding=\"async\" src=\"https:\/\/pans.krosno.pl\/kola-naukowe\/wp-content\/uploads\/sites\/48\/2023\/05\/Dominika1-750x1024.jpg\" alt=\"Poster: in\u017c. Dominika Bielec, Ocena jako\u015bci\u00a0 d\u017cem\u00f3w truskawkowych pochodz\u0105cych od r\u00f3\u017cnych producent\u00f3w ( opiekun merytoryczny: dr in\u017c. Berandetta Bienia ).\" class=\"wp-image-6059\" width=\"661\" height=\"903\" srcset=\"https:\/\/pans.krosno.pl\/kola-naukowe\/wp-content\/uploads\/sites\/48\/2023\/05\/Dominika1-750x1024.jpg 750w, https:\/\/pans.krosno.pl\/kola-naukowe\/wp-content\/uploads\/sites\/48\/2023\/05\/Dominika1-220x300.jpg 220w, https:\/\/pans.krosno.pl\/kola-naukowe\/wp-content\/uploads\/sites\/48\/2023\/05\/Dominika1-768x1048.jpg 768w, https:\/\/pans.krosno.pl\/kola-naukowe\/wp-content\/uploads\/sites\/48\/2023\/05\/Dominika1-800x1092.jpg 800w, https:\/\/pans.krosno.pl\/kola-naukowe\/wp-content\/uploads\/sites\/48\/2023\/05\/Dominika1-580x792.jpg 580w, https:\/\/pans.krosno.pl\/kola-naukowe\/wp-content\/uploads\/sites\/48\/2023\/05\/Dominika1.jpg 912w\" sizes=\"auto, (max-width: 661px) 100vw, 661px\" \/><\/figure>\n\n\n<p><span style=\"font-size: revert;color: initial\">Tematyka konferencji by\u0142a bardzo r\u00f3\u017cnorodna, ciekawa i na bardzo wysokim poziomie. <\/span><span style=\"font-size: revert;color: initial\">Wszystkim gratulujemy.<\/span><\/p>","protected":false},"excerpt":{"rendered":"<p>W dniach 11-12 maja 2023 roku, w Kampusie Politechnicznym PANS w Kro\u015bnie odby\u0142a si\u0119 IX Naukowa Konferencja&nbsp;z cyklu \u201eRo\u015bliny zielarskie, kosmetyki naturalne i \u017cywno\u015b\u0107 funkcjonalna\u201d pt. Owoce w \u017cywno\u015bci funkcjonalnej, lekach i suplementach diety. Zio\u0142a jako alternatywa dla antybiotyk\u00f3w. Celem konferencji by\u0142o zwr\u00f3cenie uwagi na potencja\u0142 prozdrowotny jaki drzemie w [\u2026] <\/p>\n<div class=\"clear\"><\/div>\n<p><a class=\"more_link clearfix\" href=\"https:\/\/pans.krosno.pl\/kola-naukowe\/studenci-z-skn-ekonomistow-na-ix-konferencji-z-cyklu-rosliny-zielarskie-kosmetyki-naturalne-i-zywnosc-funkcjonalna\/\" rel=\"nofollow\">Read More<\/a><\/p>\n","protected":false},"author":17,"featured_media":6062,"comment_status":"open","ping_status":"open","sticky":false,"template":"","format":"standard","meta":{"ngg_post_thumbnail":0,"footnotes":""},"categories":[2],"tags":[],"class_list":["post-6056","post","type-post","status-publish","format-standard","has-post-thumbnail","hentry","category-ekonomisci"],"yoast_head":"<!-- This site is optimized with the Yoast SEO Premium plugin v27.4 (Yoast SEO v27.4) - https:\/\/yoast.com\/product\/yoast-seo-premium-wordpress\/ -->\n<title>Studenci z SKN Ekonomist\u00f3w na IX konferencji\u00a0z cyklu \u201eRo\u015bliny zielarskie, kosmetyki naturalne i \u017cywno\u015b\u0107 funkcjonalna\u201d - Studenckie Ko\u0142a Naukowe PANS w Kro\u015bnie<\/title>\n<meta name=\"robots\" content=\"index, follow, max-snippet:-1, max-image-preview:large, max-video-preview:-1\" \/>\n<link rel=\"canonical\" href=\"https:\/\/pans.krosno.pl\/kola-naukowe\/studenci-z-skn-ekonomistow-na-ix-konferencji-z-cyklu-rosliny-zielarskie-kosmetyki-naturalne-i-zywnosc-funkcjonalna\/\" \/>\n<meta property=\"og:locale\" content=\"pl_PL\" \/>\n<meta property=\"og:type\" content=\"article\" \/>\n<meta property=\"og:title\" content=\"Studenci z SKN Ekonomist\u00f3w na IX konferencji\u00a0z cyklu \u201eRo\u015bliny zielarskie, kosmetyki naturalne i \u017cywno\u015b\u0107 funkcjonalna\u201d\" \/>\n<meta property=\"og:description\" content=\"W dniach 11-12 maja 2023 roku, w Kampusie Politechnicznym PANS w Kro\u015bnie odby\u0142a si\u0119 IX Naukowa Konferencja&nbsp;z cyklu \u201eRo\u015bliny zielarskie, kosmetyki naturalne i \u017cywno\u015b\u0107 funkcjonalna\u201d pt. Owoce w \u017cywno\u015bci funkcjonalnej, lekach i suplementach diety. Zio\u0142a jako alternatywa dla antybiotyk\u00f3w. Celem konferencji by\u0142o zwr\u00f3cenie uwagi na potencja\u0142 prozdrowotny jaki drzemie w [\u2026] Read More\" \/>\n<meta property=\"og:url\" content=\"https:\/\/pans.krosno.pl\/kola-naukowe\/studenci-z-skn-ekonomistow-na-ix-konferencji-z-cyklu-rosliny-zielarskie-kosmetyki-naturalne-i-zywnosc-funkcjonalna\/\" \/>\n<meta property=\"og:site_name\" content=\"Studenckie Ko\u0142a Naukowe PANS w Kro\u015bnie\" \/>\n<meta property=\"article:published_time\" content=\"2023-05-14T19:30:46+00:00\" \/>\n<meta property=\"article:modified_time\" content=\"2023-05-14T19:34:00+00:00\" \/>\n<meta property=\"og:image\" content=\"https:\/\/pans.krosno.pl\/wp-content\/uploads\/sites\/48\/2023\/05\/strona-programu.jpg\" \/>\n\t<meta property=\"og:image:width\" content=\"1379\" \/>\n\t<meta property=\"og:image:height\" content=\"2048\" \/>\n\t<meta property=\"og:image:type\" content=\"image\/jpeg\" \/>\n<meta name=\"author\" content=\"elzbietabragiel\" \/>\n<meta name=\"twitter:card\" content=\"summary_large_image\" \/>\n<meta name=\"twitter:label1\" content=\"Napisane przez\" \/>\n\t<meta name=\"twitter:data1\" content=\"elzbietabragiel\" \/>\n\t<meta name=\"twitter:label2\" content=\"Szacowany czas czytania\" \/>\n\t<meta name=\"twitter:data2\" content=\"2 minuty\" \/>\n<script type=\"application\/ld+json\" class=\"yoast-schema-graph\">{\"@context\":\"https:\\\/\\\/schema.org\",\"@graph\":[{\"@type\":\"Article\",\"@id\":\"https:\\\/\\\/pans.krosno.pl\\\/kola-naukowe\\\/studenci-z-skn-ekonomistow-na-ix-konferencji-z-cyklu-rosliny-zielarskie-kosmetyki-naturalne-i-zywnosc-funkcjonalna\\\/#article\",\"isPartOf\":{\"@id\":\"https:\\\/\\\/pans.krosno.pl\\\/kola-naukowe\\\/studenci-z-skn-ekonomistow-na-ix-konferencji-z-cyklu-rosliny-zielarskie-kosmetyki-naturalne-i-zywnosc-funkcjonalna\\\/\"},\"author\":{\"name\":\"elzbietabragiel\",\"@id\":\"https:\\\/\\\/pans.krosno.pl\\\/kola-naukowe\\\/#\\\/schema\\\/person\\\/5234d538b37281133cebfcf174124540\"},\"headline\":\"Studenci z SKN Ekonomist\u00f3w na IX konferencji\u00a0z cyklu \u201eRo\u015bliny zielarskie, kosmetyki naturalne i \u017cywno\u015b\u0107 funkcjonalna\u201d\",\"datePublished\":\"2023-05-14T19:30:46+00:00\",\"dateModified\":\"2023-05-14T19:34:00+00:00\",\"mainEntityOfPage\":{\"@id\":\"https:\\\/\\\/pans.krosno.pl\\\/kola-naukowe\\\/studenci-z-skn-ekonomistow-na-ix-konferencji-z-cyklu-rosliny-zielarskie-kosmetyki-naturalne-i-zywnosc-funkcjonalna\\\/\"},\"wordCount\":178,\"commentCount\":0,\"publisher\":{\"@id\":\"https:\\\/\\\/pans.krosno.pl\\\/kola-naukowe\\\/#organization\"},\"image\":{\"@id\":\"https:\\\/\\\/pans.krosno.pl\\\/kola-naukowe\\\/studenci-z-skn-ekonomistow-na-ix-konferencji-z-cyklu-rosliny-zielarskie-kosmetyki-naturalne-i-zywnosc-funkcjonalna\\\/#primaryimage\"},\"thumbnailUrl\":\"https:\\\/\\\/pans.krosno.pl\\\/kola-naukowe\\\/wp-content\\\/uploads\\\/sites\\\/48\\\/2023\\\/05\\\/strona-programu.jpg\",\"articleSection\":[\"Ekonomi\u015bci\"],\"inLanguage\":\"pl-PL\",\"potentialAction\":[{\"@type\":\"CommentAction\",\"name\":\"Comment\",\"target\":[\"https:\\\/\\\/pans.krosno.pl\\\/kola-naukowe\\\/studenci-z-skn-ekonomistow-na-ix-konferencji-z-cyklu-rosliny-zielarskie-kosmetyki-naturalne-i-zywnosc-funkcjonalna\\\/#respond\"]}]},{\"@type\":\"WebPage\",\"@id\":\"https:\\\/\\\/pans.krosno.pl\\\/kola-naukowe\\\/studenci-z-skn-ekonomistow-na-ix-konferencji-z-cyklu-rosliny-zielarskie-kosmetyki-naturalne-i-zywnosc-funkcjonalna\\\/\",\"url\":\"https:\\\/\\\/pans.krosno.pl\\\/kola-naukowe\\\/studenci-z-skn-ekonomistow-na-ix-konferencji-z-cyklu-rosliny-zielarskie-kosmetyki-naturalne-i-zywnosc-funkcjonalna\\\/\",\"name\":\"Studenci z SKN Ekonomist\u00f3w na IX konferencji\u00a0z cyklu \u201eRo\u015bliny zielarskie, kosmetyki naturalne i \u017cywno\u015b\u0107 funkcjonalna\u201d - Studenckie Ko\u0142a Naukowe PANS w Kro\u015bnie\",\"isPartOf\":{\"@id\":\"https:\\\/\\\/pans.krosno.pl\\\/kola-naukowe\\\/#website\"},\"primaryImageOfPage\":{\"@id\":\"https:\\\/\\\/pans.krosno.pl\\\/kola-naukowe\\\/studenci-z-skn-ekonomistow-na-ix-konferencji-z-cyklu-rosliny-zielarskie-kosmetyki-naturalne-i-zywnosc-funkcjonalna\\\/#primaryimage\"},\"image\":{\"@id\":\"https:\\\/\\\/pans.krosno.pl\\\/kola-naukowe\\\/studenci-z-skn-ekonomistow-na-ix-konferencji-z-cyklu-rosliny-zielarskie-kosmetyki-naturalne-i-zywnosc-funkcjonalna\\\/#primaryimage\"},\"thumbnailUrl\":\"https:\\\/\\\/pans.krosno.pl\\\/kola-naukowe\\\/wp-content\\\/uploads\\\/sites\\\/48\\\/2023\\\/05\\\/strona-programu.jpg\",\"datePublished\":\"2023-05-14T19:30:46+00:00\",\"dateModified\":\"2023-05-14T19:34:00+00:00\",\"breadcrumb\":{\"@id\":\"https:\\\/\\\/pans.krosno.pl\\\/kola-naukowe\\\/studenci-z-skn-ekonomistow-na-ix-konferencji-z-cyklu-rosliny-zielarskie-kosmetyki-naturalne-i-zywnosc-funkcjonalna\\\/#breadcrumb\"},\"inLanguage\":\"pl-PL\",\"potentialAction\":[{\"@type\":\"ReadAction\",\"target\":[\"https:\\\/\\\/pans.krosno.pl\\\/kola-naukowe\\\/studenci-z-skn-ekonomistow-na-ix-konferencji-z-cyklu-rosliny-zielarskie-kosmetyki-naturalne-i-zywnosc-funkcjonalna\\\/\"]}]},{\"@type\":\"ImageObject\",\"inLanguage\":\"pl-PL\",\"@id\":\"https:\\\/\\\/pans.krosno.pl\\\/kola-naukowe\\\/studenci-z-skn-ekonomistow-na-ix-konferencji-z-cyklu-rosliny-zielarskie-kosmetyki-naturalne-i-zywnosc-funkcjonalna\\\/#primaryimage\",\"url\":\"https:\\\/\\\/pans.krosno.pl\\\/kola-naukowe\\\/wp-content\\\/uploads\\\/sites\\\/48\\\/2023\\\/05\\\/strona-programu.jpg\",\"contentUrl\":\"https:\\\/\\\/pans.krosno.pl\\\/kola-naukowe\\\/wp-content\\\/uploads\\\/sites\\\/48\\\/2023\\\/05\\\/strona-programu.jpg\",\"width\":1379,\"height\":2048},{\"@type\":\"BreadcrumbList\",\"@id\":\"https:\\\/\\\/pans.krosno.pl\\\/kola-naukowe\\\/studenci-z-skn-ekonomistow-na-ix-konferencji-z-cyklu-rosliny-zielarskie-kosmetyki-naturalne-i-zywnosc-funkcjonalna\\\/#breadcrumb\",\"itemListElement\":[{\"@type\":\"ListItem\",\"position\":1,\"name\":\"Strona g\u0142\u00f3wna\",\"item\":\"https:\\\/\\\/pans.krosno.pl\\\/kola-naukowe\\\/\"},{\"@type\":\"ListItem\",\"position\":2,\"name\":\"Studenci z SKN Ekonomist\u00f3w na IX konferencji\u00a0z cyklu \u201eRo\u015bliny zielarskie, kosmetyki naturalne i \u017cywno\u015b\u0107 funkcjonalna\u201d\"}]},{\"@type\":\"WebSite\",\"@id\":\"https:\\\/\\\/pans.krosno.pl\\\/kola-naukowe\\\/#website\",\"url\":\"https:\\\/\\\/pans.krosno.pl\\\/kola-naukowe\\\/\",\"name\":\"Studenckie Ko\u0142a Naukowe PANS w Kro\u015bnie\",\"description\":\"Studenckie Ko\u0142a Naukowe - Pa\u0144stwowa Akademia Nauk Stosowanych\",\"publisher\":{\"@id\":\"https:\\\/\\\/pans.krosno.pl\\\/kola-naukowe\\\/#organization\"},\"potentialAction\":[{\"@type\":\"SearchAction\",\"target\":{\"@type\":\"EntryPoint\",\"urlTemplate\":\"https:\\\/\\\/pans.krosno.pl\\\/kola-naukowe\\\/?s={search_term_string}\"},\"query-input\":{\"@type\":\"PropertyValueSpecification\",\"valueRequired\":true,\"valueName\":\"search_term_string\"}}],\"inLanguage\":\"pl-PL\"},{\"@type\":\"Organization\",\"@id\":\"https:\\\/\\\/pans.krosno.pl\\\/kola-naukowe\\\/#organization\",\"name\":\"Studenckie Ko\u0142a Naukowe PANS w Kro\u015bnie\",\"url\":\"https:\\\/\\\/pans.krosno.pl\\\/kola-naukowe\\\/\",\"logo\":{\"@type\":\"ImageObject\",\"inLanguage\":\"pl-PL\",\"@id\":\"https:\\\/\\\/pans.krosno.pl\\\/kola-naukowe\\\/#\\\/schema\\\/logo\\\/image\\\/\",\"url\":\"https:\\\/\\\/pans.krosno.pl\\\/kola-naukowe\\\/wp-content\\\/uploads\\\/sites\\\/48\\\/2023\\\/01\\\/Logo-PANS-2022-pelne.png\",\"contentUrl\":\"https:\\\/\\\/pans.krosno.pl\\\/kola-naukowe\\\/wp-content\\\/uploads\\\/sites\\\/48\\\/2023\\\/01\\\/Logo-PANS-2022-pelne.png\",\"width\":3096,\"height\":696,\"caption\":\"Studenckie Ko\u0142a Naukowe PANS w Kro\u015bnie\"},\"image\":{\"@id\":\"https:\\\/\\\/pans.krosno.pl\\\/kola-naukowe\\\/#\\\/schema\\\/logo\\\/image\\\/\"}},{\"@type\":\"Person\",\"@id\":\"https:\\\/\\\/pans.krosno.pl\\\/kola-naukowe\\\/#\\\/schema\\\/person\\\/5234d538b37281133cebfcf174124540\",\"name\":\"elzbietabragiel\",\"image\":{\"@type\":\"ImageObject\",\"inLanguage\":\"pl-PL\",\"@id\":\"https:\\\/\\\/secure.gravatar.com\\\/avatar\\\/bcc708f308dc4018a34d44dfaa286089751c22f62d1a00bda271b3333c84bc0b?s=96&d=mm&r=g\",\"url\":\"https:\\\/\\\/secure.gravatar.com\\\/avatar\\\/bcc708f308dc4018a34d44dfaa286089751c22f62d1a00bda271b3333c84bc0b?s=96&d=mm&r=g\",\"contentUrl\":\"https:\\\/\\\/secure.gravatar.com\\\/avatar\\\/bcc708f308dc4018a34d44dfaa286089751c22f62d1a00bda271b3333c84bc0b?s=96&d=mm&r=g\",\"caption\":\"elzbietabragiel\"},\"url\":\"https:\\\/\\\/pans.krosno.pl\\\/kola-naukowe\\\/author\\\/elzbietabragiel\\\/\"}]}<\/script>\n<!-- \/ Yoast SEO Premium plugin. -->","yoast_head_json":{"title":"Studenci z SKN Ekonomist\u00f3w na IX konferencji\u00a0z cyklu \u201eRo\u015bliny zielarskie, kosmetyki naturalne i \u017cywno\u015b\u0107 funkcjonalna\u201d - Studenckie Ko\u0142a Naukowe PANS w Kro\u015bnie","robots":{"index":"index","follow":"follow","max-snippet":"max-snippet:-1","max-image-preview":"max-image-preview:large","max-video-preview":"max-video-preview:-1"},"canonical":"https:\/\/pans.krosno.pl\/kola-naukowe\/studenci-z-skn-ekonomistow-na-ix-konferencji-z-cyklu-rosliny-zielarskie-kosmetyki-naturalne-i-zywnosc-funkcjonalna\/","og_locale":"pl_PL","og_type":"article","og_title":"Studenci z SKN Ekonomist\u00f3w na IX konferencji\u00a0z cyklu \u201eRo\u015bliny zielarskie, kosmetyki naturalne i \u017cywno\u015b\u0107 funkcjonalna\u201d","og_description":"W dniach 11-12 maja 2023 roku, w Kampusie Politechnicznym PANS w Kro\u015bnie odby\u0142a si\u0119 IX Naukowa Konferencja&nbsp;z cyklu \u201eRo\u015bliny zielarskie, kosmetyki naturalne i \u017cywno\u015b\u0107 funkcjonalna\u201d pt. Owoce w \u017cywno\u015bci funkcjonalnej, lekach i suplementach diety. Zio\u0142a jako alternatywa dla antybiotyk\u00f3w. Celem konferencji by\u0142o zwr\u00f3cenie uwagi na potencja\u0142 prozdrowotny jaki drzemie w [\u2026] Read More","og_url":"https:\/\/pans.krosno.pl\/kola-naukowe\/studenci-z-skn-ekonomistow-na-ix-konferencji-z-cyklu-rosliny-zielarskie-kosmetyki-naturalne-i-zywnosc-funkcjonalna\/","og_site_name":"Studenckie Ko\u0142a Naukowe PANS w Kro\u015bnie","article_published_time":"2023-05-14T19:30:46+00:00","article_modified_time":"2023-05-14T19:34:00+00:00","og_image":[{"width":1379,"height":2048,"url":"https:\/\/pans.krosno.pl\/wp-content\/uploads\/sites\/48\/2023\/05\/strona-programu.jpg","type":"image\/jpeg"}],"author":"elzbietabragiel","twitter_card":"summary_large_image","twitter_misc":{"Napisane przez":"elzbietabragiel","Szacowany czas czytania":"2 minuty"},"schema":{"@context":"https:\/\/schema.org","@graph":[{"@type":"Article","@id":"https:\/\/pans.krosno.pl\/kola-naukowe\/studenci-z-skn-ekonomistow-na-ix-konferencji-z-cyklu-rosliny-zielarskie-kosmetyki-naturalne-i-zywnosc-funkcjonalna\/#article","isPartOf":{"@id":"https:\/\/pans.krosno.pl\/kola-naukowe\/studenci-z-skn-ekonomistow-na-ix-konferencji-z-cyklu-rosliny-zielarskie-kosmetyki-naturalne-i-zywnosc-funkcjonalna\/"},"author":{"name":"elzbietabragiel","@id":"https:\/\/pans.krosno.pl\/kola-naukowe\/#\/schema\/person\/5234d538b37281133cebfcf174124540"},"headline":"Studenci z SKN Ekonomist\u00f3w na IX konferencji\u00a0z cyklu \u201eRo\u015bliny zielarskie, kosmetyki naturalne i \u017cywno\u015b\u0107 funkcjonalna\u201d","datePublished":"2023-05-14T19:30:46+00:00","dateModified":"2023-05-14T19:34:00+00:00","mainEntityOfPage":{"@id":"https:\/\/pans.krosno.pl\/kola-naukowe\/studenci-z-skn-ekonomistow-na-ix-konferencji-z-cyklu-rosliny-zielarskie-kosmetyki-naturalne-i-zywnosc-funkcjonalna\/"},"wordCount":178,"commentCount":0,"publisher":{"@id":"https:\/\/pans.krosno.pl\/kola-naukowe\/#organization"},"image":{"@id":"https:\/\/pans.krosno.pl\/kola-naukowe\/studenci-z-skn-ekonomistow-na-ix-konferencji-z-cyklu-rosliny-zielarskie-kosmetyki-naturalne-i-zywnosc-funkcjonalna\/#primaryimage"},"thumbnailUrl":"https:\/\/pans.krosno.pl\/kola-naukowe\/wp-content\/uploads\/sites\/48\/2023\/05\/strona-programu.jpg","articleSection":["Ekonomi\u015bci"],"inLanguage":"pl-PL","potentialAction":[{"@type":"CommentAction","name":"Comment","target":["https:\/\/pans.krosno.pl\/kola-naukowe\/studenci-z-skn-ekonomistow-na-ix-konferencji-z-cyklu-rosliny-zielarskie-kosmetyki-naturalne-i-zywnosc-funkcjonalna\/#respond"]}]},{"@type":"WebPage","@id":"https:\/\/pans.krosno.pl\/kola-naukowe\/studenci-z-skn-ekonomistow-na-ix-konferencji-z-cyklu-rosliny-zielarskie-kosmetyki-naturalne-i-zywnosc-funkcjonalna\/","url":"https:\/\/pans.krosno.pl\/kola-naukowe\/studenci-z-skn-ekonomistow-na-ix-konferencji-z-cyklu-rosliny-zielarskie-kosmetyki-naturalne-i-zywnosc-funkcjonalna\/","name":"Studenci z SKN Ekonomist\u00f3w na IX konferencji\u00a0z cyklu \u201eRo\u015bliny zielarskie, kosmetyki naturalne i \u017cywno\u015b\u0107 funkcjonalna\u201d - Studenckie Ko\u0142a Naukowe PANS w Kro\u015bnie","isPartOf":{"@id":"https:\/\/pans.krosno.pl\/kola-naukowe\/#website"},"primaryImageOfPage":{"@id":"https:\/\/pans.krosno.pl\/kola-naukowe\/studenci-z-skn-ekonomistow-na-ix-konferencji-z-cyklu-rosliny-zielarskie-kosmetyki-naturalne-i-zywnosc-funkcjonalna\/#primaryimage"},"image":{"@id":"https:\/\/pans.krosno.pl\/kola-naukowe\/studenci-z-skn-ekonomistow-na-ix-konferencji-z-cyklu-rosliny-zielarskie-kosmetyki-naturalne-i-zywnosc-funkcjonalna\/#primaryimage"},"thumbnailUrl":"https:\/\/pans.krosno.pl\/kola-naukowe\/wp-content\/uploads\/sites\/48\/2023\/05\/strona-programu.jpg","datePublished":"2023-05-14T19:30:46+00:00","dateModified":"2023-05-14T19:34:00+00:00","breadcrumb":{"@id":"https:\/\/pans.krosno.pl\/kola-naukowe\/studenci-z-skn-ekonomistow-na-ix-konferencji-z-cyklu-rosliny-zielarskie-kosmetyki-naturalne-i-zywnosc-funkcjonalna\/#breadcrumb"},"inLanguage":"pl-PL","potentialAction":[{"@type":"ReadAction","target":["https:\/\/pans.krosno.pl\/kola-naukowe\/studenci-z-skn-ekonomistow-na-ix-konferencji-z-cyklu-rosliny-zielarskie-kosmetyki-naturalne-i-zywnosc-funkcjonalna\/"]}]},{"@type":"ImageObject","inLanguage":"pl-PL","@id":"https:\/\/pans.krosno.pl\/kola-naukowe\/studenci-z-skn-ekonomistow-na-ix-konferencji-z-cyklu-rosliny-zielarskie-kosmetyki-naturalne-i-zywnosc-funkcjonalna\/#primaryimage","url":"https:\/\/pans.krosno.pl\/kola-naukowe\/wp-content\/uploads\/sites\/48\/2023\/05\/strona-programu.jpg","contentUrl":"https:\/\/pans.krosno.pl\/kola-naukowe\/wp-content\/uploads\/sites\/48\/2023\/05\/strona-programu.jpg","width":1379,"height":2048},{"@type":"BreadcrumbList","@id":"https:\/\/pans.krosno.pl\/kola-naukowe\/studenci-z-skn-ekonomistow-na-ix-konferencji-z-cyklu-rosliny-zielarskie-kosmetyki-naturalne-i-zywnosc-funkcjonalna\/#breadcrumb","itemListElement":[{"@type":"ListItem","position":1,"name":"Strona g\u0142\u00f3wna","item":"https:\/\/pans.krosno.pl\/kola-naukowe\/"},{"@type":"ListItem","position":2,"name":"Studenci z SKN Ekonomist\u00f3w na IX konferencji\u00a0z cyklu \u201eRo\u015bliny zielarskie, kosmetyki naturalne i \u017cywno\u015b\u0107 funkcjonalna\u201d"}]},{"@type":"WebSite","@id":"https:\/\/pans.krosno.pl\/kola-naukowe\/#website","url":"https:\/\/pans.krosno.pl\/kola-naukowe\/","name":"Studenckie Ko\u0142a Naukowe PANS w Kro\u015bnie","description":"Studenckie Ko\u0142a Naukowe - Pa\u0144stwowa Akademia Nauk Stosowanych","publisher":{"@id":"https:\/\/pans.krosno.pl\/kola-naukowe\/#organization"},"potentialAction":[{"@type":"SearchAction","target":{"@type":"EntryPoint","urlTemplate":"https:\/\/pans.krosno.pl\/kola-naukowe\/?s={search_term_string}"},"query-input":{"@type":"PropertyValueSpecification","valueRequired":true,"valueName":"search_term_string"}}],"inLanguage":"pl-PL"},{"@type":"Organization","@id":"https:\/\/pans.krosno.pl\/kola-naukowe\/#organization","name":"Studenckie Ko\u0142a Naukowe PANS w Kro\u015bnie","url":"https:\/\/pans.krosno.pl\/kola-naukowe\/","logo":{"@type":"ImageObject","inLanguage":"pl-PL","@id":"https:\/\/pans.krosno.pl\/kola-naukowe\/#\/schema\/logo\/image\/","url":"https:\/\/pans.krosno.pl\/kola-naukowe\/wp-content\/uploads\/sites\/48\/2023\/01\/Logo-PANS-2022-pelne.png","contentUrl":"https:\/\/pans.krosno.pl\/kola-naukowe\/wp-content\/uploads\/sites\/48\/2023\/01\/Logo-PANS-2022-pelne.png","width":3096,"height":696,"caption":"Studenckie Ko\u0142a Naukowe PANS w Kro\u015bnie"},"image":{"@id":"https:\/\/pans.krosno.pl\/kola-naukowe\/#\/schema\/logo\/image\/"}},{"@type":"Person","@id":"https:\/\/pans.krosno.pl\/kola-naukowe\/#\/schema\/person\/5234d538b37281133cebfcf174124540","name":"elzbietabragiel","image":{"@type":"ImageObject","inLanguage":"pl-PL","@id":"https:\/\/secure.gravatar.com\/avatar\/bcc708f308dc4018a34d44dfaa286089751c22f62d1a00bda271b3333c84bc0b?s=96&d=mm&r=g","url":"https:\/\/secure.gravatar.com\/avatar\/bcc708f308dc4018a34d44dfaa286089751c22f62d1a00bda271b3333c84bc0b?s=96&d=mm&r=g","contentUrl":"https:\/\/secure.gravatar.com\/avatar\/bcc708f308dc4018a34d44dfaa286089751c22f62d1a00bda271b3333c84bc0b?s=96&d=mm&r=g","caption":"elzbietabragiel"},"url":"https:\/\/pans.krosno.pl\/kola-naukowe\/author\/elzbietabragiel\/"}]}},"_links":{"self":[{"href":"https:\/\/pans.krosno.pl\/kola-naukowe\/wp-json\/wp\/v2\/posts\/6056","targetHints":{"allow":["GET"]}}],"collection":[{"href":"https:\/\/pans.krosno.pl\/kola-naukowe\/wp-json\/wp\/v2\/posts"}],"about":[{"href":"https:\/\/pans.krosno.pl\/kola-naukowe\/wp-json\/wp\/v2\/types\/post"}],"author":[{"embeddable":true,"href":"https:\/\/pans.krosno.pl\/kola-naukowe\/wp-json\/wp\/v2\/users\/17"}],"replies":[{"embeddable":true,"href":"https:\/\/pans.krosno.pl\/kola-naukowe\/wp-json\/wp\/v2\/comments?post=6056"}],"version-history":[{"count":1,"href":"https:\/\/pans.krosno.pl\/kola-naukowe\/wp-json\/wp\/v2\/posts\/6056\/revisions"}],"predecessor-version":[{"id":6061,"href":"https:\/\/pans.krosno.pl\/kola-naukowe\/wp-json\/wp\/v2\/posts\/6056\/revisions\/6061"}],"wp:featuredmedia":[{"embeddable":true,"href":"https:\/\/pans.krosno.pl\/kola-naukowe\/wp-json\/wp\/v2\/media\/6062"}],"wp:attachment":[{"href":"https:\/\/pans.krosno.pl\/kola-naukowe\/wp-json\/wp\/v2\/media?parent=6056"}],"wp:term":[{"taxonomy":"category","embeddable":true,"href":"https:\/\/pans.krosno.pl\/kola-naukowe\/wp-json\/wp\/v2\/categories?post=6056"},{"taxonomy":"post_tag","embeddable":true,"href":"https:\/\/pans.krosno.pl\/kola-naukowe\/wp-json\/wp\/v2\/tags?post=6056"}],"curies":[{"name":"wp","href":"https:\/\/api.w.org\/{rel}","templated":true}]}}