{"id":5715,"date":"2023-03-27T21:03:36","date_gmt":"2023-03-27T19:03:36","guid":{"rendered":"https:\/\/pans.krosno.pl\/kola-naukowe\/?p=5715"},"modified":"2023-03-27T21:03:38","modified_gmt":"2023-03-27T19:03:38","slug":"studentki-z-skn-ekonomistow-na-iii-ogolnopolskiej-konferencji-naukowej-social-media-marketing","status":"publish","type":"post","link":"https:\/\/pans.krosno.pl\/kola-naukowe\/studentki-z-skn-ekonomistow-na-iii-ogolnopolskiej-konferencji-naukowej-social-media-marketing\/","title":{"rendered":"Studentki z SKN Ekonomist\u00f3w na III Og\u00f3lnopolskiej Konferencji naukowej \u201eSocial Media Marketing\u201d"},"content":{"rendered":"<p>Studentki z SKN Ekonomist\u00f3w Sylwia Nowak, Natalia Baran i Karolina Sondej w dniach 24.03. \u2013 25.03.2023 wyg\u0142osi\u0142y referat na III Og\u00f3lnopolskiej Konferencji Naukowej \u201eSocial Media Marketing\u201d, kt\u00f3ra odby\u0142a si\u0119&nbsp; w Uniwersytecie Marii Curie \u2013 Sk\u0142odowskiej UMCS w Lublinie (zdalnie). Temat wyst\u0105pienia &#8222;JAK SOCIAL MEDIA WP\u0141YWAJ\u0104 NA POCZUCIE W\u0141ASNEJ WARTO\u015aCI?&#8221;, okazuje si\u0119 by\u0107 bardzo aktualnym. Dodatkowo studentki popar\u0142y go w\u0142asnymi badaniami.<\/p>\n<p>Gratulacj\u0119 i \u017cycz\u0119 dalszych sukces\u00f3w.<\/p>\n<p style=\"text-align: right\">Opiekun ko\u0142a mgr in\u017c. El\u017cbieta Br\u0105giel<\/p>\n\n\n<div class=\"wp-block-columns is-layout-flex wp-container-core-columns-is-layout-28f84493 wp-block-columns-is-layout-flex\">\n<div class=\"wp-block-column is-layout-flow wp-block-column-is-layout-flow\">\n<figure class=\"wp-block-image size-large is-resized\"><img loading=\"lazy\" decoding=\"async\" src=\"https:\/\/pans.krosno.pl\/kola-naukowe\/wp-content\/uploads\/sites\/48\/2023\/03\/333912788_1305035730076951_4235309946092045695_n-914x1024.jpg\" alt=\"zrzut ekranu podczas prezentacji-slajd tytu\u0142owy\" class=\"wp-image-5716\" width=\"427\" height=\"477\" srcset=\"https:\/\/pans.krosno.pl\/kola-naukowe\/wp-content\/uploads\/sites\/48\/2023\/03\/333912788_1305035730076951_4235309946092045695_n-914x1024.jpg 914w, https:\/\/pans.krosno.pl\/kola-naukowe\/wp-content\/uploads\/sites\/48\/2023\/03\/333912788_1305035730076951_4235309946092045695_n-268x300.jpg 268w, https:\/\/pans.krosno.pl\/kola-naukowe\/wp-content\/uploads\/sites\/48\/2023\/03\/333912788_1305035730076951_4235309946092045695_n-768x860.jpg 768w, https:\/\/pans.krosno.pl\/kola-naukowe\/wp-content\/uploads\/sites\/48\/2023\/03\/333912788_1305035730076951_4235309946092045695_n-1371x1536.jpg 1371w, https:\/\/pans.krosno.pl\/kola-naukowe\/wp-content\/uploads\/sites\/48\/2023\/03\/333912788_1305035730076951_4235309946092045695_n-800x896.jpg 800w, https:\/\/pans.krosno.pl\/kola-naukowe\/wp-content\/uploads\/sites\/48\/2023\/03\/333912788_1305035730076951_4235309946092045695_n.jpg 1828w\" sizes=\"auto, (max-width: 427px) 100vw, 427px\" \/><\/figure>\n<\/div>\n\n\n\n<div class=\"wp-block-column is-layout-flow wp-block-column-is-layout-flow\">\n<figure class=\"wp-block-image size-large is-resized\"><img loading=\"lazy\" decoding=\"async\" src=\"https:\/\/pans.krosno.pl\/kola-naukowe\/wp-content\/uploads\/sites\/48\/2023\/03\/337190822_789299778777392_4461091590705956955_n-3-768x1024.jpg\" alt=\"zrzut ekranu podczas prezentacji - wprowadzenie w temat\" class=\"wp-image-5724\" width=\"357\" height=\"474\" \/><\/figure>\n<\/div>\n<\/div>\n\n\n\n<div class=\"wp-block-columns is-layout-flex wp-container-core-columns-is-layout-28f84493 wp-block-columns-is-layout-flex\">\n<div class=\"wp-block-column is-layout-flow wp-block-column-is-layout-flow\">\n<figure class=\"wp-block-image size-large is-resized is-style-default\"><img loading=\"lazy\" decoding=\"async\" src=\"https:\/\/pans.krosno.pl\/kola-naukowe\/wp-content\/uploads\/sites\/48\/2023\/03\/336650460_138004332326646_5650819843292813979_n-11-1024x591.png\" alt=\"Wnioski z prezentacji\" class=\"wp-image-5732\" width=\"432\" height=\"250\" srcset=\"https:\/\/pans.krosno.pl\/kola-naukowe\/wp-content\/uploads\/sites\/48\/2023\/03\/336650460_138004332326646_5650819843292813979_n-11-1024x591.png 1024w, https:\/\/pans.krosno.pl\/kola-naukowe\/wp-content\/uploads\/sites\/48\/2023\/03\/336650460_138004332326646_5650819843292813979_n-11-300x173.png 300w, https:\/\/pans.krosno.pl\/kola-naukowe\/wp-content\/uploads\/sites\/48\/2023\/03\/336650460_138004332326646_5650819843292813979_n-11-768x443.png 768w, https:\/\/pans.krosno.pl\/kola-naukowe\/wp-content\/uploads\/sites\/48\/2023\/03\/336650460_138004332326646_5650819843292813979_n-11-800x462.png 800w, https:\/\/pans.krosno.pl\/kola-naukowe\/wp-content\/uploads\/sites\/48\/2023\/03\/336650460_138004332326646_5650819843292813979_n-11-580x335.png 580w, https:\/\/pans.krosno.pl\/kola-naukowe\/wp-content\/uploads\/sites\/48\/2023\/03\/336650460_138004332326646_5650819843292813979_n-11.png 1527w\" sizes=\"auto, (max-width: 432px) 100vw, 432px\" \/><\/figure>\n<\/div>\n\n\n\n<div class=\"wp-block-column is-layout-flow wp-block-column-is-layout-flow\">\n<figure class=\"wp-block-image size-large is-resized\"><img loading=\"lazy\" decoding=\"async\" src=\"https:\/\/pans.krosno.pl\/kola-naukowe\/wp-content\/uploads\/sites\/48\/2023\/03\/334717745_596828079128762_6963191370553767643_n-111-1024x576.png\" alt=\"Sentencja w sprzentacji\" class=\"wp-image-5734\" width=\"447\" height=\"251\" srcset=\"https:\/\/pans.krosno.pl\/kola-naukowe\/wp-content\/uploads\/sites\/48\/2023\/03\/334717745_596828079128762_6963191370553767643_n-111-1024x576.png 1024w, https:\/\/pans.krosno.pl\/kola-naukowe\/wp-content\/uploads\/sites\/48\/2023\/03\/334717745_596828079128762_6963191370553767643_n-111-300x169.png 300w, https:\/\/pans.krosno.pl\/kola-naukowe\/wp-content\/uploads\/sites\/48\/2023\/03\/334717745_596828079128762_6963191370553767643_n-111-768x432.png 768w, https:\/\/pans.krosno.pl\/kola-naukowe\/wp-content\/uploads\/sites\/48\/2023\/03\/334717745_596828079128762_6963191370553767643_n-111-1536x864.png 1536w, https:\/\/pans.krosno.pl\/kola-naukowe\/wp-content\/uploads\/sites\/48\/2023\/03\/334717745_596828079128762_6963191370553767643_n-111-800x450.png 800w, https:\/\/pans.krosno.pl\/kola-naukowe\/wp-content\/uploads\/sites\/48\/2023\/03\/334717745_596828079128762_6963191370553767643_n-111-270x152.png 270w, https:\/\/pans.krosno.pl\/kola-naukowe\/wp-content\/uploads\/sites\/48\/2023\/03\/334717745_596828079128762_6963191370553767643_n-111-580x326.png 580w, https:\/\/pans.krosno.pl\/kola-naukowe\/wp-content\/uploads\/sites\/48\/2023\/03\/334717745_596828079128762_6963191370553767643_n-111.png 1604w\" sizes=\"auto, (max-width: 447px) 100vw, 447px\" \/><\/figure>\n<\/div>\n<\/div>\n","protected":false},"excerpt":{"rendered":"<p>Studentki z SKN Ekonomist\u00f3w Sylwia Nowak, Natalia Baran i Karolina Sondej w dniach 24.03. \u2013 25.03.2023 wyg\u0142osi\u0142y referat na III Og\u00f3lnopolskiej Konferencji Naukowej \u201eSocial Media Marketing\u201d, kt\u00f3ra odby\u0142a si\u0119&nbsp; w Uniwersytecie Marii Curie \u2013 Sk\u0142odowskiej UMCS w Lublinie (zdalnie). Temat wyst\u0105pienia &#8222;JAK SOCIAL MEDIA WP\u0141YWAJ\u0104 NA POCZUCIE W\u0141ASNEJ WARTO\u015aCI?&#8221;, okazuje [\u2026] <\/p>\n<div class=\"clear\"><\/div>\n<p><a class=\"more_link clearfix\" href=\"https:\/\/pans.krosno.pl\/kola-naukowe\/studentki-z-skn-ekonomistow-na-iii-ogolnopolskiej-konferencji-naukowej-social-media-marketing\/\" rel=\"nofollow\">Read More<\/a><\/p>\n","protected":false},"author":17,"featured_media":5736,"comment_status":"open","ping_status":"open","sticky":false,"template":"","format":"standard","meta":{"ngg_post_thumbnail":0,"footnotes":""},"categories":[2],"tags":[],"class_list":["post-5715","post","type-post","status-publish","format-standard","has-post-thumbnail","hentry","category-ekonomisci"],"yoast_head":"<!-- This site is optimized with the Yoast SEO Premium plugin v27.4 (Yoast SEO v27.4) - https:\/\/yoast.com\/product\/yoast-seo-premium-wordpress\/ -->\n<title>Studentki z SKN Ekonomist\u00f3w na III Og\u00f3lnopolskiej Konferencji naukowej \u201eSocial Media Marketing\u201d - Studenckie Ko\u0142a Naukowe PANS w Kro\u015bnie<\/title>\n<meta name=\"robots\" content=\"index, follow, max-snippet:-1, max-image-preview:large, max-video-preview:-1\" \/>\n<link rel=\"canonical\" href=\"https:\/\/pans.krosno.pl\/kola-naukowe\/studentki-z-skn-ekonomistow-na-iii-ogolnopolskiej-konferencji-naukowej-social-media-marketing\/\" \/>\n<meta property=\"og:locale\" content=\"pl_PL\" \/>\n<meta property=\"og:type\" content=\"article\" \/>\n<meta property=\"og:title\" content=\"Studentki z SKN Ekonomist\u00f3w na III Og\u00f3lnopolskiej Konferencji naukowej \u201eSocial Media Marketing\u201d\" \/>\n<meta property=\"og:description\" content=\"Studentki z SKN Ekonomist\u00f3w Sylwia Nowak, Natalia Baran i Karolina Sondej w dniach 24.03. \u2013 25.03.2023 wyg\u0142osi\u0142y referat na III Og\u00f3lnopolskiej Konferencji Naukowej \u201eSocial Media Marketing\u201d, kt\u00f3ra odby\u0142a si\u0119&nbsp; w Uniwersytecie Marii Curie \u2013 Sk\u0142odowskiej UMCS w Lublinie (zdalnie). Temat wyst\u0105pienia &#8222;JAK SOCIAL MEDIA WP\u0141YWAJ\u0104 NA POCZUCIE W\u0141ASNEJ WARTO\u015aCI?&#8221;, okazuje [\u2026] Read More\" \/>\n<meta property=\"og:url\" content=\"https:\/\/pans.krosno.pl\/kola-naukowe\/studentki-z-skn-ekonomistow-na-iii-ogolnopolskiej-konferencji-naukowej-social-media-marketing\/\" \/>\n<meta property=\"og:site_name\" content=\"Studenckie Ko\u0142a Naukowe PANS w Kro\u015bnie\" \/>\n<meta property=\"article:published_time\" content=\"2023-03-27T19:03:36+00:00\" \/>\n<meta property=\"article:modified_time\" content=\"2023-03-27T19:03:38+00:00\" \/>\n<meta property=\"og:image\" content=\"https:\/\/pans.krosno.pl\/wp-content\/uploads\/sites\/48\/2023\/03\/333912788_1305035730076951_4235309946092045695_n-1.jpg\" \/>\n\t<meta property=\"og:image:width\" content=\"1828\" \/>\n\t<meta property=\"og:image:height\" content=\"2048\" \/>\n\t<meta property=\"og:image:type\" content=\"image\/jpeg\" \/>\n<meta name=\"author\" content=\"elzbietabragiel\" \/>\n<meta name=\"twitter:card\" content=\"summary_large_image\" \/>\n<meta name=\"twitter:label1\" content=\"Napisane przez\" \/>\n\t<meta name=\"twitter:data1\" content=\"elzbietabragiel\" \/>\n\t<meta name=\"twitter:label2\" content=\"Szacowany czas czytania\" \/>\n\t<meta name=\"twitter:data2\" content=\"2 minuty\" \/>\n<script type=\"application\/ld+json\" class=\"yoast-schema-graph\">{\"@context\":\"https:\\\/\\\/schema.org\",\"@graph\":[{\"@type\":\"Article\",\"@id\":\"https:\\\/\\\/pans.krosno.pl\\\/kola-naukowe\\\/studentki-z-skn-ekonomistow-na-iii-ogolnopolskiej-konferencji-naukowej-social-media-marketing\\\/#article\",\"isPartOf\":{\"@id\":\"https:\\\/\\\/pans.krosno.pl\\\/kola-naukowe\\\/studentki-z-skn-ekonomistow-na-iii-ogolnopolskiej-konferencji-naukowej-social-media-marketing\\\/\"},\"author\":{\"name\":\"elzbietabragiel\",\"@id\":\"https:\\\/\\\/pans.krosno.pl\\\/kola-naukowe\\\/#\\\/schema\\\/person\\\/5234d538b37281133cebfcf174124540\"},\"headline\":\"Studentki z SKN Ekonomist\u00f3w na III Og\u00f3lnopolskiej Konferencji naukowej \u201eSocial Media Marketing\u201d\",\"datePublished\":\"2023-03-27T19:03:36+00:00\",\"dateModified\":\"2023-03-27T19:03:38+00:00\",\"mainEntityOfPage\":{\"@id\":\"https:\\\/\\\/pans.krosno.pl\\\/kola-naukowe\\\/studentki-z-skn-ekonomistow-na-iii-ogolnopolskiej-konferencji-naukowej-social-media-marketing\\\/\"},\"wordCount\":99,\"commentCount\":0,\"publisher\":{\"@id\":\"https:\\\/\\\/pans.krosno.pl\\\/kola-naukowe\\\/#organization\"},\"image\":{\"@id\":\"https:\\\/\\\/pans.krosno.pl\\\/kola-naukowe\\\/studentki-z-skn-ekonomistow-na-iii-ogolnopolskiej-konferencji-naukowej-social-media-marketing\\\/#primaryimage\"},\"thumbnailUrl\":\"https:\\\/\\\/pans.krosno.pl\\\/kola-naukowe\\\/wp-content\\\/uploads\\\/sites\\\/48\\\/2023\\\/03\\\/333912788_1305035730076951_4235309946092045695_n-1.jpg\",\"articleSection\":[\"Ekonomi\u015bci\"],\"inLanguage\":\"pl-PL\",\"potentialAction\":[{\"@type\":\"CommentAction\",\"name\":\"Comment\",\"target\":[\"https:\\\/\\\/pans.krosno.pl\\\/kola-naukowe\\\/studentki-z-skn-ekonomistow-na-iii-ogolnopolskiej-konferencji-naukowej-social-media-marketing\\\/#respond\"]}]},{\"@type\":\"WebPage\",\"@id\":\"https:\\\/\\\/pans.krosno.pl\\\/kola-naukowe\\\/studentki-z-skn-ekonomistow-na-iii-ogolnopolskiej-konferencji-naukowej-social-media-marketing\\\/\",\"url\":\"https:\\\/\\\/pans.krosno.pl\\\/kola-naukowe\\\/studentki-z-skn-ekonomistow-na-iii-ogolnopolskiej-konferencji-naukowej-social-media-marketing\\\/\",\"name\":\"Studentki z SKN Ekonomist\u00f3w na III Og\u00f3lnopolskiej Konferencji naukowej \u201eSocial Media Marketing\u201d - Studenckie Ko\u0142a Naukowe PANS w Kro\u015bnie\",\"isPartOf\":{\"@id\":\"https:\\\/\\\/pans.krosno.pl\\\/kola-naukowe\\\/#website\"},\"primaryImageOfPage\":{\"@id\":\"https:\\\/\\\/pans.krosno.pl\\\/kola-naukowe\\\/studentki-z-skn-ekonomistow-na-iii-ogolnopolskiej-konferencji-naukowej-social-media-marketing\\\/#primaryimage\"},\"image\":{\"@id\":\"https:\\\/\\\/pans.krosno.pl\\\/kola-naukowe\\\/studentki-z-skn-ekonomistow-na-iii-ogolnopolskiej-konferencji-naukowej-social-media-marketing\\\/#primaryimage\"},\"thumbnailUrl\":\"https:\\\/\\\/pans.krosno.pl\\\/kola-naukowe\\\/wp-content\\\/uploads\\\/sites\\\/48\\\/2023\\\/03\\\/333912788_1305035730076951_4235309946092045695_n-1.jpg\",\"datePublished\":\"2023-03-27T19:03:36+00:00\",\"dateModified\":\"2023-03-27T19:03:38+00:00\",\"breadcrumb\":{\"@id\":\"https:\\\/\\\/pans.krosno.pl\\\/kola-naukowe\\\/studentki-z-skn-ekonomistow-na-iii-ogolnopolskiej-konferencji-naukowej-social-media-marketing\\\/#breadcrumb\"},\"inLanguage\":\"pl-PL\",\"potentialAction\":[{\"@type\":\"ReadAction\",\"target\":[\"https:\\\/\\\/pans.krosno.pl\\\/kola-naukowe\\\/studentki-z-skn-ekonomistow-na-iii-ogolnopolskiej-konferencji-naukowej-social-media-marketing\\\/\"]}]},{\"@type\":\"ImageObject\",\"inLanguage\":\"pl-PL\",\"@id\":\"https:\\\/\\\/pans.krosno.pl\\\/kola-naukowe\\\/studentki-z-skn-ekonomistow-na-iii-ogolnopolskiej-konferencji-naukowej-social-media-marketing\\\/#primaryimage\",\"url\":\"https:\\\/\\\/pans.krosno.pl\\\/kola-naukowe\\\/wp-content\\\/uploads\\\/sites\\\/48\\\/2023\\\/03\\\/333912788_1305035730076951_4235309946092045695_n-1.jpg\",\"contentUrl\":\"https:\\\/\\\/pans.krosno.pl\\\/kola-naukowe\\\/wp-content\\\/uploads\\\/sites\\\/48\\\/2023\\\/03\\\/333912788_1305035730076951_4235309946092045695_n-1.jpg\",\"width\":1828,\"height\":2048},{\"@type\":\"BreadcrumbList\",\"@id\":\"https:\\\/\\\/pans.krosno.pl\\\/kola-naukowe\\\/studentki-z-skn-ekonomistow-na-iii-ogolnopolskiej-konferencji-naukowej-social-media-marketing\\\/#breadcrumb\",\"itemListElement\":[{\"@type\":\"ListItem\",\"position\":1,\"name\":\"Strona g\u0142\u00f3wna\",\"item\":\"https:\\\/\\\/pans.krosno.pl\\\/kola-naukowe\\\/\"},{\"@type\":\"ListItem\",\"position\":2,\"name\":\"Studentki z SKN Ekonomist\u00f3w na III Og\u00f3lnopolskiej Konferencji naukowej \u201eSocial Media Marketing\u201d\"}]},{\"@type\":\"WebSite\",\"@id\":\"https:\\\/\\\/pans.krosno.pl\\\/kola-naukowe\\\/#website\",\"url\":\"https:\\\/\\\/pans.krosno.pl\\\/kola-naukowe\\\/\",\"name\":\"Studenckie Ko\u0142a Naukowe PANS w Kro\u015bnie\",\"description\":\"Studenckie Ko\u0142a Naukowe - Pa\u0144stwowa Akademia Nauk Stosowanych\",\"publisher\":{\"@id\":\"https:\\\/\\\/pans.krosno.pl\\\/kola-naukowe\\\/#organization\"},\"potentialAction\":[{\"@type\":\"SearchAction\",\"target\":{\"@type\":\"EntryPoint\",\"urlTemplate\":\"https:\\\/\\\/pans.krosno.pl\\\/kola-naukowe\\\/?s={search_term_string}\"},\"query-input\":{\"@type\":\"PropertyValueSpecification\",\"valueRequired\":true,\"valueName\":\"search_term_string\"}}],\"inLanguage\":\"pl-PL\"},{\"@type\":\"Organization\",\"@id\":\"https:\\\/\\\/pans.krosno.pl\\\/kola-naukowe\\\/#organization\",\"name\":\"Studenckie Ko\u0142a Naukowe PANS w Kro\u015bnie\",\"url\":\"https:\\\/\\\/pans.krosno.pl\\\/kola-naukowe\\\/\",\"logo\":{\"@type\":\"ImageObject\",\"inLanguage\":\"pl-PL\",\"@id\":\"https:\\\/\\\/pans.krosno.pl\\\/kola-naukowe\\\/#\\\/schema\\\/logo\\\/image\\\/\",\"url\":\"https:\\\/\\\/pans.krosno.pl\\\/kola-naukowe\\\/wp-content\\\/uploads\\\/sites\\\/48\\\/2023\\\/01\\\/Logo-PANS-2022-pelne.png\",\"contentUrl\":\"https:\\\/\\\/pans.krosno.pl\\\/kola-naukowe\\\/wp-content\\\/uploads\\\/sites\\\/48\\\/2023\\\/01\\\/Logo-PANS-2022-pelne.png\",\"width\":3096,\"height\":696,\"caption\":\"Studenckie Ko\u0142a Naukowe PANS w Kro\u015bnie\"},\"image\":{\"@id\":\"https:\\\/\\\/pans.krosno.pl\\\/kola-naukowe\\\/#\\\/schema\\\/logo\\\/image\\\/\"}},{\"@type\":\"Person\",\"@id\":\"https:\\\/\\\/pans.krosno.pl\\\/kola-naukowe\\\/#\\\/schema\\\/person\\\/5234d538b37281133cebfcf174124540\",\"name\":\"elzbietabragiel\",\"image\":{\"@type\":\"ImageObject\",\"inLanguage\":\"pl-PL\",\"@id\":\"https:\\\/\\\/secure.gravatar.com\\\/avatar\\\/bcc708f308dc4018a34d44dfaa286089751c22f62d1a00bda271b3333c84bc0b?s=96&d=mm&r=g\",\"url\":\"https:\\\/\\\/secure.gravatar.com\\\/avatar\\\/bcc708f308dc4018a34d44dfaa286089751c22f62d1a00bda271b3333c84bc0b?s=96&d=mm&r=g\",\"contentUrl\":\"https:\\\/\\\/secure.gravatar.com\\\/avatar\\\/bcc708f308dc4018a34d44dfaa286089751c22f62d1a00bda271b3333c84bc0b?s=96&d=mm&r=g\",\"caption\":\"elzbietabragiel\"},\"url\":\"https:\\\/\\\/pans.krosno.pl\\\/kola-naukowe\\\/author\\\/elzbietabragiel\\\/\"}]}<\/script>\n<!-- \/ Yoast SEO Premium plugin. -->","yoast_head_json":{"title":"Studentki z SKN Ekonomist\u00f3w na III Og\u00f3lnopolskiej Konferencji naukowej \u201eSocial Media Marketing\u201d - Studenckie Ko\u0142a Naukowe PANS w Kro\u015bnie","robots":{"index":"index","follow":"follow","max-snippet":"max-snippet:-1","max-image-preview":"max-image-preview:large","max-video-preview":"max-video-preview:-1"},"canonical":"https:\/\/pans.krosno.pl\/kola-naukowe\/studentki-z-skn-ekonomistow-na-iii-ogolnopolskiej-konferencji-naukowej-social-media-marketing\/","og_locale":"pl_PL","og_type":"article","og_title":"Studentki z SKN Ekonomist\u00f3w na III Og\u00f3lnopolskiej Konferencji naukowej \u201eSocial Media Marketing\u201d","og_description":"Studentki z SKN Ekonomist\u00f3w Sylwia Nowak, Natalia Baran i Karolina Sondej w dniach 24.03. \u2013 25.03.2023 wyg\u0142osi\u0142y referat na III Og\u00f3lnopolskiej Konferencji Naukowej \u201eSocial Media Marketing\u201d, kt\u00f3ra odby\u0142a si\u0119&nbsp; w Uniwersytecie Marii Curie \u2013 Sk\u0142odowskiej UMCS w Lublinie (zdalnie). Temat wyst\u0105pienia &#8222;JAK SOCIAL MEDIA WP\u0141YWAJ\u0104 NA POCZUCIE W\u0141ASNEJ WARTO\u015aCI?&#8221;, okazuje [\u2026] Read More","og_url":"https:\/\/pans.krosno.pl\/kola-naukowe\/studentki-z-skn-ekonomistow-na-iii-ogolnopolskiej-konferencji-naukowej-social-media-marketing\/","og_site_name":"Studenckie Ko\u0142a Naukowe PANS w Kro\u015bnie","article_published_time":"2023-03-27T19:03:36+00:00","article_modified_time":"2023-03-27T19:03:38+00:00","og_image":[{"width":1828,"height":2048,"url":"https:\/\/pans.krosno.pl\/wp-content\/uploads\/sites\/48\/2023\/03\/333912788_1305035730076951_4235309946092045695_n-1.jpg","type":"image\/jpeg"}],"author":"elzbietabragiel","twitter_card":"summary_large_image","twitter_misc":{"Napisane przez":"elzbietabragiel","Szacowany czas czytania":"2 minuty"},"schema":{"@context":"https:\/\/schema.org","@graph":[{"@type":"Article","@id":"https:\/\/pans.krosno.pl\/kola-naukowe\/studentki-z-skn-ekonomistow-na-iii-ogolnopolskiej-konferencji-naukowej-social-media-marketing\/#article","isPartOf":{"@id":"https:\/\/pans.krosno.pl\/kola-naukowe\/studentki-z-skn-ekonomistow-na-iii-ogolnopolskiej-konferencji-naukowej-social-media-marketing\/"},"author":{"name":"elzbietabragiel","@id":"https:\/\/pans.krosno.pl\/kola-naukowe\/#\/schema\/person\/5234d538b37281133cebfcf174124540"},"headline":"Studentki z SKN Ekonomist\u00f3w na III Og\u00f3lnopolskiej Konferencji naukowej \u201eSocial Media Marketing\u201d","datePublished":"2023-03-27T19:03:36+00:00","dateModified":"2023-03-27T19:03:38+00:00","mainEntityOfPage":{"@id":"https:\/\/pans.krosno.pl\/kola-naukowe\/studentki-z-skn-ekonomistow-na-iii-ogolnopolskiej-konferencji-naukowej-social-media-marketing\/"},"wordCount":99,"commentCount":0,"publisher":{"@id":"https:\/\/pans.krosno.pl\/kola-naukowe\/#organization"},"image":{"@id":"https:\/\/pans.krosno.pl\/kola-naukowe\/studentki-z-skn-ekonomistow-na-iii-ogolnopolskiej-konferencji-naukowej-social-media-marketing\/#primaryimage"},"thumbnailUrl":"https:\/\/pans.krosno.pl\/kola-naukowe\/wp-content\/uploads\/sites\/48\/2023\/03\/333912788_1305035730076951_4235309946092045695_n-1.jpg","articleSection":["Ekonomi\u015bci"],"inLanguage":"pl-PL","potentialAction":[{"@type":"CommentAction","name":"Comment","target":["https:\/\/pans.krosno.pl\/kola-naukowe\/studentki-z-skn-ekonomistow-na-iii-ogolnopolskiej-konferencji-naukowej-social-media-marketing\/#respond"]}]},{"@type":"WebPage","@id":"https:\/\/pans.krosno.pl\/kola-naukowe\/studentki-z-skn-ekonomistow-na-iii-ogolnopolskiej-konferencji-naukowej-social-media-marketing\/","url":"https:\/\/pans.krosno.pl\/kola-naukowe\/studentki-z-skn-ekonomistow-na-iii-ogolnopolskiej-konferencji-naukowej-social-media-marketing\/","name":"Studentki z SKN Ekonomist\u00f3w na III Og\u00f3lnopolskiej Konferencji naukowej \u201eSocial Media Marketing\u201d - Studenckie Ko\u0142a Naukowe PANS w Kro\u015bnie","isPartOf":{"@id":"https:\/\/pans.krosno.pl\/kola-naukowe\/#website"},"primaryImageOfPage":{"@id":"https:\/\/pans.krosno.pl\/kola-naukowe\/studentki-z-skn-ekonomistow-na-iii-ogolnopolskiej-konferencji-naukowej-social-media-marketing\/#primaryimage"},"image":{"@id":"https:\/\/pans.krosno.pl\/kola-naukowe\/studentki-z-skn-ekonomistow-na-iii-ogolnopolskiej-konferencji-naukowej-social-media-marketing\/#primaryimage"},"thumbnailUrl":"https:\/\/pans.krosno.pl\/kola-naukowe\/wp-content\/uploads\/sites\/48\/2023\/03\/333912788_1305035730076951_4235309946092045695_n-1.jpg","datePublished":"2023-03-27T19:03:36+00:00","dateModified":"2023-03-27T19:03:38+00:00","breadcrumb":{"@id":"https:\/\/pans.krosno.pl\/kola-naukowe\/studentki-z-skn-ekonomistow-na-iii-ogolnopolskiej-konferencji-naukowej-social-media-marketing\/#breadcrumb"},"inLanguage":"pl-PL","potentialAction":[{"@type":"ReadAction","target":["https:\/\/pans.krosno.pl\/kola-naukowe\/studentki-z-skn-ekonomistow-na-iii-ogolnopolskiej-konferencji-naukowej-social-media-marketing\/"]}]},{"@type":"ImageObject","inLanguage":"pl-PL","@id":"https:\/\/pans.krosno.pl\/kola-naukowe\/studentki-z-skn-ekonomistow-na-iii-ogolnopolskiej-konferencji-naukowej-social-media-marketing\/#primaryimage","url":"https:\/\/pans.krosno.pl\/kola-naukowe\/wp-content\/uploads\/sites\/48\/2023\/03\/333912788_1305035730076951_4235309946092045695_n-1.jpg","contentUrl":"https:\/\/pans.krosno.pl\/kola-naukowe\/wp-content\/uploads\/sites\/48\/2023\/03\/333912788_1305035730076951_4235309946092045695_n-1.jpg","width":1828,"height":2048},{"@type":"BreadcrumbList","@id":"https:\/\/pans.krosno.pl\/kola-naukowe\/studentki-z-skn-ekonomistow-na-iii-ogolnopolskiej-konferencji-naukowej-social-media-marketing\/#breadcrumb","itemListElement":[{"@type":"ListItem","position":1,"name":"Strona g\u0142\u00f3wna","item":"https:\/\/pans.krosno.pl\/kola-naukowe\/"},{"@type":"ListItem","position":2,"name":"Studentki z SKN Ekonomist\u00f3w na III Og\u00f3lnopolskiej Konferencji naukowej \u201eSocial Media Marketing\u201d"}]},{"@type":"WebSite","@id":"https:\/\/pans.krosno.pl\/kola-naukowe\/#website","url":"https:\/\/pans.krosno.pl\/kola-naukowe\/","name":"Studenckie Ko\u0142a Naukowe PANS w Kro\u015bnie","description":"Studenckie Ko\u0142a Naukowe - Pa\u0144stwowa Akademia Nauk Stosowanych","publisher":{"@id":"https:\/\/pans.krosno.pl\/kola-naukowe\/#organization"},"potentialAction":[{"@type":"SearchAction","target":{"@type":"EntryPoint","urlTemplate":"https:\/\/pans.krosno.pl\/kola-naukowe\/?s={search_term_string}"},"query-input":{"@type":"PropertyValueSpecification","valueRequired":true,"valueName":"search_term_string"}}],"inLanguage":"pl-PL"},{"@type":"Organization","@id":"https:\/\/pans.krosno.pl\/kola-naukowe\/#organization","name":"Studenckie Ko\u0142a Naukowe PANS w Kro\u015bnie","url":"https:\/\/pans.krosno.pl\/kola-naukowe\/","logo":{"@type":"ImageObject","inLanguage":"pl-PL","@id":"https:\/\/pans.krosno.pl\/kola-naukowe\/#\/schema\/logo\/image\/","url":"https:\/\/pans.krosno.pl\/kola-naukowe\/wp-content\/uploads\/sites\/48\/2023\/01\/Logo-PANS-2022-pelne.png","contentUrl":"https:\/\/pans.krosno.pl\/kola-naukowe\/wp-content\/uploads\/sites\/48\/2023\/01\/Logo-PANS-2022-pelne.png","width":3096,"height":696,"caption":"Studenckie Ko\u0142a Naukowe PANS w Kro\u015bnie"},"image":{"@id":"https:\/\/pans.krosno.pl\/kola-naukowe\/#\/schema\/logo\/image\/"}},{"@type":"Person","@id":"https:\/\/pans.krosno.pl\/kola-naukowe\/#\/schema\/person\/5234d538b37281133cebfcf174124540","name":"elzbietabragiel","image":{"@type":"ImageObject","inLanguage":"pl-PL","@id":"https:\/\/secure.gravatar.com\/avatar\/bcc708f308dc4018a34d44dfaa286089751c22f62d1a00bda271b3333c84bc0b?s=96&d=mm&r=g","url":"https:\/\/secure.gravatar.com\/avatar\/bcc708f308dc4018a34d44dfaa286089751c22f62d1a00bda271b3333c84bc0b?s=96&d=mm&r=g","contentUrl":"https:\/\/secure.gravatar.com\/avatar\/bcc708f308dc4018a34d44dfaa286089751c22f62d1a00bda271b3333c84bc0b?s=96&d=mm&r=g","caption":"elzbietabragiel"},"url":"https:\/\/pans.krosno.pl\/kola-naukowe\/author\/elzbietabragiel\/"}]}},"_links":{"self":[{"href":"https:\/\/pans.krosno.pl\/kola-naukowe\/wp-json\/wp\/v2\/posts\/5715","targetHints":{"allow":["GET"]}}],"collection":[{"href":"https:\/\/pans.krosno.pl\/kola-naukowe\/wp-json\/wp\/v2\/posts"}],"about":[{"href":"https:\/\/pans.krosno.pl\/kola-naukowe\/wp-json\/wp\/v2\/types\/post"}],"author":[{"embeddable":true,"href":"https:\/\/pans.krosno.pl\/kola-naukowe\/wp-json\/wp\/v2\/users\/17"}],"replies":[{"embeddable":true,"href":"https:\/\/pans.krosno.pl\/kola-naukowe\/wp-json\/wp\/v2\/comments?post=5715"}],"version-history":[{"count":1,"href":"https:\/\/pans.krosno.pl\/kola-naukowe\/wp-json\/wp\/v2\/posts\/5715\/revisions"}],"predecessor-version":[{"id":5738,"href":"https:\/\/pans.krosno.pl\/kola-naukowe\/wp-json\/wp\/v2\/posts\/5715\/revisions\/5738"}],"wp:featuredmedia":[{"embeddable":true,"href":"https:\/\/pans.krosno.pl\/kola-naukowe\/wp-json\/wp\/v2\/media\/5736"}],"wp:attachment":[{"href":"https:\/\/pans.krosno.pl\/kola-naukowe\/wp-json\/wp\/v2\/media?parent=5715"}],"wp:term":[{"taxonomy":"category","embeddable":true,"href":"https:\/\/pans.krosno.pl\/kola-naukowe\/wp-json\/wp\/v2\/categories?post=5715"},{"taxonomy":"post_tag","embeddable":true,"href":"https:\/\/pans.krosno.pl\/kola-naukowe\/wp-json\/wp\/v2\/tags?post=5715"}],"curies":[{"name":"wp","href":"https:\/\/api.w.org\/{rel}","templated":true}]}}