{"id":5704,"date":"2023-03-20T12:14:57","date_gmt":"2023-03-20T11:14:57","guid":{"rendered":"https:\/\/pans.krosno.pl\/kola-naukowe\/?p=5704"},"modified":"2023-03-20T12:22:32","modified_gmt":"2023-03-20T11:22:32","slug":"skn-ekonomistow-na-akademickich-dniach-nauki-i-x-targach-pracy-w-pans-krosno","status":"publish","type":"post","link":"https:\/\/pans.krosno.pl\/kola-naukowe\/skn-ekonomistow-na-akademickich-dniach-nauki-i-x-targach-pracy-w-pans-krosno\/","title":{"rendered":"SKN Ekonomist\u00f3w na Akademickich Dniach Nauki i X Targach Pracy w PANS Krosno"},"content":{"rendered":"<p>Studenci i cz\u0142onkowie SKN Ekonomist\u00f3w, jak co roku w\u0142\u0105czyli si\u0119 czynnie w wydarzenia: Akademickie Dni Nauki i X Targi Pracy w PANS Krosno. Oba wydarzenia odby\u0142y si\u0119 17.03.2023 roku. Na swoim promocyjnym stoisku &#8222;Ekonomi\u015bci&#8221; przygotowali konkurs z wiedzy pt. Ekonomiczna warto\u015b\u0107 pieni\u0105dza. Mo\u017cna te\u017c by\u0142o zapozna\u0107 si\u0119 z banknotami, kt\u00f3re od roku 1938 stanowi\u0142y \u015brodek p\u0142atniczy w Polsce i monetami euro z r\u00f3\u017cnych kraj\u00f3w oraz stosowanymi zabezpieczeniami na \u00f3wczesnych banknotach polskich. Nagrody stanowi\u0142y s\u0142odkie dolarowe ciasteczka.<\/p>\n\n\n<div class=\"wp-block-columns is-layout-flex wp-container-core-columns-is-layout-28f84493 wp-block-columns-is-layout-flex\">\n<div class=\"wp-block-column is-layout-flow wp-block-column-is-layout-flow\">\n<figure class=\"wp-block-image size-large\"><img loading=\"lazy\" decoding=\"async\" width=\"610\" height=\"1024\" src=\"https:\/\/pans.krosno.pl\/kola-naukowe\/wp-content\/uploads\/sites\/48\/2023\/03\/336650418_519164693744655_6915366413329178368_n-610x1024.jpg\" alt=\"\" class=\"wp-image-5705\" srcset=\"https:\/\/pans.krosno.pl\/kola-naukowe\/wp-content\/uploads\/sites\/48\/2023\/03\/336650418_519164693744655_6915366413329178368_n-610x1024.jpg 610w, https:\/\/pans.krosno.pl\/kola-naukowe\/wp-content\/uploads\/sites\/48\/2023\/03\/336650418_519164693744655_6915366413329178368_n-179x300.jpg 179w, https:\/\/pans.krosno.pl\/kola-naukowe\/wp-content\/uploads\/sites\/48\/2023\/03\/336650418_519164693744655_6915366413329178368_n-768x1290.jpg 768w, https:\/\/pans.krosno.pl\/kola-naukowe\/wp-content\/uploads\/sites\/48\/2023\/03\/336650418_519164693744655_6915366413329178368_n-914x1536.jpg 914w, https:\/\/pans.krosno.pl\/kola-naukowe\/wp-content\/uploads\/sites\/48\/2023\/03\/336650418_519164693744655_6915366413329178368_n-800x1344.jpg 800w, https:\/\/pans.krosno.pl\/kola-naukowe\/wp-content\/uploads\/sites\/48\/2023\/03\/336650418_519164693744655_6915366413329178368_n-580x974.jpg 580w, https:\/\/pans.krosno.pl\/kola-naukowe\/wp-content\/uploads\/sites\/48\/2023\/03\/336650418_519164693744655_6915366413329178368_n.jpg 921w\" sizes=\"auto, (max-width: 610px) 100vw, 610px\" \/><\/figure>\n<\/div>\n\n\n\n<div class=\"wp-block-column is-layout-flow wp-block-column-is-layout-flow\">\n<figure class=\"wp-block-image size-large\"><img loading=\"lazy\" decoding=\"async\" width=\"547\" height=\"1024\" src=\"https:\/\/pans.krosno.pl\/kola-naukowe\/wp-content\/uploads\/sites\/48\/2023\/03\/336613717_939706817064236_6229463044622274880_n-547x1024.jpg\" alt=\"\" class=\"wp-image-5707\" srcset=\"https:\/\/pans.krosno.pl\/kola-naukowe\/wp-content\/uploads\/sites\/48\/2023\/03\/336613717_939706817064236_6229463044622274880_n-547x1024.jpg 547w, https:\/\/pans.krosno.pl\/kola-naukowe\/wp-content\/uploads\/sites\/48\/2023\/03\/336613717_939706817064236_6229463044622274880_n-160x300.jpg 160w, https:\/\/pans.krosno.pl\/kola-naukowe\/wp-content\/uploads\/sites\/48\/2023\/03\/336613717_939706817064236_6229463044622274880_n-768x1438.jpg 768w, https:\/\/pans.krosno.pl\/kola-naukowe\/wp-content\/uploads\/sites\/48\/2023\/03\/336613717_939706817064236_6229463044622274880_n-820x1536.jpg 820w, https:\/\/pans.krosno.pl\/kola-naukowe\/wp-content\/uploads\/sites\/48\/2023\/03\/336613717_939706817064236_6229463044622274880_n-800x1498.jpg 800w, https:\/\/pans.krosno.pl\/kola-naukowe\/wp-content\/uploads\/sites\/48\/2023\/03\/336613717_939706817064236_6229463044622274880_n-580x1086.jpg 580w, https:\/\/pans.krosno.pl\/kola-naukowe\/wp-content\/uploads\/sites\/48\/2023\/03\/336613717_939706817064236_6229463044622274880_n.jpg 907w\" sizes=\"auto, (max-width: 547px) 100vw, 547px\" \/><\/figure>\n<\/div>\n\n\n\n<div class=\"wp-block-column is-layout-flow wp-block-column-is-layout-flow\">\n<figure class=\"wp-block-image size-large is-resized\"><img loading=\"lazy\" decoding=\"async\" src=\"https:\/\/pans.krosno.pl\/kola-naukowe\/wp-content\/uploads\/sites\/48\/2023\/03\/336584801_235585535589048_8214740128917908604_n-641x1024.jpg\" alt=\"\" class=\"wp-image-5709\" width=\"269\" height=\"428\" \/><\/figure>\n<\/div>\n<\/div>\n\n\n<p style=\"text-align: center\">Stoisko promocyjne SKN Ekonomist\u00f3w<\/p>\n<p>Stoisko SKN Ekonomist\u00f3w cieszy\u0142o si\u0119 du\u017cym zainteresowaniem uczni\u00f3w jak i nauczycieli.<\/p>\n<p>Wszystkim studentom zaanga\u017cowanym w to wydarzenie bardzo dzi\u0119kuj\u0119.<\/p>\n<p style=\"text-align: right\">Opiekun ko\u0142a mgr in\u017c. El\u017cbieta Br\u0105giel<\/p>","protected":false},"excerpt":{"rendered":"<p>Studenci i cz\u0142onkowie SKN Ekonomist\u00f3w, jak co roku w\u0142\u0105czyli si\u0119 czynnie w wydarzenia: Akademickie Dni Nauki i X Targi Pracy w PANS Krosno. Oba wydarzenia odby\u0142y si\u0119 17.03.2023 roku. Na swoim promocyjnym stoisku &#8222;Ekonomi\u015bci&#8221; przygotowali konkurs z wiedzy pt. Ekonomiczna warto\u015b\u0107 pieni\u0105dza. Mo\u017cna te\u017c by\u0142o zapozna\u0107 si\u0119 z banknotami, kt\u00f3re [\u2026] <\/p>\n<div class=\"clear\"><\/div>\n<p><a class=\"more_link clearfix\" href=\"https:\/\/pans.krosno.pl\/kola-naukowe\/skn-ekonomistow-na-akademickich-dniach-nauki-i-x-targach-pracy-w-pans-krosno\/\" rel=\"nofollow\">Read More<\/a><\/p>\n","protected":false},"author":17,"featured_media":5709,"comment_status":"open","ping_status":"open","sticky":false,"template":"","format":"standard","meta":{"ngg_post_thumbnail":0,"footnotes":""},"categories":[1,2],"tags":[],"class_list":["post-5704","post","type-post","status-publish","format-standard","has-post-thumbnail","hentry","category-bez-kategorii","category-ekonomisci"],"yoast_head":"<!-- This site is optimized with the Yoast SEO Premium plugin v27.4 (Yoast SEO v27.4) - https:\/\/yoast.com\/product\/yoast-seo-premium-wordpress\/ -->\n<title>SKN Ekonomist\u00f3w na Akademickich Dniach Nauki i X Targach Pracy w PANS Krosno - Studenckie Ko\u0142a Naukowe PANS w Kro\u015bnie<\/title>\n<meta name=\"robots\" content=\"index, follow, max-snippet:-1, max-image-preview:large, max-video-preview:-1\" \/>\n<link rel=\"canonical\" href=\"https:\/\/pans.krosno.pl\/kola-naukowe\/skn-ekonomistow-na-akademickich-dniach-nauki-i-x-targach-pracy-w-pans-krosno\/\" \/>\n<meta property=\"og:locale\" content=\"pl_PL\" \/>\n<meta property=\"og:type\" content=\"article\" \/>\n<meta property=\"og:title\" content=\"SKN Ekonomist\u00f3w na Akademickich Dniach Nauki i X Targach Pracy w PANS Krosno\" \/>\n<meta property=\"og:description\" content=\"Studenci i cz\u0142onkowie SKN Ekonomist\u00f3w, jak co roku w\u0142\u0105czyli si\u0119 czynnie w wydarzenia: Akademickie Dni Nauki i X Targi Pracy w PANS Krosno. Oba wydarzenia odby\u0142y si\u0119 17.03.2023 roku. Na swoim promocyjnym stoisku &#8222;Ekonomi\u015bci&#8221; przygotowali konkurs z wiedzy pt. Ekonomiczna warto\u015b\u0107 pieni\u0105dza. Mo\u017cna te\u017c by\u0142o zapozna\u0107 si\u0119 z banknotami, kt\u00f3re [\u2026] Read More\" \/>\n<meta property=\"og:url\" content=\"https:\/\/pans.krosno.pl\/kola-naukowe\/skn-ekonomistow-na-akademickich-dniach-nauki-i-x-targach-pracy-w-pans-krosno\/\" \/>\n<meta property=\"og:site_name\" content=\"Studenckie Ko\u0142a Naukowe PANS w Kro\u015bnie\" \/>\n<meta property=\"article:published_time\" content=\"2023-03-20T11:14:57+00:00\" \/>\n<meta property=\"article:modified_time\" content=\"2023-03-20T11:22:32+00:00\" \/>\n<meta property=\"og:image\" content=\"https:\/\/pans.krosno.pl\/wp-content\/uploads\/sites\/48\/2023\/03\/336584801_235585535589048_8214740128917908604_n.jpg\" \/>\n\t<meta property=\"og:image:width\" content=\"864\" \/>\n\t<meta property=\"og:image:height\" content=\"1381\" \/>\n\t<meta property=\"og:image:type\" content=\"image\/jpeg\" \/>\n<meta name=\"author\" content=\"elzbietabragiel\" \/>\n<meta name=\"twitter:card\" content=\"summary_large_image\" \/>\n<meta name=\"twitter:label1\" content=\"Napisane przez\" \/>\n\t<meta name=\"twitter:data1\" content=\"elzbietabragiel\" \/>\n\t<meta name=\"twitter:label2\" content=\"Szacowany czas czytania\" \/>\n\t<meta name=\"twitter:data2\" content=\"2 minuty\" \/>\n<script type=\"application\/ld+json\" class=\"yoast-schema-graph\">{\"@context\":\"https:\\\/\\\/schema.org\",\"@graph\":[{\"@type\":\"Article\",\"@id\":\"https:\\\/\\\/pans.krosno.pl\\\/kola-naukowe\\\/skn-ekonomistow-na-akademickich-dniach-nauki-i-x-targach-pracy-w-pans-krosno\\\/#article\",\"isPartOf\":{\"@id\":\"https:\\\/\\\/pans.krosno.pl\\\/kola-naukowe\\\/skn-ekonomistow-na-akademickich-dniach-nauki-i-x-targach-pracy-w-pans-krosno\\\/\"},\"author\":{\"name\":\"elzbietabragiel\",\"@id\":\"https:\\\/\\\/pans.krosno.pl\\\/kola-naukowe\\\/#\\\/schema\\\/person\\\/5234d538b37281133cebfcf174124540\"},\"headline\":\"SKN Ekonomist\u00f3w na Akademickich Dniach Nauki i X Targach Pracy w PANS Krosno\",\"datePublished\":\"2023-03-20T11:14:57+00:00\",\"dateModified\":\"2023-03-20T11:22:32+00:00\",\"mainEntityOfPage\":{\"@id\":\"https:\\\/\\\/pans.krosno.pl\\\/kola-naukowe\\\/skn-ekonomistow-na-akademickich-dniach-nauki-i-x-targach-pracy-w-pans-krosno\\\/\"},\"wordCount\":142,\"commentCount\":0,\"publisher\":{\"@id\":\"https:\\\/\\\/pans.krosno.pl\\\/kola-naukowe\\\/#organization\"},\"image\":{\"@id\":\"https:\\\/\\\/pans.krosno.pl\\\/kola-naukowe\\\/skn-ekonomistow-na-akademickich-dniach-nauki-i-x-targach-pracy-w-pans-krosno\\\/#primaryimage\"},\"thumbnailUrl\":\"https:\\\/\\\/pans.krosno.pl\\\/kola-naukowe\\\/wp-content\\\/uploads\\\/sites\\\/48\\\/2023\\\/03\\\/336584801_235585535589048_8214740128917908604_n.jpg\",\"articleSection\":{\"1\":\"Ekonomi\u015bci\"},\"inLanguage\":\"pl-PL\",\"potentialAction\":[{\"@type\":\"CommentAction\",\"name\":\"Comment\",\"target\":[\"https:\\\/\\\/pans.krosno.pl\\\/kola-naukowe\\\/skn-ekonomistow-na-akademickich-dniach-nauki-i-x-targach-pracy-w-pans-krosno\\\/#respond\"]}]},{\"@type\":\"WebPage\",\"@id\":\"https:\\\/\\\/pans.krosno.pl\\\/kola-naukowe\\\/skn-ekonomistow-na-akademickich-dniach-nauki-i-x-targach-pracy-w-pans-krosno\\\/\",\"url\":\"https:\\\/\\\/pans.krosno.pl\\\/kola-naukowe\\\/skn-ekonomistow-na-akademickich-dniach-nauki-i-x-targach-pracy-w-pans-krosno\\\/\",\"name\":\"SKN Ekonomist\u00f3w na Akademickich Dniach Nauki i X Targach Pracy w PANS Krosno - Studenckie Ko\u0142a Naukowe PANS w Kro\u015bnie\",\"isPartOf\":{\"@id\":\"https:\\\/\\\/pans.krosno.pl\\\/kola-naukowe\\\/#website\"},\"primaryImageOfPage\":{\"@id\":\"https:\\\/\\\/pans.krosno.pl\\\/kola-naukowe\\\/skn-ekonomistow-na-akademickich-dniach-nauki-i-x-targach-pracy-w-pans-krosno\\\/#primaryimage\"},\"image\":{\"@id\":\"https:\\\/\\\/pans.krosno.pl\\\/kola-naukowe\\\/skn-ekonomistow-na-akademickich-dniach-nauki-i-x-targach-pracy-w-pans-krosno\\\/#primaryimage\"},\"thumbnailUrl\":\"https:\\\/\\\/pans.krosno.pl\\\/kola-naukowe\\\/wp-content\\\/uploads\\\/sites\\\/48\\\/2023\\\/03\\\/336584801_235585535589048_8214740128917908604_n.jpg\",\"datePublished\":\"2023-03-20T11:14:57+00:00\",\"dateModified\":\"2023-03-20T11:22:32+00:00\",\"breadcrumb\":{\"@id\":\"https:\\\/\\\/pans.krosno.pl\\\/kola-naukowe\\\/skn-ekonomistow-na-akademickich-dniach-nauki-i-x-targach-pracy-w-pans-krosno\\\/#breadcrumb\"},\"inLanguage\":\"pl-PL\",\"potentialAction\":[{\"@type\":\"ReadAction\",\"target\":[\"https:\\\/\\\/pans.krosno.pl\\\/kola-naukowe\\\/skn-ekonomistow-na-akademickich-dniach-nauki-i-x-targach-pracy-w-pans-krosno\\\/\"]}]},{\"@type\":\"ImageObject\",\"inLanguage\":\"pl-PL\",\"@id\":\"https:\\\/\\\/pans.krosno.pl\\\/kola-naukowe\\\/skn-ekonomistow-na-akademickich-dniach-nauki-i-x-targach-pracy-w-pans-krosno\\\/#primaryimage\",\"url\":\"https:\\\/\\\/pans.krosno.pl\\\/kola-naukowe\\\/wp-content\\\/uploads\\\/sites\\\/48\\\/2023\\\/03\\\/336584801_235585535589048_8214740128917908604_n.jpg\",\"contentUrl\":\"https:\\\/\\\/pans.krosno.pl\\\/kola-naukowe\\\/wp-content\\\/uploads\\\/sites\\\/48\\\/2023\\\/03\\\/336584801_235585535589048_8214740128917908604_n.jpg\",\"width\":864,\"height\":1381},{\"@type\":\"BreadcrumbList\",\"@id\":\"https:\\\/\\\/pans.krosno.pl\\\/kola-naukowe\\\/skn-ekonomistow-na-akademickich-dniach-nauki-i-x-targach-pracy-w-pans-krosno\\\/#breadcrumb\",\"itemListElement\":[{\"@type\":\"ListItem\",\"position\":1,\"name\":\"Strona g\u0142\u00f3wna\",\"item\":\"https:\\\/\\\/pans.krosno.pl\\\/kola-naukowe\\\/\"},{\"@type\":\"ListItem\",\"position\":2,\"name\":\"SKN Ekonomist\u00f3w na Akademickich Dniach Nauki i X Targach Pracy w PANS Krosno\"}]},{\"@type\":\"WebSite\",\"@id\":\"https:\\\/\\\/pans.krosno.pl\\\/kola-naukowe\\\/#website\",\"url\":\"https:\\\/\\\/pans.krosno.pl\\\/kola-naukowe\\\/\",\"name\":\"Studenckie Ko\u0142a Naukowe PANS w Kro\u015bnie\",\"description\":\"Studenckie Ko\u0142a Naukowe - Pa\u0144stwowa Akademia Nauk Stosowanych\",\"publisher\":{\"@id\":\"https:\\\/\\\/pans.krosno.pl\\\/kola-naukowe\\\/#organization\"},\"potentialAction\":[{\"@type\":\"SearchAction\",\"target\":{\"@type\":\"EntryPoint\",\"urlTemplate\":\"https:\\\/\\\/pans.krosno.pl\\\/kola-naukowe\\\/?s={search_term_string}\"},\"query-input\":{\"@type\":\"PropertyValueSpecification\",\"valueRequired\":true,\"valueName\":\"search_term_string\"}}],\"inLanguage\":\"pl-PL\"},{\"@type\":\"Organization\",\"@id\":\"https:\\\/\\\/pans.krosno.pl\\\/kola-naukowe\\\/#organization\",\"name\":\"Studenckie Ko\u0142a Naukowe PANS w Kro\u015bnie\",\"url\":\"https:\\\/\\\/pans.krosno.pl\\\/kola-naukowe\\\/\",\"logo\":{\"@type\":\"ImageObject\",\"inLanguage\":\"pl-PL\",\"@id\":\"https:\\\/\\\/pans.krosno.pl\\\/kola-naukowe\\\/#\\\/schema\\\/logo\\\/image\\\/\",\"url\":\"https:\\\/\\\/pans.krosno.pl\\\/kola-naukowe\\\/wp-content\\\/uploads\\\/sites\\\/48\\\/2023\\\/01\\\/Logo-PANS-2022-pelne.png\",\"contentUrl\":\"https:\\\/\\\/pans.krosno.pl\\\/kola-naukowe\\\/wp-content\\\/uploads\\\/sites\\\/48\\\/2023\\\/01\\\/Logo-PANS-2022-pelne.png\",\"width\":3096,\"height\":696,\"caption\":\"Studenckie Ko\u0142a Naukowe PANS w Kro\u015bnie\"},\"image\":{\"@id\":\"https:\\\/\\\/pans.krosno.pl\\\/kola-naukowe\\\/#\\\/schema\\\/logo\\\/image\\\/\"}},{\"@type\":\"Person\",\"@id\":\"https:\\\/\\\/pans.krosno.pl\\\/kola-naukowe\\\/#\\\/schema\\\/person\\\/5234d538b37281133cebfcf174124540\",\"name\":\"elzbietabragiel\",\"image\":{\"@type\":\"ImageObject\",\"inLanguage\":\"pl-PL\",\"@id\":\"https:\\\/\\\/secure.gravatar.com\\\/avatar\\\/bcc708f308dc4018a34d44dfaa286089751c22f62d1a00bda271b3333c84bc0b?s=96&d=mm&r=g\",\"url\":\"https:\\\/\\\/secure.gravatar.com\\\/avatar\\\/bcc708f308dc4018a34d44dfaa286089751c22f62d1a00bda271b3333c84bc0b?s=96&d=mm&r=g\",\"contentUrl\":\"https:\\\/\\\/secure.gravatar.com\\\/avatar\\\/bcc708f308dc4018a34d44dfaa286089751c22f62d1a00bda271b3333c84bc0b?s=96&d=mm&r=g\",\"caption\":\"elzbietabragiel\"},\"url\":\"https:\\\/\\\/pans.krosno.pl\\\/kola-naukowe\\\/author\\\/elzbietabragiel\\\/\"}]}<\/script>\n<!-- \/ Yoast SEO Premium plugin. -->","yoast_head_json":{"title":"SKN Ekonomist\u00f3w na Akademickich Dniach Nauki i X Targach Pracy w PANS Krosno - Studenckie Ko\u0142a Naukowe PANS w Kro\u015bnie","robots":{"index":"index","follow":"follow","max-snippet":"max-snippet:-1","max-image-preview":"max-image-preview:large","max-video-preview":"max-video-preview:-1"},"canonical":"https:\/\/pans.krosno.pl\/kola-naukowe\/skn-ekonomistow-na-akademickich-dniach-nauki-i-x-targach-pracy-w-pans-krosno\/","og_locale":"pl_PL","og_type":"article","og_title":"SKN Ekonomist\u00f3w na Akademickich Dniach Nauki i X Targach Pracy w PANS Krosno","og_description":"Studenci i cz\u0142onkowie SKN Ekonomist\u00f3w, jak co roku w\u0142\u0105czyli si\u0119 czynnie w wydarzenia: Akademickie Dni Nauki i X Targi Pracy w PANS Krosno. Oba wydarzenia odby\u0142y si\u0119 17.03.2023 roku. Na swoim promocyjnym stoisku &#8222;Ekonomi\u015bci&#8221; przygotowali konkurs z wiedzy pt. Ekonomiczna warto\u015b\u0107 pieni\u0105dza. Mo\u017cna te\u017c by\u0142o zapozna\u0107 si\u0119 z banknotami, kt\u00f3re [\u2026] Read More","og_url":"https:\/\/pans.krosno.pl\/kola-naukowe\/skn-ekonomistow-na-akademickich-dniach-nauki-i-x-targach-pracy-w-pans-krosno\/","og_site_name":"Studenckie Ko\u0142a Naukowe PANS w Kro\u015bnie","article_published_time":"2023-03-20T11:14:57+00:00","article_modified_time":"2023-03-20T11:22:32+00:00","og_image":[{"width":864,"height":1381,"url":"https:\/\/pans.krosno.pl\/wp-content\/uploads\/sites\/48\/2023\/03\/336584801_235585535589048_8214740128917908604_n.jpg","type":"image\/jpeg"}],"author":"elzbietabragiel","twitter_card":"summary_large_image","twitter_misc":{"Napisane przez":"elzbietabragiel","Szacowany czas czytania":"2 minuty"},"schema":{"@context":"https:\/\/schema.org","@graph":[{"@type":"Article","@id":"https:\/\/pans.krosno.pl\/kola-naukowe\/skn-ekonomistow-na-akademickich-dniach-nauki-i-x-targach-pracy-w-pans-krosno\/#article","isPartOf":{"@id":"https:\/\/pans.krosno.pl\/kola-naukowe\/skn-ekonomistow-na-akademickich-dniach-nauki-i-x-targach-pracy-w-pans-krosno\/"},"author":{"name":"elzbietabragiel","@id":"https:\/\/pans.krosno.pl\/kola-naukowe\/#\/schema\/person\/5234d538b37281133cebfcf174124540"},"headline":"SKN Ekonomist\u00f3w na Akademickich Dniach Nauki i X Targach Pracy w PANS Krosno","datePublished":"2023-03-20T11:14:57+00:00","dateModified":"2023-03-20T11:22:32+00:00","mainEntityOfPage":{"@id":"https:\/\/pans.krosno.pl\/kola-naukowe\/skn-ekonomistow-na-akademickich-dniach-nauki-i-x-targach-pracy-w-pans-krosno\/"},"wordCount":142,"commentCount":0,"publisher":{"@id":"https:\/\/pans.krosno.pl\/kola-naukowe\/#organization"},"image":{"@id":"https:\/\/pans.krosno.pl\/kola-naukowe\/skn-ekonomistow-na-akademickich-dniach-nauki-i-x-targach-pracy-w-pans-krosno\/#primaryimage"},"thumbnailUrl":"https:\/\/pans.krosno.pl\/kola-naukowe\/wp-content\/uploads\/sites\/48\/2023\/03\/336584801_235585535589048_8214740128917908604_n.jpg","articleSection":{"1":"Ekonomi\u015bci"},"inLanguage":"pl-PL","potentialAction":[{"@type":"CommentAction","name":"Comment","target":["https:\/\/pans.krosno.pl\/kola-naukowe\/skn-ekonomistow-na-akademickich-dniach-nauki-i-x-targach-pracy-w-pans-krosno\/#respond"]}]},{"@type":"WebPage","@id":"https:\/\/pans.krosno.pl\/kola-naukowe\/skn-ekonomistow-na-akademickich-dniach-nauki-i-x-targach-pracy-w-pans-krosno\/","url":"https:\/\/pans.krosno.pl\/kola-naukowe\/skn-ekonomistow-na-akademickich-dniach-nauki-i-x-targach-pracy-w-pans-krosno\/","name":"SKN Ekonomist\u00f3w na Akademickich Dniach Nauki i X Targach Pracy w PANS Krosno - Studenckie Ko\u0142a Naukowe PANS w Kro\u015bnie","isPartOf":{"@id":"https:\/\/pans.krosno.pl\/kola-naukowe\/#website"},"primaryImageOfPage":{"@id":"https:\/\/pans.krosno.pl\/kola-naukowe\/skn-ekonomistow-na-akademickich-dniach-nauki-i-x-targach-pracy-w-pans-krosno\/#primaryimage"},"image":{"@id":"https:\/\/pans.krosno.pl\/kola-naukowe\/skn-ekonomistow-na-akademickich-dniach-nauki-i-x-targach-pracy-w-pans-krosno\/#primaryimage"},"thumbnailUrl":"https:\/\/pans.krosno.pl\/kola-naukowe\/wp-content\/uploads\/sites\/48\/2023\/03\/336584801_235585535589048_8214740128917908604_n.jpg","datePublished":"2023-03-20T11:14:57+00:00","dateModified":"2023-03-20T11:22:32+00:00","breadcrumb":{"@id":"https:\/\/pans.krosno.pl\/kola-naukowe\/skn-ekonomistow-na-akademickich-dniach-nauki-i-x-targach-pracy-w-pans-krosno\/#breadcrumb"},"inLanguage":"pl-PL","potentialAction":[{"@type":"ReadAction","target":["https:\/\/pans.krosno.pl\/kola-naukowe\/skn-ekonomistow-na-akademickich-dniach-nauki-i-x-targach-pracy-w-pans-krosno\/"]}]},{"@type":"ImageObject","inLanguage":"pl-PL","@id":"https:\/\/pans.krosno.pl\/kola-naukowe\/skn-ekonomistow-na-akademickich-dniach-nauki-i-x-targach-pracy-w-pans-krosno\/#primaryimage","url":"https:\/\/pans.krosno.pl\/kola-naukowe\/wp-content\/uploads\/sites\/48\/2023\/03\/336584801_235585535589048_8214740128917908604_n.jpg","contentUrl":"https:\/\/pans.krosno.pl\/kola-naukowe\/wp-content\/uploads\/sites\/48\/2023\/03\/336584801_235585535589048_8214740128917908604_n.jpg","width":864,"height":1381},{"@type":"BreadcrumbList","@id":"https:\/\/pans.krosno.pl\/kola-naukowe\/skn-ekonomistow-na-akademickich-dniach-nauki-i-x-targach-pracy-w-pans-krosno\/#breadcrumb","itemListElement":[{"@type":"ListItem","position":1,"name":"Strona g\u0142\u00f3wna","item":"https:\/\/pans.krosno.pl\/kola-naukowe\/"},{"@type":"ListItem","position":2,"name":"SKN Ekonomist\u00f3w na Akademickich Dniach Nauki i X Targach Pracy w PANS Krosno"}]},{"@type":"WebSite","@id":"https:\/\/pans.krosno.pl\/kola-naukowe\/#website","url":"https:\/\/pans.krosno.pl\/kola-naukowe\/","name":"Studenckie Ko\u0142a Naukowe PANS w Kro\u015bnie","description":"Studenckie Ko\u0142a Naukowe - Pa\u0144stwowa Akademia Nauk Stosowanych","publisher":{"@id":"https:\/\/pans.krosno.pl\/kola-naukowe\/#organization"},"potentialAction":[{"@type":"SearchAction","target":{"@type":"EntryPoint","urlTemplate":"https:\/\/pans.krosno.pl\/kola-naukowe\/?s={search_term_string}"},"query-input":{"@type":"PropertyValueSpecification","valueRequired":true,"valueName":"search_term_string"}}],"inLanguage":"pl-PL"},{"@type":"Organization","@id":"https:\/\/pans.krosno.pl\/kola-naukowe\/#organization","name":"Studenckie Ko\u0142a Naukowe PANS w Kro\u015bnie","url":"https:\/\/pans.krosno.pl\/kola-naukowe\/","logo":{"@type":"ImageObject","inLanguage":"pl-PL","@id":"https:\/\/pans.krosno.pl\/kola-naukowe\/#\/schema\/logo\/image\/","url":"https:\/\/pans.krosno.pl\/kola-naukowe\/wp-content\/uploads\/sites\/48\/2023\/01\/Logo-PANS-2022-pelne.png","contentUrl":"https:\/\/pans.krosno.pl\/kola-naukowe\/wp-content\/uploads\/sites\/48\/2023\/01\/Logo-PANS-2022-pelne.png","width":3096,"height":696,"caption":"Studenckie Ko\u0142a Naukowe PANS w Kro\u015bnie"},"image":{"@id":"https:\/\/pans.krosno.pl\/kola-naukowe\/#\/schema\/logo\/image\/"}},{"@type":"Person","@id":"https:\/\/pans.krosno.pl\/kola-naukowe\/#\/schema\/person\/5234d538b37281133cebfcf174124540","name":"elzbietabragiel","image":{"@type":"ImageObject","inLanguage":"pl-PL","@id":"https:\/\/secure.gravatar.com\/avatar\/bcc708f308dc4018a34d44dfaa286089751c22f62d1a00bda271b3333c84bc0b?s=96&d=mm&r=g","url":"https:\/\/secure.gravatar.com\/avatar\/bcc708f308dc4018a34d44dfaa286089751c22f62d1a00bda271b3333c84bc0b?s=96&d=mm&r=g","contentUrl":"https:\/\/secure.gravatar.com\/avatar\/bcc708f308dc4018a34d44dfaa286089751c22f62d1a00bda271b3333c84bc0b?s=96&d=mm&r=g","caption":"elzbietabragiel"},"url":"https:\/\/pans.krosno.pl\/kola-naukowe\/author\/elzbietabragiel\/"}]}},"_links":{"self":[{"href":"https:\/\/pans.krosno.pl\/kola-naukowe\/wp-json\/wp\/v2\/posts\/5704","targetHints":{"allow":["GET"]}}],"collection":[{"href":"https:\/\/pans.krosno.pl\/kola-naukowe\/wp-json\/wp\/v2\/posts"}],"about":[{"href":"https:\/\/pans.krosno.pl\/kola-naukowe\/wp-json\/wp\/v2\/types\/post"}],"author":[{"embeddable":true,"href":"https:\/\/pans.krosno.pl\/kola-naukowe\/wp-json\/wp\/v2\/users\/17"}],"replies":[{"embeddable":true,"href":"https:\/\/pans.krosno.pl\/kola-naukowe\/wp-json\/wp\/v2\/comments?post=5704"}],"version-history":[{"count":2,"href":"https:\/\/pans.krosno.pl\/kola-naukowe\/wp-json\/wp\/v2\/posts\/5704\/revisions"}],"predecessor-version":[{"id":5712,"href":"https:\/\/pans.krosno.pl\/kola-naukowe\/wp-json\/wp\/v2\/posts\/5704\/revisions\/5712"}],"wp:featuredmedia":[{"embeddable":true,"href":"https:\/\/pans.krosno.pl\/kola-naukowe\/wp-json\/wp\/v2\/media\/5709"}],"wp:attachment":[{"href":"https:\/\/pans.krosno.pl\/kola-naukowe\/wp-json\/wp\/v2\/media?parent=5704"}],"wp:term":[{"taxonomy":"category","embeddable":true,"href":"https:\/\/pans.krosno.pl\/kola-naukowe\/wp-json\/wp\/v2\/categories?post=5704"},{"taxonomy":"post_tag","embeddable":true,"href":"https:\/\/pans.krosno.pl\/kola-naukowe\/wp-json\/wp\/v2\/tags?post=5704"}],"curies":[{"name":"wp","href":"https:\/\/api.w.org\/{rel}","templated":true}]}}