{"id":5106,"date":"2022-05-29T22:35:10","date_gmt":"2022-05-29T20:35:10","guid":{"rendered":"https:\/\/pans.krosno.pl\/kola-naukowe\/?p=5106"},"modified":"2022-05-29T22:38:37","modified_gmt":"2022-05-29T20:38:37","slug":"studenci-z-skn-ekonomistow-na-konferencji-naukowej","status":"publish","type":"post","link":"https:\/\/pans.krosno.pl\/kola-naukowe\/studenci-z-skn-ekonomistow-na-konferencji-naukowej\/","title":{"rendered":"Studenci z SKN Ekonomist\u00f3w na konferencji naukowej"},"content":{"rendered":"<p>Studenci z SKN Ekonomist\u00f3w 24-25 maja 2022r. brali udzia\u0142 w XIII Og\u00f3lnopolskiej Konferencji Naukowej &#8222;Nauka i pasja kluczem do sukcesu&#8221;. Konferencja organizowana by\u0142a przez Wy\u017csz\u0105 Szko\u0142\u0119 Informatyki i Zarz\u0105dzania w Rzeszowie. Konferencja odby\u0142a si\u0119 w Kielnarowej ko\u0142o Rzeszowa.<\/p>\n\n\n<div class=\"wp-block-image\"><figure class=\"aligncenter size-full is-resized\"><img loading=\"lazy\" decoding=\"async\" src=\"https:\/\/pans.krosno.pl\/kola-naukowe\/wp-content\/uploads\/sites\/48\/2022\/05\/plakat.jpg\" alt=\"\" class=\"wp-image-5107\" width=\"387\" height=\"484\" srcset=\"https:\/\/pans.krosno.pl\/kola-naukowe\/wp-content\/uploads\/sites\/48\/2022\/05\/plakat.jpg 512w, https:\/\/pans.krosno.pl\/kola-naukowe\/wp-content\/uploads\/sites\/48\/2022\/05\/plakat-240x300.jpg 240w\" sizes=\"auto, (max-width: 387px) 100vw, 387px\" \/><figcaption>Plakat XIII Og\u00f3lnopolskiej Konferencji Naukowej<\/figcaption><\/figure><\/div>\n\n\n<p>Grupa sze\u015bciu student\u00f3w przygotowa\u0142a referaty i prezentowa\u0142a je na konferencji.<\/p>\n<ol>\n<li>Patryk Soli\u0144ski, Karolina Sondej referat: \u201eTikTok jako innowacyjne narz\u0119dzie do promocji marki\u201d &#8211; <strong>Wyr\u00f3\u017cnienie<\/strong><\/li>\n<li>Dawid Penar referat: NFT \u2013 Nowoczesna forma aktyw\u00f3w finansowych.<\/li>\n<li>Natalia Baran, Julia Gaw\u0142owska, Pawe\u0142 Lach referat: Certyfikaty ekologiczne jako przyk\u0142ad dzia\u0142a\u0144 na rzecz zr\u00f3wnowa\u017conego rozwoju.<\/li>\n<\/ol>\n\n\n<figure class=\"wp-block-image size-large is-resized\"><img loading=\"lazy\" decoding=\"async\" src=\"https:\/\/pans.krosno.pl\/kola-naukowe\/wp-content\/uploads\/sites\/48\/2022\/05\/zameldowanie-1024x768.jpg\" alt=\"\" class=\"wp-image-5115\" width=\"665\" height=\"499\" srcset=\"https:\/\/pans.krosno.pl\/kola-naukowe\/wp-content\/uploads\/sites\/48\/2022\/05\/zameldowanie-1024x768.jpg 1024w, https:\/\/pans.krosno.pl\/kola-naukowe\/wp-content\/uploads\/sites\/48\/2022\/05\/zameldowanie-300x225.jpg 300w, https:\/\/pans.krosno.pl\/kola-naukowe\/wp-content\/uploads\/sites\/48\/2022\/05\/zameldowanie-768x576.jpg 768w, https:\/\/pans.krosno.pl\/kola-naukowe\/wp-content\/uploads\/sites\/48\/2022\/05\/zameldowanie-1536x1152.jpg 1536w, https:\/\/pans.krosno.pl\/kola-naukowe\/wp-content\/uploads\/sites\/48\/2022\/05\/zameldowanie-2000x1500.jpg 2000w, https:\/\/pans.krosno.pl\/kola-naukowe\/wp-content\/uploads\/sites\/48\/2022\/05\/zameldowanie-800x600.jpg 800w, https:\/\/pans.krosno.pl\/kola-naukowe\/wp-content\/uploads\/sites\/48\/2022\/05\/zameldowanie-580x435.jpg 580w, https:\/\/pans.krosno.pl\/kola-naukowe\/wp-content\/uploads\/sites\/48\/2022\/05\/zameldowanie.jpg 2048w\" sizes=\"auto, (max-width: 665px) 100vw, 665px\" \/><figcaption>Identyfikatory student\u00f3w na konferencji<\/figcaption><\/figure>\n\n\n\n<div class=\"wp-block-columns is-layout-flex wp-container-core-columns-is-layout-28f84493 wp-block-columns-is-layout-flex\">\n<div class=\"wp-block-column is-layout-flow wp-block-column-is-layout-flow\">\n<figure class=\"wp-block-image size-large is-resized\"><img loading=\"lazy\" decoding=\"async\" src=\"https:\/\/pans.krosno.pl\/kola-naukowe\/wp-content\/uploads\/sites\/48\/2022\/05\/Wyroznienie-1024x724.jpg\" alt=\"\" class=\"wp-image-5111\" width=\"367\" height=\"259\" srcset=\"https:\/\/pans.krosno.pl\/kola-naukowe\/wp-content\/uploads\/sites\/48\/2022\/05\/Wyroznienie-1024x724.jpg 1024w, https:\/\/pans.krosno.pl\/kola-naukowe\/wp-content\/uploads\/sites\/48\/2022\/05\/Wyroznienie-300x212.jpg 300w, https:\/\/pans.krosno.pl\/kola-naukowe\/wp-content\/uploads\/sites\/48\/2022\/05\/Wyroznienie-768x543.jpg 768w, https:\/\/pans.krosno.pl\/kola-naukowe\/wp-content\/uploads\/sites\/48\/2022\/05\/Wyroznienie-1536x1086.jpg 1536w, https:\/\/pans.krosno.pl\/kola-naukowe\/wp-content\/uploads\/sites\/48\/2022\/05\/Wyroznienie-2000x1414.jpg 2000w, https:\/\/pans.krosno.pl\/kola-naukowe\/wp-content\/uploads\/sites\/48\/2022\/05\/Wyroznienie-800x566.jpg 800w, https:\/\/pans.krosno.pl\/kola-naukowe\/wp-content\/uploads\/sites\/48\/2022\/05\/Wyroznienie-580x410.jpg 580w, https:\/\/pans.krosno.pl\/kola-naukowe\/wp-content\/uploads\/sites\/48\/2022\/05\/Wyroznienie.jpg 2048w\" sizes=\"auto, (max-width: 367px) 100vw, 367px\" \/><figcaption>Wyr\u00f3\u017cnienie dla Patryka Soli\u0144skiego<\/figcaption><\/figure>\n<\/div>\n\n\n\n<div class=\"wp-block-column is-layout-flow wp-block-column-is-layout-flow\">\n<figure class=\"wp-block-image size-large\"><img loading=\"lazy\" decoding=\"async\" width=\"1024\" height=\"593\" src=\"https:\/\/pans.krosno.pl\/kola-naukowe\/wp-content\/uploads\/sites\/48\/2022\/05\/Wyroznienie2-1024x593.jpg\" alt=\"\" class=\"wp-image-5113\" srcset=\"https:\/\/pans.krosno.pl\/kola-naukowe\/wp-content\/uploads\/sites\/48\/2022\/05\/Wyroznienie2-1024x593.jpg 1024w, https:\/\/pans.krosno.pl\/kola-naukowe\/wp-content\/uploads\/sites\/48\/2022\/05\/Wyroznienie2-300x174.jpg 300w, https:\/\/pans.krosno.pl\/kola-naukowe\/wp-content\/uploads\/sites\/48\/2022\/05\/Wyroznienie2-768x445.jpg 768w, https:\/\/pans.krosno.pl\/kola-naukowe\/wp-content\/uploads\/sites\/48\/2022\/05\/Wyroznienie2-1536x890.jpg 1536w, https:\/\/pans.krosno.pl\/kola-naukowe\/wp-content\/uploads\/sites\/48\/2022\/05\/Wyroznienie2-800x463.jpg 800w, https:\/\/pans.krosno.pl\/kola-naukowe\/wp-content\/uploads\/sites\/48\/2022\/05\/Wyroznienie2-580x336.jpg 580w, https:\/\/pans.krosno.pl\/kola-naukowe\/wp-content\/uploads\/sites\/48\/2022\/05\/Wyroznienie2.jpg 1654w\" sizes=\"auto, (max-width: 1024px) 100vw, 1024px\" \/><figcaption>Wyr\u00f3\u017cnienie dla Karoliny Sondej<\/figcaption><\/figure>\n<\/div>\n<\/div>\n\n\n\n<figure class=\"wp-block-image size-large is-resized\"><img loading=\"lazy\" decoding=\"async\" src=\"https:\/\/pans.krosno.pl\/kola-naukowe\/wp-content\/uploads\/sites\/48\/2022\/05\/wszyscy-1024x768.jpg\" alt=\"\" class=\"wp-image-5109\" width=\"723\" height=\"542\" srcset=\"https:\/\/pans.krosno.pl\/kola-naukowe\/wp-content\/uploads\/sites\/48\/2022\/05\/wszyscy-1024x768.jpg 1024w, https:\/\/pans.krosno.pl\/kola-naukowe\/wp-content\/uploads\/sites\/48\/2022\/05\/wszyscy-300x225.jpg 300w, https:\/\/pans.krosno.pl\/kola-naukowe\/wp-content\/uploads\/sites\/48\/2022\/05\/wszyscy-768x576.jpg 768w, https:\/\/pans.krosno.pl\/kola-naukowe\/wp-content\/uploads\/sites\/48\/2022\/05\/wszyscy-1536x1152.jpg 1536w, https:\/\/pans.krosno.pl\/kola-naukowe\/wp-content\/uploads\/sites\/48\/2022\/05\/wszyscy-2000x1500.jpg 2000w, https:\/\/pans.krosno.pl\/kola-naukowe\/wp-content\/uploads\/sites\/48\/2022\/05\/wszyscy-800x600.jpg 800w, https:\/\/pans.krosno.pl\/kola-naukowe\/wp-content\/uploads\/sites\/48\/2022\/05\/wszyscy-580x435.jpg 580w, https:\/\/pans.krosno.pl\/kola-naukowe\/wp-content\/uploads\/sites\/48\/2022\/05\/wszyscy.jpg 2048w\" sizes=\"auto, (max-width: 723px) 100vw, 723px\" \/><figcaption>Grupa student\u00f3w z KPU w Kro\u015bnie, z SKN Ekonomist\u00f3w  przed budynkiem Uczelni Wy\u017cszej Szko\u0142y Informatyki i Zarz\u0105dzania w Kielnarowej<\/figcaption><\/figure>\n\n\n<p>Dla wszystkich by\u0142a to udana konferencja: ciekawy wyjazd (wreszcie nie online), mo\u017cliwo\u015b\u0107 zdobycia nowych do\u015bwiadcze\u0144, znajomo\u015bci, czy wymiany pogl\u0105d\u00f3w.<\/p>\n\n<p>Wszystkim prelegentom gratuluj\u0119 przeprowadzonych bada\u0144, przygotowania prezencji i wzorowych wyst\u0105pie\u0144.<\/p>\n<p style=\"text-align: right\">Opiekun ko\u0142a<\/p>\n<p style=\"text-align: right\">mgr in\u017c. El\u017cbieta Br\u0105giel<\/p>\n\n\n<p><\/p>\n","protected":false},"excerpt":{"rendered":"<p>Studenci z SKN Ekonomist\u00f3w 24-25 maja 2022r. brali udzia\u0142 w XIII Og\u00f3lnopolskiej Konferencji Naukowej &#8222;Nauka i pasja kluczem do sukcesu&#8221;. Konferencja organizowana by\u0142a przez Wy\u017csz\u0105 Szko\u0142\u0119 Informatyki i Zarz\u0105dzania w Rzeszowie. Konferencja odby\u0142a si\u0119 w Kielnarowej ko\u0142o Rzeszowa. Grupa sze\u015bciu student\u00f3w przygotowa\u0142a referaty i prezentowa\u0142a je na konferencji. Patryk Soli\u0144ski, [\u2026] <\/p>\n<div class=\"clear\"><\/div>\n<p><a class=\"more_link clearfix\" href=\"https:\/\/pans.krosno.pl\/kola-naukowe\/studenci-z-skn-ekonomistow-na-konferencji-naukowej\/\" rel=\"nofollow\">Read More<\/a><\/p>\n","protected":false},"author":17,"featured_media":5119,"comment_status":"open","ping_status":"open","sticky":false,"template":"","format":"standard","meta":{"ngg_post_thumbnail":0,"footnotes":""},"categories":[2],"tags":[],"class_list":["post-5106","post","type-post","status-publish","format-standard","has-post-thumbnail","hentry","category-ekonomisci"],"yoast_head":"<!-- This site is optimized with the Yoast SEO Premium plugin v27.4 (Yoast SEO v27.4) - https:\/\/yoast.com\/product\/yoast-seo-premium-wordpress\/ -->\n<title>Studenci z SKN Ekonomist\u00f3w na konferencji naukowej - Studenckie Ko\u0142a Naukowe PANS w Kro\u015bnie<\/title>\n<meta name=\"robots\" content=\"index, follow, max-snippet:-1, max-image-preview:large, max-video-preview:-1\" \/>\n<link rel=\"canonical\" href=\"https:\/\/pans.krosno.pl\/kola-naukowe\/studenci-z-skn-ekonomistow-na-konferencji-naukowej\/\" \/>\n<meta property=\"og:locale\" content=\"pl_PL\" \/>\n<meta property=\"og:type\" content=\"article\" \/>\n<meta property=\"og:title\" content=\"Studenci z SKN Ekonomist\u00f3w na konferencji naukowej\" \/>\n<meta property=\"og:description\" content=\"Studenci z SKN Ekonomist\u00f3w 24-25 maja 2022r. brali udzia\u0142 w XIII Og\u00f3lnopolskiej Konferencji Naukowej &#8222;Nauka i pasja kluczem do sukcesu&#8221;. Konferencja organizowana by\u0142a przez Wy\u017csz\u0105 Szko\u0142\u0119 Informatyki i Zarz\u0105dzania w Rzeszowie. Konferencja odby\u0142a si\u0119 w Kielnarowej ko\u0142o Rzeszowa. Grupa sze\u015bciu student\u00f3w przygotowa\u0142a referaty i prezentowa\u0142a je na konferencji. Patryk Soli\u0144ski, [\u2026] Read More\" \/>\n<meta property=\"og:url\" content=\"https:\/\/pans.krosno.pl\/kola-naukowe\/studenci-z-skn-ekonomistow-na-konferencji-naukowej\/\" \/>\n<meta property=\"og:site_name\" content=\"Studenckie Ko\u0142a Naukowe PANS w Kro\u015bnie\" \/>\n<meta property=\"article:published_time\" content=\"2022-05-29T20:35:10+00:00\" \/>\n<meta property=\"article:modified_time\" content=\"2022-05-29T20:38:37+00:00\" \/>\n<meta property=\"og:image\" content=\"https:\/\/pans.krosno.pl\/wp-content\/uploads\/sites\/48\/2022\/05\/plakat-1.jpg\" \/>\n\t<meta property=\"og:image:width\" content=\"511\" \/>\n\t<meta property=\"og:image:height\" content=\"408\" \/>\n\t<meta property=\"og:image:type\" content=\"image\/jpeg\" \/>\n<meta name=\"author\" content=\"elzbietabragiel\" \/>\n<meta name=\"twitter:card\" content=\"summary_large_image\" \/>\n<meta name=\"twitter:label1\" content=\"Napisane przez\" \/>\n\t<meta name=\"twitter:data1\" content=\"elzbietabragiel\" \/>\n\t<meta name=\"twitter:label2\" content=\"Szacowany czas czytania\" \/>\n\t<meta name=\"twitter:data2\" content=\"2 minuty\" \/>\n<script type=\"application\/ld+json\" class=\"yoast-schema-graph\">{\"@context\":\"https:\\\/\\\/schema.org\",\"@graph\":[{\"@type\":\"Article\",\"@id\":\"https:\\\/\\\/pans.krosno.pl\\\/kola-naukowe\\\/studenci-z-skn-ekonomistow-na-konferencji-naukowej\\\/#article\",\"isPartOf\":{\"@id\":\"https:\\\/\\\/pans.krosno.pl\\\/kola-naukowe\\\/studenci-z-skn-ekonomistow-na-konferencji-naukowej\\\/\"},\"author\":{\"name\":\"elzbietabragiel\",\"@id\":\"https:\\\/\\\/pans.krosno.pl\\\/kola-naukowe\\\/#\\\/schema\\\/person\\\/5234d538b37281133cebfcf174124540\"},\"headline\":\"Studenci z SKN Ekonomist\u00f3w na konferencji naukowej\",\"datePublished\":\"2022-05-29T20:35:10+00:00\",\"dateModified\":\"2022-05-29T20:38:37+00:00\",\"mainEntityOfPage\":{\"@id\":\"https:\\\/\\\/pans.krosno.pl\\\/kola-naukowe\\\/studenci-z-skn-ekonomistow-na-konferencji-naukowej\\\/\"},\"wordCount\":206,\"commentCount\":0,\"publisher\":{\"@id\":\"https:\\\/\\\/pans.krosno.pl\\\/kola-naukowe\\\/#organization\"},\"image\":{\"@id\":\"https:\\\/\\\/pans.krosno.pl\\\/kola-naukowe\\\/studenci-z-skn-ekonomistow-na-konferencji-naukowej\\\/#primaryimage\"},\"thumbnailUrl\":\"https:\\\/\\\/pans.krosno.pl\\\/kola-naukowe\\\/wp-content\\\/uploads\\\/sites\\\/48\\\/2022\\\/05\\\/plakat-1.jpg\",\"articleSection\":[\"Ekonomi\u015bci\"],\"inLanguage\":\"pl-PL\",\"potentialAction\":[{\"@type\":\"CommentAction\",\"name\":\"Comment\",\"target\":[\"https:\\\/\\\/pans.krosno.pl\\\/kola-naukowe\\\/studenci-z-skn-ekonomistow-na-konferencji-naukowej\\\/#respond\"]}]},{\"@type\":\"WebPage\",\"@id\":\"https:\\\/\\\/pans.krosno.pl\\\/kola-naukowe\\\/studenci-z-skn-ekonomistow-na-konferencji-naukowej\\\/\",\"url\":\"https:\\\/\\\/pans.krosno.pl\\\/kola-naukowe\\\/studenci-z-skn-ekonomistow-na-konferencji-naukowej\\\/\",\"name\":\"Studenci z SKN Ekonomist\u00f3w na konferencji naukowej - Studenckie Ko\u0142a Naukowe PANS w Kro\u015bnie\",\"isPartOf\":{\"@id\":\"https:\\\/\\\/pans.krosno.pl\\\/kola-naukowe\\\/#website\"},\"primaryImageOfPage\":{\"@id\":\"https:\\\/\\\/pans.krosno.pl\\\/kola-naukowe\\\/studenci-z-skn-ekonomistow-na-konferencji-naukowej\\\/#primaryimage\"},\"image\":{\"@id\":\"https:\\\/\\\/pans.krosno.pl\\\/kola-naukowe\\\/studenci-z-skn-ekonomistow-na-konferencji-naukowej\\\/#primaryimage\"},\"thumbnailUrl\":\"https:\\\/\\\/pans.krosno.pl\\\/kola-naukowe\\\/wp-content\\\/uploads\\\/sites\\\/48\\\/2022\\\/05\\\/plakat-1.jpg\",\"datePublished\":\"2022-05-29T20:35:10+00:00\",\"dateModified\":\"2022-05-29T20:38:37+00:00\",\"breadcrumb\":{\"@id\":\"https:\\\/\\\/pans.krosno.pl\\\/kola-naukowe\\\/studenci-z-skn-ekonomistow-na-konferencji-naukowej\\\/#breadcrumb\"},\"inLanguage\":\"pl-PL\",\"potentialAction\":[{\"@type\":\"ReadAction\",\"target\":[\"https:\\\/\\\/pans.krosno.pl\\\/kola-naukowe\\\/studenci-z-skn-ekonomistow-na-konferencji-naukowej\\\/\"]}]},{\"@type\":\"ImageObject\",\"inLanguage\":\"pl-PL\",\"@id\":\"https:\\\/\\\/pans.krosno.pl\\\/kola-naukowe\\\/studenci-z-skn-ekonomistow-na-konferencji-naukowej\\\/#primaryimage\",\"url\":\"https:\\\/\\\/pans.krosno.pl\\\/kola-naukowe\\\/wp-content\\\/uploads\\\/sites\\\/48\\\/2022\\\/05\\\/plakat-1.jpg\",\"contentUrl\":\"https:\\\/\\\/pans.krosno.pl\\\/kola-naukowe\\\/wp-content\\\/uploads\\\/sites\\\/48\\\/2022\\\/05\\\/plakat-1.jpg\",\"width\":511,\"height\":408},{\"@type\":\"BreadcrumbList\",\"@id\":\"https:\\\/\\\/pans.krosno.pl\\\/kola-naukowe\\\/studenci-z-skn-ekonomistow-na-konferencji-naukowej\\\/#breadcrumb\",\"itemListElement\":[{\"@type\":\"ListItem\",\"position\":1,\"name\":\"Strona g\u0142\u00f3wna\",\"item\":\"https:\\\/\\\/pans.krosno.pl\\\/kola-naukowe\\\/\"},{\"@type\":\"ListItem\",\"position\":2,\"name\":\"Studenci z SKN Ekonomist\u00f3w na konferencji naukowej\"}]},{\"@type\":\"WebSite\",\"@id\":\"https:\\\/\\\/pans.krosno.pl\\\/kola-naukowe\\\/#website\",\"url\":\"https:\\\/\\\/pans.krosno.pl\\\/kola-naukowe\\\/\",\"name\":\"Studenckie Ko\u0142a Naukowe PANS w Kro\u015bnie\",\"description\":\"Studenckie Ko\u0142a Naukowe - Pa\u0144stwowa Akademia Nauk Stosowanych\",\"publisher\":{\"@id\":\"https:\\\/\\\/pans.krosno.pl\\\/kola-naukowe\\\/#organization\"},\"potentialAction\":[{\"@type\":\"SearchAction\",\"target\":{\"@type\":\"EntryPoint\",\"urlTemplate\":\"https:\\\/\\\/pans.krosno.pl\\\/kola-naukowe\\\/?s={search_term_string}\"},\"query-input\":{\"@type\":\"PropertyValueSpecification\",\"valueRequired\":true,\"valueName\":\"search_term_string\"}}],\"inLanguage\":\"pl-PL\"},{\"@type\":\"Organization\",\"@id\":\"https:\\\/\\\/pans.krosno.pl\\\/kola-naukowe\\\/#organization\",\"name\":\"Studenckie Ko\u0142a Naukowe PANS w Kro\u015bnie\",\"url\":\"https:\\\/\\\/pans.krosno.pl\\\/kola-naukowe\\\/\",\"logo\":{\"@type\":\"ImageObject\",\"inLanguage\":\"pl-PL\",\"@id\":\"https:\\\/\\\/pans.krosno.pl\\\/kola-naukowe\\\/#\\\/schema\\\/logo\\\/image\\\/\",\"url\":\"https:\\\/\\\/pans.krosno.pl\\\/kola-naukowe\\\/wp-content\\\/uploads\\\/sites\\\/48\\\/2023\\\/01\\\/Logo-PANS-2022-pelne.png\",\"contentUrl\":\"https:\\\/\\\/pans.krosno.pl\\\/kola-naukowe\\\/wp-content\\\/uploads\\\/sites\\\/48\\\/2023\\\/01\\\/Logo-PANS-2022-pelne.png\",\"width\":3096,\"height\":696,\"caption\":\"Studenckie Ko\u0142a Naukowe PANS w Kro\u015bnie\"},\"image\":{\"@id\":\"https:\\\/\\\/pans.krosno.pl\\\/kola-naukowe\\\/#\\\/schema\\\/logo\\\/image\\\/\"}},{\"@type\":\"Person\",\"@id\":\"https:\\\/\\\/pans.krosno.pl\\\/kola-naukowe\\\/#\\\/schema\\\/person\\\/5234d538b37281133cebfcf174124540\",\"name\":\"elzbietabragiel\",\"image\":{\"@type\":\"ImageObject\",\"inLanguage\":\"pl-PL\",\"@id\":\"https:\\\/\\\/secure.gravatar.com\\\/avatar\\\/bcc708f308dc4018a34d44dfaa286089751c22f62d1a00bda271b3333c84bc0b?s=96&d=mm&r=g\",\"url\":\"https:\\\/\\\/secure.gravatar.com\\\/avatar\\\/bcc708f308dc4018a34d44dfaa286089751c22f62d1a00bda271b3333c84bc0b?s=96&d=mm&r=g\",\"contentUrl\":\"https:\\\/\\\/secure.gravatar.com\\\/avatar\\\/bcc708f308dc4018a34d44dfaa286089751c22f62d1a00bda271b3333c84bc0b?s=96&d=mm&r=g\",\"caption\":\"elzbietabragiel\"},\"url\":\"https:\\\/\\\/pans.krosno.pl\\\/kola-naukowe\\\/author\\\/elzbietabragiel\\\/\"}]}<\/script>\n<!-- \/ Yoast SEO Premium plugin. -->","yoast_head_json":{"title":"Studenci z SKN Ekonomist\u00f3w na konferencji naukowej - Studenckie Ko\u0142a Naukowe PANS w Kro\u015bnie","robots":{"index":"index","follow":"follow","max-snippet":"max-snippet:-1","max-image-preview":"max-image-preview:large","max-video-preview":"max-video-preview:-1"},"canonical":"https:\/\/pans.krosno.pl\/kola-naukowe\/studenci-z-skn-ekonomistow-na-konferencji-naukowej\/","og_locale":"pl_PL","og_type":"article","og_title":"Studenci z SKN Ekonomist\u00f3w na konferencji naukowej","og_description":"Studenci z SKN Ekonomist\u00f3w 24-25 maja 2022r. brali udzia\u0142 w XIII Og\u00f3lnopolskiej Konferencji Naukowej &#8222;Nauka i pasja kluczem do sukcesu&#8221;. Konferencja organizowana by\u0142a przez Wy\u017csz\u0105 Szko\u0142\u0119 Informatyki i Zarz\u0105dzania w Rzeszowie. Konferencja odby\u0142a si\u0119 w Kielnarowej ko\u0142o Rzeszowa. Grupa sze\u015bciu student\u00f3w przygotowa\u0142a referaty i prezentowa\u0142a je na konferencji. Patryk Soli\u0144ski, [\u2026] Read More","og_url":"https:\/\/pans.krosno.pl\/kola-naukowe\/studenci-z-skn-ekonomistow-na-konferencji-naukowej\/","og_site_name":"Studenckie Ko\u0142a Naukowe PANS w Kro\u015bnie","article_published_time":"2022-05-29T20:35:10+00:00","article_modified_time":"2022-05-29T20:38:37+00:00","og_image":[{"width":511,"height":408,"url":"https:\/\/pans.krosno.pl\/wp-content\/uploads\/sites\/48\/2022\/05\/plakat-1.jpg","type":"image\/jpeg"}],"author":"elzbietabragiel","twitter_card":"summary_large_image","twitter_misc":{"Napisane przez":"elzbietabragiel","Szacowany czas czytania":"2 minuty"},"schema":{"@context":"https:\/\/schema.org","@graph":[{"@type":"Article","@id":"https:\/\/pans.krosno.pl\/kola-naukowe\/studenci-z-skn-ekonomistow-na-konferencji-naukowej\/#article","isPartOf":{"@id":"https:\/\/pans.krosno.pl\/kola-naukowe\/studenci-z-skn-ekonomistow-na-konferencji-naukowej\/"},"author":{"name":"elzbietabragiel","@id":"https:\/\/pans.krosno.pl\/kola-naukowe\/#\/schema\/person\/5234d538b37281133cebfcf174124540"},"headline":"Studenci z SKN Ekonomist\u00f3w na konferencji naukowej","datePublished":"2022-05-29T20:35:10+00:00","dateModified":"2022-05-29T20:38:37+00:00","mainEntityOfPage":{"@id":"https:\/\/pans.krosno.pl\/kola-naukowe\/studenci-z-skn-ekonomistow-na-konferencji-naukowej\/"},"wordCount":206,"commentCount":0,"publisher":{"@id":"https:\/\/pans.krosno.pl\/kola-naukowe\/#organization"},"image":{"@id":"https:\/\/pans.krosno.pl\/kola-naukowe\/studenci-z-skn-ekonomistow-na-konferencji-naukowej\/#primaryimage"},"thumbnailUrl":"https:\/\/pans.krosno.pl\/kola-naukowe\/wp-content\/uploads\/sites\/48\/2022\/05\/plakat-1.jpg","articleSection":["Ekonomi\u015bci"],"inLanguage":"pl-PL","potentialAction":[{"@type":"CommentAction","name":"Comment","target":["https:\/\/pans.krosno.pl\/kola-naukowe\/studenci-z-skn-ekonomistow-na-konferencji-naukowej\/#respond"]}]},{"@type":"WebPage","@id":"https:\/\/pans.krosno.pl\/kola-naukowe\/studenci-z-skn-ekonomistow-na-konferencji-naukowej\/","url":"https:\/\/pans.krosno.pl\/kola-naukowe\/studenci-z-skn-ekonomistow-na-konferencji-naukowej\/","name":"Studenci z SKN Ekonomist\u00f3w na konferencji naukowej - Studenckie Ko\u0142a Naukowe PANS w Kro\u015bnie","isPartOf":{"@id":"https:\/\/pans.krosno.pl\/kola-naukowe\/#website"},"primaryImageOfPage":{"@id":"https:\/\/pans.krosno.pl\/kola-naukowe\/studenci-z-skn-ekonomistow-na-konferencji-naukowej\/#primaryimage"},"image":{"@id":"https:\/\/pans.krosno.pl\/kola-naukowe\/studenci-z-skn-ekonomistow-na-konferencji-naukowej\/#primaryimage"},"thumbnailUrl":"https:\/\/pans.krosno.pl\/kola-naukowe\/wp-content\/uploads\/sites\/48\/2022\/05\/plakat-1.jpg","datePublished":"2022-05-29T20:35:10+00:00","dateModified":"2022-05-29T20:38:37+00:00","breadcrumb":{"@id":"https:\/\/pans.krosno.pl\/kola-naukowe\/studenci-z-skn-ekonomistow-na-konferencji-naukowej\/#breadcrumb"},"inLanguage":"pl-PL","potentialAction":[{"@type":"ReadAction","target":["https:\/\/pans.krosno.pl\/kola-naukowe\/studenci-z-skn-ekonomistow-na-konferencji-naukowej\/"]}]},{"@type":"ImageObject","inLanguage":"pl-PL","@id":"https:\/\/pans.krosno.pl\/kola-naukowe\/studenci-z-skn-ekonomistow-na-konferencji-naukowej\/#primaryimage","url":"https:\/\/pans.krosno.pl\/kola-naukowe\/wp-content\/uploads\/sites\/48\/2022\/05\/plakat-1.jpg","contentUrl":"https:\/\/pans.krosno.pl\/kola-naukowe\/wp-content\/uploads\/sites\/48\/2022\/05\/plakat-1.jpg","width":511,"height":408},{"@type":"BreadcrumbList","@id":"https:\/\/pans.krosno.pl\/kola-naukowe\/studenci-z-skn-ekonomistow-na-konferencji-naukowej\/#breadcrumb","itemListElement":[{"@type":"ListItem","position":1,"name":"Strona g\u0142\u00f3wna","item":"https:\/\/pans.krosno.pl\/kola-naukowe\/"},{"@type":"ListItem","position":2,"name":"Studenci z SKN Ekonomist\u00f3w na konferencji naukowej"}]},{"@type":"WebSite","@id":"https:\/\/pans.krosno.pl\/kola-naukowe\/#website","url":"https:\/\/pans.krosno.pl\/kola-naukowe\/","name":"Studenckie Ko\u0142a Naukowe PANS w Kro\u015bnie","description":"Studenckie Ko\u0142a Naukowe - Pa\u0144stwowa Akademia Nauk Stosowanych","publisher":{"@id":"https:\/\/pans.krosno.pl\/kola-naukowe\/#organization"},"potentialAction":[{"@type":"SearchAction","target":{"@type":"EntryPoint","urlTemplate":"https:\/\/pans.krosno.pl\/kola-naukowe\/?s={search_term_string}"},"query-input":{"@type":"PropertyValueSpecification","valueRequired":true,"valueName":"search_term_string"}}],"inLanguage":"pl-PL"},{"@type":"Organization","@id":"https:\/\/pans.krosno.pl\/kola-naukowe\/#organization","name":"Studenckie Ko\u0142a Naukowe PANS w Kro\u015bnie","url":"https:\/\/pans.krosno.pl\/kola-naukowe\/","logo":{"@type":"ImageObject","inLanguage":"pl-PL","@id":"https:\/\/pans.krosno.pl\/kola-naukowe\/#\/schema\/logo\/image\/","url":"https:\/\/pans.krosno.pl\/kola-naukowe\/wp-content\/uploads\/sites\/48\/2023\/01\/Logo-PANS-2022-pelne.png","contentUrl":"https:\/\/pans.krosno.pl\/kola-naukowe\/wp-content\/uploads\/sites\/48\/2023\/01\/Logo-PANS-2022-pelne.png","width":3096,"height":696,"caption":"Studenckie Ko\u0142a Naukowe PANS w Kro\u015bnie"},"image":{"@id":"https:\/\/pans.krosno.pl\/kola-naukowe\/#\/schema\/logo\/image\/"}},{"@type":"Person","@id":"https:\/\/pans.krosno.pl\/kola-naukowe\/#\/schema\/person\/5234d538b37281133cebfcf174124540","name":"elzbietabragiel","image":{"@type":"ImageObject","inLanguage":"pl-PL","@id":"https:\/\/secure.gravatar.com\/avatar\/bcc708f308dc4018a34d44dfaa286089751c22f62d1a00bda271b3333c84bc0b?s=96&d=mm&r=g","url":"https:\/\/secure.gravatar.com\/avatar\/bcc708f308dc4018a34d44dfaa286089751c22f62d1a00bda271b3333c84bc0b?s=96&d=mm&r=g","contentUrl":"https:\/\/secure.gravatar.com\/avatar\/bcc708f308dc4018a34d44dfaa286089751c22f62d1a00bda271b3333c84bc0b?s=96&d=mm&r=g","caption":"elzbietabragiel"},"url":"https:\/\/pans.krosno.pl\/kola-naukowe\/author\/elzbietabragiel\/"}]}},"_links":{"self":[{"href":"https:\/\/pans.krosno.pl\/kola-naukowe\/wp-json\/wp\/v2\/posts\/5106","targetHints":{"allow":["GET"]}}],"collection":[{"href":"https:\/\/pans.krosno.pl\/kola-naukowe\/wp-json\/wp\/v2\/posts"}],"about":[{"href":"https:\/\/pans.krosno.pl\/kola-naukowe\/wp-json\/wp\/v2\/types\/post"}],"author":[{"embeddable":true,"href":"https:\/\/pans.krosno.pl\/kola-naukowe\/wp-json\/wp\/v2\/users\/17"}],"replies":[{"embeddable":true,"href":"https:\/\/pans.krosno.pl\/kola-naukowe\/wp-json\/wp\/v2\/comments?post=5106"}],"version-history":[{"count":2,"href":"https:\/\/pans.krosno.pl\/kola-naukowe\/wp-json\/wp\/v2\/posts\/5106\/revisions"}],"predecessor-version":[{"id":5123,"href":"https:\/\/pans.krosno.pl\/kola-naukowe\/wp-json\/wp\/v2\/posts\/5106\/revisions\/5123"}],"wp:featuredmedia":[{"embeddable":true,"href":"https:\/\/pans.krosno.pl\/kola-naukowe\/wp-json\/wp\/v2\/media\/5119"}],"wp:attachment":[{"href":"https:\/\/pans.krosno.pl\/kola-naukowe\/wp-json\/wp\/v2\/media?parent=5106"}],"wp:term":[{"taxonomy":"category","embeddable":true,"href":"https:\/\/pans.krosno.pl\/kola-naukowe\/wp-json\/wp\/v2\/categories?post=5106"},{"taxonomy":"post_tag","embeddable":true,"href":"https:\/\/pans.krosno.pl\/kola-naukowe\/wp-json\/wp\/v2\/tags?post=5106"}],"curies":[{"name":"wp","href":"https:\/\/api.w.org\/{rel}","templated":true}]}}