{"id":5012,"date":"2022-03-25T13:07:10","date_gmt":"2022-03-25T12:07:10","guid":{"rendered":"https:\/\/pans.krosno.pl\/kola-naukowe\/?p=5012"},"modified":"2022-03-31T14:42:44","modified_gmt":"2022-03-31T12:42:44","slug":"czlonkowie-skn-ekonomistow-na-vi-ogolnopolskiej-konferencji-mlodych-naukowcow-turystyka-a-przyroda","status":"publish","type":"post","link":"https:\/\/pans.krosno.pl\/kola-naukowe\/czlonkowie-skn-ekonomistow-na-vi-ogolnopolskiej-konferencji-mlodych-naukowcow-turystyka-a-przyroda\/","title":{"rendered":"Cz\u0142onkowie SKN Ekonomist\u00f3w na VI Og\u00f3lnopolskiej Konferencji M\u0142odych Naukowc\u00f3w \u201eTurystyka a przyroda\u201d"},"content":{"rendered":"\n<div class=\"wp-block-image\"><figure class=\"aligncenter size-full\"><img loading=\"lazy\" decoding=\"async\" width=\"525\" height=\"360\" src=\"https:\/\/pans.krosno.pl\/kola-naukowe\/wp-content\/uploads\/sites\/48\/2022\/03\/276062407_2096897967146045_1003838960664755256_n.png\" alt=\"\" class=\"wp-image-5026\" srcset=\"https:\/\/pans.krosno.pl\/kola-naukowe\/wp-content\/uploads\/sites\/48\/2022\/03\/276062407_2096897967146045_1003838960664755256_n.png 525w, https:\/\/pans.krosno.pl\/kola-naukowe\/wp-content\/uploads\/sites\/48\/2022\/03\/276062407_2096897967146045_1003838960664755256_n-300x206.png 300w\" sizes=\"auto, (max-width: 525px) 100vw, 525px\" \/><figcaption>Plakat VI Og\u00f3lnopolskiej Konferencji M\u0142odych Naukowc\u00f3w \u201eTurystyka a przyroda\u201d<\/figcaption><\/figure><\/div>\n\n\n<p><strong>25 marca 2022r. odby\u0142a si\u0119 VI Og\u00f3lnopolska Konferencja M\u0142odych Naukowc\u00f3w \u201eTurystyka a przyroda\u201d.<\/strong> Organizowana by\u0142a przez Podhala\u0144sk\u0105 Pa\u0144stwow\u0105 Uczelni\u0119 Zawodow\u0105 w Nowym Targu, Zak\u0142ad Turystyki i Rekreacji oraz Podhala\u0144skie Ko\u0142o Naukowe Turystyki. Konferencja odbywa\u0142a si\u0119 on-line.<\/p>\n\n\n<figure class=\"wp-block-image size-full\"><img loading=\"lazy\" decoding=\"async\" width=\"600\" height=\"584\" src=\"https:\/\/pans.krosno.pl\/kola-naukowe\/wp-content\/uploads\/sites\/48\/2022\/03\/276297655_2099030703599438_4065434237188053766_n.png\" alt=\"\" class=\"wp-image-5030\" srcset=\"https:\/\/pans.krosno.pl\/kola-naukowe\/wp-content\/uploads\/sites\/48\/2022\/03\/276297655_2099030703599438_4065434237188053766_n.png 600w, https:\/\/pans.krosno.pl\/kola-naukowe\/wp-content\/uploads\/sites\/48\/2022\/03\/276297655_2099030703599438_4065434237188053766_n-300x292.png 300w, https:\/\/pans.krosno.pl\/kola-naukowe\/wp-content\/uploads\/sites\/48\/2022\/03\/276297655_2099030703599438_4065434237188053766_n-580x565.png 580w\" sizes=\"auto, (max-width: 600px) 100vw, 600px\" \/><figcaption>Konferencja w liczbach.<\/figcaption><\/figure>\n\n\n<p>Studenci Karpackiej Pa\u0144stwowej Uczelni w Kro\u015bnie, cz\u0142onkowie naszego SKN Ekonomist\u00f3w wzi\u0119li czynny udzia\u0142 w konferencji i wyg\u0142osili ciekawe referaty.&nbsp;<\/p>\n<ol>\n<li>Patryk Soli\u0144ski, Patryk Gazda referat pt. \u0141\u0105czno\u015b\u0107 Internetowa w turystyce.<\/li>\n<li>Angelika Kubit, Kamil Ba\u0142on referat pt. Podr\u00f3\u017cowanie autostopem jako jedna z form turystyki.<\/li>\n<li>Dawid Penar referat pt. Turystyka w Polsce wobec inflacji.<\/li>\n<li>Patryk Gazda, Patryk Soli\u0144ski referat pt. Wp\u0142yw turystyki na \u015brodowisko.<\/li>\n<\/ol>\n\n\n<figure class=\"wp-block-image size-large is-resized\"><img loading=\"lazy\" decoding=\"async\" src=\"https:\/\/pans.krosno.pl\/kola-naukowe\/wp-content\/uploads\/sites\/48\/2022\/03\/Patryk-Patryk-1024x576.png\" alt=\"\" class=\"wp-image-5014\" width=\"840\" height=\"472\" srcset=\"https:\/\/pans.krosno.pl\/kola-naukowe\/wp-content\/uploads\/sites\/48\/2022\/03\/Patryk-Patryk-1024x576.png 1024w, https:\/\/pans.krosno.pl\/kola-naukowe\/wp-content\/uploads\/sites\/48\/2022\/03\/Patryk-Patryk-300x169.png 300w, https:\/\/pans.krosno.pl\/kola-naukowe\/wp-content\/uploads\/sites\/48\/2022\/03\/Patryk-Patryk-768x432.png 768w, https:\/\/pans.krosno.pl\/kola-naukowe\/wp-content\/uploads\/sites\/48\/2022\/03\/Patryk-Patryk-800x450.png 800w, https:\/\/pans.krosno.pl\/kola-naukowe\/wp-content\/uploads\/sites\/48\/2022\/03\/Patryk-Patryk-270x152.png 270w, https:\/\/pans.krosno.pl\/kola-naukowe\/wp-content\/uploads\/sites\/48\/2022\/03\/Patryk-Patryk-580x326.png 580w, https:\/\/pans.krosno.pl\/kola-naukowe\/wp-content\/uploads\/sites\/48\/2022\/03\/Patryk-Patryk.png 1366w\" sizes=\"auto, (max-width: 840px) 100vw, 840px\" \/><figcaption>Slajd tytu\u0142owy do prezentacji student\u00f3w Patryka Soli\u0144skiego i Patryka Gazdy<\/figcaption><\/figure>\n\n\n\n<figure class=\"wp-block-image size-large\"><img loading=\"lazy\" decoding=\"async\" width=\"1024\" height=\"576\" src=\"https:\/\/pans.krosno.pl\/kola-naukowe\/wp-content\/uploads\/sites\/48\/2022\/03\/Patryk-1-1024x576.png\" alt=\"\" class=\"wp-image-5016\" srcset=\"https:\/\/pans.krosno.pl\/kola-naukowe\/wp-content\/uploads\/sites\/48\/2022\/03\/Patryk-1-1024x576.png 1024w, https:\/\/pans.krosno.pl\/kola-naukowe\/wp-content\/uploads\/sites\/48\/2022\/03\/Patryk-1-300x169.png 300w, https:\/\/pans.krosno.pl\/kola-naukowe\/wp-content\/uploads\/sites\/48\/2022\/03\/Patryk-1-768x432.png 768w, https:\/\/pans.krosno.pl\/kola-naukowe\/wp-content\/uploads\/sites\/48\/2022\/03\/Patryk-1-800x450.png 800w, https:\/\/pans.krosno.pl\/kola-naukowe\/wp-content\/uploads\/sites\/48\/2022\/03\/Patryk-1-270x152.png 270w, https:\/\/pans.krosno.pl\/kola-naukowe\/wp-content\/uploads\/sites\/48\/2022\/03\/Patryk-1-580x326.png 580w, https:\/\/pans.krosno.pl\/kola-naukowe\/wp-content\/uploads\/sites\/48\/2022\/03\/Patryk-1.png 1366w\" sizes=\"auto, (max-width: 1024px) 100vw, 1024px\" \/><figcaption> Slajd z prezentacji student\u00f3w Patryka Soli\u0144skiego i Patryka Gazdy <\/figcaption><\/figure>\n\n\n\n<figure class=\"wp-block-image size-large\"><img loading=\"lazy\" decoding=\"async\" width=\"1024\" height=\"576\" src=\"https:\/\/pans.krosno.pl\/kola-naukowe\/wp-content\/uploads\/sites\/48\/2022\/03\/Angelika-KAMIL-1024x576.png\" alt=\"\" class=\"wp-image-5018\" srcset=\"https:\/\/pans.krosno.pl\/kola-naukowe\/wp-content\/uploads\/sites\/48\/2022\/03\/Angelika-KAMIL-1024x576.png 1024w, https:\/\/pans.krosno.pl\/kola-naukowe\/wp-content\/uploads\/sites\/48\/2022\/03\/Angelika-KAMIL-300x169.png 300w, https:\/\/pans.krosno.pl\/kola-naukowe\/wp-content\/uploads\/sites\/48\/2022\/03\/Angelika-KAMIL-768x432.png 768w, https:\/\/pans.krosno.pl\/kola-naukowe\/wp-content\/uploads\/sites\/48\/2022\/03\/Angelika-KAMIL-800x450.png 800w, https:\/\/pans.krosno.pl\/kola-naukowe\/wp-content\/uploads\/sites\/48\/2022\/03\/Angelika-KAMIL-270x152.png 270w, https:\/\/pans.krosno.pl\/kola-naukowe\/wp-content\/uploads\/sites\/48\/2022\/03\/Angelika-KAMIL-580x326.png 580w, https:\/\/pans.krosno.pl\/kola-naukowe\/wp-content\/uploads\/sites\/48\/2022\/03\/Angelika-KAMIL.png 1366w\" sizes=\"auto, (max-width: 1024px) 100vw, 1024px\" \/><figcaption>Slajd tytu\u0142owy do prezentacji student\u00f3w Angeliki Kubit i Kamila Ba\u0142on<\/figcaption><\/figure>\n\n\n\n<figure class=\"wp-block-image size-large\"><img loading=\"lazy\" decoding=\"async\" width=\"1024\" height=\"576\" src=\"https:\/\/pans.krosno.pl\/kola-naukowe\/wp-content\/uploads\/sites\/48\/2022\/03\/ANGELIKA-2-1024x576.png\" alt=\"\" class=\"wp-image-5020\" srcset=\"https:\/\/pans.krosno.pl\/kola-naukowe\/wp-content\/uploads\/sites\/48\/2022\/03\/ANGELIKA-2-1024x576.png 1024w, https:\/\/pans.krosno.pl\/kola-naukowe\/wp-content\/uploads\/sites\/48\/2022\/03\/ANGELIKA-2-300x169.png 300w, https:\/\/pans.krosno.pl\/kola-naukowe\/wp-content\/uploads\/sites\/48\/2022\/03\/ANGELIKA-2-768x432.png 768w, https:\/\/pans.krosno.pl\/kola-naukowe\/wp-content\/uploads\/sites\/48\/2022\/03\/ANGELIKA-2-800x450.png 800w, https:\/\/pans.krosno.pl\/kola-naukowe\/wp-content\/uploads\/sites\/48\/2022\/03\/ANGELIKA-2-270x152.png 270w, https:\/\/pans.krosno.pl\/kola-naukowe\/wp-content\/uploads\/sites\/48\/2022\/03\/ANGELIKA-2-580x326.png 580w, https:\/\/pans.krosno.pl\/kola-naukowe\/wp-content\/uploads\/sites\/48\/2022\/03\/ANGELIKA-2.png 1366w\" sizes=\"auto, (max-width: 1024px) 100vw, 1024px\" \/><figcaption>Slajd z prezentacji student\u00f3w Angeliki Kubit i Kamila Ba\u0142on<\/figcaption><\/figure>\n\n\n\n<figure class=\"wp-block-image size-large\"><img loading=\"lazy\" decoding=\"async\" width=\"1024\" height=\"576\" src=\"https:\/\/pans.krosno.pl\/kola-naukowe\/wp-content\/uploads\/sites\/48\/2022\/03\/Dawid-1024x576.png\" alt=\"\" class=\"wp-image-5022\" srcset=\"https:\/\/pans.krosno.pl\/kola-naukowe\/wp-content\/uploads\/sites\/48\/2022\/03\/Dawid-1024x576.png 1024w, https:\/\/pans.krosno.pl\/kola-naukowe\/wp-content\/uploads\/sites\/48\/2022\/03\/Dawid-300x169.png 300w, https:\/\/pans.krosno.pl\/kola-naukowe\/wp-content\/uploads\/sites\/48\/2022\/03\/Dawid-768x432.png 768w, https:\/\/pans.krosno.pl\/kola-naukowe\/wp-content\/uploads\/sites\/48\/2022\/03\/Dawid-800x450.png 800w, https:\/\/pans.krosno.pl\/kola-naukowe\/wp-content\/uploads\/sites\/48\/2022\/03\/Dawid-270x152.png 270w, https:\/\/pans.krosno.pl\/kola-naukowe\/wp-content\/uploads\/sites\/48\/2022\/03\/Dawid-580x326.png 580w, https:\/\/pans.krosno.pl\/kola-naukowe\/wp-content\/uploads\/sites\/48\/2022\/03\/Dawid.png 1366w\" sizes=\"auto, (max-width: 1024px) 100vw, 1024px\" \/><figcaption>Slajd tytu\u0142owy do prezentacji studenta Dawida Penar<\/figcaption><\/figure>\n\n\n\n<figure class=\"wp-block-image size-large\"><img loading=\"lazy\" decoding=\"async\" width=\"1024\" height=\"576\" src=\"https:\/\/pans.krosno.pl\/kola-naukowe\/wp-content\/uploads\/sites\/48\/2022\/03\/Pokaz-slajdow-programu-PowerPoint-Wplyw-turystyki-na-srodowisko-prezentacja-Gazda-25.03.2022-11_48_01-1024x576.png\" alt=\"\" class=\"wp-image-5024\" srcset=\"https:\/\/pans.krosno.pl\/kola-naukowe\/wp-content\/uploads\/sites\/48\/2022\/03\/Pokaz-slajdow-programu-PowerPoint-Wplyw-turystyki-na-srodowisko-prezentacja-Gazda-25.03.2022-11_48_01-1024x576.png 1024w, https:\/\/pans.krosno.pl\/kola-naukowe\/wp-content\/uploads\/sites\/48\/2022\/03\/Pokaz-slajdow-programu-PowerPoint-Wplyw-turystyki-na-srodowisko-prezentacja-Gazda-25.03.2022-11_48_01-300x169.png 300w, https:\/\/pans.krosno.pl\/kola-naukowe\/wp-content\/uploads\/sites\/48\/2022\/03\/Pokaz-slajdow-programu-PowerPoint-Wplyw-turystyki-na-srodowisko-prezentacja-Gazda-25.03.2022-11_48_01-768x432.png 768w, https:\/\/pans.krosno.pl\/kola-naukowe\/wp-content\/uploads\/sites\/48\/2022\/03\/Pokaz-slajdow-programu-PowerPoint-Wplyw-turystyki-na-srodowisko-prezentacja-Gazda-25.03.2022-11_48_01-800x450.png 800w, https:\/\/pans.krosno.pl\/kola-naukowe\/wp-content\/uploads\/sites\/48\/2022\/03\/Pokaz-slajdow-programu-PowerPoint-Wplyw-turystyki-na-srodowisko-prezentacja-Gazda-25.03.2022-11_48_01-270x152.png 270w, https:\/\/pans.krosno.pl\/kola-naukowe\/wp-content\/uploads\/sites\/48\/2022\/03\/Pokaz-slajdow-programu-PowerPoint-Wplyw-turystyki-na-srodowisko-prezentacja-Gazda-25.03.2022-11_48_01-580x326.png 580w, https:\/\/pans.krosno.pl\/kola-naukowe\/wp-content\/uploads\/sites\/48\/2022\/03\/Pokaz-slajdow-programu-PowerPoint-Wplyw-turystyki-na-srodowisko-prezentacja-Gazda-25.03.2022-11_48_01.png 1366w\" sizes=\"auto, (max-width: 1024px) 100vw, 1024px\" \/><figcaption>Slajd tytu\u0142owy do prezentacji student\u00f3w Patryk Gazda i Patryk Soli\u0144ski<\/figcaption><\/figure>\n\n\n<p>Wszystkie referaty by\u0142y na wysokim poziomie merytorycznym, a ich sprawna, ciekawie przeprowadzona prezentacja dodatkowo wp\u0142yn\u0119\u0142a na jako\u015b\u0107 wyst\u0105pie\u0144. Liczba wyst\u0105pie\u0144 naszych student\u00f3w da\u0142o nam 2 miejsce spo\u015br\u00f3d 21 uczestnicz\u0105cych uczelni i szk\u00f3\u0142.&nbsp;<\/p>\n<p><strong>Wszystkim bardzo gratuluj\u0119 i \u017cycz\u0119 dalszego rozwoju naukowego.<\/strong><\/p>\n<p style=\"text-align: right\">Opiekun SKN Ekonomist\u00f3w mgr in\u017c. El\u017cbieta Br\u0105giel<\/p>\n\n","protected":false},"excerpt":{"rendered":"<p>25 marca 2022r. odby\u0142a si\u0119 VI Og\u00f3lnopolska Konferencja M\u0142odych Naukowc\u00f3w \u201eTurystyka a przyroda\u201d. Organizowana by\u0142a przez Podhala\u0144sk\u0105 Pa\u0144stwow\u0105 Uczelni\u0119 Zawodow\u0105 w Nowym Targu, Zak\u0142ad Turystyki i Rekreacji oraz Podhala\u0144skie Ko\u0142o Naukowe Turystyki. Konferencja odbywa\u0142a si\u0119 on-line. Studenci Karpackiej Pa\u0144stwowej Uczelni w Kro\u015bnie, cz\u0142onkowie naszego SKN Ekonomist\u00f3w wzi\u0119li czynny udzia\u0142 w [\u2026] <\/p>\n<div class=\"clear\"><\/div>\n<p><a class=\"more_link clearfix\" href=\"https:\/\/pans.krosno.pl\/kola-naukowe\/czlonkowie-skn-ekonomistow-na-vi-ogolnopolskiej-konferencji-mlodych-naukowcow-turystyka-a-przyroda\/\" rel=\"nofollow\">Read More<\/a><\/p>\n","protected":false},"author":17,"featured_media":5032,"comment_status":"open","ping_status":"open","sticky":false,"template":"","format":"standard","meta":{"ngg_post_thumbnail":0,"footnotes":""},"categories":[1,2],"tags":[],"class_list":["post-5012","post","type-post","status-publish","format-standard","has-post-thumbnail","hentry","category-bez-kategorii","category-ekonomisci"],"yoast_head":"<!-- This site is optimized with the Yoast SEO Premium plugin v27.4 (Yoast SEO v27.4) - https:\/\/yoast.com\/product\/yoast-seo-premium-wordpress\/ -->\n<title>Cz\u0142onkowie SKN Ekonomist\u00f3w na VI Og\u00f3lnopolskiej Konferencji M\u0142odych Naukowc\u00f3w \u201eTurystyka a przyroda\u201d - Studenckie Ko\u0142a Naukowe PANS w Kro\u015bnie<\/title>\n<meta name=\"robots\" content=\"index, follow, max-snippet:-1, max-image-preview:large, max-video-preview:-1\" \/>\n<link rel=\"canonical\" href=\"https:\/\/pans.krosno.pl\/kola-naukowe\/czlonkowie-skn-ekonomistow-na-vi-ogolnopolskiej-konferencji-mlodych-naukowcow-turystyka-a-przyroda\/\" \/>\n<meta property=\"og:locale\" content=\"pl_PL\" \/>\n<meta property=\"og:type\" content=\"article\" \/>\n<meta property=\"og:title\" content=\"Cz\u0142onkowie SKN Ekonomist\u00f3w na VI Og\u00f3lnopolskiej Konferencji M\u0142odych Naukowc\u00f3w \u201eTurystyka a przyroda\u201d\" \/>\n<meta property=\"og:description\" content=\"25 marca 2022r. odby\u0142a si\u0119 VI Og\u00f3lnopolska Konferencja M\u0142odych Naukowc\u00f3w \u201eTurystyka a przyroda\u201d. Organizowana by\u0142a przez Podhala\u0144sk\u0105 Pa\u0144stwow\u0105 Uczelni\u0119 Zawodow\u0105 w Nowym Targu, Zak\u0142ad Turystyki i Rekreacji oraz Podhala\u0144skie Ko\u0142o Naukowe Turystyki. Konferencja odbywa\u0142a si\u0119 on-line. Studenci Karpackiej Pa\u0144stwowej Uczelni w Kro\u015bnie, cz\u0142onkowie naszego SKN Ekonomist\u00f3w wzi\u0119li czynny udzia\u0142 w [\u2026] Read More\" \/>\n<meta property=\"og:url\" content=\"https:\/\/pans.krosno.pl\/kola-naukowe\/czlonkowie-skn-ekonomistow-na-vi-ogolnopolskiej-konferencji-mlodych-naukowcow-turystyka-a-przyroda\/\" \/>\n<meta property=\"og:site_name\" content=\"Studenckie Ko\u0142a Naukowe PANS w Kro\u015bnie\" \/>\n<meta property=\"article:published_time\" content=\"2022-03-25T12:07:10+00:00\" \/>\n<meta property=\"article:modified_time\" content=\"2022-03-31T12:42:44+00:00\" \/>\n<meta property=\"og:image\" content=\"https:\/\/pans.krosno.pl\/wp-content\/uploads\/sites\/48\/2022\/03\/276297655_2099030703599438_4065434237188053766_n-1.png\" \/>\n\t<meta property=\"og:image:width\" content=\"600\" \/>\n\t<meta property=\"og:image:height\" content=\"584\" \/>\n\t<meta property=\"og:image:type\" content=\"image\/png\" \/>\n<meta name=\"author\" content=\"elzbietabragiel\" \/>\n<meta name=\"twitter:card\" content=\"summary_large_image\" \/>\n<meta name=\"twitter:label1\" content=\"Napisane przez\" \/>\n\t<meta name=\"twitter:data1\" content=\"elzbietabragiel\" \/>\n\t<meta name=\"twitter:label2\" content=\"Szacowany czas czytania\" \/>\n\t<meta name=\"twitter:data2\" content=\"4 minuty\" \/>\n<script type=\"application\/ld+json\" class=\"yoast-schema-graph\">{\"@context\":\"https:\\\/\\\/schema.org\",\"@graph\":[{\"@type\":\"Article\",\"@id\":\"https:\\\/\\\/pans.krosno.pl\\\/kola-naukowe\\\/czlonkowie-skn-ekonomistow-na-vi-ogolnopolskiej-konferencji-mlodych-naukowcow-turystyka-a-przyroda\\\/#article\",\"isPartOf\":{\"@id\":\"https:\\\/\\\/pans.krosno.pl\\\/kola-naukowe\\\/czlonkowie-skn-ekonomistow-na-vi-ogolnopolskiej-konferencji-mlodych-naukowcow-turystyka-a-przyroda\\\/\"},\"author\":{\"name\":\"elzbietabragiel\",\"@id\":\"https:\\\/\\\/pans.krosno.pl\\\/kola-naukowe\\\/#\\\/schema\\\/person\\\/5234d538b37281133cebfcf174124540\"},\"headline\":\"Cz\u0142onkowie SKN Ekonomist\u00f3w na VI Og\u00f3lnopolskiej Konferencji M\u0142odych Naukowc\u00f3w \u201eTurystyka a przyroda\u201d\",\"datePublished\":\"2022-03-25T12:07:10+00:00\",\"dateModified\":\"2022-03-31T12:42:44+00:00\",\"mainEntityOfPage\":{\"@id\":\"https:\\\/\\\/pans.krosno.pl\\\/kola-naukowe\\\/czlonkowie-skn-ekonomistow-na-vi-ogolnopolskiej-konferencji-mlodych-naukowcow-turystyka-a-przyroda\\\/\"},\"wordCount\":279,\"commentCount\":0,\"publisher\":{\"@id\":\"https:\\\/\\\/pans.krosno.pl\\\/kola-naukowe\\\/#organization\"},\"image\":{\"@id\":\"https:\\\/\\\/pans.krosno.pl\\\/kola-naukowe\\\/czlonkowie-skn-ekonomistow-na-vi-ogolnopolskiej-konferencji-mlodych-naukowcow-turystyka-a-przyroda\\\/#primaryimage\"},\"thumbnailUrl\":\"https:\\\/\\\/pans.krosno.pl\\\/kola-naukowe\\\/wp-content\\\/uploads\\\/sites\\\/48\\\/2022\\\/03\\\/276297655_2099030703599438_4065434237188053766_n-1.png\",\"articleSection\":{\"1\":\"Ekonomi\u015bci\"},\"inLanguage\":\"pl-PL\",\"potentialAction\":[{\"@type\":\"CommentAction\",\"name\":\"Comment\",\"target\":[\"https:\\\/\\\/pans.krosno.pl\\\/kola-naukowe\\\/czlonkowie-skn-ekonomistow-na-vi-ogolnopolskiej-konferencji-mlodych-naukowcow-turystyka-a-przyroda\\\/#respond\"]}]},{\"@type\":\"WebPage\",\"@id\":\"https:\\\/\\\/pans.krosno.pl\\\/kola-naukowe\\\/czlonkowie-skn-ekonomistow-na-vi-ogolnopolskiej-konferencji-mlodych-naukowcow-turystyka-a-przyroda\\\/\",\"url\":\"https:\\\/\\\/pans.krosno.pl\\\/kola-naukowe\\\/czlonkowie-skn-ekonomistow-na-vi-ogolnopolskiej-konferencji-mlodych-naukowcow-turystyka-a-przyroda\\\/\",\"name\":\"Cz\u0142onkowie SKN Ekonomist\u00f3w na VI Og\u00f3lnopolskiej Konferencji M\u0142odych Naukowc\u00f3w \u201eTurystyka a przyroda\u201d - Studenckie Ko\u0142a Naukowe PANS w Kro\u015bnie\",\"isPartOf\":{\"@id\":\"https:\\\/\\\/pans.krosno.pl\\\/kola-naukowe\\\/#website\"},\"primaryImageOfPage\":{\"@id\":\"https:\\\/\\\/pans.krosno.pl\\\/kola-naukowe\\\/czlonkowie-skn-ekonomistow-na-vi-ogolnopolskiej-konferencji-mlodych-naukowcow-turystyka-a-przyroda\\\/#primaryimage\"},\"image\":{\"@id\":\"https:\\\/\\\/pans.krosno.pl\\\/kola-naukowe\\\/czlonkowie-skn-ekonomistow-na-vi-ogolnopolskiej-konferencji-mlodych-naukowcow-turystyka-a-przyroda\\\/#primaryimage\"},\"thumbnailUrl\":\"https:\\\/\\\/pans.krosno.pl\\\/kola-naukowe\\\/wp-content\\\/uploads\\\/sites\\\/48\\\/2022\\\/03\\\/276297655_2099030703599438_4065434237188053766_n-1.png\",\"datePublished\":\"2022-03-25T12:07:10+00:00\",\"dateModified\":\"2022-03-31T12:42:44+00:00\",\"breadcrumb\":{\"@id\":\"https:\\\/\\\/pans.krosno.pl\\\/kola-naukowe\\\/czlonkowie-skn-ekonomistow-na-vi-ogolnopolskiej-konferencji-mlodych-naukowcow-turystyka-a-przyroda\\\/#breadcrumb\"},\"inLanguage\":\"pl-PL\",\"potentialAction\":[{\"@type\":\"ReadAction\",\"target\":[\"https:\\\/\\\/pans.krosno.pl\\\/kola-naukowe\\\/czlonkowie-skn-ekonomistow-na-vi-ogolnopolskiej-konferencji-mlodych-naukowcow-turystyka-a-przyroda\\\/\"]}]},{\"@type\":\"ImageObject\",\"inLanguage\":\"pl-PL\",\"@id\":\"https:\\\/\\\/pans.krosno.pl\\\/kola-naukowe\\\/czlonkowie-skn-ekonomistow-na-vi-ogolnopolskiej-konferencji-mlodych-naukowcow-turystyka-a-przyroda\\\/#primaryimage\",\"url\":\"https:\\\/\\\/pans.krosno.pl\\\/kola-naukowe\\\/wp-content\\\/uploads\\\/sites\\\/48\\\/2022\\\/03\\\/276297655_2099030703599438_4065434237188053766_n-1.png\",\"contentUrl\":\"https:\\\/\\\/pans.krosno.pl\\\/kola-naukowe\\\/wp-content\\\/uploads\\\/sites\\\/48\\\/2022\\\/03\\\/276297655_2099030703599438_4065434237188053766_n-1.png\",\"width\":600,\"height\":584},{\"@type\":\"BreadcrumbList\",\"@id\":\"https:\\\/\\\/pans.krosno.pl\\\/kola-naukowe\\\/czlonkowie-skn-ekonomistow-na-vi-ogolnopolskiej-konferencji-mlodych-naukowcow-turystyka-a-przyroda\\\/#breadcrumb\",\"itemListElement\":[{\"@type\":\"ListItem\",\"position\":1,\"name\":\"Strona g\u0142\u00f3wna\",\"item\":\"https:\\\/\\\/pans.krosno.pl\\\/kola-naukowe\\\/\"},{\"@type\":\"ListItem\",\"position\":2,\"name\":\"Cz\u0142onkowie SKN Ekonomist\u00f3w na VI Og\u00f3lnopolskiej Konferencji M\u0142odych Naukowc\u00f3w \u201eTurystyka a przyroda\u201d\"}]},{\"@type\":\"WebSite\",\"@id\":\"https:\\\/\\\/pans.krosno.pl\\\/kola-naukowe\\\/#website\",\"url\":\"https:\\\/\\\/pans.krosno.pl\\\/kola-naukowe\\\/\",\"name\":\"Studenckie Ko\u0142a Naukowe PANS w Kro\u015bnie\",\"description\":\"Studenckie Ko\u0142a Naukowe - Pa\u0144stwowa Akademia Nauk Stosowanych\",\"publisher\":{\"@id\":\"https:\\\/\\\/pans.krosno.pl\\\/kola-naukowe\\\/#organization\"},\"potentialAction\":[{\"@type\":\"SearchAction\",\"target\":{\"@type\":\"EntryPoint\",\"urlTemplate\":\"https:\\\/\\\/pans.krosno.pl\\\/kola-naukowe\\\/?s={search_term_string}\"},\"query-input\":{\"@type\":\"PropertyValueSpecification\",\"valueRequired\":true,\"valueName\":\"search_term_string\"}}],\"inLanguage\":\"pl-PL\"},{\"@type\":\"Organization\",\"@id\":\"https:\\\/\\\/pans.krosno.pl\\\/kola-naukowe\\\/#organization\",\"name\":\"Studenckie Ko\u0142a Naukowe PANS w Kro\u015bnie\",\"url\":\"https:\\\/\\\/pans.krosno.pl\\\/kola-naukowe\\\/\",\"logo\":{\"@type\":\"ImageObject\",\"inLanguage\":\"pl-PL\",\"@id\":\"https:\\\/\\\/pans.krosno.pl\\\/kola-naukowe\\\/#\\\/schema\\\/logo\\\/image\\\/\",\"url\":\"https:\\\/\\\/pans.krosno.pl\\\/kola-naukowe\\\/wp-content\\\/uploads\\\/sites\\\/48\\\/2023\\\/01\\\/Logo-PANS-2022-pelne.png\",\"contentUrl\":\"https:\\\/\\\/pans.krosno.pl\\\/kola-naukowe\\\/wp-content\\\/uploads\\\/sites\\\/48\\\/2023\\\/01\\\/Logo-PANS-2022-pelne.png\",\"width\":3096,\"height\":696,\"caption\":\"Studenckie Ko\u0142a Naukowe PANS w Kro\u015bnie\"},\"image\":{\"@id\":\"https:\\\/\\\/pans.krosno.pl\\\/kola-naukowe\\\/#\\\/schema\\\/logo\\\/image\\\/\"}},{\"@type\":\"Person\",\"@id\":\"https:\\\/\\\/pans.krosno.pl\\\/kola-naukowe\\\/#\\\/schema\\\/person\\\/5234d538b37281133cebfcf174124540\",\"name\":\"elzbietabragiel\",\"image\":{\"@type\":\"ImageObject\",\"inLanguage\":\"pl-PL\",\"@id\":\"https:\\\/\\\/secure.gravatar.com\\\/avatar\\\/bcc708f308dc4018a34d44dfaa286089751c22f62d1a00bda271b3333c84bc0b?s=96&d=mm&r=g\",\"url\":\"https:\\\/\\\/secure.gravatar.com\\\/avatar\\\/bcc708f308dc4018a34d44dfaa286089751c22f62d1a00bda271b3333c84bc0b?s=96&d=mm&r=g\",\"contentUrl\":\"https:\\\/\\\/secure.gravatar.com\\\/avatar\\\/bcc708f308dc4018a34d44dfaa286089751c22f62d1a00bda271b3333c84bc0b?s=96&d=mm&r=g\",\"caption\":\"elzbietabragiel\"},\"url\":\"https:\\\/\\\/pans.krosno.pl\\\/kola-naukowe\\\/author\\\/elzbietabragiel\\\/\"}]}<\/script>\n<!-- \/ Yoast SEO Premium plugin. -->","yoast_head_json":{"title":"Cz\u0142onkowie SKN Ekonomist\u00f3w na VI Og\u00f3lnopolskiej Konferencji M\u0142odych Naukowc\u00f3w \u201eTurystyka a przyroda\u201d - Studenckie Ko\u0142a Naukowe PANS w Kro\u015bnie","robots":{"index":"index","follow":"follow","max-snippet":"max-snippet:-1","max-image-preview":"max-image-preview:large","max-video-preview":"max-video-preview:-1"},"canonical":"https:\/\/pans.krosno.pl\/kola-naukowe\/czlonkowie-skn-ekonomistow-na-vi-ogolnopolskiej-konferencji-mlodych-naukowcow-turystyka-a-przyroda\/","og_locale":"pl_PL","og_type":"article","og_title":"Cz\u0142onkowie SKN Ekonomist\u00f3w na VI Og\u00f3lnopolskiej Konferencji M\u0142odych Naukowc\u00f3w \u201eTurystyka a przyroda\u201d","og_description":"25 marca 2022r. odby\u0142a si\u0119 VI Og\u00f3lnopolska Konferencja M\u0142odych Naukowc\u00f3w \u201eTurystyka a przyroda\u201d. Organizowana by\u0142a przez Podhala\u0144sk\u0105 Pa\u0144stwow\u0105 Uczelni\u0119 Zawodow\u0105 w Nowym Targu, Zak\u0142ad Turystyki i Rekreacji oraz Podhala\u0144skie Ko\u0142o Naukowe Turystyki. Konferencja odbywa\u0142a si\u0119 on-line. Studenci Karpackiej Pa\u0144stwowej Uczelni w Kro\u015bnie, cz\u0142onkowie naszego SKN Ekonomist\u00f3w wzi\u0119li czynny udzia\u0142 w [\u2026] Read More","og_url":"https:\/\/pans.krosno.pl\/kola-naukowe\/czlonkowie-skn-ekonomistow-na-vi-ogolnopolskiej-konferencji-mlodych-naukowcow-turystyka-a-przyroda\/","og_site_name":"Studenckie Ko\u0142a Naukowe PANS w Kro\u015bnie","article_published_time":"2022-03-25T12:07:10+00:00","article_modified_time":"2022-03-31T12:42:44+00:00","og_image":[{"width":600,"height":584,"url":"https:\/\/pans.krosno.pl\/wp-content\/uploads\/sites\/48\/2022\/03\/276297655_2099030703599438_4065434237188053766_n-1.png","type":"image\/png"}],"author":"elzbietabragiel","twitter_card":"summary_large_image","twitter_misc":{"Napisane przez":"elzbietabragiel","Szacowany czas czytania":"4 minuty"},"schema":{"@context":"https:\/\/schema.org","@graph":[{"@type":"Article","@id":"https:\/\/pans.krosno.pl\/kola-naukowe\/czlonkowie-skn-ekonomistow-na-vi-ogolnopolskiej-konferencji-mlodych-naukowcow-turystyka-a-przyroda\/#article","isPartOf":{"@id":"https:\/\/pans.krosno.pl\/kola-naukowe\/czlonkowie-skn-ekonomistow-na-vi-ogolnopolskiej-konferencji-mlodych-naukowcow-turystyka-a-przyroda\/"},"author":{"name":"elzbietabragiel","@id":"https:\/\/pans.krosno.pl\/kola-naukowe\/#\/schema\/person\/5234d538b37281133cebfcf174124540"},"headline":"Cz\u0142onkowie SKN Ekonomist\u00f3w na VI Og\u00f3lnopolskiej Konferencji M\u0142odych Naukowc\u00f3w \u201eTurystyka a przyroda\u201d","datePublished":"2022-03-25T12:07:10+00:00","dateModified":"2022-03-31T12:42:44+00:00","mainEntityOfPage":{"@id":"https:\/\/pans.krosno.pl\/kola-naukowe\/czlonkowie-skn-ekonomistow-na-vi-ogolnopolskiej-konferencji-mlodych-naukowcow-turystyka-a-przyroda\/"},"wordCount":279,"commentCount":0,"publisher":{"@id":"https:\/\/pans.krosno.pl\/kola-naukowe\/#organization"},"image":{"@id":"https:\/\/pans.krosno.pl\/kola-naukowe\/czlonkowie-skn-ekonomistow-na-vi-ogolnopolskiej-konferencji-mlodych-naukowcow-turystyka-a-przyroda\/#primaryimage"},"thumbnailUrl":"https:\/\/pans.krosno.pl\/kola-naukowe\/wp-content\/uploads\/sites\/48\/2022\/03\/276297655_2099030703599438_4065434237188053766_n-1.png","articleSection":{"1":"Ekonomi\u015bci"},"inLanguage":"pl-PL","potentialAction":[{"@type":"CommentAction","name":"Comment","target":["https:\/\/pans.krosno.pl\/kola-naukowe\/czlonkowie-skn-ekonomistow-na-vi-ogolnopolskiej-konferencji-mlodych-naukowcow-turystyka-a-przyroda\/#respond"]}]},{"@type":"WebPage","@id":"https:\/\/pans.krosno.pl\/kola-naukowe\/czlonkowie-skn-ekonomistow-na-vi-ogolnopolskiej-konferencji-mlodych-naukowcow-turystyka-a-przyroda\/","url":"https:\/\/pans.krosno.pl\/kola-naukowe\/czlonkowie-skn-ekonomistow-na-vi-ogolnopolskiej-konferencji-mlodych-naukowcow-turystyka-a-przyroda\/","name":"Cz\u0142onkowie SKN Ekonomist\u00f3w na VI Og\u00f3lnopolskiej Konferencji M\u0142odych Naukowc\u00f3w \u201eTurystyka a przyroda\u201d - Studenckie Ko\u0142a Naukowe PANS w Kro\u015bnie","isPartOf":{"@id":"https:\/\/pans.krosno.pl\/kola-naukowe\/#website"},"primaryImageOfPage":{"@id":"https:\/\/pans.krosno.pl\/kola-naukowe\/czlonkowie-skn-ekonomistow-na-vi-ogolnopolskiej-konferencji-mlodych-naukowcow-turystyka-a-przyroda\/#primaryimage"},"image":{"@id":"https:\/\/pans.krosno.pl\/kola-naukowe\/czlonkowie-skn-ekonomistow-na-vi-ogolnopolskiej-konferencji-mlodych-naukowcow-turystyka-a-przyroda\/#primaryimage"},"thumbnailUrl":"https:\/\/pans.krosno.pl\/kola-naukowe\/wp-content\/uploads\/sites\/48\/2022\/03\/276297655_2099030703599438_4065434237188053766_n-1.png","datePublished":"2022-03-25T12:07:10+00:00","dateModified":"2022-03-31T12:42:44+00:00","breadcrumb":{"@id":"https:\/\/pans.krosno.pl\/kola-naukowe\/czlonkowie-skn-ekonomistow-na-vi-ogolnopolskiej-konferencji-mlodych-naukowcow-turystyka-a-przyroda\/#breadcrumb"},"inLanguage":"pl-PL","potentialAction":[{"@type":"ReadAction","target":["https:\/\/pans.krosno.pl\/kola-naukowe\/czlonkowie-skn-ekonomistow-na-vi-ogolnopolskiej-konferencji-mlodych-naukowcow-turystyka-a-przyroda\/"]}]},{"@type":"ImageObject","inLanguage":"pl-PL","@id":"https:\/\/pans.krosno.pl\/kola-naukowe\/czlonkowie-skn-ekonomistow-na-vi-ogolnopolskiej-konferencji-mlodych-naukowcow-turystyka-a-przyroda\/#primaryimage","url":"https:\/\/pans.krosno.pl\/kola-naukowe\/wp-content\/uploads\/sites\/48\/2022\/03\/276297655_2099030703599438_4065434237188053766_n-1.png","contentUrl":"https:\/\/pans.krosno.pl\/kola-naukowe\/wp-content\/uploads\/sites\/48\/2022\/03\/276297655_2099030703599438_4065434237188053766_n-1.png","width":600,"height":584},{"@type":"BreadcrumbList","@id":"https:\/\/pans.krosno.pl\/kola-naukowe\/czlonkowie-skn-ekonomistow-na-vi-ogolnopolskiej-konferencji-mlodych-naukowcow-turystyka-a-przyroda\/#breadcrumb","itemListElement":[{"@type":"ListItem","position":1,"name":"Strona g\u0142\u00f3wna","item":"https:\/\/pans.krosno.pl\/kola-naukowe\/"},{"@type":"ListItem","position":2,"name":"Cz\u0142onkowie SKN Ekonomist\u00f3w na VI Og\u00f3lnopolskiej Konferencji M\u0142odych Naukowc\u00f3w \u201eTurystyka a przyroda\u201d"}]},{"@type":"WebSite","@id":"https:\/\/pans.krosno.pl\/kola-naukowe\/#website","url":"https:\/\/pans.krosno.pl\/kola-naukowe\/","name":"Studenckie Ko\u0142a Naukowe PANS w Kro\u015bnie","description":"Studenckie Ko\u0142a Naukowe - Pa\u0144stwowa Akademia Nauk Stosowanych","publisher":{"@id":"https:\/\/pans.krosno.pl\/kola-naukowe\/#organization"},"potentialAction":[{"@type":"SearchAction","target":{"@type":"EntryPoint","urlTemplate":"https:\/\/pans.krosno.pl\/kola-naukowe\/?s={search_term_string}"},"query-input":{"@type":"PropertyValueSpecification","valueRequired":true,"valueName":"search_term_string"}}],"inLanguage":"pl-PL"},{"@type":"Organization","@id":"https:\/\/pans.krosno.pl\/kola-naukowe\/#organization","name":"Studenckie Ko\u0142a Naukowe PANS w Kro\u015bnie","url":"https:\/\/pans.krosno.pl\/kola-naukowe\/","logo":{"@type":"ImageObject","inLanguage":"pl-PL","@id":"https:\/\/pans.krosno.pl\/kola-naukowe\/#\/schema\/logo\/image\/","url":"https:\/\/pans.krosno.pl\/kola-naukowe\/wp-content\/uploads\/sites\/48\/2023\/01\/Logo-PANS-2022-pelne.png","contentUrl":"https:\/\/pans.krosno.pl\/kola-naukowe\/wp-content\/uploads\/sites\/48\/2023\/01\/Logo-PANS-2022-pelne.png","width":3096,"height":696,"caption":"Studenckie Ko\u0142a Naukowe PANS w Kro\u015bnie"},"image":{"@id":"https:\/\/pans.krosno.pl\/kola-naukowe\/#\/schema\/logo\/image\/"}},{"@type":"Person","@id":"https:\/\/pans.krosno.pl\/kola-naukowe\/#\/schema\/person\/5234d538b37281133cebfcf174124540","name":"elzbietabragiel","image":{"@type":"ImageObject","inLanguage":"pl-PL","@id":"https:\/\/secure.gravatar.com\/avatar\/bcc708f308dc4018a34d44dfaa286089751c22f62d1a00bda271b3333c84bc0b?s=96&d=mm&r=g","url":"https:\/\/secure.gravatar.com\/avatar\/bcc708f308dc4018a34d44dfaa286089751c22f62d1a00bda271b3333c84bc0b?s=96&d=mm&r=g","contentUrl":"https:\/\/secure.gravatar.com\/avatar\/bcc708f308dc4018a34d44dfaa286089751c22f62d1a00bda271b3333c84bc0b?s=96&d=mm&r=g","caption":"elzbietabragiel"},"url":"https:\/\/pans.krosno.pl\/kola-naukowe\/author\/elzbietabragiel\/"}]}},"_links":{"self":[{"href":"https:\/\/pans.krosno.pl\/kola-naukowe\/wp-json\/wp\/v2\/posts\/5012","targetHints":{"allow":["GET"]}}],"collection":[{"href":"https:\/\/pans.krosno.pl\/kola-naukowe\/wp-json\/wp\/v2\/posts"}],"about":[{"href":"https:\/\/pans.krosno.pl\/kola-naukowe\/wp-json\/wp\/v2\/types\/post"}],"author":[{"embeddable":true,"href":"https:\/\/pans.krosno.pl\/kola-naukowe\/wp-json\/wp\/v2\/users\/17"}],"replies":[{"embeddable":true,"href":"https:\/\/pans.krosno.pl\/kola-naukowe\/wp-json\/wp\/v2\/comments?post=5012"}],"version-history":[{"count":2,"href":"https:\/\/pans.krosno.pl\/kola-naukowe\/wp-json\/wp\/v2\/posts\/5012\/revisions"}],"predecessor-version":[{"id":5035,"href":"https:\/\/pans.krosno.pl\/kola-naukowe\/wp-json\/wp\/v2\/posts\/5012\/revisions\/5035"}],"wp:featuredmedia":[{"embeddable":true,"href":"https:\/\/pans.krosno.pl\/kola-naukowe\/wp-json\/wp\/v2\/media\/5032"}],"wp:attachment":[{"href":"https:\/\/pans.krosno.pl\/kola-naukowe\/wp-json\/wp\/v2\/media?parent=5012"}],"wp:term":[{"taxonomy":"category","embeddable":true,"href":"https:\/\/pans.krosno.pl\/kola-naukowe\/wp-json\/wp\/v2\/categories?post=5012"},{"taxonomy":"post_tag","embeddable":true,"href":"https:\/\/pans.krosno.pl\/kola-naukowe\/wp-json\/wp\/v2\/tags?post=5012"}],"curies":[{"name":"wp","href":"https:\/\/api.w.org\/{rel}","templated":true}]}}