{"id":4187,"date":"2021-06-11T21:34:08","date_gmt":"2021-06-11T19:34:08","guid":{"rendered":"https:\/\/pans.krosno.pl\/kola-naukowe\/?p=4187"},"modified":"2021-06-11T21:38:58","modified_gmt":"2021-06-11T19:38:58","slug":"skn-ekonomistow-na-v-ogolnopolskiej-konferencji-studenckich-kol-naukowych-badania-innowacje-i-pasje-z-perspektywy-mlodego-naukowca-w-kpu-krosno","status":"publish","type":"post","link":"https:\/\/pans.krosno.pl\/kola-naukowe\/skn-ekonomistow-na-v-ogolnopolskiej-konferencji-studenckich-kol-naukowych-badania-innowacje-i-pasje-z-perspektywy-mlodego-naukowca-w-kpu-krosno\/","title":{"rendered":"SKN Ekonomist\u00f3w na V Og\u00f3lnopolskiej Konferencji Studenckich K\u00f3\u0142 Naukowych \u201eBadania, innowacje i pasje z perspektywy m\u0142odego naukowca\u201d w KPU Krosno"},"content":{"rendered":"\n<p>W dniu 10 czerwca 2021r roku odby\u0142a si\u0119 po raz pi\u0105ty Og\u00f3lnopolska Konferencja Studenckich K\u00f3\u0142 Naukowych \u201eBadania, innowacje i pasje z perspektywy m\u0142odego naukowca\u201d w Naszej Uczelni.<\/p>\n\n\n\n<p>Studenci kierunk\u00f3w Towaroznawstwo i Produkcja i bezpiecze\u0144stwo \u017cywno\u015bci, cz\u0142onkowie <strong><span class=\"has-inline-color has-vivid-red-color\">Ko\u0142a Naukowe Ekonomist\u00f3w<\/span><\/strong> aktywnie w\u0142\u0105czyli si\u0119 w&nbsp; to wydarzenie. <\/p>\n\n\n\n<p>Studenci przygotowali wiele ciekawych wyst\u0105pie\u0144 nt:<\/p>\n\n\n\n<ol class=\"wp-block-list\" type=\"1\"><li>Katarzyna W\u00f3jcik<em> &#8211; Nauka, jako droga do samorealizacji<\/em><\/li><\/ol>\n\n\n\n<figure class=\"wp-block-image size-large is-resized\"><img loading=\"lazy\" decoding=\"async\" src=\"https:\/\/pans.krosno.pl\/kola-naukowe\/wp-content\/uploads\/sites\/48\/2021\/06\/Wojcik.png\" alt=\"\" class=\"wp-image-4196\" width=\"553\" height=\"312\" srcset=\"https:\/\/pans.krosno.pl\/kola-naukowe\/wp-content\/uploads\/sites\/48\/2021\/06\/Wojcik.png 609w, https:\/\/pans.krosno.pl\/kola-naukowe\/wp-content\/uploads\/sites\/48\/2021\/06\/Wojcik-300x169.png 300w, https:\/\/pans.krosno.pl\/kola-naukowe\/wp-content\/uploads\/sites\/48\/2021\/06\/Wojcik-270x152.png 270w, https:\/\/pans.krosno.pl\/kola-naukowe\/wp-content\/uploads\/sites\/48\/2021\/06\/Wojcik-580x328.png 580w\" sizes=\"auto, (max-width: 553px) 100vw, 553px\" \/><\/figure>\n\n\n\n<p>2. Karolina Wypasek &#8211; <em>Kwiaty jako nowe trendy w \u017cywno\u015bci<\/em><\/p>\n\n\n\n<figure class=\"wp-block-image size-large is-resized\"><img loading=\"lazy\" decoding=\"async\" src=\"https:\/\/pans.krosno.pl\/kola-naukowe\/wp-content\/uploads\/sites\/48\/2021\/06\/Wypasek-1024x455.png\" alt=\"\" class=\"wp-image-4188\" width=\"533\" height=\"236\" srcset=\"https:\/\/pans.krosno.pl\/kola-naukowe\/wp-content\/uploads\/sites\/48\/2021\/06\/Wypasek-1024x455.png 1024w, https:\/\/pans.krosno.pl\/kola-naukowe\/wp-content\/uploads\/sites\/48\/2021\/06\/Wypasek-300x133.png 300w, https:\/\/pans.krosno.pl\/kola-naukowe\/wp-content\/uploads\/sites\/48\/2021\/06\/Wypasek-768x341.png 768w, https:\/\/pans.krosno.pl\/kola-naukowe\/wp-content\/uploads\/sites\/48\/2021\/06\/Wypasek-800x356.png 800w, https:\/\/pans.krosno.pl\/kola-naukowe\/wp-content\/uploads\/sites\/48\/2021\/06\/Wypasek-580x258.png 580w, https:\/\/pans.krosno.pl\/kola-naukowe\/wp-content\/uploads\/sites\/48\/2021\/06\/Wypasek.png 1280w\" sizes=\"auto, (max-width: 533px) 100vw, 533px\" \/><\/figure>\n\n\n\n<p>3. Angelika Kubit, Barbara Habrat &#8211; <em>Badanie preferencji konsument\u00f3w wobec spo\u017cywania kawy<\/em><\/p>\n\n\n\n<figure class=\"wp-block-image size-large is-resized\"><img loading=\"lazy\" decoding=\"async\" src=\"https:\/\/pans.krosno.pl\/kola-naukowe\/wp-content\/uploads\/sites\/48\/2021\/06\/Habrat-1024x576.png\" alt=\"\" class=\"wp-image-4191\" width=\"544\" height=\"306\" srcset=\"https:\/\/pans.krosno.pl\/kola-naukowe\/wp-content\/uploads\/sites\/48\/2021\/06\/Habrat-1024x576.png 1024w, https:\/\/pans.krosno.pl\/kola-naukowe\/wp-content\/uploads\/sites\/48\/2021\/06\/Habrat-300x169.png 300w, https:\/\/pans.krosno.pl\/kola-naukowe\/wp-content\/uploads\/sites\/48\/2021\/06\/Habrat-768x432.png 768w, https:\/\/pans.krosno.pl\/kola-naukowe\/wp-content\/uploads\/sites\/48\/2021\/06\/Habrat-800x450.png 800w, https:\/\/pans.krosno.pl\/kola-naukowe\/wp-content\/uploads\/sites\/48\/2021\/06\/Habrat-270x152.png 270w, https:\/\/pans.krosno.pl\/kola-naukowe\/wp-content\/uploads\/sites\/48\/2021\/06\/Habrat-580x326.png 580w, https:\/\/pans.krosno.pl\/kola-naukowe\/wp-content\/uploads\/sites\/48\/2021\/06\/Habrat.png 1366w\" sizes=\"auto, (max-width: 544px) 100vw, 544px\" \/><\/figure>\n\n\n\n<p>4. Dominika Bielec,&nbsp;Emilia Dr\u0105g &#8211; <em>Postawy konsument\u00f3w wobec opakowa\u0144 jednorazowych wykorzystywanych w daniach na wynos<\/em><\/p>\n\n\n\n<figure class=\"wp-block-image size-large is-resized\"><img loading=\"lazy\" decoding=\"async\" src=\"https:\/\/pans.krosno.pl\/kola-naukowe\/wp-content\/uploads\/sites\/48\/2021\/06\/Drag-Bielec.png\" alt=\"\" class=\"wp-image-4190\" width=\"503\" height=\"373\" srcset=\"https:\/\/pans.krosno.pl\/kola-naukowe\/wp-content\/uploads\/sites\/48\/2021\/06\/Drag-Bielec.png 694w, https:\/\/pans.krosno.pl\/kola-naukowe\/wp-content\/uploads\/sites\/48\/2021\/06\/Drag-Bielec-300x223.png 300w, https:\/\/pans.krosno.pl\/kola-naukowe\/wp-content\/uploads\/sites\/48\/2021\/06\/Drag-Bielec-580x430.png 580w\" sizes=\"auto, (max-width: 503px) 100vw, 503px\" \/><\/figure>\n\n\n\n<p>5. Patryk Soli\u0144ski \u2013 <em>Excel jako narz\u0119dzie do monitorowania wydajno\u015bci pracownik\u00f3w<\/em><\/p>\n\n\n\n<figure class=\"wp-block-image size-large is-resized\"><img loading=\"lazy\" decoding=\"async\" src=\"https:\/\/pans.krosno.pl\/kola-naukowe\/wp-content\/uploads\/sites\/48\/2021\/06\/Solinski.png\" alt=\"\" class=\"wp-image-4194\" width=\"515\" height=\"290\" srcset=\"https:\/\/pans.krosno.pl\/kola-naukowe\/wp-content\/uploads\/sites\/48\/2021\/06\/Solinski.png 609w, https:\/\/pans.krosno.pl\/kola-naukowe\/wp-content\/uploads\/sites\/48\/2021\/06\/Solinski-300x169.png 300w, https:\/\/pans.krosno.pl\/kola-naukowe\/wp-content\/uploads\/sites\/48\/2021\/06\/Solinski-270x152.png 270w, https:\/\/pans.krosno.pl\/kola-naukowe\/wp-content\/uploads\/sites\/48\/2021\/06\/Solinski-580x328.png 580w\" sizes=\"auto, (max-width: 515px) 100vw, 515px\" \/><\/figure>\n\n\n\n<p>6. Anna Bogacz-&nbsp; <em>Kulinarne wykorzystanie ro\u015blin bobowatych w aspekcie ich w\u0142a\u015bciwo\u015bci prozdrowotnych.<\/em><\/p>\n\n\n\n<figure class=\"wp-block-image size-large is-resized\"><img loading=\"lazy\" decoding=\"async\" src=\"https:\/\/pans.krosno.pl\/kola-naukowe\/wp-content\/uploads\/sites\/48\/2021\/06\/Bogacz-1024x510.png\" alt=\"\" class=\"wp-image-4195\" width=\"558\" height=\"277\" srcset=\"https:\/\/pans.krosno.pl\/kola-naukowe\/wp-content\/uploads\/sites\/48\/2021\/06\/Bogacz-1024x510.png 1024w, https:\/\/pans.krosno.pl\/kola-naukowe\/wp-content\/uploads\/sites\/48\/2021\/06\/Bogacz-300x149.png 300w, https:\/\/pans.krosno.pl\/kola-naukowe\/wp-content\/uploads\/sites\/48\/2021\/06\/Bogacz-768x383.png 768w, https:\/\/pans.krosno.pl\/kola-naukowe\/wp-content\/uploads\/sites\/48\/2021\/06\/Bogacz-800x399.png 800w, https:\/\/pans.krosno.pl\/kola-naukowe\/wp-content\/uploads\/sites\/48\/2021\/06\/Bogacz-580x289.png 580w, https:\/\/pans.krosno.pl\/kola-naukowe\/wp-content\/uploads\/sites\/48\/2021\/06\/Bogacz.png 1160w\" sizes=\"auto, (max-width: 558px) 100vw, 558px\" \/><\/figure>\n\n\n\n<p>Prelegentom gratulujemy bardzo ciekawych wyst\u0105pie\u0144 i \u017cyczymy dalszych sukces\u00f3w naukowych!!!<\/p>\n\n\n\n<p>Opiekunami wyst\u0105pie\u0144 byli:<\/p>\n\n\n\n<p>Dr in\u017c. Ma\u0142gorzata G\u00f3rka, mgr in\u017c. El\u017cbieta Br\u0105giel, dr in\u017c. Damian Dubis<\/p>\n","protected":false},"excerpt":{"rendered":"<p>W dniu 10 czerwca 2021r roku odby\u0142a si\u0119 po raz pi\u0105ty Og\u00f3lnopolska Konferencja Studenckich K\u00f3\u0142 Naukowych \u201eBadania, innowacje i pasje z perspektywy m\u0142odego naukowca\u201d w Naszej Uczelni. Studenci kierunk\u00f3w Towaroznawstwo i Produkcja i bezpiecze\u0144stwo \u017cywno\u015bci, cz\u0142onkowie Ko\u0142a Naukowe Ekonomist\u00f3w aktywnie w\u0142\u0105czyli si\u0119 w&nbsp; to wydarzenie. Studenci przygotowali wiele ciekawych wyst\u0105pie\u0144 [\u2026] <\/p>\n<div class=\"clear\"><\/div>\n<p><a class=\"more_link clearfix\" href=\"https:\/\/pans.krosno.pl\/kola-naukowe\/skn-ekonomistow-na-v-ogolnopolskiej-konferencji-studenckich-kol-naukowych-badania-innowacje-i-pasje-z-perspektywy-mlodego-naukowca-w-kpu-krosno\/\" rel=\"nofollow\">Read More<\/a><\/p>\n","protected":false},"author":17,"featured_media":4193,"comment_status":"open","ping_status":"open","sticky":false,"template":"","format":"standard","meta":{"ngg_post_thumbnail":0,"footnotes":""},"categories":[2],"tags":[],"class_list":["post-4187","post","type-post","status-publish","format-standard","has-post-thumbnail","hentry","category-ekonomisci"],"yoast_head":"<!-- This site is optimized with the Yoast SEO Premium plugin v27.4 (Yoast SEO v27.4) - https:\/\/yoast.com\/product\/yoast-seo-premium-wordpress\/ -->\n<title>SKN Ekonomist\u00f3w na V Og\u00f3lnopolskiej Konferencji Studenckich K\u00f3\u0142 Naukowych \u201eBadania, innowacje i pasje z perspektywy m\u0142odego naukowca\u201d w KPU Krosno - Studenckie Ko\u0142a Naukowe PANS w Kro\u015bnie<\/title>\n<meta name=\"robots\" content=\"index, follow, max-snippet:-1, max-image-preview:large, max-video-preview:-1\" \/>\n<link rel=\"canonical\" href=\"https:\/\/pans.krosno.pl\/kola-naukowe\/skn-ekonomistow-na-v-ogolnopolskiej-konferencji-studenckich-kol-naukowych-badania-innowacje-i-pasje-z-perspektywy-mlodego-naukowca-w-kpu-krosno\/\" \/>\n<meta property=\"og:locale\" content=\"pl_PL\" \/>\n<meta property=\"og:type\" content=\"article\" \/>\n<meta property=\"og:title\" content=\"SKN Ekonomist\u00f3w na V Og\u00f3lnopolskiej Konferencji Studenckich K\u00f3\u0142 Naukowych \u201eBadania, innowacje i pasje z perspektywy m\u0142odego naukowca\u201d w KPU Krosno\" \/>\n<meta property=\"og:description\" content=\"W dniu 10 czerwca 2021r roku odby\u0142a si\u0119 po raz pi\u0105ty Og\u00f3lnopolska Konferencja Studenckich K\u00f3\u0142 Naukowych \u201eBadania, innowacje i pasje z perspektywy m\u0142odego naukowca\u201d w Naszej Uczelni. Studenci kierunk\u00f3w Towaroznawstwo i Produkcja i bezpiecze\u0144stwo \u017cywno\u015bci, cz\u0142onkowie Ko\u0142a Naukowe Ekonomist\u00f3w aktywnie w\u0142\u0105czyli si\u0119 w&nbsp; to wydarzenie. Studenci przygotowali wiele ciekawych wyst\u0105pie\u0144 [\u2026] Read More\" \/>\n<meta property=\"og:url\" content=\"https:\/\/pans.krosno.pl\/kola-naukowe\/skn-ekonomistow-na-v-ogolnopolskiej-konferencji-studenckich-kol-naukowych-badania-innowacje-i-pasje-z-perspektywy-mlodego-naukowca-w-kpu-krosno\/\" \/>\n<meta property=\"og:site_name\" content=\"Studenckie Ko\u0142a Naukowe PANS w Kro\u015bnie\" \/>\n<meta property=\"article:published_time\" content=\"2021-06-11T19:34:08+00:00\" \/>\n<meta property=\"article:modified_time\" content=\"2021-06-11T19:38:58+00:00\" \/>\n<meta property=\"og:image\" content=\"https:\/\/pans.krosno.pl\/wp-content\/uploads\/sites\/48\/2021\/06\/Plakat-KSKN_11a-1024x1024-1.jpg\" \/>\n\t<meta property=\"og:image:width\" content=\"1024\" \/>\n\t<meta property=\"og:image:height\" content=\"1024\" \/>\n\t<meta property=\"og:image:type\" content=\"image\/jpeg\" \/>\n<meta name=\"author\" content=\"elzbietabragiel\" \/>\n<meta name=\"twitter:card\" content=\"summary_large_image\" \/>\n<meta name=\"twitter:label1\" content=\"Napisane przez\" \/>\n\t<meta name=\"twitter:data1\" content=\"elzbietabragiel\" \/>\n\t<meta name=\"twitter:label2\" content=\"Szacowany czas czytania\" \/>\n\t<meta name=\"twitter:data2\" content=\"1 minuta\" \/>\n<script type=\"application\/ld+json\" class=\"yoast-schema-graph\">{\"@context\":\"https:\\\/\\\/schema.org\",\"@graph\":[{\"@type\":\"Article\",\"@id\":\"https:\\\/\\\/pans.krosno.pl\\\/kola-naukowe\\\/skn-ekonomistow-na-v-ogolnopolskiej-konferencji-studenckich-kol-naukowych-badania-innowacje-i-pasje-z-perspektywy-mlodego-naukowca-w-kpu-krosno\\\/#article\",\"isPartOf\":{\"@id\":\"https:\\\/\\\/pans.krosno.pl\\\/kola-naukowe\\\/skn-ekonomistow-na-v-ogolnopolskiej-konferencji-studenckich-kol-naukowych-badania-innowacje-i-pasje-z-perspektywy-mlodego-naukowca-w-kpu-krosno\\\/\"},\"author\":{\"name\":\"elzbietabragiel\",\"@id\":\"https:\\\/\\\/pans.krosno.pl\\\/kola-naukowe\\\/#\\\/schema\\\/person\\\/5234d538b37281133cebfcf174124540\"},\"headline\":\"SKN Ekonomist\u00f3w na V Og\u00f3lnopolskiej Konferencji Studenckich K\u00f3\u0142 Naukowych \u201eBadania, innowacje i pasje z perspektywy m\u0142odego naukowca\u201d w KPU Krosno\",\"datePublished\":\"2021-06-11T19:34:08+00:00\",\"dateModified\":\"2021-06-11T19:38:58+00:00\",\"mainEntityOfPage\":{\"@id\":\"https:\\\/\\\/pans.krosno.pl\\\/kola-naukowe\\\/skn-ekonomistow-na-v-ogolnopolskiej-konferencji-studenckich-kol-naukowych-badania-innowacje-i-pasje-z-perspektywy-mlodego-naukowca-w-kpu-krosno\\\/\"},\"wordCount\":197,\"commentCount\":0,\"publisher\":{\"@id\":\"https:\\\/\\\/pans.krosno.pl\\\/kola-naukowe\\\/#organization\"},\"image\":{\"@id\":\"https:\\\/\\\/pans.krosno.pl\\\/kola-naukowe\\\/skn-ekonomistow-na-v-ogolnopolskiej-konferencji-studenckich-kol-naukowych-badania-innowacje-i-pasje-z-perspektywy-mlodego-naukowca-w-kpu-krosno\\\/#primaryimage\"},\"thumbnailUrl\":\"https:\\\/\\\/pans.krosno.pl\\\/kola-naukowe\\\/wp-content\\\/uploads\\\/sites\\\/48\\\/2021\\\/06\\\/Plakat-KSKN_11a-1024x1024-1.jpg\",\"articleSection\":[\"Ekonomi\u015bci\"],\"inLanguage\":\"pl-PL\",\"potentialAction\":[{\"@type\":\"CommentAction\",\"name\":\"Comment\",\"target\":[\"https:\\\/\\\/pans.krosno.pl\\\/kola-naukowe\\\/skn-ekonomistow-na-v-ogolnopolskiej-konferencji-studenckich-kol-naukowych-badania-innowacje-i-pasje-z-perspektywy-mlodego-naukowca-w-kpu-krosno\\\/#respond\"]}]},{\"@type\":\"WebPage\",\"@id\":\"https:\\\/\\\/pans.krosno.pl\\\/kola-naukowe\\\/skn-ekonomistow-na-v-ogolnopolskiej-konferencji-studenckich-kol-naukowych-badania-innowacje-i-pasje-z-perspektywy-mlodego-naukowca-w-kpu-krosno\\\/\",\"url\":\"https:\\\/\\\/pans.krosno.pl\\\/kola-naukowe\\\/skn-ekonomistow-na-v-ogolnopolskiej-konferencji-studenckich-kol-naukowych-badania-innowacje-i-pasje-z-perspektywy-mlodego-naukowca-w-kpu-krosno\\\/\",\"name\":\"SKN Ekonomist\u00f3w na V Og\u00f3lnopolskiej Konferencji Studenckich K\u00f3\u0142 Naukowych \u201eBadania, innowacje i pasje z perspektywy m\u0142odego naukowca\u201d w KPU Krosno - Studenckie Ko\u0142a Naukowe PANS w Kro\u015bnie\",\"isPartOf\":{\"@id\":\"https:\\\/\\\/pans.krosno.pl\\\/kola-naukowe\\\/#website\"},\"primaryImageOfPage\":{\"@id\":\"https:\\\/\\\/pans.krosno.pl\\\/kola-naukowe\\\/skn-ekonomistow-na-v-ogolnopolskiej-konferencji-studenckich-kol-naukowych-badania-innowacje-i-pasje-z-perspektywy-mlodego-naukowca-w-kpu-krosno\\\/#primaryimage\"},\"image\":{\"@id\":\"https:\\\/\\\/pans.krosno.pl\\\/kola-naukowe\\\/skn-ekonomistow-na-v-ogolnopolskiej-konferencji-studenckich-kol-naukowych-badania-innowacje-i-pasje-z-perspektywy-mlodego-naukowca-w-kpu-krosno\\\/#primaryimage\"},\"thumbnailUrl\":\"https:\\\/\\\/pans.krosno.pl\\\/kola-naukowe\\\/wp-content\\\/uploads\\\/sites\\\/48\\\/2021\\\/06\\\/Plakat-KSKN_11a-1024x1024-1.jpg\",\"datePublished\":\"2021-06-11T19:34:08+00:00\",\"dateModified\":\"2021-06-11T19:38:58+00:00\",\"breadcrumb\":{\"@id\":\"https:\\\/\\\/pans.krosno.pl\\\/kola-naukowe\\\/skn-ekonomistow-na-v-ogolnopolskiej-konferencji-studenckich-kol-naukowych-badania-innowacje-i-pasje-z-perspektywy-mlodego-naukowca-w-kpu-krosno\\\/#breadcrumb\"},\"inLanguage\":\"pl-PL\",\"potentialAction\":[{\"@type\":\"ReadAction\",\"target\":[\"https:\\\/\\\/pans.krosno.pl\\\/kola-naukowe\\\/skn-ekonomistow-na-v-ogolnopolskiej-konferencji-studenckich-kol-naukowych-badania-innowacje-i-pasje-z-perspektywy-mlodego-naukowca-w-kpu-krosno\\\/\"]}]},{\"@type\":\"ImageObject\",\"inLanguage\":\"pl-PL\",\"@id\":\"https:\\\/\\\/pans.krosno.pl\\\/kola-naukowe\\\/skn-ekonomistow-na-v-ogolnopolskiej-konferencji-studenckich-kol-naukowych-badania-innowacje-i-pasje-z-perspektywy-mlodego-naukowca-w-kpu-krosno\\\/#primaryimage\",\"url\":\"https:\\\/\\\/pans.krosno.pl\\\/kola-naukowe\\\/wp-content\\\/uploads\\\/sites\\\/48\\\/2021\\\/06\\\/Plakat-KSKN_11a-1024x1024-1.jpg\",\"contentUrl\":\"https:\\\/\\\/pans.krosno.pl\\\/kola-naukowe\\\/wp-content\\\/uploads\\\/sites\\\/48\\\/2021\\\/06\\\/Plakat-KSKN_11a-1024x1024-1.jpg\",\"width\":1024,\"height\":1024},{\"@type\":\"BreadcrumbList\",\"@id\":\"https:\\\/\\\/pans.krosno.pl\\\/kola-naukowe\\\/skn-ekonomistow-na-v-ogolnopolskiej-konferencji-studenckich-kol-naukowych-badania-innowacje-i-pasje-z-perspektywy-mlodego-naukowca-w-kpu-krosno\\\/#breadcrumb\",\"itemListElement\":[{\"@type\":\"ListItem\",\"position\":1,\"name\":\"Strona g\u0142\u00f3wna\",\"item\":\"https:\\\/\\\/pans.krosno.pl\\\/kola-naukowe\\\/\"},{\"@type\":\"ListItem\",\"position\":2,\"name\":\"SKN Ekonomist\u00f3w na V Og\u00f3lnopolskiej Konferencji Studenckich K\u00f3\u0142 Naukowych \u201eBadania, innowacje i pasje z perspektywy m\u0142odego naukowca\u201d w KPU Krosno\"}]},{\"@type\":\"WebSite\",\"@id\":\"https:\\\/\\\/pans.krosno.pl\\\/kola-naukowe\\\/#website\",\"url\":\"https:\\\/\\\/pans.krosno.pl\\\/kola-naukowe\\\/\",\"name\":\"Studenckie Ko\u0142a Naukowe PANS w Kro\u015bnie\",\"description\":\"Studenckie Ko\u0142a Naukowe - Pa\u0144stwowa Akademia Nauk Stosowanych\",\"publisher\":{\"@id\":\"https:\\\/\\\/pans.krosno.pl\\\/kola-naukowe\\\/#organization\"},\"potentialAction\":[{\"@type\":\"SearchAction\",\"target\":{\"@type\":\"EntryPoint\",\"urlTemplate\":\"https:\\\/\\\/pans.krosno.pl\\\/kola-naukowe\\\/?s={search_term_string}\"},\"query-input\":{\"@type\":\"PropertyValueSpecification\",\"valueRequired\":true,\"valueName\":\"search_term_string\"}}],\"inLanguage\":\"pl-PL\"},{\"@type\":\"Organization\",\"@id\":\"https:\\\/\\\/pans.krosno.pl\\\/kola-naukowe\\\/#organization\",\"name\":\"Studenckie Ko\u0142a Naukowe PANS w Kro\u015bnie\",\"url\":\"https:\\\/\\\/pans.krosno.pl\\\/kola-naukowe\\\/\",\"logo\":{\"@type\":\"ImageObject\",\"inLanguage\":\"pl-PL\",\"@id\":\"https:\\\/\\\/pans.krosno.pl\\\/kola-naukowe\\\/#\\\/schema\\\/logo\\\/image\\\/\",\"url\":\"https:\\\/\\\/pans.krosno.pl\\\/kola-naukowe\\\/wp-content\\\/uploads\\\/sites\\\/48\\\/2023\\\/01\\\/Logo-PANS-2022-pelne.png\",\"contentUrl\":\"https:\\\/\\\/pans.krosno.pl\\\/kola-naukowe\\\/wp-content\\\/uploads\\\/sites\\\/48\\\/2023\\\/01\\\/Logo-PANS-2022-pelne.png\",\"width\":3096,\"height\":696,\"caption\":\"Studenckie Ko\u0142a Naukowe PANS w Kro\u015bnie\"},\"image\":{\"@id\":\"https:\\\/\\\/pans.krosno.pl\\\/kola-naukowe\\\/#\\\/schema\\\/logo\\\/image\\\/\"}},{\"@type\":\"Person\",\"@id\":\"https:\\\/\\\/pans.krosno.pl\\\/kola-naukowe\\\/#\\\/schema\\\/person\\\/5234d538b37281133cebfcf174124540\",\"name\":\"elzbietabragiel\",\"image\":{\"@type\":\"ImageObject\",\"inLanguage\":\"pl-PL\",\"@id\":\"https:\\\/\\\/secure.gravatar.com\\\/avatar\\\/bcc708f308dc4018a34d44dfaa286089751c22f62d1a00bda271b3333c84bc0b?s=96&d=mm&r=g\",\"url\":\"https:\\\/\\\/secure.gravatar.com\\\/avatar\\\/bcc708f308dc4018a34d44dfaa286089751c22f62d1a00bda271b3333c84bc0b?s=96&d=mm&r=g\",\"contentUrl\":\"https:\\\/\\\/secure.gravatar.com\\\/avatar\\\/bcc708f308dc4018a34d44dfaa286089751c22f62d1a00bda271b3333c84bc0b?s=96&d=mm&r=g\",\"caption\":\"elzbietabragiel\"},\"url\":\"https:\\\/\\\/pans.krosno.pl\\\/kola-naukowe\\\/author\\\/elzbietabragiel\\\/\"}]}<\/script>\n<!-- \/ Yoast SEO Premium plugin. -->","yoast_head_json":{"title":"SKN Ekonomist\u00f3w na V Og\u00f3lnopolskiej Konferencji Studenckich K\u00f3\u0142 Naukowych \u201eBadania, innowacje i pasje z perspektywy m\u0142odego naukowca\u201d w KPU Krosno - Studenckie Ko\u0142a Naukowe PANS w Kro\u015bnie","robots":{"index":"index","follow":"follow","max-snippet":"max-snippet:-1","max-image-preview":"max-image-preview:large","max-video-preview":"max-video-preview:-1"},"canonical":"https:\/\/pans.krosno.pl\/kola-naukowe\/skn-ekonomistow-na-v-ogolnopolskiej-konferencji-studenckich-kol-naukowych-badania-innowacje-i-pasje-z-perspektywy-mlodego-naukowca-w-kpu-krosno\/","og_locale":"pl_PL","og_type":"article","og_title":"SKN Ekonomist\u00f3w na V Og\u00f3lnopolskiej Konferencji Studenckich K\u00f3\u0142 Naukowych \u201eBadania, innowacje i pasje z perspektywy m\u0142odego naukowca\u201d w KPU Krosno","og_description":"W dniu 10 czerwca 2021r roku odby\u0142a si\u0119 po raz pi\u0105ty Og\u00f3lnopolska Konferencja Studenckich K\u00f3\u0142 Naukowych \u201eBadania, innowacje i pasje z perspektywy m\u0142odego naukowca\u201d w Naszej Uczelni. Studenci kierunk\u00f3w Towaroznawstwo i Produkcja i bezpiecze\u0144stwo \u017cywno\u015bci, cz\u0142onkowie Ko\u0142a Naukowe Ekonomist\u00f3w aktywnie w\u0142\u0105czyli si\u0119 w&nbsp; to wydarzenie. Studenci przygotowali wiele ciekawych wyst\u0105pie\u0144 [\u2026] Read More","og_url":"https:\/\/pans.krosno.pl\/kola-naukowe\/skn-ekonomistow-na-v-ogolnopolskiej-konferencji-studenckich-kol-naukowych-badania-innowacje-i-pasje-z-perspektywy-mlodego-naukowca-w-kpu-krosno\/","og_site_name":"Studenckie Ko\u0142a Naukowe PANS w Kro\u015bnie","article_published_time":"2021-06-11T19:34:08+00:00","article_modified_time":"2021-06-11T19:38:58+00:00","og_image":[{"width":1024,"height":1024,"url":"https:\/\/pans.krosno.pl\/wp-content\/uploads\/sites\/48\/2021\/06\/Plakat-KSKN_11a-1024x1024-1.jpg","type":"image\/jpeg"}],"author":"elzbietabragiel","twitter_card":"summary_large_image","twitter_misc":{"Napisane przez":"elzbietabragiel","Szacowany czas czytania":"1 minuta"},"schema":{"@context":"https:\/\/schema.org","@graph":[{"@type":"Article","@id":"https:\/\/pans.krosno.pl\/kola-naukowe\/skn-ekonomistow-na-v-ogolnopolskiej-konferencji-studenckich-kol-naukowych-badania-innowacje-i-pasje-z-perspektywy-mlodego-naukowca-w-kpu-krosno\/#article","isPartOf":{"@id":"https:\/\/pans.krosno.pl\/kola-naukowe\/skn-ekonomistow-na-v-ogolnopolskiej-konferencji-studenckich-kol-naukowych-badania-innowacje-i-pasje-z-perspektywy-mlodego-naukowca-w-kpu-krosno\/"},"author":{"name":"elzbietabragiel","@id":"https:\/\/pans.krosno.pl\/kola-naukowe\/#\/schema\/person\/5234d538b37281133cebfcf174124540"},"headline":"SKN Ekonomist\u00f3w na V Og\u00f3lnopolskiej Konferencji Studenckich K\u00f3\u0142 Naukowych \u201eBadania, innowacje i pasje z perspektywy m\u0142odego naukowca\u201d w KPU Krosno","datePublished":"2021-06-11T19:34:08+00:00","dateModified":"2021-06-11T19:38:58+00:00","mainEntityOfPage":{"@id":"https:\/\/pans.krosno.pl\/kola-naukowe\/skn-ekonomistow-na-v-ogolnopolskiej-konferencji-studenckich-kol-naukowych-badania-innowacje-i-pasje-z-perspektywy-mlodego-naukowca-w-kpu-krosno\/"},"wordCount":197,"commentCount":0,"publisher":{"@id":"https:\/\/pans.krosno.pl\/kola-naukowe\/#organization"},"image":{"@id":"https:\/\/pans.krosno.pl\/kola-naukowe\/skn-ekonomistow-na-v-ogolnopolskiej-konferencji-studenckich-kol-naukowych-badania-innowacje-i-pasje-z-perspektywy-mlodego-naukowca-w-kpu-krosno\/#primaryimage"},"thumbnailUrl":"https:\/\/pans.krosno.pl\/kola-naukowe\/wp-content\/uploads\/sites\/48\/2021\/06\/Plakat-KSKN_11a-1024x1024-1.jpg","articleSection":["Ekonomi\u015bci"],"inLanguage":"pl-PL","potentialAction":[{"@type":"CommentAction","name":"Comment","target":["https:\/\/pans.krosno.pl\/kola-naukowe\/skn-ekonomistow-na-v-ogolnopolskiej-konferencji-studenckich-kol-naukowych-badania-innowacje-i-pasje-z-perspektywy-mlodego-naukowca-w-kpu-krosno\/#respond"]}]},{"@type":"WebPage","@id":"https:\/\/pans.krosno.pl\/kola-naukowe\/skn-ekonomistow-na-v-ogolnopolskiej-konferencji-studenckich-kol-naukowych-badania-innowacje-i-pasje-z-perspektywy-mlodego-naukowca-w-kpu-krosno\/","url":"https:\/\/pans.krosno.pl\/kola-naukowe\/skn-ekonomistow-na-v-ogolnopolskiej-konferencji-studenckich-kol-naukowych-badania-innowacje-i-pasje-z-perspektywy-mlodego-naukowca-w-kpu-krosno\/","name":"SKN Ekonomist\u00f3w na V Og\u00f3lnopolskiej Konferencji Studenckich K\u00f3\u0142 Naukowych \u201eBadania, innowacje i pasje z perspektywy m\u0142odego naukowca\u201d w KPU Krosno - Studenckie Ko\u0142a Naukowe PANS w Kro\u015bnie","isPartOf":{"@id":"https:\/\/pans.krosno.pl\/kola-naukowe\/#website"},"primaryImageOfPage":{"@id":"https:\/\/pans.krosno.pl\/kola-naukowe\/skn-ekonomistow-na-v-ogolnopolskiej-konferencji-studenckich-kol-naukowych-badania-innowacje-i-pasje-z-perspektywy-mlodego-naukowca-w-kpu-krosno\/#primaryimage"},"image":{"@id":"https:\/\/pans.krosno.pl\/kola-naukowe\/skn-ekonomistow-na-v-ogolnopolskiej-konferencji-studenckich-kol-naukowych-badania-innowacje-i-pasje-z-perspektywy-mlodego-naukowca-w-kpu-krosno\/#primaryimage"},"thumbnailUrl":"https:\/\/pans.krosno.pl\/kola-naukowe\/wp-content\/uploads\/sites\/48\/2021\/06\/Plakat-KSKN_11a-1024x1024-1.jpg","datePublished":"2021-06-11T19:34:08+00:00","dateModified":"2021-06-11T19:38:58+00:00","breadcrumb":{"@id":"https:\/\/pans.krosno.pl\/kola-naukowe\/skn-ekonomistow-na-v-ogolnopolskiej-konferencji-studenckich-kol-naukowych-badania-innowacje-i-pasje-z-perspektywy-mlodego-naukowca-w-kpu-krosno\/#breadcrumb"},"inLanguage":"pl-PL","potentialAction":[{"@type":"ReadAction","target":["https:\/\/pans.krosno.pl\/kola-naukowe\/skn-ekonomistow-na-v-ogolnopolskiej-konferencji-studenckich-kol-naukowych-badania-innowacje-i-pasje-z-perspektywy-mlodego-naukowca-w-kpu-krosno\/"]}]},{"@type":"ImageObject","inLanguage":"pl-PL","@id":"https:\/\/pans.krosno.pl\/kola-naukowe\/skn-ekonomistow-na-v-ogolnopolskiej-konferencji-studenckich-kol-naukowych-badania-innowacje-i-pasje-z-perspektywy-mlodego-naukowca-w-kpu-krosno\/#primaryimage","url":"https:\/\/pans.krosno.pl\/kola-naukowe\/wp-content\/uploads\/sites\/48\/2021\/06\/Plakat-KSKN_11a-1024x1024-1.jpg","contentUrl":"https:\/\/pans.krosno.pl\/kola-naukowe\/wp-content\/uploads\/sites\/48\/2021\/06\/Plakat-KSKN_11a-1024x1024-1.jpg","width":1024,"height":1024},{"@type":"BreadcrumbList","@id":"https:\/\/pans.krosno.pl\/kola-naukowe\/skn-ekonomistow-na-v-ogolnopolskiej-konferencji-studenckich-kol-naukowych-badania-innowacje-i-pasje-z-perspektywy-mlodego-naukowca-w-kpu-krosno\/#breadcrumb","itemListElement":[{"@type":"ListItem","position":1,"name":"Strona g\u0142\u00f3wna","item":"https:\/\/pans.krosno.pl\/kola-naukowe\/"},{"@type":"ListItem","position":2,"name":"SKN Ekonomist\u00f3w na V Og\u00f3lnopolskiej Konferencji Studenckich K\u00f3\u0142 Naukowych \u201eBadania, innowacje i pasje z perspektywy m\u0142odego naukowca\u201d w KPU Krosno"}]},{"@type":"WebSite","@id":"https:\/\/pans.krosno.pl\/kola-naukowe\/#website","url":"https:\/\/pans.krosno.pl\/kola-naukowe\/","name":"Studenckie Ko\u0142a Naukowe PANS w Kro\u015bnie","description":"Studenckie Ko\u0142a Naukowe - Pa\u0144stwowa Akademia Nauk Stosowanych","publisher":{"@id":"https:\/\/pans.krosno.pl\/kola-naukowe\/#organization"},"potentialAction":[{"@type":"SearchAction","target":{"@type":"EntryPoint","urlTemplate":"https:\/\/pans.krosno.pl\/kola-naukowe\/?s={search_term_string}"},"query-input":{"@type":"PropertyValueSpecification","valueRequired":true,"valueName":"search_term_string"}}],"inLanguage":"pl-PL"},{"@type":"Organization","@id":"https:\/\/pans.krosno.pl\/kola-naukowe\/#organization","name":"Studenckie Ko\u0142a Naukowe PANS w Kro\u015bnie","url":"https:\/\/pans.krosno.pl\/kola-naukowe\/","logo":{"@type":"ImageObject","inLanguage":"pl-PL","@id":"https:\/\/pans.krosno.pl\/kola-naukowe\/#\/schema\/logo\/image\/","url":"https:\/\/pans.krosno.pl\/kola-naukowe\/wp-content\/uploads\/sites\/48\/2023\/01\/Logo-PANS-2022-pelne.png","contentUrl":"https:\/\/pans.krosno.pl\/kola-naukowe\/wp-content\/uploads\/sites\/48\/2023\/01\/Logo-PANS-2022-pelne.png","width":3096,"height":696,"caption":"Studenckie Ko\u0142a Naukowe PANS w Kro\u015bnie"},"image":{"@id":"https:\/\/pans.krosno.pl\/kola-naukowe\/#\/schema\/logo\/image\/"}},{"@type":"Person","@id":"https:\/\/pans.krosno.pl\/kola-naukowe\/#\/schema\/person\/5234d538b37281133cebfcf174124540","name":"elzbietabragiel","image":{"@type":"ImageObject","inLanguage":"pl-PL","@id":"https:\/\/secure.gravatar.com\/avatar\/bcc708f308dc4018a34d44dfaa286089751c22f62d1a00bda271b3333c84bc0b?s=96&d=mm&r=g","url":"https:\/\/secure.gravatar.com\/avatar\/bcc708f308dc4018a34d44dfaa286089751c22f62d1a00bda271b3333c84bc0b?s=96&d=mm&r=g","contentUrl":"https:\/\/secure.gravatar.com\/avatar\/bcc708f308dc4018a34d44dfaa286089751c22f62d1a00bda271b3333c84bc0b?s=96&d=mm&r=g","caption":"elzbietabragiel"},"url":"https:\/\/pans.krosno.pl\/kola-naukowe\/author\/elzbietabragiel\/"}]}},"_links":{"self":[{"href":"https:\/\/pans.krosno.pl\/kola-naukowe\/wp-json\/wp\/v2\/posts\/4187","targetHints":{"allow":["GET"]}}],"collection":[{"href":"https:\/\/pans.krosno.pl\/kola-naukowe\/wp-json\/wp\/v2\/posts"}],"about":[{"href":"https:\/\/pans.krosno.pl\/kola-naukowe\/wp-json\/wp\/v2\/types\/post"}],"author":[{"embeddable":true,"href":"https:\/\/pans.krosno.pl\/kola-naukowe\/wp-json\/wp\/v2\/users\/17"}],"replies":[{"embeddable":true,"href":"https:\/\/pans.krosno.pl\/kola-naukowe\/wp-json\/wp\/v2\/comments?post=4187"}],"version-history":[{"count":4,"href":"https:\/\/pans.krosno.pl\/kola-naukowe\/wp-json\/wp\/v2\/posts\/4187\/revisions"}],"predecessor-version":[{"id":4200,"href":"https:\/\/pans.krosno.pl\/kola-naukowe\/wp-json\/wp\/v2\/posts\/4187\/revisions\/4200"}],"wp:featuredmedia":[{"embeddable":true,"href":"https:\/\/pans.krosno.pl\/kola-naukowe\/wp-json\/wp\/v2\/media\/4193"}],"wp:attachment":[{"href":"https:\/\/pans.krosno.pl\/kola-naukowe\/wp-json\/wp\/v2\/media?parent=4187"}],"wp:term":[{"taxonomy":"category","embeddable":true,"href":"https:\/\/pans.krosno.pl\/kola-naukowe\/wp-json\/wp\/v2\/categories?post=4187"},{"taxonomy":"post_tag","embeddable":true,"href":"https:\/\/pans.krosno.pl\/kola-naukowe\/wp-json\/wp\/v2\/tags?post=4187"}],"curies":[{"name":"wp","href":"https:\/\/api.w.org\/{rel}","templated":true}]}}