{"id":3978,"date":"2021-04-16T14:51:00","date_gmt":"2021-04-16T12:51:00","guid":{"rendered":"https:\/\/pans.krosno.pl\/kola-naukowe\/?p=3978"},"modified":"2021-04-27T15:02:19","modified_gmt":"2021-04-27T13:02:19","slug":"sukces-naszych-studentow-na-ogolnopolskiej-konferencji-mlodych-naukowcow-w-nowym-targu","status":"publish","type":"post","link":"https:\/\/pans.krosno.pl\/kola-naukowe\/sukces-naszych-studentow-na-ogolnopolskiej-konferencji-mlodych-naukowcow-w-nowym-targu\/","title":{"rendered":"Sukces Naszych Student\u00f3w na Og\u00f3lnopolskiej Konferencji M\u0142odych Naukowc\u00f3w w Nowym Targu"},"content":{"rendered":"\n<p>W dniu 15 kwietnia 2021r. w Podhala\u0144skiej Pa\u0144stwowej Uczelni Zawodowej w Nowym Targu odby\u0142a si\u0119 V Og\u00f3lnopolska Konferencja M\u0142odych Naukowc\u00f3w pt. \u201eNAUKA, TALENT, PASJA\u201d<\/p>\n\n\n\n<figure class=\"wp-block-image size-large is-resized\"><img loading=\"lazy\" decoding=\"async\" src=\"https:\/\/pans.krosno.pl\/kola-naukowe\/wp-content\/uploads\/sites\/48\/2021\/04\/NAUKA-TALENT-PASJA_-Google-Chrome-15.04.2021-11_33_18-1024x546.png\" alt=\"\" class=\"wp-image-3985\" width=\"492\" height=\"262\" srcset=\"https:\/\/pans.krosno.pl\/kola-naukowe\/wp-content\/uploads\/sites\/48\/2021\/04\/NAUKA-TALENT-PASJA_-Google-Chrome-15.04.2021-11_33_18-1024x546.png 1024w, https:\/\/pans.krosno.pl\/kola-naukowe\/wp-content\/uploads\/sites\/48\/2021\/04\/NAUKA-TALENT-PASJA_-Google-Chrome-15.04.2021-11_33_18-300x160.png 300w, https:\/\/pans.krosno.pl\/kola-naukowe\/wp-content\/uploads\/sites\/48\/2021\/04\/NAUKA-TALENT-PASJA_-Google-Chrome-15.04.2021-11_33_18-768x409.png 768w, https:\/\/pans.krosno.pl\/kola-naukowe\/wp-content\/uploads\/sites\/48\/2021\/04\/NAUKA-TALENT-PASJA_-Google-Chrome-15.04.2021-11_33_18-800x426.png 800w, https:\/\/pans.krosno.pl\/kola-naukowe\/wp-content\/uploads\/sites\/48\/2021\/04\/NAUKA-TALENT-PASJA_-Google-Chrome-15.04.2021-11_33_18-580x309.png 580w, https:\/\/pans.krosno.pl\/kola-naukowe\/wp-content\/uploads\/sites\/48\/2021\/04\/NAUKA-TALENT-PASJA_-Google-Chrome-15.04.2021-11_33_18.png 1366w\" sizes=\"auto, (max-width: 492px) 100vw, 492px\" \/><\/figure>\n\n\n\n<p>Studenci, cz\u0142onkowie Ko\u0142a Naukowego Ekonomist\u00f3w &nbsp;zaprezentowali wyniki swoich bada\u0144 naukowych:<\/p>\n\n\n\n<p>Dawid Penar, Natalia Baran \u201e<em>Rola medi\u00f3w spo\u0142eczno\u015bciowych w kreowaniu czasu wolnego\u201d<\/em>&nbsp;\u2013 I rok Towaroznawstwa<\/p>\n\n\n\n<p>Barbara Habrat, Angelika Kubit \u201e<em>Preferencje konsument\u00f3w wobec zakup\u00f3w on-line w czasach pandemii Covid19<\/em>\u201d \u2013 II rok Towaroznawstwa<\/p>\n\n\n\n<figure class=\"wp-block-image size-large is-resized\"><img loading=\"lazy\" decoding=\"async\" src=\"https:\/\/pans.krosno.pl\/kola-naukowe\/wp-content\/uploads\/sites\/48\/2021\/04\/Kubit1a-1024x576.png\" alt=\"\" class=\"wp-image-3980\" width=\"432\" height=\"243\" srcset=\"https:\/\/pans.krosno.pl\/kola-naukowe\/wp-content\/uploads\/sites\/48\/2021\/04\/Kubit1a-1024x576.png 1024w, https:\/\/pans.krosno.pl\/kola-naukowe\/wp-content\/uploads\/sites\/48\/2021\/04\/Kubit1a-300x169.png 300w, https:\/\/pans.krosno.pl\/kola-naukowe\/wp-content\/uploads\/sites\/48\/2021\/04\/Kubit1a-768x432.png 768w, https:\/\/pans.krosno.pl\/kola-naukowe\/wp-content\/uploads\/sites\/48\/2021\/04\/Kubit1a-800x450.png 800w, https:\/\/pans.krosno.pl\/kola-naukowe\/wp-content\/uploads\/sites\/48\/2021\/04\/Kubit1a-270x152.png 270w, https:\/\/pans.krosno.pl\/kola-naukowe\/wp-content\/uploads\/sites\/48\/2021\/04\/Kubit1a-580x326.png 580w, https:\/\/pans.krosno.pl\/kola-naukowe\/wp-content\/uploads\/sites\/48\/2021\/04\/Kubit1a.png 1366w\" sizes=\"auto, (max-width: 432px) 100vw, 432px\" \/><\/figure>\n\n\n\n<figure class=\"wp-block-image size-large is-resized\"><img loading=\"lazy\" decoding=\"async\" src=\"https:\/\/pans.krosno.pl\/kola-naukowe\/wp-content\/uploads\/sites\/48\/2021\/04\/Habrat-1-1024x576.png\" alt=\"\" class=\"wp-image-3979\" width=\"432\" height=\"243\" srcset=\"https:\/\/pans.krosno.pl\/kola-naukowe\/wp-content\/uploads\/sites\/48\/2021\/04\/Habrat-1-1024x576.png 1024w, https:\/\/pans.krosno.pl\/kola-naukowe\/wp-content\/uploads\/sites\/48\/2021\/04\/Habrat-1-300x169.png 300w, https:\/\/pans.krosno.pl\/kola-naukowe\/wp-content\/uploads\/sites\/48\/2021\/04\/Habrat-1-768x432.png 768w, https:\/\/pans.krosno.pl\/kola-naukowe\/wp-content\/uploads\/sites\/48\/2021\/04\/Habrat-1-800x450.png 800w, https:\/\/pans.krosno.pl\/kola-naukowe\/wp-content\/uploads\/sites\/48\/2021\/04\/Habrat-1-270x152.png 270w, https:\/\/pans.krosno.pl\/kola-naukowe\/wp-content\/uploads\/sites\/48\/2021\/04\/Habrat-1-580x326.png 580w, https:\/\/pans.krosno.pl\/kola-naukowe\/wp-content\/uploads\/sites\/48\/2021\/04\/Habrat-1.png 1366w\" sizes=\"auto, (max-width: 432px) 100vw, 432px\" \/><\/figure>\n\n\n\n<p>Patryk Soli\u0144ski, Katarzyna W\u00f3jcik \u201e<em>Wp\u0142yw pasji \u017cyciowych na wyb\u00f3r kierunku studi\u00f3w w\u015br\u00f3d student\u00f3w Karpackiej Pa\u0144stwowej Uczelni w Kro\u015bnie<\/em>\u201d \u2013 III rok Towaroznawstwa<\/p>\n\n\n\n<figure class=\"wp-block-image size-large is-resized\"><img loading=\"lazy\" decoding=\"async\" src=\"https:\/\/pans.krosno.pl\/kola-naukowe\/wp-content\/uploads\/sites\/48\/2021\/04\/Pasja-1024x576.png\" alt=\"\" class=\"wp-image-3981\" width=\"439\" height=\"247\" srcset=\"https:\/\/pans.krosno.pl\/kola-naukowe\/wp-content\/uploads\/sites\/48\/2021\/04\/Pasja-1024x576.png 1024w, https:\/\/pans.krosno.pl\/kola-naukowe\/wp-content\/uploads\/sites\/48\/2021\/04\/Pasja-300x169.png 300w, https:\/\/pans.krosno.pl\/kola-naukowe\/wp-content\/uploads\/sites\/48\/2021\/04\/Pasja-768x432.png 768w, https:\/\/pans.krosno.pl\/kola-naukowe\/wp-content\/uploads\/sites\/48\/2021\/04\/Pasja-800x450.png 800w, https:\/\/pans.krosno.pl\/kola-naukowe\/wp-content\/uploads\/sites\/48\/2021\/04\/Pasja-270x152.png 270w, https:\/\/pans.krosno.pl\/kola-naukowe\/wp-content\/uploads\/sites\/48\/2021\/04\/Pasja-580x326.png 580w, https:\/\/pans.krosno.pl\/kola-naukowe\/wp-content\/uploads\/sites\/48\/2021\/04\/Pasja.png 1366w\" sizes=\"auto, (max-width: 439px) 100vw, 439px\" \/><\/figure>\n\n\n\n<p>Zuzanna Imbierowicz, Emilia Dr\u0105g\u00a0<em>\u201dPandemia \u2013 ochrona \u2013 odpady\u201d<\/em>\u00a0\u2013 II rok Produkcja i bezpiecze\u0144stwo \u017cywno\u015bci.<\/p>\n\n\n\n<figure class=\"wp-block-image size-large is-resized\"><img loading=\"lazy\" decoding=\"async\" src=\"https:\/\/pans.krosno.pl\/kola-naukowe\/wp-content\/uploads\/sites\/48\/2021\/04\/Drag.-Imbirowicz-Bielec.jpg\" alt=\"\" class=\"wp-image-3984\" width=\"354\" height=\"266\" srcset=\"https:\/\/pans.krosno.pl\/kola-naukowe\/wp-content\/uploads\/sites\/48\/2021\/04\/Drag.-Imbirowicz-Bielec.jpg 960w, https:\/\/pans.krosno.pl\/kola-naukowe\/wp-content\/uploads\/sites\/48\/2021\/04\/Drag.-Imbirowicz-Bielec-300x225.jpg 300w, https:\/\/pans.krosno.pl\/kola-naukowe\/wp-content\/uploads\/sites\/48\/2021\/04\/Drag.-Imbirowicz-Bielec-768x576.jpg 768w, https:\/\/pans.krosno.pl\/kola-naukowe\/wp-content\/uploads\/sites\/48\/2021\/04\/Drag.-Imbirowicz-Bielec-800x600.jpg 800w, https:\/\/pans.krosno.pl\/kola-naukowe\/wp-content\/uploads\/sites\/48\/2021\/04\/Drag.-Imbirowicz-Bielec-580x435.jpg 580w\" sizes=\"auto, (max-width: 354px) 100vw, 354px\" \/><\/figure>\n\n\n\n<p>\u00a0Anna Bogacz, Karolina Wyupasek\u00a0<em>\u201eKulinarne wykorzystanie ro\u015blin bobowatych w aspekcie prozdrowotnym moj\u0105 pasj\u0105\u201d<\/em>\u00a0\u00a0\u2013 III rok Produkcja i bezpiecze\u0144stwo \u017cywno\u015bci<\/p>\n\n\n\n<figure class=\"wp-block-image size-large is-resized\"><img loading=\"lazy\" decoding=\"async\" src=\"https:\/\/pans.krosno.pl\/kola-naukowe\/wp-content\/uploads\/sites\/48\/2021\/04\/Bogacz1-1024x576.png\" alt=\"\" class=\"wp-image-3983\" width=\"460\" height=\"258\" srcset=\"https:\/\/pans.krosno.pl\/kola-naukowe\/wp-content\/uploads\/sites\/48\/2021\/04\/Bogacz1-1024x576.png 1024w, https:\/\/pans.krosno.pl\/kola-naukowe\/wp-content\/uploads\/sites\/48\/2021\/04\/Bogacz1-300x169.png 300w, https:\/\/pans.krosno.pl\/kola-naukowe\/wp-content\/uploads\/sites\/48\/2021\/04\/Bogacz1-768x432.png 768w, https:\/\/pans.krosno.pl\/kola-naukowe\/wp-content\/uploads\/sites\/48\/2021\/04\/Bogacz1-800x450.png 800w, https:\/\/pans.krosno.pl\/kola-naukowe\/wp-content\/uploads\/sites\/48\/2021\/04\/Bogacz1-270x152.png 270w, https:\/\/pans.krosno.pl\/kola-naukowe\/wp-content\/uploads\/sites\/48\/2021\/04\/Bogacz1-580x326.png 580w, https:\/\/pans.krosno.pl\/kola-naukowe\/wp-content\/uploads\/sites\/48\/2021\/04\/Bogacz1.png 1366w\" sizes=\"auto, (max-width: 460px) 100vw, 460px\" \/><\/figure>\n\n\n\n<p>Karolina Wypasek, Anna Bogacz <em>\u201eProjektowanie ogrod\u00f3w z ro\u015blinami o jadalnych kwiatach moj\u0105 pasj\u0105\u201d<\/em>\u00a0\u2013 III rok Produkcja i bezpiecze\u0144stwo \u017cywno\u015bci.<\/p>\n\n\n\n<figure class=\"wp-block-image size-large is-resized\"><img loading=\"lazy\" decoding=\"async\" src=\"https:\/\/pans.krosno.pl\/kola-naukowe\/wp-content\/uploads\/sites\/48\/2021\/04\/Wypasek1-1024x576.png\" alt=\"\" class=\"wp-image-3982\" width=\"464\" height=\"261\" srcset=\"https:\/\/pans.krosno.pl\/kola-naukowe\/wp-content\/uploads\/sites\/48\/2021\/04\/Wypasek1-1024x576.png 1024w, https:\/\/pans.krosno.pl\/kola-naukowe\/wp-content\/uploads\/sites\/48\/2021\/04\/Wypasek1-300x169.png 300w, https:\/\/pans.krosno.pl\/kola-naukowe\/wp-content\/uploads\/sites\/48\/2021\/04\/Wypasek1-768x432.png 768w, https:\/\/pans.krosno.pl\/kola-naukowe\/wp-content\/uploads\/sites\/48\/2021\/04\/Wypasek1-800x450.png 800w, https:\/\/pans.krosno.pl\/kola-naukowe\/wp-content\/uploads\/sites\/48\/2021\/04\/Wypasek1-270x152.png 270w, https:\/\/pans.krosno.pl\/kola-naukowe\/wp-content\/uploads\/sites\/48\/2021\/04\/Wypasek1-580x326.png 580w, https:\/\/pans.krosno.pl\/kola-naukowe\/wp-content\/uploads\/sites\/48\/2021\/04\/Wypasek1.png 1366w\" sizes=\"auto, (max-width: 464px) 100vw, 464px\" \/><\/figure>\n\n\n\n<p class=\"has-text-align-right\"><strong>Studentom serdecznie gratulujemy i \u017cyczymy dalszych sukces\u00f3w naukowych !!!<\/strong><\/p>\n","protected":false},"excerpt":{"rendered":"<p>W dniu 15 kwietnia 2021r. w Podhala\u0144skiej Pa\u0144stwowej Uczelni Zawodowej w Nowym Targu odby\u0142a si\u0119 V Og\u00f3lnopolska Konferencja M\u0142odych Naukowc\u00f3w pt. \u201eNAUKA, TALENT, PASJA\u201d Studenci, cz\u0142onkowie Ko\u0142a Naukowego Ekonomist\u00f3w &nbsp;zaprezentowali wyniki swoich bada\u0144 naukowych: Dawid Penar, Natalia Baran \u201eRola medi\u00f3w spo\u0142eczno\u015bciowych w kreowaniu czasu wolnego\u201d&nbsp;\u2013 I rok Towaroznawstwa Barbara Habrat, [\u2026] <\/p>\n<div class=\"clear\"><\/div>\n<p><a class=\"more_link clearfix\" href=\"https:\/\/pans.krosno.pl\/kola-naukowe\/sukces-naszych-studentow-na-ogolnopolskiej-konferencji-mlodych-naukowcow-w-nowym-targu\/\" rel=\"nofollow\">Read More<\/a><\/p>\n","protected":false},"author":17,"featured_media":0,"comment_status":"open","ping_status":"open","sticky":false,"template":"","format":"standard","meta":{"ngg_post_thumbnail":0,"footnotes":""},"categories":[2],"tags":[],"class_list":["post-3978","post","type-post","status-publish","format-standard","hentry","category-ekonomisci"],"yoast_head":"<!-- This site is optimized with the Yoast SEO Premium plugin v27.4 (Yoast SEO v27.4) - https:\/\/yoast.com\/product\/yoast-seo-premium-wordpress\/ -->\n<title>Sukces Naszych Student\u00f3w na Og\u00f3lnopolskiej Konferencji M\u0142odych Naukowc\u00f3w w Nowym Targu - Studenckie Ko\u0142a Naukowe PANS w Kro\u015bnie<\/title>\n<meta name=\"robots\" content=\"index, follow, max-snippet:-1, max-image-preview:large, max-video-preview:-1\" \/>\n<link rel=\"canonical\" href=\"https:\/\/pans.krosno.pl\/kola-naukowe\/sukces-naszych-studentow-na-ogolnopolskiej-konferencji-mlodych-naukowcow-w-nowym-targu\/\" \/>\n<meta property=\"og:locale\" content=\"pl_PL\" \/>\n<meta property=\"og:type\" content=\"article\" \/>\n<meta property=\"og:title\" content=\"Sukces Naszych Student\u00f3w na Og\u00f3lnopolskiej Konferencji M\u0142odych Naukowc\u00f3w w Nowym Targu\" \/>\n<meta property=\"og:description\" content=\"W dniu 15 kwietnia 2021r. w Podhala\u0144skiej Pa\u0144stwowej Uczelni Zawodowej w Nowym Targu odby\u0142a si\u0119 V Og\u00f3lnopolska Konferencja M\u0142odych Naukowc\u00f3w pt. \u201eNAUKA, TALENT, PASJA\u201d Studenci, cz\u0142onkowie Ko\u0142a Naukowego Ekonomist\u00f3w &nbsp;zaprezentowali wyniki swoich bada\u0144 naukowych: Dawid Penar, Natalia Baran \u201eRola medi\u00f3w spo\u0142eczno\u015bciowych w kreowaniu czasu wolnego\u201d&nbsp;\u2013 I rok Towaroznawstwa Barbara Habrat, [\u2026] Read More\" \/>\n<meta property=\"og:url\" content=\"https:\/\/pans.krosno.pl\/kola-naukowe\/sukces-naszych-studentow-na-ogolnopolskiej-konferencji-mlodych-naukowcow-w-nowym-targu\/\" \/>\n<meta property=\"og:site_name\" content=\"Studenckie Ko\u0142a Naukowe PANS w Kro\u015bnie\" \/>\n<meta property=\"article:published_time\" content=\"2021-04-16T12:51:00+00:00\" \/>\n<meta property=\"article:modified_time\" content=\"2021-04-27T13:02:19+00:00\" \/>\n<meta property=\"og:image\" content=\"https:\/\/pans.krosno.pl\/kola-naukowe\/wp-content\/uploads\/sites\/48\/2021\/04\/NAUKA-TALENT-PASJA_-Google-Chrome-15.04.2021-11_33_18-1024x546.png\" \/>\n<meta name=\"author\" content=\"elzbietabragiel\" \/>\n<meta name=\"twitter:card\" content=\"summary_large_image\" \/>\n<meta name=\"twitter:label1\" content=\"Napisane przez\" \/>\n\t<meta name=\"twitter:data1\" content=\"elzbietabragiel\" \/>\n\t<meta name=\"twitter:label2\" content=\"Szacowany czas czytania\" \/>\n\t<meta name=\"twitter:data2\" content=\"1 minuta\" \/>\n<script type=\"application\/ld+json\" class=\"yoast-schema-graph\">{\"@context\":\"https:\\\/\\\/schema.org\",\"@graph\":[{\"@type\":\"Article\",\"@id\":\"https:\\\/\\\/pans.krosno.pl\\\/kola-naukowe\\\/sukces-naszych-studentow-na-ogolnopolskiej-konferencji-mlodych-naukowcow-w-nowym-targu\\\/#article\",\"isPartOf\":{\"@id\":\"https:\\\/\\\/pans.krosno.pl\\\/kola-naukowe\\\/sukces-naszych-studentow-na-ogolnopolskiej-konferencji-mlodych-naukowcow-w-nowym-targu\\\/\"},\"author\":{\"name\":\"elzbietabragiel\",\"@id\":\"https:\\\/\\\/pans.krosno.pl\\\/kola-naukowe\\\/#\\\/schema\\\/person\\\/5234d538b37281133cebfcf174124540\"},\"headline\":\"Sukces Naszych Student\u00f3w na Og\u00f3lnopolskiej Konferencji M\u0142odych Naukowc\u00f3w w Nowym Targu\",\"datePublished\":\"2021-04-16T12:51:00+00:00\",\"dateModified\":\"2021-04-27T13:02:19+00:00\",\"mainEntityOfPage\":{\"@id\":\"https:\\\/\\\/pans.krosno.pl\\\/kola-naukowe\\\/sukces-naszych-studentow-na-ogolnopolskiej-konferencji-mlodych-naukowcow-w-nowym-targu\\\/\"},\"wordCount\":195,\"commentCount\":0,\"publisher\":{\"@id\":\"https:\\\/\\\/pans.krosno.pl\\\/kola-naukowe\\\/#organization\"},\"image\":{\"@id\":\"https:\\\/\\\/pans.krosno.pl\\\/kola-naukowe\\\/sukces-naszych-studentow-na-ogolnopolskiej-konferencji-mlodych-naukowcow-w-nowym-targu\\\/#primaryimage\"},\"thumbnailUrl\":\"https:\\\/\\\/pans.krosno.pl\\\/kola-naukowe\\\/wp-content\\\/uploads\\\/sites\\\/48\\\/2021\\\/04\\\/NAUKA-TALENT-PASJA_-Google-Chrome-15.04.2021-11_33_18-1024x546.png\",\"articleSection\":[\"Ekonomi\u015bci\"],\"inLanguage\":\"pl-PL\",\"potentialAction\":[{\"@type\":\"CommentAction\",\"name\":\"Comment\",\"target\":[\"https:\\\/\\\/pans.krosno.pl\\\/kola-naukowe\\\/sukces-naszych-studentow-na-ogolnopolskiej-konferencji-mlodych-naukowcow-w-nowym-targu\\\/#respond\"]}]},{\"@type\":\"WebPage\",\"@id\":\"https:\\\/\\\/pans.krosno.pl\\\/kola-naukowe\\\/sukces-naszych-studentow-na-ogolnopolskiej-konferencji-mlodych-naukowcow-w-nowym-targu\\\/\",\"url\":\"https:\\\/\\\/pans.krosno.pl\\\/kola-naukowe\\\/sukces-naszych-studentow-na-ogolnopolskiej-konferencji-mlodych-naukowcow-w-nowym-targu\\\/\",\"name\":\"Sukces Naszych Student\u00f3w na Og\u00f3lnopolskiej Konferencji M\u0142odych Naukowc\u00f3w w Nowym Targu - Studenckie Ko\u0142a Naukowe PANS w Kro\u015bnie\",\"isPartOf\":{\"@id\":\"https:\\\/\\\/pans.krosno.pl\\\/kola-naukowe\\\/#website\"},\"primaryImageOfPage\":{\"@id\":\"https:\\\/\\\/pans.krosno.pl\\\/kola-naukowe\\\/sukces-naszych-studentow-na-ogolnopolskiej-konferencji-mlodych-naukowcow-w-nowym-targu\\\/#primaryimage\"},\"image\":{\"@id\":\"https:\\\/\\\/pans.krosno.pl\\\/kola-naukowe\\\/sukces-naszych-studentow-na-ogolnopolskiej-konferencji-mlodych-naukowcow-w-nowym-targu\\\/#primaryimage\"},\"thumbnailUrl\":\"https:\\\/\\\/pans.krosno.pl\\\/kola-naukowe\\\/wp-content\\\/uploads\\\/sites\\\/48\\\/2021\\\/04\\\/NAUKA-TALENT-PASJA_-Google-Chrome-15.04.2021-11_33_18-1024x546.png\",\"datePublished\":\"2021-04-16T12:51:00+00:00\",\"dateModified\":\"2021-04-27T13:02:19+00:00\",\"breadcrumb\":{\"@id\":\"https:\\\/\\\/pans.krosno.pl\\\/kola-naukowe\\\/sukces-naszych-studentow-na-ogolnopolskiej-konferencji-mlodych-naukowcow-w-nowym-targu\\\/#breadcrumb\"},\"inLanguage\":\"pl-PL\",\"potentialAction\":[{\"@type\":\"ReadAction\",\"target\":[\"https:\\\/\\\/pans.krosno.pl\\\/kola-naukowe\\\/sukces-naszych-studentow-na-ogolnopolskiej-konferencji-mlodych-naukowcow-w-nowym-targu\\\/\"]}]},{\"@type\":\"ImageObject\",\"inLanguage\":\"pl-PL\",\"@id\":\"https:\\\/\\\/pans.krosno.pl\\\/kola-naukowe\\\/sukces-naszych-studentow-na-ogolnopolskiej-konferencji-mlodych-naukowcow-w-nowym-targu\\\/#primaryimage\",\"url\":\"https:\\\/\\\/pans.krosno.pl\\\/kola-naukowe\\\/wp-content\\\/uploads\\\/sites\\\/48\\\/2021\\\/04\\\/NAUKA-TALENT-PASJA_-Google-Chrome-15.04.2021-11_33_18.png\",\"contentUrl\":\"https:\\\/\\\/pans.krosno.pl\\\/kola-naukowe\\\/wp-content\\\/uploads\\\/sites\\\/48\\\/2021\\\/04\\\/NAUKA-TALENT-PASJA_-Google-Chrome-15.04.2021-11_33_18.png\",\"width\":1366,\"height\":728},{\"@type\":\"BreadcrumbList\",\"@id\":\"https:\\\/\\\/pans.krosno.pl\\\/kola-naukowe\\\/sukces-naszych-studentow-na-ogolnopolskiej-konferencji-mlodych-naukowcow-w-nowym-targu\\\/#breadcrumb\",\"itemListElement\":[{\"@type\":\"ListItem\",\"position\":1,\"name\":\"Strona g\u0142\u00f3wna\",\"item\":\"https:\\\/\\\/pans.krosno.pl\\\/kola-naukowe\\\/\"},{\"@type\":\"ListItem\",\"position\":2,\"name\":\"Sukces Naszych Student\u00f3w na Og\u00f3lnopolskiej Konferencji M\u0142odych Naukowc\u00f3w w Nowym Targu\"}]},{\"@type\":\"WebSite\",\"@id\":\"https:\\\/\\\/pans.krosno.pl\\\/kola-naukowe\\\/#website\",\"url\":\"https:\\\/\\\/pans.krosno.pl\\\/kola-naukowe\\\/\",\"name\":\"Studenckie Ko\u0142a Naukowe PANS w Kro\u015bnie\",\"description\":\"Studenckie Ko\u0142a Naukowe - Pa\u0144stwowa Akademia Nauk Stosowanych\",\"publisher\":{\"@id\":\"https:\\\/\\\/pans.krosno.pl\\\/kola-naukowe\\\/#organization\"},\"potentialAction\":[{\"@type\":\"SearchAction\",\"target\":{\"@type\":\"EntryPoint\",\"urlTemplate\":\"https:\\\/\\\/pans.krosno.pl\\\/kola-naukowe\\\/?s={search_term_string}\"},\"query-input\":{\"@type\":\"PropertyValueSpecification\",\"valueRequired\":true,\"valueName\":\"search_term_string\"}}],\"inLanguage\":\"pl-PL\"},{\"@type\":\"Organization\",\"@id\":\"https:\\\/\\\/pans.krosno.pl\\\/kola-naukowe\\\/#organization\",\"name\":\"Studenckie Ko\u0142a Naukowe PANS w Kro\u015bnie\",\"url\":\"https:\\\/\\\/pans.krosno.pl\\\/kola-naukowe\\\/\",\"logo\":{\"@type\":\"ImageObject\",\"inLanguage\":\"pl-PL\",\"@id\":\"https:\\\/\\\/pans.krosno.pl\\\/kola-naukowe\\\/#\\\/schema\\\/logo\\\/image\\\/\",\"url\":\"https:\\\/\\\/pans.krosno.pl\\\/kola-naukowe\\\/wp-content\\\/uploads\\\/sites\\\/48\\\/2023\\\/01\\\/Logo-PANS-2022-pelne.png\",\"contentUrl\":\"https:\\\/\\\/pans.krosno.pl\\\/kola-naukowe\\\/wp-content\\\/uploads\\\/sites\\\/48\\\/2023\\\/01\\\/Logo-PANS-2022-pelne.png\",\"width\":3096,\"height\":696,\"caption\":\"Studenckie Ko\u0142a Naukowe PANS w Kro\u015bnie\"},\"image\":{\"@id\":\"https:\\\/\\\/pans.krosno.pl\\\/kola-naukowe\\\/#\\\/schema\\\/logo\\\/image\\\/\"}},{\"@type\":\"Person\",\"@id\":\"https:\\\/\\\/pans.krosno.pl\\\/kola-naukowe\\\/#\\\/schema\\\/person\\\/5234d538b37281133cebfcf174124540\",\"name\":\"elzbietabragiel\",\"image\":{\"@type\":\"ImageObject\",\"inLanguage\":\"pl-PL\",\"@id\":\"https:\\\/\\\/secure.gravatar.com\\\/avatar\\\/bcc708f308dc4018a34d44dfaa286089751c22f62d1a00bda271b3333c84bc0b?s=96&d=mm&r=g\",\"url\":\"https:\\\/\\\/secure.gravatar.com\\\/avatar\\\/bcc708f308dc4018a34d44dfaa286089751c22f62d1a00bda271b3333c84bc0b?s=96&d=mm&r=g\",\"contentUrl\":\"https:\\\/\\\/secure.gravatar.com\\\/avatar\\\/bcc708f308dc4018a34d44dfaa286089751c22f62d1a00bda271b3333c84bc0b?s=96&d=mm&r=g\",\"caption\":\"elzbietabragiel\"},\"url\":\"https:\\\/\\\/pans.krosno.pl\\\/kola-naukowe\\\/author\\\/elzbietabragiel\\\/\"}]}<\/script>\n<!-- \/ Yoast SEO Premium plugin. -->","yoast_head_json":{"title":"Sukces Naszych Student\u00f3w na Og\u00f3lnopolskiej Konferencji M\u0142odych Naukowc\u00f3w w Nowym Targu - Studenckie Ko\u0142a Naukowe PANS w Kro\u015bnie","robots":{"index":"index","follow":"follow","max-snippet":"max-snippet:-1","max-image-preview":"max-image-preview:large","max-video-preview":"max-video-preview:-1"},"canonical":"https:\/\/pans.krosno.pl\/kola-naukowe\/sukces-naszych-studentow-na-ogolnopolskiej-konferencji-mlodych-naukowcow-w-nowym-targu\/","og_locale":"pl_PL","og_type":"article","og_title":"Sukces Naszych Student\u00f3w na Og\u00f3lnopolskiej Konferencji M\u0142odych Naukowc\u00f3w w Nowym Targu","og_description":"W dniu 15 kwietnia 2021r. w Podhala\u0144skiej Pa\u0144stwowej Uczelni Zawodowej w Nowym Targu odby\u0142a si\u0119 V Og\u00f3lnopolska Konferencja M\u0142odych Naukowc\u00f3w pt. \u201eNAUKA, TALENT, PASJA\u201d Studenci, cz\u0142onkowie Ko\u0142a Naukowego Ekonomist\u00f3w &nbsp;zaprezentowali wyniki swoich bada\u0144 naukowych: Dawid Penar, Natalia Baran \u201eRola medi\u00f3w spo\u0142eczno\u015bciowych w kreowaniu czasu wolnego\u201d&nbsp;\u2013 I rok Towaroznawstwa Barbara Habrat, [\u2026] Read More","og_url":"https:\/\/pans.krosno.pl\/kola-naukowe\/sukces-naszych-studentow-na-ogolnopolskiej-konferencji-mlodych-naukowcow-w-nowym-targu\/","og_site_name":"Studenckie Ko\u0142a Naukowe PANS w Kro\u015bnie","article_published_time":"2021-04-16T12:51:00+00:00","article_modified_time":"2021-04-27T13:02:19+00:00","og_image":[{"url":"https:\/\/pans.krosno.pl\/kola-naukowe\/wp-content\/uploads\/sites\/48\/2021\/04\/NAUKA-TALENT-PASJA_-Google-Chrome-15.04.2021-11_33_18-1024x546.png","type":"","width":"","height":""}],"author":"elzbietabragiel","twitter_card":"summary_large_image","twitter_misc":{"Napisane przez":"elzbietabragiel","Szacowany czas czytania":"1 minuta"},"schema":{"@context":"https:\/\/schema.org","@graph":[{"@type":"Article","@id":"https:\/\/pans.krosno.pl\/kola-naukowe\/sukces-naszych-studentow-na-ogolnopolskiej-konferencji-mlodych-naukowcow-w-nowym-targu\/#article","isPartOf":{"@id":"https:\/\/pans.krosno.pl\/kola-naukowe\/sukces-naszych-studentow-na-ogolnopolskiej-konferencji-mlodych-naukowcow-w-nowym-targu\/"},"author":{"name":"elzbietabragiel","@id":"https:\/\/pans.krosno.pl\/kola-naukowe\/#\/schema\/person\/5234d538b37281133cebfcf174124540"},"headline":"Sukces Naszych Student\u00f3w na Og\u00f3lnopolskiej Konferencji M\u0142odych Naukowc\u00f3w w Nowym Targu","datePublished":"2021-04-16T12:51:00+00:00","dateModified":"2021-04-27T13:02:19+00:00","mainEntityOfPage":{"@id":"https:\/\/pans.krosno.pl\/kola-naukowe\/sukces-naszych-studentow-na-ogolnopolskiej-konferencji-mlodych-naukowcow-w-nowym-targu\/"},"wordCount":195,"commentCount":0,"publisher":{"@id":"https:\/\/pans.krosno.pl\/kola-naukowe\/#organization"},"image":{"@id":"https:\/\/pans.krosno.pl\/kola-naukowe\/sukces-naszych-studentow-na-ogolnopolskiej-konferencji-mlodych-naukowcow-w-nowym-targu\/#primaryimage"},"thumbnailUrl":"https:\/\/pans.krosno.pl\/kola-naukowe\/wp-content\/uploads\/sites\/48\/2021\/04\/NAUKA-TALENT-PASJA_-Google-Chrome-15.04.2021-11_33_18-1024x546.png","articleSection":["Ekonomi\u015bci"],"inLanguage":"pl-PL","potentialAction":[{"@type":"CommentAction","name":"Comment","target":["https:\/\/pans.krosno.pl\/kola-naukowe\/sukces-naszych-studentow-na-ogolnopolskiej-konferencji-mlodych-naukowcow-w-nowym-targu\/#respond"]}]},{"@type":"WebPage","@id":"https:\/\/pans.krosno.pl\/kola-naukowe\/sukces-naszych-studentow-na-ogolnopolskiej-konferencji-mlodych-naukowcow-w-nowym-targu\/","url":"https:\/\/pans.krosno.pl\/kola-naukowe\/sukces-naszych-studentow-na-ogolnopolskiej-konferencji-mlodych-naukowcow-w-nowym-targu\/","name":"Sukces Naszych Student\u00f3w na Og\u00f3lnopolskiej Konferencji M\u0142odych Naukowc\u00f3w w Nowym Targu - Studenckie Ko\u0142a Naukowe PANS w Kro\u015bnie","isPartOf":{"@id":"https:\/\/pans.krosno.pl\/kola-naukowe\/#website"},"primaryImageOfPage":{"@id":"https:\/\/pans.krosno.pl\/kola-naukowe\/sukces-naszych-studentow-na-ogolnopolskiej-konferencji-mlodych-naukowcow-w-nowym-targu\/#primaryimage"},"image":{"@id":"https:\/\/pans.krosno.pl\/kola-naukowe\/sukces-naszych-studentow-na-ogolnopolskiej-konferencji-mlodych-naukowcow-w-nowym-targu\/#primaryimage"},"thumbnailUrl":"https:\/\/pans.krosno.pl\/kola-naukowe\/wp-content\/uploads\/sites\/48\/2021\/04\/NAUKA-TALENT-PASJA_-Google-Chrome-15.04.2021-11_33_18-1024x546.png","datePublished":"2021-04-16T12:51:00+00:00","dateModified":"2021-04-27T13:02:19+00:00","breadcrumb":{"@id":"https:\/\/pans.krosno.pl\/kola-naukowe\/sukces-naszych-studentow-na-ogolnopolskiej-konferencji-mlodych-naukowcow-w-nowym-targu\/#breadcrumb"},"inLanguage":"pl-PL","potentialAction":[{"@type":"ReadAction","target":["https:\/\/pans.krosno.pl\/kola-naukowe\/sukces-naszych-studentow-na-ogolnopolskiej-konferencji-mlodych-naukowcow-w-nowym-targu\/"]}]},{"@type":"ImageObject","inLanguage":"pl-PL","@id":"https:\/\/pans.krosno.pl\/kola-naukowe\/sukces-naszych-studentow-na-ogolnopolskiej-konferencji-mlodych-naukowcow-w-nowym-targu\/#primaryimage","url":"https:\/\/pans.krosno.pl\/kola-naukowe\/wp-content\/uploads\/sites\/48\/2021\/04\/NAUKA-TALENT-PASJA_-Google-Chrome-15.04.2021-11_33_18.png","contentUrl":"https:\/\/pans.krosno.pl\/kola-naukowe\/wp-content\/uploads\/sites\/48\/2021\/04\/NAUKA-TALENT-PASJA_-Google-Chrome-15.04.2021-11_33_18.png","width":1366,"height":728},{"@type":"BreadcrumbList","@id":"https:\/\/pans.krosno.pl\/kola-naukowe\/sukces-naszych-studentow-na-ogolnopolskiej-konferencji-mlodych-naukowcow-w-nowym-targu\/#breadcrumb","itemListElement":[{"@type":"ListItem","position":1,"name":"Strona g\u0142\u00f3wna","item":"https:\/\/pans.krosno.pl\/kola-naukowe\/"},{"@type":"ListItem","position":2,"name":"Sukces Naszych Student\u00f3w na Og\u00f3lnopolskiej Konferencji M\u0142odych Naukowc\u00f3w w Nowym Targu"}]},{"@type":"WebSite","@id":"https:\/\/pans.krosno.pl\/kola-naukowe\/#website","url":"https:\/\/pans.krosno.pl\/kola-naukowe\/","name":"Studenckie Ko\u0142a Naukowe PANS w Kro\u015bnie","description":"Studenckie Ko\u0142a Naukowe - Pa\u0144stwowa Akademia Nauk Stosowanych","publisher":{"@id":"https:\/\/pans.krosno.pl\/kola-naukowe\/#organization"},"potentialAction":[{"@type":"SearchAction","target":{"@type":"EntryPoint","urlTemplate":"https:\/\/pans.krosno.pl\/kola-naukowe\/?s={search_term_string}"},"query-input":{"@type":"PropertyValueSpecification","valueRequired":true,"valueName":"search_term_string"}}],"inLanguage":"pl-PL"},{"@type":"Organization","@id":"https:\/\/pans.krosno.pl\/kola-naukowe\/#organization","name":"Studenckie Ko\u0142a Naukowe PANS w Kro\u015bnie","url":"https:\/\/pans.krosno.pl\/kola-naukowe\/","logo":{"@type":"ImageObject","inLanguage":"pl-PL","@id":"https:\/\/pans.krosno.pl\/kola-naukowe\/#\/schema\/logo\/image\/","url":"https:\/\/pans.krosno.pl\/kola-naukowe\/wp-content\/uploads\/sites\/48\/2023\/01\/Logo-PANS-2022-pelne.png","contentUrl":"https:\/\/pans.krosno.pl\/kola-naukowe\/wp-content\/uploads\/sites\/48\/2023\/01\/Logo-PANS-2022-pelne.png","width":3096,"height":696,"caption":"Studenckie Ko\u0142a Naukowe PANS w Kro\u015bnie"},"image":{"@id":"https:\/\/pans.krosno.pl\/kola-naukowe\/#\/schema\/logo\/image\/"}},{"@type":"Person","@id":"https:\/\/pans.krosno.pl\/kola-naukowe\/#\/schema\/person\/5234d538b37281133cebfcf174124540","name":"elzbietabragiel","image":{"@type":"ImageObject","inLanguage":"pl-PL","@id":"https:\/\/secure.gravatar.com\/avatar\/bcc708f308dc4018a34d44dfaa286089751c22f62d1a00bda271b3333c84bc0b?s=96&d=mm&r=g","url":"https:\/\/secure.gravatar.com\/avatar\/bcc708f308dc4018a34d44dfaa286089751c22f62d1a00bda271b3333c84bc0b?s=96&d=mm&r=g","contentUrl":"https:\/\/secure.gravatar.com\/avatar\/bcc708f308dc4018a34d44dfaa286089751c22f62d1a00bda271b3333c84bc0b?s=96&d=mm&r=g","caption":"elzbietabragiel"},"url":"https:\/\/pans.krosno.pl\/kola-naukowe\/author\/elzbietabragiel\/"}]}},"_links":{"self":[{"href":"https:\/\/pans.krosno.pl\/kola-naukowe\/wp-json\/wp\/v2\/posts\/3978","targetHints":{"allow":["GET"]}}],"collection":[{"href":"https:\/\/pans.krosno.pl\/kola-naukowe\/wp-json\/wp\/v2\/posts"}],"about":[{"href":"https:\/\/pans.krosno.pl\/kola-naukowe\/wp-json\/wp\/v2\/types\/post"}],"author":[{"embeddable":true,"href":"https:\/\/pans.krosno.pl\/kola-naukowe\/wp-json\/wp\/v2\/users\/17"}],"replies":[{"embeddable":true,"href":"https:\/\/pans.krosno.pl\/kola-naukowe\/wp-json\/wp\/v2\/comments?post=3978"}],"version-history":[{"count":1,"href":"https:\/\/pans.krosno.pl\/kola-naukowe\/wp-json\/wp\/v2\/posts\/3978\/revisions"}],"predecessor-version":[{"id":3986,"href":"https:\/\/pans.krosno.pl\/kola-naukowe\/wp-json\/wp\/v2\/posts\/3978\/revisions\/3986"}],"wp:attachment":[{"href":"https:\/\/pans.krosno.pl\/kola-naukowe\/wp-json\/wp\/v2\/media?parent=3978"}],"wp:term":[{"taxonomy":"category","embeddable":true,"href":"https:\/\/pans.krosno.pl\/kola-naukowe\/wp-json\/wp\/v2\/categories?post=3978"},{"taxonomy":"post_tag","embeddable":true,"href":"https:\/\/pans.krosno.pl\/kola-naukowe\/wp-json\/wp\/v2\/tags?post=3978"}],"curies":[{"name":"wp","href":"https:\/\/api.w.org\/{rel}","templated":true}]}}