{"id":3973,"date":"2020-01-15T14:46:00","date_gmt":"2020-01-15T13:46:00","guid":{"rendered":"https:\/\/pans.krosno.pl\/kola-naukowe\/?p=3973"},"modified":"2021-04-27T14:51:38","modified_gmt":"2021-04-27T12:51:38","slug":"ogolnopolska-noc-biologow-po-raz-trzeci-w-pwsz-w-krosnie","status":"publish","type":"post","link":"https:\/\/pans.krosno.pl\/kola-naukowe\/ogolnopolska-noc-biologow-po-raz-trzeci-w-pwsz-w-krosnie\/","title":{"rendered":"Og\u00f3lnopolska \u201eNoc Biolog\u00f3w\u201d po raz trzeci w PWSZ w Kro\u015bnie"},"content":{"rendered":"\n<p>14.01.2020. Og\u00f3lnopolska \u201eNoc Biolog\u00f3w\u201d to wydarzenie cykliczne, organizowane przez o\u015brodki naukowe w ca\u0142ym kraju od 2012 r. W tej edycji po raz trzeci udzia\u0142 wzi\u0119\u0142a PWSZ w Kro\u015bnie.<\/p>\n\n\n\n<figure class=\"wp-block-image size-large is-resized\"><img loading=\"lazy\" decoding=\"async\" src=\"https:\/\/pans.krosno.pl\/kola-naukowe\/wp-content\/uploads\/sites\/48\/2021\/04\/l3uW3JumZVWqkYlkZA20200110_153654.jpg\" alt=\"\" class=\"wp-image-3975\" width=\"503\" height=\"283\" srcset=\"https:\/\/pans.krosno.pl\/kola-naukowe\/wp-content\/uploads\/sites\/48\/2021\/04\/l3uW3JumZVWqkYlkZA20200110_153654.jpg 640w, https:\/\/pans.krosno.pl\/kola-naukowe\/wp-content\/uploads\/sites\/48\/2021\/04\/l3uW3JumZVWqkYlkZA20200110_153654-300x169.jpg 300w, https:\/\/pans.krosno.pl\/kola-naukowe\/wp-content\/uploads\/sites\/48\/2021\/04\/l3uW3JumZVWqkYlkZA20200110_153654-270x152.jpg 270w, https:\/\/pans.krosno.pl\/kola-naukowe\/wp-content\/uploads\/sites\/48\/2021\/04\/l3uW3JumZVWqkYlkZA20200110_153654-580x326.jpg 580w\" sizes=\"auto, (max-width: 503px) 100vw, 503px\" \/><\/figure>\n\n\n\n<p>Celem przedsi\u0119wzi\u0119cia jest popularyzowanie nauki zajmuj\u0105cej si\u0119 problematyk\u0105 przyrodnicz\u0105, zdrowia ludzkiego oraz biogospodarki poprzez prezentacj\u0119 ciekawych wyk\u0142ad\u00f3w, warsztat\u00f3w, pokaz\u00f3w naukowych, konkurs\u00f3w oraz wystaw tematycznych.<\/p>\n\n\n\n<p>Studenci SKN Ekonomist\u00f3w i kierunku Produkcja i bezpiecze\u0144stwo \u017cywno\u015bci Bart\u0142omiej Bielawa i Karina Zywar aktywnie w\u0142\u0105czyli si\u0119 w udzia\u0142 i pomagali w warsztatach pt. \u201eZamknij ogr\u00f3d w s\u0142oiku\u201d. <\/p>\n\n\n\n<p>Uczestnikom warsztat\u00f3w zwr\u00f3cono uwag\u0119 na wykorzystanie surowc\u00f3w wt\u00f3rnych w pracach i niskie koszty wykonania kompozycji.<\/p>\n\n\n\n<figure class=\"wp-block-image size-large is-resized\"><img loading=\"lazy\" decoding=\"async\" src=\"https:\/\/pans.krosno.pl\/kola-naukowe\/wp-content\/uploads\/sites\/48\/2021\/04\/l3uW3JumZVWqkYlkZA20200110_152133.jpg\" alt=\"\" class=\"wp-image-3974\" width=\"352\" height=\"198\" srcset=\"https:\/\/pans.krosno.pl\/kola-naukowe\/wp-content\/uploads\/sites\/48\/2021\/04\/l3uW3JumZVWqkYlkZA20200110_152133.jpg 640w, https:\/\/pans.krosno.pl\/kola-naukowe\/wp-content\/uploads\/sites\/48\/2021\/04\/l3uW3JumZVWqkYlkZA20200110_152133-300x169.jpg 300w, https:\/\/pans.krosno.pl\/kola-naukowe\/wp-content\/uploads\/sites\/48\/2021\/04\/l3uW3JumZVWqkYlkZA20200110_152133-270x152.jpg 270w, https:\/\/pans.krosno.pl\/kola-naukowe\/wp-content\/uploads\/sites\/48\/2021\/04\/l3uW3JumZVWqkYlkZA20200110_152133-580x326.jpg 580w\" sizes=\"auto, (max-width: 352px) 100vw, 352px\" \/><\/figure>\n","protected":false},"excerpt":{"rendered":"<p>14.01.2020. Og\u00f3lnopolska \u201eNoc Biolog\u00f3w\u201d to wydarzenie cykliczne, organizowane przez o\u015brodki naukowe w ca\u0142ym kraju od 2012 r. W tej edycji po raz trzeci udzia\u0142 wzi\u0119\u0142a PWSZ w Kro\u015bnie. Celem przedsi\u0119wzi\u0119cia jest popularyzowanie nauki zajmuj\u0105cej si\u0119 problematyk\u0105 przyrodnicz\u0105, zdrowia ludzkiego oraz biogospodarki poprzez prezentacj\u0119 ciekawych wyk\u0142ad\u00f3w, warsztat\u00f3w, pokaz\u00f3w naukowych, konkurs\u00f3w oraz [\u2026] <\/p>\n<div class=\"clear\"><\/div>\n<p><a class=\"more_link clearfix\" href=\"https:\/\/pans.krosno.pl\/kola-naukowe\/ogolnopolska-noc-biologow-po-raz-trzeci-w-pwsz-w-krosnie\/\" rel=\"nofollow\">Read More<\/a><\/p>\n","protected":false},"author":17,"featured_media":0,"comment_status":"open","ping_status":"open","sticky":false,"template":"","format":"standard","meta":{"ngg_post_thumbnail":0,"footnotes":""},"categories":[2],"tags":[],"class_list":["post-3973","post","type-post","status-publish","format-standard","hentry","category-ekonomisci"],"yoast_head":"<!-- This site is optimized with the Yoast SEO Premium plugin v27.4 (Yoast SEO v27.4) - https:\/\/yoast.com\/product\/yoast-seo-premium-wordpress\/ -->\n<title>Og\u00f3lnopolska \u201eNoc Biolog\u00f3w\u201d po raz trzeci w PWSZ w Kro\u015bnie - Studenckie Ko\u0142a Naukowe PANS w Kro\u015bnie<\/title>\n<meta name=\"robots\" content=\"index, follow, max-snippet:-1, max-image-preview:large, max-video-preview:-1\" \/>\n<link rel=\"canonical\" href=\"https:\/\/pans.krosno.pl\/kola-naukowe\/ogolnopolska-noc-biologow-po-raz-trzeci-w-pwsz-w-krosnie\/\" \/>\n<meta property=\"og:locale\" content=\"pl_PL\" \/>\n<meta property=\"og:type\" content=\"article\" \/>\n<meta property=\"og:title\" content=\"Og\u00f3lnopolska \u201eNoc Biolog\u00f3w\u201d po raz trzeci w PWSZ w Kro\u015bnie\" \/>\n<meta property=\"og:description\" content=\"14.01.2020. Og\u00f3lnopolska \u201eNoc Biolog\u00f3w\u201d to wydarzenie cykliczne, organizowane przez o\u015brodki naukowe w ca\u0142ym kraju od 2012 r. W tej edycji po raz trzeci udzia\u0142 wzi\u0119\u0142a PWSZ w Kro\u015bnie. Celem przedsi\u0119wzi\u0119cia jest popularyzowanie nauki zajmuj\u0105cej si\u0119 problematyk\u0105 przyrodnicz\u0105, zdrowia ludzkiego oraz biogospodarki poprzez prezentacj\u0119 ciekawych wyk\u0142ad\u00f3w, warsztat\u00f3w, pokaz\u00f3w naukowych, konkurs\u00f3w oraz [\u2026] Read More\" \/>\n<meta property=\"og:url\" content=\"https:\/\/pans.krosno.pl\/kola-naukowe\/ogolnopolska-noc-biologow-po-raz-trzeci-w-pwsz-w-krosnie\/\" \/>\n<meta property=\"og:site_name\" content=\"Studenckie Ko\u0142a Naukowe PANS w Kro\u015bnie\" \/>\n<meta property=\"article:published_time\" content=\"2020-01-15T13:46:00+00:00\" \/>\n<meta property=\"article:modified_time\" content=\"2021-04-27T12:51:38+00:00\" \/>\n<meta property=\"og:image\" content=\"https:\/\/pans.krosno.pl\/kola-naukowe\/wp-content\/uploads\/sites\/48\/2021\/04\/l3uW3JumZVWqkYlkZA20200110_153654.jpg\" \/>\n<meta name=\"author\" content=\"elzbietabragiel\" \/>\n<meta name=\"twitter:card\" content=\"summary_large_image\" \/>\n<meta name=\"twitter:label1\" content=\"Napisane przez\" \/>\n\t<meta name=\"twitter:data1\" content=\"elzbietabragiel\" \/>\n\t<meta name=\"twitter:label2\" content=\"Szacowany czas czytania\" \/>\n\t<meta name=\"twitter:data2\" content=\"1 minuta\" \/>\n<script type=\"application\/ld+json\" class=\"yoast-schema-graph\">{\"@context\":\"https:\\\/\\\/schema.org\",\"@graph\":[{\"@type\":\"Article\",\"@id\":\"https:\\\/\\\/pans.krosno.pl\\\/kola-naukowe\\\/ogolnopolska-noc-biologow-po-raz-trzeci-w-pwsz-w-krosnie\\\/#article\",\"isPartOf\":{\"@id\":\"https:\\\/\\\/pans.krosno.pl\\\/kola-naukowe\\\/ogolnopolska-noc-biologow-po-raz-trzeci-w-pwsz-w-krosnie\\\/\"},\"author\":{\"name\":\"elzbietabragiel\",\"@id\":\"https:\\\/\\\/pans.krosno.pl\\\/kola-naukowe\\\/#\\\/schema\\\/person\\\/5234d538b37281133cebfcf174124540\"},\"headline\":\"Og\u00f3lnopolska \u201eNoc Biolog\u00f3w\u201d po raz trzeci w PWSZ w Kro\u015bnie\",\"datePublished\":\"2020-01-15T13:46:00+00:00\",\"dateModified\":\"2021-04-27T12:51:38+00:00\",\"mainEntityOfPage\":{\"@id\":\"https:\\\/\\\/pans.krosno.pl\\\/kola-naukowe\\\/ogolnopolska-noc-biologow-po-raz-trzeci-w-pwsz-w-krosnie\\\/\"},\"wordCount\":131,\"commentCount\":0,\"publisher\":{\"@id\":\"https:\\\/\\\/pans.krosno.pl\\\/kola-naukowe\\\/#organization\"},\"image\":{\"@id\":\"https:\\\/\\\/pans.krosno.pl\\\/kola-naukowe\\\/ogolnopolska-noc-biologow-po-raz-trzeci-w-pwsz-w-krosnie\\\/#primaryimage\"},\"thumbnailUrl\":\"https:\\\/\\\/pans.krosno.pl\\\/kola-naukowe\\\/wp-content\\\/uploads\\\/sites\\\/48\\\/2021\\\/04\\\/l3uW3JumZVWqkYlkZA20200110_153654.jpg\",\"articleSection\":[\"Ekonomi\u015bci\"],\"inLanguage\":\"pl-PL\",\"potentialAction\":[{\"@type\":\"CommentAction\",\"name\":\"Comment\",\"target\":[\"https:\\\/\\\/pans.krosno.pl\\\/kola-naukowe\\\/ogolnopolska-noc-biologow-po-raz-trzeci-w-pwsz-w-krosnie\\\/#respond\"]}]},{\"@type\":\"WebPage\",\"@id\":\"https:\\\/\\\/pans.krosno.pl\\\/kola-naukowe\\\/ogolnopolska-noc-biologow-po-raz-trzeci-w-pwsz-w-krosnie\\\/\",\"url\":\"https:\\\/\\\/pans.krosno.pl\\\/kola-naukowe\\\/ogolnopolska-noc-biologow-po-raz-trzeci-w-pwsz-w-krosnie\\\/\",\"name\":\"Og\u00f3lnopolska \u201eNoc Biolog\u00f3w\u201d po raz trzeci w PWSZ w Kro\u015bnie - Studenckie Ko\u0142a Naukowe PANS w Kro\u015bnie\",\"isPartOf\":{\"@id\":\"https:\\\/\\\/pans.krosno.pl\\\/kola-naukowe\\\/#website\"},\"primaryImageOfPage\":{\"@id\":\"https:\\\/\\\/pans.krosno.pl\\\/kola-naukowe\\\/ogolnopolska-noc-biologow-po-raz-trzeci-w-pwsz-w-krosnie\\\/#primaryimage\"},\"image\":{\"@id\":\"https:\\\/\\\/pans.krosno.pl\\\/kola-naukowe\\\/ogolnopolska-noc-biologow-po-raz-trzeci-w-pwsz-w-krosnie\\\/#primaryimage\"},\"thumbnailUrl\":\"https:\\\/\\\/pans.krosno.pl\\\/kola-naukowe\\\/wp-content\\\/uploads\\\/sites\\\/48\\\/2021\\\/04\\\/l3uW3JumZVWqkYlkZA20200110_153654.jpg\",\"datePublished\":\"2020-01-15T13:46:00+00:00\",\"dateModified\":\"2021-04-27T12:51:38+00:00\",\"breadcrumb\":{\"@id\":\"https:\\\/\\\/pans.krosno.pl\\\/kola-naukowe\\\/ogolnopolska-noc-biologow-po-raz-trzeci-w-pwsz-w-krosnie\\\/#breadcrumb\"},\"inLanguage\":\"pl-PL\",\"potentialAction\":[{\"@type\":\"ReadAction\",\"target\":[\"https:\\\/\\\/pans.krosno.pl\\\/kola-naukowe\\\/ogolnopolska-noc-biologow-po-raz-trzeci-w-pwsz-w-krosnie\\\/\"]}]},{\"@type\":\"ImageObject\",\"inLanguage\":\"pl-PL\",\"@id\":\"https:\\\/\\\/pans.krosno.pl\\\/kola-naukowe\\\/ogolnopolska-noc-biologow-po-raz-trzeci-w-pwsz-w-krosnie\\\/#primaryimage\",\"url\":\"https:\\\/\\\/pans.krosno.pl\\\/kola-naukowe\\\/wp-content\\\/uploads\\\/sites\\\/48\\\/2021\\\/04\\\/l3uW3JumZVWqkYlkZA20200110_153654.jpg\",\"contentUrl\":\"https:\\\/\\\/pans.krosno.pl\\\/kola-naukowe\\\/wp-content\\\/uploads\\\/sites\\\/48\\\/2021\\\/04\\\/l3uW3JumZVWqkYlkZA20200110_153654.jpg\",\"width\":640,\"height\":360},{\"@type\":\"BreadcrumbList\",\"@id\":\"https:\\\/\\\/pans.krosno.pl\\\/kola-naukowe\\\/ogolnopolska-noc-biologow-po-raz-trzeci-w-pwsz-w-krosnie\\\/#breadcrumb\",\"itemListElement\":[{\"@type\":\"ListItem\",\"position\":1,\"name\":\"Strona g\u0142\u00f3wna\",\"item\":\"https:\\\/\\\/pans.krosno.pl\\\/kola-naukowe\\\/\"},{\"@type\":\"ListItem\",\"position\":2,\"name\":\"Og\u00f3lnopolska \u201eNoc Biolog\u00f3w\u201d po raz trzeci w PWSZ w Kro\u015bnie\"}]},{\"@type\":\"WebSite\",\"@id\":\"https:\\\/\\\/pans.krosno.pl\\\/kola-naukowe\\\/#website\",\"url\":\"https:\\\/\\\/pans.krosno.pl\\\/kola-naukowe\\\/\",\"name\":\"Studenckie Ko\u0142a Naukowe PANS w Kro\u015bnie\",\"description\":\"Studenckie Ko\u0142a Naukowe - Pa\u0144stwowa Akademia Nauk Stosowanych\",\"publisher\":{\"@id\":\"https:\\\/\\\/pans.krosno.pl\\\/kola-naukowe\\\/#organization\"},\"potentialAction\":[{\"@type\":\"SearchAction\",\"target\":{\"@type\":\"EntryPoint\",\"urlTemplate\":\"https:\\\/\\\/pans.krosno.pl\\\/kola-naukowe\\\/?s={search_term_string}\"},\"query-input\":{\"@type\":\"PropertyValueSpecification\",\"valueRequired\":true,\"valueName\":\"search_term_string\"}}],\"inLanguage\":\"pl-PL\"},{\"@type\":\"Organization\",\"@id\":\"https:\\\/\\\/pans.krosno.pl\\\/kola-naukowe\\\/#organization\",\"name\":\"Studenckie Ko\u0142a Naukowe PANS w Kro\u015bnie\",\"url\":\"https:\\\/\\\/pans.krosno.pl\\\/kola-naukowe\\\/\",\"logo\":{\"@type\":\"ImageObject\",\"inLanguage\":\"pl-PL\",\"@id\":\"https:\\\/\\\/pans.krosno.pl\\\/kola-naukowe\\\/#\\\/schema\\\/logo\\\/image\\\/\",\"url\":\"https:\\\/\\\/pans.krosno.pl\\\/kola-naukowe\\\/wp-content\\\/uploads\\\/sites\\\/48\\\/2023\\\/01\\\/Logo-PANS-2022-pelne.png\",\"contentUrl\":\"https:\\\/\\\/pans.krosno.pl\\\/kola-naukowe\\\/wp-content\\\/uploads\\\/sites\\\/48\\\/2023\\\/01\\\/Logo-PANS-2022-pelne.png\",\"width\":3096,\"height\":696,\"caption\":\"Studenckie Ko\u0142a Naukowe PANS w Kro\u015bnie\"},\"image\":{\"@id\":\"https:\\\/\\\/pans.krosno.pl\\\/kola-naukowe\\\/#\\\/schema\\\/logo\\\/image\\\/\"}},{\"@type\":\"Person\",\"@id\":\"https:\\\/\\\/pans.krosno.pl\\\/kola-naukowe\\\/#\\\/schema\\\/person\\\/5234d538b37281133cebfcf174124540\",\"name\":\"elzbietabragiel\",\"image\":{\"@type\":\"ImageObject\",\"inLanguage\":\"pl-PL\",\"@id\":\"https:\\\/\\\/secure.gravatar.com\\\/avatar\\\/bcc708f308dc4018a34d44dfaa286089751c22f62d1a00bda271b3333c84bc0b?s=96&d=mm&r=g\",\"url\":\"https:\\\/\\\/secure.gravatar.com\\\/avatar\\\/bcc708f308dc4018a34d44dfaa286089751c22f62d1a00bda271b3333c84bc0b?s=96&d=mm&r=g\",\"contentUrl\":\"https:\\\/\\\/secure.gravatar.com\\\/avatar\\\/bcc708f308dc4018a34d44dfaa286089751c22f62d1a00bda271b3333c84bc0b?s=96&d=mm&r=g\",\"caption\":\"elzbietabragiel\"},\"url\":\"https:\\\/\\\/pans.krosno.pl\\\/kola-naukowe\\\/author\\\/elzbietabragiel\\\/\"}]}<\/script>\n<!-- \/ Yoast SEO Premium plugin. -->","yoast_head_json":{"title":"Og\u00f3lnopolska \u201eNoc Biolog\u00f3w\u201d po raz trzeci w PWSZ w Kro\u015bnie - Studenckie Ko\u0142a Naukowe PANS w Kro\u015bnie","robots":{"index":"index","follow":"follow","max-snippet":"max-snippet:-1","max-image-preview":"max-image-preview:large","max-video-preview":"max-video-preview:-1"},"canonical":"https:\/\/pans.krosno.pl\/kola-naukowe\/ogolnopolska-noc-biologow-po-raz-trzeci-w-pwsz-w-krosnie\/","og_locale":"pl_PL","og_type":"article","og_title":"Og\u00f3lnopolska \u201eNoc Biolog\u00f3w\u201d po raz trzeci w PWSZ w Kro\u015bnie","og_description":"14.01.2020. Og\u00f3lnopolska \u201eNoc Biolog\u00f3w\u201d to wydarzenie cykliczne, organizowane przez o\u015brodki naukowe w ca\u0142ym kraju od 2012 r. W tej edycji po raz trzeci udzia\u0142 wzi\u0119\u0142a PWSZ w Kro\u015bnie. Celem przedsi\u0119wzi\u0119cia jest popularyzowanie nauki zajmuj\u0105cej si\u0119 problematyk\u0105 przyrodnicz\u0105, zdrowia ludzkiego oraz biogospodarki poprzez prezentacj\u0119 ciekawych wyk\u0142ad\u00f3w, warsztat\u00f3w, pokaz\u00f3w naukowych, konkurs\u00f3w oraz [\u2026] Read More","og_url":"https:\/\/pans.krosno.pl\/kola-naukowe\/ogolnopolska-noc-biologow-po-raz-trzeci-w-pwsz-w-krosnie\/","og_site_name":"Studenckie Ko\u0142a Naukowe PANS w Kro\u015bnie","article_published_time":"2020-01-15T13:46:00+00:00","article_modified_time":"2021-04-27T12:51:38+00:00","og_image":[{"url":"https:\/\/pans.krosno.pl\/kola-naukowe\/wp-content\/uploads\/sites\/48\/2021\/04\/l3uW3JumZVWqkYlkZA20200110_153654.jpg","type":"","width":"","height":""}],"author":"elzbietabragiel","twitter_card":"summary_large_image","twitter_misc":{"Napisane przez":"elzbietabragiel","Szacowany czas czytania":"1 minuta"},"schema":{"@context":"https:\/\/schema.org","@graph":[{"@type":"Article","@id":"https:\/\/pans.krosno.pl\/kola-naukowe\/ogolnopolska-noc-biologow-po-raz-trzeci-w-pwsz-w-krosnie\/#article","isPartOf":{"@id":"https:\/\/pans.krosno.pl\/kola-naukowe\/ogolnopolska-noc-biologow-po-raz-trzeci-w-pwsz-w-krosnie\/"},"author":{"name":"elzbietabragiel","@id":"https:\/\/pans.krosno.pl\/kola-naukowe\/#\/schema\/person\/5234d538b37281133cebfcf174124540"},"headline":"Og\u00f3lnopolska \u201eNoc Biolog\u00f3w\u201d po raz trzeci w PWSZ w Kro\u015bnie","datePublished":"2020-01-15T13:46:00+00:00","dateModified":"2021-04-27T12:51:38+00:00","mainEntityOfPage":{"@id":"https:\/\/pans.krosno.pl\/kola-naukowe\/ogolnopolska-noc-biologow-po-raz-trzeci-w-pwsz-w-krosnie\/"},"wordCount":131,"commentCount":0,"publisher":{"@id":"https:\/\/pans.krosno.pl\/kola-naukowe\/#organization"},"image":{"@id":"https:\/\/pans.krosno.pl\/kola-naukowe\/ogolnopolska-noc-biologow-po-raz-trzeci-w-pwsz-w-krosnie\/#primaryimage"},"thumbnailUrl":"https:\/\/pans.krosno.pl\/kola-naukowe\/wp-content\/uploads\/sites\/48\/2021\/04\/l3uW3JumZVWqkYlkZA20200110_153654.jpg","articleSection":["Ekonomi\u015bci"],"inLanguage":"pl-PL","potentialAction":[{"@type":"CommentAction","name":"Comment","target":["https:\/\/pans.krosno.pl\/kola-naukowe\/ogolnopolska-noc-biologow-po-raz-trzeci-w-pwsz-w-krosnie\/#respond"]}]},{"@type":"WebPage","@id":"https:\/\/pans.krosno.pl\/kola-naukowe\/ogolnopolska-noc-biologow-po-raz-trzeci-w-pwsz-w-krosnie\/","url":"https:\/\/pans.krosno.pl\/kola-naukowe\/ogolnopolska-noc-biologow-po-raz-trzeci-w-pwsz-w-krosnie\/","name":"Og\u00f3lnopolska \u201eNoc Biolog\u00f3w\u201d po raz trzeci w PWSZ w Kro\u015bnie - Studenckie Ko\u0142a Naukowe PANS w Kro\u015bnie","isPartOf":{"@id":"https:\/\/pans.krosno.pl\/kola-naukowe\/#website"},"primaryImageOfPage":{"@id":"https:\/\/pans.krosno.pl\/kola-naukowe\/ogolnopolska-noc-biologow-po-raz-trzeci-w-pwsz-w-krosnie\/#primaryimage"},"image":{"@id":"https:\/\/pans.krosno.pl\/kola-naukowe\/ogolnopolska-noc-biologow-po-raz-trzeci-w-pwsz-w-krosnie\/#primaryimage"},"thumbnailUrl":"https:\/\/pans.krosno.pl\/kola-naukowe\/wp-content\/uploads\/sites\/48\/2021\/04\/l3uW3JumZVWqkYlkZA20200110_153654.jpg","datePublished":"2020-01-15T13:46:00+00:00","dateModified":"2021-04-27T12:51:38+00:00","breadcrumb":{"@id":"https:\/\/pans.krosno.pl\/kola-naukowe\/ogolnopolska-noc-biologow-po-raz-trzeci-w-pwsz-w-krosnie\/#breadcrumb"},"inLanguage":"pl-PL","potentialAction":[{"@type":"ReadAction","target":["https:\/\/pans.krosno.pl\/kola-naukowe\/ogolnopolska-noc-biologow-po-raz-trzeci-w-pwsz-w-krosnie\/"]}]},{"@type":"ImageObject","inLanguage":"pl-PL","@id":"https:\/\/pans.krosno.pl\/kola-naukowe\/ogolnopolska-noc-biologow-po-raz-trzeci-w-pwsz-w-krosnie\/#primaryimage","url":"https:\/\/pans.krosno.pl\/kola-naukowe\/wp-content\/uploads\/sites\/48\/2021\/04\/l3uW3JumZVWqkYlkZA20200110_153654.jpg","contentUrl":"https:\/\/pans.krosno.pl\/kola-naukowe\/wp-content\/uploads\/sites\/48\/2021\/04\/l3uW3JumZVWqkYlkZA20200110_153654.jpg","width":640,"height":360},{"@type":"BreadcrumbList","@id":"https:\/\/pans.krosno.pl\/kola-naukowe\/ogolnopolska-noc-biologow-po-raz-trzeci-w-pwsz-w-krosnie\/#breadcrumb","itemListElement":[{"@type":"ListItem","position":1,"name":"Strona g\u0142\u00f3wna","item":"https:\/\/pans.krosno.pl\/kola-naukowe\/"},{"@type":"ListItem","position":2,"name":"Og\u00f3lnopolska \u201eNoc Biolog\u00f3w\u201d po raz trzeci w PWSZ w Kro\u015bnie"}]},{"@type":"WebSite","@id":"https:\/\/pans.krosno.pl\/kola-naukowe\/#website","url":"https:\/\/pans.krosno.pl\/kola-naukowe\/","name":"Studenckie Ko\u0142a Naukowe PANS w Kro\u015bnie","description":"Studenckie Ko\u0142a Naukowe - Pa\u0144stwowa Akademia Nauk Stosowanych","publisher":{"@id":"https:\/\/pans.krosno.pl\/kola-naukowe\/#organization"},"potentialAction":[{"@type":"SearchAction","target":{"@type":"EntryPoint","urlTemplate":"https:\/\/pans.krosno.pl\/kola-naukowe\/?s={search_term_string}"},"query-input":{"@type":"PropertyValueSpecification","valueRequired":true,"valueName":"search_term_string"}}],"inLanguage":"pl-PL"},{"@type":"Organization","@id":"https:\/\/pans.krosno.pl\/kola-naukowe\/#organization","name":"Studenckie Ko\u0142a Naukowe PANS w Kro\u015bnie","url":"https:\/\/pans.krosno.pl\/kola-naukowe\/","logo":{"@type":"ImageObject","inLanguage":"pl-PL","@id":"https:\/\/pans.krosno.pl\/kola-naukowe\/#\/schema\/logo\/image\/","url":"https:\/\/pans.krosno.pl\/kola-naukowe\/wp-content\/uploads\/sites\/48\/2023\/01\/Logo-PANS-2022-pelne.png","contentUrl":"https:\/\/pans.krosno.pl\/kola-naukowe\/wp-content\/uploads\/sites\/48\/2023\/01\/Logo-PANS-2022-pelne.png","width":3096,"height":696,"caption":"Studenckie Ko\u0142a Naukowe PANS w Kro\u015bnie"},"image":{"@id":"https:\/\/pans.krosno.pl\/kola-naukowe\/#\/schema\/logo\/image\/"}},{"@type":"Person","@id":"https:\/\/pans.krosno.pl\/kola-naukowe\/#\/schema\/person\/5234d538b37281133cebfcf174124540","name":"elzbietabragiel","image":{"@type":"ImageObject","inLanguage":"pl-PL","@id":"https:\/\/secure.gravatar.com\/avatar\/bcc708f308dc4018a34d44dfaa286089751c22f62d1a00bda271b3333c84bc0b?s=96&d=mm&r=g","url":"https:\/\/secure.gravatar.com\/avatar\/bcc708f308dc4018a34d44dfaa286089751c22f62d1a00bda271b3333c84bc0b?s=96&d=mm&r=g","contentUrl":"https:\/\/secure.gravatar.com\/avatar\/bcc708f308dc4018a34d44dfaa286089751c22f62d1a00bda271b3333c84bc0b?s=96&d=mm&r=g","caption":"elzbietabragiel"},"url":"https:\/\/pans.krosno.pl\/kola-naukowe\/author\/elzbietabragiel\/"}]}},"_links":{"self":[{"href":"https:\/\/pans.krosno.pl\/kola-naukowe\/wp-json\/wp\/v2\/posts\/3973","targetHints":{"allow":["GET"]}}],"collection":[{"href":"https:\/\/pans.krosno.pl\/kola-naukowe\/wp-json\/wp\/v2\/posts"}],"about":[{"href":"https:\/\/pans.krosno.pl\/kola-naukowe\/wp-json\/wp\/v2\/types\/post"}],"author":[{"embeddable":true,"href":"https:\/\/pans.krosno.pl\/kola-naukowe\/wp-json\/wp\/v2\/users\/17"}],"replies":[{"embeddable":true,"href":"https:\/\/pans.krosno.pl\/kola-naukowe\/wp-json\/wp\/v2\/comments?post=3973"}],"version-history":[{"count":2,"href":"https:\/\/pans.krosno.pl\/kola-naukowe\/wp-json\/wp\/v2\/posts\/3973\/revisions"}],"predecessor-version":[{"id":3977,"href":"https:\/\/pans.krosno.pl\/kola-naukowe\/wp-json\/wp\/v2\/posts\/3973\/revisions\/3977"}],"wp:attachment":[{"href":"https:\/\/pans.krosno.pl\/kola-naukowe\/wp-json\/wp\/v2\/media?parent=3973"}],"wp:term":[{"taxonomy":"category","embeddable":true,"href":"https:\/\/pans.krosno.pl\/kola-naukowe\/wp-json\/wp\/v2\/categories?post=3973"},{"taxonomy":"post_tag","embeddable":true,"href":"https:\/\/pans.krosno.pl\/kola-naukowe\/wp-json\/wp\/v2\/tags?post=3973"}],"curies":[{"name":"wp","href":"https:\/\/api.w.org\/{rel}","templated":true}]}}