{"id":74,"date":"2013-04-20T14:51:15","date_gmt":"2013-04-20T12:51:15","guid":{"rendered":"https:\/\/pans.krosno.pl\/itacademy\/?p=74"},"modified":"2021-04-20T14:52:27","modified_gmt":"2021-04-20T12:52:27","slug":"wreczenie-certyfikatow-informatycznych-w-ramach-it-academy-microsoft","status":"publish","type":"post","link":"https:\/\/pans.krosno.pl\/itacademy\/2013\/04\/20\/wreczenie-certyfikatow-informatycznych-w-ramach-it-academy-microsoft\/","title":{"rendered":"Wr\u0119czenie certyfikat\u00f3w informatycznych w ramach IT Academy Microsoft"},"content":{"rendered":"\n<p>W dniu 19 stycznia 2012 roku w Rektoracie PWSZ nast\u0105pi\u0142o uroczyste wr\u0119czenie certyfikat\u00f3w informatycznych w ramach IT Academy Microsoft. W uroczysto\u015bci wr\u0119czenia niniejszych ceryfikat\u00f3w wzi\u0119li udzia\u0142 Rektor naszej uczelni prof. ndzw. dr hab. Janusz Grucha\u0142a, doc. dr in\u017c. Stanis\u0142aw Rymar- Kierownik Zak\u0142adu In\u017cynierii \u015arodowiska, Pani dr in\u017c. Bernadeta Rajchel oraz kordynator IT Academy Microsoft &#8211; mgr Robert Rajs.<\/p>\n\n\n\n<figure class=\"wp-block-image size-large\"><img loading=\"lazy\" decoding=\"async\" width=\"620\" height=\"285\" src=\"https:\/\/pans.krosno.pl\/itacademy\/wp-content\/uploads\/sites\/57\/2021\/04\/art4_1.jpg\" alt=\"\" class=\"wp-image-75\" srcset=\"https:\/\/pans.krosno.pl\/itacademy\/wp-content\/uploads\/sites\/57\/2021\/04\/art4_1.jpg 620w, https:\/\/pans.krosno.pl\/itacademy\/wp-content\/uploads\/sites\/57\/2021\/04\/art4_1-300x138.jpg 300w, https:\/\/pans.krosno.pl\/itacademy\/wp-content\/uploads\/sites\/57\/2021\/04\/art4_1-580x267.jpg 580w\" sizes=\"auto, (max-width: 620px) 100vw, 620px\" \/><\/figure>\n\n\n\n<p>Wr\u0119czone certyfikaty by\u0142y wynikiem kursu dokszta\u0142caj\u0105cego dla student\u00f3w In\u017cynierii \u015brodowiska, w kt\u00f3rym to studenci IV-go roku wzi\u0119li udzia\u0142.<\/p>\n\n\n\n<p>Jak podkre\u015bli\u0142 Koordynator IT Academy przygotowane projekty informatyczne przez uczestnik\u00f3w kursu sta\u0142y na bardzo wysokim poziomie. Zach\u0119camy inne roczniki i secjalno\u015bci do uzyskanie certyfikatu zawodowego, kt\u00f3ry b\u0119dzie w przysz\u0142o\u015bci doskona\u0142ym elementem uzupe\u0142niaj\u0105cym swoje dokumenty aplikacyjne.<\/p>\n\n\n\n<figure class=\"wp-block-image size-large\"><img loading=\"lazy\" decoding=\"async\" width=\"800\" height=\"531\" src=\"https:\/\/pans.krosno.pl\/itacademy\/wp-content\/uploads\/sites\/57\/2021\/04\/5-1-1.jpg\" alt=\"\" class=\"wp-image-77\" srcset=\"https:\/\/pans.krosno.pl\/itacademy\/wp-content\/uploads\/sites\/57\/2021\/04\/5-1-1.jpg 800w, https:\/\/pans.krosno.pl\/itacademy\/wp-content\/uploads\/sites\/57\/2021\/04\/5-1-1-300x199.jpg 300w, https:\/\/pans.krosno.pl\/itacademy\/wp-content\/uploads\/sites\/57\/2021\/04\/5-1-1-768x510.jpg 768w, https:\/\/pans.krosno.pl\/itacademy\/wp-content\/uploads\/sites\/57\/2021\/04\/5-1-1-580x385.jpg 580w\" sizes=\"auto, (max-width: 800px) 100vw, 800px\" \/><\/figure>\n\n\n\n<p><\/p>\n\n\n\n<p><\/p>\n\n\n\n<figure class=\"wp-block-image size-large\"><img loading=\"lazy\" decoding=\"async\" width=\"800\" height=\"531\" src=\"https:\/\/pans.krosno.pl\/itacademy\/wp-content\/uploads\/sites\/57\/2021\/04\/2-1.jpg\" alt=\"\" class=\"wp-image-78\" srcset=\"https:\/\/pans.krosno.pl\/itacademy\/wp-content\/uploads\/sites\/57\/2021\/04\/2-1.jpg 800w, https:\/\/pans.krosno.pl\/itacademy\/wp-content\/uploads\/sites\/57\/2021\/04\/2-1-300x199.jpg 300w, https:\/\/pans.krosno.pl\/itacademy\/wp-content\/uploads\/sites\/57\/2021\/04\/2-1-768x510.jpg 768w, https:\/\/pans.krosno.pl\/itacademy\/wp-content\/uploads\/sites\/57\/2021\/04\/2-1-580x385.jpg 580w\" sizes=\"auto, (max-width: 800px) 100vw, 800px\" \/><\/figure>\n","protected":false},"excerpt":{"rendered":"<p>W dniu 19 stycznia 2012 roku w Rektoracie PWSZ nast\u0105pi\u0142o uroczyste wr\u0119czenie certyfikat\u00f3w informatycznych w ramach IT Academy Microsoft. W uroczysto\u015bci wr\u0119czenia niniejszych ceryfikat\u00f3w wzi\u0119li udzia\u0142 Rektor naszej uczelni prof. ndzw. dr hab. Janusz Grucha\u0142a, doc. dr in\u017c. Stanis\u0142aw Rymar- Kierownik Zak\u0142adu In\u017cynierii \u015arodowiska, Pani dr in\u017c. Bernadeta Rajchel oraz [\u2026] <\/p>\n<div class=\"clear\"><\/div>\n<p><a class=\"more_link clearfix\" href=\"https:\/\/pans.krosno.pl\/itacademy\/2013\/04\/20\/wreczenie-certyfikatow-informatycznych-w-ramach-it-academy-microsoft\/\" rel=\"nofollow\">Read More<\/a><\/p>\n","protected":false},"author":27,"featured_media":78,"comment_status":"open","ping_status":"open","sticky":false,"template":"","format":"standard","meta":{"ngg_post_thumbnail":0,"footnotes":""},"categories":[2],"tags":[],"class_list":["post-74","post","type-post","status-publish","format-standard","has-post-thumbnail","hentry","category-aktualnosci"],"yoast_head":"<!-- This site is optimized with the Yoast SEO Premium plugin v27.4 (Yoast SEO v27.4) - https:\/\/yoast.com\/product\/yoast-seo-premium-wordpress\/ -->\n<title>Wr\u0119czenie certyfikat\u00f3w informatycznych w ramach IT Academy Microsoft - IT ACADEMY - PANS w Kro\u015bnie<\/title>\n<meta name=\"robots\" content=\"index, follow, max-snippet:-1, max-image-preview:large, max-video-preview:-1\" \/>\n<link rel=\"canonical\" href=\"https:\/\/pans.krosno.pl\/itacademy\/2013\/04\/20\/wreczenie-certyfikatow-informatycznych-w-ramach-it-academy-microsoft\/\" \/>\n<meta property=\"og:locale\" content=\"pl_PL\" \/>\n<meta property=\"og:type\" content=\"article\" \/>\n<meta property=\"og:title\" content=\"Wr\u0119czenie certyfikat\u00f3w informatycznych w ramach IT Academy Microsoft\" \/>\n<meta property=\"og:description\" content=\"W dniu 19 stycznia 2012 roku w Rektoracie PWSZ nast\u0105pi\u0142o uroczyste wr\u0119czenie certyfikat\u00f3w informatycznych w ramach IT Academy Microsoft. W uroczysto\u015bci wr\u0119czenia niniejszych ceryfikat\u00f3w wzi\u0119li udzia\u0142 Rektor naszej uczelni prof. ndzw. dr hab. Janusz Grucha\u0142a, doc. dr in\u017c. Stanis\u0142aw Rymar- Kierownik Zak\u0142adu In\u017cynierii \u015arodowiska, Pani dr in\u017c. Bernadeta Rajchel oraz [\u2026] Read More\" \/>\n<meta property=\"og:url\" content=\"https:\/\/pans.krosno.pl\/itacademy\/2013\/04\/20\/wreczenie-certyfikatow-informatycznych-w-ramach-it-academy-microsoft\/\" \/>\n<meta property=\"og:site_name\" content=\"IT ACADEMY - PANS w Kro\u015bnie\" \/>\n<meta property=\"article:published_time\" content=\"2013-04-20T12:51:15+00:00\" \/>\n<meta property=\"article:modified_time\" content=\"2021-04-20T12:52:27+00:00\" \/>\n<meta property=\"og:image\" content=\"https:\/\/pans.krosno.pl\/wp-content\/uploads\/sites\/57\/2021\/04\/2-1.jpg\" \/>\n\t<meta property=\"og:image:width\" content=\"800\" \/>\n\t<meta property=\"og:image:height\" content=\"531\" \/>\n\t<meta property=\"og:image:type\" content=\"image\/jpeg\" \/>\n<meta name=\"author\" content=\"maciejpolchlopek\" \/>\n<meta name=\"twitter:card\" content=\"summary_large_image\" \/>\n<meta name=\"twitter:label1\" content=\"Napisane przez\" \/>\n\t<meta name=\"twitter:data1\" content=\"maciejpolchlopek\" \/>\n\t<meta name=\"twitter:label2\" content=\"Szacowany czas czytania\" \/>\n\t<meta name=\"twitter:data2\" content=\"1 minuta\" \/>\n<script type=\"application\/ld+json\" class=\"yoast-schema-graph\">{\"@context\":\"https:\\\/\\\/schema.org\",\"@graph\":[{\"@type\":\"Article\",\"@id\":\"https:\\\/\\\/pans.krosno.pl\\\/itacademy\\\/2013\\\/04\\\/20\\\/wreczenie-certyfikatow-informatycznych-w-ramach-it-academy-microsoft\\\/#article\",\"isPartOf\":{\"@id\":\"https:\\\/\\\/pans.krosno.pl\\\/itacademy\\\/2013\\\/04\\\/20\\\/wreczenie-certyfikatow-informatycznych-w-ramach-it-academy-microsoft\\\/\"},\"author\":{\"name\":\"maciejpolchlopek\",\"@id\":\"https:\\\/\\\/pans.krosno.pl\\\/itacademy\\\/#\\\/schema\\\/person\\\/c1c9d6d593d357f87d9a7d7e44daa34e\"},\"headline\":\"Wr\u0119czenie certyfikat\u00f3w informatycznych w ramach IT Academy Microsoft\",\"datePublished\":\"2013-04-20T12:51:15+00:00\",\"dateModified\":\"2021-04-20T12:52:27+00:00\",\"mainEntityOfPage\":{\"@id\":\"https:\\\/\\\/pans.krosno.pl\\\/itacademy\\\/2013\\\/04\\\/20\\\/wreczenie-certyfikatow-informatycznych-w-ramach-it-academy-microsoft\\\/\"},\"wordCount\":151,\"commentCount\":0,\"publisher\":{\"@id\":\"https:\\\/\\\/pans.krosno.pl\\\/itacademy\\\/#organization\"},\"image\":{\"@id\":\"https:\\\/\\\/pans.krosno.pl\\\/itacademy\\\/2013\\\/04\\\/20\\\/wreczenie-certyfikatow-informatycznych-w-ramach-it-academy-microsoft\\\/#primaryimage\"},\"thumbnailUrl\":\"https:\\\/\\\/pans.krosno.pl\\\/itacademy\\\/wp-content\\\/uploads\\\/sites\\\/57\\\/2021\\\/04\\\/2-1.jpg\",\"articleSection\":[\"Aktualno\u015bci\"],\"inLanguage\":\"pl-PL\",\"potentialAction\":[{\"@type\":\"CommentAction\",\"name\":\"Comment\",\"target\":[\"https:\\\/\\\/pans.krosno.pl\\\/itacademy\\\/2013\\\/04\\\/20\\\/wreczenie-certyfikatow-informatycznych-w-ramach-it-academy-microsoft\\\/#respond\"]}]},{\"@type\":\"WebPage\",\"@id\":\"https:\\\/\\\/pans.krosno.pl\\\/itacademy\\\/2013\\\/04\\\/20\\\/wreczenie-certyfikatow-informatycznych-w-ramach-it-academy-microsoft\\\/\",\"url\":\"https:\\\/\\\/pans.krosno.pl\\\/itacademy\\\/2013\\\/04\\\/20\\\/wreczenie-certyfikatow-informatycznych-w-ramach-it-academy-microsoft\\\/\",\"name\":\"Wr\u0119czenie certyfikat\u00f3w informatycznych w ramach IT Academy Microsoft - IT ACADEMY - PANS w Kro\u015bnie\",\"isPartOf\":{\"@id\":\"https:\\\/\\\/pans.krosno.pl\\\/itacademy\\\/#website\"},\"primaryImageOfPage\":{\"@id\":\"https:\\\/\\\/pans.krosno.pl\\\/itacademy\\\/2013\\\/04\\\/20\\\/wreczenie-certyfikatow-informatycznych-w-ramach-it-academy-microsoft\\\/#primaryimage\"},\"image\":{\"@id\":\"https:\\\/\\\/pans.krosno.pl\\\/itacademy\\\/2013\\\/04\\\/20\\\/wreczenie-certyfikatow-informatycznych-w-ramach-it-academy-microsoft\\\/#primaryimage\"},\"thumbnailUrl\":\"https:\\\/\\\/pans.krosno.pl\\\/itacademy\\\/wp-content\\\/uploads\\\/sites\\\/57\\\/2021\\\/04\\\/2-1.jpg\",\"datePublished\":\"2013-04-20T12:51:15+00:00\",\"dateModified\":\"2021-04-20T12:52:27+00:00\",\"breadcrumb\":{\"@id\":\"https:\\\/\\\/pans.krosno.pl\\\/itacademy\\\/2013\\\/04\\\/20\\\/wreczenie-certyfikatow-informatycznych-w-ramach-it-academy-microsoft\\\/#breadcrumb\"},\"inLanguage\":\"pl-PL\",\"potentialAction\":[{\"@type\":\"ReadAction\",\"target\":[\"https:\\\/\\\/pans.krosno.pl\\\/itacademy\\\/2013\\\/04\\\/20\\\/wreczenie-certyfikatow-informatycznych-w-ramach-it-academy-microsoft\\\/\"]}]},{\"@type\":\"ImageObject\",\"inLanguage\":\"pl-PL\",\"@id\":\"https:\\\/\\\/pans.krosno.pl\\\/itacademy\\\/2013\\\/04\\\/20\\\/wreczenie-certyfikatow-informatycznych-w-ramach-it-academy-microsoft\\\/#primaryimage\",\"url\":\"https:\\\/\\\/pans.krosno.pl\\\/itacademy\\\/wp-content\\\/uploads\\\/sites\\\/57\\\/2021\\\/04\\\/2-1.jpg\",\"contentUrl\":\"https:\\\/\\\/pans.krosno.pl\\\/itacademy\\\/wp-content\\\/uploads\\\/sites\\\/57\\\/2021\\\/04\\\/2-1.jpg\",\"width\":800,\"height\":531},{\"@type\":\"BreadcrumbList\",\"@id\":\"https:\\\/\\\/pans.krosno.pl\\\/itacademy\\\/2013\\\/04\\\/20\\\/wreczenie-certyfikatow-informatycznych-w-ramach-it-academy-microsoft\\\/#breadcrumb\",\"itemListElement\":[{\"@type\":\"ListItem\",\"position\":1,\"name\":\"Strona g\u0142\u00f3wna\",\"item\":\"https:\\\/\\\/pans.krosno.pl\\\/itacademy\\\/\"},{\"@type\":\"ListItem\",\"position\":2,\"name\":\"Aktualno\u015bci\",\"item\":\"https:\\\/\\\/pans.krosno.pl\\\/itacademy\\\/category\\\/aktualnosci\\\/\"},{\"@type\":\"ListItem\",\"position\":3,\"name\":\"Wr\u0119czenie certyfikat\u00f3w informatycznych w ramach IT Academy Microsoft\"}]},{\"@type\":\"WebSite\",\"@id\":\"https:\\\/\\\/pans.krosno.pl\\\/itacademy\\\/#website\",\"url\":\"https:\\\/\\\/pans.krosno.pl\\\/itacademy\\\/\",\"name\":\"IT ACADEMY przy KPU KROSNO\",\"description\":\"IT ACADEMY - Pa\u0144stwowa Akademia Nauk Stosowanych\",\"publisher\":{\"@id\":\"https:\\\/\\\/pans.krosno.pl\\\/itacademy\\\/#organization\"},\"potentialAction\":[{\"@type\":\"SearchAction\",\"target\":{\"@type\":\"EntryPoint\",\"urlTemplate\":\"https:\\\/\\\/pans.krosno.pl\\\/itacademy\\\/?s={search_term_string}\"},\"query-input\":{\"@type\":\"PropertyValueSpecification\",\"valueRequired\":true,\"valueName\":\"search_term_string\"}}],\"inLanguage\":\"pl-PL\"},{\"@type\":\"Organization\",\"@id\":\"https:\\\/\\\/pans.krosno.pl\\\/itacademy\\\/#organization\",\"name\":\"IT ACADEMY przy KPU KROSNO\",\"url\":\"https:\\\/\\\/pans.krosno.pl\\\/itacademy\\\/\",\"logo\":{\"@type\":\"ImageObject\",\"inLanguage\":\"pl-PL\",\"@id\":\"https:\\\/\\\/pans.krosno.pl\\\/itacademy\\\/#\\\/schema\\\/logo\\\/image\\\/\",\"url\":\"\",\"contentUrl\":\"\",\"caption\":\"IT ACADEMY przy KPU KROSNO\"},\"image\":{\"@id\":\"https:\\\/\\\/pans.krosno.pl\\\/itacademy\\\/#\\\/schema\\\/logo\\\/image\\\/\"}},{\"@type\":\"Person\",\"@id\":\"https:\\\/\\\/pans.krosno.pl\\\/itacademy\\\/#\\\/schema\\\/person\\\/c1c9d6d593d357f87d9a7d7e44daa34e\",\"name\":\"maciejpolchlopek\",\"image\":{\"@type\":\"ImageObject\",\"inLanguage\":\"pl-PL\",\"@id\":\"https:\\\/\\\/secure.gravatar.com\\\/avatar\\\/2fadd549eeed4871c9aa96e96d8519cac8006657ce091e11a5f0ba8a8f5dca66?s=96&d=mm&r=g\",\"url\":\"https:\\\/\\\/secure.gravatar.com\\\/avatar\\\/2fadd549eeed4871c9aa96e96d8519cac8006657ce091e11a5f0ba8a8f5dca66?s=96&d=mm&r=g\",\"contentUrl\":\"https:\\\/\\\/secure.gravatar.com\\\/avatar\\\/2fadd549eeed4871c9aa96e96d8519cac8006657ce091e11a5f0ba8a8f5dca66?s=96&d=mm&r=g\",\"caption\":\"maciejpolchlopek\"},\"url\":\"https:\\\/\\\/pans.krosno.pl\\\/itacademy\\\/author\\\/maciejpolchlopek\\\/\"}]}<\/script>\n<!-- \/ Yoast SEO Premium plugin. -->","yoast_head_json":{"title":"Wr\u0119czenie certyfikat\u00f3w informatycznych w ramach IT Academy Microsoft - IT ACADEMY - PANS w Kro\u015bnie","robots":{"index":"index","follow":"follow","max-snippet":"max-snippet:-1","max-image-preview":"max-image-preview:large","max-video-preview":"max-video-preview:-1"},"canonical":"https:\/\/pans.krosno.pl\/itacademy\/2013\/04\/20\/wreczenie-certyfikatow-informatycznych-w-ramach-it-academy-microsoft\/","og_locale":"pl_PL","og_type":"article","og_title":"Wr\u0119czenie certyfikat\u00f3w informatycznych w ramach IT Academy Microsoft","og_description":"W dniu 19 stycznia 2012 roku w Rektoracie PWSZ nast\u0105pi\u0142o uroczyste wr\u0119czenie certyfikat\u00f3w informatycznych w ramach IT Academy Microsoft. W uroczysto\u015bci wr\u0119czenia niniejszych ceryfikat\u00f3w wzi\u0119li udzia\u0142 Rektor naszej uczelni prof. ndzw. dr hab. Janusz Grucha\u0142a, doc. dr in\u017c. Stanis\u0142aw Rymar- Kierownik Zak\u0142adu In\u017cynierii \u015arodowiska, Pani dr in\u017c. Bernadeta Rajchel oraz [\u2026] Read More","og_url":"https:\/\/pans.krosno.pl\/itacademy\/2013\/04\/20\/wreczenie-certyfikatow-informatycznych-w-ramach-it-academy-microsoft\/","og_site_name":"IT ACADEMY - PANS w Kro\u015bnie","article_published_time":"2013-04-20T12:51:15+00:00","article_modified_time":"2021-04-20T12:52:27+00:00","og_image":[{"width":800,"height":531,"url":"https:\/\/pans.krosno.pl\/wp-content\/uploads\/sites\/57\/2021\/04\/2-1.jpg","type":"image\/jpeg"}],"author":"maciejpolchlopek","twitter_card":"summary_large_image","twitter_misc":{"Napisane przez":"maciejpolchlopek","Szacowany czas czytania":"1 minuta"},"schema":{"@context":"https:\/\/schema.org","@graph":[{"@type":"Article","@id":"https:\/\/pans.krosno.pl\/itacademy\/2013\/04\/20\/wreczenie-certyfikatow-informatycznych-w-ramach-it-academy-microsoft\/#article","isPartOf":{"@id":"https:\/\/pans.krosno.pl\/itacademy\/2013\/04\/20\/wreczenie-certyfikatow-informatycznych-w-ramach-it-academy-microsoft\/"},"author":{"name":"maciejpolchlopek","@id":"https:\/\/pans.krosno.pl\/itacademy\/#\/schema\/person\/c1c9d6d593d357f87d9a7d7e44daa34e"},"headline":"Wr\u0119czenie certyfikat\u00f3w informatycznych w ramach IT Academy Microsoft","datePublished":"2013-04-20T12:51:15+00:00","dateModified":"2021-04-20T12:52:27+00:00","mainEntityOfPage":{"@id":"https:\/\/pans.krosno.pl\/itacademy\/2013\/04\/20\/wreczenie-certyfikatow-informatycznych-w-ramach-it-academy-microsoft\/"},"wordCount":151,"commentCount":0,"publisher":{"@id":"https:\/\/pans.krosno.pl\/itacademy\/#organization"},"image":{"@id":"https:\/\/pans.krosno.pl\/itacademy\/2013\/04\/20\/wreczenie-certyfikatow-informatycznych-w-ramach-it-academy-microsoft\/#primaryimage"},"thumbnailUrl":"https:\/\/pans.krosno.pl\/itacademy\/wp-content\/uploads\/sites\/57\/2021\/04\/2-1.jpg","articleSection":["Aktualno\u015bci"],"inLanguage":"pl-PL","potentialAction":[{"@type":"CommentAction","name":"Comment","target":["https:\/\/pans.krosno.pl\/itacademy\/2013\/04\/20\/wreczenie-certyfikatow-informatycznych-w-ramach-it-academy-microsoft\/#respond"]}]},{"@type":"WebPage","@id":"https:\/\/pans.krosno.pl\/itacademy\/2013\/04\/20\/wreczenie-certyfikatow-informatycznych-w-ramach-it-academy-microsoft\/","url":"https:\/\/pans.krosno.pl\/itacademy\/2013\/04\/20\/wreczenie-certyfikatow-informatycznych-w-ramach-it-academy-microsoft\/","name":"Wr\u0119czenie certyfikat\u00f3w informatycznych w ramach IT Academy Microsoft - IT ACADEMY - PANS w Kro\u015bnie","isPartOf":{"@id":"https:\/\/pans.krosno.pl\/itacademy\/#website"},"primaryImageOfPage":{"@id":"https:\/\/pans.krosno.pl\/itacademy\/2013\/04\/20\/wreczenie-certyfikatow-informatycznych-w-ramach-it-academy-microsoft\/#primaryimage"},"image":{"@id":"https:\/\/pans.krosno.pl\/itacademy\/2013\/04\/20\/wreczenie-certyfikatow-informatycznych-w-ramach-it-academy-microsoft\/#primaryimage"},"thumbnailUrl":"https:\/\/pans.krosno.pl\/itacademy\/wp-content\/uploads\/sites\/57\/2021\/04\/2-1.jpg","datePublished":"2013-04-20T12:51:15+00:00","dateModified":"2021-04-20T12:52:27+00:00","breadcrumb":{"@id":"https:\/\/pans.krosno.pl\/itacademy\/2013\/04\/20\/wreczenie-certyfikatow-informatycznych-w-ramach-it-academy-microsoft\/#breadcrumb"},"inLanguage":"pl-PL","potentialAction":[{"@type":"ReadAction","target":["https:\/\/pans.krosno.pl\/itacademy\/2013\/04\/20\/wreczenie-certyfikatow-informatycznych-w-ramach-it-academy-microsoft\/"]}]},{"@type":"ImageObject","inLanguage":"pl-PL","@id":"https:\/\/pans.krosno.pl\/itacademy\/2013\/04\/20\/wreczenie-certyfikatow-informatycznych-w-ramach-it-academy-microsoft\/#primaryimage","url":"https:\/\/pans.krosno.pl\/itacademy\/wp-content\/uploads\/sites\/57\/2021\/04\/2-1.jpg","contentUrl":"https:\/\/pans.krosno.pl\/itacademy\/wp-content\/uploads\/sites\/57\/2021\/04\/2-1.jpg","width":800,"height":531},{"@type":"BreadcrumbList","@id":"https:\/\/pans.krosno.pl\/itacademy\/2013\/04\/20\/wreczenie-certyfikatow-informatycznych-w-ramach-it-academy-microsoft\/#breadcrumb","itemListElement":[{"@type":"ListItem","position":1,"name":"Strona g\u0142\u00f3wna","item":"https:\/\/pans.krosno.pl\/itacademy\/"},{"@type":"ListItem","position":2,"name":"Aktualno\u015bci","item":"https:\/\/pans.krosno.pl\/itacademy\/category\/aktualnosci\/"},{"@type":"ListItem","position":3,"name":"Wr\u0119czenie certyfikat\u00f3w informatycznych w ramach IT Academy Microsoft"}]},{"@type":"WebSite","@id":"https:\/\/pans.krosno.pl\/itacademy\/#website","url":"https:\/\/pans.krosno.pl\/itacademy\/","name":"IT ACADEMY przy KPU KROSNO","description":"IT ACADEMY - Pa\u0144stwowa Akademia Nauk Stosowanych","publisher":{"@id":"https:\/\/pans.krosno.pl\/itacademy\/#organization"},"potentialAction":[{"@type":"SearchAction","target":{"@type":"EntryPoint","urlTemplate":"https:\/\/pans.krosno.pl\/itacademy\/?s={search_term_string}"},"query-input":{"@type":"PropertyValueSpecification","valueRequired":true,"valueName":"search_term_string"}}],"inLanguage":"pl-PL"},{"@type":"Organization","@id":"https:\/\/pans.krosno.pl\/itacademy\/#organization","name":"IT ACADEMY przy KPU KROSNO","url":"https:\/\/pans.krosno.pl\/itacademy\/","logo":{"@type":"ImageObject","inLanguage":"pl-PL","@id":"https:\/\/pans.krosno.pl\/itacademy\/#\/schema\/logo\/image\/","url":"","contentUrl":"","caption":"IT ACADEMY przy KPU KROSNO"},"image":{"@id":"https:\/\/pans.krosno.pl\/itacademy\/#\/schema\/logo\/image\/"}},{"@type":"Person","@id":"https:\/\/pans.krosno.pl\/itacademy\/#\/schema\/person\/c1c9d6d593d357f87d9a7d7e44daa34e","name":"maciejpolchlopek","image":{"@type":"ImageObject","inLanguage":"pl-PL","@id":"https:\/\/secure.gravatar.com\/avatar\/2fadd549eeed4871c9aa96e96d8519cac8006657ce091e11a5f0ba8a8f5dca66?s=96&d=mm&r=g","url":"https:\/\/secure.gravatar.com\/avatar\/2fadd549eeed4871c9aa96e96d8519cac8006657ce091e11a5f0ba8a8f5dca66?s=96&d=mm&r=g","contentUrl":"https:\/\/secure.gravatar.com\/avatar\/2fadd549eeed4871c9aa96e96d8519cac8006657ce091e11a5f0ba8a8f5dca66?s=96&d=mm&r=g","caption":"maciejpolchlopek"},"url":"https:\/\/pans.krosno.pl\/itacademy\/author\/maciejpolchlopek\/"}]}},"_links":{"self":[{"href":"https:\/\/pans.krosno.pl\/itacademy\/wp-json\/wp\/v2\/posts\/74","targetHints":{"allow":["GET"]}}],"collection":[{"href":"https:\/\/pans.krosno.pl\/itacademy\/wp-json\/wp\/v2\/posts"}],"about":[{"href":"https:\/\/pans.krosno.pl\/itacademy\/wp-json\/wp\/v2\/types\/post"}],"author":[{"embeddable":true,"href":"https:\/\/pans.krosno.pl\/itacademy\/wp-json\/wp\/v2\/users\/27"}],"replies":[{"embeddable":true,"href":"https:\/\/pans.krosno.pl\/itacademy\/wp-json\/wp\/v2\/comments?post=74"}],"version-history":[{"count":1,"href":"https:\/\/pans.krosno.pl\/itacademy\/wp-json\/wp\/v2\/posts\/74\/revisions"}],"predecessor-version":[{"id":79,"href":"https:\/\/pans.krosno.pl\/itacademy\/wp-json\/wp\/v2\/posts\/74\/revisions\/79"}],"wp:featuredmedia":[{"embeddable":true,"href":"https:\/\/pans.krosno.pl\/itacademy\/wp-json\/wp\/v2\/media\/78"}],"wp:attachment":[{"href":"https:\/\/pans.krosno.pl\/itacademy\/wp-json\/wp\/v2\/media?parent=74"}],"wp:term":[{"taxonomy":"category","embeddable":true,"href":"https:\/\/pans.krosno.pl\/itacademy\/wp-json\/wp\/v2\/categories?post=74"},{"taxonomy":"post_tag","embeddable":true,"href":"https:\/\/pans.krosno.pl\/itacademy\/wp-json\/wp\/v2\/tags?post=74"}],"curies":[{"name":"wp","href":"https:\/\/api.w.org\/{rel}","templated":true}]}}