{"id":6077,"date":"2026-09-01T23:41:13","date_gmt":"2026-09-01T21:41:13","guid":{"rendered":"https:\/\/pans.krosno.pl\/iro\/?p=6077"},"modified":"2026-09-01T23:41:15","modified_gmt":"2026-09-01T21:41:15","slug":"yes-erasmus-termin-nadsylania-przedluzony-do-18-pazdziernika","status":"publish","type":"post","link":"https:\/\/pans.krosno.pl\/iro\/yes-erasmus-termin-nadsylania-przedluzony-do-18-pazdziernika\/","title":{"rendered":"YES! Erasmus+ termin nadsy\u0142ania przed\u0142u\u017cony do 18 pa\u017adziernika!"},"content":{"rendered":"\n<p class=\"wp-block-paragraph\">Droga studentko\/ Drogi studencie!<\/p>\n\n\n\n<p class=\"wp-block-paragraph\">Wyjazd na wymian\u0119 w ramach programu Erasmus+ stanowi dawk\u0119 wielu emocji, po\u0142\u0105czonych z nowymi przyja\u017aniami i niezliczon\u0105 ilo\u015bci\u0105 pi\u0119knych wspomnie\u0144 z r\u00f3\u017cnych zak\u0105tk\u00f3w Unii Europejskiej, ale o tym ju\u017c dobrze wiesz!&nbsp;<\/p>\n\n\n\n<p class=\"wp-block-paragraph\">W\u0142a\u015bnie po to, by dowiedzia\u0142a si\u0119 o tym ca\u0142a Polska, przygotowany zosta\u0142 konkurs&nbsp; \u201eYour Experience Story \u2013 YES! Erasmus+\u201d. W imieniu organizator\u00f3w zapraszamy Ci\u0119 do udzia\u0142u w tej rywalizacji, w kt\u00f3rej nagrod\u0105 jest czterodniowy wyjazd do Brukseli i Strasburga, planowany w drugiej po\u0142owie listopada tego roku. Decyzj\u0105 organizator\u00f3w, <strong>termin na przesy\u0142anie prac zosta\u0142 przed\u0142u\u017cony do 18 pa\u017adziernika<\/strong>, by umo\u017cliwi\u0107 przes\u0142anie zg\u0142osze\u0144 tak\u017ce osobom, kt\u00f3re dopiero rozpoczn\u0105 przygod\u0119 z Erasmusem w roku akademickim 2026\/2027.&nbsp;<\/p>\n\n\n\n<p class=\"wp-block-paragraph\">Zach\u0119camy Ci\u0119 do sprawdzenia pami\u0119ci swojego telefonu w poszukiwaniu jednego, wyj\u0105tkowego zdj\u0119cia lub stworzenia rolki na instagramie, \u0142\u0105cz\u0105cej filmy i zdj\u0119cia, kt\u00f3re uda\u0142o Ci si\u0119 zrobi\u0107 w czasie wyjazdu.&nbsp;<\/p>\n\n\n\n<p class=\"wp-block-paragraph\">Wszystkie najwa\u017cniejsze informacje znajdziesz na stronie konkursu:<\/p>\n\n\n\n<p class=\"wp-block-paragraph\"><a href=\"https:\/\/yeserasmus.uw.edu.pl\/news\">https:\/\/yeserasmus.uw.edu.pl\/news<\/a><\/p>\n\n\n\n<p class=\"wp-block-paragraph\">Zapraszamy Ci\u0119 do udzia\u0142u.&nbsp;<\/p>\n\n\n\n<figure class=\"wp-block-image size-full\"><img loading=\"lazy\" decoding=\"async\" width=\"880\" height=\"300\" src=\"https:\/\/pans.krosno.pl\/iro\/wp-content\/uploads\/sites\/26\/2026\/09\/YESE-UW-www-880x300-1.webp\" alt=\"\" class=\"wp-image-6078\" srcset=\"https:\/\/pans.krosno.pl\/iro\/wp-content\/uploads\/sites\/26\/2026\/09\/YESE-UW-www-880x300-1.webp 880w, https:\/\/pans.krosno.pl\/iro\/wp-content\/uploads\/sites\/26\/2026\/09\/YESE-UW-www-880x300-1-300x102.webp 300w, https:\/\/pans.krosno.pl\/iro\/wp-content\/uploads\/sites\/26\/2026\/09\/YESE-UW-www-880x300-1-766x261.webp 766w, https:\/\/pans.krosno.pl\/iro\/wp-content\/uploads\/sites\/26\/2026\/09\/YESE-UW-www-880x300-1-798x272.webp 798w, https:\/\/pans.krosno.pl\/iro\/wp-content\/uploads\/sites\/26\/2026\/09\/YESE-UW-www-880x300-1-578x197.webp 578w\" sizes=\"auto, (max-width: 880px) 100vw, 880px\" \/><\/figure>\n","protected":false},"excerpt":{"rendered":"<p>Droga studentko\/ Drogi studencie! Wyjazd na wymian\u0119 w ramach programu Erasmus+ stanowi dawk\u0119 wielu emocji, po\u0142\u0105czonych z nowymi przyja\u017aniami i niezliczon\u0105 ilo\u015bci\u0105 pi\u0119knych wspomnie\u0144 z r\u00f3\u017cnych zak\u0105tk\u00f3w Unii Europejskiej, ale o tym ju\u017c dobrze wiesz!&nbsp; W\u0142a\u015bnie po to, by dowiedzia\u0142a si\u0119 o tym ca\u0142a Polska, przygotowany zosta\u0142 konkurs&nbsp; \u201eYour Experience [\u2026] <\/p>\n<div class=\"clear\"><\/div>\n<p><a class=\"more_link clearfix\" href=\"https:\/\/pans.krosno.pl\/iro\/yes-erasmus-termin-nadsylania-przedluzony-do-18-pazdziernika\/\" rel=\"nofollow\">Read More<\/a><\/p>\n","protected":false},"author":94,"featured_media":6078,"comment_status":"open","ping_status":"open","sticky":false,"template":"","format":"standard","meta":{"ngg_post_thumbnail":0,"footnotes":""},"categories":[1],"tags":[],"class_list":["post-6077","post","type-post","status-publish","format-standard","has-post-thumbnail","hentry","category-bez-kategorii"],"yoast_head":"<!-- This site is optimized with the Yoast SEO Premium plugin v28.3 (Yoast SEO v28.3) - https:\/\/yoast.com\/product\/yoast-seo-premium-wordpress\/ -->\n<title>YES! Erasmus+ termin nadsy\u0142ania przed\u0142u\u017cony do 18 pa\u017adziernika! - International Relations Office PANS w Kro\u015bnie<\/title>\n<meta name=\"robots\" content=\"index, follow, max-snippet:-1, max-image-preview:large, max-video-preview:-1\" \/>\n<link rel=\"canonical\" href=\"https:\/\/pans.krosno.pl\/iro\/yes-erasmus-termin-nadsylania-przedluzony-do-18-pazdziernika\/\" \/>\n<meta property=\"og:locale\" content=\"pl_PL\" \/>\n<meta property=\"og:type\" content=\"article\" \/>\n<meta property=\"og:title\" content=\"YES! Erasmus+ termin nadsy\u0142ania przed\u0142u\u017cony do 18 pa\u017adziernika!\" \/>\n<meta property=\"og:description\" content=\"Droga studentko\/ Drogi studencie! Wyjazd na wymian\u0119 w ramach programu Erasmus+ stanowi dawk\u0119 wielu emocji, po\u0142\u0105czonych z nowymi przyja\u017aniami i niezliczon\u0105 ilo\u015bci\u0105 pi\u0119knych wspomnie\u0144 z r\u00f3\u017cnych zak\u0105tk\u00f3w Unii Europejskiej, ale o tym ju\u017c dobrze wiesz!&nbsp; W\u0142a\u015bnie po to, by dowiedzia\u0142a si\u0119 o tym ca\u0142a Polska, przygotowany zosta\u0142 konkurs&nbsp; \u201eYour Experience [\u2026] Read More\" \/>\n<meta property=\"og:url\" content=\"https:\/\/pans.krosno.pl\/iro\/yes-erasmus-termin-nadsylania-przedluzony-do-18-pazdziernika\/\" \/>\n<meta property=\"og:site_name\" content=\"International Relations Office PANS w Kro\u015bnie\" \/>\n<meta property=\"article:published_time\" content=\"2026-09-01T21:41:13+00:00\" \/>\n<meta property=\"article:modified_time\" content=\"2026-09-01T21:41:15+00:00\" \/>\n<meta property=\"og:image\" content=\"https:\/\/pans.krosno.pl\/iro\/wp-content\/uploads\/sites\/26\/2026\/09\/YESE-UW-www-880x300-1.webp\" \/>\n\t<meta property=\"og:image:width\" content=\"880\" \/>\n\t<meta property=\"og:image:height\" content=\"300\" \/>\n\t<meta property=\"og:image:type\" content=\"image\/webp\" \/>\n<meta name=\"author\" content=\"patryksolinski\" \/>\n<meta name=\"twitter:card\" content=\"summary_large_image\" \/>\n<meta name=\"twitter:label1\" content=\"Napisane przez\" \/>\n\t<meta name=\"twitter:data1\" content=\"patryksolinski\" \/>\n\t<meta name=\"twitter:label2\" content=\"Szacowany czas czytania\" \/>\n\t<meta name=\"twitter:data2\" content=\"2 minuty\" \/>\n<script type=\"application\/ld+json\" class=\"yoast-schema-graph\">{\"@context\":\"https:\\\/\\\/schema.org\",\"@graph\":[{\"@type\":\"Article\",\"@id\":\"https:\\\/\\\/pans.krosno.pl\\\/iro\\\/yes-erasmus-termin-nadsylania-przedluzony-do-18-pazdziernika\\\/#article\",\"isPartOf\":{\"@id\":\"https:\\\/\\\/pans.krosno.pl\\\/iro\\\/yes-erasmus-termin-nadsylania-przedluzony-do-18-pazdziernika\\\/\"},\"author\":{\"name\":\"patryksolinski\",\"@id\":\"https:\\\/\\\/pans.krosno.pl\\\/iro\\\/#\\\/schema\\\/person\\\/0df160168fa26ce868a4e32847a44530\"},\"headline\":\"YES! Erasmus+ termin nadsy\u0142ania przed\u0142u\u017cony do 18 pa\u017adziernika!\",\"datePublished\":\"2026-09-01T21:41:13+00:00\",\"dateModified\":\"2026-09-01T21:41:15+00:00\",\"mainEntityOfPage\":{\"@id\":\"https:\\\/\\\/pans.krosno.pl\\\/iro\\\/yes-erasmus-termin-nadsylania-przedluzony-do-18-pazdziernika\\\/\"},\"wordCount\":202,\"commentCount\":0,\"publisher\":{\"@id\":\"https:\\\/\\\/pans.krosno.pl\\\/iro\\\/#organization\"},\"image\":{\"@id\":\"https:\\\/\\\/pans.krosno.pl\\\/iro\\\/yes-erasmus-termin-nadsylania-przedluzony-do-18-pazdziernika\\\/#primaryimage\"},\"thumbnailUrl\":\"https:\\\/\\\/pans.krosno.pl\\\/iro\\\/wp-content\\\/uploads\\\/sites\\\/26\\\/2026\\\/09\\\/YESE-UW-www-880x300-1.webp\",\"inLanguage\":\"pl-PL\",\"potentialAction\":[{\"@type\":\"CommentAction\",\"name\":\"Comment\",\"target\":[\"https:\\\/\\\/pans.krosno.pl\\\/iro\\\/yes-erasmus-termin-nadsylania-przedluzony-do-18-pazdziernika\\\/#respond\"]}]},{\"@type\":\"WebPage\",\"@id\":\"https:\\\/\\\/pans.krosno.pl\\\/iro\\\/yes-erasmus-termin-nadsylania-przedluzony-do-18-pazdziernika\\\/\",\"url\":\"https:\\\/\\\/pans.krosno.pl\\\/iro\\\/yes-erasmus-termin-nadsylania-przedluzony-do-18-pazdziernika\\\/\",\"name\":\"YES! Erasmus+ termin nadsy\u0142ania przed\u0142u\u017cony do 18 pa\u017adziernika! - International Relations Office PANS w Kro\u015bnie\",\"isPartOf\":{\"@id\":\"https:\\\/\\\/pans.krosno.pl\\\/iro\\\/#website\"},\"primaryImageOfPage\":{\"@id\":\"https:\\\/\\\/pans.krosno.pl\\\/iro\\\/yes-erasmus-termin-nadsylania-przedluzony-do-18-pazdziernika\\\/#primaryimage\"},\"image\":{\"@id\":\"https:\\\/\\\/pans.krosno.pl\\\/iro\\\/yes-erasmus-termin-nadsylania-przedluzony-do-18-pazdziernika\\\/#primaryimage\"},\"thumbnailUrl\":\"https:\\\/\\\/pans.krosno.pl\\\/iro\\\/wp-content\\\/uploads\\\/sites\\\/26\\\/2026\\\/09\\\/YESE-UW-www-880x300-1.webp\",\"datePublished\":\"2026-09-01T21:41:13+00:00\",\"dateModified\":\"2026-09-01T21:41:15+00:00\",\"breadcrumb\":{\"@id\":\"https:\\\/\\\/pans.krosno.pl\\\/iro\\\/yes-erasmus-termin-nadsylania-przedluzony-do-18-pazdziernika\\\/#breadcrumb\"},\"inLanguage\":\"pl-PL\",\"potentialAction\":[{\"@type\":\"ReadAction\",\"target\":[\"https:\\\/\\\/pans.krosno.pl\\\/iro\\\/yes-erasmus-termin-nadsylania-przedluzony-do-18-pazdziernika\\\/\"]}]},{\"@type\":\"ImageObject\",\"inLanguage\":\"pl-PL\",\"@id\":\"https:\\\/\\\/pans.krosno.pl\\\/iro\\\/yes-erasmus-termin-nadsylania-przedluzony-do-18-pazdziernika\\\/#primaryimage\",\"url\":\"https:\\\/\\\/pans.krosno.pl\\\/iro\\\/wp-content\\\/uploads\\\/sites\\\/26\\\/2026\\\/09\\\/YESE-UW-www-880x300-1.webp\",\"contentUrl\":\"https:\\\/\\\/pans.krosno.pl\\\/iro\\\/wp-content\\\/uploads\\\/sites\\\/26\\\/2026\\\/09\\\/YESE-UW-www-880x300-1.webp\",\"width\":880,\"height\":300},{\"@type\":\"BreadcrumbList\",\"@id\":\"https:\\\/\\\/pans.krosno.pl\\\/iro\\\/yes-erasmus-termin-nadsylania-przedluzony-do-18-pazdziernika\\\/#breadcrumb\",\"itemListElement\":[{\"@type\":\"ListItem\",\"position\":1,\"name\":\"Strona g\u0142\u00f3wna\",\"item\":\"https:\\\/\\\/pans.krosno.pl\\\/iro\\\/\"},{\"@type\":\"ListItem\",\"position\":2,\"name\":\"YES! Erasmus+ termin nadsy\u0142ania przed\u0142u\u017cony do 18 pa\u017adziernika!\"}]},{\"@type\":\"WebSite\",\"@id\":\"https:\\\/\\\/pans.krosno.pl\\\/iro\\\/#website\",\"url\":\"https:\\\/\\\/pans.krosno.pl\\\/iro\\\/\",\"name\":\"International Relations Office PANS w Kro\u015bnie\",\"description\":\"International Relations Office - Pa\u0144stwowa Akademia Nauk Stosowanych\",\"publisher\":{\"@id\":\"https:\\\/\\\/pans.krosno.pl\\\/iro\\\/#organization\"},\"potentialAction\":[{\"@type\":\"SearchAction\",\"target\":{\"@type\":\"EntryPoint\",\"urlTemplate\":\"https:\\\/\\\/pans.krosno.pl\\\/iro\\\/?s={search_term_string}\"},\"query-input\":{\"@type\":\"PropertyValueSpecification\",\"valueRequired\":true,\"valueName\":\"search_term_string\"}}],\"inLanguage\":\"pl-PL\"},{\"@type\":\"Organization\",\"@id\":\"https:\\\/\\\/pans.krosno.pl\\\/iro\\\/#organization\",\"name\":\"International Relations Office PANS w Kro\u015bnie\",\"url\":\"https:\\\/\\\/pans.krosno.pl\\\/iro\\\/\",\"logo\":{\"@type\":\"ImageObject\",\"inLanguage\":\"pl-PL\",\"@id\":\"https:\\\/\\\/pans.krosno.pl\\\/iro\\\/#\\\/schema\\\/logo\\\/image\\\/\",\"url\":\"https:\\\/\\\/pans.krosno.pl\\\/iro\\\/wp-content\\\/uploads\\\/sites\\\/26\\\/2023\\\/01\\\/Logo-PANS-2022-pelne.png\",\"contentUrl\":\"https:\\\/\\\/pans.krosno.pl\\\/iro\\\/wp-content\\\/uploads\\\/sites\\\/26\\\/2023\\\/01\\\/Logo-PANS-2022-pelne.png\",\"width\":3096,\"height\":696,\"caption\":\"International Relations Office PANS w Kro\u015bnie\"},\"image\":{\"@id\":\"https:\\\/\\\/pans.krosno.pl\\\/iro\\\/#\\\/schema\\\/logo\\\/image\\\/\"}},{\"@type\":\"Person\",\"@id\":\"https:\\\/\\\/pans.krosno.pl\\\/iro\\\/#\\\/schema\\\/person\\\/0df160168fa26ce868a4e32847a44530\",\"name\":\"patryksolinski\",\"image\":{\"@type\":\"ImageObject\",\"inLanguage\":\"pl-PL\",\"@id\":\"https:\\\/\\\/secure.gravatar.com\\\/avatar\\\/02430c3ca25cc7069e325c5effbb51277078341172c3cc89fe4c8d9e004fc0d2?s=96&d=mm&r=g\",\"url\":\"https:\\\/\\\/secure.gravatar.com\\\/avatar\\\/02430c3ca25cc7069e325c5effbb51277078341172c3cc89fe4c8d9e004fc0d2?s=96&d=mm&r=g\",\"contentUrl\":\"https:\\\/\\\/secure.gravatar.com\\\/avatar\\\/02430c3ca25cc7069e325c5effbb51277078341172c3cc89fe4c8d9e004fc0d2?s=96&d=mm&r=g\",\"caption\":\"patryksolinski\"},\"url\":\"https:\\\/\\\/pans.krosno.pl\\\/iro\\\/author\\\/patryksolinski\\\/\"}]}<\/script>\n<!-- \/ Yoast SEO Premium plugin. -->","yoast_head_json":{"title":"YES! Erasmus+ termin nadsy\u0142ania przed\u0142u\u017cony do 18 pa\u017adziernika! - International Relations Office PANS w Kro\u015bnie","robots":{"index":"index","follow":"follow","max-snippet":"max-snippet:-1","max-image-preview":"max-image-preview:large","max-video-preview":"max-video-preview:-1"},"canonical":"https:\/\/pans.krosno.pl\/iro\/yes-erasmus-termin-nadsylania-przedluzony-do-18-pazdziernika\/","og_locale":"pl_PL","og_type":"article","og_title":"YES! Erasmus+ termin nadsy\u0142ania przed\u0142u\u017cony do 18 pa\u017adziernika!","og_description":"Droga studentko\/ Drogi studencie! Wyjazd na wymian\u0119 w ramach programu Erasmus+ stanowi dawk\u0119 wielu emocji, po\u0142\u0105czonych z nowymi przyja\u017aniami i niezliczon\u0105 ilo\u015bci\u0105 pi\u0119knych wspomnie\u0144 z r\u00f3\u017cnych zak\u0105tk\u00f3w Unii Europejskiej, ale o tym ju\u017c dobrze wiesz!&nbsp; W\u0142a\u015bnie po to, by dowiedzia\u0142a si\u0119 o tym ca\u0142a Polska, przygotowany zosta\u0142 konkurs&nbsp; \u201eYour Experience [\u2026] Read More","og_url":"https:\/\/pans.krosno.pl\/iro\/yes-erasmus-termin-nadsylania-przedluzony-do-18-pazdziernika\/","og_site_name":"International Relations Office PANS w Kro\u015bnie","article_published_time":"2026-09-01T21:41:13+00:00","article_modified_time":"2026-09-01T21:41:15+00:00","og_image":[{"width":880,"height":300,"url":"https:\/\/pans.krosno.pl\/iro\/wp-content\/uploads\/sites\/26\/2026\/09\/YESE-UW-www-880x300-1.webp","type":"image\/webp"}],"author":"patryksolinski","twitter_card":"summary_large_image","twitter_misc":{"Napisane przez":"patryksolinski","Szacowany czas czytania":"2 minuty"},"schema":{"@context":"https:\/\/schema.org","@graph":[{"@type":"Article","@id":"https:\/\/pans.krosno.pl\/iro\/yes-erasmus-termin-nadsylania-przedluzony-do-18-pazdziernika\/#article","isPartOf":{"@id":"https:\/\/pans.krosno.pl\/iro\/yes-erasmus-termin-nadsylania-przedluzony-do-18-pazdziernika\/"},"author":{"name":"patryksolinski","@id":"https:\/\/pans.krosno.pl\/iro\/#\/schema\/person\/0df160168fa26ce868a4e32847a44530"},"headline":"YES! Erasmus+ termin nadsy\u0142ania przed\u0142u\u017cony do 18 pa\u017adziernika!","datePublished":"2026-09-01T21:41:13+00:00","dateModified":"2026-09-01T21:41:15+00:00","mainEntityOfPage":{"@id":"https:\/\/pans.krosno.pl\/iro\/yes-erasmus-termin-nadsylania-przedluzony-do-18-pazdziernika\/"},"wordCount":202,"commentCount":0,"publisher":{"@id":"https:\/\/pans.krosno.pl\/iro\/#organization"},"image":{"@id":"https:\/\/pans.krosno.pl\/iro\/yes-erasmus-termin-nadsylania-przedluzony-do-18-pazdziernika\/#primaryimage"},"thumbnailUrl":"https:\/\/pans.krosno.pl\/iro\/wp-content\/uploads\/sites\/26\/2026\/09\/YESE-UW-www-880x300-1.webp","inLanguage":"pl-PL","potentialAction":[{"@type":"CommentAction","name":"Comment","target":["https:\/\/pans.krosno.pl\/iro\/yes-erasmus-termin-nadsylania-przedluzony-do-18-pazdziernika\/#respond"]}]},{"@type":"WebPage","@id":"https:\/\/pans.krosno.pl\/iro\/yes-erasmus-termin-nadsylania-przedluzony-do-18-pazdziernika\/","url":"https:\/\/pans.krosno.pl\/iro\/yes-erasmus-termin-nadsylania-przedluzony-do-18-pazdziernika\/","name":"YES! Erasmus+ termin nadsy\u0142ania przed\u0142u\u017cony do 18 pa\u017adziernika! - International Relations Office PANS w Kro\u015bnie","isPartOf":{"@id":"https:\/\/pans.krosno.pl\/iro\/#website"},"primaryImageOfPage":{"@id":"https:\/\/pans.krosno.pl\/iro\/yes-erasmus-termin-nadsylania-przedluzony-do-18-pazdziernika\/#primaryimage"},"image":{"@id":"https:\/\/pans.krosno.pl\/iro\/yes-erasmus-termin-nadsylania-przedluzony-do-18-pazdziernika\/#primaryimage"},"thumbnailUrl":"https:\/\/pans.krosno.pl\/iro\/wp-content\/uploads\/sites\/26\/2026\/09\/YESE-UW-www-880x300-1.webp","datePublished":"2026-09-01T21:41:13+00:00","dateModified":"2026-09-01T21:41:15+00:00","breadcrumb":{"@id":"https:\/\/pans.krosno.pl\/iro\/yes-erasmus-termin-nadsylania-przedluzony-do-18-pazdziernika\/#breadcrumb"},"inLanguage":"pl-PL","potentialAction":[{"@type":"ReadAction","target":["https:\/\/pans.krosno.pl\/iro\/yes-erasmus-termin-nadsylania-przedluzony-do-18-pazdziernika\/"]}]},{"@type":"ImageObject","inLanguage":"pl-PL","@id":"https:\/\/pans.krosno.pl\/iro\/yes-erasmus-termin-nadsylania-przedluzony-do-18-pazdziernika\/#primaryimage","url":"https:\/\/pans.krosno.pl\/iro\/wp-content\/uploads\/sites\/26\/2026\/09\/YESE-UW-www-880x300-1.webp","contentUrl":"https:\/\/pans.krosno.pl\/iro\/wp-content\/uploads\/sites\/26\/2026\/09\/YESE-UW-www-880x300-1.webp","width":880,"height":300},{"@type":"BreadcrumbList","@id":"https:\/\/pans.krosno.pl\/iro\/yes-erasmus-termin-nadsylania-przedluzony-do-18-pazdziernika\/#breadcrumb","itemListElement":[{"@type":"ListItem","position":1,"name":"Strona g\u0142\u00f3wna","item":"https:\/\/pans.krosno.pl\/iro\/"},{"@type":"ListItem","position":2,"name":"YES! Erasmus+ termin nadsy\u0142ania przed\u0142u\u017cony do 18 pa\u017adziernika!"}]},{"@type":"WebSite","@id":"https:\/\/pans.krosno.pl\/iro\/#website","url":"https:\/\/pans.krosno.pl\/iro\/","name":"International Relations Office PANS w Kro\u015bnie","description":"International Relations Office - Pa\u0144stwowa Akademia Nauk Stosowanych","publisher":{"@id":"https:\/\/pans.krosno.pl\/iro\/#organization"},"potentialAction":[{"@type":"SearchAction","target":{"@type":"EntryPoint","urlTemplate":"https:\/\/pans.krosno.pl\/iro\/?s={search_term_string}"},"query-input":{"@type":"PropertyValueSpecification","valueRequired":true,"valueName":"search_term_string"}}],"inLanguage":"pl-PL"},{"@type":"Organization","@id":"https:\/\/pans.krosno.pl\/iro\/#organization","name":"International Relations Office PANS w Kro\u015bnie","url":"https:\/\/pans.krosno.pl\/iro\/","logo":{"@type":"ImageObject","inLanguage":"pl-PL","@id":"https:\/\/pans.krosno.pl\/iro\/#\/schema\/logo\/image\/","url":"https:\/\/pans.krosno.pl\/iro\/wp-content\/uploads\/sites\/26\/2023\/01\/Logo-PANS-2022-pelne.png","contentUrl":"https:\/\/pans.krosno.pl\/iro\/wp-content\/uploads\/sites\/26\/2023\/01\/Logo-PANS-2022-pelne.png","width":3096,"height":696,"caption":"International Relations Office PANS w Kro\u015bnie"},"image":{"@id":"https:\/\/pans.krosno.pl\/iro\/#\/schema\/logo\/image\/"}},{"@type":"Person","@id":"https:\/\/pans.krosno.pl\/iro\/#\/schema\/person\/0df160168fa26ce868a4e32847a44530","name":"patryksolinski","image":{"@type":"ImageObject","inLanguage":"pl-PL","@id":"https:\/\/secure.gravatar.com\/avatar\/02430c3ca25cc7069e325c5effbb51277078341172c3cc89fe4c8d9e004fc0d2?s=96&d=mm&r=g","url":"https:\/\/secure.gravatar.com\/avatar\/02430c3ca25cc7069e325c5effbb51277078341172c3cc89fe4c8d9e004fc0d2?s=96&d=mm&r=g","contentUrl":"https:\/\/secure.gravatar.com\/avatar\/02430c3ca25cc7069e325c5effbb51277078341172c3cc89fe4c8d9e004fc0d2?s=96&d=mm&r=g","caption":"patryksolinski"},"url":"https:\/\/pans.krosno.pl\/iro\/author\/patryksolinski\/"}]}},"_links":{"self":[{"href":"https:\/\/pans.krosno.pl\/iro\/wp-json\/wp\/v2\/posts\/6077","targetHints":{"allow":["GET"]}}],"collection":[{"href":"https:\/\/pans.krosno.pl\/iro\/wp-json\/wp\/v2\/posts"}],"about":[{"href":"https:\/\/pans.krosno.pl\/iro\/wp-json\/wp\/v2\/types\/post"}],"author":[{"embeddable":true,"href":"https:\/\/pans.krosno.pl\/iro\/wp-json\/wp\/v2\/users\/94"}],"replies":[{"embeddable":true,"href":"https:\/\/pans.krosno.pl\/iro\/wp-json\/wp\/v2\/comments?post=6077"}],"version-history":[{"count":1,"href":"https:\/\/pans.krosno.pl\/iro\/wp-json\/wp\/v2\/posts\/6077\/revisions"}],"predecessor-version":[{"id":6080,"href":"https:\/\/pans.krosno.pl\/iro\/wp-json\/wp\/v2\/posts\/6077\/revisions\/6080"}],"wp:featuredmedia":[{"embeddable":true,"href":"https:\/\/pans.krosno.pl\/iro\/wp-json\/wp\/v2\/media\/6078"}],"wp:attachment":[{"href":"https:\/\/pans.krosno.pl\/iro\/wp-json\/wp\/v2\/media?parent=6077"}],"wp:term":[{"taxonomy":"category","embeddable":true,"href":"https:\/\/pans.krosno.pl\/iro\/wp-json\/wp\/v2\/categories?post=6077"},{"taxonomy":"post_tag","embeddable":true,"href":"https:\/\/pans.krosno.pl\/iro\/wp-json\/wp\/v2\/tags?post=6077"}],"curies":[{"name":"wp","href":"https:\/\/api.w.org\/{rel}","templated":true}]}}