{"id":3872,"date":"2024-10-11T14:36:18","date_gmt":"2024-10-11T12:36:18","guid":{"rendered":"https:\/\/pans.krosno.pl\/iro\/?p=3872"},"modified":"2024-10-11T14:40:22","modified_gmt":"2024-10-11T12:40:22","slug":"nabor-wnioskow-na-studia-erasmus-semestr-letni-2024-5","status":"publish","type":"post","link":"https:\/\/pans.krosno.pl\/iro\/nabor-wnioskow-na-studia-erasmus-semestr-letni-2024-5\/","title":{"rendered":"Nab\u00f3r wniosk\u00f3w na studia ERASMUS semestr letni 2024\/5"},"content":{"rendered":"\n<p>Wyjazdy na studia semestr letni 2024\/2025 ze stypendium programu Erasmus+ \ud83c\udf0d\ud83d\udd25<\/p>\n\n\n\n<p>Zapraszamy student\u00f3w Pa\u0144stwowej Akademii Nauk Stosowanych w Kro\u015bnie do sk\u0142adania wniosk\u00f3w o przyznanie stypendium na realizacj\u0119 mobilno\u015bci w ramach programu Erasmus+ \ud83c\uddea\ud83c\uddfa<\/p>\n\n\n\n<ul class=\"wp-block-list\">\n<li>Nab\u00f3r jest prowadzony do 25.10.2024 \u2757<\/li>\n<\/ul>\n\n\n\n<ul class=\"wp-block-list\">\n<li>Wyniki zostan\u0105 og\u0142oszone najp\u00f3\u017aniej 31.10.2024<br><\/li>\n\n\n\n<li>Wyjazdy celem studiowania nie mog\u0105 odbywa\u0107 si\u0119 na pierwszym, drugim i ostatnim semestrze studi\u00f3w<br><\/li>\n\n\n\n<li>W ramach wniosku mo\u017cna wybra\u0107 maksymalnie 3 uczelnie. Zach\u0119camy do wyboru r\u00f3\u017cnych instytucji, ze wzgl\u0119du na mo\u017cliwe limity w przyj\u0119tej liczbie student\u00f3w w niekt\u00f3rych instytucjach. Kolejno\u015b\u0107 wyboru uczelni ma znaczenie.<\/li>\n<\/ul>\n\n\n\n<p>Wnioski nale\u017cy sk\u0142ada\u0107 w formie ELEKTRONICZNEJ za po\u015brednictwem portalu USOS. <a href=\"https:\/\/pans.krosno.pl\/ic\/wp-content\/uploads\/sites\/49\/2024\/04\/EWP-rekrutacja-i-oferta-wyjazdow.pdf\">Instrukcja tej procedury znajduje si\u0119 w tym linku.<\/a> Je\u017celi uczelnia nie jest wy\u015bwietlana w USOS, a znajduje si\u0119 na <a href=\"https:\/\/pans.krosno.pl\/iro\/list-of-universities\/\">li\u015bcie uczelni partnerskich<\/a> (np. Batumi Shota Rustaveli State University w Gruzji) nale\u017cy skorzysta\u0107 z <a href=\"https:\/\/pans.krosno.pl\/iro\/wp-content\/uploads\/sites\/26\/2024\/10\/Zalacznik-nr-1-do-Regulaminu-realizacji-programu-Erasmus.docx\">tradycyjnego wniosku aplikacyjnego<\/a> i dostarczy\u0107 go najp\u00f3\u017aniej do 25.10.2024 do pokoju nr. 004 Sekcja ds. Wsp\u00f3\u0142pracy Mi\u0119dzynarodowej do mgr in\u017c. Patryka Soli\u0144skiego (godziny od 8:00 do 16:00 w dni robocze).<\/p>\n\n\n\n<p>Sekcja ds. Wsp\u00f3\u0142pracy Mi\u0119dzynarodowej odpowie na wszelkie pytania kierowane pod adres iro@pans.krosno.pl lub telefonicznie 134375515<\/p>\n\n\n\n<p>Jakie stypendium otrzyma osoba zakwalifikowana? Stawki znajduj\u0105 si\u0119 poni\u017cej<\/p>\n\n\n\n<figure class=\"wp-block-image size-full\"><img loading=\"lazy\" decoding=\"async\" width=\"786\" height=\"272\" src=\"https:\/\/pans.krosno.pl\/iro\/wp-content\/uploads\/sites\/26\/2024\/10\/obraz-1.png\" alt=\"\" class=\"wp-image-3875\" srcset=\"https:\/\/pans.krosno.pl\/iro\/wp-content\/uploads\/sites\/26\/2024\/10\/obraz-1.png 786w, https:\/\/pans.krosno.pl\/iro\/wp-content\/uploads\/sites\/26\/2024\/10\/obraz-1-300x104.png 300w, https:\/\/pans.krosno.pl\/iro\/wp-content\/uploads\/sites\/26\/2024\/10\/obraz-1-768x266.png 768w, https:\/\/pans.krosno.pl\/iro\/wp-content\/uploads\/sites\/26\/2024\/10\/obraz-1-580x201.png 580w\" sizes=\"auto, (max-width: 786px) 100vw, 786px\" \/><\/figure>\n","protected":false},"excerpt":{"rendered":"<p>Wyjazdy na studia semestr letni 2024\/2025 ze stypendium programu Erasmus+ \ud83c\udf0d\ud83d\udd25 Zapraszamy student\u00f3w Pa\u0144stwowej Akademii Nauk Stosowanych w Kro\u015bnie do sk\u0142adania wniosk\u00f3w o przyznanie stypendium na realizacj\u0119 mobilno\u015bci w ramach programu Erasmus+ \ud83c\uddea\ud83c\uddfa Wnioski nale\u017cy sk\u0142ada\u0107 w formie ELEKTRONICZNEJ za po\u015brednictwem portalu USOS. Instrukcja tej procedury znajduje si\u0119 w tym [\u2026] <\/p>\n<div class=\"clear\"><\/div>\n<p><a class=\"more_link clearfix\" href=\"https:\/\/pans.krosno.pl\/iro\/nabor-wnioskow-na-studia-erasmus-semestr-letni-2024-5\/\" rel=\"nofollow\">Read More<\/a><\/p>\n","protected":false},"author":94,"featured_media":3873,"comment_status":"open","ping_status":"open","sticky":false,"template":"","format":"standard","meta":{"ngg_post_thumbnail":0,"footnotes":""},"categories":[1],"tags":[],"class_list":["post-3872","post","type-post","status-publish","format-standard","has-post-thumbnail","hentry","category-bez-kategorii"],"yoast_head":"<!-- This site is optimized with the Yoast SEO Premium plugin v27.4 (Yoast SEO v27.4) - https:\/\/yoast.com\/product\/yoast-seo-premium-wordpress\/ -->\n<title>Nab\u00f3r wniosk\u00f3w na studia ERASMUS semestr letni 2024\/5 - International Relations Office PANS w Kro\u015bnie<\/title>\n<meta name=\"robots\" content=\"index, follow, max-snippet:-1, max-image-preview:large, max-video-preview:-1\" \/>\n<link rel=\"canonical\" href=\"https:\/\/pans.krosno.pl\/iro\/nabor-wnioskow-na-studia-erasmus-semestr-letni-2024-5\/\" \/>\n<meta property=\"og:locale\" content=\"pl_PL\" \/>\n<meta property=\"og:type\" content=\"article\" \/>\n<meta property=\"og:title\" content=\"Nab\u00f3r wniosk\u00f3w na studia ERASMUS semestr letni 2024\/5\" \/>\n<meta property=\"og:description\" content=\"Wyjazdy na studia semestr letni 2024\/2025 ze stypendium programu Erasmus+ \ud83c\udf0d\ud83d\udd25 Zapraszamy student\u00f3w Pa\u0144stwowej Akademii Nauk Stosowanych w Kro\u015bnie do sk\u0142adania wniosk\u00f3w o przyznanie stypendium na realizacj\u0119 mobilno\u015bci w ramach programu Erasmus+ \ud83c\uddea\ud83c\uddfa Wnioski nale\u017cy sk\u0142ada\u0107 w formie ELEKTRONICZNEJ za po\u015brednictwem portalu USOS. Instrukcja tej procedury znajduje si\u0119 w tym [\u2026] Read More\" \/>\n<meta property=\"og:url\" content=\"https:\/\/pans.krosno.pl\/iro\/nabor-wnioskow-na-studia-erasmus-semestr-letni-2024-5\/\" \/>\n<meta property=\"og:site_name\" content=\"International Relations Office PANS w Kro\u015bnie\" \/>\n<meta property=\"article:published_time\" content=\"2024-10-11T12:36:18+00:00\" \/>\n<meta property=\"article:modified_time\" content=\"2024-10-11T12:40:22+00:00\" \/>\n<meta property=\"og:image\" content=\"https:\/\/pans.krosno.pl\/iro\/wp-content\/uploads\/sites\/26\/2024\/10\/Flag_of_Europe.svg_.png\" \/>\n\t<meta property=\"og:image:width\" content=\"2560\" \/>\n\t<meta property=\"og:image:height\" content=\"1707\" \/>\n\t<meta property=\"og:image:type\" content=\"image\/png\" \/>\n<meta name=\"author\" content=\"patryksolinski\" \/>\n<meta name=\"twitter:card\" content=\"summary_large_image\" \/>\n<meta name=\"twitter:label1\" content=\"Napisane przez\" \/>\n\t<meta name=\"twitter:data1\" content=\"patryksolinski\" \/>\n\t<meta name=\"twitter:label2\" content=\"Szacowany czas czytania\" \/>\n\t<meta name=\"twitter:data2\" content=\"2 minuty\" \/>\n<script type=\"application\/ld+json\" class=\"yoast-schema-graph\">{\"@context\":\"https:\\\/\\\/schema.org\",\"@graph\":[{\"@type\":\"Article\",\"@id\":\"https:\\\/\\\/pans.krosno.pl\\\/iro\\\/nabor-wnioskow-na-studia-erasmus-semestr-letni-2024-5\\\/#article\",\"isPartOf\":{\"@id\":\"https:\\\/\\\/pans.krosno.pl\\\/iro\\\/nabor-wnioskow-na-studia-erasmus-semestr-letni-2024-5\\\/\"},\"author\":{\"name\":\"patryksolinski\",\"@id\":\"https:\\\/\\\/pans.krosno.pl\\\/iro\\\/#\\\/schema\\\/person\\\/0df160168fa26ce868a4e32847a44530\"},\"headline\":\"Nab\u00f3r wniosk\u00f3w na studia ERASMUS semestr letni 2024\\\/5\",\"datePublished\":\"2024-10-11T12:36:18+00:00\",\"dateModified\":\"2024-10-11T12:40:22+00:00\",\"mainEntityOfPage\":{\"@id\":\"https:\\\/\\\/pans.krosno.pl\\\/iro\\\/nabor-wnioskow-na-studia-erasmus-semestr-letni-2024-5\\\/\"},\"wordCount\":217,\"commentCount\":1,\"publisher\":{\"@id\":\"https:\\\/\\\/pans.krosno.pl\\\/iro\\\/#organization\"},\"image\":{\"@id\":\"https:\\\/\\\/pans.krosno.pl\\\/iro\\\/nabor-wnioskow-na-studia-erasmus-semestr-letni-2024-5\\\/#primaryimage\"},\"thumbnailUrl\":\"https:\\\/\\\/pans.krosno.pl\\\/iro\\\/wp-content\\\/uploads\\\/sites\\\/26\\\/2024\\\/10\\\/Flag_of_Europe.svg_.png\",\"inLanguage\":\"pl-PL\",\"potentialAction\":[{\"@type\":\"CommentAction\",\"name\":\"Comment\",\"target\":[\"https:\\\/\\\/pans.krosno.pl\\\/iro\\\/nabor-wnioskow-na-studia-erasmus-semestr-letni-2024-5\\\/#respond\"]}]},{\"@type\":\"WebPage\",\"@id\":\"https:\\\/\\\/pans.krosno.pl\\\/iro\\\/nabor-wnioskow-na-studia-erasmus-semestr-letni-2024-5\\\/\",\"url\":\"https:\\\/\\\/pans.krosno.pl\\\/iro\\\/nabor-wnioskow-na-studia-erasmus-semestr-letni-2024-5\\\/\",\"name\":\"Nab\u00f3r wniosk\u00f3w na studia ERASMUS semestr letni 2024\\\/5 - International Relations Office PANS w Kro\u015bnie\",\"isPartOf\":{\"@id\":\"https:\\\/\\\/pans.krosno.pl\\\/iro\\\/#website\"},\"primaryImageOfPage\":{\"@id\":\"https:\\\/\\\/pans.krosno.pl\\\/iro\\\/nabor-wnioskow-na-studia-erasmus-semestr-letni-2024-5\\\/#primaryimage\"},\"image\":{\"@id\":\"https:\\\/\\\/pans.krosno.pl\\\/iro\\\/nabor-wnioskow-na-studia-erasmus-semestr-letni-2024-5\\\/#primaryimage\"},\"thumbnailUrl\":\"https:\\\/\\\/pans.krosno.pl\\\/iro\\\/wp-content\\\/uploads\\\/sites\\\/26\\\/2024\\\/10\\\/Flag_of_Europe.svg_.png\",\"datePublished\":\"2024-10-11T12:36:18+00:00\",\"dateModified\":\"2024-10-11T12:40:22+00:00\",\"breadcrumb\":{\"@id\":\"https:\\\/\\\/pans.krosno.pl\\\/iro\\\/nabor-wnioskow-na-studia-erasmus-semestr-letni-2024-5\\\/#breadcrumb\"},\"inLanguage\":\"pl-PL\",\"potentialAction\":[{\"@type\":\"ReadAction\",\"target\":[\"https:\\\/\\\/pans.krosno.pl\\\/iro\\\/nabor-wnioskow-na-studia-erasmus-semestr-letni-2024-5\\\/\"]}]},{\"@type\":\"ImageObject\",\"inLanguage\":\"pl-PL\",\"@id\":\"https:\\\/\\\/pans.krosno.pl\\\/iro\\\/nabor-wnioskow-na-studia-erasmus-semestr-letni-2024-5\\\/#primaryimage\",\"url\":\"https:\\\/\\\/pans.krosno.pl\\\/iro\\\/wp-content\\\/uploads\\\/sites\\\/26\\\/2024\\\/10\\\/Flag_of_Europe.svg_.png\",\"contentUrl\":\"https:\\\/\\\/pans.krosno.pl\\\/iro\\\/wp-content\\\/uploads\\\/sites\\\/26\\\/2024\\\/10\\\/Flag_of_Europe.svg_.png\",\"width\":2560,\"height\":1707},{\"@type\":\"BreadcrumbList\",\"@id\":\"https:\\\/\\\/pans.krosno.pl\\\/iro\\\/nabor-wnioskow-na-studia-erasmus-semestr-letni-2024-5\\\/#breadcrumb\",\"itemListElement\":[{\"@type\":\"ListItem\",\"position\":1,\"name\":\"Strona g\u0142\u00f3wna\",\"item\":\"https:\\\/\\\/pans.krosno.pl\\\/iro\\\/\"},{\"@type\":\"ListItem\",\"position\":2,\"name\":\"Nab\u00f3r wniosk\u00f3w na studia ERASMUS semestr letni 2024\\\/5\"}]},{\"@type\":\"WebSite\",\"@id\":\"https:\\\/\\\/pans.krosno.pl\\\/iro\\\/#website\",\"url\":\"https:\\\/\\\/pans.krosno.pl\\\/iro\\\/\",\"name\":\"International Relations Office PANS w Kro\u015bnie\",\"description\":\"International Relations Office - Pa\u0144stwowa Akademia Nauk Stosowanych\",\"publisher\":{\"@id\":\"https:\\\/\\\/pans.krosno.pl\\\/iro\\\/#organization\"},\"potentialAction\":[{\"@type\":\"SearchAction\",\"target\":{\"@type\":\"EntryPoint\",\"urlTemplate\":\"https:\\\/\\\/pans.krosno.pl\\\/iro\\\/?s={search_term_string}\"},\"query-input\":{\"@type\":\"PropertyValueSpecification\",\"valueRequired\":true,\"valueName\":\"search_term_string\"}}],\"inLanguage\":\"pl-PL\"},{\"@type\":\"Organization\",\"@id\":\"https:\\\/\\\/pans.krosno.pl\\\/iro\\\/#organization\",\"name\":\"International Relations Office PANS w Kro\u015bnie\",\"url\":\"https:\\\/\\\/pans.krosno.pl\\\/iro\\\/\",\"logo\":{\"@type\":\"ImageObject\",\"inLanguage\":\"pl-PL\",\"@id\":\"https:\\\/\\\/pans.krosno.pl\\\/iro\\\/#\\\/schema\\\/logo\\\/image\\\/\",\"url\":\"https:\\\/\\\/pans.krosno.pl\\\/iro\\\/wp-content\\\/uploads\\\/sites\\\/26\\\/2023\\\/01\\\/Logo-PANS-2022-pelne.png\",\"contentUrl\":\"https:\\\/\\\/pans.krosno.pl\\\/iro\\\/wp-content\\\/uploads\\\/sites\\\/26\\\/2023\\\/01\\\/Logo-PANS-2022-pelne.png\",\"width\":3096,\"height\":696,\"caption\":\"International Relations Office PANS w Kro\u015bnie\"},\"image\":{\"@id\":\"https:\\\/\\\/pans.krosno.pl\\\/iro\\\/#\\\/schema\\\/logo\\\/image\\\/\"}},{\"@type\":\"Person\",\"@id\":\"https:\\\/\\\/pans.krosno.pl\\\/iro\\\/#\\\/schema\\\/person\\\/0df160168fa26ce868a4e32847a44530\",\"name\":\"patryksolinski\",\"image\":{\"@type\":\"ImageObject\",\"inLanguage\":\"pl-PL\",\"@id\":\"https:\\\/\\\/secure.gravatar.com\\\/avatar\\\/02430c3ca25cc7069e325c5effbb51277078341172c3cc89fe4c8d9e004fc0d2?s=96&d=mm&r=g\",\"url\":\"https:\\\/\\\/secure.gravatar.com\\\/avatar\\\/02430c3ca25cc7069e325c5effbb51277078341172c3cc89fe4c8d9e004fc0d2?s=96&d=mm&r=g\",\"contentUrl\":\"https:\\\/\\\/secure.gravatar.com\\\/avatar\\\/02430c3ca25cc7069e325c5effbb51277078341172c3cc89fe4c8d9e004fc0d2?s=96&d=mm&r=g\",\"caption\":\"patryksolinski\"},\"url\":\"https:\\\/\\\/pans.krosno.pl\\\/iro\\\/author\\\/patryksolinski\\\/\"}]}<\/script>\n<!-- \/ Yoast SEO Premium plugin. -->","yoast_head_json":{"title":"Nab\u00f3r wniosk\u00f3w na studia ERASMUS semestr letni 2024\/5 - International Relations Office PANS w Kro\u015bnie","robots":{"index":"index","follow":"follow","max-snippet":"max-snippet:-1","max-image-preview":"max-image-preview:large","max-video-preview":"max-video-preview:-1"},"canonical":"https:\/\/pans.krosno.pl\/iro\/nabor-wnioskow-na-studia-erasmus-semestr-letni-2024-5\/","og_locale":"pl_PL","og_type":"article","og_title":"Nab\u00f3r wniosk\u00f3w na studia ERASMUS semestr letni 2024\/5","og_description":"Wyjazdy na studia semestr letni 2024\/2025 ze stypendium programu Erasmus+ \ud83c\udf0d\ud83d\udd25 Zapraszamy student\u00f3w Pa\u0144stwowej Akademii Nauk Stosowanych w Kro\u015bnie do sk\u0142adania wniosk\u00f3w o przyznanie stypendium na realizacj\u0119 mobilno\u015bci w ramach programu Erasmus+ \ud83c\uddea\ud83c\uddfa Wnioski nale\u017cy sk\u0142ada\u0107 w formie ELEKTRONICZNEJ za po\u015brednictwem portalu USOS. Instrukcja tej procedury znajduje si\u0119 w tym [\u2026] Read More","og_url":"https:\/\/pans.krosno.pl\/iro\/nabor-wnioskow-na-studia-erasmus-semestr-letni-2024-5\/","og_site_name":"International Relations Office PANS w Kro\u015bnie","article_published_time":"2024-10-11T12:36:18+00:00","article_modified_time":"2024-10-11T12:40:22+00:00","og_image":[{"width":2560,"height":1707,"url":"https:\/\/pans.krosno.pl\/iro\/wp-content\/uploads\/sites\/26\/2024\/10\/Flag_of_Europe.svg_.png","type":"image\/png"}],"author":"patryksolinski","twitter_card":"summary_large_image","twitter_misc":{"Napisane przez":"patryksolinski","Szacowany czas czytania":"2 minuty"},"schema":{"@context":"https:\/\/schema.org","@graph":[{"@type":"Article","@id":"https:\/\/pans.krosno.pl\/iro\/nabor-wnioskow-na-studia-erasmus-semestr-letni-2024-5\/#article","isPartOf":{"@id":"https:\/\/pans.krosno.pl\/iro\/nabor-wnioskow-na-studia-erasmus-semestr-letni-2024-5\/"},"author":{"name":"patryksolinski","@id":"https:\/\/pans.krosno.pl\/iro\/#\/schema\/person\/0df160168fa26ce868a4e32847a44530"},"headline":"Nab\u00f3r wniosk\u00f3w na studia ERASMUS semestr letni 2024\/5","datePublished":"2024-10-11T12:36:18+00:00","dateModified":"2024-10-11T12:40:22+00:00","mainEntityOfPage":{"@id":"https:\/\/pans.krosno.pl\/iro\/nabor-wnioskow-na-studia-erasmus-semestr-letni-2024-5\/"},"wordCount":217,"commentCount":1,"publisher":{"@id":"https:\/\/pans.krosno.pl\/iro\/#organization"},"image":{"@id":"https:\/\/pans.krosno.pl\/iro\/nabor-wnioskow-na-studia-erasmus-semestr-letni-2024-5\/#primaryimage"},"thumbnailUrl":"https:\/\/pans.krosno.pl\/iro\/wp-content\/uploads\/sites\/26\/2024\/10\/Flag_of_Europe.svg_.png","inLanguage":"pl-PL","potentialAction":[{"@type":"CommentAction","name":"Comment","target":["https:\/\/pans.krosno.pl\/iro\/nabor-wnioskow-na-studia-erasmus-semestr-letni-2024-5\/#respond"]}]},{"@type":"WebPage","@id":"https:\/\/pans.krosno.pl\/iro\/nabor-wnioskow-na-studia-erasmus-semestr-letni-2024-5\/","url":"https:\/\/pans.krosno.pl\/iro\/nabor-wnioskow-na-studia-erasmus-semestr-letni-2024-5\/","name":"Nab\u00f3r wniosk\u00f3w na studia ERASMUS semestr letni 2024\/5 - International Relations Office PANS w Kro\u015bnie","isPartOf":{"@id":"https:\/\/pans.krosno.pl\/iro\/#website"},"primaryImageOfPage":{"@id":"https:\/\/pans.krosno.pl\/iro\/nabor-wnioskow-na-studia-erasmus-semestr-letni-2024-5\/#primaryimage"},"image":{"@id":"https:\/\/pans.krosno.pl\/iro\/nabor-wnioskow-na-studia-erasmus-semestr-letni-2024-5\/#primaryimage"},"thumbnailUrl":"https:\/\/pans.krosno.pl\/iro\/wp-content\/uploads\/sites\/26\/2024\/10\/Flag_of_Europe.svg_.png","datePublished":"2024-10-11T12:36:18+00:00","dateModified":"2024-10-11T12:40:22+00:00","breadcrumb":{"@id":"https:\/\/pans.krosno.pl\/iro\/nabor-wnioskow-na-studia-erasmus-semestr-letni-2024-5\/#breadcrumb"},"inLanguage":"pl-PL","potentialAction":[{"@type":"ReadAction","target":["https:\/\/pans.krosno.pl\/iro\/nabor-wnioskow-na-studia-erasmus-semestr-letni-2024-5\/"]}]},{"@type":"ImageObject","inLanguage":"pl-PL","@id":"https:\/\/pans.krosno.pl\/iro\/nabor-wnioskow-na-studia-erasmus-semestr-letni-2024-5\/#primaryimage","url":"https:\/\/pans.krosno.pl\/iro\/wp-content\/uploads\/sites\/26\/2024\/10\/Flag_of_Europe.svg_.png","contentUrl":"https:\/\/pans.krosno.pl\/iro\/wp-content\/uploads\/sites\/26\/2024\/10\/Flag_of_Europe.svg_.png","width":2560,"height":1707},{"@type":"BreadcrumbList","@id":"https:\/\/pans.krosno.pl\/iro\/nabor-wnioskow-na-studia-erasmus-semestr-letni-2024-5\/#breadcrumb","itemListElement":[{"@type":"ListItem","position":1,"name":"Strona g\u0142\u00f3wna","item":"https:\/\/pans.krosno.pl\/iro\/"},{"@type":"ListItem","position":2,"name":"Nab\u00f3r wniosk\u00f3w na studia ERASMUS semestr letni 2024\/5"}]},{"@type":"WebSite","@id":"https:\/\/pans.krosno.pl\/iro\/#website","url":"https:\/\/pans.krosno.pl\/iro\/","name":"International Relations Office PANS w Kro\u015bnie","description":"International Relations Office - Pa\u0144stwowa Akademia Nauk Stosowanych","publisher":{"@id":"https:\/\/pans.krosno.pl\/iro\/#organization"},"potentialAction":[{"@type":"SearchAction","target":{"@type":"EntryPoint","urlTemplate":"https:\/\/pans.krosno.pl\/iro\/?s={search_term_string}"},"query-input":{"@type":"PropertyValueSpecification","valueRequired":true,"valueName":"search_term_string"}}],"inLanguage":"pl-PL"},{"@type":"Organization","@id":"https:\/\/pans.krosno.pl\/iro\/#organization","name":"International Relations Office PANS w Kro\u015bnie","url":"https:\/\/pans.krosno.pl\/iro\/","logo":{"@type":"ImageObject","inLanguage":"pl-PL","@id":"https:\/\/pans.krosno.pl\/iro\/#\/schema\/logo\/image\/","url":"https:\/\/pans.krosno.pl\/iro\/wp-content\/uploads\/sites\/26\/2023\/01\/Logo-PANS-2022-pelne.png","contentUrl":"https:\/\/pans.krosno.pl\/iro\/wp-content\/uploads\/sites\/26\/2023\/01\/Logo-PANS-2022-pelne.png","width":3096,"height":696,"caption":"International Relations Office PANS w Kro\u015bnie"},"image":{"@id":"https:\/\/pans.krosno.pl\/iro\/#\/schema\/logo\/image\/"}},{"@type":"Person","@id":"https:\/\/pans.krosno.pl\/iro\/#\/schema\/person\/0df160168fa26ce868a4e32847a44530","name":"patryksolinski","image":{"@type":"ImageObject","inLanguage":"pl-PL","@id":"https:\/\/secure.gravatar.com\/avatar\/02430c3ca25cc7069e325c5effbb51277078341172c3cc89fe4c8d9e004fc0d2?s=96&d=mm&r=g","url":"https:\/\/secure.gravatar.com\/avatar\/02430c3ca25cc7069e325c5effbb51277078341172c3cc89fe4c8d9e004fc0d2?s=96&d=mm&r=g","contentUrl":"https:\/\/secure.gravatar.com\/avatar\/02430c3ca25cc7069e325c5effbb51277078341172c3cc89fe4c8d9e004fc0d2?s=96&d=mm&r=g","caption":"patryksolinski"},"url":"https:\/\/pans.krosno.pl\/iro\/author\/patryksolinski\/"}]}},"_links":{"self":[{"href":"https:\/\/pans.krosno.pl\/iro\/wp-json\/wp\/v2\/posts\/3872","targetHints":{"allow":["GET"]}}],"collection":[{"href":"https:\/\/pans.krosno.pl\/iro\/wp-json\/wp\/v2\/posts"}],"about":[{"href":"https:\/\/pans.krosno.pl\/iro\/wp-json\/wp\/v2\/types\/post"}],"author":[{"embeddable":true,"href":"https:\/\/pans.krosno.pl\/iro\/wp-json\/wp\/v2\/users\/94"}],"replies":[{"embeddable":true,"href":"https:\/\/pans.krosno.pl\/iro\/wp-json\/wp\/v2\/comments?post=3872"}],"version-history":[{"count":2,"href":"https:\/\/pans.krosno.pl\/iro\/wp-json\/wp\/v2\/posts\/3872\/revisions"}],"predecessor-version":[{"id":3881,"href":"https:\/\/pans.krosno.pl\/iro\/wp-json\/wp\/v2\/posts\/3872\/revisions\/3881"}],"wp:featuredmedia":[{"embeddable":true,"href":"https:\/\/pans.krosno.pl\/iro\/wp-json\/wp\/v2\/media\/3873"}],"wp:attachment":[{"href":"https:\/\/pans.krosno.pl\/iro\/wp-json\/wp\/v2\/media?parent=3872"}],"wp:term":[{"taxonomy":"category","embeddable":true,"href":"https:\/\/pans.krosno.pl\/iro\/wp-json\/wp\/v2\/categories?post=3872"},{"taxonomy":"post_tag","embeddable":true,"href":"https:\/\/pans.krosno.pl\/iro\/wp-json\/wp\/v2\/tags?post=3872"}],"curies":[{"name":"wp","href":"https:\/\/api.w.org\/{rel}","templated":true}]}}