{"id":1137,"date":"2022-05-19T08:21:58","date_gmt":"2022-05-19T06:21:58","guid":{"rendered":"https:\/\/pans.krosno.pl\/inzynieria-produkcji\/?p=1137"},"modified":"2022-05-19T08:25:06","modified_gmt":"2022-05-19T06:25:06","slug":"czy-segregowac-odpady-jaka-jest-odpowiedz-po-warsztatach-z-dziecmi","status":"publish","type":"post","link":"https:\/\/pans.krosno.pl\/inzynieria-produkcji\/czy-segregowac-odpady-jaka-jest-odpowiedz-po-warsztatach-z-dziecmi\/","title":{"rendered":"&#8222;Czy segregowa\u0107 odpady?&#8221; &#8211; jaka jest odpowied\u017a po warsztatach z dzie\u0107mi?"},"content":{"rendered":"\n<p>&#8222;Czy segregowa\u0107 odpady?&#8221; zastanawiali\u015bmy si\u0119 z dzie\u0107mi ze Szko\u0142y Podstawowej nr 8 podczas warsztat\u00f3w przeprowadzonych w Zak\u0142adzie In\u017cynierii Produkcji i \u015arodowiska, a organizowanych w ramach Kro\u015bnie\u0144skiej Akademii Przysz\u0142o\u015bci w KPU. Odpowied\u017a by\u0142a oczywista!:)<\/p>\n\n\n\n<p>W warsztatach wytrwale pomagali: Szymon, Jakub i Pawe\u0142, studenci kierunku In\u017cynieria Produkcji.<\/p>\n\n\n\n<figure class=\"wp-block-image size-large\"><img loading=\"lazy\" decoding=\"async\" width=\"1024\" height=\"683\" src=\"https:\/\/pans.krosno.pl\/inzynieria-produkcji\/wp-content\/uploads\/sites\/33\/2022\/05\/DSC_9361-1024x683.jpg\" alt=\"\" class=\"wp-image-1144\" srcset=\"https:\/\/pans.krosno.pl\/inzynieria-produkcji\/wp-content\/uploads\/sites\/33\/2022\/05\/DSC_9361-1024x683.jpg 1024w, https:\/\/pans.krosno.pl\/inzynieria-produkcji\/wp-content\/uploads\/sites\/33\/2022\/05\/DSC_9361-300x200.jpg 300w, https:\/\/pans.krosno.pl\/inzynieria-produkcji\/wp-content\/uploads\/sites\/33\/2022\/05\/DSC_9361-768x512.jpg 768w, https:\/\/pans.krosno.pl\/inzynieria-produkcji\/wp-content\/uploads\/sites\/33\/2022\/05\/DSC_9361-1536x1024.jpg 1536w, https:\/\/pans.krosno.pl\/inzynieria-produkcji\/wp-content\/uploads\/sites\/33\/2022\/05\/DSC_9361-2048x1365.jpg 2048w, https:\/\/pans.krosno.pl\/inzynieria-produkcji\/wp-content\/uploads\/sites\/33\/2022\/05\/DSC_9361-2000x1333.jpg 2000w, https:\/\/pans.krosno.pl\/inzynieria-produkcji\/wp-content\/uploads\/sites\/33\/2022\/05\/DSC_9361-800x533.jpg 800w, https:\/\/pans.krosno.pl\/inzynieria-produkcji\/wp-content\/uploads\/sites\/33\/2022\/05\/DSC_9361-580x387.jpg 580w\" sizes=\"auto, (max-width: 1024px) 100vw, 1024px\" \/><\/figure>\n\n\n\n<figure class=\"wp-block-gallery columns-1 is-cropped wp-block-gallery-1 is-layout-flex wp-block-gallery-is-layout-flex\"><ul class=\"blocks-gallery-grid\"><li class=\"blocks-gallery-item\"><figure><img loading=\"lazy\" decoding=\"async\" width=\"1024\" height=\"683\" src=\"https:\/\/pans.krosno.pl\/inzynieria-produkcji\/wp-content\/uploads\/sites\/33\/2022\/05\/DSC_9358-1-1024x683.jpg\" alt=\"\" data-id=\"1146\" data-full-url=\"https:\/\/pans.krosno.pl\/inzynieria-produkcji\/wp-content\/uploads\/sites\/33\/2022\/05\/DSC_9358-1-scaled.jpg\" data-link=\"https:\/\/pans.krosno.pl\/inzynieria-produkcji\/czy-segregowac-odpady-jaka-jest-odpowiedz-po-warsztatach-z-dziecmi\/dsc_9358-1\/\" class=\"wp-image-1146\" srcset=\"https:\/\/pans.krosno.pl\/inzynieria-produkcji\/wp-content\/uploads\/sites\/33\/2022\/05\/DSC_9358-1-1024x683.jpg 1024w, https:\/\/pans.krosno.pl\/inzynieria-produkcji\/wp-content\/uploads\/sites\/33\/2022\/05\/DSC_9358-1-300x200.jpg 300w, https:\/\/pans.krosno.pl\/inzynieria-produkcji\/wp-content\/uploads\/sites\/33\/2022\/05\/DSC_9358-1-768x512.jpg 768w, https:\/\/pans.krosno.pl\/inzynieria-produkcji\/wp-content\/uploads\/sites\/33\/2022\/05\/DSC_9358-1-1536x1024.jpg 1536w, https:\/\/pans.krosno.pl\/inzynieria-produkcji\/wp-content\/uploads\/sites\/33\/2022\/05\/DSC_9358-1-2048x1365.jpg 2048w, https:\/\/pans.krosno.pl\/inzynieria-produkcji\/wp-content\/uploads\/sites\/33\/2022\/05\/DSC_9358-1-2000x1333.jpg 2000w, https:\/\/pans.krosno.pl\/inzynieria-produkcji\/wp-content\/uploads\/sites\/33\/2022\/05\/DSC_9358-1-800x533.jpg 800w, https:\/\/pans.krosno.pl\/inzynieria-produkcji\/wp-content\/uploads\/sites\/33\/2022\/05\/DSC_9358-1-580x387.jpg 580w\" sizes=\"auto, (max-width: 1024px) 100vw, 1024px\" \/><\/figure><\/li><\/ul><\/figure>\n","protected":false},"excerpt":{"rendered":"<p>&#8222;Czy segregowa\u0107 odpady?&#8221; zastanawiali\u015bmy si\u0119 z dzie\u0107mi ze Szko\u0142y Podstawowej nr 8 podczas warsztat\u00f3w przeprowadzonych w Zak\u0142adzie In\u017cynierii Produkcji i \u015arodowiska, a organizowanych w ramach Kro\u015bnie\u0144skiej Akademii Przysz\u0142o\u015bci w KPU. Odpowied\u017a by\u0142a oczywista!:) W warsztatach wytrwale pomagali: Szymon, Jakub i Pawe\u0142, studenci kierunku In\u017cynieria Produkcji.<\/p>\n","protected":false},"author":10,"featured_media":1138,"comment_status":"open","ping_status":"open","sticky":false,"template":"","format":"standard","meta":{"ngg_post_thumbnail":0,"footnotes":""},"categories":[1],"tags":[],"class_list":["post-1137","post","type-post","status-publish","format-standard","has-post-thumbnail","hentry","category-bez-kategorii"],"yoast_head":"<!-- This site is optimized with the Yoast SEO Premium plugin v27.4 (Yoast SEO v27.4) - https:\/\/yoast.com\/product\/yoast-seo-premium-wordpress\/ -->\n<title>&quot;Czy segregowa\u0107 odpady?&quot; - jaka jest odpowied\u017a po warsztatach z dzie\u0107mi? - In\u017cynieria Produkcji PANS w Kro\u015bnie<\/title>\n<meta name=\"robots\" content=\"index, follow, max-snippet:-1, max-image-preview:large, max-video-preview:-1\" \/>\n<link rel=\"canonical\" href=\"https:\/\/pans.krosno.pl\/inzynieria-produkcji\/czy-segregowac-odpady-jaka-jest-odpowiedz-po-warsztatach-z-dziecmi\/\" \/>\n<meta property=\"og:locale\" content=\"pl_PL\" \/>\n<meta property=\"og:type\" content=\"article\" \/>\n<meta property=\"og:title\" content=\"&quot;Czy segregowa\u0107 odpady?&quot; - jaka jest odpowied\u017a po warsztatach z dzie\u0107mi?\" \/>\n<meta property=\"og:description\" content=\"&#8222;Czy segregowa\u0107 odpady?&#8221; zastanawiali\u015bmy si\u0119 z dzie\u0107mi ze Szko\u0142y Podstawowej nr 8 podczas warsztat\u00f3w przeprowadzonych w Zak\u0142adzie In\u017cynierii Produkcji i \u015arodowiska, a organizowanych w ramach Kro\u015bnie\u0144skiej Akademii Przysz\u0142o\u015bci w KPU. Odpowied\u017a by\u0142a oczywista!:) W warsztatach wytrwale pomagali: Szymon, Jakub i Pawe\u0142, studenci kierunku In\u017cynieria Produkcji.\" \/>\n<meta property=\"og:url\" content=\"https:\/\/pans.krosno.pl\/inzynieria-produkcji\/czy-segregowac-odpady-jaka-jest-odpowiedz-po-warsztatach-z-dziecmi\/\" \/>\n<meta property=\"og:site_name\" content=\"In\u017cynieria Produkcji PANS w Kro\u015bnie\" \/>\n<meta property=\"article:published_time\" content=\"2022-05-19T06:21:58+00:00\" \/>\n<meta property=\"article:modified_time\" content=\"2022-05-19T06:25:06+00:00\" \/>\n<meta property=\"og:image\" content=\"https:\/\/pans.krosno.pl\/wp-content\/uploads\/sites\/33\/2022\/05\/DSC_9350-scaled.jpg\" \/>\n\t<meta property=\"og:image:width\" content=\"2560\" \/>\n\t<meta property=\"og:image:height\" content=\"1707\" \/>\n\t<meta property=\"og:image:type\" content=\"image\/jpeg\" \/>\n<meta name=\"author\" content=\"bernadetarajchel\" \/>\n<meta name=\"twitter:card\" content=\"summary_large_image\" \/>\n<meta name=\"twitter:label1\" content=\"Napisane przez\" \/>\n\t<meta name=\"twitter:data1\" content=\"bernadetarajchel\" \/>\n\t<meta name=\"twitter:label2\" content=\"Szacowany czas czytania\" \/>\n\t<meta name=\"twitter:data2\" content=\"1 minuta\" \/>\n<script type=\"application\/ld+json\" class=\"yoast-schema-graph\">{\"@context\":\"https:\\\/\\\/schema.org\",\"@graph\":[{\"@type\":\"Article\",\"@id\":\"https:\\\/\\\/pans.krosno.pl\\\/inzynieria-produkcji\\\/czy-segregowac-odpady-jaka-jest-odpowiedz-po-warsztatach-z-dziecmi\\\/#article\",\"isPartOf\":{\"@id\":\"https:\\\/\\\/pans.krosno.pl\\\/inzynieria-produkcji\\\/czy-segregowac-odpady-jaka-jest-odpowiedz-po-warsztatach-z-dziecmi\\\/\"},\"author\":{\"name\":\"bernadetarajchel\",\"@id\":\"https:\\\/\\\/pans.krosno.pl\\\/inzynieria-produkcji\\\/#\\\/schema\\\/person\\\/874c7cd060e355ac9c9566454d82b38d\"},\"headline\":\"&#8222;Czy segregowa\u0107 odpady?&#8221; &#8211; jaka jest odpowied\u017a po warsztatach z dzie\u0107mi?\",\"datePublished\":\"2022-05-19T06:21:58+00:00\",\"dateModified\":\"2022-05-19T06:25:06+00:00\",\"mainEntityOfPage\":{\"@id\":\"https:\\\/\\\/pans.krosno.pl\\\/inzynieria-produkcji\\\/czy-segregowac-odpady-jaka-jest-odpowiedz-po-warsztatach-z-dziecmi\\\/\"},\"wordCount\":68,\"commentCount\":0,\"publisher\":{\"@id\":\"https:\\\/\\\/pans.krosno.pl\\\/inzynieria-produkcji\\\/#organization\"},\"image\":{\"@id\":\"https:\\\/\\\/pans.krosno.pl\\\/inzynieria-produkcji\\\/czy-segregowac-odpady-jaka-jest-odpowiedz-po-warsztatach-z-dziecmi\\\/#primaryimage\"},\"thumbnailUrl\":\"https:\\\/\\\/pans.krosno.pl\\\/inzynieria-produkcji\\\/wp-content\\\/uploads\\\/sites\\\/33\\\/2022\\\/05\\\/DSC_9350-scaled.jpg\",\"inLanguage\":\"pl-PL\",\"potentialAction\":[{\"@type\":\"CommentAction\",\"name\":\"Comment\",\"target\":[\"https:\\\/\\\/pans.krosno.pl\\\/inzynieria-produkcji\\\/czy-segregowac-odpady-jaka-jest-odpowiedz-po-warsztatach-z-dziecmi\\\/#respond\"]}]},{\"@type\":\"WebPage\",\"@id\":\"https:\\\/\\\/pans.krosno.pl\\\/inzynieria-produkcji\\\/czy-segregowac-odpady-jaka-jest-odpowiedz-po-warsztatach-z-dziecmi\\\/\",\"url\":\"https:\\\/\\\/pans.krosno.pl\\\/inzynieria-produkcji\\\/czy-segregowac-odpady-jaka-jest-odpowiedz-po-warsztatach-z-dziecmi\\\/\",\"name\":\"\\\"Czy segregowa\u0107 odpady?\\\" - jaka jest odpowied\u017a po warsztatach z dzie\u0107mi? - In\u017cynieria Produkcji PANS w Kro\u015bnie\",\"isPartOf\":{\"@id\":\"https:\\\/\\\/pans.krosno.pl\\\/inzynieria-produkcji\\\/#website\"},\"primaryImageOfPage\":{\"@id\":\"https:\\\/\\\/pans.krosno.pl\\\/inzynieria-produkcji\\\/czy-segregowac-odpady-jaka-jest-odpowiedz-po-warsztatach-z-dziecmi\\\/#primaryimage\"},\"image\":{\"@id\":\"https:\\\/\\\/pans.krosno.pl\\\/inzynieria-produkcji\\\/czy-segregowac-odpady-jaka-jest-odpowiedz-po-warsztatach-z-dziecmi\\\/#primaryimage\"},\"thumbnailUrl\":\"https:\\\/\\\/pans.krosno.pl\\\/inzynieria-produkcji\\\/wp-content\\\/uploads\\\/sites\\\/33\\\/2022\\\/05\\\/DSC_9350-scaled.jpg\",\"datePublished\":\"2022-05-19T06:21:58+00:00\",\"dateModified\":\"2022-05-19T06:25:06+00:00\",\"breadcrumb\":{\"@id\":\"https:\\\/\\\/pans.krosno.pl\\\/inzynieria-produkcji\\\/czy-segregowac-odpady-jaka-jest-odpowiedz-po-warsztatach-z-dziecmi\\\/#breadcrumb\"},\"inLanguage\":\"pl-PL\",\"potentialAction\":[{\"@type\":\"ReadAction\",\"target\":[\"https:\\\/\\\/pans.krosno.pl\\\/inzynieria-produkcji\\\/czy-segregowac-odpady-jaka-jest-odpowiedz-po-warsztatach-z-dziecmi\\\/\"]}]},{\"@type\":\"ImageObject\",\"inLanguage\":\"pl-PL\",\"@id\":\"https:\\\/\\\/pans.krosno.pl\\\/inzynieria-produkcji\\\/czy-segregowac-odpady-jaka-jest-odpowiedz-po-warsztatach-z-dziecmi\\\/#primaryimage\",\"url\":\"https:\\\/\\\/pans.krosno.pl\\\/inzynieria-produkcji\\\/wp-content\\\/uploads\\\/sites\\\/33\\\/2022\\\/05\\\/DSC_9350-scaled.jpg\",\"contentUrl\":\"https:\\\/\\\/pans.krosno.pl\\\/inzynieria-produkcji\\\/wp-content\\\/uploads\\\/sites\\\/33\\\/2022\\\/05\\\/DSC_9350-scaled.jpg\",\"width\":2560,\"height\":1707},{\"@type\":\"BreadcrumbList\",\"@id\":\"https:\\\/\\\/pans.krosno.pl\\\/inzynieria-produkcji\\\/czy-segregowac-odpady-jaka-jest-odpowiedz-po-warsztatach-z-dziecmi\\\/#breadcrumb\",\"itemListElement\":[{\"@type\":\"ListItem\",\"position\":1,\"name\":\"Strona g\u0142\u00f3wna\",\"item\":\"https:\\\/\\\/pans.krosno.pl\\\/inzynieria-produkcji\\\/\"},{\"@type\":\"ListItem\",\"position\":2,\"name\":\"&#8222;Czy segregowa\u0107 odpady?&#8221; &#8211; jaka jest odpowied\u017a po warsztatach z dzie\u0107mi?\"}]},{\"@type\":\"WebSite\",\"@id\":\"https:\\\/\\\/pans.krosno.pl\\\/inzynieria-produkcji\\\/#website\",\"url\":\"https:\\\/\\\/pans.krosno.pl\\\/inzynieria-produkcji\\\/\",\"name\":\"In\u017cynieria Produkcji PANS w Kro\u015bnie\",\"description\":\"In\u017cynieria Produkcji - Pa\u0144stwowa Akademia Nauk Stosowanych\",\"publisher\":{\"@id\":\"https:\\\/\\\/pans.krosno.pl\\\/inzynieria-produkcji\\\/#organization\"},\"potentialAction\":[{\"@type\":\"SearchAction\",\"target\":{\"@type\":\"EntryPoint\",\"urlTemplate\":\"https:\\\/\\\/pans.krosno.pl\\\/inzynieria-produkcji\\\/?s={search_term_string}\"},\"query-input\":{\"@type\":\"PropertyValueSpecification\",\"valueRequired\":true,\"valueName\":\"search_term_string\"}}],\"inLanguage\":\"pl-PL\"},{\"@type\":\"Organization\",\"@id\":\"https:\\\/\\\/pans.krosno.pl\\\/inzynieria-produkcji\\\/#organization\",\"name\":\"In\u017cynieria Produkcji PANS w Kro\u015bnie\",\"url\":\"https:\\\/\\\/pans.krosno.pl\\\/inzynieria-produkcji\\\/\",\"logo\":{\"@type\":\"ImageObject\",\"inLanguage\":\"pl-PL\",\"@id\":\"https:\\\/\\\/pans.krosno.pl\\\/inzynieria-produkcji\\\/#\\\/schema\\\/logo\\\/image\\\/\",\"url\":\"https:\\\/\\\/pans.krosno.pl\\\/inzynieria-produkcji\\\/wp-content\\\/uploads\\\/sites\\\/33\\\/2023\\\/01\\\/Logo-PANS-2022-pelne.png\",\"contentUrl\":\"https:\\\/\\\/pans.krosno.pl\\\/inzynieria-produkcji\\\/wp-content\\\/uploads\\\/sites\\\/33\\\/2023\\\/01\\\/Logo-PANS-2022-pelne.png\",\"width\":3096,\"height\":696,\"caption\":\"In\u017cynieria Produkcji PANS w Kro\u015bnie\"},\"image\":{\"@id\":\"https:\\\/\\\/pans.krosno.pl\\\/inzynieria-produkcji\\\/#\\\/schema\\\/logo\\\/image\\\/\"}},{\"@type\":\"Person\",\"@id\":\"https:\\\/\\\/pans.krosno.pl\\\/inzynieria-produkcji\\\/#\\\/schema\\\/person\\\/874c7cd060e355ac9c9566454d82b38d\",\"name\":\"bernadetarajchel\",\"image\":{\"@type\":\"ImageObject\",\"inLanguage\":\"pl-PL\",\"@id\":\"https:\\\/\\\/secure.gravatar.com\\\/avatar\\\/1983c682fa334b2c03fec0c3aa6d60a6be7f27eac15a68be3eb7fc7709c62781?s=96&d=mm&r=g\",\"url\":\"https:\\\/\\\/secure.gravatar.com\\\/avatar\\\/1983c682fa334b2c03fec0c3aa6d60a6be7f27eac15a68be3eb7fc7709c62781?s=96&d=mm&r=g\",\"contentUrl\":\"https:\\\/\\\/secure.gravatar.com\\\/avatar\\\/1983c682fa334b2c03fec0c3aa6d60a6be7f27eac15a68be3eb7fc7709c62781?s=96&d=mm&r=g\",\"caption\":\"bernadetarajchel\"},\"url\":\"https:\\\/\\\/pans.krosno.pl\\\/inzynieria-produkcji\\\/author\\\/bernadetarajchel\\\/\"}]}<\/script>\n<!-- \/ Yoast SEO Premium plugin. -->","yoast_head_json":{"title":"\"Czy segregowa\u0107 odpady?\" - jaka jest odpowied\u017a po warsztatach z dzie\u0107mi? - In\u017cynieria Produkcji PANS w Kro\u015bnie","robots":{"index":"index","follow":"follow","max-snippet":"max-snippet:-1","max-image-preview":"max-image-preview:large","max-video-preview":"max-video-preview:-1"},"canonical":"https:\/\/pans.krosno.pl\/inzynieria-produkcji\/czy-segregowac-odpady-jaka-jest-odpowiedz-po-warsztatach-z-dziecmi\/","og_locale":"pl_PL","og_type":"article","og_title":"\"Czy segregowa\u0107 odpady?\" - jaka jest odpowied\u017a po warsztatach z dzie\u0107mi?","og_description":"&#8222;Czy segregowa\u0107 odpady?&#8221; zastanawiali\u015bmy si\u0119 z dzie\u0107mi ze Szko\u0142y Podstawowej nr 8 podczas warsztat\u00f3w przeprowadzonych w Zak\u0142adzie In\u017cynierii Produkcji i \u015arodowiska, a organizowanych w ramach Kro\u015bnie\u0144skiej Akademii Przysz\u0142o\u015bci w KPU. Odpowied\u017a by\u0142a oczywista!:) W warsztatach wytrwale pomagali: Szymon, Jakub i Pawe\u0142, studenci kierunku In\u017cynieria Produkcji.","og_url":"https:\/\/pans.krosno.pl\/inzynieria-produkcji\/czy-segregowac-odpady-jaka-jest-odpowiedz-po-warsztatach-z-dziecmi\/","og_site_name":"In\u017cynieria Produkcji PANS w Kro\u015bnie","article_published_time":"2022-05-19T06:21:58+00:00","article_modified_time":"2022-05-19T06:25:06+00:00","og_image":[{"width":2560,"height":1707,"url":"https:\/\/pans.krosno.pl\/wp-content\/uploads\/sites\/33\/2022\/05\/DSC_9350-scaled.jpg","type":"image\/jpeg"}],"author":"bernadetarajchel","twitter_card":"summary_large_image","twitter_misc":{"Napisane przez":"bernadetarajchel","Szacowany czas czytania":"1 minuta"},"schema":{"@context":"https:\/\/schema.org","@graph":[{"@type":"Article","@id":"https:\/\/pans.krosno.pl\/inzynieria-produkcji\/czy-segregowac-odpady-jaka-jest-odpowiedz-po-warsztatach-z-dziecmi\/#article","isPartOf":{"@id":"https:\/\/pans.krosno.pl\/inzynieria-produkcji\/czy-segregowac-odpady-jaka-jest-odpowiedz-po-warsztatach-z-dziecmi\/"},"author":{"name":"bernadetarajchel","@id":"https:\/\/pans.krosno.pl\/inzynieria-produkcji\/#\/schema\/person\/874c7cd060e355ac9c9566454d82b38d"},"headline":"&#8222;Czy segregowa\u0107 odpady?&#8221; &#8211; jaka jest odpowied\u017a po warsztatach z dzie\u0107mi?","datePublished":"2022-05-19T06:21:58+00:00","dateModified":"2022-05-19T06:25:06+00:00","mainEntityOfPage":{"@id":"https:\/\/pans.krosno.pl\/inzynieria-produkcji\/czy-segregowac-odpady-jaka-jest-odpowiedz-po-warsztatach-z-dziecmi\/"},"wordCount":68,"commentCount":0,"publisher":{"@id":"https:\/\/pans.krosno.pl\/inzynieria-produkcji\/#organization"},"image":{"@id":"https:\/\/pans.krosno.pl\/inzynieria-produkcji\/czy-segregowac-odpady-jaka-jest-odpowiedz-po-warsztatach-z-dziecmi\/#primaryimage"},"thumbnailUrl":"https:\/\/pans.krosno.pl\/inzynieria-produkcji\/wp-content\/uploads\/sites\/33\/2022\/05\/DSC_9350-scaled.jpg","inLanguage":"pl-PL","potentialAction":[{"@type":"CommentAction","name":"Comment","target":["https:\/\/pans.krosno.pl\/inzynieria-produkcji\/czy-segregowac-odpady-jaka-jest-odpowiedz-po-warsztatach-z-dziecmi\/#respond"]}]},{"@type":"WebPage","@id":"https:\/\/pans.krosno.pl\/inzynieria-produkcji\/czy-segregowac-odpady-jaka-jest-odpowiedz-po-warsztatach-z-dziecmi\/","url":"https:\/\/pans.krosno.pl\/inzynieria-produkcji\/czy-segregowac-odpady-jaka-jest-odpowiedz-po-warsztatach-z-dziecmi\/","name":"\"Czy segregowa\u0107 odpady?\" - jaka jest odpowied\u017a po warsztatach z dzie\u0107mi? - In\u017cynieria Produkcji PANS w Kro\u015bnie","isPartOf":{"@id":"https:\/\/pans.krosno.pl\/inzynieria-produkcji\/#website"},"primaryImageOfPage":{"@id":"https:\/\/pans.krosno.pl\/inzynieria-produkcji\/czy-segregowac-odpady-jaka-jest-odpowiedz-po-warsztatach-z-dziecmi\/#primaryimage"},"image":{"@id":"https:\/\/pans.krosno.pl\/inzynieria-produkcji\/czy-segregowac-odpady-jaka-jest-odpowiedz-po-warsztatach-z-dziecmi\/#primaryimage"},"thumbnailUrl":"https:\/\/pans.krosno.pl\/inzynieria-produkcji\/wp-content\/uploads\/sites\/33\/2022\/05\/DSC_9350-scaled.jpg","datePublished":"2022-05-19T06:21:58+00:00","dateModified":"2022-05-19T06:25:06+00:00","breadcrumb":{"@id":"https:\/\/pans.krosno.pl\/inzynieria-produkcji\/czy-segregowac-odpady-jaka-jest-odpowiedz-po-warsztatach-z-dziecmi\/#breadcrumb"},"inLanguage":"pl-PL","potentialAction":[{"@type":"ReadAction","target":["https:\/\/pans.krosno.pl\/inzynieria-produkcji\/czy-segregowac-odpady-jaka-jest-odpowiedz-po-warsztatach-z-dziecmi\/"]}]},{"@type":"ImageObject","inLanguage":"pl-PL","@id":"https:\/\/pans.krosno.pl\/inzynieria-produkcji\/czy-segregowac-odpady-jaka-jest-odpowiedz-po-warsztatach-z-dziecmi\/#primaryimage","url":"https:\/\/pans.krosno.pl\/inzynieria-produkcji\/wp-content\/uploads\/sites\/33\/2022\/05\/DSC_9350-scaled.jpg","contentUrl":"https:\/\/pans.krosno.pl\/inzynieria-produkcji\/wp-content\/uploads\/sites\/33\/2022\/05\/DSC_9350-scaled.jpg","width":2560,"height":1707},{"@type":"BreadcrumbList","@id":"https:\/\/pans.krosno.pl\/inzynieria-produkcji\/czy-segregowac-odpady-jaka-jest-odpowiedz-po-warsztatach-z-dziecmi\/#breadcrumb","itemListElement":[{"@type":"ListItem","position":1,"name":"Strona g\u0142\u00f3wna","item":"https:\/\/pans.krosno.pl\/inzynieria-produkcji\/"},{"@type":"ListItem","position":2,"name":"&#8222;Czy segregowa\u0107 odpady?&#8221; &#8211; jaka jest odpowied\u017a po warsztatach z dzie\u0107mi?"}]},{"@type":"WebSite","@id":"https:\/\/pans.krosno.pl\/inzynieria-produkcji\/#website","url":"https:\/\/pans.krosno.pl\/inzynieria-produkcji\/","name":"In\u017cynieria Produkcji PANS w Kro\u015bnie","description":"In\u017cynieria Produkcji - Pa\u0144stwowa Akademia Nauk Stosowanych","publisher":{"@id":"https:\/\/pans.krosno.pl\/inzynieria-produkcji\/#organization"},"potentialAction":[{"@type":"SearchAction","target":{"@type":"EntryPoint","urlTemplate":"https:\/\/pans.krosno.pl\/inzynieria-produkcji\/?s={search_term_string}"},"query-input":{"@type":"PropertyValueSpecification","valueRequired":true,"valueName":"search_term_string"}}],"inLanguage":"pl-PL"},{"@type":"Organization","@id":"https:\/\/pans.krosno.pl\/inzynieria-produkcji\/#organization","name":"In\u017cynieria Produkcji PANS w Kro\u015bnie","url":"https:\/\/pans.krosno.pl\/inzynieria-produkcji\/","logo":{"@type":"ImageObject","inLanguage":"pl-PL","@id":"https:\/\/pans.krosno.pl\/inzynieria-produkcji\/#\/schema\/logo\/image\/","url":"https:\/\/pans.krosno.pl\/inzynieria-produkcji\/wp-content\/uploads\/sites\/33\/2023\/01\/Logo-PANS-2022-pelne.png","contentUrl":"https:\/\/pans.krosno.pl\/inzynieria-produkcji\/wp-content\/uploads\/sites\/33\/2023\/01\/Logo-PANS-2022-pelne.png","width":3096,"height":696,"caption":"In\u017cynieria Produkcji PANS w Kro\u015bnie"},"image":{"@id":"https:\/\/pans.krosno.pl\/inzynieria-produkcji\/#\/schema\/logo\/image\/"}},{"@type":"Person","@id":"https:\/\/pans.krosno.pl\/inzynieria-produkcji\/#\/schema\/person\/874c7cd060e355ac9c9566454d82b38d","name":"bernadetarajchel","image":{"@type":"ImageObject","inLanguage":"pl-PL","@id":"https:\/\/secure.gravatar.com\/avatar\/1983c682fa334b2c03fec0c3aa6d60a6be7f27eac15a68be3eb7fc7709c62781?s=96&d=mm&r=g","url":"https:\/\/secure.gravatar.com\/avatar\/1983c682fa334b2c03fec0c3aa6d60a6be7f27eac15a68be3eb7fc7709c62781?s=96&d=mm&r=g","contentUrl":"https:\/\/secure.gravatar.com\/avatar\/1983c682fa334b2c03fec0c3aa6d60a6be7f27eac15a68be3eb7fc7709c62781?s=96&d=mm&r=g","caption":"bernadetarajchel"},"url":"https:\/\/pans.krosno.pl\/inzynieria-produkcji\/author\/bernadetarajchel\/"}]}},"_links":{"self":[{"href":"https:\/\/pans.krosno.pl\/inzynieria-produkcji\/wp-json\/wp\/v2\/posts\/1137","targetHints":{"allow":["GET"]}}],"collection":[{"href":"https:\/\/pans.krosno.pl\/inzynieria-produkcji\/wp-json\/wp\/v2\/posts"}],"about":[{"href":"https:\/\/pans.krosno.pl\/inzynieria-produkcji\/wp-json\/wp\/v2\/types\/post"}],"author":[{"embeddable":true,"href":"https:\/\/pans.krosno.pl\/inzynieria-produkcji\/wp-json\/wp\/v2\/users\/10"}],"replies":[{"embeddable":true,"href":"https:\/\/pans.krosno.pl\/inzynieria-produkcji\/wp-json\/wp\/v2\/comments?post=1137"}],"version-history":[{"count":2,"href":"https:\/\/pans.krosno.pl\/inzynieria-produkcji\/wp-json\/wp\/v2\/posts\/1137\/revisions"}],"predecessor-version":[{"id":1148,"href":"https:\/\/pans.krosno.pl\/inzynieria-produkcji\/wp-json\/wp\/v2\/posts\/1137\/revisions\/1148"}],"wp:featuredmedia":[{"embeddable":true,"href":"https:\/\/pans.krosno.pl\/inzynieria-produkcji\/wp-json\/wp\/v2\/media\/1138"}],"wp:attachment":[{"href":"https:\/\/pans.krosno.pl\/inzynieria-produkcji\/wp-json\/wp\/v2\/media?parent=1137"}],"wp:term":[{"taxonomy":"category","embeddable":true,"href":"https:\/\/pans.krosno.pl\/inzynieria-produkcji\/wp-json\/wp\/v2\/categories?post=1137"},{"taxonomy":"post_tag","embeddable":true,"href":"https:\/\/pans.krosno.pl\/inzynieria-produkcji\/wp-json\/wp\/v2\/tags?post=1137"}],"curies":[{"name":"wp","href":"https:\/\/api.w.org\/{rel}","templated":true}]}}