{"id":506,"date":"2024-10-21T11:27:04","date_gmt":"2024-10-21T09:27:04","guid":{"rendered":"https:\/\/pans.krosno.pl\/instytut-zdrowia\/?p=506"},"modified":"2024-10-21T11:29:10","modified_gmt":"2024-10-21T09:29:10","slug":"xii-rajd-integracyjny-studentow-i-roku-panstwowej-akademii-nauk-stosowanych-w-krosnie","status":"publish","type":"post","link":"https:\/\/pans.krosno.pl\/instytut-zdrowia\/xii-rajd-integracyjny-studentow-i-roku-panstwowej-akademii-nauk-stosowanych-w-krosnie\/","title":{"rendered":"XII Rajd Integracyjny Student\u00f3w I Roku Pa\u0144stwowej Akademii Nauk Stosowanych w Kro\u015bnie"},"content":{"rendered":"\n<p><strong>Wszystkich student\u00f3w pierwszego roku z Instytutu Zdrowia serdecznie zapraszamy do wzi\u0119cia udzia\u0142u w XII Rajdzie Integracyjnym Student\u00f3w I Roku Pa\u0144stwowej Akademii Nauk Stosowanych w Kro\u015bnie<\/strong><\/p>\n\n\n\n<p><strong>Termin: 23 pa\u017adziernika 2024 (\u015broda)<\/strong><\/p>\n\n\n\n<p><\/p>\n\n\n\n<p>Rajd b\u0119dzie mia\u0142 charakter gwia\u017adzisty, grupy student\u00f3w wyrusz\u0105 z kilku punkt\u00f3w by oko\u0142o godziny 12-tej spotka\u0107 si\u0119 na dziedzi\u0144cu Zamku <em>Kamieniec<\/em> w Odrzykoniu przy wsp\u00f3lnym ognisku.<\/p>\n\n\n\n<p>Po zako\u0144czeniu rajdu oko\u0142o godziny 13.00 b\u0119dzie powr\u00f3t autobusami do Krosna.<\/p>\n\n\n\n<p><strong>Celem rajdu jest integracja student\u00f3w<\/strong> pierwszych rocznik\u00f3w oraz zwr\u00f3cenie uwagi na bogactwo przyrodnicze i kulturowe najbli\u017cszych okolic Krosna, Pog\u00f3rza Strzy\u017cowsko-Dynowskiego oraz Czarnorzecko-Strzy\u017cowskiego Parku Krajobrazowego.<\/p>\n\n\n\n<p>Rajd ma charakter <strong>obowi\u0105zkowy<\/strong>, realizowany b\u0119dzie w ramach zaj\u0119\u0107 dydaktycznych.<\/p>\n","protected":false},"excerpt":{"rendered":"<p>Wszystkich student\u00f3w pierwszego roku z Instytutu Zdrowia serdecznie zapraszamy do wzi\u0119cia udzia\u0142u w XII Rajdzie Integracyjnym Student\u00f3w I Roku Pa\u0144stwowej Akademii Nauk Stosowanych w Kro\u015bnie Termin: 23 pa\u017adziernika 2024 (\u015broda) Rajd b\u0119dzie mia\u0142 charakter gwia\u017adzisty, grupy student\u00f3w wyrusz\u0105 z kilku punkt\u00f3w by oko\u0142o godziny 12-tej spotka\u0107 si\u0119 na dziedzi\u0144cu Zamku [\u2026] <\/p>\n<div class=\"clear\"><\/div>\n<p><a class=\"more_link clearfix\" href=\"https:\/\/pans.krosno.pl\/instytut-zdrowia\/xii-rajd-integracyjny-studentow-i-roku-panstwowej-akademii-nauk-stosowanych-w-krosnie\/\" rel=\"nofollow\">Read More<\/a><\/p>\n","protected":false},"author":101,"featured_media":507,"comment_status":"open","ping_status":"open","sticky":false,"template":"","format":"standard","meta":{"ngg_post_thumbnail":0,"footnotes":""},"categories":[1],"tags":[],"class_list":["post-506","post","type-post","status-publish","format-standard","has-post-thumbnail","hentry","category-bez-kategorii"],"yoast_head":"<!-- This site is optimized with the Yoast SEO Premium plugin v27.4 (Yoast SEO v27.4) - https:\/\/yoast.com\/product\/yoast-seo-premium-wordpress\/ -->\n<title>XII Rajd Integracyjny Student\u00f3w I Roku Pa\u0144stwowej Akademii Nauk Stosowanych w Kro\u015bnie - Instytut Zdrowia PANS w Kro\u015bnie<\/title>\n<meta name=\"robots\" content=\"index, follow, max-snippet:-1, max-image-preview:large, max-video-preview:-1\" \/>\n<link rel=\"canonical\" href=\"https:\/\/pans.krosno.pl\/instytut-zdrowia\/xii-rajd-integracyjny-studentow-i-roku-panstwowej-akademii-nauk-stosowanych-w-krosnie\/\" \/>\n<meta property=\"og:locale\" content=\"pl_PL\" \/>\n<meta property=\"og:type\" content=\"article\" \/>\n<meta property=\"og:title\" content=\"XII Rajd Integracyjny Student\u00f3w I Roku Pa\u0144stwowej Akademii Nauk Stosowanych w Kro\u015bnie\" \/>\n<meta property=\"og:description\" content=\"Wszystkich student\u00f3w pierwszego roku z Instytutu Zdrowia serdecznie zapraszamy do wzi\u0119cia udzia\u0142u w XII Rajdzie Integracyjnym Student\u00f3w I Roku Pa\u0144stwowej Akademii Nauk Stosowanych w Kro\u015bnie Termin: 23 pa\u017adziernika 2024 (\u015broda) Rajd b\u0119dzie mia\u0142 charakter gwia\u017adzisty, grupy student\u00f3w wyrusz\u0105 z kilku punkt\u00f3w by oko\u0142o godziny 12-tej spotka\u0107 si\u0119 na dziedzi\u0144cu Zamku [\u2026] Read More\" \/>\n<meta property=\"og:url\" content=\"https:\/\/pans.krosno.pl\/instytut-zdrowia\/xii-rajd-integracyjny-studentow-i-roku-panstwowej-akademii-nauk-stosowanych-w-krosnie\/\" \/>\n<meta property=\"og:site_name\" content=\"Instytut Zdrowia PANS w Kro\u015bnie\" \/>\n<meta property=\"article:published_time\" content=\"2024-10-21T09:27:04+00:00\" \/>\n<meta property=\"article:modified_time\" content=\"2024-10-21T09:29:10+00:00\" \/>\n<meta property=\"og:image\" content=\"https:\/\/pans.krosno.pl\/instytut-zdrowia\/wp-content\/uploads\/sites\/45\/2024\/10\/DSC0305-150x150-1.jpg\" \/>\n\t<meta property=\"og:image:width\" content=\"150\" \/>\n\t<meta property=\"og:image:height\" content=\"150\" \/>\n\t<meta property=\"og:image:type\" content=\"image\/jpeg\" \/>\n<meta name=\"author\" content=\"renatadziubaszewska\" \/>\n<meta name=\"twitter:card\" content=\"summary_large_image\" \/>\n<meta name=\"twitter:label1\" content=\"Napisane przez\" \/>\n\t<meta name=\"twitter:data1\" content=\"renatadziubaszewska\" \/>\n\t<meta name=\"twitter:label2\" content=\"Szacowany czas czytania\" \/>\n\t<meta name=\"twitter:data2\" content=\"1 minuta\" \/>\n<script type=\"application\/ld+json\" class=\"yoast-schema-graph\">{\"@context\":\"https:\\\/\\\/schema.org\",\"@graph\":[{\"@type\":\"Article\",\"@id\":\"https:\\\/\\\/pans.krosno.pl\\\/instytut-zdrowia\\\/xii-rajd-integracyjny-studentow-i-roku-panstwowej-akademii-nauk-stosowanych-w-krosnie\\\/#article\",\"isPartOf\":{\"@id\":\"https:\\\/\\\/pans.krosno.pl\\\/instytut-zdrowia\\\/xii-rajd-integracyjny-studentow-i-roku-panstwowej-akademii-nauk-stosowanych-w-krosnie\\\/\"},\"author\":{\"name\":\"renatadziubaszewska\",\"@id\":\"https:\\\/\\\/pans.krosno.pl\\\/instytut-zdrowia\\\/#\\\/schema\\\/person\\\/f4adeb84b736435e85de5d1c94f67974\"},\"headline\":\"XII Rajd Integracyjny Student\u00f3w I Roku Pa\u0144stwowej Akademii Nauk Stosowanych w Kro\u015bnie\",\"datePublished\":\"2024-10-21T09:27:04+00:00\",\"dateModified\":\"2024-10-21T09:29:10+00:00\",\"mainEntityOfPage\":{\"@id\":\"https:\\\/\\\/pans.krosno.pl\\\/instytut-zdrowia\\\/xii-rajd-integracyjny-studentow-i-roku-panstwowej-akademii-nauk-stosowanych-w-krosnie\\\/\"},\"wordCount\":140,\"commentCount\":0,\"publisher\":{\"@id\":\"https:\\\/\\\/pans.krosno.pl\\\/instytut-zdrowia\\\/#organization\"},\"image\":{\"@id\":\"https:\\\/\\\/pans.krosno.pl\\\/instytut-zdrowia\\\/xii-rajd-integracyjny-studentow-i-roku-panstwowej-akademii-nauk-stosowanych-w-krosnie\\\/#primaryimage\"},\"thumbnailUrl\":\"https:\\\/\\\/pans.krosno.pl\\\/instytut-zdrowia\\\/wp-content\\\/uploads\\\/sites\\\/45\\\/2024\\\/10\\\/DSC0305-150x150-1.jpg\",\"inLanguage\":\"pl-PL\",\"potentialAction\":[{\"@type\":\"CommentAction\",\"name\":\"Comment\",\"target\":[\"https:\\\/\\\/pans.krosno.pl\\\/instytut-zdrowia\\\/xii-rajd-integracyjny-studentow-i-roku-panstwowej-akademii-nauk-stosowanych-w-krosnie\\\/#respond\"]}]},{\"@type\":\"WebPage\",\"@id\":\"https:\\\/\\\/pans.krosno.pl\\\/instytut-zdrowia\\\/xii-rajd-integracyjny-studentow-i-roku-panstwowej-akademii-nauk-stosowanych-w-krosnie\\\/\",\"url\":\"https:\\\/\\\/pans.krosno.pl\\\/instytut-zdrowia\\\/xii-rajd-integracyjny-studentow-i-roku-panstwowej-akademii-nauk-stosowanych-w-krosnie\\\/\",\"name\":\"XII Rajd Integracyjny Student\u00f3w I Roku Pa\u0144stwowej Akademii Nauk Stosowanych w Kro\u015bnie - Instytut Zdrowia PANS w Kro\u015bnie\",\"isPartOf\":{\"@id\":\"https:\\\/\\\/pans.krosno.pl\\\/instytut-zdrowia\\\/#website\"},\"primaryImageOfPage\":{\"@id\":\"https:\\\/\\\/pans.krosno.pl\\\/instytut-zdrowia\\\/xii-rajd-integracyjny-studentow-i-roku-panstwowej-akademii-nauk-stosowanych-w-krosnie\\\/#primaryimage\"},\"image\":{\"@id\":\"https:\\\/\\\/pans.krosno.pl\\\/instytut-zdrowia\\\/xii-rajd-integracyjny-studentow-i-roku-panstwowej-akademii-nauk-stosowanych-w-krosnie\\\/#primaryimage\"},\"thumbnailUrl\":\"https:\\\/\\\/pans.krosno.pl\\\/instytut-zdrowia\\\/wp-content\\\/uploads\\\/sites\\\/45\\\/2024\\\/10\\\/DSC0305-150x150-1.jpg\",\"datePublished\":\"2024-10-21T09:27:04+00:00\",\"dateModified\":\"2024-10-21T09:29:10+00:00\",\"breadcrumb\":{\"@id\":\"https:\\\/\\\/pans.krosno.pl\\\/instytut-zdrowia\\\/xii-rajd-integracyjny-studentow-i-roku-panstwowej-akademii-nauk-stosowanych-w-krosnie\\\/#breadcrumb\"},\"inLanguage\":\"pl-PL\",\"potentialAction\":[{\"@type\":\"ReadAction\",\"target\":[\"https:\\\/\\\/pans.krosno.pl\\\/instytut-zdrowia\\\/xii-rajd-integracyjny-studentow-i-roku-panstwowej-akademii-nauk-stosowanych-w-krosnie\\\/\"]}]},{\"@type\":\"ImageObject\",\"inLanguage\":\"pl-PL\",\"@id\":\"https:\\\/\\\/pans.krosno.pl\\\/instytut-zdrowia\\\/xii-rajd-integracyjny-studentow-i-roku-panstwowej-akademii-nauk-stosowanych-w-krosnie\\\/#primaryimage\",\"url\":\"https:\\\/\\\/pans.krosno.pl\\\/instytut-zdrowia\\\/wp-content\\\/uploads\\\/sites\\\/45\\\/2024\\\/10\\\/DSC0305-150x150-1.jpg\",\"contentUrl\":\"https:\\\/\\\/pans.krosno.pl\\\/instytut-zdrowia\\\/wp-content\\\/uploads\\\/sites\\\/45\\\/2024\\\/10\\\/DSC0305-150x150-1.jpg\",\"width\":150,\"height\":150},{\"@type\":\"BreadcrumbList\",\"@id\":\"https:\\\/\\\/pans.krosno.pl\\\/instytut-zdrowia\\\/xii-rajd-integracyjny-studentow-i-roku-panstwowej-akademii-nauk-stosowanych-w-krosnie\\\/#breadcrumb\",\"itemListElement\":[{\"@type\":\"ListItem\",\"position\":1,\"name\":\"Strona g\u0142\u00f3wna\",\"item\":\"https:\\\/\\\/pans.krosno.pl\\\/instytut-zdrowia\\\/\"},{\"@type\":\"ListItem\",\"position\":2,\"name\":\"XII Rajd Integracyjny Student\u00f3w I Roku Pa\u0144stwowej Akademii Nauk Stosowanych w Kro\u015bnie\"}]},{\"@type\":\"WebSite\",\"@id\":\"https:\\\/\\\/pans.krosno.pl\\\/instytut-zdrowia\\\/#website\",\"url\":\"https:\\\/\\\/pans.krosno.pl\\\/instytut-zdrowia\\\/\",\"name\":\"Instytut Zdrowia PANS w Kro\u015bnie\",\"description\":\"Instytut Zdrowia - Pa\u0144stwowa Akademia Nauk Stosowanych\",\"publisher\":{\"@id\":\"https:\\\/\\\/pans.krosno.pl\\\/instytut-zdrowia\\\/#organization\"},\"potentialAction\":[{\"@type\":\"SearchAction\",\"target\":{\"@type\":\"EntryPoint\",\"urlTemplate\":\"https:\\\/\\\/pans.krosno.pl\\\/instytut-zdrowia\\\/?s={search_term_string}\"},\"query-input\":{\"@type\":\"PropertyValueSpecification\",\"valueRequired\":true,\"valueName\":\"search_term_string\"}}],\"inLanguage\":\"pl-PL\"},{\"@type\":\"Organization\",\"@id\":\"https:\\\/\\\/pans.krosno.pl\\\/instytut-zdrowia\\\/#organization\",\"name\":\"Instytut Zdrowia PANS w Kro\u015bnie\",\"url\":\"https:\\\/\\\/pans.krosno.pl\\\/instytut-zdrowia\\\/\",\"logo\":{\"@type\":\"ImageObject\",\"inLanguage\":\"pl-PL\",\"@id\":\"https:\\\/\\\/pans.krosno.pl\\\/instytut-zdrowia\\\/#\\\/schema\\\/logo\\\/image\\\/\",\"url\":\"https:\\\/\\\/pans.krosno.pl\\\/instytut-zdrowia\\\/wp-content\\\/uploads\\\/sites\\\/45\\\/2023\\\/01\\\/Logo-PANS-2022-pelne.png\",\"contentUrl\":\"https:\\\/\\\/pans.krosno.pl\\\/instytut-zdrowia\\\/wp-content\\\/uploads\\\/sites\\\/45\\\/2023\\\/01\\\/Logo-PANS-2022-pelne.png\",\"width\":3096,\"height\":696,\"caption\":\"Instytut Zdrowia PANS w Kro\u015bnie\"},\"image\":{\"@id\":\"https:\\\/\\\/pans.krosno.pl\\\/instytut-zdrowia\\\/#\\\/schema\\\/logo\\\/image\\\/\"}},{\"@type\":\"Person\",\"@id\":\"https:\\\/\\\/pans.krosno.pl\\\/instytut-zdrowia\\\/#\\\/schema\\\/person\\\/f4adeb84b736435e85de5d1c94f67974\",\"name\":\"renatadziubaszewska\",\"image\":{\"@type\":\"ImageObject\",\"inLanguage\":\"pl-PL\",\"@id\":\"https:\\\/\\\/secure.gravatar.com\\\/avatar\\\/2057bae89b24475cafa2492543ccb5cf28b58e4e4545b43d5b8886f83573602f?s=96&d=mm&r=g\",\"url\":\"https:\\\/\\\/secure.gravatar.com\\\/avatar\\\/2057bae89b24475cafa2492543ccb5cf28b58e4e4545b43d5b8886f83573602f?s=96&d=mm&r=g\",\"contentUrl\":\"https:\\\/\\\/secure.gravatar.com\\\/avatar\\\/2057bae89b24475cafa2492543ccb5cf28b58e4e4545b43d5b8886f83573602f?s=96&d=mm&r=g\",\"caption\":\"renatadziubaszewska\"},\"url\":\"https:\\\/\\\/pans.krosno.pl\\\/instytut-zdrowia\\\/author\\\/renatadziubaszewska\\\/\"}]}<\/script>\n<!-- \/ Yoast SEO Premium plugin. -->","yoast_head_json":{"title":"XII Rajd Integracyjny Student\u00f3w I Roku Pa\u0144stwowej Akademii Nauk Stosowanych w Kro\u015bnie - Instytut Zdrowia PANS w Kro\u015bnie","robots":{"index":"index","follow":"follow","max-snippet":"max-snippet:-1","max-image-preview":"max-image-preview:large","max-video-preview":"max-video-preview:-1"},"canonical":"https:\/\/pans.krosno.pl\/instytut-zdrowia\/xii-rajd-integracyjny-studentow-i-roku-panstwowej-akademii-nauk-stosowanych-w-krosnie\/","og_locale":"pl_PL","og_type":"article","og_title":"XII Rajd Integracyjny Student\u00f3w I Roku Pa\u0144stwowej Akademii Nauk Stosowanych w Kro\u015bnie","og_description":"Wszystkich student\u00f3w pierwszego roku z Instytutu Zdrowia serdecznie zapraszamy do wzi\u0119cia udzia\u0142u w XII Rajdzie Integracyjnym Student\u00f3w I Roku Pa\u0144stwowej Akademii Nauk Stosowanych w Kro\u015bnie Termin: 23 pa\u017adziernika 2024 (\u015broda) Rajd b\u0119dzie mia\u0142 charakter gwia\u017adzisty, grupy student\u00f3w wyrusz\u0105 z kilku punkt\u00f3w by oko\u0142o godziny 12-tej spotka\u0107 si\u0119 na dziedzi\u0144cu Zamku [\u2026] Read More","og_url":"https:\/\/pans.krosno.pl\/instytut-zdrowia\/xii-rajd-integracyjny-studentow-i-roku-panstwowej-akademii-nauk-stosowanych-w-krosnie\/","og_site_name":"Instytut Zdrowia PANS w Kro\u015bnie","article_published_time":"2024-10-21T09:27:04+00:00","article_modified_time":"2024-10-21T09:29:10+00:00","og_image":[{"width":150,"height":150,"url":"https:\/\/pans.krosno.pl\/instytut-zdrowia\/wp-content\/uploads\/sites\/45\/2024\/10\/DSC0305-150x150-1.jpg","type":"image\/jpeg"}],"author":"renatadziubaszewska","twitter_card":"summary_large_image","twitter_misc":{"Napisane przez":"renatadziubaszewska","Szacowany czas czytania":"1 minuta"},"schema":{"@context":"https:\/\/schema.org","@graph":[{"@type":"Article","@id":"https:\/\/pans.krosno.pl\/instytut-zdrowia\/xii-rajd-integracyjny-studentow-i-roku-panstwowej-akademii-nauk-stosowanych-w-krosnie\/#article","isPartOf":{"@id":"https:\/\/pans.krosno.pl\/instytut-zdrowia\/xii-rajd-integracyjny-studentow-i-roku-panstwowej-akademii-nauk-stosowanych-w-krosnie\/"},"author":{"name":"renatadziubaszewska","@id":"https:\/\/pans.krosno.pl\/instytut-zdrowia\/#\/schema\/person\/f4adeb84b736435e85de5d1c94f67974"},"headline":"XII Rajd Integracyjny Student\u00f3w I Roku Pa\u0144stwowej Akademii Nauk Stosowanych w Kro\u015bnie","datePublished":"2024-10-21T09:27:04+00:00","dateModified":"2024-10-21T09:29:10+00:00","mainEntityOfPage":{"@id":"https:\/\/pans.krosno.pl\/instytut-zdrowia\/xii-rajd-integracyjny-studentow-i-roku-panstwowej-akademii-nauk-stosowanych-w-krosnie\/"},"wordCount":140,"commentCount":0,"publisher":{"@id":"https:\/\/pans.krosno.pl\/instytut-zdrowia\/#organization"},"image":{"@id":"https:\/\/pans.krosno.pl\/instytut-zdrowia\/xii-rajd-integracyjny-studentow-i-roku-panstwowej-akademii-nauk-stosowanych-w-krosnie\/#primaryimage"},"thumbnailUrl":"https:\/\/pans.krosno.pl\/instytut-zdrowia\/wp-content\/uploads\/sites\/45\/2024\/10\/DSC0305-150x150-1.jpg","inLanguage":"pl-PL","potentialAction":[{"@type":"CommentAction","name":"Comment","target":["https:\/\/pans.krosno.pl\/instytut-zdrowia\/xii-rajd-integracyjny-studentow-i-roku-panstwowej-akademii-nauk-stosowanych-w-krosnie\/#respond"]}]},{"@type":"WebPage","@id":"https:\/\/pans.krosno.pl\/instytut-zdrowia\/xii-rajd-integracyjny-studentow-i-roku-panstwowej-akademii-nauk-stosowanych-w-krosnie\/","url":"https:\/\/pans.krosno.pl\/instytut-zdrowia\/xii-rajd-integracyjny-studentow-i-roku-panstwowej-akademii-nauk-stosowanych-w-krosnie\/","name":"XII Rajd Integracyjny Student\u00f3w I Roku Pa\u0144stwowej Akademii Nauk Stosowanych w Kro\u015bnie - Instytut Zdrowia PANS w Kro\u015bnie","isPartOf":{"@id":"https:\/\/pans.krosno.pl\/instytut-zdrowia\/#website"},"primaryImageOfPage":{"@id":"https:\/\/pans.krosno.pl\/instytut-zdrowia\/xii-rajd-integracyjny-studentow-i-roku-panstwowej-akademii-nauk-stosowanych-w-krosnie\/#primaryimage"},"image":{"@id":"https:\/\/pans.krosno.pl\/instytut-zdrowia\/xii-rajd-integracyjny-studentow-i-roku-panstwowej-akademii-nauk-stosowanych-w-krosnie\/#primaryimage"},"thumbnailUrl":"https:\/\/pans.krosno.pl\/instytut-zdrowia\/wp-content\/uploads\/sites\/45\/2024\/10\/DSC0305-150x150-1.jpg","datePublished":"2024-10-21T09:27:04+00:00","dateModified":"2024-10-21T09:29:10+00:00","breadcrumb":{"@id":"https:\/\/pans.krosno.pl\/instytut-zdrowia\/xii-rajd-integracyjny-studentow-i-roku-panstwowej-akademii-nauk-stosowanych-w-krosnie\/#breadcrumb"},"inLanguage":"pl-PL","potentialAction":[{"@type":"ReadAction","target":["https:\/\/pans.krosno.pl\/instytut-zdrowia\/xii-rajd-integracyjny-studentow-i-roku-panstwowej-akademii-nauk-stosowanych-w-krosnie\/"]}]},{"@type":"ImageObject","inLanguage":"pl-PL","@id":"https:\/\/pans.krosno.pl\/instytut-zdrowia\/xii-rajd-integracyjny-studentow-i-roku-panstwowej-akademii-nauk-stosowanych-w-krosnie\/#primaryimage","url":"https:\/\/pans.krosno.pl\/instytut-zdrowia\/wp-content\/uploads\/sites\/45\/2024\/10\/DSC0305-150x150-1.jpg","contentUrl":"https:\/\/pans.krosno.pl\/instytut-zdrowia\/wp-content\/uploads\/sites\/45\/2024\/10\/DSC0305-150x150-1.jpg","width":150,"height":150},{"@type":"BreadcrumbList","@id":"https:\/\/pans.krosno.pl\/instytut-zdrowia\/xii-rajd-integracyjny-studentow-i-roku-panstwowej-akademii-nauk-stosowanych-w-krosnie\/#breadcrumb","itemListElement":[{"@type":"ListItem","position":1,"name":"Strona g\u0142\u00f3wna","item":"https:\/\/pans.krosno.pl\/instytut-zdrowia\/"},{"@type":"ListItem","position":2,"name":"XII Rajd Integracyjny Student\u00f3w I Roku Pa\u0144stwowej Akademii Nauk Stosowanych w Kro\u015bnie"}]},{"@type":"WebSite","@id":"https:\/\/pans.krosno.pl\/instytut-zdrowia\/#website","url":"https:\/\/pans.krosno.pl\/instytut-zdrowia\/","name":"Instytut Zdrowia PANS w Kro\u015bnie","description":"Instytut Zdrowia - Pa\u0144stwowa Akademia Nauk Stosowanych","publisher":{"@id":"https:\/\/pans.krosno.pl\/instytut-zdrowia\/#organization"},"potentialAction":[{"@type":"SearchAction","target":{"@type":"EntryPoint","urlTemplate":"https:\/\/pans.krosno.pl\/instytut-zdrowia\/?s={search_term_string}"},"query-input":{"@type":"PropertyValueSpecification","valueRequired":true,"valueName":"search_term_string"}}],"inLanguage":"pl-PL"},{"@type":"Organization","@id":"https:\/\/pans.krosno.pl\/instytut-zdrowia\/#organization","name":"Instytut Zdrowia PANS w Kro\u015bnie","url":"https:\/\/pans.krosno.pl\/instytut-zdrowia\/","logo":{"@type":"ImageObject","inLanguage":"pl-PL","@id":"https:\/\/pans.krosno.pl\/instytut-zdrowia\/#\/schema\/logo\/image\/","url":"https:\/\/pans.krosno.pl\/instytut-zdrowia\/wp-content\/uploads\/sites\/45\/2023\/01\/Logo-PANS-2022-pelne.png","contentUrl":"https:\/\/pans.krosno.pl\/instytut-zdrowia\/wp-content\/uploads\/sites\/45\/2023\/01\/Logo-PANS-2022-pelne.png","width":3096,"height":696,"caption":"Instytut Zdrowia PANS w Kro\u015bnie"},"image":{"@id":"https:\/\/pans.krosno.pl\/instytut-zdrowia\/#\/schema\/logo\/image\/"}},{"@type":"Person","@id":"https:\/\/pans.krosno.pl\/instytut-zdrowia\/#\/schema\/person\/f4adeb84b736435e85de5d1c94f67974","name":"renatadziubaszewska","image":{"@type":"ImageObject","inLanguage":"pl-PL","@id":"https:\/\/secure.gravatar.com\/avatar\/2057bae89b24475cafa2492543ccb5cf28b58e4e4545b43d5b8886f83573602f?s=96&d=mm&r=g","url":"https:\/\/secure.gravatar.com\/avatar\/2057bae89b24475cafa2492543ccb5cf28b58e4e4545b43d5b8886f83573602f?s=96&d=mm&r=g","contentUrl":"https:\/\/secure.gravatar.com\/avatar\/2057bae89b24475cafa2492543ccb5cf28b58e4e4545b43d5b8886f83573602f?s=96&d=mm&r=g","caption":"renatadziubaszewska"},"url":"https:\/\/pans.krosno.pl\/instytut-zdrowia\/author\/renatadziubaszewska\/"}]}},"_links":{"self":[{"href":"https:\/\/pans.krosno.pl\/instytut-zdrowia\/wp-json\/wp\/v2\/posts\/506","targetHints":{"allow":["GET"]}}],"collection":[{"href":"https:\/\/pans.krosno.pl\/instytut-zdrowia\/wp-json\/wp\/v2\/posts"}],"about":[{"href":"https:\/\/pans.krosno.pl\/instytut-zdrowia\/wp-json\/wp\/v2\/types\/post"}],"author":[{"embeddable":true,"href":"https:\/\/pans.krosno.pl\/instytut-zdrowia\/wp-json\/wp\/v2\/users\/101"}],"replies":[{"embeddable":true,"href":"https:\/\/pans.krosno.pl\/instytut-zdrowia\/wp-json\/wp\/v2\/comments?post=506"}],"version-history":[{"count":2,"href":"https:\/\/pans.krosno.pl\/instytut-zdrowia\/wp-json\/wp\/v2\/posts\/506\/revisions"}],"predecessor-version":[{"id":510,"href":"https:\/\/pans.krosno.pl\/instytut-zdrowia\/wp-json\/wp\/v2\/posts\/506\/revisions\/510"}],"wp:featuredmedia":[{"embeddable":true,"href":"https:\/\/pans.krosno.pl\/instytut-zdrowia\/wp-json\/wp\/v2\/media\/507"}],"wp:attachment":[{"href":"https:\/\/pans.krosno.pl\/instytut-zdrowia\/wp-json\/wp\/v2\/media?parent=506"}],"wp:term":[{"taxonomy":"category","embeddable":true,"href":"https:\/\/pans.krosno.pl\/instytut-zdrowia\/wp-json\/wp\/v2\/categories?post=506"},{"taxonomy":"post_tag","embeddable":true,"href":"https:\/\/pans.krosno.pl\/instytut-zdrowia\/wp-json\/wp\/v2\/tags?post=506"}],"curies":[{"name":"wp","href":"https:\/\/api.w.org\/{rel}","templated":true}]}}