{"id":452,"date":"2023-04-20T10:20:00","date_gmt":"2023-04-20T08:20:00","guid":{"rendered":"https:\/\/pans.krosno.pl\/instytut-politechniczny\/?p=452"},"modified":"2023-05-30T10:33:50","modified_gmt":"2023-05-30T08:33:50","slug":"posiedzenie-kolegium-instytutu-politechnicznego","status":"publish","type":"post","link":"https:\/\/pans.krosno.pl\/instytut-politechniczny\/posiedzenie-kolegium-instytutu-politechnicznego\/","title":{"rendered":"Posiedzenie Kolegium Instytutu Politechnicznego"},"content":{"rendered":"\n<p>W dniu 13 kwietnia 2023 r. o godz.15.00 w formie zdalnej odby\u0142o si\u0119 zebranie Kolegium Instytutu Politechnicznego (IP), w kt\u00f3rym uczestniczyli:<br>dr Agnieszka Wo\u017aniak &#8211; Prorektor ds. Rozwoju PANS w Kro\u015bnie,<br>dr in\u017c. Piotr Wais &#8211; Dyrektor Instytutu Politechnicznego,<br>Grzegorz Rachwa\u0142 &#8211; Dyrektor ds. realizacji produkcji PRID Krosno S.A.,<br>\u0141ukasz Karamus &#8211; Kierownik oczyszczalni \u015bciek\u00f3w KHK Krosno Sp. z o.o.,<br>Bartosz B\u0119ben (w zast\u0119pstwie za Piotra Sow\u0119, Prezesa Zarz\u0105du (CEO) InfoSoftware Polska Sp. z o.o.,<br>Robert Mrozek &#8211; Prezes Firmy Eurosim3 P.P.H.U.,<br>Tomasz Kielar &#8211; Dyrektor ds. rozwoju EBA Sp. z o.o.,<br>Wojciech Jucha &#8211; Prezes Zarz\u0105du INPRONAFT SANOK S.A.,<br>dr hab. in\u017c. Izabela Skrzypczak, prof. PANS &#8211; przedstawiciel pracownik\u00f3w IP w Senacie,<br>dr in\u017c. Agnieszka Kubacka &#8211; Kierownik Zak\u0142adu Informatyki, przedstawiciel pracownik\u00f3w Instytutu w Senacie,<br>dr in\u017c. Tomasz Pytlowany &#8211; Kierownik Zak\u0142adu Budownictwa, przedstawiciel pracownik\u00f3w Instytutu w Senacie,<br>mgr in\u017c. Rados\u0142awa Kruka &#8211; Kierownik Zak\u0142adu Automatyki i Robotyki, przedstawiciel pracownik\u00f3w Instytutu w Senacie,<br>dr in\u017c. Bernadeta Rajchel &#8211; Kierownik Zak\u0142adu In\u017cynierii Produkcji i \u015arodowiska,<br>dr in\u017c. Dorota Chodorowska &#8211; Kierownik Zak\u0142adu Mechaniki i Budowy Maszyn,<br>Maciej Pelczar \u2013 przedstawiciel student\u00f3w w Kolegium IP.<\/p>\n\n\n\n<p>Na posiedzeniu zosta\u0142y przedyskutowane tematy zwi\u0105zane z:<\/p>\n\n\n\n<ol class=\"wp-block-list\">\n<li>Koncepcja i cele kszta\u0142cenia:<\/li>\n<\/ol>\n\n\n\n<ul class=\"wp-block-list\">\n<li>zorientowane na potrzeby otoczenia spo\u0142eczno-gospodarczego, w tym w szczeg\u00f3lno\u015bci zawodowego rynku pracy;<\/li>\n\n\n\n<li>okre\u015blone we wsp\u00f3\u0142pracy z interesariuszami zewn\u0119trznymi.<\/li>\n<\/ul>\n\n\n\n<ol class=\"wp-block-list\">\n<li>Efekty uczenia si\u0119:<\/li>\n<\/ol>\n\n\n\n<ul class=\"wp-block-list\">\n<li>zgodne ze stanem praktyki w obszarach dzia\u0142alno\u015bci zawodowej\/gospodarczej oraz zawodowego rynku pracy;<\/li>\n\n\n\n<li>uwzgl\u0119dniaj\u0105ce w szczeg\u00f3lno\u015bci umiej\u0119tno\u015bci praktyczne, komunikowania si\u0119 w j\u0119zyku obcym i kompetencje spo\u0142eczne niezb\u0119dne w dzia\u0142alno\u015bci zawodowej.<\/li>\n<\/ul>\n\n\n\n<ol class=\"wp-block-list\">\n<li>Tre\u015bci programowe:<\/li>\n<\/ol>\n\n\n\n<ul class=\"wp-block-list\">\n<li>uwzgl\u0119dniaj\u0105ce aktualny stan praktyki w obszarach dzia\u0142alno\u015bci zawodowej\/gospodarczej oraz zawodowego rynku pracy.<\/li>\n<\/ul>\n\n\n\n<ol class=\"wp-block-list\">\n<li>Metody kszta\u0142cenia:<\/li>\n<\/ol>\n\n\n\n<ul class=\"wp-block-list\">\n<li>zapewniaj\u0105ce przygotowanie do dzia\u0142alno\u015bci zawodowej, w spos\u00f3b umo\u017cliwiaj\u0105cy wykonywanie czynno\u015bci praktycznych przez student\u00f3w, stosowanie w\u0142a\u015bciwych metod i narz\u0119dzi, w tym zaawansowanych technik informacyjno-komunikacyjnych w obszarach zawodowego rynku pracy.<\/li>\n<\/ul>\n\n\n\n<p>Ze spotkania zosta\u0142 sporz\u0105dzony protok\u00f3\u0142.<\/p>\n","protected":false},"excerpt":{"rendered":"<p>W dniu 13 kwietnia 2023 r. o godz.15.00 w formie zdalnej odby\u0142o si\u0119 zebranie Kolegium Instytutu Politechnicznego (IP), w kt\u00f3rym uczestniczyli:dr Agnieszka Wo\u017aniak &#8211; Prorektor ds. Rozwoju PANS w Kro\u015bnie,dr in\u017c. Piotr Wais &#8211; Dyrektor Instytutu Politechnicznego,Grzegorz Rachwa\u0142 &#8211; Dyrektor ds. realizacji produkcji PRID Krosno S.A.,\u0141ukasz Karamus &#8211; Kierownik oczyszczalni [\u2026] <\/p>\n<div class=\"clear\"><\/div>\n<p><a class=\"more_link clearfix\" href=\"https:\/\/pans.krosno.pl\/instytut-politechniczny\/posiedzenie-kolegium-instytutu-politechnicznego\/\" rel=\"nofollow\">Read More<\/a><\/p>\n","protected":false},"author":67,"featured_media":453,"comment_status":"open","ping_status":"open","sticky":false,"template":"","format":"standard","meta":{"ngg_post_thumbnail":0,"footnotes":""},"categories":[1],"tags":[],"class_list":["post-452","post","type-post","status-publish","format-standard","has-post-thumbnail","hentry","category-bez-kategorii"],"yoast_head":"<!-- This site is optimized with the Yoast SEO Premium plugin v27.4 (Yoast SEO v27.4) - https:\/\/yoast.com\/product\/yoast-seo-premium-wordpress\/ -->\n<title>Posiedzenie Kolegium Instytutu Politechnicznego - Instytut Politechniczny PANS w Kro\u015bnie<\/title>\n<meta name=\"robots\" content=\"index, follow, max-snippet:-1, max-image-preview:large, max-video-preview:-1\" \/>\n<link rel=\"canonical\" href=\"https:\/\/pans.krosno.pl\/instytut-politechniczny\/posiedzenie-kolegium-instytutu-politechnicznego\/\" \/>\n<meta property=\"og:locale\" content=\"pl_PL\" \/>\n<meta property=\"og:type\" content=\"article\" \/>\n<meta property=\"og:title\" content=\"Posiedzenie Kolegium Instytutu Politechnicznego\" \/>\n<meta property=\"og:description\" content=\"W dniu 13 kwietnia 2023 r. o godz.15.00 w formie zdalnej odby\u0142o si\u0119 zebranie Kolegium Instytutu Politechnicznego (IP), w kt\u00f3rym uczestniczyli:dr Agnieszka Wo\u017aniak &#8211; Prorektor ds. Rozwoju PANS w Kro\u015bnie,dr in\u017c. Piotr Wais &#8211; Dyrektor Instytutu Politechnicznego,Grzegorz Rachwa\u0142 &#8211; Dyrektor ds. realizacji produkcji PRID Krosno S.A.,\u0141ukasz Karamus &#8211; Kierownik oczyszczalni [\u2026] Read More\" \/>\n<meta property=\"og:url\" content=\"https:\/\/pans.krosno.pl\/instytut-politechniczny\/posiedzenie-kolegium-instytutu-politechnicznego\/\" \/>\n<meta property=\"og:site_name\" content=\"Instytut Politechniczny PANS w Kro\u015bnie\" \/>\n<meta property=\"article:published_time\" content=\"2023-04-20T08:20:00+00:00\" \/>\n<meta property=\"article:modified_time\" content=\"2023-05-30T08:33:50+00:00\" \/>\n<meta property=\"og:image\" content=\"https:\/\/pans.krosno.pl\/wp-content\/uploads\/sites\/44\/2023\/05\/kolegium-zdjecia.jpg\" \/>\n\t<meta property=\"og:image:width\" content=\"1920\" \/>\n\t<meta property=\"og:image:height\" content=\"1080\" \/>\n\t<meta property=\"og:image:type\" content=\"image\/jpeg\" \/>\n<meta name=\"author\" content=\"Agnieszka Urba\u0144ska\" \/>\n<meta name=\"twitter:card\" content=\"summary_large_image\" \/>\n<meta name=\"twitter:label1\" content=\"Napisane przez\" \/>\n\t<meta name=\"twitter:data1\" content=\"Agnieszka Urba\u0144ska\" \/>\n\t<meta name=\"twitter:label2\" content=\"Szacowany czas czytania\" \/>\n\t<meta name=\"twitter:data2\" content=\"2 minuty\" \/>\n<script type=\"application\/ld+json\" class=\"yoast-schema-graph\">{\"@context\":\"https:\\\/\\\/schema.org\",\"@graph\":[{\"@type\":\"Article\",\"@id\":\"https:\\\/\\\/pans.krosno.pl\\\/instytut-politechniczny\\\/posiedzenie-kolegium-instytutu-politechnicznego\\\/#article\",\"isPartOf\":{\"@id\":\"https:\\\/\\\/pans.krosno.pl\\\/instytut-politechniczny\\\/posiedzenie-kolegium-instytutu-politechnicznego\\\/\"},\"author\":{\"name\":\"Agnieszka Urba\u0144ska\",\"@id\":\"https:\\\/\\\/pans.krosno.pl\\\/instytut-politechniczny\\\/#\\\/schema\\\/person\\\/bb41012c06cff413694f4862213d2fd9\"},\"headline\":\"Posiedzenie Kolegium Instytutu Politechnicznego\",\"datePublished\":\"2023-04-20T08:20:00+00:00\",\"dateModified\":\"2023-05-30T08:33:50+00:00\",\"mainEntityOfPage\":{\"@id\":\"https:\\\/\\\/pans.krosno.pl\\\/instytut-politechniczny\\\/posiedzenie-kolegium-instytutu-politechnicznego\\\/\"},\"wordCount\":366,\"commentCount\":0,\"publisher\":{\"@id\":\"https:\\\/\\\/pans.krosno.pl\\\/instytut-politechniczny\\\/#organization\"},\"image\":{\"@id\":\"https:\\\/\\\/pans.krosno.pl\\\/instytut-politechniczny\\\/posiedzenie-kolegium-instytutu-politechnicznego\\\/#primaryimage\"},\"thumbnailUrl\":\"https:\\\/\\\/pans.krosno.pl\\\/instytut-politechniczny\\\/wp-content\\\/uploads\\\/sites\\\/44\\\/2023\\\/05\\\/kolegium-zdjecia.jpg\",\"inLanguage\":\"pl-PL\",\"potentialAction\":[{\"@type\":\"CommentAction\",\"name\":\"Comment\",\"target\":[\"https:\\\/\\\/pans.krosno.pl\\\/instytut-politechniczny\\\/posiedzenie-kolegium-instytutu-politechnicznego\\\/#respond\"]}]},{\"@type\":\"WebPage\",\"@id\":\"https:\\\/\\\/pans.krosno.pl\\\/instytut-politechniczny\\\/posiedzenie-kolegium-instytutu-politechnicznego\\\/\",\"url\":\"https:\\\/\\\/pans.krosno.pl\\\/instytut-politechniczny\\\/posiedzenie-kolegium-instytutu-politechnicznego\\\/\",\"name\":\"Posiedzenie Kolegium Instytutu Politechnicznego - Instytut Politechniczny PANS w Kro\u015bnie\",\"isPartOf\":{\"@id\":\"https:\\\/\\\/pans.krosno.pl\\\/instytut-politechniczny\\\/#website\"},\"primaryImageOfPage\":{\"@id\":\"https:\\\/\\\/pans.krosno.pl\\\/instytut-politechniczny\\\/posiedzenie-kolegium-instytutu-politechnicznego\\\/#primaryimage\"},\"image\":{\"@id\":\"https:\\\/\\\/pans.krosno.pl\\\/instytut-politechniczny\\\/posiedzenie-kolegium-instytutu-politechnicznego\\\/#primaryimage\"},\"thumbnailUrl\":\"https:\\\/\\\/pans.krosno.pl\\\/instytut-politechniczny\\\/wp-content\\\/uploads\\\/sites\\\/44\\\/2023\\\/05\\\/kolegium-zdjecia.jpg\",\"datePublished\":\"2023-04-20T08:20:00+00:00\",\"dateModified\":\"2023-05-30T08:33:50+00:00\",\"breadcrumb\":{\"@id\":\"https:\\\/\\\/pans.krosno.pl\\\/instytut-politechniczny\\\/posiedzenie-kolegium-instytutu-politechnicznego\\\/#breadcrumb\"},\"inLanguage\":\"pl-PL\",\"potentialAction\":[{\"@type\":\"ReadAction\",\"target\":[\"https:\\\/\\\/pans.krosno.pl\\\/instytut-politechniczny\\\/posiedzenie-kolegium-instytutu-politechnicznego\\\/\"]}]},{\"@type\":\"ImageObject\",\"inLanguage\":\"pl-PL\",\"@id\":\"https:\\\/\\\/pans.krosno.pl\\\/instytut-politechniczny\\\/posiedzenie-kolegium-instytutu-politechnicznego\\\/#primaryimage\",\"url\":\"https:\\\/\\\/pans.krosno.pl\\\/instytut-politechniczny\\\/wp-content\\\/uploads\\\/sites\\\/44\\\/2023\\\/05\\\/kolegium-zdjecia.jpg\",\"contentUrl\":\"https:\\\/\\\/pans.krosno.pl\\\/instytut-politechniczny\\\/wp-content\\\/uploads\\\/sites\\\/44\\\/2023\\\/05\\\/kolegium-zdjecia.jpg\",\"width\":1920,\"height\":1080},{\"@type\":\"BreadcrumbList\",\"@id\":\"https:\\\/\\\/pans.krosno.pl\\\/instytut-politechniczny\\\/posiedzenie-kolegium-instytutu-politechnicznego\\\/#breadcrumb\",\"itemListElement\":[{\"@type\":\"ListItem\",\"position\":1,\"name\":\"Strona g\u0142\u00f3wna\",\"item\":\"https:\\\/\\\/pans.krosno.pl\\\/instytut-politechniczny\\\/\"},{\"@type\":\"ListItem\",\"position\":2,\"name\":\"Posiedzenie Kolegium Instytutu Politechnicznego\"}]},{\"@type\":\"WebSite\",\"@id\":\"https:\\\/\\\/pans.krosno.pl\\\/instytut-politechniczny\\\/#website\",\"url\":\"https:\\\/\\\/pans.krosno.pl\\\/instytut-politechniczny\\\/\",\"name\":\"Instytut Politechniczny PANS w Kro\u015bnie\",\"description\":\"Instytut Politechniczny - Pa\u0144stwowa Akademia Nauk Stosowanych\",\"publisher\":{\"@id\":\"https:\\\/\\\/pans.krosno.pl\\\/instytut-politechniczny\\\/#organization\"},\"potentialAction\":[{\"@type\":\"SearchAction\",\"target\":{\"@type\":\"EntryPoint\",\"urlTemplate\":\"https:\\\/\\\/pans.krosno.pl\\\/instytut-politechniczny\\\/?s={search_term_string}\"},\"query-input\":{\"@type\":\"PropertyValueSpecification\",\"valueRequired\":true,\"valueName\":\"search_term_string\"}}],\"inLanguage\":\"pl-PL\"},{\"@type\":\"Organization\",\"@id\":\"https:\\\/\\\/pans.krosno.pl\\\/instytut-politechniczny\\\/#organization\",\"name\":\"Instytut Politechniczny PANS w Kro\u015bnie\",\"url\":\"https:\\\/\\\/pans.krosno.pl\\\/instytut-politechniczny\\\/\",\"logo\":{\"@type\":\"ImageObject\",\"inLanguage\":\"pl-PL\",\"@id\":\"https:\\\/\\\/pans.krosno.pl\\\/instytut-politechniczny\\\/#\\\/schema\\\/logo\\\/image\\\/\",\"url\":\"https:\\\/\\\/pans.krosno.pl\\\/instytut-politechniczny\\\/wp-content\\\/uploads\\\/sites\\\/44\\\/2023\\\/01\\\/Logo-PANS-2022-pelne.png\",\"contentUrl\":\"https:\\\/\\\/pans.krosno.pl\\\/instytut-politechniczny\\\/wp-content\\\/uploads\\\/sites\\\/44\\\/2023\\\/01\\\/Logo-PANS-2022-pelne.png\",\"width\":3096,\"height\":696,\"caption\":\"Instytut Politechniczny PANS w Kro\u015bnie\"},\"image\":{\"@id\":\"https:\\\/\\\/pans.krosno.pl\\\/instytut-politechniczny\\\/#\\\/schema\\\/logo\\\/image\\\/\"}},{\"@type\":\"Person\",\"@id\":\"https:\\\/\\\/pans.krosno.pl\\\/instytut-politechniczny\\\/#\\\/schema\\\/person\\\/bb41012c06cff413694f4862213d2fd9\",\"name\":\"Agnieszka Urba\u0144ska\",\"image\":{\"@type\":\"ImageObject\",\"inLanguage\":\"pl-PL\",\"@id\":\"https:\\\/\\\/secure.gravatar.com\\\/avatar\\\/30baad28262f9ba7098d24a4ac725704a5aa6b7bd41020308629983f3f89715f?s=96&d=mm&r=g\",\"url\":\"https:\\\/\\\/secure.gravatar.com\\\/avatar\\\/30baad28262f9ba7098d24a4ac725704a5aa6b7bd41020308629983f3f89715f?s=96&d=mm&r=g\",\"contentUrl\":\"https:\\\/\\\/secure.gravatar.com\\\/avatar\\\/30baad28262f9ba7098d24a4ac725704a5aa6b7bd41020308629983f3f89715f?s=96&d=mm&r=g\",\"caption\":\"Agnieszka Urba\u0144ska\"},\"url\":\"https:\\\/\\\/pans.krosno.pl\\\/instytut-politechniczny\\\/author\\\/sekretariatpolitechniczny2\\\/\"}]}<\/script>\n<!-- \/ Yoast SEO Premium plugin. -->","yoast_head_json":{"title":"Posiedzenie Kolegium Instytutu Politechnicznego - Instytut Politechniczny PANS w Kro\u015bnie","robots":{"index":"index","follow":"follow","max-snippet":"max-snippet:-1","max-image-preview":"max-image-preview:large","max-video-preview":"max-video-preview:-1"},"canonical":"https:\/\/pans.krosno.pl\/instytut-politechniczny\/posiedzenie-kolegium-instytutu-politechnicznego\/","og_locale":"pl_PL","og_type":"article","og_title":"Posiedzenie Kolegium Instytutu Politechnicznego","og_description":"W dniu 13 kwietnia 2023 r. o godz.15.00 w formie zdalnej odby\u0142o si\u0119 zebranie Kolegium Instytutu Politechnicznego (IP), w kt\u00f3rym uczestniczyli:dr Agnieszka Wo\u017aniak &#8211; Prorektor ds. Rozwoju PANS w Kro\u015bnie,dr in\u017c. Piotr Wais &#8211; Dyrektor Instytutu Politechnicznego,Grzegorz Rachwa\u0142 &#8211; Dyrektor ds. realizacji produkcji PRID Krosno S.A.,\u0141ukasz Karamus &#8211; Kierownik oczyszczalni [\u2026] Read More","og_url":"https:\/\/pans.krosno.pl\/instytut-politechniczny\/posiedzenie-kolegium-instytutu-politechnicznego\/","og_site_name":"Instytut Politechniczny PANS w Kro\u015bnie","article_published_time":"2023-04-20T08:20:00+00:00","article_modified_time":"2023-05-30T08:33:50+00:00","og_image":[{"width":1920,"height":1080,"url":"https:\/\/pans.krosno.pl\/wp-content\/uploads\/sites\/44\/2023\/05\/kolegium-zdjecia.jpg","type":"image\/jpeg"}],"author":"Agnieszka Urba\u0144ska","twitter_card":"summary_large_image","twitter_misc":{"Napisane przez":"Agnieszka Urba\u0144ska","Szacowany czas czytania":"2 minuty"},"schema":{"@context":"https:\/\/schema.org","@graph":[{"@type":"Article","@id":"https:\/\/pans.krosno.pl\/instytut-politechniczny\/posiedzenie-kolegium-instytutu-politechnicznego\/#article","isPartOf":{"@id":"https:\/\/pans.krosno.pl\/instytut-politechniczny\/posiedzenie-kolegium-instytutu-politechnicznego\/"},"author":{"name":"Agnieszka Urba\u0144ska","@id":"https:\/\/pans.krosno.pl\/instytut-politechniczny\/#\/schema\/person\/bb41012c06cff413694f4862213d2fd9"},"headline":"Posiedzenie Kolegium Instytutu Politechnicznego","datePublished":"2023-04-20T08:20:00+00:00","dateModified":"2023-05-30T08:33:50+00:00","mainEntityOfPage":{"@id":"https:\/\/pans.krosno.pl\/instytut-politechniczny\/posiedzenie-kolegium-instytutu-politechnicznego\/"},"wordCount":366,"commentCount":0,"publisher":{"@id":"https:\/\/pans.krosno.pl\/instytut-politechniczny\/#organization"},"image":{"@id":"https:\/\/pans.krosno.pl\/instytut-politechniczny\/posiedzenie-kolegium-instytutu-politechnicznego\/#primaryimage"},"thumbnailUrl":"https:\/\/pans.krosno.pl\/instytut-politechniczny\/wp-content\/uploads\/sites\/44\/2023\/05\/kolegium-zdjecia.jpg","inLanguage":"pl-PL","potentialAction":[{"@type":"CommentAction","name":"Comment","target":["https:\/\/pans.krosno.pl\/instytut-politechniczny\/posiedzenie-kolegium-instytutu-politechnicznego\/#respond"]}]},{"@type":"WebPage","@id":"https:\/\/pans.krosno.pl\/instytut-politechniczny\/posiedzenie-kolegium-instytutu-politechnicznego\/","url":"https:\/\/pans.krosno.pl\/instytut-politechniczny\/posiedzenie-kolegium-instytutu-politechnicznego\/","name":"Posiedzenie Kolegium Instytutu Politechnicznego - Instytut Politechniczny PANS w Kro\u015bnie","isPartOf":{"@id":"https:\/\/pans.krosno.pl\/instytut-politechniczny\/#website"},"primaryImageOfPage":{"@id":"https:\/\/pans.krosno.pl\/instytut-politechniczny\/posiedzenie-kolegium-instytutu-politechnicznego\/#primaryimage"},"image":{"@id":"https:\/\/pans.krosno.pl\/instytut-politechniczny\/posiedzenie-kolegium-instytutu-politechnicznego\/#primaryimage"},"thumbnailUrl":"https:\/\/pans.krosno.pl\/instytut-politechniczny\/wp-content\/uploads\/sites\/44\/2023\/05\/kolegium-zdjecia.jpg","datePublished":"2023-04-20T08:20:00+00:00","dateModified":"2023-05-30T08:33:50+00:00","breadcrumb":{"@id":"https:\/\/pans.krosno.pl\/instytut-politechniczny\/posiedzenie-kolegium-instytutu-politechnicznego\/#breadcrumb"},"inLanguage":"pl-PL","potentialAction":[{"@type":"ReadAction","target":["https:\/\/pans.krosno.pl\/instytut-politechniczny\/posiedzenie-kolegium-instytutu-politechnicznego\/"]}]},{"@type":"ImageObject","inLanguage":"pl-PL","@id":"https:\/\/pans.krosno.pl\/instytut-politechniczny\/posiedzenie-kolegium-instytutu-politechnicznego\/#primaryimage","url":"https:\/\/pans.krosno.pl\/instytut-politechniczny\/wp-content\/uploads\/sites\/44\/2023\/05\/kolegium-zdjecia.jpg","contentUrl":"https:\/\/pans.krosno.pl\/instytut-politechniczny\/wp-content\/uploads\/sites\/44\/2023\/05\/kolegium-zdjecia.jpg","width":1920,"height":1080},{"@type":"BreadcrumbList","@id":"https:\/\/pans.krosno.pl\/instytut-politechniczny\/posiedzenie-kolegium-instytutu-politechnicznego\/#breadcrumb","itemListElement":[{"@type":"ListItem","position":1,"name":"Strona g\u0142\u00f3wna","item":"https:\/\/pans.krosno.pl\/instytut-politechniczny\/"},{"@type":"ListItem","position":2,"name":"Posiedzenie Kolegium Instytutu Politechnicznego"}]},{"@type":"WebSite","@id":"https:\/\/pans.krosno.pl\/instytut-politechniczny\/#website","url":"https:\/\/pans.krosno.pl\/instytut-politechniczny\/","name":"Instytut Politechniczny PANS w Kro\u015bnie","description":"Instytut Politechniczny - Pa\u0144stwowa Akademia Nauk Stosowanych","publisher":{"@id":"https:\/\/pans.krosno.pl\/instytut-politechniczny\/#organization"},"potentialAction":[{"@type":"SearchAction","target":{"@type":"EntryPoint","urlTemplate":"https:\/\/pans.krosno.pl\/instytut-politechniczny\/?s={search_term_string}"},"query-input":{"@type":"PropertyValueSpecification","valueRequired":true,"valueName":"search_term_string"}}],"inLanguage":"pl-PL"},{"@type":"Organization","@id":"https:\/\/pans.krosno.pl\/instytut-politechniczny\/#organization","name":"Instytut Politechniczny PANS w Kro\u015bnie","url":"https:\/\/pans.krosno.pl\/instytut-politechniczny\/","logo":{"@type":"ImageObject","inLanguage":"pl-PL","@id":"https:\/\/pans.krosno.pl\/instytut-politechniczny\/#\/schema\/logo\/image\/","url":"https:\/\/pans.krosno.pl\/instytut-politechniczny\/wp-content\/uploads\/sites\/44\/2023\/01\/Logo-PANS-2022-pelne.png","contentUrl":"https:\/\/pans.krosno.pl\/instytut-politechniczny\/wp-content\/uploads\/sites\/44\/2023\/01\/Logo-PANS-2022-pelne.png","width":3096,"height":696,"caption":"Instytut Politechniczny PANS w Kro\u015bnie"},"image":{"@id":"https:\/\/pans.krosno.pl\/instytut-politechniczny\/#\/schema\/logo\/image\/"}},{"@type":"Person","@id":"https:\/\/pans.krosno.pl\/instytut-politechniczny\/#\/schema\/person\/bb41012c06cff413694f4862213d2fd9","name":"Agnieszka Urba\u0144ska","image":{"@type":"ImageObject","inLanguage":"pl-PL","@id":"https:\/\/secure.gravatar.com\/avatar\/30baad28262f9ba7098d24a4ac725704a5aa6b7bd41020308629983f3f89715f?s=96&d=mm&r=g","url":"https:\/\/secure.gravatar.com\/avatar\/30baad28262f9ba7098d24a4ac725704a5aa6b7bd41020308629983f3f89715f?s=96&d=mm&r=g","contentUrl":"https:\/\/secure.gravatar.com\/avatar\/30baad28262f9ba7098d24a4ac725704a5aa6b7bd41020308629983f3f89715f?s=96&d=mm&r=g","caption":"Agnieszka Urba\u0144ska"},"url":"https:\/\/pans.krosno.pl\/instytut-politechniczny\/author\/sekretariatpolitechniczny2\/"}]}},"_links":{"self":[{"href":"https:\/\/pans.krosno.pl\/instytut-politechniczny\/wp-json\/wp\/v2\/posts\/452","targetHints":{"allow":["GET"]}}],"collection":[{"href":"https:\/\/pans.krosno.pl\/instytut-politechniczny\/wp-json\/wp\/v2\/posts"}],"about":[{"href":"https:\/\/pans.krosno.pl\/instytut-politechniczny\/wp-json\/wp\/v2\/types\/post"}],"author":[{"embeddable":true,"href":"https:\/\/pans.krosno.pl\/instytut-politechniczny\/wp-json\/wp\/v2\/users\/67"}],"replies":[{"embeddable":true,"href":"https:\/\/pans.krosno.pl\/instytut-politechniczny\/wp-json\/wp\/v2\/comments?post=452"}],"version-history":[{"count":1,"href":"https:\/\/pans.krosno.pl\/instytut-politechniczny\/wp-json\/wp\/v2\/posts\/452\/revisions"}],"predecessor-version":[{"id":455,"href":"https:\/\/pans.krosno.pl\/instytut-politechniczny\/wp-json\/wp\/v2\/posts\/452\/revisions\/455"}],"wp:featuredmedia":[{"embeddable":true,"href":"https:\/\/pans.krosno.pl\/instytut-politechniczny\/wp-json\/wp\/v2\/media\/453"}],"wp:attachment":[{"href":"https:\/\/pans.krosno.pl\/instytut-politechniczny\/wp-json\/wp\/v2\/media?parent=452"}],"wp:term":[{"taxonomy":"category","embeddable":true,"href":"https:\/\/pans.krosno.pl\/instytut-politechniczny\/wp-json\/wp\/v2\/categories?post=452"},{"taxonomy":"post_tag","embeddable":true,"href":"https:\/\/pans.krosno.pl\/instytut-politechniczny\/wp-json\/wp\/v2\/tags?post=452"}],"curies":[{"name":"wp","href":"https:\/\/api.w.org\/{rel}","templated":true}]}}