{"id":994,"date":"2021-05-29T15:42:13","date_gmt":"2021-05-29T13:42:13","guid":{"rendered":"https:\/\/pans.krosno.pl\/instytut-humanistyczny\/?p=994"},"modified":"2021-05-29T15:48:11","modified_gmt":"2021-05-29T13:48:11","slug":"literackie-witaminy-i-geopolityka-najnowsze-radiowe-komentarze-grzegorza-przebindy","status":"publish","type":"post","link":"https:\/\/pans.krosno.pl\/instytut-humanistyczny\/literackie-witaminy-i-geopolityka-najnowsze-radiowe-komentarze-grzegorza-przebindy\/","title":{"rendered":"Literackie witaminy i polityka Bia\u0142orusi &#8211; najnowsze radiowe komentarze Grzegorza Przebindy"},"content":{"rendered":"\n<p><strong>Radiowe rozmowy Grzegorza i Igora Przebind\u00f3w z KPU w Kro\u015bnie o literaturze i polityce<\/strong><\/p>\n\n\n\n<figure class=\"wp-block-image is-style-default\"><img decoding=\"async\" src=\"https:\/\/pans.krosno.pl\/wp-content\/uploads\/2021\/05\/12.jpg\" alt=\"\" class=\"wp-image-25542\" \/><\/figure>\n\n\n\n<p><strong>Radio \u0141\u00f3d\u017a 21 V 2021. Strefa popkultury. Rozmowa o&nbsp;<em>Mistrzu i Ma\u0142gorzacie<\/em>&nbsp;z Igorem Przebind\u0105 i Grzegorzem Przebind\u0105<\/strong><\/p>\n\n\n\n<p>Radio: \u201eJak sprawi\u0107, \u017ceby co\u015b, co zosta\u0142o napisane kilkadziesi\u0105t, kilkaset lat temu, wci\u0105\u017c dobrze brzmia\u0142o wsp\u00f3\u0142cze\u015bnie? S\u0105 z nami na linii Igor Przebinda i Grzegorz Przebinda, kt\u00f3rzy wraz z Leokadi\u0105 Ann\u0105 Przebind\u0105 stworzy\u0142a nowy przek\u0142ad \u201eMistrza i Ma\u0142gorzaty\u201d\u2026 Na pocz\u0105tek, panowie, czujecie si\u0119 troch\u0119 zdrajcami? W ko\u0144cu: Traduttore, tradittore, czyli \u201et\u0142umacz to zdrajca\u2026.\u201d\u00a0<strong>Igor:\u00a0<\/strong>\u201eNie czujemy si\u0119 zdrajcami\u2026 Przeciwnie, uwa\u017camy si\u0119 za spadkobierc\u00f3w Bu\u0142hakowa, za spadkobierc\u00f3w ducha jego powie\u015bci. Dwa lata pracowali\u015bmy nad wskrzeszeniem tego ducha w polszczy\u017anie\u201d\u2026.\u00a0<strong>Grzegorz:\u00a0<\/strong>\u201eZdrajc\u0105 to by\u0142 Pi\u0142at w powie\u015bci Bu\u0142hakowa. Zdrada jego wynika\u0142a z tch\u00f3rzostwa. Lubi\u0142 Jeszu\u0119, a mimo to podpisa\u0142 wyrok \u015bmierci na niego\u2026 A my ca\u0142e \u017cycie jeste\u015bmy wierni Bu\u0142hakowowi. <\/p>\n\n\n\n<figure class=\"wp-block-embed-youtube wp-block-embed is-type-video is-provider-youtube wp-embed-aspect-16-9 wp-has-aspect-ratio\"><div class=\"wp-block-embed__wrapper\">\n<iframe loading=\"lazy\" title=\"Radio \u0141\u00f3d\u017a 21 V 2021. Rozmowa o Mistrzu i Ma\u0142gorzacie z Igorem Przebind\u0105 i Grzegorzem Przebind\u0105\" width=\"740\" height=\"416\" src=\"https:\/\/www.youtube.com\/embed\/K-0KoEvpEoI?feature=oembed\" frameborder=\"0\" allow=\"accelerometer; autoplay; clipboard-write; encrypted-media; gyroscope; picture-in-picture\" allowfullscreen><\/iframe>\n<\/div><\/figure>\n\n\n\n<p><strong>Radio Krak\u00f3w, 26 V 2021 Rozmowa o porwaniu samolotu pasa\u017cerskiego przez s\u0142u\u017cby bia\u0142oruskie.<\/strong>&nbsp;<strong>Z prof. Grzegorzem Przebind\u0105 rozmawia Jacek Ba\u0144ka.<\/strong><\/p>\n\n\n\n<p>Uprowadzenie pasa\u017cerskiego samolotu i aresztowanie Romana Protasiewicza, to przejaw rozpaczliwej, ale te\u017c \u015bmiertelnie gro\u017anej dla bezpiecze\u0144stwa Europy, obrony archaicznej w\u0142adzy \u2013 tak ostatnie dzia\u0142ania re\u017cimu \u0141ukaszenki ocenia prof. Grzegorz Przebinda z Instytutu Filologii Wschodnios\u0142owia\u0144skiej oraz Karpackiej Pa\u0144stwowej Uczelni im. Stanis\u0142awa Pigonia w Kro\u015bnie. Jak jednocze\u015bnie przekonuje, nie mo\u017cna wszystkich dzia\u0142a\u0144 \u0141ukaszenki wi\u0105za\u0107 z rosyjskimi inspiracjami.\u00a0<\/p>\n\n\n\n<figure class=\"wp-block-embed-youtube wp-block-embed is-type-video is-provider-youtube wp-embed-aspect-4-3 wp-has-aspect-ratio\"><div class=\"wp-block-embed__wrapper\">\n<iframe loading=\"lazy\" title=\"Radio Krak\u00f3w, 26 V 2021 Rozmowa o porwaniu samolotu pasa\u017cerskiego przez s\u0142u\u017cby bia\u0142oruskie.\" width=\"740\" height=\"555\" src=\"https:\/\/www.youtube.com\/embed\/ZAFfd1iXT4Q?feature=oembed\" frameborder=\"0\" allow=\"accelerometer; autoplay; clipboard-write; encrypted-media; gyroscope; picture-in-picture\" allowfullscreen><\/iframe>\n<\/div><\/figure>\n\n\n\n<p><strong>Dw\u00f3jka 26 V 2021. Literackie witaminy. Rozmow\u0119 z prof. Grzegorzem Przebind\u0105 prowadzi Kinga Majewska.<\/strong><\/p>\n\n\n\n<p>Parafrazuj\u0105c znany cytat o Mi\u0142oszu,\u00a0<em>J\u00f3zef Hen jak \u015bwiat<\/em>. \u00a0M\u00f3wi\u0119 to z pe\u0142nym przekonaniem, jako ten, kt\u00f3ry czyta literatur\u0119 rosyjsk\u0105 bezustannie, orientuj\u0119 si\u0119 te\u017c jako tako we wsp\u00f3\u0142czesnej literaturze polskiej, ale przecie\u017c czytam te\u017c nieco i literatur\u0119 angielsk\u0105 w oryginale \u2013\u00a0 J\u00f3zef Hen to jeden z najbardziej wszechstronnych polskich pisarzy XX w. \u2013 m\u00f3wi\u0142 w Dw\u00f3jce\u00a0literaturoznawca, rusycysta i t\u0142umacz.<\/p>\n\n\n\n<figure class=\"wp-block-embed-youtube wp-block-embed is-type-video is-provider-youtube wp-embed-aspect-4-3 wp-has-aspect-ratio\"><div class=\"wp-block-embed__wrapper\">\n<iframe loading=\"lazy\" title=\"Dw\u00f3jka 26 V 2021. Literackie witaminy. Rozmow\u0119 z prof. Grzegorzem Przebind\u0105 prowadzi Kinga Majewska.\" width=\"740\" height=\"555\" src=\"https:\/\/www.youtube.com\/embed\/nXGXnl2_wSg?feature=oembed\" frameborder=\"0\" allow=\"accelerometer; autoplay; clipboard-write; encrypted-media; gyroscope; picture-in-picture\" allowfullscreen><\/iframe>\n<\/div><\/figure>\n\n\n\n<p><\/p>\n","protected":false},"excerpt":{"rendered":"<p>Radiowe rozmowy Grzegorza i Igora Przebind\u00f3w z KPU w Kro\u015bnie o literaturze i polityce Radio \u0141\u00f3d\u017a 21 V 2021. Strefa popkultury. Rozmowa o&nbsp;Mistrzu i Ma\u0142gorzacie&nbsp;z Igorem Przebind\u0105 i Grzegorzem Przebind\u0105 Radio: \u201eJak sprawi\u0107, \u017ceby co\u015b, co zosta\u0142o napisane kilkadziesi\u0105t, kilkaset lat temu, wci\u0105\u017c dobrze brzmia\u0142o wsp\u00f3\u0142cze\u015bnie? S\u0105 z nami na [\u2026] <\/p>\n<div class=\"clear\"><\/div>\n<p><a class=\"more_link clearfix\" href=\"https:\/\/pans.krosno.pl\/instytut-humanistyczny\/literackie-witaminy-i-geopolityka-najnowsze-radiowe-komentarze-grzegorza-przebindy\/\" rel=\"nofollow\">Read More<\/a><\/p>\n","protected":false},"author":57,"featured_media":1002,"comment_status":"open","ping_status":"open","sticky":false,"template":"","format":"standard","meta":{"ngg_post_thumbnail":0,"footnotes":""},"categories":[1],"tags":[],"class_list":["post-994","post","type-post","status-publish","format-standard","has-post-thumbnail","hentry","category-bez-kategorii"],"yoast_head":"<!-- This site is optimized with the Yoast SEO Premium plugin v27.4 (Yoast SEO v27.4) - https:\/\/yoast.com\/product\/yoast-seo-premium-wordpress\/ -->\n<title>Literackie witaminy i polityka Bia\u0142orusi - najnowsze radiowe komentarze Grzegorza Przebindy - Instytut Humanistyczny PANS w Kro\u015bnie<\/title>\n<meta name=\"robots\" content=\"index, follow, max-snippet:-1, max-image-preview:large, max-video-preview:-1\" \/>\n<link rel=\"canonical\" href=\"https:\/\/pans.krosno.pl\/instytut-humanistyczny\/literackie-witaminy-i-geopolityka-najnowsze-radiowe-komentarze-grzegorza-przebindy\/\" \/>\n<meta property=\"og:locale\" content=\"pl_PL\" \/>\n<meta property=\"og:type\" content=\"article\" \/>\n<meta property=\"og:title\" content=\"Literackie witaminy i polityka Bia\u0142orusi - najnowsze radiowe komentarze Grzegorza Przebindy\" \/>\n<meta property=\"og:description\" content=\"Radiowe rozmowy Grzegorza i Igora Przebind\u00f3w z KPU w Kro\u015bnie o literaturze i polityce Radio \u0141\u00f3d\u017a 21 V 2021. Strefa popkultury. Rozmowa o&nbsp;Mistrzu i Ma\u0142gorzacie&nbsp;z Igorem Przebind\u0105 i Grzegorzem Przebind\u0105 Radio: \u201eJak sprawi\u0107, \u017ceby co\u015b, co zosta\u0142o napisane kilkadziesi\u0105t, kilkaset lat temu, wci\u0105\u017c dobrze brzmia\u0142o wsp\u00f3\u0142cze\u015bnie? S\u0105 z nami na [\u2026] Read More\" \/>\n<meta property=\"og:url\" content=\"https:\/\/pans.krosno.pl\/instytut-humanistyczny\/literackie-witaminy-i-geopolityka-najnowsze-radiowe-komentarze-grzegorza-przebindy\/\" \/>\n<meta property=\"og:site_name\" content=\"Instytut Humanistyczny PANS w Kro\u015bnie\" \/>\n<meta property=\"article:published_time\" content=\"2021-05-29T13:42:13+00:00\" \/>\n<meta property=\"article:modified_time\" content=\"2021-05-29T13:48:11+00:00\" \/>\n<meta property=\"og:image\" content=\"https:\/\/pans.krosno.pl\/wp-content\/uploads\/sites\/9\/2021\/05\/radio-mic.jpeg\" \/>\n\t<meta property=\"og:image:width\" content=\"802\" \/>\n\t<meta property=\"og:image:height\" content=\"1300\" \/>\n\t<meta property=\"og:image:type\" content=\"image\/jpeg\" \/>\n<meta name=\"author\" content=\"Bartosz Go\u0142\u0105bek\" \/>\n<meta name=\"twitter:card\" content=\"summary_large_image\" \/>\n<meta name=\"twitter:label1\" content=\"Napisane przez\" \/>\n\t<meta name=\"twitter:data1\" content=\"Bartosz Go\u0142\u0105bek\" \/>\n\t<meta name=\"twitter:label2\" content=\"Szacowany czas czytania\" \/>\n\t<meta name=\"twitter:data2\" content=\"2 minuty\" \/>\n<script type=\"application\/ld+json\" class=\"yoast-schema-graph\">{\"@context\":\"https:\\\/\\\/schema.org\",\"@graph\":[{\"@type\":\"Article\",\"@id\":\"https:\\\/\\\/pans.krosno.pl\\\/instytut-humanistyczny\\\/literackie-witaminy-i-geopolityka-najnowsze-radiowe-komentarze-grzegorza-przebindy\\\/#article\",\"isPartOf\":{\"@id\":\"https:\\\/\\\/pans.krosno.pl\\\/instytut-humanistyczny\\\/literackie-witaminy-i-geopolityka-najnowsze-radiowe-komentarze-grzegorza-przebindy\\\/\"},\"author\":{\"name\":\"Bartosz Go\u0142\u0105bek\",\"@id\":\"https:\\\/\\\/pans.krosno.pl\\\/instytut-humanistyczny\\\/#\\\/schema\\\/person\\\/cb70195a5aeabe88d51256d821faa2d9\"},\"headline\":\"Literackie witaminy i polityka Bia\u0142orusi &#8211; najnowsze radiowe komentarze Grzegorza Przebindy\",\"datePublished\":\"2021-05-29T13:42:13+00:00\",\"dateModified\":\"2021-05-29T13:48:11+00:00\",\"mainEntityOfPage\":{\"@id\":\"https:\\\/\\\/pans.krosno.pl\\\/instytut-humanistyczny\\\/literackie-witaminy-i-geopolityka-najnowsze-radiowe-komentarze-grzegorza-przebindy\\\/\"},\"wordCount\":374,\"commentCount\":0,\"publisher\":{\"@id\":\"https:\\\/\\\/pans.krosno.pl\\\/instytut-humanistyczny\\\/#organization\"},\"image\":{\"@id\":\"https:\\\/\\\/pans.krosno.pl\\\/instytut-humanistyczny\\\/literackie-witaminy-i-geopolityka-najnowsze-radiowe-komentarze-grzegorza-przebindy\\\/#primaryimage\"},\"thumbnailUrl\":\"https:\\\/\\\/pans.krosno.pl\\\/instytut-humanistyczny\\\/wp-content\\\/uploads\\\/sites\\\/9\\\/2021\\\/05\\\/radio-mic.jpeg\",\"inLanguage\":\"pl-PL\",\"potentialAction\":[{\"@type\":\"CommentAction\",\"name\":\"Comment\",\"target\":[\"https:\\\/\\\/pans.krosno.pl\\\/instytut-humanistyczny\\\/literackie-witaminy-i-geopolityka-najnowsze-radiowe-komentarze-grzegorza-przebindy\\\/#respond\"]}]},{\"@type\":\"WebPage\",\"@id\":\"https:\\\/\\\/pans.krosno.pl\\\/instytut-humanistyczny\\\/literackie-witaminy-i-geopolityka-najnowsze-radiowe-komentarze-grzegorza-przebindy\\\/\",\"url\":\"https:\\\/\\\/pans.krosno.pl\\\/instytut-humanistyczny\\\/literackie-witaminy-i-geopolityka-najnowsze-radiowe-komentarze-grzegorza-przebindy\\\/\",\"name\":\"Literackie witaminy i polityka Bia\u0142orusi - najnowsze radiowe komentarze Grzegorza Przebindy - Instytut Humanistyczny PANS w Kro\u015bnie\",\"isPartOf\":{\"@id\":\"https:\\\/\\\/pans.krosno.pl\\\/instytut-humanistyczny\\\/#website\"},\"primaryImageOfPage\":{\"@id\":\"https:\\\/\\\/pans.krosno.pl\\\/instytut-humanistyczny\\\/literackie-witaminy-i-geopolityka-najnowsze-radiowe-komentarze-grzegorza-przebindy\\\/#primaryimage\"},\"image\":{\"@id\":\"https:\\\/\\\/pans.krosno.pl\\\/instytut-humanistyczny\\\/literackie-witaminy-i-geopolityka-najnowsze-radiowe-komentarze-grzegorza-przebindy\\\/#primaryimage\"},\"thumbnailUrl\":\"https:\\\/\\\/pans.krosno.pl\\\/instytut-humanistyczny\\\/wp-content\\\/uploads\\\/sites\\\/9\\\/2021\\\/05\\\/radio-mic.jpeg\",\"datePublished\":\"2021-05-29T13:42:13+00:00\",\"dateModified\":\"2021-05-29T13:48:11+00:00\",\"breadcrumb\":{\"@id\":\"https:\\\/\\\/pans.krosno.pl\\\/instytut-humanistyczny\\\/literackie-witaminy-i-geopolityka-najnowsze-radiowe-komentarze-grzegorza-przebindy\\\/#breadcrumb\"},\"inLanguage\":\"pl-PL\",\"potentialAction\":[{\"@type\":\"ReadAction\",\"target\":[\"https:\\\/\\\/pans.krosno.pl\\\/instytut-humanistyczny\\\/literackie-witaminy-i-geopolityka-najnowsze-radiowe-komentarze-grzegorza-przebindy\\\/\"]}]},{\"@type\":\"ImageObject\",\"inLanguage\":\"pl-PL\",\"@id\":\"https:\\\/\\\/pans.krosno.pl\\\/instytut-humanistyczny\\\/literackie-witaminy-i-geopolityka-najnowsze-radiowe-komentarze-grzegorza-przebindy\\\/#primaryimage\",\"url\":\"https:\\\/\\\/pans.krosno.pl\\\/instytut-humanistyczny\\\/wp-content\\\/uploads\\\/sites\\\/9\\\/2021\\\/05\\\/radio-mic.jpeg\",\"contentUrl\":\"https:\\\/\\\/pans.krosno.pl\\\/instytut-humanistyczny\\\/wp-content\\\/uploads\\\/sites\\\/9\\\/2021\\\/05\\\/radio-mic.jpeg\",\"width\":802,\"height\":1300},{\"@type\":\"BreadcrumbList\",\"@id\":\"https:\\\/\\\/pans.krosno.pl\\\/instytut-humanistyczny\\\/literackie-witaminy-i-geopolityka-najnowsze-radiowe-komentarze-grzegorza-przebindy\\\/#breadcrumb\",\"itemListElement\":[{\"@type\":\"ListItem\",\"position\":1,\"name\":\"Strona g\u0142\u00f3wna\",\"item\":\"https:\\\/\\\/pans.krosno.pl\\\/instytut-humanistyczny\\\/\"},{\"@type\":\"ListItem\",\"position\":2,\"name\":\"Literackie witaminy i polityka Bia\u0142orusi &#8211; najnowsze radiowe komentarze Grzegorza Przebindy\"}]},{\"@type\":\"WebSite\",\"@id\":\"https:\\\/\\\/pans.krosno.pl\\\/instytut-humanistyczny\\\/#website\",\"url\":\"https:\\\/\\\/pans.krosno.pl\\\/instytut-humanistyczny\\\/\",\"name\":\"Instytut Humanistyczny PANS w Kro\u015bnie\",\"description\":\"Instytut Humanistyczny - Pa\u0144stwowa Akademia Nauk Stosowanych\",\"publisher\":{\"@id\":\"https:\\\/\\\/pans.krosno.pl\\\/instytut-humanistyczny\\\/#organization\"},\"potentialAction\":[{\"@type\":\"SearchAction\",\"target\":{\"@type\":\"EntryPoint\",\"urlTemplate\":\"https:\\\/\\\/pans.krosno.pl\\\/instytut-humanistyczny\\\/?s={search_term_string}\"},\"query-input\":{\"@type\":\"PropertyValueSpecification\",\"valueRequired\":true,\"valueName\":\"search_term_string\"}}],\"inLanguage\":\"pl-PL\"},{\"@type\":\"Organization\",\"@id\":\"https:\\\/\\\/pans.krosno.pl\\\/instytut-humanistyczny\\\/#organization\",\"name\":\"Instytut Humanistyczny PANS w Kro\u015bnie\",\"url\":\"https:\\\/\\\/pans.krosno.pl\\\/instytut-humanistyczny\\\/\",\"logo\":{\"@type\":\"ImageObject\",\"inLanguage\":\"pl-PL\",\"@id\":\"https:\\\/\\\/pans.krosno.pl\\\/instytut-humanistyczny\\\/#\\\/schema\\\/logo\\\/image\\\/\",\"url\":\"https:\\\/\\\/pans.krosno.pl\\\/instytut-humanistyczny\\\/wp-content\\\/uploads\\\/sites\\\/9\\\/2023\\\/01\\\/Logo-PANS-2022-pelne.png\",\"contentUrl\":\"https:\\\/\\\/pans.krosno.pl\\\/instytut-humanistyczny\\\/wp-content\\\/uploads\\\/sites\\\/9\\\/2023\\\/01\\\/Logo-PANS-2022-pelne.png\",\"width\":3096,\"height\":696,\"caption\":\"Instytut Humanistyczny PANS w Kro\u015bnie\"},\"image\":{\"@id\":\"https:\\\/\\\/pans.krosno.pl\\\/instytut-humanistyczny\\\/#\\\/schema\\\/logo\\\/image\\\/\"}},{\"@type\":\"Person\",\"@id\":\"https:\\\/\\\/pans.krosno.pl\\\/instytut-humanistyczny\\\/#\\\/schema\\\/person\\\/cb70195a5aeabe88d51256d821faa2d9\",\"name\":\"Bartosz Go\u0142\u0105bek\",\"image\":{\"@type\":\"ImageObject\",\"inLanguage\":\"pl-PL\",\"@id\":\"https:\\\/\\\/secure.gravatar.com\\\/avatar\\\/ad10819676385baed8ebd4d7be0d4ba77dd5fdc0f4779d414dea3126fd3aec33?s=96&d=mm&r=g\",\"url\":\"https:\\\/\\\/secure.gravatar.com\\\/avatar\\\/ad10819676385baed8ebd4d7be0d4ba77dd5fdc0f4779d414dea3126fd3aec33?s=96&d=mm&r=g\",\"contentUrl\":\"https:\\\/\\\/secure.gravatar.com\\\/avatar\\\/ad10819676385baed8ebd4d7be0d4ba77dd5fdc0f4779d414dea3126fd3aec33?s=96&d=mm&r=g\",\"caption\":\"Bartosz Go\u0142\u0105bek\"},\"description\":\"dr Bartosz Go\u0142\u0105bek Dyrektor Instytutu Humanistycznego Karpacka Pa\u0144stwowa Uczelnia w Kro\u015bnie (dawniej PWSZ)\",\"url\":\"https:\\\/\\\/pans.krosno.pl\\\/instytut-humanistyczny\\\/author\\\/bartoszgolabek\\\/\"}]}<\/script>\n<!-- \/ Yoast SEO Premium plugin. -->","yoast_head_json":{"title":"Literackie witaminy i polityka Bia\u0142orusi - najnowsze radiowe komentarze Grzegorza Przebindy - Instytut Humanistyczny PANS w Kro\u015bnie","robots":{"index":"index","follow":"follow","max-snippet":"max-snippet:-1","max-image-preview":"max-image-preview:large","max-video-preview":"max-video-preview:-1"},"canonical":"https:\/\/pans.krosno.pl\/instytut-humanistyczny\/literackie-witaminy-i-geopolityka-najnowsze-radiowe-komentarze-grzegorza-przebindy\/","og_locale":"pl_PL","og_type":"article","og_title":"Literackie witaminy i polityka Bia\u0142orusi - najnowsze radiowe komentarze Grzegorza Przebindy","og_description":"Radiowe rozmowy Grzegorza i Igora Przebind\u00f3w z KPU w Kro\u015bnie o literaturze i polityce Radio \u0141\u00f3d\u017a 21 V 2021. Strefa popkultury. Rozmowa o&nbsp;Mistrzu i Ma\u0142gorzacie&nbsp;z Igorem Przebind\u0105 i Grzegorzem Przebind\u0105 Radio: \u201eJak sprawi\u0107, \u017ceby co\u015b, co zosta\u0142o napisane kilkadziesi\u0105t, kilkaset lat temu, wci\u0105\u017c dobrze brzmia\u0142o wsp\u00f3\u0142cze\u015bnie? S\u0105 z nami na [\u2026] Read More","og_url":"https:\/\/pans.krosno.pl\/instytut-humanistyczny\/literackie-witaminy-i-geopolityka-najnowsze-radiowe-komentarze-grzegorza-przebindy\/","og_site_name":"Instytut Humanistyczny PANS w Kro\u015bnie","article_published_time":"2021-05-29T13:42:13+00:00","article_modified_time":"2021-05-29T13:48:11+00:00","og_image":[{"width":802,"height":1300,"url":"https:\/\/pans.krosno.pl\/wp-content\/uploads\/sites\/9\/2021\/05\/radio-mic.jpeg","type":"image\/jpeg"}],"author":"Bartosz Go\u0142\u0105bek","twitter_card":"summary_large_image","twitter_misc":{"Napisane przez":"Bartosz Go\u0142\u0105bek","Szacowany czas czytania":"2 minuty"},"schema":{"@context":"https:\/\/schema.org","@graph":[{"@type":"Article","@id":"https:\/\/pans.krosno.pl\/instytut-humanistyczny\/literackie-witaminy-i-geopolityka-najnowsze-radiowe-komentarze-grzegorza-przebindy\/#article","isPartOf":{"@id":"https:\/\/pans.krosno.pl\/instytut-humanistyczny\/literackie-witaminy-i-geopolityka-najnowsze-radiowe-komentarze-grzegorza-przebindy\/"},"author":{"name":"Bartosz Go\u0142\u0105bek","@id":"https:\/\/pans.krosno.pl\/instytut-humanistyczny\/#\/schema\/person\/cb70195a5aeabe88d51256d821faa2d9"},"headline":"Literackie witaminy i polityka Bia\u0142orusi &#8211; najnowsze radiowe komentarze Grzegorza Przebindy","datePublished":"2021-05-29T13:42:13+00:00","dateModified":"2021-05-29T13:48:11+00:00","mainEntityOfPage":{"@id":"https:\/\/pans.krosno.pl\/instytut-humanistyczny\/literackie-witaminy-i-geopolityka-najnowsze-radiowe-komentarze-grzegorza-przebindy\/"},"wordCount":374,"commentCount":0,"publisher":{"@id":"https:\/\/pans.krosno.pl\/instytut-humanistyczny\/#organization"},"image":{"@id":"https:\/\/pans.krosno.pl\/instytut-humanistyczny\/literackie-witaminy-i-geopolityka-najnowsze-radiowe-komentarze-grzegorza-przebindy\/#primaryimage"},"thumbnailUrl":"https:\/\/pans.krosno.pl\/instytut-humanistyczny\/wp-content\/uploads\/sites\/9\/2021\/05\/radio-mic.jpeg","inLanguage":"pl-PL","potentialAction":[{"@type":"CommentAction","name":"Comment","target":["https:\/\/pans.krosno.pl\/instytut-humanistyczny\/literackie-witaminy-i-geopolityka-najnowsze-radiowe-komentarze-grzegorza-przebindy\/#respond"]}]},{"@type":"WebPage","@id":"https:\/\/pans.krosno.pl\/instytut-humanistyczny\/literackie-witaminy-i-geopolityka-najnowsze-radiowe-komentarze-grzegorza-przebindy\/","url":"https:\/\/pans.krosno.pl\/instytut-humanistyczny\/literackie-witaminy-i-geopolityka-najnowsze-radiowe-komentarze-grzegorza-przebindy\/","name":"Literackie witaminy i polityka Bia\u0142orusi - najnowsze radiowe komentarze Grzegorza Przebindy - Instytut Humanistyczny PANS w Kro\u015bnie","isPartOf":{"@id":"https:\/\/pans.krosno.pl\/instytut-humanistyczny\/#website"},"primaryImageOfPage":{"@id":"https:\/\/pans.krosno.pl\/instytut-humanistyczny\/literackie-witaminy-i-geopolityka-najnowsze-radiowe-komentarze-grzegorza-przebindy\/#primaryimage"},"image":{"@id":"https:\/\/pans.krosno.pl\/instytut-humanistyczny\/literackie-witaminy-i-geopolityka-najnowsze-radiowe-komentarze-grzegorza-przebindy\/#primaryimage"},"thumbnailUrl":"https:\/\/pans.krosno.pl\/instytut-humanistyczny\/wp-content\/uploads\/sites\/9\/2021\/05\/radio-mic.jpeg","datePublished":"2021-05-29T13:42:13+00:00","dateModified":"2021-05-29T13:48:11+00:00","breadcrumb":{"@id":"https:\/\/pans.krosno.pl\/instytut-humanistyczny\/literackie-witaminy-i-geopolityka-najnowsze-radiowe-komentarze-grzegorza-przebindy\/#breadcrumb"},"inLanguage":"pl-PL","potentialAction":[{"@type":"ReadAction","target":["https:\/\/pans.krosno.pl\/instytut-humanistyczny\/literackie-witaminy-i-geopolityka-najnowsze-radiowe-komentarze-grzegorza-przebindy\/"]}]},{"@type":"ImageObject","inLanguage":"pl-PL","@id":"https:\/\/pans.krosno.pl\/instytut-humanistyczny\/literackie-witaminy-i-geopolityka-najnowsze-radiowe-komentarze-grzegorza-przebindy\/#primaryimage","url":"https:\/\/pans.krosno.pl\/instytut-humanistyczny\/wp-content\/uploads\/sites\/9\/2021\/05\/radio-mic.jpeg","contentUrl":"https:\/\/pans.krosno.pl\/instytut-humanistyczny\/wp-content\/uploads\/sites\/9\/2021\/05\/radio-mic.jpeg","width":802,"height":1300},{"@type":"BreadcrumbList","@id":"https:\/\/pans.krosno.pl\/instytut-humanistyczny\/literackie-witaminy-i-geopolityka-najnowsze-radiowe-komentarze-grzegorza-przebindy\/#breadcrumb","itemListElement":[{"@type":"ListItem","position":1,"name":"Strona g\u0142\u00f3wna","item":"https:\/\/pans.krosno.pl\/instytut-humanistyczny\/"},{"@type":"ListItem","position":2,"name":"Literackie witaminy i polityka Bia\u0142orusi &#8211; najnowsze radiowe komentarze Grzegorza Przebindy"}]},{"@type":"WebSite","@id":"https:\/\/pans.krosno.pl\/instytut-humanistyczny\/#website","url":"https:\/\/pans.krosno.pl\/instytut-humanistyczny\/","name":"Instytut Humanistyczny PANS w Kro\u015bnie","description":"Instytut Humanistyczny - Pa\u0144stwowa Akademia Nauk Stosowanych","publisher":{"@id":"https:\/\/pans.krosno.pl\/instytut-humanistyczny\/#organization"},"potentialAction":[{"@type":"SearchAction","target":{"@type":"EntryPoint","urlTemplate":"https:\/\/pans.krosno.pl\/instytut-humanistyczny\/?s={search_term_string}"},"query-input":{"@type":"PropertyValueSpecification","valueRequired":true,"valueName":"search_term_string"}}],"inLanguage":"pl-PL"},{"@type":"Organization","@id":"https:\/\/pans.krosno.pl\/instytut-humanistyczny\/#organization","name":"Instytut Humanistyczny PANS w Kro\u015bnie","url":"https:\/\/pans.krosno.pl\/instytut-humanistyczny\/","logo":{"@type":"ImageObject","inLanguage":"pl-PL","@id":"https:\/\/pans.krosno.pl\/instytut-humanistyczny\/#\/schema\/logo\/image\/","url":"https:\/\/pans.krosno.pl\/instytut-humanistyczny\/wp-content\/uploads\/sites\/9\/2023\/01\/Logo-PANS-2022-pelne.png","contentUrl":"https:\/\/pans.krosno.pl\/instytut-humanistyczny\/wp-content\/uploads\/sites\/9\/2023\/01\/Logo-PANS-2022-pelne.png","width":3096,"height":696,"caption":"Instytut Humanistyczny PANS w Kro\u015bnie"},"image":{"@id":"https:\/\/pans.krosno.pl\/instytut-humanistyczny\/#\/schema\/logo\/image\/"}},{"@type":"Person","@id":"https:\/\/pans.krosno.pl\/instytut-humanistyczny\/#\/schema\/person\/cb70195a5aeabe88d51256d821faa2d9","name":"Bartosz Go\u0142\u0105bek","image":{"@type":"ImageObject","inLanguage":"pl-PL","@id":"https:\/\/secure.gravatar.com\/avatar\/ad10819676385baed8ebd4d7be0d4ba77dd5fdc0f4779d414dea3126fd3aec33?s=96&d=mm&r=g","url":"https:\/\/secure.gravatar.com\/avatar\/ad10819676385baed8ebd4d7be0d4ba77dd5fdc0f4779d414dea3126fd3aec33?s=96&d=mm&r=g","contentUrl":"https:\/\/secure.gravatar.com\/avatar\/ad10819676385baed8ebd4d7be0d4ba77dd5fdc0f4779d414dea3126fd3aec33?s=96&d=mm&r=g","caption":"Bartosz Go\u0142\u0105bek"},"description":"dr Bartosz Go\u0142\u0105bek Dyrektor Instytutu Humanistycznego Karpacka Pa\u0144stwowa Uczelnia w Kro\u015bnie (dawniej PWSZ)","url":"https:\/\/pans.krosno.pl\/instytut-humanistyczny\/author\/bartoszgolabek\/"}]}},"_links":{"self":[{"href":"https:\/\/pans.krosno.pl\/instytut-humanistyczny\/wp-json\/wp\/v2\/posts\/994","targetHints":{"allow":["GET"]}}],"collection":[{"href":"https:\/\/pans.krosno.pl\/instytut-humanistyczny\/wp-json\/wp\/v2\/posts"}],"about":[{"href":"https:\/\/pans.krosno.pl\/instytut-humanistyczny\/wp-json\/wp\/v2\/types\/post"}],"author":[{"embeddable":true,"href":"https:\/\/pans.krosno.pl\/instytut-humanistyczny\/wp-json\/wp\/v2\/users\/57"}],"replies":[{"embeddable":true,"href":"https:\/\/pans.krosno.pl\/instytut-humanistyczny\/wp-json\/wp\/v2\/comments?post=994"}],"version-history":[{"count":3,"href":"https:\/\/pans.krosno.pl\/instytut-humanistyczny\/wp-json\/wp\/v2\/posts\/994\/revisions"}],"predecessor-version":[{"id":1003,"href":"https:\/\/pans.krosno.pl\/instytut-humanistyczny\/wp-json\/wp\/v2\/posts\/994\/revisions\/1003"}],"wp:featuredmedia":[{"embeddable":true,"href":"https:\/\/pans.krosno.pl\/instytut-humanistyczny\/wp-json\/wp\/v2\/media\/1002"}],"wp:attachment":[{"href":"https:\/\/pans.krosno.pl\/instytut-humanistyczny\/wp-json\/wp\/v2\/media?parent=994"}],"wp:term":[{"taxonomy":"category","embeddable":true,"href":"https:\/\/pans.krosno.pl\/instytut-humanistyczny\/wp-json\/wp\/v2\/categories?post=994"},{"taxonomy":"post_tag","embeddable":true,"href":"https:\/\/pans.krosno.pl\/instytut-humanistyczny\/wp-json\/wp\/v2\/tags?post=994"}],"curies":[{"name":"wp","href":"https:\/\/api.w.org\/{rel}","templated":true}]}}