{"id":979,"date":"2021-05-14T14:42:01","date_gmt":"2021-05-14T12:42:01","guid":{"rendered":"https:\/\/pans.krosno.pl\/instytut-humanistyczny\/?p=979"},"modified":"2021-05-14T14:54:07","modified_gmt":"2021-05-14T12:54:07","slug":"the-14th-global-partners-in-education-conference-on-17-19-may-update","status":"publish","type":"post","link":"https:\/\/pans.krosno.pl\/instytut-humanistyczny\/the-14th-global-partners-in-education-conference-on-17-19-may-update\/","title":{"rendered":"The 14th Global Partners in Education conference on 17-19 May"},"content":{"rendered":"\n<h1 class=\"wp-block-heading\"><\/h1>\n\n\n\n<p>Dear Students and Teachers of the Carpathian State College in Krosno,<\/p>\n\n\n\n<p>The 14th Global Partners in Education conference is taking place Monday-Wednesday next week (17-19 May). The Carpathian State College in Krosno is an official partner in the organization, thus all students and teachers are invited to take part, especially in&nbsp;<strong>Session 1 (Collaborating Across Cultures) &nbsp;on Tuesday 1 pm Polish time, and in the Paper presentations on Monday 4 pm and Wednesday 2:15 Polish time.<\/strong><\/p>\n\n\n\n<p>You can find details of the program here:<\/p>\n\n\n\n<figure class=\"wp-block-embed-wordpress wp-block-embed is-type-wp-embed is-provider-global-partners-in-education\"><div class=\"wp-block-embed__wrapper\">\n<blockquote class=\"wp-embedded-content\" data-secret=\"QSBdP5G2Vt\"><a href=\"https:\/\/thegpe.org\/conferences\/14th-annual-global-partners-in-education-conference\/\">14th Annual Global Partners in Education Conference<\/a><\/blockquote><iframe loading=\"lazy\" class=\"wp-embedded-content\" sandbox=\"allow-scripts\" security=\"restricted\" style=\"position: absolute; clip: rect(1px, 1px, 1px, 1px);\" title=\"&#8220;14th Annual Global Partners in Education Conference&#8221; &#8212; Global Partners in Education\" src=\"https:\/\/thegpe.org\/conferences\/14th-annual-global-partners-in-education-conference\/embed\/#?secret=QSBdP5G2Vt\" data-secret=\"QSBdP5G2Vt\" width=\"600\" height=\"338\" frameborder=\"0\" marginwidth=\"0\" marginheight=\"0\" scrolling=\"no\"><\/iframe>\n<\/div><\/figure>\n\n\n\n<p>Here are some specifics of the events and its target audience.<\/p>\n\n\n\n<p>Day 1<\/p>\n\n\n\n<ol class=\"wp-block-list\" type=\"1\"><li>Opening and State of GPE\u2014Anyone interested in GPE as an organization, including learning about assessment. Likely faculty, staff, and Admin.<\/li><li>Looking Forward: Identifying Successes and Challenges \u2013 Best for Faculty, Staff, Students and Admin who have experience in the program or will be working in the program in the future.<\/li><li><strong>Paper Presentations<\/strong>: Anyone \u2013 you can see the paper topics on the on-line program.<\/li><\/ol>\n\n\n\n<p>Day 2<\/p>\n\n\n\n<ol class=\"wp-block-list\" type=\"1\"><li><strong>Collaborating Across Cultures<\/strong>&nbsp;\u2013 This really will be great for anyone. It is a highly engaging workshop that people at all levels (faculty, staff, students, and admins) can benefit from it.<\/li><li>Looking forward Reimagining Solutions\u2014Again Best for Faculty, Staff, students and admins who are directly involved or have experience with GU\/BEEHIVE courses.<\/li><li>BEEHIVE workgroups \u2013 Global Environment will basically be an introduction to the course for people potentially interested in adopting it. Global Education and Global Business\u2014I\u2019ll be sending an e-mail to those who are currently involved in those courses specifically recommending they join. We\u2019re hoping this will be an opportunity to see how it is working and what can be changed to improve it\u2026So again, those directly involved, but potentially including students who would like to give their feedback as well.<\/li><\/ol>\n\n\n\n<p>Day 3<\/p>\n\n\n\n<ol class=\"wp-block-list\" type=\"1\"><li>Breakout rooms: For the Pedagogy and Technology, I think likely people involved or your tech professionals. For the Research\u2026anyone interested in doing research on virtual exchange whether or not they have been involved would be welcome to join.<\/li><li><strong>Paper Presentations<\/strong>: Anyone.<\/li><li>GPE Awards and a look to the future\u2026similar to the first session\u2014Anyone interested in GPE as an organization or who likes awards ceremonies&nbsp;<\/li><\/ol>\n\n\n\n<p><strong>Registration information:<\/strong><\/p>\n\n\n\n<p>You will need to register for this free event to access the sessions. You can do that by going to the conference webpage and clicking on the registration link at the bottom of the page.&nbsp;<a href=\"https:\/\/thegpe.org\/conferences\/14th-annual-global-partners-in-education-conference\/\">https:\/\/thegpe.org\/conferences\/14th-annual-global-partners-in-education-conference\/<\/a>. Once registered (marking Carpathian State College in Krosno as institution), you will receive by email a zoom link that will allow you to attend any of the sessions. Please feel free to share with others.<\/p>\n","protected":false},"excerpt":{"rendered":"<p>Dear Students and Teachers of the Carpathian State College in Krosno, The 14th Global Partners in Education conference is taking place Monday-Wednesday next week (17-19 May). The Carpathian State College in Krosno is an official partner in the organization, thus all students and teachers are invited to take part, especially [\u2026] <\/p>\n<div class=\"clear\"><\/div>\n<p><a class=\"more_link clearfix\" href=\"https:\/\/pans.krosno.pl\/instytut-humanistyczny\/the-14th-global-partners-in-education-conference-on-17-19-may-update\/\" rel=\"nofollow\">Read More<\/a><\/p>\n","protected":false},"author":57,"featured_media":984,"comment_status":"open","ping_status":"open","sticky":false,"template":"","format":"standard","meta":{"ngg_post_thumbnail":0,"footnotes":""},"categories":[1],"tags":[],"class_list":["post-979","post","type-post","status-publish","format-standard","has-post-thumbnail","hentry","category-bez-kategorii"],"yoast_head":"<!-- This site is optimized with the Yoast SEO Premium plugin v27.4 (Yoast SEO v27.4) - https:\/\/yoast.com\/product\/yoast-seo-premium-wordpress\/ -->\n<title>The 14th Global Partners in Education conference on 17-19 May - Instytut Humanistyczny PANS w Kro\u015bnie<\/title>\n<meta name=\"robots\" content=\"index, follow, max-snippet:-1, max-image-preview:large, max-video-preview:-1\" \/>\n<link rel=\"canonical\" href=\"https:\/\/pans.krosno.pl\/instytut-humanistyczny\/the-14th-global-partners-in-education-conference-on-17-19-may-update\/\" \/>\n<meta property=\"og:locale\" content=\"pl_PL\" \/>\n<meta property=\"og:type\" content=\"article\" \/>\n<meta property=\"og:title\" content=\"The 14th Global Partners in Education conference on 17-19 May\" \/>\n<meta property=\"og:description\" content=\"Dear Students and Teachers of the Carpathian State College in Krosno, The 14th Global Partners in Education conference is taking place Monday-Wednesday next week (17-19 May). The Carpathian State College in Krosno is an official partner in the organization, thus all students and teachers are invited to take part, especially [\u2026] Read More\" \/>\n<meta property=\"og:url\" content=\"https:\/\/pans.krosno.pl\/instytut-humanistyczny\/the-14th-global-partners-in-education-conference-on-17-19-may-update\/\" \/>\n<meta property=\"og:site_name\" content=\"Instytut Humanistyczny PANS w Kro\u015bnie\" \/>\n<meta property=\"article:published_time\" content=\"2021-05-14T12:42:01+00:00\" \/>\n<meta property=\"article:modified_time\" content=\"2021-05-14T12:54:07+00:00\" \/>\n<meta property=\"og:image\" content=\"https:\/\/pans.krosno.pl\/wp-content\/uploads\/sites\/9\/2021\/05\/gpe-online.png\" \/>\n\t<meta property=\"og:image:width\" content=\"289\" \/>\n\t<meta property=\"og:image:height\" content=\"242\" \/>\n\t<meta property=\"og:image:type\" content=\"image\/png\" \/>\n<meta name=\"author\" content=\"Bartosz Go\u0142\u0105bek\" \/>\n<meta name=\"twitter:card\" content=\"summary_large_image\" \/>\n<meta name=\"twitter:label1\" content=\"Napisane przez\" \/>\n\t<meta name=\"twitter:data1\" content=\"Bartosz Go\u0142\u0105bek\" \/>\n\t<meta name=\"twitter:label2\" content=\"Szacowany czas czytania\" \/>\n\t<meta name=\"twitter:data2\" content=\"2 minuty\" \/>\n<script type=\"application\/ld+json\" class=\"yoast-schema-graph\">{\"@context\":\"https:\\\/\\\/schema.org\",\"@graph\":[{\"@type\":\"Article\",\"@id\":\"https:\\\/\\\/pans.krosno.pl\\\/instytut-humanistyczny\\\/the-14th-global-partners-in-education-conference-on-17-19-may-update\\\/#article\",\"isPartOf\":{\"@id\":\"https:\\\/\\\/pans.krosno.pl\\\/instytut-humanistyczny\\\/the-14th-global-partners-in-education-conference-on-17-19-may-update\\\/\"},\"author\":{\"name\":\"Bartosz Go\u0142\u0105bek\",\"@id\":\"https:\\\/\\\/pans.krosno.pl\\\/instytut-humanistyczny\\\/#\\\/schema\\\/person\\\/cb70195a5aeabe88d51256d821faa2d9\"},\"headline\":\"The 14th Global Partners in Education conference on 17-19 May\",\"datePublished\":\"2021-05-14T12:42:01+00:00\",\"dateModified\":\"2021-05-14T12:54:07+00:00\",\"mainEntityOfPage\":{\"@id\":\"https:\\\/\\\/pans.krosno.pl\\\/instytut-humanistyczny\\\/the-14th-global-partners-in-education-conference-on-17-19-may-update\\\/\"},\"wordCount\":457,\"commentCount\":0,\"publisher\":{\"@id\":\"https:\\\/\\\/pans.krosno.pl\\\/instytut-humanistyczny\\\/#organization\"},\"image\":{\"@id\":\"https:\\\/\\\/pans.krosno.pl\\\/instytut-humanistyczny\\\/the-14th-global-partners-in-education-conference-on-17-19-may-update\\\/#primaryimage\"},\"thumbnailUrl\":\"https:\\\/\\\/pans.krosno.pl\\\/instytut-humanistyczny\\\/wp-content\\\/uploads\\\/sites\\\/9\\\/2021\\\/05\\\/gpe-online.png\",\"inLanguage\":\"pl-PL\",\"potentialAction\":[{\"@type\":\"CommentAction\",\"name\":\"Comment\",\"target\":[\"https:\\\/\\\/pans.krosno.pl\\\/instytut-humanistyczny\\\/the-14th-global-partners-in-education-conference-on-17-19-may-update\\\/#respond\"]}]},{\"@type\":\"WebPage\",\"@id\":\"https:\\\/\\\/pans.krosno.pl\\\/instytut-humanistyczny\\\/the-14th-global-partners-in-education-conference-on-17-19-may-update\\\/\",\"url\":\"https:\\\/\\\/pans.krosno.pl\\\/instytut-humanistyczny\\\/the-14th-global-partners-in-education-conference-on-17-19-may-update\\\/\",\"name\":\"The 14th Global Partners in Education conference on 17-19 May - Instytut Humanistyczny PANS w Kro\u015bnie\",\"isPartOf\":{\"@id\":\"https:\\\/\\\/pans.krosno.pl\\\/instytut-humanistyczny\\\/#website\"},\"primaryImageOfPage\":{\"@id\":\"https:\\\/\\\/pans.krosno.pl\\\/instytut-humanistyczny\\\/the-14th-global-partners-in-education-conference-on-17-19-may-update\\\/#primaryimage\"},\"image\":{\"@id\":\"https:\\\/\\\/pans.krosno.pl\\\/instytut-humanistyczny\\\/the-14th-global-partners-in-education-conference-on-17-19-may-update\\\/#primaryimage\"},\"thumbnailUrl\":\"https:\\\/\\\/pans.krosno.pl\\\/instytut-humanistyczny\\\/wp-content\\\/uploads\\\/sites\\\/9\\\/2021\\\/05\\\/gpe-online.png\",\"datePublished\":\"2021-05-14T12:42:01+00:00\",\"dateModified\":\"2021-05-14T12:54:07+00:00\",\"breadcrumb\":{\"@id\":\"https:\\\/\\\/pans.krosno.pl\\\/instytut-humanistyczny\\\/the-14th-global-partners-in-education-conference-on-17-19-may-update\\\/#breadcrumb\"},\"inLanguage\":\"pl-PL\",\"potentialAction\":[{\"@type\":\"ReadAction\",\"target\":[\"https:\\\/\\\/pans.krosno.pl\\\/instytut-humanistyczny\\\/the-14th-global-partners-in-education-conference-on-17-19-may-update\\\/\"]}]},{\"@type\":\"ImageObject\",\"inLanguage\":\"pl-PL\",\"@id\":\"https:\\\/\\\/pans.krosno.pl\\\/instytut-humanistyczny\\\/the-14th-global-partners-in-education-conference-on-17-19-may-update\\\/#primaryimage\",\"url\":\"https:\\\/\\\/pans.krosno.pl\\\/instytut-humanistyczny\\\/wp-content\\\/uploads\\\/sites\\\/9\\\/2021\\\/05\\\/gpe-online.png\",\"contentUrl\":\"https:\\\/\\\/pans.krosno.pl\\\/instytut-humanistyczny\\\/wp-content\\\/uploads\\\/sites\\\/9\\\/2021\\\/05\\\/gpe-online.png\",\"width\":289,\"height\":242},{\"@type\":\"BreadcrumbList\",\"@id\":\"https:\\\/\\\/pans.krosno.pl\\\/instytut-humanistyczny\\\/the-14th-global-partners-in-education-conference-on-17-19-may-update\\\/#breadcrumb\",\"itemListElement\":[{\"@type\":\"ListItem\",\"position\":1,\"name\":\"Strona g\u0142\u00f3wna\",\"item\":\"https:\\\/\\\/pans.krosno.pl\\\/instytut-humanistyczny\\\/\"},{\"@type\":\"ListItem\",\"position\":2,\"name\":\"The 14th Global Partners in Education conference on 17-19 May\"}]},{\"@type\":\"WebSite\",\"@id\":\"https:\\\/\\\/pans.krosno.pl\\\/instytut-humanistyczny\\\/#website\",\"url\":\"https:\\\/\\\/pans.krosno.pl\\\/instytut-humanistyczny\\\/\",\"name\":\"Instytut Humanistyczny PANS w Kro\u015bnie\",\"description\":\"Instytut Humanistyczny - Pa\u0144stwowa Akademia Nauk Stosowanych\",\"publisher\":{\"@id\":\"https:\\\/\\\/pans.krosno.pl\\\/instytut-humanistyczny\\\/#organization\"},\"potentialAction\":[{\"@type\":\"SearchAction\",\"target\":{\"@type\":\"EntryPoint\",\"urlTemplate\":\"https:\\\/\\\/pans.krosno.pl\\\/instytut-humanistyczny\\\/?s={search_term_string}\"},\"query-input\":{\"@type\":\"PropertyValueSpecification\",\"valueRequired\":true,\"valueName\":\"search_term_string\"}}],\"inLanguage\":\"pl-PL\"},{\"@type\":\"Organization\",\"@id\":\"https:\\\/\\\/pans.krosno.pl\\\/instytut-humanistyczny\\\/#organization\",\"name\":\"Instytut Humanistyczny PANS w Kro\u015bnie\",\"url\":\"https:\\\/\\\/pans.krosno.pl\\\/instytut-humanistyczny\\\/\",\"logo\":{\"@type\":\"ImageObject\",\"inLanguage\":\"pl-PL\",\"@id\":\"https:\\\/\\\/pans.krosno.pl\\\/instytut-humanistyczny\\\/#\\\/schema\\\/logo\\\/image\\\/\",\"url\":\"https:\\\/\\\/pans.krosno.pl\\\/instytut-humanistyczny\\\/wp-content\\\/uploads\\\/sites\\\/9\\\/2023\\\/01\\\/Logo-PANS-2022-pelne.png\",\"contentUrl\":\"https:\\\/\\\/pans.krosno.pl\\\/instytut-humanistyczny\\\/wp-content\\\/uploads\\\/sites\\\/9\\\/2023\\\/01\\\/Logo-PANS-2022-pelne.png\",\"width\":3096,\"height\":696,\"caption\":\"Instytut Humanistyczny PANS w Kro\u015bnie\"},\"image\":{\"@id\":\"https:\\\/\\\/pans.krosno.pl\\\/instytut-humanistyczny\\\/#\\\/schema\\\/logo\\\/image\\\/\"}},{\"@type\":\"Person\",\"@id\":\"https:\\\/\\\/pans.krosno.pl\\\/instytut-humanistyczny\\\/#\\\/schema\\\/person\\\/cb70195a5aeabe88d51256d821faa2d9\",\"name\":\"Bartosz Go\u0142\u0105bek\",\"image\":{\"@type\":\"ImageObject\",\"inLanguage\":\"pl-PL\",\"@id\":\"https:\\\/\\\/secure.gravatar.com\\\/avatar\\\/ad10819676385baed8ebd4d7be0d4ba77dd5fdc0f4779d414dea3126fd3aec33?s=96&d=mm&r=g\",\"url\":\"https:\\\/\\\/secure.gravatar.com\\\/avatar\\\/ad10819676385baed8ebd4d7be0d4ba77dd5fdc0f4779d414dea3126fd3aec33?s=96&d=mm&r=g\",\"contentUrl\":\"https:\\\/\\\/secure.gravatar.com\\\/avatar\\\/ad10819676385baed8ebd4d7be0d4ba77dd5fdc0f4779d414dea3126fd3aec33?s=96&d=mm&r=g\",\"caption\":\"Bartosz Go\u0142\u0105bek\"},\"description\":\"dr Bartosz Go\u0142\u0105bek Dyrektor Instytutu Humanistycznego Karpacka Pa\u0144stwowa Uczelnia w Kro\u015bnie (dawniej PWSZ)\",\"url\":\"https:\\\/\\\/pans.krosno.pl\\\/instytut-humanistyczny\\\/author\\\/bartoszgolabek\\\/\"}]}<\/script>\n<!-- \/ Yoast SEO Premium plugin. -->","yoast_head_json":{"title":"The 14th Global Partners in Education conference on 17-19 May - Instytut Humanistyczny PANS w Kro\u015bnie","robots":{"index":"index","follow":"follow","max-snippet":"max-snippet:-1","max-image-preview":"max-image-preview:large","max-video-preview":"max-video-preview:-1"},"canonical":"https:\/\/pans.krosno.pl\/instytut-humanistyczny\/the-14th-global-partners-in-education-conference-on-17-19-may-update\/","og_locale":"pl_PL","og_type":"article","og_title":"The 14th Global Partners in Education conference on 17-19 May","og_description":"Dear Students and Teachers of the Carpathian State College in Krosno, The 14th Global Partners in Education conference is taking place Monday-Wednesday next week (17-19 May). The Carpathian State College in Krosno is an official partner in the organization, thus all students and teachers are invited to take part, especially [\u2026] Read More","og_url":"https:\/\/pans.krosno.pl\/instytut-humanistyczny\/the-14th-global-partners-in-education-conference-on-17-19-may-update\/","og_site_name":"Instytut Humanistyczny PANS w Kro\u015bnie","article_published_time":"2021-05-14T12:42:01+00:00","article_modified_time":"2021-05-14T12:54:07+00:00","og_image":[{"width":289,"height":242,"url":"https:\/\/pans.krosno.pl\/wp-content\/uploads\/sites\/9\/2021\/05\/gpe-online.png","type":"image\/png"}],"author":"Bartosz Go\u0142\u0105bek","twitter_card":"summary_large_image","twitter_misc":{"Napisane przez":"Bartosz Go\u0142\u0105bek","Szacowany czas czytania":"2 minuty"},"schema":{"@context":"https:\/\/schema.org","@graph":[{"@type":"Article","@id":"https:\/\/pans.krosno.pl\/instytut-humanistyczny\/the-14th-global-partners-in-education-conference-on-17-19-may-update\/#article","isPartOf":{"@id":"https:\/\/pans.krosno.pl\/instytut-humanistyczny\/the-14th-global-partners-in-education-conference-on-17-19-may-update\/"},"author":{"name":"Bartosz Go\u0142\u0105bek","@id":"https:\/\/pans.krosno.pl\/instytut-humanistyczny\/#\/schema\/person\/cb70195a5aeabe88d51256d821faa2d9"},"headline":"The 14th Global Partners in Education conference on 17-19 May","datePublished":"2021-05-14T12:42:01+00:00","dateModified":"2021-05-14T12:54:07+00:00","mainEntityOfPage":{"@id":"https:\/\/pans.krosno.pl\/instytut-humanistyczny\/the-14th-global-partners-in-education-conference-on-17-19-may-update\/"},"wordCount":457,"commentCount":0,"publisher":{"@id":"https:\/\/pans.krosno.pl\/instytut-humanistyczny\/#organization"},"image":{"@id":"https:\/\/pans.krosno.pl\/instytut-humanistyczny\/the-14th-global-partners-in-education-conference-on-17-19-may-update\/#primaryimage"},"thumbnailUrl":"https:\/\/pans.krosno.pl\/instytut-humanistyczny\/wp-content\/uploads\/sites\/9\/2021\/05\/gpe-online.png","inLanguage":"pl-PL","potentialAction":[{"@type":"CommentAction","name":"Comment","target":["https:\/\/pans.krosno.pl\/instytut-humanistyczny\/the-14th-global-partners-in-education-conference-on-17-19-may-update\/#respond"]}]},{"@type":"WebPage","@id":"https:\/\/pans.krosno.pl\/instytut-humanistyczny\/the-14th-global-partners-in-education-conference-on-17-19-may-update\/","url":"https:\/\/pans.krosno.pl\/instytut-humanistyczny\/the-14th-global-partners-in-education-conference-on-17-19-may-update\/","name":"The 14th Global Partners in Education conference on 17-19 May - Instytut Humanistyczny PANS w Kro\u015bnie","isPartOf":{"@id":"https:\/\/pans.krosno.pl\/instytut-humanistyczny\/#website"},"primaryImageOfPage":{"@id":"https:\/\/pans.krosno.pl\/instytut-humanistyczny\/the-14th-global-partners-in-education-conference-on-17-19-may-update\/#primaryimage"},"image":{"@id":"https:\/\/pans.krosno.pl\/instytut-humanistyczny\/the-14th-global-partners-in-education-conference-on-17-19-may-update\/#primaryimage"},"thumbnailUrl":"https:\/\/pans.krosno.pl\/instytut-humanistyczny\/wp-content\/uploads\/sites\/9\/2021\/05\/gpe-online.png","datePublished":"2021-05-14T12:42:01+00:00","dateModified":"2021-05-14T12:54:07+00:00","breadcrumb":{"@id":"https:\/\/pans.krosno.pl\/instytut-humanistyczny\/the-14th-global-partners-in-education-conference-on-17-19-may-update\/#breadcrumb"},"inLanguage":"pl-PL","potentialAction":[{"@type":"ReadAction","target":["https:\/\/pans.krosno.pl\/instytut-humanistyczny\/the-14th-global-partners-in-education-conference-on-17-19-may-update\/"]}]},{"@type":"ImageObject","inLanguage":"pl-PL","@id":"https:\/\/pans.krosno.pl\/instytut-humanistyczny\/the-14th-global-partners-in-education-conference-on-17-19-may-update\/#primaryimage","url":"https:\/\/pans.krosno.pl\/instytut-humanistyczny\/wp-content\/uploads\/sites\/9\/2021\/05\/gpe-online.png","contentUrl":"https:\/\/pans.krosno.pl\/instytut-humanistyczny\/wp-content\/uploads\/sites\/9\/2021\/05\/gpe-online.png","width":289,"height":242},{"@type":"BreadcrumbList","@id":"https:\/\/pans.krosno.pl\/instytut-humanistyczny\/the-14th-global-partners-in-education-conference-on-17-19-may-update\/#breadcrumb","itemListElement":[{"@type":"ListItem","position":1,"name":"Strona g\u0142\u00f3wna","item":"https:\/\/pans.krosno.pl\/instytut-humanistyczny\/"},{"@type":"ListItem","position":2,"name":"The 14th Global Partners in Education conference on 17-19 May"}]},{"@type":"WebSite","@id":"https:\/\/pans.krosno.pl\/instytut-humanistyczny\/#website","url":"https:\/\/pans.krosno.pl\/instytut-humanistyczny\/","name":"Instytut Humanistyczny PANS w Kro\u015bnie","description":"Instytut Humanistyczny - Pa\u0144stwowa Akademia Nauk Stosowanych","publisher":{"@id":"https:\/\/pans.krosno.pl\/instytut-humanistyczny\/#organization"},"potentialAction":[{"@type":"SearchAction","target":{"@type":"EntryPoint","urlTemplate":"https:\/\/pans.krosno.pl\/instytut-humanistyczny\/?s={search_term_string}"},"query-input":{"@type":"PropertyValueSpecification","valueRequired":true,"valueName":"search_term_string"}}],"inLanguage":"pl-PL"},{"@type":"Organization","@id":"https:\/\/pans.krosno.pl\/instytut-humanistyczny\/#organization","name":"Instytut Humanistyczny PANS w Kro\u015bnie","url":"https:\/\/pans.krosno.pl\/instytut-humanistyczny\/","logo":{"@type":"ImageObject","inLanguage":"pl-PL","@id":"https:\/\/pans.krosno.pl\/instytut-humanistyczny\/#\/schema\/logo\/image\/","url":"https:\/\/pans.krosno.pl\/instytut-humanistyczny\/wp-content\/uploads\/sites\/9\/2023\/01\/Logo-PANS-2022-pelne.png","contentUrl":"https:\/\/pans.krosno.pl\/instytut-humanistyczny\/wp-content\/uploads\/sites\/9\/2023\/01\/Logo-PANS-2022-pelne.png","width":3096,"height":696,"caption":"Instytut Humanistyczny PANS w Kro\u015bnie"},"image":{"@id":"https:\/\/pans.krosno.pl\/instytut-humanistyczny\/#\/schema\/logo\/image\/"}},{"@type":"Person","@id":"https:\/\/pans.krosno.pl\/instytut-humanistyczny\/#\/schema\/person\/cb70195a5aeabe88d51256d821faa2d9","name":"Bartosz Go\u0142\u0105bek","image":{"@type":"ImageObject","inLanguage":"pl-PL","@id":"https:\/\/secure.gravatar.com\/avatar\/ad10819676385baed8ebd4d7be0d4ba77dd5fdc0f4779d414dea3126fd3aec33?s=96&d=mm&r=g","url":"https:\/\/secure.gravatar.com\/avatar\/ad10819676385baed8ebd4d7be0d4ba77dd5fdc0f4779d414dea3126fd3aec33?s=96&d=mm&r=g","contentUrl":"https:\/\/secure.gravatar.com\/avatar\/ad10819676385baed8ebd4d7be0d4ba77dd5fdc0f4779d414dea3126fd3aec33?s=96&d=mm&r=g","caption":"Bartosz Go\u0142\u0105bek"},"description":"dr Bartosz Go\u0142\u0105bek Dyrektor Instytutu Humanistycznego Karpacka Pa\u0144stwowa Uczelnia w Kro\u015bnie (dawniej PWSZ)","url":"https:\/\/pans.krosno.pl\/instytut-humanistyczny\/author\/bartoszgolabek\/"}]}},"_links":{"self":[{"href":"https:\/\/pans.krosno.pl\/instytut-humanistyczny\/wp-json\/wp\/v2\/posts\/979","targetHints":{"allow":["GET"]}}],"collection":[{"href":"https:\/\/pans.krosno.pl\/instytut-humanistyczny\/wp-json\/wp\/v2\/posts"}],"about":[{"href":"https:\/\/pans.krosno.pl\/instytut-humanistyczny\/wp-json\/wp\/v2\/types\/post"}],"author":[{"embeddable":true,"href":"https:\/\/pans.krosno.pl\/instytut-humanistyczny\/wp-json\/wp\/v2\/users\/57"}],"replies":[{"embeddable":true,"href":"https:\/\/pans.krosno.pl\/instytut-humanistyczny\/wp-json\/wp\/v2\/comments?post=979"}],"version-history":[{"count":4,"href":"https:\/\/pans.krosno.pl\/instytut-humanistyczny\/wp-json\/wp\/v2\/posts\/979\/revisions"}],"predecessor-version":[{"id":987,"href":"https:\/\/pans.krosno.pl\/instytut-humanistyczny\/wp-json\/wp\/v2\/posts\/979\/revisions\/987"}],"wp:featuredmedia":[{"embeddable":true,"href":"https:\/\/pans.krosno.pl\/instytut-humanistyczny\/wp-json\/wp\/v2\/media\/984"}],"wp:attachment":[{"href":"https:\/\/pans.krosno.pl\/instytut-humanistyczny\/wp-json\/wp\/v2\/media?parent=979"}],"wp:term":[{"taxonomy":"category","embeddable":true,"href":"https:\/\/pans.krosno.pl\/instytut-humanistyczny\/wp-json\/wp\/v2\/categories?post=979"},{"taxonomy":"post_tag","embeddable":true,"href":"https:\/\/pans.krosno.pl\/instytut-humanistyczny\/wp-json\/wp\/v2\/tags?post=979"}],"curies":[{"name":"wp","href":"https:\/\/api.w.org\/{rel}","templated":true}]}}