{"id":947,"date":"2021-04-29T16:11:10","date_gmt":"2021-04-29T14:11:10","guid":{"rendered":"https:\/\/pans.krosno.pl\/instytut-humanistyczny\/?p=947"},"modified":"2021-05-06T10:49:02","modified_gmt":"2021-05-06T08:49:02","slug":"warsztat-na-temat-sektora-nowoczesnych-uslug-biznesowych-zaproszenie","status":"publish","type":"post","link":"https:\/\/pans.krosno.pl\/instytut-humanistyczny\/warsztat-na-temat-sektora-nowoczesnych-uslug-biznesowych-zaproszenie\/","title":{"rendered":"Warsztat na temat po\u017c\u0105danych kompetencji w sektorze nowoczesnych us\u0142ug biznesowych [zaproszenie]"},"content":{"rendered":"\n<figure class=\"wp-block-image size-large\"><a href=\"https:\/\/sektorowaradanub.pl\/\"><img loading=\"lazy\" decoding=\"async\" width=\"391\" height=\"105\" src=\"https:\/\/pans.krosno.pl\/instytut-humanistyczny\/wp-content\/uploads\/sites\/9\/2021\/04\/image-1.png\" alt=\"\" class=\"wp-image-949\" srcset=\"https:\/\/pans.krosno.pl\/instytut-humanistyczny\/wp-content\/uploads\/sites\/9\/2021\/04\/image-1.png 391w, https:\/\/pans.krosno.pl\/instytut-humanistyczny\/wp-content\/uploads\/sites\/9\/2021\/04\/image-1-300x81.png 300w\" sizes=\"auto, (max-width: 391px) 100vw, 391px\" \/><\/a><\/figure>\n\n\n\n<p><strong>Warsztat na temat &nbsp;sektora nowoczesnych us\u0142ug biznesowych<\/strong><\/p>\n\n\n\n<p><strong>dla Karpackiej Pa\u0144stwowej Uczelni w Kro\u015bnie<\/strong><\/p>\n\n\n\n<p><strong>Data: 13 maja 2021, godz. 14:30<\/strong><\/p>\n\n\n\n<p><strong>Miejsce: MS Teams<\/strong><\/p>\n\n\n\n<p>w ramach projektu <strong>\u201eSektorowa Rada ds. Kompetencji Nowoczesnych Us\u0142ug Biznesowych\u201d<\/strong>, realizowanego w&nbsp;ramach Programu Operacyjnego Wiedza Edukacja Rozw\u00f3j, O\u015b priorytetowa II. Efektywne polityki publiczne dla&nbsp;rynku pracy, gospodarki i edukacji, Dzia\u0142anie: 2.12 Zwi\u0119kszenie wiedzy o potrzebach kwalifikacyjno-zawodowych<\/p>\n\n\n\n<p><strong>Program merytoryczny warsztatu obejmuje m.in. nast\u0119puj\u0105ce zagadnienia:<\/strong><\/p>\n\n\n\n<ul class=\"wp-block-list\"><li>informacje o sektorze nowoczesnych us\u0142ug w Polsce i jego rozwoju;&nbsp;<strong>IBM, Google, HP \u2013 jako miejsca pracy;<\/strong><\/li><li><strong>case study \u2013 jak wygl\u0105da praca w sektorze z perspektywy specjalnego go\u015bcia z&nbsp;Channel Advisor London (firma notowana na gie\u0142dzie w Nowym Jorku)<\/strong><\/li><li>informacje na temat&nbsp;<strong>Sektorowej rady ds. Kompetencji<\/strong>&nbsp;w sektorze nowoczesnych us\u0142ug;<\/li><li>informacje na temat kompetencji po\u017c\u0105danych przez firmy z sektora&nbsp;<strong>\u2013 jakie kompetencje zagwarantuj\u0105 super atrakcyjn\u0105 prac\u0119<\/strong>;<\/li><li>perspektywy kariery zawodowej w sektorze nowoczesnych us\u0142ug dla biznesu;<\/li><\/ul>\n\n\n\n<p>Podczas warsztatu planowane jest u\u017cycie narz\u0119dzi coachingowych wykorzystywanych w sektorze w celu podniesienia kompetencji kognitywnych uczestnik\u00f3w warsztatu.<\/p>\n\n\n\n<p><strong><span class=\"has-inline-color has-vivid-red-color\">FORMULARZ REJESTRACYJNY NA WARSZTAT: <br><\/span><\/strong>O\u015bwiadczenie uczestnika i Formularz rekrutacyjny SRK: <strong><a href=\"https:\/\/forms.office.com\/Pages\/ResponsePage.aspx?id=HO7mcp_q3U2Z5p_ZBhX77jVVm4m1V-1CpwNCJ8rTzfZUMElTNjdWRTJKMlNDQlgzSDlIV0IzSVMyOCQlQCN0PWcu\">LINK_KPUwK<\/a><\/strong><\/p>\n\n\n\n<p>W warsztacie wezm\u0105 udzia\u0142 m.in:<\/p>\n\n\n\n<p><strong>Natalia Fa\u0142ek<\/strong>&nbsp;\u2013 strategy client manager w Channel Advisor, Londyn (NYSE: ECOM), absolwentka University of&nbsp;Westminister w Londynie i Donghua University w Szanghaju, ekspertka w obszarze digital marketing pracuje na rzecz wielu korporacji mi\u0119dzynarodowych optymalizuj\u0105c procesy biznesowe.<\/p>\n\n\n\n<p><br><strong>Bartosz Sobotka<\/strong>&nbsp;\u2013 doktor nauk ekonomicznych, zajmuje si\u0119 tworzeniem modeli biznesowych dla sektora edukacji w&nbsp; krajach CEE oraz integracj\u0105 rynku pracy z sektorem edukacji na poziomie szkolnictwa zawodowego oraz szkolnictwa wy\u017cszego. Konsultant wielu projekt\u00f3w biznesowych dla sektora BPO\/IT i edukacji w kontek\u015bcie wdra\u017cania idei Smart City oraz budowy Spo\u0142ecze\u0144stwa 4.0.<\/p>\n\n\n\n<figure class=\"wp-block-image size-large is-style-rounded\"><img loading=\"lazy\" decoding=\"async\" width=\"999\" height=\"436\" src=\"https:\/\/pans.krosno.pl\/instytut-humanistyczny\/wp-content\/uploads\/sites\/9\/2021\/04\/image.png\" alt=\"\" class=\"wp-image-948\" srcset=\"https:\/\/pans.krosno.pl\/instytut-humanistyczny\/wp-content\/uploads\/sites\/9\/2021\/04\/image.png 999w, https:\/\/pans.krosno.pl\/instytut-humanistyczny\/wp-content\/uploads\/sites\/9\/2021\/04\/image-300x131.png 300w, https:\/\/pans.krosno.pl\/instytut-humanistyczny\/wp-content\/uploads\/sites\/9\/2021\/04\/image-768x335.png 768w, https:\/\/pans.krosno.pl\/instytut-humanistyczny\/wp-content\/uploads\/sites\/9\/2021\/04\/image-800x349.png 800w, https:\/\/pans.krosno.pl\/instytut-humanistyczny\/wp-content\/uploads\/sites\/9\/2021\/04\/image-580x253.png 580w\" sizes=\"auto, (max-width: 999px) 100vw, 999px\" \/><\/figure>\n","protected":false},"excerpt":{"rendered":"<p>Warsztat na temat &nbsp;sektora nowoczesnych us\u0142ug biznesowych dla Karpackiej Pa\u0144stwowej Uczelni w Kro\u015bnie Data: 13 maja 2021, godz. 14:30 Miejsce: MS Teams w ramach projektu \u201eSektorowa Rada ds. Kompetencji Nowoczesnych Us\u0142ug Biznesowych\u201d, realizowanego w&nbsp;ramach Programu Operacyjnego Wiedza Edukacja Rozw\u00f3j, O\u015b priorytetowa II. Efektywne polityki publiczne dla&nbsp;rynku pracy, gospodarki i edukacji, [\u2026] <\/p>\n<div class=\"clear\"><\/div>\n<p><a class=\"more_link clearfix\" href=\"https:\/\/pans.krosno.pl\/instytut-humanistyczny\/warsztat-na-temat-sektora-nowoczesnych-uslug-biznesowych-zaproszenie\/\" rel=\"nofollow\">Read More<\/a><\/p>\n","protected":false},"author":57,"featured_media":951,"comment_status":"open","ping_status":"open","sticky":false,"template":"","format":"standard","meta":{"ngg_post_thumbnail":0,"footnotes":""},"categories":[1],"tags":[],"class_list":["post-947","post","type-post","status-publish","format-standard","has-post-thumbnail","hentry","category-bez-kategorii"],"yoast_head":"<!-- This site is optimized with the Yoast SEO Premium plugin v27.4 (Yoast SEO v27.4) - https:\/\/yoast.com\/product\/yoast-seo-premium-wordpress\/ -->\n<title>Warsztat na temat po\u017c\u0105danych kompetencji w sektorze nowoczesnych us\u0142ug biznesowych [zaproszenie] - Instytut Humanistyczny PANS w Kro\u015bnie<\/title>\n<meta name=\"robots\" content=\"index, follow, max-snippet:-1, max-image-preview:large, max-video-preview:-1\" \/>\n<link rel=\"canonical\" href=\"https:\/\/pans.krosno.pl\/instytut-humanistyczny\/warsztat-na-temat-sektora-nowoczesnych-uslug-biznesowych-zaproszenie\/\" \/>\n<meta property=\"og:locale\" content=\"pl_PL\" \/>\n<meta property=\"og:type\" content=\"article\" \/>\n<meta property=\"og:title\" content=\"Warsztat na temat po\u017c\u0105danych kompetencji w sektorze nowoczesnych us\u0142ug biznesowych [zaproszenie]\" \/>\n<meta property=\"og:description\" content=\"Warsztat na temat &nbsp;sektora nowoczesnych us\u0142ug biznesowych dla Karpackiej Pa\u0144stwowej Uczelni w Kro\u015bnie Data: 13 maja 2021, godz. 14:30 Miejsce: MS Teams w ramach projektu \u201eSektorowa Rada ds. Kompetencji Nowoczesnych Us\u0142ug Biznesowych\u201d, realizowanego w&nbsp;ramach Programu Operacyjnego Wiedza Edukacja Rozw\u00f3j, O\u015b priorytetowa II. Efektywne polityki publiczne dla&nbsp;rynku pracy, gospodarki i edukacji, [\u2026] Read More\" \/>\n<meta property=\"og:url\" content=\"https:\/\/pans.krosno.pl\/instytut-humanistyczny\/warsztat-na-temat-sektora-nowoczesnych-uslug-biznesowych-zaproszenie\/\" \/>\n<meta property=\"og:site_name\" content=\"Instytut Humanistyczny PANS w Kro\u015bnie\" \/>\n<meta property=\"article:published_time\" content=\"2021-04-29T14:11:10+00:00\" \/>\n<meta property=\"article:modified_time\" content=\"2021-05-06T08:49:02+00:00\" \/>\n<meta property=\"og:image\" content=\"https:\/\/pans.krosno.pl\/wp-content\/uploads\/sites\/9\/2021\/04\/pexels-photo-6321231.jpeg\" \/>\n\t<meta property=\"og:image:width\" content=\"1880\" \/>\n\t<meta property=\"og:image:height\" content=\"1253\" \/>\n\t<meta property=\"og:image:type\" content=\"image\/jpeg\" \/>\n<meta name=\"author\" content=\"Bartosz Go\u0142\u0105bek\" \/>\n<meta name=\"twitter:card\" content=\"summary_large_image\" \/>\n<meta name=\"twitter:label1\" content=\"Napisane przez\" \/>\n\t<meta name=\"twitter:data1\" content=\"Bartosz Go\u0142\u0105bek\" \/>\n\t<meta name=\"twitter:label2\" content=\"Szacowany czas czytania\" \/>\n\t<meta name=\"twitter:data2\" content=\"1 minuta\" \/>\n<script type=\"application\/ld+json\" class=\"yoast-schema-graph\">{\"@context\":\"https:\\\/\\\/schema.org\",\"@graph\":[{\"@type\":\"Article\",\"@id\":\"https:\\\/\\\/pans.krosno.pl\\\/instytut-humanistyczny\\\/warsztat-na-temat-sektora-nowoczesnych-uslug-biznesowych-zaproszenie\\\/#article\",\"isPartOf\":{\"@id\":\"https:\\\/\\\/pans.krosno.pl\\\/instytut-humanistyczny\\\/warsztat-na-temat-sektora-nowoczesnych-uslug-biznesowych-zaproszenie\\\/\"},\"author\":{\"name\":\"Bartosz Go\u0142\u0105bek\",\"@id\":\"https:\\\/\\\/pans.krosno.pl\\\/instytut-humanistyczny\\\/#\\\/schema\\\/person\\\/cb70195a5aeabe88d51256d821faa2d9\"},\"headline\":\"Warsztat na temat po\u017c\u0105danych kompetencji w sektorze nowoczesnych us\u0142ug biznesowych [zaproszenie]\",\"datePublished\":\"2021-04-29T14:11:10+00:00\",\"dateModified\":\"2021-05-06T08:49:02+00:00\",\"mainEntityOfPage\":{\"@id\":\"https:\\\/\\\/pans.krosno.pl\\\/instytut-humanistyczny\\\/warsztat-na-temat-sektora-nowoczesnych-uslug-biznesowych-zaproszenie\\\/\"},\"wordCount\":310,\"commentCount\":0,\"publisher\":{\"@id\":\"https:\\\/\\\/pans.krosno.pl\\\/instytut-humanistyczny\\\/#organization\"},\"image\":{\"@id\":\"https:\\\/\\\/pans.krosno.pl\\\/instytut-humanistyczny\\\/warsztat-na-temat-sektora-nowoczesnych-uslug-biznesowych-zaproszenie\\\/#primaryimage\"},\"thumbnailUrl\":\"https:\\\/\\\/pans.krosno.pl\\\/instytut-humanistyczny\\\/wp-content\\\/uploads\\\/sites\\\/9\\\/2021\\\/04\\\/pexels-photo-6321231.jpeg\",\"inLanguage\":\"pl-PL\",\"potentialAction\":[{\"@type\":\"CommentAction\",\"name\":\"Comment\",\"target\":[\"https:\\\/\\\/pans.krosno.pl\\\/instytut-humanistyczny\\\/warsztat-na-temat-sektora-nowoczesnych-uslug-biznesowych-zaproszenie\\\/#respond\"]}]},{\"@type\":\"WebPage\",\"@id\":\"https:\\\/\\\/pans.krosno.pl\\\/instytut-humanistyczny\\\/warsztat-na-temat-sektora-nowoczesnych-uslug-biznesowych-zaproszenie\\\/\",\"url\":\"https:\\\/\\\/pans.krosno.pl\\\/instytut-humanistyczny\\\/warsztat-na-temat-sektora-nowoczesnych-uslug-biznesowych-zaproszenie\\\/\",\"name\":\"Warsztat na temat po\u017c\u0105danych kompetencji w sektorze nowoczesnych us\u0142ug biznesowych [zaproszenie] - Instytut Humanistyczny PANS w Kro\u015bnie\",\"isPartOf\":{\"@id\":\"https:\\\/\\\/pans.krosno.pl\\\/instytut-humanistyczny\\\/#website\"},\"primaryImageOfPage\":{\"@id\":\"https:\\\/\\\/pans.krosno.pl\\\/instytut-humanistyczny\\\/warsztat-na-temat-sektora-nowoczesnych-uslug-biznesowych-zaproszenie\\\/#primaryimage\"},\"image\":{\"@id\":\"https:\\\/\\\/pans.krosno.pl\\\/instytut-humanistyczny\\\/warsztat-na-temat-sektora-nowoczesnych-uslug-biznesowych-zaproszenie\\\/#primaryimage\"},\"thumbnailUrl\":\"https:\\\/\\\/pans.krosno.pl\\\/instytut-humanistyczny\\\/wp-content\\\/uploads\\\/sites\\\/9\\\/2021\\\/04\\\/pexels-photo-6321231.jpeg\",\"datePublished\":\"2021-04-29T14:11:10+00:00\",\"dateModified\":\"2021-05-06T08:49:02+00:00\",\"breadcrumb\":{\"@id\":\"https:\\\/\\\/pans.krosno.pl\\\/instytut-humanistyczny\\\/warsztat-na-temat-sektora-nowoczesnych-uslug-biznesowych-zaproszenie\\\/#breadcrumb\"},\"inLanguage\":\"pl-PL\",\"potentialAction\":[{\"@type\":\"ReadAction\",\"target\":[\"https:\\\/\\\/pans.krosno.pl\\\/instytut-humanistyczny\\\/warsztat-na-temat-sektora-nowoczesnych-uslug-biznesowych-zaproszenie\\\/\"]}]},{\"@type\":\"ImageObject\",\"inLanguage\":\"pl-PL\",\"@id\":\"https:\\\/\\\/pans.krosno.pl\\\/instytut-humanistyczny\\\/warsztat-na-temat-sektora-nowoczesnych-uslug-biznesowych-zaproszenie\\\/#primaryimage\",\"url\":\"https:\\\/\\\/pans.krosno.pl\\\/instytut-humanistyczny\\\/wp-content\\\/uploads\\\/sites\\\/9\\\/2021\\\/04\\\/pexels-photo-6321231.jpeg\",\"contentUrl\":\"https:\\\/\\\/pans.krosno.pl\\\/instytut-humanistyczny\\\/wp-content\\\/uploads\\\/sites\\\/9\\\/2021\\\/04\\\/pexels-photo-6321231.jpeg\",\"width\":1880,\"height\":1253},{\"@type\":\"BreadcrumbList\",\"@id\":\"https:\\\/\\\/pans.krosno.pl\\\/instytut-humanistyczny\\\/warsztat-na-temat-sektora-nowoczesnych-uslug-biznesowych-zaproszenie\\\/#breadcrumb\",\"itemListElement\":[{\"@type\":\"ListItem\",\"position\":1,\"name\":\"Strona g\u0142\u00f3wna\",\"item\":\"https:\\\/\\\/pans.krosno.pl\\\/instytut-humanistyczny\\\/\"},{\"@type\":\"ListItem\",\"position\":2,\"name\":\"Warsztat na temat po\u017c\u0105danych kompetencji w sektorze nowoczesnych us\u0142ug biznesowych [zaproszenie]\"}]},{\"@type\":\"WebSite\",\"@id\":\"https:\\\/\\\/pans.krosno.pl\\\/instytut-humanistyczny\\\/#website\",\"url\":\"https:\\\/\\\/pans.krosno.pl\\\/instytut-humanistyczny\\\/\",\"name\":\"Instytut Humanistyczny PANS w Kro\u015bnie\",\"description\":\"Instytut Humanistyczny - Pa\u0144stwowa Akademia Nauk Stosowanych\",\"publisher\":{\"@id\":\"https:\\\/\\\/pans.krosno.pl\\\/instytut-humanistyczny\\\/#organization\"},\"potentialAction\":[{\"@type\":\"SearchAction\",\"target\":{\"@type\":\"EntryPoint\",\"urlTemplate\":\"https:\\\/\\\/pans.krosno.pl\\\/instytut-humanistyczny\\\/?s={search_term_string}\"},\"query-input\":{\"@type\":\"PropertyValueSpecification\",\"valueRequired\":true,\"valueName\":\"search_term_string\"}}],\"inLanguage\":\"pl-PL\"},{\"@type\":\"Organization\",\"@id\":\"https:\\\/\\\/pans.krosno.pl\\\/instytut-humanistyczny\\\/#organization\",\"name\":\"Instytut Humanistyczny PANS w Kro\u015bnie\",\"url\":\"https:\\\/\\\/pans.krosno.pl\\\/instytut-humanistyczny\\\/\",\"logo\":{\"@type\":\"ImageObject\",\"inLanguage\":\"pl-PL\",\"@id\":\"https:\\\/\\\/pans.krosno.pl\\\/instytut-humanistyczny\\\/#\\\/schema\\\/logo\\\/image\\\/\",\"url\":\"https:\\\/\\\/pans.krosno.pl\\\/instytut-humanistyczny\\\/wp-content\\\/uploads\\\/sites\\\/9\\\/2023\\\/01\\\/Logo-PANS-2022-pelne.png\",\"contentUrl\":\"https:\\\/\\\/pans.krosno.pl\\\/instytut-humanistyczny\\\/wp-content\\\/uploads\\\/sites\\\/9\\\/2023\\\/01\\\/Logo-PANS-2022-pelne.png\",\"width\":3096,\"height\":696,\"caption\":\"Instytut Humanistyczny PANS w Kro\u015bnie\"},\"image\":{\"@id\":\"https:\\\/\\\/pans.krosno.pl\\\/instytut-humanistyczny\\\/#\\\/schema\\\/logo\\\/image\\\/\"}},{\"@type\":\"Person\",\"@id\":\"https:\\\/\\\/pans.krosno.pl\\\/instytut-humanistyczny\\\/#\\\/schema\\\/person\\\/cb70195a5aeabe88d51256d821faa2d9\",\"name\":\"Bartosz Go\u0142\u0105bek\",\"image\":{\"@type\":\"ImageObject\",\"inLanguage\":\"pl-PL\",\"@id\":\"https:\\\/\\\/secure.gravatar.com\\\/avatar\\\/ad10819676385baed8ebd4d7be0d4ba77dd5fdc0f4779d414dea3126fd3aec33?s=96&d=mm&r=g\",\"url\":\"https:\\\/\\\/secure.gravatar.com\\\/avatar\\\/ad10819676385baed8ebd4d7be0d4ba77dd5fdc0f4779d414dea3126fd3aec33?s=96&d=mm&r=g\",\"contentUrl\":\"https:\\\/\\\/secure.gravatar.com\\\/avatar\\\/ad10819676385baed8ebd4d7be0d4ba77dd5fdc0f4779d414dea3126fd3aec33?s=96&d=mm&r=g\",\"caption\":\"Bartosz Go\u0142\u0105bek\"},\"description\":\"dr Bartosz Go\u0142\u0105bek Dyrektor Instytutu Humanistycznego Karpacka Pa\u0144stwowa Uczelnia w Kro\u015bnie (dawniej PWSZ)\",\"url\":\"https:\\\/\\\/pans.krosno.pl\\\/instytut-humanistyczny\\\/author\\\/bartoszgolabek\\\/\"}]}<\/script>\n<!-- \/ Yoast SEO Premium plugin. -->","yoast_head_json":{"title":"Warsztat na temat po\u017c\u0105danych kompetencji w sektorze nowoczesnych us\u0142ug biznesowych [zaproszenie] - Instytut Humanistyczny PANS w Kro\u015bnie","robots":{"index":"index","follow":"follow","max-snippet":"max-snippet:-1","max-image-preview":"max-image-preview:large","max-video-preview":"max-video-preview:-1"},"canonical":"https:\/\/pans.krosno.pl\/instytut-humanistyczny\/warsztat-na-temat-sektora-nowoczesnych-uslug-biznesowych-zaproszenie\/","og_locale":"pl_PL","og_type":"article","og_title":"Warsztat na temat po\u017c\u0105danych kompetencji w sektorze nowoczesnych us\u0142ug biznesowych [zaproszenie]","og_description":"Warsztat na temat &nbsp;sektora nowoczesnych us\u0142ug biznesowych dla Karpackiej Pa\u0144stwowej Uczelni w Kro\u015bnie Data: 13 maja 2021, godz. 14:30 Miejsce: MS Teams w ramach projektu \u201eSektorowa Rada ds. Kompetencji Nowoczesnych Us\u0142ug Biznesowych\u201d, realizowanego w&nbsp;ramach Programu Operacyjnego Wiedza Edukacja Rozw\u00f3j, O\u015b priorytetowa II. Efektywne polityki publiczne dla&nbsp;rynku pracy, gospodarki i edukacji, [\u2026] Read More","og_url":"https:\/\/pans.krosno.pl\/instytut-humanistyczny\/warsztat-na-temat-sektora-nowoczesnych-uslug-biznesowych-zaproszenie\/","og_site_name":"Instytut Humanistyczny PANS w Kro\u015bnie","article_published_time":"2021-04-29T14:11:10+00:00","article_modified_time":"2021-05-06T08:49:02+00:00","og_image":[{"width":1880,"height":1253,"url":"https:\/\/pans.krosno.pl\/wp-content\/uploads\/sites\/9\/2021\/04\/pexels-photo-6321231.jpeg","type":"image\/jpeg"}],"author":"Bartosz Go\u0142\u0105bek","twitter_card":"summary_large_image","twitter_misc":{"Napisane przez":"Bartosz Go\u0142\u0105bek","Szacowany czas czytania":"1 minuta"},"schema":{"@context":"https:\/\/schema.org","@graph":[{"@type":"Article","@id":"https:\/\/pans.krosno.pl\/instytut-humanistyczny\/warsztat-na-temat-sektora-nowoczesnych-uslug-biznesowych-zaproszenie\/#article","isPartOf":{"@id":"https:\/\/pans.krosno.pl\/instytut-humanistyczny\/warsztat-na-temat-sektora-nowoczesnych-uslug-biznesowych-zaproszenie\/"},"author":{"name":"Bartosz Go\u0142\u0105bek","@id":"https:\/\/pans.krosno.pl\/instytut-humanistyczny\/#\/schema\/person\/cb70195a5aeabe88d51256d821faa2d9"},"headline":"Warsztat na temat po\u017c\u0105danych kompetencji w sektorze nowoczesnych us\u0142ug biznesowych [zaproszenie]","datePublished":"2021-04-29T14:11:10+00:00","dateModified":"2021-05-06T08:49:02+00:00","mainEntityOfPage":{"@id":"https:\/\/pans.krosno.pl\/instytut-humanistyczny\/warsztat-na-temat-sektora-nowoczesnych-uslug-biznesowych-zaproszenie\/"},"wordCount":310,"commentCount":0,"publisher":{"@id":"https:\/\/pans.krosno.pl\/instytut-humanistyczny\/#organization"},"image":{"@id":"https:\/\/pans.krosno.pl\/instytut-humanistyczny\/warsztat-na-temat-sektora-nowoczesnych-uslug-biznesowych-zaproszenie\/#primaryimage"},"thumbnailUrl":"https:\/\/pans.krosno.pl\/instytut-humanistyczny\/wp-content\/uploads\/sites\/9\/2021\/04\/pexels-photo-6321231.jpeg","inLanguage":"pl-PL","potentialAction":[{"@type":"CommentAction","name":"Comment","target":["https:\/\/pans.krosno.pl\/instytut-humanistyczny\/warsztat-na-temat-sektora-nowoczesnych-uslug-biznesowych-zaproszenie\/#respond"]}]},{"@type":"WebPage","@id":"https:\/\/pans.krosno.pl\/instytut-humanistyczny\/warsztat-na-temat-sektora-nowoczesnych-uslug-biznesowych-zaproszenie\/","url":"https:\/\/pans.krosno.pl\/instytut-humanistyczny\/warsztat-na-temat-sektora-nowoczesnych-uslug-biznesowych-zaproszenie\/","name":"Warsztat na temat po\u017c\u0105danych kompetencji w sektorze nowoczesnych us\u0142ug biznesowych [zaproszenie] - Instytut Humanistyczny PANS w Kro\u015bnie","isPartOf":{"@id":"https:\/\/pans.krosno.pl\/instytut-humanistyczny\/#website"},"primaryImageOfPage":{"@id":"https:\/\/pans.krosno.pl\/instytut-humanistyczny\/warsztat-na-temat-sektora-nowoczesnych-uslug-biznesowych-zaproszenie\/#primaryimage"},"image":{"@id":"https:\/\/pans.krosno.pl\/instytut-humanistyczny\/warsztat-na-temat-sektora-nowoczesnych-uslug-biznesowych-zaproszenie\/#primaryimage"},"thumbnailUrl":"https:\/\/pans.krosno.pl\/instytut-humanistyczny\/wp-content\/uploads\/sites\/9\/2021\/04\/pexels-photo-6321231.jpeg","datePublished":"2021-04-29T14:11:10+00:00","dateModified":"2021-05-06T08:49:02+00:00","breadcrumb":{"@id":"https:\/\/pans.krosno.pl\/instytut-humanistyczny\/warsztat-na-temat-sektora-nowoczesnych-uslug-biznesowych-zaproszenie\/#breadcrumb"},"inLanguage":"pl-PL","potentialAction":[{"@type":"ReadAction","target":["https:\/\/pans.krosno.pl\/instytut-humanistyczny\/warsztat-na-temat-sektora-nowoczesnych-uslug-biznesowych-zaproszenie\/"]}]},{"@type":"ImageObject","inLanguage":"pl-PL","@id":"https:\/\/pans.krosno.pl\/instytut-humanistyczny\/warsztat-na-temat-sektora-nowoczesnych-uslug-biznesowych-zaproszenie\/#primaryimage","url":"https:\/\/pans.krosno.pl\/instytut-humanistyczny\/wp-content\/uploads\/sites\/9\/2021\/04\/pexels-photo-6321231.jpeg","contentUrl":"https:\/\/pans.krosno.pl\/instytut-humanistyczny\/wp-content\/uploads\/sites\/9\/2021\/04\/pexels-photo-6321231.jpeg","width":1880,"height":1253},{"@type":"BreadcrumbList","@id":"https:\/\/pans.krosno.pl\/instytut-humanistyczny\/warsztat-na-temat-sektora-nowoczesnych-uslug-biznesowych-zaproszenie\/#breadcrumb","itemListElement":[{"@type":"ListItem","position":1,"name":"Strona g\u0142\u00f3wna","item":"https:\/\/pans.krosno.pl\/instytut-humanistyczny\/"},{"@type":"ListItem","position":2,"name":"Warsztat na temat po\u017c\u0105danych kompetencji w sektorze nowoczesnych us\u0142ug biznesowych [zaproszenie]"}]},{"@type":"WebSite","@id":"https:\/\/pans.krosno.pl\/instytut-humanistyczny\/#website","url":"https:\/\/pans.krosno.pl\/instytut-humanistyczny\/","name":"Instytut Humanistyczny PANS w Kro\u015bnie","description":"Instytut Humanistyczny - Pa\u0144stwowa Akademia Nauk Stosowanych","publisher":{"@id":"https:\/\/pans.krosno.pl\/instytut-humanistyczny\/#organization"},"potentialAction":[{"@type":"SearchAction","target":{"@type":"EntryPoint","urlTemplate":"https:\/\/pans.krosno.pl\/instytut-humanistyczny\/?s={search_term_string}"},"query-input":{"@type":"PropertyValueSpecification","valueRequired":true,"valueName":"search_term_string"}}],"inLanguage":"pl-PL"},{"@type":"Organization","@id":"https:\/\/pans.krosno.pl\/instytut-humanistyczny\/#organization","name":"Instytut Humanistyczny PANS w Kro\u015bnie","url":"https:\/\/pans.krosno.pl\/instytut-humanistyczny\/","logo":{"@type":"ImageObject","inLanguage":"pl-PL","@id":"https:\/\/pans.krosno.pl\/instytut-humanistyczny\/#\/schema\/logo\/image\/","url":"https:\/\/pans.krosno.pl\/instytut-humanistyczny\/wp-content\/uploads\/sites\/9\/2023\/01\/Logo-PANS-2022-pelne.png","contentUrl":"https:\/\/pans.krosno.pl\/instytut-humanistyczny\/wp-content\/uploads\/sites\/9\/2023\/01\/Logo-PANS-2022-pelne.png","width":3096,"height":696,"caption":"Instytut Humanistyczny PANS w Kro\u015bnie"},"image":{"@id":"https:\/\/pans.krosno.pl\/instytut-humanistyczny\/#\/schema\/logo\/image\/"}},{"@type":"Person","@id":"https:\/\/pans.krosno.pl\/instytut-humanistyczny\/#\/schema\/person\/cb70195a5aeabe88d51256d821faa2d9","name":"Bartosz Go\u0142\u0105bek","image":{"@type":"ImageObject","inLanguage":"pl-PL","@id":"https:\/\/secure.gravatar.com\/avatar\/ad10819676385baed8ebd4d7be0d4ba77dd5fdc0f4779d414dea3126fd3aec33?s=96&d=mm&r=g","url":"https:\/\/secure.gravatar.com\/avatar\/ad10819676385baed8ebd4d7be0d4ba77dd5fdc0f4779d414dea3126fd3aec33?s=96&d=mm&r=g","contentUrl":"https:\/\/secure.gravatar.com\/avatar\/ad10819676385baed8ebd4d7be0d4ba77dd5fdc0f4779d414dea3126fd3aec33?s=96&d=mm&r=g","caption":"Bartosz Go\u0142\u0105bek"},"description":"dr Bartosz Go\u0142\u0105bek Dyrektor Instytutu Humanistycznego Karpacka Pa\u0144stwowa Uczelnia w Kro\u015bnie (dawniej PWSZ)","url":"https:\/\/pans.krosno.pl\/instytut-humanistyczny\/author\/bartoszgolabek\/"}]}},"_links":{"self":[{"href":"https:\/\/pans.krosno.pl\/instytut-humanistyczny\/wp-json\/wp\/v2\/posts\/947","targetHints":{"allow":["GET"]}}],"collection":[{"href":"https:\/\/pans.krosno.pl\/instytut-humanistyczny\/wp-json\/wp\/v2\/posts"}],"about":[{"href":"https:\/\/pans.krosno.pl\/instytut-humanistyczny\/wp-json\/wp\/v2\/types\/post"}],"author":[{"embeddable":true,"href":"https:\/\/pans.krosno.pl\/instytut-humanistyczny\/wp-json\/wp\/v2\/users\/57"}],"replies":[{"embeddable":true,"href":"https:\/\/pans.krosno.pl\/instytut-humanistyczny\/wp-json\/wp\/v2\/comments?post=947"}],"version-history":[{"count":9,"href":"https:\/\/pans.krosno.pl\/instytut-humanistyczny\/wp-json\/wp\/v2\/posts\/947\/revisions"}],"predecessor-version":[{"id":976,"href":"https:\/\/pans.krosno.pl\/instytut-humanistyczny\/wp-json\/wp\/v2\/posts\/947\/revisions\/976"}],"wp:featuredmedia":[{"embeddable":true,"href":"https:\/\/pans.krosno.pl\/instytut-humanistyczny\/wp-json\/wp\/v2\/media\/951"}],"wp:attachment":[{"href":"https:\/\/pans.krosno.pl\/instytut-humanistyczny\/wp-json\/wp\/v2\/media?parent=947"}],"wp:term":[{"taxonomy":"category","embeddable":true,"href":"https:\/\/pans.krosno.pl\/instytut-humanistyczny\/wp-json\/wp\/v2\/categories?post=947"},{"taxonomy":"post_tag","embeddable":true,"href":"https:\/\/pans.krosno.pl\/instytut-humanistyczny\/wp-json\/wp\/v2\/tags?post=947"}],"curies":[{"name":"wp","href":"https:\/\/api.w.org\/{rel}","templated":true}]}}