{"id":944,"date":"2021-04-23T16:49:39","date_gmt":"2021-04-23T14:49:39","guid":{"rendered":"https:\/\/pans.krosno.pl\/instytut-humanistyczny\/?p=944"},"modified":"2021-04-23T16:49:40","modified_gmt":"2021-04-23T14:49:40","slug":"studentki-z-kola-naukowego-tworczych-pedagogow-o-ogolnopolskiej-konferencji-nauka-talent-pasja","status":"publish","type":"post","link":"https:\/\/pans.krosno.pl\/instytut-humanistyczny\/studentki-z-kola-naukowego-tworczych-pedagogow-o-ogolnopolskiej-konferencji-nauka-talent-pasja\/","title":{"rendered":"Studentki z Ko\u0142a Naukowego Tw\u00f3rczych Pedagog\u00f3w o Og\u00f3lnopolskiej Konferencji \u201eNauka \u2013 Talent \u2013 Pasja\u201d"},"content":{"rendered":"\n<p>15 kwietnia br. mia\u0142y\u015bmy ogromn\u0105 przyjemno\u015b\u0107 wzi\u0105\u0107 udzia\u0142 w&nbsp; Og\u00f3lnopolskiej Konferencji M\u0142odych Naukowc\u00f3w ,,Nauka \u2013Talent \u2013 Pasja\u2019\u2019 zorganizowan\u0105 przez Podhala\u0144sk\u0105 Pa\u0144stwow\u0105 Uczelnie Zawodow\u0105 w Nowym Targu. Przedstawi\u0142y\u015bmy&nbsp;<strong>prezentacj\u0119 empirycznych<\/strong>&nbsp;<strong>bada\u0144 jako\u015bciowych na temat:&nbsp;<\/strong><em>Tworzenie rozumienia poj\u0119cia tolerancja przez dziecko w m\u0142odszym wieku szkolnym \u2013&nbsp;doniesienia z jako\u015bciowych bada\u0144 w dzia\u0142aniu (Action Research).<\/em><\/p>\n\n\n\n<figure class=\"wp-block-image\"><img decoding=\"async\" src=\"https:\/\/pans.krosno.pl\/wp-content\/uploads\/2021\/04\/konferencja-Nowy-Targ-nr-1-1024x576.jpg\" alt=\"\" class=\"wp-image-23865\" \/><\/figure>\n\n\n\n<figure class=\"wp-block-image\"><img decoding=\"async\" src=\"https:\/\/pans.krosno.pl\/wp-content\/uploads\/2021\/04\/konferencja-nowy-targ-zdjecie-nr-2-1024x576.jpg\" alt=\"\" class=\"wp-image-23867\" \/><\/figure>\n\n\n\n<p>&nbsp;Konferencja odby\u0142a si\u0119 w przestrzeni wirtualnej na platformie Zoom. Uczestniczy\u0142o w niej a\u017c 133 osoby z 15 uczelni z ca\u0142ej Polski, m. in. z Wroc\u0142awia, Krakowa, Lublina czy Sanoka i oczywi\u015bcie z Krosna. Na wst\u0119pie przywita\u0142 nas JM Rektor uczelni dr hab. Robert Wojciech W\u0142odarczyk \u2013 prof. uczelni. Nast\u0119pnie wys\u0142uchali\u015bmy interesuj\u0105cego wyk\u0142adu inauguracyjnego wyg\u0142oszonego przez pana mgr in\u017c. Krzysztofa Przyby\u0142\u0119, kt\u00f3ry m\u00f3wi\u0142 o pasji, jako o nadrz\u0119dnej warto\u015bci w \u017cyciu, kt\u00f3rej towarzyszy celowo\u015b\u0107, zaanga\u017cowanie, a czasami nawet troch\u0119 cierpienia. W dalszej kolejno\u015bci zostali\u015bmy podzieleni na 4 sesje tematyczne&nbsp; \u2013 my by\u0142y\u015bmy w czwartej, gdzie o zagadnieniu pasji we wsp\u00f3\u0142czesnym stylu m\u00f3wiono podczas 14 prezentacji dla publiczno\u015bci z\u0142o\u017conej z 33 s\u0142uchaczy. Wyst\u0105pienia by\u0142y bardzo zr\u00f3\u017cnicowane \u2013 ka\u017cdy z pasj\u0105 podzieli\u0142 si\u0119 interesuj\u0105cymi spostrze\u017ceniami. Panowa\u0142a niezwykle ciep\u0142a i mi\u0142a atmosfera \u2013 wszystkich wys\u0142uchano z uwag\u0105 i doceniono wyst\u0105pienia w dyskusji.<\/p>\n\n\n\n<p>Z naszej perspektywy by\u0142o to pe\u0142ne pasji i zaanga\u017cowania, niezwykle interesuj\u0105ce do\u015bwiadczenie.<\/p>\n\n\n\n<p>Angelika Prajzner i Aleksandra Sienkowska<br>(I PPiW i II PSOzTP)<\/p>\n","protected":false},"excerpt":{"rendered":"<p>15 kwietnia br. mia\u0142y\u015bmy ogromn\u0105 przyjemno\u015b\u0107 wzi\u0105\u0107 udzia\u0142 w&nbsp; Og\u00f3lnopolskiej Konferencji M\u0142odych Naukowc\u00f3w ,,Nauka \u2013Talent \u2013 Pasja\u2019\u2019 zorganizowan\u0105 przez Podhala\u0144sk\u0105 Pa\u0144stwow\u0105 Uczelnie Zawodow\u0105 w Nowym Targu. Przedstawi\u0142y\u015bmy&nbsp;prezentacj\u0119 empirycznych&nbsp;bada\u0144 jako\u015bciowych na temat:&nbsp;Tworzenie rozumienia poj\u0119cia tolerancja przez dziecko w m\u0142odszym wieku szkolnym \u2013&nbsp;doniesienia z jako\u015bciowych bada\u0144 w dzia\u0142aniu (Action Research). &nbsp;Konferencja odby\u0142a [\u2026] <\/p>\n<div class=\"clear\"><\/div>\n<p><a class=\"more_link clearfix\" href=\"https:\/\/pans.krosno.pl\/instytut-humanistyczny\/studentki-z-kola-naukowego-tworczych-pedagogow-o-ogolnopolskiej-konferencji-nauka-talent-pasja\/\" rel=\"nofollow\">Read More<\/a><\/p>\n","protected":false},"author":57,"featured_media":945,"comment_status":"open","ping_status":"open","sticky":false,"template":"","format":"standard","meta":{"ngg_post_thumbnail":0,"footnotes":""},"categories":[1],"tags":[],"class_list":["post-944","post","type-post","status-publish","format-standard","has-post-thumbnail","hentry","category-bez-kategorii"],"yoast_head":"<!-- This site is optimized with the Yoast SEO Premium plugin v27.4 (Yoast SEO v27.4) - https:\/\/yoast.com\/product\/yoast-seo-premium-wordpress\/ -->\n<title>Studentki z Ko\u0142a Naukowego Tw\u00f3rczych Pedagog\u00f3w o Og\u00f3lnopolskiej Konferencji \u201eNauka \u2013 Talent \u2013 Pasja\u201d - Instytut Humanistyczny PANS w Kro\u015bnie<\/title>\n<meta name=\"robots\" content=\"index, follow, max-snippet:-1, max-image-preview:large, max-video-preview:-1\" \/>\n<link rel=\"canonical\" href=\"https:\/\/pans.krosno.pl\/instytut-humanistyczny\/studentki-z-kola-naukowego-tworczych-pedagogow-o-ogolnopolskiej-konferencji-nauka-talent-pasja\/\" \/>\n<meta property=\"og:locale\" content=\"pl_PL\" \/>\n<meta property=\"og:type\" content=\"article\" \/>\n<meta property=\"og:title\" content=\"Studentki z Ko\u0142a Naukowego Tw\u00f3rczych Pedagog\u00f3w o Og\u00f3lnopolskiej Konferencji \u201eNauka \u2013 Talent \u2013 Pasja\u201d\" \/>\n<meta property=\"og:description\" content=\"15 kwietnia br. mia\u0142y\u015bmy ogromn\u0105 przyjemno\u015b\u0107 wzi\u0105\u0107 udzia\u0142 w&nbsp; Og\u00f3lnopolskiej Konferencji M\u0142odych Naukowc\u00f3w ,,Nauka \u2013Talent \u2013 Pasja\u2019\u2019 zorganizowan\u0105 przez Podhala\u0144sk\u0105 Pa\u0144stwow\u0105 Uczelnie Zawodow\u0105 w Nowym Targu. Przedstawi\u0142y\u015bmy&nbsp;prezentacj\u0119 empirycznych&nbsp;bada\u0144 jako\u015bciowych na temat:&nbsp;Tworzenie rozumienia poj\u0119cia tolerancja przez dziecko w m\u0142odszym wieku szkolnym \u2013&nbsp;doniesienia z jako\u015bciowych bada\u0144 w dzia\u0142aniu (Action Research). &nbsp;Konferencja odby\u0142a [\u2026] Read More\" \/>\n<meta property=\"og:url\" content=\"https:\/\/pans.krosno.pl\/instytut-humanistyczny\/studentki-z-kola-naukowego-tworczych-pedagogow-o-ogolnopolskiej-konferencji-nauka-talent-pasja\/\" \/>\n<meta property=\"og:site_name\" content=\"Instytut Humanistyczny PANS w Kro\u015bnie\" \/>\n<meta property=\"article:published_time\" content=\"2021-04-23T14:49:39+00:00\" \/>\n<meta property=\"article:modified_time\" content=\"2021-04-23T14:49:40+00:00\" \/>\n<meta property=\"og:image\" content=\"https:\/\/pans.krosno.pl\/wp-content\/uploads\/sites\/9\/2021\/04\/konferencja-Nowy-Targ-nr-1-1024x576-1.jpg\" \/>\n\t<meta property=\"og:image:width\" content=\"1024\" \/>\n\t<meta property=\"og:image:height\" content=\"576\" \/>\n\t<meta property=\"og:image:type\" content=\"image\/jpeg\" \/>\n<meta name=\"author\" content=\"Bartosz Go\u0142\u0105bek\" \/>\n<meta name=\"twitter:card\" content=\"summary_large_image\" \/>\n<meta name=\"twitter:label1\" content=\"Napisane przez\" \/>\n\t<meta name=\"twitter:data1\" content=\"Bartosz Go\u0142\u0105bek\" \/>\n\t<meta name=\"twitter:label2\" content=\"Szacowany czas czytania\" \/>\n\t<meta name=\"twitter:data2\" content=\"1 minuta\" \/>\n<script type=\"application\/ld+json\" class=\"yoast-schema-graph\">{\"@context\":\"https:\\\/\\\/schema.org\",\"@graph\":[{\"@type\":\"Article\",\"@id\":\"https:\\\/\\\/pans.krosno.pl\\\/instytut-humanistyczny\\\/studentki-z-kola-naukowego-tworczych-pedagogow-o-ogolnopolskiej-konferencji-nauka-talent-pasja\\\/#article\",\"isPartOf\":{\"@id\":\"https:\\\/\\\/pans.krosno.pl\\\/instytut-humanistyczny\\\/studentki-z-kola-naukowego-tworczych-pedagogow-o-ogolnopolskiej-konferencji-nauka-talent-pasja\\\/\"},\"author\":{\"name\":\"Bartosz Go\u0142\u0105bek\",\"@id\":\"https:\\\/\\\/pans.krosno.pl\\\/instytut-humanistyczny\\\/#\\\/schema\\\/person\\\/cb70195a5aeabe88d51256d821faa2d9\"},\"headline\":\"Studentki z Ko\u0142a Naukowego Tw\u00f3rczych Pedagog\u00f3w o Og\u00f3lnopolskiej Konferencji \u201eNauka \u2013 Talent \u2013 Pasja\u201d\",\"datePublished\":\"2021-04-23T14:49:39+00:00\",\"dateModified\":\"2021-04-23T14:49:40+00:00\",\"mainEntityOfPage\":{\"@id\":\"https:\\\/\\\/pans.krosno.pl\\\/instytut-humanistyczny\\\/studentki-z-kola-naukowego-tworczych-pedagogow-o-ogolnopolskiej-konferencji-nauka-talent-pasja\\\/\"},\"wordCount\":282,\"commentCount\":0,\"publisher\":{\"@id\":\"https:\\\/\\\/pans.krosno.pl\\\/instytut-humanistyczny\\\/#organization\"},\"image\":{\"@id\":\"https:\\\/\\\/pans.krosno.pl\\\/instytut-humanistyczny\\\/studentki-z-kola-naukowego-tworczych-pedagogow-o-ogolnopolskiej-konferencji-nauka-talent-pasja\\\/#primaryimage\"},\"thumbnailUrl\":\"https:\\\/\\\/pans.krosno.pl\\\/instytut-humanistyczny\\\/wp-content\\\/uploads\\\/sites\\\/9\\\/2021\\\/04\\\/konferencja-Nowy-Targ-nr-1-1024x576-1.jpg\",\"inLanguage\":\"pl-PL\",\"potentialAction\":[{\"@type\":\"CommentAction\",\"name\":\"Comment\",\"target\":[\"https:\\\/\\\/pans.krosno.pl\\\/instytut-humanistyczny\\\/studentki-z-kola-naukowego-tworczych-pedagogow-o-ogolnopolskiej-konferencji-nauka-talent-pasja\\\/#respond\"]}]},{\"@type\":\"WebPage\",\"@id\":\"https:\\\/\\\/pans.krosno.pl\\\/instytut-humanistyczny\\\/studentki-z-kola-naukowego-tworczych-pedagogow-o-ogolnopolskiej-konferencji-nauka-talent-pasja\\\/\",\"url\":\"https:\\\/\\\/pans.krosno.pl\\\/instytut-humanistyczny\\\/studentki-z-kola-naukowego-tworczych-pedagogow-o-ogolnopolskiej-konferencji-nauka-talent-pasja\\\/\",\"name\":\"Studentki z Ko\u0142a Naukowego Tw\u00f3rczych Pedagog\u00f3w o Og\u00f3lnopolskiej Konferencji \u201eNauka \u2013 Talent \u2013 Pasja\u201d - Instytut Humanistyczny PANS w Kro\u015bnie\",\"isPartOf\":{\"@id\":\"https:\\\/\\\/pans.krosno.pl\\\/instytut-humanistyczny\\\/#website\"},\"primaryImageOfPage\":{\"@id\":\"https:\\\/\\\/pans.krosno.pl\\\/instytut-humanistyczny\\\/studentki-z-kola-naukowego-tworczych-pedagogow-o-ogolnopolskiej-konferencji-nauka-talent-pasja\\\/#primaryimage\"},\"image\":{\"@id\":\"https:\\\/\\\/pans.krosno.pl\\\/instytut-humanistyczny\\\/studentki-z-kola-naukowego-tworczych-pedagogow-o-ogolnopolskiej-konferencji-nauka-talent-pasja\\\/#primaryimage\"},\"thumbnailUrl\":\"https:\\\/\\\/pans.krosno.pl\\\/instytut-humanistyczny\\\/wp-content\\\/uploads\\\/sites\\\/9\\\/2021\\\/04\\\/konferencja-Nowy-Targ-nr-1-1024x576-1.jpg\",\"datePublished\":\"2021-04-23T14:49:39+00:00\",\"dateModified\":\"2021-04-23T14:49:40+00:00\",\"breadcrumb\":{\"@id\":\"https:\\\/\\\/pans.krosno.pl\\\/instytut-humanistyczny\\\/studentki-z-kola-naukowego-tworczych-pedagogow-o-ogolnopolskiej-konferencji-nauka-talent-pasja\\\/#breadcrumb\"},\"inLanguage\":\"pl-PL\",\"potentialAction\":[{\"@type\":\"ReadAction\",\"target\":[\"https:\\\/\\\/pans.krosno.pl\\\/instytut-humanistyczny\\\/studentki-z-kola-naukowego-tworczych-pedagogow-o-ogolnopolskiej-konferencji-nauka-talent-pasja\\\/\"]}]},{\"@type\":\"ImageObject\",\"inLanguage\":\"pl-PL\",\"@id\":\"https:\\\/\\\/pans.krosno.pl\\\/instytut-humanistyczny\\\/studentki-z-kola-naukowego-tworczych-pedagogow-o-ogolnopolskiej-konferencji-nauka-talent-pasja\\\/#primaryimage\",\"url\":\"https:\\\/\\\/pans.krosno.pl\\\/instytut-humanistyczny\\\/wp-content\\\/uploads\\\/sites\\\/9\\\/2021\\\/04\\\/konferencja-Nowy-Targ-nr-1-1024x576-1.jpg\",\"contentUrl\":\"https:\\\/\\\/pans.krosno.pl\\\/instytut-humanistyczny\\\/wp-content\\\/uploads\\\/sites\\\/9\\\/2021\\\/04\\\/konferencja-Nowy-Targ-nr-1-1024x576-1.jpg\",\"width\":1024,\"height\":576},{\"@type\":\"BreadcrumbList\",\"@id\":\"https:\\\/\\\/pans.krosno.pl\\\/instytut-humanistyczny\\\/studentki-z-kola-naukowego-tworczych-pedagogow-o-ogolnopolskiej-konferencji-nauka-talent-pasja\\\/#breadcrumb\",\"itemListElement\":[{\"@type\":\"ListItem\",\"position\":1,\"name\":\"Strona g\u0142\u00f3wna\",\"item\":\"https:\\\/\\\/pans.krosno.pl\\\/instytut-humanistyczny\\\/\"},{\"@type\":\"ListItem\",\"position\":2,\"name\":\"Studentki z Ko\u0142a Naukowego Tw\u00f3rczych Pedagog\u00f3w o Og\u00f3lnopolskiej Konferencji \u201eNauka \u2013 Talent \u2013 Pasja\u201d\"}]},{\"@type\":\"WebSite\",\"@id\":\"https:\\\/\\\/pans.krosno.pl\\\/instytut-humanistyczny\\\/#website\",\"url\":\"https:\\\/\\\/pans.krosno.pl\\\/instytut-humanistyczny\\\/\",\"name\":\"Instytut Humanistyczny PANS w Kro\u015bnie\",\"description\":\"Instytut Humanistyczny - Pa\u0144stwowa Akademia Nauk Stosowanych\",\"publisher\":{\"@id\":\"https:\\\/\\\/pans.krosno.pl\\\/instytut-humanistyczny\\\/#organization\"},\"potentialAction\":[{\"@type\":\"SearchAction\",\"target\":{\"@type\":\"EntryPoint\",\"urlTemplate\":\"https:\\\/\\\/pans.krosno.pl\\\/instytut-humanistyczny\\\/?s={search_term_string}\"},\"query-input\":{\"@type\":\"PropertyValueSpecification\",\"valueRequired\":true,\"valueName\":\"search_term_string\"}}],\"inLanguage\":\"pl-PL\"},{\"@type\":\"Organization\",\"@id\":\"https:\\\/\\\/pans.krosno.pl\\\/instytut-humanistyczny\\\/#organization\",\"name\":\"Instytut Humanistyczny PANS w Kro\u015bnie\",\"url\":\"https:\\\/\\\/pans.krosno.pl\\\/instytut-humanistyczny\\\/\",\"logo\":{\"@type\":\"ImageObject\",\"inLanguage\":\"pl-PL\",\"@id\":\"https:\\\/\\\/pans.krosno.pl\\\/instytut-humanistyczny\\\/#\\\/schema\\\/logo\\\/image\\\/\",\"url\":\"https:\\\/\\\/pans.krosno.pl\\\/instytut-humanistyczny\\\/wp-content\\\/uploads\\\/sites\\\/9\\\/2023\\\/01\\\/Logo-PANS-2022-pelne.png\",\"contentUrl\":\"https:\\\/\\\/pans.krosno.pl\\\/instytut-humanistyczny\\\/wp-content\\\/uploads\\\/sites\\\/9\\\/2023\\\/01\\\/Logo-PANS-2022-pelne.png\",\"width\":3096,\"height\":696,\"caption\":\"Instytut Humanistyczny PANS w Kro\u015bnie\"},\"image\":{\"@id\":\"https:\\\/\\\/pans.krosno.pl\\\/instytut-humanistyczny\\\/#\\\/schema\\\/logo\\\/image\\\/\"}},{\"@type\":\"Person\",\"@id\":\"https:\\\/\\\/pans.krosno.pl\\\/instytut-humanistyczny\\\/#\\\/schema\\\/person\\\/cb70195a5aeabe88d51256d821faa2d9\",\"name\":\"Bartosz Go\u0142\u0105bek\",\"image\":{\"@type\":\"ImageObject\",\"inLanguage\":\"pl-PL\",\"@id\":\"https:\\\/\\\/secure.gravatar.com\\\/avatar\\\/ad10819676385baed8ebd4d7be0d4ba77dd5fdc0f4779d414dea3126fd3aec33?s=96&d=mm&r=g\",\"url\":\"https:\\\/\\\/secure.gravatar.com\\\/avatar\\\/ad10819676385baed8ebd4d7be0d4ba77dd5fdc0f4779d414dea3126fd3aec33?s=96&d=mm&r=g\",\"contentUrl\":\"https:\\\/\\\/secure.gravatar.com\\\/avatar\\\/ad10819676385baed8ebd4d7be0d4ba77dd5fdc0f4779d414dea3126fd3aec33?s=96&d=mm&r=g\",\"caption\":\"Bartosz Go\u0142\u0105bek\"},\"description\":\"dr Bartosz Go\u0142\u0105bek Dyrektor Instytutu Humanistycznego Karpacka Pa\u0144stwowa Uczelnia w Kro\u015bnie (dawniej PWSZ)\",\"url\":\"https:\\\/\\\/pans.krosno.pl\\\/instytut-humanistyczny\\\/author\\\/bartoszgolabek\\\/\"}]}<\/script>\n<!-- \/ Yoast SEO Premium plugin. -->","yoast_head_json":{"title":"Studentki z Ko\u0142a Naukowego Tw\u00f3rczych Pedagog\u00f3w o Og\u00f3lnopolskiej Konferencji \u201eNauka \u2013 Talent \u2013 Pasja\u201d - Instytut Humanistyczny PANS w Kro\u015bnie","robots":{"index":"index","follow":"follow","max-snippet":"max-snippet:-1","max-image-preview":"max-image-preview:large","max-video-preview":"max-video-preview:-1"},"canonical":"https:\/\/pans.krosno.pl\/instytut-humanistyczny\/studentki-z-kola-naukowego-tworczych-pedagogow-o-ogolnopolskiej-konferencji-nauka-talent-pasja\/","og_locale":"pl_PL","og_type":"article","og_title":"Studentki z Ko\u0142a Naukowego Tw\u00f3rczych Pedagog\u00f3w o Og\u00f3lnopolskiej Konferencji \u201eNauka \u2013 Talent \u2013 Pasja\u201d","og_description":"15 kwietnia br. mia\u0142y\u015bmy ogromn\u0105 przyjemno\u015b\u0107 wzi\u0105\u0107 udzia\u0142 w&nbsp; Og\u00f3lnopolskiej Konferencji M\u0142odych Naukowc\u00f3w ,,Nauka \u2013Talent \u2013 Pasja\u2019\u2019 zorganizowan\u0105 przez Podhala\u0144sk\u0105 Pa\u0144stwow\u0105 Uczelnie Zawodow\u0105 w Nowym Targu. Przedstawi\u0142y\u015bmy&nbsp;prezentacj\u0119 empirycznych&nbsp;bada\u0144 jako\u015bciowych na temat:&nbsp;Tworzenie rozumienia poj\u0119cia tolerancja przez dziecko w m\u0142odszym wieku szkolnym \u2013&nbsp;doniesienia z jako\u015bciowych bada\u0144 w dzia\u0142aniu (Action Research). &nbsp;Konferencja odby\u0142a [\u2026] Read More","og_url":"https:\/\/pans.krosno.pl\/instytut-humanistyczny\/studentki-z-kola-naukowego-tworczych-pedagogow-o-ogolnopolskiej-konferencji-nauka-talent-pasja\/","og_site_name":"Instytut Humanistyczny PANS w Kro\u015bnie","article_published_time":"2021-04-23T14:49:39+00:00","article_modified_time":"2021-04-23T14:49:40+00:00","og_image":[{"width":1024,"height":576,"url":"https:\/\/pans.krosno.pl\/wp-content\/uploads\/sites\/9\/2021\/04\/konferencja-Nowy-Targ-nr-1-1024x576-1.jpg","type":"image\/jpeg"}],"author":"Bartosz Go\u0142\u0105bek","twitter_card":"summary_large_image","twitter_misc":{"Napisane przez":"Bartosz Go\u0142\u0105bek","Szacowany czas czytania":"1 minuta"},"schema":{"@context":"https:\/\/schema.org","@graph":[{"@type":"Article","@id":"https:\/\/pans.krosno.pl\/instytut-humanistyczny\/studentki-z-kola-naukowego-tworczych-pedagogow-o-ogolnopolskiej-konferencji-nauka-talent-pasja\/#article","isPartOf":{"@id":"https:\/\/pans.krosno.pl\/instytut-humanistyczny\/studentki-z-kola-naukowego-tworczych-pedagogow-o-ogolnopolskiej-konferencji-nauka-talent-pasja\/"},"author":{"name":"Bartosz Go\u0142\u0105bek","@id":"https:\/\/pans.krosno.pl\/instytut-humanistyczny\/#\/schema\/person\/cb70195a5aeabe88d51256d821faa2d9"},"headline":"Studentki z Ko\u0142a Naukowego Tw\u00f3rczych Pedagog\u00f3w o Og\u00f3lnopolskiej Konferencji \u201eNauka \u2013 Talent \u2013 Pasja\u201d","datePublished":"2021-04-23T14:49:39+00:00","dateModified":"2021-04-23T14:49:40+00:00","mainEntityOfPage":{"@id":"https:\/\/pans.krosno.pl\/instytut-humanistyczny\/studentki-z-kola-naukowego-tworczych-pedagogow-o-ogolnopolskiej-konferencji-nauka-talent-pasja\/"},"wordCount":282,"commentCount":0,"publisher":{"@id":"https:\/\/pans.krosno.pl\/instytut-humanistyczny\/#organization"},"image":{"@id":"https:\/\/pans.krosno.pl\/instytut-humanistyczny\/studentki-z-kola-naukowego-tworczych-pedagogow-o-ogolnopolskiej-konferencji-nauka-talent-pasja\/#primaryimage"},"thumbnailUrl":"https:\/\/pans.krosno.pl\/instytut-humanistyczny\/wp-content\/uploads\/sites\/9\/2021\/04\/konferencja-Nowy-Targ-nr-1-1024x576-1.jpg","inLanguage":"pl-PL","potentialAction":[{"@type":"CommentAction","name":"Comment","target":["https:\/\/pans.krosno.pl\/instytut-humanistyczny\/studentki-z-kola-naukowego-tworczych-pedagogow-o-ogolnopolskiej-konferencji-nauka-talent-pasja\/#respond"]}]},{"@type":"WebPage","@id":"https:\/\/pans.krosno.pl\/instytut-humanistyczny\/studentki-z-kola-naukowego-tworczych-pedagogow-o-ogolnopolskiej-konferencji-nauka-talent-pasja\/","url":"https:\/\/pans.krosno.pl\/instytut-humanistyczny\/studentki-z-kola-naukowego-tworczych-pedagogow-o-ogolnopolskiej-konferencji-nauka-talent-pasja\/","name":"Studentki z Ko\u0142a Naukowego Tw\u00f3rczych Pedagog\u00f3w o Og\u00f3lnopolskiej Konferencji \u201eNauka \u2013 Talent \u2013 Pasja\u201d - Instytut Humanistyczny PANS w Kro\u015bnie","isPartOf":{"@id":"https:\/\/pans.krosno.pl\/instytut-humanistyczny\/#website"},"primaryImageOfPage":{"@id":"https:\/\/pans.krosno.pl\/instytut-humanistyczny\/studentki-z-kola-naukowego-tworczych-pedagogow-o-ogolnopolskiej-konferencji-nauka-talent-pasja\/#primaryimage"},"image":{"@id":"https:\/\/pans.krosno.pl\/instytut-humanistyczny\/studentki-z-kola-naukowego-tworczych-pedagogow-o-ogolnopolskiej-konferencji-nauka-talent-pasja\/#primaryimage"},"thumbnailUrl":"https:\/\/pans.krosno.pl\/instytut-humanistyczny\/wp-content\/uploads\/sites\/9\/2021\/04\/konferencja-Nowy-Targ-nr-1-1024x576-1.jpg","datePublished":"2021-04-23T14:49:39+00:00","dateModified":"2021-04-23T14:49:40+00:00","breadcrumb":{"@id":"https:\/\/pans.krosno.pl\/instytut-humanistyczny\/studentki-z-kola-naukowego-tworczych-pedagogow-o-ogolnopolskiej-konferencji-nauka-talent-pasja\/#breadcrumb"},"inLanguage":"pl-PL","potentialAction":[{"@type":"ReadAction","target":["https:\/\/pans.krosno.pl\/instytut-humanistyczny\/studentki-z-kola-naukowego-tworczych-pedagogow-o-ogolnopolskiej-konferencji-nauka-talent-pasja\/"]}]},{"@type":"ImageObject","inLanguage":"pl-PL","@id":"https:\/\/pans.krosno.pl\/instytut-humanistyczny\/studentki-z-kola-naukowego-tworczych-pedagogow-o-ogolnopolskiej-konferencji-nauka-talent-pasja\/#primaryimage","url":"https:\/\/pans.krosno.pl\/instytut-humanistyczny\/wp-content\/uploads\/sites\/9\/2021\/04\/konferencja-Nowy-Targ-nr-1-1024x576-1.jpg","contentUrl":"https:\/\/pans.krosno.pl\/instytut-humanistyczny\/wp-content\/uploads\/sites\/9\/2021\/04\/konferencja-Nowy-Targ-nr-1-1024x576-1.jpg","width":1024,"height":576},{"@type":"BreadcrumbList","@id":"https:\/\/pans.krosno.pl\/instytut-humanistyczny\/studentki-z-kola-naukowego-tworczych-pedagogow-o-ogolnopolskiej-konferencji-nauka-talent-pasja\/#breadcrumb","itemListElement":[{"@type":"ListItem","position":1,"name":"Strona g\u0142\u00f3wna","item":"https:\/\/pans.krosno.pl\/instytut-humanistyczny\/"},{"@type":"ListItem","position":2,"name":"Studentki z Ko\u0142a Naukowego Tw\u00f3rczych Pedagog\u00f3w o Og\u00f3lnopolskiej Konferencji \u201eNauka \u2013 Talent \u2013 Pasja\u201d"}]},{"@type":"WebSite","@id":"https:\/\/pans.krosno.pl\/instytut-humanistyczny\/#website","url":"https:\/\/pans.krosno.pl\/instytut-humanistyczny\/","name":"Instytut Humanistyczny PANS w Kro\u015bnie","description":"Instytut Humanistyczny - Pa\u0144stwowa Akademia Nauk Stosowanych","publisher":{"@id":"https:\/\/pans.krosno.pl\/instytut-humanistyczny\/#organization"},"potentialAction":[{"@type":"SearchAction","target":{"@type":"EntryPoint","urlTemplate":"https:\/\/pans.krosno.pl\/instytut-humanistyczny\/?s={search_term_string}"},"query-input":{"@type":"PropertyValueSpecification","valueRequired":true,"valueName":"search_term_string"}}],"inLanguage":"pl-PL"},{"@type":"Organization","@id":"https:\/\/pans.krosno.pl\/instytut-humanistyczny\/#organization","name":"Instytut Humanistyczny PANS w Kro\u015bnie","url":"https:\/\/pans.krosno.pl\/instytut-humanistyczny\/","logo":{"@type":"ImageObject","inLanguage":"pl-PL","@id":"https:\/\/pans.krosno.pl\/instytut-humanistyczny\/#\/schema\/logo\/image\/","url":"https:\/\/pans.krosno.pl\/instytut-humanistyczny\/wp-content\/uploads\/sites\/9\/2023\/01\/Logo-PANS-2022-pelne.png","contentUrl":"https:\/\/pans.krosno.pl\/instytut-humanistyczny\/wp-content\/uploads\/sites\/9\/2023\/01\/Logo-PANS-2022-pelne.png","width":3096,"height":696,"caption":"Instytut Humanistyczny PANS w Kro\u015bnie"},"image":{"@id":"https:\/\/pans.krosno.pl\/instytut-humanistyczny\/#\/schema\/logo\/image\/"}},{"@type":"Person","@id":"https:\/\/pans.krosno.pl\/instytut-humanistyczny\/#\/schema\/person\/cb70195a5aeabe88d51256d821faa2d9","name":"Bartosz Go\u0142\u0105bek","image":{"@type":"ImageObject","inLanguage":"pl-PL","@id":"https:\/\/secure.gravatar.com\/avatar\/ad10819676385baed8ebd4d7be0d4ba77dd5fdc0f4779d414dea3126fd3aec33?s=96&d=mm&r=g","url":"https:\/\/secure.gravatar.com\/avatar\/ad10819676385baed8ebd4d7be0d4ba77dd5fdc0f4779d414dea3126fd3aec33?s=96&d=mm&r=g","contentUrl":"https:\/\/secure.gravatar.com\/avatar\/ad10819676385baed8ebd4d7be0d4ba77dd5fdc0f4779d414dea3126fd3aec33?s=96&d=mm&r=g","caption":"Bartosz Go\u0142\u0105bek"},"description":"dr Bartosz Go\u0142\u0105bek Dyrektor Instytutu Humanistycznego Karpacka Pa\u0144stwowa Uczelnia w Kro\u015bnie (dawniej PWSZ)","url":"https:\/\/pans.krosno.pl\/instytut-humanistyczny\/author\/bartoszgolabek\/"}]}},"_links":{"self":[{"href":"https:\/\/pans.krosno.pl\/instytut-humanistyczny\/wp-json\/wp\/v2\/posts\/944","targetHints":{"allow":["GET"]}}],"collection":[{"href":"https:\/\/pans.krosno.pl\/instytut-humanistyczny\/wp-json\/wp\/v2\/posts"}],"about":[{"href":"https:\/\/pans.krosno.pl\/instytut-humanistyczny\/wp-json\/wp\/v2\/types\/post"}],"author":[{"embeddable":true,"href":"https:\/\/pans.krosno.pl\/instytut-humanistyczny\/wp-json\/wp\/v2\/users\/57"}],"replies":[{"embeddable":true,"href":"https:\/\/pans.krosno.pl\/instytut-humanistyczny\/wp-json\/wp\/v2\/comments?post=944"}],"version-history":[{"count":1,"href":"https:\/\/pans.krosno.pl\/instytut-humanistyczny\/wp-json\/wp\/v2\/posts\/944\/revisions"}],"predecessor-version":[{"id":946,"href":"https:\/\/pans.krosno.pl\/instytut-humanistyczny\/wp-json\/wp\/v2\/posts\/944\/revisions\/946"}],"wp:featuredmedia":[{"embeddable":true,"href":"https:\/\/pans.krosno.pl\/instytut-humanistyczny\/wp-json\/wp\/v2\/media\/945"}],"wp:attachment":[{"href":"https:\/\/pans.krosno.pl\/instytut-humanistyczny\/wp-json\/wp\/v2\/media?parent=944"}],"wp:term":[{"taxonomy":"category","embeddable":true,"href":"https:\/\/pans.krosno.pl\/instytut-humanistyczny\/wp-json\/wp\/v2\/categories?post=944"},{"taxonomy":"post_tag","embeddable":true,"href":"https:\/\/pans.krosno.pl\/instytut-humanistyczny\/wp-json\/wp\/v2\/tags?post=944"}],"curies":[{"name":"wp","href":"https:\/\/api.w.org\/{rel}","templated":true}]}}