{"id":913,"date":"2021-03-31T11:59:14","date_gmt":"2021-03-31T09:59:14","guid":{"rendered":"https:\/\/pans.krosno.pl\/instytut-humanistyczny\/?p=913"},"modified":"2025-07-02T12:59:19","modified_gmt":"2025-07-02T10:59:19","slug":"most-spotkanie-wokol-ksiazki-gustaw-herling-grudzinski-miedzy-wschodem-a-zachodem","status":"publish","type":"post","link":"https:\/\/pans.krosno.pl\/instytut-humanistyczny\/most-spotkanie-wokol-ksiazki-gustaw-herling-grudzinski-miedzy-wschodem-a-zachodem\/","title":{"rendered":"Most. Spotkanie wok\u00f3\u0142 ksi\u0105\u017cki Gustaw Herling-Grudzi\u0144ski. Mi\u0119dzy Wschodem a Zachodem."},"content":{"rendered":"\n<p><strong>Wydawnictwo Karpackiej Pa\u0144stwowej Uczelni w Kro\u015bnie odda\u0142o do r\u0105k czytelnik\u00f3w kolejny tom serii wydawniczej Bibliotheca Pigoniana, tom po\u015bwi\u0119cony dorobkowi autora&nbsp;<em>Innego \u015awiata<\/em>. Ukazanie si\u0119 tej ksi\u0105\u017cki uczcili\u015bmy&nbsp;25 marca 2021 roku&nbsp;wraz z autorami zamieszczonych w nim studi\u00f3w oraz przyjaci\u00f3\u0142mi tw\u00f3rczo\u015bci wielkiego pisarza . Konferencja na platformie ZOOM odby\u0142a si\u0119 w ramach literackich spotka\u0144 \u015aladami Pika Mirandoli organizowanych przez kro\u015bnie\u0144sk\u0105 uczelni\u0119 oraz Spotka\u0144 Wschodnich zainicjowanych przez Instytut Filologii Wschodnios\u0142owia\u0144skiej Uniwersytetu Jagiello\u0144skiego.<\/strong><\/p>\n\n\n\n<p>Witaj\u0105c zgromadzonych Go\u015bci, Rektor KPU prof. Zbigniew Barabasz podkre\u015bla\u0142 wyj\u0105tkowy charakter kro\u015bnie\u0144skiej inicjatywy: w 2019 roku og\u0142oszonym przez polski parlament rokiem Gustawa Herlinga-Grudzi\u0144skiego w Polsce odby\u0142a si\u0119 tylko jedna mi\u0119dzynarodowa konferencja po\u015bwi\u0119cona temu pisarzowi. Jej gospodarzem i organizatorem by\u0142a kro\u015bnie\u0144ska uczelnia, za\u015b jej pok\u0142osiem jest publikacja o du\u017cej warto\u015bci naukowej. Szczeg\u00f3ln\u0105 rol\u0119 inicjatora, organizatora, moderatora konferencyjnej dyskusji odegra\u0142 \u00f3wczesny rektor kro\u015bnie\u0144skiej uczelni Grzegorz Przebinda, kt\u00f3ry refleksj\u0119 nad dzie\u0142em Herlinga rozpocz\u0105\u0142 jeszcze jako student: w pierwszym swoim referacie o So\u0142\u017cenicynie podj\u0105\u0142 pr\u00f3b\u0119 zestawienia lektury&nbsp;<em>Archipelagu GU\u0141ag<\/em>&nbsp;z&nbsp;<em>Innym \u015awiatem<\/em>.<\/p>\n\n\n\n<p>Honorowym go\u015bciem spotkania by\u0142a Marta Herling, c\u00f3rka pisarza, kt\u00f3ra przywita\u0142a zebranych, zaznaczaj\u0105c, \u017ce z\u0142o\u017cony przez autor\u00f3w publikacji dow\u00f3d \u017cywego zainteresowania tw\u00f3rczo\u015bci\u0105 jej ojca sprawia jej niezwyk\u0142\u0105 przyjemno\u015b\u0107 jako prezesowi Fundacji&nbsp;\u201eBiblioteca Benedetto Croce\u201d w Neapolu opiekuj\u0105cej si\u0119 archiwum pozostawionym przez Gustawa Herlinga.&nbsp; M\u00f3wi\u0105c, \u017ce jej prywatnym wyobra\u017ceniem ojca jest most \u2013 most mi\u0119dzy Polsk\u0105 i W\u0142ochami, Neapolem, gdzie sp\u0119dzi\u0142 50 lat \u017cycia, odnios\u0142a si\u0119 do tytu\u0142u kro\u015bnie\u0144skiej ksi\u0105\u017cki, zarazem wskakuj\u0105c szeroki, europejski wymiar jego biografii wci\u0105\u017c w wielu miejscach niepoznanej. C\u00f3rka pisarza zwraca\u0142a si\u0119 do go\u015bci po polsku, cho\u0107 \u2013 jak przyzna\u0142a \u2013 uczy\u0142a si\u0119 polszczyzny p\u00f3\u017ano i nie od ojca.&nbsp; Polski sta\u0142 si\u0119 jednak dla niej j\u0119zykiem wa\u017cnym, kluczem do skarbnicy przechowywanej w domowym archiwum, a dzi\u015b wa\u017cnej nie tylko w dwu ojczyznach pisarza, nie tylko mi\u0119dzy Wschodem i Zachodem, ale na ca\u0142ym \u015bwiecie.<\/p>\n\n\n\n<figure class=\"wp-block-image\"><img decoding=\"async\" src=\"https:\/\/pans.krosno.pl\/dsdt\/wp-content\/uploads\/sites\/27\/2021\/03\/screen3-1-1024x576.png\" alt=\"\" class=\"wp-image-512\" \/><\/figure>\n\n\n\n<p>Profesor W\u0142odzimierz Bolecki, komentator tw\u00f3rczo\u015bci Herlinga, przewodnicz\u0105cy zespo\u0142u wydaj\u0105cego dzie\u0142a zebrane pisarza metafor\u0119 mostu odni\u00f3s\u0142 do trwania dzie\u0142a Herlinga w czasie kultury. Zdradzi\u0142 zebranej publiczno\u015bci, \u017ce jego najwi\u0119kszym marzeniem by\u0142o, \u017ceby Gustaw Herling-Grudzi\u0144ski unikn\u0105\u0142 losu pisarzy popularnych za \u017cycia, a po \u015bmierci zapominanych. Utrata zainteresowania to proces naturalny w \u017cyciu literackim, cz\u0119sto na wiele lat nieodwracalny, ale Herling \u2013 jak podkre\u015bla\u0142 profesor Bolecki \u2013 mia\u0142 ju\u017c za \u017cycia znakomitych czytelnik\u00f3w, dla kt\u00f3rych tw\u00f3rczo\u015b\u0107 autora&nbsp;<em>Wie\u017cy<\/em>&nbsp;by\u0142a czym\u015b wi\u0119cej ni\u017c zbiorem interesuj\u0105cych ksi\u0105\u017cek. Do takich czytelnik\u00f3w nale\u017cy Grzegorz Przebinda, i dzi\u0119ki nim dzi\u015b Herling jest stale obecny w polskim \u017cyciu literackim, nie tak intensywnie jak dawniej, ale ta popularno\u015b\u0107 dobrze wr\u00f3\u017cy na przysz\u0142o\u015b\u0107. Bez takich konferencji i publikacji tw\u00f3rczo\u015b\u0107 Herlinga mia\u0142aby utrudnion\u0105 drog\u0119 do czytelnika. Jak podkre\u015bla\u0142 W\u0142odzimierz Bolecki w roku jubileuszowym odby\u0142y si\u0119 dwie konferencje \u2013 jedna, wa\u017cna, zorganizowana przez obecn\u0105 na spotkaniu doktor Iren\u0119 Furnal w rodzinnym mie\u015bcie pisarza, w Kielcach, a druga w Kro\u015bnie, gdzie Gustaw Herling-Grudzi\u0144ski nigdy nie dotar\u0142. By\u0142y te\u017c konferencje za granic\u0105: w Neapolu i Sankt Petersburgu. Profesor podkre\u015bla\u0142 jednak inny fakt: tw\u00f3rczo\u015bci\u0105 Herlinga by\u0142y w 2019 roku najbardziej zainteresowane biblioteki, kt\u00f3re organizowa\u0142y spotkania dla uczni\u00f3w, dla szk\u00f3\u0142. Badacz dorobku pisarza dostrzega\u0142 w tym zmian\u0119 miejsca pisarza w spo\u0142ecze\u0144stwie:&nbsp;<em>Niegdy\u015b Herling by\u0142 pisarzem elitarnym, dost\u0119pnym dla nielicznych, zakazanym przez zapis cenzuralny \u2013 a teraz trafia pod strzechy. Samo wprowadzenie \u201eInnego \u015awiata\u201d na list\u0119 lektur nie wystarcza\u0142o, dziesi\u0119\u0107 lat temu Herling zdawa\u0142 si\u0119 pisarzem m\u00f3wi\u0105cym o rzeczach minionych, historycznych, b\u0105d\u017a zbyt wyrafinowanym, intelektualnym \u2013 ale spotkania z czytelnikami pokazuj\u0105, \u017ce zaczyna si\u0119 nowy etap zainteresowania Herlingiem \u2013 jako my\u015blicielem, kt\u00f3ry ma czytelnikom do powiedzenia rzeczy niezwyk\u0142e o wieku XX, o jego kulturze i o tym, co sta\u0142o si\u0119 z cz\u0142owiekiem.<\/em>&nbsp;Dzi\u0119ki tego rodzaju inicjatywom jak konferencje, publikacje, wznowienia, spotkania tw\u00f3rczo\u015b\u0107 pisarza zostaje upami\u0119tniona, ale naprawd\u0119 spe\u0142niaj\u0105 one swoj\u0105 rol\u0119, je\u015bli dzi\u0119ki nim tw\u00f3rczo\u015b\u0107 pisarza przyci\u0105ga do siebie m\u0142odych ludzi. Buduje most mi\u0119dzy pokoleniami. Jak zaznacza\u0142 profesor Bolecki, wydarzenia zorganizowane w ramach setnego jubileuszu urodzin pisarza podsumowuj\u0105 stan wiedzy o dorobku pisarza, ale tym samym przekazuj\u0105 pewne dobro nast\u0119pnym pokoleniom.<\/p>\n\n\n\n<figure class=\"wp-block-image\"><img decoding=\"async\" src=\"https:\/\/pans.krosno.pl\/dsdt\/wp-content\/uploads\/sites\/27\/2021\/03\/screen4-1024x646.png\" alt=\"\" class=\"wp-image-532\" \/><\/figure>\n\n\n\n<p>Zach\u0119cani przez prowadz\u0105cego spotkanie profesora Przebind\u0119 go\u015bcie wspominali pisarza, komentowali znaczenie jego ksi\u0105\u017cek dla dzisiejszych czytelnik\u00f3w, omawiali w \u017cyczliwej dyskusji sensy aktualne w wieku dwudziestym pierwszym.<\/p>\n\n\n\n<figure class=\"wp-block-image\"><img decoding=\"async\" src=\"https:\/\/pans.krosno.pl\/dsdt\/wp-content\/uploads\/sites\/27\/2021\/03\/gp-1-1-1024x768.jpg\" alt=\"\" class=\"wp-image-514\" \/><\/figure>\n\n\n\n<p>Rozpoczynaj\u0105c t\u0105 cz\u0119\u015b\u0107 spotkania, inicjator konferencji profesor Grzegorz Przebinda wspomnia\u0142 sw\u00f3j m\u0142odzie\u0144czy list, kt\u00f3ry wys\u0142a\u0142 do Herlinga-Grudzi\u0144skiego z Pary\u017ca. Jak podkre\u015bli\u0142, dzi\u0119ki doskonale prowadzonemu archiwum pisarza, a tak\u017ce &nbsp;przychylno\u015bci pani Marty Herling dla bada\u0144 nad spu\u015bcizn\u0105 ojca uda\u0142o si\u0119 go odszuka\u0107 i we fragmentach zademonstrowa\u0107 uczestnikom spotkania.<\/p>\n\n\n\n<p>O badaniach archiw\u00f3w wspomnia\u0142 tak\u017ce profesor Janusz Grucha\u0142a, kt\u00f3rego dociekania zaowocowa\u0142y publikacj\u0105 nieznanego dot\u0105d naukowej spo\u0142eczno\u015bci epizodu z wydawniczej dzia\u0142alno\u015bci Grudzi\u0144skiego.<\/p>\n\n\n\n<p>G\u0142os jednego z rosyjskich uczestnik\u00f3w konferencji, profesora Leonida Malcewa, podkre\u015bli\u0142 wielk\u0105 potrzeb\u0119 przygotowania kompletnej biografii autora&nbsp;<em>Innego \u015awiata\u00b8<\/em>&nbsp;a&nbsp; studia zawarte w &nbsp;kro\u015bnie\u0144skiej publikacji niew\u0105tpliwe b\u0119d\u0105 mog\u0142y takie badania wzmocni\u0107.<\/p>\n\n\n\n<p>Podsumowuj\u0105ca pe\u0142ne ciep\u0142a spotkanie,&nbsp;Marta Herling, serdecznie podzi\u0119kowa\u0142a organizatorom i uczestnikom konferencji za wk\u0142ad w podtrzymanie pami\u0119ci i badania nad tw\u00f3rczo\u015bci\u0105 ojca. &nbsp;<\/p>\n\n\n\n<p>Redaktorzy i wydawcy tomu, z Franciszkiem Tereszkiewiczem, kanclerzem Karpackiej Pa\u0144stwowej Uczelni w Kro\u015bnie na czele, serdecznie dzi\u0119kuj\u0105 za udzia\u0142 w spotkaniu wszystkim zgromadzonym go\u015bciom, w szczeg\u00f3lno\u015bci rektorowi Uniwersytetu Pedagogicznego w Krakowie profesorowi Piotrowi Borkowi, dziekanowi Wydzia\u0142u Filologicznego Uniwersytetu Jagiello\u0144skiego profesorowi W\u0142adys\u0142awowi Witaliszowi, paniom profesor Katarzynie Jastrz\u0119bskiej, Renacie Przybylskiej i Halinie Waszkielewicz z Uniwersytetu Jagiello\u0144skiego, profesorom Dariuszowi Rottowi z Uniwersytetu \u015al\u0105skiego i Stanis\u0142awowi Koziarze z Uniwersytetu Pedagogicznego w Krakowie oraz dyrektorowi Instytutu Polskiego w Rzymie \u0141ukaszowi Paprotnemu.<\/p>\n\n\n\n<p><br>Na naszym spotkaniu, mimo niesprzyjaj\u0105cego czasu pandemii obecni byli tak\u017ce Autorzy, kt\u00f3rych teksty sk\u0142adaj\u0105 si\u0119 na III tom kro\u015bnie\u0144skiej serii Bibliotheca Pigoniana: obok W\u0142odzimierza Boleckiego, Janusza Grucha\u0142y i Leonida Malcewa go\u015bcili\u015bmy na \u0142\u0105czach Iren\u0119 Furnal, Izabell\u0119 Sariusz-Sk\u0105psk\u0105, Domenico Scarp\u0119 wraz t\u0142umaczk\u0105 jego tekstu na j\u0119zyk polski z w\u0142oskiego Barbar\u0105 Sosnowsk\u0105, Romana Sosnowskiego, Tadeusza Sucharskiego oraz Feliksa Tomaszewskiego.<\/p>\n\n\n\n<p>Ksi\u0105\u017cka\u00a0<em>Gustaw Herling-Grudzi\u0144ski. Mi\u0119dzy Wschodem i Zachodem<\/em>\u00a0jest dost\u0119pna do nabycia poprzez stron\u0119 internetow\u0105<a href=\"https:\/\/pans.krosno.pl\/wydawnictwo-naukowe-pigonianum\/nauki-humanistyczne\/\">\u00a0Wydawnictwa Humanistycznego Pigonianum<\/a>.<\/p>\n\n\n\n<p>Opracowali: Wojciech Grucha\u0142a, Bartosz Go\u0142\u0105bek <\/p>\n\n\n\n<figure class=\"wp-block-embed is-type-video is-provider-youtube wp-block-embed-youtube wp-embed-aspect-16-9 wp-has-aspect-ratio\"><div class=\"wp-block-embed__wrapper\">\n<iframe loading=\"lazy\" title=\"Gustaw Herling Grudzi\u0144ski. Mi\u0119dzy Wschodem a Zachodem \u2013 25 III 2021\" width=\"740\" height=\"416\" src=\"https:\/\/www.youtube.com\/embed\/K9XmxgPTSi4?feature=oembed\" frameborder=\"0\" allow=\"accelerometer; autoplay; clipboard-write; encrypted-media; gyroscope; picture-in-picture; web-share\" referrerpolicy=\"strict-origin-when-cross-origin\" allowfullscreen><\/iframe>\n<\/div><\/figure>\n","protected":false},"excerpt":{"rendered":"<p>Wydawnictwo Karpackiej Pa\u0144stwowej Uczelni w Kro\u015bnie odda\u0142o do r\u0105k czytelnik\u00f3w kolejny tom serii wydawniczej Bibliotheca Pigoniana, tom po\u015bwi\u0119cony dorobkowi autora&nbsp;Innego \u015awiata. Ukazanie si\u0119 tej ksi\u0105\u017cki uczcili\u015bmy&nbsp;25 marca 2021 roku&nbsp;wraz z autorami zamieszczonych w nim studi\u00f3w oraz przyjaci\u00f3\u0142mi tw\u00f3rczo\u015bci wielkiego pisarza . Konferencja na platformie ZOOM odby\u0142a si\u0119 w ramach literackich [\u2026] <\/p>\n<div class=\"clear\"><\/div>\n<p><a class=\"more_link clearfix\" href=\"https:\/\/pans.krosno.pl\/instytut-humanistyczny\/most-spotkanie-wokol-ksiazki-gustaw-herling-grudzinski-miedzy-wschodem-a-zachodem\/\" rel=\"nofollow\">Read More<\/a><\/p>\n","protected":false},"author":57,"featured_media":875,"comment_status":"open","ping_status":"open","sticky":false,"template":"","format":"standard","meta":{"ngg_post_thumbnail":0,"footnotes":""},"categories":[3,1],"tags":[],"class_list":["post-913","post","type-post","status-publish","format-standard","has-post-thumbnail","hentry","category-aktualnosci","category-bez-kategorii"],"yoast_head":"<!-- This site is optimized with the Yoast SEO Premium plugin v27.4 (Yoast SEO v27.4) - https:\/\/yoast.com\/product\/yoast-seo-premium-wordpress\/ -->\n<title>Most. Spotkanie wok\u00f3\u0142 ksi\u0105\u017cki Gustaw Herling-Grudzi\u0144ski. Mi\u0119dzy Wschodem a Zachodem. - Instytut Humanistyczny PANS w Kro\u015bnie<\/title>\n<meta name=\"robots\" content=\"index, follow, max-snippet:-1, max-image-preview:large, max-video-preview:-1\" \/>\n<link rel=\"canonical\" href=\"https:\/\/pans.krosno.pl\/instytut-humanistyczny\/most-spotkanie-wokol-ksiazki-gustaw-herling-grudzinski-miedzy-wschodem-a-zachodem\/\" \/>\n<meta property=\"og:locale\" content=\"pl_PL\" \/>\n<meta property=\"og:type\" content=\"article\" \/>\n<meta property=\"og:title\" content=\"Most. Spotkanie wok\u00f3\u0142 ksi\u0105\u017cki Gustaw Herling-Grudzi\u0144ski. Mi\u0119dzy Wschodem a Zachodem.\" \/>\n<meta property=\"og:description\" content=\"Wydawnictwo Karpackiej Pa\u0144stwowej Uczelni w Kro\u015bnie odda\u0142o do r\u0105k czytelnik\u00f3w kolejny tom serii wydawniczej Bibliotheca Pigoniana, tom po\u015bwi\u0119cony dorobkowi autora&nbsp;Innego \u015awiata. Ukazanie si\u0119 tej ksi\u0105\u017cki uczcili\u015bmy&nbsp;25 marca 2021 roku&nbsp;wraz z autorami zamieszczonych w nim studi\u00f3w oraz przyjaci\u00f3\u0142mi tw\u00f3rczo\u015bci wielkiego pisarza . Konferencja na platformie ZOOM odby\u0142a si\u0119 w ramach literackich [\u2026] Read More\" \/>\n<meta property=\"og:url\" content=\"https:\/\/pans.krosno.pl\/instytut-humanistyczny\/most-spotkanie-wokol-ksiazki-gustaw-herling-grudzinski-miedzy-wschodem-a-zachodem\/\" \/>\n<meta property=\"og:site_name\" content=\"Instytut Humanistyczny PANS w Kro\u015bnie\" \/>\n<meta property=\"article:published_time\" content=\"2021-03-31T09:59:14+00:00\" \/>\n<meta property=\"article:modified_time\" content=\"2025-07-02T10:59:19+00:00\" \/>\n<meta property=\"og:image\" content=\"https:\/\/pans.krosno.pl\/instytut-humanistyczny\/wp-content\/uploads\/sites\/9\/2021\/02\/okladka-Herling-miedzy-Wschodem-a-Zachodem-1-page-001mala.jpg\" \/>\n\t<meta property=\"og:image:width\" content=\"200\" \/>\n\t<meta property=\"og:image:height\" content=\"276\" \/>\n\t<meta property=\"og:image:type\" content=\"image\/jpeg\" \/>\n<meta name=\"author\" content=\"Bartosz Go\u0142\u0105bek\" \/>\n<meta name=\"twitter:card\" content=\"summary_large_image\" \/>\n<meta name=\"twitter:label1\" content=\"Napisane przez\" \/>\n\t<meta name=\"twitter:data1\" content=\"Bartosz Go\u0142\u0105bek\" \/>\n\t<meta name=\"twitter:label2\" content=\"Szacowany czas czytania\" \/>\n\t<meta name=\"twitter:data2\" content=\"7 minut\" \/>\n<script type=\"application\/ld+json\" class=\"yoast-schema-graph\">{\"@context\":\"https:\\\/\\\/schema.org\",\"@graph\":[{\"@type\":\"Article\",\"@id\":\"https:\\\/\\\/pans.krosno.pl\\\/instytut-humanistyczny\\\/most-spotkanie-wokol-ksiazki-gustaw-herling-grudzinski-miedzy-wschodem-a-zachodem\\\/#article\",\"isPartOf\":{\"@id\":\"https:\\\/\\\/pans.krosno.pl\\\/instytut-humanistyczny\\\/most-spotkanie-wokol-ksiazki-gustaw-herling-grudzinski-miedzy-wschodem-a-zachodem\\\/\"},\"author\":{\"name\":\"Bartosz Go\u0142\u0105bek\",\"@id\":\"https:\\\/\\\/pans.krosno.pl\\\/instytut-humanistyczny\\\/#\\\/schema\\\/person\\\/cb70195a5aeabe88d51256d821faa2d9\"},\"headline\":\"Most. Spotkanie wok\u00f3\u0142 ksi\u0105\u017cki Gustaw Herling-Grudzi\u0144ski. Mi\u0119dzy Wschodem a Zachodem.\",\"datePublished\":\"2021-03-31T09:59:14+00:00\",\"dateModified\":\"2025-07-02T10:59:19+00:00\",\"mainEntityOfPage\":{\"@id\":\"https:\\\/\\\/pans.krosno.pl\\\/instytut-humanistyczny\\\/most-spotkanie-wokol-ksiazki-gustaw-herling-grudzinski-miedzy-wschodem-a-zachodem\\\/\"},\"wordCount\":1194,\"commentCount\":0,\"publisher\":{\"@id\":\"https:\\\/\\\/pans.krosno.pl\\\/instytut-humanistyczny\\\/#organization\"},\"image\":{\"@id\":\"https:\\\/\\\/pans.krosno.pl\\\/instytut-humanistyczny\\\/most-spotkanie-wokol-ksiazki-gustaw-herling-grudzinski-miedzy-wschodem-a-zachodem\\\/#primaryimage\"},\"thumbnailUrl\":\"https:\\\/\\\/pans.krosno.pl\\\/instytut-humanistyczny\\\/wp-content\\\/uploads\\\/sites\\\/9\\\/2021\\\/02\\\/okladka-Herling-miedzy-Wschodem-a-Zachodem-1-page-001mala.jpg\",\"articleSection\":[\"Aktualno\u015bci\"],\"inLanguage\":\"pl-PL\",\"potentialAction\":[{\"@type\":\"CommentAction\",\"name\":\"Comment\",\"target\":[\"https:\\\/\\\/pans.krosno.pl\\\/instytut-humanistyczny\\\/most-spotkanie-wokol-ksiazki-gustaw-herling-grudzinski-miedzy-wschodem-a-zachodem\\\/#respond\"]}]},{\"@type\":\"WebPage\",\"@id\":\"https:\\\/\\\/pans.krosno.pl\\\/instytut-humanistyczny\\\/most-spotkanie-wokol-ksiazki-gustaw-herling-grudzinski-miedzy-wschodem-a-zachodem\\\/\",\"url\":\"https:\\\/\\\/pans.krosno.pl\\\/instytut-humanistyczny\\\/most-spotkanie-wokol-ksiazki-gustaw-herling-grudzinski-miedzy-wschodem-a-zachodem\\\/\",\"name\":\"Most. Spotkanie wok\u00f3\u0142 ksi\u0105\u017cki Gustaw Herling-Grudzi\u0144ski. Mi\u0119dzy Wschodem a Zachodem. - Instytut Humanistyczny PANS w Kro\u015bnie\",\"isPartOf\":{\"@id\":\"https:\\\/\\\/pans.krosno.pl\\\/instytut-humanistyczny\\\/#website\"},\"primaryImageOfPage\":{\"@id\":\"https:\\\/\\\/pans.krosno.pl\\\/instytut-humanistyczny\\\/most-spotkanie-wokol-ksiazki-gustaw-herling-grudzinski-miedzy-wschodem-a-zachodem\\\/#primaryimage\"},\"image\":{\"@id\":\"https:\\\/\\\/pans.krosno.pl\\\/instytut-humanistyczny\\\/most-spotkanie-wokol-ksiazki-gustaw-herling-grudzinski-miedzy-wschodem-a-zachodem\\\/#primaryimage\"},\"thumbnailUrl\":\"https:\\\/\\\/pans.krosno.pl\\\/instytut-humanistyczny\\\/wp-content\\\/uploads\\\/sites\\\/9\\\/2021\\\/02\\\/okladka-Herling-miedzy-Wschodem-a-Zachodem-1-page-001mala.jpg\",\"datePublished\":\"2021-03-31T09:59:14+00:00\",\"dateModified\":\"2025-07-02T10:59:19+00:00\",\"breadcrumb\":{\"@id\":\"https:\\\/\\\/pans.krosno.pl\\\/instytut-humanistyczny\\\/most-spotkanie-wokol-ksiazki-gustaw-herling-grudzinski-miedzy-wschodem-a-zachodem\\\/#breadcrumb\"},\"inLanguage\":\"pl-PL\",\"potentialAction\":[{\"@type\":\"ReadAction\",\"target\":[\"https:\\\/\\\/pans.krosno.pl\\\/instytut-humanistyczny\\\/most-spotkanie-wokol-ksiazki-gustaw-herling-grudzinski-miedzy-wschodem-a-zachodem\\\/\"]}]},{\"@type\":\"ImageObject\",\"inLanguage\":\"pl-PL\",\"@id\":\"https:\\\/\\\/pans.krosno.pl\\\/instytut-humanistyczny\\\/most-spotkanie-wokol-ksiazki-gustaw-herling-grudzinski-miedzy-wschodem-a-zachodem\\\/#primaryimage\",\"url\":\"https:\\\/\\\/pans.krosno.pl\\\/instytut-humanistyczny\\\/wp-content\\\/uploads\\\/sites\\\/9\\\/2021\\\/02\\\/okladka-Herling-miedzy-Wschodem-a-Zachodem-1-page-001mala.jpg\",\"contentUrl\":\"https:\\\/\\\/pans.krosno.pl\\\/instytut-humanistyczny\\\/wp-content\\\/uploads\\\/sites\\\/9\\\/2021\\\/02\\\/okladka-Herling-miedzy-Wschodem-a-Zachodem-1-page-001mala.jpg\",\"width\":200,\"height\":276},{\"@type\":\"BreadcrumbList\",\"@id\":\"https:\\\/\\\/pans.krosno.pl\\\/instytut-humanistyczny\\\/most-spotkanie-wokol-ksiazki-gustaw-herling-grudzinski-miedzy-wschodem-a-zachodem\\\/#breadcrumb\",\"itemListElement\":[{\"@type\":\"ListItem\",\"position\":1,\"name\":\"Strona g\u0142\u00f3wna\",\"item\":\"https:\\\/\\\/pans.krosno.pl\\\/instytut-humanistyczny\\\/\"},{\"@type\":\"ListItem\",\"position\":2,\"name\":\"Most. Spotkanie wok\u00f3\u0142 ksi\u0105\u017cki Gustaw Herling-Grudzi\u0144ski. Mi\u0119dzy Wschodem a Zachodem.\"}]},{\"@type\":\"WebSite\",\"@id\":\"https:\\\/\\\/pans.krosno.pl\\\/instytut-humanistyczny\\\/#website\",\"url\":\"https:\\\/\\\/pans.krosno.pl\\\/instytut-humanistyczny\\\/\",\"name\":\"Instytut Humanistyczny PANS w Kro\u015bnie\",\"description\":\"Instytut Humanistyczny - Pa\u0144stwowa Akademia Nauk Stosowanych\",\"publisher\":{\"@id\":\"https:\\\/\\\/pans.krosno.pl\\\/instytut-humanistyczny\\\/#organization\"},\"potentialAction\":[{\"@type\":\"SearchAction\",\"target\":{\"@type\":\"EntryPoint\",\"urlTemplate\":\"https:\\\/\\\/pans.krosno.pl\\\/instytut-humanistyczny\\\/?s={search_term_string}\"},\"query-input\":{\"@type\":\"PropertyValueSpecification\",\"valueRequired\":true,\"valueName\":\"search_term_string\"}}],\"inLanguage\":\"pl-PL\"},{\"@type\":\"Organization\",\"@id\":\"https:\\\/\\\/pans.krosno.pl\\\/instytut-humanistyczny\\\/#organization\",\"name\":\"Instytut Humanistyczny PANS w Kro\u015bnie\",\"url\":\"https:\\\/\\\/pans.krosno.pl\\\/instytut-humanistyczny\\\/\",\"logo\":{\"@type\":\"ImageObject\",\"inLanguage\":\"pl-PL\",\"@id\":\"https:\\\/\\\/pans.krosno.pl\\\/instytut-humanistyczny\\\/#\\\/schema\\\/logo\\\/image\\\/\",\"url\":\"https:\\\/\\\/pans.krosno.pl\\\/instytut-humanistyczny\\\/wp-content\\\/uploads\\\/sites\\\/9\\\/2023\\\/01\\\/Logo-PANS-2022-pelne.png\",\"contentUrl\":\"https:\\\/\\\/pans.krosno.pl\\\/instytut-humanistyczny\\\/wp-content\\\/uploads\\\/sites\\\/9\\\/2023\\\/01\\\/Logo-PANS-2022-pelne.png\",\"width\":3096,\"height\":696,\"caption\":\"Instytut Humanistyczny PANS w Kro\u015bnie\"},\"image\":{\"@id\":\"https:\\\/\\\/pans.krosno.pl\\\/instytut-humanistyczny\\\/#\\\/schema\\\/logo\\\/image\\\/\"}},{\"@type\":\"Person\",\"@id\":\"https:\\\/\\\/pans.krosno.pl\\\/instytut-humanistyczny\\\/#\\\/schema\\\/person\\\/cb70195a5aeabe88d51256d821faa2d9\",\"name\":\"Bartosz Go\u0142\u0105bek\",\"image\":{\"@type\":\"ImageObject\",\"inLanguage\":\"pl-PL\",\"@id\":\"https:\\\/\\\/secure.gravatar.com\\\/avatar\\\/ad10819676385baed8ebd4d7be0d4ba77dd5fdc0f4779d414dea3126fd3aec33?s=96&d=mm&r=g\",\"url\":\"https:\\\/\\\/secure.gravatar.com\\\/avatar\\\/ad10819676385baed8ebd4d7be0d4ba77dd5fdc0f4779d414dea3126fd3aec33?s=96&d=mm&r=g\",\"contentUrl\":\"https:\\\/\\\/secure.gravatar.com\\\/avatar\\\/ad10819676385baed8ebd4d7be0d4ba77dd5fdc0f4779d414dea3126fd3aec33?s=96&d=mm&r=g\",\"caption\":\"Bartosz Go\u0142\u0105bek\"},\"description\":\"dr Bartosz Go\u0142\u0105bek Dyrektor Instytutu Humanistycznego Karpacka Pa\u0144stwowa Uczelnia w Kro\u015bnie (dawniej PWSZ)\",\"url\":\"https:\\\/\\\/pans.krosno.pl\\\/instytut-humanistyczny\\\/author\\\/bartoszgolabek\\\/\"}]}<\/script>\n<!-- \/ Yoast SEO Premium plugin. -->","yoast_head_json":{"title":"Most. Spotkanie wok\u00f3\u0142 ksi\u0105\u017cki Gustaw Herling-Grudzi\u0144ski. Mi\u0119dzy Wschodem a Zachodem. - Instytut Humanistyczny PANS w Kro\u015bnie","robots":{"index":"index","follow":"follow","max-snippet":"max-snippet:-1","max-image-preview":"max-image-preview:large","max-video-preview":"max-video-preview:-1"},"canonical":"https:\/\/pans.krosno.pl\/instytut-humanistyczny\/most-spotkanie-wokol-ksiazki-gustaw-herling-grudzinski-miedzy-wschodem-a-zachodem\/","og_locale":"pl_PL","og_type":"article","og_title":"Most. Spotkanie wok\u00f3\u0142 ksi\u0105\u017cki Gustaw Herling-Grudzi\u0144ski. Mi\u0119dzy Wschodem a Zachodem.","og_description":"Wydawnictwo Karpackiej Pa\u0144stwowej Uczelni w Kro\u015bnie odda\u0142o do r\u0105k czytelnik\u00f3w kolejny tom serii wydawniczej Bibliotheca Pigoniana, tom po\u015bwi\u0119cony dorobkowi autora&nbsp;Innego \u015awiata. Ukazanie si\u0119 tej ksi\u0105\u017cki uczcili\u015bmy&nbsp;25 marca 2021 roku&nbsp;wraz z autorami zamieszczonych w nim studi\u00f3w oraz przyjaci\u00f3\u0142mi tw\u00f3rczo\u015bci wielkiego pisarza . Konferencja na platformie ZOOM odby\u0142a si\u0119 w ramach literackich [\u2026] Read More","og_url":"https:\/\/pans.krosno.pl\/instytut-humanistyczny\/most-spotkanie-wokol-ksiazki-gustaw-herling-grudzinski-miedzy-wschodem-a-zachodem\/","og_site_name":"Instytut Humanistyczny PANS w Kro\u015bnie","article_published_time":"2021-03-31T09:59:14+00:00","article_modified_time":"2025-07-02T10:59:19+00:00","og_image":[{"width":200,"height":276,"url":"https:\/\/pans.krosno.pl\/instytut-humanistyczny\/wp-content\/uploads\/sites\/9\/2021\/02\/okladka-Herling-miedzy-Wschodem-a-Zachodem-1-page-001mala.jpg","type":"image\/jpeg"}],"author":"Bartosz Go\u0142\u0105bek","twitter_card":"summary_large_image","twitter_misc":{"Napisane przez":"Bartosz Go\u0142\u0105bek","Szacowany czas czytania":"7 minut"},"schema":{"@context":"https:\/\/schema.org","@graph":[{"@type":"Article","@id":"https:\/\/pans.krosno.pl\/instytut-humanistyczny\/most-spotkanie-wokol-ksiazki-gustaw-herling-grudzinski-miedzy-wschodem-a-zachodem\/#article","isPartOf":{"@id":"https:\/\/pans.krosno.pl\/instytut-humanistyczny\/most-spotkanie-wokol-ksiazki-gustaw-herling-grudzinski-miedzy-wschodem-a-zachodem\/"},"author":{"name":"Bartosz Go\u0142\u0105bek","@id":"https:\/\/pans.krosno.pl\/instytut-humanistyczny\/#\/schema\/person\/cb70195a5aeabe88d51256d821faa2d9"},"headline":"Most. Spotkanie wok\u00f3\u0142 ksi\u0105\u017cki Gustaw Herling-Grudzi\u0144ski. Mi\u0119dzy Wschodem a Zachodem.","datePublished":"2021-03-31T09:59:14+00:00","dateModified":"2025-07-02T10:59:19+00:00","mainEntityOfPage":{"@id":"https:\/\/pans.krosno.pl\/instytut-humanistyczny\/most-spotkanie-wokol-ksiazki-gustaw-herling-grudzinski-miedzy-wschodem-a-zachodem\/"},"wordCount":1194,"commentCount":0,"publisher":{"@id":"https:\/\/pans.krosno.pl\/instytut-humanistyczny\/#organization"},"image":{"@id":"https:\/\/pans.krosno.pl\/instytut-humanistyczny\/most-spotkanie-wokol-ksiazki-gustaw-herling-grudzinski-miedzy-wschodem-a-zachodem\/#primaryimage"},"thumbnailUrl":"https:\/\/pans.krosno.pl\/instytut-humanistyczny\/wp-content\/uploads\/sites\/9\/2021\/02\/okladka-Herling-miedzy-Wschodem-a-Zachodem-1-page-001mala.jpg","articleSection":["Aktualno\u015bci"],"inLanguage":"pl-PL","potentialAction":[{"@type":"CommentAction","name":"Comment","target":["https:\/\/pans.krosno.pl\/instytut-humanistyczny\/most-spotkanie-wokol-ksiazki-gustaw-herling-grudzinski-miedzy-wschodem-a-zachodem\/#respond"]}]},{"@type":"WebPage","@id":"https:\/\/pans.krosno.pl\/instytut-humanistyczny\/most-spotkanie-wokol-ksiazki-gustaw-herling-grudzinski-miedzy-wschodem-a-zachodem\/","url":"https:\/\/pans.krosno.pl\/instytut-humanistyczny\/most-spotkanie-wokol-ksiazki-gustaw-herling-grudzinski-miedzy-wschodem-a-zachodem\/","name":"Most. Spotkanie wok\u00f3\u0142 ksi\u0105\u017cki Gustaw Herling-Grudzi\u0144ski. Mi\u0119dzy Wschodem a Zachodem. - Instytut Humanistyczny PANS w Kro\u015bnie","isPartOf":{"@id":"https:\/\/pans.krosno.pl\/instytut-humanistyczny\/#website"},"primaryImageOfPage":{"@id":"https:\/\/pans.krosno.pl\/instytut-humanistyczny\/most-spotkanie-wokol-ksiazki-gustaw-herling-grudzinski-miedzy-wschodem-a-zachodem\/#primaryimage"},"image":{"@id":"https:\/\/pans.krosno.pl\/instytut-humanistyczny\/most-spotkanie-wokol-ksiazki-gustaw-herling-grudzinski-miedzy-wschodem-a-zachodem\/#primaryimage"},"thumbnailUrl":"https:\/\/pans.krosno.pl\/instytut-humanistyczny\/wp-content\/uploads\/sites\/9\/2021\/02\/okladka-Herling-miedzy-Wschodem-a-Zachodem-1-page-001mala.jpg","datePublished":"2021-03-31T09:59:14+00:00","dateModified":"2025-07-02T10:59:19+00:00","breadcrumb":{"@id":"https:\/\/pans.krosno.pl\/instytut-humanistyczny\/most-spotkanie-wokol-ksiazki-gustaw-herling-grudzinski-miedzy-wschodem-a-zachodem\/#breadcrumb"},"inLanguage":"pl-PL","potentialAction":[{"@type":"ReadAction","target":["https:\/\/pans.krosno.pl\/instytut-humanistyczny\/most-spotkanie-wokol-ksiazki-gustaw-herling-grudzinski-miedzy-wschodem-a-zachodem\/"]}]},{"@type":"ImageObject","inLanguage":"pl-PL","@id":"https:\/\/pans.krosno.pl\/instytut-humanistyczny\/most-spotkanie-wokol-ksiazki-gustaw-herling-grudzinski-miedzy-wschodem-a-zachodem\/#primaryimage","url":"https:\/\/pans.krosno.pl\/instytut-humanistyczny\/wp-content\/uploads\/sites\/9\/2021\/02\/okladka-Herling-miedzy-Wschodem-a-Zachodem-1-page-001mala.jpg","contentUrl":"https:\/\/pans.krosno.pl\/instytut-humanistyczny\/wp-content\/uploads\/sites\/9\/2021\/02\/okladka-Herling-miedzy-Wschodem-a-Zachodem-1-page-001mala.jpg","width":200,"height":276},{"@type":"BreadcrumbList","@id":"https:\/\/pans.krosno.pl\/instytut-humanistyczny\/most-spotkanie-wokol-ksiazki-gustaw-herling-grudzinski-miedzy-wschodem-a-zachodem\/#breadcrumb","itemListElement":[{"@type":"ListItem","position":1,"name":"Strona g\u0142\u00f3wna","item":"https:\/\/pans.krosno.pl\/instytut-humanistyczny\/"},{"@type":"ListItem","position":2,"name":"Most. Spotkanie wok\u00f3\u0142 ksi\u0105\u017cki Gustaw Herling-Grudzi\u0144ski. Mi\u0119dzy Wschodem a Zachodem."}]},{"@type":"WebSite","@id":"https:\/\/pans.krosno.pl\/instytut-humanistyczny\/#website","url":"https:\/\/pans.krosno.pl\/instytut-humanistyczny\/","name":"Instytut Humanistyczny PANS w Kro\u015bnie","description":"Instytut Humanistyczny - Pa\u0144stwowa Akademia Nauk Stosowanych","publisher":{"@id":"https:\/\/pans.krosno.pl\/instytut-humanistyczny\/#organization"},"potentialAction":[{"@type":"SearchAction","target":{"@type":"EntryPoint","urlTemplate":"https:\/\/pans.krosno.pl\/instytut-humanistyczny\/?s={search_term_string}"},"query-input":{"@type":"PropertyValueSpecification","valueRequired":true,"valueName":"search_term_string"}}],"inLanguage":"pl-PL"},{"@type":"Organization","@id":"https:\/\/pans.krosno.pl\/instytut-humanistyczny\/#organization","name":"Instytut Humanistyczny PANS w Kro\u015bnie","url":"https:\/\/pans.krosno.pl\/instytut-humanistyczny\/","logo":{"@type":"ImageObject","inLanguage":"pl-PL","@id":"https:\/\/pans.krosno.pl\/instytut-humanistyczny\/#\/schema\/logo\/image\/","url":"https:\/\/pans.krosno.pl\/instytut-humanistyczny\/wp-content\/uploads\/sites\/9\/2023\/01\/Logo-PANS-2022-pelne.png","contentUrl":"https:\/\/pans.krosno.pl\/instytut-humanistyczny\/wp-content\/uploads\/sites\/9\/2023\/01\/Logo-PANS-2022-pelne.png","width":3096,"height":696,"caption":"Instytut Humanistyczny PANS w Kro\u015bnie"},"image":{"@id":"https:\/\/pans.krosno.pl\/instytut-humanistyczny\/#\/schema\/logo\/image\/"}},{"@type":"Person","@id":"https:\/\/pans.krosno.pl\/instytut-humanistyczny\/#\/schema\/person\/cb70195a5aeabe88d51256d821faa2d9","name":"Bartosz Go\u0142\u0105bek","image":{"@type":"ImageObject","inLanguage":"pl-PL","@id":"https:\/\/secure.gravatar.com\/avatar\/ad10819676385baed8ebd4d7be0d4ba77dd5fdc0f4779d414dea3126fd3aec33?s=96&d=mm&r=g","url":"https:\/\/secure.gravatar.com\/avatar\/ad10819676385baed8ebd4d7be0d4ba77dd5fdc0f4779d414dea3126fd3aec33?s=96&d=mm&r=g","contentUrl":"https:\/\/secure.gravatar.com\/avatar\/ad10819676385baed8ebd4d7be0d4ba77dd5fdc0f4779d414dea3126fd3aec33?s=96&d=mm&r=g","caption":"Bartosz Go\u0142\u0105bek"},"description":"dr Bartosz Go\u0142\u0105bek Dyrektor Instytutu Humanistycznego Karpacka Pa\u0144stwowa Uczelnia w Kro\u015bnie (dawniej PWSZ)","url":"https:\/\/pans.krosno.pl\/instytut-humanistyczny\/author\/bartoszgolabek\/"}]}},"_links":{"self":[{"href":"https:\/\/pans.krosno.pl\/instytut-humanistyczny\/wp-json\/wp\/v2\/posts\/913","targetHints":{"allow":["GET"]}}],"collection":[{"href":"https:\/\/pans.krosno.pl\/instytut-humanistyczny\/wp-json\/wp\/v2\/posts"}],"about":[{"href":"https:\/\/pans.krosno.pl\/instytut-humanistyczny\/wp-json\/wp\/v2\/types\/post"}],"author":[{"embeddable":true,"href":"https:\/\/pans.krosno.pl\/instytut-humanistyczny\/wp-json\/wp\/v2\/users\/57"}],"replies":[{"embeddable":true,"href":"https:\/\/pans.krosno.pl\/instytut-humanistyczny\/wp-json\/wp\/v2\/comments?post=913"}],"version-history":[{"count":3,"href":"https:\/\/pans.krosno.pl\/instytut-humanistyczny\/wp-json\/wp\/v2\/posts\/913\/revisions"}],"predecessor-version":[{"id":1835,"href":"https:\/\/pans.krosno.pl\/instytut-humanistyczny\/wp-json\/wp\/v2\/posts\/913\/revisions\/1835"}],"wp:featuredmedia":[{"embeddable":true,"href":"https:\/\/pans.krosno.pl\/instytut-humanistyczny\/wp-json\/wp\/v2\/media\/875"}],"wp:attachment":[{"href":"https:\/\/pans.krosno.pl\/instytut-humanistyczny\/wp-json\/wp\/v2\/media?parent=913"}],"wp:term":[{"taxonomy":"category","embeddable":true,"href":"https:\/\/pans.krosno.pl\/instytut-humanistyczny\/wp-json\/wp\/v2\/categories?post=913"},{"taxonomy":"post_tag","embeddable":true,"href":"https:\/\/pans.krosno.pl\/instytut-humanistyczny\/wp-json\/wp\/v2\/tags?post=913"}],"curies":[{"name":"wp","href":"https:\/\/api.w.org\/{rel}","templated":true}]}}