{"id":907,"date":"2021-03-28T21:06:50","date_gmt":"2021-03-28T19:06:50","guid":{"rendered":"https:\/\/pans.krosno.pl\/instytut-humanistyczny\/?p=907"},"modified":"2021-03-28T21:07:08","modified_gmt":"2021-03-28T19:07:08","slug":"wirtualne-dni-otwarte","status":"publish","type":"post","link":"https:\/\/pans.krosno.pl\/instytut-humanistyczny\/wirtualne-dni-otwarte\/","title":{"rendered":"Wirtualne Dni Otwarte KPU w Kro\u015bnie"},"content":{"rendered":"\n<p>Karpacka Pa\u0144stwowa Uczenia w Kro\u015bnie zaprasza uczni\u00f3w i&nbsp;nauczycieli szk\u00f3\u0142 ponadpodstawowych na Wirtualne Dni Otwarte, kt\u00f3re odb\u0119d\u0105 si\u0119 w dniach 29-31 marca 2021 roku.<\/p>\n\n\n\n<p>Ju\u017c od 29 marca od godziny 8.30 czeka\u0107 na Was b\u0119d\u0105 studenci, absolwenci oraz przedstawiciele poszczeg\u00f3lnych kierunk\u00f3w Karpackiej Pa\u0144stwowej Uczelni w Kro\u015bnie. Specjalnie dla Was przygotowali\u015bmy prezentacje, wyk\u0142ady i&nbsp;pokazy, dzi\u0119ki kt\u00f3rym b\u0119dziecie mogli bli\u017cej pozna\u0107 Uczelni\u0119.<\/p>\n\n\n\n<p>Tegoroczna edycja Dni Otwartych odb\u0119dzie si\u0119 w przestrzeni wirtualnej za po\u015brednictwem platformy ZOOM.<\/p>\n\n\n\n<p>Przedsi\u0119wzi\u0119cie adresowane jest do uczni\u00f3w szk\u00f3\u0142 ponadpodstawowych, a w szczeg\u00f3lno\u015bci uczni\u00f3w klas maturalnych stoj\u0105cych przed wyborem dalszej \u015bcie\u017cki kszta\u0142cenia, w tym wyrobu kierunku studi\u00f3w.<\/p>\n\n\n\n<p><strong>Szczeg\u00f3\u0142owe informacje dotycz\u0105ce Wirtualnych Dni Otwartych w Karpackiej Pa\u0144stwowej Uczelni w Kro\u015bnie dost\u0119pne s\u0105 na stronie uczelni:<\/strong>&nbsp;<br><a href=\"https:\/\/pans.krosno.pl\/dni-otwarte\/\" target=\"_blank\" rel=\"noreferrer noopener\"><strong>https:\/\/pans.krosno.pl\/dni-otwarte\/<\/strong><\/a><\/p>\n\n\n\n<p><strong>Rejestracja&nbsp; elektroniczna<\/strong>&nbsp;na Wirtualne Dni Otwarte:&nbsp;<br><a href=\"https:\/\/pans.krosno.pl\/dni-otwarte\/rejestracja-on-line\/\" target=\"_blank\" rel=\"noreferrer noopener\"><strong>https:\/\/pans.krosno.pl\/dni-otwarte\/rejestracja-on-line\/<\/strong><\/a><\/p>\n\n\n\n<p>W ramach organizowanego wydarzenia zapraszamy uczni\u00f3w&nbsp;<strong>do wzi\u0119cia udzia\u0142u w konkursie na najlepszego mema \u201eJa \u2013 jeden dzie\u0144 przed matur\u0105\u201d<\/strong>:&nbsp;<br><a href=\"https:\/\/pans.krosno.pl\/dni-otwarte\/konkurs-na-mema\/\" target=\"_blank\" rel=\"noreferrer noopener\"><strong>https:\/\/pans.krosno.pl\/dni-otwarte\/konkurs-na-mema\/<\/strong><\/a><\/p>\n\n\n\n<p><strong>Harmonogram Wirtualnych Dni Otwartych<\/strong>:\u00a0<br><a href=\"https:\/\/pans.krosno.pl\/dni-otwarte\/program-dni-otwartych\/\" target=\"_blank\" rel=\"noreferrer noopener\"><strong>https:\/\/pans.krosno.pl\/dni-otwarte\/program-dni-otwartych\/<\/strong><\/a><\/p>\n\n\n\n<figure class=\"wp-block-image\"><img decoding=\"async\" src=\"https:\/\/pans.krosno.pl\/wp-content\/uploads\/2021\/03\/Plakat-dni-otwarte_4-1-772x1024.jpg\" alt=\"\" \/><\/figure>\n","protected":false},"excerpt":{"rendered":"<p>Karpacka Pa\u0144stwowa Uczenia w Kro\u015bnie zaprasza uczni\u00f3w i&nbsp;nauczycieli szk\u00f3\u0142 ponadpodstawowych na Wirtualne Dni Otwarte, kt\u00f3re odb\u0119d\u0105 si\u0119 w dniach 29-31 marca 2021 roku. Ju\u017c od 29 marca od godziny 8.30 czeka\u0107 na Was b\u0119d\u0105 studenci, absolwenci oraz przedstawiciele poszczeg\u00f3lnych kierunk\u00f3w Karpackiej Pa\u0144stwowej Uczelni w Kro\u015bnie. Specjalnie dla Was przygotowali\u015bmy prezentacje, [\u2026] <\/p>\n<div class=\"clear\"><\/div>\n<p><a class=\"more_link clearfix\" href=\"https:\/\/pans.krosno.pl\/instytut-humanistyczny\/wirtualne-dni-otwarte\/\" rel=\"nofollow\">Read More<\/a><\/p>\n","protected":false},"author":57,"featured_media":908,"comment_status":"open","ping_status":"open","sticky":false,"template":"","format":"standard","meta":{"ngg_post_thumbnail":0,"footnotes":""},"categories":[1],"tags":[],"class_list":["post-907","post","type-post","status-publish","format-standard","has-post-thumbnail","hentry","category-bez-kategorii"],"yoast_head":"<!-- This site is optimized with the Yoast SEO Premium plugin v27.4 (Yoast SEO v27.4) - https:\/\/yoast.com\/product\/yoast-seo-premium-wordpress\/ -->\n<title>Wirtualne Dni Otwarte KPU w Kro\u015bnie - Instytut Humanistyczny PANS w Kro\u015bnie<\/title>\n<meta name=\"robots\" content=\"index, follow, max-snippet:-1, max-image-preview:large, max-video-preview:-1\" \/>\n<link rel=\"canonical\" href=\"https:\/\/pans.krosno.pl\/instytut-humanistyczny\/wirtualne-dni-otwarte\/\" \/>\n<meta property=\"og:locale\" content=\"pl_PL\" \/>\n<meta property=\"og:type\" content=\"article\" \/>\n<meta property=\"og:title\" content=\"Wirtualne Dni Otwarte KPU w Kro\u015bnie\" \/>\n<meta property=\"og:description\" content=\"Karpacka Pa\u0144stwowa Uczenia w Kro\u015bnie zaprasza uczni\u00f3w i&nbsp;nauczycieli szk\u00f3\u0142 ponadpodstawowych na Wirtualne Dni Otwarte, kt\u00f3re odb\u0119d\u0105 si\u0119 w dniach 29-31 marca 2021 roku. Ju\u017c od 29 marca od godziny 8.30 czeka\u0107 na Was b\u0119d\u0105 studenci, absolwenci oraz przedstawiciele poszczeg\u00f3lnych kierunk\u00f3w Karpackiej Pa\u0144stwowej Uczelni w Kro\u015bnie. Specjalnie dla Was przygotowali\u015bmy prezentacje, [\u2026] Read More\" \/>\n<meta property=\"og:url\" content=\"https:\/\/pans.krosno.pl\/instytut-humanistyczny\/wirtualne-dni-otwarte\/\" \/>\n<meta property=\"og:site_name\" content=\"Instytut Humanistyczny PANS w Kro\u015bnie\" \/>\n<meta property=\"article:published_time\" content=\"2021-03-28T19:06:50+00:00\" \/>\n<meta property=\"article:modified_time\" content=\"2021-03-28T19:07:08+00:00\" \/>\n<meta property=\"og:image\" content=\"https:\/\/pans.krosno.pl\/wp-content\/uploads\/sites\/9\/2021\/03\/1-768x397-1.png\" \/>\n\t<meta property=\"og:image:width\" content=\"768\" \/>\n\t<meta property=\"og:image:height\" content=\"397\" \/>\n\t<meta property=\"og:image:type\" content=\"image\/png\" \/>\n<meta name=\"author\" content=\"Bartosz Go\u0142\u0105bek\" \/>\n<meta name=\"twitter:card\" content=\"summary_large_image\" \/>\n<meta name=\"twitter:label1\" content=\"Napisane przez\" \/>\n\t<meta name=\"twitter:data1\" content=\"Bartosz Go\u0142\u0105bek\" \/>\n\t<meta name=\"twitter:label2\" content=\"Szacowany czas czytania\" \/>\n\t<meta name=\"twitter:data2\" content=\"1 minuta\" \/>\n<script type=\"application\/ld+json\" class=\"yoast-schema-graph\">{\"@context\":\"https:\\\/\\\/schema.org\",\"@graph\":[{\"@type\":\"Article\",\"@id\":\"https:\\\/\\\/pans.krosno.pl\\\/instytut-humanistyczny\\\/wirtualne-dni-otwarte\\\/#article\",\"isPartOf\":{\"@id\":\"https:\\\/\\\/pans.krosno.pl\\\/instytut-humanistyczny\\\/wirtualne-dni-otwarte\\\/\"},\"author\":{\"name\":\"Bartosz Go\u0142\u0105bek\",\"@id\":\"https:\\\/\\\/pans.krosno.pl\\\/instytut-humanistyczny\\\/#\\\/schema\\\/person\\\/cb70195a5aeabe88d51256d821faa2d9\"},\"headline\":\"Wirtualne Dni Otwarte KPU w Kro\u015bnie\",\"datePublished\":\"2021-03-28T19:06:50+00:00\",\"dateModified\":\"2021-03-28T19:07:08+00:00\",\"mainEntityOfPage\":{\"@id\":\"https:\\\/\\\/pans.krosno.pl\\\/instytut-humanistyczny\\\/wirtualne-dni-otwarte\\\/\"},\"wordCount\":215,\"commentCount\":0,\"publisher\":{\"@id\":\"https:\\\/\\\/pans.krosno.pl\\\/instytut-humanistyczny\\\/#organization\"},\"image\":{\"@id\":\"https:\\\/\\\/pans.krosno.pl\\\/instytut-humanistyczny\\\/wirtualne-dni-otwarte\\\/#primaryimage\"},\"thumbnailUrl\":\"https:\\\/\\\/pans.krosno.pl\\\/instytut-humanistyczny\\\/wp-content\\\/uploads\\\/sites\\\/9\\\/2021\\\/03\\\/1-768x397-1.png\",\"inLanguage\":\"pl-PL\",\"potentialAction\":[{\"@type\":\"CommentAction\",\"name\":\"Comment\",\"target\":[\"https:\\\/\\\/pans.krosno.pl\\\/instytut-humanistyczny\\\/wirtualne-dni-otwarte\\\/#respond\"]}]},{\"@type\":\"WebPage\",\"@id\":\"https:\\\/\\\/pans.krosno.pl\\\/instytut-humanistyczny\\\/wirtualne-dni-otwarte\\\/\",\"url\":\"https:\\\/\\\/pans.krosno.pl\\\/instytut-humanistyczny\\\/wirtualne-dni-otwarte\\\/\",\"name\":\"Wirtualne Dni Otwarte KPU w Kro\u015bnie - Instytut Humanistyczny PANS w Kro\u015bnie\",\"isPartOf\":{\"@id\":\"https:\\\/\\\/pans.krosno.pl\\\/instytut-humanistyczny\\\/#website\"},\"primaryImageOfPage\":{\"@id\":\"https:\\\/\\\/pans.krosno.pl\\\/instytut-humanistyczny\\\/wirtualne-dni-otwarte\\\/#primaryimage\"},\"image\":{\"@id\":\"https:\\\/\\\/pans.krosno.pl\\\/instytut-humanistyczny\\\/wirtualne-dni-otwarte\\\/#primaryimage\"},\"thumbnailUrl\":\"https:\\\/\\\/pans.krosno.pl\\\/instytut-humanistyczny\\\/wp-content\\\/uploads\\\/sites\\\/9\\\/2021\\\/03\\\/1-768x397-1.png\",\"datePublished\":\"2021-03-28T19:06:50+00:00\",\"dateModified\":\"2021-03-28T19:07:08+00:00\",\"breadcrumb\":{\"@id\":\"https:\\\/\\\/pans.krosno.pl\\\/instytut-humanistyczny\\\/wirtualne-dni-otwarte\\\/#breadcrumb\"},\"inLanguage\":\"pl-PL\",\"potentialAction\":[{\"@type\":\"ReadAction\",\"target\":[\"https:\\\/\\\/pans.krosno.pl\\\/instytut-humanistyczny\\\/wirtualne-dni-otwarte\\\/\"]}]},{\"@type\":\"ImageObject\",\"inLanguage\":\"pl-PL\",\"@id\":\"https:\\\/\\\/pans.krosno.pl\\\/instytut-humanistyczny\\\/wirtualne-dni-otwarte\\\/#primaryimage\",\"url\":\"https:\\\/\\\/pans.krosno.pl\\\/instytut-humanistyczny\\\/wp-content\\\/uploads\\\/sites\\\/9\\\/2021\\\/03\\\/1-768x397-1.png\",\"contentUrl\":\"https:\\\/\\\/pans.krosno.pl\\\/instytut-humanistyczny\\\/wp-content\\\/uploads\\\/sites\\\/9\\\/2021\\\/03\\\/1-768x397-1.png\",\"width\":768,\"height\":397},{\"@type\":\"BreadcrumbList\",\"@id\":\"https:\\\/\\\/pans.krosno.pl\\\/instytut-humanistyczny\\\/wirtualne-dni-otwarte\\\/#breadcrumb\",\"itemListElement\":[{\"@type\":\"ListItem\",\"position\":1,\"name\":\"Strona g\u0142\u00f3wna\",\"item\":\"https:\\\/\\\/pans.krosno.pl\\\/instytut-humanistyczny\\\/\"},{\"@type\":\"ListItem\",\"position\":2,\"name\":\"Wirtualne Dni Otwarte KPU w Kro\u015bnie\"}]},{\"@type\":\"WebSite\",\"@id\":\"https:\\\/\\\/pans.krosno.pl\\\/instytut-humanistyczny\\\/#website\",\"url\":\"https:\\\/\\\/pans.krosno.pl\\\/instytut-humanistyczny\\\/\",\"name\":\"Instytut Humanistyczny PANS w Kro\u015bnie\",\"description\":\"Instytut Humanistyczny - Pa\u0144stwowa Akademia Nauk Stosowanych\",\"publisher\":{\"@id\":\"https:\\\/\\\/pans.krosno.pl\\\/instytut-humanistyczny\\\/#organization\"},\"potentialAction\":[{\"@type\":\"SearchAction\",\"target\":{\"@type\":\"EntryPoint\",\"urlTemplate\":\"https:\\\/\\\/pans.krosno.pl\\\/instytut-humanistyczny\\\/?s={search_term_string}\"},\"query-input\":{\"@type\":\"PropertyValueSpecification\",\"valueRequired\":true,\"valueName\":\"search_term_string\"}}],\"inLanguage\":\"pl-PL\"},{\"@type\":\"Organization\",\"@id\":\"https:\\\/\\\/pans.krosno.pl\\\/instytut-humanistyczny\\\/#organization\",\"name\":\"Instytut Humanistyczny PANS w Kro\u015bnie\",\"url\":\"https:\\\/\\\/pans.krosno.pl\\\/instytut-humanistyczny\\\/\",\"logo\":{\"@type\":\"ImageObject\",\"inLanguage\":\"pl-PL\",\"@id\":\"https:\\\/\\\/pans.krosno.pl\\\/instytut-humanistyczny\\\/#\\\/schema\\\/logo\\\/image\\\/\",\"url\":\"https:\\\/\\\/pans.krosno.pl\\\/instytut-humanistyczny\\\/wp-content\\\/uploads\\\/sites\\\/9\\\/2023\\\/01\\\/Logo-PANS-2022-pelne.png\",\"contentUrl\":\"https:\\\/\\\/pans.krosno.pl\\\/instytut-humanistyczny\\\/wp-content\\\/uploads\\\/sites\\\/9\\\/2023\\\/01\\\/Logo-PANS-2022-pelne.png\",\"width\":3096,\"height\":696,\"caption\":\"Instytut Humanistyczny PANS w Kro\u015bnie\"},\"image\":{\"@id\":\"https:\\\/\\\/pans.krosno.pl\\\/instytut-humanistyczny\\\/#\\\/schema\\\/logo\\\/image\\\/\"}},{\"@type\":\"Person\",\"@id\":\"https:\\\/\\\/pans.krosno.pl\\\/instytut-humanistyczny\\\/#\\\/schema\\\/person\\\/cb70195a5aeabe88d51256d821faa2d9\",\"name\":\"Bartosz Go\u0142\u0105bek\",\"image\":{\"@type\":\"ImageObject\",\"inLanguage\":\"pl-PL\",\"@id\":\"https:\\\/\\\/secure.gravatar.com\\\/avatar\\\/ad10819676385baed8ebd4d7be0d4ba77dd5fdc0f4779d414dea3126fd3aec33?s=96&d=mm&r=g\",\"url\":\"https:\\\/\\\/secure.gravatar.com\\\/avatar\\\/ad10819676385baed8ebd4d7be0d4ba77dd5fdc0f4779d414dea3126fd3aec33?s=96&d=mm&r=g\",\"contentUrl\":\"https:\\\/\\\/secure.gravatar.com\\\/avatar\\\/ad10819676385baed8ebd4d7be0d4ba77dd5fdc0f4779d414dea3126fd3aec33?s=96&d=mm&r=g\",\"caption\":\"Bartosz Go\u0142\u0105bek\"},\"description\":\"dr Bartosz Go\u0142\u0105bek Dyrektor Instytutu Humanistycznego Karpacka Pa\u0144stwowa Uczelnia w Kro\u015bnie (dawniej PWSZ)\",\"url\":\"https:\\\/\\\/pans.krosno.pl\\\/instytut-humanistyczny\\\/author\\\/bartoszgolabek\\\/\"}]}<\/script>\n<!-- \/ Yoast SEO Premium plugin. -->","yoast_head_json":{"title":"Wirtualne Dni Otwarte KPU w Kro\u015bnie - Instytut Humanistyczny PANS w Kro\u015bnie","robots":{"index":"index","follow":"follow","max-snippet":"max-snippet:-1","max-image-preview":"max-image-preview:large","max-video-preview":"max-video-preview:-1"},"canonical":"https:\/\/pans.krosno.pl\/instytut-humanistyczny\/wirtualne-dni-otwarte\/","og_locale":"pl_PL","og_type":"article","og_title":"Wirtualne Dni Otwarte KPU w Kro\u015bnie","og_description":"Karpacka Pa\u0144stwowa Uczenia w Kro\u015bnie zaprasza uczni\u00f3w i&nbsp;nauczycieli szk\u00f3\u0142 ponadpodstawowych na Wirtualne Dni Otwarte, kt\u00f3re odb\u0119d\u0105 si\u0119 w dniach 29-31 marca 2021 roku. Ju\u017c od 29 marca od godziny 8.30 czeka\u0107 na Was b\u0119d\u0105 studenci, absolwenci oraz przedstawiciele poszczeg\u00f3lnych kierunk\u00f3w Karpackiej Pa\u0144stwowej Uczelni w Kro\u015bnie. Specjalnie dla Was przygotowali\u015bmy prezentacje, [\u2026] Read More","og_url":"https:\/\/pans.krosno.pl\/instytut-humanistyczny\/wirtualne-dni-otwarte\/","og_site_name":"Instytut Humanistyczny PANS w Kro\u015bnie","article_published_time":"2021-03-28T19:06:50+00:00","article_modified_time":"2021-03-28T19:07:08+00:00","og_image":[{"width":768,"height":397,"url":"https:\/\/pans.krosno.pl\/wp-content\/uploads\/sites\/9\/2021\/03\/1-768x397-1.png","type":"image\/png"}],"author":"Bartosz Go\u0142\u0105bek","twitter_card":"summary_large_image","twitter_misc":{"Napisane przez":"Bartosz Go\u0142\u0105bek","Szacowany czas czytania":"1 minuta"},"schema":{"@context":"https:\/\/schema.org","@graph":[{"@type":"Article","@id":"https:\/\/pans.krosno.pl\/instytut-humanistyczny\/wirtualne-dni-otwarte\/#article","isPartOf":{"@id":"https:\/\/pans.krosno.pl\/instytut-humanistyczny\/wirtualne-dni-otwarte\/"},"author":{"name":"Bartosz Go\u0142\u0105bek","@id":"https:\/\/pans.krosno.pl\/instytut-humanistyczny\/#\/schema\/person\/cb70195a5aeabe88d51256d821faa2d9"},"headline":"Wirtualne Dni Otwarte KPU w Kro\u015bnie","datePublished":"2021-03-28T19:06:50+00:00","dateModified":"2021-03-28T19:07:08+00:00","mainEntityOfPage":{"@id":"https:\/\/pans.krosno.pl\/instytut-humanistyczny\/wirtualne-dni-otwarte\/"},"wordCount":215,"commentCount":0,"publisher":{"@id":"https:\/\/pans.krosno.pl\/instytut-humanistyczny\/#organization"},"image":{"@id":"https:\/\/pans.krosno.pl\/instytut-humanistyczny\/wirtualne-dni-otwarte\/#primaryimage"},"thumbnailUrl":"https:\/\/pans.krosno.pl\/instytut-humanistyczny\/wp-content\/uploads\/sites\/9\/2021\/03\/1-768x397-1.png","inLanguage":"pl-PL","potentialAction":[{"@type":"CommentAction","name":"Comment","target":["https:\/\/pans.krosno.pl\/instytut-humanistyczny\/wirtualne-dni-otwarte\/#respond"]}]},{"@type":"WebPage","@id":"https:\/\/pans.krosno.pl\/instytut-humanistyczny\/wirtualne-dni-otwarte\/","url":"https:\/\/pans.krosno.pl\/instytut-humanistyczny\/wirtualne-dni-otwarte\/","name":"Wirtualne Dni Otwarte KPU w Kro\u015bnie - Instytut Humanistyczny PANS w Kro\u015bnie","isPartOf":{"@id":"https:\/\/pans.krosno.pl\/instytut-humanistyczny\/#website"},"primaryImageOfPage":{"@id":"https:\/\/pans.krosno.pl\/instytut-humanistyczny\/wirtualne-dni-otwarte\/#primaryimage"},"image":{"@id":"https:\/\/pans.krosno.pl\/instytut-humanistyczny\/wirtualne-dni-otwarte\/#primaryimage"},"thumbnailUrl":"https:\/\/pans.krosno.pl\/instytut-humanistyczny\/wp-content\/uploads\/sites\/9\/2021\/03\/1-768x397-1.png","datePublished":"2021-03-28T19:06:50+00:00","dateModified":"2021-03-28T19:07:08+00:00","breadcrumb":{"@id":"https:\/\/pans.krosno.pl\/instytut-humanistyczny\/wirtualne-dni-otwarte\/#breadcrumb"},"inLanguage":"pl-PL","potentialAction":[{"@type":"ReadAction","target":["https:\/\/pans.krosno.pl\/instytut-humanistyczny\/wirtualne-dni-otwarte\/"]}]},{"@type":"ImageObject","inLanguage":"pl-PL","@id":"https:\/\/pans.krosno.pl\/instytut-humanistyczny\/wirtualne-dni-otwarte\/#primaryimage","url":"https:\/\/pans.krosno.pl\/instytut-humanistyczny\/wp-content\/uploads\/sites\/9\/2021\/03\/1-768x397-1.png","contentUrl":"https:\/\/pans.krosno.pl\/instytut-humanistyczny\/wp-content\/uploads\/sites\/9\/2021\/03\/1-768x397-1.png","width":768,"height":397},{"@type":"BreadcrumbList","@id":"https:\/\/pans.krosno.pl\/instytut-humanistyczny\/wirtualne-dni-otwarte\/#breadcrumb","itemListElement":[{"@type":"ListItem","position":1,"name":"Strona g\u0142\u00f3wna","item":"https:\/\/pans.krosno.pl\/instytut-humanistyczny\/"},{"@type":"ListItem","position":2,"name":"Wirtualne Dni Otwarte KPU w Kro\u015bnie"}]},{"@type":"WebSite","@id":"https:\/\/pans.krosno.pl\/instytut-humanistyczny\/#website","url":"https:\/\/pans.krosno.pl\/instytut-humanistyczny\/","name":"Instytut Humanistyczny PANS w Kro\u015bnie","description":"Instytut Humanistyczny - Pa\u0144stwowa Akademia Nauk Stosowanych","publisher":{"@id":"https:\/\/pans.krosno.pl\/instytut-humanistyczny\/#organization"},"potentialAction":[{"@type":"SearchAction","target":{"@type":"EntryPoint","urlTemplate":"https:\/\/pans.krosno.pl\/instytut-humanistyczny\/?s={search_term_string}"},"query-input":{"@type":"PropertyValueSpecification","valueRequired":true,"valueName":"search_term_string"}}],"inLanguage":"pl-PL"},{"@type":"Organization","@id":"https:\/\/pans.krosno.pl\/instytut-humanistyczny\/#organization","name":"Instytut Humanistyczny PANS w Kro\u015bnie","url":"https:\/\/pans.krosno.pl\/instytut-humanistyczny\/","logo":{"@type":"ImageObject","inLanguage":"pl-PL","@id":"https:\/\/pans.krosno.pl\/instytut-humanistyczny\/#\/schema\/logo\/image\/","url":"https:\/\/pans.krosno.pl\/instytut-humanistyczny\/wp-content\/uploads\/sites\/9\/2023\/01\/Logo-PANS-2022-pelne.png","contentUrl":"https:\/\/pans.krosno.pl\/instytut-humanistyczny\/wp-content\/uploads\/sites\/9\/2023\/01\/Logo-PANS-2022-pelne.png","width":3096,"height":696,"caption":"Instytut Humanistyczny PANS w Kro\u015bnie"},"image":{"@id":"https:\/\/pans.krosno.pl\/instytut-humanistyczny\/#\/schema\/logo\/image\/"}},{"@type":"Person","@id":"https:\/\/pans.krosno.pl\/instytut-humanistyczny\/#\/schema\/person\/cb70195a5aeabe88d51256d821faa2d9","name":"Bartosz Go\u0142\u0105bek","image":{"@type":"ImageObject","inLanguage":"pl-PL","@id":"https:\/\/secure.gravatar.com\/avatar\/ad10819676385baed8ebd4d7be0d4ba77dd5fdc0f4779d414dea3126fd3aec33?s=96&d=mm&r=g","url":"https:\/\/secure.gravatar.com\/avatar\/ad10819676385baed8ebd4d7be0d4ba77dd5fdc0f4779d414dea3126fd3aec33?s=96&d=mm&r=g","contentUrl":"https:\/\/secure.gravatar.com\/avatar\/ad10819676385baed8ebd4d7be0d4ba77dd5fdc0f4779d414dea3126fd3aec33?s=96&d=mm&r=g","caption":"Bartosz Go\u0142\u0105bek"},"description":"dr Bartosz Go\u0142\u0105bek Dyrektor Instytutu Humanistycznego Karpacka Pa\u0144stwowa Uczelnia w Kro\u015bnie (dawniej PWSZ)","url":"https:\/\/pans.krosno.pl\/instytut-humanistyczny\/author\/bartoszgolabek\/"}]}},"_links":{"self":[{"href":"https:\/\/pans.krosno.pl\/instytut-humanistyczny\/wp-json\/wp\/v2\/posts\/907","targetHints":{"allow":["GET"]}}],"collection":[{"href":"https:\/\/pans.krosno.pl\/instytut-humanistyczny\/wp-json\/wp\/v2\/posts"}],"about":[{"href":"https:\/\/pans.krosno.pl\/instytut-humanistyczny\/wp-json\/wp\/v2\/types\/post"}],"author":[{"embeddable":true,"href":"https:\/\/pans.krosno.pl\/instytut-humanistyczny\/wp-json\/wp\/v2\/users\/57"}],"replies":[{"embeddable":true,"href":"https:\/\/pans.krosno.pl\/instytut-humanistyczny\/wp-json\/wp\/v2\/comments?post=907"}],"version-history":[{"count":2,"href":"https:\/\/pans.krosno.pl\/instytut-humanistyczny\/wp-json\/wp\/v2\/posts\/907\/revisions"}],"predecessor-version":[{"id":910,"href":"https:\/\/pans.krosno.pl\/instytut-humanistyczny\/wp-json\/wp\/v2\/posts\/907\/revisions\/910"}],"wp:featuredmedia":[{"embeddable":true,"href":"https:\/\/pans.krosno.pl\/instytut-humanistyczny\/wp-json\/wp\/v2\/media\/908"}],"wp:attachment":[{"href":"https:\/\/pans.krosno.pl\/instytut-humanistyczny\/wp-json\/wp\/v2\/media?parent=907"}],"wp:term":[{"taxonomy":"category","embeddable":true,"href":"https:\/\/pans.krosno.pl\/instytut-humanistyczny\/wp-json\/wp\/v2\/categories?post=907"},{"taxonomy":"post_tag","embeddable":true,"href":"https:\/\/pans.krosno.pl\/instytut-humanistyczny\/wp-json\/wp\/v2\/tags?post=907"}],"curies":[{"name":"wp","href":"https:\/\/api.w.org\/{rel}","templated":true}]}}