{"id":873,"date":"2021-02-24T18:24:33","date_gmt":"2021-02-24T17:24:33","guid":{"rendered":"https:\/\/pans.krosno.pl\/instytut-humanistyczny\/?p=873"},"modified":"2021-03-17T10:51:59","modified_gmt":"2021-03-17T09:51:59","slug":"gustaw-herling-grudzinski-miedzy-wschodem-a-zachodem","status":"publish","type":"post","link":"https:\/\/pans.krosno.pl\/instytut-humanistyczny\/gustaw-herling-grudzinski-miedzy-wschodem-a-zachodem\/","title":{"rendered":"Spotkanie promocyjne [online] &#8211; Gustaw Herling-Grudzi\u0144ski Mi\u0119dzy Wschodem a Zachodem"},"content":{"rendered":"\n<p class=\"has-text-align-center\">Spotkanie Literackie im. Pika Mirandoli<br>Karpackiej Pa\u0144stwowej Uczelni w Kro\u015bnie<br>Spotkanie Wschodnie<br>Instytutu Filologii Wschodnios\u0142owia\u0144skiej<br>Uniwersytetu Jagiello\u0144skiego<\/p>\n\n\n\n<p class=\"has-text-align-center\"><em><strong>Gustaw Herling-Grudzi\u0144ski<br>Mi\u0119dzy Wschodem a Zachodem<\/strong><\/em><\/p>\n\n\n\n<p class=\"has-text-align-center\">25 marca 2021 r. (czwartek), godzina 18.00<br>Spotkanie poprowadzi prof. dr hab. Grzegorz Przebinda<br><br>ZOOM:&nbsp;<a href=\"https:\/\/us02web.zoom.us\/j\/82158769043\">https:\/\/us02web.zoom.us\/j\/82158769043<\/a><\/p>\n\n\n\n<p>Swoj\u0105 obecno\u015b\u0107 na spotkaniu potwierdzi\u0142a c\u00f3rka pisarza, Pani Marta Herling.<\/p>\n\n\n\n<p>Publikacja jest pok\u0142osiem spotkania znawc\u00f3w \u017cycia i tw\u00f3rczo\u015bci Gustawa Herlinga-Grudzi\u0144skiego (1919\u20132000) w Karpackiej Pa\u0144stwowej Uczelni&nbsp;w Kro\u015bnie, kt\u00f3re odby\u0142o si\u0119 17 i 18 wrze\u015bnia 2019 roku. Uczeni z kraju i zagranicy, zg\u0142\u0119biaj\u0105cy &nbsp;od dawna \u2013 na gruncie polskim, rosyjskim, w\u0142oskim i francuskim \u2013 literacko- filozoficzne konteksty tw\u00f3rczo\u015bci Herlinga, spotkali si\u0119 w\u00f3wczas na Podkarpaciu z badaczami m\u0142odymi, dla kt\u00f3rych dzie\u0142o pisarza nadal stanowi atrakcyjny temat.<br><br><a href=\"https:\/\/pans.krosno.pl\/wydawnictwo-pigonianum\/wp-content\/uploads\/sites\/53\/2021\/02\/Herling-miedzy-Wschodem-a-Zachodem-WEB.pdf\"><em>Gustaw Herling Grudzi\u0144ski. Mi\u0119dzy Wschodem a Zachodem<\/em>, Praca zbiorowa pod redakcj\u0105 Grzegorza Przebindy, Bartosza Go\u0142\u0105bka, Wojciecha Grucha\u0142y, &nbsp;\u201eBibliotheca Pigoniana\u201d t. III, Krosno 2020, ss. 352, ISBN 978-83-64457-58-6<\/a><\/p>\n\n\n\n<div class=\"wp-block-image\"><figure class=\"aligncenter\"><img decoding=\"async\" src=\"https:\/\/pans.krosno.pl\/wp-content\/uploads\/2021\/03\/Herling-1.jpg\" alt=\"\" \/><\/figure><\/div>\n\n\n\n<p><a href=\"https:\/\/pans.krosno.pl\/wydawnictwo-pigonianum\/wp-content\/uploads\/sites\/53\/2021\/02\/Herling-miedzy-Wschodem-a-Zachodem-WEB.pdf\"><strong><a href=\"https:\/\/pans.krosno.pl\/wydawnictwo-pigonianum\/wp-content\/uploads\/sites\/53\/2021\/02\/Herling-miedzy-Wschodem-a-Zachodem-WEB.pdf\"><em>Gustaw Herling Grudzi\u0144ski. Mi\u0119dzy Wschodem a Zachodem<\/em>, Praca zbiorowa pod redakcj\u0105 Grzegorza Przebindy, Bartosza Go\u0142\u0105bka, Wojciecha Grucha\u0142y, \u201eBibliotheca Pigoniana\u201d t. III, Krosno 2020, ss. 352, ISBN 978-83-64457-58-6<\/a>\u00a0<\/strong><\/a><\/p>\n","protected":false},"excerpt":{"rendered":"<p>Spotkanie Literackie im. Pika MirandoliKarpackiej Pa\u0144stwowej Uczelni w Kro\u015bnieSpotkanie WschodnieInstytutu Filologii Wschodnios\u0142owia\u0144skiejUniwersytetu Jagiello\u0144skiego Gustaw Herling-Grudzi\u0144skiMi\u0119dzy Wschodem a Zachodem 25 marca 2021 r. (czwartek), godzina 18.00Spotkanie poprowadzi prof. dr hab. Grzegorz Przebinda ZOOM:&nbsp;https:\/\/us02web.zoom.us\/j\/82158769043 Swoj\u0105 obecno\u015b\u0107 na spotkaniu potwierdzi\u0142a c\u00f3rka pisarza, Pani Marta Herling. Publikacja jest pok\u0142osiem spotkania znawc\u00f3w \u017cycia i tw\u00f3rczo\u015bci [\u2026] <\/p>\n<div class=\"clear\"><\/div>\n<p><a class=\"more_link clearfix\" href=\"https:\/\/pans.krosno.pl\/instytut-humanistyczny\/gustaw-herling-grudzinski-miedzy-wschodem-a-zachodem\/\" rel=\"nofollow\">Read More<\/a><\/p>\n","protected":false},"author":57,"featured_media":875,"comment_status":"open","ping_status":"open","sticky":false,"template":"","format":"standard","meta":{"ngg_post_thumbnail":0,"footnotes":""},"categories":[1],"tags":[],"class_list":["post-873","post","type-post","status-publish","format-standard","has-post-thumbnail","hentry","category-bez-kategorii"],"yoast_head":"<!-- This site is optimized with the Yoast SEO Premium plugin v27.4 (Yoast SEO v27.4) - https:\/\/yoast.com\/product\/yoast-seo-premium-wordpress\/ -->\n<title>Spotkanie promocyjne [online] - Gustaw Herling-Grudzi\u0144ski Mi\u0119dzy Wschodem a Zachodem - Instytut Humanistyczny PANS w Kro\u015bnie<\/title>\n<meta name=\"robots\" content=\"index, follow, max-snippet:-1, max-image-preview:large, max-video-preview:-1\" \/>\n<link rel=\"canonical\" href=\"https:\/\/pans.krosno.pl\/instytut-humanistyczny\/gustaw-herling-grudzinski-miedzy-wschodem-a-zachodem\/\" \/>\n<meta property=\"og:locale\" content=\"pl_PL\" \/>\n<meta property=\"og:type\" content=\"article\" \/>\n<meta property=\"og:title\" content=\"Spotkanie promocyjne [online] - Gustaw Herling-Grudzi\u0144ski Mi\u0119dzy Wschodem a Zachodem\" \/>\n<meta property=\"og:description\" content=\"Spotkanie Literackie im. Pika MirandoliKarpackiej Pa\u0144stwowej Uczelni w Kro\u015bnieSpotkanie WschodnieInstytutu Filologii Wschodnios\u0142owia\u0144skiejUniwersytetu Jagiello\u0144skiego Gustaw Herling-Grudzi\u0144skiMi\u0119dzy Wschodem a Zachodem 25 marca 2021 r. (czwartek), godzina 18.00Spotkanie poprowadzi prof. dr hab. Grzegorz Przebinda ZOOM:&nbsp;https:\/\/us02web.zoom.us\/j\/82158769043 Swoj\u0105 obecno\u015b\u0107 na spotkaniu potwierdzi\u0142a c\u00f3rka pisarza, Pani Marta Herling. Publikacja jest pok\u0142osiem spotkania znawc\u00f3w \u017cycia i tw\u00f3rczo\u015bci [\u2026] Read More\" \/>\n<meta property=\"og:url\" content=\"https:\/\/pans.krosno.pl\/instytut-humanistyczny\/gustaw-herling-grudzinski-miedzy-wschodem-a-zachodem\/\" \/>\n<meta property=\"og:site_name\" content=\"Instytut Humanistyczny PANS w Kro\u015bnie\" \/>\n<meta property=\"article:published_time\" content=\"2021-02-24T17:24:33+00:00\" \/>\n<meta property=\"article:modified_time\" content=\"2021-03-17T09:51:59+00:00\" \/>\n<meta property=\"og:image\" content=\"https:\/\/pans.krosno.pl\/wp-content\/uploads\/sites\/9\/2021\/02\/okladka-Herling-miedzy-Wschodem-a-Zachodem-1-page-001mala.jpg\" \/>\n\t<meta property=\"og:image:width\" content=\"200\" \/>\n\t<meta property=\"og:image:height\" content=\"276\" \/>\n\t<meta property=\"og:image:type\" content=\"image\/jpeg\" \/>\n<meta name=\"author\" content=\"Bartosz Go\u0142\u0105bek\" \/>\n<meta name=\"twitter:card\" content=\"summary_large_image\" \/>\n<meta name=\"twitter:label1\" content=\"Napisane przez\" \/>\n\t<meta name=\"twitter:data1\" content=\"Bartosz Go\u0142\u0105bek\" \/>\n\t<meta name=\"twitter:label2\" content=\"Szacowany czas czytania\" \/>\n\t<meta name=\"twitter:data2\" content=\"1 minuta\" \/>\n<script type=\"application\/ld+json\" class=\"yoast-schema-graph\">{\"@context\":\"https:\\\/\\\/schema.org\",\"@graph\":[{\"@type\":\"Article\",\"@id\":\"https:\\\/\\\/pans.krosno.pl\\\/instytut-humanistyczny\\\/gustaw-herling-grudzinski-miedzy-wschodem-a-zachodem\\\/#article\",\"isPartOf\":{\"@id\":\"https:\\\/\\\/pans.krosno.pl\\\/instytut-humanistyczny\\\/gustaw-herling-grudzinski-miedzy-wschodem-a-zachodem\\\/\"},\"author\":{\"name\":\"Bartosz Go\u0142\u0105bek\",\"@id\":\"https:\\\/\\\/pans.krosno.pl\\\/instytut-humanistyczny\\\/#\\\/schema\\\/person\\\/cb70195a5aeabe88d51256d821faa2d9\"},\"headline\":\"Spotkanie promocyjne [online] &#8211; Gustaw Herling-Grudzi\u0144ski Mi\u0119dzy Wschodem a Zachodem\",\"datePublished\":\"2021-02-24T17:24:33+00:00\",\"dateModified\":\"2021-03-17T09:51:59+00:00\",\"mainEntityOfPage\":{\"@id\":\"https:\\\/\\\/pans.krosno.pl\\\/instytut-humanistyczny\\\/gustaw-herling-grudzinski-miedzy-wschodem-a-zachodem\\\/\"},\"wordCount\":212,\"commentCount\":0,\"publisher\":{\"@id\":\"https:\\\/\\\/pans.krosno.pl\\\/instytut-humanistyczny\\\/#organization\"},\"image\":{\"@id\":\"https:\\\/\\\/pans.krosno.pl\\\/instytut-humanistyczny\\\/gustaw-herling-grudzinski-miedzy-wschodem-a-zachodem\\\/#primaryimage\"},\"thumbnailUrl\":\"https:\\\/\\\/pans.krosno.pl\\\/instytut-humanistyczny\\\/wp-content\\\/uploads\\\/sites\\\/9\\\/2021\\\/02\\\/okladka-Herling-miedzy-Wschodem-a-Zachodem-1-page-001mala.jpg\",\"inLanguage\":\"pl-PL\",\"potentialAction\":[{\"@type\":\"CommentAction\",\"name\":\"Comment\",\"target\":[\"https:\\\/\\\/pans.krosno.pl\\\/instytut-humanistyczny\\\/gustaw-herling-grudzinski-miedzy-wschodem-a-zachodem\\\/#respond\"]}]},{\"@type\":\"WebPage\",\"@id\":\"https:\\\/\\\/pans.krosno.pl\\\/instytut-humanistyczny\\\/gustaw-herling-grudzinski-miedzy-wschodem-a-zachodem\\\/\",\"url\":\"https:\\\/\\\/pans.krosno.pl\\\/instytut-humanistyczny\\\/gustaw-herling-grudzinski-miedzy-wschodem-a-zachodem\\\/\",\"name\":\"Spotkanie promocyjne [online] - Gustaw Herling-Grudzi\u0144ski Mi\u0119dzy Wschodem a Zachodem - Instytut Humanistyczny PANS w Kro\u015bnie\",\"isPartOf\":{\"@id\":\"https:\\\/\\\/pans.krosno.pl\\\/instytut-humanistyczny\\\/#website\"},\"primaryImageOfPage\":{\"@id\":\"https:\\\/\\\/pans.krosno.pl\\\/instytut-humanistyczny\\\/gustaw-herling-grudzinski-miedzy-wschodem-a-zachodem\\\/#primaryimage\"},\"image\":{\"@id\":\"https:\\\/\\\/pans.krosno.pl\\\/instytut-humanistyczny\\\/gustaw-herling-grudzinski-miedzy-wschodem-a-zachodem\\\/#primaryimage\"},\"thumbnailUrl\":\"https:\\\/\\\/pans.krosno.pl\\\/instytut-humanistyczny\\\/wp-content\\\/uploads\\\/sites\\\/9\\\/2021\\\/02\\\/okladka-Herling-miedzy-Wschodem-a-Zachodem-1-page-001mala.jpg\",\"datePublished\":\"2021-02-24T17:24:33+00:00\",\"dateModified\":\"2021-03-17T09:51:59+00:00\",\"breadcrumb\":{\"@id\":\"https:\\\/\\\/pans.krosno.pl\\\/instytut-humanistyczny\\\/gustaw-herling-grudzinski-miedzy-wschodem-a-zachodem\\\/#breadcrumb\"},\"inLanguage\":\"pl-PL\",\"potentialAction\":[{\"@type\":\"ReadAction\",\"target\":[\"https:\\\/\\\/pans.krosno.pl\\\/instytut-humanistyczny\\\/gustaw-herling-grudzinski-miedzy-wschodem-a-zachodem\\\/\"]}]},{\"@type\":\"ImageObject\",\"inLanguage\":\"pl-PL\",\"@id\":\"https:\\\/\\\/pans.krosno.pl\\\/instytut-humanistyczny\\\/gustaw-herling-grudzinski-miedzy-wschodem-a-zachodem\\\/#primaryimage\",\"url\":\"https:\\\/\\\/pans.krosno.pl\\\/instytut-humanistyczny\\\/wp-content\\\/uploads\\\/sites\\\/9\\\/2021\\\/02\\\/okladka-Herling-miedzy-Wschodem-a-Zachodem-1-page-001mala.jpg\",\"contentUrl\":\"https:\\\/\\\/pans.krosno.pl\\\/instytut-humanistyczny\\\/wp-content\\\/uploads\\\/sites\\\/9\\\/2021\\\/02\\\/okladka-Herling-miedzy-Wschodem-a-Zachodem-1-page-001mala.jpg\",\"width\":200,\"height\":276},{\"@type\":\"BreadcrumbList\",\"@id\":\"https:\\\/\\\/pans.krosno.pl\\\/instytut-humanistyczny\\\/gustaw-herling-grudzinski-miedzy-wschodem-a-zachodem\\\/#breadcrumb\",\"itemListElement\":[{\"@type\":\"ListItem\",\"position\":1,\"name\":\"Strona g\u0142\u00f3wna\",\"item\":\"https:\\\/\\\/pans.krosno.pl\\\/instytut-humanistyczny\\\/\"},{\"@type\":\"ListItem\",\"position\":2,\"name\":\"Spotkanie promocyjne [online] &#8211; Gustaw Herling-Grudzi\u0144ski Mi\u0119dzy Wschodem a Zachodem\"}]},{\"@type\":\"WebSite\",\"@id\":\"https:\\\/\\\/pans.krosno.pl\\\/instytut-humanistyczny\\\/#website\",\"url\":\"https:\\\/\\\/pans.krosno.pl\\\/instytut-humanistyczny\\\/\",\"name\":\"Instytut Humanistyczny PANS w Kro\u015bnie\",\"description\":\"Instytut Humanistyczny - Pa\u0144stwowa Akademia Nauk Stosowanych\",\"publisher\":{\"@id\":\"https:\\\/\\\/pans.krosno.pl\\\/instytut-humanistyczny\\\/#organization\"},\"potentialAction\":[{\"@type\":\"SearchAction\",\"target\":{\"@type\":\"EntryPoint\",\"urlTemplate\":\"https:\\\/\\\/pans.krosno.pl\\\/instytut-humanistyczny\\\/?s={search_term_string}\"},\"query-input\":{\"@type\":\"PropertyValueSpecification\",\"valueRequired\":true,\"valueName\":\"search_term_string\"}}],\"inLanguage\":\"pl-PL\"},{\"@type\":\"Organization\",\"@id\":\"https:\\\/\\\/pans.krosno.pl\\\/instytut-humanistyczny\\\/#organization\",\"name\":\"Instytut Humanistyczny PANS w Kro\u015bnie\",\"url\":\"https:\\\/\\\/pans.krosno.pl\\\/instytut-humanistyczny\\\/\",\"logo\":{\"@type\":\"ImageObject\",\"inLanguage\":\"pl-PL\",\"@id\":\"https:\\\/\\\/pans.krosno.pl\\\/instytut-humanistyczny\\\/#\\\/schema\\\/logo\\\/image\\\/\",\"url\":\"https:\\\/\\\/pans.krosno.pl\\\/instytut-humanistyczny\\\/wp-content\\\/uploads\\\/sites\\\/9\\\/2023\\\/01\\\/Logo-PANS-2022-pelne.png\",\"contentUrl\":\"https:\\\/\\\/pans.krosno.pl\\\/instytut-humanistyczny\\\/wp-content\\\/uploads\\\/sites\\\/9\\\/2023\\\/01\\\/Logo-PANS-2022-pelne.png\",\"width\":3096,\"height\":696,\"caption\":\"Instytut Humanistyczny PANS w Kro\u015bnie\"},\"image\":{\"@id\":\"https:\\\/\\\/pans.krosno.pl\\\/instytut-humanistyczny\\\/#\\\/schema\\\/logo\\\/image\\\/\"}},{\"@type\":\"Person\",\"@id\":\"https:\\\/\\\/pans.krosno.pl\\\/instytut-humanistyczny\\\/#\\\/schema\\\/person\\\/cb70195a5aeabe88d51256d821faa2d9\",\"name\":\"Bartosz Go\u0142\u0105bek\",\"image\":{\"@type\":\"ImageObject\",\"inLanguage\":\"pl-PL\",\"@id\":\"https:\\\/\\\/secure.gravatar.com\\\/avatar\\\/ad10819676385baed8ebd4d7be0d4ba77dd5fdc0f4779d414dea3126fd3aec33?s=96&d=mm&r=g\",\"url\":\"https:\\\/\\\/secure.gravatar.com\\\/avatar\\\/ad10819676385baed8ebd4d7be0d4ba77dd5fdc0f4779d414dea3126fd3aec33?s=96&d=mm&r=g\",\"contentUrl\":\"https:\\\/\\\/secure.gravatar.com\\\/avatar\\\/ad10819676385baed8ebd4d7be0d4ba77dd5fdc0f4779d414dea3126fd3aec33?s=96&d=mm&r=g\",\"caption\":\"Bartosz Go\u0142\u0105bek\"},\"description\":\"dr Bartosz Go\u0142\u0105bek Dyrektor Instytutu Humanistycznego Karpacka Pa\u0144stwowa Uczelnia w Kro\u015bnie (dawniej PWSZ)\",\"url\":\"https:\\\/\\\/pans.krosno.pl\\\/instytut-humanistyczny\\\/author\\\/bartoszgolabek\\\/\"}]}<\/script>\n<!-- \/ Yoast SEO Premium plugin. -->","yoast_head_json":{"title":"Spotkanie promocyjne [online] - Gustaw Herling-Grudzi\u0144ski Mi\u0119dzy Wschodem a Zachodem - Instytut Humanistyczny PANS w Kro\u015bnie","robots":{"index":"index","follow":"follow","max-snippet":"max-snippet:-1","max-image-preview":"max-image-preview:large","max-video-preview":"max-video-preview:-1"},"canonical":"https:\/\/pans.krosno.pl\/instytut-humanistyczny\/gustaw-herling-grudzinski-miedzy-wschodem-a-zachodem\/","og_locale":"pl_PL","og_type":"article","og_title":"Spotkanie promocyjne [online] - Gustaw Herling-Grudzi\u0144ski Mi\u0119dzy Wschodem a Zachodem","og_description":"Spotkanie Literackie im. Pika MirandoliKarpackiej Pa\u0144stwowej Uczelni w Kro\u015bnieSpotkanie WschodnieInstytutu Filologii Wschodnios\u0142owia\u0144skiejUniwersytetu Jagiello\u0144skiego Gustaw Herling-Grudzi\u0144skiMi\u0119dzy Wschodem a Zachodem 25 marca 2021 r. (czwartek), godzina 18.00Spotkanie poprowadzi prof. dr hab. Grzegorz Przebinda ZOOM:&nbsp;https:\/\/us02web.zoom.us\/j\/82158769043 Swoj\u0105 obecno\u015b\u0107 na spotkaniu potwierdzi\u0142a c\u00f3rka pisarza, Pani Marta Herling. Publikacja jest pok\u0142osiem spotkania znawc\u00f3w \u017cycia i tw\u00f3rczo\u015bci [\u2026] Read More","og_url":"https:\/\/pans.krosno.pl\/instytut-humanistyczny\/gustaw-herling-grudzinski-miedzy-wschodem-a-zachodem\/","og_site_name":"Instytut Humanistyczny PANS w Kro\u015bnie","article_published_time":"2021-02-24T17:24:33+00:00","article_modified_time":"2021-03-17T09:51:59+00:00","og_image":[{"width":200,"height":276,"url":"https:\/\/pans.krosno.pl\/wp-content\/uploads\/sites\/9\/2021\/02\/okladka-Herling-miedzy-Wschodem-a-Zachodem-1-page-001mala.jpg","type":"image\/jpeg"}],"author":"Bartosz Go\u0142\u0105bek","twitter_card":"summary_large_image","twitter_misc":{"Napisane przez":"Bartosz Go\u0142\u0105bek","Szacowany czas czytania":"1 minuta"},"schema":{"@context":"https:\/\/schema.org","@graph":[{"@type":"Article","@id":"https:\/\/pans.krosno.pl\/instytut-humanistyczny\/gustaw-herling-grudzinski-miedzy-wschodem-a-zachodem\/#article","isPartOf":{"@id":"https:\/\/pans.krosno.pl\/instytut-humanistyczny\/gustaw-herling-grudzinski-miedzy-wschodem-a-zachodem\/"},"author":{"name":"Bartosz Go\u0142\u0105bek","@id":"https:\/\/pans.krosno.pl\/instytut-humanistyczny\/#\/schema\/person\/cb70195a5aeabe88d51256d821faa2d9"},"headline":"Spotkanie promocyjne [online] &#8211; Gustaw Herling-Grudzi\u0144ski Mi\u0119dzy Wschodem a Zachodem","datePublished":"2021-02-24T17:24:33+00:00","dateModified":"2021-03-17T09:51:59+00:00","mainEntityOfPage":{"@id":"https:\/\/pans.krosno.pl\/instytut-humanistyczny\/gustaw-herling-grudzinski-miedzy-wschodem-a-zachodem\/"},"wordCount":212,"commentCount":0,"publisher":{"@id":"https:\/\/pans.krosno.pl\/instytut-humanistyczny\/#organization"},"image":{"@id":"https:\/\/pans.krosno.pl\/instytut-humanistyczny\/gustaw-herling-grudzinski-miedzy-wschodem-a-zachodem\/#primaryimage"},"thumbnailUrl":"https:\/\/pans.krosno.pl\/instytut-humanistyczny\/wp-content\/uploads\/sites\/9\/2021\/02\/okladka-Herling-miedzy-Wschodem-a-Zachodem-1-page-001mala.jpg","inLanguage":"pl-PL","potentialAction":[{"@type":"CommentAction","name":"Comment","target":["https:\/\/pans.krosno.pl\/instytut-humanistyczny\/gustaw-herling-grudzinski-miedzy-wschodem-a-zachodem\/#respond"]}]},{"@type":"WebPage","@id":"https:\/\/pans.krosno.pl\/instytut-humanistyczny\/gustaw-herling-grudzinski-miedzy-wschodem-a-zachodem\/","url":"https:\/\/pans.krosno.pl\/instytut-humanistyczny\/gustaw-herling-grudzinski-miedzy-wschodem-a-zachodem\/","name":"Spotkanie promocyjne [online] - Gustaw Herling-Grudzi\u0144ski Mi\u0119dzy Wschodem a Zachodem - Instytut Humanistyczny PANS w Kro\u015bnie","isPartOf":{"@id":"https:\/\/pans.krosno.pl\/instytut-humanistyczny\/#website"},"primaryImageOfPage":{"@id":"https:\/\/pans.krosno.pl\/instytut-humanistyczny\/gustaw-herling-grudzinski-miedzy-wschodem-a-zachodem\/#primaryimage"},"image":{"@id":"https:\/\/pans.krosno.pl\/instytut-humanistyczny\/gustaw-herling-grudzinski-miedzy-wschodem-a-zachodem\/#primaryimage"},"thumbnailUrl":"https:\/\/pans.krosno.pl\/instytut-humanistyczny\/wp-content\/uploads\/sites\/9\/2021\/02\/okladka-Herling-miedzy-Wschodem-a-Zachodem-1-page-001mala.jpg","datePublished":"2021-02-24T17:24:33+00:00","dateModified":"2021-03-17T09:51:59+00:00","breadcrumb":{"@id":"https:\/\/pans.krosno.pl\/instytut-humanistyczny\/gustaw-herling-grudzinski-miedzy-wschodem-a-zachodem\/#breadcrumb"},"inLanguage":"pl-PL","potentialAction":[{"@type":"ReadAction","target":["https:\/\/pans.krosno.pl\/instytut-humanistyczny\/gustaw-herling-grudzinski-miedzy-wschodem-a-zachodem\/"]}]},{"@type":"ImageObject","inLanguage":"pl-PL","@id":"https:\/\/pans.krosno.pl\/instytut-humanistyczny\/gustaw-herling-grudzinski-miedzy-wschodem-a-zachodem\/#primaryimage","url":"https:\/\/pans.krosno.pl\/instytut-humanistyczny\/wp-content\/uploads\/sites\/9\/2021\/02\/okladka-Herling-miedzy-Wschodem-a-Zachodem-1-page-001mala.jpg","contentUrl":"https:\/\/pans.krosno.pl\/instytut-humanistyczny\/wp-content\/uploads\/sites\/9\/2021\/02\/okladka-Herling-miedzy-Wschodem-a-Zachodem-1-page-001mala.jpg","width":200,"height":276},{"@type":"BreadcrumbList","@id":"https:\/\/pans.krosno.pl\/instytut-humanistyczny\/gustaw-herling-grudzinski-miedzy-wschodem-a-zachodem\/#breadcrumb","itemListElement":[{"@type":"ListItem","position":1,"name":"Strona g\u0142\u00f3wna","item":"https:\/\/pans.krosno.pl\/instytut-humanistyczny\/"},{"@type":"ListItem","position":2,"name":"Spotkanie promocyjne [online] &#8211; Gustaw Herling-Grudzi\u0144ski Mi\u0119dzy Wschodem a Zachodem"}]},{"@type":"WebSite","@id":"https:\/\/pans.krosno.pl\/instytut-humanistyczny\/#website","url":"https:\/\/pans.krosno.pl\/instytut-humanistyczny\/","name":"Instytut Humanistyczny PANS w Kro\u015bnie","description":"Instytut Humanistyczny - Pa\u0144stwowa Akademia Nauk Stosowanych","publisher":{"@id":"https:\/\/pans.krosno.pl\/instytut-humanistyczny\/#organization"},"potentialAction":[{"@type":"SearchAction","target":{"@type":"EntryPoint","urlTemplate":"https:\/\/pans.krosno.pl\/instytut-humanistyczny\/?s={search_term_string}"},"query-input":{"@type":"PropertyValueSpecification","valueRequired":true,"valueName":"search_term_string"}}],"inLanguage":"pl-PL"},{"@type":"Organization","@id":"https:\/\/pans.krosno.pl\/instytut-humanistyczny\/#organization","name":"Instytut Humanistyczny PANS w Kro\u015bnie","url":"https:\/\/pans.krosno.pl\/instytut-humanistyczny\/","logo":{"@type":"ImageObject","inLanguage":"pl-PL","@id":"https:\/\/pans.krosno.pl\/instytut-humanistyczny\/#\/schema\/logo\/image\/","url":"https:\/\/pans.krosno.pl\/instytut-humanistyczny\/wp-content\/uploads\/sites\/9\/2023\/01\/Logo-PANS-2022-pelne.png","contentUrl":"https:\/\/pans.krosno.pl\/instytut-humanistyczny\/wp-content\/uploads\/sites\/9\/2023\/01\/Logo-PANS-2022-pelne.png","width":3096,"height":696,"caption":"Instytut Humanistyczny PANS w Kro\u015bnie"},"image":{"@id":"https:\/\/pans.krosno.pl\/instytut-humanistyczny\/#\/schema\/logo\/image\/"}},{"@type":"Person","@id":"https:\/\/pans.krosno.pl\/instytut-humanistyczny\/#\/schema\/person\/cb70195a5aeabe88d51256d821faa2d9","name":"Bartosz Go\u0142\u0105bek","image":{"@type":"ImageObject","inLanguage":"pl-PL","@id":"https:\/\/secure.gravatar.com\/avatar\/ad10819676385baed8ebd4d7be0d4ba77dd5fdc0f4779d414dea3126fd3aec33?s=96&d=mm&r=g","url":"https:\/\/secure.gravatar.com\/avatar\/ad10819676385baed8ebd4d7be0d4ba77dd5fdc0f4779d414dea3126fd3aec33?s=96&d=mm&r=g","contentUrl":"https:\/\/secure.gravatar.com\/avatar\/ad10819676385baed8ebd4d7be0d4ba77dd5fdc0f4779d414dea3126fd3aec33?s=96&d=mm&r=g","caption":"Bartosz Go\u0142\u0105bek"},"description":"dr Bartosz Go\u0142\u0105bek Dyrektor Instytutu Humanistycznego Karpacka Pa\u0144stwowa Uczelnia w Kro\u015bnie (dawniej PWSZ)","url":"https:\/\/pans.krosno.pl\/instytut-humanistyczny\/author\/bartoszgolabek\/"}]}},"_links":{"self":[{"href":"https:\/\/pans.krosno.pl\/instytut-humanistyczny\/wp-json\/wp\/v2\/posts\/873","targetHints":{"allow":["GET"]}}],"collection":[{"href":"https:\/\/pans.krosno.pl\/instytut-humanistyczny\/wp-json\/wp\/v2\/posts"}],"about":[{"href":"https:\/\/pans.krosno.pl\/instytut-humanistyczny\/wp-json\/wp\/v2\/types\/post"}],"author":[{"embeddable":true,"href":"https:\/\/pans.krosno.pl\/instytut-humanistyczny\/wp-json\/wp\/v2\/users\/57"}],"replies":[{"embeddable":true,"href":"https:\/\/pans.krosno.pl\/instytut-humanistyczny\/wp-json\/wp\/v2\/comments?post=873"}],"version-history":[{"count":9,"href":"https:\/\/pans.krosno.pl\/instytut-humanistyczny\/wp-json\/wp\/v2\/posts\/873\/revisions"}],"predecessor-version":[{"id":893,"href":"https:\/\/pans.krosno.pl\/instytut-humanistyczny\/wp-json\/wp\/v2\/posts\/873\/revisions\/893"}],"wp:featuredmedia":[{"embeddable":true,"href":"https:\/\/pans.krosno.pl\/instytut-humanistyczny\/wp-json\/wp\/v2\/media\/875"}],"wp:attachment":[{"href":"https:\/\/pans.krosno.pl\/instytut-humanistyczny\/wp-json\/wp\/v2\/media?parent=873"}],"wp:term":[{"taxonomy":"category","embeddable":true,"href":"https:\/\/pans.krosno.pl\/instytut-humanistyczny\/wp-json\/wp\/v2\/categories?post=873"},{"taxonomy":"post_tag","embeddable":true,"href":"https:\/\/pans.krosno.pl\/instytut-humanistyczny\/wp-json\/wp\/v2\/tags?post=873"}],"curies":[{"name":"wp","href":"https:\/\/api.w.org\/{rel}","templated":true}]}}