{"id":863,"date":"2021-02-21T11:32:53","date_gmt":"2021-02-21T10:32:53","guid":{"rendered":"https:\/\/pans.krosno.pl\/instytut-humanistyczny\/?p=863"},"modified":"2021-02-21T11:39:40","modified_gmt":"2021-02-21T10:39:40","slug":"miedzynarodowy-dzien-jezyka-ojczystego","status":"publish","type":"post","link":"https:\/\/pans.krosno.pl\/instytut-humanistyczny\/miedzynarodowy-dzien-jezyka-ojczystego\/","title":{"rendered":"Mi\u0119dzynarodowy Dzie\u0144 J\u0119zyka Ojczystego"},"content":{"rendered":"\n<figure class=\"wp-block-embed-youtube wp-block-embed is-type-video is-provider-youtube wp-embed-aspect-16-9 wp-has-aspect-ratio\"><div class=\"wp-block-embed__wrapper\">\n<iframe loading=\"lazy\" title=\"Mi\u0119dzynarodowy Dzie\u0144 J\u0119zyka Ojczystego\" width=\"740\" height=\"416\" src=\"https:\/\/www.youtube.com\/embed\/mwkiRRzh6to?feature=oembed\" frameborder=\"0\" allow=\"accelerometer; autoplay; clipboard-write; encrypted-media; gyroscope; picture-in-picture\" allowfullscreen><\/iframe>\n<\/div><\/figure>\n\n\n\n<p>Cho\u0107 taka perspektywa jest kusz\u0105ca, MI\u0118DZYNARODOWY DZIE\u0143 J\u0118ZYKA OJCZYSTEGO zosta\u0142 ustanowiony nie po to, by uczci\u0107 nasz j\u0119zyk ojczysty, czyli nasz\u0105 umi\u0142owan\u0105 polszczyzn\u0119, tylko po to, by\u015bmy wszyscy \u2013 na&nbsp;ca\u0142ym \u015bwiecie \u2013 u\u015bwiadomili sobie, jak wielka jest r\u00f3\u017cnorodno\u015b\u0107 i&nbsp;warto\u015b\u0107 j\u0119zyk\u00f3w ojczystych: regionalnych, narodowych, oficjalnych i&nbsp;nieoficjalnych, tych maj\u0105cych ogromny zasi\u0119g i&nbsp;tych u\u017cytkowanych tylko przez nielicznych. Pami\u0119tajmy, \u017ce dbaj\u0105c o&nbsp;j\u0119zyk, chronimy kultur\u0119 i&nbsp;to\u017csamo\u015b\u0107 kulturow\u0105. MI\u0118DZYNARODOWY DZIE\u0143 J\u0118ZYKA OJCZYSTEGO przypada 21 lutego i&nbsp;zosta\u0142 ustanowiony 21 lat temu (17 listopada 1999 r.) przez UNESCO jako upami\u0119tnienie tragicznego wydarzenia, do&nbsp;kt\u00f3rego dosz\u0142o w&nbsp;1952 r. w&nbsp;Dhace (albo \u2013 je\u015bli wolicie dawniejsz\u0105 wersj\u0119 \u2013 w&nbsp;Dakce), kt\u00f3ra zosta\u0142a p\u00f3\u017aniej stolic\u0105 niepodleg\u0142ego Bangladeszu. Tego dnia zgin\u0119\u0142o pi\u0119ciu student\u00f3w, domagaj\u0105cych si\u0119 nadania j\u0119zykowi bengalskiemu statusu j\u0119zyka urz\u0119dowego. Warto przypomnie\u0107, jak do&nbsp;tego dosz\u0142o. W&nbsp;1947 r. Indie przesta\u0142y by\u0107 koloni\u0105 brytyjsk\u0105, niepodleg\u0142o\u015b\u0107 uzyska\u0142 te\u017c Pakistan, a&nbsp;tereny Bengalu (na kt\u00f3rych znajdowa\u0142a si\u0119 Dhaka) zosta\u0142y podzielone pomi\u0119dzy te dwa pa\u0144stwa. W&nbsp;1948 r. rz\u0105d pakista\u0144ski ustanowi\u0142 j\u0119zyk urdu jako jedyny j\u0119zyk urz\u0119dowy, co spowodowa\u0142o protesty spo\u0142eczno\u015bci zamieszkuj\u0105cej wschodni\u0105 cz\u0119\u015b\u0107 Bengalu i&nbsp;w wi\u0119kszo\u015bci m\u00f3wi\u0105cej po bengalsku (j\u0119zyk ten liczy prawie 200 mln u\u017cytkownik\u00f3w!). Wobec rosn\u0105cych napi\u0119\u0107 etnicznych i&nbsp;powszechnego niezadowolenia z&nbsp;nowego prawa rz\u0105d zakaza\u0142 publicznych zgromadze\u0144 i&nbsp;wiec\u00f3w. Studenci uniwersytetu w&nbsp;Dhace i&nbsp;inni polityczni aktywi\u015bci odrzucili nowe prawo i&nbsp;zorganizowali protest 21 lutego 1952 r. Szacuje si\u0119, \u017ce tego dnia na&nbsp;ulice Dhaki wysz\u0142o prawie 30 tys. os\u00f3b. W&nbsp;wyniku star\u0107 z&nbsp;policj\u0105 zgin\u0119\u0142o pi\u0119ciu student\u00f3w, wiele os\u00f3b zosta\u0142o rannych. \u015amier\u0107 m\u0142odych ludzi wyzwoli\u0142a tak powszechny i&nbsp;silny op\u00f3r obywatelski, \u017ce po latach konfliktu rz\u0105d ust\u0105pi\u0142 i&nbsp;w 1956 r. nada\u0142 j\u0119zykowi bengalskiemu status j\u0119zyka urz\u0119dowego.<strong>\u0179r\u00f3d\u0142o:&nbsp;<\/strong><\/p>\n\n\n\n<p>[B. Umar, The Emergence of Bangladesh. Class Struggles in East Pakistan (1947\u20131958), Oxford 2004].<\/p>\n","protected":false},"excerpt":{"rendered":"<p>Cho\u0107 taka perspektywa jest kusz\u0105ca, MI\u0118DZYNARODOWY DZIE\u0143 J\u0118ZYKA OJCZYSTEGO zosta\u0142 ustanowiony nie po to, by uczci\u0107 nasz j\u0119zyk ojczysty, czyli nasz\u0105 umi\u0142owan\u0105 polszczyzn\u0119, tylko po to, by\u015bmy wszyscy \u2013 na&nbsp;ca\u0142ym \u015bwiecie \u2013 u\u015bwiadomili sobie, jak wielka jest r\u00f3\u017cnorodno\u015b\u0107 i&nbsp;warto\u015b\u0107 j\u0119zyk\u00f3w ojczystych: regionalnych, narodowych, oficjalnych i&nbsp;nieoficjalnych, tych maj\u0105cych ogromny zasi\u0119g i&nbsp;tych [\u2026] <\/p>\n<div class=\"clear\"><\/div>\n<p><a class=\"more_link clearfix\" href=\"https:\/\/pans.krosno.pl\/instytut-humanistyczny\/miedzynarodowy-dzien-jezyka-ojczystego\/\" rel=\"nofollow\">Read More<\/a><\/p>\n","protected":false},"author":57,"featured_media":864,"comment_status":"open","ping_status":"open","sticky":false,"template":"","format":"standard","meta":{"ngg_post_thumbnail":0,"footnotes":""},"categories":[1],"tags":[],"class_list":["post-863","post","type-post","status-publish","format-standard","has-post-thumbnail","hentry","category-bez-kategorii"],"yoast_head":"<!-- This site is optimized with the Yoast SEO Premium plugin v27.4 (Yoast SEO v27.4) - https:\/\/yoast.com\/product\/yoast-seo-premium-wordpress\/ -->\n<title>Mi\u0119dzynarodowy Dzie\u0144 J\u0119zyka Ojczystego - Instytut Humanistyczny PANS w Kro\u015bnie<\/title>\n<meta name=\"robots\" content=\"index, follow, max-snippet:-1, max-image-preview:large, max-video-preview:-1\" \/>\n<link rel=\"canonical\" href=\"https:\/\/pans.krosno.pl\/instytut-humanistyczny\/miedzynarodowy-dzien-jezyka-ojczystego\/\" \/>\n<meta property=\"og:locale\" content=\"pl_PL\" \/>\n<meta property=\"og:type\" content=\"article\" \/>\n<meta property=\"og:title\" content=\"Mi\u0119dzynarodowy Dzie\u0144 J\u0119zyka Ojczystego\" \/>\n<meta property=\"og:description\" content=\"Cho\u0107 taka perspektywa jest kusz\u0105ca, MI\u0118DZYNARODOWY DZIE\u0143 J\u0118ZYKA OJCZYSTEGO zosta\u0142 ustanowiony nie po to, by uczci\u0107 nasz j\u0119zyk ojczysty, czyli nasz\u0105 umi\u0142owan\u0105 polszczyzn\u0119, tylko po to, by\u015bmy wszyscy \u2013 na&nbsp;ca\u0142ym \u015bwiecie \u2013 u\u015bwiadomili sobie, jak wielka jest r\u00f3\u017cnorodno\u015b\u0107 i&nbsp;warto\u015b\u0107 j\u0119zyk\u00f3w ojczystych: regionalnych, narodowych, oficjalnych i&nbsp;nieoficjalnych, tych maj\u0105cych ogromny zasi\u0119g i&nbsp;tych [\u2026] Read More\" \/>\n<meta property=\"og:url\" content=\"https:\/\/pans.krosno.pl\/instytut-humanistyczny\/miedzynarodowy-dzien-jezyka-ojczystego\/\" \/>\n<meta property=\"og:site_name\" content=\"Instytut Humanistyczny PANS w Kro\u015bnie\" \/>\n<meta property=\"article:published_time\" content=\"2021-02-21T10:32:53+00:00\" \/>\n<meta property=\"article:modified_time\" content=\"2021-02-21T10:39:40+00:00\" \/>\n<meta property=\"og:image\" content=\"https:\/\/pans.krosno.pl\/wp-content\/uploads\/sites\/9\/2021\/02\/NCK-ojczysty-dodaj.png\" \/>\n\t<meta property=\"og:image:width\" content=\"314\" \/>\n\t<meta property=\"og:image:height\" content=\"241\" \/>\n\t<meta property=\"og:image:type\" content=\"image\/png\" \/>\n<meta name=\"author\" content=\"Bartosz Go\u0142\u0105bek\" \/>\n<meta name=\"twitter:card\" content=\"summary_large_image\" \/>\n<meta name=\"twitter:label1\" content=\"Napisane przez\" \/>\n\t<meta name=\"twitter:data1\" content=\"Bartosz Go\u0142\u0105bek\" \/>\n\t<meta name=\"twitter:label2\" content=\"Szacowany czas czytania\" \/>\n\t<meta name=\"twitter:data2\" content=\"2 minuty\" \/>\n<script type=\"application\/ld+json\" class=\"yoast-schema-graph\">{\"@context\":\"https:\\\/\\\/schema.org\",\"@graph\":[{\"@type\":\"Article\",\"@id\":\"https:\\\/\\\/pans.krosno.pl\\\/instytut-humanistyczny\\\/miedzynarodowy-dzien-jezyka-ojczystego\\\/#article\",\"isPartOf\":{\"@id\":\"https:\\\/\\\/pans.krosno.pl\\\/instytut-humanistyczny\\\/miedzynarodowy-dzien-jezyka-ojczystego\\\/\"},\"author\":{\"name\":\"Bartosz Go\u0142\u0105bek\",\"@id\":\"https:\\\/\\\/pans.krosno.pl\\\/instytut-humanistyczny\\\/#\\\/schema\\\/person\\\/cb70195a5aeabe88d51256d821faa2d9\"},\"headline\":\"Mi\u0119dzynarodowy Dzie\u0144 J\u0119zyka Ojczystego\",\"datePublished\":\"2021-02-21T10:32:53+00:00\",\"dateModified\":\"2021-02-21T10:39:40+00:00\",\"mainEntityOfPage\":{\"@id\":\"https:\\\/\\\/pans.krosno.pl\\\/instytut-humanistyczny\\\/miedzynarodowy-dzien-jezyka-ojczystego\\\/\"},\"wordCount\":396,\"commentCount\":0,\"publisher\":{\"@id\":\"https:\\\/\\\/pans.krosno.pl\\\/instytut-humanistyczny\\\/#organization\"},\"image\":{\"@id\":\"https:\\\/\\\/pans.krosno.pl\\\/instytut-humanistyczny\\\/miedzynarodowy-dzien-jezyka-ojczystego\\\/#primaryimage\"},\"thumbnailUrl\":\"https:\\\/\\\/pans.krosno.pl\\\/instytut-humanistyczny\\\/wp-content\\\/uploads\\\/sites\\\/9\\\/2021\\\/02\\\/NCK-ojczysty-dodaj.png\",\"inLanguage\":\"pl-PL\",\"potentialAction\":[{\"@type\":\"CommentAction\",\"name\":\"Comment\",\"target\":[\"https:\\\/\\\/pans.krosno.pl\\\/instytut-humanistyczny\\\/miedzynarodowy-dzien-jezyka-ojczystego\\\/#respond\"]}]},{\"@type\":\"WebPage\",\"@id\":\"https:\\\/\\\/pans.krosno.pl\\\/instytut-humanistyczny\\\/miedzynarodowy-dzien-jezyka-ojczystego\\\/\",\"url\":\"https:\\\/\\\/pans.krosno.pl\\\/instytut-humanistyczny\\\/miedzynarodowy-dzien-jezyka-ojczystego\\\/\",\"name\":\"Mi\u0119dzynarodowy Dzie\u0144 J\u0119zyka Ojczystego - Instytut Humanistyczny PANS w Kro\u015bnie\",\"isPartOf\":{\"@id\":\"https:\\\/\\\/pans.krosno.pl\\\/instytut-humanistyczny\\\/#website\"},\"primaryImageOfPage\":{\"@id\":\"https:\\\/\\\/pans.krosno.pl\\\/instytut-humanistyczny\\\/miedzynarodowy-dzien-jezyka-ojczystego\\\/#primaryimage\"},\"image\":{\"@id\":\"https:\\\/\\\/pans.krosno.pl\\\/instytut-humanistyczny\\\/miedzynarodowy-dzien-jezyka-ojczystego\\\/#primaryimage\"},\"thumbnailUrl\":\"https:\\\/\\\/pans.krosno.pl\\\/instytut-humanistyczny\\\/wp-content\\\/uploads\\\/sites\\\/9\\\/2021\\\/02\\\/NCK-ojczysty-dodaj.png\",\"datePublished\":\"2021-02-21T10:32:53+00:00\",\"dateModified\":\"2021-02-21T10:39:40+00:00\",\"breadcrumb\":{\"@id\":\"https:\\\/\\\/pans.krosno.pl\\\/instytut-humanistyczny\\\/miedzynarodowy-dzien-jezyka-ojczystego\\\/#breadcrumb\"},\"inLanguage\":\"pl-PL\",\"potentialAction\":[{\"@type\":\"ReadAction\",\"target\":[\"https:\\\/\\\/pans.krosno.pl\\\/instytut-humanistyczny\\\/miedzynarodowy-dzien-jezyka-ojczystego\\\/\"]}]},{\"@type\":\"ImageObject\",\"inLanguage\":\"pl-PL\",\"@id\":\"https:\\\/\\\/pans.krosno.pl\\\/instytut-humanistyczny\\\/miedzynarodowy-dzien-jezyka-ojczystego\\\/#primaryimage\",\"url\":\"https:\\\/\\\/pans.krosno.pl\\\/instytut-humanistyczny\\\/wp-content\\\/uploads\\\/sites\\\/9\\\/2021\\\/02\\\/NCK-ojczysty-dodaj.png\",\"contentUrl\":\"https:\\\/\\\/pans.krosno.pl\\\/instytut-humanistyczny\\\/wp-content\\\/uploads\\\/sites\\\/9\\\/2021\\\/02\\\/NCK-ojczysty-dodaj.png\",\"width\":314,\"height\":241},{\"@type\":\"BreadcrumbList\",\"@id\":\"https:\\\/\\\/pans.krosno.pl\\\/instytut-humanistyczny\\\/miedzynarodowy-dzien-jezyka-ojczystego\\\/#breadcrumb\",\"itemListElement\":[{\"@type\":\"ListItem\",\"position\":1,\"name\":\"Strona g\u0142\u00f3wna\",\"item\":\"https:\\\/\\\/pans.krosno.pl\\\/instytut-humanistyczny\\\/\"},{\"@type\":\"ListItem\",\"position\":2,\"name\":\"Mi\u0119dzynarodowy Dzie\u0144 J\u0119zyka Ojczystego\"}]},{\"@type\":\"WebSite\",\"@id\":\"https:\\\/\\\/pans.krosno.pl\\\/instytut-humanistyczny\\\/#website\",\"url\":\"https:\\\/\\\/pans.krosno.pl\\\/instytut-humanistyczny\\\/\",\"name\":\"Instytut Humanistyczny PANS w Kro\u015bnie\",\"description\":\"Instytut Humanistyczny - Pa\u0144stwowa Akademia Nauk Stosowanych\",\"publisher\":{\"@id\":\"https:\\\/\\\/pans.krosno.pl\\\/instytut-humanistyczny\\\/#organization\"},\"potentialAction\":[{\"@type\":\"SearchAction\",\"target\":{\"@type\":\"EntryPoint\",\"urlTemplate\":\"https:\\\/\\\/pans.krosno.pl\\\/instytut-humanistyczny\\\/?s={search_term_string}\"},\"query-input\":{\"@type\":\"PropertyValueSpecification\",\"valueRequired\":true,\"valueName\":\"search_term_string\"}}],\"inLanguage\":\"pl-PL\"},{\"@type\":\"Organization\",\"@id\":\"https:\\\/\\\/pans.krosno.pl\\\/instytut-humanistyczny\\\/#organization\",\"name\":\"Instytut Humanistyczny PANS w Kro\u015bnie\",\"url\":\"https:\\\/\\\/pans.krosno.pl\\\/instytut-humanistyczny\\\/\",\"logo\":{\"@type\":\"ImageObject\",\"inLanguage\":\"pl-PL\",\"@id\":\"https:\\\/\\\/pans.krosno.pl\\\/instytut-humanistyczny\\\/#\\\/schema\\\/logo\\\/image\\\/\",\"url\":\"https:\\\/\\\/pans.krosno.pl\\\/instytut-humanistyczny\\\/wp-content\\\/uploads\\\/sites\\\/9\\\/2023\\\/01\\\/Logo-PANS-2022-pelne.png\",\"contentUrl\":\"https:\\\/\\\/pans.krosno.pl\\\/instytut-humanistyczny\\\/wp-content\\\/uploads\\\/sites\\\/9\\\/2023\\\/01\\\/Logo-PANS-2022-pelne.png\",\"width\":3096,\"height\":696,\"caption\":\"Instytut Humanistyczny PANS w Kro\u015bnie\"},\"image\":{\"@id\":\"https:\\\/\\\/pans.krosno.pl\\\/instytut-humanistyczny\\\/#\\\/schema\\\/logo\\\/image\\\/\"}},{\"@type\":\"Person\",\"@id\":\"https:\\\/\\\/pans.krosno.pl\\\/instytut-humanistyczny\\\/#\\\/schema\\\/person\\\/cb70195a5aeabe88d51256d821faa2d9\",\"name\":\"Bartosz Go\u0142\u0105bek\",\"image\":{\"@type\":\"ImageObject\",\"inLanguage\":\"pl-PL\",\"@id\":\"https:\\\/\\\/secure.gravatar.com\\\/avatar\\\/ad10819676385baed8ebd4d7be0d4ba77dd5fdc0f4779d414dea3126fd3aec33?s=96&d=mm&r=g\",\"url\":\"https:\\\/\\\/secure.gravatar.com\\\/avatar\\\/ad10819676385baed8ebd4d7be0d4ba77dd5fdc0f4779d414dea3126fd3aec33?s=96&d=mm&r=g\",\"contentUrl\":\"https:\\\/\\\/secure.gravatar.com\\\/avatar\\\/ad10819676385baed8ebd4d7be0d4ba77dd5fdc0f4779d414dea3126fd3aec33?s=96&d=mm&r=g\",\"caption\":\"Bartosz Go\u0142\u0105bek\"},\"description\":\"dr Bartosz Go\u0142\u0105bek Dyrektor Instytutu Humanistycznego Karpacka Pa\u0144stwowa Uczelnia w Kro\u015bnie (dawniej PWSZ)\",\"url\":\"https:\\\/\\\/pans.krosno.pl\\\/instytut-humanistyczny\\\/author\\\/bartoszgolabek\\\/\"}]}<\/script>\n<!-- \/ Yoast SEO Premium plugin. -->","yoast_head_json":{"title":"Mi\u0119dzynarodowy Dzie\u0144 J\u0119zyka Ojczystego - Instytut Humanistyczny PANS w Kro\u015bnie","robots":{"index":"index","follow":"follow","max-snippet":"max-snippet:-1","max-image-preview":"max-image-preview:large","max-video-preview":"max-video-preview:-1"},"canonical":"https:\/\/pans.krosno.pl\/instytut-humanistyczny\/miedzynarodowy-dzien-jezyka-ojczystego\/","og_locale":"pl_PL","og_type":"article","og_title":"Mi\u0119dzynarodowy Dzie\u0144 J\u0119zyka Ojczystego","og_description":"Cho\u0107 taka perspektywa jest kusz\u0105ca, MI\u0118DZYNARODOWY DZIE\u0143 J\u0118ZYKA OJCZYSTEGO zosta\u0142 ustanowiony nie po to, by uczci\u0107 nasz j\u0119zyk ojczysty, czyli nasz\u0105 umi\u0142owan\u0105 polszczyzn\u0119, tylko po to, by\u015bmy wszyscy \u2013 na&nbsp;ca\u0142ym \u015bwiecie \u2013 u\u015bwiadomili sobie, jak wielka jest r\u00f3\u017cnorodno\u015b\u0107 i&nbsp;warto\u015b\u0107 j\u0119zyk\u00f3w ojczystych: regionalnych, narodowych, oficjalnych i&nbsp;nieoficjalnych, tych maj\u0105cych ogromny zasi\u0119g i&nbsp;tych [\u2026] Read More","og_url":"https:\/\/pans.krosno.pl\/instytut-humanistyczny\/miedzynarodowy-dzien-jezyka-ojczystego\/","og_site_name":"Instytut Humanistyczny PANS w Kro\u015bnie","article_published_time":"2021-02-21T10:32:53+00:00","article_modified_time":"2021-02-21T10:39:40+00:00","og_image":[{"width":314,"height":241,"url":"https:\/\/pans.krosno.pl\/wp-content\/uploads\/sites\/9\/2021\/02\/NCK-ojczysty-dodaj.png","type":"image\/png"}],"author":"Bartosz Go\u0142\u0105bek","twitter_card":"summary_large_image","twitter_misc":{"Napisane przez":"Bartosz Go\u0142\u0105bek","Szacowany czas czytania":"2 minuty"},"schema":{"@context":"https:\/\/schema.org","@graph":[{"@type":"Article","@id":"https:\/\/pans.krosno.pl\/instytut-humanistyczny\/miedzynarodowy-dzien-jezyka-ojczystego\/#article","isPartOf":{"@id":"https:\/\/pans.krosno.pl\/instytut-humanistyczny\/miedzynarodowy-dzien-jezyka-ojczystego\/"},"author":{"name":"Bartosz Go\u0142\u0105bek","@id":"https:\/\/pans.krosno.pl\/instytut-humanistyczny\/#\/schema\/person\/cb70195a5aeabe88d51256d821faa2d9"},"headline":"Mi\u0119dzynarodowy Dzie\u0144 J\u0119zyka Ojczystego","datePublished":"2021-02-21T10:32:53+00:00","dateModified":"2021-02-21T10:39:40+00:00","mainEntityOfPage":{"@id":"https:\/\/pans.krosno.pl\/instytut-humanistyczny\/miedzynarodowy-dzien-jezyka-ojczystego\/"},"wordCount":396,"commentCount":0,"publisher":{"@id":"https:\/\/pans.krosno.pl\/instytut-humanistyczny\/#organization"},"image":{"@id":"https:\/\/pans.krosno.pl\/instytut-humanistyczny\/miedzynarodowy-dzien-jezyka-ojczystego\/#primaryimage"},"thumbnailUrl":"https:\/\/pans.krosno.pl\/instytut-humanistyczny\/wp-content\/uploads\/sites\/9\/2021\/02\/NCK-ojczysty-dodaj.png","inLanguage":"pl-PL","potentialAction":[{"@type":"CommentAction","name":"Comment","target":["https:\/\/pans.krosno.pl\/instytut-humanistyczny\/miedzynarodowy-dzien-jezyka-ojczystego\/#respond"]}]},{"@type":"WebPage","@id":"https:\/\/pans.krosno.pl\/instytut-humanistyczny\/miedzynarodowy-dzien-jezyka-ojczystego\/","url":"https:\/\/pans.krosno.pl\/instytut-humanistyczny\/miedzynarodowy-dzien-jezyka-ojczystego\/","name":"Mi\u0119dzynarodowy Dzie\u0144 J\u0119zyka Ojczystego - Instytut Humanistyczny PANS w Kro\u015bnie","isPartOf":{"@id":"https:\/\/pans.krosno.pl\/instytut-humanistyczny\/#website"},"primaryImageOfPage":{"@id":"https:\/\/pans.krosno.pl\/instytut-humanistyczny\/miedzynarodowy-dzien-jezyka-ojczystego\/#primaryimage"},"image":{"@id":"https:\/\/pans.krosno.pl\/instytut-humanistyczny\/miedzynarodowy-dzien-jezyka-ojczystego\/#primaryimage"},"thumbnailUrl":"https:\/\/pans.krosno.pl\/instytut-humanistyczny\/wp-content\/uploads\/sites\/9\/2021\/02\/NCK-ojczysty-dodaj.png","datePublished":"2021-02-21T10:32:53+00:00","dateModified":"2021-02-21T10:39:40+00:00","breadcrumb":{"@id":"https:\/\/pans.krosno.pl\/instytut-humanistyczny\/miedzynarodowy-dzien-jezyka-ojczystego\/#breadcrumb"},"inLanguage":"pl-PL","potentialAction":[{"@type":"ReadAction","target":["https:\/\/pans.krosno.pl\/instytut-humanistyczny\/miedzynarodowy-dzien-jezyka-ojczystego\/"]}]},{"@type":"ImageObject","inLanguage":"pl-PL","@id":"https:\/\/pans.krosno.pl\/instytut-humanistyczny\/miedzynarodowy-dzien-jezyka-ojczystego\/#primaryimage","url":"https:\/\/pans.krosno.pl\/instytut-humanistyczny\/wp-content\/uploads\/sites\/9\/2021\/02\/NCK-ojczysty-dodaj.png","contentUrl":"https:\/\/pans.krosno.pl\/instytut-humanistyczny\/wp-content\/uploads\/sites\/9\/2021\/02\/NCK-ojczysty-dodaj.png","width":314,"height":241},{"@type":"BreadcrumbList","@id":"https:\/\/pans.krosno.pl\/instytut-humanistyczny\/miedzynarodowy-dzien-jezyka-ojczystego\/#breadcrumb","itemListElement":[{"@type":"ListItem","position":1,"name":"Strona g\u0142\u00f3wna","item":"https:\/\/pans.krosno.pl\/instytut-humanistyczny\/"},{"@type":"ListItem","position":2,"name":"Mi\u0119dzynarodowy Dzie\u0144 J\u0119zyka Ojczystego"}]},{"@type":"WebSite","@id":"https:\/\/pans.krosno.pl\/instytut-humanistyczny\/#website","url":"https:\/\/pans.krosno.pl\/instytut-humanistyczny\/","name":"Instytut Humanistyczny PANS w Kro\u015bnie","description":"Instytut Humanistyczny - Pa\u0144stwowa Akademia Nauk Stosowanych","publisher":{"@id":"https:\/\/pans.krosno.pl\/instytut-humanistyczny\/#organization"},"potentialAction":[{"@type":"SearchAction","target":{"@type":"EntryPoint","urlTemplate":"https:\/\/pans.krosno.pl\/instytut-humanistyczny\/?s={search_term_string}"},"query-input":{"@type":"PropertyValueSpecification","valueRequired":true,"valueName":"search_term_string"}}],"inLanguage":"pl-PL"},{"@type":"Organization","@id":"https:\/\/pans.krosno.pl\/instytut-humanistyczny\/#organization","name":"Instytut Humanistyczny PANS w Kro\u015bnie","url":"https:\/\/pans.krosno.pl\/instytut-humanistyczny\/","logo":{"@type":"ImageObject","inLanguage":"pl-PL","@id":"https:\/\/pans.krosno.pl\/instytut-humanistyczny\/#\/schema\/logo\/image\/","url":"https:\/\/pans.krosno.pl\/instytut-humanistyczny\/wp-content\/uploads\/sites\/9\/2023\/01\/Logo-PANS-2022-pelne.png","contentUrl":"https:\/\/pans.krosno.pl\/instytut-humanistyczny\/wp-content\/uploads\/sites\/9\/2023\/01\/Logo-PANS-2022-pelne.png","width":3096,"height":696,"caption":"Instytut Humanistyczny PANS w Kro\u015bnie"},"image":{"@id":"https:\/\/pans.krosno.pl\/instytut-humanistyczny\/#\/schema\/logo\/image\/"}},{"@type":"Person","@id":"https:\/\/pans.krosno.pl\/instytut-humanistyczny\/#\/schema\/person\/cb70195a5aeabe88d51256d821faa2d9","name":"Bartosz Go\u0142\u0105bek","image":{"@type":"ImageObject","inLanguage":"pl-PL","@id":"https:\/\/secure.gravatar.com\/avatar\/ad10819676385baed8ebd4d7be0d4ba77dd5fdc0f4779d414dea3126fd3aec33?s=96&d=mm&r=g","url":"https:\/\/secure.gravatar.com\/avatar\/ad10819676385baed8ebd4d7be0d4ba77dd5fdc0f4779d414dea3126fd3aec33?s=96&d=mm&r=g","contentUrl":"https:\/\/secure.gravatar.com\/avatar\/ad10819676385baed8ebd4d7be0d4ba77dd5fdc0f4779d414dea3126fd3aec33?s=96&d=mm&r=g","caption":"Bartosz Go\u0142\u0105bek"},"description":"dr Bartosz Go\u0142\u0105bek Dyrektor Instytutu Humanistycznego Karpacka Pa\u0144stwowa Uczelnia w Kro\u015bnie (dawniej PWSZ)","url":"https:\/\/pans.krosno.pl\/instytut-humanistyczny\/author\/bartoszgolabek\/"}]}},"_links":{"self":[{"href":"https:\/\/pans.krosno.pl\/instytut-humanistyczny\/wp-json\/wp\/v2\/posts\/863","targetHints":{"allow":["GET"]}}],"collection":[{"href":"https:\/\/pans.krosno.pl\/instytut-humanistyczny\/wp-json\/wp\/v2\/posts"}],"about":[{"href":"https:\/\/pans.krosno.pl\/instytut-humanistyczny\/wp-json\/wp\/v2\/types\/post"}],"author":[{"embeddable":true,"href":"https:\/\/pans.krosno.pl\/instytut-humanistyczny\/wp-json\/wp\/v2\/users\/57"}],"replies":[{"embeddable":true,"href":"https:\/\/pans.krosno.pl\/instytut-humanistyczny\/wp-json\/wp\/v2\/comments?post=863"}],"version-history":[{"count":4,"href":"https:\/\/pans.krosno.pl\/instytut-humanistyczny\/wp-json\/wp\/v2\/posts\/863\/revisions"}],"predecessor-version":[{"id":871,"href":"https:\/\/pans.krosno.pl\/instytut-humanistyczny\/wp-json\/wp\/v2\/posts\/863\/revisions\/871"}],"wp:featuredmedia":[{"embeddable":true,"href":"https:\/\/pans.krosno.pl\/instytut-humanistyczny\/wp-json\/wp\/v2\/media\/864"}],"wp:attachment":[{"href":"https:\/\/pans.krosno.pl\/instytut-humanistyczny\/wp-json\/wp\/v2\/media?parent=863"}],"wp:term":[{"taxonomy":"category","embeddable":true,"href":"https:\/\/pans.krosno.pl\/instytut-humanistyczny\/wp-json\/wp\/v2\/categories?post=863"},{"taxonomy":"post_tag","embeddable":true,"href":"https:\/\/pans.krosno.pl\/instytut-humanistyczny\/wp-json\/wp\/v2\/tags?post=863"}],"curies":[{"name":"wp","href":"https:\/\/api.w.org\/{rel}","templated":true}]}}