{"id":858,"date":"2021-02-15T08:13:22","date_gmt":"2021-02-15T07:13:22","guid":{"rendered":"https:\/\/pans.krosno.pl\/instytut-humanistyczny\/?p=858"},"modified":"2021-02-15T08:13:23","modified_gmt":"2021-02-15T07:13:23","slug":"wolne-miejsca-na-zajeciach-global-understanding-w-semestrze-letnim-2020-2021","status":"publish","type":"post","link":"https:\/\/pans.krosno.pl\/instytut-humanistyczny\/wolne-miejsca-na-zajeciach-global-understanding-w-semestrze-letnim-2020-2021\/","title":{"rendered":"Wolne miejsca na zaj\u0119ciach GLOBAL UNDERSTANDING w semestrze letnim  2020\/2021"},"content":{"rendered":"\n<p>Mamy kilka wolnych miejsc w grupie Global Understanding na semestr letni 2020\/2021. Zapraszamy do udzia\u0142u w zaj\u0119ciach wszystkich student\u00f3w KPU, kt\u00f3rzy chcieliby po\u0107wiczy\u0107 umiej\u0119tno\u015b\u0107 komunikacji mi\u0119dzykulturowej w j\u0119zyku angielskim i m\u00f3c pochwali\u0107 si\u0119 udzia\u0142em w mi\u0119dzynarodowym projekcie. <\/p>\n\n\n\n<p>Program obejmuje 15 spotka\u0144 ze studentami z ESAN University w <strong>Peru <\/strong>i East Carolina University w <strong>USA <\/strong>we wtorki i czwartki mi\u0119dzy 9 marca a 15 czerwca w godzinach popo\u0142udniowych.<\/p>\n\n\n\n<p>Zainteresowanych do\u0142\u0105czeniem do grupy prosimy o kontakt mailowy: <a href=\"mailto:katarzyna.dziemian@pans.krosno.pl\">katarzyna.dziemian@pans.krosno.pl<\/a> <\/p>\n\n\n\n<figure class=\"wp-block-image size-large\"><img loading=\"lazy\" decoding=\"async\" width=\"1024\" height=\"576\" src=\"https:\/\/pans.krosno.pl\/instytut-humanistyczny\/wp-content\/uploads\/sites\/9\/2021\/02\/GLOBAL-zdjecie-dla-przyciagniecia-uwagi-1024x576.png\" alt=\"\" class=\"wp-image-859\" srcset=\"https:\/\/pans.krosno.pl\/instytut-humanistyczny\/wp-content\/uploads\/sites\/9\/2021\/02\/GLOBAL-zdjecie-dla-przyciagniecia-uwagi-1024x576.png 1024w, https:\/\/pans.krosno.pl\/instytut-humanistyczny\/wp-content\/uploads\/sites\/9\/2021\/02\/GLOBAL-zdjecie-dla-przyciagniecia-uwagi-300x169.png 300w, https:\/\/pans.krosno.pl\/instytut-humanistyczny\/wp-content\/uploads\/sites\/9\/2021\/02\/GLOBAL-zdjecie-dla-przyciagniecia-uwagi-768x432.png 768w, https:\/\/pans.krosno.pl\/instytut-humanistyczny\/wp-content\/uploads\/sites\/9\/2021\/02\/GLOBAL-zdjecie-dla-przyciagniecia-uwagi-800x450.png 800w, https:\/\/pans.krosno.pl\/instytut-humanistyczny\/wp-content\/uploads\/sites\/9\/2021\/02\/GLOBAL-zdjecie-dla-przyciagniecia-uwagi-270x152.png 270w, https:\/\/pans.krosno.pl\/instytut-humanistyczny\/wp-content\/uploads\/sites\/9\/2021\/02\/GLOBAL-zdjecie-dla-przyciagniecia-uwagi-580x326.png 580w, https:\/\/pans.krosno.pl\/instytut-humanistyczny\/wp-content\/uploads\/sites\/9\/2021\/02\/GLOBAL-zdjecie-dla-przyciagniecia-uwagi.png 1152w\" sizes=\"auto, (max-width: 1024px) 100vw, 1024px\" \/><\/figure>\n\n\n\n<p><strong>Global Understanding \u2013 okno na \u015bwiat<\/strong><\/p>\n\n\n\n<p>Znasz j\u0119zyk angielski? A mo\u017ce tylko tak Ci si\u0119 wydaje?<\/p>\n\n\n\n<p>W dzisiejszych czasach sama znajomo\u015b\u0107 j\u0119zyka nie wystarcza do satysfakcjonuj\u0105cej komunikacji z lud\u017ami z innych kraj\u00f3w, zw\u0142aszcza w przypadku rozm\u00f3w biznesowych lub t\u0142umacze\u0144. Bardzo wa\u017cne jest r\u00f3wnie\u017c zrozumienie kultury danego kraju lub spo\u0142eczno\u015bci, a tak\u017ce zauwa\u017cenie istniej\u0105cych mi\u0119dzy nami r\u00f3\u017cnic i podobie\u0144stw. Wsp\u00f3\u0142cze\u015bnie m\u00f3wi si\u0119 o \u015bwiecie jako o globalnej wiosce, mo\u017cemy wi\u0119c nie zdawa\u0107 sobie sprawy z tego, jak r\u00f3\u017cne kulturowo s\u0105 niekt\u00f3re kraje, ale te\u017c, z drugiej strony, nie dostrzega\u0107 \u0142\u0105cz\u0105cych ich podobie\u0144stw.<\/p>\n\n\n\n<p>Najlepszym sposobem na poznanie innej kultury jest odwiedzenie tego kraju, jednak nie zawsze jest to proste. Takie wycieczki kosztuj\u0105, a my mo\u017cemy nie mie\u0107 pieni\u0119dzy, czasu lub po prostu okazji. Kolejn\u0105 dobr\u0105 metod\u0105 by\u0142aby komunikacja internetowa. Niestety, s\u0105 osoby zbyt nie\u015bmia\u0142e, aby rozpocz\u0105\u0107 rozmow\u0119 z kim\u015b przez internet, a czasami mo\u017ce to by\u0107 po prostu niebezpieczne, jako \u017ce nie mamy pewno\u015bci, kto jest po drugiej stronie. Dlatego w\u0142a\u015bnie zaj\u0119cia z Global Understanding, kt\u00f3re oferuje nasza uczelnia, s\u0105 tak bardzo przydatne.<\/p>\n\n\n\n<p>Co to jest Global Understanding?<\/p>\n\n\n\n<p>Na oficjalnej stronie mo\u017cemy przeczyta\u0107: \u201eGlobal Partners in Education (GPE) jest to organizacja zrzeszaj\u0105ca Instytucje Wy\u017cszej Edukacji, kt\u00f3re zobowi\u0105za\u0142y si\u0119 zapewni\u0107 studentom okazj\u0119 do rzeczowego i maj\u0105cego pozytywny wp\u0142yw do\u015bwiadczenia mi\u0119dzynarodowej edukacji poprzez Global Virtual Exchange (GVE). Naszym celem jest przygotowanie student\u00f3w do odnoszenia sukces\u00f3w w coraz bardziej po\u0142\u0105czonym \u015bwiecie. W tym celu zapewniamy lepszy dost\u0119p do sytuacji, kt\u00f3re mog\u0105 pom\u00f3c im rozwin\u0105\u0107 umiej\u0119tno\u015bci mi\u0119dzynarodowej komunikacji i wsp\u00f3\u0142pracy, niezb\u0119dne do efektywnego funkcjonowania w zr\u00f3\u017cnicowanych kulturowo \u015brodowiskach\u201d (t\u0142umaczenie w\u0142asne) Do programu nale\u017cy 47 instytucji z 29 kraj\u00f3w, takich jak USA, Japonia, Francja czy Peru.<\/p>\n\n\n\n<p>No dobrze, ale jak to wygl\u0105da?<\/p>\n\n\n\n<p>W praktyce oznacza to, \u017ce nasza uczelnia zapewnia nam kontakt \u201ena \u017cywo\u201d ze studentami z innych kraj\u00f3w w formie rozm\u00f3w telekonferencyjnych oraz czat\u00f3w. Osoby, kt\u00f3re obawiaj\u0105 si\u0119 braku tematu do rozm\u00f3w, mog\u0119 uspokoi\u0107. Ka\u017cde zaj\u0119cia maj\u0105 \u201emotyw przewodni\u201d. Za ka\u017cdym razem podawany jest temat, wi\u0119c mo\u017cna tak\u017ce si\u0119 przygotowa\u0107, co nie oznacza jednak, \u017ce nie mo\u017cna zboczy\u0107 nieco od g\u0142\u00f3wnego w\u0105tku i porozmawia\u0107 o czym\u015b, co nas szczeg\u00f3lnie interesuje. Zaczynaj\u0105c rozmow\u0119 o rodzinie, bardzo \u0142atwo mo\u017cna przej\u015b\u0107 do gier komputerowych, kultury picia alkoholu w danym kraju lub nawet do Lataj\u0105cego Potwora Spaghetti. Zaj\u0119cia prowadzone s\u0105 w mi\u0142ej i lu\u017anej atmosferze. Gdy pojawia si\u0119 pytanie, na kt\u00f3re nie mamy ochoty odpowiada\u0107, nie jeste\u015bmy do tego zmuszani. W razie jakichkolwiek problem\u00f3w zawsze mo\u017cemy zasi\u0119gn\u0105\u0107 pomocy wyk\u0142adowcy prowadz\u0105cego zaj\u0119cia. Kontaktujemy si\u0119 r\u00f3wnie\u017c z naszymi wyznaczonymi partnerami na innych platformach Mo\u017ce si\u0119 to odbywa\u0107 poprzez maila lub media spo\u0142eczno\u015bciowe typu Facebook czy Instagram. Jest to doskona\u0142a metoda na zawarcie nowych przyja\u017ani, kt\u00f3re mog\u0105 przetrwa\u0107 nawet po zako\u0144czeniu programu. To tak\u017ce \u015bwietna okazja, aby pozna\u0107 nie tylko kultur\u0119 innych kraj\u00f3w, ale r\u00f3wnie\u017c swojego w\u0142asnego, czy to s\u0142uchaj\u0105c wypowiedzi innych, czy odpowiadaj\u0105c na pytania student\u00f3w z innych pa\u0144stw. Mo\u017cemy czasem nie zdawa\u0107 sobie sprawy, jak r\u00f3\u017cnorodne, ciekawe, a nawet dziwne mog\u0105 by\u0107 nasze codzienne zwyczaje. Najwi\u0119kszym zainteresowaniem student\u00f3w \u201epo drugiej stronie\u201d ciesz\u0105 si\u0119 zwykle imieniny oraz tzw. lany poniedzia\u0142ek. Gdy poprosi\u0142am mojego partnera z Francji o przemy\u015blenia z zaj\u0119\u0107, jedn\u0105 z rzeczy, jakie napisa\u0142 by\u0142o: \u201eMokry poniedzia\u0142ek jest ciekawy (u nas mamy [dzie\u0144] o nazwie \u2018Poisson d\u2019Avril\u2019\u00e0 April fish Day (Kwietniowy Dzie\u0144 Ryby)\u201d (t\u0142umaczenie w\u0142asne). Te zaj\u0119cia s\u0105 tak\u017ce okazj\u0105 na pokazanie naszej kultury z lepszej strony. \u201eWe Francji uwa\u017cali\u015bmy, \u017ce Polacy s\u0105 zawsze przygn\u0119bieni i nigdy si\u0119 nie u\u015bmiechaj\u0105, jednak podczas naszych wideokonferencji \u015bmiali\u015bmy si\u0119 i opowiadali\u015bmy \u017carty w trakcie tej trudnej sytuacji [epidemii]. Nadal mam koszmary o tym lataj\u0105cym bogu spaghetti.\u201d<\/p>\n\n\n\n<p>Zaj\u0119cia jak ka\u017cde inne?<\/p>\n\n\n\n<p>Jest to te\u017c \u015bwietna okazja, aby przekona\u0107 si\u0119, jak bogaty jest nasz zas\u00f3b s\u0142ownictwa, nie tylko akademicki, ale r\u00f3wnie\u017c ten potrzebny do codziennej konwersacji, gdy\u017c, rozmawiaj\u0105c na \u017cywo, nie mamy czasu zagl\u0105da\u0107 do s\u0142ownik\u00f3w i po pewnym czasie po prostu wczuwamy si\u0119 w rozmow\u0119 i zapominamy o tym, \u017ce jeste\u015bmy na zaj\u0119ciach. Spotkania te s\u0105 r\u00f3wnie\u017c doskona\u0142\u0105 odskoczni\u0105 od standardowych wyk\u0142ad\u00f3w i zaj\u0119\u0107 z gramatyki lub innego tego typu nauki j\u0119zyka w klasach, do czego jeste\u015bmy przyzwyczajeni. Tutaj, zamiast czyta\u0107 przyk\u0142ady z ksi\u0105\u017cek, kt\u00f3re mog\u0105 ju\u017c by\u0107 nieaktualne, wdajemy si\u0119 w interakcje z prawdziwymi lud\u017ami, kt\u00f3rzy odpowiadaj\u0105 na \u017cywo, opowiadaj\u0105 nam w\u0142asne historie z prawdziwego \u017cycia. Ponadto s\u0105 to dobre zaj\u0119cia dla os\u00f3b, kt\u00f3re du\u017co podr\u00f3\u017cuj\u0105, jednak poznaj\u0105 kraje tylko z perspektywy turysty i chcia\u0142yby si\u0119 przekona\u0107, jak wygl\u0105da codzienne \u017cycie mieszkaj\u0105cych tam ludzi, jakie s\u0105 ich marzenia, nadzieje i plany na przysz\u0142o\u015b\u0107. Jak pisze jeden ze student\u00f3w bior\u0105cych udzia\u0142 w tych zaj\u0119ciach: \u201eMieszka\u0142em za granic\u0105 przez wiele lat i mia\u0142em styczno\u015b\u0107 z obc\u0105 kultur\u0105. Bardzo mi si\u0119 to podoba\u0142o. Nauczy\u0142em i zrozumia\u0142em wiele rzeczy. To by\u0142o do\u015bwiadczenie otwieraj\u0105ce oczy. Do zaj\u0119\u0107 Global Understanding podszed\u0142em z otwartym umys\u0142em i ciekawo\u015bci\u0105, maj\u0105c nadziej\u0119 pozna\u0107 interesuj\u0105ce fakty na temat r\u00f3\u017cnych kultur. Ciesz\u0119 si\u0119, \u017ce si\u0119 nie zawiod\u0142em.\u201d (t\u0142umaczenie w\u0142asne)<\/p>\n\n\n\n<p>Czy s\u0105 to tylko rozmowy?<\/p>\n\n\n\n<p>Opr\u00f3cz samych rozm\u00f3w, na koniec przygotowujemy z naszym\/i partnerem\/ami prezentacj\u0119 na wybrany temat, kt\u00f3ra ma pokaza\u0107 r\u00f3\u017cnice i podobie\u0144stwa mi\u0119dzy naszymi kulturami. \u201eNasza wsp\u00f3\u0142praca zako\u0144czy\u0142a si\u0119 wsp\u00f3lnym projektem, w kt\u00f3rym ka\u017cdy przygotowa\u0142 w\u0142asn\u0105 cz\u0119\u015b\u0107 wsp\u00f3lnej prezentacji. Okaza\u0142o si\u0119, \u017ce pomimo niewielkich r\u00f3\u017cnic, mamy bardzo podobne marzenia i oczekiwania na przysz\u0142o\u015b\u0107.\u201d (t\u0142umaczenie w\u0142asne) Oczywi\u015bcie zdarzaj\u0105 si\u0119 przypadki, kiedy partner nie odpisuje na nasze wiadomo\u015bci lub po prostu tego kontaktu w og\u00f3le nie ma. Jednak w takich przypadkach nale\u017cy szybko powiadomi\u0107 wyk\u0142adowc\u0119 lub osob\u0119 prowadz\u0105c\u0105 zaj\u0119cia i problem zostanie rozwi\u0105zany. Zawsze znajdzie si\u0119 kto\u015b, kto nam pomo\u017ce.<\/p>\n\n\n\n<p>Zaj\u0119cia dla nie\u015bmia\u0142ych?<\/p>\n\n\n\n<p>Teraz pewnie cz\u0119\u015b\u0107 z czytaj\u0105cych my\u015bli sobie \u201eNigdy nie odwa\u017cy\u0142bym si\u0119 odezwa\u0107 na takich zaj\u0119ciach\u201d. Musimy pami\u0119ta\u0107, \u017ce otaczaj\u0105 nas znajomi, \u017ce jest obok wyk\u0142adowca \u2013 oni na pewno b\u0119d\u0105 nas zach\u0119ca\u0107 i wspiera\u0107. Jedna ze studentek, kt\u00f3r\u0105 poprosi\u0142am o napisanie opinii o Global Understanding zwr\u00f3ci\u0142a uwag\u0119 w\u0142a\u015bnie na ten aspekt: \u201eDla mnie, jako dla osoby bardzo nie\u015bmia\u0142ej, zaj\u0119cia te s\u0105 zbawienne. Nigdzie indziej, jak dot\u0105d nie mia\u0142am mo\u017cliwo\u015bci, aby niemal \u00bbtwarz\u0105 w twarz\u00ab \u0107wiczy\u0107 j\u0119zyk. Wed\u0142ug mnie zaj\u0119cia te s\u0105 bardzo dobrym pomys\u0142em. S\u0105 ciekawe, dowiaduj\u0119 si\u0119 nowych rzeczy, zyskuj\u0119 informacje, o kt\u00f3rych wcze\u015bniej nie mia\u0142am poj\u0119cia. Jak wygl\u0105da spos\u00f3b my\u015blenia osoby wychowanej w innej kulturze, czy jej \u017cycie. Mog\u0119 os\u0142uchiwa\u0107 si\u0119 z j\u0119zykiem i w zale\u017cno\u015bci od tego, na ile czuj\u0119 si\u0119 pewnie, sama wyrazi\u0107 swoj\u0105 opini\u0119. Dodatkowo, koresponduj\u0105c z partnerami, mam mo\u017cliwo\u015b\u0107, aby pozna\u0107 bli\u017cej nowe osoby i zacie\u015bni\u0107 wi\u0119zi.\u201d<\/p>\n\n\n\n<p>Osobi\u015bcie mog\u0119 te\u017c doda\u0107, jako osoba, kt\u00f3rej najlepsza przyjaci\u00f3\u0142ka mieszka w Wiedniu, \u017ce te zaj\u0119cia pozwoli\u0142y mi czu\u0107 si\u0119 mniej samotnie. Pozna\u0142am tam wielu wspania\u0142ych ludzi, z kt\u00f3rymi nadal utrzymuj\u0119 kontakt.<\/p>\n\n\n\n<p>Magdalena G\u0142\u00f3d<\/p>\n\n\n\n<p>absolwentka Dwuj\u0119zykowych Studi\u00f3w dla T\u0142umaczy<\/p>\n","protected":false},"excerpt":{"rendered":"<p>Mamy kilka wolnych miejsc w grupie Global Understanding na semestr letni 2020\/2021. Zapraszamy do udzia\u0142u w zaj\u0119ciach wszystkich student\u00f3w KPU, kt\u00f3rzy chcieliby po\u0107wiczy\u0107 umiej\u0119tno\u015b\u0107 komunikacji mi\u0119dzykulturowej w j\u0119zyku angielskim i m\u00f3c pochwali\u0107 si\u0119 udzia\u0142em w mi\u0119dzynarodowym projekcie. Program obejmuje 15 spotka\u0144 ze studentami z ESAN University w Peru i East [\u2026] <\/p>\n<div class=\"clear\"><\/div>\n<p><a class=\"more_link clearfix\" href=\"https:\/\/pans.krosno.pl\/instytut-humanistyczny\/wolne-miejsca-na-zajeciach-global-understanding-w-semestrze-letnim-2020-2021\/\" rel=\"nofollow\">Read More<\/a><\/p>\n","protected":false},"author":57,"featured_media":859,"comment_status":"open","ping_status":"open","sticky":false,"template":"","format":"standard","meta":{"ngg_post_thumbnail":0,"footnotes":""},"categories":[1],"tags":[],"class_list":["post-858","post","type-post","status-publish","format-standard","has-post-thumbnail","hentry","category-bez-kategorii"],"yoast_head":"<!-- This site is optimized with the Yoast SEO Premium plugin v27.4 (Yoast SEO v27.4) - https:\/\/yoast.com\/product\/yoast-seo-premium-wordpress\/ -->\n<title>Wolne miejsca na zaj\u0119ciach GLOBAL UNDERSTANDING w semestrze letnim 2020\/2021 - Instytut Humanistyczny PANS w Kro\u015bnie<\/title>\n<meta name=\"robots\" content=\"index, follow, max-snippet:-1, max-image-preview:large, max-video-preview:-1\" \/>\n<link rel=\"canonical\" href=\"https:\/\/pans.krosno.pl\/instytut-humanistyczny\/wolne-miejsca-na-zajeciach-global-understanding-w-semestrze-letnim-2020-2021\/\" \/>\n<meta property=\"og:locale\" content=\"pl_PL\" \/>\n<meta property=\"og:type\" content=\"article\" \/>\n<meta property=\"og:title\" content=\"Wolne miejsca na zaj\u0119ciach GLOBAL UNDERSTANDING w semestrze letnim 2020\/2021\" \/>\n<meta property=\"og:description\" content=\"Mamy kilka wolnych miejsc w grupie Global Understanding na semestr letni 2020\/2021. Zapraszamy do udzia\u0142u w zaj\u0119ciach wszystkich student\u00f3w KPU, kt\u00f3rzy chcieliby po\u0107wiczy\u0107 umiej\u0119tno\u015b\u0107 komunikacji mi\u0119dzykulturowej w j\u0119zyku angielskim i m\u00f3c pochwali\u0107 si\u0119 udzia\u0142em w mi\u0119dzynarodowym projekcie. Program obejmuje 15 spotka\u0144 ze studentami z ESAN University w Peru i East [\u2026] Read More\" \/>\n<meta property=\"og:url\" content=\"https:\/\/pans.krosno.pl\/instytut-humanistyczny\/wolne-miejsca-na-zajeciach-global-understanding-w-semestrze-letnim-2020-2021\/\" \/>\n<meta property=\"og:site_name\" content=\"Instytut Humanistyczny PANS w Kro\u015bnie\" \/>\n<meta property=\"article:published_time\" content=\"2021-02-15T07:13:22+00:00\" \/>\n<meta property=\"article:modified_time\" content=\"2021-02-15T07:13:23+00:00\" \/>\n<meta property=\"og:image\" content=\"https:\/\/pans.krosno.pl\/wp-content\/uploads\/sites\/9\/2021\/02\/GLOBAL-zdjecie-dla-przyciagniecia-uwagi.png\" \/>\n\t<meta property=\"og:image:width\" content=\"1152\" \/>\n\t<meta property=\"og:image:height\" content=\"648\" \/>\n\t<meta property=\"og:image:type\" content=\"image\/png\" \/>\n<meta name=\"author\" content=\"Bartosz Go\u0142\u0105bek\" \/>\n<meta name=\"twitter:card\" content=\"summary_large_image\" \/>\n<meta name=\"twitter:label1\" content=\"Napisane przez\" \/>\n\t<meta name=\"twitter:data1\" content=\"Bartosz Go\u0142\u0105bek\" \/>\n\t<meta name=\"twitter:label2\" content=\"Szacowany czas czytania\" \/>\n\t<meta name=\"twitter:data2\" content=\"7 minut\" \/>\n<script type=\"application\/ld+json\" class=\"yoast-schema-graph\">{\"@context\":\"https:\\\/\\\/schema.org\",\"@graph\":[{\"@type\":\"Article\",\"@id\":\"https:\\\/\\\/pans.krosno.pl\\\/instytut-humanistyczny\\\/wolne-miejsca-na-zajeciach-global-understanding-w-semestrze-letnim-2020-2021\\\/#article\",\"isPartOf\":{\"@id\":\"https:\\\/\\\/pans.krosno.pl\\\/instytut-humanistyczny\\\/wolne-miejsca-na-zajeciach-global-understanding-w-semestrze-letnim-2020-2021\\\/\"},\"author\":{\"name\":\"Bartosz Go\u0142\u0105bek\",\"@id\":\"https:\\\/\\\/pans.krosno.pl\\\/instytut-humanistyczny\\\/#\\\/schema\\\/person\\\/cb70195a5aeabe88d51256d821faa2d9\"},\"headline\":\"Wolne miejsca na zaj\u0119ciach GLOBAL UNDERSTANDING w semestrze letnim 2020\\\/2021\",\"datePublished\":\"2021-02-15T07:13:22+00:00\",\"dateModified\":\"2021-02-15T07:13:23+00:00\",\"mainEntityOfPage\":{\"@id\":\"https:\\\/\\\/pans.krosno.pl\\\/instytut-humanistyczny\\\/wolne-miejsca-na-zajeciach-global-understanding-w-semestrze-letnim-2020-2021\\\/\"},\"wordCount\":1444,\"commentCount\":0,\"publisher\":{\"@id\":\"https:\\\/\\\/pans.krosno.pl\\\/instytut-humanistyczny\\\/#organization\"},\"image\":{\"@id\":\"https:\\\/\\\/pans.krosno.pl\\\/instytut-humanistyczny\\\/wolne-miejsca-na-zajeciach-global-understanding-w-semestrze-letnim-2020-2021\\\/#primaryimage\"},\"thumbnailUrl\":\"https:\\\/\\\/pans.krosno.pl\\\/instytut-humanistyczny\\\/wp-content\\\/uploads\\\/sites\\\/9\\\/2021\\\/02\\\/GLOBAL-zdjecie-dla-przyciagniecia-uwagi.png\",\"inLanguage\":\"pl-PL\",\"potentialAction\":[{\"@type\":\"CommentAction\",\"name\":\"Comment\",\"target\":[\"https:\\\/\\\/pans.krosno.pl\\\/instytut-humanistyczny\\\/wolne-miejsca-na-zajeciach-global-understanding-w-semestrze-letnim-2020-2021\\\/#respond\"]}]},{\"@type\":\"WebPage\",\"@id\":\"https:\\\/\\\/pans.krosno.pl\\\/instytut-humanistyczny\\\/wolne-miejsca-na-zajeciach-global-understanding-w-semestrze-letnim-2020-2021\\\/\",\"url\":\"https:\\\/\\\/pans.krosno.pl\\\/instytut-humanistyczny\\\/wolne-miejsca-na-zajeciach-global-understanding-w-semestrze-letnim-2020-2021\\\/\",\"name\":\"Wolne miejsca na zaj\u0119ciach GLOBAL UNDERSTANDING w semestrze letnim 2020\\\/2021 - Instytut Humanistyczny PANS w Kro\u015bnie\",\"isPartOf\":{\"@id\":\"https:\\\/\\\/pans.krosno.pl\\\/instytut-humanistyczny\\\/#website\"},\"primaryImageOfPage\":{\"@id\":\"https:\\\/\\\/pans.krosno.pl\\\/instytut-humanistyczny\\\/wolne-miejsca-na-zajeciach-global-understanding-w-semestrze-letnim-2020-2021\\\/#primaryimage\"},\"image\":{\"@id\":\"https:\\\/\\\/pans.krosno.pl\\\/instytut-humanistyczny\\\/wolne-miejsca-na-zajeciach-global-understanding-w-semestrze-letnim-2020-2021\\\/#primaryimage\"},\"thumbnailUrl\":\"https:\\\/\\\/pans.krosno.pl\\\/instytut-humanistyczny\\\/wp-content\\\/uploads\\\/sites\\\/9\\\/2021\\\/02\\\/GLOBAL-zdjecie-dla-przyciagniecia-uwagi.png\",\"datePublished\":\"2021-02-15T07:13:22+00:00\",\"dateModified\":\"2021-02-15T07:13:23+00:00\",\"breadcrumb\":{\"@id\":\"https:\\\/\\\/pans.krosno.pl\\\/instytut-humanistyczny\\\/wolne-miejsca-na-zajeciach-global-understanding-w-semestrze-letnim-2020-2021\\\/#breadcrumb\"},\"inLanguage\":\"pl-PL\",\"potentialAction\":[{\"@type\":\"ReadAction\",\"target\":[\"https:\\\/\\\/pans.krosno.pl\\\/instytut-humanistyczny\\\/wolne-miejsca-na-zajeciach-global-understanding-w-semestrze-letnim-2020-2021\\\/\"]}]},{\"@type\":\"ImageObject\",\"inLanguage\":\"pl-PL\",\"@id\":\"https:\\\/\\\/pans.krosno.pl\\\/instytut-humanistyczny\\\/wolne-miejsca-na-zajeciach-global-understanding-w-semestrze-letnim-2020-2021\\\/#primaryimage\",\"url\":\"https:\\\/\\\/pans.krosno.pl\\\/instytut-humanistyczny\\\/wp-content\\\/uploads\\\/sites\\\/9\\\/2021\\\/02\\\/GLOBAL-zdjecie-dla-przyciagniecia-uwagi.png\",\"contentUrl\":\"https:\\\/\\\/pans.krosno.pl\\\/instytut-humanistyczny\\\/wp-content\\\/uploads\\\/sites\\\/9\\\/2021\\\/02\\\/GLOBAL-zdjecie-dla-przyciagniecia-uwagi.png\",\"width\":1152,\"height\":648},{\"@type\":\"BreadcrumbList\",\"@id\":\"https:\\\/\\\/pans.krosno.pl\\\/instytut-humanistyczny\\\/wolne-miejsca-na-zajeciach-global-understanding-w-semestrze-letnim-2020-2021\\\/#breadcrumb\",\"itemListElement\":[{\"@type\":\"ListItem\",\"position\":1,\"name\":\"Strona g\u0142\u00f3wna\",\"item\":\"https:\\\/\\\/pans.krosno.pl\\\/instytut-humanistyczny\\\/\"},{\"@type\":\"ListItem\",\"position\":2,\"name\":\"Wolne miejsca na zaj\u0119ciach GLOBAL UNDERSTANDING w semestrze letnim 2020\\\/2021\"}]},{\"@type\":\"WebSite\",\"@id\":\"https:\\\/\\\/pans.krosno.pl\\\/instytut-humanistyczny\\\/#website\",\"url\":\"https:\\\/\\\/pans.krosno.pl\\\/instytut-humanistyczny\\\/\",\"name\":\"Instytut Humanistyczny PANS w Kro\u015bnie\",\"description\":\"Instytut Humanistyczny - Pa\u0144stwowa Akademia Nauk Stosowanych\",\"publisher\":{\"@id\":\"https:\\\/\\\/pans.krosno.pl\\\/instytut-humanistyczny\\\/#organization\"},\"potentialAction\":[{\"@type\":\"SearchAction\",\"target\":{\"@type\":\"EntryPoint\",\"urlTemplate\":\"https:\\\/\\\/pans.krosno.pl\\\/instytut-humanistyczny\\\/?s={search_term_string}\"},\"query-input\":{\"@type\":\"PropertyValueSpecification\",\"valueRequired\":true,\"valueName\":\"search_term_string\"}}],\"inLanguage\":\"pl-PL\"},{\"@type\":\"Organization\",\"@id\":\"https:\\\/\\\/pans.krosno.pl\\\/instytut-humanistyczny\\\/#organization\",\"name\":\"Instytut Humanistyczny PANS w Kro\u015bnie\",\"url\":\"https:\\\/\\\/pans.krosno.pl\\\/instytut-humanistyczny\\\/\",\"logo\":{\"@type\":\"ImageObject\",\"inLanguage\":\"pl-PL\",\"@id\":\"https:\\\/\\\/pans.krosno.pl\\\/instytut-humanistyczny\\\/#\\\/schema\\\/logo\\\/image\\\/\",\"url\":\"https:\\\/\\\/pans.krosno.pl\\\/instytut-humanistyczny\\\/wp-content\\\/uploads\\\/sites\\\/9\\\/2023\\\/01\\\/Logo-PANS-2022-pelne.png\",\"contentUrl\":\"https:\\\/\\\/pans.krosno.pl\\\/instytut-humanistyczny\\\/wp-content\\\/uploads\\\/sites\\\/9\\\/2023\\\/01\\\/Logo-PANS-2022-pelne.png\",\"width\":3096,\"height\":696,\"caption\":\"Instytut Humanistyczny PANS w Kro\u015bnie\"},\"image\":{\"@id\":\"https:\\\/\\\/pans.krosno.pl\\\/instytut-humanistyczny\\\/#\\\/schema\\\/logo\\\/image\\\/\"}},{\"@type\":\"Person\",\"@id\":\"https:\\\/\\\/pans.krosno.pl\\\/instytut-humanistyczny\\\/#\\\/schema\\\/person\\\/cb70195a5aeabe88d51256d821faa2d9\",\"name\":\"Bartosz Go\u0142\u0105bek\",\"image\":{\"@type\":\"ImageObject\",\"inLanguage\":\"pl-PL\",\"@id\":\"https:\\\/\\\/secure.gravatar.com\\\/avatar\\\/ad10819676385baed8ebd4d7be0d4ba77dd5fdc0f4779d414dea3126fd3aec33?s=96&d=mm&r=g\",\"url\":\"https:\\\/\\\/secure.gravatar.com\\\/avatar\\\/ad10819676385baed8ebd4d7be0d4ba77dd5fdc0f4779d414dea3126fd3aec33?s=96&d=mm&r=g\",\"contentUrl\":\"https:\\\/\\\/secure.gravatar.com\\\/avatar\\\/ad10819676385baed8ebd4d7be0d4ba77dd5fdc0f4779d414dea3126fd3aec33?s=96&d=mm&r=g\",\"caption\":\"Bartosz Go\u0142\u0105bek\"},\"description\":\"dr Bartosz Go\u0142\u0105bek Dyrektor Instytutu Humanistycznego Karpacka Pa\u0144stwowa Uczelnia w Kro\u015bnie (dawniej PWSZ)\",\"url\":\"https:\\\/\\\/pans.krosno.pl\\\/instytut-humanistyczny\\\/author\\\/bartoszgolabek\\\/\"}]}<\/script>\n<!-- \/ Yoast SEO Premium plugin. -->","yoast_head_json":{"title":"Wolne miejsca na zaj\u0119ciach GLOBAL UNDERSTANDING w semestrze letnim 2020\/2021 - Instytut Humanistyczny PANS w Kro\u015bnie","robots":{"index":"index","follow":"follow","max-snippet":"max-snippet:-1","max-image-preview":"max-image-preview:large","max-video-preview":"max-video-preview:-1"},"canonical":"https:\/\/pans.krosno.pl\/instytut-humanistyczny\/wolne-miejsca-na-zajeciach-global-understanding-w-semestrze-letnim-2020-2021\/","og_locale":"pl_PL","og_type":"article","og_title":"Wolne miejsca na zaj\u0119ciach GLOBAL UNDERSTANDING w semestrze letnim 2020\/2021","og_description":"Mamy kilka wolnych miejsc w grupie Global Understanding na semestr letni 2020\/2021. Zapraszamy do udzia\u0142u w zaj\u0119ciach wszystkich student\u00f3w KPU, kt\u00f3rzy chcieliby po\u0107wiczy\u0107 umiej\u0119tno\u015b\u0107 komunikacji mi\u0119dzykulturowej w j\u0119zyku angielskim i m\u00f3c pochwali\u0107 si\u0119 udzia\u0142em w mi\u0119dzynarodowym projekcie. Program obejmuje 15 spotka\u0144 ze studentami z ESAN University w Peru i East [\u2026] Read More","og_url":"https:\/\/pans.krosno.pl\/instytut-humanistyczny\/wolne-miejsca-na-zajeciach-global-understanding-w-semestrze-letnim-2020-2021\/","og_site_name":"Instytut Humanistyczny PANS w Kro\u015bnie","article_published_time":"2021-02-15T07:13:22+00:00","article_modified_time":"2021-02-15T07:13:23+00:00","og_image":[{"width":1152,"height":648,"url":"https:\/\/pans.krosno.pl\/wp-content\/uploads\/sites\/9\/2021\/02\/GLOBAL-zdjecie-dla-przyciagniecia-uwagi.png","type":"image\/png"}],"author":"Bartosz Go\u0142\u0105bek","twitter_card":"summary_large_image","twitter_misc":{"Napisane przez":"Bartosz Go\u0142\u0105bek","Szacowany czas czytania":"7 minut"},"schema":{"@context":"https:\/\/schema.org","@graph":[{"@type":"Article","@id":"https:\/\/pans.krosno.pl\/instytut-humanistyczny\/wolne-miejsca-na-zajeciach-global-understanding-w-semestrze-letnim-2020-2021\/#article","isPartOf":{"@id":"https:\/\/pans.krosno.pl\/instytut-humanistyczny\/wolne-miejsca-na-zajeciach-global-understanding-w-semestrze-letnim-2020-2021\/"},"author":{"name":"Bartosz Go\u0142\u0105bek","@id":"https:\/\/pans.krosno.pl\/instytut-humanistyczny\/#\/schema\/person\/cb70195a5aeabe88d51256d821faa2d9"},"headline":"Wolne miejsca na zaj\u0119ciach GLOBAL UNDERSTANDING w semestrze letnim 2020\/2021","datePublished":"2021-02-15T07:13:22+00:00","dateModified":"2021-02-15T07:13:23+00:00","mainEntityOfPage":{"@id":"https:\/\/pans.krosno.pl\/instytut-humanistyczny\/wolne-miejsca-na-zajeciach-global-understanding-w-semestrze-letnim-2020-2021\/"},"wordCount":1444,"commentCount":0,"publisher":{"@id":"https:\/\/pans.krosno.pl\/instytut-humanistyczny\/#organization"},"image":{"@id":"https:\/\/pans.krosno.pl\/instytut-humanistyczny\/wolne-miejsca-na-zajeciach-global-understanding-w-semestrze-letnim-2020-2021\/#primaryimage"},"thumbnailUrl":"https:\/\/pans.krosno.pl\/instytut-humanistyczny\/wp-content\/uploads\/sites\/9\/2021\/02\/GLOBAL-zdjecie-dla-przyciagniecia-uwagi.png","inLanguage":"pl-PL","potentialAction":[{"@type":"CommentAction","name":"Comment","target":["https:\/\/pans.krosno.pl\/instytut-humanistyczny\/wolne-miejsca-na-zajeciach-global-understanding-w-semestrze-letnim-2020-2021\/#respond"]}]},{"@type":"WebPage","@id":"https:\/\/pans.krosno.pl\/instytut-humanistyczny\/wolne-miejsca-na-zajeciach-global-understanding-w-semestrze-letnim-2020-2021\/","url":"https:\/\/pans.krosno.pl\/instytut-humanistyczny\/wolne-miejsca-na-zajeciach-global-understanding-w-semestrze-letnim-2020-2021\/","name":"Wolne miejsca na zaj\u0119ciach GLOBAL UNDERSTANDING w semestrze letnim 2020\/2021 - Instytut Humanistyczny PANS w Kro\u015bnie","isPartOf":{"@id":"https:\/\/pans.krosno.pl\/instytut-humanistyczny\/#website"},"primaryImageOfPage":{"@id":"https:\/\/pans.krosno.pl\/instytut-humanistyczny\/wolne-miejsca-na-zajeciach-global-understanding-w-semestrze-letnim-2020-2021\/#primaryimage"},"image":{"@id":"https:\/\/pans.krosno.pl\/instytut-humanistyczny\/wolne-miejsca-na-zajeciach-global-understanding-w-semestrze-letnim-2020-2021\/#primaryimage"},"thumbnailUrl":"https:\/\/pans.krosno.pl\/instytut-humanistyczny\/wp-content\/uploads\/sites\/9\/2021\/02\/GLOBAL-zdjecie-dla-przyciagniecia-uwagi.png","datePublished":"2021-02-15T07:13:22+00:00","dateModified":"2021-02-15T07:13:23+00:00","breadcrumb":{"@id":"https:\/\/pans.krosno.pl\/instytut-humanistyczny\/wolne-miejsca-na-zajeciach-global-understanding-w-semestrze-letnim-2020-2021\/#breadcrumb"},"inLanguage":"pl-PL","potentialAction":[{"@type":"ReadAction","target":["https:\/\/pans.krosno.pl\/instytut-humanistyczny\/wolne-miejsca-na-zajeciach-global-understanding-w-semestrze-letnim-2020-2021\/"]}]},{"@type":"ImageObject","inLanguage":"pl-PL","@id":"https:\/\/pans.krosno.pl\/instytut-humanistyczny\/wolne-miejsca-na-zajeciach-global-understanding-w-semestrze-letnim-2020-2021\/#primaryimage","url":"https:\/\/pans.krosno.pl\/instytut-humanistyczny\/wp-content\/uploads\/sites\/9\/2021\/02\/GLOBAL-zdjecie-dla-przyciagniecia-uwagi.png","contentUrl":"https:\/\/pans.krosno.pl\/instytut-humanistyczny\/wp-content\/uploads\/sites\/9\/2021\/02\/GLOBAL-zdjecie-dla-przyciagniecia-uwagi.png","width":1152,"height":648},{"@type":"BreadcrumbList","@id":"https:\/\/pans.krosno.pl\/instytut-humanistyczny\/wolne-miejsca-na-zajeciach-global-understanding-w-semestrze-letnim-2020-2021\/#breadcrumb","itemListElement":[{"@type":"ListItem","position":1,"name":"Strona g\u0142\u00f3wna","item":"https:\/\/pans.krosno.pl\/instytut-humanistyczny\/"},{"@type":"ListItem","position":2,"name":"Wolne miejsca na zaj\u0119ciach GLOBAL UNDERSTANDING w semestrze letnim 2020\/2021"}]},{"@type":"WebSite","@id":"https:\/\/pans.krosno.pl\/instytut-humanistyczny\/#website","url":"https:\/\/pans.krosno.pl\/instytut-humanistyczny\/","name":"Instytut Humanistyczny PANS w Kro\u015bnie","description":"Instytut Humanistyczny - Pa\u0144stwowa Akademia Nauk Stosowanych","publisher":{"@id":"https:\/\/pans.krosno.pl\/instytut-humanistyczny\/#organization"},"potentialAction":[{"@type":"SearchAction","target":{"@type":"EntryPoint","urlTemplate":"https:\/\/pans.krosno.pl\/instytut-humanistyczny\/?s={search_term_string}"},"query-input":{"@type":"PropertyValueSpecification","valueRequired":true,"valueName":"search_term_string"}}],"inLanguage":"pl-PL"},{"@type":"Organization","@id":"https:\/\/pans.krosno.pl\/instytut-humanistyczny\/#organization","name":"Instytut Humanistyczny PANS w Kro\u015bnie","url":"https:\/\/pans.krosno.pl\/instytut-humanistyczny\/","logo":{"@type":"ImageObject","inLanguage":"pl-PL","@id":"https:\/\/pans.krosno.pl\/instytut-humanistyczny\/#\/schema\/logo\/image\/","url":"https:\/\/pans.krosno.pl\/instytut-humanistyczny\/wp-content\/uploads\/sites\/9\/2023\/01\/Logo-PANS-2022-pelne.png","contentUrl":"https:\/\/pans.krosno.pl\/instytut-humanistyczny\/wp-content\/uploads\/sites\/9\/2023\/01\/Logo-PANS-2022-pelne.png","width":3096,"height":696,"caption":"Instytut Humanistyczny PANS w Kro\u015bnie"},"image":{"@id":"https:\/\/pans.krosno.pl\/instytut-humanistyczny\/#\/schema\/logo\/image\/"}},{"@type":"Person","@id":"https:\/\/pans.krosno.pl\/instytut-humanistyczny\/#\/schema\/person\/cb70195a5aeabe88d51256d821faa2d9","name":"Bartosz Go\u0142\u0105bek","image":{"@type":"ImageObject","inLanguage":"pl-PL","@id":"https:\/\/secure.gravatar.com\/avatar\/ad10819676385baed8ebd4d7be0d4ba77dd5fdc0f4779d414dea3126fd3aec33?s=96&d=mm&r=g","url":"https:\/\/secure.gravatar.com\/avatar\/ad10819676385baed8ebd4d7be0d4ba77dd5fdc0f4779d414dea3126fd3aec33?s=96&d=mm&r=g","contentUrl":"https:\/\/secure.gravatar.com\/avatar\/ad10819676385baed8ebd4d7be0d4ba77dd5fdc0f4779d414dea3126fd3aec33?s=96&d=mm&r=g","caption":"Bartosz Go\u0142\u0105bek"},"description":"dr Bartosz Go\u0142\u0105bek Dyrektor Instytutu Humanistycznego Karpacka Pa\u0144stwowa Uczelnia w Kro\u015bnie (dawniej PWSZ)","url":"https:\/\/pans.krosno.pl\/instytut-humanistyczny\/author\/bartoszgolabek\/"}]}},"_links":{"self":[{"href":"https:\/\/pans.krosno.pl\/instytut-humanistyczny\/wp-json\/wp\/v2\/posts\/858","targetHints":{"allow":["GET"]}}],"collection":[{"href":"https:\/\/pans.krosno.pl\/instytut-humanistyczny\/wp-json\/wp\/v2\/posts"}],"about":[{"href":"https:\/\/pans.krosno.pl\/instytut-humanistyczny\/wp-json\/wp\/v2\/types\/post"}],"author":[{"embeddable":true,"href":"https:\/\/pans.krosno.pl\/instytut-humanistyczny\/wp-json\/wp\/v2\/users\/57"}],"replies":[{"embeddable":true,"href":"https:\/\/pans.krosno.pl\/instytut-humanistyczny\/wp-json\/wp\/v2\/comments?post=858"}],"version-history":[{"count":1,"href":"https:\/\/pans.krosno.pl\/instytut-humanistyczny\/wp-json\/wp\/v2\/posts\/858\/revisions"}],"predecessor-version":[{"id":860,"href":"https:\/\/pans.krosno.pl\/instytut-humanistyczny\/wp-json\/wp\/v2\/posts\/858\/revisions\/860"}],"wp:featuredmedia":[{"embeddable":true,"href":"https:\/\/pans.krosno.pl\/instytut-humanistyczny\/wp-json\/wp\/v2\/media\/859"}],"wp:attachment":[{"href":"https:\/\/pans.krosno.pl\/instytut-humanistyczny\/wp-json\/wp\/v2\/media?parent=858"}],"wp:term":[{"taxonomy":"category","embeddable":true,"href":"https:\/\/pans.krosno.pl\/instytut-humanistyczny\/wp-json\/wp\/v2\/categories?post=858"},{"taxonomy":"post_tag","embeddable":true,"href":"https:\/\/pans.krosno.pl\/instytut-humanistyczny\/wp-json\/wp\/v2\/tags?post=858"}],"curies":[{"name":"wp","href":"https:\/\/api.w.org\/{rel}","templated":true}]}}