{"id":820,"date":"2021-01-19T11:56:32","date_gmt":"2021-01-19T10:56:32","guid":{"rendered":"https:\/\/pans.krosno.pl\/instytut-humanistyczny\/?p=820"},"modified":"2021-01-21T11:02:03","modified_gmt":"2021-01-21T10:02:03","slug":"zyczenie-w-gwarze-i-kulturze-wsi-nowa-publikacja-profesora-kazimierza-sikory","status":"publish","type":"post","link":"https:\/\/pans.krosno.pl\/instytut-humanistyczny\/zyczenie-w-gwarze-i-kulturze-wsi-nowa-publikacja-profesora-kazimierza-sikory\/","title":{"rendered":"\u017byczenie w gwarze i kulturze wsi &#8211; nowa ksi\u0105\u017cka profesora Kazimierza Sikory"},"content":{"rendered":"\n<p>Od autora:<\/p>\n\n\n\n<p><br><em>Przesz\u0142o\u015b\u0107 wydaje si\u0119 niekiedy o wiele bardziej interesuj\u0105ca ni\u017c czasy wsp\u00f3\u0142czesne. Szczeg\u00f3lnie je\u015bli podejmujemy tak\u0105 wypraw\u0119 w dziedzinie j\u0119zykowej etykiety i obyczaj\u00f3w. Dobrze pod tym wzgl\u0119dem zosta\u0142 opisany \u015bwiat kultury szlacheckiej, kt\u00f3ra bez w\u0105tpienia najsilniej wp\u0142yn\u0119\u0142a na normy obyczajowe i zachowania grzeczno\u015bciowe wsp\u00f3\u0142czesnych Polak\u00f3w. Wci\u0105\u017c za ma\u0142o wiemy o grzeczno\u015bci wiejskiej, by rzetelnie oceni\u0107, co zawdzi\u0119czamy w tej mierze kulturze wsi. Celowo u\u017cyto tu integruj\u0105cego, \u201einkluzywnego\u201d zaimka MY, by podkre\u015bli\u0107, \u017ce polska kultura ma tak\u017ce g\u0142\u0119bokie wiejskie i ch\u0142opskie korzenie, a przyt\u0142aczaj\u0105ca wi\u0119kszo\u015b\u0107 dzisiejszych mieszka\u0144c\u00f3w miast \u2013 takie\u017c pochodzenie. Co ciekawe, te dwa kulturowe paradygmaty wsp\u00f3\u0142tworz\u0105 wsp\u00f3\u0142cze\u015bnie stereotyp Polaka, \u0142\u0105cz\u0105cy na poz\u00f3r sprzeczne strony tego wizerunku. Poczucie dumy i w\u0142asnej warto\u015bci (rycerscy, dumni, odwa\u017cni, waleczni, wolni, go\u015bcinni\u2026) czerpiemy z czas\u00f3w wielko\u015bci Rzeczpospolitej Obojga Narod\u00f3w i jej bohater\u00f3w. Ale uwa\u017camy si\u0119 te\u017c (nie bez przyczyny!) za ludzi wielkiej pracowito\u015bci, kreacyjnych i bystrych w sprawach zawodowych, umiej\u0105cych sobie radzi\u0107 w trudnych sytuacjach, wymagaj\u0105cych improwizacji. A to niew\u0105tpliwie ch\u0142opskie dziedzictwo.<br>Zamykaj\u0105cy si\u0119 przed nami z wolna \u015bwiat wiejskiej kultury i ch\u0142opskich warto\u015bci wytworzy\u0142 tak\u017ce w znacznej mierze odr\u0119bny, patriarchalny model grzeczno\u015bci, kt\u00f3ry po\u017c\u0105dane normy zachowa\u0144 spo\u0142ecznych odni\u00f3s\u0142 do relacji rodzinnych (st\u0105d np. zwracanie si\u0119 ojcze, matko, pani matko, panie ojcze do nieznanych sobie starszych os\u00f3b). Oparty jest on na kulturze dobrego s\u0142owa. S\u0142owa \u017cyczliwego, rozumianego jako szczeg\u00f3lny dar, dobro, kt\u00f3rym dzielono si\u0119 ch\u0119tnie, w nadziei na jego spe\u0142nienie \u2013 zar\u00f3wno w czasie wielkich \u015bwi\u0105t agrarnych (w wyszukanych retorycznie i pie\u015bniowo formu\u0142ach), \u017cniw, wesel itp., jak i na co dzie\u0144 \u2013 przy okazji nawet przypadkowego spotkania. Ten rys kultury ludowej, wiara w sprawcz\u0105 moc dzia\u0142aj\u0105cego s\u0142owa, bywa \u017ar\u00f3d\u0142em naukowych nieporozumie\u0144, kt\u00f3rych ofiar\u0105 pada zazwyczaj tradycyjny wiejski \u015bwiatopogl\u0105d (religijno-magiczny) i religijno\u015b\u0107 wsi (wyra\u017caj\u0105ca si\u0119 g\u0142\u00f3wnie w pobo\u017cno\u015bci). Wa\u017c\u0105c argumenty, nie mo\u017cna zignorowa\u0107 faktu, \u017ce na wsi istnieje (po dzi\u015b dzie\u0144) przekonanie, \u017ce \u2013 trywializuj\u0105c nieco \u2013 wszystko co dobre w \u017cyciu indywidualnym, rodzinnym i spo\u0142ecznym, pochodzi od Boga. To konsekwencja wiary w obecno\u015b\u0107 i udzia\u0142 sacrum w nieskomplikowanym, otaczaj\u0105cym \u015bwiecie, poddanym niezmiennym prawom natury.<br>Taki spos\u00f3b postrzegania \u015bwiata sprawia, \u017ce tak\u017ce normy obyczajowe, zasady odnoszenia si\u0119 do drugich, do swoich obowi\u0105zk\u00f3w itp. zyskuj\u0105 szczeg\u00f3lny walor. Bardzo dobrym przyk\u0142adem tego zjawiska jest sakralizacja rolniczego trudu; r\u00f3wnie dobr\u0105 ilustracj\u0105, jak ch\u0142opski etos pracy, jest sta\u0142a obecno\u015b\u0107 w grzeczno\u015bci wiejskiego kr\u0119gu kulturowego formu\u0142 i zwrot\u00f3w o charakterze religijnym, np.: Szcz\u0119\u015b\u0107 Bo\u017ce! \u2013 Dej Panie Bo\u017ce!; Panie Bo\u017ce pomagaj! \u2013 Panie Bo\u017ce us\u0142ysz!; Zasta\u0144cie z Bogiem! \u2013 B\u00f3g zap\u0142a\u0107! Bo\u017ce Ci\u0119\/Was prowad\u017a! itp. Bli\u017cszy ogl\u0105d ujawnia, \u017ce tworz\u0105 one wsp\u00f3lny pok\u0142ad tradycji (np. B\u00f3g daj\/ zdarz dobry dzie\u0144!) si\u0119gaj\u0105cy staropolskiego a by\u0107 mo\u017ce i og\u00f3lnos\u0142owia\u0144skiego dziedzictwa.<br>Ksi\u0105\u017cka ta jest zaproszeniem do nieodleg\u0142ej (czasem kilka kilometr\u00f3w za miasto), a zarazem dalekiej podr\u00f3\u017cy w za-\u015bwiaty wiejskiego s\u0142owa, do \u017ar\u00f3de\u0142 j\u0119zykowej grzeczno\u015bci wsi. Za autorem mo\u017cemy j\u0105 nazwa\u0107 \u201ekultur\u0105 dobrego s\u0142owa\u201d, kt\u00f3ra w istotny spos\u00f3b (jak i kultura ch\u0142opska w ca\u0142o\u015bci) wp\u0142yn\u0119\u0142a na kszta\u0142t regionalnej i narodowej to\u017csamo\u015bci Polak\u00f3w. Dlatego warta jest naukowej uwagi i refleksji. Na Zachodzie sprawy te wydaj\u0105 si\u0119 bardziej oczywiste, a Niemcy, Francuzi, Du\u0144czycy s\u0105 ze swych ch\u0142opskich korzeni dumni.<\/em><\/p>\n\n\n\n<p><\/p>\n\n\n\n<p><strong>Kazimierz Sikora,  <em>\u017byczenie w gwarze i kulturze wsi<\/em>, Uniwersytet Jagiello\u0144ski, Biblioteka LingVari\u00f3w, Krak\u00f3w 2020.  <\/strong><br><strong>ISBN 978-83-8138-286-1<\/strong><\/p>\n\n\n\n<p><a href=\"https:\/\/books.akademicka.pl\/publishing\/catalog\/book\/149\">https:\/\/books.akademicka.pl\/publishing\/catalog\/book\/149<\/a><\/p>\n\n\n\n<p><a href=\"http:\/\/www.lingvaria.polonistyka.uj.edu.pl\/documents\/5768825\/139218022\/K_Sikora_%C5%BByczenie_w_gwarze_i_kulturze_wsi.pdf\/9c9090e0-46d5-4624-b4c6-b2544735c112\">http:\/\/www.lingvaria.polonistyka.uj.edu.pl\/documents\/5768825\/139218022\/K_Sikora_%C5%BByczenie_w_gwarze_i_kulturze_wsi.pdf\/9c9090e0-46d5-4624-b4c6-b2544735c112<\/a><\/p>\n","protected":false},"excerpt":{"rendered":"<p>Od autora: Przesz\u0142o\u015b\u0107 wydaje si\u0119 niekiedy o wiele bardziej interesuj\u0105ca ni\u017c czasy wsp\u00f3\u0142czesne. Szczeg\u00f3lnie je\u015bli podejmujemy tak\u0105 wypraw\u0119 w dziedzinie j\u0119zykowej etykiety i obyczaj\u00f3w. Dobrze pod tym wzgl\u0119dem zosta\u0142 opisany \u015bwiat kultury szlacheckiej, kt\u00f3ra bez w\u0105tpienia najsilniej wp\u0142yn\u0119\u0142a na normy obyczajowe i zachowania grzeczno\u015bciowe wsp\u00f3\u0142czesnych Polak\u00f3w. Wci\u0105\u017c za ma\u0142o wiemy [\u2026] <\/p>\n<div class=\"clear\"><\/div>\n<p><a class=\"more_link clearfix\" href=\"https:\/\/pans.krosno.pl\/instytut-humanistyczny\/zyczenie-w-gwarze-i-kulturze-wsi-nowa-publikacja-profesora-kazimierza-sikory\/\" rel=\"nofollow\">Read More<\/a><\/p>\n","protected":false},"author":57,"featured_media":822,"comment_status":"open","ping_status":"open","sticky":false,"template":"","format":"standard","meta":{"ngg_post_thumbnail":0,"footnotes":""},"categories":[1],"tags":[],"class_list":["post-820","post","type-post","status-publish","format-standard","has-post-thumbnail","hentry","category-bez-kategorii"],"yoast_head":"<!-- This site is optimized with the Yoast SEO Premium plugin v27.4 (Yoast SEO v27.4) - https:\/\/yoast.com\/product\/yoast-seo-premium-wordpress\/ -->\n<title>\u017byczenie w gwarze i kulturze wsi - nowa ksi\u0105\u017cka profesora Kazimierza Sikory - Instytut Humanistyczny PANS w Kro\u015bnie<\/title>\n<meta name=\"robots\" content=\"index, follow, max-snippet:-1, max-image-preview:large, max-video-preview:-1\" \/>\n<link rel=\"canonical\" href=\"https:\/\/pans.krosno.pl\/instytut-humanistyczny\/zyczenie-w-gwarze-i-kulturze-wsi-nowa-publikacja-profesora-kazimierza-sikory\/\" \/>\n<meta property=\"og:locale\" content=\"pl_PL\" \/>\n<meta property=\"og:type\" content=\"article\" \/>\n<meta property=\"og:title\" content=\"\u017byczenie w gwarze i kulturze wsi - nowa ksi\u0105\u017cka profesora Kazimierza Sikory\" \/>\n<meta property=\"og:description\" content=\"Od autora: Przesz\u0142o\u015b\u0107 wydaje si\u0119 niekiedy o wiele bardziej interesuj\u0105ca ni\u017c czasy wsp\u00f3\u0142czesne. Szczeg\u00f3lnie je\u015bli podejmujemy tak\u0105 wypraw\u0119 w dziedzinie j\u0119zykowej etykiety i obyczaj\u00f3w. Dobrze pod tym wzgl\u0119dem zosta\u0142 opisany \u015bwiat kultury szlacheckiej, kt\u00f3ra bez w\u0105tpienia najsilniej wp\u0142yn\u0119\u0142a na normy obyczajowe i zachowania grzeczno\u015bciowe wsp\u00f3\u0142czesnych Polak\u00f3w. Wci\u0105\u017c za ma\u0142o wiemy [\u2026] Read More\" \/>\n<meta property=\"og:url\" content=\"https:\/\/pans.krosno.pl\/instytut-humanistyczny\/zyczenie-w-gwarze-i-kulturze-wsi-nowa-publikacja-profesora-kazimierza-sikory\/\" \/>\n<meta property=\"og:site_name\" content=\"Instytut Humanistyczny PANS w Kro\u015bnie\" \/>\n<meta property=\"article:published_time\" content=\"2021-01-19T10:56:32+00:00\" \/>\n<meta property=\"article:modified_time\" content=\"2021-01-21T10:02:03+00:00\" \/>\n<meta property=\"og:image\" content=\"https:\/\/pans.krosno.pl\/wp-content\/uploads\/sites\/9\/2021\/01\/LigVaria-Sikora.png\" \/>\n\t<meta property=\"og:image:width\" content=\"448\" \/>\n\t<meta property=\"og:image:height\" content=\"463\" \/>\n\t<meta property=\"og:image:type\" content=\"image\/png\" \/>\n<meta name=\"author\" content=\"Bartosz Go\u0142\u0105bek\" \/>\n<meta name=\"twitter:card\" content=\"summary_large_image\" \/>\n<meta name=\"twitter:label1\" content=\"Napisane przez\" \/>\n\t<meta name=\"twitter:data1\" content=\"Bartosz Go\u0142\u0105bek\" \/>\n\t<meta name=\"twitter:label2\" content=\"Szacowany czas czytania\" \/>\n\t<meta name=\"twitter:data2\" content=\"3 minuty\" \/>\n<script type=\"application\/ld+json\" class=\"yoast-schema-graph\">{\"@context\":\"https:\\\/\\\/schema.org\",\"@graph\":[{\"@type\":\"Article\",\"@id\":\"https:\\\/\\\/pans.krosno.pl\\\/instytut-humanistyczny\\\/zyczenie-w-gwarze-i-kulturze-wsi-nowa-publikacja-profesora-kazimierza-sikory\\\/#article\",\"isPartOf\":{\"@id\":\"https:\\\/\\\/pans.krosno.pl\\\/instytut-humanistyczny\\\/zyczenie-w-gwarze-i-kulturze-wsi-nowa-publikacja-profesora-kazimierza-sikory\\\/\"},\"author\":{\"name\":\"Bartosz Go\u0142\u0105bek\",\"@id\":\"https:\\\/\\\/pans.krosno.pl\\\/instytut-humanistyczny\\\/#\\\/schema\\\/person\\\/cb70195a5aeabe88d51256d821faa2d9\"},\"headline\":\"\u017byczenie w gwarze i kulturze wsi &#8211; nowa ksi\u0105\u017cka profesora Kazimierza Sikory\",\"datePublished\":\"2021-01-19T10:56:32+00:00\",\"dateModified\":\"2021-01-21T10:02:03+00:00\",\"mainEntityOfPage\":{\"@id\":\"https:\\\/\\\/pans.krosno.pl\\\/instytut-humanistyczny\\\/zyczenie-w-gwarze-i-kulturze-wsi-nowa-publikacja-profesora-kazimierza-sikory\\\/\"},\"wordCount\":708,\"commentCount\":0,\"publisher\":{\"@id\":\"https:\\\/\\\/pans.krosno.pl\\\/instytut-humanistyczny\\\/#organization\"},\"image\":{\"@id\":\"https:\\\/\\\/pans.krosno.pl\\\/instytut-humanistyczny\\\/zyczenie-w-gwarze-i-kulturze-wsi-nowa-publikacja-profesora-kazimierza-sikory\\\/#primaryimage\"},\"thumbnailUrl\":\"https:\\\/\\\/pans.krosno.pl\\\/instytut-humanistyczny\\\/wp-content\\\/uploads\\\/sites\\\/9\\\/2021\\\/01\\\/LigVaria-Sikora.png\",\"inLanguage\":\"pl-PL\",\"potentialAction\":[{\"@type\":\"CommentAction\",\"name\":\"Comment\",\"target\":[\"https:\\\/\\\/pans.krosno.pl\\\/instytut-humanistyczny\\\/zyczenie-w-gwarze-i-kulturze-wsi-nowa-publikacja-profesora-kazimierza-sikory\\\/#respond\"]}]},{\"@type\":\"WebPage\",\"@id\":\"https:\\\/\\\/pans.krosno.pl\\\/instytut-humanistyczny\\\/zyczenie-w-gwarze-i-kulturze-wsi-nowa-publikacja-profesora-kazimierza-sikory\\\/\",\"url\":\"https:\\\/\\\/pans.krosno.pl\\\/instytut-humanistyczny\\\/zyczenie-w-gwarze-i-kulturze-wsi-nowa-publikacja-profesora-kazimierza-sikory\\\/\",\"name\":\"\u017byczenie w gwarze i kulturze wsi - nowa ksi\u0105\u017cka profesora Kazimierza Sikory - Instytut Humanistyczny PANS w Kro\u015bnie\",\"isPartOf\":{\"@id\":\"https:\\\/\\\/pans.krosno.pl\\\/instytut-humanistyczny\\\/#website\"},\"primaryImageOfPage\":{\"@id\":\"https:\\\/\\\/pans.krosno.pl\\\/instytut-humanistyczny\\\/zyczenie-w-gwarze-i-kulturze-wsi-nowa-publikacja-profesora-kazimierza-sikory\\\/#primaryimage\"},\"image\":{\"@id\":\"https:\\\/\\\/pans.krosno.pl\\\/instytut-humanistyczny\\\/zyczenie-w-gwarze-i-kulturze-wsi-nowa-publikacja-profesora-kazimierza-sikory\\\/#primaryimage\"},\"thumbnailUrl\":\"https:\\\/\\\/pans.krosno.pl\\\/instytut-humanistyczny\\\/wp-content\\\/uploads\\\/sites\\\/9\\\/2021\\\/01\\\/LigVaria-Sikora.png\",\"datePublished\":\"2021-01-19T10:56:32+00:00\",\"dateModified\":\"2021-01-21T10:02:03+00:00\",\"breadcrumb\":{\"@id\":\"https:\\\/\\\/pans.krosno.pl\\\/instytut-humanistyczny\\\/zyczenie-w-gwarze-i-kulturze-wsi-nowa-publikacja-profesora-kazimierza-sikory\\\/#breadcrumb\"},\"inLanguage\":\"pl-PL\",\"potentialAction\":[{\"@type\":\"ReadAction\",\"target\":[\"https:\\\/\\\/pans.krosno.pl\\\/instytut-humanistyczny\\\/zyczenie-w-gwarze-i-kulturze-wsi-nowa-publikacja-profesora-kazimierza-sikory\\\/\"]}]},{\"@type\":\"ImageObject\",\"inLanguage\":\"pl-PL\",\"@id\":\"https:\\\/\\\/pans.krosno.pl\\\/instytut-humanistyczny\\\/zyczenie-w-gwarze-i-kulturze-wsi-nowa-publikacja-profesora-kazimierza-sikory\\\/#primaryimage\",\"url\":\"https:\\\/\\\/pans.krosno.pl\\\/instytut-humanistyczny\\\/wp-content\\\/uploads\\\/sites\\\/9\\\/2021\\\/01\\\/LigVaria-Sikora.png\",\"contentUrl\":\"https:\\\/\\\/pans.krosno.pl\\\/instytut-humanistyczny\\\/wp-content\\\/uploads\\\/sites\\\/9\\\/2021\\\/01\\\/LigVaria-Sikora.png\",\"width\":448,\"height\":463},{\"@type\":\"BreadcrumbList\",\"@id\":\"https:\\\/\\\/pans.krosno.pl\\\/instytut-humanistyczny\\\/zyczenie-w-gwarze-i-kulturze-wsi-nowa-publikacja-profesora-kazimierza-sikory\\\/#breadcrumb\",\"itemListElement\":[{\"@type\":\"ListItem\",\"position\":1,\"name\":\"Strona g\u0142\u00f3wna\",\"item\":\"https:\\\/\\\/pans.krosno.pl\\\/instytut-humanistyczny\\\/\"},{\"@type\":\"ListItem\",\"position\":2,\"name\":\"\u017byczenie w gwarze i kulturze wsi &#8211; nowa ksi\u0105\u017cka profesora Kazimierza Sikory\"}]},{\"@type\":\"WebSite\",\"@id\":\"https:\\\/\\\/pans.krosno.pl\\\/instytut-humanistyczny\\\/#website\",\"url\":\"https:\\\/\\\/pans.krosno.pl\\\/instytut-humanistyczny\\\/\",\"name\":\"Instytut Humanistyczny PANS w Kro\u015bnie\",\"description\":\"Instytut Humanistyczny - Pa\u0144stwowa Akademia Nauk Stosowanych\",\"publisher\":{\"@id\":\"https:\\\/\\\/pans.krosno.pl\\\/instytut-humanistyczny\\\/#organization\"},\"potentialAction\":[{\"@type\":\"SearchAction\",\"target\":{\"@type\":\"EntryPoint\",\"urlTemplate\":\"https:\\\/\\\/pans.krosno.pl\\\/instytut-humanistyczny\\\/?s={search_term_string}\"},\"query-input\":{\"@type\":\"PropertyValueSpecification\",\"valueRequired\":true,\"valueName\":\"search_term_string\"}}],\"inLanguage\":\"pl-PL\"},{\"@type\":\"Organization\",\"@id\":\"https:\\\/\\\/pans.krosno.pl\\\/instytut-humanistyczny\\\/#organization\",\"name\":\"Instytut Humanistyczny PANS w Kro\u015bnie\",\"url\":\"https:\\\/\\\/pans.krosno.pl\\\/instytut-humanistyczny\\\/\",\"logo\":{\"@type\":\"ImageObject\",\"inLanguage\":\"pl-PL\",\"@id\":\"https:\\\/\\\/pans.krosno.pl\\\/instytut-humanistyczny\\\/#\\\/schema\\\/logo\\\/image\\\/\",\"url\":\"https:\\\/\\\/pans.krosno.pl\\\/instytut-humanistyczny\\\/wp-content\\\/uploads\\\/sites\\\/9\\\/2023\\\/01\\\/Logo-PANS-2022-pelne.png\",\"contentUrl\":\"https:\\\/\\\/pans.krosno.pl\\\/instytut-humanistyczny\\\/wp-content\\\/uploads\\\/sites\\\/9\\\/2023\\\/01\\\/Logo-PANS-2022-pelne.png\",\"width\":3096,\"height\":696,\"caption\":\"Instytut Humanistyczny PANS w Kro\u015bnie\"},\"image\":{\"@id\":\"https:\\\/\\\/pans.krosno.pl\\\/instytut-humanistyczny\\\/#\\\/schema\\\/logo\\\/image\\\/\"}},{\"@type\":\"Person\",\"@id\":\"https:\\\/\\\/pans.krosno.pl\\\/instytut-humanistyczny\\\/#\\\/schema\\\/person\\\/cb70195a5aeabe88d51256d821faa2d9\",\"name\":\"Bartosz Go\u0142\u0105bek\",\"image\":{\"@type\":\"ImageObject\",\"inLanguage\":\"pl-PL\",\"@id\":\"https:\\\/\\\/secure.gravatar.com\\\/avatar\\\/ad10819676385baed8ebd4d7be0d4ba77dd5fdc0f4779d414dea3126fd3aec33?s=96&d=mm&r=g\",\"url\":\"https:\\\/\\\/secure.gravatar.com\\\/avatar\\\/ad10819676385baed8ebd4d7be0d4ba77dd5fdc0f4779d414dea3126fd3aec33?s=96&d=mm&r=g\",\"contentUrl\":\"https:\\\/\\\/secure.gravatar.com\\\/avatar\\\/ad10819676385baed8ebd4d7be0d4ba77dd5fdc0f4779d414dea3126fd3aec33?s=96&d=mm&r=g\",\"caption\":\"Bartosz Go\u0142\u0105bek\"},\"description\":\"dr Bartosz Go\u0142\u0105bek Dyrektor Instytutu Humanistycznego Karpacka Pa\u0144stwowa Uczelnia w Kro\u015bnie (dawniej PWSZ)\",\"url\":\"https:\\\/\\\/pans.krosno.pl\\\/instytut-humanistyczny\\\/author\\\/bartoszgolabek\\\/\"}]}<\/script>\n<!-- \/ Yoast SEO Premium plugin. -->","yoast_head_json":{"title":"\u017byczenie w gwarze i kulturze wsi - nowa ksi\u0105\u017cka profesora Kazimierza Sikory - Instytut Humanistyczny PANS w Kro\u015bnie","robots":{"index":"index","follow":"follow","max-snippet":"max-snippet:-1","max-image-preview":"max-image-preview:large","max-video-preview":"max-video-preview:-1"},"canonical":"https:\/\/pans.krosno.pl\/instytut-humanistyczny\/zyczenie-w-gwarze-i-kulturze-wsi-nowa-publikacja-profesora-kazimierza-sikory\/","og_locale":"pl_PL","og_type":"article","og_title":"\u017byczenie w gwarze i kulturze wsi - nowa ksi\u0105\u017cka profesora Kazimierza Sikory","og_description":"Od autora: Przesz\u0142o\u015b\u0107 wydaje si\u0119 niekiedy o wiele bardziej interesuj\u0105ca ni\u017c czasy wsp\u00f3\u0142czesne. Szczeg\u00f3lnie je\u015bli podejmujemy tak\u0105 wypraw\u0119 w dziedzinie j\u0119zykowej etykiety i obyczaj\u00f3w. Dobrze pod tym wzgl\u0119dem zosta\u0142 opisany \u015bwiat kultury szlacheckiej, kt\u00f3ra bez w\u0105tpienia najsilniej wp\u0142yn\u0119\u0142a na normy obyczajowe i zachowania grzeczno\u015bciowe wsp\u00f3\u0142czesnych Polak\u00f3w. Wci\u0105\u017c za ma\u0142o wiemy [\u2026] Read More","og_url":"https:\/\/pans.krosno.pl\/instytut-humanistyczny\/zyczenie-w-gwarze-i-kulturze-wsi-nowa-publikacja-profesora-kazimierza-sikory\/","og_site_name":"Instytut Humanistyczny PANS w Kro\u015bnie","article_published_time":"2021-01-19T10:56:32+00:00","article_modified_time":"2021-01-21T10:02:03+00:00","og_image":[{"width":448,"height":463,"url":"https:\/\/pans.krosno.pl\/wp-content\/uploads\/sites\/9\/2021\/01\/LigVaria-Sikora.png","type":"image\/png"}],"author":"Bartosz Go\u0142\u0105bek","twitter_card":"summary_large_image","twitter_misc":{"Napisane przez":"Bartosz Go\u0142\u0105bek","Szacowany czas czytania":"3 minuty"},"schema":{"@context":"https:\/\/schema.org","@graph":[{"@type":"Article","@id":"https:\/\/pans.krosno.pl\/instytut-humanistyczny\/zyczenie-w-gwarze-i-kulturze-wsi-nowa-publikacja-profesora-kazimierza-sikory\/#article","isPartOf":{"@id":"https:\/\/pans.krosno.pl\/instytut-humanistyczny\/zyczenie-w-gwarze-i-kulturze-wsi-nowa-publikacja-profesora-kazimierza-sikory\/"},"author":{"name":"Bartosz Go\u0142\u0105bek","@id":"https:\/\/pans.krosno.pl\/instytut-humanistyczny\/#\/schema\/person\/cb70195a5aeabe88d51256d821faa2d9"},"headline":"\u017byczenie w gwarze i kulturze wsi &#8211; nowa ksi\u0105\u017cka profesora Kazimierza Sikory","datePublished":"2021-01-19T10:56:32+00:00","dateModified":"2021-01-21T10:02:03+00:00","mainEntityOfPage":{"@id":"https:\/\/pans.krosno.pl\/instytut-humanistyczny\/zyczenie-w-gwarze-i-kulturze-wsi-nowa-publikacja-profesora-kazimierza-sikory\/"},"wordCount":708,"commentCount":0,"publisher":{"@id":"https:\/\/pans.krosno.pl\/instytut-humanistyczny\/#organization"},"image":{"@id":"https:\/\/pans.krosno.pl\/instytut-humanistyczny\/zyczenie-w-gwarze-i-kulturze-wsi-nowa-publikacja-profesora-kazimierza-sikory\/#primaryimage"},"thumbnailUrl":"https:\/\/pans.krosno.pl\/instytut-humanistyczny\/wp-content\/uploads\/sites\/9\/2021\/01\/LigVaria-Sikora.png","inLanguage":"pl-PL","potentialAction":[{"@type":"CommentAction","name":"Comment","target":["https:\/\/pans.krosno.pl\/instytut-humanistyczny\/zyczenie-w-gwarze-i-kulturze-wsi-nowa-publikacja-profesora-kazimierza-sikory\/#respond"]}]},{"@type":"WebPage","@id":"https:\/\/pans.krosno.pl\/instytut-humanistyczny\/zyczenie-w-gwarze-i-kulturze-wsi-nowa-publikacja-profesora-kazimierza-sikory\/","url":"https:\/\/pans.krosno.pl\/instytut-humanistyczny\/zyczenie-w-gwarze-i-kulturze-wsi-nowa-publikacja-profesora-kazimierza-sikory\/","name":"\u017byczenie w gwarze i kulturze wsi - nowa ksi\u0105\u017cka profesora Kazimierza Sikory - Instytut Humanistyczny PANS w Kro\u015bnie","isPartOf":{"@id":"https:\/\/pans.krosno.pl\/instytut-humanistyczny\/#website"},"primaryImageOfPage":{"@id":"https:\/\/pans.krosno.pl\/instytut-humanistyczny\/zyczenie-w-gwarze-i-kulturze-wsi-nowa-publikacja-profesora-kazimierza-sikory\/#primaryimage"},"image":{"@id":"https:\/\/pans.krosno.pl\/instytut-humanistyczny\/zyczenie-w-gwarze-i-kulturze-wsi-nowa-publikacja-profesora-kazimierza-sikory\/#primaryimage"},"thumbnailUrl":"https:\/\/pans.krosno.pl\/instytut-humanistyczny\/wp-content\/uploads\/sites\/9\/2021\/01\/LigVaria-Sikora.png","datePublished":"2021-01-19T10:56:32+00:00","dateModified":"2021-01-21T10:02:03+00:00","breadcrumb":{"@id":"https:\/\/pans.krosno.pl\/instytut-humanistyczny\/zyczenie-w-gwarze-i-kulturze-wsi-nowa-publikacja-profesora-kazimierza-sikory\/#breadcrumb"},"inLanguage":"pl-PL","potentialAction":[{"@type":"ReadAction","target":["https:\/\/pans.krosno.pl\/instytut-humanistyczny\/zyczenie-w-gwarze-i-kulturze-wsi-nowa-publikacja-profesora-kazimierza-sikory\/"]}]},{"@type":"ImageObject","inLanguage":"pl-PL","@id":"https:\/\/pans.krosno.pl\/instytut-humanistyczny\/zyczenie-w-gwarze-i-kulturze-wsi-nowa-publikacja-profesora-kazimierza-sikory\/#primaryimage","url":"https:\/\/pans.krosno.pl\/instytut-humanistyczny\/wp-content\/uploads\/sites\/9\/2021\/01\/LigVaria-Sikora.png","contentUrl":"https:\/\/pans.krosno.pl\/instytut-humanistyczny\/wp-content\/uploads\/sites\/9\/2021\/01\/LigVaria-Sikora.png","width":448,"height":463},{"@type":"BreadcrumbList","@id":"https:\/\/pans.krosno.pl\/instytut-humanistyczny\/zyczenie-w-gwarze-i-kulturze-wsi-nowa-publikacja-profesora-kazimierza-sikory\/#breadcrumb","itemListElement":[{"@type":"ListItem","position":1,"name":"Strona g\u0142\u00f3wna","item":"https:\/\/pans.krosno.pl\/instytut-humanistyczny\/"},{"@type":"ListItem","position":2,"name":"\u017byczenie w gwarze i kulturze wsi &#8211; nowa ksi\u0105\u017cka profesora Kazimierza Sikory"}]},{"@type":"WebSite","@id":"https:\/\/pans.krosno.pl\/instytut-humanistyczny\/#website","url":"https:\/\/pans.krosno.pl\/instytut-humanistyczny\/","name":"Instytut Humanistyczny PANS w Kro\u015bnie","description":"Instytut Humanistyczny - Pa\u0144stwowa Akademia Nauk Stosowanych","publisher":{"@id":"https:\/\/pans.krosno.pl\/instytut-humanistyczny\/#organization"},"potentialAction":[{"@type":"SearchAction","target":{"@type":"EntryPoint","urlTemplate":"https:\/\/pans.krosno.pl\/instytut-humanistyczny\/?s={search_term_string}"},"query-input":{"@type":"PropertyValueSpecification","valueRequired":true,"valueName":"search_term_string"}}],"inLanguage":"pl-PL"},{"@type":"Organization","@id":"https:\/\/pans.krosno.pl\/instytut-humanistyczny\/#organization","name":"Instytut Humanistyczny PANS w Kro\u015bnie","url":"https:\/\/pans.krosno.pl\/instytut-humanistyczny\/","logo":{"@type":"ImageObject","inLanguage":"pl-PL","@id":"https:\/\/pans.krosno.pl\/instytut-humanistyczny\/#\/schema\/logo\/image\/","url":"https:\/\/pans.krosno.pl\/instytut-humanistyczny\/wp-content\/uploads\/sites\/9\/2023\/01\/Logo-PANS-2022-pelne.png","contentUrl":"https:\/\/pans.krosno.pl\/instytut-humanistyczny\/wp-content\/uploads\/sites\/9\/2023\/01\/Logo-PANS-2022-pelne.png","width":3096,"height":696,"caption":"Instytut Humanistyczny PANS w Kro\u015bnie"},"image":{"@id":"https:\/\/pans.krosno.pl\/instytut-humanistyczny\/#\/schema\/logo\/image\/"}},{"@type":"Person","@id":"https:\/\/pans.krosno.pl\/instytut-humanistyczny\/#\/schema\/person\/cb70195a5aeabe88d51256d821faa2d9","name":"Bartosz Go\u0142\u0105bek","image":{"@type":"ImageObject","inLanguage":"pl-PL","@id":"https:\/\/secure.gravatar.com\/avatar\/ad10819676385baed8ebd4d7be0d4ba77dd5fdc0f4779d414dea3126fd3aec33?s=96&d=mm&r=g","url":"https:\/\/secure.gravatar.com\/avatar\/ad10819676385baed8ebd4d7be0d4ba77dd5fdc0f4779d414dea3126fd3aec33?s=96&d=mm&r=g","contentUrl":"https:\/\/secure.gravatar.com\/avatar\/ad10819676385baed8ebd4d7be0d4ba77dd5fdc0f4779d414dea3126fd3aec33?s=96&d=mm&r=g","caption":"Bartosz Go\u0142\u0105bek"},"description":"dr Bartosz Go\u0142\u0105bek Dyrektor Instytutu Humanistycznego Karpacka Pa\u0144stwowa Uczelnia w Kro\u015bnie (dawniej PWSZ)","url":"https:\/\/pans.krosno.pl\/instytut-humanistyczny\/author\/bartoszgolabek\/"}]}},"_links":{"self":[{"href":"https:\/\/pans.krosno.pl\/instytut-humanistyczny\/wp-json\/wp\/v2\/posts\/820","targetHints":{"allow":["GET"]}}],"collection":[{"href":"https:\/\/pans.krosno.pl\/instytut-humanistyczny\/wp-json\/wp\/v2\/posts"}],"about":[{"href":"https:\/\/pans.krosno.pl\/instytut-humanistyczny\/wp-json\/wp\/v2\/types\/post"}],"author":[{"embeddable":true,"href":"https:\/\/pans.krosno.pl\/instytut-humanistyczny\/wp-json\/wp\/v2\/users\/57"}],"replies":[{"embeddable":true,"href":"https:\/\/pans.krosno.pl\/instytut-humanistyczny\/wp-json\/wp\/v2\/comments?post=820"}],"version-history":[{"count":7,"href":"https:\/\/pans.krosno.pl\/instytut-humanistyczny\/wp-json\/wp\/v2\/posts\/820\/revisions"}],"predecessor-version":[{"id":830,"href":"https:\/\/pans.krosno.pl\/instytut-humanistyczny\/wp-json\/wp\/v2\/posts\/820\/revisions\/830"}],"wp:featuredmedia":[{"embeddable":true,"href":"https:\/\/pans.krosno.pl\/instytut-humanistyczny\/wp-json\/wp\/v2\/media\/822"}],"wp:attachment":[{"href":"https:\/\/pans.krosno.pl\/instytut-humanistyczny\/wp-json\/wp\/v2\/media?parent=820"}],"wp:term":[{"taxonomy":"category","embeddable":true,"href":"https:\/\/pans.krosno.pl\/instytut-humanistyczny\/wp-json\/wp\/v2\/categories?post=820"},{"taxonomy":"post_tag","embeddable":true,"href":"https:\/\/pans.krosno.pl\/instytut-humanistyczny\/wp-json\/wp\/v2\/tags?post=820"}],"curies":[{"name":"wp","href":"https:\/\/api.w.org\/{rel}","templated":true}]}}