{"id":813,"date":"2021-01-17T17:49:17","date_gmt":"2021-01-17T16:49:17","guid":{"rendered":"https:\/\/pans.krosno.pl\/instytut-humanistyczny\/?p=813"},"modified":"2021-01-17T17:50:48","modified_gmt":"2021-01-17T16:50:48","slug":"tydzien-kina-niemieckiego-online-22-29-01-2021","status":"publish","type":"post","link":"https:\/\/pans.krosno.pl\/instytut-humanistyczny\/tydzien-kina-niemieckiego-online-22-29-01-2021\/","title":{"rendered":"Tydzie\u0144 Kina Niemieckiego online 22-29.01.2021"},"content":{"rendered":"\n<h2 class=\"wp-block-heading\">Harmonogram projekcji:<\/h2>\n\n\n\n<p>22 stycznia &#8211; &#8222;<a href=\"https:\/\/www.filmweb.pl\/film\/Undine-2020-848328\">Undine<\/a>&#8222;, re\u017c.&nbsp;<a href=\"https:\/\/www.filmweb.pl\/person\/Christian+Petzold-82284\">Christian Petzold<\/a><br>23 stycznia &#8211; &#8222;<a href=\"https:\/\/www.filmweb.pl\/film\/Lekcja+niemieckiego-2019-830630\">Lekcja niemieckiego<\/a>&#8222;, re\u017c.&nbsp;<a href=\"https:\/\/www.filmweb.pl\/person\/Christian+Schwochow-623292\">Christian Schwochow<\/a><br>24 stycznia &#8211; &#8222;<a href=\"https:\/\/www.filmweb.pl\/film\/Berlin+Alexanderplatz-2020-848440\">Berlin Alexanderplatz<\/a>&#8222;, re\u017c.&nbsp;<a href=\"https:\/\/www.filmweb.pl\/person\/Burhan+Qurbani-1220875\">Burhan Qurbani<\/a><br>25 stycznia &#8211; &#8222;<a href=\"https:\/\/www.filmweb.pl\/film\/M%C3%B3j+koniec.+Tw%C3%B3j+pocz%C4%85tek-2019-841300\">M\u00f3j koniec. Tw\u00f3j pocz\u0105tek<\/a>&#8222;, re\u017c.&nbsp;<a href=\"https:\/\/www.filmweb.pl\/person\/Mariko+Minoguchi-1603643\">Mariko Minoguchi<\/a><br>26 stycznia &#8211; &#8222;<a href=\"https:\/\/www.filmweb.pl\/film\/Cyga%C5%84ska+kr%C3%B3lowa-2019-858438\">Gipsy Queen<\/a>&#8222;, re\u017c.&nbsp;<a href=\"https:\/\/www.filmweb.pl\/person\/H%C3%BCseyin+Tabak-996511\">H\u00fcseyin Tabak<\/a><br>27 stycznia &#8211; &#8222;<a href=\"https:\/\/www.filmweb.pl\/film\/Lara-2019-792617\">Lara<\/a>&#8222;, re\u017c.&nbsp;<a href=\"https:\/\/www.filmweb.pl\/person\/Jan+Ole+Gerster-1605953\">Jan-Ole Gerster<\/a><br>28 stycznia &#8211; &#8222;<a href=\"https:\/\/www.filmweb.pl\/film\/Kryptonim+Curveball-2020-851995\">Kryptonim Curveball<\/a>&#8222;, re\u017c.&nbsp;<a href=\"https:\/\/www.filmweb.pl\/person\/Johannes+Naber-615191\">Johannes Naber<\/a><br>29 stycznia &#8211; &#8222;<a href=\"https:\/\/www.filmweb.pl\/film\/Schlingensief+-+krzykiem+przerwa%C4%87+milczenie-2020-853620\">Schlingensief<\/a>&#8222;, re\u017c.&nbsp;<a href=\"https:\/\/www.filmweb.pl\/person\/Bettina+B%C3%B6hler-417791\">Bettina B\u00f6hler<\/a><\/p>\n\n\n\n<p>Wszystkie pokazy w ramach Tygodnia Filmu Niemieckiego odb\u0119d\u0105 si\u0119 na platformie&nbsp;<a href=\"http:\/\/mojeekino.pl\/\" rel=\"noreferrer noopener\" target=\"_blank\">MOJEeKINO.PL<\/a>. Dost\u0119pno\u015b\u0107 ka\u017cdego filmu liczona jest od godziny premiery online, czyli 19.00, przez kolejne 72 godziny. Koszt biletu-pojedynczego dost\u0119pu do filmu to 15 z\u0142, karnet na ca\u0142y przegl\u0105d 80 z\u0142. Sprzeda\u017c ruszy 22 stycznia. Wi\u0119cej informacji o programie:&nbsp;<a href=\"http:\/\/www.tydzien-filmu-niemieckiego.pl\/\" rel=\"noreferrer noopener\" target=\"_blank\">www.tydzien-filmu-niemieckiego.pl<\/a>&nbsp;lub&nbsp;<a href=\"http:\/\/www.facebook.com\/events\/163234992170599\" rel=\"noreferrer noopener\" target=\"_blank\">www.facebook.com\/events\/163234992170599<\/a>.<\/p>\n\n\n\n<figure class=\"wp-block-image size-large\"><img loading=\"lazy\" decoding=\"async\" width=\"750\" height=\"300\" src=\"https:\/\/pans.krosno.pl\/instytut-humanistyczny\/wp-content\/uploads\/sites\/9\/2021\/01\/Tydzien-kinaniemieckiego.jpg\" alt=\"\" class=\"wp-image-814\" srcset=\"https:\/\/pans.krosno.pl\/instytut-humanistyczny\/wp-content\/uploads\/sites\/9\/2021\/01\/Tydzien-kinaniemieckiego.jpg 750w, https:\/\/pans.krosno.pl\/instytut-humanistyczny\/wp-content\/uploads\/sites\/9\/2021\/01\/Tydzien-kinaniemieckiego-300x120.jpg 300w, https:\/\/pans.krosno.pl\/instytut-humanistyczny\/wp-content\/uploads\/sites\/9\/2021\/01\/Tydzien-kinaniemieckiego-580x232.jpg 580w\" sizes=\"auto, (max-width: 750px) 100vw, 750px\" \/><\/figure>\n","protected":false},"excerpt":{"rendered":"<p>Harmonogram projekcji: 22 stycznia &#8211; &#8222;Undine&#8222;, re\u017c.&nbsp;Christian Petzold23 stycznia &#8211; &#8222;Lekcja niemieckiego&#8222;, re\u017c.&nbsp;Christian Schwochow24 stycznia &#8211; &#8222;Berlin Alexanderplatz&#8222;, re\u017c.&nbsp;Burhan Qurbani25 stycznia &#8211; &#8222;M\u00f3j koniec. Tw\u00f3j pocz\u0105tek&#8222;, re\u017c.&nbsp;Mariko Minoguchi26 stycznia &#8211; &#8222;Gipsy Queen&#8222;, re\u017c.&nbsp;H\u00fcseyin Tabak27 stycznia &#8211; &#8222;Lara&#8222;, re\u017c.&nbsp;Jan-Ole Gerster28 stycznia &#8211; &#8222;Kryptonim Curveball&#8222;, re\u017c.&nbsp;Johannes Naber29 stycznia &#8211; &#8222;Schlingensief&#8222;, re\u017c.&nbsp;Bettina B\u00f6hler [\u2026] <\/p>\n<div class=\"clear\"><\/div>\n<p><a class=\"more_link clearfix\" href=\"https:\/\/pans.krosno.pl\/instytut-humanistyczny\/tydzien-kina-niemieckiego-online-22-29-01-2021\/\" rel=\"nofollow\">Read More<\/a><\/p>\n","protected":false},"author":57,"featured_media":816,"comment_status":"open","ping_status":"open","sticky":false,"template":"","format":"standard","meta":{"ngg_post_thumbnail":0,"footnotes":""},"categories":[1],"tags":[],"class_list":["post-813","post","type-post","status-publish","format-standard","has-post-thumbnail","hentry","category-bez-kategorii"],"yoast_head":"<!-- This site is optimized with the Yoast SEO Premium plugin v27.4 (Yoast SEO v27.4) - https:\/\/yoast.com\/product\/yoast-seo-premium-wordpress\/ -->\n<title>Tydzie\u0144 Kina Niemieckiego online 22-29.01.2021 - Instytut Humanistyczny PANS w Kro\u015bnie<\/title>\n<meta name=\"robots\" content=\"index, follow, max-snippet:-1, max-image-preview:large, max-video-preview:-1\" \/>\n<link rel=\"canonical\" href=\"https:\/\/pans.krosno.pl\/instytut-humanistyczny\/tydzien-kina-niemieckiego-online-22-29-01-2021\/\" \/>\n<meta property=\"og:locale\" content=\"pl_PL\" \/>\n<meta property=\"og:type\" content=\"article\" \/>\n<meta property=\"og:title\" content=\"Tydzie\u0144 Kina Niemieckiego online 22-29.01.2021\" \/>\n<meta property=\"og:description\" content=\"Harmonogram projekcji: 22 stycznia &#8211; &#8222;Undine&#8222;, re\u017c.&nbsp;Christian Petzold23 stycznia &#8211; &#8222;Lekcja niemieckiego&#8222;, re\u017c.&nbsp;Christian Schwochow24 stycznia &#8211; &#8222;Berlin Alexanderplatz&#8222;, re\u017c.&nbsp;Burhan Qurbani25 stycznia &#8211; &#8222;M\u00f3j koniec. Tw\u00f3j pocz\u0105tek&#8222;, re\u017c.&nbsp;Mariko Minoguchi26 stycznia &#8211; &#8222;Gipsy Queen&#8222;, re\u017c.&nbsp;H\u00fcseyin Tabak27 stycznia &#8211; &#8222;Lara&#8222;, re\u017c.&nbsp;Jan-Ole Gerster28 stycznia &#8211; &#8222;Kryptonim Curveball&#8222;, re\u017c.&nbsp;Johannes Naber29 stycznia &#8211; &#8222;Schlingensief&#8222;, re\u017c.&nbsp;Bettina B\u00f6hler [\u2026] Read More\" \/>\n<meta property=\"og:url\" content=\"https:\/\/pans.krosno.pl\/instytut-humanistyczny\/tydzien-kina-niemieckiego-online-22-29-01-2021\/\" \/>\n<meta property=\"og:site_name\" content=\"Instytut Humanistyczny PANS w Kro\u015bnie\" \/>\n<meta property=\"article:published_time\" content=\"2021-01-17T16:49:17+00:00\" \/>\n<meta property=\"article:modified_time\" content=\"2021-01-17T16:50:48+00:00\" \/>\n<meta property=\"og:image\" content=\"https:\/\/pans.krosno.pl\/wp-content\/uploads\/sites\/9\/2021\/01\/Tydzien-kinaniemieckiegobox.jpg\" \/>\n\t<meta property=\"og:image:width\" content=\"216\" \/>\n\t<meta property=\"og:image:height\" content=\"248\" \/>\n\t<meta property=\"og:image:type\" content=\"image\/jpeg\" \/>\n<meta name=\"author\" content=\"Bartosz Go\u0142\u0105bek\" \/>\n<meta name=\"twitter:card\" content=\"summary_large_image\" \/>\n<meta name=\"twitter:label1\" content=\"Napisane przez\" \/>\n\t<meta name=\"twitter:data1\" content=\"Bartosz Go\u0142\u0105bek\" \/>\n\t<meta name=\"twitter:label2\" content=\"Szacowany czas czytania\" \/>\n\t<meta name=\"twitter:data2\" content=\"1 minuta\" \/>\n<script type=\"application\/ld+json\" class=\"yoast-schema-graph\">{\"@context\":\"https:\\\/\\\/schema.org\",\"@graph\":[{\"@type\":\"Article\",\"@id\":\"https:\\\/\\\/pans.krosno.pl\\\/instytut-humanistyczny\\\/tydzien-kina-niemieckiego-online-22-29-01-2021\\\/#article\",\"isPartOf\":{\"@id\":\"https:\\\/\\\/pans.krosno.pl\\\/instytut-humanistyczny\\\/tydzien-kina-niemieckiego-online-22-29-01-2021\\\/\"},\"author\":{\"name\":\"Bartosz Go\u0142\u0105bek\",\"@id\":\"https:\\\/\\\/pans.krosno.pl\\\/instytut-humanistyczny\\\/#\\\/schema\\\/person\\\/cb70195a5aeabe88d51256d821faa2d9\"},\"headline\":\"Tydzie\u0144 Kina Niemieckiego online 22-29.01.2021\",\"datePublished\":\"2021-01-17T16:49:17+00:00\",\"dateModified\":\"2021-01-17T16:50:48+00:00\",\"mainEntityOfPage\":{\"@id\":\"https:\\\/\\\/pans.krosno.pl\\\/instytut-humanistyczny\\\/tydzien-kina-niemieckiego-online-22-29-01-2021\\\/\"},\"wordCount\":139,\"commentCount\":0,\"publisher\":{\"@id\":\"https:\\\/\\\/pans.krosno.pl\\\/instytut-humanistyczny\\\/#organization\"},\"image\":{\"@id\":\"https:\\\/\\\/pans.krosno.pl\\\/instytut-humanistyczny\\\/tydzien-kina-niemieckiego-online-22-29-01-2021\\\/#primaryimage\"},\"thumbnailUrl\":\"https:\\\/\\\/pans.krosno.pl\\\/instytut-humanistyczny\\\/wp-content\\\/uploads\\\/sites\\\/9\\\/2021\\\/01\\\/Tydzien-kinaniemieckiegobox.jpg\",\"inLanguage\":\"pl-PL\",\"potentialAction\":[{\"@type\":\"CommentAction\",\"name\":\"Comment\",\"target\":[\"https:\\\/\\\/pans.krosno.pl\\\/instytut-humanistyczny\\\/tydzien-kina-niemieckiego-online-22-29-01-2021\\\/#respond\"]}]},{\"@type\":\"WebPage\",\"@id\":\"https:\\\/\\\/pans.krosno.pl\\\/instytut-humanistyczny\\\/tydzien-kina-niemieckiego-online-22-29-01-2021\\\/\",\"url\":\"https:\\\/\\\/pans.krosno.pl\\\/instytut-humanistyczny\\\/tydzien-kina-niemieckiego-online-22-29-01-2021\\\/\",\"name\":\"Tydzie\u0144 Kina Niemieckiego online 22-29.01.2021 - Instytut Humanistyczny PANS w Kro\u015bnie\",\"isPartOf\":{\"@id\":\"https:\\\/\\\/pans.krosno.pl\\\/instytut-humanistyczny\\\/#website\"},\"primaryImageOfPage\":{\"@id\":\"https:\\\/\\\/pans.krosno.pl\\\/instytut-humanistyczny\\\/tydzien-kina-niemieckiego-online-22-29-01-2021\\\/#primaryimage\"},\"image\":{\"@id\":\"https:\\\/\\\/pans.krosno.pl\\\/instytut-humanistyczny\\\/tydzien-kina-niemieckiego-online-22-29-01-2021\\\/#primaryimage\"},\"thumbnailUrl\":\"https:\\\/\\\/pans.krosno.pl\\\/instytut-humanistyczny\\\/wp-content\\\/uploads\\\/sites\\\/9\\\/2021\\\/01\\\/Tydzien-kinaniemieckiegobox.jpg\",\"datePublished\":\"2021-01-17T16:49:17+00:00\",\"dateModified\":\"2021-01-17T16:50:48+00:00\",\"breadcrumb\":{\"@id\":\"https:\\\/\\\/pans.krosno.pl\\\/instytut-humanistyczny\\\/tydzien-kina-niemieckiego-online-22-29-01-2021\\\/#breadcrumb\"},\"inLanguage\":\"pl-PL\",\"potentialAction\":[{\"@type\":\"ReadAction\",\"target\":[\"https:\\\/\\\/pans.krosno.pl\\\/instytut-humanistyczny\\\/tydzien-kina-niemieckiego-online-22-29-01-2021\\\/\"]}]},{\"@type\":\"ImageObject\",\"inLanguage\":\"pl-PL\",\"@id\":\"https:\\\/\\\/pans.krosno.pl\\\/instytut-humanistyczny\\\/tydzien-kina-niemieckiego-online-22-29-01-2021\\\/#primaryimage\",\"url\":\"https:\\\/\\\/pans.krosno.pl\\\/instytut-humanistyczny\\\/wp-content\\\/uploads\\\/sites\\\/9\\\/2021\\\/01\\\/Tydzien-kinaniemieckiegobox.jpg\",\"contentUrl\":\"https:\\\/\\\/pans.krosno.pl\\\/instytut-humanistyczny\\\/wp-content\\\/uploads\\\/sites\\\/9\\\/2021\\\/01\\\/Tydzien-kinaniemieckiegobox.jpg\",\"width\":216,\"height\":248},{\"@type\":\"BreadcrumbList\",\"@id\":\"https:\\\/\\\/pans.krosno.pl\\\/instytut-humanistyczny\\\/tydzien-kina-niemieckiego-online-22-29-01-2021\\\/#breadcrumb\",\"itemListElement\":[{\"@type\":\"ListItem\",\"position\":1,\"name\":\"Strona g\u0142\u00f3wna\",\"item\":\"https:\\\/\\\/pans.krosno.pl\\\/instytut-humanistyczny\\\/\"},{\"@type\":\"ListItem\",\"position\":2,\"name\":\"Tydzie\u0144 Kina Niemieckiego online 22-29.01.2021\"}]},{\"@type\":\"WebSite\",\"@id\":\"https:\\\/\\\/pans.krosno.pl\\\/instytut-humanistyczny\\\/#website\",\"url\":\"https:\\\/\\\/pans.krosno.pl\\\/instytut-humanistyczny\\\/\",\"name\":\"Instytut Humanistyczny PANS w Kro\u015bnie\",\"description\":\"Instytut Humanistyczny - Pa\u0144stwowa Akademia Nauk Stosowanych\",\"publisher\":{\"@id\":\"https:\\\/\\\/pans.krosno.pl\\\/instytut-humanistyczny\\\/#organization\"},\"potentialAction\":[{\"@type\":\"SearchAction\",\"target\":{\"@type\":\"EntryPoint\",\"urlTemplate\":\"https:\\\/\\\/pans.krosno.pl\\\/instytut-humanistyczny\\\/?s={search_term_string}\"},\"query-input\":{\"@type\":\"PropertyValueSpecification\",\"valueRequired\":true,\"valueName\":\"search_term_string\"}}],\"inLanguage\":\"pl-PL\"},{\"@type\":\"Organization\",\"@id\":\"https:\\\/\\\/pans.krosno.pl\\\/instytut-humanistyczny\\\/#organization\",\"name\":\"Instytut Humanistyczny PANS w Kro\u015bnie\",\"url\":\"https:\\\/\\\/pans.krosno.pl\\\/instytut-humanistyczny\\\/\",\"logo\":{\"@type\":\"ImageObject\",\"inLanguage\":\"pl-PL\",\"@id\":\"https:\\\/\\\/pans.krosno.pl\\\/instytut-humanistyczny\\\/#\\\/schema\\\/logo\\\/image\\\/\",\"url\":\"https:\\\/\\\/pans.krosno.pl\\\/instytut-humanistyczny\\\/wp-content\\\/uploads\\\/sites\\\/9\\\/2023\\\/01\\\/Logo-PANS-2022-pelne.png\",\"contentUrl\":\"https:\\\/\\\/pans.krosno.pl\\\/instytut-humanistyczny\\\/wp-content\\\/uploads\\\/sites\\\/9\\\/2023\\\/01\\\/Logo-PANS-2022-pelne.png\",\"width\":3096,\"height\":696,\"caption\":\"Instytut Humanistyczny PANS w Kro\u015bnie\"},\"image\":{\"@id\":\"https:\\\/\\\/pans.krosno.pl\\\/instytut-humanistyczny\\\/#\\\/schema\\\/logo\\\/image\\\/\"}},{\"@type\":\"Person\",\"@id\":\"https:\\\/\\\/pans.krosno.pl\\\/instytut-humanistyczny\\\/#\\\/schema\\\/person\\\/cb70195a5aeabe88d51256d821faa2d9\",\"name\":\"Bartosz Go\u0142\u0105bek\",\"image\":{\"@type\":\"ImageObject\",\"inLanguage\":\"pl-PL\",\"@id\":\"https:\\\/\\\/secure.gravatar.com\\\/avatar\\\/ad10819676385baed8ebd4d7be0d4ba77dd5fdc0f4779d414dea3126fd3aec33?s=96&d=mm&r=g\",\"url\":\"https:\\\/\\\/secure.gravatar.com\\\/avatar\\\/ad10819676385baed8ebd4d7be0d4ba77dd5fdc0f4779d414dea3126fd3aec33?s=96&d=mm&r=g\",\"contentUrl\":\"https:\\\/\\\/secure.gravatar.com\\\/avatar\\\/ad10819676385baed8ebd4d7be0d4ba77dd5fdc0f4779d414dea3126fd3aec33?s=96&d=mm&r=g\",\"caption\":\"Bartosz Go\u0142\u0105bek\"},\"description\":\"dr Bartosz Go\u0142\u0105bek Dyrektor Instytutu Humanistycznego Karpacka Pa\u0144stwowa Uczelnia w Kro\u015bnie (dawniej PWSZ)\",\"url\":\"https:\\\/\\\/pans.krosno.pl\\\/instytut-humanistyczny\\\/author\\\/bartoszgolabek\\\/\"}]}<\/script>\n<!-- \/ Yoast SEO Premium plugin. -->","yoast_head_json":{"title":"Tydzie\u0144 Kina Niemieckiego online 22-29.01.2021 - Instytut Humanistyczny PANS w Kro\u015bnie","robots":{"index":"index","follow":"follow","max-snippet":"max-snippet:-1","max-image-preview":"max-image-preview:large","max-video-preview":"max-video-preview:-1"},"canonical":"https:\/\/pans.krosno.pl\/instytut-humanistyczny\/tydzien-kina-niemieckiego-online-22-29-01-2021\/","og_locale":"pl_PL","og_type":"article","og_title":"Tydzie\u0144 Kina Niemieckiego online 22-29.01.2021","og_description":"Harmonogram projekcji: 22 stycznia &#8211; &#8222;Undine&#8222;, re\u017c.&nbsp;Christian Petzold23 stycznia &#8211; &#8222;Lekcja niemieckiego&#8222;, re\u017c.&nbsp;Christian Schwochow24 stycznia &#8211; &#8222;Berlin Alexanderplatz&#8222;, re\u017c.&nbsp;Burhan Qurbani25 stycznia &#8211; &#8222;M\u00f3j koniec. Tw\u00f3j pocz\u0105tek&#8222;, re\u017c.&nbsp;Mariko Minoguchi26 stycznia &#8211; &#8222;Gipsy Queen&#8222;, re\u017c.&nbsp;H\u00fcseyin Tabak27 stycznia &#8211; &#8222;Lara&#8222;, re\u017c.&nbsp;Jan-Ole Gerster28 stycznia &#8211; &#8222;Kryptonim Curveball&#8222;, re\u017c.&nbsp;Johannes Naber29 stycznia &#8211; &#8222;Schlingensief&#8222;, re\u017c.&nbsp;Bettina B\u00f6hler [\u2026] Read More","og_url":"https:\/\/pans.krosno.pl\/instytut-humanistyczny\/tydzien-kina-niemieckiego-online-22-29-01-2021\/","og_site_name":"Instytut Humanistyczny PANS w Kro\u015bnie","article_published_time":"2021-01-17T16:49:17+00:00","article_modified_time":"2021-01-17T16:50:48+00:00","og_image":[{"width":216,"height":248,"url":"https:\/\/pans.krosno.pl\/wp-content\/uploads\/sites\/9\/2021\/01\/Tydzien-kinaniemieckiegobox.jpg","type":"image\/jpeg"}],"author":"Bartosz Go\u0142\u0105bek","twitter_card":"summary_large_image","twitter_misc":{"Napisane przez":"Bartosz Go\u0142\u0105bek","Szacowany czas czytania":"1 minuta"},"schema":{"@context":"https:\/\/schema.org","@graph":[{"@type":"Article","@id":"https:\/\/pans.krosno.pl\/instytut-humanistyczny\/tydzien-kina-niemieckiego-online-22-29-01-2021\/#article","isPartOf":{"@id":"https:\/\/pans.krosno.pl\/instytut-humanistyczny\/tydzien-kina-niemieckiego-online-22-29-01-2021\/"},"author":{"name":"Bartosz Go\u0142\u0105bek","@id":"https:\/\/pans.krosno.pl\/instytut-humanistyczny\/#\/schema\/person\/cb70195a5aeabe88d51256d821faa2d9"},"headline":"Tydzie\u0144 Kina Niemieckiego online 22-29.01.2021","datePublished":"2021-01-17T16:49:17+00:00","dateModified":"2021-01-17T16:50:48+00:00","mainEntityOfPage":{"@id":"https:\/\/pans.krosno.pl\/instytut-humanistyczny\/tydzien-kina-niemieckiego-online-22-29-01-2021\/"},"wordCount":139,"commentCount":0,"publisher":{"@id":"https:\/\/pans.krosno.pl\/instytut-humanistyczny\/#organization"},"image":{"@id":"https:\/\/pans.krosno.pl\/instytut-humanistyczny\/tydzien-kina-niemieckiego-online-22-29-01-2021\/#primaryimage"},"thumbnailUrl":"https:\/\/pans.krosno.pl\/instytut-humanistyczny\/wp-content\/uploads\/sites\/9\/2021\/01\/Tydzien-kinaniemieckiegobox.jpg","inLanguage":"pl-PL","potentialAction":[{"@type":"CommentAction","name":"Comment","target":["https:\/\/pans.krosno.pl\/instytut-humanistyczny\/tydzien-kina-niemieckiego-online-22-29-01-2021\/#respond"]}]},{"@type":"WebPage","@id":"https:\/\/pans.krosno.pl\/instytut-humanistyczny\/tydzien-kina-niemieckiego-online-22-29-01-2021\/","url":"https:\/\/pans.krosno.pl\/instytut-humanistyczny\/tydzien-kina-niemieckiego-online-22-29-01-2021\/","name":"Tydzie\u0144 Kina Niemieckiego online 22-29.01.2021 - Instytut Humanistyczny PANS w Kro\u015bnie","isPartOf":{"@id":"https:\/\/pans.krosno.pl\/instytut-humanistyczny\/#website"},"primaryImageOfPage":{"@id":"https:\/\/pans.krosno.pl\/instytut-humanistyczny\/tydzien-kina-niemieckiego-online-22-29-01-2021\/#primaryimage"},"image":{"@id":"https:\/\/pans.krosno.pl\/instytut-humanistyczny\/tydzien-kina-niemieckiego-online-22-29-01-2021\/#primaryimage"},"thumbnailUrl":"https:\/\/pans.krosno.pl\/instytut-humanistyczny\/wp-content\/uploads\/sites\/9\/2021\/01\/Tydzien-kinaniemieckiegobox.jpg","datePublished":"2021-01-17T16:49:17+00:00","dateModified":"2021-01-17T16:50:48+00:00","breadcrumb":{"@id":"https:\/\/pans.krosno.pl\/instytut-humanistyczny\/tydzien-kina-niemieckiego-online-22-29-01-2021\/#breadcrumb"},"inLanguage":"pl-PL","potentialAction":[{"@type":"ReadAction","target":["https:\/\/pans.krosno.pl\/instytut-humanistyczny\/tydzien-kina-niemieckiego-online-22-29-01-2021\/"]}]},{"@type":"ImageObject","inLanguage":"pl-PL","@id":"https:\/\/pans.krosno.pl\/instytut-humanistyczny\/tydzien-kina-niemieckiego-online-22-29-01-2021\/#primaryimage","url":"https:\/\/pans.krosno.pl\/instytut-humanistyczny\/wp-content\/uploads\/sites\/9\/2021\/01\/Tydzien-kinaniemieckiegobox.jpg","contentUrl":"https:\/\/pans.krosno.pl\/instytut-humanistyczny\/wp-content\/uploads\/sites\/9\/2021\/01\/Tydzien-kinaniemieckiegobox.jpg","width":216,"height":248},{"@type":"BreadcrumbList","@id":"https:\/\/pans.krosno.pl\/instytut-humanistyczny\/tydzien-kina-niemieckiego-online-22-29-01-2021\/#breadcrumb","itemListElement":[{"@type":"ListItem","position":1,"name":"Strona g\u0142\u00f3wna","item":"https:\/\/pans.krosno.pl\/instytut-humanistyczny\/"},{"@type":"ListItem","position":2,"name":"Tydzie\u0144 Kina Niemieckiego online 22-29.01.2021"}]},{"@type":"WebSite","@id":"https:\/\/pans.krosno.pl\/instytut-humanistyczny\/#website","url":"https:\/\/pans.krosno.pl\/instytut-humanistyczny\/","name":"Instytut Humanistyczny PANS w Kro\u015bnie","description":"Instytut Humanistyczny - Pa\u0144stwowa Akademia Nauk Stosowanych","publisher":{"@id":"https:\/\/pans.krosno.pl\/instytut-humanistyczny\/#organization"},"potentialAction":[{"@type":"SearchAction","target":{"@type":"EntryPoint","urlTemplate":"https:\/\/pans.krosno.pl\/instytut-humanistyczny\/?s={search_term_string}"},"query-input":{"@type":"PropertyValueSpecification","valueRequired":true,"valueName":"search_term_string"}}],"inLanguage":"pl-PL"},{"@type":"Organization","@id":"https:\/\/pans.krosno.pl\/instytut-humanistyczny\/#organization","name":"Instytut Humanistyczny PANS w Kro\u015bnie","url":"https:\/\/pans.krosno.pl\/instytut-humanistyczny\/","logo":{"@type":"ImageObject","inLanguage":"pl-PL","@id":"https:\/\/pans.krosno.pl\/instytut-humanistyczny\/#\/schema\/logo\/image\/","url":"https:\/\/pans.krosno.pl\/instytut-humanistyczny\/wp-content\/uploads\/sites\/9\/2023\/01\/Logo-PANS-2022-pelne.png","contentUrl":"https:\/\/pans.krosno.pl\/instytut-humanistyczny\/wp-content\/uploads\/sites\/9\/2023\/01\/Logo-PANS-2022-pelne.png","width":3096,"height":696,"caption":"Instytut Humanistyczny PANS w Kro\u015bnie"},"image":{"@id":"https:\/\/pans.krosno.pl\/instytut-humanistyczny\/#\/schema\/logo\/image\/"}},{"@type":"Person","@id":"https:\/\/pans.krosno.pl\/instytut-humanistyczny\/#\/schema\/person\/cb70195a5aeabe88d51256d821faa2d9","name":"Bartosz Go\u0142\u0105bek","image":{"@type":"ImageObject","inLanguage":"pl-PL","@id":"https:\/\/secure.gravatar.com\/avatar\/ad10819676385baed8ebd4d7be0d4ba77dd5fdc0f4779d414dea3126fd3aec33?s=96&d=mm&r=g","url":"https:\/\/secure.gravatar.com\/avatar\/ad10819676385baed8ebd4d7be0d4ba77dd5fdc0f4779d414dea3126fd3aec33?s=96&d=mm&r=g","contentUrl":"https:\/\/secure.gravatar.com\/avatar\/ad10819676385baed8ebd4d7be0d4ba77dd5fdc0f4779d414dea3126fd3aec33?s=96&d=mm&r=g","caption":"Bartosz Go\u0142\u0105bek"},"description":"dr Bartosz Go\u0142\u0105bek Dyrektor Instytutu Humanistycznego Karpacka Pa\u0144stwowa Uczelnia w Kro\u015bnie (dawniej PWSZ)","url":"https:\/\/pans.krosno.pl\/instytut-humanistyczny\/author\/bartoszgolabek\/"}]}},"_links":{"self":[{"href":"https:\/\/pans.krosno.pl\/instytut-humanistyczny\/wp-json\/wp\/v2\/posts\/813","targetHints":{"allow":["GET"]}}],"collection":[{"href":"https:\/\/pans.krosno.pl\/instytut-humanistyczny\/wp-json\/wp\/v2\/posts"}],"about":[{"href":"https:\/\/pans.krosno.pl\/instytut-humanistyczny\/wp-json\/wp\/v2\/types\/post"}],"author":[{"embeddable":true,"href":"https:\/\/pans.krosno.pl\/instytut-humanistyczny\/wp-json\/wp\/v2\/users\/57"}],"replies":[{"embeddable":true,"href":"https:\/\/pans.krosno.pl\/instytut-humanistyczny\/wp-json\/wp\/v2\/comments?post=813"}],"version-history":[{"count":2,"href":"https:\/\/pans.krosno.pl\/instytut-humanistyczny\/wp-json\/wp\/v2\/posts\/813\/revisions"}],"predecessor-version":[{"id":817,"href":"https:\/\/pans.krosno.pl\/instytut-humanistyczny\/wp-json\/wp\/v2\/posts\/813\/revisions\/817"}],"wp:featuredmedia":[{"embeddable":true,"href":"https:\/\/pans.krosno.pl\/instytut-humanistyczny\/wp-json\/wp\/v2\/media\/816"}],"wp:attachment":[{"href":"https:\/\/pans.krosno.pl\/instytut-humanistyczny\/wp-json\/wp\/v2\/media?parent=813"}],"wp:term":[{"taxonomy":"category","embeddable":true,"href":"https:\/\/pans.krosno.pl\/instytut-humanistyczny\/wp-json\/wp\/v2\/categories?post=813"},{"taxonomy":"post_tag","embeddable":true,"href":"https:\/\/pans.krosno.pl\/instytut-humanistyczny\/wp-json\/wp\/v2\/tags?post=813"}],"curies":[{"name":"wp","href":"https:\/\/api.w.org\/{rel}","templated":true}]}}