{"id":808,"date":"2020-12-30T10:24:10","date_gmt":"2020-12-30T09:24:10","guid":{"rendered":"https:\/\/pans.krosno.pl\/instytut-humanistyczny\/?p=808"},"modified":"2020-12-30T10:24:12","modified_gmt":"2020-12-30T09:24:12","slug":"a-ty-dla-kogo-sie-zaszczepisz-dlaczego-warto-zaszczepic-sie-przeciwko-covid-19","status":"publish","type":"post","link":"https:\/\/pans.krosno.pl\/instytut-humanistyczny\/a-ty-dla-kogo-sie-zaszczepisz-dlaczego-warto-zaszczepic-sie-przeciwko-covid-19\/","title":{"rendered":"A Ty dla kogo si\u0119 zaszczepisz? Dlaczego warto  zaszczepi\u0107 si\u0119 przeciwko COVID-19."},"content":{"rendered":"\n<ol class=\"wp-block-list\"><li><strong>Bo uchronisz siebie przed niebezpiecze\u0144stwem<\/strong><\/li><\/ol>\n\n\n\n<p>Z bardzo du\u017cym prawdopodobie\u0144stwem \u2013 si\u0119gaj\u0105cym nawet 95% \u2013 szczepienie uchroni Ci\u0119 przed zaka\u017ceniem COVID-19.<\/p>\n\n\n\n<ol class=\"wp-block-list\" start=\"2\"><li><strong>Bo uratujesz komu\u015b \u017cycie<\/strong><\/li><\/ol>\n\n\n\n<p>Szczepi\u0105c si\u0119, my\u015blisz r\u00f3wnie\u017c o innych \u2013 cz\u0142onkach rodziny, przyjacio\u0142ach i znajomych. Ale tak\u017ce nieznajomych \u2013 spotkanych przypadkiem na ulicy, czy w sklepie. Dzi\u0119ki Tobie zwi\u0119kszy si\u0119 r\u00f3wnie\u017c ich bezpiecze\u0144stwo. Nawet je\u015bli czujesz si\u0119 m\u0142ody i silny, poprzez zaszczepienie przerwiesz \u0142a\u0144cuch zaka\u017ce\u0144.<\/p>\n\n\n\n<ol class=\"wp-block-list\" start=\"3\"><li><strong>Bo mo\u017cesz!<\/strong><\/li><\/ol>\n\n\n\n<p>Szczepionki na koronawirusa s\u0105 dobrowolne, bezp\u0142atne i skuteczne.<\/p>\n\n\n\n<ol class=\"wp-block-list\" start=\"4\"><li><strong>Bo pomo\u017cesz zwalczy\u0107 pandemi\u0119 na \u015bwiecie<\/strong><\/li><\/ol>\n\n\n\n<p>Od wybuchu epidemii na COVID-19 zmar\u0142o ju\u017c ponad 1,5 mln ludzi na ca\u0142ym \u015bwiecie. Ka\u017cdy zaszczepiony to potencjalnie od kilku do kilkunastu os\u00f3b uchronionych przed zara\u017ceniem. Ju\u017c 50% zaszczepionej populacji istotnie wp\u0142ynie na zmniejszenie ryzyka szerzenia si\u0119 w niej&nbsp;koronawirusa.<\/p>\n\n\n\n<ol class=\"wp-block-list\" start=\"5\"><li><strong>Bo zyskasz spok\u00f3j<\/strong><\/li><\/ol>\n\n\n\n<p>Szczepi\u0105c si\u0119, zyskasz wewn\u0119trzny spok\u00f3j, wynikaj\u0105cy z bezpiecze\u0144stwa w\u0142asnego i najbli\u017cszych.<\/p>\n\n\n\n<ol class=\"wp-block-list\" start=\"6\"><li><strong>Bo szczepionki s\u0105 bezpieczne<\/strong><\/li><\/ol>\n\n\n\n<p>Szczepionki s\u0105 badane przez polskie i unijne instytucje. Ich dopuszczenie do u\u017cytku jest zale\u017cne od decyzji Europejskiej Agencji Lekowej.<\/p>\n\n\n\n<ol class=\"wp-block-list\" start=\"7\"><li><strong>Bo zostaniesz zbadany<\/strong><\/li><\/ol>\n\n\n\n<p>Przed szczepieniem zostaniesz przebadany przez lekarza. Dzi\u0119ki temu sprawdzisz sw\u00f3j aktualny stan zdrowia.<\/p>\n\n\n\n<ol class=\"wp-block-list\" start=\"8\"><li><strong>Bo dzi\u0119ki Tobie szybciej wr\u00f3cimy do normalno\u015bci!<\/strong><\/li><\/ol>\n\n\n\n<p>Szczepi\u0105c si\u0119, przyczyniasz si\u0119 do szybszego znoszenia ogranicze\u0144 i powrotu nas wszystkich do normalnego \u017cycia.<\/p>\n\n\n\n<ol class=\"wp-block-list\" start=\"9\"><li><strong>Powr\u00f3t do normalno\u015bci oznacza:<\/strong><\/li><\/ol>\n\n\n\n<ul class=\"wp-block-list\"><li>odej\u015bcie od maseczek,<\/li><li>swobodne spotkania z rodzin\u0105 i przyjaci\u00f3\u0142mi,<\/li><li>powr\u00f3t dzieci do szk\u00f3\u0142 i rozw\u00f3j ich kompetencji spo\u0142ecznych,<\/li><li>dalszy rozw\u00f3j gospodarki,<\/li><li>ochron\u0119 miejsc pracy oraz szans\u0119 na nowe zatrudnienia,<\/li><li>swobodny dost\u0119p do basen\u00f3w, si\u0142owni, kin i teatr\u00f3w,<\/li><li>wakacje bez ogranicze\u0144,<\/li><li>popraw\u0119 jako\u015bci \u017cycia nas wszystkich.<\/li><\/ul>\n\n\n\n<ol class=\"wp-block-list\" start=\"10\"><li><strong>Szczepionki s\u0105 najbardziej skuteczn\u0105 metod\u0105 chroni\u0105c\u0105 przed zara\u017ceniem r\u00f3\u017cnymi chorobami. Ludzko\u015b\u0107 z powodzeniem korzysta z tej zdobyczy cywilizacji od kilkuset lat.<\/strong><\/li><\/ol>\n\n\n\n<figure class=\"wp-block-pullquote\" id=\"block-8d6de84d-4f8a-4d32-a746-2d4cb074a34c\"><blockquote><p><a href=\"https:\/\/www.gov.pl\/web\/szczepimysie\/dlaczego-warto-sie-zaszczepic-przeciwko-covid-19\">https:\/\/www.gov.pl\/web\/szczepimysie\/dlaczego-warto-sie-zaszczepic-przeciwko-covid-19<\/a><\/p><\/blockquote><\/figure>\n\n\n\n<figure class=\"wp-block-embed-youtube wp-block-embed is-type-video is-provider-youtube wp-embed-aspect-16-9 wp-has-aspect-ratio\"><div class=\"wp-block-embed__wrapper\">\n<iframe loading=\"lazy\" title=\"Szczepionka - czy jest bezpieczna?\" width=\"740\" height=\"416\" src=\"https:\/\/www.youtube.com\/embed\/BE0sADYOSZc?feature=oembed\" frameborder=\"0\" allow=\"accelerometer; autoplay; clipboard-write; encrypted-media; gyroscope; picture-in-picture\" allowfullscreen><\/iframe>\n<\/div><\/figure>\n","protected":false},"excerpt":{"rendered":"<p>Bo uchronisz siebie przed niebezpiecze\u0144stwem Z bardzo du\u017cym prawdopodobie\u0144stwem \u2013 si\u0119gaj\u0105cym nawet 95% \u2013 szczepienie uchroni Ci\u0119 przed zaka\u017ceniem COVID-19. Bo uratujesz komu\u015b \u017cycie Szczepi\u0105c si\u0119, my\u015blisz r\u00f3wnie\u017c o innych \u2013 cz\u0142onkach rodziny, przyjacio\u0142ach i znajomych. Ale tak\u017ce nieznajomych \u2013 spotkanych przypadkiem na ulicy, czy w sklepie. Dzi\u0119ki Tobie zwi\u0119kszy [\u2026] <\/p>\n<div class=\"clear\"><\/div>\n<p><a class=\"more_link clearfix\" href=\"https:\/\/pans.krosno.pl\/instytut-humanistyczny\/a-ty-dla-kogo-sie-zaszczepisz-dlaczego-warto-zaszczepic-sie-przeciwko-covid-19\/\" rel=\"nofollow\">Read More<\/a><\/p>\n","protected":false},"author":57,"featured_media":810,"comment_status":"open","ping_status":"open","sticky":false,"template":"","format":"standard","meta":{"ngg_post_thumbnail":0,"footnotes":""},"categories":[1],"tags":[],"class_list":["post-808","post","type-post","status-publish","format-standard","has-post-thumbnail","hentry","category-bez-kategorii"],"yoast_head":"<!-- This site is optimized with the Yoast SEO Premium plugin v27.4 (Yoast SEO v27.4) - https:\/\/yoast.com\/product\/yoast-seo-premium-wordpress\/ -->\n<title>A Ty dla kogo si\u0119 zaszczepisz? Dlaczego warto zaszczepi\u0107 si\u0119 przeciwko COVID-19. - Instytut Humanistyczny PANS w Kro\u015bnie<\/title>\n<meta name=\"robots\" content=\"index, follow, max-snippet:-1, max-image-preview:large, max-video-preview:-1\" \/>\n<link rel=\"canonical\" href=\"https:\/\/pans.krosno.pl\/instytut-humanistyczny\/a-ty-dla-kogo-sie-zaszczepisz-dlaczego-warto-zaszczepic-sie-przeciwko-covid-19\/\" \/>\n<meta property=\"og:locale\" content=\"pl_PL\" \/>\n<meta property=\"og:type\" content=\"article\" \/>\n<meta property=\"og:title\" content=\"A Ty dla kogo si\u0119 zaszczepisz? Dlaczego warto zaszczepi\u0107 si\u0119 przeciwko COVID-19.\" \/>\n<meta property=\"og:description\" content=\"Bo uchronisz siebie przed niebezpiecze\u0144stwem Z bardzo du\u017cym prawdopodobie\u0144stwem \u2013 si\u0119gaj\u0105cym nawet 95% \u2013 szczepienie uchroni Ci\u0119 przed zaka\u017ceniem COVID-19. Bo uratujesz komu\u015b \u017cycie Szczepi\u0105c si\u0119, my\u015blisz r\u00f3wnie\u017c o innych \u2013 cz\u0142onkach rodziny, przyjacio\u0142ach i znajomych. Ale tak\u017ce nieznajomych \u2013 spotkanych przypadkiem na ulicy, czy w sklepie. Dzi\u0119ki Tobie zwi\u0119kszy [\u2026] Read More\" \/>\n<meta property=\"og:url\" content=\"https:\/\/pans.krosno.pl\/instytut-humanistyczny\/a-ty-dla-kogo-sie-zaszczepisz-dlaczego-warto-zaszczepic-sie-przeciwko-covid-19\/\" \/>\n<meta property=\"og:site_name\" content=\"Instytut Humanistyczny PANS w Kro\u015bnie\" \/>\n<meta property=\"article:published_time\" content=\"2020-12-30T09:24:10+00:00\" \/>\n<meta property=\"article:modified_time\" content=\"2020-12-30T09:24:12+00:00\" \/>\n<meta property=\"og:image\" content=\"https:\/\/pans.krosno.pl\/wp-content\/uploads\/sites\/9\/2020\/12\/Covid-vaccine.jpg\" \/>\n\t<meta property=\"og:image:width\" content=\"1500\" \/>\n\t<meta property=\"og:image:height\" content=\"956\" \/>\n\t<meta property=\"og:image:type\" content=\"image\/jpeg\" \/>\n<meta name=\"author\" content=\"Bartosz Go\u0142\u0105bek\" \/>\n<meta name=\"twitter:card\" content=\"summary_large_image\" \/>\n<meta name=\"twitter:label1\" content=\"Napisane przez\" \/>\n\t<meta name=\"twitter:data1\" content=\"Bartosz Go\u0142\u0105bek\" \/>\n\t<meta name=\"twitter:label2\" content=\"Szacowany czas czytania\" \/>\n\t<meta name=\"twitter:data2\" content=\"2 minuty\" \/>\n<script type=\"application\/ld+json\" class=\"yoast-schema-graph\">{\"@context\":\"https:\\\/\\\/schema.org\",\"@graph\":[{\"@type\":\"Article\",\"@id\":\"https:\\\/\\\/pans.krosno.pl\\\/instytut-humanistyczny\\\/a-ty-dla-kogo-sie-zaszczepisz-dlaczego-warto-zaszczepic-sie-przeciwko-covid-19\\\/#article\",\"isPartOf\":{\"@id\":\"https:\\\/\\\/pans.krosno.pl\\\/instytut-humanistyczny\\\/a-ty-dla-kogo-sie-zaszczepisz-dlaczego-warto-zaszczepic-sie-przeciwko-covid-19\\\/\"},\"author\":{\"name\":\"Bartosz Go\u0142\u0105bek\",\"@id\":\"https:\\\/\\\/pans.krosno.pl\\\/instytut-humanistyczny\\\/#\\\/schema\\\/person\\\/cb70195a5aeabe88d51256d821faa2d9\"},\"headline\":\"A Ty dla kogo si\u0119 zaszczepisz? Dlaczego warto zaszczepi\u0107 si\u0119 przeciwko COVID-19.\",\"datePublished\":\"2020-12-30T09:24:10+00:00\",\"dateModified\":\"2020-12-30T09:24:12+00:00\",\"mainEntityOfPage\":{\"@id\":\"https:\\\/\\\/pans.krosno.pl\\\/instytut-humanistyczny\\\/a-ty-dla-kogo-sie-zaszczepisz-dlaczego-warto-zaszczepic-sie-przeciwko-covid-19\\\/\"},\"wordCount\":353,\"commentCount\":0,\"publisher\":{\"@id\":\"https:\\\/\\\/pans.krosno.pl\\\/instytut-humanistyczny\\\/#organization\"},\"image\":{\"@id\":\"https:\\\/\\\/pans.krosno.pl\\\/instytut-humanistyczny\\\/a-ty-dla-kogo-sie-zaszczepisz-dlaczego-warto-zaszczepic-sie-przeciwko-covid-19\\\/#primaryimage\"},\"thumbnailUrl\":\"https:\\\/\\\/pans.krosno.pl\\\/instytut-humanistyczny\\\/wp-content\\\/uploads\\\/sites\\\/9\\\/2020\\\/12\\\/Covid-vaccine.jpg\",\"inLanguage\":\"pl-PL\",\"potentialAction\":[{\"@type\":\"CommentAction\",\"name\":\"Comment\",\"target\":[\"https:\\\/\\\/pans.krosno.pl\\\/instytut-humanistyczny\\\/a-ty-dla-kogo-sie-zaszczepisz-dlaczego-warto-zaszczepic-sie-przeciwko-covid-19\\\/#respond\"]}]},{\"@type\":\"WebPage\",\"@id\":\"https:\\\/\\\/pans.krosno.pl\\\/instytut-humanistyczny\\\/a-ty-dla-kogo-sie-zaszczepisz-dlaczego-warto-zaszczepic-sie-przeciwko-covid-19\\\/\",\"url\":\"https:\\\/\\\/pans.krosno.pl\\\/instytut-humanistyczny\\\/a-ty-dla-kogo-sie-zaszczepisz-dlaczego-warto-zaszczepic-sie-przeciwko-covid-19\\\/\",\"name\":\"A Ty dla kogo si\u0119 zaszczepisz? Dlaczego warto zaszczepi\u0107 si\u0119 przeciwko COVID-19. - Instytut Humanistyczny PANS w Kro\u015bnie\",\"isPartOf\":{\"@id\":\"https:\\\/\\\/pans.krosno.pl\\\/instytut-humanistyczny\\\/#website\"},\"primaryImageOfPage\":{\"@id\":\"https:\\\/\\\/pans.krosno.pl\\\/instytut-humanistyczny\\\/a-ty-dla-kogo-sie-zaszczepisz-dlaczego-warto-zaszczepic-sie-przeciwko-covid-19\\\/#primaryimage\"},\"image\":{\"@id\":\"https:\\\/\\\/pans.krosno.pl\\\/instytut-humanistyczny\\\/a-ty-dla-kogo-sie-zaszczepisz-dlaczego-warto-zaszczepic-sie-przeciwko-covid-19\\\/#primaryimage\"},\"thumbnailUrl\":\"https:\\\/\\\/pans.krosno.pl\\\/instytut-humanistyczny\\\/wp-content\\\/uploads\\\/sites\\\/9\\\/2020\\\/12\\\/Covid-vaccine.jpg\",\"datePublished\":\"2020-12-30T09:24:10+00:00\",\"dateModified\":\"2020-12-30T09:24:12+00:00\",\"breadcrumb\":{\"@id\":\"https:\\\/\\\/pans.krosno.pl\\\/instytut-humanistyczny\\\/a-ty-dla-kogo-sie-zaszczepisz-dlaczego-warto-zaszczepic-sie-przeciwko-covid-19\\\/#breadcrumb\"},\"inLanguage\":\"pl-PL\",\"potentialAction\":[{\"@type\":\"ReadAction\",\"target\":[\"https:\\\/\\\/pans.krosno.pl\\\/instytut-humanistyczny\\\/a-ty-dla-kogo-sie-zaszczepisz-dlaczego-warto-zaszczepic-sie-przeciwko-covid-19\\\/\"]}]},{\"@type\":\"ImageObject\",\"inLanguage\":\"pl-PL\",\"@id\":\"https:\\\/\\\/pans.krosno.pl\\\/instytut-humanistyczny\\\/a-ty-dla-kogo-sie-zaszczepisz-dlaczego-warto-zaszczepic-sie-przeciwko-covid-19\\\/#primaryimage\",\"url\":\"https:\\\/\\\/pans.krosno.pl\\\/instytut-humanistyczny\\\/wp-content\\\/uploads\\\/sites\\\/9\\\/2020\\\/12\\\/Covid-vaccine.jpg\",\"contentUrl\":\"https:\\\/\\\/pans.krosno.pl\\\/instytut-humanistyczny\\\/wp-content\\\/uploads\\\/sites\\\/9\\\/2020\\\/12\\\/Covid-vaccine.jpg\",\"width\":1500,\"height\":956},{\"@type\":\"BreadcrumbList\",\"@id\":\"https:\\\/\\\/pans.krosno.pl\\\/instytut-humanistyczny\\\/a-ty-dla-kogo-sie-zaszczepisz-dlaczego-warto-zaszczepic-sie-przeciwko-covid-19\\\/#breadcrumb\",\"itemListElement\":[{\"@type\":\"ListItem\",\"position\":1,\"name\":\"Strona g\u0142\u00f3wna\",\"item\":\"https:\\\/\\\/pans.krosno.pl\\\/instytut-humanistyczny\\\/\"},{\"@type\":\"ListItem\",\"position\":2,\"name\":\"A Ty dla kogo si\u0119 zaszczepisz? Dlaczego warto zaszczepi\u0107 si\u0119 przeciwko COVID-19.\"}]},{\"@type\":\"WebSite\",\"@id\":\"https:\\\/\\\/pans.krosno.pl\\\/instytut-humanistyczny\\\/#website\",\"url\":\"https:\\\/\\\/pans.krosno.pl\\\/instytut-humanistyczny\\\/\",\"name\":\"Instytut Humanistyczny PANS w Kro\u015bnie\",\"description\":\"Instytut Humanistyczny - Pa\u0144stwowa Akademia Nauk Stosowanych\",\"publisher\":{\"@id\":\"https:\\\/\\\/pans.krosno.pl\\\/instytut-humanistyczny\\\/#organization\"},\"potentialAction\":[{\"@type\":\"SearchAction\",\"target\":{\"@type\":\"EntryPoint\",\"urlTemplate\":\"https:\\\/\\\/pans.krosno.pl\\\/instytut-humanistyczny\\\/?s={search_term_string}\"},\"query-input\":{\"@type\":\"PropertyValueSpecification\",\"valueRequired\":true,\"valueName\":\"search_term_string\"}}],\"inLanguage\":\"pl-PL\"},{\"@type\":\"Organization\",\"@id\":\"https:\\\/\\\/pans.krosno.pl\\\/instytut-humanistyczny\\\/#organization\",\"name\":\"Instytut Humanistyczny PANS w Kro\u015bnie\",\"url\":\"https:\\\/\\\/pans.krosno.pl\\\/instytut-humanistyczny\\\/\",\"logo\":{\"@type\":\"ImageObject\",\"inLanguage\":\"pl-PL\",\"@id\":\"https:\\\/\\\/pans.krosno.pl\\\/instytut-humanistyczny\\\/#\\\/schema\\\/logo\\\/image\\\/\",\"url\":\"https:\\\/\\\/pans.krosno.pl\\\/instytut-humanistyczny\\\/wp-content\\\/uploads\\\/sites\\\/9\\\/2023\\\/01\\\/Logo-PANS-2022-pelne.png\",\"contentUrl\":\"https:\\\/\\\/pans.krosno.pl\\\/instytut-humanistyczny\\\/wp-content\\\/uploads\\\/sites\\\/9\\\/2023\\\/01\\\/Logo-PANS-2022-pelne.png\",\"width\":3096,\"height\":696,\"caption\":\"Instytut Humanistyczny PANS w Kro\u015bnie\"},\"image\":{\"@id\":\"https:\\\/\\\/pans.krosno.pl\\\/instytut-humanistyczny\\\/#\\\/schema\\\/logo\\\/image\\\/\"}},{\"@type\":\"Person\",\"@id\":\"https:\\\/\\\/pans.krosno.pl\\\/instytut-humanistyczny\\\/#\\\/schema\\\/person\\\/cb70195a5aeabe88d51256d821faa2d9\",\"name\":\"Bartosz Go\u0142\u0105bek\",\"image\":{\"@type\":\"ImageObject\",\"inLanguage\":\"pl-PL\",\"@id\":\"https:\\\/\\\/secure.gravatar.com\\\/avatar\\\/ad10819676385baed8ebd4d7be0d4ba77dd5fdc0f4779d414dea3126fd3aec33?s=96&d=mm&r=g\",\"url\":\"https:\\\/\\\/secure.gravatar.com\\\/avatar\\\/ad10819676385baed8ebd4d7be0d4ba77dd5fdc0f4779d414dea3126fd3aec33?s=96&d=mm&r=g\",\"contentUrl\":\"https:\\\/\\\/secure.gravatar.com\\\/avatar\\\/ad10819676385baed8ebd4d7be0d4ba77dd5fdc0f4779d414dea3126fd3aec33?s=96&d=mm&r=g\",\"caption\":\"Bartosz Go\u0142\u0105bek\"},\"description\":\"dr Bartosz Go\u0142\u0105bek Dyrektor Instytutu Humanistycznego Karpacka Pa\u0144stwowa Uczelnia w Kro\u015bnie (dawniej PWSZ)\",\"url\":\"https:\\\/\\\/pans.krosno.pl\\\/instytut-humanistyczny\\\/author\\\/bartoszgolabek\\\/\"}]}<\/script>\n<!-- \/ Yoast SEO Premium plugin. -->","yoast_head_json":{"title":"A Ty dla kogo si\u0119 zaszczepisz? Dlaczego warto zaszczepi\u0107 si\u0119 przeciwko COVID-19. - Instytut Humanistyczny PANS w Kro\u015bnie","robots":{"index":"index","follow":"follow","max-snippet":"max-snippet:-1","max-image-preview":"max-image-preview:large","max-video-preview":"max-video-preview:-1"},"canonical":"https:\/\/pans.krosno.pl\/instytut-humanistyczny\/a-ty-dla-kogo-sie-zaszczepisz-dlaczego-warto-zaszczepic-sie-przeciwko-covid-19\/","og_locale":"pl_PL","og_type":"article","og_title":"A Ty dla kogo si\u0119 zaszczepisz? Dlaczego warto zaszczepi\u0107 si\u0119 przeciwko COVID-19.","og_description":"Bo uchronisz siebie przed niebezpiecze\u0144stwem Z bardzo du\u017cym prawdopodobie\u0144stwem \u2013 si\u0119gaj\u0105cym nawet 95% \u2013 szczepienie uchroni Ci\u0119 przed zaka\u017ceniem COVID-19. Bo uratujesz komu\u015b \u017cycie Szczepi\u0105c si\u0119, my\u015blisz r\u00f3wnie\u017c o innych \u2013 cz\u0142onkach rodziny, przyjacio\u0142ach i znajomych. Ale tak\u017ce nieznajomych \u2013 spotkanych przypadkiem na ulicy, czy w sklepie. Dzi\u0119ki Tobie zwi\u0119kszy [\u2026] Read More","og_url":"https:\/\/pans.krosno.pl\/instytut-humanistyczny\/a-ty-dla-kogo-sie-zaszczepisz-dlaczego-warto-zaszczepic-sie-przeciwko-covid-19\/","og_site_name":"Instytut Humanistyczny PANS w Kro\u015bnie","article_published_time":"2020-12-30T09:24:10+00:00","article_modified_time":"2020-12-30T09:24:12+00:00","og_image":[{"width":1500,"height":956,"url":"https:\/\/pans.krosno.pl\/wp-content\/uploads\/sites\/9\/2020\/12\/Covid-vaccine.jpg","type":"image\/jpeg"}],"author":"Bartosz Go\u0142\u0105bek","twitter_card":"summary_large_image","twitter_misc":{"Napisane przez":"Bartosz Go\u0142\u0105bek","Szacowany czas czytania":"2 minuty"},"schema":{"@context":"https:\/\/schema.org","@graph":[{"@type":"Article","@id":"https:\/\/pans.krosno.pl\/instytut-humanistyczny\/a-ty-dla-kogo-sie-zaszczepisz-dlaczego-warto-zaszczepic-sie-przeciwko-covid-19\/#article","isPartOf":{"@id":"https:\/\/pans.krosno.pl\/instytut-humanistyczny\/a-ty-dla-kogo-sie-zaszczepisz-dlaczego-warto-zaszczepic-sie-przeciwko-covid-19\/"},"author":{"name":"Bartosz Go\u0142\u0105bek","@id":"https:\/\/pans.krosno.pl\/instytut-humanistyczny\/#\/schema\/person\/cb70195a5aeabe88d51256d821faa2d9"},"headline":"A Ty dla kogo si\u0119 zaszczepisz? Dlaczego warto zaszczepi\u0107 si\u0119 przeciwko COVID-19.","datePublished":"2020-12-30T09:24:10+00:00","dateModified":"2020-12-30T09:24:12+00:00","mainEntityOfPage":{"@id":"https:\/\/pans.krosno.pl\/instytut-humanistyczny\/a-ty-dla-kogo-sie-zaszczepisz-dlaczego-warto-zaszczepic-sie-przeciwko-covid-19\/"},"wordCount":353,"commentCount":0,"publisher":{"@id":"https:\/\/pans.krosno.pl\/instytut-humanistyczny\/#organization"},"image":{"@id":"https:\/\/pans.krosno.pl\/instytut-humanistyczny\/a-ty-dla-kogo-sie-zaszczepisz-dlaczego-warto-zaszczepic-sie-przeciwko-covid-19\/#primaryimage"},"thumbnailUrl":"https:\/\/pans.krosno.pl\/instytut-humanistyczny\/wp-content\/uploads\/sites\/9\/2020\/12\/Covid-vaccine.jpg","inLanguage":"pl-PL","potentialAction":[{"@type":"CommentAction","name":"Comment","target":["https:\/\/pans.krosno.pl\/instytut-humanistyczny\/a-ty-dla-kogo-sie-zaszczepisz-dlaczego-warto-zaszczepic-sie-przeciwko-covid-19\/#respond"]}]},{"@type":"WebPage","@id":"https:\/\/pans.krosno.pl\/instytut-humanistyczny\/a-ty-dla-kogo-sie-zaszczepisz-dlaczego-warto-zaszczepic-sie-przeciwko-covid-19\/","url":"https:\/\/pans.krosno.pl\/instytut-humanistyczny\/a-ty-dla-kogo-sie-zaszczepisz-dlaczego-warto-zaszczepic-sie-przeciwko-covid-19\/","name":"A Ty dla kogo si\u0119 zaszczepisz? Dlaczego warto zaszczepi\u0107 si\u0119 przeciwko COVID-19. - Instytut Humanistyczny PANS w Kro\u015bnie","isPartOf":{"@id":"https:\/\/pans.krosno.pl\/instytut-humanistyczny\/#website"},"primaryImageOfPage":{"@id":"https:\/\/pans.krosno.pl\/instytut-humanistyczny\/a-ty-dla-kogo-sie-zaszczepisz-dlaczego-warto-zaszczepic-sie-przeciwko-covid-19\/#primaryimage"},"image":{"@id":"https:\/\/pans.krosno.pl\/instytut-humanistyczny\/a-ty-dla-kogo-sie-zaszczepisz-dlaczego-warto-zaszczepic-sie-przeciwko-covid-19\/#primaryimage"},"thumbnailUrl":"https:\/\/pans.krosno.pl\/instytut-humanistyczny\/wp-content\/uploads\/sites\/9\/2020\/12\/Covid-vaccine.jpg","datePublished":"2020-12-30T09:24:10+00:00","dateModified":"2020-12-30T09:24:12+00:00","breadcrumb":{"@id":"https:\/\/pans.krosno.pl\/instytut-humanistyczny\/a-ty-dla-kogo-sie-zaszczepisz-dlaczego-warto-zaszczepic-sie-przeciwko-covid-19\/#breadcrumb"},"inLanguage":"pl-PL","potentialAction":[{"@type":"ReadAction","target":["https:\/\/pans.krosno.pl\/instytut-humanistyczny\/a-ty-dla-kogo-sie-zaszczepisz-dlaczego-warto-zaszczepic-sie-przeciwko-covid-19\/"]}]},{"@type":"ImageObject","inLanguage":"pl-PL","@id":"https:\/\/pans.krosno.pl\/instytut-humanistyczny\/a-ty-dla-kogo-sie-zaszczepisz-dlaczego-warto-zaszczepic-sie-przeciwko-covid-19\/#primaryimage","url":"https:\/\/pans.krosno.pl\/instytut-humanistyczny\/wp-content\/uploads\/sites\/9\/2020\/12\/Covid-vaccine.jpg","contentUrl":"https:\/\/pans.krosno.pl\/instytut-humanistyczny\/wp-content\/uploads\/sites\/9\/2020\/12\/Covid-vaccine.jpg","width":1500,"height":956},{"@type":"BreadcrumbList","@id":"https:\/\/pans.krosno.pl\/instytut-humanistyczny\/a-ty-dla-kogo-sie-zaszczepisz-dlaczego-warto-zaszczepic-sie-przeciwko-covid-19\/#breadcrumb","itemListElement":[{"@type":"ListItem","position":1,"name":"Strona g\u0142\u00f3wna","item":"https:\/\/pans.krosno.pl\/instytut-humanistyczny\/"},{"@type":"ListItem","position":2,"name":"A Ty dla kogo si\u0119 zaszczepisz? Dlaczego warto zaszczepi\u0107 si\u0119 przeciwko COVID-19."}]},{"@type":"WebSite","@id":"https:\/\/pans.krosno.pl\/instytut-humanistyczny\/#website","url":"https:\/\/pans.krosno.pl\/instytut-humanistyczny\/","name":"Instytut Humanistyczny PANS w Kro\u015bnie","description":"Instytut Humanistyczny - Pa\u0144stwowa Akademia Nauk Stosowanych","publisher":{"@id":"https:\/\/pans.krosno.pl\/instytut-humanistyczny\/#organization"},"potentialAction":[{"@type":"SearchAction","target":{"@type":"EntryPoint","urlTemplate":"https:\/\/pans.krosno.pl\/instytut-humanistyczny\/?s={search_term_string}"},"query-input":{"@type":"PropertyValueSpecification","valueRequired":true,"valueName":"search_term_string"}}],"inLanguage":"pl-PL"},{"@type":"Organization","@id":"https:\/\/pans.krosno.pl\/instytut-humanistyczny\/#organization","name":"Instytut Humanistyczny PANS w Kro\u015bnie","url":"https:\/\/pans.krosno.pl\/instytut-humanistyczny\/","logo":{"@type":"ImageObject","inLanguage":"pl-PL","@id":"https:\/\/pans.krosno.pl\/instytut-humanistyczny\/#\/schema\/logo\/image\/","url":"https:\/\/pans.krosno.pl\/instytut-humanistyczny\/wp-content\/uploads\/sites\/9\/2023\/01\/Logo-PANS-2022-pelne.png","contentUrl":"https:\/\/pans.krosno.pl\/instytut-humanistyczny\/wp-content\/uploads\/sites\/9\/2023\/01\/Logo-PANS-2022-pelne.png","width":3096,"height":696,"caption":"Instytut Humanistyczny PANS w Kro\u015bnie"},"image":{"@id":"https:\/\/pans.krosno.pl\/instytut-humanistyczny\/#\/schema\/logo\/image\/"}},{"@type":"Person","@id":"https:\/\/pans.krosno.pl\/instytut-humanistyczny\/#\/schema\/person\/cb70195a5aeabe88d51256d821faa2d9","name":"Bartosz Go\u0142\u0105bek","image":{"@type":"ImageObject","inLanguage":"pl-PL","@id":"https:\/\/secure.gravatar.com\/avatar\/ad10819676385baed8ebd4d7be0d4ba77dd5fdc0f4779d414dea3126fd3aec33?s=96&d=mm&r=g","url":"https:\/\/secure.gravatar.com\/avatar\/ad10819676385baed8ebd4d7be0d4ba77dd5fdc0f4779d414dea3126fd3aec33?s=96&d=mm&r=g","contentUrl":"https:\/\/secure.gravatar.com\/avatar\/ad10819676385baed8ebd4d7be0d4ba77dd5fdc0f4779d414dea3126fd3aec33?s=96&d=mm&r=g","caption":"Bartosz Go\u0142\u0105bek"},"description":"dr Bartosz Go\u0142\u0105bek Dyrektor Instytutu Humanistycznego Karpacka Pa\u0144stwowa Uczelnia w Kro\u015bnie (dawniej PWSZ)","url":"https:\/\/pans.krosno.pl\/instytut-humanistyczny\/author\/bartoszgolabek\/"}]}},"_links":{"self":[{"href":"https:\/\/pans.krosno.pl\/instytut-humanistyczny\/wp-json\/wp\/v2\/posts\/808","targetHints":{"allow":["GET"]}}],"collection":[{"href":"https:\/\/pans.krosno.pl\/instytut-humanistyczny\/wp-json\/wp\/v2\/posts"}],"about":[{"href":"https:\/\/pans.krosno.pl\/instytut-humanistyczny\/wp-json\/wp\/v2\/types\/post"}],"author":[{"embeddable":true,"href":"https:\/\/pans.krosno.pl\/instytut-humanistyczny\/wp-json\/wp\/v2\/users\/57"}],"replies":[{"embeddable":true,"href":"https:\/\/pans.krosno.pl\/instytut-humanistyczny\/wp-json\/wp\/v2\/comments?post=808"}],"version-history":[{"count":1,"href":"https:\/\/pans.krosno.pl\/instytut-humanistyczny\/wp-json\/wp\/v2\/posts\/808\/revisions"}],"predecessor-version":[{"id":811,"href":"https:\/\/pans.krosno.pl\/instytut-humanistyczny\/wp-json\/wp\/v2\/posts\/808\/revisions\/811"}],"wp:featuredmedia":[{"embeddable":true,"href":"https:\/\/pans.krosno.pl\/instytut-humanistyczny\/wp-json\/wp\/v2\/media\/810"}],"wp:attachment":[{"href":"https:\/\/pans.krosno.pl\/instytut-humanistyczny\/wp-json\/wp\/v2\/media?parent=808"}],"wp:term":[{"taxonomy":"category","embeddable":true,"href":"https:\/\/pans.krosno.pl\/instytut-humanistyczny\/wp-json\/wp\/v2\/categories?post=808"},{"taxonomy":"post_tag","embeddable":true,"href":"https:\/\/pans.krosno.pl\/instytut-humanistyczny\/wp-json\/wp\/v2\/tags?post=808"}],"curies":[{"name":"wp","href":"https:\/\/api.w.org\/{rel}","templated":true}]}}