{"id":804,"date":"2020-12-16T12:27:00","date_gmt":"2020-12-16T11:27:00","guid":{"rendered":"https:\/\/pans.krosno.pl\/instytut-humanistyczny\/?p=804"},"modified":"2020-12-29T12:30:04","modified_gmt":"2020-12-29T11:30:04","slug":"dialog-po-rosyjsku-2020-od-karpat-po-ural","status":"publish","type":"post","link":"https:\/\/pans.krosno.pl\/instytut-humanistyczny\/dialog-po-rosyjsku-2020-od-karpat-po-ural\/","title":{"rendered":"Dialog po rosyjsku 2020 &#8211; od Karpat po Ural"},"content":{"rendered":"\n<p>Przeniesienie edukacji w przestrze\u0144 cyfrow\u0105, pod czego znakiem min\u0105\u0142 na uczelniach wy\u017cszych rok 2020, nieznacznie tylko wp\u0142yn\u0119\u0142o na intensywno\u015b\u0107 kontakt\u00f3w mi\u0119dzy studentami KPU a ich rosyjskimi r\u00f3wie\u015bnikami. Nasza uczelnia od 2013 roku nieprzerwanie prowadzi dialog mi\u0119dzykulturowy ze Wschodem dzi\u0119ki znakomitej wsp\u00f3\u0142pracy z Uralskim Pa\u0144stwowym Uniwersytetem Pedagogicznym w Jekaterynburgu. S\u0142u\u017cy on doskonaleniu umiej\u0119tno\u015bci j\u0119zykowych oraz rozwijaniu kompetencji mi\u0119kkich, niezb\u0119dnych w pracy z drugim cz\u0142owiekiem. Bie\u017c\u0105cy semestr nie by\u0142 pod tym wzgl\u0119dem odmienny.<\/p>\n\n\n\n<p>Z inicjatywy dra Adama Nowakowskiego (KPU) i dr Darii Starkowej (UPUP) zosta\u0142 powo\u0142any do \u017cycia projekt \u201eDialog po rosyjsku: od Uralu po Karpaty\u201d. Realizowany by\u0142 on w pa\u017adzierniku i listopadzie 2020 roku na platformie Zoom. Uczestniczyli w nim kro\u015bnie\u0144scy s\u0142uchacze III roku mi\u0119dzynarodowej komunikacji j\u0119zykowej oraz jekaterynburscy studenci filologii angielskiej. W ramach projektu odby\u0142 si\u0119 szereg spotka\u0144, na kt\u00f3rych uczestnicy dyskutowali w j\u0119zyku rosyjskim o polsko-rosyjskich podobie\u0144stwach i r\u00f3\u017cnicach.<\/p>\n\n\n\n<figure class=\"wp-block-image\"><img decoding=\"async\" src=\"https:\/\/pans.krosno.pl\/mkj\/wp-content\/uploads\/sites\/2\/2020\/12\/03.jpg\" alt=\"\" class=\"wp-image-482\" \/><\/figure>\n\n\n\n<p>Zwie\u0144czeniem projektu by\u0142o przedstawienie prezentacji opracowanych przez sze\u015b\u0107 polsko-rosyjskich zespo\u0142\u00f3w. By\u0142y one po\u015bwi\u0119cone m.in. stosunkowi polskiej i rosyjskiej m\u0142odzie\u017cy do emigracji, skojarzeniom Polak\u00f3w z Rosj\u0105 i Rosjan z Polsk\u0105, najpopularniejszym imionom nadawanym obecnie przez rodzic\u00f3w w Polsce i Rosji.<\/p>\n\n\n\n<p>W grudniu uczestnicy projektu otrzymali specjalne certyfikaty potwierdzaj\u0105ce ich zaanga\u017cowanie. <\/p>\n\n\n\n<p>AN<\/p>\n","protected":false},"excerpt":{"rendered":"<p>Przeniesienie edukacji w przestrze\u0144 cyfrow\u0105, pod czego znakiem min\u0105\u0142 na uczelniach wy\u017cszych rok 2020, nieznacznie tylko wp\u0142yn\u0119\u0142o na intensywno\u015b\u0107 kontakt\u00f3w mi\u0119dzy studentami KPU a ich rosyjskimi r\u00f3wie\u015bnikami. Nasza uczelnia od 2013 roku nieprzerwanie prowadzi dialog mi\u0119dzykulturowy ze Wschodem dzi\u0119ki znakomitej wsp\u00f3\u0142pracy z Uralskim Pa\u0144stwowym Uniwersytetem Pedagogicznym w Jekaterynburgu. S\u0142u\u017cy on [\u2026] <\/p>\n<div class=\"clear\"><\/div>\n<p><a class=\"more_link clearfix\" href=\"https:\/\/pans.krosno.pl\/instytut-humanistyczny\/dialog-po-rosyjsku-2020-od-karpat-po-ural\/\" rel=\"nofollow\">Read More<\/a><\/p>\n","protected":false},"author":57,"featured_media":805,"comment_status":"open","ping_status":"open","sticky":false,"template":"","format":"standard","meta":{"ngg_post_thumbnail":0,"footnotes":""},"categories":[1],"tags":[],"class_list":["post-804","post","type-post","status-publish","format-standard","has-post-thumbnail","hentry","category-bez-kategorii"],"yoast_head":"<!-- This site is optimized with the Yoast SEO Premium plugin v27.4 (Yoast SEO v27.4) - https:\/\/yoast.com\/product\/yoast-seo-premium-wordpress\/ -->\n<title>Dialog po rosyjsku 2020 - od Karpat po Ural - Instytut Humanistyczny PANS w Kro\u015bnie<\/title>\n<meta name=\"robots\" content=\"index, follow, max-snippet:-1, max-image-preview:large, max-video-preview:-1\" \/>\n<link rel=\"canonical\" href=\"https:\/\/pans.krosno.pl\/instytut-humanistyczny\/dialog-po-rosyjsku-2020-od-karpat-po-ural\/\" \/>\n<meta property=\"og:locale\" content=\"pl_PL\" \/>\n<meta property=\"og:type\" content=\"article\" \/>\n<meta property=\"og:title\" content=\"Dialog po rosyjsku 2020 - od Karpat po Ural\" \/>\n<meta property=\"og:description\" content=\"Przeniesienie edukacji w przestrze\u0144 cyfrow\u0105, pod czego znakiem min\u0105\u0142 na uczelniach wy\u017cszych rok 2020, nieznacznie tylko wp\u0142yn\u0119\u0142o na intensywno\u015b\u0107 kontakt\u00f3w mi\u0119dzy studentami KPU a ich rosyjskimi r\u00f3wie\u015bnikami. Nasza uczelnia od 2013 roku nieprzerwanie prowadzi dialog mi\u0119dzykulturowy ze Wschodem dzi\u0119ki znakomitej wsp\u00f3\u0142pracy z Uralskim Pa\u0144stwowym Uniwersytetem Pedagogicznym w Jekaterynburgu. S\u0142u\u017cy on [\u2026] Read More\" \/>\n<meta property=\"og:url\" content=\"https:\/\/pans.krosno.pl\/instytut-humanistyczny\/dialog-po-rosyjsku-2020-od-karpat-po-ural\/\" \/>\n<meta property=\"og:site_name\" content=\"Instytut Humanistyczny PANS w Kro\u015bnie\" \/>\n<meta property=\"article:published_time\" content=\"2020-12-16T11:27:00+00:00\" \/>\n<meta property=\"article:modified_time\" content=\"2020-12-29T11:30:04+00:00\" \/>\n<meta property=\"og:image\" content=\"https:\/\/pans.krosno.pl\/wp-content\/uploads\/sites\/9\/2020\/12\/03.jpg\" \/>\n\t<meta property=\"og:image:width\" content=\"837\" \/>\n\t<meta property=\"og:image:height\" content=\"480\" \/>\n\t<meta property=\"og:image:type\" content=\"image\/jpeg\" \/>\n<meta name=\"author\" content=\"Bartosz Go\u0142\u0105bek\" \/>\n<meta name=\"twitter:card\" content=\"summary_large_image\" \/>\n<meta name=\"twitter:label1\" content=\"Napisane przez\" \/>\n\t<meta name=\"twitter:data1\" content=\"Bartosz Go\u0142\u0105bek\" \/>\n\t<meta name=\"twitter:label2\" content=\"Szacowany czas czytania\" \/>\n\t<meta name=\"twitter:data2\" content=\"1 minuta\" \/>\n<script type=\"application\/ld+json\" class=\"yoast-schema-graph\">{\"@context\":\"https:\\\/\\\/schema.org\",\"@graph\":[{\"@type\":\"Article\",\"@id\":\"https:\\\/\\\/pans.krosno.pl\\\/instytut-humanistyczny\\\/dialog-po-rosyjsku-2020-od-karpat-po-ural\\\/#article\",\"isPartOf\":{\"@id\":\"https:\\\/\\\/pans.krosno.pl\\\/instytut-humanistyczny\\\/dialog-po-rosyjsku-2020-od-karpat-po-ural\\\/\"},\"author\":{\"name\":\"Bartosz Go\u0142\u0105bek\",\"@id\":\"https:\\\/\\\/pans.krosno.pl\\\/instytut-humanistyczny\\\/#\\\/schema\\\/person\\\/cb70195a5aeabe88d51256d821faa2d9\"},\"headline\":\"Dialog po rosyjsku 2020 &#8211; od Karpat po Ural\",\"datePublished\":\"2020-12-16T11:27:00+00:00\",\"dateModified\":\"2020-12-29T11:30:04+00:00\",\"mainEntityOfPage\":{\"@id\":\"https:\\\/\\\/pans.krosno.pl\\\/instytut-humanistyczny\\\/dialog-po-rosyjsku-2020-od-karpat-po-ural\\\/\"},\"wordCount\":240,\"commentCount\":0,\"publisher\":{\"@id\":\"https:\\\/\\\/pans.krosno.pl\\\/instytut-humanistyczny\\\/#organization\"},\"image\":{\"@id\":\"https:\\\/\\\/pans.krosno.pl\\\/instytut-humanistyczny\\\/dialog-po-rosyjsku-2020-od-karpat-po-ural\\\/#primaryimage\"},\"thumbnailUrl\":\"https:\\\/\\\/pans.krosno.pl\\\/instytut-humanistyczny\\\/wp-content\\\/uploads\\\/sites\\\/9\\\/2020\\\/12\\\/03.jpg\",\"inLanguage\":\"pl-PL\",\"potentialAction\":[{\"@type\":\"CommentAction\",\"name\":\"Comment\",\"target\":[\"https:\\\/\\\/pans.krosno.pl\\\/instytut-humanistyczny\\\/dialog-po-rosyjsku-2020-od-karpat-po-ural\\\/#respond\"]}]},{\"@type\":\"WebPage\",\"@id\":\"https:\\\/\\\/pans.krosno.pl\\\/instytut-humanistyczny\\\/dialog-po-rosyjsku-2020-od-karpat-po-ural\\\/\",\"url\":\"https:\\\/\\\/pans.krosno.pl\\\/instytut-humanistyczny\\\/dialog-po-rosyjsku-2020-od-karpat-po-ural\\\/\",\"name\":\"Dialog po rosyjsku 2020 - od Karpat po Ural - Instytut Humanistyczny PANS w Kro\u015bnie\",\"isPartOf\":{\"@id\":\"https:\\\/\\\/pans.krosno.pl\\\/instytut-humanistyczny\\\/#website\"},\"primaryImageOfPage\":{\"@id\":\"https:\\\/\\\/pans.krosno.pl\\\/instytut-humanistyczny\\\/dialog-po-rosyjsku-2020-od-karpat-po-ural\\\/#primaryimage\"},\"image\":{\"@id\":\"https:\\\/\\\/pans.krosno.pl\\\/instytut-humanistyczny\\\/dialog-po-rosyjsku-2020-od-karpat-po-ural\\\/#primaryimage\"},\"thumbnailUrl\":\"https:\\\/\\\/pans.krosno.pl\\\/instytut-humanistyczny\\\/wp-content\\\/uploads\\\/sites\\\/9\\\/2020\\\/12\\\/03.jpg\",\"datePublished\":\"2020-12-16T11:27:00+00:00\",\"dateModified\":\"2020-12-29T11:30:04+00:00\",\"breadcrumb\":{\"@id\":\"https:\\\/\\\/pans.krosno.pl\\\/instytut-humanistyczny\\\/dialog-po-rosyjsku-2020-od-karpat-po-ural\\\/#breadcrumb\"},\"inLanguage\":\"pl-PL\",\"potentialAction\":[{\"@type\":\"ReadAction\",\"target\":[\"https:\\\/\\\/pans.krosno.pl\\\/instytut-humanistyczny\\\/dialog-po-rosyjsku-2020-od-karpat-po-ural\\\/\"]}]},{\"@type\":\"ImageObject\",\"inLanguage\":\"pl-PL\",\"@id\":\"https:\\\/\\\/pans.krosno.pl\\\/instytut-humanistyczny\\\/dialog-po-rosyjsku-2020-od-karpat-po-ural\\\/#primaryimage\",\"url\":\"https:\\\/\\\/pans.krosno.pl\\\/instytut-humanistyczny\\\/wp-content\\\/uploads\\\/sites\\\/9\\\/2020\\\/12\\\/03.jpg\",\"contentUrl\":\"https:\\\/\\\/pans.krosno.pl\\\/instytut-humanistyczny\\\/wp-content\\\/uploads\\\/sites\\\/9\\\/2020\\\/12\\\/03.jpg\",\"width\":837,\"height\":480},{\"@type\":\"BreadcrumbList\",\"@id\":\"https:\\\/\\\/pans.krosno.pl\\\/instytut-humanistyczny\\\/dialog-po-rosyjsku-2020-od-karpat-po-ural\\\/#breadcrumb\",\"itemListElement\":[{\"@type\":\"ListItem\",\"position\":1,\"name\":\"Strona g\u0142\u00f3wna\",\"item\":\"https:\\\/\\\/pans.krosno.pl\\\/instytut-humanistyczny\\\/\"},{\"@type\":\"ListItem\",\"position\":2,\"name\":\"Dialog po rosyjsku 2020 &#8211; od Karpat po Ural\"}]},{\"@type\":\"WebSite\",\"@id\":\"https:\\\/\\\/pans.krosno.pl\\\/instytut-humanistyczny\\\/#website\",\"url\":\"https:\\\/\\\/pans.krosno.pl\\\/instytut-humanistyczny\\\/\",\"name\":\"Instytut Humanistyczny PANS w Kro\u015bnie\",\"description\":\"Instytut Humanistyczny - Pa\u0144stwowa Akademia Nauk Stosowanych\",\"publisher\":{\"@id\":\"https:\\\/\\\/pans.krosno.pl\\\/instytut-humanistyczny\\\/#organization\"},\"potentialAction\":[{\"@type\":\"SearchAction\",\"target\":{\"@type\":\"EntryPoint\",\"urlTemplate\":\"https:\\\/\\\/pans.krosno.pl\\\/instytut-humanistyczny\\\/?s={search_term_string}\"},\"query-input\":{\"@type\":\"PropertyValueSpecification\",\"valueRequired\":true,\"valueName\":\"search_term_string\"}}],\"inLanguage\":\"pl-PL\"},{\"@type\":\"Organization\",\"@id\":\"https:\\\/\\\/pans.krosno.pl\\\/instytut-humanistyczny\\\/#organization\",\"name\":\"Instytut Humanistyczny PANS w Kro\u015bnie\",\"url\":\"https:\\\/\\\/pans.krosno.pl\\\/instytut-humanistyczny\\\/\",\"logo\":{\"@type\":\"ImageObject\",\"inLanguage\":\"pl-PL\",\"@id\":\"https:\\\/\\\/pans.krosno.pl\\\/instytut-humanistyczny\\\/#\\\/schema\\\/logo\\\/image\\\/\",\"url\":\"https:\\\/\\\/pans.krosno.pl\\\/instytut-humanistyczny\\\/wp-content\\\/uploads\\\/sites\\\/9\\\/2023\\\/01\\\/Logo-PANS-2022-pelne.png\",\"contentUrl\":\"https:\\\/\\\/pans.krosno.pl\\\/instytut-humanistyczny\\\/wp-content\\\/uploads\\\/sites\\\/9\\\/2023\\\/01\\\/Logo-PANS-2022-pelne.png\",\"width\":3096,\"height\":696,\"caption\":\"Instytut Humanistyczny PANS w Kro\u015bnie\"},\"image\":{\"@id\":\"https:\\\/\\\/pans.krosno.pl\\\/instytut-humanistyczny\\\/#\\\/schema\\\/logo\\\/image\\\/\"}},{\"@type\":\"Person\",\"@id\":\"https:\\\/\\\/pans.krosno.pl\\\/instytut-humanistyczny\\\/#\\\/schema\\\/person\\\/cb70195a5aeabe88d51256d821faa2d9\",\"name\":\"Bartosz Go\u0142\u0105bek\",\"image\":{\"@type\":\"ImageObject\",\"inLanguage\":\"pl-PL\",\"@id\":\"https:\\\/\\\/secure.gravatar.com\\\/avatar\\\/ad10819676385baed8ebd4d7be0d4ba77dd5fdc0f4779d414dea3126fd3aec33?s=96&d=mm&r=g\",\"url\":\"https:\\\/\\\/secure.gravatar.com\\\/avatar\\\/ad10819676385baed8ebd4d7be0d4ba77dd5fdc0f4779d414dea3126fd3aec33?s=96&d=mm&r=g\",\"contentUrl\":\"https:\\\/\\\/secure.gravatar.com\\\/avatar\\\/ad10819676385baed8ebd4d7be0d4ba77dd5fdc0f4779d414dea3126fd3aec33?s=96&d=mm&r=g\",\"caption\":\"Bartosz Go\u0142\u0105bek\"},\"description\":\"dr Bartosz Go\u0142\u0105bek Dyrektor Instytutu Humanistycznego Karpacka Pa\u0144stwowa Uczelnia w Kro\u015bnie (dawniej PWSZ)\",\"url\":\"https:\\\/\\\/pans.krosno.pl\\\/instytut-humanistyczny\\\/author\\\/bartoszgolabek\\\/\"}]}<\/script>\n<!-- \/ Yoast SEO Premium plugin. -->","yoast_head_json":{"title":"Dialog po rosyjsku 2020 - od Karpat po Ural - Instytut Humanistyczny PANS w Kro\u015bnie","robots":{"index":"index","follow":"follow","max-snippet":"max-snippet:-1","max-image-preview":"max-image-preview:large","max-video-preview":"max-video-preview:-1"},"canonical":"https:\/\/pans.krosno.pl\/instytut-humanistyczny\/dialog-po-rosyjsku-2020-od-karpat-po-ural\/","og_locale":"pl_PL","og_type":"article","og_title":"Dialog po rosyjsku 2020 - od Karpat po Ural","og_description":"Przeniesienie edukacji w przestrze\u0144 cyfrow\u0105, pod czego znakiem min\u0105\u0142 na uczelniach wy\u017cszych rok 2020, nieznacznie tylko wp\u0142yn\u0119\u0142o na intensywno\u015b\u0107 kontakt\u00f3w mi\u0119dzy studentami KPU a ich rosyjskimi r\u00f3wie\u015bnikami. Nasza uczelnia od 2013 roku nieprzerwanie prowadzi dialog mi\u0119dzykulturowy ze Wschodem dzi\u0119ki znakomitej wsp\u00f3\u0142pracy z Uralskim Pa\u0144stwowym Uniwersytetem Pedagogicznym w Jekaterynburgu. S\u0142u\u017cy on [\u2026] Read More","og_url":"https:\/\/pans.krosno.pl\/instytut-humanistyczny\/dialog-po-rosyjsku-2020-od-karpat-po-ural\/","og_site_name":"Instytut Humanistyczny PANS w Kro\u015bnie","article_published_time":"2020-12-16T11:27:00+00:00","article_modified_time":"2020-12-29T11:30:04+00:00","og_image":[{"width":837,"height":480,"url":"https:\/\/pans.krosno.pl\/wp-content\/uploads\/sites\/9\/2020\/12\/03.jpg","type":"image\/jpeg"}],"author":"Bartosz Go\u0142\u0105bek","twitter_card":"summary_large_image","twitter_misc":{"Napisane przez":"Bartosz Go\u0142\u0105bek","Szacowany czas czytania":"1 minuta"},"schema":{"@context":"https:\/\/schema.org","@graph":[{"@type":"Article","@id":"https:\/\/pans.krosno.pl\/instytut-humanistyczny\/dialog-po-rosyjsku-2020-od-karpat-po-ural\/#article","isPartOf":{"@id":"https:\/\/pans.krosno.pl\/instytut-humanistyczny\/dialog-po-rosyjsku-2020-od-karpat-po-ural\/"},"author":{"name":"Bartosz Go\u0142\u0105bek","@id":"https:\/\/pans.krosno.pl\/instytut-humanistyczny\/#\/schema\/person\/cb70195a5aeabe88d51256d821faa2d9"},"headline":"Dialog po rosyjsku 2020 &#8211; od Karpat po Ural","datePublished":"2020-12-16T11:27:00+00:00","dateModified":"2020-12-29T11:30:04+00:00","mainEntityOfPage":{"@id":"https:\/\/pans.krosno.pl\/instytut-humanistyczny\/dialog-po-rosyjsku-2020-od-karpat-po-ural\/"},"wordCount":240,"commentCount":0,"publisher":{"@id":"https:\/\/pans.krosno.pl\/instytut-humanistyczny\/#organization"},"image":{"@id":"https:\/\/pans.krosno.pl\/instytut-humanistyczny\/dialog-po-rosyjsku-2020-od-karpat-po-ural\/#primaryimage"},"thumbnailUrl":"https:\/\/pans.krosno.pl\/instytut-humanistyczny\/wp-content\/uploads\/sites\/9\/2020\/12\/03.jpg","inLanguage":"pl-PL","potentialAction":[{"@type":"CommentAction","name":"Comment","target":["https:\/\/pans.krosno.pl\/instytut-humanistyczny\/dialog-po-rosyjsku-2020-od-karpat-po-ural\/#respond"]}]},{"@type":"WebPage","@id":"https:\/\/pans.krosno.pl\/instytut-humanistyczny\/dialog-po-rosyjsku-2020-od-karpat-po-ural\/","url":"https:\/\/pans.krosno.pl\/instytut-humanistyczny\/dialog-po-rosyjsku-2020-od-karpat-po-ural\/","name":"Dialog po rosyjsku 2020 - od Karpat po Ural - Instytut Humanistyczny PANS w Kro\u015bnie","isPartOf":{"@id":"https:\/\/pans.krosno.pl\/instytut-humanistyczny\/#website"},"primaryImageOfPage":{"@id":"https:\/\/pans.krosno.pl\/instytut-humanistyczny\/dialog-po-rosyjsku-2020-od-karpat-po-ural\/#primaryimage"},"image":{"@id":"https:\/\/pans.krosno.pl\/instytut-humanistyczny\/dialog-po-rosyjsku-2020-od-karpat-po-ural\/#primaryimage"},"thumbnailUrl":"https:\/\/pans.krosno.pl\/instytut-humanistyczny\/wp-content\/uploads\/sites\/9\/2020\/12\/03.jpg","datePublished":"2020-12-16T11:27:00+00:00","dateModified":"2020-12-29T11:30:04+00:00","breadcrumb":{"@id":"https:\/\/pans.krosno.pl\/instytut-humanistyczny\/dialog-po-rosyjsku-2020-od-karpat-po-ural\/#breadcrumb"},"inLanguage":"pl-PL","potentialAction":[{"@type":"ReadAction","target":["https:\/\/pans.krosno.pl\/instytut-humanistyczny\/dialog-po-rosyjsku-2020-od-karpat-po-ural\/"]}]},{"@type":"ImageObject","inLanguage":"pl-PL","@id":"https:\/\/pans.krosno.pl\/instytut-humanistyczny\/dialog-po-rosyjsku-2020-od-karpat-po-ural\/#primaryimage","url":"https:\/\/pans.krosno.pl\/instytut-humanistyczny\/wp-content\/uploads\/sites\/9\/2020\/12\/03.jpg","contentUrl":"https:\/\/pans.krosno.pl\/instytut-humanistyczny\/wp-content\/uploads\/sites\/9\/2020\/12\/03.jpg","width":837,"height":480},{"@type":"BreadcrumbList","@id":"https:\/\/pans.krosno.pl\/instytut-humanistyczny\/dialog-po-rosyjsku-2020-od-karpat-po-ural\/#breadcrumb","itemListElement":[{"@type":"ListItem","position":1,"name":"Strona g\u0142\u00f3wna","item":"https:\/\/pans.krosno.pl\/instytut-humanistyczny\/"},{"@type":"ListItem","position":2,"name":"Dialog po rosyjsku 2020 &#8211; od Karpat po Ural"}]},{"@type":"WebSite","@id":"https:\/\/pans.krosno.pl\/instytut-humanistyczny\/#website","url":"https:\/\/pans.krosno.pl\/instytut-humanistyczny\/","name":"Instytut Humanistyczny PANS w Kro\u015bnie","description":"Instytut Humanistyczny - Pa\u0144stwowa Akademia Nauk Stosowanych","publisher":{"@id":"https:\/\/pans.krosno.pl\/instytut-humanistyczny\/#organization"},"potentialAction":[{"@type":"SearchAction","target":{"@type":"EntryPoint","urlTemplate":"https:\/\/pans.krosno.pl\/instytut-humanistyczny\/?s={search_term_string}"},"query-input":{"@type":"PropertyValueSpecification","valueRequired":true,"valueName":"search_term_string"}}],"inLanguage":"pl-PL"},{"@type":"Organization","@id":"https:\/\/pans.krosno.pl\/instytut-humanistyczny\/#organization","name":"Instytut Humanistyczny PANS w Kro\u015bnie","url":"https:\/\/pans.krosno.pl\/instytut-humanistyczny\/","logo":{"@type":"ImageObject","inLanguage":"pl-PL","@id":"https:\/\/pans.krosno.pl\/instytut-humanistyczny\/#\/schema\/logo\/image\/","url":"https:\/\/pans.krosno.pl\/instytut-humanistyczny\/wp-content\/uploads\/sites\/9\/2023\/01\/Logo-PANS-2022-pelne.png","contentUrl":"https:\/\/pans.krosno.pl\/instytut-humanistyczny\/wp-content\/uploads\/sites\/9\/2023\/01\/Logo-PANS-2022-pelne.png","width":3096,"height":696,"caption":"Instytut Humanistyczny PANS w Kro\u015bnie"},"image":{"@id":"https:\/\/pans.krosno.pl\/instytut-humanistyczny\/#\/schema\/logo\/image\/"}},{"@type":"Person","@id":"https:\/\/pans.krosno.pl\/instytut-humanistyczny\/#\/schema\/person\/cb70195a5aeabe88d51256d821faa2d9","name":"Bartosz Go\u0142\u0105bek","image":{"@type":"ImageObject","inLanguage":"pl-PL","@id":"https:\/\/secure.gravatar.com\/avatar\/ad10819676385baed8ebd4d7be0d4ba77dd5fdc0f4779d414dea3126fd3aec33?s=96&d=mm&r=g","url":"https:\/\/secure.gravatar.com\/avatar\/ad10819676385baed8ebd4d7be0d4ba77dd5fdc0f4779d414dea3126fd3aec33?s=96&d=mm&r=g","contentUrl":"https:\/\/secure.gravatar.com\/avatar\/ad10819676385baed8ebd4d7be0d4ba77dd5fdc0f4779d414dea3126fd3aec33?s=96&d=mm&r=g","caption":"Bartosz Go\u0142\u0105bek"},"description":"dr Bartosz Go\u0142\u0105bek Dyrektor Instytutu Humanistycznego Karpacka Pa\u0144stwowa Uczelnia w Kro\u015bnie (dawniej PWSZ)","url":"https:\/\/pans.krosno.pl\/instytut-humanistyczny\/author\/bartoszgolabek\/"}]}},"_links":{"self":[{"href":"https:\/\/pans.krosno.pl\/instytut-humanistyczny\/wp-json\/wp\/v2\/posts\/804","targetHints":{"allow":["GET"]}}],"collection":[{"href":"https:\/\/pans.krosno.pl\/instytut-humanistyczny\/wp-json\/wp\/v2\/posts"}],"about":[{"href":"https:\/\/pans.krosno.pl\/instytut-humanistyczny\/wp-json\/wp\/v2\/types\/post"}],"author":[{"embeddable":true,"href":"https:\/\/pans.krosno.pl\/instytut-humanistyczny\/wp-json\/wp\/v2\/users\/57"}],"replies":[{"embeddable":true,"href":"https:\/\/pans.krosno.pl\/instytut-humanistyczny\/wp-json\/wp\/v2\/comments?post=804"}],"version-history":[{"count":2,"href":"https:\/\/pans.krosno.pl\/instytut-humanistyczny\/wp-json\/wp\/v2\/posts\/804\/revisions"}],"predecessor-version":[{"id":807,"href":"https:\/\/pans.krosno.pl\/instytut-humanistyczny\/wp-json\/wp\/v2\/posts\/804\/revisions\/807"}],"wp:featuredmedia":[{"embeddable":true,"href":"https:\/\/pans.krosno.pl\/instytut-humanistyczny\/wp-json\/wp\/v2\/media\/805"}],"wp:attachment":[{"href":"https:\/\/pans.krosno.pl\/instytut-humanistyczny\/wp-json\/wp\/v2\/media?parent=804"}],"wp:term":[{"taxonomy":"category","embeddable":true,"href":"https:\/\/pans.krosno.pl\/instytut-humanistyczny\/wp-json\/wp\/v2\/categories?post=804"},{"taxonomy":"post_tag","embeddable":true,"href":"https:\/\/pans.krosno.pl\/instytut-humanistyczny\/wp-json\/wp\/v2\/tags?post=804"}],"curies":[{"name":"wp","href":"https:\/\/api.w.org\/{rel}","templated":true}]}}