{"id":764,"date":"2020-12-08T09:39:24","date_gmt":"2020-12-08T08:39:24","guid":{"rendered":"https:\/\/pans.krosno.pl\/instytut-humanistyczny\/?p=764"},"modified":"2020-12-08T10:16:47","modified_gmt":"2020-12-08T09:16:47","slug":"sprawozdanie-z-posiedzenia-kolegium-instytutu-humanistycznego-4-xii-2020","status":"publish","type":"post","link":"https:\/\/pans.krosno.pl\/instytut-humanistyczny\/sprawozdanie-z-posiedzenia-kolegium-instytutu-humanistycznego-4-xii-2020\/","title":{"rendered":"Sprawozdanie z posiedzenia Kolegium Instytutu Humanistycznego (4.12.2020)"},"content":{"rendered":"\n<p><\/p>\n\n\n\n<p>W zebraniu<a href=\"https:\/\/pans.krosno.pl\/instytut-humanistyczny\/kolegium-instytutu\/\"> Kolegium Instytutu<\/a>, kt\u00f3re odby\u0142o si\u0119 w trybie zdalnym na platformie MS Teams&nbsp;4 grudnia 2020 roku wzi\u0119li udzia\u0142 kierownicy Zak\u0142ad\u00f3w oraz przedstawiciele Instytutu w Senacie Karpackiej Pa\u0144stwowej Uczelni w Kro\u015bnie. Spo\u015br\u00f3d cz\u0142onk\u00f3w z otoczenia spo\u0142eczno-gospodarczego do spotkania do\u0142\u0105czyli Dyrektor BWA w Kro\u015bnie Ewelina Jurasz oraz pani mgr Katarzyna \u015awi\u0105tek-Pytlarz z Miejskiego Zespo\u0142u Szk\u00f3\u0142 numer 2 w Kro\u015bnie.<\/p>\n\n\n\n<p>W pierwszej cz\u0119\u015bci zebrania dyrektor Instytutu Humanistycznego zaprezentowa\u0142 nowy sk\u0142ad Kolegium na rok akademicki 2020\/2021, a tak\u017ce usprawiedliwi\u0142 nieobecnych, z kt\u00f3rymi pozostaje w bezpo\u015brednim kontakcie. <\/p>\n\n\n\n<p>W kolejnym punkcie om\u00f3wiono kontekst i specyfik\u0119 funkcjonowania dydaktyki w trybie zdalnym od marca do czerwca 2020 roku. Przej\u015bcie na kszta\u0142cenie zdalne by\u0142o wymuszone przez rozw\u00f3j pandemii COVID-19 i wzgl\u0119dy bezpiecze\u0144stwa zdrowotnego. Mimo utrudnie\u0144 w funkcjonowaniu Uczelni w semestrze letnim uda\u0142o si\u0119 zrealizowa\u0107 wa\u017cne inicjatywy. &nbsp;W maju 2020 roku wesz\u0142a w \u017cycie zmiana nazwy uczelni, a tak\u017ce wdro\u017cona zosta\u0142a nowa witryna internetowa. W Instytucie Humanistycznym uda\u0142o si\u0119 uruchomi\u0107 nowe kierunki studi\u00f3w. Letni semestr roku akademickiego 2019\/2020 by\u0142 r\u00f3wnie\u017c&nbsp; semestrem wyborczym,&nbsp; w uczelni zosta\u0142y przeprowadzone wybory rektora oraz cz\u0142onk\u00f3w Senatu.<\/p>\n\n\n\n<p>Nast\u0119pnie sprawy bie\u017c\u0105ce skr\u00f3towo om\u00f3wili kierownicy Zak\u0142ad\u00f3w \u2013 Filologii Angielskiej dr Joanna Ziobro-Strz\u0119pek, Komunikacji Mi\u0119dzykulturowej dr Wojciech Grucha\u0142a oraz Pedagogiki doktor Barbara Lulek. Nast\u0119pnie g\u0142os zosta\u0142 przekazany paniom senatorkom i panom senatorom Senatu KPU w Kro\u015bnie. <\/p>\n\n\n\n<p>W dalszej cz\u0119\u015bci spotkania ze szczeg\u00f3ln\u0105 uwag\u0105 przyj\u0119te zosta\u0142y wypowiedzi dyrektor Biura Wystaw Artystycznych w Kro\u015bnie pani Eweliny Jurasz oraz pani Katarzyny Pytlarz-\u015awi\u0105tek reprezentuj\u0105cej \u015brodowisko nauczycielskie. Obie Panie zakre\u015bli\u0142y perspektywy wsp\u00f3\u0142pracy ich instytucji z Karpack\u0105 Pa\u0144stwow\u0105 Uczelni\u0105 w Kro\u015bnie, ze szczeg\u00f3lnym uwzgl\u0119dnieniem Instytutu Humanistycznego.<\/p>\n\n\n\n<p>Znaczna cz\u0119\u015b\u0107&nbsp; wolnych wniosk\u00f3w i wypowiedzi uczestnik\u00f3w spotkania zosta\u0142a po\u015bwi\u0119cona problemom zdalnej edukacji, pocz\u0105wszy od etykiety spotka\u0144 video-online na kwestiach spo\u0142ecznych i psychologicznych sko\u0144czywszy. &nbsp;W toku dyskusji pojawi\u0142y si\u0119 tak\u017ce istotne rekomendacje dotycz\u0105ce charakteru dalszej, w bezpo\u015bredniej perspektywie wci\u0105\u017c zdalnej, mi\u0119dzyinstytucjonalnej wsp\u00f3\u0142pracy.<\/p>\n\n\n\n<p>Wybrzmia\u0142y r\u00f3wnie\u017c wa\u017cne postulaty dotycz\u0105ce organizacji bie\u017c\u0105cego wsparcia psychologicznego dla uczni\u00f3w ze szk\u00f3\u0142 partnerskich i nie tylko. Sparaw\u0105 do rozwa\u017cenia b\u0119dzie tak\u017ce oferta studenckiej pomocy edukacyjnej dla uczni\u00f3w, kt\u00f3ra b\u0119dzie bez w\u0105tpienia potrzebna po czasie izolacji i zdalnego nauczania. M\u00f3wiono tak\u017ce o mo\u017cliwych wzajemnych inicjatywach i wizytach z wyst\u0105pieniami lub zaj\u0119ciami na \u0142\u0105czach online w partnerskich instytucjach.<\/p>\n\n\n\n<p>Rozm\u00f3wcy wskazali tak\u017ce na kompetencje pracy zdalnej istotne dla rozwoju student\u00f3w: &nbsp;motywowanie do wykorzystywania kamer video podczas \u0142\u0105cze\u0144, a tak\u017ce nauczenie obs\u0142ugi aplikacji i platform zdalnego nauczania i komunikacji z perspektywy organizatora wydarze\u0144 i osoby prezentuj\u0105cej.<\/p>\n\n\n\n<p>Kolejne zebranie kolegium odb\u0119dzie si\u0119 w semestrze letnim, b\u0105d\u017a wcze\u015bniej, je\u015bli zaitsnieje taka potrzeba i pozwol\u0105 na to okoliczno\u015bci.<\/p>\n\n\n\n<p>7.12.2020, BG<\/p>\n","protected":false},"excerpt":{"rendered":"<p>W zebraniu Kolegium Instytutu, kt\u00f3re odby\u0142o si\u0119 w trybie zdalnym na platformie MS Teams&nbsp;4 grudnia 2020 roku wzi\u0119li udzia\u0142 kierownicy Zak\u0142ad\u00f3w oraz przedstawiciele Instytutu w Senacie Karpackiej Pa\u0144stwowej Uczelni w Kro\u015bnie. Spo\u015br\u00f3d cz\u0142onk\u00f3w z otoczenia spo\u0142eczno-gospodarczego do spotkania do\u0142\u0105czyli Dyrektor BWA w Kro\u015bnie Ewelina Jurasz oraz pani mgr Katarzyna \u015awi\u0105tek-Pytlarz [\u2026] <\/p>\n<div class=\"clear\"><\/div>\n<p><a class=\"more_link clearfix\" href=\"https:\/\/pans.krosno.pl\/instytut-humanistyczny\/sprawozdanie-z-posiedzenia-kolegium-instytutu-humanistycznego-4-xii-2020\/\" rel=\"nofollow\">Read More<\/a><\/p>\n","protected":false},"author":57,"featured_media":765,"comment_status":"open","ping_status":"open","sticky":false,"template":"","format":"standard","meta":{"ngg_post_thumbnail":0,"footnotes":""},"categories":[1],"tags":[],"class_list":["post-764","post","type-post","status-publish","format-standard","has-post-thumbnail","hentry","category-bez-kategorii"],"yoast_head":"<!-- This site is optimized with the Yoast SEO Premium plugin v27.4 (Yoast SEO v27.4) - https:\/\/yoast.com\/product\/yoast-seo-premium-wordpress\/ -->\n<title>Sprawozdanie z posiedzenia Kolegium Instytutu Humanistycznego (4.12.2020) - Instytut Humanistyczny PANS w Kro\u015bnie<\/title>\n<meta name=\"robots\" content=\"index, follow, max-snippet:-1, max-image-preview:large, max-video-preview:-1\" \/>\n<link rel=\"canonical\" href=\"https:\/\/pans.krosno.pl\/instytut-humanistyczny\/sprawozdanie-z-posiedzenia-kolegium-instytutu-humanistycznego-4-xii-2020\/\" \/>\n<meta property=\"og:locale\" content=\"pl_PL\" \/>\n<meta property=\"og:type\" content=\"article\" \/>\n<meta property=\"og:title\" content=\"Sprawozdanie z posiedzenia Kolegium Instytutu Humanistycznego (4.12.2020)\" \/>\n<meta property=\"og:description\" content=\"W zebraniu Kolegium Instytutu, kt\u00f3re odby\u0142o si\u0119 w trybie zdalnym na platformie MS Teams&nbsp;4 grudnia 2020 roku wzi\u0119li udzia\u0142 kierownicy Zak\u0142ad\u00f3w oraz przedstawiciele Instytutu w Senacie Karpackiej Pa\u0144stwowej Uczelni w Kro\u015bnie. Spo\u015br\u00f3d cz\u0142onk\u00f3w z otoczenia spo\u0142eczno-gospodarczego do spotkania do\u0142\u0105czyli Dyrektor BWA w Kro\u015bnie Ewelina Jurasz oraz pani mgr Katarzyna \u015awi\u0105tek-Pytlarz [\u2026] Read More\" \/>\n<meta property=\"og:url\" content=\"https:\/\/pans.krosno.pl\/instytut-humanistyczny\/sprawozdanie-z-posiedzenia-kolegium-instytutu-humanistycznego-4-xii-2020\/\" \/>\n<meta property=\"og:site_name\" content=\"Instytut Humanistyczny PANS w Kro\u015bnie\" \/>\n<meta property=\"article:published_time\" content=\"2020-12-08T08:39:24+00:00\" \/>\n<meta property=\"article:modified_time\" content=\"2020-12-08T09:16:47+00:00\" \/>\n<meta property=\"og:image\" content=\"https:\/\/pans.krosno.pl\/wp-content\/uploads\/sites\/9\/2020\/12\/DSC_9743-1024x684-1.jpg\" \/>\n\t<meta property=\"og:image:width\" content=\"1024\" \/>\n\t<meta property=\"og:image:height\" content=\"684\" \/>\n\t<meta property=\"og:image:type\" content=\"image\/jpeg\" \/>\n<meta name=\"author\" content=\"Bartosz Go\u0142\u0105bek\" \/>\n<meta name=\"twitter:card\" content=\"summary_large_image\" \/>\n<meta name=\"twitter:label1\" content=\"Napisane przez\" \/>\n\t<meta name=\"twitter:data1\" content=\"Bartosz Go\u0142\u0105bek\" \/>\n\t<meta name=\"twitter:label2\" content=\"Szacowany czas czytania\" \/>\n\t<meta name=\"twitter:data2\" content=\"3 minuty\" \/>\n<script type=\"application\/ld+json\" class=\"yoast-schema-graph\">{\"@context\":\"https:\\\/\\\/schema.org\",\"@graph\":[{\"@type\":\"Article\",\"@id\":\"https:\\\/\\\/pans.krosno.pl\\\/instytut-humanistyczny\\\/sprawozdanie-z-posiedzenia-kolegium-instytutu-humanistycznego-4-xii-2020\\\/#article\",\"isPartOf\":{\"@id\":\"https:\\\/\\\/pans.krosno.pl\\\/instytut-humanistyczny\\\/sprawozdanie-z-posiedzenia-kolegium-instytutu-humanistycznego-4-xii-2020\\\/\"},\"author\":{\"name\":\"Bartosz Go\u0142\u0105bek\",\"@id\":\"https:\\\/\\\/pans.krosno.pl\\\/instytut-humanistyczny\\\/#\\\/schema\\\/person\\\/cb70195a5aeabe88d51256d821faa2d9\"},\"headline\":\"Sprawozdanie z posiedzenia Kolegium Instytutu Humanistycznego (4.12.2020)\",\"datePublished\":\"2020-12-08T08:39:24+00:00\",\"dateModified\":\"2020-12-08T09:16:47+00:00\",\"mainEntityOfPage\":{\"@id\":\"https:\\\/\\\/pans.krosno.pl\\\/instytut-humanistyczny\\\/sprawozdanie-z-posiedzenia-kolegium-instytutu-humanistycznego-4-xii-2020\\\/\"},\"wordCount\":524,\"commentCount\":0,\"publisher\":{\"@id\":\"https:\\\/\\\/pans.krosno.pl\\\/instytut-humanistyczny\\\/#organization\"},\"image\":{\"@id\":\"https:\\\/\\\/pans.krosno.pl\\\/instytut-humanistyczny\\\/sprawozdanie-z-posiedzenia-kolegium-instytutu-humanistycznego-4-xii-2020\\\/#primaryimage\"},\"thumbnailUrl\":\"https:\\\/\\\/pans.krosno.pl\\\/instytut-humanistyczny\\\/wp-content\\\/uploads\\\/sites\\\/9\\\/2020\\\/12\\\/DSC_9743-1024x684-1.jpg\",\"inLanguage\":\"pl-PL\",\"potentialAction\":[{\"@type\":\"CommentAction\",\"name\":\"Comment\",\"target\":[\"https:\\\/\\\/pans.krosno.pl\\\/instytut-humanistyczny\\\/sprawozdanie-z-posiedzenia-kolegium-instytutu-humanistycznego-4-xii-2020\\\/#respond\"]}]},{\"@type\":\"WebPage\",\"@id\":\"https:\\\/\\\/pans.krosno.pl\\\/instytut-humanistyczny\\\/sprawozdanie-z-posiedzenia-kolegium-instytutu-humanistycznego-4-xii-2020\\\/\",\"url\":\"https:\\\/\\\/pans.krosno.pl\\\/instytut-humanistyczny\\\/sprawozdanie-z-posiedzenia-kolegium-instytutu-humanistycznego-4-xii-2020\\\/\",\"name\":\"Sprawozdanie z posiedzenia Kolegium Instytutu Humanistycznego (4.12.2020) - Instytut Humanistyczny PANS w Kro\u015bnie\",\"isPartOf\":{\"@id\":\"https:\\\/\\\/pans.krosno.pl\\\/instytut-humanistyczny\\\/#website\"},\"primaryImageOfPage\":{\"@id\":\"https:\\\/\\\/pans.krosno.pl\\\/instytut-humanistyczny\\\/sprawozdanie-z-posiedzenia-kolegium-instytutu-humanistycznego-4-xii-2020\\\/#primaryimage\"},\"image\":{\"@id\":\"https:\\\/\\\/pans.krosno.pl\\\/instytut-humanistyczny\\\/sprawozdanie-z-posiedzenia-kolegium-instytutu-humanistycznego-4-xii-2020\\\/#primaryimage\"},\"thumbnailUrl\":\"https:\\\/\\\/pans.krosno.pl\\\/instytut-humanistyczny\\\/wp-content\\\/uploads\\\/sites\\\/9\\\/2020\\\/12\\\/DSC_9743-1024x684-1.jpg\",\"datePublished\":\"2020-12-08T08:39:24+00:00\",\"dateModified\":\"2020-12-08T09:16:47+00:00\",\"breadcrumb\":{\"@id\":\"https:\\\/\\\/pans.krosno.pl\\\/instytut-humanistyczny\\\/sprawozdanie-z-posiedzenia-kolegium-instytutu-humanistycznego-4-xii-2020\\\/#breadcrumb\"},\"inLanguage\":\"pl-PL\",\"potentialAction\":[{\"@type\":\"ReadAction\",\"target\":[\"https:\\\/\\\/pans.krosno.pl\\\/instytut-humanistyczny\\\/sprawozdanie-z-posiedzenia-kolegium-instytutu-humanistycznego-4-xii-2020\\\/\"]}]},{\"@type\":\"ImageObject\",\"inLanguage\":\"pl-PL\",\"@id\":\"https:\\\/\\\/pans.krosno.pl\\\/instytut-humanistyczny\\\/sprawozdanie-z-posiedzenia-kolegium-instytutu-humanistycznego-4-xii-2020\\\/#primaryimage\",\"url\":\"https:\\\/\\\/pans.krosno.pl\\\/instytut-humanistyczny\\\/wp-content\\\/uploads\\\/sites\\\/9\\\/2020\\\/12\\\/DSC_9743-1024x684-1.jpg\",\"contentUrl\":\"https:\\\/\\\/pans.krosno.pl\\\/instytut-humanistyczny\\\/wp-content\\\/uploads\\\/sites\\\/9\\\/2020\\\/12\\\/DSC_9743-1024x684-1.jpg\",\"width\":1024,\"height\":684},{\"@type\":\"BreadcrumbList\",\"@id\":\"https:\\\/\\\/pans.krosno.pl\\\/instytut-humanistyczny\\\/sprawozdanie-z-posiedzenia-kolegium-instytutu-humanistycznego-4-xii-2020\\\/#breadcrumb\",\"itemListElement\":[{\"@type\":\"ListItem\",\"position\":1,\"name\":\"Strona g\u0142\u00f3wna\",\"item\":\"https:\\\/\\\/pans.krosno.pl\\\/instytut-humanistyczny\\\/\"},{\"@type\":\"ListItem\",\"position\":2,\"name\":\"Sprawozdanie z posiedzenia Kolegium Instytutu Humanistycznego (4.12.2020)\"}]},{\"@type\":\"WebSite\",\"@id\":\"https:\\\/\\\/pans.krosno.pl\\\/instytut-humanistyczny\\\/#website\",\"url\":\"https:\\\/\\\/pans.krosno.pl\\\/instytut-humanistyczny\\\/\",\"name\":\"Instytut Humanistyczny PANS w Kro\u015bnie\",\"description\":\"Instytut Humanistyczny - Pa\u0144stwowa Akademia Nauk Stosowanych\",\"publisher\":{\"@id\":\"https:\\\/\\\/pans.krosno.pl\\\/instytut-humanistyczny\\\/#organization\"},\"potentialAction\":[{\"@type\":\"SearchAction\",\"target\":{\"@type\":\"EntryPoint\",\"urlTemplate\":\"https:\\\/\\\/pans.krosno.pl\\\/instytut-humanistyczny\\\/?s={search_term_string}\"},\"query-input\":{\"@type\":\"PropertyValueSpecification\",\"valueRequired\":true,\"valueName\":\"search_term_string\"}}],\"inLanguage\":\"pl-PL\"},{\"@type\":\"Organization\",\"@id\":\"https:\\\/\\\/pans.krosno.pl\\\/instytut-humanistyczny\\\/#organization\",\"name\":\"Instytut Humanistyczny PANS w Kro\u015bnie\",\"url\":\"https:\\\/\\\/pans.krosno.pl\\\/instytut-humanistyczny\\\/\",\"logo\":{\"@type\":\"ImageObject\",\"inLanguage\":\"pl-PL\",\"@id\":\"https:\\\/\\\/pans.krosno.pl\\\/instytut-humanistyczny\\\/#\\\/schema\\\/logo\\\/image\\\/\",\"url\":\"https:\\\/\\\/pans.krosno.pl\\\/instytut-humanistyczny\\\/wp-content\\\/uploads\\\/sites\\\/9\\\/2023\\\/01\\\/Logo-PANS-2022-pelne.png\",\"contentUrl\":\"https:\\\/\\\/pans.krosno.pl\\\/instytut-humanistyczny\\\/wp-content\\\/uploads\\\/sites\\\/9\\\/2023\\\/01\\\/Logo-PANS-2022-pelne.png\",\"width\":3096,\"height\":696,\"caption\":\"Instytut Humanistyczny PANS w Kro\u015bnie\"},\"image\":{\"@id\":\"https:\\\/\\\/pans.krosno.pl\\\/instytut-humanistyczny\\\/#\\\/schema\\\/logo\\\/image\\\/\"}},{\"@type\":\"Person\",\"@id\":\"https:\\\/\\\/pans.krosno.pl\\\/instytut-humanistyczny\\\/#\\\/schema\\\/person\\\/cb70195a5aeabe88d51256d821faa2d9\",\"name\":\"Bartosz Go\u0142\u0105bek\",\"image\":{\"@type\":\"ImageObject\",\"inLanguage\":\"pl-PL\",\"@id\":\"https:\\\/\\\/secure.gravatar.com\\\/avatar\\\/ad10819676385baed8ebd4d7be0d4ba77dd5fdc0f4779d414dea3126fd3aec33?s=96&d=mm&r=g\",\"url\":\"https:\\\/\\\/secure.gravatar.com\\\/avatar\\\/ad10819676385baed8ebd4d7be0d4ba77dd5fdc0f4779d414dea3126fd3aec33?s=96&d=mm&r=g\",\"contentUrl\":\"https:\\\/\\\/secure.gravatar.com\\\/avatar\\\/ad10819676385baed8ebd4d7be0d4ba77dd5fdc0f4779d414dea3126fd3aec33?s=96&d=mm&r=g\",\"caption\":\"Bartosz Go\u0142\u0105bek\"},\"description\":\"dr Bartosz Go\u0142\u0105bek Dyrektor Instytutu Humanistycznego Karpacka Pa\u0144stwowa Uczelnia w Kro\u015bnie (dawniej PWSZ)\",\"url\":\"https:\\\/\\\/pans.krosno.pl\\\/instytut-humanistyczny\\\/author\\\/bartoszgolabek\\\/\"}]}<\/script>\n<!-- \/ Yoast SEO Premium plugin. -->","yoast_head_json":{"title":"Sprawozdanie z posiedzenia Kolegium Instytutu Humanistycznego (4.12.2020) - Instytut Humanistyczny PANS w Kro\u015bnie","robots":{"index":"index","follow":"follow","max-snippet":"max-snippet:-1","max-image-preview":"max-image-preview:large","max-video-preview":"max-video-preview:-1"},"canonical":"https:\/\/pans.krosno.pl\/instytut-humanistyczny\/sprawozdanie-z-posiedzenia-kolegium-instytutu-humanistycznego-4-xii-2020\/","og_locale":"pl_PL","og_type":"article","og_title":"Sprawozdanie z posiedzenia Kolegium Instytutu Humanistycznego (4.12.2020)","og_description":"W zebraniu Kolegium Instytutu, kt\u00f3re odby\u0142o si\u0119 w trybie zdalnym na platformie MS Teams&nbsp;4 grudnia 2020 roku wzi\u0119li udzia\u0142 kierownicy Zak\u0142ad\u00f3w oraz przedstawiciele Instytutu w Senacie Karpackiej Pa\u0144stwowej Uczelni w Kro\u015bnie. Spo\u015br\u00f3d cz\u0142onk\u00f3w z otoczenia spo\u0142eczno-gospodarczego do spotkania do\u0142\u0105czyli Dyrektor BWA w Kro\u015bnie Ewelina Jurasz oraz pani mgr Katarzyna \u015awi\u0105tek-Pytlarz [\u2026] Read More","og_url":"https:\/\/pans.krosno.pl\/instytut-humanistyczny\/sprawozdanie-z-posiedzenia-kolegium-instytutu-humanistycznego-4-xii-2020\/","og_site_name":"Instytut Humanistyczny PANS w Kro\u015bnie","article_published_time":"2020-12-08T08:39:24+00:00","article_modified_time":"2020-12-08T09:16:47+00:00","og_image":[{"width":1024,"height":684,"url":"https:\/\/pans.krosno.pl\/wp-content\/uploads\/sites\/9\/2020\/12\/DSC_9743-1024x684-1.jpg","type":"image\/jpeg"}],"author":"Bartosz Go\u0142\u0105bek","twitter_card":"summary_large_image","twitter_misc":{"Napisane przez":"Bartosz Go\u0142\u0105bek","Szacowany czas czytania":"3 minuty"},"schema":{"@context":"https:\/\/schema.org","@graph":[{"@type":"Article","@id":"https:\/\/pans.krosno.pl\/instytut-humanistyczny\/sprawozdanie-z-posiedzenia-kolegium-instytutu-humanistycznego-4-xii-2020\/#article","isPartOf":{"@id":"https:\/\/pans.krosno.pl\/instytut-humanistyczny\/sprawozdanie-z-posiedzenia-kolegium-instytutu-humanistycznego-4-xii-2020\/"},"author":{"name":"Bartosz Go\u0142\u0105bek","@id":"https:\/\/pans.krosno.pl\/instytut-humanistyczny\/#\/schema\/person\/cb70195a5aeabe88d51256d821faa2d9"},"headline":"Sprawozdanie z posiedzenia Kolegium Instytutu Humanistycznego (4.12.2020)","datePublished":"2020-12-08T08:39:24+00:00","dateModified":"2020-12-08T09:16:47+00:00","mainEntityOfPage":{"@id":"https:\/\/pans.krosno.pl\/instytut-humanistyczny\/sprawozdanie-z-posiedzenia-kolegium-instytutu-humanistycznego-4-xii-2020\/"},"wordCount":524,"commentCount":0,"publisher":{"@id":"https:\/\/pans.krosno.pl\/instytut-humanistyczny\/#organization"},"image":{"@id":"https:\/\/pans.krosno.pl\/instytut-humanistyczny\/sprawozdanie-z-posiedzenia-kolegium-instytutu-humanistycznego-4-xii-2020\/#primaryimage"},"thumbnailUrl":"https:\/\/pans.krosno.pl\/instytut-humanistyczny\/wp-content\/uploads\/sites\/9\/2020\/12\/DSC_9743-1024x684-1.jpg","inLanguage":"pl-PL","potentialAction":[{"@type":"CommentAction","name":"Comment","target":["https:\/\/pans.krosno.pl\/instytut-humanistyczny\/sprawozdanie-z-posiedzenia-kolegium-instytutu-humanistycznego-4-xii-2020\/#respond"]}]},{"@type":"WebPage","@id":"https:\/\/pans.krosno.pl\/instytut-humanistyczny\/sprawozdanie-z-posiedzenia-kolegium-instytutu-humanistycznego-4-xii-2020\/","url":"https:\/\/pans.krosno.pl\/instytut-humanistyczny\/sprawozdanie-z-posiedzenia-kolegium-instytutu-humanistycznego-4-xii-2020\/","name":"Sprawozdanie z posiedzenia Kolegium Instytutu Humanistycznego (4.12.2020) - Instytut Humanistyczny PANS w Kro\u015bnie","isPartOf":{"@id":"https:\/\/pans.krosno.pl\/instytut-humanistyczny\/#website"},"primaryImageOfPage":{"@id":"https:\/\/pans.krosno.pl\/instytut-humanistyczny\/sprawozdanie-z-posiedzenia-kolegium-instytutu-humanistycznego-4-xii-2020\/#primaryimage"},"image":{"@id":"https:\/\/pans.krosno.pl\/instytut-humanistyczny\/sprawozdanie-z-posiedzenia-kolegium-instytutu-humanistycznego-4-xii-2020\/#primaryimage"},"thumbnailUrl":"https:\/\/pans.krosno.pl\/instytut-humanistyczny\/wp-content\/uploads\/sites\/9\/2020\/12\/DSC_9743-1024x684-1.jpg","datePublished":"2020-12-08T08:39:24+00:00","dateModified":"2020-12-08T09:16:47+00:00","breadcrumb":{"@id":"https:\/\/pans.krosno.pl\/instytut-humanistyczny\/sprawozdanie-z-posiedzenia-kolegium-instytutu-humanistycznego-4-xii-2020\/#breadcrumb"},"inLanguage":"pl-PL","potentialAction":[{"@type":"ReadAction","target":["https:\/\/pans.krosno.pl\/instytut-humanistyczny\/sprawozdanie-z-posiedzenia-kolegium-instytutu-humanistycznego-4-xii-2020\/"]}]},{"@type":"ImageObject","inLanguage":"pl-PL","@id":"https:\/\/pans.krosno.pl\/instytut-humanistyczny\/sprawozdanie-z-posiedzenia-kolegium-instytutu-humanistycznego-4-xii-2020\/#primaryimage","url":"https:\/\/pans.krosno.pl\/instytut-humanistyczny\/wp-content\/uploads\/sites\/9\/2020\/12\/DSC_9743-1024x684-1.jpg","contentUrl":"https:\/\/pans.krosno.pl\/instytut-humanistyczny\/wp-content\/uploads\/sites\/9\/2020\/12\/DSC_9743-1024x684-1.jpg","width":1024,"height":684},{"@type":"BreadcrumbList","@id":"https:\/\/pans.krosno.pl\/instytut-humanistyczny\/sprawozdanie-z-posiedzenia-kolegium-instytutu-humanistycznego-4-xii-2020\/#breadcrumb","itemListElement":[{"@type":"ListItem","position":1,"name":"Strona g\u0142\u00f3wna","item":"https:\/\/pans.krosno.pl\/instytut-humanistyczny\/"},{"@type":"ListItem","position":2,"name":"Sprawozdanie z posiedzenia Kolegium Instytutu Humanistycznego (4.12.2020)"}]},{"@type":"WebSite","@id":"https:\/\/pans.krosno.pl\/instytut-humanistyczny\/#website","url":"https:\/\/pans.krosno.pl\/instytut-humanistyczny\/","name":"Instytut Humanistyczny PANS w Kro\u015bnie","description":"Instytut Humanistyczny - Pa\u0144stwowa Akademia Nauk Stosowanych","publisher":{"@id":"https:\/\/pans.krosno.pl\/instytut-humanistyczny\/#organization"},"potentialAction":[{"@type":"SearchAction","target":{"@type":"EntryPoint","urlTemplate":"https:\/\/pans.krosno.pl\/instytut-humanistyczny\/?s={search_term_string}"},"query-input":{"@type":"PropertyValueSpecification","valueRequired":true,"valueName":"search_term_string"}}],"inLanguage":"pl-PL"},{"@type":"Organization","@id":"https:\/\/pans.krosno.pl\/instytut-humanistyczny\/#organization","name":"Instytut Humanistyczny PANS w Kro\u015bnie","url":"https:\/\/pans.krosno.pl\/instytut-humanistyczny\/","logo":{"@type":"ImageObject","inLanguage":"pl-PL","@id":"https:\/\/pans.krosno.pl\/instytut-humanistyczny\/#\/schema\/logo\/image\/","url":"https:\/\/pans.krosno.pl\/instytut-humanistyczny\/wp-content\/uploads\/sites\/9\/2023\/01\/Logo-PANS-2022-pelne.png","contentUrl":"https:\/\/pans.krosno.pl\/instytut-humanistyczny\/wp-content\/uploads\/sites\/9\/2023\/01\/Logo-PANS-2022-pelne.png","width":3096,"height":696,"caption":"Instytut Humanistyczny PANS w Kro\u015bnie"},"image":{"@id":"https:\/\/pans.krosno.pl\/instytut-humanistyczny\/#\/schema\/logo\/image\/"}},{"@type":"Person","@id":"https:\/\/pans.krosno.pl\/instytut-humanistyczny\/#\/schema\/person\/cb70195a5aeabe88d51256d821faa2d9","name":"Bartosz Go\u0142\u0105bek","image":{"@type":"ImageObject","inLanguage":"pl-PL","@id":"https:\/\/secure.gravatar.com\/avatar\/ad10819676385baed8ebd4d7be0d4ba77dd5fdc0f4779d414dea3126fd3aec33?s=96&d=mm&r=g","url":"https:\/\/secure.gravatar.com\/avatar\/ad10819676385baed8ebd4d7be0d4ba77dd5fdc0f4779d414dea3126fd3aec33?s=96&d=mm&r=g","contentUrl":"https:\/\/secure.gravatar.com\/avatar\/ad10819676385baed8ebd4d7be0d4ba77dd5fdc0f4779d414dea3126fd3aec33?s=96&d=mm&r=g","caption":"Bartosz Go\u0142\u0105bek"},"description":"dr Bartosz Go\u0142\u0105bek Dyrektor Instytutu Humanistycznego Karpacka Pa\u0144stwowa Uczelnia w Kro\u015bnie (dawniej PWSZ)","url":"https:\/\/pans.krosno.pl\/instytut-humanistyczny\/author\/bartoszgolabek\/"}]}},"_links":{"self":[{"href":"https:\/\/pans.krosno.pl\/instytut-humanistyczny\/wp-json\/wp\/v2\/posts\/764","targetHints":{"allow":["GET"]}}],"collection":[{"href":"https:\/\/pans.krosno.pl\/instytut-humanistyczny\/wp-json\/wp\/v2\/posts"}],"about":[{"href":"https:\/\/pans.krosno.pl\/instytut-humanistyczny\/wp-json\/wp\/v2\/types\/post"}],"author":[{"embeddable":true,"href":"https:\/\/pans.krosno.pl\/instytut-humanistyczny\/wp-json\/wp\/v2\/users\/57"}],"replies":[{"embeddable":true,"href":"https:\/\/pans.krosno.pl\/instytut-humanistyczny\/wp-json\/wp\/v2\/comments?post=764"}],"version-history":[{"count":5,"href":"https:\/\/pans.krosno.pl\/instytut-humanistyczny\/wp-json\/wp\/v2\/posts\/764\/revisions"}],"predecessor-version":[{"id":778,"href":"https:\/\/pans.krosno.pl\/instytut-humanistyczny\/wp-json\/wp\/v2\/posts\/764\/revisions\/778"}],"wp:featuredmedia":[{"embeddable":true,"href":"https:\/\/pans.krosno.pl\/instytut-humanistyczny\/wp-json\/wp\/v2\/media\/765"}],"wp:attachment":[{"href":"https:\/\/pans.krosno.pl\/instytut-humanistyczny\/wp-json\/wp\/v2\/media?parent=764"}],"wp:term":[{"taxonomy":"category","embeddable":true,"href":"https:\/\/pans.krosno.pl\/instytut-humanistyczny\/wp-json\/wp\/v2\/categories?post=764"},{"taxonomy":"post_tag","embeddable":true,"href":"https:\/\/pans.krosno.pl\/instytut-humanistyczny\/wp-json\/wp\/v2\/tags?post=764"}],"curies":[{"name":"wp","href":"https:\/\/api.w.org\/{rel}","templated":true}]}}