{"id":673,"date":"2020-10-19T23:03:04","date_gmt":"2020-10-19T21:03:04","guid":{"rendered":"https:\/\/pans.krosno.pl\/instytut-humanistyczny\/?p=673"},"modified":"2020-10-20T13:54:37","modified_gmt":"2020-10-20T11:54:37","slug":"miedzynarodowe-zajecia-global-business-w-instytucie-humanistycznym","status":"publish","type":"post","link":"https:\/\/pans.krosno.pl\/instytut-humanistyczny\/miedzynarodowe-zajecia-global-business-w-instytucie-humanistycznym\/","title":{"rendered":"Mi\u0119dzynarodowe zaj\u0119cia &#8222;Global Business&#8221; w  Instytucie Humanistycznym"},"content":{"rendered":"\n<p>W semestrze zimowym roku akademickiego 2020\/2021 studenci z Instytutu Humanistycznego Karpackiej Pa\u0144stwowej Uczelni w Kro\u015bnie bior\u0105 udzia\u0142 w kursie <strong>Global Business<\/strong> prowadzonym w ramach mi\u0119dzynarodowej, globalnej inicjatywy <a href=\"https:\/\/thegpe.org\/\">Global Partners in Education<\/a>.  <\/p>\n\n\n\n<figure class=\"wp-block-image size-large\"><a href=\"https:\/\/www.youtube.com\/watch?v=lA9xO3TJJuY&amp;feature=emb_title\"><img loading=\"lazy\" decoding=\"async\" width=\"376\" height=\"109\" src=\"https:\/\/pans.krosno.pl\/instytut-humanistyczny\/wp-content\/uploads\/sites\/9\/2020\/10\/Global-partners.png\" alt=\"\" class=\"wp-image-675\" srcset=\"https:\/\/pans.krosno.pl\/instytut-humanistyczny\/wp-content\/uploads\/sites\/9\/2020\/10\/Global-partners.png 376w, https:\/\/pans.krosno.pl\/instytut-humanistyczny\/wp-content\/uploads\/sites\/9\/2020\/10\/Global-partners-300x87.png 300w\" sizes=\"auto, (max-width: 376px) 100vw, 376px\" \/><\/a><\/figure>\n\n\n\n<blockquote class=\"wp-block-quote is-layout-flow wp-block-quote-is-layout-flow\"><p><\/p><cite>Building skills to navigate the global landscape<\/cite><\/blockquote>\n\n\n\n<p>W tym cyklu studenci z Podkarpacia po\u0142\u0105cz\u0105 si\u0119 z uczelniami w Brazylii (<a href=\"https:\/\/www.faj.br\/\">Centro Universit\u00e1rio de Jaguari\u00fana<\/a>), Meksyku (<a href=\"https:\/\/u-erre.mx\/\">U-ERRE Universidad Regiomontana<\/a>) oraz Pakistanie (<a href=\"https:\/\/fjwu.edu.pk\/home\/\">Fatima Jinnah Women University<\/a>). Zaj\u0119cia i dyskusje b\u0119d\u0105 toczone w j\u0119zyku globalnej komunikacji biznesowej, czyli po angielsku. <\/p>\n\n\n\n<p>Wideokonferencje z partnerami zaplanowane s\u0105 w ramach kursu <em>Business English<\/em>, kt\u00f3ry w tym semestrze przygotowa\u0142a i prowadzi mgr Justyna Biskup z Zak\u0142adu Filologii Angielskiej. <\/p>\n\n\n\n<p>Wsp\u00f3\u0142prac\u0119 w ramach sieci <a href=\"https:\/\/thegpe.org\/\">Global Partners in Education<\/a> z ramienia KPU w Kro\u015bnie koordynuje mgr Katarzyna Dziemian. <\/p>\n\n\n\n<p>BG<\/p>\n","protected":false},"excerpt":{"rendered":"<p>W semestrze zimowym roku akademickiego 2020\/2021 studenci z Instytutu Humanistycznego Karpackiej Pa\u0144stwowej Uczelni w Kro\u015bnie bior\u0105 udzia\u0142 w kursie Global Business prowadzonym w ramach mi\u0119dzynarodowej, globalnej inicjatywy Global Partners in Education. Building skills to navigate the global landscape W tym cyklu studenci z Podkarpacia po\u0142\u0105cz\u0105 si\u0119 z uczelniami w Brazylii [\u2026] <\/p>\n<div class=\"clear\"><\/div>\n<p><a class=\"more_link clearfix\" href=\"https:\/\/pans.krosno.pl\/instytut-humanistyczny\/miedzynarodowe-zajecia-global-business-w-instytucie-humanistycznym\/\" rel=\"nofollow\">Read More<\/a><\/p>\n","protected":false},"author":57,"featured_media":678,"comment_status":"open","ping_status":"open","sticky":false,"template":"","format":"standard","meta":{"ngg_post_thumbnail":0,"footnotes":""},"categories":[3,1],"tags":[],"class_list":["post-673","post","type-post","status-publish","format-standard","has-post-thumbnail","hentry","category-aktualnosci","category-bez-kategorii"],"yoast_head":"<!-- This site is optimized with the Yoast SEO Premium plugin v27.4 (Yoast SEO v27.4) - https:\/\/yoast.com\/product\/yoast-seo-premium-wordpress\/ -->\n<title>Mi\u0119dzynarodowe zaj\u0119cia &quot;Global Business&quot; w Instytucie Humanistycznym - Instytut Humanistyczny PANS w Kro\u015bnie<\/title>\n<meta name=\"robots\" content=\"index, follow, max-snippet:-1, max-image-preview:large, max-video-preview:-1\" \/>\n<link rel=\"canonical\" href=\"https:\/\/pans.krosno.pl\/instytut-humanistyczny\/miedzynarodowe-zajecia-global-business-w-instytucie-humanistycznym\/\" \/>\n<meta property=\"og:locale\" content=\"pl_PL\" \/>\n<meta property=\"og:type\" content=\"article\" \/>\n<meta property=\"og:title\" content=\"Mi\u0119dzynarodowe zaj\u0119cia &quot;Global Business&quot; w Instytucie Humanistycznym\" \/>\n<meta property=\"og:description\" content=\"W semestrze zimowym roku akademickiego 2020\/2021 studenci z Instytutu Humanistycznego Karpackiej Pa\u0144stwowej Uczelni w Kro\u015bnie bior\u0105 udzia\u0142 w kursie Global Business prowadzonym w ramach mi\u0119dzynarodowej, globalnej inicjatywy Global Partners in Education. Building skills to navigate the global landscape W tym cyklu studenci z Podkarpacia po\u0142\u0105cz\u0105 si\u0119 z uczelniami w Brazylii [\u2026] Read More\" \/>\n<meta property=\"og:url\" content=\"https:\/\/pans.krosno.pl\/instytut-humanistyczny\/miedzynarodowe-zajecia-global-business-w-instytucie-humanistycznym\/\" \/>\n<meta property=\"og:site_name\" content=\"Instytut Humanistyczny PANS w Kro\u015bnie\" \/>\n<meta property=\"article:published_time\" content=\"2020-10-19T21:03:04+00:00\" \/>\n<meta property=\"article:modified_time\" content=\"2020-10-20T11:54:37+00:00\" \/>\n<meta property=\"og:image\" content=\"https:\/\/pans.krosno.pl\/wp-content\/uploads\/sites\/9\/2020\/10\/pexels-photo-936137.jpeg\" \/>\n\t<meta property=\"og:image:width\" content=\"1880\" \/>\n\t<meta property=\"og:image:height\" content=\"1246\" \/>\n\t<meta property=\"og:image:type\" content=\"image\/jpeg\" \/>\n<meta name=\"author\" content=\"Bartosz Go\u0142\u0105bek\" \/>\n<meta name=\"twitter:card\" content=\"summary_large_image\" \/>\n<meta name=\"twitter:label1\" content=\"Napisane przez\" \/>\n\t<meta name=\"twitter:data1\" content=\"Bartosz Go\u0142\u0105bek\" \/>\n\t<meta name=\"twitter:label2\" content=\"Szacowany czas czytania\" \/>\n\t<meta name=\"twitter:data2\" content=\"1 minuta\" \/>\n<script type=\"application\/ld+json\" class=\"yoast-schema-graph\">{\"@context\":\"https:\\\/\\\/schema.org\",\"@graph\":[{\"@type\":\"Article\",\"@id\":\"https:\\\/\\\/pans.krosno.pl\\\/instytut-humanistyczny\\\/miedzynarodowe-zajecia-global-business-w-instytucie-humanistycznym\\\/#article\",\"isPartOf\":{\"@id\":\"https:\\\/\\\/pans.krosno.pl\\\/instytut-humanistyczny\\\/miedzynarodowe-zajecia-global-business-w-instytucie-humanistycznym\\\/\"},\"author\":{\"name\":\"Bartosz Go\u0142\u0105bek\",\"@id\":\"https:\\\/\\\/pans.krosno.pl\\\/instytut-humanistyczny\\\/#\\\/schema\\\/person\\\/cb70195a5aeabe88d51256d821faa2d9\"},\"headline\":\"Mi\u0119dzynarodowe zaj\u0119cia &#8222;Global Business&#8221; w Instytucie Humanistycznym\",\"datePublished\":\"2020-10-19T21:03:04+00:00\",\"dateModified\":\"2020-10-20T11:54:37+00:00\",\"mainEntityOfPage\":{\"@id\":\"https:\\\/\\\/pans.krosno.pl\\\/instytut-humanistyczny\\\/miedzynarodowe-zajecia-global-business-w-instytucie-humanistycznym\\\/\"},\"wordCount\":141,\"commentCount\":0,\"publisher\":{\"@id\":\"https:\\\/\\\/pans.krosno.pl\\\/instytut-humanistyczny\\\/#organization\"},\"image\":{\"@id\":\"https:\\\/\\\/pans.krosno.pl\\\/instytut-humanistyczny\\\/miedzynarodowe-zajecia-global-business-w-instytucie-humanistycznym\\\/#primaryimage\"},\"thumbnailUrl\":\"https:\\\/\\\/pans.krosno.pl\\\/instytut-humanistyczny\\\/wp-content\\\/uploads\\\/sites\\\/9\\\/2020\\\/10\\\/pexels-photo-936137.jpeg\",\"articleSection\":[\"Aktualno\u015bci\"],\"inLanguage\":\"pl-PL\",\"potentialAction\":[{\"@type\":\"CommentAction\",\"name\":\"Comment\",\"target\":[\"https:\\\/\\\/pans.krosno.pl\\\/instytut-humanistyczny\\\/miedzynarodowe-zajecia-global-business-w-instytucie-humanistycznym\\\/#respond\"]}]},{\"@type\":\"WebPage\",\"@id\":\"https:\\\/\\\/pans.krosno.pl\\\/instytut-humanistyczny\\\/miedzynarodowe-zajecia-global-business-w-instytucie-humanistycznym\\\/\",\"url\":\"https:\\\/\\\/pans.krosno.pl\\\/instytut-humanistyczny\\\/miedzynarodowe-zajecia-global-business-w-instytucie-humanistycznym\\\/\",\"name\":\"Mi\u0119dzynarodowe zaj\u0119cia \\\"Global Business\\\" w Instytucie Humanistycznym - Instytut Humanistyczny PANS w Kro\u015bnie\",\"isPartOf\":{\"@id\":\"https:\\\/\\\/pans.krosno.pl\\\/instytut-humanistyczny\\\/#website\"},\"primaryImageOfPage\":{\"@id\":\"https:\\\/\\\/pans.krosno.pl\\\/instytut-humanistyczny\\\/miedzynarodowe-zajecia-global-business-w-instytucie-humanistycznym\\\/#primaryimage\"},\"image\":{\"@id\":\"https:\\\/\\\/pans.krosno.pl\\\/instytut-humanistyczny\\\/miedzynarodowe-zajecia-global-business-w-instytucie-humanistycznym\\\/#primaryimage\"},\"thumbnailUrl\":\"https:\\\/\\\/pans.krosno.pl\\\/instytut-humanistyczny\\\/wp-content\\\/uploads\\\/sites\\\/9\\\/2020\\\/10\\\/pexels-photo-936137.jpeg\",\"datePublished\":\"2020-10-19T21:03:04+00:00\",\"dateModified\":\"2020-10-20T11:54:37+00:00\",\"breadcrumb\":{\"@id\":\"https:\\\/\\\/pans.krosno.pl\\\/instytut-humanistyczny\\\/miedzynarodowe-zajecia-global-business-w-instytucie-humanistycznym\\\/#breadcrumb\"},\"inLanguage\":\"pl-PL\",\"potentialAction\":[{\"@type\":\"ReadAction\",\"target\":[\"https:\\\/\\\/pans.krosno.pl\\\/instytut-humanistyczny\\\/miedzynarodowe-zajecia-global-business-w-instytucie-humanistycznym\\\/\"]}]},{\"@type\":\"ImageObject\",\"inLanguage\":\"pl-PL\",\"@id\":\"https:\\\/\\\/pans.krosno.pl\\\/instytut-humanistyczny\\\/miedzynarodowe-zajecia-global-business-w-instytucie-humanistycznym\\\/#primaryimage\",\"url\":\"https:\\\/\\\/pans.krosno.pl\\\/instytut-humanistyczny\\\/wp-content\\\/uploads\\\/sites\\\/9\\\/2020\\\/10\\\/pexels-photo-936137.jpeg\",\"contentUrl\":\"https:\\\/\\\/pans.krosno.pl\\\/instytut-humanistyczny\\\/wp-content\\\/uploads\\\/sites\\\/9\\\/2020\\\/10\\\/pexels-photo-936137.jpeg\",\"width\":1880,\"height\":1246},{\"@type\":\"BreadcrumbList\",\"@id\":\"https:\\\/\\\/pans.krosno.pl\\\/instytut-humanistyczny\\\/miedzynarodowe-zajecia-global-business-w-instytucie-humanistycznym\\\/#breadcrumb\",\"itemListElement\":[{\"@type\":\"ListItem\",\"position\":1,\"name\":\"Strona g\u0142\u00f3wna\",\"item\":\"https:\\\/\\\/pans.krosno.pl\\\/instytut-humanistyczny\\\/\"},{\"@type\":\"ListItem\",\"position\":2,\"name\":\"Mi\u0119dzynarodowe zaj\u0119cia &#8222;Global Business&#8221; w Instytucie Humanistycznym\"}]},{\"@type\":\"WebSite\",\"@id\":\"https:\\\/\\\/pans.krosno.pl\\\/instytut-humanistyczny\\\/#website\",\"url\":\"https:\\\/\\\/pans.krosno.pl\\\/instytut-humanistyczny\\\/\",\"name\":\"Instytut Humanistyczny PANS w Kro\u015bnie\",\"description\":\"Instytut Humanistyczny - Pa\u0144stwowa Akademia Nauk Stosowanych\",\"publisher\":{\"@id\":\"https:\\\/\\\/pans.krosno.pl\\\/instytut-humanistyczny\\\/#organization\"},\"potentialAction\":[{\"@type\":\"SearchAction\",\"target\":{\"@type\":\"EntryPoint\",\"urlTemplate\":\"https:\\\/\\\/pans.krosno.pl\\\/instytut-humanistyczny\\\/?s={search_term_string}\"},\"query-input\":{\"@type\":\"PropertyValueSpecification\",\"valueRequired\":true,\"valueName\":\"search_term_string\"}}],\"inLanguage\":\"pl-PL\"},{\"@type\":\"Organization\",\"@id\":\"https:\\\/\\\/pans.krosno.pl\\\/instytut-humanistyczny\\\/#organization\",\"name\":\"Instytut Humanistyczny PANS w Kro\u015bnie\",\"url\":\"https:\\\/\\\/pans.krosno.pl\\\/instytut-humanistyczny\\\/\",\"logo\":{\"@type\":\"ImageObject\",\"inLanguage\":\"pl-PL\",\"@id\":\"https:\\\/\\\/pans.krosno.pl\\\/instytut-humanistyczny\\\/#\\\/schema\\\/logo\\\/image\\\/\",\"url\":\"https:\\\/\\\/pans.krosno.pl\\\/instytut-humanistyczny\\\/wp-content\\\/uploads\\\/sites\\\/9\\\/2023\\\/01\\\/Logo-PANS-2022-pelne.png\",\"contentUrl\":\"https:\\\/\\\/pans.krosno.pl\\\/instytut-humanistyczny\\\/wp-content\\\/uploads\\\/sites\\\/9\\\/2023\\\/01\\\/Logo-PANS-2022-pelne.png\",\"width\":3096,\"height\":696,\"caption\":\"Instytut Humanistyczny PANS w Kro\u015bnie\"},\"image\":{\"@id\":\"https:\\\/\\\/pans.krosno.pl\\\/instytut-humanistyczny\\\/#\\\/schema\\\/logo\\\/image\\\/\"}},{\"@type\":\"Person\",\"@id\":\"https:\\\/\\\/pans.krosno.pl\\\/instytut-humanistyczny\\\/#\\\/schema\\\/person\\\/cb70195a5aeabe88d51256d821faa2d9\",\"name\":\"Bartosz Go\u0142\u0105bek\",\"image\":{\"@type\":\"ImageObject\",\"inLanguage\":\"pl-PL\",\"@id\":\"https:\\\/\\\/secure.gravatar.com\\\/avatar\\\/ad10819676385baed8ebd4d7be0d4ba77dd5fdc0f4779d414dea3126fd3aec33?s=96&d=mm&r=g\",\"url\":\"https:\\\/\\\/secure.gravatar.com\\\/avatar\\\/ad10819676385baed8ebd4d7be0d4ba77dd5fdc0f4779d414dea3126fd3aec33?s=96&d=mm&r=g\",\"contentUrl\":\"https:\\\/\\\/secure.gravatar.com\\\/avatar\\\/ad10819676385baed8ebd4d7be0d4ba77dd5fdc0f4779d414dea3126fd3aec33?s=96&d=mm&r=g\",\"caption\":\"Bartosz Go\u0142\u0105bek\"},\"description\":\"dr Bartosz Go\u0142\u0105bek Dyrektor Instytutu Humanistycznego Karpacka Pa\u0144stwowa Uczelnia w Kro\u015bnie (dawniej PWSZ)\",\"url\":\"https:\\\/\\\/pans.krosno.pl\\\/instytut-humanistyczny\\\/author\\\/bartoszgolabek\\\/\"}]}<\/script>\n<!-- \/ Yoast SEO Premium plugin. -->","yoast_head_json":{"title":"Mi\u0119dzynarodowe zaj\u0119cia \"Global Business\" w Instytucie Humanistycznym - Instytut Humanistyczny PANS w Kro\u015bnie","robots":{"index":"index","follow":"follow","max-snippet":"max-snippet:-1","max-image-preview":"max-image-preview:large","max-video-preview":"max-video-preview:-1"},"canonical":"https:\/\/pans.krosno.pl\/instytut-humanistyczny\/miedzynarodowe-zajecia-global-business-w-instytucie-humanistycznym\/","og_locale":"pl_PL","og_type":"article","og_title":"Mi\u0119dzynarodowe zaj\u0119cia \"Global Business\" w Instytucie Humanistycznym","og_description":"W semestrze zimowym roku akademickiego 2020\/2021 studenci z Instytutu Humanistycznego Karpackiej Pa\u0144stwowej Uczelni w Kro\u015bnie bior\u0105 udzia\u0142 w kursie Global Business prowadzonym w ramach mi\u0119dzynarodowej, globalnej inicjatywy Global Partners in Education. Building skills to navigate the global landscape W tym cyklu studenci z Podkarpacia po\u0142\u0105cz\u0105 si\u0119 z uczelniami w Brazylii [\u2026] Read More","og_url":"https:\/\/pans.krosno.pl\/instytut-humanistyczny\/miedzynarodowe-zajecia-global-business-w-instytucie-humanistycznym\/","og_site_name":"Instytut Humanistyczny PANS w Kro\u015bnie","article_published_time":"2020-10-19T21:03:04+00:00","article_modified_time":"2020-10-20T11:54:37+00:00","og_image":[{"width":1880,"height":1246,"url":"https:\/\/pans.krosno.pl\/wp-content\/uploads\/sites\/9\/2020\/10\/pexels-photo-936137.jpeg","type":"image\/jpeg"}],"author":"Bartosz Go\u0142\u0105bek","twitter_card":"summary_large_image","twitter_misc":{"Napisane przez":"Bartosz Go\u0142\u0105bek","Szacowany czas czytania":"1 minuta"},"schema":{"@context":"https:\/\/schema.org","@graph":[{"@type":"Article","@id":"https:\/\/pans.krosno.pl\/instytut-humanistyczny\/miedzynarodowe-zajecia-global-business-w-instytucie-humanistycznym\/#article","isPartOf":{"@id":"https:\/\/pans.krosno.pl\/instytut-humanistyczny\/miedzynarodowe-zajecia-global-business-w-instytucie-humanistycznym\/"},"author":{"name":"Bartosz Go\u0142\u0105bek","@id":"https:\/\/pans.krosno.pl\/instytut-humanistyczny\/#\/schema\/person\/cb70195a5aeabe88d51256d821faa2d9"},"headline":"Mi\u0119dzynarodowe zaj\u0119cia &#8222;Global Business&#8221; w Instytucie Humanistycznym","datePublished":"2020-10-19T21:03:04+00:00","dateModified":"2020-10-20T11:54:37+00:00","mainEntityOfPage":{"@id":"https:\/\/pans.krosno.pl\/instytut-humanistyczny\/miedzynarodowe-zajecia-global-business-w-instytucie-humanistycznym\/"},"wordCount":141,"commentCount":0,"publisher":{"@id":"https:\/\/pans.krosno.pl\/instytut-humanistyczny\/#organization"},"image":{"@id":"https:\/\/pans.krosno.pl\/instytut-humanistyczny\/miedzynarodowe-zajecia-global-business-w-instytucie-humanistycznym\/#primaryimage"},"thumbnailUrl":"https:\/\/pans.krosno.pl\/instytut-humanistyczny\/wp-content\/uploads\/sites\/9\/2020\/10\/pexels-photo-936137.jpeg","articleSection":["Aktualno\u015bci"],"inLanguage":"pl-PL","potentialAction":[{"@type":"CommentAction","name":"Comment","target":["https:\/\/pans.krosno.pl\/instytut-humanistyczny\/miedzynarodowe-zajecia-global-business-w-instytucie-humanistycznym\/#respond"]}]},{"@type":"WebPage","@id":"https:\/\/pans.krosno.pl\/instytut-humanistyczny\/miedzynarodowe-zajecia-global-business-w-instytucie-humanistycznym\/","url":"https:\/\/pans.krosno.pl\/instytut-humanistyczny\/miedzynarodowe-zajecia-global-business-w-instytucie-humanistycznym\/","name":"Mi\u0119dzynarodowe zaj\u0119cia \"Global Business\" w Instytucie Humanistycznym - Instytut Humanistyczny PANS w Kro\u015bnie","isPartOf":{"@id":"https:\/\/pans.krosno.pl\/instytut-humanistyczny\/#website"},"primaryImageOfPage":{"@id":"https:\/\/pans.krosno.pl\/instytut-humanistyczny\/miedzynarodowe-zajecia-global-business-w-instytucie-humanistycznym\/#primaryimage"},"image":{"@id":"https:\/\/pans.krosno.pl\/instytut-humanistyczny\/miedzynarodowe-zajecia-global-business-w-instytucie-humanistycznym\/#primaryimage"},"thumbnailUrl":"https:\/\/pans.krosno.pl\/instytut-humanistyczny\/wp-content\/uploads\/sites\/9\/2020\/10\/pexels-photo-936137.jpeg","datePublished":"2020-10-19T21:03:04+00:00","dateModified":"2020-10-20T11:54:37+00:00","breadcrumb":{"@id":"https:\/\/pans.krosno.pl\/instytut-humanistyczny\/miedzynarodowe-zajecia-global-business-w-instytucie-humanistycznym\/#breadcrumb"},"inLanguage":"pl-PL","potentialAction":[{"@type":"ReadAction","target":["https:\/\/pans.krosno.pl\/instytut-humanistyczny\/miedzynarodowe-zajecia-global-business-w-instytucie-humanistycznym\/"]}]},{"@type":"ImageObject","inLanguage":"pl-PL","@id":"https:\/\/pans.krosno.pl\/instytut-humanistyczny\/miedzynarodowe-zajecia-global-business-w-instytucie-humanistycznym\/#primaryimage","url":"https:\/\/pans.krosno.pl\/instytut-humanistyczny\/wp-content\/uploads\/sites\/9\/2020\/10\/pexels-photo-936137.jpeg","contentUrl":"https:\/\/pans.krosno.pl\/instytut-humanistyczny\/wp-content\/uploads\/sites\/9\/2020\/10\/pexels-photo-936137.jpeg","width":1880,"height":1246},{"@type":"BreadcrumbList","@id":"https:\/\/pans.krosno.pl\/instytut-humanistyczny\/miedzynarodowe-zajecia-global-business-w-instytucie-humanistycznym\/#breadcrumb","itemListElement":[{"@type":"ListItem","position":1,"name":"Strona g\u0142\u00f3wna","item":"https:\/\/pans.krosno.pl\/instytut-humanistyczny\/"},{"@type":"ListItem","position":2,"name":"Mi\u0119dzynarodowe zaj\u0119cia &#8222;Global Business&#8221; w Instytucie Humanistycznym"}]},{"@type":"WebSite","@id":"https:\/\/pans.krosno.pl\/instytut-humanistyczny\/#website","url":"https:\/\/pans.krosno.pl\/instytut-humanistyczny\/","name":"Instytut Humanistyczny PANS w Kro\u015bnie","description":"Instytut Humanistyczny - Pa\u0144stwowa Akademia Nauk Stosowanych","publisher":{"@id":"https:\/\/pans.krosno.pl\/instytut-humanistyczny\/#organization"},"potentialAction":[{"@type":"SearchAction","target":{"@type":"EntryPoint","urlTemplate":"https:\/\/pans.krosno.pl\/instytut-humanistyczny\/?s={search_term_string}"},"query-input":{"@type":"PropertyValueSpecification","valueRequired":true,"valueName":"search_term_string"}}],"inLanguage":"pl-PL"},{"@type":"Organization","@id":"https:\/\/pans.krosno.pl\/instytut-humanistyczny\/#organization","name":"Instytut Humanistyczny PANS w Kro\u015bnie","url":"https:\/\/pans.krosno.pl\/instytut-humanistyczny\/","logo":{"@type":"ImageObject","inLanguage":"pl-PL","@id":"https:\/\/pans.krosno.pl\/instytut-humanistyczny\/#\/schema\/logo\/image\/","url":"https:\/\/pans.krosno.pl\/instytut-humanistyczny\/wp-content\/uploads\/sites\/9\/2023\/01\/Logo-PANS-2022-pelne.png","contentUrl":"https:\/\/pans.krosno.pl\/instytut-humanistyczny\/wp-content\/uploads\/sites\/9\/2023\/01\/Logo-PANS-2022-pelne.png","width":3096,"height":696,"caption":"Instytut Humanistyczny PANS w Kro\u015bnie"},"image":{"@id":"https:\/\/pans.krosno.pl\/instytut-humanistyczny\/#\/schema\/logo\/image\/"}},{"@type":"Person","@id":"https:\/\/pans.krosno.pl\/instytut-humanistyczny\/#\/schema\/person\/cb70195a5aeabe88d51256d821faa2d9","name":"Bartosz Go\u0142\u0105bek","image":{"@type":"ImageObject","inLanguage":"pl-PL","@id":"https:\/\/secure.gravatar.com\/avatar\/ad10819676385baed8ebd4d7be0d4ba77dd5fdc0f4779d414dea3126fd3aec33?s=96&d=mm&r=g","url":"https:\/\/secure.gravatar.com\/avatar\/ad10819676385baed8ebd4d7be0d4ba77dd5fdc0f4779d414dea3126fd3aec33?s=96&d=mm&r=g","contentUrl":"https:\/\/secure.gravatar.com\/avatar\/ad10819676385baed8ebd4d7be0d4ba77dd5fdc0f4779d414dea3126fd3aec33?s=96&d=mm&r=g","caption":"Bartosz Go\u0142\u0105bek"},"description":"dr Bartosz Go\u0142\u0105bek Dyrektor Instytutu Humanistycznego Karpacka Pa\u0144stwowa Uczelnia w Kro\u015bnie (dawniej PWSZ)","url":"https:\/\/pans.krosno.pl\/instytut-humanistyczny\/author\/bartoszgolabek\/"}]}},"_links":{"self":[{"href":"https:\/\/pans.krosno.pl\/instytut-humanistyczny\/wp-json\/wp\/v2\/posts\/673","targetHints":{"allow":["GET"]}}],"collection":[{"href":"https:\/\/pans.krosno.pl\/instytut-humanistyczny\/wp-json\/wp\/v2\/posts"}],"about":[{"href":"https:\/\/pans.krosno.pl\/instytut-humanistyczny\/wp-json\/wp\/v2\/types\/post"}],"author":[{"embeddable":true,"href":"https:\/\/pans.krosno.pl\/instytut-humanistyczny\/wp-json\/wp\/v2\/users\/57"}],"replies":[{"embeddable":true,"href":"https:\/\/pans.krosno.pl\/instytut-humanistyczny\/wp-json\/wp\/v2\/comments?post=673"}],"version-history":[{"count":11,"href":"https:\/\/pans.krosno.pl\/instytut-humanistyczny\/wp-json\/wp\/v2\/posts\/673\/revisions"}],"predecessor-version":[{"id":691,"href":"https:\/\/pans.krosno.pl\/instytut-humanistyczny\/wp-json\/wp\/v2\/posts\/673\/revisions\/691"}],"wp:featuredmedia":[{"embeddable":true,"href":"https:\/\/pans.krosno.pl\/instytut-humanistyczny\/wp-json\/wp\/v2\/media\/678"}],"wp:attachment":[{"href":"https:\/\/pans.krosno.pl\/instytut-humanistyczny\/wp-json\/wp\/v2\/media?parent=673"}],"wp:term":[{"taxonomy":"category","embeddable":true,"href":"https:\/\/pans.krosno.pl\/instytut-humanistyczny\/wp-json\/wp\/v2\/categories?post=673"},{"taxonomy":"post_tag","embeddable":true,"href":"https:\/\/pans.krosno.pl\/instytut-humanistyczny\/wp-json\/wp\/v2\/tags?post=673"}],"curies":[{"name":"wp","href":"https:\/\/api.w.org\/{rel}","templated":true}]}}