{"id":605,"date":"2020-09-10T11:52:44","date_gmt":"2020-09-10T09:52:44","guid":{"rendered":"https:\/\/pans.krosno.pl\/instytut-humanistyczny\/?p=605"},"modified":"2020-09-10T15:18:00","modified_gmt":"2020-09-10T13:18:00","slug":"przeklady-studentow-z-instytutu-humanistycznego-na-wystawie-andy-warhols-life-and-death-w-krosnienskim-bwa","status":"publish","type":"post","link":"https:\/\/pans.krosno.pl\/instytut-humanistyczny\/przeklady-studentow-z-instytutu-humanistycznego-na-wystawie-andy-warhols-life-and-death-w-krosnienskim-bwa\/","title":{"rendered":"T\u0142umaczenia student\u00f3w z Instytutu Humanistycznego na wystawie &#8222;Andy Warhol&#8217;s life and death&#8221; w kro\u015bnie\u0144skim BWA"},"content":{"rendered":"\n<p>Wystawa \u201eAndy Warhol\u2019s life and death\u201d prowadzi przez r\u00f3\u017cnorodne sfery i okresy \u017cycia artysty: narodziny \u2013 \u017cycie \u2013 zostanie gwiazd\u0105 \u2013 \u015bmier\u0107.&nbsp;<br>W zamy\u015ble, wystawa ma da\u0107 mo\u017cliwo\u015b\u0107 odbiorcom bardziej pozna\u0107 nie tylko tw\u00f3rczo\u015b\u0107 Andy\u2018ego Warhola, ale te\u017c przybli\u017cy\u0107 jego osobowo\u015b\u0107, pochodzenie i&nbsp;etnos, z&nbsp;kt\u00f3rego si\u0119 wywodzi\u0142, w kontek\u015bcie t\u0142a kulturowego i&nbsp;wyznania rodzic\u00f3w artysty.&nbsp;<\/p>\n\n\n\n<p><br>Poszczeg\u00f3lne cz\u0119\u015bci wystawy zosta\u0142y wizualnie i&nbsp;tematycznie pomy\u015blane tak, aby stworzy\u0107 wra\u017cenie po\u0142\u0105czenia i&nbsp;nast\u0119pstwa poszczeg\u00f3lnych \u015bwiat\u00f3w, kt\u00f3re towarzyszy\u0142y&nbsp;arty\u015bcie od narodzin, podczas jego \u017cycia, a\u017c do jego \u015bmierci.&nbsp;<\/p>\n\n\n\n<p>Cz\u0119\u015b\u0107 tekst\u00f3w towarzysz\u0105cych wystawie zosta\u0142a prze\u0142o\u017cona przez studentki filologii angielskiej Karpackiej Pa\u0144stwowej Uczelni w Kro\u015bnie: Aleksandra  Km\u0105k, Paulina Szot i Justyna Warcho\u0142 pod opiek\u0105 mgr Teresy Przyprawy.  <\/p>\n\n\n\n<figure class=\"wp-block-image size-large\"><img loading=\"lazy\" decoding=\"async\" width=\"1024\" height=\"574\" src=\"https:\/\/pans.krosno.pl\/instytut-humanistyczny\/wp-content\/uploads\/sites\/9\/2020\/09\/orginal_9d9bd890149b7e929b51f0ccc0aeed5ac9d38d08-1024x574.jpg\" alt=\"\" class=\"wp-image-606\" srcset=\"https:\/\/pans.krosno.pl\/instytut-humanistyczny\/wp-content\/uploads\/sites\/9\/2020\/09\/orginal_9d9bd890149b7e929b51f0ccc0aeed5ac9d38d08-1024x574.jpg 1024w, https:\/\/pans.krosno.pl\/instytut-humanistyczny\/wp-content\/uploads\/sites\/9\/2020\/09\/orginal_9d9bd890149b7e929b51f0ccc0aeed5ac9d38d08-300x168.jpg 300w, https:\/\/pans.krosno.pl\/instytut-humanistyczny\/wp-content\/uploads\/sites\/9\/2020\/09\/orginal_9d9bd890149b7e929b51f0ccc0aeed5ac9d38d08-768x430.jpg 768w, https:\/\/pans.krosno.pl\/instytut-humanistyczny\/wp-content\/uploads\/sites\/9\/2020\/09\/orginal_9d9bd890149b7e929b51f0ccc0aeed5ac9d38d08-1536x860.jpg 1536w, https:\/\/pans.krosno.pl\/instytut-humanistyczny\/wp-content\/uploads\/sites\/9\/2020\/09\/orginal_9d9bd890149b7e929b51f0ccc0aeed5ac9d38d08-800x448.jpg 800w, https:\/\/pans.krosno.pl\/instytut-humanistyczny\/wp-content\/uploads\/sites\/9\/2020\/09\/orginal_9d9bd890149b7e929b51f0ccc0aeed5ac9d38d08-270x152.jpg 270w, https:\/\/pans.krosno.pl\/instytut-humanistyczny\/wp-content\/uploads\/sites\/9\/2020\/09\/orginal_9d9bd890149b7e929b51f0ccc0aeed5ac9d38d08-580x325.jpg 580w, https:\/\/pans.krosno.pl\/instytut-humanistyczny\/wp-content\/uploads\/sites\/9\/2020\/09\/orginal_9d9bd890149b7e929b51f0ccc0aeed5ac9d38d08.jpg 1928w\" sizes=\"auto, (max-width: 1024px) 100vw, 1024px\" \/><\/figure>\n\n\n\n<p><a href=\"http:\/\/www.bwakrosno.pl\/aktualnosc-304-wystawa_andy_warhol_s_life_and_death.html\">http:\/\/www.bwakrosno.pl\/aktualnosc-304-wystawa_andy_warhol_s_life_and_death.html <\/a><\/p>\n\n\n\n<p><\/p>\n","protected":false},"excerpt":{"rendered":"<p>Wystawa \u201eAndy Warhol\u2019s life and death\u201d prowadzi przez r\u00f3\u017cnorodne sfery i okresy \u017cycia artysty: narodziny \u2013 \u017cycie \u2013 zostanie gwiazd\u0105 \u2013 \u015bmier\u0107.&nbsp;W zamy\u015ble, wystawa ma da\u0107 mo\u017cliwo\u015b\u0107 odbiorcom bardziej pozna\u0107 nie tylko tw\u00f3rczo\u015b\u0107 Andy\u2018ego Warhola, ale te\u017c przybli\u017cy\u0107 jego osobowo\u015b\u0107, pochodzenie i&nbsp;etnos, z&nbsp;kt\u00f3rego si\u0119 wywodzi\u0142, w kontek\u015bcie t\u0142a kulturowego i&nbsp;wyznania [\u2026] <\/p>\n<div class=\"clear\"><\/div>\n<p><a class=\"more_link clearfix\" href=\"https:\/\/pans.krosno.pl\/instytut-humanistyczny\/przeklady-studentow-z-instytutu-humanistycznego-na-wystawie-andy-warhols-life-and-death-w-krosnienskim-bwa\/\" rel=\"nofollow\">Read More<\/a><\/p>\n","protected":false},"author":57,"featured_media":607,"comment_status":"open","ping_status":"open","sticky":false,"template":"","format":"standard","meta":{"ngg_post_thumbnail":0,"footnotes":""},"categories":[1],"tags":[],"class_list":["post-605","post","type-post","status-publish","format-standard","has-post-thumbnail","hentry","category-bez-kategorii"],"yoast_head":"<!-- This site is optimized with the Yoast SEO Premium plugin v27.4 (Yoast SEO v27.4) - https:\/\/yoast.com\/product\/yoast-seo-premium-wordpress\/ -->\n<title>T\u0142umaczenia student\u00f3w z Instytutu Humanistycznego na wystawie &quot;Andy Warhol&#039;s life and death&quot; w kro\u015bnie\u0144skim BWA - Instytut Humanistyczny PANS w Kro\u015bnie<\/title>\n<meta name=\"robots\" content=\"index, follow, max-snippet:-1, max-image-preview:large, max-video-preview:-1\" \/>\n<link rel=\"canonical\" href=\"https:\/\/pans.krosno.pl\/instytut-humanistyczny\/przeklady-studentow-z-instytutu-humanistycznego-na-wystawie-andy-warhols-life-and-death-w-krosnienskim-bwa\/\" \/>\n<meta property=\"og:locale\" content=\"pl_PL\" \/>\n<meta property=\"og:type\" content=\"article\" \/>\n<meta property=\"og:title\" content=\"T\u0142umaczenia student\u00f3w z Instytutu Humanistycznego na wystawie &quot;Andy Warhol&#039;s life and death&quot; w kro\u015bnie\u0144skim BWA\" \/>\n<meta property=\"og:description\" content=\"Wystawa \u201eAndy Warhol\u2019s life and death\u201d prowadzi przez r\u00f3\u017cnorodne sfery i okresy \u017cycia artysty: narodziny \u2013 \u017cycie \u2013 zostanie gwiazd\u0105 \u2013 \u015bmier\u0107.&nbsp;W zamy\u015ble, wystawa ma da\u0107 mo\u017cliwo\u015b\u0107 odbiorcom bardziej pozna\u0107 nie tylko tw\u00f3rczo\u015b\u0107 Andy\u2018ego Warhola, ale te\u017c przybli\u017cy\u0107 jego osobowo\u015b\u0107, pochodzenie i&nbsp;etnos, z&nbsp;kt\u00f3rego si\u0119 wywodzi\u0142, w kontek\u015bcie t\u0142a kulturowego i&nbsp;wyznania [\u2026] Read More\" \/>\n<meta property=\"og:url\" content=\"https:\/\/pans.krosno.pl\/instytut-humanistyczny\/przeklady-studentow-z-instytutu-humanistycznego-na-wystawie-andy-warhols-life-and-death-w-krosnienskim-bwa\/\" \/>\n<meta property=\"og:site_name\" content=\"Instytut Humanistyczny PANS w Kro\u015bnie\" \/>\n<meta property=\"article:published_time\" content=\"2020-09-10T09:52:44+00:00\" \/>\n<meta property=\"article:modified_time\" content=\"2020-09-10T13:18:00+00:00\" \/>\n<meta property=\"og:image\" content=\"https:\/\/pans.krosno.pl\/wp-content\/uploads\/sites\/9\/2020\/09\/IMG_20200908_150403.png\" \/>\n\t<meta property=\"og:image:width\" content=\"960\" \/>\n\t<meta property=\"og:image:height\" content=\"1280\" \/>\n\t<meta property=\"og:image:type\" content=\"image\/png\" \/>\n<meta name=\"author\" content=\"Bartosz Go\u0142\u0105bek\" \/>\n<meta name=\"twitter:card\" content=\"summary_large_image\" \/>\n<meta name=\"twitter:label1\" content=\"Napisane przez\" \/>\n\t<meta name=\"twitter:data1\" content=\"Bartosz Go\u0142\u0105bek\" \/>\n\t<meta name=\"twitter:label2\" content=\"Szacowany czas czytania\" \/>\n\t<meta name=\"twitter:data2\" content=\"1 minuta\" \/>\n<script type=\"application\/ld+json\" class=\"yoast-schema-graph\">{\"@context\":\"https:\\\/\\\/schema.org\",\"@graph\":[{\"@type\":\"Article\",\"@id\":\"https:\\\/\\\/pans.krosno.pl\\\/instytut-humanistyczny\\\/przeklady-studentow-z-instytutu-humanistycznego-na-wystawie-andy-warhols-life-and-death-w-krosnienskim-bwa\\\/#article\",\"isPartOf\":{\"@id\":\"https:\\\/\\\/pans.krosno.pl\\\/instytut-humanistyczny\\\/przeklady-studentow-z-instytutu-humanistycznego-na-wystawie-andy-warhols-life-and-death-w-krosnienskim-bwa\\\/\"},\"author\":{\"name\":\"Bartosz Go\u0142\u0105bek\",\"@id\":\"https:\\\/\\\/pans.krosno.pl\\\/instytut-humanistyczny\\\/#\\\/schema\\\/person\\\/cb70195a5aeabe88d51256d821faa2d9\"},\"headline\":\"T\u0142umaczenia student\u00f3w z Instytutu Humanistycznego na wystawie &#8222;Andy Warhol&#8217;s life and death&#8221; w kro\u015bnie\u0144skim BWA\",\"datePublished\":\"2020-09-10T09:52:44+00:00\",\"dateModified\":\"2020-09-10T13:18:00+00:00\",\"mainEntityOfPage\":{\"@id\":\"https:\\\/\\\/pans.krosno.pl\\\/instytut-humanistyczny\\\/przeklady-studentow-z-instytutu-humanistycznego-na-wystawie-andy-warhols-life-and-death-w-krosnienskim-bwa\\\/\"},\"wordCount\":182,\"commentCount\":0,\"publisher\":{\"@id\":\"https:\\\/\\\/pans.krosno.pl\\\/instytut-humanistyczny\\\/#organization\"},\"image\":{\"@id\":\"https:\\\/\\\/pans.krosno.pl\\\/instytut-humanistyczny\\\/przeklady-studentow-z-instytutu-humanistycznego-na-wystawie-andy-warhols-life-and-death-w-krosnienskim-bwa\\\/#primaryimage\"},\"thumbnailUrl\":\"https:\\\/\\\/pans.krosno.pl\\\/instytut-humanistyczny\\\/wp-content\\\/uploads\\\/sites\\\/9\\\/2020\\\/09\\\/IMG_20200908_150403.png\",\"inLanguage\":\"pl-PL\",\"potentialAction\":[{\"@type\":\"CommentAction\",\"name\":\"Comment\",\"target\":[\"https:\\\/\\\/pans.krosno.pl\\\/instytut-humanistyczny\\\/przeklady-studentow-z-instytutu-humanistycznego-na-wystawie-andy-warhols-life-and-death-w-krosnienskim-bwa\\\/#respond\"]}]},{\"@type\":\"WebPage\",\"@id\":\"https:\\\/\\\/pans.krosno.pl\\\/instytut-humanistyczny\\\/przeklady-studentow-z-instytutu-humanistycznego-na-wystawie-andy-warhols-life-and-death-w-krosnienskim-bwa\\\/\",\"url\":\"https:\\\/\\\/pans.krosno.pl\\\/instytut-humanistyczny\\\/przeklady-studentow-z-instytutu-humanistycznego-na-wystawie-andy-warhols-life-and-death-w-krosnienskim-bwa\\\/\",\"name\":\"T\u0142umaczenia student\u00f3w z Instytutu Humanistycznego na wystawie \\\"Andy Warhol's life and death\\\" w kro\u015bnie\u0144skim BWA - Instytut Humanistyczny PANS w Kro\u015bnie\",\"isPartOf\":{\"@id\":\"https:\\\/\\\/pans.krosno.pl\\\/instytut-humanistyczny\\\/#website\"},\"primaryImageOfPage\":{\"@id\":\"https:\\\/\\\/pans.krosno.pl\\\/instytut-humanistyczny\\\/przeklady-studentow-z-instytutu-humanistycznego-na-wystawie-andy-warhols-life-and-death-w-krosnienskim-bwa\\\/#primaryimage\"},\"image\":{\"@id\":\"https:\\\/\\\/pans.krosno.pl\\\/instytut-humanistyczny\\\/przeklady-studentow-z-instytutu-humanistycznego-na-wystawie-andy-warhols-life-and-death-w-krosnienskim-bwa\\\/#primaryimage\"},\"thumbnailUrl\":\"https:\\\/\\\/pans.krosno.pl\\\/instytut-humanistyczny\\\/wp-content\\\/uploads\\\/sites\\\/9\\\/2020\\\/09\\\/IMG_20200908_150403.png\",\"datePublished\":\"2020-09-10T09:52:44+00:00\",\"dateModified\":\"2020-09-10T13:18:00+00:00\",\"breadcrumb\":{\"@id\":\"https:\\\/\\\/pans.krosno.pl\\\/instytut-humanistyczny\\\/przeklady-studentow-z-instytutu-humanistycznego-na-wystawie-andy-warhols-life-and-death-w-krosnienskim-bwa\\\/#breadcrumb\"},\"inLanguage\":\"pl-PL\",\"potentialAction\":[{\"@type\":\"ReadAction\",\"target\":[\"https:\\\/\\\/pans.krosno.pl\\\/instytut-humanistyczny\\\/przeklady-studentow-z-instytutu-humanistycznego-na-wystawie-andy-warhols-life-and-death-w-krosnienskim-bwa\\\/\"]}]},{\"@type\":\"ImageObject\",\"inLanguage\":\"pl-PL\",\"@id\":\"https:\\\/\\\/pans.krosno.pl\\\/instytut-humanistyczny\\\/przeklady-studentow-z-instytutu-humanistycznego-na-wystawie-andy-warhols-life-and-death-w-krosnienskim-bwa\\\/#primaryimage\",\"url\":\"https:\\\/\\\/pans.krosno.pl\\\/instytut-humanistyczny\\\/wp-content\\\/uploads\\\/sites\\\/9\\\/2020\\\/09\\\/IMG_20200908_150403.png\",\"contentUrl\":\"https:\\\/\\\/pans.krosno.pl\\\/instytut-humanistyczny\\\/wp-content\\\/uploads\\\/sites\\\/9\\\/2020\\\/09\\\/IMG_20200908_150403.png\",\"width\":960,\"height\":1280},{\"@type\":\"BreadcrumbList\",\"@id\":\"https:\\\/\\\/pans.krosno.pl\\\/instytut-humanistyczny\\\/przeklady-studentow-z-instytutu-humanistycznego-na-wystawie-andy-warhols-life-and-death-w-krosnienskim-bwa\\\/#breadcrumb\",\"itemListElement\":[{\"@type\":\"ListItem\",\"position\":1,\"name\":\"Strona g\u0142\u00f3wna\",\"item\":\"https:\\\/\\\/pans.krosno.pl\\\/instytut-humanistyczny\\\/\"},{\"@type\":\"ListItem\",\"position\":2,\"name\":\"T\u0142umaczenia student\u00f3w z Instytutu Humanistycznego na wystawie &#8222;Andy Warhol&#8217;s life and death&#8221; w kro\u015bnie\u0144skim BWA\"}]},{\"@type\":\"WebSite\",\"@id\":\"https:\\\/\\\/pans.krosno.pl\\\/instytut-humanistyczny\\\/#website\",\"url\":\"https:\\\/\\\/pans.krosno.pl\\\/instytut-humanistyczny\\\/\",\"name\":\"Instytut Humanistyczny PANS w Kro\u015bnie\",\"description\":\"Instytut Humanistyczny - Pa\u0144stwowa Akademia Nauk Stosowanych\",\"publisher\":{\"@id\":\"https:\\\/\\\/pans.krosno.pl\\\/instytut-humanistyczny\\\/#organization\"},\"potentialAction\":[{\"@type\":\"SearchAction\",\"target\":{\"@type\":\"EntryPoint\",\"urlTemplate\":\"https:\\\/\\\/pans.krosno.pl\\\/instytut-humanistyczny\\\/?s={search_term_string}\"},\"query-input\":{\"@type\":\"PropertyValueSpecification\",\"valueRequired\":true,\"valueName\":\"search_term_string\"}}],\"inLanguage\":\"pl-PL\"},{\"@type\":\"Organization\",\"@id\":\"https:\\\/\\\/pans.krosno.pl\\\/instytut-humanistyczny\\\/#organization\",\"name\":\"Instytut Humanistyczny PANS w Kro\u015bnie\",\"url\":\"https:\\\/\\\/pans.krosno.pl\\\/instytut-humanistyczny\\\/\",\"logo\":{\"@type\":\"ImageObject\",\"inLanguage\":\"pl-PL\",\"@id\":\"https:\\\/\\\/pans.krosno.pl\\\/instytut-humanistyczny\\\/#\\\/schema\\\/logo\\\/image\\\/\",\"url\":\"https:\\\/\\\/pans.krosno.pl\\\/instytut-humanistyczny\\\/wp-content\\\/uploads\\\/sites\\\/9\\\/2023\\\/01\\\/Logo-PANS-2022-pelne.png\",\"contentUrl\":\"https:\\\/\\\/pans.krosno.pl\\\/instytut-humanistyczny\\\/wp-content\\\/uploads\\\/sites\\\/9\\\/2023\\\/01\\\/Logo-PANS-2022-pelne.png\",\"width\":3096,\"height\":696,\"caption\":\"Instytut Humanistyczny PANS w Kro\u015bnie\"},\"image\":{\"@id\":\"https:\\\/\\\/pans.krosno.pl\\\/instytut-humanistyczny\\\/#\\\/schema\\\/logo\\\/image\\\/\"}},{\"@type\":\"Person\",\"@id\":\"https:\\\/\\\/pans.krosno.pl\\\/instytut-humanistyczny\\\/#\\\/schema\\\/person\\\/cb70195a5aeabe88d51256d821faa2d9\",\"name\":\"Bartosz Go\u0142\u0105bek\",\"image\":{\"@type\":\"ImageObject\",\"inLanguage\":\"pl-PL\",\"@id\":\"https:\\\/\\\/secure.gravatar.com\\\/avatar\\\/ad10819676385baed8ebd4d7be0d4ba77dd5fdc0f4779d414dea3126fd3aec33?s=96&d=mm&r=g\",\"url\":\"https:\\\/\\\/secure.gravatar.com\\\/avatar\\\/ad10819676385baed8ebd4d7be0d4ba77dd5fdc0f4779d414dea3126fd3aec33?s=96&d=mm&r=g\",\"contentUrl\":\"https:\\\/\\\/secure.gravatar.com\\\/avatar\\\/ad10819676385baed8ebd4d7be0d4ba77dd5fdc0f4779d414dea3126fd3aec33?s=96&d=mm&r=g\",\"caption\":\"Bartosz Go\u0142\u0105bek\"},\"description\":\"dr Bartosz Go\u0142\u0105bek Dyrektor Instytutu Humanistycznego Karpacka Pa\u0144stwowa Uczelnia w Kro\u015bnie (dawniej PWSZ)\",\"url\":\"https:\\\/\\\/pans.krosno.pl\\\/instytut-humanistyczny\\\/author\\\/bartoszgolabek\\\/\"}]}<\/script>\n<!-- \/ Yoast SEO Premium plugin. -->","yoast_head_json":{"title":"T\u0142umaczenia student\u00f3w z Instytutu Humanistycznego na wystawie \"Andy Warhol's life and death\" w kro\u015bnie\u0144skim BWA - Instytut Humanistyczny PANS w Kro\u015bnie","robots":{"index":"index","follow":"follow","max-snippet":"max-snippet:-1","max-image-preview":"max-image-preview:large","max-video-preview":"max-video-preview:-1"},"canonical":"https:\/\/pans.krosno.pl\/instytut-humanistyczny\/przeklady-studentow-z-instytutu-humanistycznego-na-wystawie-andy-warhols-life-and-death-w-krosnienskim-bwa\/","og_locale":"pl_PL","og_type":"article","og_title":"T\u0142umaczenia student\u00f3w z Instytutu Humanistycznego na wystawie \"Andy Warhol's life and death\" w kro\u015bnie\u0144skim BWA","og_description":"Wystawa \u201eAndy Warhol\u2019s life and death\u201d prowadzi przez r\u00f3\u017cnorodne sfery i okresy \u017cycia artysty: narodziny \u2013 \u017cycie \u2013 zostanie gwiazd\u0105 \u2013 \u015bmier\u0107.&nbsp;W zamy\u015ble, wystawa ma da\u0107 mo\u017cliwo\u015b\u0107 odbiorcom bardziej pozna\u0107 nie tylko tw\u00f3rczo\u015b\u0107 Andy\u2018ego Warhola, ale te\u017c przybli\u017cy\u0107 jego osobowo\u015b\u0107, pochodzenie i&nbsp;etnos, z&nbsp;kt\u00f3rego si\u0119 wywodzi\u0142, w kontek\u015bcie t\u0142a kulturowego i&nbsp;wyznania [\u2026] Read More","og_url":"https:\/\/pans.krosno.pl\/instytut-humanistyczny\/przeklady-studentow-z-instytutu-humanistycznego-na-wystawie-andy-warhols-life-and-death-w-krosnienskim-bwa\/","og_site_name":"Instytut Humanistyczny PANS w Kro\u015bnie","article_published_time":"2020-09-10T09:52:44+00:00","article_modified_time":"2020-09-10T13:18:00+00:00","og_image":[{"width":960,"height":1280,"url":"https:\/\/pans.krosno.pl\/wp-content\/uploads\/sites\/9\/2020\/09\/IMG_20200908_150403.png","type":"image\/png"}],"author":"Bartosz Go\u0142\u0105bek","twitter_card":"summary_large_image","twitter_misc":{"Napisane przez":"Bartosz Go\u0142\u0105bek","Szacowany czas czytania":"1 minuta"},"schema":{"@context":"https:\/\/schema.org","@graph":[{"@type":"Article","@id":"https:\/\/pans.krosno.pl\/instytut-humanistyczny\/przeklady-studentow-z-instytutu-humanistycznego-na-wystawie-andy-warhols-life-and-death-w-krosnienskim-bwa\/#article","isPartOf":{"@id":"https:\/\/pans.krosno.pl\/instytut-humanistyczny\/przeklady-studentow-z-instytutu-humanistycznego-na-wystawie-andy-warhols-life-and-death-w-krosnienskim-bwa\/"},"author":{"name":"Bartosz Go\u0142\u0105bek","@id":"https:\/\/pans.krosno.pl\/instytut-humanistyczny\/#\/schema\/person\/cb70195a5aeabe88d51256d821faa2d9"},"headline":"T\u0142umaczenia student\u00f3w z Instytutu Humanistycznego na wystawie &#8222;Andy Warhol&#8217;s life and death&#8221; w kro\u015bnie\u0144skim BWA","datePublished":"2020-09-10T09:52:44+00:00","dateModified":"2020-09-10T13:18:00+00:00","mainEntityOfPage":{"@id":"https:\/\/pans.krosno.pl\/instytut-humanistyczny\/przeklady-studentow-z-instytutu-humanistycznego-na-wystawie-andy-warhols-life-and-death-w-krosnienskim-bwa\/"},"wordCount":182,"commentCount":0,"publisher":{"@id":"https:\/\/pans.krosno.pl\/instytut-humanistyczny\/#organization"},"image":{"@id":"https:\/\/pans.krosno.pl\/instytut-humanistyczny\/przeklady-studentow-z-instytutu-humanistycznego-na-wystawie-andy-warhols-life-and-death-w-krosnienskim-bwa\/#primaryimage"},"thumbnailUrl":"https:\/\/pans.krosno.pl\/instytut-humanistyczny\/wp-content\/uploads\/sites\/9\/2020\/09\/IMG_20200908_150403.png","inLanguage":"pl-PL","potentialAction":[{"@type":"CommentAction","name":"Comment","target":["https:\/\/pans.krosno.pl\/instytut-humanistyczny\/przeklady-studentow-z-instytutu-humanistycznego-na-wystawie-andy-warhols-life-and-death-w-krosnienskim-bwa\/#respond"]}]},{"@type":"WebPage","@id":"https:\/\/pans.krosno.pl\/instytut-humanistyczny\/przeklady-studentow-z-instytutu-humanistycznego-na-wystawie-andy-warhols-life-and-death-w-krosnienskim-bwa\/","url":"https:\/\/pans.krosno.pl\/instytut-humanistyczny\/przeklady-studentow-z-instytutu-humanistycznego-na-wystawie-andy-warhols-life-and-death-w-krosnienskim-bwa\/","name":"T\u0142umaczenia student\u00f3w z Instytutu Humanistycznego na wystawie \"Andy Warhol's life and death\" w kro\u015bnie\u0144skim BWA - Instytut Humanistyczny PANS w Kro\u015bnie","isPartOf":{"@id":"https:\/\/pans.krosno.pl\/instytut-humanistyczny\/#website"},"primaryImageOfPage":{"@id":"https:\/\/pans.krosno.pl\/instytut-humanistyczny\/przeklady-studentow-z-instytutu-humanistycznego-na-wystawie-andy-warhols-life-and-death-w-krosnienskim-bwa\/#primaryimage"},"image":{"@id":"https:\/\/pans.krosno.pl\/instytut-humanistyczny\/przeklady-studentow-z-instytutu-humanistycznego-na-wystawie-andy-warhols-life-and-death-w-krosnienskim-bwa\/#primaryimage"},"thumbnailUrl":"https:\/\/pans.krosno.pl\/instytut-humanistyczny\/wp-content\/uploads\/sites\/9\/2020\/09\/IMG_20200908_150403.png","datePublished":"2020-09-10T09:52:44+00:00","dateModified":"2020-09-10T13:18:00+00:00","breadcrumb":{"@id":"https:\/\/pans.krosno.pl\/instytut-humanistyczny\/przeklady-studentow-z-instytutu-humanistycznego-na-wystawie-andy-warhols-life-and-death-w-krosnienskim-bwa\/#breadcrumb"},"inLanguage":"pl-PL","potentialAction":[{"@type":"ReadAction","target":["https:\/\/pans.krosno.pl\/instytut-humanistyczny\/przeklady-studentow-z-instytutu-humanistycznego-na-wystawie-andy-warhols-life-and-death-w-krosnienskim-bwa\/"]}]},{"@type":"ImageObject","inLanguage":"pl-PL","@id":"https:\/\/pans.krosno.pl\/instytut-humanistyczny\/przeklady-studentow-z-instytutu-humanistycznego-na-wystawie-andy-warhols-life-and-death-w-krosnienskim-bwa\/#primaryimage","url":"https:\/\/pans.krosno.pl\/instytut-humanistyczny\/wp-content\/uploads\/sites\/9\/2020\/09\/IMG_20200908_150403.png","contentUrl":"https:\/\/pans.krosno.pl\/instytut-humanistyczny\/wp-content\/uploads\/sites\/9\/2020\/09\/IMG_20200908_150403.png","width":960,"height":1280},{"@type":"BreadcrumbList","@id":"https:\/\/pans.krosno.pl\/instytut-humanistyczny\/przeklady-studentow-z-instytutu-humanistycznego-na-wystawie-andy-warhols-life-and-death-w-krosnienskim-bwa\/#breadcrumb","itemListElement":[{"@type":"ListItem","position":1,"name":"Strona g\u0142\u00f3wna","item":"https:\/\/pans.krosno.pl\/instytut-humanistyczny\/"},{"@type":"ListItem","position":2,"name":"T\u0142umaczenia student\u00f3w z Instytutu Humanistycznego na wystawie &#8222;Andy Warhol&#8217;s life and death&#8221; w kro\u015bnie\u0144skim BWA"}]},{"@type":"WebSite","@id":"https:\/\/pans.krosno.pl\/instytut-humanistyczny\/#website","url":"https:\/\/pans.krosno.pl\/instytut-humanistyczny\/","name":"Instytut Humanistyczny PANS w Kro\u015bnie","description":"Instytut Humanistyczny - Pa\u0144stwowa Akademia Nauk Stosowanych","publisher":{"@id":"https:\/\/pans.krosno.pl\/instytut-humanistyczny\/#organization"},"potentialAction":[{"@type":"SearchAction","target":{"@type":"EntryPoint","urlTemplate":"https:\/\/pans.krosno.pl\/instytut-humanistyczny\/?s={search_term_string}"},"query-input":{"@type":"PropertyValueSpecification","valueRequired":true,"valueName":"search_term_string"}}],"inLanguage":"pl-PL"},{"@type":"Organization","@id":"https:\/\/pans.krosno.pl\/instytut-humanistyczny\/#organization","name":"Instytut Humanistyczny PANS w Kro\u015bnie","url":"https:\/\/pans.krosno.pl\/instytut-humanistyczny\/","logo":{"@type":"ImageObject","inLanguage":"pl-PL","@id":"https:\/\/pans.krosno.pl\/instytut-humanistyczny\/#\/schema\/logo\/image\/","url":"https:\/\/pans.krosno.pl\/instytut-humanistyczny\/wp-content\/uploads\/sites\/9\/2023\/01\/Logo-PANS-2022-pelne.png","contentUrl":"https:\/\/pans.krosno.pl\/instytut-humanistyczny\/wp-content\/uploads\/sites\/9\/2023\/01\/Logo-PANS-2022-pelne.png","width":3096,"height":696,"caption":"Instytut Humanistyczny PANS w Kro\u015bnie"},"image":{"@id":"https:\/\/pans.krosno.pl\/instytut-humanistyczny\/#\/schema\/logo\/image\/"}},{"@type":"Person","@id":"https:\/\/pans.krosno.pl\/instytut-humanistyczny\/#\/schema\/person\/cb70195a5aeabe88d51256d821faa2d9","name":"Bartosz Go\u0142\u0105bek","image":{"@type":"ImageObject","inLanguage":"pl-PL","@id":"https:\/\/secure.gravatar.com\/avatar\/ad10819676385baed8ebd4d7be0d4ba77dd5fdc0f4779d414dea3126fd3aec33?s=96&d=mm&r=g","url":"https:\/\/secure.gravatar.com\/avatar\/ad10819676385baed8ebd4d7be0d4ba77dd5fdc0f4779d414dea3126fd3aec33?s=96&d=mm&r=g","contentUrl":"https:\/\/secure.gravatar.com\/avatar\/ad10819676385baed8ebd4d7be0d4ba77dd5fdc0f4779d414dea3126fd3aec33?s=96&d=mm&r=g","caption":"Bartosz Go\u0142\u0105bek"},"description":"dr Bartosz Go\u0142\u0105bek Dyrektor Instytutu Humanistycznego Karpacka Pa\u0144stwowa Uczelnia w Kro\u015bnie (dawniej PWSZ)","url":"https:\/\/pans.krosno.pl\/instytut-humanistyczny\/author\/bartoszgolabek\/"}]}},"_links":{"self":[{"href":"https:\/\/pans.krosno.pl\/instytut-humanistyczny\/wp-json\/wp\/v2\/posts\/605","targetHints":{"allow":["GET"]}}],"collection":[{"href":"https:\/\/pans.krosno.pl\/instytut-humanistyczny\/wp-json\/wp\/v2\/posts"}],"about":[{"href":"https:\/\/pans.krosno.pl\/instytut-humanistyczny\/wp-json\/wp\/v2\/types\/post"}],"author":[{"embeddable":true,"href":"https:\/\/pans.krosno.pl\/instytut-humanistyczny\/wp-json\/wp\/v2\/users\/57"}],"replies":[{"embeddable":true,"href":"https:\/\/pans.krosno.pl\/instytut-humanistyczny\/wp-json\/wp\/v2\/comments?post=605"}],"version-history":[{"count":2,"href":"https:\/\/pans.krosno.pl\/instytut-humanistyczny\/wp-json\/wp\/v2\/posts\/605\/revisions"}],"predecessor-version":[{"id":609,"href":"https:\/\/pans.krosno.pl\/instytut-humanistyczny\/wp-json\/wp\/v2\/posts\/605\/revisions\/609"}],"wp:featuredmedia":[{"embeddable":true,"href":"https:\/\/pans.krosno.pl\/instytut-humanistyczny\/wp-json\/wp\/v2\/media\/607"}],"wp:attachment":[{"href":"https:\/\/pans.krosno.pl\/instytut-humanistyczny\/wp-json\/wp\/v2\/media?parent=605"}],"wp:term":[{"taxonomy":"category","embeddable":true,"href":"https:\/\/pans.krosno.pl\/instytut-humanistyczny\/wp-json\/wp\/v2\/categories?post=605"},{"taxonomy":"post_tag","embeddable":true,"href":"https:\/\/pans.krosno.pl\/instytut-humanistyczny\/wp-json\/wp\/v2\/tags?post=605"}],"curies":[{"name":"wp","href":"https:\/\/api.w.org\/{rel}","templated":true}]}}