{"id":582,"date":"2020-08-17T19:14:42","date_gmt":"2020-08-17T17:14:42","guid":{"rendered":"https:\/\/pans.krosno.pl\/instytut-humanistyczny\/?p=582"},"modified":"2020-08-21T22:28:34","modified_gmt":"2020-08-21T20:28:34","slug":"super-piatka-piec-nowych-kierunkow-studiow-w-instytucie-humanistycznym","status":"publish","type":"post","link":"https:\/\/pans.krosno.pl\/instytut-humanistyczny\/super-piatka-piec-nowych-kierunkow-studiow-w-instytucie-humanistycznym\/","title":{"rendered":"Super pi\u0105tka! Pi\u0119\u0107 nowych kierunk\u00f3w studi\u00f3w w Instytucie Humanistycznym w roku akademickim 2020\/2021"},"content":{"rendered":"\n<p>Zapraszamy do podj\u0119cia studi\u00f3w na jednym z nowych kierunk\u00f3w studi\u00f3w w Instytucie Humanistycznym! <\/p>\n\n\n\n<p><a href=\"https:\/\/irk.pwsz.krosno.pl\/pl\/offer\/R-1ST-2020-2021\/field\/F-DST\/\">Dwuj\u0119zykowe studia dla t\u0142umaczy &#8211; studia licencjackie o profilu praktycznym<\/a> <\/p>\n\n\n\n<p><a href=\"https:\/\/irk.pwsz.krosno.pl\/pl\/offer\/R-1ST-2020-2021\/programme\/MI-S\/?from=field:MI\">Marketing internetowy  &#8211; studia licencjackie o profilu praktycznym, dualne prowadzone we wsp\u00f3\u0142pracy z agencj\u0105 interaktywn\u0105 KS<\/a><\/p>\n\n\n\n<p><a href=\"https:\/\/irk.pwsz.krosno.pl\/pl\/offer\/R-2ST-2020-2021\/programme\/LS-S\/?from=field:LS\">Lingwistyka stosowana &#8211; studia drugiego stopnia, uzupe\u0142niaj\u0105ce <strong>magisterskie<\/strong> <\/a><\/p>\n\n\n\n<p><a href=\"https:\/\/irk.pwsz.krosno.pl\/pl\/offer\/R-JM-2020\/programme\/PED-S-jm\/?from=field:PED-JM\">Pedagogika przedszkolna i wczesnoszkolna (pi\u0119cioletnie jednolite studia magisterskie) <\/a><\/p>\n\n\n\n<p><a href=\"https:\/\/irk.pwsz.krosno.pl\/pl\/offer\/R_P-20-21\/programme\/P_TS\/\">T\u0142umaczenia specjalistyczne &#8211; studia podyplomowe (2 semestry)<\/a><\/p>\n\n\n\n<figure class=\"wp-block-image size-large\"><img loading=\"lazy\" decoding=\"async\" width=\"960\" height=\"640\" src=\"https:\/\/pans.krosno.pl\/instytut-humanistyczny\/wp-content\/uploads\/sites\/9\/2020\/07\/domikpwsz.jpg\" alt=\"\" class=\"wp-image-544\" srcset=\"https:\/\/pans.krosno.pl\/instytut-humanistyczny\/wp-content\/uploads\/sites\/9\/2020\/07\/domikpwsz.jpg 960w, https:\/\/pans.krosno.pl\/instytut-humanistyczny\/wp-content\/uploads\/sites\/9\/2020\/07\/domikpwsz-300x200.jpg 300w, https:\/\/pans.krosno.pl\/instytut-humanistyczny\/wp-content\/uploads\/sites\/9\/2020\/07\/domikpwsz-768x512.jpg 768w, https:\/\/pans.krosno.pl\/instytut-humanistyczny\/wp-content\/uploads\/sites\/9\/2020\/07\/domikpwsz-800x533.jpg 800w, https:\/\/pans.krosno.pl\/instytut-humanistyczny\/wp-content\/uploads\/sites\/9\/2020\/07\/domikpwsz-580x387.jpg 580w\" sizes=\"auto, (max-width: 960px) 100vw, 960px\" \/><\/figure>\n","protected":false},"excerpt":{"rendered":"<p>Zapraszamy do podj\u0119cia studi\u00f3w na jednym z nowych kierunk\u00f3w studi\u00f3w w Instytucie Humanistycznym! Dwuj\u0119zykowe studia dla t\u0142umaczy &#8211; studia licencjackie o profilu praktycznym Marketing internetowy &#8211; studia licencjackie o profilu praktycznym, dualne prowadzone we wsp\u00f3\u0142pracy z agencj\u0105 interaktywn\u0105 KS Lingwistyka stosowana &#8211; studia drugiego stopnia, uzupe\u0142niaj\u0105ce magisterskie Pedagogika przedszkolna i [\u2026] <\/p>\n<div class=\"clear\"><\/div>\n<p><a class=\"more_link clearfix\" href=\"https:\/\/pans.krosno.pl\/instytut-humanistyczny\/super-piatka-piec-nowych-kierunkow-studiow-w-instytucie-humanistycznym\/\" rel=\"nofollow\">Read More<\/a><\/p>\n","protected":false},"author":57,"featured_media":586,"comment_status":"open","ping_status":"open","sticky":false,"template":"","format":"standard","meta":{"ngg_post_thumbnail":0,"footnotes":""},"categories":[3,1],"tags":[],"class_list":["post-582","post","type-post","status-publish","format-standard","has-post-thumbnail","hentry","category-aktualnosci","category-bez-kategorii"],"yoast_head":"<!-- This site is optimized with the Yoast SEO Premium plugin v27.4 (Yoast SEO v27.4) - https:\/\/yoast.com\/product\/yoast-seo-premium-wordpress\/ -->\n<title>Super pi\u0105tka! Pi\u0119\u0107 nowych kierunk\u00f3w studi\u00f3w w Instytucie Humanistycznym w roku akademickim 2020\/2021 - Instytut Humanistyczny PANS w Kro\u015bnie<\/title>\n<meta name=\"robots\" content=\"index, follow, max-snippet:-1, max-image-preview:large, max-video-preview:-1\" \/>\n<link rel=\"canonical\" href=\"https:\/\/pans.krosno.pl\/instytut-humanistyczny\/super-piatka-piec-nowych-kierunkow-studiow-w-instytucie-humanistycznym\/\" \/>\n<meta property=\"og:locale\" content=\"pl_PL\" \/>\n<meta property=\"og:type\" content=\"article\" \/>\n<meta property=\"og:title\" content=\"Super pi\u0105tka! Pi\u0119\u0107 nowych kierunk\u00f3w studi\u00f3w w Instytucie Humanistycznym w roku akademickim 2020\/2021\" \/>\n<meta property=\"og:description\" content=\"Zapraszamy do podj\u0119cia studi\u00f3w na jednym z nowych kierunk\u00f3w studi\u00f3w w Instytucie Humanistycznym! Dwuj\u0119zykowe studia dla t\u0142umaczy &#8211; studia licencjackie o profilu praktycznym Marketing internetowy &#8211; studia licencjackie o profilu praktycznym, dualne prowadzone we wsp\u00f3\u0142pracy z agencj\u0105 interaktywn\u0105 KS Lingwistyka stosowana &#8211; studia drugiego stopnia, uzupe\u0142niaj\u0105ce magisterskie Pedagogika przedszkolna i [\u2026] Read More\" \/>\n<meta property=\"og:url\" content=\"https:\/\/pans.krosno.pl\/instytut-humanistyczny\/super-piatka-piec-nowych-kierunkow-studiow-w-instytucie-humanistycznym\/\" \/>\n<meta property=\"og:site_name\" content=\"Instytut Humanistyczny PANS w Kro\u015bnie\" \/>\n<meta property=\"article:published_time\" content=\"2020-08-17T17:14:42+00:00\" \/>\n<meta property=\"article:modified_time\" content=\"2020-08-21T20:28:34+00:00\" \/>\n<meta property=\"og:image\" content=\"https:\/\/pans.krosno.pl\/wp-content\/uploads\/sites\/9\/2020\/08\/pexels-photo-704767.jpeg\" \/>\n\t<meta property=\"og:image:width\" content=\"1733\" \/>\n\t<meta property=\"og:image:height\" content=\"1300\" \/>\n\t<meta property=\"og:image:type\" content=\"image\/jpeg\" \/>\n<meta name=\"author\" content=\"Bartosz Go\u0142\u0105bek\" \/>\n<meta name=\"twitter:card\" content=\"summary_large_image\" \/>\n<meta name=\"twitter:label1\" content=\"Napisane przez\" \/>\n\t<meta name=\"twitter:data1\" content=\"Bartosz Go\u0142\u0105bek\" \/>\n<script type=\"application\/ld+json\" class=\"yoast-schema-graph\">{\"@context\":\"https:\\\/\\\/schema.org\",\"@graph\":[{\"@type\":\"Article\",\"@id\":\"https:\\\/\\\/pans.krosno.pl\\\/instytut-humanistyczny\\\/super-piatka-piec-nowych-kierunkow-studiow-w-instytucie-humanistycznym\\\/#article\",\"isPartOf\":{\"@id\":\"https:\\\/\\\/pans.krosno.pl\\\/instytut-humanistyczny\\\/super-piatka-piec-nowych-kierunkow-studiow-w-instytucie-humanistycznym\\\/\"},\"author\":{\"name\":\"Bartosz Go\u0142\u0105bek\",\"@id\":\"https:\\\/\\\/pans.krosno.pl\\\/instytut-humanistyczny\\\/#\\\/schema\\\/person\\\/cb70195a5aeabe88d51256d821faa2d9\"},\"headline\":\"Super pi\u0105tka! Pi\u0119\u0107 nowych kierunk\u00f3w studi\u00f3w w Instytucie Humanistycznym w roku akademickim 2020\\\/2021\",\"datePublished\":\"2020-08-17T17:14:42+00:00\",\"dateModified\":\"2020-08-21T20:28:34+00:00\",\"mainEntityOfPage\":{\"@id\":\"https:\\\/\\\/pans.krosno.pl\\\/instytut-humanistyczny\\\/super-piatka-piec-nowych-kierunkow-studiow-w-instytucie-humanistycznym\\\/\"},\"wordCount\":87,\"commentCount\":0,\"publisher\":{\"@id\":\"https:\\\/\\\/pans.krosno.pl\\\/instytut-humanistyczny\\\/#organization\"},\"image\":{\"@id\":\"https:\\\/\\\/pans.krosno.pl\\\/instytut-humanistyczny\\\/super-piatka-piec-nowych-kierunkow-studiow-w-instytucie-humanistycznym\\\/#primaryimage\"},\"thumbnailUrl\":\"https:\\\/\\\/pans.krosno.pl\\\/instytut-humanistyczny\\\/wp-content\\\/uploads\\\/sites\\\/9\\\/2020\\\/08\\\/pexels-photo-704767.jpeg\",\"articleSection\":[\"Aktualno\u015bci\"],\"inLanguage\":\"pl-PL\",\"potentialAction\":[{\"@type\":\"CommentAction\",\"name\":\"Comment\",\"target\":[\"https:\\\/\\\/pans.krosno.pl\\\/instytut-humanistyczny\\\/super-piatka-piec-nowych-kierunkow-studiow-w-instytucie-humanistycznym\\\/#respond\"]}]},{\"@type\":\"WebPage\",\"@id\":\"https:\\\/\\\/pans.krosno.pl\\\/instytut-humanistyczny\\\/super-piatka-piec-nowych-kierunkow-studiow-w-instytucie-humanistycznym\\\/\",\"url\":\"https:\\\/\\\/pans.krosno.pl\\\/instytut-humanistyczny\\\/super-piatka-piec-nowych-kierunkow-studiow-w-instytucie-humanistycznym\\\/\",\"name\":\"Super pi\u0105tka! Pi\u0119\u0107 nowych kierunk\u00f3w studi\u00f3w w Instytucie Humanistycznym w roku akademickim 2020\\\/2021 - Instytut Humanistyczny PANS w Kro\u015bnie\",\"isPartOf\":{\"@id\":\"https:\\\/\\\/pans.krosno.pl\\\/instytut-humanistyczny\\\/#website\"},\"primaryImageOfPage\":{\"@id\":\"https:\\\/\\\/pans.krosno.pl\\\/instytut-humanistyczny\\\/super-piatka-piec-nowych-kierunkow-studiow-w-instytucie-humanistycznym\\\/#primaryimage\"},\"image\":{\"@id\":\"https:\\\/\\\/pans.krosno.pl\\\/instytut-humanistyczny\\\/super-piatka-piec-nowych-kierunkow-studiow-w-instytucie-humanistycznym\\\/#primaryimage\"},\"thumbnailUrl\":\"https:\\\/\\\/pans.krosno.pl\\\/instytut-humanistyczny\\\/wp-content\\\/uploads\\\/sites\\\/9\\\/2020\\\/08\\\/pexels-photo-704767.jpeg\",\"datePublished\":\"2020-08-17T17:14:42+00:00\",\"dateModified\":\"2020-08-21T20:28:34+00:00\",\"breadcrumb\":{\"@id\":\"https:\\\/\\\/pans.krosno.pl\\\/instytut-humanistyczny\\\/super-piatka-piec-nowych-kierunkow-studiow-w-instytucie-humanistycznym\\\/#breadcrumb\"},\"inLanguage\":\"pl-PL\",\"potentialAction\":[{\"@type\":\"ReadAction\",\"target\":[\"https:\\\/\\\/pans.krosno.pl\\\/instytut-humanistyczny\\\/super-piatka-piec-nowych-kierunkow-studiow-w-instytucie-humanistycznym\\\/\"]}]},{\"@type\":\"ImageObject\",\"inLanguage\":\"pl-PL\",\"@id\":\"https:\\\/\\\/pans.krosno.pl\\\/instytut-humanistyczny\\\/super-piatka-piec-nowych-kierunkow-studiow-w-instytucie-humanistycznym\\\/#primaryimage\",\"url\":\"https:\\\/\\\/pans.krosno.pl\\\/instytut-humanistyczny\\\/wp-content\\\/uploads\\\/sites\\\/9\\\/2020\\\/08\\\/pexels-photo-704767.jpeg\",\"contentUrl\":\"https:\\\/\\\/pans.krosno.pl\\\/instytut-humanistyczny\\\/wp-content\\\/uploads\\\/sites\\\/9\\\/2020\\\/08\\\/pexels-photo-704767.jpeg\",\"width\":1733,\"height\":1300},{\"@type\":\"BreadcrumbList\",\"@id\":\"https:\\\/\\\/pans.krosno.pl\\\/instytut-humanistyczny\\\/super-piatka-piec-nowych-kierunkow-studiow-w-instytucie-humanistycznym\\\/#breadcrumb\",\"itemListElement\":[{\"@type\":\"ListItem\",\"position\":1,\"name\":\"Strona g\u0142\u00f3wna\",\"item\":\"https:\\\/\\\/pans.krosno.pl\\\/instytut-humanistyczny\\\/\"},{\"@type\":\"ListItem\",\"position\":2,\"name\":\"Super pi\u0105tka! Pi\u0119\u0107 nowych kierunk\u00f3w studi\u00f3w w Instytucie Humanistycznym w roku akademickim 2020\\\/2021\"}]},{\"@type\":\"WebSite\",\"@id\":\"https:\\\/\\\/pans.krosno.pl\\\/instytut-humanistyczny\\\/#website\",\"url\":\"https:\\\/\\\/pans.krosno.pl\\\/instytut-humanistyczny\\\/\",\"name\":\"Instytut Humanistyczny PANS w Kro\u015bnie\",\"description\":\"Instytut Humanistyczny - Pa\u0144stwowa Akademia Nauk Stosowanych\",\"publisher\":{\"@id\":\"https:\\\/\\\/pans.krosno.pl\\\/instytut-humanistyczny\\\/#organization\"},\"potentialAction\":[{\"@type\":\"SearchAction\",\"target\":{\"@type\":\"EntryPoint\",\"urlTemplate\":\"https:\\\/\\\/pans.krosno.pl\\\/instytut-humanistyczny\\\/?s={search_term_string}\"},\"query-input\":{\"@type\":\"PropertyValueSpecification\",\"valueRequired\":true,\"valueName\":\"search_term_string\"}}],\"inLanguage\":\"pl-PL\"},{\"@type\":\"Organization\",\"@id\":\"https:\\\/\\\/pans.krosno.pl\\\/instytut-humanistyczny\\\/#organization\",\"name\":\"Instytut Humanistyczny PANS w Kro\u015bnie\",\"url\":\"https:\\\/\\\/pans.krosno.pl\\\/instytut-humanistyczny\\\/\",\"logo\":{\"@type\":\"ImageObject\",\"inLanguage\":\"pl-PL\",\"@id\":\"https:\\\/\\\/pans.krosno.pl\\\/instytut-humanistyczny\\\/#\\\/schema\\\/logo\\\/image\\\/\",\"url\":\"https:\\\/\\\/pans.krosno.pl\\\/instytut-humanistyczny\\\/wp-content\\\/uploads\\\/sites\\\/9\\\/2023\\\/01\\\/Logo-PANS-2022-pelne.png\",\"contentUrl\":\"https:\\\/\\\/pans.krosno.pl\\\/instytut-humanistyczny\\\/wp-content\\\/uploads\\\/sites\\\/9\\\/2023\\\/01\\\/Logo-PANS-2022-pelne.png\",\"width\":3096,\"height\":696,\"caption\":\"Instytut Humanistyczny PANS w Kro\u015bnie\"},\"image\":{\"@id\":\"https:\\\/\\\/pans.krosno.pl\\\/instytut-humanistyczny\\\/#\\\/schema\\\/logo\\\/image\\\/\"}},{\"@type\":\"Person\",\"@id\":\"https:\\\/\\\/pans.krosno.pl\\\/instytut-humanistyczny\\\/#\\\/schema\\\/person\\\/cb70195a5aeabe88d51256d821faa2d9\",\"name\":\"Bartosz Go\u0142\u0105bek\",\"image\":{\"@type\":\"ImageObject\",\"inLanguage\":\"pl-PL\",\"@id\":\"https:\\\/\\\/secure.gravatar.com\\\/avatar\\\/ad10819676385baed8ebd4d7be0d4ba77dd5fdc0f4779d414dea3126fd3aec33?s=96&d=mm&r=g\",\"url\":\"https:\\\/\\\/secure.gravatar.com\\\/avatar\\\/ad10819676385baed8ebd4d7be0d4ba77dd5fdc0f4779d414dea3126fd3aec33?s=96&d=mm&r=g\",\"contentUrl\":\"https:\\\/\\\/secure.gravatar.com\\\/avatar\\\/ad10819676385baed8ebd4d7be0d4ba77dd5fdc0f4779d414dea3126fd3aec33?s=96&d=mm&r=g\",\"caption\":\"Bartosz Go\u0142\u0105bek\"},\"description\":\"dr Bartosz Go\u0142\u0105bek Dyrektor Instytutu Humanistycznego Karpacka Pa\u0144stwowa Uczelnia w Kro\u015bnie (dawniej PWSZ)\",\"url\":\"https:\\\/\\\/pans.krosno.pl\\\/instytut-humanistyczny\\\/author\\\/bartoszgolabek\\\/\"}]}<\/script>\n<!-- \/ Yoast SEO Premium plugin. -->","yoast_head_json":{"title":"Super pi\u0105tka! Pi\u0119\u0107 nowych kierunk\u00f3w studi\u00f3w w Instytucie Humanistycznym w roku akademickim 2020\/2021 - Instytut Humanistyczny PANS w Kro\u015bnie","robots":{"index":"index","follow":"follow","max-snippet":"max-snippet:-1","max-image-preview":"max-image-preview:large","max-video-preview":"max-video-preview:-1"},"canonical":"https:\/\/pans.krosno.pl\/instytut-humanistyczny\/super-piatka-piec-nowych-kierunkow-studiow-w-instytucie-humanistycznym\/","og_locale":"pl_PL","og_type":"article","og_title":"Super pi\u0105tka! Pi\u0119\u0107 nowych kierunk\u00f3w studi\u00f3w w Instytucie Humanistycznym w roku akademickim 2020\/2021","og_description":"Zapraszamy do podj\u0119cia studi\u00f3w na jednym z nowych kierunk\u00f3w studi\u00f3w w Instytucie Humanistycznym! Dwuj\u0119zykowe studia dla t\u0142umaczy &#8211; studia licencjackie o profilu praktycznym Marketing internetowy &#8211; studia licencjackie o profilu praktycznym, dualne prowadzone we wsp\u00f3\u0142pracy z agencj\u0105 interaktywn\u0105 KS Lingwistyka stosowana &#8211; studia drugiego stopnia, uzupe\u0142niaj\u0105ce magisterskie Pedagogika przedszkolna i [\u2026] Read More","og_url":"https:\/\/pans.krosno.pl\/instytut-humanistyczny\/super-piatka-piec-nowych-kierunkow-studiow-w-instytucie-humanistycznym\/","og_site_name":"Instytut Humanistyczny PANS w Kro\u015bnie","article_published_time":"2020-08-17T17:14:42+00:00","article_modified_time":"2020-08-21T20:28:34+00:00","og_image":[{"width":1733,"height":1300,"url":"https:\/\/pans.krosno.pl\/wp-content\/uploads\/sites\/9\/2020\/08\/pexels-photo-704767.jpeg","type":"image\/jpeg"}],"author":"Bartosz Go\u0142\u0105bek","twitter_card":"summary_large_image","twitter_misc":{"Napisane przez":"Bartosz Go\u0142\u0105bek"},"schema":{"@context":"https:\/\/schema.org","@graph":[{"@type":"Article","@id":"https:\/\/pans.krosno.pl\/instytut-humanistyczny\/super-piatka-piec-nowych-kierunkow-studiow-w-instytucie-humanistycznym\/#article","isPartOf":{"@id":"https:\/\/pans.krosno.pl\/instytut-humanistyczny\/super-piatka-piec-nowych-kierunkow-studiow-w-instytucie-humanistycznym\/"},"author":{"name":"Bartosz Go\u0142\u0105bek","@id":"https:\/\/pans.krosno.pl\/instytut-humanistyczny\/#\/schema\/person\/cb70195a5aeabe88d51256d821faa2d9"},"headline":"Super pi\u0105tka! Pi\u0119\u0107 nowych kierunk\u00f3w studi\u00f3w w Instytucie Humanistycznym w roku akademickim 2020\/2021","datePublished":"2020-08-17T17:14:42+00:00","dateModified":"2020-08-21T20:28:34+00:00","mainEntityOfPage":{"@id":"https:\/\/pans.krosno.pl\/instytut-humanistyczny\/super-piatka-piec-nowych-kierunkow-studiow-w-instytucie-humanistycznym\/"},"wordCount":87,"commentCount":0,"publisher":{"@id":"https:\/\/pans.krosno.pl\/instytut-humanistyczny\/#organization"},"image":{"@id":"https:\/\/pans.krosno.pl\/instytut-humanistyczny\/super-piatka-piec-nowych-kierunkow-studiow-w-instytucie-humanistycznym\/#primaryimage"},"thumbnailUrl":"https:\/\/pans.krosno.pl\/instytut-humanistyczny\/wp-content\/uploads\/sites\/9\/2020\/08\/pexels-photo-704767.jpeg","articleSection":["Aktualno\u015bci"],"inLanguage":"pl-PL","potentialAction":[{"@type":"CommentAction","name":"Comment","target":["https:\/\/pans.krosno.pl\/instytut-humanistyczny\/super-piatka-piec-nowych-kierunkow-studiow-w-instytucie-humanistycznym\/#respond"]}]},{"@type":"WebPage","@id":"https:\/\/pans.krosno.pl\/instytut-humanistyczny\/super-piatka-piec-nowych-kierunkow-studiow-w-instytucie-humanistycznym\/","url":"https:\/\/pans.krosno.pl\/instytut-humanistyczny\/super-piatka-piec-nowych-kierunkow-studiow-w-instytucie-humanistycznym\/","name":"Super pi\u0105tka! Pi\u0119\u0107 nowych kierunk\u00f3w studi\u00f3w w Instytucie Humanistycznym w roku akademickim 2020\/2021 - Instytut Humanistyczny PANS w Kro\u015bnie","isPartOf":{"@id":"https:\/\/pans.krosno.pl\/instytut-humanistyczny\/#website"},"primaryImageOfPage":{"@id":"https:\/\/pans.krosno.pl\/instytut-humanistyczny\/super-piatka-piec-nowych-kierunkow-studiow-w-instytucie-humanistycznym\/#primaryimage"},"image":{"@id":"https:\/\/pans.krosno.pl\/instytut-humanistyczny\/super-piatka-piec-nowych-kierunkow-studiow-w-instytucie-humanistycznym\/#primaryimage"},"thumbnailUrl":"https:\/\/pans.krosno.pl\/instytut-humanistyczny\/wp-content\/uploads\/sites\/9\/2020\/08\/pexels-photo-704767.jpeg","datePublished":"2020-08-17T17:14:42+00:00","dateModified":"2020-08-21T20:28:34+00:00","breadcrumb":{"@id":"https:\/\/pans.krosno.pl\/instytut-humanistyczny\/super-piatka-piec-nowych-kierunkow-studiow-w-instytucie-humanistycznym\/#breadcrumb"},"inLanguage":"pl-PL","potentialAction":[{"@type":"ReadAction","target":["https:\/\/pans.krosno.pl\/instytut-humanistyczny\/super-piatka-piec-nowych-kierunkow-studiow-w-instytucie-humanistycznym\/"]}]},{"@type":"ImageObject","inLanguage":"pl-PL","@id":"https:\/\/pans.krosno.pl\/instytut-humanistyczny\/super-piatka-piec-nowych-kierunkow-studiow-w-instytucie-humanistycznym\/#primaryimage","url":"https:\/\/pans.krosno.pl\/instytut-humanistyczny\/wp-content\/uploads\/sites\/9\/2020\/08\/pexels-photo-704767.jpeg","contentUrl":"https:\/\/pans.krosno.pl\/instytut-humanistyczny\/wp-content\/uploads\/sites\/9\/2020\/08\/pexels-photo-704767.jpeg","width":1733,"height":1300},{"@type":"BreadcrumbList","@id":"https:\/\/pans.krosno.pl\/instytut-humanistyczny\/super-piatka-piec-nowych-kierunkow-studiow-w-instytucie-humanistycznym\/#breadcrumb","itemListElement":[{"@type":"ListItem","position":1,"name":"Strona g\u0142\u00f3wna","item":"https:\/\/pans.krosno.pl\/instytut-humanistyczny\/"},{"@type":"ListItem","position":2,"name":"Super pi\u0105tka! Pi\u0119\u0107 nowych kierunk\u00f3w studi\u00f3w w Instytucie Humanistycznym w roku akademickim 2020\/2021"}]},{"@type":"WebSite","@id":"https:\/\/pans.krosno.pl\/instytut-humanistyczny\/#website","url":"https:\/\/pans.krosno.pl\/instytut-humanistyczny\/","name":"Instytut Humanistyczny PANS w Kro\u015bnie","description":"Instytut Humanistyczny - Pa\u0144stwowa Akademia Nauk Stosowanych","publisher":{"@id":"https:\/\/pans.krosno.pl\/instytut-humanistyczny\/#organization"},"potentialAction":[{"@type":"SearchAction","target":{"@type":"EntryPoint","urlTemplate":"https:\/\/pans.krosno.pl\/instytut-humanistyczny\/?s={search_term_string}"},"query-input":{"@type":"PropertyValueSpecification","valueRequired":true,"valueName":"search_term_string"}}],"inLanguage":"pl-PL"},{"@type":"Organization","@id":"https:\/\/pans.krosno.pl\/instytut-humanistyczny\/#organization","name":"Instytut Humanistyczny PANS w Kro\u015bnie","url":"https:\/\/pans.krosno.pl\/instytut-humanistyczny\/","logo":{"@type":"ImageObject","inLanguage":"pl-PL","@id":"https:\/\/pans.krosno.pl\/instytut-humanistyczny\/#\/schema\/logo\/image\/","url":"https:\/\/pans.krosno.pl\/instytut-humanistyczny\/wp-content\/uploads\/sites\/9\/2023\/01\/Logo-PANS-2022-pelne.png","contentUrl":"https:\/\/pans.krosno.pl\/instytut-humanistyczny\/wp-content\/uploads\/sites\/9\/2023\/01\/Logo-PANS-2022-pelne.png","width":3096,"height":696,"caption":"Instytut Humanistyczny PANS w Kro\u015bnie"},"image":{"@id":"https:\/\/pans.krosno.pl\/instytut-humanistyczny\/#\/schema\/logo\/image\/"}},{"@type":"Person","@id":"https:\/\/pans.krosno.pl\/instytut-humanistyczny\/#\/schema\/person\/cb70195a5aeabe88d51256d821faa2d9","name":"Bartosz Go\u0142\u0105bek","image":{"@type":"ImageObject","inLanguage":"pl-PL","@id":"https:\/\/secure.gravatar.com\/avatar\/ad10819676385baed8ebd4d7be0d4ba77dd5fdc0f4779d414dea3126fd3aec33?s=96&d=mm&r=g","url":"https:\/\/secure.gravatar.com\/avatar\/ad10819676385baed8ebd4d7be0d4ba77dd5fdc0f4779d414dea3126fd3aec33?s=96&d=mm&r=g","contentUrl":"https:\/\/secure.gravatar.com\/avatar\/ad10819676385baed8ebd4d7be0d4ba77dd5fdc0f4779d414dea3126fd3aec33?s=96&d=mm&r=g","caption":"Bartosz Go\u0142\u0105bek"},"description":"dr Bartosz Go\u0142\u0105bek Dyrektor Instytutu Humanistycznego Karpacka Pa\u0144stwowa Uczelnia w Kro\u015bnie (dawniej PWSZ)","url":"https:\/\/pans.krosno.pl\/instytut-humanistyczny\/author\/bartoszgolabek\/"}]}},"_links":{"self":[{"href":"https:\/\/pans.krosno.pl\/instytut-humanistyczny\/wp-json\/wp\/v2\/posts\/582","targetHints":{"allow":["GET"]}}],"collection":[{"href":"https:\/\/pans.krosno.pl\/instytut-humanistyczny\/wp-json\/wp\/v2\/posts"}],"about":[{"href":"https:\/\/pans.krosno.pl\/instytut-humanistyczny\/wp-json\/wp\/v2\/types\/post"}],"author":[{"embeddable":true,"href":"https:\/\/pans.krosno.pl\/instytut-humanistyczny\/wp-json\/wp\/v2\/users\/57"}],"replies":[{"embeddable":true,"href":"https:\/\/pans.krosno.pl\/instytut-humanistyczny\/wp-json\/wp\/v2\/comments?post=582"}],"version-history":[{"count":5,"href":"https:\/\/pans.krosno.pl\/instytut-humanistyczny\/wp-json\/wp\/v2\/posts\/582\/revisions"}],"predecessor-version":[{"id":589,"href":"https:\/\/pans.krosno.pl\/instytut-humanistyczny\/wp-json\/wp\/v2\/posts\/582\/revisions\/589"}],"wp:featuredmedia":[{"embeddable":true,"href":"https:\/\/pans.krosno.pl\/instytut-humanistyczny\/wp-json\/wp\/v2\/media\/586"}],"wp:attachment":[{"href":"https:\/\/pans.krosno.pl\/instytut-humanistyczny\/wp-json\/wp\/v2\/media?parent=582"}],"wp:term":[{"taxonomy":"category","embeddable":true,"href":"https:\/\/pans.krosno.pl\/instytut-humanistyczny\/wp-json\/wp\/v2\/categories?post=582"},{"taxonomy":"post_tag","embeddable":true,"href":"https:\/\/pans.krosno.pl\/instytut-humanistyczny\/wp-json\/wp\/v2\/tags?post=582"}],"curies":[{"name":"wp","href":"https:\/\/api.w.org\/{rel}","templated":true}]}}