{"id":565,"date":"2020-07-20T10:30:14","date_gmt":"2020-07-20T08:30:14","guid":{"rendered":"https:\/\/pans.krosno.pl\/instytut-humanistyczny\/?p=565"},"modified":"2020-07-20T10:36:25","modified_gmt":"2020-07-20T08:36:25","slug":"zmarl-prof-franciszek-ziejka-zasluzony-dla-karpackiej-panstwowej-uczelni-w-krosnie-rektor-uj-w-latach-1999-2005","status":"publish","type":"post","link":"https:\/\/pans.krosno.pl\/instytut-humanistyczny\/zmarl-prof-franciszek-ziejka-zasluzony-dla-karpackiej-panstwowej-uczelni-w-krosnie-rektor-uj-w-latach-1999-2005\/","title":{"rendered":"Zmar\u0142 prof. Franciszek Ziejka, zas\u0142u\u017cony dla Karpackiej Pa\u0144stwowej Uczelni  w Kro\u015bnie, rektor UJ w latach 1999-2005"},"content":{"rendered":"\n<p>Franciszek Ziejka urodzi\u0142 si\u0119 3 pa\u017adziernika 1940 roku w Rad\u0142owie w powiecie tarnowskim. W latach 1958-1963 studiowa\u0142 filologi\u0119 polsk\u0105 na Uniwersytecie Jagiello\u0144skim, a po uko\u0144czeniu studi\u00f3w rozpocz\u0105\u0142 prac\u0119 w Instytucie Filologii Polskiej UJ. W 1971 roku uzyska\u0142 stopie\u0144 naukowy doktora, broni\u0105c rozprawy po\u015bwi\u0119conej symbolice&nbsp;<em>Wesela<\/em>&nbsp;Stanis\u0142awa Wyspia\u0144skiego. W 1982 roku habilitowa\u0142 si\u0119 na podstawie pracy zatytu\u0142owanej Z\u0142ota legenda ch\u0142op\u00f3w polskich. 9 lat p\u00f3\u017aniej otrzyma\u0142 tytu\u0142 profesora nauk humanistycznych i obj\u0105\u0142 stanowisko profesora nadzwyczajnego. W 1998 roku zosta\u0142 profesorem zwyczajnym.<\/p>\n\n\n\n<figure class=\"wp-block-image size-large\"><img loading=\"lazy\" decoding=\"async\" width=\"640\" height=\"480\" src=\"https:\/\/pans.krosno.pl\/instytut-humanistyczny\/wp-content\/uploads\/sites\/9\/2020\/07\/ziejka-profesor-krosno.jpg\" alt=\"\" class=\"wp-image-567\" srcset=\"https:\/\/pans.krosno.pl\/instytut-humanistyczny\/wp-content\/uploads\/sites\/9\/2020\/07\/ziejka-profesor-krosno.jpg 640w, https:\/\/pans.krosno.pl\/instytut-humanistyczny\/wp-content\/uploads\/sites\/9\/2020\/07\/ziejka-profesor-krosno-300x225.jpg 300w, https:\/\/pans.krosno.pl\/instytut-humanistyczny\/wp-content\/uploads\/sites\/9\/2020\/07\/ziejka-profesor-krosno-580x435.jpg 580w\" sizes=\"auto, (max-width: 640px) 100vw, 640px\" \/><figcaption>prof. Franciszek Ziejka w trakcie wyst\u0105pienia podczas <a href=\"https:\/\/humanistykakrosno.wordpress.com\/\">Og\u00f3lnopolskiego Kongresu Nowoczesna Humanistyka<\/a> w Pa\u0144stwowych Wy\u017cszych Szko\u0142ach Zawodowych: Krosno, 13 \u2013 14 maja 2015 roku<\/figcaption><\/figure>\n\n\n\n<p>Przez wiele lat kierowa\u0142 w Instytucie Polonistyki UJ Katedr\u0105 Literatury Polskiej XIX wieku. W latach 1990-1993 by\u0142 dziekanem Wydzia\u0142u Filologicznego UJ, nast\u0119pnie przez 2 kadencje prorektorem UJ, a w latach 1999-2005 sprawowa\u0142 funkcj\u0119 rektora UJ. Przez 6 lat przewodniczy\u0142 Kolegium Rektor\u00f3w Szk\u00f3\u0142 Wy\u017cszych Krakowa, a przez 3 lata by\u0142 przewodnicz\u0105cym Konferencji Rektor\u00f3w Akademickich Szk\u00f3\u0142 Polskich. By\u0142 cz\u0142onkiem czynnym Polskiej Akademii Umiej\u0119tno\u015bci. Przewodniczy\u0142 Radzie Muzeum Narodowego w Krakowie, by\u0142 cz\u0142onkiem m.in. Rady Muzeum Historycznego Miasta Krakowa oraz Rady Muzeum \u201eZamek Kr\u00f3lewski na Wawelu&#8221;. Przez wiele lat reprezentowa\u0142 Polsk\u0105 Akademi\u0119 Umiej\u0119tno\u015bci w Association Biblioth\u00e8que Polonaise de Paris, wchodzi\u0142 tak\u017ce w sk\u0142ad Conseille Scientifique tej\u017ce biblioteki. By\u0142 cz\u0142onkiem Komisji ds. Etyki w Nauce przy Polskiej Akademii Nauk oraz Kapitu\u0142y Nagrody Prezesa Rady Ministr\u00f3w.<\/p>\n\n\n\n<p>Wyk\u0142ada\u0142 ponad 7 lat na uniwersytetach francuskich (w Aix-en-Provence oraz w Pary\u017cu). Na Uniwersytecie Narodowym w Lizbonie za\u0142o\u017cy\u0142 pierwszy w dziejach Portugalii lektorat j\u0119zyka i kultury polskiej. By\u0142 cz\u0142onkiem komitet\u00f3w redakcyjnych kilku pism naukowych. Od 2005 roku przewodniczy\u0142 Spo\u0142ecznemu Komitetowi Odnowy Zabytk\u00f3w Krakowa oraz Radzie Fundacji Panteon Narodowy w Krakowie. 5 uniwersytet\u00f3w polskich nada\u0142o mu godno\u015b\u0107 doktora&nbsp;<em>honoris causa<\/em>. Posiada honorowe obywatelstwo Tarnowa, Sanoka i Rad\u0142owa. Otrzyma\u0142 liczne odznaczenia polskie i zagraniczne, m.in. Krzy\u017c Komandorski Orderu Odrodzenia Polski, Medal Gloria Artis, Wielki Z\u0142oty Krzy\u017c za Zas\u0142ugi na Rzecz Republiki Austrii, Palmes Academiques, Ordre National du M\u00e9rite, Legia Honorowa (Chevalier), Krzy\u017c Mauthausen Pro meritis, Grande Oficial da Ordem do M\u00e9rito (Portugalia), Wielki Krzy\u017c Orderu Zas\u0142ugi Republiki Federalnej Niemiec.<\/p>\n\n\n\n<p>Franciszek Ziejka w 2014 roku zosta\u0142 uhonorowany medalem &#8222;Zas\u0142u\u017cony dla PWSZ w Kro\u015bnie&#8221; za szczeg\u00f3lny udzia\u0142 w stworzeniu w Kro\u015bnie uczelni wy\u017cszej. <\/p>\n","protected":false},"excerpt":{"rendered":"<p>Franciszek Ziejka urodzi\u0142 si\u0119 3 pa\u017adziernika 1940 roku w Rad\u0142owie w powiecie tarnowskim. W latach 1958-1963 studiowa\u0142 filologi\u0119 polsk\u0105 na Uniwersytecie Jagiello\u0144skim, a po uko\u0144czeniu studi\u00f3w rozpocz\u0105\u0142 prac\u0119 w Instytucie Filologii Polskiej UJ. W 1971 roku uzyska\u0142 stopie\u0144 naukowy doktora, broni\u0105c rozprawy po\u015bwi\u0119conej symbolice&nbsp;Wesela&nbsp;Stanis\u0142awa Wyspia\u0144skiego. W 1982 roku habilitowa\u0142 si\u0119 [\u2026] <\/p>\n<div class=\"clear\"><\/div>\n<p><a class=\"more_link clearfix\" href=\"https:\/\/pans.krosno.pl\/instytut-humanistyczny\/zmarl-prof-franciszek-ziejka-zasluzony-dla-karpackiej-panstwowej-uczelni-w-krosnie-rektor-uj-w-latach-1999-2005\/\" rel=\"nofollow\">Read More<\/a><\/p>\n","protected":false},"author":57,"featured_media":567,"comment_status":"open","ping_status":"open","sticky":false,"template":"","format":"standard","meta":{"ngg_post_thumbnail":0,"footnotes":""},"categories":[1],"tags":[],"class_list":["post-565","post","type-post","status-publish","format-standard","has-post-thumbnail","hentry","category-bez-kategorii"],"yoast_head":"<!-- This site is optimized with the Yoast SEO Premium plugin v27.4 (Yoast SEO v27.4) - https:\/\/yoast.com\/product\/yoast-seo-premium-wordpress\/ -->\n<title>Zmar\u0142 prof. Franciszek Ziejka, zas\u0142u\u017cony dla Karpackiej Pa\u0144stwowej Uczelni w Kro\u015bnie, rektor UJ w latach 1999-2005 - Instytut Humanistyczny PANS w Kro\u015bnie<\/title>\n<meta name=\"robots\" content=\"index, follow, max-snippet:-1, max-image-preview:large, max-video-preview:-1\" \/>\n<link rel=\"canonical\" href=\"https:\/\/pans.krosno.pl\/instytut-humanistyczny\/zmarl-prof-franciszek-ziejka-zasluzony-dla-karpackiej-panstwowej-uczelni-w-krosnie-rektor-uj-w-latach-1999-2005\/\" \/>\n<meta property=\"og:locale\" content=\"pl_PL\" \/>\n<meta property=\"og:type\" content=\"article\" \/>\n<meta property=\"og:title\" content=\"Zmar\u0142 prof. Franciszek Ziejka, zas\u0142u\u017cony dla Karpackiej Pa\u0144stwowej Uczelni w Kro\u015bnie, rektor UJ w latach 1999-2005\" \/>\n<meta property=\"og:description\" content=\"Franciszek Ziejka urodzi\u0142 si\u0119 3 pa\u017adziernika 1940 roku w Rad\u0142owie w powiecie tarnowskim. W latach 1958-1963 studiowa\u0142 filologi\u0119 polsk\u0105 na Uniwersytecie Jagiello\u0144skim, a po uko\u0144czeniu studi\u00f3w rozpocz\u0105\u0142 prac\u0119 w Instytucie Filologii Polskiej UJ. W 1971 roku uzyska\u0142 stopie\u0144 naukowy doktora, broni\u0105c rozprawy po\u015bwi\u0119conej symbolice&nbsp;Wesela&nbsp;Stanis\u0142awa Wyspia\u0144skiego. W 1982 roku habilitowa\u0142 si\u0119 [\u2026] Read More\" \/>\n<meta property=\"og:url\" content=\"https:\/\/pans.krosno.pl\/instytut-humanistyczny\/zmarl-prof-franciszek-ziejka-zasluzony-dla-karpackiej-panstwowej-uczelni-w-krosnie-rektor-uj-w-latach-1999-2005\/\" \/>\n<meta property=\"og:site_name\" content=\"Instytut Humanistyczny PANS w Kro\u015bnie\" \/>\n<meta property=\"article:published_time\" content=\"2020-07-20T08:30:14+00:00\" \/>\n<meta property=\"article:modified_time\" content=\"2020-07-20T08:36:25+00:00\" \/>\n<meta property=\"og:image\" content=\"https:\/\/pans.krosno.pl\/wp-content\/uploads\/sites\/9\/2020\/07\/ziejka-profesor-krosno.jpg\" \/>\n\t<meta property=\"og:image:width\" content=\"640\" \/>\n\t<meta property=\"og:image:height\" content=\"480\" \/>\n\t<meta property=\"og:image:type\" content=\"image\/jpeg\" \/>\n<meta name=\"author\" content=\"Bartosz Go\u0142\u0105bek\" \/>\n<meta name=\"twitter:card\" content=\"summary_large_image\" \/>\n<meta name=\"twitter:label1\" content=\"Napisane przez\" \/>\n\t<meta name=\"twitter:data1\" content=\"Bartosz Go\u0142\u0105bek\" \/>\n\t<meta name=\"twitter:label2\" content=\"Szacowany czas czytania\" \/>\n\t<meta name=\"twitter:data2\" content=\"2 minuty\" \/>\n<script type=\"application\/ld+json\" class=\"yoast-schema-graph\">{\"@context\":\"https:\\\/\\\/schema.org\",\"@graph\":[{\"@type\":\"Article\",\"@id\":\"https:\\\/\\\/pans.krosno.pl\\\/instytut-humanistyczny\\\/zmarl-prof-franciszek-ziejka-zasluzony-dla-karpackiej-panstwowej-uczelni-w-krosnie-rektor-uj-w-latach-1999-2005\\\/#article\",\"isPartOf\":{\"@id\":\"https:\\\/\\\/pans.krosno.pl\\\/instytut-humanistyczny\\\/zmarl-prof-franciszek-ziejka-zasluzony-dla-karpackiej-panstwowej-uczelni-w-krosnie-rektor-uj-w-latach-1999-2005\\\/\"},\"author\":{\"name\":\"Bartosz Go\u0142\u0105bek\",\"@id\":\"https:\\\/\\\/pans.krosno.pl\\\/instytut-humanistyczny\\\/#\\\/schema\\\/person\\\/cb70195a5aeabe88d51256d821faa2d9\"},\"headline\":\"Zmar\u0142 prof. Franciszek Ziejka, zas\u0142u\u017cony dla Karpackiej Pa\u0144stwowej Uczelni w Kro\u015bnie, rektor UJ w latach 1999-2005\",\"datePublished\":\"2020-07-20T08:30:14+00:00\",\"dateModified\":\"2020-07-20T08:36:25+00:00\",\"mainEntityOfPage\":{\"@id\":\"https:\\\/\\\/pans.krosno.pl\\\/instytut-humanistyczny\\\/zmarl-prof-franciszek-ziejka-zasluzony-dla-karpackiej-panstwowej-uczelni-w-krosnie-rektor-uj-w-latach-1999-2005\\\/\"},\"wordCount\":432,\"commentCount\":0,\"publisher\":{\"@id\":\"https:\\\/\\\/pans.krosno.pl\\\/instytut-humanistyczny\\\/#organization\"},\"image\":{\"@id\":\"https:\\\/\\\/pans.krosno.pl\\\/instytut-humanistyczny\\\/zmarl-prof-franciszek-ziejka-zasluzony-dla-karpackiej-panstwowej-uczelni-w-krosnie-rektor-uj-w-latach-1999-2005\\\/#primaryimage\"},\"thumbnailUrl\":\"https:\\\/\\\/pans.krosno.pl\\\/instytut-humanistyczny\\\/wp-content\\\/uploads\\\/sites\\\/9\\\/2020\\\/07\\\/ziejka-profesor-krosno.jpg\",\"inLanguage\":\"pl-PL\",\"potentialAction\":[{\"@type\":\"CommentAction\",\"name\":\"Comment\",\"target\":[\"https:\\\/\\\/pans.krosno.pl\\\/instytut-humanistyczny\\\/zmarl-prof-franciszek-ziejka-zasluzony-dla-karpackiej-panstwowej-uczelni-w-krosnie-rektor-uj-w-latach-1999-2005\\\/#respond\"]}]},{\"@type\":\"WebPage\",\"@id\":\"https:\\\/\\\/pans.krosno.pl\\\/instytut-humanistyczny\\\/zmarl-prof-franciszek-ziejka-zasluzony-dla-karpackiej-panstwowej-uczelni-w-krosnie-rektor-uj-w-latach-1999-2005\\\/\",\"url\":\"https:\\\/\\\/pans.krosno.pl\\\/instytut-humanistyczny\\\/zmarl-prof-franciszek-ziejka-zasluzony-dla-karpackiej-panstwowej-uczelni-w-krosnie-rektor-uj-w-latach-1999-2005\\\/\",\"name\":\"Zmar\u0142 prof. Franciszek Ziejka, zas\u0142u\u017cony dla Karpackiej Pa\u0144stwowej Uczelni w Kro\u015bnie, rektor UJ w latach 1999-2005 - Instytut Humanistyczny PANS w Kro\u015bnie\",\"isPartOf\":{\"@id\":\"https:\\\/\\\/pans.krosno.pl\\\/instytut-humanistyczny\\\/#website\"},\"primaryImageOfPage\":{\"@id\":\"https:\\\/\\\/pans.krosno.pl\\\/instytut-humanistyczny\\\/zmarl-prof-franciszek-ziejka-zasluzony-dla-karpackiej-panstwowej-uczelni-w-krosnie-rektor-uj-w-latach-1999-2005\\\/#primaryimage\"},\"image\":{\"@id\":\"https:\\\/\\\/pans.krosno.pl\\\/instytut-humanistyczny\\\/zmarl-prof-franciszek-ziejka-zasluzony-dla-karpackiej-panstwowej-uczelni-w-krosnie-rektor-uj-w-latach-1999-2005\\\/#primaryimage\"},\"thumbnailUrl\":\"https:\\\/\\\/pans.krosno.pl\\\/instytut-humanistyczny\\\/wp-content\\\/uploads\\\/sites\\\/9\\\/2020\\\/07\\\/ziejka-profesor-krosno.jpg\",\"datePublished\":\"2020-07-20T08:30:14+00:00\",\"dateModified\":\"2020-07-20T08:36:25+00:00\",\"breadcrumb\":{\"@id\":\"https:\\\/\\\/pans.krosno.pl\\\/instytut-humanistyczny\\\/zmarl-prof-franciszek-ziejka-zasluzony-dla-karpackiej-panstwowej-uczelni-w-krosnie-rektor-uj-w-latach-1999-2005\\\/#breadcrumb\"},\"inLanguage\":\"pl-PL\",\"potentialAction\":[{\"@type\":\"ReadAction\",\"target\":[\"https:\\\/\\\/pans.krosno.pl\\\/instytut-humanistyczny\\\/zmarl-prof-franciszek-ziejka-zasluzony-dla-karpackiej-panstwowej-uczelni-w-krosnie-rektor-uj-w-latach-1999-2005\\\/\"]}]},{\"@type\":\"ImageObject\",\"inLanguage\":\"pl-PL\",\"@id\":\"https:\\\/\\\/pans.krosno.pl\\\/instytut-humanistyczny\\\/zmarl-prof-franciszek-ziejka-zasluzony-dla-karpackiej-panstwowej-uczelni-w-krosnie-rektor-uj-w-latach-1999-2005\\\/#primaryimage\",\"url\":\"https:\\\/\\\/pans.krosno.pl\\\/instytut-humanistyczny\\\/wp-content\\\/uploads\\\/sites\\\/9\\\/2020\\\/07\\\/ziejka-profesor-krosno.jpg\",\"contentUrl\":\"https:\\\/\\\/pans.krosno.pl\\\/instytut-humanistyczny\\\/wp-content\\\/uploads\\\/sites\\\/9\\\/2020\\\/07\\\/ziejka-profesor-krosno.jpg\",\"width\":640,\"height\":480},{\"@type\":\"BreadcrumbList\",\"@id\":\"https:\\\/\\\/pans.krosno.pl\\\/instytut-humanistyczny\\\/zmarl-prof-franciszek-ziejka-zasluzony-dla-karpackiej-panstwowej-uczelni-w-krosnie-rektor-uj-w-latach-1999-2005\\\/#breadcrumb\",\"itemListElement\":[{\"@type\":\"ListItem\",\"position\":1,\"name\":\"Strona g\u0142\u00f3wna\",\"item\":\"https:\\\/\\\/pans.krosno.pl\\\/instytut-humanistyczny\\\/\"},{\"@type\":\"ListItem\",\"position\":2,\"name\":\"Zmar\u0142 prof. Franciszek Ziejka, zas\u0142u\u017cony dla Karpackiej Pa\u0144stwowej Uczelni w Kro\u015bnie, rektor UJ w latach 1999-2005\"}]},{\"@type\":\"WebSite\",\"@id\":\"https:\\\/\\\/pans.krosno.pl\\\/instytut-humanistyczny\\\/#website\",\"url\":\"https:\\\/\\\/pans.krosno.pl\\\/instytut-humanistyczny\\\/\",\"name\":\"Instytut Humanistyczny PANS w Kro\u015bnie\",\"description\":\"Instytut Humanistyczny - Pa\u0144stwowa Akademia Nauk Stosowanych\",\"publisher\":{\"@id\":\"https:\\\/\\\/pans.krosno.pl\\\/instytut-humanistyczny\\\/#organization\"},\"potentialAction\":[{\"@type\":\"SearchAction\",\"target\":{\"@type\":\"EntryPoint\",\"urlTemplate\":\"https:\\\/\\\/pans.krosno.pl\\\/instytut-humanistyczny\\\/?s={search_term_string}\"},\"query-input\":{\"@type\":\"PropertyValueSpecification\",\"valueRequired\":true,\"valueName\":\"search_term_string\"}}],\"inLanguage\":\"pl-PL\"},{\"@type\":\"Organization\",\"@id\":\"https:\\\/\\\/pans.krosno.pl\\\/instytut-humanistyczny\\\/#organization\",\"name\":\"Instytut Humanistyczny PANS w Kro\u015bnie\",\"url\":\"https:\\\/\\\/pans.krosno.pl\\\/instytut-humanistyczny\\\/\",\"logo\":{\"@type\":\"ImageObject\",\"inLanguage\":\"pl-PL\",\"@id\":\"https:\\\/\\\/pans.krosno.pl\\\/instytut-humanistyczny\\\/#\\\/schema\\\/logo\\\/image\\\/\",\"url\":\"https:\\\/\\\/pans.krosno.pl\\\/instytut-humanistyczny\\\/wp-content\\\/uploads\\\/sites\\\/9\\\/2023\\\/01\\\/Logo-PANS-2022-pelne.png\",\"contentUrl\":\"https:\\\/\\\/pans.krosno.pl\\\/instytut-humanistyczny\\\/wp-content\\\/uploads\\\/sites\\\/9\\\/2023\\\/01\\\/Logo-PANS-2022-pelne.png\",\"width\":3096,\"height\":696,\"caption\":\"Instytut Humanistyczny PANS w Kro\u015bnie\"},\"image\":{\"@id\":\"https:\\\/\\\/pans.krosno.pl\\\/instytut-humanistyczny\\\/#\\\/schema\\\/logo\\\/image\\\/\"}},{\"@type\":\"Person\",\"@id\":\"https:\\\/\\\/pans.krosno.pl\\\/instytut-humanistyczny\\\/#\\\/schema\\\/person\\\/cb70195a5aeabe88d51256d821faa2d9\",\"name\":\"Bartosz Go\u0142\u0105bek\",\"image\":{\"@type\":\"ImageObject\",\"inLanguage\":\"pl-PL\",\"@id\":\"https:\\\/\\\/secure.gravatar.com\\\/avatar\\\/ad10819676385baed8ebd4d7be0d4ba77dd5fdc0f4779d414dea3126fd3aec33?s=96&d=mm&r=g\",\"url\":\"https:\\\/\\\/secure.gravatar.com\\\/avatar\\\/ad10819676385baed8ebd4d7be0d4ba77dd5fdc0f4779d414dea3126fd3aec33?s=96&d=mm&r=g\",\"contentUrl\":\"https:\\\/\\\/secure.gravatar.com\\\/avatar\\\/ad10819676385baed8ebd4d7be0d4ba77dd5fdc0f4779d414dea3126fd3aec33?s=96&d=mm&r=g\",\"caption\":\"Bartosz Go\u0142\u0105bek\"},\"description\":\"dr Bartosz Go\u0142\u0105bek Dyrektor Instytutu Humanistycznego Karpacka Pa\u0144stwowa Uczelnia w Kro\u015bnie (dawniej PWSZ)\",\"url\":\"https:\\\/\\\/pans.krosno.pl\\\/instytut-humanistyczny\\\/author\\\/bartoszgolabek\\\/\"}]}<\/script>\n<!-- \/ Yoast SEO Premium plugin. -->","yoast_head_json":{"title":"Zmar\u0142 prof. Franciszek Ziejka, zas\u0142u\u017cony dla Karpackiej Pa\u0144stwowej Uczelni w Kro\u015bnie, rektor UJ w latach 1999-2005 - Instytut Humanistyczny PANS w Kro\u015bnie","robots":{"index":"index","follow":"follow","max-snippet":"max-snippet:-1","max-image-preview":"max-image-preview:large","max-video-preview":"max-video-preview:-1"},"canonical":"https:\/\/pans.krosno.pl\/instytut-humanistyczny\/zmarl-prof-franciszek-ziejka-zasluzony-dla-karpackiej-panstwowej-uczelni-w-krosnie-rektor-uj-w-latach-1999-2005\/","og_locale":"pl_PL","og_type":"article","og_title":"Zmar\u0142 prof. Franciszek Ziejka, zas\u0142u\u017cony dla Karpackiej Pa\u0144stwowej Uczelni w Kro\u015bnie, rektor UJ w latach 1999-2005","og_description":"Franciszek Ziejka urodzi\u0142 si\u0119 3 pa\u017adziernika 1940 roku w Rad\u0142owie w powiecie tarnowskim. W latach 1958-1963 studiowa\u0142 filologi\u0119 polsk\u0105 na Uniwersytecie Jagiello\u0144skim, a po uko\u0144czeniu studi\u00f3w rozpocz\u0105\u0142 prac\u0119 w Instytucie Filologii Polskiej UJ. W 1971 roku uzyska\u0142 stopie\u0144 naukowy doktora, broni\u0105c rozprawy po\u015bwi\u0119conej symbolice&nbsp;Wesela&nbsp;Stanis\u0142awa Wyspia\u0144skiego. W 1982 roku habilitowa\u0142 si\u0119 [\u2026] Read More","og_url":"https:\/\/pans.krosno.pl\/instytut-humanistyczny\/zmarl-prof-franciszek-ziejka-zasluzony-dla-karpackiej-panstwowej-uczelni-w-krosnie-rektor-uj-w-latach-1999-2005\/","og_site_name":"Instytut Humanistyczny PANS w Kro\u015bnie","article_published_time":"2020-07-20T08:30:14+00:00","article_modified_time":"2020-07-20T08:36:25+00:00","og_image":[{"width":640,"height":480,"url":"https:\/\/pans.krosno.pl\/wp-content\/uploads\/sites\/9\/2020\/07\/ziejka-profesor-krosno.jpg","type":"image\/jpeg"}],"author":"Bartosz Go\u0142\u0105bek","twitter_card":"summary_large_image","twitter_misc":{"Napisane przez":"Bartosz Go\u0142\u0105bek","Szacowany czas czytania":"2 minuty"},"schema":{"@context":"https:\/\/schema.org","@graph":[{"@type":"Article","@id":"https:\/\/pans.krosno.pl\/instytut-humanistyczny\/zmarl-prof-franciszek-ziejka-zasluzony-dla-karpackiej-panstwowej-uczelni-w-krosnie-rektor-uj-w-latach-1999-2005\/#article","isPartOf":{"@id":"https:\/\/pans.krosno.pl\/instytut-humanistyczny\/zmarl-prof-franciszek-ziejka-zasluzony-dla-karpackiej-panstwowej-uczelni-w-krosnie-rektor-uj-w-latach-1999-2005\/"},"author":{"name":"Bartosz Go\u0142\u0105bek","@id":"https:\/\/pans.krosno.pl\/instytut-humanistyczny\/#\/schema\/person\/cb70195a5aeabe88d51256d821faa2d9"},"headline":"Zmar\u0142 prof. Franciszek Ziejka, zas\u0142u\u017cony dla Karpackiej Pa\u0144stwowej Uczelni w Kro\u015bnie, rektor UJ w latach 1999-2005","datePublished":"2020-07-20T08:30:14+00:00","dateModified":"2020-07-20T08:36:25+00:00","mainEntityOfPage":{"@id":"https:\/\/pans.krosno.pl\/instytut-humanistyczny\/zmarl-prof-franciszek-ziejka-zasluzony-dla-karpackiej-panstwowej-uczelni-w-krosnie-rektor-uj-w-latach-1999-2005\/"},"wordCount":432,"commentCount":0,"publisher":{"@id":"https:\/\/pans.krosno.pl\/instytut-humanistyczny\/#organization"},"image":{"@id":"https:\/\/pans.krosno.pl\/instytut-humanistyczny\/zmarl-prof-franciszek-ziejka-zasluzony-dla-karpackiej-panstwowej-uczelni-w-krosnie-rektor-uj-w-latach-1999-2005\/#primaryimage"},"thumbnailUrl":"https:\/\/pans.krosno.pl\/instytut-humanistyczny\/wp-content\/uploads\/sites\/9\/2020\/07\/ziejka-profesor-krosno.jpg","inLanguage":"pl-PL","potentialAction":[{"@type":"CommentAction","name":"Comment","target":["https:\/\/pans.krosno.pl\/instytut-humanistyczny\/zmarl-prof-franciszek-ziejka-zasluzony-dla-karpackiej-panstwowej-uczelni-w-krosnie-rektor-uj-w-latach-1999-2005\/#respond"]}]},{"@type":"WebPage","@id":"https:\/\/pans.krosno.pl\/instytut-humanistyczny\/zmarl-prof-franciszek-ziejka-zasluzony-dla-karpackiej-panstwowej-uczelni-w-krosnie-rektor-uj-w-latach-1999-2005\/","url":"https:\/\/pans.krosno.pl\/instytut-humanistyczny\/zmarl-prof-franciszek-ziejka-zasluzony-dla-karpackiej-panstwowej-uczelni-w-krosnie-rektor-uj-w-latach-1999-2005\/","name":"Zmar\u0142 prof. Franciszek Ziejka, zas\u0142u\u017cony dla Karpackiej Pa\u0144stwowej Uczelni w Kro\u015bnie, rektor UJ w latach 1999-2005 - Instytut Humanistyczny PANS w Kro\u015bnie","isPartOf":{"@id":"https:\/\/pans.krosno.pl\/instytut-humanistyczny\/#website"},"primaryImageOfPage":{"@id":"https:\/\/pans.krosno.pl\/instytut-humanistyczny\/zmarl-prof-franciszek-ziejka-zasluzony-dla-karpackiej-panstwowej-uczelni-w-krosnie-rektor-uj-w-latach-1999-2005\/#primaryimage"},"image":{"@id":"https:\/\/pans.krosno.pl\/instytut-humanistyczny\/zmarl-prof-franciszek-ziejka-zasluzony-dla-karpackiej-panstwowej-uczelni-w-krosnie-rektor-uj-w-latach-1999-2005\/#primaryimage"},"thumbnailUrl":"https:\/\/pans.krosno.pl\/instytut-humanistyczny\/wp-content\/uploads\/sites\/9\/2020\/07\/ziejka-profesor-krosno.jpg","datePublished":"2020-07-20T08:30:14+00:00","dateModified":"2020-07-20T08:36:25+00:00","breadcrumb":{"@id":"https:\/\/pans.krosno.pl\/instytut-humanistyczny\/zmarl-prof-franciszek-ziejka-zasluzony-dla-karpackiej-panstwowej-uczelni-w-krosnie-rektor-uj-w-latach-1999-2005\/#breadcrumb"},"inLanguage":"pl-PL","potentialAction":[{"@type":"ReadAction","target":["https:\/\/pans.krosno.pl\/instytut-humanistyczny\/zmarl-prof-franciszek-ziejka-zasluzony-dla-karpackiej-panstwowej-uczelni-w-krosnie-rektor-uj-w-latach-1999-2005\/"]}]},{"@type":"ImageObject","inLanguage":"pl-PL","@id":"https:\/\/pans.krosno.pl\/instytut-humanistyczny\/zmarl-prof-franciszek-ziejka-zasluzony-dla-karpackiej-panstwowej-uczelni-w-krosnie-rektor-uj-w-latach-1999-2005\/#primaryimage","url":"https:\/\/pans.krosno.pl\/instytut-humanistyczny\/wp-content\/uploads\/sites\/9\/2020\/07\/ziejka-profesor-krosno.jpg","contentUrl":"https:\/\/pans.krosno.pl\/instytut-humanistyczny\/wp-content\/uploads\/sites\/9\/2020\/07\/ziejka-profesor-krosno.jpg","width":640,"height":480},{"@type":"BreadcrumbList","@id":"https:\/\/pans.krosno.pl\/instytut-humanistyczny\/zmarl-prof-franciszek-ziejka-zasluzony-dla-karpackiej-panstwowej-uczelni-w-krosnie-rektor-uj-w-latach-1999-2005\/#breadcrumb","itemListElement":[{"@type":"ListItem","position":1,"name":"Strona g\u0142\u00f3wna","item":"https:\/\/pans.krosno.pl\/instytut-humanistyczny\/"},{"@type":"ListItem","position":2,"name":"Zmar\u0142 prof. Franciszek Ziejka, zas\u0142u\u017cony dla Karpackiej Pa\u0144stwowej Uczelni w Kro\u015bnie, rektor UJ w latach 1999-2005"}]},{"@type":"WebSite","@id":"https:\/\/pans.krosno.pl\/instytut-humanistyczny\/#website","url":"https:\/\/pans.krosno.pl\/instytut-humanistyczny\/","name":"Instytut Humanistyczny PANS w Kro\u015bnie","description":"Instytut Humanistyczny - Pa\u0144stwowa Akademia Nauk Stosowanych","publisher":{"@id":"https:\/\/pans.krosno.pl\/instytut-humanistyczny\/#organization"},"potentialAction":[{"@type":"SearchAction","target":{"@type":"EntryPoint","urlTemplate":"https:\/\/pans.krosno.pl\/instytut-humanistyczny\/?s={search_term_string}"},"query-input":{"@type":"PropertyValueSpecification","valueRequired":true,"valueName":"search_term_string"}}],"inLanguage":"pl-PL"},{"@type":"Organization","@id":"https:\/\/pans.krosno.pl\/instytut-humanistyczny\/#organization","name":"Instytut Humanistyczny PANS w Kro\u015bnie","url":"https:\/\/pans.krosno.pl\/instytut-humanistyczny\/","logo":{"@type":"ImageObject","inLanguage":"pl-PL","@id":"https:\/\/pans.krosno.pl\/instytut-humanistyczny\/#\/schema\/logo\/image\/","url":"https:\/\/pans.krosno.pl\/instytut-humanistyczny\/wp-content\/uploads\/sites\/9\/2023\/01\/Logo-PANS-2022-pelne.png","contentUrl":"https:\/\/pans.krosno.pl\/instytut-humanistyczny\/wp-content\/uploads\/sites\/9\/2023\/01\/Logo-PANS-2022-pelne.png","width":3096,"height":696,"caption":"Instytut Humanistyczny PANS w Kro\u015bnie"},"image":{"@id":"https:\/\/pans.krosno.pl\/instytut-humanistyczny\/#\/schema\/logo\/image\/"}},{"@type":"Person","@id":"https:\/\/pans.krosno.pl\/instytut-humanistyczny\/#\/schema\/person\/cb70195a5aeabe88d51256d821faa2d9","name":"Bartosz Go\u0142\u0105bek","image":{"@type":"ImageObject","inLanguage":"pl-PL","@id":"https:\/\/secure.gravatar.com\/avatar\/ad10819676385baed8ebd4d7be0d4ba77dd5fdc0f4779d414dea3126fd3aec33?s=96&d=mm&r=g","url":"https:\/\/secure.gravatar.com\/avatar\/ad10819676385baed8ebd4d7be0d4ba77dd5fdc0f4779d414dea3126fd3aec33?s=96&d=mm&r=g","contentUrl":"https:\/\/secure.gravatar.com\/avatar\/ad10819676385baed8ebd4d7be0d4ba77dd5fdc0f4779d414dea3126fd3aec33?s=96&d=mm&r=g","caption":"Bartosz Go\u0142\u0105bek"},"description":"dr Bartosz Go\u0142\u0105bek Dyrektor Instytutu Humanistycznego Karpacka Pa\u0144stwowa Uczelnia w Kro\u015bnie (dawniej PWSZ)","url":"https:\/\/pans.krosno.pl\/instytut-humanistyczny\/author\/bartoszgolabek\/"}]}},"_links":{"self":[{"href":"https:\/\/pans.krosno.pl\/instytut-humanistyczny\/wp-json\/wp\/v2\/posts\/565","targetHints":{"allow":["GET"]}}],"collection":[{"href":"https:\/\/pans.krosno.pl\/instytut-humanistyczny\/wp-json\/wp\/v2\/posts"}],"about":[{"href":"https:\/\/pans.krosno.pl\/instytut-humanistyczny\/wp-json\/wp\/v2\/types\/post"}],"author":[{"embeddable":true,"href":"https:\/\/pans.krosno.pl\/instytut-humanistyczny\/wp-json\/wp\/v2\/users\/57"}],"replies":[{"embeddable":true,"href":"https:\/\/pans.krosno.pl\/instytut-humanistyczny\/wp-json\/wp\/v2\/comments?post=565"}],"version-history":[{"count":2,"href":"https:\/\/pans.krosno.pl\/instytut-humanistyczny\/wp-json\/wp\/v2\/posts\/565\/revisions"}],"predecessor-version":[{"id":568,"href":"https:\/\/pans.krosno.pl\/instytut-humanistyczny\/wp-json\/wp\/v2\/posts\/565\/revisions\/568"}],"wp:featuredmedia":[{"embeddable":true,"href":"https:\/\/pans.krosno.pl\/instytut-humanistyczny\/wp-json\/wp\/v2\/media\/567"}],"wp:attachment":[{"href":"https:\/\/pans.krosno.pl\/instytut-humanistyczny\/wp-json\/wp\/v2\/media?parent=565"}],"wp:term":[{"taxonomy":"category","embeddable":true,"href":"https:\/\/pans.krosno.pl\/instytut-humanistyczny\/wp-json\/wp\/v2\/categories?post=565"},{"taxonomy":"post_tag","embeddable":true,"href":"https:\/\/pans.krosno.pl\/instytut-humanistyczny\/wp-json\/wp\/v2\/tags?post=565"}],"curies":[{"name":"wp","href":"https:\/\/api.w.org\/{rel}","templated":true}]}}