{"id":557,"date":"2020-07-09T12:39:01","date_gmt":"2020-07-09T10:39:01","guid":{"rendered":"https:\/\/pans.krosno.pl\/instytut-humanistyczny\/?p=557"},"modified":"2020-07-09T12:52:44","modified_gmt":"2020-07-09T10:52:44","slug":"relacje-z-tegorocznych-spotkan-telekonferencyjnych-ze-studentami-lotewskiej-akademii-kultury-w-rydze","status":"publish","type":"post","link":"https:\/\/pans.krosno.pl\/instytut-humanistyczny\/relacje-z-tegorocznych-spotkan-telekonferencyjnych-ze-studentami-lotewskiej-akademii-kultury-w-rydze\/","title":{"rendered":"Relacje student\u00f3w z tegorocznych spotka\u0144 telekonferencyjnych ze studentami \u0141otewskiej Akademii Kultury w Rydze"},"content":{"rendered":"\n<p><\/p>\n\n\n\n<p>W semestrze letnim 2019\/2020 studenci dwuj\u0119zykowych studi\u00f3w dla t\u0142umaczy oraz mi\u0119dzynarodowej komunikacji j\u0119zykowej w Kro\u015bnie mieli okazj\u0119 doskonali\u0107 komunikacj\u0119 w j\u0119zyku niemieckim &#8211; w ramach spotka\u0144 telekonferencyjnych &#8211; ze studentami <a href=\"https:\/\/lka.edu.lv\/en\/\">\u0141otewskiej Akademii Kultury w Rydze<\/a>. By\u0142 to czas nie tylko wyt\u0119\u017conej pracy, ale przede wszystkim czas wielu niezapomnianych prze\u017cy\u0107, interesuj\u0105cych znajomo\u015bci jak i czas odkrywania nowej fascynuj\u0105cej kultury \u0141otyszy.<\/p>\n\n\n\n<figure class=\"wp-block-embed-youtube wp-block-embed is-type-video is-provider-youtube wp-embed-aspect-16-9 wp-has-aspect-ratio\"><div class=\"wp-block-embed__wrapper\">\n<iframe loading=\"lazy\" title=\"Priscilla Hernandez   L\u012bgo   (Traditional Latvian song for Summer)\" width=\"740\" height=\"416\" src=\"https:\/\/www.youtube.com\/embed\/8zt6X52njyI?feature=oembed\" frameborder=\"0\" allow=\"accelerometer; autoplay; encrypted-media; gyroscope; picture-in-picture\" allowfullscreen><\/iframe>\n<\/div><\/figure>\n\n\n\n<p><\/p>\n\n\n\n<p><strong>Pi\u0119kno \u0141otwy odkryte przez nasz\u0105 studentk\u0119 DST I rok, Ann\u0119 Domaga\u0142\u0119.<\/strong><\/p>\n\n\n\n<p>Nasi studenci w trakcie realizowanych zaj\u0119\u0107 z wielkim zaanga\u017cowaniem i entuzjazmem prezentowali \u0142otewskim studentom kultur\u0119 i tradycj\u0119 oraz \u017cycie codzienne w naszym kraju. Ciep\u0142a i przyjazna atmosfera tych spotka\u0144 zaowocowa\u0142a zdobyciem nowego partnera, z kt\u00f3rym od przysz\u0142ego roku mog\u0105 si\u0119 spotyka\u0107 i wsp\u00f3\u0142pracowa\u0107 wszyscy studenci i wyk\u0142adowcy naszej Uczelni w ramach programu Erasmus+.<\/p>\n\n\n\n<p>Poni\u017cej przedstawiamy wra\u017cenia student\u00f3w KPU w Kro\u015bnie ze spotka\u0144 z \u0142otewskimi studentami w tym semestrze:<\/p>\n\n\n\n<p>\u201e<em>W drugim semestrze roku akademickiego 2019\/2020 odbywa\u0142y si\u0119 nasze spotkania z grup\u0105 \u0142otewsk\u0105 na zaj\u0119ciach z praktycznej nauki j\u0119zyka niemieckiego za pomoc\u0105 platformy Zoom<\/em>. <em>By\u0142o to wspania\u0142e do\u015bwiadczenie, dzi\u0119ki kt\u00f3remu poznali\u015bmy \u0142otewsk\u0105 kultur\u0119, sytuacj\u0119 jaka ma miejsce na \u0141otwie w zwi\u0105zku z pandemi\u0105 jak r\u00f3wnie\u017c doskonalili\u015bmy swoje umiej\u0119tno\u015bci j\u0119zykowe. Uwa\u017cam, \u017ce ka\u017cdy z nas dzi\u0119ki przygotowaniom do zaj\u0119\u0107 oraz ciekawym rozmowom nauczy\u0142 si\u0119 m\u00f3wi\u0107 bardziej p\u0142ynnie w j\u0119zyku niemieckim oraz pewno\u015bci i \u015bmia\u0142o\u015bci w nawi\u0105zywaniu kontaktu. Poznali\u015bmy student\u00f3w, kt\u00f3rzy &#8211; pomimo \u017cycia w innym kraju &#8211; s\u0105 tacy sami jak my i nasi znajomi. Mogli\u015bmy wymieni\u0107 z nimi swoje pogl\u0105dy oraz prowadzi\u0107 dyskusje, przedstawia\u0107 nasze do\u015bwiadczenia i plany na przysz\u0142o\u015b\u0107. Mamy nadziej\u0119, \u017ce w kolejnym roku akademickim b\u0119dziemy mogli nadal wsp\u00f3lnie tworzy\u0107 nasz projekt oraz pozna\u0107 ich osobi\u015bcie dzi\u0119ki projektowi Erasmus.\u201d<\/em> <strong>Anna Faber, studentka DST I rok.<\/strong><\/p>\n\n\n\n<p><em>\u201eKurs telekonferencyjny ze studentami z Rygi pozwoli\u0142 mi na poznanie, zar\u00f3wno kulturowo jak i turystycznie, innego kraju i pokaza\u0142 mi, \u017ce chcia\u0142abym si\u0119 o nim dowiedzie\u0107 czego\u015b wi\u0119cej na w\u0142asn\u0105 r\u0119k\u0119. Nigdy wcze\u015bniej nie by\u0142am na \u0141otwie i szczerze przyznam, \u017ce jeszcze kilka miesi\u0119cy temu nie by\u0142by on moim wyborem jako cel podr\u00f3\u017cy. A teraz bardzo ch\u0119tnie bym tam pojecha\u0142a. Zaj\u0119cia podoba\u0142y mi si\u0119 nie tylko dlatego, \u017ce w du\u017cym stopniu rozwin\u0119\u0142y moj\u0105 umiej\u0119tno\u015b\u0107 komunikacji w j\u0119zyku niemieckim, ale pokaza\u0142y mi r\u00f3wnie\u017c co\u015b, o czym cz\u0119sto zapominamy, a mianowicie jak wiele akcent\u00f3w przyk\u0142adowo j\u0119zyka niemieckiego mo\u017cna us\u0142ysze\u0107 rozmawiaj\u0105c z obcokrajowcami ucz\u0105cymi si\u0119 tego j\u0119zyka obcego. Niejednokrotnie musieli\u015bmy si\u0119 domy\u015bla\u0107 s\u0142\u00f3w, kt\u00f3re wypowiadali nasi koledzy i kole\u017canki, co stwarza\u0142o wiele zabawnych historii. Zaj\u0119cia te b\u0119d\u0119 wspomina\u0107 bardzo dobrze, szczeg\u00f3lnie ze wzgl\u0119du na panuj\u0105c\u0105 na nich przyjazn\u0105 i weso\u0142\u0105 atmosfer\u0119.\u201d <\/em><strong>Dominika Frydrych, studentka DST I rok.<\/strong><\/p>\n\n\n\n<p><em>\u201eWideokonferencje ze studentami z \u0141otwy by\u0142y bardzo ciekaw\u0105 form\u0105 zaj\u0119\u0107. Dzi\u0119ki znajomo\u015bci j\u0119zyka niemieckiego mogli\u015bmy si\u0119 bez wi\u0119kszych trudno\u015bci porozumie\u0107. Taka naturalna rozmowa u\u015bwiadomi\u0142a mi, nad czym jeszcze musz\u0119 popracowa\u0107, ale r\u00f3wnie\u017c jak du\u017co ju\u017c potrafi\u0119. Opr\u00f3cz nauki j\u0119zyka, na lekcjach poruszali\u015bmy tematy \u017cycia codziennego i rozmawiali\u015bmy du\u017co o kulturze naszych kraj\u00f3w. By\u0142y to bardzo mi\u0142o sp\u0119dzone zaj\u0119cia i ch\u0119tnie poleci\u0142abym tak\u0105 form\u0119 zaj\u0119\u0107 innym studentom.\u201d<\/em> <strong>Anna Domaga\u0142a, studentka DST I rok.<\/strong><\/p>\n\n\n\n<p><em>\u201eKurs telekonferencyjny by\u0142 dla mnie jedn\u0105 z pierwszych okazji do porozmawiania si\u0119 z zagranicznymi studentami i \u015bwietn\u0105 szans\u0105 na szlifowanie j\u0119zyka niemieckiego. Z pewno\u015bci\u0105 moje umiej\u0119tno\u015bci komunikacyjne poprawi\u0142y si\u0119 i mam wra\u017cenie, \u017ce jest mi teraz du\u017co \u0142atwiej wypowiada\u0107 si\u0119 i prowadzi\u0107 lu\u017an\u0105 konwersacj\u0119 na dowolny temat. Zdecydowanie polecam innym studentom na do\u0142\u0105czenie do takiego kursu po to, aby rozwijali si\u0119 i nabierali pewno\u015bci siebie. Podoba\u0142o mi si\u0119, \u017ce poruszali\u015bmy wiele temat\u00f3w na zaj\u0119ciach.\u201d<\/em><strong> Aleksandra \u017b\u0105d\u0142o, studentka DST I rok.<\/strong><\/p>\n\n\n\n<p><em>\u201eTelekonferencje by\u0142y dla mnie ciekawym do\u015bwiadczeniem. Podczas tego kursu pozna\u0142am wielu ciekawych student\u00f3w i nawi\u0105za\u0142am nowe znajomo\u015bci. By\u0142a to dla mnie mo\u017cliwo\u015b\u0107 poprawienia j\u0119zyka niemieckiego. Pozna\u0142am pasje \u0142otewskich student\u00f3w oraz \u0142otewsk\u0105 kuchni\u0119 i histori\u0119 tego kraju. My\u015bl\u0119, \u017ce z\u017cyli\u015bmy si\u0119 bardzo razem wszyscy i nawi\u0105zali\u015bmy ni\u0107 komunikacji.\u201d<\/em><em> <\/em><strong>Barbara Borkowska, studentka MKJ III rok<\/strong><\/p>\n\n\n\n<p><em>\u201eCiesz\u0119 si\u0119 bardzo, \u017ce ten kurs si\u0119 odby\u0142. Pomimo mojego strachu przed m\u00f3wieniem po niemiecku, dzi\u0119ki tym zaj\u0119ciom otworzy\u0142am si\u0119 na rozmowy w tym j\u0119zyku. Pozna\u0142am wiele ciekawych os\u00f3b, kt\u00f3re nale\u017c\u0105 teraz do grona moich znajomych na Facebooku. Dowiedzia\u0142am si\u0119 r\u00f3wnie\u017c wielu ciekawych informacji dotycz\u0105cych \u0141otwy, o kt\u00f3rych zapewne inaczej nie dowiedzia\u0142abym si\u0119, poniewa\u017c nie interesowa\u0142am si\u0119 tym krajem. Ciesz\u0119 si\u0119 r\u00f3wnie\u017c, \u017ce grupa \u0142otewska by\u0142a bardzo otwarta na wiedz\u0119 o nas. \u0141otewscy studenci zadawali nam wiele pyta\u0144 i odpowiadali bardzo szczeg\u00f3\u0142owo na zadane im pytania. Podsumowuj\u0105c, kurs ten by\u0142 bardzo ciekawym i rozwijaj\u0105cym do\u015bwiadczeniem.\u201d <\/em><strong>Joanna Bo\u0142d, studentka MKJ III rok<\/strong><\/p>\n\n\n\n<p><em>Spotkania z \u0141otw\u0105 uwa\u017cam za bardzo rozwijaj\u0105c\u0105 form\u0119 zaj\u0119\u0107. Podoba\u0142o mi si\u0119, \u017ce studenci z \u0141otwy tak jak my uczyli si\u0119 niemieckiego, a nie by\u0142 to ich j\u0119zyk ojczysty, dlatego byli oni r\u00f3wnie zaanga\u017cowani w zaj\u0119cia, jak i my. Co wi\u0119cej, by\u0142a to \u015bwietna okazja, aby dowiedzie\u0107 si\u0119 wi\u0119cej o \u0141otwie, o \u0142otewskiej kulturze, kuchni czy tradycjach. Sami studenci byli bardzo przyja\u017ani i z zaanga\u017cowaniem brali udzia\u0142 w spotkaniach. Podsumowuj\u0105c, moim zdaniem taka forma zaj\u0119\u0107 jest \u015bwietnym uzupe\u0142nieniem tradycyjnej nauki j\u0119zyka.\u201d <\/em><strong>Martyna Le\u015bniak,<\/strong><em> <\/em><strong>studentka MKJ III rok<\/strong><em><\/em><\/p>\n\n\n\n<p><em>\u201eUwa\u017cam, \u017ce kurs telekonferencyjny z \u0142otewskimi studentami to bardzo udany projekt. Zar\u00f3wno polska jak i \u0142otewska grupa student\u00f3w z pewno\u015bci\u0105 zdoby\u0142a nowe do\u015bwiadczenie oraz ka\u017cdy czerpa\u0142 rado\u015b\u0107 z rozmowy mi\u0119dzynarodowej z wykorzystaniem j\u0119zyka niemieckiego. Uwa\u017cam te\u017c, \u017ce ka\u017cda z os\u00f3b wskoczy\u0142a na wy\u017cszy poziom znajomo\u015bci j\u0119zyka niemieckiego i b\u0119dzie go w pe\u0142ni wykorzystywa\u0107, a nawet jeszcze bardziej rozwija\u0107 <\/em><em>J<\/em><em>\u201d <\/em><strong>Patryk Szlachcic,<\/strong><em> <\/em><strong>student DST I rok.<\/strong><em><\/em><\/p>\n\n\n\n<figure class=\"wp-block-image size-large\"><img loading=\"lazy\" decoding=\"async\" width=\"788\" height=\"444\" src=\"https:\/\/pans.krosno.pl\/instytut-humanistyczny\/wp-content\/uploads\/sites\/9\/2020\/07\/riga2020.jpg\" alt=\"\" class=\"wp-image-559\" srcset=\"https:\/\/pans.krosno.pl\/instytut-humanistyczny\/wp-content\/uploads\/sites\/9\/2020\/07\/riga2020.jpg 788w, https:\/\/pans.krosno.pl\/instytut-humanistyczny\/wp-content\/uploads\/sites\/9\/2020\/07\/riga2020-300x169.jpg 300w, https:\/\/pans.krosno.pl\/instytut-humanistyczny\/wp-content\/uploads\/sites\/9\/2020\/07\/riga2020-768x433.jpg 768w, https:\/\/pans.krosno.pl\/instytut-humanistyczny\/wp-content\/uploads\/sites\/9\/2020\/07\/riga2020-270x152.jpg 270w, https:\/\/pans.krosno.pl\/instytut-humanistyczny\/wp-content\/uploads\/sites\/9\/2020\/07\/riga2020-580x327.jpg 580w\" sizes=\"auto, (max-width: 788px) 100vw, 788px\" \/><figcaption>Stolica \u0141otwy &#8211; Ryga <\/figcaption><\/figure>\n\n\n\n<p><\/p>\n\n\n\n<p>W czerwcu po zako\u0144czeniu spotka\u0144 telekonferencyjnych \u0142otewscy studenci otrzymali od naszej Uczelni pami\u0105tkowe podzi\u0119kowanie za aktywny udzia\u0142 w mi\u0119dzynarodowym kursie telekonferencyjnym, kt\u00f3ry zosta\u0142 zrealizowany dzi\u0119ki wsp\u00f3\u0142pracy Karpackiej Pa\u0144stwowej Uczelni w Kro\u015bnie oraz \u0141otewskiej Akademii Kultury w Rydze.<\/p>\n\n\n\n<p>Wielka szkoda, \u017ce nie mogli\u015bmy si\u0119 spotka\u0107 osobi\u015bcie i od\u015bwi\u0119towa\u0107 razem pierwsz\u0105 tak\u0105 realizacj\u0119 w j\u0119zyku niemieckim. Ale wszystko co najlepsze jeszcze przed nami \u2026<\/p>\n","protected":false},"excerpt":{"rendered":"<p>W semestrze letnim 2019\/2020 studenci dwuj\u0119zykowych studi\u00f3w dla t\u0142umaczy oraz mi\u0119dzynarodowej komunikacji j\u0119zykowej w Kro\u015bnie mieli okazj\u0119 doskonali\u0107 komunikacj\u0119 w j\u0119zyku niemieckim &#8211; w ramach spotka\u0144 telekonferencyjnych &#8211; ze studentami \u0141otewskiej Akademii Kultury w Rydze. By\u0142 to czas nie tylko wyt\u0119\u017conej pracy, ale przede wszystkim czas wielu niezapomnianych prze\u017cy\u0107, interesuj\u0105cych [\u2026] <\/p>\n<div class=\"clear\"><\/div>\n<p><a class=\"more_link clearfix\" href=\"https:\/\/pans.krosno.pl\/instytut-humanistyczny\/relacje-z-tegorocznych-spotkan-telekonferencyjnych-ze-studentami-lotewskiej-akademii-kultury-w-rydze\/\" rel=\"nofollow\">Read More<\/a><\/p>\n","protected":false},"author":57,"featured_media":559,"comment_status":"open","ping_status":"open","sticky":false,"template":"","format":"standard","meta":{"ngg_post_thumbnail":0,"footnotes":""},"categories":[1],"tags":[],"class_list":["post-557","post","type-post","status-publish","format-standard","has-post-thumbnail","hentry","category-bez-kategorii"],"yoast_head":"<!-- This site is optimized with the Yoast SEO Premium plugin v27.4 (Yoast SEO v27.4) - https:\/\/yoast.com\/product\/yoast-seo-premium-wordpress\/ -->\n<title>Relacje student\u00f3w z tegorocznych spotka\u0144 telekonferencyjnych ze studentami \u0141otewskiej Akademii Kultury w Rydze - Instytut Humanistyczny PANS w Kro\u015bnie<\/title>\n<meta name=\"robots\" content=\"index, follow, max-snippet:-1, max-image-preview:large, max-video-preview:-1\" \/>\n<link rel=\"canonical\" href=\"https:\/\/pans.krosno.pl\/instytut-humanistyczny\/relacje-z-tegorocznych-spotkan-telekonferencyjnych-ze-studentami-lotewskiej-akademii-kultury-w-rydze\/\" \/>\n<meta property=\"og:locale\" content=\"pl_PL\" \/>\n<meta property=\"og:type\" content=\"article\" \/>\n<meta property=\"og:title\" content=\"Relacje student\u00f3w z tegorocznych spotka\u0144 telekonferencyjnych ze studentami \u0141otewskiej Akademii Kultury w Rydze\" \/>\n<meta property=\"og:description\" content=\"W semestrze letnim 2019\/2020 studenci dwuj\u0119zykowych studi\u00f3w dla t\u0142umaczy oraz mi\u0119dzynarodowej komunikacji j\u0119zykowej w Kro\u015bnie mieli okazj\u0119 doskonali\u0107 komunikacj\u0119 w j\u0119zyku niemieckim &#8211; w ramach spotka\u0144 telekonferencyjnych &#8211; ze studentami \u0141otewskiej Akademii Kultury w Rydze. By\u0142 to czas nie tylko wyt\u0119\u017conej pracy, ale przede wszystkim czas wielu niezapomnianych prze\u017cy\u0107, interesuj\u0105cych [\u2026] Read More\" \/>\n<meta property=\"og:url\" content=\"https:\/\/pans.krosno.pl\/instytut-humanistyczny\/relacje-z-tegorocznych-spotkan-telekonferencyjnych-ze-studentami-lotewskiej-akademii-kultury-w-rydze\/\" \/>\n<meta property=\"og:site_name\" content=\"Instytut Humanistyczny PANS w Kro\u015bnie\" \/>\n<meta property=\"article:published_time\" content=\"2020-07-09T10:39:01+00:00\" \/>\n<meta property=\"article:modified_time\" content=\"2020-07-09T10:52:44+00:00\" \/>\n<meta property=\"og:image\" content=\"https:\/\/pans.krosno.pl\/wp-content\/uploads\/sites\/9\/2020\/07\/riga2020.jpg\" \/>\n\t<meta property=\"og:image:width\" content=\"788\" \/>\n\t<meta property=\"og:image:height\" content=\"444\" \/>\n\t<meta property=\"og:image:type\" content=\"image\/jpeg\" \/>\n<meta name=\"author\" content=\"Bartosz Go\u0142\u0105bek\" \/>\n<meta name=\"twitter:card\" content=\"summary_large_image\" \/>\n<meta name=\"twitter:label1\" content=\"Napisane przez\" \/>\n\t<meta name=\"twitter:data1\" content=\"Bartosz Go\u0142\u0105bek\" \/>\n\t<meta name=\"twitter:label2\" content=\"Szacowany czas czytania\" \/>\n\t<meta name=\"twitter:data2\" content=\"6 minut\" \/>\n<script type=\"application\/ld+json\" class=\"yoast-schema-graph\">{\"@context\":\"https:\\\/\\\/schema.org\",\"@graph\":[{\"@type\":\"Article\",\"@id\":\"https:\\\/\\\/pans.krosno.pl\\\/instytut-humanistyczny\\\/relacje-z-tegorocznych-spotkan-telekonferencyjnych-ze-studentami-lotewskiej-akademii-kultury-w-rydze\\\/#article\",\"isPartOf\":{\"@id\":\"https:\\\/\\\/pans.krosno.pl\\\/instytut-humanistyczny\\\/relacje-z-tegorocznych-spotkan-telekonferencyjnych-ze-studentami-lotewskiej-akademii-kultury-w-rydze\\\/\"},\"author\":{\"name\":\"Bartosz Go\u0142\u0105bek\",\"@id\":\"https:\\\/\\\/pans.krosno.pl\\\/instytut-humanistyczny\\\/#\\\/schema\\\/person\\\/cb70195a5aeabe88d51256d821faa2d9\"},\"headline\":\"Relacje student\u00f3w z tegorocznych spotka\u0144 telekonferencyjnych ze studentami \u0141otewskiej Akademii Kultury w Rydze\",\"datePublished\":\"2020-07-09T10:39:01+00:00\",\"dateModified\":\"2020-07-09T10:52:44+00:00\",\"mainEntityOfPage\":{\"@id\":\"https:\\\/\\\/pans.krosno.pl\\\/instytut-humanistyczny\\\/relacje-z-tegorocznych-spotkan-telekonferencyjnych-ze-studentami-lotewskiej-akademii-kultury-w-rydze\\\/\"},\"wordCount\":1185,\"commentCount\":0,\"publisher\":{\"@id\":\"https:\\\/\\\/pans.krosno.pl\\\/instytut-humanistyczny\\\/#organization\"},\"image\":{\"@id\":\"https:\\\/\\\/pans.krosno.pl\\\/instytut-humanistyczny\\\/relacje-z-tegorocznych-spotkan-telekonferencyjnych-ze-studentami-lotewskiej-akademii-kultury-w-rydze\\\/#primaryimage\"},\"thumbnailUrl\":\"https:\\\/\\\/pans.krosno.pl\\\/instytut-humanistyczny\\\/wp-content\\\/uploads\\\/sites\\\/9\\\/2020\\\/07\\\/riga2020.jpg\",\"inLanguage\":\"pl-PL\",\"potentialAction\":[{\"@type\":\"CommentAction\",\"name\":\"Comment\",\"target\":[\"https:\\\/\\\/pans.krosno.pl\\\/instytut-humanistyczny\\\/relacje-z-tegorocznych-spotkan-telekonferencyjnych-ze-studentami-lotewskiej-akademii-kultury-w-rydze\\\/#respond\"]}]},{\"@type\":\"WebPage\",\"@id\":\"https:\\\/\\\/pans.krosno.pl\\\/instytut-humanistyczny\\\/relacje-z-tegorocznych-spotkan-telekonferencyjnych-ze-studentami-lotewskiej-akademii-kultury-w-rydze\\\/\",\"url\":\"https:\\\/\\\/pans.krosno.pl\\\/instytut-humanistyczny\\\/relacje-z-tegorocznych-spotkan-telekonferencyjnych-ze-studentami-lotewskiej-akademii-kultury-w-rydze\\\/\",\"name\":\"Relacje student\u00f3w z tegorocznych spotka\u0144 telekonferencyjnych ze studentami \u0141otewskiej Akademii Kultury w Rydze - Instytut Humanistyczny PANS w Kro\u015bnie\",\"isPartOf\":{\"@id\":\"https:\\\/\\\/pans.krosno.pl\\\/instytut-humanistyczny\\\/#website\"},\"primaryImageOfPage\":{\"@id\":\"https:\\\/\\\/pans.krosno.pl\\\/instytut-humanistyczny\\\/relacje-z-tegorocznych-spotkan-telekonferencyjnych-ze-studentami-lotewskiej-akademii-kultury-w-rydze\\\/#primaryimage\"},\"image\":{\"@id\":\"https:\\\/\\\/pans.krosno.pl\\\/instytut-humanistyczny\\\/relacje-z-tegorocznych-spotkan-telekonferencyjnych-ze-studentami-lotewskiej-akademii-kultury-w-rydze\\\/#primaryimage\"},\"thumbnailUrl\":\"https:\\\/\\\/pans.krosno.pl\\\/instytut-humanistyczny\\\/wp-content\\\/uploads\\\/sites\\\/9\\\/2020\\\/07\\\/riga2020.jpg\",\"datePublished\":\"2020-07-09T10:39:01+00:00\",\"dateModified\":\"2020-07-09T10:52:44+00:00\",\"breadcrumb\":{\"@id\":\"https:\\\/\\\/pans.krosno.pl\\\/instytut-humanistyczny\\\/relacje-z-tegorocznych-spotkan-telekonferencyjnych-ze-studentami-lotewskiej-akademii-kultury-w-rydze\\\/#breadcrumb\"},\"inLanguage\":\"pl-PL\",\"potentialAction\":[{\"@type\":\"ReadAction\",\"target\":[\"https:\\\/\\\/pans.krosno.pl\\\/instytut-humanistyczny\\\/relacje-z-tegorocznych-spotkan-telekonferencyjnych-ze-studentami-lotewskiej-akademii-kultury-w-rydze\\\/\"]}]},{\"@type\":\"ImageObject\",\"inLanguage\":\"pl-PL\",\"@id\":\"https:\\\/\\\/pans.krosno.pl\\\/instytut-humanistyczny\\\/relacje-z-tegorocznych-spotkan-telekonferencyjnych-ze-studentami-lotewskiej-akademii-kultury-w-rydze\\\/#primaryimage\",\"url\":\"https:\\\/\\\/pans.krosno.pl\\\/instytut-humanistyczny\\\/wp-content\\\/uploads\\\/sites\\\/9\\\/2020\\\/07\\\/riga2020.jpg\",\"contentUrl\":\"https:\\\/\\\/pans.krosno.pl\\\/instytut-humanistyczny\\\/wp-content\\\/uploads\\\/sites\\\/9\\\/2020\\\/07\\\/riga2020.jpg\",\"width\":788,\"height\":444},{\"@type\":\"BreadcrumbList\",\"@id\":\"https:\\\/\\\/pans.krosno.pl\\\/instytut-humanistyczny\\\/relacje-z-tegorocznych-spotkan-telekonferencyjnych-ze-studentami-lotewskiej-akademii-kultury-w-rydze\\\/#breadcrumb\",\"itemListElement\":[{\"@type\":\"ListItem\",\"position\":1,\"name\":\"Strona g\u0142\u00f3wna\",\"item\":\"https:\\\/\\\/pans.krosno.pl\\\/instytut-humanistyczny\\\/\"},{\"@type\":\"ListItem\",\"position\":2,\"name\":\"Relacje student\u00f3w z tegorocznych spotka\u0144 telekonferencyjnych ze studentami \u0141otewskiej Akademii Kultury w Rydze\"}]},{\"@type\":\"WebSite\",\"@id\":\"https:\\\/\\\/pans.krosno.pl\\\/instytut-humanistyczny\\\/#website\",\"url\":\"https:\\\/\\\/pans.krosno.pl\\\/instytut-humanistyczny\\\/\",\"name\":\"Instytut Humanistyczny PANS w Kro\u015bnie\",\"description\":\"Instytut Humanistyczny - Pa\u0144stwowa Akademia Nauk Stosowanych\",\"publisher\":{\"@id\":\"https:\\\/\\\/pans.krosno.pl\\\/instytut-humanistyczny\\\/#organization\"},\"potentialAction\":[{\"@type\":\"SearchAction\",\"target\":{\"@type\":\"EntryPoint\",\"urlTemplate\":\"https:\\\/\\\/pans.krosno.pl\\\/instytut-humanistyczny\\\/?s={search_term_string}\"},\"query-input\":{\"@type\":\"PropertyValueSpecification\",\"valueRequired\":true,\"valueName\":\"search_term_string\"}}],\"inLanguage\":\"pl-PL\"},{\"@type\":\"Organization\",\"@id\":\"https:\\\/\\\/pans.krosno.pl\\\/instytut-humanistyczny\\\/#organization\",\"name\":\"Instytut Humanistyczny PANS w Kro\u015bnie\",\"url\":\"https:\\\/\\\/pans.krosno.pl\\\/instytut-humanistyczny\\\/\",\"logo\":{\"@type\":\"ImageObject\",\"inLanguage\":\"pl-PL\",\"@id\":\"https:\\\/\\\/pans.krosno.pl\\\/instytut-humanistyczny\\\/#\\\/schema\\\/logo\\\/image\\\/\",\"url\":\"https:\\\/\\\/pans.krosno.pl\\\/instytut-humanistyczny\\\/wp-content\\\/uploads\\\/sites\\\/9\\\/2023\\\/01\\\/Logo-PANS-2022-pelne.png\",\"contentUrl\":\"https:\\\/\\\/pans.krosno.pl\\\/instytut-humanistyczny\\\/wp-content\\\/uploads\\\/sites\\\/9\\\/2023\\\/01\\\/Logo-PANS-2022-pelne.png\",\"width\":3096,\"height\":696,\"caption\":\"Instytut Humanistyczny PANS w Kro\u015bnie\"},\"image\":{\"@id\":\"https:\\\/\\\/pans.krosno.pl\\\/instytut-humanistyczny\\\/#\\\/schema\\\/logo\\\/image\\\/\"}},{\"@type\":\"Person\",\"@id\":\"https:\\\/\\\/pans.krosno.pl\\\/instytut-humanistyczny\\\/#\\\/schema\\\/person\\\/cb70195a5aeabe88d51256d821faa2d9\",\"name\":\"Bartosz Go\u0142\u0105bek\",\"image\":{\"@type\":\"ImageObject\",\"inLanguage\":\"pl-PL\",\"@id\":\"https:\\\/\\\/secure.gravatar.com\\\/avatar\\\/ad10819676385baed8ebd4d7be0d4ba77dd5fdc0f4779d414dea3126fd3aec33?s=96&d=mm&r=g\",\"url\":\"https:\\\/\\\/secure.gravatar.com\\\/avatar\\\/ad10819676385baed8ebd4d7be0d4ba77dd5fdc0f4779d414dea3126fd3aec33?s=96&d=mm&r=g\",\"contentUrl\":\"https:\\\/\\\/secure.gravatar.com\\\/avatar\\\/ad10819676385baed8ebd4d7be0d4ba77dd5fdc0f4779d414dea3126fd3aec33?s=96&d=mm&r=g\",\"caption\":\"Bartosz Go\u0142\u0105bek\"},\"description\":\"dr Bartosz Go\u0142\u0105bek Dyrektor Instytutu Humanistycznego Karpacka Pa\u0144stwowa Uczelnia w Kro\u015bnie (dawniej PWSZ)\",\"url\":\"https:\\\/\\\/pans.krosno.pl\\\/instytut-humanistyczny\\\/author\\\/bartoszgolabek\\\/\"}]}<\/script>\n<!-- \/ Yoast SEO Premium plugin. -->","yoast_head_json":{"title":"Relacje student\u00f3w z tegorocznych spotka\u0144 telekonferencyjnych ze studentami \u0141otewskiej Akademii Kultury w Rydze - Instytut Humanistyczny PANS w Kro\u015bnie","robots":{"index":"index","follow":"follow","max-snippet":"max-snippet:-1","max-image-preview":"max-image-preview:large","max-video-preview":"max-video-preview:-1"},"canonical":"https:\/\/pans.krosno.pl\/instytut-humanistyczny\/relacje-z-tegorocznych-spotkan-telekonferencyjnych-ze-studentami-lotewskiej-akademii-kultury-w-rydze\/","og_locale":"pl_PL","og_type":"article","og_title":"Relacje student\u00f3w z tegorocznych spotka\u0144 telekonferencyjnych ze studentami \u0141otewskiej Akademii Kultury w Rydze","og_description":"W semestrze letnim 2019\/2020 studenci dwuj\u0119zykowych studi\u00f3w dla t\u0142umaczy oraz mi\u0119dzynarodowej komunikacji j\u0119zykowej w Kro\u015bnie mieli okazj\u0119 doskonali\u0107 komunikacj\u0119 w j\u0119zyku niemieckim &#8211; w ramach spotka\u0144 telekonferencyjnych &#8211; ze studentami \u0141otewskiej Akademii Kultury w Rydze. By\u0142 to czas nie tylko wyt\u0119\u017conej pracy, ale przede wszystkim czas wielu niezapomnianych prze\u017cy\u0107, interesuj\u0105cych [\u2026] Read More","og_url":"https:\/\/pans.krosno.pl\/instytut-humanistyczny\/relacje-z-tegorocznych-spotkan-telekonferencyjnych-ze-studentami-lotewskiej-akademii-kultury-w-rydze\/","og_site_name":"Instytut Humanistyczny PANS w Kro\u015bnie","article_published_time":"2020-07-09T10:39:01+00:00","article_modified_time":"2020-07-09T10:52:44+00:00","og_image":[{"width":788,"height":444,"url":"https:\/\/pans.krosno.pl\/wp-content\/uploads\/sites\/9\/2020\/07\/riga2020.jpg","type":"image\/jpeg"}],"author":"Bartosz Go\u0142\u0105bek","twitter_card":"summary_large_image","twitter_misc":{"Napisane przez":"Bartosz Go\u0142\u0105bek","Szacowany czas czytania":"6 minut"},"schema":{"@context":"https:\/\/schema.org","@graph":[{"@type":"Article","@id":"https:\/\/pans.krosno.pl\/instytut-humanistyczny\/relacje-z-tegorocznych-spotkan-telekonferencyjnych-ze-studentami-lotewskiej-akademii-kultury-w-rydze\/#article","isPartOf":{"@id":"https:\/\/pans.krosno.pl\/instytut-humanistyczny\/relacje-z-tegorocznych-spotkan-telekonferencyjnych-ze-studentami-lotewskiej-akademii-kultury-w-rydze\/"},"author":{"name":"Bartosz Go\u0142\u0105bek","@id":"https:\/\/pans.krosno.pl\/instytut-humanistyczny\/#\/schema\/person\/cb70195a5aeabe88d51256d821faa2d9"},"headline":"Relacje student\u00f3w z tegorocznych spotka\u0144 telekonferencyjnych ze studentami \u0141otewskiej Akademii Kultury w Rydze","datePublished":"2020-07-09T10:39:01+00:00","dateModified":"2020-07-09T10:52:44+00:00","mainEntityOfPage":{"@id":"https:\/\/pans.krosno.pl\/instytut-humanistyczny\/relacje-z-tegorocznych-spotkan-telekonferencyjnych-ze-studentami-lotewskiej-akademii-kultury-w-rydze\/"},"wordCount":1185,"commentCount":0,"publisher":{"@id":"https:\/\/pans.krosno.pl\/instytut-humanistyczny\/#organization"},"image":{"@id":"https:\/\/pans.krosno.pl\/instytut-humanistyczny\/relacje-z-tegorocznych-spotkan-telekonferencyjnych-ze-studentami-lotewskiej-akademii-kultury-w-rydze\/#primaryimage"},"thumbnailUrl":"https:\/\/pans.krosno.pl\/instytut-humanistyczny\/wp-content\/uploads\/sites\/9\/2020\/07\/riga2020.jpg","inLanguage":"pl-PL","potentialAction":[{"@type":"CommentAction","name":"Comment","target":["https:\/\/pans.krosno.pl\/instytut-humanistyczny\/relacje-z-tegorocznych-spotkan-telekonferencyjnych-ze-studentami-lotewskiej-akademii-kultury-w-rydze\/#respond"]}]},{"@type":"WebPage","@id":"https:\/\/pans.krosno.pl\/instytut-humanistyczny\/relacje-z-tegorocznych-spotkan-telekonferencyjnych-ze-studentami-lotewskiej-akademii-kultury-w-rydze\/","url":"https:\/\/pans.krosno.pl\/instytut-humanistyczny\/relacje-z-tegorocznych-spotkan-telekonferencyjnych-ze-studentami-lotewskiej-akademii-kultury-w-rydze\/","name":"Relacje student\u00f3w z tegorocznych spotka\u0144 telekonferencyjnych ze studentami \u0141otewskiej Akademii Kultury w Rydze - Instytut Humanistyczny PANS w Kro\u015bnie","isPartOf":{"@id":"https:\/\/pans.krosno.pl\/instytut-humanistyczny\/#website"},"primaryImageOfPage":{"@id":"https:\/\/pans.krosno.pl\/instytut-humanistyczny\/relacje-z-tegorocznych-spotkan-telekonferencyjnych-ze-studentami-lotewskiej-akademii-kultury-w-rydze\/#primaryimage"},"image":{"@id":"https:\/\/pans.krosno.pl\/instytut-humanistyczny\/relacje-z-tegorocznych-spotkan-telekonferencyjnych-ze-studentami-lotewskiej-akademii-kultury-w-rydze\/#primaryimage"},"thumbnailUrl":"https:\/\/pans.krosno.pl\/instytut-humanistyczny\/wp-content\/uploads\/sites\/9\/2020\/07\/riga2020.jpg","datePublished":"2020-07-09T10:39:01+00:00","dateModified":"2020-07-09T10:52:44+00:00","breadcrumb":{"@id":"https:\/\/pans.krosno.pl\/instytut-humanistyczny\/relacje-z-tegorocznych-spotkan-telekonferencyjnych-ze-studentami-lotewskiej-akademii-kultury-w-rydze\/#breadcrumb"},"inLanguage":"pl-PL","potentialAction":[{"@type":"ReadAction","target":["https:\/\/pans.krosno.pl\/instytut-humanistyczny\/relacje-z-tegorocznych-spotkan-telekonferencyjnych-ze-studentami-lotewskiej-akademii-kultury-w-rydze\/"]}]},{"@type":"ImageObject","inLanguage":"pl-PL","@id":"https:\/\/pans.krosno.pl\/instytut-humanistyczny\/relacje-z-tegorocznych-spotkan-telekonferencyjnych-ze-studentami-lotewskiej-akademii-kultury-w-rydze\/#primaryimage","url":"https:\/\/pans.krosno.pl\/instytut-humanistyczny\/wp-content\/uploads\/sites\/9\/2020\/07\/riga2020.jpg","contentUrl":"https:\/\/pans.krosno.pl\/instytut-humanistyczny\/wp-content\/uploads\/sites\/9\/2020\/07\/riga2020.jpg","width":788,"height":444},{"@type":"BreadcrumbList","@id":"https:\/\/pans.krosno.pl\/instytut-humanistyczny\/relacje-z-tegorocznych-spotkan-telekonferencyjnych-ze-studentami-lotewskiej-akademii-kultury-w-rydze\/#breadcrumb","itemListElement":[{"@type":"ListItem","position":1,"name":"Strona g\u0142\u00f3wna","item":"https:\/\/pans.krosno.pl\/instytut-humanistyczny\/"},{"@type":"ListItem","position":2,"name":"Relacje student\u00f3w z tegorocznych spotka\u0144 telekonferencyjnych ze studentami \u0141otewskiej Akademii Kultury w Rydze"}]},{"@type":"WebSite","@id":"https:\/\/pans.krosno.pl\/instytut-humanistyczny\/#website","url":"https:\/\/pans.krosno.pl\/instytut-humanistyczny\/","name":"Instytut Humanistyczny PANS w Kro\u015bnie","description":"Instytut Humanistyczny - Pa\u0144stwowa Akademia Nauk Stosowanych","publisher":{"@id":"https:\/\/pans.krosno.pl\/instytut-humanistyczny\/#organization"},"potentialAction":[{"@type":"SearchAction","target":{"@type":"EntryPoint","urlTemplate":"https:\/\/pans.krosno.pl\/instytut-humanistyczny\/?s={search_term_string}"},"query-input":{"@type":"PropertyValueSpecification","valueRequired":true,"valueName":"search_term_string"}}],"inLanguage":"pl-PL"},{"@type":"Organization","@id":"https:\/\/pans.krosno.pl\/instytut-humanistyczny\/#organization","name":"Instytut Humanistyczny PANS w Kro\u015bnie","url":"https:\/\/pans.krosno.pl\/instytut-humanistyczny\/","logo":{"@type":"ImageObject","inLanguage":"pl-PL","@id":"https:\/\/pans.krosno.pl\/instytut-humanistyczny\/#\/schema\/logo\/image\/","url":"https:\/\/pans.krosno.pl\/instytut-humanistyczny\/wp-content\/uploads\/sites\/9\/2023\/01\/Logo-PANS-2022-pelne.png","contentUrl":"https:\/\/pans.krosno.pl\/instytut-humanistyczny\/wp-content\/uploads\/sites\/9\/2023\/01\/Logo-PANS-2022-pelne.png","width":3096,"height":696,"caption":"Instytut Humanistyczny PANS w Kro\u015bnie"},"image":{"@id":"https:\/\/pans.krosno.pl\/instytut-humanistyczny\/#\/schema\/logo\/image\/"}},{"@type":"Person","@id":"https:\/\/pans.krosno.pl\/instytut-humanistyczny\/#\/schema\/person\/cb70195a5aeabe88d51256d821faa2d9","name":"Bartosz Go\u0142\u0105bek","image":{"@type":"ImageObject","inLanguage":"pl-PL","@id":"https:\/\/secure.gravatar.com\/avatar\/ad10819676385baed8ebd4d7be0d4ba77dd5fdc0f4779d414dea3126fd3aec33?s=96&d=mm&r=g","url":"https:\/\/secure.gravatar.com\/avatar\/ad10819676385baed8ebd4d7be0d4ba77dd5fdc0f4779d414dea3126fd3aec33?s=96&d=mm&r=g","contentUrl":"https:\/\/secure.gravatar.com\/avatar\/ad10819676385baed8ebd4d7be0d4ba77dd5fdc0f4779d414dea3126fd3aec33?s=96&d=mm&r=g","caption":"Bartosz Go\u0142\u0105bek"},"description":"dr Bartosz Go\u0142\u0105bek Dyrektor Instytutu Humanistycznego Karpacka Pa\u0144stwowa Uczelnia w Kro\u015bnie (dawniej PWSZ)","url":"https:\/\/pans.krosno.pl\/instytut-humanistyczny\/author\/bartoszgolabek\/"}]}},"_links":{"self":[{"href":"https:\/\/pans.krosno.pl\/instytut-humanistyczny\/wp-json\/wp\/v2\/posts\/557","targetHints":{"allow":["GET"]}}],"collection":[{"href":"https:\/\/pans.krosno.pl\/instytut-humanistyczny\/wp-json\/wp\/v2\/posts"}],"about":[{"href":"https:\/\/pans.krosno.pl\/instytut-humanistyczny\/wp-json\/wp\/v2\/types\/post"}],"author":[{"embeddable":true,"href":"https:\/\/pans.krosno.pl\/instytut-humanistyczny\/wp-json\/wp\/v2\/users\/57"}],"replies":[{"embeddable":true,"href":"https:\/\/pans.krosno.pl\/instytut-humanistyczny\/wp-json\/wp\/v2\/comments?post=557"}],"version-history":[{"count":3,"href":"https:\/\/pans.krosno.pl\/instytut-humanistyczny\/wp-json\/wp\/v2\/posts\/557\/revisions"}],"predecessor-version":[{"id":563,"href":"https:\/\/pans.krosno.pl\/instytut-humanistyczny\/wp-json\/wp\/v2\/posts\/557\/revisions\/563"}],"wp:featuredmedia":[{"embeddable":true,"href":"https:\/\/pans.krosno.pl\/instytut-humanistyczny\/wp-json\/wp\/v2\/media\/559"}],"wp:attachment":[{"href":"https:\/\/pans.krosno.pl\/instytut-humanistyczny\/wp-json\/wp\/v2\/media?parent=557"}],"wp:term":[{"taxonomy":"category","embeddable":true,"href":"https:\/\/pans.krosno.pl\/instytut-humanistyczny\/wp-json\/wp\/v2\/categories?post=557"},{"taxonomy":"post_tag","embeddable":true,"href":"https:\/\/pans.krosno.pl\/instytut-humanistyczny\/wp-json\/wp\/v2\/tags?post=557"}],"curies":[{"name":"wp","href":"https:\/\/api.w.org\/{rel}","templated":true}]}}