{"id":257,"date":"2020-03-10T17:08:00","date_gmt":"2020-03-10T16:08:00","guid":{"rendered":"https:\/\/pans.krosno.pl\/instytut-humanistyczny\/?p=257"},"modified":"2020-03-29T17:12:16","modified_gmt":"2020-03-29T15:12:16","slug":"wyjazd-nauczyl-mnie-wiele-samodzielnosci-odpowiedzialnosci-i-organizacji","status":"publish","type":"post","link":"https:\/\/pans.krosno.pl\/instytut-humanistyczny\/wyjazd-nauczyl-mnie-wiele-samodzielnosci-odpowiedzialnosci-i-organizacji\/","title":{"rendered":"&#8222;Wyjazd nauczy\u0142 mnie wiele samodzielno\u015bci, odpowiedzialno\u015bci i organizacji&#8221;"},"content":{"rendered":"<p>Cze\u015b\u0107! Mam na imi\u0119 Diana i semestr zimowy 2019\/2020 sp\u0119dzi\u0142am na wymianie Erasmus + w Hiszpanii. Od dziecka moim marzeniem by\u0142o zamieszka\u0107 w tym kraju, a sam\u0105 decyzj\u0119 o wyje\u017adzie podj\u0119\u0142am bardzo spontanicznie, co z perspektywy czasu, by\u0142o \u015bwietnym wyborem. Mimo, \u017ce pocz\u0105tkowo mia\u0142am jecha\u0107 sama, co troch\u0119 mnie stresowa\u0142o, to ju\u017c na lotnisku pozna\u0142am przyjaci\u00f3\u0142k\u0119, z kt\u00f3r\u0105 sp\u0119dzi\u0142am niezapomniane chwile. Nie ma co si\u0119 ba\u0107 jecha\u0107 samemu, poznasz mn\u00f3stwo wspania\u0142ych ludzi \ud83d\ude0a Ja studiowa\u0142am w ma\u0142ym mie\u015bcie w Andaluzji, w Huelvie.<\/p>\n\n\n<figure class=\"wp-block-image size-large\"><img loading=\"lazy\" decoding=\"async\" width=\"740\" height=\"740\" src=\"https:\/\/pans.krosno.pl\/instytut-humanistyczny\/wp-content\/uploads\/sites\/9\/2020\/03\/diana1.jpg\" alt=\"\" class=\"wp-image-258\" srcset=\"https:\/\/pans.krosno.pl\/instytut-humanistyczny\/wp-content\/uploads\/sites\/9\/2020\/03\/diana1.jpg 740w, https:\/\/pans.krosno.pl\/instytut-humanistyczny\/wp-content\/uploads\/sites\/9\/2020\/03\/diana1-300x300.jpg 300w, https:\/\/pans.krosno.pl\/instytut-humanistyczny\/wp-content\/uploads\/sites\/9\/2020\/03\/diana1-150x150.jpg 150w, https:\/\/pans.krosno.pl\/instytut-humanistyczny\/wp-content\/uploads\/sites\/9\/2020\/03\/diana1-580x580.jpg 580w\" sizes=\"auto, (max-width: 740px) 100vw, 740px\" \/><\/figure>\n\n\n<p>Przepi\u0119kne miasteczko, z typowym Hiszpa\u0144skim klimatem. Palmy na ka\u017cdym kroku, drzewa uginaj\u0105ce si\u0119 od pomara\u0144czy, niesamowite pla\u017ce i temperatura. \ud83d\ude0a Ludzie s\u0105 tam wyj\u0105tkowo mili, zawsze u\u015bmiechni\u0119ci, staraj\u0105 si\u0119 pomaga\u0107 na ka\u017cdym kroku- ale niestety, nie ma co liczy\u0107 na rozmow\u0119 po angielsku.<\/p>\n<p>Jad\u0105c do Andaluzji trzeba pami\u0119ta\u0107, \u017ce obecny jest tam troch\u0119 inny j\u0119zyk hiszpa\u0144ski, trudniejszy, a ludzie s\u0105 bardzo niech\u0119tni do rozmowy w innym j\u0119zyku.<\/p>\n\n\n<figure class=\"wp-block-image size-large\"><img loading=\"lazy\" decoding=\"async\" width=\"740\" height=\"740\" src=\"https:\/\/pans.krosno.pl\/instytut-humanistyczny\/wp-content\/uploads\/sites\/9\/2020\/03\/diana2.jpg\" alt=\"\" class=\"wp-image-260\" srcset=\"https:\/\/pans.krosno.pl\/instytut-humanistyczny\/wp-content\/uploads\/sites\/9\/2020\/03\/diana2.jpg 740w, https:\/\/pans.krosno.pl\/instytut-humanistyczny\/wp-content\/uploads\/sites\/9\/2020\/03\/diana2-300x300.jpg 300w, https:\/\/pans.krosno.pl\/instytut-humanistyczny\/wp-content\/uploads\/sites\/9\/2020\/03\/diana2-150x150.jpg 150w, https:\/\/pans.krosno.pl\/instytut-humanistyczny\/wp-content\/uploads\/sites\/9\/2020\/03\/diana2-580x580.jpg 580w\" sizes=\"auto, (max-width: 740px) 100vw, 740px\" \/><\/figure>\n\n\n<p>Kampus uniwersytetu robi wra\u017cenie, jest przeogromny. Same zaj\u0119cia nie nale\u017ca\u0142y do naj\u0142atwiejszych, ale ze wszystkimi problemami mo\u017cna by\u0142o zawsze zwr\u00f3ci\u0107 si\u0119 do ESN Huelva. Starali si\u0119 nam pomaga\u0107 jak tylko potrafili \ud83d\ude09Mnie ten wyjazd nauczy\u0142 wiele samodzielno\u015bci, odpowiedzialno\u015bci i organizacji.<\/p>\n<p>Jad\u0105c do tego kraju, wiedzia\u0142am jednak, \u017ce b\u0119d\u0119 skupia\u0107 si\u0119 na turystyce i pod tym wzgl\u0119dem by\u0142o lepiej ni\u017c sobie wyobra\u017ca\u0142am. Zwiedzi\u0142am z przyjaci\u00f3\u0142mi prawie wszystkie wi\u0119ksze miasta Andaluzji; Malaga, Grenada, Sewilla, Cordoba i nie tylko. By\u0142am te\u017c w Madrycie i kilku pi\u0119knych miejscach w Portugalii. Ja jestem zakochana w Hiszpanii i nie wyobra\u017cam sobie lepszego miejsca na wyjazd Erasmus +, a sam\u0105 Huelve oceniam bardzo pozytywnie i polecam wszystkim to miasto na sw\u00f3j wyjazd \ud83d\ude0a<\/p>\n<p>Diana Tenerowicz, III rok mi\u0119dzynarodowej komunikacji j\u0119zykowej<\/p>","protected":false},"excerpt":{"rendered":"<p>Cze\u015b\u0107! Mam na imi\u0119 Diana i semestr zimowy 2019\/2020 sp\u0119dzi\u0142am na wymianie Erasmus + w Hiszpanii. Od dziecka moim marzeniem by\u0142o zamieszka\u0107 w tym kraju, a sam\u0105 decyzj\u0119 o wyje\u017adzie podj\u0119\u0142am bardzo spontanicznie, co z perspektywy czasu, by\u0142o \u015bwietnym wyborem. Mimo, \u017ce pocz\u0105tkowo mia\u0142am jecha\u0107 sama, co troch\u0119 mnie stresowa\u0142o, [\u2026] <\/p>\n<div class=\"clear\"><\/div>\n<p><a class=\"more_link clearfix\" href=\"https:\/\/pans.krosno.pl\/instytut-humanistyczny\/wyjazd-nauczyl-mnie-wiele-samodzielnosci-odpowiedzialnosci-i-organizacji\/\" rel=\"nofollow\">Read More<\/a><\/p>\n","protected":false},"author":1,"featured_media":259,"comment_status":"open","ping_status":"open","sticky":false,"template":"","format":"standard","meta":{"ngg_post_thumbnail":0,"footnotes":""},"categories":[1],"tags":[],"class_list":["post-257","post","type-post","status-publish","format-standard","has-post-thumbnail","hentry","category-bez-kategorii"],"yoast_head":"<!-- This site is optimized with the Yoast SEO Premium plugin v27.4 (Yoast SEO v27.4) - https:\/\/yoast.com\/product\/yoast-seo-premium-wordpress\/ -->\n<title>&quot;Wyjazd nauczy\u0142 mnie wiele samodzielno\u015bci, odpowiedzialno\u015bci i organizacji&quot; - Instytut Humanistyczny PANS w Kro\u015bnie<\/title>\n<meta name=\"robots\" content=\"index, follow, max-snippet:-1, max-image-preview:large, max-video-preview:-1\" \/>\n<link rel=\"canonical\" href=\"https:\/\/pans.krosno.pl\/instytut-humanistyczny\/wyjazd-nauczyl-mnie-wiele-samodzielnosci-odpowiedzialnosci-i-organizacji\/\" \/>\n<meta property=\"og:locale\" content=\"pl_PL\" \/>\n<meta property=\"og:type\" content=\"article\" \/>\n<meta property=\"og:title\" content=\"&quot;Wyjazd nauczy\u0142 mnie wiele samodzielno\u015bci, odpowiedzialno\u015bci i organizacji&quot;\" \/>\n<meta property=\"og:description\" content=\"Cze\u015b\u0107! Mam na imi\u0119 Diana i semestr zimowy 2019\/2020 sp\u0119dzi\u0142am na wymianie Erasmus + w Hiszpanii. Od dziecka moim marzeniem by\u0142o zamieszka\u0107 w tym kraju, a sam\u0105 decyzj\u0119 o wyje\u017adzie podj\u0119\u0142am bardzo spontanicznie, co z perspektywy czasu, by\u0142o \u015bwietnym wyborem. Mimo, \u017ce pocz\u0105tkowo mia\u0142am jecha\u0107 sama, co troch\u0119 mnie stresowa\u0142o, [\u2026] Read More\" \/>\n<meta property=\"og:url\" content=\"https:\/\/pans.krosno.pl\/instytut-humanistyczny\/wyjazd-nauczyl-mnie-wiele-samodzielnosci-odpowiedzialnosci-i-organizacji\/\" \/>\n<meta property=\"og:site_name\" content=\"Instytut Humanistyczny PANS w Kro\u015bnie\" \/>\n<meta property=\"article:published_time\" content=\"2020-03-10T16:08:00+00:00\" \/>\n<meta property=\"article:modified_time\" content=\"2020-03-29T15:12:16+00:00\" \/>\n<meta property=\"og:image\" content=\"https:\/\/pans.krosno.pl\/wp-content\/uploads\/sites\/9\/2020\/03\/diana1-1.jpg\" \/>\n\t<meta property=\"og:image:width\" content=\"740\" \/>\n\t<meta property=\"og:image:height\" content=\"740\" \/>\n\t<meta property=\"og:image:type\" content=\"image\/jpeg\" \/>\n<meta name=\"author\" content=\"Administrator\" \/>\n<meta name=\"twitter:card\" content=\"summary_large_image\" \/>\n<meta name=\"twitter:label1\" content=\"Napisane przez\" \/>\n\t<meta name=\"twitter:data1\" content=\"Administrator\" \/>\n\t<meta name=\"twitter:label2\" content=\"Szacowany czas czytania\" \/>\n\t<meta name=\"twitter:data2\" content=\"2 minuty\" \/>\n<script type=\"application\/ld+json\" class=\"yoast-schema-graph\">{\"@context\":\"https:\\\/\\\/schema.org\",\"@graph\":[{\"@type\":\"Article\",\"@id\":\"https:\\\/\\\/pans.krosno.pl\\\/instytut-humanistyczny\\\/wyjazd-nauczyl-mnie-wiele-samodzielnosci-odpowiedzialnosci-i-organizacji\\\/#article\",\"isPartOf\":{\"@id\":\"https:\\\/\\\/pans.krosno.pl\\\/instytut-humanistyczny\\\/wyjazd-nauczyl-mnie-wiele-samodzielnosci-odpowiedzialnosci-i-organizacji\\\/\"},\"author\":{\"name\":\"Administrator\",\"@id\":\"https:\\\/\\\/pans.krosno.pl\\\/instytut-humanistyczny\\\/#\\\/schema\\\/person\\\/12971f03579845ed0517fe1750b4fccd\"},\"headline\":\"&#8222;Wyjazd nauczy\u0142 mnie wiele samodzielno\u015bci, odpowiedzialno\u015bci i organizacji&#8221;\",\"datePublished\":\"2020-03-10T16:08:00+00:00\",\"dateModified\":\"2020-03-29T15:12:16+00:00\",\"mainEntityOfPage\":{\"@id\":\"https:\\\/\\\/pans.krosno.pl\\\/instytut-humanistyczny\\\/wyjazd-nauczyl-mnie-wiele-samodzielnosci-odpowiedzialnosci-i-organizacji\\\/\"},\"wordCount\":337,\"commentCount\":0,\"publisher\":{\"@id\":\"https:\\\/\\\/pans.krosno.pl\\\/instytut-humanistyczny\\\/#organization\"},\"image\":{\"@id\":\"https:\\\/\\\/pans.krosno.pl\\\/instytut-humanistyczny\\\/wyjazd-nauczyl-mnie-wiele-samodzielnosci-odpowiedzialnosci-i-organizacji\\\/#primaryimage\"},\"thumbnailUrl\":\"https:\\\/\\\/pans.krosno.pl\\\/instytut-humanistyczny\\\/wp-content\\\/uploads\\\/sites\\\/9\\\/2020\\\/03\\\/diana1-1.jpg\",\"inLanguage\":\"pl-PL\",\"potentialAction\":[{\"@type\":\"CommentAction\",\"name\":\"Comment\",\"target\":[\"https:\\\/\\\/pans.krosno.pl\\\/instytut-humanistyczny\\\/wyjazd-nauczyl-mnie-wiele-samodzielnosci-odpowiedzialnosci-i-organizacji\\\/#respond\"]}]},{\"@type\":\"WebPage\",\"@id\":\"https:\\\/\\\/pans.krosno.pl\\\/instytut-humanistyczny\\\/wyjazd-nauczyl-mnie-wiele-samodzielnosci-odpowiedzialnosci-i-organizacji\\\/\",\"url\":\"https:\\\/\\\/pans.krosno.pl\\\/instytut-humanistyczny\\\/wyjazd-nauczyl-mnie-wiele-samodzielnosci-odpowiedzialnosci-i-organizacji\\\/\",\"name\":\"\\\"Wyjazd nauczy\u0142 mnie wiele samodzielno\u015bci, odpowiedzialno\u015bci i organizacji\\\" - Instytut Humanistyczny PANS w Kro\u015bnie\",\"isPartOf\":{\"@id\":\"https:\\\/\\\/pans.krosno.pl\\\/instytut-humanistyczny\\\/#website\"},\"primaryImageOfPage\":{\"@id\":\"https:\\\/\\\/pans.krosno.pl\\\/instytut-humanistyczny\\\/wyjazd-nauczyl-mnie-wiele-samodzielnosci-odpowiedzialnosci-i-organizacji\\\/#primaryimage\"},\"image\":{\"@id\":\"https:\\\/\\\/pans.krosno.pl\\\/instytut-humanistyczny\\\/wyjazd-nauczyl-mnie-wiele-samodzielnosci-odpowiedzialnosci-i-organizacji\\\/#primaryimage\"},\"thumbnailUrl\":\"https:\\\/\\\/pans.krosno.pl\\\/instytut-humanistyczny\\\/wp-content\\\/uploads\\\/sites\\\/9\\\/2020\\\/03\\\/diana1-1.jpg\",\"datePublished\":\"2020-03-10T16:08:00+00:00\",\"dateModified\":\"2020-03-29T15:12:16+00:00\",\"breadcrumb\":{\"@id\":\"https:\\\/\\\/pans.krosno.pl\\\/instytut-humanistyczny\\\/wyjazd-nauczyl-mnie-wiele-samodzielnosci-odpowiedzialnosci-i-organizacji\\\/#breadcrumb\"},\"inLanguage\":\"pl-PL\",\"potentialAction\":[{\"@type\":\"ReadAction\",\"target\":[\"https:\\\/\\\/pans.krosno.pl\\\/instytut-humanistyczny\\\/wyjazd-nauczyl-mnie-wiele-samodzielnosci-odpowiedzialnosci-i-organizacji\\\/\"]}]},{\"@type\":\"ImageObject\",\"inLanguage\":\"pl-PL\",\"@id\":\"https:\\\/\\\/pans.krosno.pl\\\/instytut-humanistyczny\\\/wyjazd-nauczyl-mnie-wiele-samodzielnosci-odpowiedzialnosci-i-organizacji\\\/#primaryimage\",\"url\":\"https:\\\/\\\/pans.krosno.pl\\\/instytut-humanistyczny\\\/wp-content\\\/uploads\\\/sites\\\/9\\\/2020\\\/03\\\/diana1-1.jpg\",\"contentUrl\":\"https:\\\/\\\/pans.krosno.pl\\\/instytut-humanistyczny\\\/wp-content\\\/uploads\\\/sites\\\/9\\\/2020\\\/03\\\/diana1-1.jpg\",\"width\":740,\"height\":740},{\"@type\":\"BreadcrumbList\",\"@id\":\"https:\\\/\\\/pans.krosno.pl\\\/instytut-humanistyczny\\\/wyjazd-nauczyl-mnie-wiele-samodzielnosci-odpowiedzialnosci-i-organizacji\\\/#breadcrumb\",\"itemListElement\":[{\"@type\":\"ListItem\",\"position\":1,\"name\":\"Strona g\u0142\u00f3wna\",\"item\":\"https:\\\/\\\/pans.krosno.pl\\\/instytut-humanistyczny\\\/\"},{\"@type\":\"ListItem\",\"position\":2,\"name\":\"&#8222;Wyjazd nauczy\u0142 mnie wiele samodzielno\u015bci, odpowiedzialno\u015bci i organizacji&#8221;\"}]},{\"@type\":\"WebSite\",\"@id\":\"https:\\\/\\\/pans.krosno.pl\\\/instytut-humanistyczny\\\/#website\",\"url\":\"https:\\\/\\\/pans.krosno.pl\\\/instytut-humanistyczny\\\/\",\"name\":\"Instytut Humanistyczny PANS w Kro\u015bnie\",\"description\":\"Instytut Humanistyczny - Pa\u0144stwowa Akademia Nauk Stosowanych\",\"publisher\":{\"@id\":\"https:\\\/\\\/pans.krosno.pl\\\/instytut-humanistyczny\\\/#organization\"},\"potentialAction\":[{\"@type\":\"SearchAction\",\"target\":{\"@type\":\"EntryPoint\",\"urlTemplate\":\"https:\\\/\\\/pans.krosno.pl\\\/instytut-humanistyczny\\\/?s={search_term_string}\"},\"query-input\":{\"@type\":\"PropertyValueSpecification\",\"valueRequired\":true,\"valueName\":\"search_term_string\"}}],\"inLanguage\":\"pl-PL\"},{\"@type\":\"Organization\",\"@id\":\"https:\\\/\\\/pans.krosno.pl\\\/instytut-humanistyczny\\\/#organization\",\"name\":\"Instytut Humanistyczny PANS w Kro\u015bnie\",\"url\":\"https:\\\/\\\/pans.krosno.pl\\\/instytut-humanistyczny\\\/\",\"logo\":{\"@type\":\"ImageObject\",\"inLanguage\":\"pl-PL\",\"@id\":\"https:\\\/\\\/pans.krosno.pl\\\/instytut-humanistyczny\\\/#\\\/schema\\\/logo\\\/image\\\/\",\"url\":\"https:\\\/\\\/pans.krosno.pl\\\/instytut-humanistyczny\\\/wp-content\\\/uploads\\\/sites\\\/9\\\/2023\\\/01\\\/Logo-PANS-2022-pelne.png\",\"contentUrl\":\"https:\\\/\\\/pans.krosno.pl\\\/instytut-humanistyczny\\\/wp-content\\\/uploads\\\/sites\\\/9\\\/2023\\\/01\\\/Logo-PANS-2022-pelne.png\",\"width\":3096,\"height\":696,\"caption\":\"Instytut Humanistyczny PANS w Kro\u015bnie\"},\"image\":{\"@id\":\"https:\\\/\\\/pans.krosno.pl\\\/instytut-humanistyczny\\\/#\\\/schema\\\/logo\\\/image\\\/\"}},{\"@type\":\"Person\",\"@id\":\"https:\\\/\\\/pans.krosno.pl\\\/instytut-humanistyczny\\\/#\\\/schema\\\/person\\\/12971f03579845ed0517fe1750b4fccd\",\"name\":\"Administrator\",\"image\":{\"@type\":\"ImageObject\",\"inLanguage\":\"pl-PL\",\"@id\":\"https:\\\/\\\/secure.gravatar.com\\\/avatar\\\/8fee26b74b37be19bf87f436145f02cc65c943a576dc506f29d26dcf95c71925?s=96&d=mm&r=g\",\"url\":\"https:\\\/\\\/secure.gravatar.com\\\/avatar\\\/8fee26b74b37be19bf87f436145f02cc65c943a576dc506f29d26dcf95c71925?s=96&d=mm&r=g\",\"contentUrl\":\"https:\\\/\\\/secure.gravatar.com\\\/avatar\\\/8fee26b74b37be19bf87f436145f02cc65c943a576dc506f29d26dcf95c71925?s=96&d=mm&r=g\",\"caption\":\"Administrator\"},\"url\":\"https:\\\/\\\/pans.krosno.pl\\\/instytut-humanistyczny\\\/author\\\/mateusz-lorenc\\\/\"}]}<\/script>\n<!-- \/ Yoast SEO Premium plugin. -->","yoast_head_json":{"title":"\"Wyjazd nauczy\u0142 mnie wiele samodzielno\u015bci, odpowiedzialno\u015bci i organizacji\" - Instytut Humanistyczny PANS w Kro\u015bnie","robots":{"index":"index","follow":"follow","max-snippet":"max-snippet:-1","max-image-preview":"max-image-preview:large","max-video-preview":"max-video-preview:-1"},"canonical":"https:\/\/pans.krosno.pl\/instytut-humanistyczny\/wyjazd-nauczyl-mnie-wiele-samodzielnosci-odpowiedzialnosci-i-organizacji\/","og_locale":"pl_PL","og_type":"article","og_title":"\"Wyjazd nauczy\u0142 mnie wiele samodzielno\u015bci, odpowiedzialno\u015bci i organizacji\"","og_description":"Cze\u015b\u0107! Mam na imi\u0119 Diana i semestr zimowy 2019\/2020 sp\u0119dzi\u0142am na wymianie Erasmus + w Hiszpanii. Od dziecka moim marzeniem by\u0142o zamieszka\u0107 w tym kraju, a sam\u0105 decyzj\u0119 o wyje\u017adzie podj\u0119\u0142am bardzo spontanicznie, co z perspektywy czasu, by\u0142o \u015bwietnym wyborem. Mimo, \u017ce pocz\u0105tkowo mia\u0142am jecha\u0107 sama, co troch\u0119 mnie stresowa\u0142o, [\u2026] Read More","og_url":"https:\/\/pans.krosno.pl\/instytut-humanistyczny\/wyjazd-nauczyl-mnie-wiele-samodzielnosci-odpowiedzialnosci-i-organizacji\/","og_site_name":"Instytut Humanistyczny PANS w Kro\u015bnie","article_published_time":"2020-03-10T16:08:00+00:00","article_modified_time":"2020-03-29T15:12:16+00:00","og_image":[{"width":740,"height":740,"url":"https:\/\/pans.krosno.pl\/wp-content\/uploads\/sites\/9\/2020\/03\/diana1-1.jpg","type":"image\/jpeg"}],"author":"Administrator","twitter_card":"summary_large_image","twitter_misc":{"Napisane przez":"Administrator","Szacowany czas czytania":"2 minuty"},"schema":{"@context":"https:\/\/schema.org","@graph":[{"@type":"Article","@id":"https:\/\/pans.krosno.pl\/instytut-humanistyczny\/wyjazd-nauczyl-mnie-wiele-samodzielnosci-odpowiedzialnosci-i-organizacji\/#article","isPartOf":{"@id":"https:\/\/pans.krosno.pl\/instytut-humanistyczny\/wyjazd-nauczyl-mnie-wiele-samodzielnosci-odpowiedzialnosci-i-organizacji\/"},"author":{"name":"Administrator","@id":"https:\/\/pans.krosno.pl\/instytut-humanistyczny\/#\/schema\/person\/12971f03579845ed0517fe1750b4fccd"},"headline":"&#8222;Wyjazd nauczy\u0142 mnie wiele samodzielno\u015bci, odpowiedzialno\u015bci i organizacji&#8221;","datePublished":"2020-03-10T16:08:00+00:00","dateModified":"2020-03-29T15:12:16+00:00","mainEntityOfPage":{"@id":"https:\/\/pans.krosno.pl\/instytut-humanistyczny\/wyjazd-nauczyl-mnie-wiele-samodzielnosci-odpowiedzialnosci-i-organizacji\/"},"wordCount":337,"commentCount":0,"publisher":{"@id":"https:\/\/pans.krosno.pl\/instytut-humanistyczny\/#organization"},"image":{"@id":"https:\/\/pans.krosno.pl\/instytut-humanistyczny\/wyjazd-nauczyl-mnie-wiele-samodzielnosci-odpowiedzialnosci-i-organizacji\/#primaryimage"},"thumbnailUrl":"https:\/\/pans.krosno.pl\/instytut-humanistyczny\/wp-content\/uploads\/sites\/9\/2020\/03\/diana1-1.jpg","inLanguage":"pl-PL","potentialAction":[{"@type":"CommentAction","name":"Comment","target":["https:\/\/pans.krosno.pl\/instytut-humanistyczny\/wyjazd-nauczyl-mnie-wiele-samodzielnosci-odpowiedzialnosci-i-organizacji\/#respond"]}]},{"@type":"WebPage","@id":"https:\/\/pans.krosno.pl\/instytut-humanistyczny\/wyjazd-nauczyl-mnie-wiele-samodzielnosci-odpowiedzialnosci-i-organizacji\/","url":"https:\/\/pans.krosno.pl\/instytut-humanistyczny\/wyjazd-nauczyl-mnie-wiele-samodzielnosci-odpowiedzialnosci-i-organizacji\/","name":"\"Wyjazd nauczy\u0142 mnie wiele samodzielno\u015bci, odpowiedzialno\u015bci i organizacji\" - Instytut Humanistyczny PANS w Kro\u015bnie","isPartOf":{"@id":"https:\/\/pans.krosno.pl\/instytut-humanistyczny\/#website"},"primaryImageOfPage":{"@id":"https:\/\/pans.krosno.pl\/instytut-humanistyczny\/wyjazd-nauczyl-mnie-wiele-samodzielnosci-odpowiedzialnosci-i-organizacji\/#primaryimage"},"image":{"@id":"https:\/\/pans.krosno.pl\/instytut-humanistyczny\/wyjazd-nauczyl-mnie-wiele-samodzielnosci-odpowiedzialnosci-i-organizacji\/#primaryimage"},"thumbnailUrl":"https:\/\/pans.krosno.pl\/instytut-humanistyczny\/wp-content\/uploads\/sites\/9\/2020\/03\/diana1-1.jpg","datePublished":"2020-03-10T16:08:00+00:00","dateModified":"2020-03-29T15:12:16+00:00","breadcrumb":{"@id":"https:\/\/pans.krosno.pl\/instytut-humanistyczny\/wyjazd-nauczyl-mnie-wiele-samodzielnosci-odpowiedzialnosci-i-organizacji\/#breadcrumb"},"inLanguage":"pl-PL","potentialAction":[{"@type":"ReadAction","target":["https:\/\/pans.krosno.pl\/instytut-humanistyczny\/wyjazd-nauczyl-mnie-wiele-samodzielnosci-odpowiedzialnosci-i-organizacji\/"]}]},{"@type":"ImageObject","inLanguage":"pl-PL","@id":"https:\/\/pans.krosno.pl\/instytut-humanistyczny\/wyjazd-nauczyl-mnie-wiele-samodzielnosci-odpowiedzialnosci-i-organizacji\/#primaryimage","url":"https:\/\/pans.krosno.pl\/instytut-humanistyczny\/wp-content\/uploads\/sites\/9\/2020\/03\/diana1-1.jpg","contentUrl":"https:\/\/pans.krosno.pl\/instytut-humanistyczny\/wp-content\/uploads\/sites\/9\/2020\/03\/diana1-1.jpg","width":740,"height":740},{"@type":"BreadcrumbList","@id":"https:\/\/pans.krosno.pl\/instytut-humanistyczny\/wyjazd-nauczyl-mnie-wiele-samodzielnosci-odpowiedzialnosci-i-organizacji\/#breadcrumb","itemListElement":[{"@type":"ListItem","position":1,"name":"Strona g\u0142\u00f3wna","item":"https:\/\/pans.krosno.pl\/instytut-humanistyczny\/"},{"@type":"ListItem","position":2,"name":"&#8222;Wyjazd nauczy\u0142 mnie wiele samodzielno\u015bci, odpowiedzialno\u015bci i organizacji&#8221;"}]},{"@type":"WebSite","@id":"https:\/\/pans.krosno.pl\/instytut-humanistyczny\/#website","url":"https:\/\/pans.krosno.pl\/instytut-humanistyczny\/","name":"Instytut Humanistyczny PANS w Kro\u015bnie","description":"Instytut Humanistyczny - Pa\u0144stwowa Akademia Nauk Stosowanych","publisher":{"@id":"https:\/\/pans.krosno.pl\/instytut-humanistyczny\/#organization"},"potentialAction":[{"@type":"SearchAction","target":{"@type":"EntryPoint","urlTemplate":"https:\/\/pans.krosno.pl\/instytut-humanistyczny\/?s={search_term_string}"},"query-input":{"@type":"PropertyValueSpecification","valueRequired":true,"valueName":"search_term_string"}}],"inLanguage":"pl-PL"},{"@type":"Organization","@id":"https:\/\/pans.krosno.pl\/instytut-humanistyczny\/#organization","name":"Instytut Humanistyczny PANS w Kro\u015bnie","url":"https:\/\/pans.krosno.pl\/instytut-humanistyczny\/","logo":{"@type":"ImageObject","inLanguage":"pl-PL","@id":"https:\/\/pans.krosno.pl\/instytut-humanistyczny\/#\/schema\/logo\/image\/","url":"https:\/\/pans.krosno.pl\/instytut-humanistyczny\/wp-content\/uploads\/sites\/9\/2023\/01\/Logo-PANS-2022-pelne.png","contentUrl":"https:\/\/pans.krosno.pl\/instytut-humanistyczny\/wp-content\/uploads\/sites\/9\/2023\/01\/Logo-PANS-2022-pelne.png","width":3096,"height":696,"caption":"Instytut Humanistyczny PANS w Kro\u015bnie"},"image":{"@id":"https:\/\/pans.krosno.pl\/instytut-humanistyczny\/#\/schema\/logo\/image\/"}},{"@type":"Person","@id":"https:\/\/pans.krosno.pl\/instytut-humanistyczny\/#\/schema\/person\/12971f03579845ed0517fe1750b4fccd","name":"Administrator","image":{"@type":"ImageObject","inLanguage":"pl-PL","@id":"https:\/\/secure.gravatar.com\/avatar\/8fee26b74b37be19bf87f436145f02cc65c943a576dc506f29d26dcf95c71925?s=96&d=mm&r=g","url":"https:\/\/secure.gravatar.com\/avatar\/8fee26b74b37be19bf87f436145f02cc65c943a576dc506f29d26dcf95c71925?s=96&d=mm&r=g","contentUrl":"https:\/\/secure.gravatar.com\/avatar\/8fee26b74b37be19bf87f436145f02cc65c943a576dc506f29d26dcf95c71925?s=96&d=mm&r=g","caption":"Administrator"},"url":"https:\/\/pans.krosno.pl\/instytut-humanistyczny\/author\/mateusz-lorenc\/"}]}},"_links":{"self":[{"href":"https:\/\/pans.krosno.pl\/instytut-humanistyczny\/wp-json\/wp\/v2\/posts\/257","targetHints":{"allow":["GET"]}}],"collection":[{"href":"https:\/\/pans.krosno.pl\/instytut-humanistyczny\/wp-json\/wp\/v2\/posts"}],"about":[{"href":"https:\/\/pans.krosno.pl\/instytut-humanistyczny\/wp-json\/wp\/v2\/types\/post"}],"author":[{"embeddable":true,"href":"https:\/\/pans.krosno.pl\/instytut-humanistyczny\/wp-json\/wp\/v2\/users\/1"}],"replies":[{"embeddable":true,"href":"https:\/\/pans.krosno.pl\/instytut-humanistyczny\/wp-json\/wp\/v2\/comments?post=257"}],"version-history":[{"count":1,"href":"https:\/\/pans.krosno.pl\/instytut-humanistyczny\/wp-json\/wp\/v2\/posts\/257\/revisions"}],"predecessor-version":[{"id":261,"href":"https:\/\/pans.krosno.pl\/instytut-humanistyczny\/wp-json\/wp\/v2\/posts\/257\/revisions\/261"}],"wp:featuredmedia":[{"embeddable":true,"href":"https:\/\/pans.krosno.pl\/instytut-humanistyczny\/wp-json\/wp\/v2\/media\/259"}],"wp:attachment":[{"href":"https:\/\/pans.krosno.pl\/instytut-humanistyczny\/wp-json\/wp\/v2\/media?parent=257"}],"wp:term":[{"taxonomy":"category","embeddable":true,"href":"https:\/\/pans.krosno.pl\/instytut-humanistyczny\/wp-json\/wp\/v2\/categories?post=257"},{"taxonomy":"post_tag","embeddable":true,"href":"https:\/\/pans.krosno.pl\/instytut-humanistyczny\/wp-json\/wp\/v2\/tags?post=257"}],"curies":[{"name":"wp","href":"https:\/\/api.w.org\/{rel}","templated":true}]}}