{"id":203,"date":"2020-03-26T15:41:00","date_gmt":"2020-03-26T14:41:00","guid":{"rendered":"https:\/\/pans.krosno.pl\/instytut-humanistyczny\/?p=203"},"modified":"2020-03-29T16:49:26","modified_gmt":"2020-03-29T14:49:26","slug":"global-issues-conference-5","status":"publish","type":"post","link":"https:\/\/pans.krosno.pl\/instytut-humanistyczny\/global-issues-conference-5\/","title":{"rendered":"Global Issues Conference 5"},"content":{"rendered":"\n<figure class=\"wp-block-image size-large is-resized\"><img loading=\"lazy\" decoding=\"async\" src=\"https:\/\/pans.krosno.pl\/instytut-humanistyczny\/wp-content\/uploads\/sites\/9\/2020\/03\/global_baner.png\" alt=\"\" class=\"wp-image-204\" width=\"587\" height=\"165\" srcset=\"https:\/\/pans.krosno.pl\/instytut-humanistyczny\/wp-content\/uploads\/sites\/9\/2020\/03\/global_baner.png 960w, https:\/\/pans.krosno.pl\/instytut-humanistyczny\/wp-content\/uploads\/sites\/9\/2020\/03\/global_baner-300x85.png 300w, https:\/\/pans.krosno.pl\/instytut-humanistyczny\/wp-content\/uploads\/sites\/9\/2020\/03\/global_baner-768x217.png 768w, https:\/\/pans.krosno.pl\/instytut-humanistyczny\/wp-content\/uploads\/sites\/9\/2020\/03\/global_baner-800x226.png 800w, https:\/\/pans.krosno.pl\/instytut-humanistyczny\/wp-content\/uploads\/sites\/9\/2020\/03\/global_baner-580x164.png 580w\" sizes=\"auto, (max-width: 587px) 100vw, 587px\" \/><\/figure>\n\n\n<p>W dniach 30 marca &#8211; 2 kwietnia 2020 Serdecznie zapraszamy do zdalnego udzia\u0142u w mi\u0119dzynarodowej globalnej konferencji Global Issues Conference 5 organizowanej przez East Carolina University we wsp\u00f3\u0142pracy z PWSZ w Kro\u015bnie.&nbsp;<\/p>\n<p>Program i linki, kt\u00f3re umo\u017cliwiaj\u0105 do\u0142\u0105czanie si\u0119 do poszczeg\u00f3lnych sesji s\u0105 dost\u0119pne na stronie&nbsp;<a href=\"https:\/\/thegpe.org\/5th-global-issues-conference\/\">https:\/\/thegpe.org\/5th-global-issues-conference\/<\/a>&nbsp;oraz poni\u017cej.&nbsp;<\/p>\n<p>Sesje obejmuj\u0105 Globaln\u0105 edukacj\u0119, Globalny biznes i ekonomi\u0119, Globalne \u015brodowisko, Mi\u0119dzynarodow\u0105 polityk\u0119, Globalne wyzwania spo\u0142eczne i Problemy zdrowotne na \u015bwiecie. Prezenterami m.in. s\u0105 studenci filologii angielskiej i dwuj\u0119zykowych studi\u00f3w dla t\u0142umaczy z PWSZ w Kro\u015bnie.<\/p>\n<p>Niekt\u00f3re sesje moderowane s\u0105 r\u00f3wnie\u017c przez kro\u015bnie\u0144skich wyk\u0142adowc\u00f3w.<\/p>\n<p>Serdecznie zapraszamy wszystkich zainteresowanych do wzi\u0119cia udzia\u0142u w tym wydarzeniu &#8211; nawet w czasie zarazy nasza konferencja przebiega zgodnie z planem.<\/p>\n<p>Poni\u017cej do\u0142\u0105czamy plan konferencji z linkami do poszczeg\u00f3lnych sesji oraz ksi\u0105\u017ck\u0119 abstrakt\u00f3w w pliku pdf.&nbsp;<\/p>\n\n\n<h2 class=\"has-text-align-center wp-block-heading\">GIC5 Sessions Timetable<\/h2>\n\n\n\n<p class=\"has-text-align-center\">Monday March 30<sup>th<\/sup>\u00a0\u2013 Thursday April 2<sup>nd<\/sup><\/p>\n\n\n<p>All times and dates given are at GPE time, the equivalent to EST or New York City time. Please use a time zone convertor to find your local time.<\/p>\n<h4 style=\"font-weight: 400\"><strong>Monday 30<sup>th<\/sup><\/strong><\/h4>\n<p style=\"font-weight: 400\"><strong>7:00-8:00am GPE time (13:00 czasu polskiego)<br><\/strong><strong>Global Education 1 &#8211;&nbsp;<\/strong><a href=\"https:\/\/zoom.us\/j\/901274587\">https:\/\/zoom.us\/j\/901274587<\/a><\/p>\n\n\n<figure class=\"wp-block-table is-style-stripes\"><table class=\"\"><tbody><tr><td> <strong>Institution<\/strong><\/td><td> <strong>Presenter(s)<\/strong> <\/td><td> <strong>Paper Title<\/strong><\/td><\/tr><tr><td>FJWU &#8211; Pakistan <\/td><td>Dr. Adeela Rehman <\/td><td> Students perspective and experiences towards emerging technology-oriented teaching methodologies in higher education: a sociological analysis. <\/td><\/tr><tr><td> UABT &#8211; Algeria <\/td><td> Prof. Noureddine Mouhadjer;<br>Dr. Mohammed Kheladi;<br>Mr. Amine Belaid <\/td><td>Virtual Environment and Social Skills Development<\/td><\/tr><tr><td> ECU &#8211; USA<\/td><td> Ashley Bell<\/td><td> Let Positive Thoughts Lead the Way<\/td><\/tr><\/tbody><\/table><\/figure>\n\n\n<p>&nbsp;<\/p>\n<p><strong data-rich-text-format-boundary=\"true\">0:00-11:00am GPE time (16:00 czasu polskiego)<\/strong><br data-rich-text-line-break=\"true\"><strong>Global Business &amp; Economics &#8211;&nbsp;<\/strong><a href=\"https:\/\/zoom.us\/j\/262349323\" target=\"_blank\" rel=\"noreferrer noopener\">https:\/\/zoom.us\/j\/262349323<\/a><\/p>\n\n\n<figure class=\"wp-block-table is-style-stripes\"><table class=\"\"><tbody><tr><td> <strong>Institution<\/strong><\/td><td> <strong>Presenter(s)<\/strong><\/td><td> <strong>Paper Title<\/strong> <\/td><\/tr><tr><td> LSC &#8211; Colombia <\/td><td> Maria Fernanda Silva Penaloza; Robert Ojeda Perez<\/td><td> Perceptions on trade of cultural goods in Mexico, United States and Ukraine.<\/td><\/tr><tr><td> UTG \u2013 The Gambia<\/td><td> Joy Nwamah;<br>Willem Klijnstra <\/td><td> An investigation on determinants that deters the growth of industrialization in The Gambia.in The Gambia<\/td><\/tr><tr><td> ESAN \u2013 Peru <\/td><td> Mariella Olivos;<br>Stella Tippin <\/td><td> An answer to the internationalization challenge for Business Schools is institutional networks support: Lessons learned from CLADEA COIL <\/td><\/tr><\/tbody><\/table><\/figure>\n\n\n<h4 style=\"font-weight: 400\"><strong>Thuesday 31<sup>th<\/sup><\/strong><\/h4>\n<p style=\"font-weight: 400\"><strong>7:00-7:45am GPE time (13:00 czasu polskiego)<br><\/strong><strong>Global Environment &#8211;&nbsp;<\/strong><a href=\"https:\/\/zoom.us\/j\/347180771\">https:\/\/zoom.us\/j\/347180771<\/a><\/p>\n\n\n<figure class=\"wp-block-table is-style-stripes\"><table class=\"\"><tbody><tr><td> <strong>Institution<\/strong> <\/td><td> <strong>Presenter(s)<\/strong> <\/td><td> <strong>Paper Title<\/strong> <\/td><\/tr><tr><td> FJWU &#8211; Pakistan<\/td><td> Dr. Aliya Fazal <\/td><td> Impact analysis of Glacial Lakes on land use \/land cover dynamics of Karakoram Using Satellite Imagery from 1998-2018<\/td><\/tr><tr><td> ECU &#8211; USA <\/td><td> Madison Johnson<\/td><td> The Importance of Duck Hunting<\/td><\/tr><\/tbody><\/table><\/figure>\n\n\n<p style=\"font-weight: 400\"><strong><br>8:00-9:00am GPE time (14:00 czasu polskiego)<br><\/strong><strong>International Politics 1 &#8211;&nbsp;<\/strong><a href=\"https:\/\/zoom.us\/j\/866043777\">https:\/\/zoom.us\/j\/866043777<\/a><\/p>\n\n\n<figure class=\"wp-block-table is-style-stripes\"><table class=\"\"><tbody><tr><td> <strong>Institution<\/strong> <\/td><td> <strong>Presenter(s)<\/strong> <\/td><td> <strong>Paper Title<\/strong><\/td><\/tr><tr><td> SNNU &#8211; China <\/td><td> Hengfeng Zhao <\/td><td> Ontological identity and biased understandings to China<\/td><\/tr><tr><td> ECU &#8211; USA <\/td><td> Philip Jackson<\/td><td> Game Theoretic Analysis of the North Korean Missile Crisis<\/td><\/tr><tr><td> KSC \u2013 Poland<\/td><td> Bartosz Golabek<\/td><td> One History &#8211; Two Perspectives. Official Poland&#8217;s And Official Russia&#8217;s argument on WW II.<\/td><\/tr><\/tbody><\/table><\/figure>\n\n\n<p style=\"font-weight: 400\"><strong><br>9:30-10:30 GPE time (15:30 czasu polskiego)<br><\/strong><strong>International Politics 2 &#8211;&nbsp;<\/strong><a href=\"https:\/\/zoom.us\/j\/948438913\">https:\/\/zoom.us\/j\/948438913<\/a><\/p>\n\n\n<figure class=\"wp-block-table is-style-stripes\"><table class=\"\"><tbody><tr><td> <strong>Institution<\/strong>  <\/td><td>  <strong>Presenter(s)<\/strong>  <\/td><td>  <strong>Paper Title<\/strong> <\/td><\/tr><tr><td> IUO &#8211; Nigeria<\/td><td> Dr. Femi Olufunmilade<\/td><td> Horrible Movies: A Content Analysis of Propaganda Videos of Boko Haram Terrorist Sect in Nigeria<\/td><\/tr><tr><td> UTG &#8211; The Gambia<\/td><td> Dr Nelson Goldpin Obah-Akpowoghaha <\/td><td> Porous Borders and the Challenge of National Integration in Africa: An Examination of Ghana, Nigeria and Republic Niger<\/td><\/tr><tr><td> ECU &#8211; USA<\/td><td> Roman Bilian <\/td><td> The Labor Impact of the 2014 War in Ukraine<\/td><\/tr><\/tbody><\/table><\/figure>\n\n\n<h4 style=\"font-weight: 400\"><strong>April <b><span lang=\"EN-US\">1<sup>st<\/sup><\/span><\/b><\/strong><\/h4>\n<p style=\"font-weight: 400\"><strong>7:00-8:00am GPE time (13:00 czasu polskiego)<br><\/strong><strong>Global Social Challenges 1 &#8211;&nbsp;<\/strong><a href=\"https:\/\/zoom.us\/j\/736998919\">https:\/\/zoom.us\/j\/736998919<\/a><\/p>\n\n\n<figure class=\"wp-block-table is-style-stripes\"><table class=\"\"><tbody><tr><td> <strong>Institution<\/strong> <\/td><td> <strong>Presenter(s)<\/strong><\/td><td> <strong>Paper Title<\/strong> <\/td><\/tr><tr><td> FJWU &#8211; Pakistan<\/td><td> Hina Arooj<\/td><td> Impact of Social media globalization in causing Brand Consciousness among Girls<\/td><\/tr><tr><td> UOP &#8211; Pakistan<\/td><td> Dr. Sahira Zaman<\/td><td> Perception of young adults about young females\u2019 participation in sports<\/td><\/tr><tr><td> ECU &#8211; USA<\/td><td> Brittany Alligood<\/td><td> The Relationships Between Gender-Neutral Parenting Attitudes, Negative Dimensions of Sexual Orientation Identity, And Child Outcomes Among Lesbian Mothers<\/td><\/tr><\/tbody><\/table><\/figure>\n\n\n<p>&nbsp;<\/p>\n<p style=\"font-weight: 400\"><strong>10:00-11:00am GPE time (16:00 czasu polskiego)<br><\/strong><strong>Global Education 2 &#8211;&nbsp;<\/strong><a href=\"https:\/\/zoom.us\/j\/627381397\">https:\/\/zoom.us\/j\/627381397<\/a><\/p>\n\n\n<figure class=\"wp-block-table is-style-stripes\"><table class=\"\"><tbody><tr><td> <strong>Institution<\/strong> <\/td><td> <strong>Presenter(s)<\/strong> <\/td><td> <strong>Paper Title<\/strong> <\/td><\/tr><tr><td> ESAN &#8211; Peru <\/td><td> Mariella Olivos;<br>Mariella Camargo <\/td><td> Promoting research through student\u2019s cross-cultural interaction: Lessons learned from collaborative projects in S- Commerce and Social Media and Leadership between students in Peru, Mexico and USA. <\/td><\/tr><tr><td> FAJ-Brazil <\/td><td> Ana Maria Girotti Sperandio; Marcia Maria Arco e Flexa Ferreira da Costa<\/td><td> Social steam maker, from digital to clay: educational technology for high school.<\/td><\/tr><tr><td> ECU &#8211; USA<\/td><td> Nidhi Sharma<\/td><td> Culture Shock and Adaptation: Understanding Challenges and Proposing Workshop <\/td><\/tr><\/tbody><\/table><\/figure>\n\n\n<h4 style=\"font-weight: 400\"><strong>April <b><span lang=\"EN-US\">2<sup>nd<\/sup><\/span><\/b><\/strong><\/h4>\n<p style=\"font-weight: 400\"><strong>7:00-8:00am GPE time (13:00 czasu polskiego)&nbsp;<br><\/strong><strong>World Health Issues &#8211;&nbsp;<\/strong><a href=\"https:\/\/zoom.us\/j\/941351378\">https:\/\/zoom.us\/j\/941351378<\/a><\/p>\n\n\n<figure class=\"wp-block-table is-style-stripes\"><table class=\"\"><tbody><tr><td> <strong>Institution<\/strong> <\/td><td> <strong>Presenter(s)<\/strong> <\/td><td> <strong>Paper Title<\/strong> <\/td><\/tr><tr><td> FJWU &#8211; Pakistan<\/td><td> Dr. Adeela Rehman <\/td><td> Nutritional Deficiencies among Adolescents: Challenges for Healthcare System <\/td><\/tr><tr><td> FAJ-Brazil <\/td><td> Ana Maria Girotti Sperandio; Nadejda Magno Francisco dos Santos; Alessangela Maria Soriani; Vinicius Conessa;<br>Anelize Sgorlon Pinheiro Torres <\/td><td> Interdisciplinary study of perception of signs and symptoms of anxiety and depression in a university center, Sao Paulo, Brazil.<\/td><\/tr><tr><td> KSC &#8211; Poland<\/td><td> Wiktor Czaplicki<\/td><td> Technological progress for disabled people <\/td><\/tr><\/tbody><\/table><\/figure>\n\n\n<p>&nbsp;<\/p>\n<p style=\"font-weight: 400\"><strong>10:00-11:30am GPE time (16:00 czasu polskiego)<br><\/strong><strong>Global Social Challenges 2 &#8211;&nbsp;<\/strong><a href=\"https:\/\/zoom.us\/j\/513602284\">https:\/\/zoom.us\/j\/513602284<\/a><\/p>\n\n\n<figure class=\"wp-block-table is-style-stripes\"><table class=\"\"><tbody><tr><td> <strong>Institution<\/strong> <\/td><td> <strong>Presenter(s)<\/strong> <\/td><td> <strong>Paper Title<\/strong> <\/td><\/tr><tr><td> KSC &#8211; Poland <\/td><td>Paulina Szot;<br>Justyna Warchol;<br>Aleksandra Brzana <\/td><td>Stereotypes in Polish culture<\/td><\/tr><tr><td> FAJ-Brazil<\/td><td>Ana Maria Girotti Sperandio; Vinicius Conessa;<br>Anelize Sgorlon Pinheiro Torres; Nadejda Magno Francisco dos Santos;<br>Alessangela Maria Soriani <\/td><td>A study of Sao Paulo&#8217;s countryside: women in a rural area<\/td><\/tr><tr><td> ECU \u2013 USA <\/td><td>Kelsey Black;<br>Liz Lyttle;<br>Abby Yourkavitch;<br>Attie Giles;<br>Carly Jarvis;<br>Kaki Thorell;<br>Logan Stox <\/td><td>Face to Face: It&#8217;s Personal <\/td><\/tr><tr><td> LSC &#8211; Colombia <\/td><td> Robert Ojeda Perez<\/td><td> Relation of masculinity values over the power distance perception: an overlook to the Chinese and Colombian case.<\/td><\/tr><\/tbody><\/table><\/figure>\n\n\n\n<div class=\"wp-block-file\"><a href=\"https:\/\/pans.krosno.pl\/instytut-humanistyczny\/wp-content\/uploads\/sites\/9\/2020\/03\/gic_book_of_abstracts.pdf\" target=\"_blank\" rel=\"noreferrer noopener\">gic book of abstracts<\/a><a href=\"https:\/\/pans.krosno.pl\/instytut-humanistyczny\/wp-content\/uploads\/sites\/9\/2020\/03\/gic_book_of_abstracts.pdf\" class=\"wp-block-file__button\" download>Pobierz<\/a><\/div>\n\n\n\n<div class=\"wp-block-file\"><a href=\"https:\/\/pans.krosno.pl\/instytut-humanistyczny\/wp-content\/uploads\/sites\/9\/2020\/03\/gic_sessions_timetable_with_zoom_link.docx\" target=\"_blank\" rel=\"noreferrer noopener\">gic sessions timetable with zoom link<\/a><a href=\"https:\/\/pans.krosno.pl\/instytut-humanistyczny\/wp-content\/uploads\/sites\/9\/2020\/03\/gic_sessions_timetable_with_zoom_link.docx\" class=\"wp-block-file__button\" download>Pobierz<\/a><\/div>\n","protected":false},"excerpt":{"rendered":"<p>W dniach 30 marca &#8211; 2 kwietnia 2020 Serdecznie zapraszamy do zdalnego udzia\u0142u w mi\u0119dzynarodowej globalnej konferencji Global Issues Conference 5 organizowanej przez East Carolina University we wsp\u00f3\u0142pracy z PWSZ w Kro\u015bnie.&nbsp; Program i linki, kt\u00f3re umo\u017cliwiaj\u0105 do\u0142\u0105czanie si\u0119 do poszczeg\u00f3lnych sesji s\u0105 dost\u0119pne na stronie&nbsp;https:\/\/thegpe.org\/5th-global-issues-conference\/&nbsp;oraz poni\u017cej.&nbsp; Sesje obejmuj\u0105 Globaln\u0105 [\u2026] <\/p>\n<div class=\"clear\"><\/div>\n<p><a class=\"more_link clearfix\" href=\"https:\/\/pans.krosno.pl\/instytut-humanistyczny\/global-issues-conference-5\/\" rel=\"nofollow\">Read More<\/a><\/p>\n","protected":false},"author":1,"featured_media":204,"comment_status":"open","ping_status":"open","sticky":false,"template":"","format":"standard","meta":{"ngg_post_thumbnail":0,"footnotes":""},"categories":[1],"tags":[],"class_list":["post-203","post","type-post","status-publish","format-standard","has-post-thumbnail","hentry","category-bez-kategorii"],"yoast_head":"<!-- This site is optimized with the Yoast SEO Premium plugin v27.4 (Yoast SEO v27.4) - https:\/\/yoast.com\/product\/yoast-seo-premium-wordpress\/ -->\n<title>Global Issues Conference 5 - Instytut Humanistyczny PANS w Kro\u015bnie<\/title>\n<meta name=\"robots\" content=\"index, follow, max-snippet:-1, max-image-preview:large, max-video-preview:-1\" \/>\n<link rel=\"canonical\" href=\"https:\/\/pans.krosno.pl\/instytut-humanistyczny\/global-issues-conference-5\/\" \/>\n<meta property=\"og:locale\" content=\"pl_PL\" \/>\n<meta property=\"og:type\" content=\"article\" \/>\n<meta property=\"og:title\" content=\"Global Issues Conference 5\" \/>\n<meta property=\"og:description\" content=\"W dniach 30 marca &#8211; 2 kwietnia 2020 Serdecznie zapraszamy do zdalnego udzia\u0142u w mi\u0119dzynarodowej globalnej konferencji Global Issues Conference 5 organizowanej przez East Carolina University we wsp\u00f3\u0142pracy z PWSZ w Kro\u015bnie.&nbsp; Program i linki, kt\u00f3re umo\u017cliwiaj\u0105 do\u0142\u0105czanie si\u0119 do poszczeg\u00f3lnych sesji s\u0105 dost\u0119pne na stronie&nbsp;https:\/\/thegpe.org\/5th-global-issues-conference\/&nbsp;oraz poni\u017cej.&nbsp; Sesje obejmuj\u0105 Globaln\u0105 [\u2026] Read More\" \/>\n<meta property=\"og:url\" content=\"https:\/\/pans.krosno.pl\/instytut-humanistyczny\/global-issues-conference-5\/\" \/>\n<meta property=\"og:site_name\" content=\"Instytut Humanistyczny PANS w Kro\u015bnie\" \/>\n<meta property=\"article:published_time\" content=\"2020-03-26T14:41:00+00:00\" \/>\n<meta property=\"article:modified_time\" content=\"2020-03-29T14:49:26+00:00\" \/>\n<meta property=\"og:image\" content=\"https:\/\/pans.krosno.pl\/wp-content\/uploads\/sites\/9\/2020\/03\/global_baner.png\" \/>\n\t<meta property=\"og:image:width\" content=\"960\" \/>\n\t<meta property=\"og:image:height\" content=\"271\" \/>\n\t<meta property=\"og:image:type\" content=\"image\/png\" \/>\n<meta name=\"author\" content=\"Administrator\" \/>\n<meta name=\"twitter:card\" content=\"summary_large_image\" \/>\n<meta name=\"twitter:label1\" content=\"Napisane przez\" \/>\n\t<meta name=\"twitter:data1\" content=\"Administrator\" \/>\n\t<meta name=\"twitter:label2\" content=\"Szacowany czas czytania\" \/>\n\t<meta name=\"twitter:data2\" content=\"5 minut\" \/>\n<script type=\"application\/ld+json\" class=\"yoast-schema-graph\">{\"@context\":\"https:\\\/\\\/schema.org\",\"@graph\":[{\"@type\":\"Article\",\"@id\":\"https:\\\/\\\/pans.krosno.pl\\\/instytut-humanistyczny\\\/global-issues-conference-5\\\/#article\",\"isPartOf\":{\"@id\":\"https:\\\/\\\/pans.krosno.pl\\\/instytut-humanistyczny\\\/global-issues-conference-5\\\/\"},\"author\":{\"name\":\"Administrator\",\"@id\":\"https:\\\/\\\/pans.krosno.pl\\\/instytut-humanistyczny\\\/#\\\/schema\\\/person\\\/12971f03579845ed0517fe1750b4fccd\"},\"headline\":\"Global Issues Conference 5\",\"datePublished\":\"2020-03-26T14:41:00+00:00\",\"dateModified\":\"2020-03-29T14:49:26+00:00\",\"mainEntityOfPage\":{\"@id\":\"https:\\\/\\\/pans.krosno.pl\\\/instytut-humanistyczny\\\/global-issues-conference-5\\\/\"},\"wordCount\":940,\"commentCount\":0,\"publisher\":{\"@id\":\"https:\\\/\\\/pans.krosno.pl\\\/instytut-humanistyczny\\\/#organization\"},\"image\":{\"@id\":\"https:\\\/\\\/pans.krosno.pl\\\/instytut-humanistyczny\\\/global-issues-conference-5\\\/#primaryimage\"},\"thumbnailUrl\":\"https:\\\/\\\/pans.krosno.pl\\\/instytut-humanistyczny\\\/wp-content\\\/uploads\\\/sites\\\/9\\\/2020\\\/03\\\/global_baner.png\",\"inLanguage\":\"pl-PL\",\"potentialAction\":[{\"@type\":\"CommentAction\",\"name\":\"Comment\",\"target\":[\"https:\\\/\\\/pans.krosno.pl\\\/instytut-humanistyczny\\\/global-issues-conference-5\\\/#respond\"]}]},{\"@type\":\"WebPage\",\"@id\":\"https:\\\/\\\/pans.krosno.pl\\\/instytut-humanistyczny\\\/global-issues-conference-5\\\/\",\"url\":\"https:\\\/\\\/pans.krosno.pl\\\/instytut-humanistyczny\\\/global-issues-conference-5\\\/\",\"name\":\"Global Issues Conference 5 - Instytut Humanistyczny PANS w Kro\u015bnie\",\"isPartOf\":{\"@id\":\"https:\\\/\\\/pans.krosno.pl\\\/instytut-humanistyczny\\\/#website\"},\"primaryImageOfPage\":{\"@id\":\"https:\\\/\\\/pans.krosno.pl\\\/instytut-humanistyczny\\\/global-issues-conference-5\\\/#primaryimage\"},\"image\":{\"@id\":\"https:\\\/\\\/pans.krosno.pl\\\/instytut-humanistyczny\\\/global-issues-conference-5\\\/#primaryimage\"},\"thumbnailUrl\":\"https:\\\/\\\/pans.krosno.pl\\\/instytut-humanistyczny\\\/wp-content\\\/uploads\\\/sites\\\/9\\\/2020\\\/03\\\/global_baner.png\",\"datePublished\":\"2020-03-26T14:41:00+00:00\",\"dateModified\":\"2020-03-29T14:49:26+00:00\",\"breadcrumb\":{\"@id\":\"https:\\\/\\\/pans.krosno.pl\\\/instytut-humanistyczny\\\/global-issues-conference-5\\\/#breadcrumb\"},\"inLanguage\":\"pl-PL\",\"potentialAction\":[{\"@type\":\"ReadAction\",\"target\":[\"https:\\\/\\\/pans.krosno.pl\\\/instytut-humanistyczny\\\/global-issues-conference-5\\\/\"]}]},{\"@type\":\"ImageObject\",\"inLanguage\":\"pl-PL\",\"@id\":\"https:\\\/\\\/pans.krosno.pl\\\/instytut-humanistyczny\\\/global-issues-conference-5\\\/#primaryimage\",\"url\":\"https:\\\/\\\/pans.krosno.pl\\\/instytut-humanistyczny\\\/wp-content\\\/uploads\\\/sites\\\/9\\\/2020\\\/03\\\/global_baner.png\",\"contentUrl\":\"https:\\\/\\\/pans.krosno.pl\\\/instytut-humanistyczny\\\/wp-content\\\/uploads\\\/sites\\\/9\\\/2020\\\/03\\\/global_baner.png\",\"width\":960,\"height\":271},{\"@type\":\"BreadcrumbList\",\"@id\":\"https:\\\/\\\/pans.krosno.pl\\\/instytut-humanistyczny\\\/global-issues-conference-5\\\/#breadcrumb\",\"itemListElement\":[{\"@type\":\"ListItem\",\"position\":1,\"name\":\"Strona g\u0142\u00f3wna\",\"item\":\"https:\\\/\\\/pans.krosno.pl\\\/instytut-humanistyczny\\\/\"},{\"@type\":\"ListItem\",\"position\":2,\"name\":\"Global Issues Conference 5\"}]},{\"@type\":\"WebSite\",\"@id\":\"https:\\\/\\\/pans.krosno.pl\\\/instytut-humanistyczny\\\/#website\",\"url\":\"https:\\\/\\\/pans.krosno.pl\\\/instytut-humanistyczny\\\/\",\"name\":\"Instytut Humanistyczny PANS w Kro\u015bnie\",\"description\":\"Instytut Humanistyczny - Pa\u0144stwowa Akademia Nauk Stosowanych\",\"publisher\":{\"@id\":\"https:\\\/\\\/pans.krosno.pl\\\/instytut-humanistyczny\\\/#organization\"},\"potentialAction\":[{\"@type\":\"SearchAction\",\"target\":{\"@type\":\"EntryPoint\",\"urlTemplate\":\"https:\\\/\\\/pans.krosno.pl\\\/instytut-humanistyczny\\\/?s={search_term_string}\"},\"query-input\":{\"@type\":\"PropertyValueSpecification\",\"valueRequired\":true,\"valueName\":\"search_term_string\"}}],\"inLanguage\":\"pl-PL\"},{\"@type\":\"Organization\",\"@id\":\"https:\\\/\\\/pans.krosno.pl\\\/instytut-humanistyczny\\\/#organization\",\"name\":\"Instytut Humanistyczny PANS w Kro\u015bnie\",\"url\":\"https:\\\/\\\/pans.krosno.pl\\\/instytut-humanistyczny\\\/\",\"logo\":{\"@type\":\"ImageObject\",\"inLanguage\":\"pl-PL\",\"@id\":\"https:\\\/\\\/pans.krosno.pl\\\/instytut-humanistyczny\\\/#\\\/schema\\\/logo\\\/image\\\/\",\"url\":\"https:\\\/\\\/pans.krosno.pl\\\/instytut-humanistyczny\\\/wp-content\\\/uploads\\\/sites\\\/9\\\/2023\\\/01\\\/Logo-PANS-2022-pelne.png\",\"contentUrl\":\"https:\\\/\\\/pans.krosno.pl\\\/instytut-humanistyczny\\\/wp-content\\\/uploads\\\/sites\\\/9\\\/2023\\\/01\\\/Logo-PANS-2022-pelne.png\",\"width\":3096,\"height\":696,\"caption\":\"Instytut Humanistyczny PANS w Kro\u015bnie\"},\"image\":{\"@id\":\"https:\\\/\\\/pans.krosno.pl\\\/instytut-humanistyczny\\\/#\\\/schema\\\/logo\\\/image\\\/\"}},{\"@type\":\"Person\",\"@id\":\"https:\\\/\\\/pans.krosno.pl\\\/instytut-humanistyczny\\\/#\\\/schema\\\/person\\\/12971f03579845ed0517fe1750b4fccd\",\"name\":\"Administrator\",\"image\":{\"@type\":\"ImageObject\",\"inLanguage\":\"pl-PL\",\"@id\":\"https:\\\/\\\/secure.gravatar.com\\\/avatar\\\/8fee26b74b37be19bf87f436145f02cc65c943a576dc506f29d26dcf95c71925?s=96&d=mm&r=g\",\"url\":\"https:\\\/\\\/secure.gravatar.com\\\/avatar\\\/8fee26b74b37be19bf87f436145f02cc65c943a576dc506f29d26dcf95c71925?s=96&d=mm&r=g\",\"contentUrl\":\"https:\\\/\\\/secure.gravatar.com\\\/avatar\\\/8fee26b74b37be19bf87f436145f02cc65c943a576dc506f29d26dcf95c71925?s=96&d=mm&r=g\",\"caption\":\"Administrator\"},\"url\":\"https:\\\/\\\/pans.krosno.pl\\\/instytut-humanistyczny\\\/author\\\/mateusz-lorenc\\\/\"}]}<\/script>\n<!-- \/ Yoast SEO Premium plugin. -->","yoast_head_json":{"title":"Global Issues Conference 5 - Instytut Humanistyczny PANS w Kro\u015bnie","robots":{"index":"index","follow":"follow","max-snippet":"max-snippet:-1","max-image-preview":"max-image-preview:large","max-video-preview":"max-video-preview:-1"},"canonical":"https:\/\/pans.krosno.pl\/instytut-humanistyczny\/global-issues-conference-5\/","og_locale":"pl_PL","og_type":"article","og_title":"Global Issues Conference 5","og_description":"W dniach 30 marca &#8211; 2 kwietnia 2020 Serdecznie zapraszamy do zdalnego udzia\u0142u w mi\u0119dzynarodowej globalnej konferencji Global Issues Conference 5 organizowanej przez East Carolina University we wsp\u00f3\u0142pracy z PWSZ w Kro\u015bnie.&nbsp; Program i linki, kt\u00f3re umo\u017cliwiaj\u0105 do\u0142\u0105czanie si\u0119 do poszczeg\u00f3lnych sesji s\u0105 dost\u0119pne na stronie&nbsp;https:\/\/thegpe.org\/5th-global-issues-conference\/&nbsp;oraz poni\u017cej.&nbsp; Sesje obejmuj\u0105 Globaln\u0105 [\u2026] Read More","og_url":"https:\/\/pans.krosno.pl\/instytut-humanistyczny\/global-issues-conference-5\/","og_site_name":"Instytut Humanistyczny PANS w Kro\u015bnie","article_published_time":"2020-03-26T14:41:00+00:00","article_modified_time":"2020-03-29T14:49:26+00:00","og_image":[{"width":960,"height":271,"url":"https:\/\/pans.krosno.pl\/wp-content\/uploads\/sites\/9\/2020\/03\/global_baner.png","type":"image\/png"}],"author":"Administrator","twitter_card":"summary_large_image","twitter_misc":{"Napisane przez":"Administrator","Szacowany czas czytania":"5 minut"},"schema":{"@context":"https:\/\/schema.org","@graph":[{"@type":"Article","@id":"https:\/\/pans.krosno.pl\/instytut-humanistyczny\/global-issues-conference-5\/#article","isPartOf":{"@id":"https:\/\/pans.krosno.pl\/instytut-humanistyczny\/global-issues-conference-5\/"},"author":{"name":"Administrator","@id":"https:\/\/pans.krosno.pl\/instytut-humanistyczny\/#\/schema\/person\/12971f03579845ed0517fe1750b4fccd"},"headline":"Global Issues Conference 5","datePublished":"2020-03-26T14:41:00+00:00","dateModified":"2020-03-29T14:49:26+00:00","mainEntityOfPage":{"@id":"https:\/\/pans.krosno.pl\/instytut-humanistyczny\/global-issues-conference-5\/"},"wordCount":940,"commentCount":0,"publisher":{"@id":"https:\/\/pans.krosno.pl\/instytut-humanistyczny\/#organization"},"image":{"@id":"https:\/\/pans.krosno.pl\/instytut-humanistyczny\/global-issues-conference-5\/#primaryimage"},"thumbnailUrl":"https:\/\/pans.krosno.pl\/instytut-humanistyczny\/wp-content\/uploads\/sites\/9\/2020\/03\/global_baner.png","inLanguage":"pl-PL","potentialAction":[{"@type":"CommentAction","name":"Comment","target":["https:\/\/pans.krosno.pl\/instytut-humanistyczny\/global-issues-conference-5\/#respond"]}]},{"@type":"WebPage","@id":"https:\/\/pans.krosno.pl\/instytut-humanistyczny\/global-issues-conference-5\/","url":"https:\/\/pans.krosno.pl\/instytut-humanistyczny\/global-issues-conference-5\/","name":"Global Issues Conference 5 - Instytut Humanistyczny PANS w Kro\u015bnie","isPartOf":{"@id":"https:\/\/pans.krosno.pl\/instytut-humanistyczny\/#website"},"primaryImageOfPage":{"@id":"https:\/\/pans.krosno.pl\/instytut-humanistyczny\/global-issues-conference-5\/#primaryimage"},"image":{"@id":"https:\/\/pans.krosno.pl\/instytut-humanistyczny\/global-issues-conference-5\/#primaryimage"},"thumbnailUrl":"https:\/\/pans.krosno.pl\/instytut-humanistyczny\/wp-content\/uploads\/sites\/9\/2020\/03\/global_baner.png","datePublished":"2020-03-26T14:41:00+00:00","dateModified":"2020-03-29T14:49:26+00:00","breadcrumb":{"@id":"https:\/\/pans.krosno.pl\/instytut-humanistyczny\/global-issues-conference-5\/#breadcrumb"},"inLanguage":"pl-PL","potentialAction":[{"@type":"ReadAction","target":["https:\/\/pans.krosno.pl\/instytut-humanistyczny\/global-issues-conference-5\/"]}]},{"@type":"ImageObject","inLanguage":"pl-PL","@id":"https:\/\/pans.krosno.pl\/instytut-humanistyczny\/global-issues-conference-5\/#primaryimage","url":"https:\/\/pans.krosno.pl\/instytut-humanistyczny\/wp-content\/uploads\/sites\/9\/2020\/03\/global_baner.png","contentUrl":"https:\/\/pans.krosno.pl\/instytut-humanistyczny\/wp-content\/uploads\/sites\/9\/2020\/03\/global_baner.png","width":960,"height":271},{"@type":"BreadcrumbList","@id":"https:\/\/pans.krosno.pl\/instytut-humanistyczny\/global-issues-conference-5\/#breadcrumb","itemListElement":[{"@type":"ListItem","position":1,"name":"Strona g\u0142\u00f3wna","item":"https:\/\/pans.krosno.pl\/instytut-humanistyczny\/"},{"@type":"ListItem","position":2,"name":"Global Issues Conference 5"}]},{"@type":"WebSite","@id":"https:\/\/pans.krosno.pl\/instytut-humanistyczny\/#website","url":"https:\/\/pans.krosno.pl\/instytut-humanistyczny\/","name":"Instytut Humanistyczny PANS w Kro\u015bnie","description":"Instytut Humanistyczny - Pa\u0144stwowa Akademia Nauk Stosowanych","publisher":{"@id":"https:\/\/pans.krosno.pl\/instytut-humanistyczny\/#organization"},"potentialAction":[{"@type":"SearchAction","target":{"@type":"EntryPoint","urlTemplate":"https:\/\/pans.krosno.pl\/instytut-humanistyczny\/?s={search_term_string}"},"query-input":{"@type":"PropertyValueSpecification","valueRequired":true,"valueName":"search_term_string"}}],"inLanguage":"pl-PL"},{"@type":"Organization","@id":"https:\/\/pans.krosno.pl\/instytut-humanistyczny\/#organization","name":"Instytut Humanistyczny PANS w Kro\u015bnie","url":"https:\/\/pans.krosno.pl\/instytut-humanistyczny\/","logo":{"@type":"ImageObject","inLanguage":"pl-PL","@id":"https:\/\/pans.krosno.pl\/instytut-humanistyczny\/#\/schema\/logo\/image\/","url":"https:\/\/pans.krosno.pl\/instytut-humanistyczny\/wp-content\/uploads\/sites\/9\/2023\/01\/Logo-PANS-2022-pelne.png","contentUrl":"https:\/\/pans.krosno.pl\/instytut-humanistyczny\/wp-content\/uploads\/sites\/9\/2023\/01\/Logo-PANS-2022-pelne.png","width":3096,"height":696,"caption":"Instytut Humanistyczny PANS w Kro\u015bnie"},"image":{"@id":"https:\/\/pans.krosno.pl\/instytut-humanistyczny\/#\/schema\/logo\/image\/"}},{"@type":"Person","@id":"https:\/\/pans.krosno.pl\/instytut-humanistyczny\/#\/schema\/person\/12971f03579845ed0517fe1750b4fccd","name":"Administrator","image":{"@type":"ImageObject","inLanguage":"pl-PL","@id":"https:\/\/secure.gravatar.com\/avatar\/8fee26b74b37be19bf87f436145f02cc65c943a576dc506f29d26dcf95c71925?s=96&d=mm&r=g","url":"https:\/\/secure.gravatar.com\/avatar\/8fee26b74b37be19bf87f436145f02cc65c943a576dc506f29d26dcf95c71925?s=96&d=mm&r=g","contentUrl":"https:\/\/secure.gravatar.com\/avatar\/8fee26b74b37be19bf87f436145f02cc65c943a576dc506f29d26dcf95c71925?s=96&d=mm&r=g","caption":"Administrator"},"url":"https:\/\/pans.krosno.pl\/instytut-humanistyczny\/author\/mateusz-lorenc\/"}]}},"_links":{"self":[{"href":"https:\/\/pans.krosno.pl\/instytut-humanistyczny\/wp-json\/wp\/v2\/posts\/203","targetHints":{"allow":["GET"]}}],"collection":[{"href":"https:\/\/pans.krosno.pl\/instytut-humanistyczny\/wp-json\/wp\/v2\/posts"}],"about":[{"href":"https:\/\/pans.krosno.pl\/instytut-humanistyczny\/wp-json\/wp\/v2\/types\/post"}],"author":[{"embeddable":true,"href":"https:\/\/pans.krosno.pl\/instytut-humanistyczny\/wp-json\/wp\/v2\/users\/1"}],"replies":[{"embeddable":true,"href":"https:\/\/pans.krosno.pl\/instytut-humanistyczny\/wp-json\/wp\/v2\/comments?post=203"}],"version-history":[{"count":18,"href":"https:\/\/pans.krosno.pl\/instytut-humanistyczny\/wp-json\/wp\/v2\/posts\/203\/revisions"}],"predecessor-version":[{"id":231,"href":"https:\/\/pans.krosno.pl\/instytut-humanistyczny\/wp-json\/wp\/v2\/posts\/203\/revisions\/231"}],"wp:featuredmedia":[{"embeddable":true,"href":"https:\/\/pans.krosno.pl\/instytut-humanistyczny\/wp-json\/wp\/v2\/media\/204"}],"wp:attachment":[{"href":"https:\/\/pans.krosno.pl\/instytut-humanistyczny\/wp-json\/wp\/v2\/media?parent=203"}],"wp:term":[{"taxonomy":"category","embeddable":true,"href":"https:\/\/pans.krosno.pl\/instytut-humanistyczny\/wp-json\/wp\/v2\/categories?post=203"},{"taxonomy":"post_tag","embeddable":true,"href":"https:\/\/pans.krosno.pl\/instytut-humanistyczny\/wp-json\/wp\/v2\/tags?post=203"}],"curies":[{"name":"wp","href":"https:\/\/api.w.org\/{rel}","templated":true}]}}