{"id":1525,"date":"2022-03-30T15:57:00","date_gmt":"2022-03-30T13:57:00","guid":{"rendered":"https:\/\/pans.krosno.pl\/instytut-humanistyczny\/?p=1525"},"modified":"2022-04-21T15:59:42","modified_gmt":"2022-04-21T13:59:42","slug":"historyczne-przenikanie-kultur-jasielskie-spotkanie-z-dr-krystyna-szayna-dec","status":"publish","type":"post","link":"https:\/\/pans.krosno.pl\/instytut-humanistyczny\/historyczne-przenikanie-kultur-jasielskie-spotkanie-z-dr-krystyna-szayna-dec\/","title":{"rendered":"Historyczne przenikanie kultur &#8211; jasielskie spotkanie z dr Krystyn\u0105 Szayn\u0105-Dec"},"content":{"rendered":"\n<p>Polsko &#8211; niemieckie w\u0105tki historyczne i literackie, reminiscencje czy nieznane oczywisto\u015bci, to tematy, kt\u00f3re zdominowa\u0142y 24. spotkanie Klubu Ludzi z Pasj\u0105 Jasielskiego Domu Kultury. Go\u015bciem spotkania, 22 marca br. by\u0142a dr Krystyna Szayna-Dec, germanistka, t\u0142umaczka, literaturoznawczyni.<\/p>\n\n\n\n<figure class=\"wp-block-gallery columns-2 is-cropped wp-block-gallery-1 is-layout-flex wp-block-gallery-is-layout-flex\"><ul class=\"blocks-gallery-grid\"><li class=\"blocks-gallery-item\"><figure><img loading=\"lazy\" decoding=\"async\" width=\"550\" height=\"366\" src=\"https:\/\/pans.krosno.pl\/instytut-humanistyczny\/wp-content\/uploads\/sites\/9\/2022\/04\/krystyna_szayna_dec_4.jpg\" alt=\"\" data-id=\"1526\" data-full-url=\"https:\/\/pans.krosno.pl\/instytut-humanistyczny\/wp-content\/uploads\/sites\/9\/2022\/04\/krystyna_szayna_dec_4.jpg\" data-link=\"https:\/\/pans.krosno.pl\/instytut-humanistyczny\/?attachment_id=1526\" class=\"wp-image-1526\" srcset=\"https:\/\/pans.krosno.pl\/instytut-humanistyczny\/wp-content\/uploads\/sites\/9\/2022\/04\/krystyna_szayna_dec_4.jpg 550w, https:\/\/pans.krosno.pl\/instytut-humanistyczny\/wp-content\/uploads\/sites\/9\/2022\/04\/krystyna_szayna_dec_4-300x200.jpg 300w\" sizes=\"auto, (max-width: 550px) 100vw, 550px\" \/><\/figure><\/li><li class=\"blocks-gallery-item\"><figure><img loading=\"lazy\" decoding=\"async\" width=\"550\" height=\"366\" src=\"https:\/\/pans.krosno.pl\/instytut-humanistyczny\/wp-content\/uploads\/sites\/9\/2022\/04\/krystyna_szayna_dec_2.jpg\" alt=\"\" data-id=\"1528\" data-full-url=\"https:\/\/pans.krosno.pl\/instytut-humanistyczny\/wp-content\/uploads\/sites\/9\/2022\/04\/krystyna_szayna_dec_2.jpg\" data-link=\"https:\/\/pans.krosno.pl\/instytut-humanistyczny\/?attachment_id=1528\" class=\"wp-image-1528\" srcset=\"https:\/\/pans.krosno.pl\/instytut-humanistyczny\/wp-content\/uploads\/sites\/9\/2022\/04\/krystyna_szayna_dec_2.jpg 550w, https:\/\/pans.krosno.pl\/instytut-humanistyczny\/wp-content\/uploads\/sites\/9\/2022\/04\/krystyna_szayna_dec_2-300x200.jpg 300w\" sizes=\"auto, (max-width: 550px) 100vw, 550px\" \/><\/figure><\/li><\/ul><\/figure>\n\n\n\n<p>Go\u015b\u0107 studni przybli\u017cy\u0142 historyczne zbli\u017cenia Polski i Niemiec, w tym uroczyst\u0105 pielgrzymk\u0119 cesarza Ottona III do grobu \u015bwi\u0119tego Wojciecha w Gnie\u017anie w 1000 roku i spotkanie z Boles\u0142awem Chrobrym. Niemiecki w\u0142adca na\u0142o\u017cy\u0142 sw\u00f3j cesarski diadem na g\u0142ow\u0119 Boles\u0142awa Chrobrego i nazwa\u0142 go \u201ebratem i wsp\u00f3\u0142pracownikiem cesarskim\u201d. Jak podkre\u015bla prelegnetka, Chrobry, aby wzmocni\u0107 dobre stosunki mi\u0119dzy s\u0105siadami wyda\u0142 swoja c\u00f3rk\u0119 Reglind\u0119, za niemieckiego margrabiego Mi\u015bni Hermana. W katedrze \u015awi\u0119tych Aposto\u0142\u00f3w Piotra i Paw\u0142a w Naumburgu znajduj\u0105 si\u0119 postacie fundator\u00f3w katedry m.in. Hermana i Reglindy. Reglinda znana jest w historii sztuki literatury jako \u201e\u015bmiej\u0105ca si\u0119 Polka\u201d. Ze zwi\u0105zku Henryka I Brodatego i \u015bwi\u0119tej Jadwigi z Andechs urodzi\u0142 si\u0119 Henryk II Pobo\u017cny, kt\u00f3ry wraz z wojownikami niemieckimi zatrzyma\u0142 najazd Mongo\u0142\u00f3w na Polsk\u0119. W trakcie bitwy pod Legnic\u0105 9 kwietnia 1241 roku Pobo\u017cny zgin\u0105\u0142. Wkr\u00f3tce po starciu legnickim Mongo\u0142owie wyruszyli na W\u0119gry. Dr Krystyna Szayna &#8211; Dec zwr\u00f3ci\u0142a r\u00f3wnie\u017c&nbsp; uwag\u0119 na ponowne zbli\u017cenie z Cesarstwem Niemieckim w XVII wieku, gdy Leopold I Habsburg zwr\u00f3ci\u0142 si\u0119 z pro\u015bba do Kr\u00f3la Jana III Sobieskiego o wsparcie podczas tureckiego najazdu. Polski kr\u00f3l osobi\u015bcie poprowadzi\u0142 do bitwy pod Wiedniem, 12 wrze\u015bnia 1683 roku zjednoczone wojska&nbsp; polsko \u2013 cesarskie, gdzie odni\u00f3s\u0142 zwyci\u0119stwo nad armi\u0105 Imperium Osma\u0144skiego pod wodz\u0105 wezyra Kara Mustafy. Mowa by\u0142a tak\u017ce o czasach saskich.<\/p>\n\n\n\n<p>Dr Krystyna Szayna &#8211; Dec przybli\u017cy\u0142a r\u00f3wnie\u017c losy wielkich niemieckich tw\u00f3rc\u00f3w epoki romantyzmu &#8211; Friedricha Schillera, piewc\u0119 wolno\u015bci, przeciwnika tyranii, autora \u201eOdy do rado\u015bci\u201d oraz jego przyjaciela Johanna Wolfganga Goethe&#8217;go. <\/p>\n\n\n\n<p>Wa\u017cnym przedstawicielem niemieckiego romantyzmu i r\u00f3wie\u015bnikiem Adama Mickiewicza by\u0142 Harro Harring. Tw\u00f3rca od\u017cegnywa\u0142 si\u0119 od pochodzenia pruskiego. By\u0142 gor\u0105cym or\u0119downikiem przywr\u00f3cenia Polsce niepodleg\u0142o\u015bci. Harring by\u0142 p\u0142odnym pisarzem powie\u015bci, dramat\u00f3w i wierszy politycznych. &#8211;<em>&nbsp;Kara za mi\u0142o\u015b\u0107 do Polski prze\u015bladowa\u0142a go przez ca\u0142e \u017cycie. Kilkaset razy by\u0142 aresztowany. Konfiskowano jego dzie\u0142a. Nie by\u0142o o nim wzmianki w \u017cadnych encyklopediach, leksykonach itd. Musia\u0142am trafi\u0107 do Szlezwika \u2013 Holsztynu, r\u00f3\u017cnych archiwach w Kilonii, na wysp\u0119 F\u00f6hr sk\u0105d pochodzi\u0142. \u201eNajgro\u017aniejszy agitator sprawy polskiej\u201d, to tytu\u0142 ksi\u0105\u017cki, kt\u00f3ra ukaza\u0142a si\u0119 w setn\u0105 rocznic\u0119 jego urodzin. Jego ostatnie s\u0142owa poetyckie, skierowane by\u0142y o Rosjan: \u201eEj, wy kaci Polski! Bohaterskiego narodu mordercy!\u201d &#8211;<\/em>&nbsp;dodaje Krystyna Szayna \u2013 Dec. Blisko p\u00f3\u0142toragodzinne spotkaniem obfitowa\u0142o wieloma wsp\u00f3lnymi w\u0105tkami historii Polak\u00f3w i Niemc\u00f3w.<\/p>\n\n\n\n<p><a href=\"https:\/\/www.jaslo4u.pl\/historyczne-przenikanie-kultur-newsy-jaslo-28741\">Historyczne przenikanie kultur :: Kultura i rozrywka :: Jaslo4u.pl<\/a> <\/p>\n","protected":false},"excerpt":{"rendered":"<p>Polsko &#8211; niemieckie w\u0105tki historyczne i literackie, reminiscencje czy nieznane oczywisto\u015bci, to tematy, kt\u00f3re zdominowa\u0142y 24. spotkanie Klubu Ludzi z Pasj\u0105 Jasielskiego Domu Kultury. Go\u015bciem spotkania, 22 marca br. by\u0142a dr Krystyna Szayna-Dec, germanistka, t\u0142umaczka, literaturoznawczyni. Go\u015b\u0107 studni przybli\u017cy\u0142 historyczne zbli\u017cenia Polski i Niemiec, w tym uroczyst\u0105 pielgrzymk\u0119 cesarza Ottona [\u2026] <\/p>\n<div class=\"clear\"><\/div>\n<p><a class=\"more_link clearfix\" href=\"https:\/\/pans.krosno.pl\/instytut-humanistyczny\/historyczne-przenikanie-kultur-jasielskie-spotkanie-z-dr-krystyna-szayna-dec\/\" rel=\"nofollow\">Read More<\/a><\/p>\n","protected":false},"author":57,"featured_media":1526,"comment_status":"open","ping_status":"open","sticky":false,"template":"","format":"standard","meta":{"ngg_post_thumbnail":0,"footnotes":""},"categories":[1],"tags":[],"class_list":["post-1525","post","type-post","status-publish","format-standard","has-post-thumbnail","hentry","category-bez-kategorii"],"yoast_head":"<!-- This site is optimized with the Yoast SEO Premium plugin v27.4 (Yoast SEO v27.4) - https:\/\/yoast.com\/product\/yoast-seo-premium-wordpress\/ -->\n<title>Historyczne przenikanie kultur - jasielskie spotkanie z dr Krystyn\u0105 Szayn\u0105-Dec - Instytut Humanistyczny PANS w Kro\u015bnie<\/title>\n<meta name=\"robots\" content=\"index, follow, max-snippet:-1, max-image-preview:large, max-video-preview:-1\" \/>\n<link rel=\"canonical\" href=\"https:\/\/pans.krosno.pl\/instytut-humanistyczny\/historyczne-przenikanie-kultur-jasielskie-spotkanie-z-dr-krystyna-szayna-dec\/\" \/>\n<meta property=\"og:locale\" content=\"pl_PL\" \/>\n<meta property=\"og:type\" content=\"article\" \/>\n<meta property=\"og:title\" content=\"Historyczne przenikanie kultur - jasielskie spotkanie z dr Krystyn\u0105 Szayn\u0105-Dec\" \/>\n<meta property=\"og:description\" content=\"Polsko &#8211; niemieckie w\u0105tki historyczne i literackie, reminiscencje czy nieznane oczywisto\u015bci, to tematy, kt\u00f3re zdominowa\u0142y 24. spotkanie Klubu Ludzi z Pasj\u0105 Jasielskiego Domu Kultury. Go\u015bciem spotkania, 22 marca br. by\u0142a dr Krystyna Szayna-Dec, germanistka, t\u0142umaczka, literaturoznawczyni. Go\u015b\u0107 studni przybli\u017cy\u0142 historyczne zbli\u017cenia Polski i Niemiec, w tym uroczyst\u0105 pielgrzymk\u0119 cesarza Ottona [\u2026] Read More\" \/>\n<meta property=\"og:url\" content=\"https:\/\/pans.krosno.pl\/instytut-humanistyczny\/historyczne-przenikanie-kultur-jasielskie-spotkanie-z-dr-krystyna-szayna-dec\/\" \/>\n<meta property=\"og:site_name\" content=\"Instytut Humanistyczny PANS w Kro\u015bnie\" \/>\n<meta property=\"article:published_time\" content=\"2022-03-30T13:57:00+00:00\" \/>\n<meta property=\"article:modified_time\" content=\"2022-04-21T13:59:42+00:00\" \/>\n<meta property=\"og:image\" content=\"https:\/\/pans.krosno.pl\/wp-content\/uploads\/sites\/9\/2022\/04\/krystyna_szayna_dec_4.jpg\" \/>\n\t<meta property=\"og:image:width\" content=\"550\" \/>\n\t<meta property=\"og:image:height\" content=\"366\" \/>\n\t<meta property=\"og:image:type\" content=\"image\/jpeg\" \/>\n<meta name=\"author\" content=\"Bartosz Go\u0142\u0105bek\" \/>\n<meta name=\"twitter:card\" content=\"summary_large_image\" \/>\n<meta name=\"twitter:label1\" content=\"Napisane przez\" \/>\n\t<meta name=\"twitter:data1\" content=\"Bartosz Go\u0142\u0105bek\" \/>\n\t<meta name=\"twitter:label2\" content=\"Szacowany czas czytania\" \/>\n\t<meta name=\"twitter:data2\" content=\"3 minuty\" \/>\n<script type=\"application\/ld+json\" class=\"yoast-schema-graph\">{\"@context\":\"https:\\\/\\\/schema.org\",\"@graph\":[{\"@type\":\"Article\",\"@id\":\"https:\\\/\\\/pans.krosno.pl\\\/instytut-humanistyczny\\\/historyczne-przenikanie-kultur-jasielskie-spotkanie-z-dr-krystyna-szayna-dec\\\/#article\",\"isPartOf\":{\"@id\":\"https:\\\/\\\/pans.krosno.pl\\\/instytut-humanistyczny\\\/historyczne-przenikanie-kultur-jasielskie-spotkanie-z-dr-krystyna-szayna-dec\\\/\"},\"author\":{\"name\":\"Bartosz Go\u0142\u0105bek\",\"@id\":\"https:\\\/\\\/pans.krosno.pl\\\/instytut-humanistyczny\\\/#\\\/schema\\\/person\\\/cb70195a5aeabe88d51256d821faa2d9\"},\"headline\":\"Historyczne przenikanie kultur &#8211; jasielskie spotkanie z dr Krystyn\u0105 Szayn\u0105-Dec\",\"datePublished\":\"2022-03-30T13:57:00+00:00\",\"dateModified\":\"2022-04-21T13:59:42+00:00\",\"mainEntityOfPage\":{\"@id\":\"https:\\\/\\\/pans.krosno.pl\\\/instytut-humanistyczny\\\/historyczne-przenikanie-kultur-jasielskie-spotkanie-z-dr-krystyna-szayna-dec\\\/\"},\"wordCount\":507,\"commentCount\":0,\"publisher\":{\"@id\":\"https:\\\/\\\/pans.krosno.pl\\\/instytut-humanistyczny\\\/#organization\"},\"image\":{\"@id\":\"https:\\\/\\\/pans.krosno.pl\\\/instytut-humanistyczny\\\/historyczne-przenikanie-kultur-jasielskie-spotkanie-z-dr-krystyna-szayna-dec\\\/#primaryimage\"},\"thumbnailUrl\":\"https:\\\/\\\/pans.krosno.pl\\\/instytut-humanistyczny\\\/wp-content\\\/uploads\\\/sites\\\/9\\\/2022\\\/04\\\/krystyna_szayna_dec_4.jpg\",\"inLanguage\":\"pl-PL\",\"potentialAction\":[{\"@type\":\"CommentAction\",\"name\":\"Comment\",\"target\":[\"https:\\\/\\\/pans.krosno.pl\\\/instytut-humanistyczny\\\/historyczne-przenikanie-kultur-jasielskie-spotkanie-z-dr-krystyna-szayna-dec\\\/#respond\"]}]},{\"@type\":\"WebPage\",\"@id\":\"https:\\\/\\\/pans.krosno.pl\\\/instytut-humanistyczny\\\/historyczne-przenikanie-kultur-jasielskie-spotkanie-z-dr-krystyna-szayna-dec\\\/\",\"url\":\"https:\\\/\\\/pans.krosno.pl\\\/instytut-humanistyczny\\\/historyczne-przenikanie-kultur-jasielskie-spotkanie-z-dr-krystyna-szayna-dec\\\/\",\"name\":\"Historyczne przenikanie kultur - jasielskie spotkanie z dr Krystyn\u0105 Szayn\u0105-Dec - Instytut Humanistyczny PANS w Kro\u015bnie\",\"isPartOf\":{\"@id\":\"https:\\\/\\\/pans.krosno.pl\\\/instytut-humanistyczny\\\/#website\"},\"primaryImageOfPage\":{\"@id\":\"https:\\\/\\\/pans.krosno.pl\\\/instytut-humanistyczny\\\/historyczne-przenikanie-kultur-jasielskie-spotkanie-z-dr-krystyna-szayna-dec\\\/#primaryimage\"},\"image\":{\"@id\":\"https:\\\/\\\/pans.krosno.pl\\\/instytut-humanistyczny\\\/historyczne-przenikanie-kultur-jasielskie-spotkanie-z-dr-krystyna-szayna-dec\\\/#primaryimage\"},\"thumbnailUrl\":\"https:\\\/\\\/pans.krosno.pl\\\/instytut-humanistyczny\\\/wp-content\\\/uploads\\\/sites\\\/9\\\/2022\\\/04\\\/krystyna_szayna_dec_4.jpg\",\"datePublished\":\"2022-03-30T13:57:00+00:00\",\"dateModified\":\"2022-04-21T13:59:42+00:00\",\"breadcrumb\":{\"@id\":\"https:\\\/\\\/pans.krosno.pl\\\/instytut-humanistyczny\\\/historyczne-przenikanie-kultur-jasielskie-spotkanie-z-dr-krystyna-szayna-dec\\\/#breadcrumb\"},\"inLanguage\":\"pl-PL\",\"potentialAction\":[{\"@type\":\"ReadAction\",\"target\":[\"https:\\\/\\\/pans.krosno.pl\\\/instytut-humanistyczny\\\/historyczne-przenikanie-kultur-jasielskie-spotkanie-z-dr-krystyna-szayna-dec\\\/\"]}]},{\"@type\":\"ImageObject\",\"inLanguage\":\"pl-PL\",\"@id\":\"https:\\\/\\\/pans.krosno.pl\\\/instytut-humanistyczny\\\/historyczne-przenikanie-kultur-jasielskie-spotkanie-z-dr-krystyna-szayna-dec\\\/#primaryimage\",\"url\":\"https:\\\/\\\/pans.krosno.pl\\\/instytut-humanistyczny\\\/wp-content\\\/uploads\\\/sites\\\/9\\\/2022\\\/04\\\/krystyna_szayna_dec_4.jpg\",\"contentUrl\":\"https:\\\/\\\/pans.krosno.pl\\\/instytut-humanistyczny\\\/wp-content\\\/uploads\\\/sites\\\/9\\\/2022\\\/04\\\/krystyna_szayna_dec_4.jpg\",\"width\":550,\"height\":366},{\"@type\":\"BreadcrumbList\",\"@id\":\"https:\\\/\\\/pans.krosno.pl\\\/instytut-humanistyczny\\\/historyczne-przenikanie-kultur-jasielskie-spotkanie-z-dr-krystyna-szayna-dec\\\/#breadcrumb\",\"itemListElement\":[{\"@type\":\"ListItem\",\"position\":1,\"name\":\"Strona g\u0142\u00f3wna\",\"item\":\"https:\\\/\\\/pans.krosno.pl\\\/instytut-humanistyczny\\\/\"},{\"@type\":\"ListItem\",\"position\":2,\"name\":\"Historyczne przenikanie kultur &#8211; jasielskie spotkanie z dr Krystyn\u0105 Szayn\u0105-Dec\"}]},{\"@type\":\"WebSite\",\"@id\":\"https:\\\/\\\/pans.krosno.pl\\\/instytut-humanistyczny\\\/#website\",\"url\":\"https:\\\/\\\/pans.krosno.pl\\\/instytut-humanistyczny\\\/\",\"name\":\"Instytut Humanistyczny PANS w Kro\u015bnie\",\"description\":\"Instytut Humanistyczny - Pa\u0144stwowa Akademia Nauk Stosowanych\",\"publisher\":{\"@id\":\"https:\\\/\\\/pans.krosno.pl\\\/instytut-humanistyczny\\\/#organization\"},\"potentialAction\":[{\"@type\":\"SearchAction\",\"target\":{\"@type\":\"EntryPoint\",\"urlTemplate\":\"https:\\\/\\\/pans.krosno.pl\\\/instytut-humanistyczny\\\/?s={search_term_string}\"},\"query-input\":{\"@type\":\"PropertyValueSpecification\",\"valueRequired\":true,\"valueName\":\"search_term_string\"}}],\"inLanguage\":\"pl-PL\"},{\"@type\":\"Organization\",\"@id\":\"https:\\\/\\\/pans.krosno.pl\\\/instytut-humanistyczny\\\/#organization\",\"name\":\"Instytut Humanistyczny PANS w Kro\u015bnie\",\"url\":\"https:\\\/\\\/pans.krosno.pl\\\/instytut-humanistyczny\\\/\",\"logo\":{\"@type\":\"ImageObject\",\"inLanguage\":\"pl-PL\",\"@id\":\"https:\\\/\\\/pans.krosno.pl\\\/instytut-humanistyczny\\\/#\\\/schema\\\/logo\\\/image\\\/\",\"url\":\"https:\\\/\\\/pans.krosno.pl\\\/instytut-humanistyczny\\\/wp-content\\\/uploads\\\/sites\\\/9\\\/2023\\\/01\\\/Logo-PANS-2022-pelne.png\",\"contentUrl\":\"https:\\\/\\\/pans.krosno.pl\\\/instytut-humanistyczny\\\/wp-content\\\/uploads\\\/sites\\\/9\\\/2023\\\/01\\\/Logo-PANS-2022-pelne.png\",\"width\":3096,\"height\":696,\"caption\":\"Instytut Humanistyczny PANS w Kro\u015bnie\"},\"image\":{\"@id\":\"https:\\\/\\\/pans.krosno.pl\\\/instytut-humanistyczny\\\/#\\\/schema\\\/logo\\\/image\\\/\"}},{\"@type\":\"Person\",\"@id\":\"https:\\\/\\\/pans.krosno.pl\\\/instytut-humanistyczny\\\/#\\\/schema\\\/person\\\/cb70195a5aeabe88d51256d821faa2d9\",\"name\":\"Bartosz Go\u0142\u0105bek\",\"image\":{\"@type\":\"ImageObject\",\"inLanguage\":\"pl-PL\",\"@id\":\"https:\\\/\\\/secure.gravatar.com\\\/avatar\\\/ad10819676385baed8ebd4d7be0d4ba77dd5fdc0f4779d414dea3126fd3aec33?s=96&d=mm&r=g\",\"url\":\"https:\\\/\\\/secure.gravatar.com\\\/avatar\\\/ad10819676385baed8ebd4d7be0d4ba77dd5fdc0f4779d414dea3126fd3aec33?s=96&d=mm&r=g\",\"contentUrl\":\"https:\\\/\\\/secure.gravatar.com\\\/avatar\\\/ad10819676385baed8ebd4d7be0d4ba77dd5fdc0f4779d414dea3126fd3aec33?s=96&d=mm&r=g\",\"caption\":\"Bartosz Go\u0142\u0105bek\"},\"description\":\"dr Bartosz Go\u0142\u0105bek Dyrektor Instytutu Humanistycznego Karpacka Pa\u0144stwowa Uczelnia w Kro\u015bnie (dawniej PWSZ)\",\"url\":\"https:\\\/\\\/pans.krosno.pl\\\/instytut-humanistyczny\\\/author\\\/bartoszgolabek\\\/\"}]}<\/script>\n<!-- \/ Yoast SEO Premium plugin. -->","yoast_head_json":{"title":"Historyczne przenikanie kultur - jasielskie spotkanie z dr Krystyn\u0105 Szayn\u0105-Dec - Instytut Humanistyczny PANS w Kro\u015bnie","robots":{"index":"index","follow":"follow","max-snippet":"max-snippet:-1","max-image-preview":"max-image-preview:large","max-video-preview":"max-video-preview:-1"},"canonical":"https:\/\/pans.krosno.pl\/instytut-humanistyczny\/historyczne-przenikanie-kultur-jasielskie-spotkanie-z-dr-krystyna-szayna-dec\/","og_locale":"pl_PL","og_type":"article","og_title":"Historyczne przenikanie kultur - jasielskie spotkanie z dr Krystyn\u0105 Szayn\u0105-Dec","og_description":"Polsko &#8211; niemieckie w\u0105tki historyczne i literackie, reminiscencje czy nieznane oczywisto\u015bci, to tematy, kt\u00f3re zdominowa\u0142y 24. spotkanie Klubu Ludzi z Pasj\u0105 Jasielskiego Domu Kultury. Go\u015bciem spotkania, 22 marca br. by\u0142a dr Krystyna Szayna-Dec, germanistka, t\u0142umaczka, literaturoznawczyni. Go\u015b\u0107 studni przybli\u017cy\u0142 historyczne zbli\u017cenia Polski i Niemiec, w tym uroczyst\u0105 pielgrzymk\u0119 cesarza Ottona [\u2026] Read More","og_url":"https:\/\/pans.krosno.pl\/instytut-humanistyczny\/historyczne-przenikanie-kultur-jasielskie-spotkanie-z-dr-krystyna-szayna-dec\/","og_site_name":"Instytut Humanistyczny PANS w Kro\u015bnie","article_published_time":"2022-03-30T13:57:00+00:00","article_modified_time":"2022-04-21T13:59:42+00:00","og_image":[{"width":550,"height":366,"url":"https:\/\/pans.krosno.pl\/wp-content\/uploads\/sites\/9\/2022\/04\/krystyna_szayna_dec_4.jpg","type":"image\/jpeg"}],"author":"Bartosz Go\u0142\u0105bek","twitter_card":"summary_large_image","twitter_misc":{"Napisane przez":"Bartosz Go\u0142\u0105bek","Szacowany czas czytania":"3 minuty"},"schema":{"@context":"https:\/\/schema.org","@graph":[{"@type":"Article","@id":"https:\/\/pans.krosno.pl\/instytut-humanistyczny\/historyczne-przenikanie-kultur-jasielskie-spotkanie-z-dr-krystyna-szayna-dec\/#article","isPartOf":{"@id":"https:\/\/pans.krosno.pl\/instytut-humanistyczny\/historyczne-przenikanie-kultur-jasielskie-spotkanie-z-dr-krystyna-szayna-dec\/"},"author":{"name":"Bartosz Go\u0142\u0105bek","@id":"https:\/\/pans.krosno.pl\/instytut-humanistyczny\/#\/schema\/person\/cb70195a5aeabe88d51256d821faa2d9"},"headline":"Historyczne przenikanie kultur &#8211; jasielskie spotkanie z dr Krystyn\u0105 Szayn\u0105-Dec","datePublished":"2022-03-30T13:57:00+00:00","dateModified":"2022-04-21T13:59:42+00:00","mainEntityOfPage":{"@id":"https:\/\/pans.krosno.pl\/instytut-humanistyczny\/historyczne-przenikanie-kultur-jasielskie-spotkanie-z-dr-krystyna-szayna-dec\/"},"wordCount":507,"commentCount":0,"publisher":{"@id":"https:\/\/pans.krosno.pl\/instytut-humanistyczny\/#organization"},"image":{"@id":"https:\/\/pans.krosno.pl\/instytut-humanistyczny\/historyczne-przenikanie-kultur-jasielskie-spotkanie-z-dr-krystyna-szayna-dec\/#primaryimage"},"thumbnailUrl":"https:\/\/pans.krosno.pl\/instytut-humanistyczny\/wp-content\/uploads\/sites\/9\/2022\/04\/krystyna_szayna_dec_4.jpg","inLanguage":"pl-PL","potentialAction":[{"@type":"CommentAction","name":"Comment","target":["https:\/\/pans.krosno.pl\/instytut-humanistyczny\/historyczne-przenikanie-kultur-jasielskie-spotkanie-z-dr-krystyna-szayna-dec\/#respond"]}]},{"@type":"WebPage","@id":"https:\/\/pans.krosno.pl\/instytut-humanistyczny\/historyczne-przenikanie-kultur-jasielskie-spotkanie-z-dr-krystyna-szayna-dec\/","url":"https:\/\/pans.krosno.pl\/instytut-humanistyczny\/historyczne-przenikanie-kultur-jasielskie-spotkanie-z-dr-krystyna-szayna-dec\/","name":"Historyczne przenikanie kultur - jasielskie spotkanie z dr Krystyn\u0105 Szayn\u0105-Dec - Instytut Humanistyczny PANS w Kro\u015bnie","isPartOf":{"@id":"https:\/\/pans.krosno.pl\/instytut-humanistyczny\/#website"},"primaryImageOfPage":{"@id":"https:\/\/pans.krosno.pl\/instytut-humanistyczny\/historyczne-przenikanie-kultur-jasielskie-spotkanie-z-dr-krystyna-szayna-dec\/#primaryimage"},"image":{"@id":"https:\/\/pans.krosno.pl\/instytut-humanistyczny\/historyczne-przenikanie-kultur-jasielskie-spotkanie-z-dr-krystyna-szayna-dec\/#primaryimage"},"thumbnailUrl":"https:\/\/pans.krosno.pl\/instytut-humanistyczny\/wp-content\/uploads\/sites\/9\/2022\/04\/krystyna_szayna_dec_4.jpg","datePublished":"2022-03-30T13:57:00+00:00","dateModified":"2022-04-21T13:59:42+00:00","breadcrumb":{"@id":"https:\/\/pans.krosno.pl\/instytut-humanistyczny\/historyczne-przenikanie-kultur-jasielskie-spotkanie-z-dr-krystyna-szayna-dec\/#breadcrumb"},"inLanguage":"pl-PL","potentialAction":[{"@type":"ReadAction","target":["https:\/\/pans.krosno.pl\/instytut-humanistyczny\/historyczne-przenikanie-kultur-jasielskie-spotkanie-z-dr-krystyna-szayna-dec\/"]}]},{"@type":"ImageObject","inLanguage":"pl-PL","@id":"https:\/\/pans.krosno.pl\/instytut-humanistyczny\/historyczne-przenikanie-kultur-jasielskie-spotkanie-z-dr-krystyna-szayna-dec\/#primaryimage","url":"https:\/\/pans.krosno.pl\/instytut-humanistyczny\/wp-content\/uploads\/sites\/9\/2022\/04\/krystyna_szayna_dec_4.jpg","contentUrl":"https:\/\/pans.krosno.pl\/instytut-humanistyczny\/wp-content\/uploads\/sites\/9\/2022\/04\/krystyna_szayna_dec_4.jpg","width":550,"height":366},{"@type":"BreadcrumbList","@id":"https:\/\/pans.krosno.pl\/instytut-humanistyczny\/historyczne-przenikanie-kultur-jasielskie-spotkanie-z-dr-krystyna-szayna-dec\/#breadcrumb","itemListElement":[{"@type":"ListItem","position":1,"name":"Strona g\u0142\u00f3wna","item":"https:\/\/pans.krosno.pl\/instytut-humanistyczny\/"},{"@type":"ListItem","position":2,"name":"Historyczne przenikanie kultur &#8211; jasielskie spotkanie z dr Krystyn\u0105 Szayn\u0105-Dec"}]},{"@type":"WebSite","@id":"https:\/\/pans.krosno.pl\/instytut-humanistyczny\/#website","url":"https:\/\/pans.krosno.pl\/instytut-humanistyczny\/","name":"Instytut Humanistyczny PANS w Kro\u015bnie","description":"Instytut Humanistyczny - Pa\u0144stwowa Akademia Nauk Stosowanych","publisher":{"@id":"https:\/\/pans.krosno.pl\/instytut-humanistyczny\/#organization"},"potentialAction":[{"@type":"SearchAction","target":{"@type":"EntryPoint","urlTemplate":"https:\/\/pans.krosno.pl\/instytut-humanistyczny\/?s={search_term_string}"},"query-input":{"@type":"PropertyValueSpecification","valueRequired":true,"valueName":"search_term_string"}}],"inLanguage":"pl-PL"},{"@type":"Organization","@id":"https:\/\/pans.krosno.pl\/instytut-humanistyczny\/#organization","name":"Instytut Humanistyczny PANS w Kro\u015bnie","url":"https:\/\/pans.krosno.pl\/instytut-humanistyczny\/","logo":{"@type":"ImageObject","inLanguage":"pl-PL","@id":"https:\/\/pans.krosno.pl\/instytut-humanistyczny\/#\/schema\/logo\/image\/","url":"https:\/\/pans.krosno.pl\/instytut-humanistyczny\/wp-content\/uploads\/sites\/9\/2023\/01\/Logo-PANS-2022-pelne.png","contentUrl":"https:\/\/pans.krosno.pl\/instytut-humanistyczny\/wp-content\/uploads\/sites\/9\/2023\/01\/Logo-PANS-2022-pelne.png","width":3096,"height":696,"caption":"Instytut Humanistyczny PANS w Kro\u015bnie"},"image":{"@id":"https:\/\/pans.krosno.pl\/instytut-humanistyczny\/#\/schema\/logo\/image\/"}},{"@type":"Person","@id":"https:\/\/pans.krosno.pl\/instytut-humanistyczny\/#\/schema\/person\/cb70195a5aeabe88d51256d821faa2d9","name":"Bartosz Go\u0142\u0105bek","image":{"@type":"ImageObject","inLanguage":"pl-PL","@id":"https:\/\/secure.gravatar.com\/avatar\/ad10819676385baed8ebd4d7be0d4ba77dd5fdc0f4779d414dea3126fd3aec33?s=96&d=mm&r=g","url":"https:\/\/secure.gravatar.com\/avatar\/ad10819676385baed8ebd4d7be0d4ba77dd5fdc0f4779d414dea3126fd3aec33?s=96&d=mm&r=g","contentUrl":"https:\/\/secure.gravatar.com\/avatar\/ad10819676385baed8ebd4d7be0d4ba77dd5fdc0f4779d414dea3126fd3aec33?s=96&d=mm&r=g","caption":"Bartosz Go\u0142\u0105bek"},"description":"dr Bartosz Go\u0142\u0105bek Dyrektor Instytutu Humanistycznego Karpacka Pa\u0144stwowa Uczelnia w Kro\u015bnie (dawniej PWSZ)","url":"https:\/\/pans.krosno.pl\/instytut-humanistyczny\/author\/bartoszgolabek\/"}]}},"_links":{"self":[{"href":"https:\/\/pans.krosno.pl\/instytut-humanistyczny\/wp-json\/wp\/v2\/posts\/1525","targetHints":{"allow":["GET"]}}],"collection":[{"href":"https:\/\/pans.krosno.pl\/instytut-humanistyczny\/wp-json\/wp\/v2\/posts"}],"about":[{"href":"https:\/\/pans.krosno.pl\/instytut-humanistyczny\/wp-json\/wp\/v2\/types\/post"}],"author":[{"embeddable":true,"href":"https:\/\/pans.krosno.pl\/instytut-humanistyczny\/wp-json\/wp\/v2\/users\/57"}],"replies":[{"embeddable":true,"href":"https:\/\/pans.krosno.pl\/instytut-humanistyczny\/wp-json\/wp\/v2\/comments?post=1525"}],"version-history":[{"count":4,"href":"https:\/\/pans.krosno.pl\/instytut-humanistyczny\/wp-json\/wp\/v2\/posts\/1525\/revisions"}],"predecessor-version":[{"id":1533,"href":"https:\/\/pans.krosno.pl\/instytut-humanistyczny\/wp-json\/wp\/v2\/posts\/1525\/revisions\/1533"}],"wp:featuredmedia":[{"embeddable":true,"href":"https:\/\/pans.krosno.pl\/instytut-humanistyczny\/wp-json\/wp\/v2\/media\/1526"}],"wp:attachment":[{"href":"https:\/\/pans.krosno.pl\/instytut-humanistyczny\/wp-json\/wp\/v2\/media?parent=1525"}],"wp:term":[{"taxonomy":"category","embeddable":true,"href":"https:\/\/pans.krosno.pl\/instytut-humanistyczny\/wp-json\/wp\/v2\/categories?post=1525"},{"taxonomy":"post_tag","embeddable":true,"href":"https:\/\/pans.krosno.pl\/instytut-humanistyczny\/wp-json\/wp\/v2\/tags?post=1525"}],"curies":[{"name":"wp","href":"https:\/\/api.w.org\/{rel}","templated":true}]}}