{"id":1457,"date":"2022-03-09T19:03:00","date_gmt":"2022-03-09T18:03:00","guid":{"rendered":"https:\/\/pans.krosno.pl\/instytut-humanistyczny\/?p=1457"},"modified":"2022-03-10T09:36:06","modified_gmt":"2022-03-10T08:36:06","slug":"spotkanie-wschodnie-napasc-putina-na-ukraine","status":"publish","type":"post","link":"https:\/\/pans.krosno.pl\/instytut-humanistyczny\/spotkanie-wschodnie-napasc-putina-na-ukraine\/","title":{"rendered":"Spotkanie Wschodnie: Napa\u015b\u0107 Putina na Ukrain\u0119"},"content":{"rendered":"\n<p>We wtorkowe popo\u0142udnie 1 marca 2022 roku odby\u0142o si\u0119 wsp\u00f3lne krakowsko-kro\u015bnie\u0144skie spotkanie \u00a0w ramach cyklu <a href=\"https:\/\/ifw.filg.uj.edu.pl\/spotkania-wschodnie\/archiwum-spotkan\">\u201eSpotkania Wschodnie\u201d<\/a>, kt\u00f3re s\u0105 organizowane od ponad 20 lat w Instytucie Filologii Wschodnios\u0142owia\u0144skiej Uniwersytetu Jagiello\u0144skiego oraz cyklu  <a href=\"https:\/\/pans.krosno.pl\/uczelnia-dla-miasta-i-regionu\/wyklady-polska-i-jej-sasiedzi\/\">\u201ePolska i jej s\u0105siedzi\u201d<\/a>, prowadzonego pod egid\u0105 Karpackiej Pa\u0144stwowej Uczelni w Kro\u015bnie. Dzi\u0119ki zdalnemu formatowi spotkania i jego ponadregionalnemu charakterowi do\u0142\u0105czy\u0142a do niego du\u017ca grupa student\u00f3w i wyk\u0142adowc\u00f3w z obu uczelni.<\/p>\n\n\n\n<p>Spotkanie mia\u0142o charakter informacyjny, ale naczeln\u0105 intencj\u0105 tego przedsi\u0119wzi\u0119cia by\u0142o wyra\u017cenie jednoznacznego sprzeciwu naszych \u015brodowisk akademickich wobec barbarzy\u0144skiej napa\u015bci wojennej Federacji Rosyjskiej na niepodleg\u0142e pa\u0144stwo Ukrai\u0144skie w dniu 24 lutego 2022 roku.<\/p>\n\n\n\n<p>Pierwsz\u0105 cz\u0119\u015b\u0107 spotkania moderowanego przez doktora Bartosza Go\u0142\u0105bka po\u015bwi\u0119cono na zakre\u015blenie kontekstu wzmacniania si\u0119 agresywnego rosyjskiego putinizmu pocz\u0105wszy od pierwszej prezydenckiej kadencji W\u0142adimira Putina a\u017c po czasy wsp\u00f3\u0142czesne. Rosja pod przyw\u00f3dztwem Putina prowadzi\u0142a wojn\u0119 przeciwko Czeczenii, Gruzji oraz Ukrainie, a jedynie nieliczni dzielni Rosjanie, cho\u0107by tacy jak zamordowany w 2015 roku Borys Niemcow pr\u00f3bowali zatrzyma\u0107 narastaj\u0105c\u0105 w kraju fal\u0119 faszyzmu i imperialne ci\u0105goty politycznej elity (<a href=\"https:\/\/kksw.ifw.filg.uj.edu.pl\/katedra\/aktualnosci\/-\/journal_content\/56_INSTANCE_25Bq\/42052856\/150144773\">Apel Grzegorza Przebindy do Rady Miasta Krakowa<\/a>).<\/p>\n\n\n\n<p>Wa\u017cnym kontekstem rozwa\u017ca\u0144 by\u0142 tak\u017ce wymiar informacyjny wojny Putina przeciwko Ukrainie. Zapa\u015b\u0107 przestrzeni medialnej w Rosji i atak pa\u0144stwa na ostatnie wolne media w tym kraju bez w\u0105tpienia znacz\u0105co utrudnia pozyskanie wiarygodnej informacji (<a href=\"https:\/\/kksw.ifw.filg.uj.edu.pl\/katedra\/aktualnosci\/-\/journal_content\/56_INSTANCE_25Bq\/42052856\/150041261\">\u0179r\u00f3d\u0142a informacji o bie\u017c\u0105cej sytuacji w Rosji<\/a>). &nbsp;W obliczu pe\u0142nego ograniczenia wolno\u015bci s\u0142owa, nachalnej propagandy pa\u0144stwa wspartej wojenn\u0105 cenzur\u0105 i <a href=\"https:\/\/open.spotify.com\/episode\/3VyvGzhAiLgoV7SP4crvcc?si=lYq87sioTLCTkWYwur7R4g\">drako\u0144skimi karami<\/a> niestety b\u0119dzie to coraz trudniejsze.<\/p>\n\n\n\n<p>Dyskusja, pytania i refleksje, kt\u00f3re pad\u0142y po wypowiedziach <a href=\"https:\/\/przebindapisze.pl\/\">profesora Grzegorza Przebindy<\/a> (rektora Karpackiej Pa\u0144stwowej Uczelni w Kro\u015bnie w latach 2012-2020 i jednocze\u015bnie kierownika Katedry Kultury S\u0142owian Wschodnich w Instytucie Filologii Wschodnios\u0142owia\u0144skiej) oraz doktora <a href=\"https:\/\/sprawywschodu.wordpress.com\/\">Bartosza Go\u0142\u0105bka<\/a> (dyrektora Instytutu Humanistycznego KPU w Kro\u015bnie i adiunkta w Instytucie Filologii Wschodnios\u0142owia\u0144skiej Uniwersytetu Jagiello\u0144skiego), wykaza\u0142y jak bardzo potrzebna jest nam pog\u0142\u0119biona wiedza na temat naszych s\u0105siad\u00f3w, w szczeg\u00f3lno\u015bci w obliczu brutalnej imperialnej ideologii dzisiejszej Rosji. &nbsp;<\/p>\n\n\n\n<p>BG<\/p>\n\n\n\n<div class=\"wp-block-image\"><figure class=\"aligncenter size-large is-resized\"><img loading=\"lazy\" decoding=\"async\" src=\"https:\/\/pans.krosno.pl\/instytut-humanistyczny\/wp-content\/uploads\/sites\/9\/2022\/02\/Spotkanie-Wshodnie-Napasc-Putina-724x1024.png\" alt=\"\" class=\"wp-image-1458\" width=\"398\" height=\"563\" srcset=\"https:\/\/pans.krosno.pl\/instytut-humanistyczny\/wp-content\/uploads\/sites\/9\/2022\/02\/Spotkanie-Wshodnie-Napasc-Putina-724x1024.png 724w, https:\/\/pans.krosno.pl\/instytut-humanistyczny\/wp-content\/uploads\/sites\/9\/2022\/02\/Spotkanie-Wshodnie-Napasc-Putina-212x300.png 212w, https:\/\/pans.krosno.pl\/instytut-humanistyczny\/wp-content\/uploads\/sites\/9\/2022\/02\/Spotkanie-Wshodnie-Napasc-Putina-768x1086.png 768w, https:\/\/pans.krosno.pl\/instytut-humanistyczny\/wp-content\/uploads\/sites\/9\/2022\/02\/Spotkanie-Wshodnie-Napasc-Putina-1086x1536.png 1086w, https:\/\/pans.krosno.pl\/instytut-humanistyczny\/wp-content\/uploads\/sites\/9\/2022\/02\/Spotkanie-Wshodnie-Napasc-Putina-1448x2048.png 1448w, https:\/\/pans.krosno.pl\/instytut-humanistyczny\/wp-content\/uploads\/sites\/9\/2022\/02\/Spotkanie-Wshodnie-Napasc-Putina-800x1132.png 800w, https:\/\/pans.krosno.pl\/instytut-humanistyczny\/wp-content\/uploads\/sites\/9\/2022\/02\/Spotkanie-Wshodnie-Napasc-Putina-580x820.png 580w, https:\/\/pans.krosno.pl\/instytut-humanistyczny\/wp-content\/uploads\/sites\/9\/2022\/02\/Spotkanie-Wshodnie-Napasc-Putina.png 1587w\" sizes=\"auto, (max-width: 398px) 100vw, 398px\" \/><\/figure><\/div>\n\n\n\n<p><\/p>\n","protected":false},"excerpt":{"rendered":"<p>We wtorkowe popo\u0142udnie 1 marca 2022 roku odby\u0142o si\u0119 wsp\u00f3lne krakowsko-kro\u015bnie\u0144skie spotkanie \u00a0w ramach cyklu \u201eSpotkania Wschodnie\u201d, kt\u00f3re s\u0105 organizowane od ponad 20 lat w Instytucie Filologii Wschodnios\u0142owia\u0144skiej Uniwersytetu Jagiello\u0144skiego oraz cyklu \u201ePolska i jej s\u0105siedzi\u201d, prowadzonego pod egid\u0105 Karpackiej Pa\u0144stwowej Uczelni w Kro\u015bnie. Dzi\u0119ki zdalnemu formatowi spotkania i jego [\u2026] <\/p>\n<div class=\"clear\"><\/div>\n<p><a class=\"more_link clearfix\" href=\"https:\/\/pans.krosno.pl\/instytut-humanistyczny\/spotkanie-wschodnie-napasc-putina-na-ukraine\/\" rel=\"nofollow\">Read More<\/a><\/p>\n","protected":false},"author":57,"featured_media":1460,"comment_status":"open","ping_status":"open","sticky":false,"template":"","format":"standard","meta":{"ngg_post_thumbnail":0,"footnotes":""},"categories":[1],"tags":[],"class_list":["post-1457","post","type-post","status-publish","format-standard","has-post-thumbnail","hentry","category-bez-kategorii"],"yoast_head":"<!-- This site is optimized with the Yoast SEO Premium plugin v27.4 (Yoast SEO v27.4) - https:\/\/yoast.com\/product\/yoast-seo-premium-wordpress\/ -->\n<title>Spotkanie Wschodnie: Napa\u015b\u0107 Putina na Ukrain\u0119 - Instytut Humanistyczny PANS w Kro\u015bnie<\/title>\n<meta name=\"robots\" content=\"index, follow, max-snippet:-1, max-image-preview:large, max-video-preview:-1\" \/>\n<link rel=\"canonical\" href=\"https:\/\/pans.krosno.pl\/instytut-humanistyczny\/spotkanie-wschodnie-napasc-putina-na-ukraine\/\" \/>\n<meta property=\"og:locale\" content=\"pl_PL\" \/>\n<meta property=\"og:type\" content=\"article\" \/>\n<meta property=\"og:title\" content=\"Spotkanie Wschodnie: Napa\u015b\u0107 Putina na Ukrain\u0119\" \/>\n<meta property=\"og:description\" content=\"We wtorkowe popo\u0142udnie 1 marca 2022 roku odby\u0142o si\u0119 wsp\u00f3lne krakowsko-kro\u015bnie\u0144skie spotkanie \u00a0w ramach cyklu \u201eSpotkania Wschodnie\u201d, kt\u00f3re s\u0105 organizowane od ponad 20 lat w Instytucie Filologii Wschodnios\u0142owia\u0144skiej Uniwersytetu Jagiello\u0144skiego oraz cyklu \u201ePolska i jej s\u0105siedzi\u201d, prowadzonego pod egid\u0105 Karpackiej Pa\u0144stwowej Uczelni w Kro\u015bnie. Dzi\u0119ki zdalnemu formatowi spotkania i jego [\u2026] Read More\" \/>\n<meta property=\"og:url\" content=\"https:\/\/pans.krosno.pl\/instytut-humanistyczny\/spotkanie-wschodnie-napasc-putina-na-ukraine\/\" \/>\n<meta property=\"og:site_name\" content=\"Instytut Humanistyczny PANS w Kro\u015bnie\" \/>\n<meta property=\"article:published_time\" content=\"2022-03-09T18:03:00+00:00\" \/>\n<meta property=\"article:modified_time\" content=\"2022-03-10T08:36:06+00:00\" \/>\n<meta property=\"og:image\" content=\"https:\/\/pans.krosno.pl\/wp-content\/uploads\/sites\/9\/2022\/02\/pexels-photo-11284549.jpeg\" \/>\n\t<meta property=\"og:image:width\" content=\"1040\" \/>\n\t<meta property=\"og:image:height\" content=\"1300\" \/>\n\t<meta property=\"og:image:type\" content=\"image\/jpeg\" \/>\n<meta name=\"author\" content=\"Bartosz Go\u0142\u0105bek\" \/>\n<meta name=\"twitter:card\" content=\"summary_large_image\" \/>\n<meta name=\"twitter:label1\" content=\"Napisane przez\" \/>\n\t<meta name=\"twitter:data1\" content=\"Bartosz Go\u0142\u0105bek\" \/>\n\t<meta name=\"twitter:label2\" content=\"Szacowany czas czytania\" \/>\n\t<meta name=\"twitter:data2\" content=\"3 minuty\" \/>\n<script type=\"application\/ld+json\" class=\"yoast-schema-graph\">{\"@context\":\"https:\\\/\\\/schema.org\",\"@graph\":[{\"@type\":\"Article\",\"@id\":\"https:\\\/\\\/pans.krosno.pl\\\/instytut-humanistyczny\\\/spotkanie-wschodnie-napasc-putina-na-ukraine\\\/#article\",\"isPartOf\":{\"@id\":\"https:\\\/\\\/pans.krosno.pl\\\/instytut-humanistyczny\\\/spotkanie-wschodnie-napasc-putina-na-ukraine\\\/\"},\"author\":{\"name\":\"Bartosz Go\u0142\u0105bek\",\"@id\":\"https:\\\/\\\/pans.krosno.pl\\\/instytut-humanistyczny\\\/#\\\/schema\\\/person\\\/cb70195a5aeabe88d51256d821faa2d9\"},\"headline\":\"Spotkanie Wschodnie: Napa\u015b\u0107 Putina na Ukrain\u0119\",\"datePublished\":\"2022-03-09T18:03:00+00:00\",\"dateModified\":\"2022-03-10T08:36:06+00:00\",\"mainEntityOfPage\":{\"@id\":\"https:\\\/\\\/pans.krosno.pl\\\/instytut-humanistyczny\\\/spotkanie-wschodnie-napasc-putina-na-ukraine\\\/\"},\"wordCount\":376,\"commentCount\":0,\"publisher\":{\"@id\":\"https:\\\/\\\/pans.krosno.pl\\\/instytut-humanistyczny\\\/#organization\"},\"image\":{\"@id\":\"https:\\\/\\\/pans.krosno.pl\\\/instytut-humanistyczny\\\/spotkanie-wschodnie-napasc-putina-na-ukraine\\\/#primaryimage\"},\"thumbnailUrl\":\"https:\\\/\\\/pans.krosno.pl\\\/instytut-humanistyczny\\\/wp-content\\\/uploads\\\/sites\\\/9\\\/2022\\\/02\\\/pexels-photo-11284549.jpeg\",\"inLanguage\":\"pl-PL\",\"potentialAction\":[{\"@type\":\"CommentAction\",\"name\":\"Comment\",\"target\":[\"https:\\\/\\\/pans.krosno.pl\\\/instytut-humanistyczny\\\/spotkanie-wschodnie-napasc-putina-na-ukraine\\\/#respond\"]}]},{\"@type\":\"WebPage\",\"@id\":\"https:\\\/\\\/pans.krosno.pl\\\/instytut-humanistyczny\\\/spotkanie-wschodnie-napasc-putina-na-ukraine\\\/\",\"url\":\"https:\\\/\\\/pans.krosno.pl\\\/instytut-humanistyczny\\\/spotkanie-wschodnie-napasc-putina-na-ukraine\\\/\",\"name\":\"Spotkanie Wschodnie: Napa\u015b\u0107 Putina na Ukrain\u0119 - Instytut Humanistyczny PANS w Kro\u015bnie\",\"isPartOf\":{\"@id\":\"https:\\\/\\\/pans.krosno.pl\\\/instytut-humanistyczny\\\/#website\"},\"primaryImageOfPage\":{\"@id\":\"https:\\\/\\\/pans.krosno.pl\\\/instytut-humanistyczny\\\/spotkanie-wschodnie-napasc-putina-na-ukraine\\\/#primaryimage\"},\"image\":{\"@id\":\"https:\\\/\\\/pans.krosno.pl\\\/instytut-humanistyczny\\\/spotkanie-wschodnie-napasc-putina-na-ukraine\\\/#primaryimage\"},\"thumbnailUrl\":\"https:\\\/\\\/pans.krosno.pl\\\/instytut-humanistyczny\\\/wp-content\\\/uploads\\\/sites\\\/9\\\/2022\\\/02\\\/pexels-photo-11284549.jpeg\",\"datePublished\":\"2022-03-09T18:03:00+00:00\",\"dateModified\":\"2022-03-10T08:36:06+00:00\",\"breadcrumb\":{\"@id\":\"https:\\\/\\\/pans.krosno.pl\\\/instytut-humanistyczny\\\/spotkanie-wschodnie-napasc-putina-na-ukraine\\\/#breadcrumb\"},\"inLanguage\":\"pl-PL\",\"potentialAction\":[{\"@type\":\"ReadAction\",\"target\":[\"https:\\\/\\\/pans.krosno.pl\\\/instytut-humanistyczny\\\/spotkanie-wschodnie-napasc-putina-na-ukraine\\\/\"]}]},{\"@type\":\"ImageObject\",\"inLanguage\":\"pl-PL\",\"@id\":\"https:\\\/\\\/pans.krosno.pl\\\/instytut-humanistyczny\\\/spotkanie-wschodnie-napasc-putina-na-ukraine\\\/#primaryimage\",\"url\":\"https:\\\/\\\/pans.krosno.pl\\\/instytut-humanistyczny\\\/wp-content\\\/uploads\\\/sites\\\/9\\\/2022\\\/02\\\/pexels-photo-11284549.jpeg\",\"contentUrl\":\"https:\\\/\\\/pans.krosno.pl\\\/instytut-humanistyczny\\\/wp-content\\\/uploads\\\/sites\\\/9\\\/2022\\\/02\\\/pexels-photo-11284549.jpeg\",\"width\":1040,\"height\":1300},{\"@type\":\"BreadcrumbList\",\"@id\":\"https:\\\/\\\/pans.krosno.pl\\\/instytut-humanistyczny\\\/spotkanie-wschodnie-napasc-putina-na-ukraine\\\/#breadcrumb\",\"itemListElement\":[{\"@type\":\"ListItem\",\"position\":1,\"name\":\"Strona g\u0142\u00f3wna\",\"item\":\"https:\\\/\\\/pans.krosno.pl\\\/instytut-humanistyczny\\\/\"},{\"@type\":\"ListItem\",\"position\":2,\"name\":\"Spotkanie Wschodnie: Napa\u015b\u0107 Putina na Ukrain\u0119\"}]},{\"@type\":\"WebSite\",\"@id\":\"https:\\\/\\\/pans.krosno.pl\\\/instytut-humanistyczny\\\/#website\",\"url\":\"https:\\\/\\\/pans.krosno.pl\\\/instytut-humanistyczny\\\/\",\"name\":\"Instytut Humanistyczny PANS w Kro\u015bnie\",\"description\":\"Instytut Humanistyczny - Pa\u0144stwowa Akademia Nauk Stosowanych\",\"publisher\":{\"@id\":\"https:\\\/\\\/pans.krosno.pl\\\/instytut-humanistyczny\\\/#organization\"},\"potentialAction\":[{\"@type\":\"SearchAction\",\"target\":{\"@type\":\"EntryPoint\",\"urlTemplate\":\"https:\\\/\\\/pans.krosno.pl\\\/instytut-humanistyczny\\\/?s={search_term_string}\"},\"query-input\":{\"@type\":\"PropertyValueSpecification\",\"valueRequired\":true,\"valueName\":\"search_term_string\"}}],\"inLanguage\":\"pl-PL\"},{\"@type\":\"Organization\",\"@id\":\"https:\\\/\\\/pans.krosno.pl\\\/instytut-humanistyczny\\\/#organization\",\"name\":\"Instytut Humanistyczny PANS w Kro\u015bnie\",\"url\":\"https:\\\/\\\/pans.krosno.pl\\\/instytut-humanistyczny\\\/\",\"logo\":{\"@type\":\"ImageObject\",\"inLanguage\":\"pl-PL\",\"@id\":\"https:\\\/\\\/pans.krosno.pl\\\/instytut-humanistyczny\\\/#\\\/schema\\\/logo\\\/image\\\/\",\"url\":\"https:\\\/\\\/pans.krosno.pl\\\/instytut-humanistyczny\\\/wp-content\\\/uploads\\\/sites\\\/9\\\/2023\\\/01\\\/Logo-PANS-2022-pelne.png\",\"contentUrl\":\"https:\\\/\\\/pans.krosno.pl\\\/instytut-humanistyczny\\\/wp-content\\\/uploads\\\/sites\\\/9\\\/2023\\\/01\\\/Logo-PANS-2022-pelne.png\",\"width\":3096,\"height\":696,\"caption\":\"Instytut Humanistyczny PANS w Kro\u015bnie\"},\"image\":{\"@id\":\"https:\\\/\\\/pans.krosno.pl\\\/instytut-humanistyczny\\\/#\\\/schema\\\/logo\\\/image\\\/\"}},{\"@type\":\"Person\",\"@id\":\"https:\\\/\\\/pans.krosno.pl\\\/instytut-humanistyczny\\\/#\\\/schema\\\/person\\\/cb70195a5aeabe88d51256d821faa2d9\",\"name\":\"Bartosz Go\u0142\u0105bek\",\"image\":{\"@type\":\"ImageObject\",\"inLanguage\":\"pl-PL\",\"@id\":\"https:\\\/\\\/secure.gravatar.com\\\/avatar\\\/ad10819676385baed8ebd4d7be0d4ba77dd5fdc0f4779d414dea3126fd3aec33?s=96&d=mm&r=g\",\"url\":\"https:\\\/\\\/secure.gravatar.com\\\/avatar\\\/ad10819676385baed8ebd4d7be0d4ba77dd5fdc0f4779d414dea3126fd3aec33?s=96&d=mm&r=g\",\"contentUrl\":\"https:\\\/\\\/secure.gravatar.com\\\/avatar\\\/ad10819676385baed8ebd4d7be0d4ba77dd5fdc0f4779d414dea3126fd3aec33?s=96&d=mm&r=g\",\"caption\":\"Bartosz Go\u0142\u0105bek\"},\"description\":\"dr Bartosz Go\u0142\u0105bek Dyrektor Instytutu Humanistycznego Karpacka Pa\u0144stwowa Uczelnia w Kro\u015bnie (dawniej PWSZ)\",\"url\":\"https:\\\/\\\/pans.krosno.pl\\\/instytut-humanistyczny\\\/author\\\/bartoszgolabek\\\/\"}]}<\/script>\n<!-- \/ Yoast SEO Premium plugin. -->","yoast_head_json":{"title":"Spotkanie Wschodnie: Napa\u015b\u0107 Putina na Ukrain\u0119 - Instytut Humanistyczny PANS w Kro\u015bnie","robots":{"index":"index","follow":"follow","max-snippet":"max-snippet:-1","max-image-preview":"max-image-preview:large","max-video-preview":"max-video-preview:-1"},"canonical":"https:\/\/pans.krosno.pl\/instytut-humanistyczny\/spotkanie-wschodnie-napasc-putina-na-ukraine\/","og_locale":"pl_PL","og_type":"article","og_title":"Spotkanie Wschodnie: Napa\u015b\u0107 Putina na Ukrain\u0119","og_description":"We wtorkowe popo\u0142udnie 1 marca 2022 roku odby\u0142o si\u0119 wsp\u00f3lne krakowsko-kro\u015bnie\u0144skie spotkanie \u00a0w ramach cyklu \u201eSpotkania Wschodnie\u201d, kt\u00f3re s\u0105 organizowane od ponad 20 lat w Instytucie Filologii Wschodnios\u0142owia\u0144skiej Uniwersytetu Jagiello\u0144skiego oraz cyklu \u201ePolska i jej s\u0105siedzi\u201d, prowadzonego pod egid\u0105 Karpackiej Pa\u0144stwowej Uczelni w Kro\u015bnie. Dzi\u0119ki zdalnemu formatowi spotkania i jego [\u2026] Read More","og_url":"https:\/\/pans.krosno.pl\/instytut-humanistyczny\/spotkanie-wschodnie-napasc-putina-na-ukraine\/","og_site_name":"Instytut Humanistyczny PANS w Kro\u015bnie","article_published_time":"2022-03-09T18:03:00+00:00","article_modified_time":"2022-03-10T08:36:06+00:00","og_image":[{"width":1040,"height":1300,"url":"https:\/\/pans.krosno.pl\/wp-content\/uploads\/sites\/9\/2022\/02\/pexels-photo-11284549.jpeg","type":"image\/jpeg"}],"author":"Bartosz Go\u0142\u0105bek","twitter_card":"summary_large_image","twitter_misc":{"Napisane przez":"Bartosz Go\u0142\u0105bek","Szacowany czas czytania":"3 minuty"},"schema":{"@context":"https:\/\/schema.org","@graph":[{"@type":"Article","@id":"https:\/\/pans.krosno.pl\/instytut-humanistyczny\/spotkanie-wschodnie-napasc-putina-na-ukraine\/#article","isPartOf":{"@id":"https:\/\/pans.krosno.pl\/instytut-humanistyczny\/spotkanie-wschodnie-napasc-putina-na-ukraine\/"},"author":{"name":"Bartosz Go\u0142\u0105bek","@id":"https:\/\/pans.krosno.pl\/instytut-humanistyczny\/#\/schema\/person\/cb70195a5aeabe88d51256d821faa2d9"},"headline":"Spotkanie Wschodnie: Napa\u015b\u0107 Putina na Ukrain\u0119","datePublished":"2022-03-09T18:03:00+00:00","dateModified":"2022-03-10T08:36:06+00:00","mainEntityOfPage":{"@id":"https:\/\/pans.krosno.pl\/instytut-humanistyczny\/spotkanie-wschodnie-napasc-putina-na-ukraine\/"},"wordCount":376,"commentCount":0,"publisher":{"@id":"https:\/\/pans.krosno.pl\/instytut-humanistyczny\/#organization"},"image":{"@id":"https:\/\/pans.krosno.pl\/instytut-humanistyczny\/spotkanie-wschodnie-napasc-putina-na-ukraine\/#primaryimage"},"thumbnailUrl":"https:\/\/pans.krosno.pl\/instytut-humanistyczny\/wp-content\/uploads\/sites\/9\/2022\/02\/pexels-photo-11284549.jpeg","inLanguage":"pl-PL","potentialAction":[{"@type":"CommentAction","name":"Comment","target":["https:\/\/pans.krosno.pl\/instytut-humanistyczny\/spotkanie-wschodnie-napasc-putina-na-ukraine\/#respond"]}]},{"@type":"WebPage","@id":"https:\/\/pans.krosno.pl\/instytut-humanistyczny\/spotkanie-wschodnie-napasc-putina-na-ukraine\/","url":"https:\/\/pans.krosno.pl\/instytut-humanistyczny\/spotkanie-wschodnie-napasc-putina-na-ukraine\/","name":"Spotkanie Wschodnie: Napa\u015b\u0107 Putina na Ukrain\u0119 - Instytut Humanistyczny PANS w Kro\u015bnie","isPartOf":{"@id":"https:\/\/pans.krosno.pl\/instytut-humanistyczny\/#website"},"primaryImageOfPage":{"@id":"https:\/\/pans.krosno.pl\/instytut-humanistyczny\/spotkanie-wschodnie-napasc-putina-na-ukraine\/#primaryimage"},"image":{"@id":"https:\/\/pans.krosno.pl\/instytut-humanistyczny\/spotkanie-wschodnie-napasc-putina-na-ukraine\/#primaryimage"},"thumbnailUrl":"https:\/\/pans.krosno.pl\/instytut-humanistyczny\/wp-content\/uploads\/sites\/9\/2022\/02\/pexels-photo-11284549.jpeg","datePublished":"2022-03-09T18:03:00+00:00","dateModified":"2022-03-10T08:36:06+00:00","breadcrumb":{"@id":"https:\/\/pans.krosno.pl\/instytut-humanistyczny\/spotkanie-wschodnie-napasc-putina-na-ukraine\/#breadcrumb"},"inLanguage":"pl-PL","potentialAction":[{"@type":"ReadAction","target":["https:\/\/pans.krosno.pl\/instytut-humanistyczny\/spotkanie-wschodnie-napasc-putina-na-ukraine\/"]}]},{"@type":"ImageObject","inLanguage":"pl-PL","@id":"https:\/\/pans.krosno.pl\/instytut-humanistyczny\/spotkanie-wschodnie-napasc-putina-na-ukraine\/#primaryimage","url":"https:\/\/pans.krosno.pl\/instytut-humanistyczny\/wp-content\/uploads\/sites\/9\/2022\/02\/pexels-photo-11284549.jpeg","contentUrl":"https:\/\/pans.krosno.pl\/instytut-humanistyczny\/wp-content\/uploads\/sites\/9\/2022\/02\/pexels-photo-11284549.jpeg","width":1040,"height":1300},{"@type":"BreadcrumbList","@id":"https:\/\/pans.krosno.pl\/instytut-humanistyczny\/spotkanie-wschodnie-napasc-putina-na-ukraine\/#breadcrumb","itemListElement":[{"@type":"ListItem","position":1,"name":"Strona g\u0142\u00f3wna","item":"https:\/\/pans.krosno.pl\/instytut-humanistyczny\/"},{"@type":"ListItem","position":2,"name":"Spotkanie Wschodnie: Napa\u015b\u0107 Putina na Ukrain\u0119"}]},{"@type":"WebSite","@id":"https:\/\/pans.krosno.pl\/instytut-humanistyczny\/#website","url":"https:\/\/pans.krosno.pl\/instytut-humanistyczny\/","name":"Instytut Humanistyczny PANS w Kro\u015bnie","description":"Instytut Humanistyczny - Pa\u0144stwowa Akademia Nauk Stosowanych","publisher":{"@id":"https:\/\/pans.krosno.pl\/instytut-humanistyczny\/#organization"},"potentialAction":[{"@type":"SearchAction","target":{"@type":"EntryPoint","urlTemplate":"https:\/\/pans.krosno.pl\/instytut-humanistyczny\/?s={search_term_string}"},"query-input":{"@type":"PropertyValueSpecification","valueRequired":true,"valueName":"search_term_string"}}],"inLanguage":"pl-PL"},{"@type":"Organization","@id":"https:\/\/pans.krosno.pl\/instytut-humanistyczny\/#organization","name":"Instytut Humanistyczny PANS w Kro\u015bnie","url":"https:\/\/pans.krosno.pl\/instytut-humanistyczny\/","logo":{"@type":"ImageObject","inLanguage":"pl-PL","@id":"https:\/\/pans.krosno.pl\/instytut-humanistyczny\/#\/schema\/logo\/image\/","url":"https:\/\/pans.krosno.pl\/instytut-humanistyczny\/wp-content\/uploads\/sites\/9\/2023\/01\/Logo-PANS-2022-pelne.png","contentUrl":"https:\/\/pans.krosno.pl\/instytut-humanistyczny\/wp-content\/uploads\/sites\/9\/2023\/01\/Logo-PANS-2022-pelne.png","width":3096,"height":696,"caption":"Instytut Humanistyczny PANS w Kro\u015bnie"},"image":{"@id":"https:\/\/pans.krosno.pl\/instytut-humanistyczny\/#\/schema\/logo\/image\/"}},{"@type":"Person","@id":"https:\/\/pans.krosno.pl\/instytut-humanistyczny\/#\/schema\/person\/cb70195a5aeabe88d51256d821faa2d9","name":"Bartosz Go\u0142\u0105bek","image":{"@type":"ImageObject","inLanguage":"pl-PL","@id":"https:\/\/secure.gravatar.com\/avatar\/ad10819676385baed8ebd4d7be0d4ba77dd5fdc0f4779d414dea3126fd3aec33?s=96&d=mm&r=g","url":"https:\/\/secure.gravatar.com\/avatar\/ad10819676385baed8ebd4d7be0d4ba77dd5fdc0f4779d414dea3126fd3aec33?s=96&d=mm&r=g","contentUrl":"https:\/\/secure.gravatar.com\/avatar\/ad10819676385baed8ebd4d7be0d4ba77dd5fdc0f4779d414dea3126fd3aec33?s=96&d=mm&r=g","caption":"Bartosz Go\u0142\u0105bek"},"description":"dr Bartosz Go\u0142\u0105bek Dyrektor Instytutu Humanistycznego Karpacka Pa\u0144stwowa Uczelnia w Kro\u015bnie (dawniej PWSZ)","url":"https:\/\/pans.krosno.pl\/instytut-humanistyczny\/author\/bartoszgolabek\/"}]}},"_links":{"self":[{"href":"https:\/\/pans.krosno.pl\/instytut-humanistyczny\/wp-json\/wp\/v2\/posts\/1457","targetHints":{"allow":["GET"]}}],"collection":[{"href":"https:\/\/pans.krosno.pl\/instytut-humanistyczny\/wp-json\/wp\/v2\/posts"}],"about":[{"href":"https:\/\/pans.krosno.pl\/instytut-humanistyczny\/wp-json\/wp\/v2\/types\/post"}],"author":[{"embeddable":true,"href":"https:\/\/pans.krosno.pl\/instytut-humanistyczny\/wp-json\/wp\/v2\/users\/57"}],"replies":[{"embeddable":true,"href":"https:\/\/pans.krosno.pl\/instytut-humanistyczny\/wp-json\/wp\/v2\/comments?post=1457"}],"version-history":[{"count":10,"href":"https:\/\/pans.krosno.pl\/instytut-humanistyczny\/wp-json\/wp\/v2\/posts\/1457\/revisions"}],"predecessor-version":[{"id":1477,"href":"https:\/\/pans.krosno.pl\/instytut-humanistyczny\/wp-json\/wp\/v2\/posts\/1457\/revisions\/1477"}],"wp:featuredmedia":[{"embeddable":true,"href":"https:\/\/pans.krosno.pl\/instytut-humanistyczny\/wp-json\/wp\/v2\/media\/1460"}],"wp:attachment":[{"href":"https:\/\/pans.krosno.pl\/instytut-humanistyczny\/wp-json\/wp\/v2\/media?parent=1457"}],"wp:term":[{"taxonomy":"category","embeddable":true,"href":"https:\/\/pans.krosno.pl\/instytut-humanistyczny\/wp-json\/wp\/v2\/categories?post=1457"},{"taxonomy":"post_tag","embeddable":true,"href":"https:\/\/pans.krosno.pl\/instytut-humanistyczny\/wp-json\/wp\/v2\/tags?post=1457"}],"curies":[{"name":"wp","href":"https:\/\/api.w.org\/{rel}","templated":true}]}}