{"id":1436,"date":"2022-02-25T12:30:37","date_gmt":"2022-02-25T11:30:37","guid":{"rendered":"https:\/\/pans.krosno.pl\/instytut-humanistyczny\/?p=1436"},"modified":"2022-02-25T12:51:12","modified_gmt":"2022-02-25T11:51:12","slug":"bezpieczenstwo-cyfrowe-w-obliczu-zagrozenia","status":"publish","type":"post","link":"https:\/\/pans.krosno.pl\/instytut-humanistyczny\/bezpieczenstwo-cyfrowe-w-obliczu-zagrozenia\/","title":{"rendered":"Bezpiecze\u0144stwo cyfrowe w obliczu zagro\u017cenia [WSKAZ\u00d3WKI]"},"content":{"rendered":"\n<p>W zwi\u0105zku z brutalnym militarnym atakiem putinowskiej Rosji na Ukrain\u0119 w dniu 24.02.2022 roku, zwracamy Pa\u0144stwa szczeg\u00f3ln\u0105 uwag\u0119 na zasady zachowania ostro\u017cno\u015bci i rozwagi w komunikacji cyfrowej i przekazywaniu informacji. <\/p>\n\n\n\n<p>W Polsce obowi\u0105zuje 3 stopie\u0144 alarmowy <strong><a href=\"https:\/\/www.gov.pl\/web\/mswia\/stopnie-alarmowe-i-stopnie-alarmowe-crp#:~:text=Stopie%C5%84%20alarmowy%20CRP%20jest%20wprowadzany,w%20przypadku%20wyst%C4%85pienia%20takiego%20zdarzenia.\">CHARLIE-CRP<\/a>.<\/strong> To oznacza, \u017ce tak zwana infrastruktura krytyczna powinna by\u0107 \u015bci\u015blej ni\u017c zwykle monitorowana pod k\u0105tem zagro\u017ce\u0144.<\/p>\n\n\n\n<p>Polska, jako kraj wspieraj\u0105cy niepodleg\u0142o\u015b\u0107 Ukrainy, r\u00f3wnie\u017c mo\u017ce by\u0107 nara\u017cona na cz\u0119stsze i bardziej intensywne ni\u017c dot\u0105d cyberataki, a tak\u017ce szeroko zakrojone akcje manipulacyjne i dezinformacyjne prowadzone ze strony rosyjskiej. <\/p>\n\n\n\n<p><strong><span style=\"text-decoration: underline\">Oto kilka podstawowych zasad komunikowania w Internecie i sieciach spo\u0142eczno\u015bciowych w sytuacji zagro\u017cenia:<\/span><\/strong><\/p>\n\n\n\n<ol class=\"wp-block-list\" type=\"1\"><li><span class=\"has-inline-color has-vivid-red-color\"><strong>Wybiera\u0107 rzetelne i sprawdzone \u017ar\u00f3d\u0142a informacji.<\/strong><\/span><\/li><li><span class=\"has-inline-color has-vivid-red-color\"><strong>Dawkowa\u0107 pozyskiwanie nowych informacji.<\/strong><\/span><\/li><li><span class=\"has-inline-color has-vivid-red-color\"><strong>W miar\u0119 mo\u017cliwo\u015bci ograniczy\u0107 korzystanie z medi\u00f3w spo\u0142eczno\u015bciowych.<\/strong><\/span><\/li><li><span class=\"has-inline-color has-vivid-red-color\"><strong>Nie udost\u0119pnia\u0107 zdj\u0119\u0107 i film\u00f3w przemieszczaj\u0105cych si\u0119 w naszym otoczeniu kolumn czy grup wojskowych (w tym wojsk sojuszniczych) lub innych s\u0142u\u017cb zwi\u0105zanych z bezpiecze\u0144stwem pa\u0144stwa.<\/strong><\/span><\/li><li><span class=\"has-inline-color has-vivid-red-color\"><strong>W razie awarii lub zagro\u017cenia system\u00f3w komunikacji ustali\u0107 z bliskimi alternatywne metody kontaktu.<\/strong><\/span><\/li><li><span class=\"has-inline-color has-vivid-red-color\">W<strong>szystkie podejrzane sytuacje zwi\u0105zane z bezpiecze\u0144stwem cyfrowym zg\u0142asza\u0107 w\u0142a\u015bciwym s\u0142u\u017cbom. <\/strong><\/span><\/li><\/ol>\n\n\n\n<figure class=\"wp-block-gallery columns-1 is-cropped wp-block-gallery-1 is-layout-flex wp-block-gallery-is-layout-flex\"><ul class=\"blocks-gallery-grid\"><li class=\"blocks-gallery-item\"><figure><img loading=\"lazy\" decoding=\"async\" width=\"1024\" height=\"306\" src=\"https:\/\/pans.krosno.pl\/instytut-humanistyczny\/wp-content\/uploads\/sites\/9\/2022\/02\/Cyber-rady-1024x306.png\" alt=\"\" data-id=\"1437\" data-full-url=\"https:\/\/pans.krosno.pl\/instytut-humanistyczny\/wp-content\/uploads\/sites\/9\/2022\/02\/Cyber-rady.png\" data-link=\"https:\/\/pans.krosno.pl\/instytut-humanistyczny\/?attachment_id=1437\" class=\"wp-image-1437\" srcset=\"https:\/\/pans.krosno.pl\/instytut-humanistyczny\/wp-content\/uploads\/sites\/9\/2022\/02\/Cyber-rady-1024x306.png 1024w, https:\/\/pans.krosno.pl\/instytut-humanistyczny\/wp-content\/uploads\/sites\/9\/2022\/02\/Cyber-rady-300x90.png 300w, https:\/\/pans.krosno.pl\/instytut-humanistyczny\/wp-content\/uploads\/sites\/9\/2022\/02\/Cyber-rady-768x229.png 768w, https:\/\/pans.krosno.pl\/instytut-humanistyczny\/wp-content\/uploads\/sites\/9\/2022\/02\/Cyber-rady-800x239.png 800w, https:\/\/pans.krosno.pl\/instytut-humanistyczny\/wp-content\/uploads\/sites\/9\/2022\/02\/Cyber-rady-580x173.png 580w, https:\/\/pans.krosno.pl\/instytut-humanistyczny\/wp-content\/uploads\/sites\/9\/2022\/02\/Cyber-rady.png 1132w\" sizes=\"auto, (max-width: 1024px) 100vw, 1024px\" \/><\/figure><\/li><\/ul><\/figure>\n","protected":false},"excerpt":{"rendered":"<p>W zwi\u0105zku z brutalnym militarnym atakiem putinowskiej Rosji na Ukrain\u0119 w dniu 24.02.2022 roku, zwracamy Pa\u0144stwa szczeg\u00f3ln\u0105 uwag\u0119 na zasady zachowania ostro\u017cno\u015bci i rozwagi w komunikacji cyfrowej i przekazywaniu informacji. W Polsce obowi\u0105zuje 3 stopie\u0144 alarmowy CHARLIE-CRP. To oznacza, \u017ce tak zwana infrastruktura krytyczna powinna by\u0107 \u015bci\u015blej ni\u017c zwykle monitorowana [\u2026] <\/p>\n<div class=\"clear\"><\/div>\n<p><a class=\"more_link clearfix\" href=\"https:\/\/pans.krosno.pl\/instytut-humanistyczny\/bezpieczenstwo-cyfrowe-w-obliczu-zagrozenia\/\" rel=\"nofollow\">Read More<\/a><\/p>\n","protected":false},"author":57,"featured_media":1439,"comment_status":"open","ping_status":"open","sticky":false,"template":"","format":"standard","meta":{"ngg_post_thumbnail":0,"footnotes":""},"categories":[1],"tags":[],"class_list":["post-1436","post","type-post","status-publish","format-standard","has-post-thumbnail","hentry","category-bez-kategorii"],"yoast_head":"<!-- This site is optimized with the Yoast SEO Premium plugin v27.4 (Yoast SEO v27.4) - https:\/\/yoast.com\/product\/yoast-seo-premium-wordpress\/ -->\n<title>Bezpiecze\u0144stwo cyfrowe w obliczu zagro\u017cenia [WSKAZ\u00d3WKI] - Instytut Humanistyczny PANS w Kro\u015bnie<\/title>\n<meta name=\"robots\" content=\"index, follow, max-snippet:-1, max-image-preview:large, max-video-preview:-1\" \/>\n<link rel=\"canonical\" href=\"https:\/\/pans.krosno.pl\/instytut-humanistyczny\/bezpieczenstwo-cyfrowe-w-obliczu-zagrozenia\/\" \/>\n<meta property=\"og:locale\" content=\"pl_PL\" \/>\n<meta property=\"og:type\" content=\"article\" \/>\n<meta property=\"og:title\" content=\"Bezpiecze\u0144stwo cyfrowe w obliczu zagro\u017cenia [WSKAZ\u00d3WKI]\" \/>\n<meta property=\"og:description\" content=\"W zwi\u0105zku z brutalnym militarnym atakiem putinowskiej Rosji na Ukrain\u0119 w dniu 24.02.2022 roku, zwracamy Pa\u0144stwa szczeg\u00f3ln\u0105 uwag\u0119 na zasady zachowania ostro\u017cno\u015bci i rozwagi w komunikacji cyfrowej i przekazywaniu informacji. W Polsce obowi\u0105zuje 3 stopie\u0144 alarmowy CHARLIE-CRP. To oznacza, \u017ce tak zwana infrastruktura krytyczna powinna by\u0107 \u015bci\u015blej ni\u017c zwykle monitorowana [\u2026] Read More\" \/>\n<meta property=\"og:url\" content=\"https:\/\/pans.krosno.pl\/instytut-humanistyczny\/bezpieczenstwo-cyfrowe-w-obliczu-zagrozenia\/\" \/>\n<meta property=\"og:site_name\" content=\"Instytut Humanistyczny PANS w Kro\u015bnie\" \/>\n<meta property=\"article:published_time\" content=\"2022-02-25T11:30:37+00:00\" \/>\n<meta property=\"article:modified_time\" content=\"2022-02-25T11:51:12+00:00\" \/>\n<meta property=\"og:image\" content=\"https:\/\/pans.krosno.pl\/wp-content\/uploads\/sites\/9\/2022\/02\/pexels-photo-5474284.jpeg\" \/>\n\t<meta property=\"og:image:width\" content=\"867\" \/>\n\t<meta property=\"og:image:height\" content=\"1300\" \/>\n\t<meta property=\"og:image:type\" content=\"image\/jpeg\" \/>\n<meta name=\"author\" content=\"Bartosz Go\u0142\u0105bek\" \/>\n<meta name=\"twitter:card\" content=\"summary_large_image\" \/>\n<meta name=\"twitter:label1\" content=\"Napisane przez\" \/>\n\t<meta name=\"twitter:data1\" content=\"Bartosz Go\u0142\u0105bek\" \/>\n\t<meta name=\"twitter:label2\" content=\"Szacowany czas czytania\" \/>\n\t<meta name=\"twitter:data2\" content=\"2 minuty\" \/>\n<script type=\"application\/ld+json\" class=\"yoast-schema-graph\">{\"@context\":\"https:\\\/\\\/schema.org\",\"@graph\":[{\"@type\":\"Article\",\"@id\":\"https:\\\/\\\/pans.krosno.pl\\\/instytut-humanistyczny\\\/bezpieczenstwo-cyfrowe-w-obliczu-zagrozenia\\\/#article\",\"isPartOf\":{\"@id\":\"https:\\\/\\\/pans.krosno.pl\\\/instytut-humanistyczny\\\/bezpieczenstwo-cyfrowe-w-obliczu-zagrozenia\\\/\"},\"author\":{\"name\":\"Bartosz Go\u0142\u0105bek\",\"@id\":\"https:\\\/\\\/pans.krosno.pl\\\/instytut-humanistyczny\\\/#\\\/schema\\\/person\\\/cb70195a5aeabe88d51256d821faa2d9\"},\"headline\":\"Bezpiecze\u0144stwo cyfrowe w obliczu zagro\u017cenia [WSKAZ\u00d3WKI]\",\"datePublished\":\"2022-02-25T11:30:37+00:00\",\"dateModified\":\"2022-02-25T11:51:12+00:00\",\"mainEntityOfPage\":{\"@id\":\"https:\\\/\\\/pans.krosno.pl\\\/instytut-humanistyczny\\\/bezpieczenstwo-cyfrowe-w-obliczu-zagrozenia\\\/\"},\"wordCount\":213,\"commentCount\":0,\"publisher\":{\"@id\":\"https:\\\/\\\/pans.krosno.pl\\\/instytut-humanistyczny\\\/#organization\"},\"image\":{\"@id\":\"https:\\\/\\\/pans.krosno.pl\\\/instytut-humanistyczny\\\/bezpieczenstwo-cyfrowe-w-obliczu-zagrozenia\\\/#primaryimage\"},\"thumbnailUrl\":\"https:\\\/\\\/pans.krosno.pl\\\/instytut-humanistyczny\\\/wp-content\\\/uploads\\\/sites\\\/9\\\/2022\\\/02\\\/pexels-photo-5474284.jpeg\",\"inLanguage\":\"pl-PL\",\"potentialAction\":[{\"@type\":\"CommentAction\",\"name\":\"Comment\",\"target\":[\"https:\\\/\\\/pans.krosno.pl\\\/instytut-humanistyczny\\\/bezpieczenstwo-cyfrowe-w-obliczu-zagrozenia\\\/#respond\"]}]},{\"@type\":\"WebPage\",\"@id\":\"https:\\\/\\\/pans.krosno.pl\\\/instytut-humanistyczny\\\/bezpieczenstwo-cyfrowe-w-obliczu-zagrozenia\\\/\",\"url\":\"https:\\\/\\\/pans.krosno.pl\\\/instytut-humanistyczny\\\/bezpieczenstwo-cyfrowe-w-obliczu-zagrozenia\\\/\",\"name\":\"Bezpiecze\u0144stwo cyfrowe w obliczu zagro\u017cenia [WSKAZ\u00d3WKI] - Instytut Humanistyczny PANS w Kro\u015bnie\",\"isPartOf\":{\"@id\":\"https:\\\/\\\/pans.krosno.pl\\\/instytut-humanistyczny\\\/#website\"},\"primaryImageOfPage\":{\"@id\":\"https:\\\/\\\/pans.krosno.pl\\\/instytut-humanistyczny\\\/bezpieczenstwo-cyfrowe-w-obliczu-zagrozenia\\\/#primaryimage\"},\"image\":{\"@id\":\"https:\\\/\\\/pans.krosno.pl\\\/instytut-humanistyczny\\\/bezpieczenstwo-cyfrowe-w-obliczu-zagrozenia\\\/#primaryimage\"},\"thumbnailUrl\":\"https:\\\/\\\/pans.krosno.pl\\\/instytut-humanistyczny\\\/wp-content\\\/uploads\\\/sites\\\/9\\\/2022\\\/02\\\/pexels-photo-5474284.jpeg\",\"datePublished\":\"2022-02-25T11:30:37+00:00\",\"dateModified\":\"2022-02-25T11:51:12+00:00\",\"breadcrumb\":{\"@id\":\"https:\\\/\\\/pans.krosno.pl\\\/instytut-humanistyczny\\\/bezpieczenstwo-cyfrowe-w-obliczu-zagrozenia\\\/#breadcrumb\"},\"inLanguage\":\"pl-PL\",\"potentialAction\":[{\"@type\":\"ReadAction\",\"target\":[\"https:\\\/\\\/pans.krosno.pl\\\/instytut-humanistyczny\\\/bezpieczenstwo-cyfrowe-w-obliczu-zagrozenia\\\/\"]}]},{\"@type\":\"ImageObject\",\"inLanguage\":\"pl-PL\",\"@id\":\"https:\\\/\\\/pans.krosno.pl\\\/instytut-humanistyczny\\\/bezpieczenstwo-cyfrowe-w-obliczu-zagrozenia\\\/#primaryimage\",\"url\":\"https:\\\/\\\/pans.krosno.pl\\\/instytut-humanistyczny\\\/wp-content\\\/uploads\\\/sites\\\/9\\\/2022\\\/02\\\/pexels-photo-5474284.jpeg\",\"contentUrl\":\"https:\\\/\\\/pans.krosno.pl\\\/instytut-humanistyczny\\\/wp-content\\\/uploads\\\/sites\\\/9\\\/2022\\\/02\\\/pexels-photo-5474284.jpeg\",\"width\":867,\"height\":1300},{\"@type\":\"BreadcrumbList\",\"@id\":\"https:\\\/\\\/pans.krosno.pl\\\/instytut-humanistyczny\\\/bezpieczenstwo-cyfrowe-w-obliczu-zagrozenia\\\/#breadcrumb\",\"itemListElement\":[{\"@type\":\"ListItem\",\"position\":1,\"name\":\"Strona g\u0142\u00f3wna\",\"item\":\"https:\\\/\\\/pans.krosno.pl\\\/instytut-humanistyczny\\\/\"},{\"@type\":\"ListItem\",\"position\":2,\"name\":\"Bezpiecze\u0144stwo cyfrowe w obliczu zagro\u017cenia [WSKAZ\u00d3WKI]\"}]},{\"@type\":\"WebSite\",\"@id\":\"https:\\\/\\\/pans.krosno.pl\\\/instytut-humanistyczny\\\/#website\",\"url\":\"https:\\\/\\\/pans.krosno.pl\\\/instytut-humanistyczny\\\/\",\"name\":\"Instytut Humanistyczny PANS w Kro\u015bnie\",\"description\":\"Instytut Humanistyczny - Pa\u0144stwowa Akademia Nauk Stosowanych\",\"publisher\":{\"@id\":\"https:\\\/\\\/pans.krosno.pl\\\/instytut-humanistyczny\\\/#organization\"},\"potentialAction\":[{\"@type\":\"SearchAction\",\"target\":{\"@type\":\"EntryPoint\",\"urlTemplate\":\"https:\\\/\\\/pans.krosno.pl\\\/instytut-humanistyczny\\\/?s={search_term_string}\"},\"query-input\":{\"@type\":\"PropertyValueSpecification\",\"valueRequired\":true,\"valueName\":\"search_term_string\"}}],\"inLanguage\":\"pl-PL\"},{\"@type\":\"Organization\",\"@id\":\"https:\\\/\\\/pans.krosno.pl\\\/instytut-humanistyczny\\\/#organization\",\"name\":\"Instytut Humanistyczny PANS w Kro\u015bnie\",\"url\":\"https:\\\/\\\/pans.krosno.pl\\\/instytut-humanistyczny\\\/\",\"logo\":{\"@type\":\"ImageObject\",\"inLanguage\":\"pl-PL\",\"@id\":\"https:\\\/\\\/pans.krosno.pl\\\/instytut-humanistyczny\\\/#\\\/schema\\\/logo\\\/image\\\/\",\"url\":\"https:\\\/\\\/pans.krosno.pl\\\/instytut-humanistyczny\\\/wp-content\\\/uploads\\\/sites\\\/9\\\/2023\\\/01\\\/Logo-PANS-2022-pelne.png\",\"contentUrl\":\"https:\\\/\\\/pans.krosno.pl\\\/instytut-humanistyczny\\\/wp-content\\\/uploads\\\/sites\\\/9\\\/2023\\\/01\\\/Logo-PANS-2022-pelne.png\",\"width\":3096,\"height\":696,\"caption\":\"Instytut Humanistyczny PANS w Kro\u015bnie\"},\"image\":{\"@id\":\"https:\\\/\\\/pans.krosno.pl\\\/instytut-humanistyczny\\\/#\\\/schema\\\/logo\\\/image\\\/\"}},{\"@type\":\"Person\",\"@id\":\"https:\\\/\\\/pans.krosno.pl\\\/instytut-humanistyczny\\\/#\\\/schema\\\/person\\\/cb70195a5aeabe88d51256d821faa2d9\",\"name\":\"Bartosz Go\u0142\u0105bek\",\"image\":{\"@type\":\"ImageObject\",\"inLanguage\":\"pl-PL\",\"@id\":\"https:\\\/\\\/secure.gravatar.com\\\/avatar\\\/ad10819676385baed8ebd4d7be0d4ba77dd5fdc0f4779d414dea3126fd3aec33?s=96&d=mm&r=g\",\"url\":\"https:\\\/\\\/secure.gravatar.com\\\/avatar\\\/ad10819676385baed8ebd4d7be0d4ba77dd5fdc0f4779d414dea3126fd3aec33?s=96&d=mm&r=g\",\"contentUrl\":\"https:\\\/\\\/secure.gravatar.com\\\/avatar\\\/ad10819676385baed8ebd4d7be0d4ba77dd5fdc0f4779d414dea3126fd3aec33?s=96&d=mm&r=g\",\"caption\":\"Bartosz Go\u0142\u0105bek\"},\"description\":\"dr Bartosz Go\u0142\u0105bek Dyrektor Instytutu Humanistycznego Karpacka Pa\u0144stwowa Uczelnia w Kro\u015bnie (dawniej PWSZ)\",\"url\":\"https:\\\/\\\/pans.krosno.pl\\\/instytut-humanistyczny\\\/author\\\/bartoszgolabek\\\/\"}]}<\/script>\n<!-- \/ Yoast SEO Premium plugin. -->","yoast_head_json":{"title":"Bezpiecze\u0144stwo cyfrowe w obliczu zagro\u017cenia [WSKAZ\u00d3WKI] - Instytut Humanistyczny PANS w Kro\u015bnie","robots":{"index":"index","follow":"follow","max-snippet":"max-snippet:-1","max-image-preview":"max-image-preview:large","max-video-preview":"max-video-preview:-1"},"canonical":"https:\/\/pans.krosno.pl\/instytut-humanistyczny\/bezpieczenstwo-cyfrowe-w-obliczu-zagrozenia\/","og_locale":"pl_PL","og_type":"article","og_title":"Bezpiecze\u0144stwo cyfrowe w obliczu zagro\u017cenia [WSKAZ\u00d3WKI]","og_description":"W zwi\u0105zku z brutalnym militarnym atakiem putinowskiej Rosji na Ukrain\u0119 w dniu 24.02.2022 roku, zwracamy Pa\u0144stwa szczeg\u00f3ln\u0105 uwag\u0119 na zasady zachowania ostro\u017cno\u015bci i rozwagi w komunikacji cyfrowej i przekazywaniu informacji. W Polsce obowi\u0105zuje 3 stopie\u0144 alarmowy CHARLIE-CRP. To oznacza, \u017ce tak zwana infrastruktura krytyczna powinna by\u0107 \u015bci\u015blej ni\u017c zwykle monitorowana [\u2026] Read More","og_url":"https:\/\/pans.krosno.pl\/instytut-humanistyczny\/bezpieczenstwo-cyfrowe-w-obliczu-zagrozenia\/","og_site_name":"Instytut Humanistyczny PANS w Kro\u015bnie","article_published_time":"2022-02-25T11:30:37+00:00","article_modified_time":"2022-02-25T11:51:12+00:00","og_image":[{"width":867,"height":1300,"url":"https:\/\/pans.krosno.pl\/wp-content\/uploads\/sites\/9\/2022\/02\/pexels-photo-5474284.jpeg","type":"image\/jpeg"}],"author":"Bartosz Go\u0142\u0105bek","twitter_card":"summary_large_image","twitter_misc":{"Napisane przez":"Bartosz Go\u0142\u0105bek","Szacowany czas czytania":"2 minuty"},"schema":{"@context":"https:\/\/schema.org","@graph":[{"@type":"Article","@id":"https:\/\/pans.krosno.pl\/instytut-humanistyczny\/bezpieczenstwo-cyfrowe-w-obliczu-zagrozenia\/#article","isPartOf":{"@id":"https:\/\/pans.krosno.pl\/instytut-humanistyczny\/bezpieczenstwo-cyfrowe-w-obliczu-zagrozenia\/"},"author":{"name":"Bartosz Go\u0142\u0105bek","@id":"https:\/\/pans.krosno.pl\/instytut-humanistyczny\/#\/schema\/person\/cb70195a5aeabe88d51256d821faa2d9"},"headline":"Bezpiecze\u0144stwo cyfrowe w obliczu zagro\u017cenia [WSKAZ\u00d3WKI]","datePublished":"2022-02-25T11:30:37+00:00","dateModified":"2022-02-25T11:51:12+00:00","mainEntityOfPage":{"@id":"https:\/\/pans.krosno.pl\/instytut-humanistyczny\/bezpieczenstwo-cyfrowe-w-obliczu-zagrozenia\/"},"wordCount":213,"commentCount":0,"publisher":{"@id":"https:\/\/pans.krosno.pl\/instytut-humanistyczny\/#organization"},"image":{"@id":"https:\/\/pans.krosno.pl\/instytut-humanistyczny\/bezpieczenstwo-cyfrowe-w-obliczu-zagrozenia\/#primaryimage"},"thumbnailUrl":"https:\/\/pans.krosno.pl\/instytut-humanistyczny\/wp-content\/uploads\/sites\/9\/2022\/02\/pexels-photo-5474284.jpeg","inLanguage":"pl-PL","potentialAction":[{"@type":"CommentAction","name":"Comment","target":["https:\/\/pans.krosno.pl\/instytut-humanistyczny\/bezpieczenstwo-cyfrowe-w-obliczu-zagrozenia\/#respond"]}]},{"@type":"WebPage","@id":"https:\/\/pans.krosno.pl\/instytut-humanistyczny\/bezpieczenstwo-cyfrowe-w-obliczu-zagrozenia\/","url":"https:\/\/pans.krosno.pl\/instytut-humanistyczny\/bezpieczenstwo-cyfrowe-w-obliczu-zagrozenia\/","name":"Bezpiecze\u0144stwo cyfrowe w obliczu zagro\u017cenia [WSKAZ\u00d3WKI] - Instytut Humanistyczny PANS w Kro\u015bnie","isPartOf":{"@id":"https:\/\/pans.krosno.pl\/instytut-humanistyczny\/#website"},"primaryImageOfPage":{"@id":"https:\/\/pans.krosno.pl\/instytut-humanistyczny\/bezpieczenstwo-cyfrowe-w-obliczu-zagrozenia\/#primaryimage"},"image":{"@id":"https:\/\/pans.krosno.pl\/instytut-humanistyczny\/bezpieczenstwo-cyfrowe-w-obliczu-zagrozenia\/#primaryimage"},"thumbnailUrl":"https:\/\/pans.krosno.pl\/instytut-humanistyczny\/wp-content\/uploads\/sites\/9\/2022\/02\/pexels-photo-5474284.jpeg","datePublished":"2022-02-25T11:30:37+00:00","dateModified":"2022-02-25T11:51:12+00:00","breadcrumb":{"@id":"https:\/\/pans.krosno.pl\/instytut-humanistyczny\/bezpieczenstwo-cyfrowe-w-obliczu-zagrozenia\/#breadcrumb"},"inLanguage":"pl-PL","potentialAction":[{"@type":"ReadAction","target":["https:\/\/pans.krosno.pl\/instytut-humanistyczny\/bezpieczenstwo-cyfrowe-w-obliczu-zagrozenia\/"]}]},{"@type":"ImageObject","inLanguage":"pl-PL","@id":"https:\/\/pans.krosno.pl\/instytut-humanistyczny\/bezpieczenstwo-cyfrowe-w-obliczu-zagrozenia\/#primaryimage","url":"https:\/\/pans.krosno.pl\/instytut-humanistyczny\/wp-content\/uploads\/sites\/9\/2022\/02\/pexels-photo-5474284.jpeg","contentUrl":"https:\/\/pans.krosno.pl\/instytut-humanistyczny\/wp-content\/uploads\/sites\/9\/2022\/02\/pexels-photo-5474284.jpeg","width":867,"height":1300},{"@type":"BreadcrumbList","@id":"https:\/\/pans.krosno.pl\/instytut-humanistyczny\/bezpieczenstwo-cyfrowe-w-obliczu-zagrozenia\/#breadcrumb","itemListElement":[{"@type":"ListItem","position":1,"name":"Strona g\u0142\u00f3wna","item":"https:\/\/pans.krosno.pl\/instytut-humanistyczny\/"},{"@type":"ListItem","position":2,"name":"Bezpiecze\u0144stwo cyfrowe w obliczu zagro\u017cenia [WSKAZ\u00d3WKI]"}]},{"@type":"WebSite","@id":"https:\/\/pans.krosno.pl\/instytut-humanistyczny\/#website","url":"https:\/\/pans.krosno.pl\/instytut-humanistyczny\/","name":"Instytut Humanistyczny PANS w Kro\u015bnie","description":"Instytut Humanistyczny - Pa\u0144stwowa Akademia Nauk Stosowanych","publisher":{"@id":"https:\/\/pans.krosno.pl\/instytut-humanistyczny\/#organization"},"potentialAction":[{"@type":"SearchAction","target":{"@type":"EntryPoint","urlTemplate":"https:\/\/pans.krosno.pl\/instytut-humanistyczny\/?s={search_term_string}"},"query-input":{"@type":"PropertyValueSpecification","valueRequired":true,"valueName":"search_term_string"}}],"inLanguage":"pl-PL"},{"@type":"Organization","@id":"https:\/\/pans.krosno.pl\/instytut-humanistyczny\/#organization","name":"Instytut Humanistyczny PANS w Kro\u015bnie","url":"https:\/\/pans.krosno.pl\/instytut-humanistyczny\/","logo":{"@type":"ImageObject","inLanguage":"pl-PL","@id":"https:\/\/pans.krosno.pl\/instytut-humanistyczny\/#\/schema\/logo\/image\/","url":"https:\/\/pans.krosno.pl\/instytut-humanistyczny\/wp-content\/uploads\/sites\/9\/2023\/01\/Logo-PANS-2022-pelne.png","contentUrl":"https:\/\/pans.krosno.pl\/instytut-humanistyczny\/wp-content\/uploads\/sites\/9\/2023\/01\/Logo-PANS-2022-pelne.png","width":3096,"height":696,"caption":"Instytut Humanistyczny PANS w Kro\u015bnie"},"image":{"@id":"https:\/\/pans.krosno.pl\/instytut-humanistyczny\/#\/schema\/logo\/image\/"}},{"@type":"Person","@id":"https:\/\/pans.krosno.pl\/instytut-humanistyczny\/#\/schema\/person\/cb70195a5aeabe88d51256d821faa2d9","name":"Bartosz Go\u0142\u0105bek","image":{"@type":"ImageObject","inLanguage":"pl-PL","@id":"https:\/\/secure.gravatar.com\/avatar\/ad10819676385baed8ebd4d7be0d4ba77dd5fdc0f4779d414dea3126fd3aec33?s=96&d=mm&r=g","url":"https:\/\/secure.gravatar.com\/avatar\/ad10819676385baed8ebd4d7be0d4ba77dd5fdc0f4779d414dea3126fd3aec33?s=96&d=mm&r=g","contentUrl":"https:\/\/secure.gravatar.com\/avatar\/ad10819676385baed8ebd4d7be0d4ba77dd5fdc0f4779d414dea3126fd3aec33?s=96&d=mm&r=g","caption":"Bartosz Go\u0142\u0105bek"},"description":"dr Bartosz Go\u0142\u0105bek Dyrektor Instytutu Humanistycznego Karpacka Pa\u0144stwowa Uczelnia w Kro\u015bnie (dawniej PWSZ)","url":"https:\/\/pans.krosno.pl\/instytut-humanistyczny\/author\/bartoszgolabek\/"}]}},"_links":{"self":[{"href":"https:\/\/pans.krosno.pl\/instytut-humanistyczny\/wp-json\/wp\/v2\/posts\/1436","targetHints":{"allow":["GET"]}}],"collection":[{"href":"https:\/\/pans.krosno.pl\/instytut-humanistyczny\/wp-json\/wp\/v2\/posts"}],"about":[{"href":"https:\/\/pans.krosno.pl\/instytut-humanistyczny\/wp-json\/wp\/v2\/types\/post"}],"author":[{"embeddable":true,"href":"https:\/\/pans.krosno.pl\/instytut-humanistyczny\/wp-json\/wp\/v2\/users\/57"}],"replies":[{"embeddable":true,"href":"https:\/\/pans.krosno.pl\/instytut-humanistyczny\/wp-json\/wp\/v2\/comments?post=1436"}],"version-history":[{"count":11,"href":"https:\/\/pans.krosno.pl\/instytut-humanistyczny\/wp-json\/wp\/v2\/posts\/1436\/revisions"}],"predecessor-version":[{"id":1455,"href":"https:\/\/pans.krosno.pl\/instytut-humanistyczny\/wp-json\/wp\/v2\/posts\/1436\/revisions\/1455"}],"wp:featuredmedia":[{"embeddable":true,"href":"https:\/\/pans.krosno.pl\/instytut-humanistyczny\/wp-json\/wp\/v2\/media\/1439"}],"wp:attachment":[{"href":"https:\/\/pans.krosno.pl\/instytut-humanistyczny\/wp-json\/wp\/v2\/media?parent=1436"}],"wp:term":[{"taxonomy":"category","embeddable":true,"href":"https:\/\/pans.krosno.pl\/instytut-humanistyczny\/wp-json\/wp\/v2\/categories?post=1436"},{"taxonomy":"post_tag","embeddable":true,"href":"https:\/\/pans.krosno.pl\/instytut-humanistyczny\/wp-json\/wp\/v2\/tags?post=1436"}],"curies":[{"name":"wp","href":"https:\/\/api.w.org\/{rel}","templated":true}]}}