{"id":1411,"date":"2022-01-24T11:51:00","date_gmt":"2022-01-24T10:51:00","guid":{"rendered":"https:\/\/pans.krosno.pl\/instytut-humanistyczny\/?p=1411"},"modified":"2022-01-26T11:57:02","modified_gmt":"2022-01-26T10:57:02","slug":"miedzypokoleniowe-spotkanie-na-pedagogice","status":"publish","type":"post","link":"https:\/\/pans.krosno.pl\/instytut-humanistyczny\/miedzypokoleniowe-spotkanie-na-pedagogice\/","title":{"rendered":"Mi\u0119dzypokoleniowe spotkanie na pedagogice"},"content":{"rendered":"\n<p>Studenci III roku PSO z TP go\u015bcili senior\u00f3w z Uniwersytetu III Wieku. <\/p>\n\n\n\n<p>Spotkanie odby\u0142o si\u0119 w sali nr 19 i zosta\u0142o po\u015bwi\u0119cone zwyczajom kol\u0119dowania w naszym regionie. Studenci przygotowali program s\u0142owno-muzyczny dla senior\u00f3w. Rozmawiali z go\u015b\u0107mi o znaczeniu tradycji kol\u0119dowania, pochodzeniu kol\u0119d, regionalnych pastora\u0142kach. Wsp\u00f3lnie \u015bpiewali kol\u0119dy przy akompaniamencie skrzypiec, gitary i klarnetu. Zaprosili te\u017c senior\u00f3w do krainy legend apokryficznych Selmy Lagerl\u00f6f. Spotkanie wywo\u0142a\u0142o entuzjazm w\u015br\u00f3d s\u0142uchaczy, kt\u00f3rzy ch\u0119tnie w\u0142\u0105czyli si\u0119 w kol\u0119dowanie i przedstawili ulubione kol\u0119dy. Dalsza cz\u0119\u015b\u0107 spotkania mia\u0142a charakter bardziej nieformalny. Studenci wsp\u00f3lnie z go\u015b\u0107mi wykonali gwiazdy kol\u0119dnicze. Dzia\u0142alno\u015b\u0107 plastyczno-techniczna obudzi\u0142a w seniorach ducha rywalizacji. Powsta\u0142y wspania\u0142e gwiazdy kol\u0119dnicze, niekt\u00f3re obrotowe, z du\u017c\u0105 ilo\u015bci\u0105 ozd\u00f3b.<\/p>\n\n\n\n<p>Tw\u00f3rcza atmosfera spotkania sprawi\u0142a, \u017ce trudno by\u0142o si\u0119 seniorom rozsta\u0107 ze studentami. Spotkanie zako\u0144czy\u0142o si\u0119 \u017cyczeniami noworocznymi, po kt\u00f3rych seniorzy wsp\u00f3lnie z wykonanymi gwiazdami udali si\u0119 do dom\u00f3w.<\/p>\n\n\n\n<p>Zaj\u0119cia przygotowano w ramach przedmiotu gerontopedagogika pod kierunkiem dr Barbary Lulek. Gratulujemy studentom pomys\u0142u i wykazania aktywno\u015bci na bardzo wysokim poziomie!<\/p>\n\n\n\n<figure class=\"wp-block-image size-full\"><img loading=\"lazy\" decoding=\"async\" width=\"1024\" height=\"768\" src=\"https:\/\/pans.krosno.pl\/instytut-humanistyczny\/wp-content\/uploads\/sites\/9\/2022\/01\/grajo.jpg\" alt=\"\" class=\"wp-image-1412\" srcset=\"https:\/\/pans.krosno.pl\/instytut-humanistyczny\/wp-content\/uploads\/sites\/9\/2022\/01\/grajo.jpg 1024w, https:\/\/pans.krosno.pl\/instytut-humanistyczny\/wp-content\/uploads\/sites\/9\/2022\/01\/grajo-300x225.jpg 300w, https:\/\/pans.krosno.pl\/instytut-humanistyczny\/wp-content\/uploads\/sites\/9\/2022\/01\/grajo-768x576.jpg 768w, https:\/\/pans.krosno.pl\/instytut-humanistyczny\/wp-content\/uploads\/sites\/9\/2022\/01\/grajo-800x600.jpg 800w, https:\/\/pans.krosno.pl\/instytut-humanistyczny\/wp-content\/uploads\/sites\/9\/2022\/01\/grajo-580x435.jpg 580w\" sizes=\"auto, (max-width: 1024px) 100vw, 1024px\" \/><\/figure>\n","protected":false},"excerpt":{"rendered":"<p>Studenci III roku PSO z TP go\u015bcili senior\u00f3w z Uniwersytetu III Wieku. Spotkanie odby\u0142o si\u0119 w sali nr 19 i zosta\u0142o po\u015bwi\u0119cone zwyczajom kol\u0119dowania w naszym regionie. Studenci przygotowali program s\u0142owno-muzyczny dla senior\u00f3w. Rozmawiali z go\u015b\u0107mi o znaczeniu tradycji kol\u0119dowania, pochodzeniu kol\u0119d, regionalnych pastora\u0142kach. Wsp\u00f3lnie \u015bpiewali kol\u0119dy przy akompaniamencie skrzypiec, [\u2026] <\/p>\n<div class=\"clear\"><\/div>\n<p><a class=\"more_link clearfix\" href=\"https:\/\/pans.krosno.pl\/instytut-humanistyczny\/miedzypokoleniowe-spotkanie-na-pedagogice\/\" rel=\"nofollow\">Read More<\/a><\/p>\n","protected":false},"author":57,"featured_media":1414,"comment_status":"open","ping_status":"open","sticky":false,"template":"","format":"standard","meta":{"ngg_post_thumbnail":0,"footnotes":""},"categories":[1],"tags":[],"class_list":["post-1411","post","type-post","status-publish","format-standard","has-post-thumbnail","hentry","category-bez-kategorii"],"yoast_head":"<!-- This site is optimized with the Yoast SEO Premium plugin v27.4 (Yoast SEO v27.4) - https:\/\/yoast.com\/product\/yoast-seo-premium-wordpress\/ -->\n<title>Mi\u0119dzypokoleniowe spotkanie na pedagogice - Instytut Humanistyczny PANS w Kro\u015bnie<\/title>\n<meta name=\"robots\" content=\"index, follow, max-snippet:-1, max-image-preview:large, max-video-preview:-1\" \/>\n<link rel=\"canonical\" href=\"https:\/\/pans.krosno.pl\/instytut-humanistyczny\/miedzypokoleniowe-spotkanie-na-pedagogice\/\" \/>\n<meta property=\"og:locale\" content=\"pl_PL\" \/>\n<meta property=\"og:type\" content=\"article\" \/>\n<meta property=\"og:title\" content=\"Mi\u0119dzypokoleniowe spotkanie na pedagogice\" \/>\n<meta property=\"og:description\" content=\"Studenci III roku PSO z TP go\u015bcili senior\u00f3w z Uniwersytetu III Wieku. Spotkanie odby\u0142o si\u0119 w sali nr 19 i zosta\u0142o po\u015bwi\u0119cone zwyczajom kol\u0119dowania w naszym regionie. Studenci przygotowali program s\u0142owno-muzyczny dla senior\u00f3w. Rozmawiali z go\u015b\u0107mi o znaczeniu tradycji kol\u0119dowania, pochodzeniu kol\u0119d, regionalnych pastora\u0142kach. Wsp\u00f3lnie \u015bpiewali kol\u0119dy przy akompaniamencie skrzypiec, [\u2026] Read More\" \/>\n<meta property=\"og:url\" content=\"https:\/\/pans.krosno.pl\/instytut-humanistyczny\/miedzypokoleniowe-spotkanie-na-pedagogice\/\" \/>\n<meta property=\"og:site_name\" content=\"Instytut Humanistyczny PANS w Kro\u015bnie\" \/>\n<meta property=\"article:published_time\" content=\"2022-01-24T10:51:00+00:00\" \/>\n<meta property=\"article:modified_time\" content=\"2022-01-26T10:57:02+00:00\" \/>\n<meta property=\"og:image\" content=\"https:\/\/pans.krosno.pl\/wp-content\/uploads\/sites\/9\/2022\/01\/gwiazda.jpg\" \/>\n\t<meta property=\"og:image:width\" content=\"768\" \/>\n\t<meta property=\"og:image:height\" content=\"1024\" \/>\n\t<meta property=\"og:image:type\" content=\"image\/jpeg\" \/>\n<meta name=\"author\" content=\"Bartosz Go\u0142\u0105bek\" \/>\n<meta name=\"twitter:card\" content=\"summary_large_image\" \/>\n<meta name=\"twitter:label1\" content=\"Napisane przez\" \/>\n\t<meta name=\"twitter:data1\" content=\"Bartosz Go\u0142\u0105bek\" \/>\n\t<meta name=\"twitter:label2\" content=\"Szacowany czas czytania\" \/>\n\t<meta name=\"twitter:data2\" content=\"2 minuty\" \/>\n<script type=\"application\/ld+json\" class=\"yoast-schema-graph\">{\"@context\":\"https:\\\/\\\/schema.org\",\"@graph\":[{\"@type\":\"Article\",\"@id\":\"https:\\\/\\\/pans.krosno.pl\\\/instytut-humanistyczny\\\/miedzypokoleniowe-spotkanie-na-pedagogice\\\/#article\",\"isPartOf\":{\"@id\":\"https:\\\/\\\/pans.krosno.pl\\\/instytut-humanistyczny\\\/miedzypokoleniowe-spotkanie-na-pedagogice\\\/\"},\"author\":{\"name\":\"Bartosz Go\u0142\u0105bek\",\"@id\":\"https:\\\/\\\/pans.krosno.pl\\\/instytut-humanistyczny\\\/#\\\/schema\\\/person\\\/cb70195a5aeabe88d51256d821faa2d9\"},\"headline\":\"Mi\u0119dzypokoleniowe spotkanie na pedagogice\",\"datePublished\":\"2022-01-24T10:51:00+00:00\",\"dateModified\":\"2022-01-26T10:57:02+00:00\",\"mainEntityOfPage\":{\"@id\":\"https:\\\/\\\/pans.krosno.pl\\\/instytut-humanistyczny\\\/miedzypokoleniowe-spotkanie-na-pedagogice\\\/\"},\"wordCount\":211,\"commentCount\":0,\"publisher\":{\"@id\":\"https:\\\/\\\/pans.krosno.pl\\\/instytut-humanistyczny\\\/#organization\"},\"image\":{\"@id\":\"https:\\\/\\\/pans.krosno.pl\\\/instytut-humanistyczny\\\/miedzypokoleniowe-spotkanie-na-pedagogice\\\/#primaryimage\"},\"thumbnailUrl\":\"https:\\\/\\\/pans.krosno.pl\\\/instytut-humanistyczny\\\/wp-content\\\/uploads\\\/sites\\\/9\\\/2022\\\/01\\\/gwiazda.jpg\",\"inLanguage\":\"pl-PL\",\"potentialAction\":[{\"@type\":\"CommentAction\",\"name\":\"Comment\",\"target\":[\"https:\\\/\\\/pans.krosno.pl\\\/instytut-humanistyczny\\\/miedzypokoleniowe-spotkanie-na-pedagogice\\\/#respond\"]}]},{\"@type\":\"WebPage\",\"@id\":\"https:\\\/\\\/pans.krosno.pl\\\/instytut-humanistyczny\\\/miedzypokoleniowe-spotkanie-na-pedagogice\\\/\",\"url\":\"https:\\\/\\\/pans.krosno.pl\\\/instytut-humanistyczny\\\/miedzypokoleniowe-spotkanie-na-pedagogice\\\/\",\"name\":\"Mi\u0119dzypokoleniowe spotkanie na pedagogice - Instytut Humanistyczny PANS w Kro\u015bnie\",\"isPartOf\":{\"@id\":\"https:\\\/\\\/pans.krosno.pl\\\/instytut-humanistyczny\\\/#website\"},\"primaryImageOfPage\":{\"@id\":\"https:\\\/\\\/pans.krosno.pl\\\/instytut-humanistyczny\\\/miedzypokoleniowe-spotkanie-na-pedagogice\\\/#primaryimage\"},\"image\":{\"@id\":\"https:\\\/\\\/pans.krosno.pl\\\/instytut-humanistyczny\\\/miedzypokoleniowe-spotkanie-na-pedagogice\\\/#primaryimage\"},\"thumbnailUrl\":\"https:\\\/\\\/pans.krosno.pl\\\/instytut-humanistyczny\\\/wp-content\\\/uploads\\\/sites\\\/9\\\/2022\\\/01\\\/gwiazda.jpg\",\"datePublished\":\"2022-01-24T10:51:00+00:00\",\"dateModified\":\"2022-01-26T10:57:02+00:00\",\"breadcrumb\":{\"@id\":\"https:\\\/\\\/pans.krosno.pl\\\/instytut-humanistyczny\\\/miedzypokoleniowe-spotkanie-na-pedagogice\\\/#breadcrumb\"},\"inLanguage\":\"pl-PL\",\"potentialAction\":[{\"@type\":\"ReadAction\",\"target\":[\"https:\\\/\\\/pans.krosno.pl\\\/instytut-humanistyczny\\\/miedzypokoleniowe-spotkanie-na-pedagogice\\\/\"]}]},{\"@type\":\"ImageObject\",\"inLanguage\":\"pl-PL\",\"@id\":\"https:\\\/\\\/pans.krosno.pl\\\/instytut-humanistyczny\\\/miedzypokoleniowe-spotkanie-na-pedagogice\\\/#primaryimage\",\"url\":\"https:\\\/\\\/pans.krosno.pl\\\/instytut-humanistyczny\\\/wp-content\\\/uploads\\\/sites\\\/9\\\/2022\\\/01\\\/gwiazda.jpg\",\"contentUrl\":\"https:\\\/\\\/pans.krosno.pl\\\/instytut-humanistyczny\\\/wp-content\\\/uploads\\\/sites\\\/9\\\/2022\\\/01\\\/gwiazda.jpg\",\"width\":768,\"height\":1024},{\"@type\":\"BreadcrumbList\",\"@id\":\"https:\\\/\\\/pans.krosno.pl\\\/instytut-humanistyczny\\\/miedzypokoleniowe-spotkanie-na-pedagogice\\\/#breadcrumb\",\"itemListElement\":[{\"@type\":\"ListItem\",\"position\":1,\"name\":\"Strona g\u0142\u00f3wna\",\"item\":\"https:\\\/\\\/pans.krosno.pl\\\/instytut-humanistyczny\\\/\"},{\"@type\":\"ListItem\",\"position\":2,\"name\":\"Mi\u0119dzypokoleniowe spotkanie na pedagogice\"}]},{\"@type\":\"WebSite\",\"@id\":\"https:\\\/\\\/pans.krosno.pl\\\/instytut-humanistyczny\\\/#website\",\"url\":\"https:\\\/\\\/pans.krosno.pl\\\/instytut-humanistyczny\\\/\",\"name\":\"Instytut Humanistyczny PANS w Kro\u015bnie\",\"description\":\"Instytut Humanistyczny - Pa\u0144stwowa Akademia Nauk Stosowanych\",\"publisher\":{\"@id\":\"https:\\\/\\\/pans.krosno.pl\\\/instytut-humanistyczny\\\/#organization\"},\"potentialAction\":[{\"@type\":\"SearchAction\",\"target\":{\"@type\":\"EntryPoint\",\"urlTemplate\":\"https:\\\/\\\/pans.krosno.pl\\\/instytut-humanistyczny\\\/?s={search_term_string}\"},\"query-input\":{\"@type\":\"PropertyValueSpecification\",\"valueRequired\":true,\"valueName\":\"search_term_string\"}}],\"inLanguage\":\"pl-PL\"},{\"@type\":\"Organization\",\"@id\":\"https:\\\/\\\/pans.krosno.pl\\\/instytut-humanistyczny\\\/#organization\",\"name\":\"Instytut Humanistyczny PANS w Kro\u015bnie\",\"url\":\"https:\\\/\\\/pans.krosno.pl\\\/instytut-humanistyczny\\\/\",\"logo\":{\"@type\":\"ImageObject\",\"inLanguage\":\"pl-PL\",\"@id\":\"https:\\\/\\\/pans.krosno.pl\\\/instytut-humanistyczny\\\/#\\\/schema\\\/logo\\\/image\\\/\",\"url\":\"https:\\\/\\\/pans.krosno.pl\\\/instytut-humanistyczny\\\/wp-content\\\/uploads\\\/sites\\\/9\\\/2023\\\/01\\\/Logo-PANS-2022-pelne.png\",\"contentUrl\":\"https:\\\/\\\/pans.krosno.pl\\\/instytut-humanistyczny\\\/wp-content\\\/uploads\\\/sites\\\/9\\\/2023\\\/01\\\/Logo-PANS-2022-pelne.png\",\"width\":3096,\"height\":696,\"caption\":\"Instytut Humanistyczny PANS w Kro\u015bnie\"},\"image\":{\"@id\":\"https:\\\/\\\/pans.krosno.pl\\\/instytut-humanistyczny\\\/#\\\/schema\\\/logo\\\/image\\\/\"}},{\"@type\":\"Person\",\"@id\":\"https:\\\/\\\/pans.krosno.pl\\\/instytut-humanistyczny\\\/#\\\/schema\\\/person\\\/cb70195a5aeabe88d51256d821faa2d9\",\"name\":\"Bartosz Go\u0142\u0105bek\",\"image\":{\"@type\":\"ImageObject\",\"inLanguage\":\"pl-PL\",\"@id\":\"https:\\\/\\\/secure.gravatar.com\\\/avatar\\\/ad10819676385baed8ebd4d7be0d4ba77dd5fdc0f4779d414dea3126fd3aec33?s=96&d=mm&r=g\",\"url\":\"https:\\\/\\\/secure.gravatar.com\\\/avatar\\\/ad10819676385baed8ebd4d7be0d4ba77dd5fdc0f4779d414dea3126fd3aec33?s=96&d=mm&r=g\",\"contentUrl\":\"https:\\\/\\\/secure.gravatar.com\\\/avatar\\\/ad10819676385baed8ebd4d7be0d4ba77dd5fdc0f4779d414dea3126fd3aec33?s=96&d=mm&r=g\",\"caption\":\"Bartosz Go\u0142\u0105bek\"},\"description\":\"dr Bartosz Go\u0142\u0105bek Dyrektor Instytutu Humanistycznego Karpacka Pa\u0144stwowa Uczelnia w Kro\u015bnie (dawniej PWSZ)\",\"url\":\"https:\\\/\\\/pans.krosno.pl\\\/instytut-humanistyczny\\\/author\\\/bartoszgolabek\\\/\"}]}<\/script>\n<!-- \/ Yoast SEO Premium plugin. -->","yoast_head_json":{"title":"Mi\u0119dzypokoleniowe spotkanie na pedagogice - Instytut Humanistyczny PANS w Kro\u015bnie","robots":{"index":"index","follow":"follow","max-snippet":"max-snippet:-1","max-image-preview":"max-image-preview:large","max-video-preview":"max-video-preview:-1"},"canonical":"https:\/\/pans.krosno.pl\/instytut-humanistyczny\/miedzypokoleniowe-spotkanie-na-pedagogice\/","og_locale":"pl_PL","og_type":"article","og_title":"Mi\u0119dzypokoleniowe spotkanie na pedagogice","og_description":"Studenci III roku PSO z TP go\u015bcili senior\u00f3w z Uniwersytetu III Wieku. Spotkanie odby\u0142o si\u0119 w sali nr 19 i zosta\u0142o po\u015bwi\u0119cone zwyczajom kol\u0119dowania w naszym regionie. Studenci przygotowali program s\u0142owno-muzyczny dla senior\u00f3w. Rozmawiali z go\u015b\u0107mi o znaczeniu tradycji kol\u0119dowania, pochodzeniu kol\u0119d, regionalnych pastora\u0142kach. Wsp\u00f3lnie \u015bpiewali kol\u0119dy przy akompaniamencie skrzypiec, [\u2026] Read More","og_url":"https:\/\/pans.krosno.pl\/instytut-humanistyczny\/miedzypokoleniowe-spotkanie-na-pedagogice\/","og_site_name":"Instytut Humanistyczny PANS w Kro\u015bnie","article_published_time":"2022-01-24T10:51:00+00:00","article_modified_time":"2022-01-26T10:57:02+00:00","og_image":[{"width":768,"height":1024,"url":"https:\/\/pans.krosno.pl\/wp-content\/uploads\/sites\/9\/2022\/01\/gwiazda.jpg","type":"image\/jpeg"}],"author":"Bartosz Go\u0142\u0105bek","twitter_card":"summary_large_image","twitter_misc":{"Napisane przez":"Bartosz Go\u0142\u0105bek","Szacowany czas czytania":"2 minuty"},"schema":{"@context":"https:\/\/schema.org","@graph":[{"@type":"Article","@id":"https:\/\/pans.krosno.pl\/instytut-humanistyczny\/miedzypokoleniowe-spotkanie-na-pedagogice\/#article","isPartOf":{"@id":"https:\/\/pans.krosno.pl\/instytut-humanistyczny\/miedzypokoleniowe-spotkanie-na-pedagogice\/"},"author":{"name":"Bartosz Go\u0142\u0105bek","@id":"https:\/\/pans.krosno.pl\/instytut-humanistyczny\/#\/schema\/person\/cb70195a5aeabe88d51256d821faa2d9"},"headline":"Mi\u0119dzypokoleniowe spotkanie na pedagogice","datePublished":"2022-01-24T10:51:00+00:00","dateModified":"2022-01-26T10:57:02+00:00","mainEntityOfPage":{"@id":"https:\/\/pans.krosno.pl\/instytut-humanistyczny\/miedzypokoleniowe-spotkanie-na-pedagogice\/"},"wordCount":211,"commentCount":0,"publisher":{"@id":"https:\/\/pans.krosno.pl\/instytut-humanistyczny\/#organization"},"image":{"@id":"https:\/\/pans.krosno.pl\/instytut-humanistyczny\/miedzypokoleniowe-spotkanie-na-pedagogice\/#primaryimage"},"thumbnailUrl":"https:\/\/pans.krosno.pl\/instytut-humanistyczny\/wp-content\/uploads\/sites\/9\/2022\/01\/gwiazda.jpg","inLanguage":"pl-PL","potentialAction":[{"@type":"CommentAction","name":"Comment","target":["https:\/\/pans.krosno.pl\/instytut-humanistyczny\/miedzypokoleniowe-spotkanie-na-pedagogice\/#respond"]}]},{"@type":"WebPage","@id":"https:\/\/pans.krosno.pl\/instytut-humanistyczny\/miedzypokoleniowe-spotkanie-na-pedagogice\/","url":"https:\/\/pans.krosno.pl\/instytut-humanistyczny\/miedzypokoleniowe-spotkanie-na-pedagogice\/","name":"Mi\u0119dzypokoleniowe spotkanie na pedagogice - Instytut Humanistyczny PANS w Kro\u015bnie","isPartOf":{"@id":"https:\/\/pans.krosno.pl\/instytut-humanistyczny\/#website"},"primaryImageOfPage":{"@id":"https:\/\/pans.krosno.pl\/instytut-humanistyczny\/miedzypokoleniowe-spotkanie-na-pedagogice\/#primaryimage"},"image":{"@id":"https:\/\/pans.krosno.pl\/instytut-humanistyczny\/miedzypokoleniowe-spotkanie-na-pedagogice\/#primaryimage"},"thumbnailUrl":"https:\/\/pans.krosno.pl\/instytut-humanistyczny\/wp-content\/uploads\/sites\/9\/2022\/01\/gwiazda.jpg","datePublished":"2022-01-24T10:51:00+00:00","dateModified":"2022-01-26T10:57:02+00:00","breadcrumb":{"@id":"https:\/\/pans.krosno.pl\/instytut-humanistyczny\/miedzypokoleniowe-spotkanie-na-pedagogice\/#breadcrumb"},"inLanguage":"pl-PL","potentialAction":[{"@type":"ReadAction","target":["https:\/\/pans.krosno.pl\/instytut-humanistyczny\/miedzypokoleniowe-spotkanie-na-pedagogice\/"]}]},{"@type":"ImageObject","inLanguage":"pl-PL","@id":"https:\/\/pans.krosno.pl\/instytut-humanistyczny\/miedzypokoleniowe-spotkanie-na-pedagogice\/#primaryimage","url":"https:\/\/pans.krosno.pl\/instytut-humanistyczny\/wp-content\/uploads\/sites\/9\/2022\/01\/gwiazda.jpg","contentUrl":"https:\/\/pans.krosno.pl\/instytut-humanistyczny\/wp-content\/uploads\/sites\/9\/2022\/01\/gwiazda.jpg","width":768,"height":1024},{"@type":"BreadcrumbList","@id":"https:\/\/pans.krosno.pl\/instytut-humanistyczny\/miedzypokoleniowe-spotkanie-na-pedagogice\/#breadcrumb","itemListElement":[{"@type":"ListItem","position":1,"name":"Strona g\u0142\u00f3wna","item":"https:\/\/pans.krosno.pl\/instytut-humanistyczny\/"},{"@type":"ListItem","position":2,"name":"Mi\u0119dzypokoleniowe spotkanie na pedagogice"}]},{"@type":"WebSite","@id":"https:\/\/pans.krosno.pl\/instytut-humanistyczny\/#website","url":"https:\/\/pans.krosno.pl\/instytut-humanistyczny\/","name":"Instytut Humanistyczny PANS w Kro\u015bnie","description":"Instytut Humanistyczny - Pa\u0144stwowa Akademia Nauk Stosowanych","publisher":{"@id":"https:\/\/pans.krosno.pl\/instytut-humanistyczny\/#organization"},"potentialAction":[{"@type":"SearchAction","target":{"@type":"EntryPoint","urlTemplate":"https:\/\/pans.krosno.pl\/instytut-humanistyczny\/?s={search_term_string}"},"query-input":{"@type":"PropertyValueSpecification","valueRequired":true,"valueName":"search_term_string"}}],"inLanguage":"pl-PL"},{"@type":"Organization","@id":"https:\/\/pans.krosno.pl\/instytut-humanistyczny\/#organization","name":"Instytut Humanistyczny PANS w Kro\u015bnie","url":"https:\/\/pans.krosno.pl\/instytut-humanistyczny\/","logo":{"@type":"ImageObject","inLanguage":"pl-PL","@id":"https:\/\/pans.krosno.pl\/instytut-humanistyczny\/#\/schema\/logo\/image\/","url":"https:\/\/pans.krosno.pl\/instytut-humanistyczny\/wp-content\/uploads\/sites\/9\/2023\/01\/Logo-PANS-2022-pelne.png","contentUrl":"https:\/\/pans.krosno.pl\/instytut-humanistyczny\/wp-content\/uploads\/sites\/9\/2023\/01\/Logo-PANS-2022-pelne.png","width":3096,"height":696,"caption":"Instytut Humanistyczny PANS w Kro\u015bnie"},"image":{"@id":"https:\/\/pans.krosno.pl\/instytut-humanistyczny\/#\/schema\/logo\/image\/"}},{"@type":"Person","@id":"https:\/\/pans.krosno.pl\/instytut-humanistyczny\/#\/schema\/person\/cb70195a5aeabe88d51256d821faa2d9","name":"Bartosz Go\u0142\u0105bek","image":{"@type":"ImageObject","inLanguage":"pl-PL","@id":"https:\/\/secure.gravatar.com\/avatar\/ad10819676385baed8ebd4d7be0d4ba77dd5fdc0f4779d414dea3126fd3aec33?s=96&d=mm&r=g","url":"https:\/\/secure.gravatar.com\/avatar\/ad10819676385baed8ebd4d7be0d4ba77dd5fdc0f4779d414dea3126fd3aec33?s=96&d=mm&r=g","contentUrl":"https:\/\/secure.gravatar.com\/avatar\/ad10819676385baed8ebd4d7be0d4ba77dd5fdc0f4779d414dea3126fd3aec33?s=96&d=mm&r=g","caption":"Bartosz Go\u0142\u0105bek"},"description":"dr Bartosz Go\u0142\u0105bek Dyrektor Instytutu Humanistycznego Karpacka Pa\u0144stwowa Uczelnia w Kro\u015bnie (dawniej PWSZ)","url":"https:\/\/pans.krosno.pl\/instytut-humanistyczny\/author\/bartoszgolabek\/"}]}},"_links":{"self":[{"href":"https:\/\/pans.krosno.pl\/instytut-humanistyczny\/wp-json\/wp\/v2\/posts\/1411","targetHints":{"allow":["GET"]}}],"collection":[{"href":"https:\/\/pans.krosno.pl\/instytut-humanistyczny\/wp-json\/wp\/v2\/posts"}],"about":[{"href":"https:\/\/pans.krosno.pl\/instytut-humanistyczny\/wp-json\/wp\/v2\/types\/post"}],"author":[{"embeddable":true,"href":"https:\/\/pans.krosno.pl\/instytut-humanistyczny\/wp-json\/wp\/v2\/users\/57"}],"replies":[{"embeddable":true,"href":"https:\/\/pans.krosno.pl\/instytut-humanistyczny\/wp-json\/wp\/v2\/comments?post=1411"}],"version-history":[{"count":1,"href":"https:\/\/pans.krosno.pl\/instytut-humanistyczny\/wp-json\/wp\/v2\/posts\/1411\/revisions"}],"predecessor-version":[{"id":1416,"href":"https:\/\/pans.krosno.pl\/instytut-humanistyczny\/wp-json\/wp\/v2\/posts\/1411\/revisions\/1416"}],"wp:featuredmedia":[{"embeddable":true,"href":"https:\/\/pans.krosno.pl\/instytut-humanistyczny\/wp-json\/wp\/v2\/media\/1414"}],"wp:attachment":[{"href":"https:\/\/pans.krosno.pl\/instytut-humanistyczny\/wp-json\/wp\/v2\/media?parent=1411"}],"wp:term":[{"taxonomy":"category","embeddable":true,"href":"https:\/\/pans.krosno.pl\/instytut-humanistyczny\/wp-json\/wp\/v2\/categories?post=1411"},{"taxonomy":"post_tag","embeddable":true,"href":"https:\/\/pans.krosno.pl\/instytut-humanistyczny\/wp-json\/wp\/v2\/tags?post=1411"}],"curies":[{"name":"wp","href":"https:\/\/api.w.org\/{rel}","templated":true}]}}