{"id":1197,"date":"2021-12-09T07:43:31","date_gmt":"2021-12-09T06:43:31","guid":{"rendered":"https:\/\/pans.krosno.pl\/instytut-humanistyczny\/?p=1197"},"modified":"2021-12-09T09:03:11","modified_gmt":"2021-12-09T08:03:11","slug":"odznaka-zasluzony-dla-kultury-polskiej-dla-profesora-krzysztofa-plesniarowicza-z-zakladu-komunikacji-miedzykulturowej","status":"publish","type":"post","link":"https:\/\/pans.krosno.pl\/instytut-humanistyczny\/odznaka-zasluzony-dla-kultury-polskiej-dla-profesora-krzysztofa-plesniarowicza-z-zakladu-komunikacji-miedzykulturowej\/","title":{"rendered":"Odznaka \u201eZas\u0142u\u017cony dla Kultury Polskiej\u201d wr\u0119czona profesorowi Krzysztofowi Ple\u015bniarowiczowi z Zak\u0142adu Komunikacji Mi\u0119dzykulturowej"},"content":{"rendered":"\n<p>W \u015brod\u0119 8 grudnia 2021 roku odby\u0142a si\u0119 uroczysta gala 40-lecia O\u015brodka Dokumentacji Tadeusza Kantora CRICOTEKA w Krakowie. Wydarzenie by\u0142o okazj\u0105 do podsumowania d\u0142ugoletniej dzia\u0142alno\u015bci instytucji, podzi\u0119kowania wszystkim, kt\u00f3rzy piel\u0119gnuj\u0105 pami\u0119\u0107 o Tadeuszu Kantorze i jego dziele oraz odznaczenia os\u00f3b zas\u0142u\u017conych dla Ma\u0142opolski i polskiej kultury.<\/p>\n\n\n\n<p>W\u015br\u00f3d uhonorowanych odznaczeniami pa\u0144stwowymi znalaz\u0142 si\u0119 mi\u0119dzy innymi profesor<strong> Krzysztof Ple\u015bniarowicz <\/strong>z<strong> <\/strong>Zak\u0142adu Komunikacji Mi\u0119dzykulturowej, kt\u00f3ry w latach 1994-2000 by\u0142 dyrektorem O\u015brodka Dokumentacji Sztuki Tadeusza Kantora \u201eCricoteka\u201d w Krakowie. Odznak\u0119 honorow\u0105&nbsp;<strong>\u201eZas\u0142u\u017cony dla Kultury Polskiej\u201d<\/strong>&nbsp; w imieniu Wiceprezesa Rady Ministr\u00f3w i Ministra Kultury i Dziedzictwa Narodowego Profesora Piotra Gli\u0144skiego wr\u0119czy\u0142a pani Iwona Gibas  z zarz\u0105du Wojew\u00f3dztwa Ma\u0142opolskiego. <\/p>\n\n\n\n<figure class=\"wp-block-image size-large\"><img loading=\"lazy\" decoding=\"async\" width=\"1024\" height=\"683\" src=\"https:\/\/pans.krosno.pl\/instytut-humanistyczny\/wp-content\/uploads\/sites\/9\/2021\/12\/Plesniarowicz-1024x683.jpg\" alt=\"\" class=\"wp-image-1199\" srcset=\"https:\/\/pans.krosno.pl\/instytut-humanistyczny\/wp-content\/uploads\/sites\/9\/2021\/12\/Plesniarowicz-1024x683.jpg 1024w, https:\/\/pans.krosno.pl\/instytut-humanistyczny\/wp-content\/uploads\/sites\/9\/2021\/12\/Plesniarowicz-300x200.jpg 300w, https:\/\/pans.krosno.pl\/instytut-humanistyczny\/wp-content\/uploads\/sites\/9\/2021\/12\/Plesniarowicz-768x512.jpg 768w, https:\/\/pans.krosno.pl\/instytut-humanistyczny\/wp-content\/uploads\/sites\/9\/2021\/12\/Plesniarowicz-800x533.jpg 800w, https:\/\/pans.krosno.pl\/instytut-humanistyczny\/wp-content\/uploads\/sites\/9\/2021\/12\/Plesniarowicz-580x387.jpg 580w, https:\/\/pans.krosno.pl\/instytut-humanistyczny\/wp-content\/uploads\/sites\/9\/2021\/12\/Plesniarowicz.jpg 1434w\" sizes=\"auto, (max-width: 1024px) 100vw, 1024px\" \/><figcaption>Krzysztof Ple\u015bniarowicz w towarzystwie  Iwony Gibas cz\u0142onka Zarz\u0105du Wojew\u00f3dztwa Ma\u0142opolskiego (z lewej) oraz Natalii Zarzeckiej, dyrektora Cricoteki (z prawej).<\/figcaption><\/figure>\n\n\n\n<p><strong>Krzysztof Ple\u015bniarowicz<\/strong>&nbsp;jest profesorem nauk humanistycznych, absolwentem Uniwersytetu Jagiello\u0144skiego. <\/p>\n\n\n\n<p>Autor, wsp\u00f3\u0142autor i redaktor 22 ksi\u0105\u017cek z dziedziny historii i teorii teatru oraz literatury, a tak\u017ce ponad 200 artyku\u0142\u00f3w i recenzji \u2013 opublikowanych w 11 j\u0119zykach. Wyda\u0142 zbiory pism Tadeusza Kantora w Polsce (2000; 2004 \u2013 trzy tomy) i Rumunii (2014). Jego monografie o Tadeuszu Kantorze ukaza\u0142y si\u0119 na W\u0119grzech (2007) i w Wielkiej Brytanii (2004). W roku 2018 opublikowa\u0142 obszern\u0105 biografi\u0119 Kantor.<\/p>\n\n\n\n<p>Wyk\u0142adowca w USA w latach 1992 (Cleveland State University), 2000 (University of Rochester), 2005-2006 (University of Massachusetts Amherst). Visiting Fulbright Scholar w New York University w latach 1996-1997.<\/p>\n\n\n\n<p>Laureat Nagrody dla \u201eTeatralnej Ksi\u0105\u017cki Roku\u201d (1998) przyznawanej w ramach Nagrody im. Stanis\u0142awa Ignacego Witkiewicza przez Polski Oddzia\u0142 Mi\u0119dzynarodowego Instytutu Teatralnego oraz Krakowskiej Nagrody Literackiej (1998) \u2013 za ksi\u0105\u017ck\u0119 Kantor. Artysta ko\u0144ca wieku, a tak\u017ce Nagrody indywidualnej Ministra Edukacji Narodowej (2005), za opublikowan\u0105 w Wielkiej Brytanii ksi\u0105\u017ck\u0119 The Dead Memory Machine. Tadeusz Kantor&#8217;s Theatre of Death.<\/p>\n\n\n\n<p><\/p>\n\n\n\n<p>\u0179r\u00f3d\u0142o zdj\u0119cia: https:\/\/www.malopolska.pl\/aktualnosci\/kultura\/40lecie-cricoteki <\/p>\n","protected":false},"excerpt":{"rendered":"<p>W \u015brod\u0119 8 grudnia 2021 roku odby\u0142a si\u0119 uroczysta gala 40-lecia O\u015brodka Dokumentacji Tadeusza Kantora CRICOTEKA w Krakowie. Wydarzenie by\u0142o okazj\u0105 do podsumowania d\u0142ugoletniej dzia\u0142alno\u015bci instytucji, podzi\u0119kowania wszystkim, kt\u00f3rzy piel\u0119gnuj\u0105 pami\u0119\u0107 o Tadeuszu Kantorze i jego dziele oraz odznaczenia os\u00f3b zas\u0142u\u017conych dla Ma\u0142opolski i polskiej kultury. W\u015br\u00f3d uhonorowanych odznaczeniami pa\u0144stwowymi [\u2026] <\/p>\n<div class=\"clear\"><\/div>\n<p><a class=\"more_link clearfix\" href=\"https:\/\/pans.krosno.pl\/instytut-humanistyczny\/odznaka-zasluzony-dla-kultury-polskiej-dla-profesora-krzysztofa-plesniarowicza-z-zakladu-komunikacji-miedzykulturowej\/\" rel=\"nofollow\">Read More<\/a><\/p>\n","protected":false},"author":57,"featured_media":1200,"comment_status":"open","ping_status":"open","sticky":false,"template":"","format":"standard","meta":{"ngg_post_thumbnail":0,"footnotes":""},"categories":[1],"tags":[],"class_list":["post-1197","post","type-post","status-publish","format-standard","has-post-thumbnail","hentry","category-bez-kategorii"],"yoast_head":"<!-- This site is optimized with the Yoast SEO Premium plugin v27.4 (Yoast SEO v27.4) - https:\/\/yoast.com\/product\/yoast-seo-premium-wordpress\/ -->\n<title>Odznaka \u201eZas\u0142u\u017cony dla Kultury Polskiej\u201d wr\u0119czona profesorowi Krzysztofowi Ple\u015bniarowiczowi z Zak\u0142adu Komunikacji Mi\u0119dzykulturowej - Instytut Humanistyczny PANS w Kro\u015bnie<\/title>\n<meta name=\"robots\" content=\"index, follow, max-snippet:-1, max-image-preview:large, max-video-preview:-1\" \/>\n<link rel=\"canonical\" href=\"https:\/\/pans.krosno.pl\/instytut-humanistyczny\/odznaka-zasluzony-dla-kultury-polskiej-dla-profesora-krzysztofa-plesniarowicza-z-zakladu-komunikacji-miedzykulturowej\/\" \/>\n<meta property=\"og:locale\" content=\"pl_PL\" \/>\n<meta property=\"og:type\" content=\"article\" \/>\n<meta property=\"og:title\" content=\"Odznaka \u201eZas\u0142u\u017cony dla Kultury Polskiej\u201d wr\u0119czona profesorowi Krzysztofowi Ple\u015bniarowiczowi z Zak\u0142adu Komunikacji Mi\u0119dzykulturowej\" \/>\n<meta property=\"og:description\" content=\"W \u015brod\u0119 8 grudnia 2021 roku odby\u0142a si\u0119 uroczysta gala 40-lecia O\u015brodka Dokumentacji Tadeusza Kantora CRICOTEKA w Krakowie. Wydarzenie by\u0142o okazj\u0105 do podsumowania d\u0142ugoletniej dzia\u0142alno\u015bci instytucji, podzi\u0119kowania wszystkim, kt\u00f3rzy piel\u0119gnuj\u0105 pami\u0119\u0107 o Tadeuszu Kantorze i jego dziele oraz odznaczenia os\u00f3b zas\u0142u\u017conych dla Ma\u0142opolski i polskiej kultury. W\u015br\u00f3d uhonorowanych odznaczeniami pa\u0144stwowymi [\u2026] Read More\" \/>\n<meta property=\"og:url\" content=\"https:\/\/pans.krosno.pl\/instytut-humanistyczny\/odznaka-zasluzony-dla-kultury-polskiej-dla-profesora-krzysztofa-plesniarowicza-z-zakladu-komunikacji-miedzykulturowej\/\" \/>\n<meta property=\"og:site_name\" content=\"Instytut Humanistyczny PANS w Kro\u015bnie\" \/>\n<meta property=\"article:published_time\" content=\"2021-12-09T06:43:31+00:00\" \/>\n<meta property=\"article:modified_time\" content=\"2021-12-09T08:03:11+00:00\" \/>\n<meta property=\"og:image\" content=\"https:\/\/pans.krosno.pl\/wp-content\/uploads\/sites\/9\/2021\/12\/zasluzony-dla-kultury-medla.png\" \/>\n\t<meta property=\"og:image:width\" content=\"140\" \/>\n\t<meta property=\"og:image:height\" content=\"166\" \/>\n\t<meta property=\"og:image:type\" content=\"image\/png\" \/>\n<meta name=\"author\" content=\"Bartosz Go\u0142\u0105bek\" \/>\n<meta name=\"twitter:card\" content=\"summary_large_image\" \/>\n<meta name=\"twitter:label1\" content=\"Napisane przez\" \/>\n\t<meta name=\"twitter:data1\" content=\"Bartosz Go\u0142\u0105bek\" \/>\n\t<meta name=\"twitter:label2\" content=\"Szacowany czas czytania\" \/>\n\t<meta name=\"twitter:data2\" content=\"2 minuty\" \/>\n<script type=\"application\/ld+json\" class=\"yoast-schema-graph\">{\"@context\":\"https:\\\/\\\/schema.org\",\"@graph\":[{\"@type\":\"Article\",\"@id\":\"https:\\\/\\\/pans.krosno.pl\\\/instytut-humanistyczny\\\/odznaka-zasluzony-dla-kultury-polskiej-dla-profesora-krzysztofa-plesniarowicza-z-zakladu-komunikacji-miedzykulturowej\\\/#article\",\"isPartOf\":{\"@id\":\"https:\\\/\\\/pans.krosno.pl\\\/instytut-humanistyczny\\\/odznaka-zasluzony-dla-kultury-polskiej-dla-profesora-krzysztofa-plesniarowicza-z-zakladu-komunikacji-miedzykulturowej\\\/\"},\"author\":{\"name\":\"Bartosz Go\u0142\u0105bek\",\"@id\":\"https:\\\/\\\/pans.krosno.pl\\\/instytut-humanistyczny\\\/#\\\/schema\\\/person\\\/cb70195a5aeabe88d51256d821faa2d9\"},\"headline\":\"Odznaka \u201eZas\u0142u\u017cony dla Kultury Polskiej\u201d wr\u0119czona profesorowi Krzysztofowi Ple\u015bniarowiczowi z Zak\u0142adu Komunikacji Mi\u0119dzykulturowej\",\"datePublished\":\"2021-12-09T06:43:31+00:00\",\"dateModified\":\"2021-12-09T08:03:11+00:00\",\"mainEntityOfPage\":{\"@id\":\"https:\\\/\\\/pans.krosno.pl\\\/instytut-humanistyczny\\\/odznaka-zasluzony-dla-kultury-polskiej-dla-profesora-krzysztofa-plesniarowicza-z-zakladu-komunikacji-miedzykulturowej\\\/\"},\"wordCount\":347,\"commentCount\":0,\"publisher\":{\"@id\":\"https:\\\/\\\/pans.krosno.pl\\\/instytut-humanistyczny\\\/#organization\"},\"image\":{\"@id\":\"https:\\\/\\\/pans.krosno.pl\\\/instytut-humanistyczny\\\/odznaka-zasluzony-dla-kultury-polskiej-dla-profesora-krzysztofa-plesniarowicza-z-zakladu-komunikacji-miedzykulturowej\\\/#primaryimage\"},\"thumbnailUrl\":\"https:\\\/\\\/pans.krosno.pl\\\/instytut-humanistyczny\\\/wp-content\\\/uploads\\\/sites\\\/9\\\/2021\\\/12\\\/zasluzony-dla-kultury-medla.png\",\"inLanguage\":\"pl-PL\",\"potentialAction\":[{\"@type\":\"CommentAction\",\"name\":\"Comment\",\"target\":[\"https:\\\/\\\/pans.krosno.pl\\\/instytut-humanistyczny\\\/odznaka-zasluzony-dla-kultury-polskiej-dla-profesora-krzysztofa-plesniarowicza-z-zakladu-komunikacji-miedzykulturowej\\\/#respond\"]}]},{\"@type\":\"WebPage\",\"@id\":\"https:\\\/\\\/pans.krosno.pl\\\/instytut-humanistyczny\\\/odznaka-zasluzony-dla-kultury-polskiej-dla-profesora-krzysztofa-plesniarowicza-z-zakladu-komunikacji-miedzykulturowej\\\/\",\"url\":\"https:\\\/\\\/pans.krosno.pl\\\/instytut-humanistyczny\\\/odznaka-zasluzony-dla-kultury-polskiej-dla-profesora-krzysztofa-plesniarowicza-z-zakladu-komunikacji-miedzykulturowej\\\/\",\"name\":\"Odznaka \u201eZas\u0142u\u017cony dla Kultury Polskiej\u201d wr\u0119czona profesorowi Krzysztofowi Ple\u015bniarowiczowi z Zak\u0142adu Komunikacji Mi\u0119dzykulturowej - Instytut Humanistyczny PANS w Kro\u015bnie\",\"isPartOf\":{\"@id\":\"https:\\\/\\\/pans.krosno.pl\\\/instytut-humanistyczny\\\/#website\"},\"primaryImageOfPage\":{\"@id\":\"https:\\\/\\\/pans.krosno.pl\\\/instytut-humanistyczny\\\/odznaka-zasluzony-dla-kultury-polskiej-dla-profesora-krzysztofa-plesniarowicza-z-zakladu-komunikacji-miedzykulturowej\\\/#primaryimage\"},\"image\":{\"@id\":\"https:\\\/\\\/pans.krosno.pl\\\/instytut-humanistyczny\\\/odznaka-zasluzony-dla-kultury-polskiej-dla-profesora-krzysztofa-plesniarowicza-z-zakladu-komunikacji-miedzykulturowej\\\/#primaryimage\"},\"thumbnailUrl\":\"https:\\\/\\\/pans.krosno.pl\\\/instytut-humanistyczny\\\/wp-content\\\/uploads\\\/sites\\\/9\\\/2021\\\/12\\\/zasluzony-dla-kultury-medla.png\",\"datePublished\":\"2021-12-09T06:43:31+00:00\",\"dateModified\":\"2021-12-09T08:03:11+00:00\",\"breadcrumb\":{\"@id\":\"https:\\\/\\\/pans.krosno.pl\\\/instytut-humanistyczny\\\/odznaka-zasluzony-dla-kultury-polskiej-dla-profesora-krzysztofa-plesniarowicza-z-zakladu-komunikacji-miedzykulturowej\\\/#breadcrumb\"},\"inLanguage\":\"pl-PL\",\"potentialAction\":[{\"@type\":\"ReadAction\",\"target\":[\"https:\\\/\\\/pans.krosno.pl\\\/instytut-humanistyczny\\\/odznaka-zasluzony-dla-kultury-polskiej-dla-profesora-krzysztofa-plesniarowicza-z-zakladu-komunikacji-miedzykulturowej\\\/\"]}]},{\"@type\":\"ImageObject\",\"inLanguage\":\"pl-PL\",\"@id\":\"https:\\\/\\\/pans.krosno.pl\\\/instytut-humanistyczny\\\/odznaka-zasluzony-dla-kultury-polskiej-dla-profesora-krzysztofa-plesniarowicza-z-zakladu-komunikacji-miedzykulturowej\\\/#primaryimage\",\"url\":\"https:\\\/\\\/pans.krosno.pl\\\/instytut-humanistyczny\\\/wp-content\\\/uploads\\\/sites\\\/9\\\/2021\\\/12\\\/zasluzony-dla-kultury-medla.png\",\"contentUrl\":\"https:\\\/\\\/pans.krosno.pl\\\/instytut-humanistyczny\\\/wp-content\\\/uploads\\\/sites\\\/9\\\/2021\\\/12\\\/zasluzony-dla-kultury-medla.png\",\"width\":140,\"height\":166},{\"@type\":\"BreadcrumbList\",\"@id\":\"https:\\\/\\\/pans.krosno.pl\\\/instytut-humanistyczny\\\/odznaka-zasluzony-dla-kultury-polskiej-dla-profesora-krzysztofa-plesniarowicza-z-zakladu-komunikacji-miedzykulturowej\\\/#breadcrumb\",\"itemListElement\":[{\"@type\":\"ListItem\",\"position\":1,\"name\":\"Strona g\u0142\u00f3wna\",\"item\":\"https:\\\/\\\/pans.krosno.pl\\\/instytut-humanistyczny\\\/\"},{\"@type\":\"ListItem\",\"position\":2,\"name\":\"Odznaka \u201eZas\u0142u\u017cony dla Kultury Polskiej\u201d wr\u0119czona profesorowi Krzysztofowi Ple\u015bniarowiczowi z Zak\u0142adu Komunikacji Mi\u0119dzykulturowej\"}]},{\"@type\":\"WebSite\",\"@id\":\"https:\\\/\\\/pans.krosno.pl\\\/instytut-humanistyczny\\\/#website\",\"url\":\"https:\\\/\\\/pans.krosno.pl\\\/instytut-humanistyczny\\\/\",\"name\":\"Instytut Humanistyczny PANS w Kro\u015bnie\",\"description\":\"Instytut Humanistyczny - Pa\u0144stwowa Akademia Nauk Stosowanych\",\"publisher\":{\"@id\":\"https:\\\/\\\/pans.krosno.pl\\\/instytut-humanistyczny\\\/#organization\"},\"potentialAction\":[{\"@type\":\"SearchAction\",\"target\":{\"@type\":\"EntryPoint\",\"urlTemplate\":\"https:\\\/\\\/pans.krosno.pl\\\/instytut-humanistyczny\\\/?s={search_term_string}\"},\"query-input\":{\"@type\":\"PropertyValueSpecification\",\"valueRequired\":true,\"valueName\":\"search_term_string\"}}],\"inLanguage\":\"pl-PL\"},{\"@type\":\"Organization\",\"@id\":\"https:\\\/\\\/pans.krosno.pl\\\/instytut-humanistyczny\\\/#organization\",\"name\":\"Instytut Humanistyczny PANS w Kro\u015bnie\",\"url\":\"https:\\\/\\\/pans.krosno.pl\\\/instytut-humanistyczny\\\/\",\"logo\":{\"@type\":\"ImageObject\",\"inLanguage\":\"pl-PL\",\"@id\":\"https:\\\/\\\/pans.krosno.pl\\\/instytut-humanistyczny\\\/#\\\/schema\\\/logo\\\/image\\\/\",\"url\":\"https:\\\/\\\/pans.krosno.pl\\\/instytut-humanistyczny\\\/wp-content\\\/uploads\\\/sites\\\/9\\\/2023\\\/01\\\/Logo-PANS-2022-pelne.png\",\"contentUrl\":\"https:\\\/\\\/pans.krosno.pl\\\/instytut-humanistyczny\\\/wp-content\\\/uploads\\\/sites\\\/9\\\/2023\\\/01\\\/Logo-PANS-2022-pelne.png\",\"width\":3096,\"height\":696,\"caption\":\"Instytut Humanistyczny PANS w Kro\u015bnie\"},\"image\":{\"@id\":\"https:\\\/\\\/pans.krosno.pl\\\/instytut-humanistyczny\\\/#\\\/schema\\\/logo\\\/image\\\/\"}},{\"@type\":\"Person\",\"@id\":\"https:\\\/\\\/pans.krosno.pl\\\/instytut-humanistyczny\\\/#\\\/schema\\\/person\\\/cb70195a5aeabe88d51256d821faa2d9\",\"name\":\"Bartosz Go\u0142\u0105bek\",\"image\":{\"@type\":\"ImageObject\",\"inLanguage\":\"pl-PL\",\"@id\":\"https:\\\/\\\/secure.gravatar.com\\\/avatar\\\/ad10819676385baed8ebd4d7be0d4ba77dd5fdc0f4779d414dea3126fd3aec33?s=96&d=mm&r=g\",\"url\":\"https:\\\/\\\/secure.gravatar.com\\\/avatar\\\/ad10819676385baed8ebd4d7be0d4ba77dd5fdc0f4779d414dea3126fd3aec33?s=96&d=mm&r=g\",\"contentUrl\":\"https:\\\/\\\/secure.gravatar.com\\\/avatar\\\/ad10819676385baed8ebd4d7be0d4ba77dd5fdc0f4779d414dea3126fd3aec33?s=96&d=mm&r=g\",\"caption\":\"Bartosz Go\u0142\u0105bek\"},\"description\":\"dr Bartosz Go\u0142\u0105bek Dyrektor Instytutu Humanistycznego Karpacka Pa\u0144stwowa Uczelnia w Kro\u015bnie (dawniej PWSZ)\",\"url\":\"https:\\\/\\\/pans.krosno.pl\\\/instytut-humanistyczny\\\/author\\\/bartoszgolabek\\\/\"}]}<\/script>\n<!-- \/ Yoast SEO Premium plugin. -->","yoast_head_json":{"title":"Odznaka \u201eZas\u0142u\u017cony dla Kultury Polskiej\u201d wr\u0119czona profesorowi Krzysztofowi Ple\u015bniarowiczowi z Zak\u0142adu Komunikacji Mi\u0119dzykulturowej - Instytut Humanistyczny PANS w Kro\u015bnie","robots":{"index":"index","follow":"follow","max-snippet":"max-snippet:-1","max-image-preview":"max-image-preview:large","max-video-preview":"max-video-preview:-1"},"canonical":"https:\/\/pans.krosno.pl\/instytut-humanistyczny\/odznaka-zasluzony-dla-kultury-polskiej-dla-profesora-krzysztofa-plesniarowicza-z-zakladu-komunikacji-miedzykulturowej\/","og_locale":"pl_PL","og_type":"article","og_title":"Odznaka \u201eZas\u0142u\u017cony dla Kultury Polskiej\u201d wr\u0119czona profesorowi Krzysztofowi Ple\u015bniarowiczowi z Zak\u0142adu Komunikacji Mi\u0119dzykulturowej","og_description":"W \u015brod\u0119 8 grudnia 2021 roku odby\u0142a si\u0119 uroczysta gala 40-lecia O\u015brodka Dokumentacji Tadeusza Kantora CRICOTEKA w Krakowie. Wydarzenie by\u0142o okazj\u0105 do podsumowania d\u0142ugoletniej dzia\u0142alno\u015bci instytucji, podzi\u0119kowania wszystkim, kt\u00f3rzy piel\u0119gnuj\u0105 pami\u0119\u0107 o Tadeuszu Kantorze i jego dziele oraz odznaczenia os\u00f3b zas\u0142u\u017conych dla Ma\u0142opolski i polskiej kultury. W\u015br\u00f3d uhonorowanych odznaczeniami pa\u0144stwowymi [\u2026] Read More","og_url":"https:\/\/pans.krosno.pl\/instytut-humanistyczny\/odznaka-zasluzony-dla-kultury-polskiej-dla-profesora-krzysztofa-plesniarowicza-z-zakladu-komunikacji-miedzykulturowej\/","og_site_name":"Instytut Humanistyczny PANS w Kro\u015bnie","article_published_time":"2021-12-09T06:43:31+00:00","article_modified_time":"2021-12-09T08:03:11+00:00","og_image":[{"width":140,"height":166,"url":"https:\/\/pans.krosno.pl\/wp-content\/uploads\/sites\/9\/2021\/12\/zasluzony-dla-kultury-medla.png","type":"image\/png"}],"author":"Bartosz Go\u0142\u0105bek","twitter_card":"summary_large_image","twitter_misc":{"Napisane przez":"Bartosz Go\u0142\u0105bek","Szacowany czas czytania":"2 minuty"},"schema":{"@context":"https:\/\/schema.org","@graph":[{"@type":"Article","@id":"https:\/\/pans.krosno.pl\/instytut-humanistyczny\/odznaka-zasluzony-dla-kultury-polskiej-dla-profesora-krzysztofa-plesniarowicza-z-zakladu-komunikacji-miedzykulturowej\/#article","isPartOf":{"@id":"https:\/\/pans.krosno.pl\/instytut-humanistyczny\/odznaka-zasluzony-dla-kultury-polskiej-dla-profesora-krzysztofa-plesniarowicza-z-zakladu-komunikacji-miedzykulturowej\/"},"author":{"name":"Bartosz Go\u0142\u0105bek","@id":"https:\/\/pans.krosno.pl\/instytut-humanistyczny\/#\/schema\/person\/cb70195a5aeabe88d51256d821faa2d9"},"headline":"Odznaka \u201eZas\u0142u\u017cony dla Kultury Polskiej\u201d wr\u0119czona profesorowi Krzysztofowi Ple\u015bniarowiczowi z Zak\u0142adu Komunikacji Mi\u0119dzykulturowej","datePublished":"2021-12-09T06:43:31+00:00","dateModified":"2021-12-09T08:03:11+00:00","mainEntityOfPage":{"@id":"https:\/\/pans.krosno.pl\/instytut-humanistyczny\/odznaka-zasluzony-dla-kultury-polskiej-dla-profesora-krzysztofa-plesniarowicza-z-zakladu-komunikacji-miedzykulturowej\/"},"wordCount":347,"commentCount":0,"publisher":{"@id":"https:\/\/pans.krosno.pl\/instytut-humanistyczny\/#organization"},"image":{"@id":"https:\/\/pans.krosno.pl\/instytut-humanistyczny\/odznaka-zasluzony-dla-kultury-polskiej-dla-profesora-krzysztofa-plesniarowicza-z-zakladu-komunikacji-miedzykulturowej\/#primaryimage"},"thumbnailUrl":"https:\/\/pans.krosno.pl\/instytut-humanistyczny\/wp-content\/uploads\/sites\/9\/2021\/12\/zasluzony-dla-kultury-medla.png","inLanguage":"pl-PL","potentialAction":[{"@type":"CommentAction","name":"Comment","target":["https:\/\/pans.krosno.pl\/instytut-humanistyczny\/odznaka-zasluzony-dla-kultury-polskiej-dla-profesora-krzysztofa-plesniarowicza-z-zakladu-komunikacji-miedzykulturowej\/#respond"]}]},{"@type":"WebPage","@id":"https:\/\/pans.krosno.pl\/instytut-humanistyczny\/odznaka-zasluzony-dla-kultury-polskiej-dla-profesora-krzysztofa-plesniarowicza-z-zakladu-komunikacji-miedzykulturowej\/","url":"https:\/\/pans.krosno.pl\/instytut-humanistyczny\/odznaka-zasluzony-dla-kultury-polskiej-dla-profesora-krzysztofa-plesniarowicza-z-zakladu-komunikacji-miedzykulturowej\/","name":"Odznaka \u201eZas\u0142u\u017cony dla Kultury Polskiej\u201d wr\u0119czona profesorowi Krzysztofowi Ple\u015bniarowiczowi z Zak\u0142adu Komunikacji Mi\u0119dzykulturowej - Instytut Humanistyczny PANS w Kro\u015bnie","isPartOf":{"@id":"https:\/\/pans.krosno.pl\/instytut-humanistyczny\/#website"},"primaryImageOfPage":{"@id":"https:\/\/pans.krosno.pl\/instytut-humanistyczny\/odznaka-zasluzony-dla-kultury-polskiej-dla-profesora-krzysztofa-plesniarowicza-z-zakladu-komunikacji-miedzykulturowej\/#primaryimage"},"image":{"@id":"https:\/\/pans.krosno.pl\/instytut-humanistyczny\/odznaka-zasluzony-dla-kultury-polskiej-dla-profesora-krzysztofa-plesniarowicza-z-zakladu-komunikacji-miedzykulturowej\/#primaryimage"},"thumbnailUrl":"https:\/\/pans.krosno.pl\/instytut-humanistyczny\/wp-content\/uploads\/sites\/9\/2021\/12\/zasluzony-dla-kultury-medla.png","datePublished":"2021-12-09T06:43:31+00:00","dateModified":"2021-12-09T08:03:11+00:00","breadcrumb":{"@id":"https:\/\/pans.krosno.pl\/instytut-humanistyczny\/odznaka-zasluzony-dla-kultury-polskiej-dla-profesora-krzysztofa-plesniarowicza-z-zakladu-komunikacji-miedzykulturowej\/#breadcrumb"},"inLanguage":"pl-PL","potentialAction":[{"@type":"ReadAction","target":["https:\/\/pans.krosno.pl\/instytut-humanistyczny\/odznaka-zasluzony-dla-kultury-polskiej-dla-profesora-krzysztofa-plesniarowicza-z-zakladu-komunikacji-miedzykulturowej\/"]}]},{"@type":"ImageObject","inLanguage":"pl-PL","@id":"https:\/\/pans.krosno.pl\/instytut-humanistyczny\/odznaka-zasluzony-dla-kultury-polskiej-dla-profesora-krzysztofa-plesniarowicza-z-zakladu-komunikacji-miedzykulturowej\/#primaryimage","url":"https:\/\/pans.krosno.pl\/instytut-humanistyczny\/wp-content\/uploads\/sites\/9\/2021\/12\/zasluzony-dla-kultury-medla.png","contentUrl":"https:\/\/pans.krosno.pl\/instytut-humanistyczny\/wp-content\/uploads\/sites\/9\/2021\/12\/zasluzony-dla-kultury-medla.png","width":140,"height":166},{"@type":"BreadcrumbList","@id":"https:\/\/pans.krosno.pl\/instytut-humanistyczny\/odznaka-zasluzony-dla-kultury-polskiej-dla-profesora-krzysztofa-plesniarowicza-z-zakladu-komunikacji-miedzykulturowej\/#breadcrumb","itemListElement":[{"@type":"ListItem","position":1,"name":"Strona g\u0142\u00f3wna","item":"https:\/\/pans.krosno.pl\/instytut-humanistyczny\/"},{"@type":"ListItem","position":2,"name":"Odznaka \u201eZas\u0142u\u017cony dla Kultury Polskiej\u201d wr\u0119czona profesorowi Krzysztofowi Ple\u015bniarowiczowi z Zak\u0142adu Komunikacji Mi\u0119dzykulturowej"}]},{"@type":"WebSite","@id":"https:\/\/pans.krosno.pl\/instytut-humanistyczny\/#website","url":"https:\/\/pans.krosno.pl\/instytut-humanistyczny\/","name":"Instytut Humanistyczny PANS w Kro\u015bnie","description":"Instytut Humanistyczny - Pa\u0144stwowa Akademia Nauk Stosowanych","publisher":{"@id":"https:\/\/pans.krosno.pl\/instytut-humanistyczny\/#organization"},"potentialAction":[{"@type":"SearchAction","target":{"@type":"EntryPoint","urlTemplate":"https:\/\/pans.krosno.pl\/instytut-humanistyczny\/?s={search_term_string}"},"query-input":{"@type":"PropertyValueSpecification","valueRequired":true,"valueName":"search_term_string"}}],"inLanguage":"pl-PL"},{"@type":"Organization","@id":"https:\/\/pans.krosno.pl\/instytut-humanistyczny\/#organization","name":"Instytut Humanistyczny PANS w Kro\u015bnie","url":"https:\/\/pans.krosno.pl\/instytut-humanistyczny\/","logo":{"@type":"ImageObject","inLanguage":"pl-PL","@id":"https:\/\/pans.krosno.pl\/instytut-humanistyczny\/#\/schema\/logo\/image\/","url":"https:\/\/pans.krosno.pl\/instytut-humanistyczny\/wp-content\/uploads\/sites\/9\/2023\/01\/Logo-PANS-2022-pelne.png","contentUrl":"https:\/\/pans.krosno.pl\/instytut-humanistyczny\/wp-content\/uploads\/sites\/9\/2023\/01\/Logo-PANS-2022-pelne.png","width":3096,"height":696,"caption":"Instytut Humanistyczny PANS w Kro\u015bnie"},"image":{"@id":"https:\/\/pans.krosno.pl\/instytut-humanistyczny\/#\/schema\/logo\/image\/"}},{"@type":"Person","@id":"https:\/\/pans.krosno.pl\/instytut-humanistyczny\/#\/schema\/person\/cb70195a5aeabe88d51256d821faa2d9","name":"Bartosz Go\u0142\u0105bek","image":{"@type":"ImageObject","inLanguage":"pl-PL","@id":"https:\/\/secure.gravatar.com\/avatar\/ad10819676385baed8ebd4d7be0d4ba77dd5fdc0f4779d414dea3126fd3aec33?s=96&d=mm&r=g","url":"https:\/\/secure.gravatar.com\/avatar\/ad10819676385baed8ebd4d7be0d4ba77dd5fdc0f4779d414dea3126fd3aec33?s=96&d=mm&r=g","contentUrl":"https:\/\/secure.gravatar.com\/avatar\/ad10819676385baed8ebd4d7be0d4ba77dd5fdc0f4779d414dea3126fd3aec33?s=96&d=mm&r=g","caption":"Bartosz Go\u0142\u0105bek"},"description":"dr Bartosz Go\u0142\u0105bek Dyrektor Instytutu Humanistycznego Karpacka Pa\u0144stwowa Uczelnia w Kro\u015bnie (dawniej PWSZ)","url":"https:\/\/pans.krosno.pl\/instytut-humanistyczny\/author\/bartoszgolabek\/"}]}},"_links":{"self":[{"href":"https:\/\/pans.krosno.pl\/instytut-humanistyczny\/wp-json\/wp\/v2\/posts\/1197","targetHints":{"allow":["GET"]}}],"collection":[{"href":"https:\/\/pans.krosno.pl\/instytut-humanistyczny\/wp-json\/wp\/v2\/posts"}],"about":[{"href":"https:\/\/pans.krosno.pl\/instytut-humanistyczny\/wp-json\/wp\/v2\/types\/post"}],"author":[{"embeddable":true,"href":"https:\/\/pans.krosno.pl\/instytut-humanistyczny\/wp-json\/wp\/v2\/users\/57"}],"replies":[{"embeddable":true,"href":"https:\/\/pans.krosno.pl\/instytut-humanistyczny\/wp-json\/wp\/v2\/comments?post=1197"}],"version-history":[{"count":8,"href":"https:\/\/pans.krosno.pl\/instytut-humanistyczny\/wp-json\/wp\/v2\/posts\/1197\/revisions"}],"predecessor-version":[{"id":1209,"href":"https:\/\/pans.krosno.pl\/instytut-humanistyczny\/wp-json\/wp\/v2\/posts\/1197\/revisions\/1209"}],"wp:featuredmedia":[{"embeddable":true,"href":"https:\/\/pans.krosno.pl\/instytut-humanistyczny\/wp-json\/wp\/v2\/media\/1200"}],"wp:attachment":[{"href":"https:\/\/pans.krosno.pl\/instytut-humanistyczny\/wp-json\/wp\/v2\/media?parent=1197"}],"wp:term":[{"taxonomy":"category","embeddable":true,"href":"https:\/\/pans.krosno.pl\/instytut-humanistyczny\/wp-json\/wp\/v2\/categories?post=1197"},{"taxonomy":"post_tag","embeddable":true,"href":"https:\/\/pans.krosno.pl\/instytut-humanistyczny\/wp-json\/wp\/v2\/tags?post=1197"}],"curies":[{"name":"wp","href":"https:\/\/api.w.org\/{rel}","templated":true}]}}