{"id":1143,"date":"2021-10-26T10:00:46","date_gmt":"2021-10-26T08:00:46","guid":{"rendered":"https:\/\/pans.krosno.pl\/instytut-humanistyczny\/?p=1143"},"modified":"2021-10-26T10:05:04","modified_gmt":"2021-10-26T08:05:04","slug":"dobosz-stefan-zeromski-na-drogach-niepodleglosci-nakladem-ipn-ukazala-sie-monografia-wojciecha-gruchaly","status":"publish","type":"post","link":"https:\/\/pans.krosno.pl\/instytut-humanistyczny\/dobosz-stefan-zeromski-na-drogach-niepodleglosci-nakladem-ipn-ukazala-sie-monografia-wojciecha-gruchaly\/","title":{"rendered":"&#8222;Dobosz. Stefan \u017beromski na drogach niepodleg\u0142o\u015bci&#8221; &#8211; nak\u0142adem IPN ukaza\u0142a si\u0119 monografia Wojciecha Grucha\u0142y"},"content":{"rendered":"\n<p>W pa\u017adzierniku ukaza\u0142a si\u0119 ksi\u0105\u017cka wyk\u0142adowcy Karpackiej Pa\u0144stwowej Szko\u0142y w Kro\u015bnie doktora Wojciecha Grucha\u0142y. <\/p>\n\n\n\n<p><strong><em>Dobosz. Stefan \u017beromski na drogach niepodleg\u0142o\u015bci<\/em><\/strong> to szkic po\u015bwi\u0119cony \u017cyciu i tw\u00f3rczo\u015bci autora Popio\u0142\u00f3w w odradzaj\u0105cej si\u0119 Polsce. Pisarz zmar\u0142 w 1925 roku, mowa wi\u0119c o okresie kr\u00f3tkim, a zarazem okresie zasadniczych zmian w \u017cyciu prywatnym, czasie zaanga\u017cowania w tworzenie pa\u0144stwa i rozczarowania \u017cyciem politycznym, a zarazem czasie niezwykle intensywnej dzia\u0142alno\u015bci pisarskiej.&nbsp; Rozterki prze\u017cywane w tamtym momencie dziejowym dobrze oddaj\u0105 s\u0142owa, kt\u00f3re \u017beromski zapisa\u0142 w <em>Nokturnie<\/em>:<\/p>\n\n\n\n<p>By\u0142em zawsze jak dobosz, kt\u00f3ry biegnie bez tchu obok spracowanego szeregu, znany takt wybijaj\u0105c pa\u0142eczk\u0105. Ale oto westchn\u0105\u0142em, \u017ce ju\u017c wyjd\u0119 spomi\u0119dzy nich i zostan\u0119 nareszcie z tym jednym jedynym, co jest moje w\u0142asne, co jest tylko moje, co jest samym mn\u0105. Westchn\u0105\u0142em, \u017ce zawr\u0119 teraz w ramionach me ukochane pi\u0119kno i zostan\u0119 z nim tylko w mroku nocy.<\/p>\n\n\n\n<p>Intensywnie zaanga\u017cowany w sfer\u0119 publiczn\u0105 pisarz mierzy\u0142 si\u0119 z powo\u0142aniem do s\u0142u\u017cby pi\u0119knu \u2013 owocem tych zmaga\u0144 jest <em>Przedwio\u015bnie<\/em>.<\/p>\n\n\n\n<div class=\"wp-block-image\"><figure class=\"aligncenter size-large is-resized\"><img loading=\"lazy\" decoding=\"async\" src=\"https:\/\/pans.krosno.pl\/instytut-humanistyczny\/wp-content\/uploads\/sites\/9\/2021\/10\/Dobosz-714x1024.jpg\" alt=\"\" class=\"wp-image-1145\" width=\"251\" height=\"360\" srcset=\"https:\/\/pans.krosno.pl\/instytut-humanistyczny\/wp-content\/uploads\/sites\/9\/2021\/10\/Dobosz-714x1024.jpg 714w, https:\/\/pans.krosno.pl\/instytut-humanistyczny\/wp-content\/uploads\/sites\/9\/2021\/10\/Dobosz-209x300.jpg 209w, https:\/\/pans.krosno.pl\/instytut-humanistyczny\/wp-content\/uploads\/sites\/9\/2021\/10\/Dobosz-768x1102.jpg 768w, https:\/\/pans.krosno.pl\/instytut-humanistyczny\/wp-content\/uploads\/sites\/9\/2021\/10\/Dobosz-800x1148.jpg 800w, https:\/\/pans.krosno.pl\/instytut-humanistyczny\/wp-content\/uploads\/sites\/9\/2021\/10\/Dobosz-580x832.jpg 580w, https:\/\/pans.krosno.pl\/instytut-humanistyczny\/wp-content\/uploads\/sites\/9\/2021\/10\/Dobosz.jpg 977w\" sizes=\"auto, (max-width: 251px) 100vw, 251px\" \/><\/figure><\/div>\n\n\n\n<p>Praca Wojciecha Grucha\u0142y stanowi pr\u00f3b\u0119 nowego odczytania tej nieco przedwcze\u015bnie zabalsamowanej powie\u015bci. Relacjonuj\u0105c naj\u015bwie\u017csze ustalenia polonistyki akademickiej autor wskazuje na sensy powie\u015bci zapoznane w szkolnej interpretacji, a wi\u0119c zwi\u0105zek powie\u015bci z biografi\u0105 tw\u00f3rcy, z doznaniem zbli\u017caj\u0105cej si\u0119 \u015bmierci, z potworno\u015bci\u0105 ludob\u00f3jstwa, z pokus\u0105 ideologii.<\/p>\n\n\n\n<p>Publikacj\u0119 wyda\u0142o Wydawnictwo Instytutu Pami\u0119ci Narodowej wraz z Fundacj\u0105 Rozwoju Systemu Edukacji pod honorowym patronatem Prezydenta Rzeczypospolitej Polskiej Andrzeja Dudy w serii &#8222;Literatura i Pami\u0119\u0107&#8221;.<\/p>\n\n\n\n<p>Zach\u0119camy do lektury.<\/p>\n\n\n\n<p>Strona wydawnictwa: <a href=\"https:\/\/ipn.gov.pl\/pl\/publikacje\/ksiazki\/148811,Dobosz-Stefan-Zeromski-na-drogach-niepodleglosci.html\">https:\/\/ipn.gov.pl\/pl\/publikacje\/ksiazki\/148811,Dobosz-Stefan-Zeromski-na-drogach-niepodleglosci.html<\/a><\/p>\n","protected":false},"excerpt":{"rendered":"<p>W pa\u017adzierniku ukaza\u0142a si\u0119 ksi\u0105\u017cka wyk\u0142adowcy Karpackiej Pa\u0144stwowej Szko\u0142y w Kro\u015bnie doktora Wojciecha Grucha\u0142y. Dobosz. Stefan \u017beromski na drogach niepodleg\u0142o\u015bci to szkic po\u015bwi\u0119cony \u017cyciu i tw\u00f3rczo\u015bci autora Popio\u0142\u00f3w w odradzaj\u0105cej si\u0119 Polsce. Pisarz zmar\u0142 w 1925 roku, mowa wi\u0119c o okresie kr\u00f3tkim, a zarazem okresie zasadniczych zmian w \u017cyciu prywatnym, [\u2026] <\/p>\n<div class=\"clear\"><\/div>\n<p><a class=\"more_link clearfix\" href=\"https:\/\/pans.krosno.pl\/instytut-humanistyczny\/dobosz-stefan-zeromski-na-drogach-niepodleglosci-nakladem-ipn-ukazala-sie-monografia-wojciecha-gruchaly\/\" rel=\"nofollow\">Read More<\/a><\/p>\n","protected":false},"author":57,"featured_media":1145,"comment_status":"open","ping_status":"open","sticky":false,"template":"","format":"standard","meta":{"ngg_post_thumbnail":0,"footnotes":""},"categories":[1],"tags":[],"class_list":["post-1143","post","type-post","status-publish","format-standard","has-post-thumbnail","hentry","category-bez-kategorii"],"yoast_head":"<!-- This site is optimized with the Yoast SEO Premium plugin v27.4 (Yoast SEO v27.4) - https:\/\/yoast.com\/product\/yoast-seo-premium-wordpress\/ -->\n<title>&quot;Dobosz. Stefan \u017beromski na drogach niepodleg\u0142o\u015bci&quot; - nak\u0142adem IPN ukaza\u0142a si\u0119 monografia Wojciecha Grucha\u0142y - Instytut Humanistyczny PANS w Kro\u015bnie<\/title>\n<meta name=\"robots\" content=\"index, follow, max-snippet:-1, max-image-preview:large, max-video-preview:-1\" \/>\n<link rel=\"canonical\" href=\"https:\/\/pans.krosno.pl\/instytut-humanistyczny\/dobosz-stefan-zeromski-na-drogach-niepodleglosci-nakladem-ipn-ukazala-sie-monografia-wojciecha-gruchaly\/\" \/>\n<meta property=\"og:locale\" content=\"pl_PL\" \/>\n<meta property=\"og:type\" content=\"article\" \/>\n<meta property=\"og:title\" content=\"&quot;Dobosz. Stefan \u017beromski na drogach niepodleg\u0142o\u015bci&quot; - nak\u0142adem IPN ukaza\u0142a si\u0119 monografia Wojciecha Grucha\u0142y\" \/>\n<meta property=\"og:description\" content=\"W pa\u017adzierniku ukaza\u0142a si\u0119 ksi\u0105\u017cka wyk\u0142adowcy Karpackiej Pa\u0144stwowej Szko\u0142y w Kro\u015bnie doktora Wojciecha Grucha\u0142y. Dobosz. Stefan \u017beromski na drogach niepodleg\u0142o\u015bci to szkic po\u015bwi\u0119cony \u017cyciu i tw\u00f3rczo\u015bci autora Popio\u0142\u00f3w w odradzaj\u0105cej si\u0119 Polsce. Pisarz zmar\u0142 w 1925 roku, mowa wi\u0119c o okresie kr\u00f3tkim, a zarazem okresie zasadniczych zmian w \u017cyciu prywatnym, [\u2026] Read More\" \/>\n<meta property=\"og:url\" content=\"https:\/\/pans.krosno.pl\/instytut-humanistyczny\/dobosz-stefan-zeromski-na-drogach-niepodleglosci-nakladem-ipn-ukazala-sie-monografia-wojciecha-gruchaly\/\" \/>\n<meta property=\"og:site_name\" content=\"Instytut Humanistyczny PANS w Kro\u015bnie\" \/>\n<meta property=\"article:published_time\" content=\"2021-10-26T08:00:46+00:00\" \/>\n<meta property=\"article:modified_time\" content=\"2021-10-26T08:05:04+00:00\" \/>\n<meta property=\"og:image\" content=\"https:\/\/pans.krosno.pl\/wp-content\/uploads\/sites\/9\/2021\/10\/Dobosz.jpg\" \/>\n\t<meta property=\"og:image:width\" content=\"977\" \/>\n\t<meta property=\"og:image:height\" content=\"1402\" \/>\n\t<meta property=\"og:image:type\" content=\"image\/jpeg\" \/>\n<meta name=\"author\" content=\"Bartosz Go\u0142\u0105bek\" \/>\n<meta name=\"twitter:card\" content=\"summary_large_image\" \/>\n<meta name=\"twitter:label1\" content=\"Napisane przez\" \/>\n\t<meta name=\"twitter:data1\" content=\"Bartosz Go\u0142\u0105bek\" \/>\n\t<meta name=\"twitter:label2\" content=\"Szacowany czas czytania\" \/>\n\t<meta name=\"twitter:data2\" content=\"2 minuty\" \/>\n<script type=\"application\/ld+json\" class=\"yoast-schema-graph\">{\"@context\":\"https:\\\/\\\/schema.org\",\"@graph\":[{\"@type\":\"Article\",\"@id\":\"https:\\\/\\\/pans.krosno.pl\\\/instytut-humanistyczny\\\/dobosz-stefan-zeromski-na-drogach-niepodleglosci-nakladem-ipn-ukazala-sie-monografia-wojciecha-gruchaly\\\/#article\",\"isPartOf\":{\"@id\":\"https:\\\/\\\/pans.krosno.pl\\\/instytut-humanistyczny\\\/dobosz-stefan-zeromski-na-drogach-niepodleglosci-nakladem-ipn-ukazala-sie-monografia-wojciecha-gruchaly\\\/\"},\"author\":{\"name\":\"Bartosz Go\u0142\u0105bek\",\"@id\":\"https:\\\/\\\/pans.krosno.pl\\\/instytut-humanistyczny\\\/#\\\/schema\\\/person\\\/cb70195a5aeabe88d51256d821faa2d9\"},\"headline\":\"&#8222;Dobosz. Stefan \u017beromski na drogach niepodleg\u0142o\u015bci&#8221; &#8211; nak\u0142adem IPN ukaza\u0142a si\u0119 monografia Wojciecha Grucha\u0142y\",\"datePublished\":\"2021-10-26T08:00:46+00:00\",\"dateModified\":\"2021-10-26T08:05:04+00:00\",\"mainEntityOfPage\":{\"@id\":\"https:\\\/\\\/pans.krosno.pl\\\/instytut-humanistyczny\\\/dobosz-stefan-zeromski-na-drogach-niepodleglosci-nakladem-ipn-ukazala-sie-monografia-wojciecha-gruchaly\\\/\"},\"wordCount\":318,\"commentCount\":0,\"publisher\":{\"@id\":\"https:\\\/\\\/pans.krosno.pl\\\/instytut-humanistyczny\\\/#organization\"},\"image\":{\"@id\":\"https:\\\/\\\/pans.krosno.pl\\\/instytut-humanistyczny\\\/dobosz-stefan-zeromski-na-drogach-niepodleglosci-nakladem-ipn-ukazala-sie-monografia-wojciecha-gruchaly\\\/#primaryimage\"},\"thumbnailUrl\":\"https:\\\/\\\/pans.krosno.pl\\\/instytut-humanistyczny\\\/wp-content\\\/uploads\\\/sites\\\/9\\\/2021\\\/10\\\/Dobosz.jpg\",\"inLanguage\":\"pl-PL\",\"potentialAction\":[{\"@type\":\"CommentAction\",\"name\":\"Comment\",\"target\":[\"https:\\\/\\\/pans.krosno.pl\\\/instytut-humanistyczny\\\/dobosz-stefan-zeromski-na-drogach-niepodleglosci-nakladem-ipn-ukazala-sie-monografia-wojciecha-gruchaly\\\/#respond\"]}]},{\"@type\":\"WebPage\",\"@id\":\"https:\\\/\\\/pans.krosno.pl\\\/instytut-humanistyczny\\\/dobosz-stefan-zeromski-na-drogach-niepodleglosci-nakladem-ipn-ukazala-sie-monografia-wojciecha-gruchaly\\\/\",\"url\":\"https:\\\/\\\/pans.krosno.pl\\\/instytut-humanistyczny\\\/dobosz-stefan-zeromski-na-drogach-niepodleglosci-nakladem-ipn-ukazala-sie-monografia-wojciecha-gruchaly\\\/\",\"name\":\"\\\"Dobosz. Stefan \u017beromski na drogach niepodleg\u0142o\u015bci\\\" - nak\u0142adem IPN ukaza\u0142a si\u0119 monografia Wojciecha Grucha\u0142y - Instytut Humanistyczny PANS w Kro\u015bnie\",\"isPartOf\":{\"@id\":\"https:\\\/\\\/pans.krosno.pl\\\/instytut-humanistyczny\\\/#website\"},\"primaryImageOfPage\":{\"@id\":\"https:\\\/\\\/pans.krosno.pl\\\/instytut-humanistyczny\\\/dobosz-stefan-zeromski-na-drogach-niepodleglosci-nakladem-ipn-ukazala-sie-monografia-wojciecha-gruchaly\\\/#primaryimage\"},\"image\":{\"@id\":\"https:\\\/\\\/pans.krosno.pl\\\/instytut-humanistyczny\\\/dobosz-stefan-zeromski-na-drogach-niepodleglosci-nakladem-ipn-ukazala-sie-monografia-wojciecha-gruchaly\\\/#primaryimage\"},\"thumbnailUrl\":\"https:\\\/\\\/pans.krosno.pl\\\/instytut-humanistyczny\\\/wp-content\\\/uploads\\\/sites\\\/9\\\/2021\\\/10\\\/Dobosz.jpg\",\"datePublished\":\"2021-10-26T08:00:46+00:00\",\"dateModified\":\"2021-10-26T08:05:04+00:00\",\"breadcrumb\":{\"@id\":\"https:\\\/\\\/pans.krosno.pl\\\/instytut-humanistyczny\\\/dobosz-stefan-zeromski-na-drogach-niepodleglosci-nakladem-ipn-ukazala-sie-monografia-wojciecha-gruchaly\\\/#breadcrumb\"},\"inLanguage\":\"pl-PL\",\"potentialAction\":[{\"@type\":\"ReadAction\",\"target\":[\"https:\\\/\\\/pans.krosno.pl\\\/instytut-humanistyczny\\\/dobosz-stefan-zeromski-na-drogach-niepodleglosci-nakladem-ipn-ukazala-sie-monografia-wojciecha-gruchaly\\\/\"]}]},{\"@type\":\"ImageObject\",\"inLanguage\":\"pl-PL\",\"@id\":\"https:\\\/\\\/pans.krosno.pl\\\/instytut-humanistyczny\\\/dobosz-stefan-zeromski-na-drogach-niepodleglosci-nakladem-ipn-ukazala-sie-monografia-wojciecha-gruchaly\\\/#primaryimage\",\"url\":\"https:\\\/\\\/pans.krosno.pl\\\/instytut-humanistyczny\\\/wp-content\\\/uploads\\\/sites\\\/9\\\/2021\\\/10\\\/Dobosz.jpg\",\"contentUrl\":\"https:\\\/\\\/pans.krosno.pl\\\/instytut-humanistyczny\\\/wp-content\\\/uploads\\\/sites\\\/9\\\/2021\\\/10\\\/Dobosz.jpg\",\"width\":977,\"height\":1402},{\"@type\":\"BreadcrumbList\",\"@id\":\"https:\\\/\\\/pans.krosno.pl\\\/instytut-humanistyczny\\\/dobosz-stefan-zeromski-na-drogach-niepodleglosci-nakladem-ipn-ukazala-sie-monografia-wojciecha-gruchaly\\\/#breadcrumb\",\"itemListElement\":[{\"@type\":\"ListItem\",\"position\":1,\"name\":\"Strona g\u0142\u00f3wna\",\"item\":\"https:\\\/\\\/pans.krosno.pl\\\/instytut-humanistyczny\\\/\"},{\"@type\":\"ListItem\",\"position\":2,\"name\":\"&#8222;Dobosz. Stefan \u017beromski na drogach niepodleg\u0142o\u015bci&#8221; &#8211; nak\u0142adem IPN ukaza\u0142a si\u0119 monografia Wojciecha Grucha\u0142y\"}]},{\"@type\":\"WebSite\",\"@id\":\"https:\\\/\\\/pans.krosno.pl\\\/instytut-humanistyczny\\\/#website\",\"url\":\"https:\\\/\\\/pans.krosno.pl\\\/instytut-humanistyczny\\\/\",\"name\":\"Instytut Humanistyczny PANS w Kro\u015bnie\",\"description\":\"Instytut Humanistyczny - Pa\u0144stwowa Akademia Nauk Stosowanych\",\"publisher\":{\"@id\":\"https:\\\/\\\/pans.krosno.pl\\\/instytut-humanistyczny\\\/#organization\"},\"potentialAction\":[{\"@type\":\"SearchAction\",\"target\":{\"@type\":\"EntryPoint\",\"urlTemplate\":\"https:\\\/\\\/pans.krosno.pl\\\/instytut-humanistyczny\\\/?s={search_term_string}\"},\"query-input\":{\"@type\":\"PropertyValueSpecification\",\"valueRequired\":true,\"valueName\":\"search_term_string\"}}],\"inLanguage\":\"pl-PL\"},{\"@type\":\"Organization\",\"@id\":\"https:\\\/\\\/pans.krosno.pl\\\/instytut-humanistyczny\\\/#organization\",\"name\":\"Instytut Humanistyczny PANS w Kro\u015bnie\",\"url\":\"https:\\\/\\\/pans.krosno.pl\\\/instytut-humanistyczny\\\/\",\"logo\":{\"@type\":\"ImageObject\",\"inLanguage\":\"pl-PL\",\"@id\":\"https:\\\/\\\/pans.krosno.pl\\\/instytut-humanistyczny\\\/#\\\/schema\\\/logo\\\/image\\\/\",\"url\":\"https:\\\/\\\/pans.krosno.pl\\\/instytut-humanistyczny\\\/wp-content\\\/uploads\\\/sites\\\/9\\\/2023\\\/01\\\/Logo-PANS-2022-pelne.png\",\"contentUrl\":\"https:\\\/\\\/pans.krosno.pl\\\/instytut-humanistyczny\\\/wp-content\\\/uploads\\\/sites\\\/9\\\/2023\\\/01\\\/Logo-PANS-2022-pelne.png\",\"width\":3096,\"height\":696,\"caption\":\"Instytut Humanistyczny PANS w Kro\u015bnie\"},\"image\":{\"@id\":\"https:\\\/\\\/pans.krosno.pl\\\/instytut-humanistyczny\\\/#\\\/schema\\\/logo\\\/image\\\/\"}},{\"@type\":\"Person\",\"@id\":\"https:\\\/\\\/pans.krosno.pl\\\/instytut-humanistyczny\\\/#\\\/schema\\\/person\\\/cb70195a5aeabe88d51256d821faa2d9\",\"name\":\"Bartosz Go\u0142\u0105bek\",\"image\":{\"@type\":\"ImageObject\",\"inLanguage\":\"pl-PL\",\"@id\":\"https:\\\/\\\/secure.gravatar.com\\\/avatar\\\/ad10819676385baed8ebd4d7be0d4ba77dd5fdc0f4779d414dea3126fd3aec33?s=96&d=mm&r=g\",\"url\":\"https:\\\/\\\/secure.gravatar.com\\\/avatar\\\/ad10819676385baed8ebd4d7be0d4ba77dd5fdc0f4779d414dea3126fd3aec33?s=96&d=mm&r=g\",\"contentUrl\":\"https:\\\/\\\/secure.gravatar.com\\\/avatar\\\/ad10819676385baed8ebd4d7be0d4ba77dd5fdc0f4779d414dea3126fd3aec33?s=96&d=mm&r=g\",\"caption\":\"Bartosz Go\u0142\u0105bek\"},\"description\":\"dr Bartosz Go\u0142\u0105bek Dyrektor Instytutu Humanistycznego Karpacka Pa\u0144stwowa Uczelnia w Kro\u015bnie (dawniej PWSZ)\",\"url\":\"https:\\\/\\\/pans.krosno.pl\\\/instytut-humanistyczny\\\/author\\\/bartoszgolabek\\\/\"}]}<\/script>\n<!-- \/ Yoast SEO Premium plugin. -->","yoast_head_json":{"title":"\"Dobosz. Stefan \u017beromski na drogach niepodleg\u0142o\u015bci\" - nak\u0142adem IPN ukaza\u0142a si\u0119 monografia Wojciecha Grucha\u0142y - Instytut Humanistyczny PANS w Kro\u015bnie","robots":{"index":"index","follow":"follow","max-snippet":"max-snippet:-1","max-image-preview":"max-image-preview:large","max-video-preview":"max-video-preview:-1"},"canonical":"https:\/\/pans.krosno.pl\/instytut-humanistyczny\/dobosz-stefan-zeromski-na-drogach-niepodleglosci-nakladem-ipn-ukazala-sie-monografia-wojciecha-gruchaly\/","og_locale":"pl_PL","og_type":"article","og_title":"\"Dobosz. Stefan \u017beromski na drogach niepodleg\u0142o\u015bci\" - nak\u0142adem IPN ukaza\u0142a si\u0119 monografia Wojciecha Grucha\u0142y","og_description":"W pa\u017adzierniku ukaza\u0142a si\u0119 ksi\u0105\u017cka wyk\u0142adowcy Karpackiej Pa\u0144stwowej Szko\u0142y w Kro\u015bnie doktora Wojciecha Grucha\u0142y. Dobosz. Stefan \u017beromski na drogach niepodleg\u0142o\u015bci to szkic po\u015bwi\u0119cony \u017cyciu i tw\u00f3rczo\u015bci autora Popio\u0142\u00f3w w odradzaj\u0105cej si\u0119 Polsce. Pisarz zmar\u0142 w 1925 roku, mowa wi\u0119c o okresie kr\u00f3tkim, a zarazem okresie zasadniczych zmian w \u017cyciu prywatnym, [\u2026] Read More","og_url":"https:\/\/pans.krosno.pl\/instytut-humanistyczny\/dobosz-stefan-zeromski-na-drogach-niepodleglosci-nakladem-ipn-ukazala-sie-monografia-wojciecha-gruchaly\/","og_site_name":"Instytut Humanistyczny PANS w Kro\u015bnie","article_published_time":"2021-10-26T08:00:46+00:00","article_modified_time":"2021-10-26T08:05:04+00:00","og_image":[{"width":977,"height":1402,"url":"https:\/\/pans.krosno.pl\/wp-content\/uploads\/sites\/9\/2021\/10\/Dobosz.jpg","type":"image\/jpeg"}],"author":"Bartosz Go\u0142\u0105bek","twitter_card":"summary_large_image","twitter_misc":{"Napisane przez":"Bartosz Go\u0142\u0105bek","Szacowany czas czytania":"2 minuty"},"schema":{"@context":"https:\/\/schema.org","@graph":[{"@type":"Article","@id":"https:\/\/pans.krosno.pl\/instytut-humanistyczny\/dobosz-stefan-zeromski-na-drogach-niepodleglosci-nakladem-ipn-ukazala-sie-monografia-wojciecha-gruchaly\/#article","isPartOf":{"@id":"https:\/\/pans.krosno.pl\/instytut-humanistyczny\/dobosz-stefan-zeromski-na-drogach-niepodleglosci-nakladem-ipn-ukazala-sie-monografia-wojciecha-gruchaly\/"},"author":{"name":"Bartosz Go\u0142\u0105bek","@id":"https:\/\/pans.krosno.pl\/instytut-humanistyczny\/#\/schema\/person\/cb70195a5aeabe88d51256d821faa2d9"},"headline":"&#8222;Dobosz. Stefan \u017beromski na drogach niepodleg\u0142o\u015bci&#8221; &#8211; nak\u0142adem IPN ukaza\u0142a si\u0119 monografia Wojciecha Grucha\u0142y","datePublished":"2021-10-26T08:00:46+00:00","dateModified":"2021-10-26T08:05:04+00:00","mainEntityOfPage":{"@id":"https:\/\/pans.krosno.pl\/instytut-humanistyczny\/dobosz-stefan-zeromski-na-drogach-niepodleglosci-nakladem-ipn-ukazala-sie-monografia-wojciecha-gruchaly\/"},"wordCount":318,"commentCount":0,"publisher":{"@id":"https:\/\/pans.krosno.pl\/instytut-humanistyczny\/#organization"},"image":{"@id":"https:\/\/pans.krosno.pl\/instytut-humanistyczny\/dobosz-stefan-zeromski-na-drogach-niepodleglosci-nakladem-ipn-ukazala-sie-monografia-wojciecha-gruchaly\/#primaryimage"},"thumbnailUrl":"https:\/\/pans.krosno.pl\/instytut-humanistyczny\/wp-content\/uploads\/sites\/9\/2021\/10\/Dobosz.jpg","inLanguage":"pl-PL","potentialAction":[{"@type":"CommentAction","name":"Comment","target":["https:\/\/pans.krosno.pl\/instytut-humanistyczny\/dobosz-stefan-zeromski-na-drogach-niepodleglosci-nakladem-ipn-ukazala-sie-monografia-wojciecha-gruchaly\/#respond"]}]},{"@type":"WebPage","@id":"https:\/\/pans.krosno.pl\/instytut-humanistyczny\/dobosz-stefan-zeromski-na-drogach-niepodleglosci-nakladem-ipn-ukazala-sie-monografia-wojciecha-gruchaly\/","url":"https:\/\/pans.krosno.pl\/instytut-humanistyczny\/dobosz-stefan-zeromski-na-drogach-niepodleglosci-nakladem-ipn-ukazala-sie-monografia-wojciecha-gruchaly\/","name":"\"Dobosz. Stefan \u017beromski na drogach niepodleg\u0142o\u015bci\" - nak\u0142adem IPN ukaza\u0142a si\u0119 monografia Wojciecha Grucha\u0142y - Instytut Humanistyczny PANS w Kro\u015bnie","isPartOf":{"@id":"https:\/\/pans.krosno.pl\/instytut-humanistyczny\/#website"},"primaryImageOfPage":{"@id":"https:\/\/pans.krosno.pl\/instytut-humanistyczny\/dobosz-stefan-zeromski-na-drogach-niepodleglosci-nakladem-ipn-ukazala-sie-monografia-wojciecha-gruchaly\/#primaryimage"},"image":{"@id":"https:\/\/pans.krosno.pl\/instytut-humanistyczny\/dobosz-stefan-zeromski-na-drogach-niepodleglosci-nakladem-ipn-ukazala-sie-monografia-wojciecha-gruchaly\/#primaryimage"},"thumbnailUrl":"https:\/\/pans.krosno.pl\/instytut-humanistyczny\/wp-content\/uploads\/sites\/9\/2021\/10\/Dobosz.jpg","datePublished":"2021-10-26T08:00:46+00:00","dateModified":"2021-10-26T08:05:04+00:00","breadcrumb":{"@id":"https:\/\/pans.krosno.pl\/instytut-humanistyczny\/dobosz-stefan-zeromski-na-drogach-niepodleglosci-nakladem-ipn-ukazala-sie-monografia-wojciecha-gruchaly\/#breadcrumb"},"inLanguage":"pl-PL","potentialAction":[{"@type":"ReadAction","target":["https:\/\/pans.krosno.pl\/instytut-humanistyczny\/dobosz-stefan-zeromski-na-drogach-niepodleglosci-nakladem-ipn-ukazala-sie-monografia-wojciecha-gruchaly\/"]}]},{"@type":"ImageObject","inLanguage":"pl-PL","@id":"https:\/\/pans.krosno.pl\/instytut-humanistyczny\/dobosz-stefan-zeromski-na-drogach-niepodleglosci-nakladem-ipn-ukazala-sie-monografia-wojciecha-gruchaly\/#primaryimage","url":"https:\/\/pans.krosno.pl\/instytut-humanistyczny\/wp-content\/uploads\/sites\/9\/2021\/10\/Dobosz.jpg","contentUrl":"https:\/\/pans.krosno.pl\/instytut-humanistyczny\/wp-content\/uploads\/sites\/9\/2021\/10\/Dobosz.jpg","width":977,"height":1402},{"@type":"BreadcrumbList","@id":"https:\/\/pans.krosno.pl\/instytut-humanistyczny\/dobosz-stefan-zeromski-na-drogach-niepodleglosci-nakladem-ipn-ukazala-sie-monografia-wojciecha-gruchaly\/#breadcrumb","itemListElement":[{"@type":"ListItem","position":1,"name":"Strona g\u0142\u00f3wna","item":"https:\/\/pans.krosno.pl\/instytut-humanistyczny\/"},{"@type":"ListItem","position":2,"name":"&#8222;Dobosz. Stefan \u017beromski na drogach niepodleg\u0142o\u015bci&#8221; &#8211; nak\u0142adem IPN ukaza\u0142a si\u0119 monografia Wojciecha Grucha\u0142y"}]},{"@type":"WebSite","@id":"https:\/\/pans.krosno.pl\/instytut-humanistyczny\/#website","url":"https:\/\/pans.krosno.pl\/instytut-humanistyczny\/","name":"Instytut Humanistyczny PANS w Kro\u015bnie","description":"Instytut Humanistyczny - Pa\u0144stwowa Akademia Nauk Stosowanych","publisher":{"@id":"https:\/\/pans.krosno.pl\/instytut-humanistyczny\/#organization"},"potentialAction":[{"@type":"SearchAction","target":{"@type":"EntryPoint","urlTemplate":"https:\/\/pans.krosno.pl\/instytut-humanistyczny\/?s={search_term_string}"},"query-input":{"@type":"PropertyValueSpecification","valueRequired":true,"valueName":"search_term_string"}}],"inLanguage":"pl-PL"},{"@type":"Organization","@id":"https:\/\/pans.krosno.pl\/instytut-humanistyczny\/#organization","name":"Instytut Humanistyczny PANS w Kro\u015bnie","url":"https:\/\/pans.krosno.pl\/instytut-humanistyczny\/","logo":{"@type":"ImageObject","inLanguage":"pl-PL","@id":"https:\/\/pans.krosno.pl\/instytut-humanistyczny\/#\/schema\/logo\/image\/","url":"https:\/\/pans.krosno.pl\/instytut-humanistyczny\/wp-content\/uploads\/sites\/9\/2023\/01\/Logo-PANS-2022-pelne.png","contentUrl":"https:\/\/pans.krosno.pl\/instytut-humanistyczny\/wp-content\/uploads\/sites\/9\/2023\/01\/Logo-PANS-2022-pelne.png","width":3096,"height":696,"caption":"Instytut Humanistyczny PANS w Kro\u015bnie"},"image":{"@id":"https:\/\/pans.krosno.pl\/instytut-humanistyczny\/#\/schema\/logo\/image\/"}},{"@type":"Person","@id":"https:\/\/pans.krosno.pl\/instytut-humanistyczny\/#\/schema\/person\/cb70195a5aeabe88d51256d821faa2d9","name":"Bartosz Go\u0142\u0105bek","image":{"@type":"ImageObject","inLanguage":"pl-PL","@id":"https:\/\/secure.gravatar.com\/avatar\/ad10819676385baed8ebd4d7be0d4ba77dd5fdc0f4779d414dea3126fd3aec33?s=96&d=mm&r=g","url":"https:\/\/secure.gravatar.com\/avatar\/ad10819676385baed8ebd4d7be0d4ba77dd5fdc0f4779d414dea3126fd3aec33?s=96&d=mm&r=g","contentUrl":"https:\/\/secure.gravatar.com\/avatar\/ad10819676385baed8ebd4d7be0d4ba77dd5fdc0f4779d414dea3126fd3aec33?s=96&d=mm&r=g","caption":"Bartosz Go\u0142\u0105bek"},"description":"dr Bartosz Go\u0142\u0105bek Dyrektor Instytutu Humanistycznego Karpacka Pa\u0144stwowa Uczelnia w Kro\u015bnie (dawniej PWSZ)","url":"https:\/\/pans.krosno.pl\/instytut-humanistyczny\/author\/bartoszgolabek\/"}]}},"_links":{"self":[{"href":"https:\/\/pans.krosno.pl\/instytut-humanistyczny\/wp-json\/wp\/v2\/posts\/1143","targetHints":{"allow":["GET"]}}],"collection":[{"href":"https:\/\/pans.krosno.pl\/instytut-humanistyczny\/wp-json\/wp\/v2\/posts"}],"about":[{"href":"https:\/\/pans.krosno.pl\/instytut-humanistyczny\/wp-json\/wp\/v2\/types\/post"}],"author":[{"embeddable":true,"href":"https:\/\/pans.krosno.pl\/instytut-humanistyczny\/wp-json\/wp\/v2\/users\/57"}],"replies":[{"embeddable":true,"href":"https:\/\/pans.krosno.pl\/instytut-humanistyczny\/wp-json\/wp\/v2\/comments?post=1143"}],"version-history":[{"count":5,"href":"https:\/\/pans.krosno.pl\/instytut-humanistyczny\/wp-json\/wp\/v2\/posts\/1143\/revisions"}],"predecessor-version":[{"id":1150,"href":"https:\/\/pans.krosno.pl\/instytut-humanistyczny\/wp-json\/wp\/v2\/posts\/1143\/revisions\/1150"}],"wp:featuredmedia":[{"embeddable":true,"href":"https:\/\/pans.krosno.pl\/instytut-humanistyczny\/wp-json\/wp\/v2\/media\/1145"}],"wp:attachment":[{"href":"https:\/\/pans.krosno.pl\/instytut-humanistyczny\/wp-json\/wp\/v2\/media?parent=1143"}],"wp:term":[{"taxonomy":"category","embeddable":true,"href":"https:\/\/pans.krosno.pl\/instytut-humanistyczny\/wp-json\/wp\/v2\/categories?post=1143"},{"taxonomy":"post_tag","embeddable":true,"href":"https:\/\/pans.krosno.pl\/instytut-humanistyczny\/wp-json\/wp\/v2\/tags?post=1143"}],"curies":[{"name":"wp","href":"https:\/\/api.w.org\/{rel}","templated":true}]}}