{"id":1066,"date":"2021-07-05T06:35:18","date_gmt":"2021-07-05T04:35:18","guid":{"rendered":"https:\/\/pans.krosno.pl\/instytut-humanistyczny\/?p=1066"},"modified":"2021-07-05T06:35:19","modified_gmt":"2021-07-05T04:35:19","slug":"studencka-sesja-naukowa-temat-choroby-w-utworach-literatury-dzieciecej-konteksty-literackie-pedagogiczne-psychologiczne-refleksja-studencka","status":"publish","type":"post","link":"https:\/\/pans.krosno.pl\/instytut-humanistyczny\/studencka-sesja-naukowa-temat-choroby-w-utworach-literatury-dzieciecej-konteksty-literackie-pedagogiczne-psychologiczne-refleksja-studencka\/","title":{"rendered":"Studencka sesja naukowa Temat choroby w utworach literatury dzieci\u0119cej &#8211; konteksty literackie, pedagogiczne, psychologiczne (refleksja studencka)"},"content":{"rendered":"\n<p>W czwartek, 24 czerwca 2021 r., za pomoc\u0105 komunikatora Zoom w Karpackiej Pa\u0144stwowej Uczelni w Kro\u015bnie odby\u0142a si\u0119 Sesja Naukowa pt. <em>Temat choroby w utworach literatury dzieci\u0119cej \u2013 konteksty literackie, pedagogiczne, psychologiczne<\/em>, kt\u00f3r\u0105 zorganizowa\u0142o Studenckie Ko\u0142o Naukowe Animator\u00f3w Kultury Literackiej Dzieci dzia\u0142aj\u0105ce przy Instytucie Pedagogiki Uniwersytetu Rzeszowskiego, we wsp\u00f3\u0142pracy ze studentami&nbsp; III roku pedagogiki Karpackiej Pa\u0144stwowej Uczelni w Kro\u015bnie, pod opiek\u0105 dr hab. prof. ucz. Alicji Ungeheuer Go\u0142\u0105b.<\/p>\n\n\n\n<p>Podczas Sesji poruszony zosta\u0142 temat niezwykle wa\u017cny i wydaje si\u0119, \u017ce bli\u017cej nieznany wielu osobom \u2013 temat choroby w literaturze dzieci\u0119cej. Przygotowane wyst\u0105pienia traktowa\u0142y w&nbsp;ciekawy oraz sk\u0142aniaj\u0105cy do refleksji spos\u00f3b o historii choroby w&nbsp;literaturze i kulturze, zmianie postrzegania jej na przestrzeni lat, rodzajach przedstawianych chor\u00f3b.&nbsp; Przede wszystkim jednak zosta\u0142y wymienione tytu\u0142y publikacji dla dzieci, poruszaj\u0105ce zagadnienie choroby. Prelegentki zebra\u0142y bogactwo ksi\u0105\u017cek dla dzieci, m\u00f3wi\u0105cych o chorobie i&nbsp;wnikliwie przedstawi\u0142y ich tre\u015bci, przeplataj\u0105c opis fabu\u0142y wa\u017cnymi cytatami z utwor\u00f3w. Niejednokrotnie pada\u0142y s\u0142owa, kt\u00f3re nie tylko zwraca\u0142y uwag\u0119 na sens prezentowanej ksi\u0105\u017cki, ale r\u00f3wnie\u017c zach\u0119ca\u0142y do si\u0119gni\u0119cia po ni\u0105. Zaskakuj\u0105ce by\u0142o z jak wielk\u0105 wra\u017cliwo\u015bci\u0105 oraz zaanga\u017cowaniem ka\u017cda z przemawiaj\u0105cych os\u00f3b dzieli\u0142a si\u0119 swoj\u0105 wiedz\u0105, materia\u0142ami, kt\u00f3re zgromadzi\u0142a i&nbsp;przemy\u015bleniami, kt\u00f3re wzbogaca\u0142y wyst\u0105pienia. Podj\u0119ta p\u00f3\u017aniej dyskusja rozszerzy\u0142a omawiany problem oraz ukaza\u0142a jego wielow\u0105tkowo\u015b\u0107 \u2013 nie spos\u00f3b by\u0142o om\u00f3wi\u0107 wyczerpuj\u0105co wszystkie zagadnienia podczas \u017cywej wymiany zda\u0144. Nie zosta\u0142 pomini\u0119ty tak\u017ce temat niepe\u0142nosprawno\u015bci, z kt\u00f3rym mierz\u0105 si\u0119 autorzy wielu wspania\u0142ych ksi\u0105\u017cek dla m\u0142odego czytelnika. S\u0142uchacze us\u0142yszeli o wielu utworach literackich, poruszaj\u0105cych problematyk\u0119 r\u00f3\u017cnych schorze\u0144 i dolegliwo\u015bci. Uwzgl\u0119dniaj\u0105c podzia\u0142 niepe\u0142nosprawno\u015bci na ruchow\u0105, intelektualn\u0105 oraz dotycz\u0105c\u0105 zmys\u0142u wzroku i s\u0142uchu \u2013 prelegentki wy\u0142oni\u0142y publikacje do ka\u017cdego rodzaju niepe\u0142nosprawno\u015bci, prezentuj\u0105c je z prawdziw\u0105 pasj\u0105.<\/p>\n\n\n\n<p>Interesuj\u0105ca by\u0142a analiza bada\u0144, dotycz\u0105cych znajomo\u015bci wiedzy oraz stosunku spo\u0142ecze\u0144stwa do literatury dzieci\u0119cej, podejmuj\u0105cej temat choroby, a p\u00f3\u017aniej tak\u017ce niepe\u0142nosprawno\u015bci. Wyniki bada\u0144 sk\u0142ania\u0142y do&nbsp;w\u0142asnych rozwa\u017ca\u0144, a tak\u017ce wyci\u0105gni\u0119cia wniosk\u00f3w. Dla niekt\u00f3rych mog\u0142y si\u0119 okaza\u0107 wr\u0119cz zadziwiaj\u0105ce. Jedno jest pewne \u2013 jako studentka pedagogiki uwa\u017cam propagowanie omawianej literatury za wyj\u0105tkowo wa\u017cne. Sesja Naukowa przebieg\u0142a pomy\u015blnie, ods\u0142oni\u0142a nowe karty, sk\u0142oni\u0142a do my\u015blenia, przybli\u017cy\u0142a temat, z kt\u00f3rym zmaga si\u0119 ka\u017cdy z&nbsp;nas \u2013 niezale\u017cnie od tego ile ma lat.<\/p>\n\n\n\n<p>Katarzyna Kochanek (UR)<\/p>\n","protected":false},"excerpt":{"rendered":"<p>W czwartek, 24 czerwca 2021 r., za pomoc\u0105 komunikatora Zoom w Karpackiej Pa\u0144stwowej Uczelni w Kro\u015bnie odby\u0142a si\u0119 Sesja Naukowa pt. Temat choroby w utworach literatury dzieci\u0119cej \u2013 konteksty literackie, pedagogiczne, psychologiczne, kt\u00f3r\u0105 zorganizowa\u0142o Studenckie Ko\u0142o Naukowe Animator\u00f3w Kultury Literackiej Dzieci dzia\u0142aj\u0105ce przy Instytucie Pedagogiki Uniwersytetu Rzeszowskiego, we wsp\u00f3\u0142pracy ze [\u2026] <\/p>\n<div class=\"clear\"><\/div>\n<p><a class=\"more_link clearfix\" href=\"https:\/\/pans.krosno.pl\/instytut-humanistyczny\/studencka-sesja-naukowa-temat-choroby-w-utworach-literatury-dzieciecej-konteksty-literackie-pedagogiczne-psychologiczne-refleksja-studencka\/\" rel=\"nofollow\">Read More<\/a><\/p>\n","protected":false},"author":57,"featured_media":1067,"comment_status":"open","ping_status":"open","sticky":false,"template":"","format":"standard","meta":{"ngg_post_thumbnail":0,"footnotes":""},"categories":[1],"tags":[],"class_list":["post-1066","post","type-post","status-publish","format-standard","has-post-thumbnail","hentry","category-bez-kategorii"],"yoast_head":"<!-- This site is optimized with the Yoast SEO Premium plugin v27.4 (Yoast SEO v27.4) - https:\/\/yoast.com\/product\/yoast-seo-premium-wordpress\/ -->\n<title>Studencka sesja naukowa Temat choroby w utworach literatury dzieci\u0119cej - konteksty literackie, pedagogiczne, psychologiczne (refleksja studencka) - Instytut Humanistyczny PANS w Kro\u015bnie<\/title>\n<meta name=\"robots\" content=\"index, follow, max-snippet:-1, max-image-preview:large, max-video-preview:-1\" \/>\n<link rel=\"canonical\" href=\"https:\/\/pans.krosno.pl\/instytut-humanistyczny\/studencka-sesja-naukowa-temat-choroby-w-utworach-literatury-dzieciecej-konteksty-literackie-pedagogiczne-psychologiczne-refleksja-studencka\/\" \/>\n<meta property=\"og:locale\" content=\"pl_PL\" \/>\n<meta property=\"og:type\" content=\"article\" \/>\n<meta property=\"og:title\" content=\"Studencka sesja naukowa Temat choroby w utworach literatury dzieci\u0119cej - konteksty literackie, pedagogiczne, psychologiczne (refleksja studencka)\" \/>\n<meta property=\"og:description\" content=\"W czwartek, 24 czerwca 2021 r., za pomoc\u0105 komunikatora Zoom w Karpackiej Pa\u0144stwowej Uczelni w Kro\u015bnie odby\u0142a si\u0119 Sesja Naukowa pt. Temat choroby w utworach literatury dzieci\u0119cej \u2013 konteksty literackie, pedagogiczne, psychologiczne, kt\u00f3r\u0105 zorganizowa\u0142o Studenckie Ko\u0142o Naukowe Animator\u00f3w Kultury Literackiej Dzieci dzia\u0142aj\u0105ce przy Instytucie Pedagogiki Uniwersytetu Rzeszowskiego, we wsp\u00f3\u0142pracy ze [\u2026] Read More\" \/>\n<meta property=\"og:url\" content=\"https:\/\/pans.krosno.pl\/instytut-humanistyczny\/studencka-sesja-naukowa-temat-choroby-w-utworach-literatury-dzieciecej-konteksty-literackie-pedagogiczne-psychologiczne-refleksja-studencka\/\" \/>\n<meta property=\"og:site_name\" content=\"Instytut Humanistyczny PANS w Kro\u015bnie\" \/>\n<meta property=\"article:published_time\" content=\"2021-07-05T04:35:18+00:00\" \/>\n<meta property=\"article:modified_time\" content=\"2021-07-05T04:35:19+00:00\" \/>\n<meta property=\"og:image\" content=\"https:\/\/pans.krosno.pl\/wp-content\/uploads\/sites\/9\/2021\/07\/kid.jpeg\" \/>\n\t<meta property=\"og:image:width\" content=\"867\" \/>\n\t<meta property=\"og:image:height\" content=\"1300\" \/>\n\t<meta property=\"og:image:type\" content=\"image\/jpeg\" \/>\n<meta name=\"author\" content=\"Bartosz Go\u0142\u0105bek\" \/>\n<meta name=\"twitter:card\" content=\"summary_large_image\" \/>\n<meta name=\"twitter:label1\" content=\"Napisane przez\" \/>\n\t<meta name=\"twitter:data1\" content=\"Bartosz Go\u0142\u0105bek\" \/>\n\t<meta name=\"twitter:label2\" content=\"Szacowany czas czytania\" \/>\n\t<meta name=\"twitter:data2\" content=\"2 minuty\" \/>\n<script type=\"application\/ld+json\" class=\"yoast-schema-graph\">{\"@context\":\"https:\\\/\\\/schema.org\",\"@graph\":[{\"@type\":\"Article\",\"@id\":\"https:\\\/\\\/pans.krosno.pl\\\/instytut-humanistyczny\\\/studencka-sesja-naukowa-temat-choroby-w-utworach-literatury-dzieciecej-konteksty-literackie-pedagogiczne-psychologiczne-refleksja-studencka\\\/#article\",\"isPartOf\":{\"@id\":\"https:\\\/\\\/pans.krosno.pl\\\/instytut-humanistyczny\\\/studencka-sesja-naukowa-temat-choroby-w-utworach-literatury-dzieciecej-konteksty-literackie-pedagogiczne-psychologiczne-refleksja-studencka\\\/\"},\"author\":{\"name\":\"Bartosz Go\u0142\u0105bek\",\"@id\":\"https:\\\/\\\/pans.krosno.pl\\\/instytut-humanistyczny\\\/#\\\/schema\\\/person\\\/cb70195a5aeabe88d51256d821faa2d9\"},\"headline\":\"Studencka sesja naukowa Temat choroby w utworach literatury dzieci\u0119cej &#8211; konteksty literackie, pedagogiczne, psychologiczne (refleksja studencka)\",\"datePublished\":\"2021-07-05T04:35:18+00:00\",\"dateModified\":\"2021-07-05T04:35:19+00:00\",\"mainEntityOfPage\":{\"@id\":\"https:\\\/\\\/pans.krosno.pl\\\/instytut-humanistyczny\\\/studencka-sesja-naukowa-temat-choroby-w-utworach-literatury-dzieciecej-konteksty-literackie-pedagogiczne-psychologiczne-refleksja-studencka\\\/\"},\"wordCount\":500,\"commentCount\":0,\"publisher\":{\"@id\":\"https:\\\/\\\/pans.krosno.pl\\\/instytut-humanistyczny\\\/#organization\"},\"image\":{\"@id\":\"https:\\\/\\\/pans.krosno.pl\\\/instytut-humanistyczny\\\/studencka-sesja-naukowa-temat-choroby-w-utworach-literatury-dzieciecej-konteksty-literackie-pedagogiczne-psychologiczne-refleksja-studencka\\\/#primaryimage\"},\"thumbnailUrl\":\"https:\\\/\\\/pans.krosno.pl\\\/instytut-humanistyczny\\\/wp-content\\\/uploads\\\/sites\\\/9\\\/2021\\\/07\\\/kid.jpeg\",\"inLanguage\":\"pl-PL\",\"potentialAction\":[{\"@type\":\"CommentAction\",\"name\":\"Comment\",\"target\":[\"https:\\\/\\\/pans.krosno.pl\\\/instytut-humanistyczny\\\/studencka-sesja-naukowa-temat-choroby-w-utworach-literatury-dzieciecej-konteksty-literackie-pedagogiczne-psychologiczne-refleksja-studencka\\\/#respond\"]}]},{\"@type\":\"WebPage\",\"@id\":\"https:\\\/\\\/pans.krosno.pl\\\/instytut-humanistyczny\\\/studencka-sesja-naukowa-temat-choroby-w-utworach-literatury-dzieciecej-konteksty-literackie-pedagogiczne-psychologiczne-refleksja-studencka\\\/\",\"url\":\"https:\\\/\\\/pans.krosno.pl\\\/instytut-humanistyczny\\\/studencka-sesja-naukowa-temat-choroby-w-utworach-literatury-dzieciecej-konteksty-literackie-pedagogiczne-psychologiczne-refleksja-studencka\\\/\",\"name\":\"Studencka sesja naukowa Temat choroby w utworach literatury dzieci\u0119cej - konteksty literackie, pedagogiczne, psychologiczne (refleksja studencka) - Instytut Humanistyczny PANS w Kro\u015bnie\",\"isPartOf\":{\"@id\":\"https:\\\/\\\/pans.krosno.pl\\\/instytut-humanistyczny\\\/#website\"},\"primaryImageOfPage\":{\"@id\":\"https:\\\/\\\/pans.krosno.pl\\\/instytut-humanistyczny\\\/studencka-sesja-naukowa-temat-choroby-w-utworach-literatury-dzieciecej-konteksty-literackie-pedagogiczne-psychologiczne-refleksja-studencka\\\/#primaryimage\"},\"image\":{\"@id\":\"https:\\\/\\\/pans.krosno.pl\\\/instytut-humanistyczny\\\/studencka-sesja-naukowa-temat-choroby-w-utworach-literatury-dzieciecej-konteksty-literackie-pedagogiczne-psychologiczne-refleksja-studencka\\\/#primaryimage\"},\"thumbnailUrl\":\"https:\\\/\\\/pans.krosno.pl\\\/instytut-humanistyczny\\\/wp-content\\\/uploads\\\/sites\\\/9\\\/2021\\\/07\\\/kid.jpeg\",\"datePublished\":\"2021-07-05T04:35:18+00:00\",\"dateModified\":\"2021-07-05T04:35:19+00:00\",\"breadcrumb\":{\"@id\":\"https:\\\/\\\/pans.krosno.pl\\\/instytut-humanistyczny\\\/studencka-sesja-naukowa-temat-choroby-w-utworach-literatury-dzieciecej-konteksty-literackie-pedagogiczne-psychologiczne-refleksja-studencka\\\/#breadcrumb\"},\"inLanguage\":\"pl-PL\",\"potentialAction\":[{\"@type\":\"ReadAction\",\"target\":[\"https:\\\/\\\/pans.krosno.pl\\\/instytut-humanistyczny\\\/studencka-sesja-naukowa-temat-choroby-w-utworach-literatury-dzieciecej-konteksty-literackie-pedagogiczne-psychologiczne-refleksja-studencka\\\/\"]}]},{\"@type\":\"ImageObject\",\"inLanguage\":\"pl-PL\",\"@id\":\"https:\\\/\\\/pans.krosno.pl\\\/instytut-humanistyczny\\\/studencka-sesja-naukowa-temat-choroby-w-utworach-literatury-dzieciecej-konteksty-literackie-pedagogiczne-psychologiczne-refleksja-studencka\\\/#primaryimage\",\"url\":\"https:\\\/\\\/pans.krosno.pl\\\/instytut-humanistyczny\\\/wp-content\\\/uploads\\\/sites\\\/9\\\/2021\\\/07\\\/kid.jpeg\",\"contentUrl\":\"https:\\\/\\\/pans.krosno.pl\\\/instytut-humanistyczny\\\/wp-content\\\/uploads\\\/sites\\\/9\\\/2021\\\/07\\\/kid.jpeg\",\"width\":867,\"height\":1300},{\"@type\":\"BreadcrumbList\",\"@id\":\"https:\\\/\\\/pans.krosno.pl\\\/instytut-humanistyczny\\\/studencka-sesja-naukowa-temat-choroby-w-utworach-literatury-dzieciecej-konteksty-literackie-pedagogiczne-psychologiczne-refleksja-studencka\\\/#breadcrumb\",\"itemListElement\":[{\"@type\":\"ListItem\",\"position\":1,\"name\":\"Strona g\u0142\u00f3wna\",\"item\":\"https:\\\/\\\/pans.krosno.pl\\\/instytut-humanistyczny\\\/\"},{\"@type\":\"ListItem\",\"position\":2,\"name\":\"Studencka sesja naukowa Temat choroby w utworach literatury dzieci\u0119cej &#8211; konteksty literackie, pedagogiczne, psychologiczne (refleksja studencka)\"}]},{\"@type\":\"WebSite\",\"@id\":\"https:\\\/\\\/pans.krosno.pl\\\/instytut-humanistyczny\\\/#website\",\"url\":\"https:\\\/\\\/pans.krosno.pl\\\/instytut-humanistyczny\\\/\",\"name\":\"Instytut Humanistyczny PANS w Kro\u015bnie\",\"description\":\"Instytut Humanistyczny - Pa\u0144stwowa Akademia Nauk Stosowanych\",\"publisher\":{\"@id\":\"https:\\\/\\\/pans.krosno.pl\\\/instytut-humanistyczny\\\/#organization\"},\"potentialAction\":[{\"@type\":\"SearchAction\",\"target\":{\"@type\":\"EntryPoint\",\"urlTemplate\":\"https:\\\/\\\/pans.krosno.pl\\\/instytut-humanistyczny\\\/?s={search_term_string}\"},\"query-input\":{\"@type\":\"PropertyValueSpecification\",\"valueRequired\":true,\"valueName\":\"search_term_string\"}}],\"inLanguage\":\"pl-PL\"},{\"@type\":\"Organization\",\"@id\":\"https:\\\/\\\/pans.krosno.pl\\\/instytut-humanistyczny\\\/#organization\",\"name\":\"Instytut Humanistyczny PANS w Kro\u015bnie\",\"url\":\"https:\\\/\\\/pans.krosno.pl\\\/instytut-humanistyczny\\\/\",\"logo\":{\"@type\":\"ImageObject\",\"inLanguage\":\"pl-PL\",\"@id\":\"https:\\\/\\\/pans.krosno.pl\\\/instytut-humanistyczny\\\/#\\\/schema\\\/logo\\\/image\\\/\",\"url\":\"https:\\\/\\\/pans.krosno.pl\\\/instytut-humanistyczny\\\/wp-content\\\/uploads\\\/sites\\\/9\\\/2023\\\/01\\\/Logo-PANS-2022-pelne.png\",\"contentUrl\":\"https:\\\/\\\/pans.krosno.pl\\\/instytut-humanistyczny\\\/wp-content\\\/uploads\\\/sites\\\/9\\\/2023\\\/01\\\/Logo-PANS-2022-pelne.png\",\"width\":3096,\"height\":696,\"caption\":\"Instytut Humanistyczny PANS w Kro\u015bnie\"},\"image\":{\"@id\":\"https:\\\/\\\/pans.krosno.pl\\\/instytut-humanistyczny\\\/#\\\/schema\\\/logo\\\/image\\\/\"}},{\"@type\":\"Person\",\"@id\":\"https:\\\/\\\/pans.krosno.pl\\\/instytut-humanistyczny\\\/#\\\/schema\\\/person\\\/cb70195a5aeabe88d51256d821faa2d9\",\"name\":\"Bartosz Go\u0142\u0105bek\",\"image\":{\"@type\":\"ImageObject\",\"inLanguage\":\"pl-PL\",\"@id\":\"https:\\\/\\\/secure.gravatar.com\\\/avatar\\\/ad10819676385baed8ebd4d7be0d4ba77dd5fdc0f4779d414dea3126fd3aec33?s=96&d=mm&r=g\",\"url\":\"https:\\\/\\\/secure.gravatar.com\\\/avatar\\\/ad10819676385baed8ebd4d7be0d4ba77dd5fdc0f4779d414dea3126fd3aec33?s=96&d=mm&r=g\",\"contentUrl\":\"https:\\\/\\\/secure.gravatar.com\\\/avatar\\\/ad10819676385baed8ebd4d7be0d4ba77dd5fdc0f4779d414dea3126fd3aec33?s=96&d=mm&r=g\",\"caption\":\"Bartosz Go\u0142\u0105bek\"},\"description\":\"dr Bartosz Go\u0142\u0105bek Dyrektor Instytutu Humanistycznego Karpacka Pa\u0144stwowa Uczelnia w Kro\u015bnie (dawniej PWSZ)\",\"url\":\"https:\\\/\\\/pans.krosno.pl\\\/instytut-humanistyczny\\\/author\\\/bartoszgolabek\\\/\"}]}<\/script>\n<!-- \/ Yoast SEO Premium plugin. -->","yoast_head_json":{"title":"Studencka sesja naukowa Temat choroby w utworach literatury dzieci\u0119cej - konteksty literackie, pedagogiczne, psychologiczne (refleksja studencka) - Instytut Humanistyczny PANS w Kro\u015bnie","robots":{"index":"index","follow":"follow","max-snippet":"max-snippet:-1","max-image-preview":"max-image-preview:large","max-video-preview":"max-video-preview:-1"},"canonical":"https:\/\/pans.krosno.pl\/instytut-humanistyczny\/studencka-sesja-naukowa-temat-choroby-w-utworach-literatury-dzieciecej-konteksty-literackie-pedagogiczne-psychologiczne-refleksja-studencka\/","og_locale":"pl_PL","og_type":"article","og_title":"Studencka sesja naukowa Temat choroby w utworach literatury dzieci\u0119cej - konteksty literackie, pedagogiczne, psychologiczne (refleksja studencka)","og_description":"W czwartek, 24 czerwca 2021 r., za pomoc\u0105 komunikatora Zoom w Karpackiej Pa\u0144stwowej Uczelni w Kro\u015bnie odby\u0142a si\u0119 Sesja Naukowa pt. Temat choroby w utworach literatury dzieci\u0119cej \u2013 konteksty literackie, pedagogiczne, psychologiczne, kt\u00f3r\u0105 zorganizowa\u0142o Studenckie Ko\u0142o Naukowe Animator\u00f3w Kultury Literackiej Dzieci dzia\u0142aj\u0105ce przy Instytucie Pedagogiki Uniwersytetu Rzeszowskiego, we wsp\u00f3\u0142pracy ze [\u2026] Read More","og_url":"https:\/\/pans.krosno.pl\/instytut-humanistyczny\/studencka-sesja-naukowa-temat-choroby-w-utworach-literatury-dzieciecej-konteksty-literackie-pedagogiczne-psychologiczne-refleksja-studencka\/","og_site_name":"Instytut Humanistyczny PANS w Kro\u015bnie","article_published_time":"2021-07-05T04:35:18+00:00","article_modified_time":"2021-07-05T04:35:19+00:00","og_image":[{"width":867,"height":1300,"url":"https:\/\/pans.krosno.pl\/wp-content\/uploads\/sites\/9\/2021\/07\/kid.jpeg","type":"image\/jpeg"}],"author":"Bartosz Go\u0142\u0105bek","twitter_card":"summary_large_image","twitter_misc":{"Napisane przez":"Bartosz Go\u0142\u0105bek","Szacowany czas czytania":"2 minuty"},"schema":{"@context":"https:\/\/schema.org","@graph":[{"@type":"Article","@id":"https:\/\/pans.krosno.pl\/instytut-humanistyczny\/studencka-sesja-naukowa-temat-choroby-w-utworach-literatury-dzieciecej-konteksty-literackie-pedagogiczne-psychologiczne-refleksja-studencka\/#article","isPartOf":{"@id":"https:\/\/pans.krosno.pl\/instytut-humanistyczny\/studencka-sesja-naukowa-temat-choroby-w-utworach-literatury-dzieciecej-konteksty-literackie-pedagogiczne-psychologiczne-refleksja-studencka\/"},"author":{"name":"Bartosz Go\u0142\u0105bek","@id":"https:\/\/pans.krosno.pl\/instytut-humanistyczny\/#\/schema\/person\/cb70195a5aeabe88d51256d821faa2d9"},"headline":"Studencka sesja naukowa Temat choroby w utworach literatury dzieci\u0119cej &#8211; konteksty literackie, pedagogiczne, psychologiczne (refleksja studencka)","datePublished":"2021-07-05T04:35:18+00:00","dateModified":"2021-07-05T04:35:19+00:00","mainEntityOfPage":{"@id":"https:\/\/pans.krosno.pl\/instytut-humanistyczny\/studencka-sesja-naukowa-temat-choroby-w-utworach-literatury-dzieciecej-konteksty-literackie-pedagogiczne-psychologiczne-refleksja-studencka\/"},"wordCount":500,"commentCount":0,"publisher":{"@id":"https:\/\/pans.krosno.pl\/instytut-humanistyczny\/#organization"},"image":{"@id":"https:\/\/pans.krosno.pl\/instytut-humanistyczny\/studencka-sesja-naukowa-temat-choroby-w-utworach-literatury-dzieciecej-konteksty-literackie-pedagogiczne-psychologiczne-refleksja-studencka\/#primaryimage"},"thumbnailUrl":"https:\/\/pans.krosno.pl\/instytut-humanistyczny\/wp-content\/uploads\/sites\/9\/2021\/07\/kid.jpeg","inLanguage":"pl-PL","potentialAction":[{"@type":"CommentAction","name":"Comment","target":["https:\/\/pans.krosno.pl\/instytut-humanistyczny\/studencka-sesja-naukowa-temat-choroby-w-utworach-literatury-dzieciecej-konteksty-literackie-pedagogiczne-psychologiczne-refleksja-studencka\/#respond"]}]},{"@type":"WebPage","@id":"https:\/\/pans.krosno.pl\/instytut-humanistyczny\/studencka-sesja-naukowa-temat-choroby-w-utworach-literatury-dzieciecej-konteksty-literackie-pedagogiczne-psychologiczne-refleksja-studencka\/","url":"https:\/\/pans.krosno.pl\/instytut-humanistyczny\/studencka-sesja-naukowa-temat-choroby-w-utworach-literatury-dzieciecej-konteksty-literackie-pedagogiczne-psychologiczne-refleksja-studencka\/","name":"Studencka sesja naukowa Temat choroby w utworach literatury dzieci\u0119cej - konteksty literackie, pedagogiczne, psychologiczne (refleksja studencka) - Instytut Humanistyczny PANS w Kro\u015bnie","isPartOf":{"@id":"https:\/\/pans.krosno.pl\/instytut-humanistyczny\/#website"},"primaryImageOfPage":{"@id":"https:\/\/pans.krosno.pl\/instytut-humanistyczny\/studencka-sesja-naukowa-temat-choroby-w-utworach-literatury-dzieciecej-konteksty-literackie-pedagogiczne-psychologiczne-refleksja-studencka\/#primaryimage"},"image":{"@id":"https:\/\/pans.krosno.pl\/instytut-humanistyczny\/studencka-sesja-naukowa-temat-choroby-w-utworach-literatury-dzieciecej-konteksty-literackie-pedagogiczne-psychologiczne-refleksja-studencka\/#primaryimage"},"thumbnailUrl":"https:\/\/pans.krosno.pl\/instytut-humanistyczny\/wp-content\/uploads\/sites\/9\/2021\/07\/kid.jpeg","datePublished":"2021-07-05T04:35:18+00:00","dateModified":"2021-07-05T04:35:19+00:00","breadcrumb":{"@id":"https:\/\/pans.krosno.pl\/instytut-humanistyczny\/studencka-sesja-naukowa-temat-choroby-w-utworach-literatury-dzieciecej-konteksty-literackie-pedagogiczne-psychologiczne-refleksja-studencka\/#breadcrumb"},"inLanguage":"pl-PL","potentialAction":[{"@type":"ReadAction","target":["https:\/\/pans.krosno.pl\/instytut-humanistyczny\/studencka-sesja-naukowa-temat-choroby-w-utworach-literatury-dzieciecej-konteksty-literackie-pedagogiczne-psychologiczne-refleksja-studencka\/"]}]},{"@type":"ImageObject","inLanguage":"pl-PL","@id":"https:\/\/pans.krosno.pl\/instytut-humanistyczny\/studencka-sesja-naukowa-temat-choroby-w-utworach-literatury-dzieciecej-konteksty-literackie-pedagogiczne-psychologiczne-refleksja-studencka\/#primaryimage","url":"https:\/\/pans.krosno.pl\/instytut-humanistyczny\/wp-content\/uploads\/sites\/9\/2021\/07\/kid.jpeg","contentUrl":"https:\/\/pans.krosno.pl\/instytut-humanistyczny\/wp-content\/uploads\/sites\/9\/2021\/07\/kid.jpeg","width":867,"height":1300},{"@type":"BreadcrumbList","@id":"https:\/\/pans.krosno.pl\/instytut-humanistyczny\/studencka-sesja-naukowa-temat-choroby-w-utworach-literatury-dzieciecej-konteksty-literackie-pedagogiczne-psychologiczne-refleksja-studencka\/#breadcrumb","itemListElement":[{"@type":"ListItem","position":1,"name":"Strona g\u0142\u00f3wna","item":"https:\/\/pans.krosno.pl\/instytut-humanistyczny\/"},{"@type":"ListItem","position":2,"name":"Studencka sesja naukowa Temat choroby w utworach literatury dzieci\u0119cej &#8211; konteksty literackie, pedagogiczne, psychologiczne (refleksja studencka)"}]},{"@type":"WebSite","@id":"https:\/\/pans.krosno.pl\/instytut-humanistyczny\/#website","url":"https:\/\/pans.krosno.pl\/instytut-humanistyczny\/","name":"Instytut Humanistyczny PANS w Kro\u015bnie","description":"Instytut Humanistyczny - Pa\u0144stwowa Akademia Nauk Stosowanych","publisher":{"@id":"https:\/\/pans.krosno.pl\/instytut-humanistyczny\/#organization"},"potentialAction":[{"@type":"SearchAction","target":{"@type":"EntryPoint","urlTemplate":"https:\/\/pans.krosno.pl\/instytut-humanistyczny\/?s={search_term_string}"},"query-input":{"@type":"PropertyValueSpecification","valueRequired":true,"valueName":"search_term_string"}}],"inLanguage":"pl-PL"},{"@type":"Organization","@id":"https:\/\/pans.krosno.pl\/instytut-humanistyczny\/#organization","name":"Instytut Humanistyczny PANS w Kro\u015bnie","url":"https:\/\/pans.krosno.pl\/instytut-humanistyczny\/","logo":{"@type":"ImageObject","inLanguage":"pl-PL","@id":"https:\/\/pans.krosno.pl\/instytut-humanistyczny\/#\/schema\/logo\/image\/","url":"https:\/\/pans.krosno.pl\/instytut-humanistyczny\/wp-content\/uploads\/sites\/9\/2023\/01\/Logo-PANS-2022-pelne.png","contentUrl":"https:\/\/pans.krosno.pl\/instytut-humanistyczny\/wp-content\/uploads\/sites\/9\/2023\/01\/Logo-PANS-2022-pelne.png","width":3096,"height":696,"caption":"Instytut Humanistyczny PANS w Kro\u015bnie"},"image":{"@id":"https:\/\/pans.krosno.pl\/instytut-humanistyczny\/#\/schema\/logo\/image\/"}},{"@type":"Person","@id":"https:\/\/pans.krosno.pl\/instytut-humanistyczny\/#\/schema\/person\/cb70195a5aeabe88d51256d821faa2d9","name":"Bartosz Go\u0142\u0105bek","image":{"@type":"ImageObject","inLanguage":"pl-PL","@id":"https:\/\/secure.gravatar.com\/avatar\/ad10819676385baed8ebd4d7be0d4ba77dd5fdc0f4779d414dea3126fd3aec33?s=96&d=mm&r=g","url":"https:\/\/secure.gravatar.com\/avatar\/ad10819676385baed8ebd4d7be0d4ba77dd5fdc0f4779d414dea3126fd3aec33?s=96&d=mm&r=g","contentUrl":"https:\/\/secure.gravatar.com\/avatar\/ad10819676385baed8ebd4d7be0d4ba77dd5fdc0f4779d414dea3126fd3aec33?s=96&d=mm&r=g","caption":"Bartosz Go\u0142\u0105bek"},"description":"dr Bartosz Go\u0142\u0105bek Dyrektor Instytutu Humanistycznego Karpacka Pa\u0144stwowa Uczelnia w Kro\u015bnie (dawniej PWSZ)","url":"https:\/\/pans.krosno.pl\/instytut-humanistyczny\/author\/bartoszgolabek\/"}]}},"_links":{"self":[{"href":"https:\/\/pans.krosno.pl\/instytut-humanistyczny\/wp-json\/wp\/v2\/posts\/1066","targetHints":{"allow":["GET"]}}],"collection":[{"href":"https:\/\/pans.krosno.pl\/instytut-humanistyczny\/wp-json\/wp\/v2\/posts"}],"about":[{"href":"https:\/\/pans.krosno.pl\/instytut-humanistyczny\/wp-json\/wp\/v2\/types\/post"}],"author":[{"embeddable":true,"href":"https:\/\/pans.krosno.pl\/instytut-humanistyczny\/wp-json\/wp\/v2\/users\/57"}],"replies":[{"embeddable":true,"href":"https:\/\/pans.krosno.pl\/instytut-humanistyczny\/wp-json\/wp\/v2\/comments?post=1066"}],"version-history":[{"count":1,"href":"https:\/\/pans.krosno.pl\/instytut-humanistyczny\/wp-json\/wp\/v2\/posts\/1066\/revisions"}],"predecessor-version":[{"id":1068,"href":"https:\/\/pans.krosno.pl\/instytut-humanistyczny\/wp-json\/wp\/v2\/posts\/1066\/revisions\/1068"}],"wp:featuredmedia":[{"embeddable":true,"href":"https:\/\/pans.krosno.pl\/instytut-humanistyczny\/wp-json\/wp\/v2\/media\/1067"}],"wp:attachment":[{"href":"https:\/\/pans.krosno.pl\/instytut-humanistyczny\/wp-json\/wp\/v2\/media?parent=1066"}],"wp:term":[{"taxonomy":"category","embeddable":true,"href":"https:\/\/pans.krosno.pl\/instytut-humanistyczny\/wp-json\/wp\/v2\/categories?post=1066"},{"taxonomy":"post_tag","embeddable":true,"href":"https:\/\/pans.krosno.pl\/instytut-humanistyczny\/wp-json\/wp\/v2\/tags?post=1066"}],"curies":[{"name":"wp","href":"https:\/\/api.w.org\/{rel}","templated":true}]}}