{"id":1056,"date":"2021-06-29T00:11:30","date_gmt":"2021-06-28T22:11:30","guid":{"rendered":"https:\/\/pans.krosno.pl\/instytut-humanistyczny\/?p=1056"},"modified":"2021-06-29T07:46:48","modified_gmt":"2021-06-29T05:46:48","slug":"karpacka-panstwowa-uczelnia-w-krosnie-bedzie-ksztalcic-nauczycieli-wspolnie-uniwersytetem-jagiellonskim-w-krakowie","status":"publish","type":"post","link":"https:\/\/pans.krosno.pl\/instytut-humanistyczny\/karpacka-panstwowa-uczelnia-w-krosnie-bedzie-ksztalcic-nauczycieli-wspolnie-uniwersytetem-jagiellonskim-w-krakowie\/","title":{"rendered":"Karpacka Pa\u0144stwowa Uczelnia w Kro\u015bnie b\u0119dzie kszta\u0142ci\u0107 nauczycieli wsp\u00f3lnie z Uniwersytetem Jagiello\u0144skim w Krakowie"},"content":{"rendered":"\n<p>Karpacka Pa\u0144stwowa Uczelnia w Kro\u015bnie 10 maja 2021 r. zawar\u0142a porozumienie o wsp\u00f3\u0142pracy z Uniwersytetem Jagiello\u0144skim w Krakowie, dotycz\u0105ce wsp\u00f3\u0142pracy w zakresie bada\u0144 naukowych i kszta\u0142cenia; w szczeg\u00f3lno\u015bci \u2013 prowadzenia przez KPU w Kro\u015bnie studi\u00f3w I stopnia na kierunku filologia angielska o profilu nauczycielskim, z mo\u017cliwo\u015bci\u0105 ich uzupe\u0142nienia w ramach studi\u00f3w magisterskich na Uniwersytecie Jagiello\u0144skim.<\/p>\n\n\n\n<p>Uniwersytet Jagiello\u0144ski zobowi\u0105zuje si\u0119 do prowadzenia nadzoru merytorycznego nad programami studi\u00f3w Karpackiej Pa\u0144stwowej Uczelni, ze szczeg\u00f3lnym uwzgl\u0119dnieniem modu\u0142u kszta\u0142cenia nauczycielskiego i metodologicznego.<\/p>\n\n\n\n<p>Rektorzy obu Uczelni \u2013 dr hab. Zbigniew Barabasz, prof. KPU oraz prof. dr hab. Jacek Popiel zadeklarowali wol\u0119 wsp\u00f3\u0142pracy naukowo-dydaktycznej, opieraj\u0105cej si\u0119 na wymianie do\u015bwiadcze\u0144 i udzia\u0142u wyk\u0142adowc\u00f3w we wzajemnych przedsi\u0119wzi\u0119ciach naukowych, konferencjach, seminariach, jak r\u00f3wnie\u017c wszelkiego rodzaju projektach, inicjatywach, wyk\u0142adach, doradztwie oraz wsp\u00f3\u0142pracy k\u00f3\u0142 naukowych, organizacji studenckich, praktyk zawodowych. &nbsp;<\/p>\n\n\n\n<p>To ju\u017c drugie porozumienie tego typu \u2013 podobne, dotycz\u0105ce wsp\u00f3\u0142pracy w zakresie kszta\u0142cenia nauczycieli na kierunku Pedagogika, rok temu kro\u015bnie\u0144ska Uczelnia zawar\u0142a z Uniwersytetem Pedagogicznym w Krakowie.<\/p>\n\n\n\n<p>Porozumienie jest sukcesem zapewniaj\u0105cym stabilny rozw\u00f3j kierunk\u00f3w humanistycznych prowadzonych w naszej Uczelni.<\/p>\n\n\n\n<figure class=\"wp-block-image is-style-default\"><img decoding=\"async\" src=\"https:\/\/pans.krosno.pl\/wp-content\/uploads\/2021\/06\/PTHBxa3L7MJ2KF4C9Qu3vIt_atKAXDwr.jpg\" alt=\"\" class=\"wp-image-26237\" \/><figcaption>Collegium Novum, \u017ar\u00f3d\u0142o: uj.edu.pl<\/figcaption><\/figure>\n","protected":false},"excerpt":{"rendered":"<p>Karpacka Pa\u0144stwowa Uczelnia w Kro\u015bnie 10 maja 2021 r. zawar\u0142a porozumienie o wsp\u00f3\u0142pracy z Uniwersytetem Jagiello\u0144skim w Krakowie, dotycz\u0105ce wsp\u00f3\u0142pracy w zakresie bada\u0144 naukowych i kszta\u0142cenia; w szczeg\u00f3lno\u015bci \u2013 prowadzenia przez KPU w Kro\u015bnie studi\u00f3w I stopnia na kierunku filologia angielska o profilu nauczycielskim, z mo\u017cliwo\u015bci\u0105 ich uzupe\u0142nienia w ramach [\u2026] <\/p>\n<div class=\"clear\"><\/div>\n<p><a class=\"more_link clearfix\" href=\"https:\/\/pans.krosno.pl\/instytut-humanistyczny\/karpacka-panstwowa-uczelnia-w-krosnie-bedzie-ksztalcic-nauczycieli-wspolnie-uniwersytetem-jagiellonskim-w-krakowie\/\" rel=\"nofollow\">Read More<\/a><\/p>\n","protected":false},"author":57,"featured_media":1059,"comment_status":"open","ping_status":"open","sticky":false,"template":"","format":"standard","meta":{"ngg_post_thumbnail":0,"footnotes":""},"categories":[1],"tags":[],"class_list":["post-1056","post","type-post","status-publish","format-standard","has-post-thumbnail","hentry","category-bez-kategorii"],"yoast_head":"<!-- This site is optimized with the Yoast SEO Premium plugin v27.4 (Yoast SEO v27.4) - https:\/\/yoast.com\/product\/yoast-seo-premium-wordpress\/ -->\n<title>Karpacka Pa\u0144stwowa Uczelnia w Kro\u015bnie b\u0119dzie kszta\u0142ci\u0107 nauczycieli wsp\u00f3lnie z Uniwersytetem Jagiello\u0144skim w Krakowie - Instytut Humanistyczny PANS w Kro\u015bnie<\/title>\n<meta name=\"robots\" content=\"index, follow, max-snippet:-1, max-image-preview:large, max-video-preview:-1\" \/>\n<link rel=\"canonical\" href=\"https:\/\/pans.krosno.pl\/instytut-humanistyczny\/karpacka-panstwowa-uczelnia-w-krosnie-bedzie-ksztalcic-nauczycieli-wspolnie-uniwersytetem-jagiellonskim-w-krakowie\/\" \/>\n<meta property=\"og:locale\" content=\"pl_PL\" \/>\n<meta property=\"og:type\" content=\"article\" \/>\n<meta property=\"og:title\" content=\"Karpacka Pa\u0144stwowa Uczelnia w Kro\u015bnie b\u0119dzie kszta\u0142ci\u0107 nauczycieli wsp\u00f3lnie z Uniwersytetem Jagiello\u0144skim w Krakowie\" \/>\n<meta property=\"og:description\" content=\"Karpacka Pa\u0144stwowa Uczelnia w Kro\u015bnie 10 maja 2021 r. zawar\u0142a porozumienie o wsp\u00f3\u0142pracy z Uniwersytetem Jagiello\u0144skim w Krakowie, dotycz\u0105ce wsp\u00f3\u0142pracy w zakresie bada\u0144 naukowych i kszta\u0142cenia; w szczeg\u00f3lno\u015bci \u2013 prowadzenia przez KPU w Kro\u015bnie studi\u00f3w I stopnia na kierunku filologia angielska o profilu nauczycielskim, z mo\u017cliwo\u015bci\u0105 ich uzupe\u0142nienia w ramach [\u2026] Read More\" \/>\n<meta property=\"og:url\" content=\"https:\/\/pans.krosno.pl\/instytut-humanistyczny\/karpacka-panstwowa-uczelnia-w-krosnie-bedzie-ksztalcic-nauczycieli-wspolnie-uniwersytetem-jagiellonskim-w-krakowie\/\" \/>\n<meta property=\"og:site_name\" content=\"Instytut Humanistyczny PANS w Kro\u015bnie\" \/>\n<meta property=\"article:published_time\" content=\"2021-06-28T22:11:30+00:00\" \/>\n<meta property=\"article:modified_time\" content=\"2021-06-29T05:46:48+00:00\" \/>\n<meta property=\"og:image\" content=\"https:\/\/pans.krosno.pl\/wp-content\/uploads\/sites\/9\/2021\/06\/novum.jpg\" \/>\n\t<meta property=\"og:image:width\" content=\"276\" \/>\n\t<meta property=\"og:image:height\" content=\"183\" \/>\n\t<meta property=\"og:image:type\" content=\"image\/jpeg\" \/>\n<meta name=\"author\" content=\"Bartosz Go\u0142\u0105bek\" \/>\n<meta name=\"twitter:card\" content=\"summary_large_image\" \/>\n<meta name=\"twitter:label1\" content=\"Napisane przez\" \/>\n\t<meta name=\"twitter:data1\" content=\"Bartosz Go\u0142\u0105bek\" \/>\n\t<meta name=\"twitter:label2\" content=\"Szacowany czas czytania\" \/>\n\t<meta name=\"twitter:data2\" content=\"1 minuta\" \/>\n<script type=\"application\/ld+json\" class=\"yoast-schema-graph\">{\"@context\":\"https:\\\/\\\/schema.org\",\"@graph\":[{\"@type\":\"Article\",\"@id\":\"https:\\\/\\\/pans.krosno.pl\\\/instytut-humanistyczny\\\/karpacka-panstwowa-uczelnia-w-krosnie-bedzie-ksztalcic-nauczycieli-wspolnie-uniwersytetem-jagiellonskim-w-krakowie\\\/#article\",\"isPartOf\":{\"@id\":\"https:\\\/\\\/pans.krosno.pl\\\/instytut-humanistyczny\\\/karpacka-panstwowa-uczelnia-w-krosnie-bedzie-ksztalcic-nauczycieli-wspolnie-uniwersytetem-jagiellonskim-w-krakowie\\\/\"},\"author\":{\"name\":\"Bartosz Go\u0142\u0105bek\",\"@id\":\"https:\\\/\\\/pans.krosno.pl\\\/instytut-humanistyczny\\\/#\\\/schema\\\/person\\\/cb70195a5aeabe88d51256d821faa2d9\"},\"headline\":\"Karpacka Pa\u0144stwowa Uczelnia w Kro\u015bnie b\u0119dzie kszta\u0142ci\u0107 nauczycieli wsp\u00f3lnie z Uniwersytetem Jagiello\u0144skim w Krakowie\",\"datePublished\":\"2021-06-28T22:11:30+00:00\",\"dateModified\":\"2021-06-29T05:46:48+00:00\",\"mainEntityOfPage\":{\"@id\":\"https:\\\/\\\/pans.krosno.pl\\\/instytut-humanistyczny\\\/karpacka-panstwowa-uczelnia-w-krosnie-bedzie-ksztalcic-nauczycieli-wspolnie-uniwersytetem-jagiellonskim-w-krakowie\\\/\"},\"wordCount\":235,\"commentCount\":0,\"publisher\":{\"@id\":\"https:\\\/\\\/pans.krosno.pl\\\/instytut-humanistyczny\\\/#organization\"},\"image\":{\"@id\":\"https:\\\/\\\/pans.krosno.pl\\\/instytut-humanistyczny\\\/karpacka-panstwowa-uczelnia-w-krosnie-bedzie-ksztalcic-nauczycieli-wspolnie-uniwersytetem-jagiellonskim-w-krakowie\\\/#primaryimage\"},\"thumbnailUrl\":\"https:\\\/\\\/pans.krosno.pl\\\/instytut-humanistyczny\\\/wp-content\\\/uploads\\\/sites\\\/9\\\/2021\\\/06\\\/novum.jpg\",\"inLanguage\":\"pl-PL\",\"potentialAction\":[{\"@type\":\"CommentAction\",\"name\":\"Comment\",\"target\":[\"https:\\\/\\\/pans.krosno.pl\\\/instytut-humanistyczny\\\/karpacka-panstwowa-uczelnia-w-krosnie-bedzie-ksztalcic-nauczycieli-wspolnie-uniwersytetem-jagiellonskim-w-krakowie\\\/#respond\"]}]},{\"@type\":\"WebPage\",\"@id\":\"https:\\\/\\\/pans.krosno.pl\\\/instytut-humanistyczny\\\/karpacka-panstwowa-uczelnia-w-krosnie-bedzie-ksztalcic-nauczycieli-wspolnie-uniwersytetem-jagiellonskim-w-krakowie\\\/\",\"url\":\"https:\\\/\\\/pans.krosno.pl\\\/instytut-humanistyczny\\\/karpacka-panstwowa-uczelnia-w-krosnie-bedzie-ksztalcic-nauczycieli-wspolnie-uniwersytetem-jagiellonskim-w-krakowie\\\/\",\"name\":\"Karpacka Pa\u0144stwowa Uczelnia w Kro\u015bnie b\u0119dzie kszta\u0142ci\u0107 nauczycieli wsp\u00f3lnie z Uniwersytetem Jagiello\u0144skim w Krakowie - Instytut Humanistyczny PANS w Kro\u015bnie\",\"isPartOf\":{\"@id\":\"https:\\\/\\\/pans.krosno.pl\\\/instytut-humanistyczny\\\/#website\"},\"primaryImageOfPage\":{\"@id\":\"https:\\\/\\\/pans.krosno.pl\\\/instytut-humanistyczny\\\/karpacka-panstwowa-uczelnia-w-krosnie-bedzie-ksztalcic-nauczycieli-wspolnie-uniwersytetem-jagiellonskim-w-krakowie\\\/#primaryimage\"},\"image\":{\"@id\":\"https:\\\/\\\/pans.krosno.pl\\\/instytut-humanistyczny\\\/karpacka-panstwowa-uczelnia-w-krosnie-bedzie-ksztalcic-nauczycieli-wspolnie-uniwersytetem-jagiellonskim-w-krakowie\\\/#primaryimage\"},\"thumbnailUrl\":\"https:\\\/\\\/pans.krosno.pl\\\/instytut-humanistyczny\\\/wp-content\\\/uploads\\\/sites\\\/9\\\/2021\\\/06\\\/novum.jpg\",\"datePublished\":\"2021-06-28T22:11:30+00:00\",\"dateModified\":\"2021-06-29T05:46:48+00:00\",\"breadcrumb\":{\"@id\":\"https:\\\/\\\/pans.krosno.pl\\\/instytut-humanistyczny\\\/karpacka-panstwowa-uczelnia-w-krosnie-bedzie-ksztalcic-nauczycieli-wspolnie-uniwersytetem-jagiellonskim-w-krakowie\\\/#breadcrumb\"},\"inLanguage\":\"pl-PL\",\"potentialAction\":[{\"@type\":\"ReadAction\",\"target\":[\"https:\\\/\\\/pans.krosno.pl\\\/instytut-humanistyczny\\\/karpacka-panstwowa-uczelnia-w-krosnie-bedzie-ksztalcic-nauczycieli-wspolnie-uniwersytetem-jagiellonskim-w-krakowie\\\/\"]}]},{\"@type\":\"ImageObject\",\"inLanguage\":\"pl-PL\",\"@id\":\"https:\\\/\\\/pans.krosno.pl\\\/instytut-humanistyczny\\\/karpacka-panstwowa-uczelnia-w-krosnie-bedzie-ksztalcic-nauczycieli-wspolnie-uniwersytetem-jagiellonskim-w-krakowie\\\/#primaryimage\",\"url\":\"https:\\\/\\\/pans.krosno.pl\\\/instytut-humanistyczny\\\/wp-content\\\/uploads\\\/sites\\\/9\\\/2021\\\/06\\\/novum.jpg\",\"contentUrl\":\"https:\\\/\\\/pans.krosno.pl\\\/instytut-humanistyczny\\\/wp-content\\\/uploads\\\/sites\\\/9\\\/2021\\\/06\\\/novum.jpg\",\"width\":276,\"height\":183},{\"@type\":\"BreadcrumbList\",\"@id\":\"https:\\\/\\\/pans.krosno.pl\\\/instytut-humanistyczny\\\/karpacka-panstwowa-uczelnia-w-krosnie-bedzie-ksztalcic-nauczycieli-wspolnie-uniwersytetem-jagiellonskim-w-krakowie\\\/#breadcrumb\",\"itemListElement\":[{\"@type\":\"ListItem\",\"position\":1,\"name\":\"Strona g\u0142\u00f3wna\",\"item\":\"https:\\\/\\\/pans.krosno.pl\\\/instytut-humanistyczny\\\/\"},{\"@type\":\"ListItem\",\"position\":2,\"name\":\"Karpacka Pa\u0144stwowa Uczelnia w Kro\u015bnie b\u0119dzie kszta\u0142ci\u0107 nauczycieli wsp\u00f3lnie z Uniwersytetem Jagiello\u0144skim w Krakowie\"}]},{\"@type\":\"WebSite\",\"@id\":\"https:\\\/\\\/pans.krosno.pl\\\/instytut-humanistyczny\\\/#website\",\"url\":\"https:\\\/\\\/pans.krosno.pl\\\/instytut-humanistyczny\\\/\",\"name\":\"Instytut Humanistyczny PANS w Kro\u015bnie\",\"description\":\"Instytut Humanistyczny - Pa\u0144stwowa Akademia Nauk Stosowanych\",\"publisher\":{\"@id\":\"https:\\\/\\\/pans.krosno.pl\\\/instytut-humanistyczny\\\/#organization\"},\"potentialAction\":[{\"@type\":\"SearchAction\",\"target\":{\"@type\":\"EntryPoint\",\"urlTemplate\":\"https:\\\/\\\/pans.krosno.pl\\\/instytut-humanistyczny\\\/?s={search_term_string}\"},\"query-input\":{\"@type\":\"PropertyValueSpecification\",\"valueRequired\":true,\"valueName\":\"search_term_string\"}}],\"inLanguage\":\"pl-PL\"},{\"@type\":\"Organization\",\"@id\":\"https:\\\/\\\/pans.krosno.pl\\\/instytut-humanistyczny\\\/#organization\",\"name\":\"Instytut Humanistyczny PANS w Kro\u015bnie\",\"url\":\"https:\\\/\\\/pans.krosno.pl\\\/instytut-humanistyczny\\\/\",\"logo\":{\"@type\":\"ImageObject\",\"inLanguage\":\"pl-PL\",\"@id\":\"https:\\\/\\\/pans.krosno.pl\\\/instytut-humanistyczny\\\/#\\\/schema\\\/logo\\\/image\\\/\",\"url\":\"https:\\\/\\\/pans.krosno.pl\\\/instytut-humanistyczny\\\/wp-content\\\/uploads\\\/sites\\\/9\\\/2023\\\/01\\\/Logo-PANS-2022-pelne.png\",\"contentUrl\":\"https:\\\/\\\/pans.krosno.pl\\\/instytut-humanistyczny\\\/wp-content\\\/uploads\\\/sites\\\/9\\\/2023\\\/01\\\/Logo-PANS-2022-pelne.png\",\"width\":3096,\"height\":696,\"caption\":\"Instytut Humanistyczny PANS w Kro\u015bnie\"},\"image\":{\"@id\":\"https:\\\/\\\/pans.krosno.pl\\\/instytut-humanistyczny\\\/#\\\/schema\\\/logo\\\/image\\\/\"}},{\"@type\":\"Person\",\"@id\":\"https:\\\/\\\/pans.krosno.pl\\\/instytut-humanistyczny\\\/#\\\/schema\\\/person\\\/cb70195a5aeabe88d51256d821faa2d9\",\"name\":\"Bartosz Go\u0142\u0105bek\",\"image\":{\"@type\":\"ImageObject\",\"inLanguage\":\"pl-PL\",\"@id\":\"https:\\\/\\\/secure.gravatar.com\\\/avatar\\\/ad10819676385baed8ebd4d7be0d4ba77dd5fdc0f4779d414dea3126fd3aec33?s=96&d=mm&r=g\",\"url\":\"https:\\\/\\\/secure.gravatar.com\\\/avatar\\\/ad10819676385baed8ebd4d7be0d4ba77dd5fdc0f4779d414dea3126fd3aec33?s=96&d=mm&r=g\",\"contentUrl\":\"https:\\\/\\\/secure.gravatar.com\\\/avatar\\\/ad10819676385baed8ebd4d7be0d4ba77dd5fdc0f4779d414dea3126fd3aec33?s=96&d=mm&r=g\",\"caption\":\"Bartosz Go\u0142\u0105bek\"},\"description\":\"dr Bartosz Go\u0142\u0105bek Dyrektor Instytutu Humanistycznego Karpacka Pa\u0144stwowa Uczelnia w Kro\u015bnie (dawniej PWSZ)\",\"url\":\"https:\\\/\\\/pans.krosno.pl\\\/instytut-humanistyczny\\\/author\\\/bartoszgolabek\\\/\"}]}<\/script>\n<!-- \/ Yoast SEO Premium plugin. -->","yoast_head_json":{"title":"Karpacka Pa\u0144stwowa Uczelnia w Kro\u015bnie b\u0119dzie kszta\u0142ci\u0107 nauczycieli wsp\u00f3lnie z Uniwersytetem Jagiello\u0144skim w Krakowie - Instytut Humanistyczny PANS w Kro\u015bnie","robots":{"index":"index","follow":"follow","max-snippet":"max-snippet:-1","max-image-preview":"max-image-preview:large","max-video-preview":"max-video-preview:-1"},"canonical":"https:\/\/pans.krosno.pl\/instytut-humanistyczny\/karpacka-panstwowa-uczelnia-w-krosnie-bedzie-ksztalcic-nauczycieli-wspolnie-uniwersytetem-jagiellonskim-w-krakowie\/","og_locale":"pl_PL","og_type":"article","og_title":"Karpacka Pa\u0144stwowa Uczelnia w Kro\u015bnie b\u0119dzie kszta\u0142ci\u0107 nauczycieli wsp\u00f3lnie z Uniwersytetem Jagiello\u0144skim w Krakowie","og_description":"Karpacka Pa\u0144stwowa Uczelnia w Kro\u015bnie 10 maja 2021 r. zawar\u0142a porozumienie o wsp\u00f3\u0142pracy z Uniwersytetem Jagiello\u0144skim w Krakowie, dotycz\u0105ce wsp\u00f3\u0142pracy w zakresie bada\u0144 naukowych i kszta\u0142cenia; w szczeg\u00f3lno\u015bci \u2013 prowadzenia przez KPU w Kro\u015bnie studi\u00f3w I stopnia na kierunku filologia angielska o profilu nauczycielskim, z mo\u017cliwo\u015bci\u0105 ich uzupe\u0142nienia w ramach [\u2026] Read More","og_url":"https:\/\/pans.krosno.pl\/instytut-humanistyczny\/karpacka-panstwowa-uczelnia-w-krosnie-bedzie-ksztalcic-nauczycieli-wspolnie-uniwersytetem-jagiellonskim-w-krakowie\/","og_site_name":"Instytut Humanistyczny PANS w Kro\u015bnie","article_published_time":"2021-06-28T22:11:30+00:00","article_modified_time":"2021-06-29T05:46:48+00:00","og_image":[{"width":276,"height":183,"url":"https:\/\/pans.krosno.pl\/wp-content\/uploads\/sites\/9\/2021\/06\/novum.jpg","type":"image\/jpeg"}],"author":"Bartosz Go\u0142\u0105bek","twitter_card":"summary_large_image","twitter_misc":{"Napisane przez":"Bartosz Go\u0142\u0105bek","Szacowany czas czytania":"1 minuta"},"schema":{"@context":"https:\/\/schema.org","@graph":[{"@type":"Article","@id":"https:\/\/pans.krosno.pl\/instytut-humanistyczny\/karpacka-panstwowa-uczelnia-w-krosnie-bedzie-ksztalcic-nauczycieli-wspolnie-uniwersytetem-jagiellonskim-w-krakowie\/#article","isPartOf":{"@id":"https:\/\/pans.krosno.pl\/instytut-humanistyczny\/karpacka-panstwowa-uczelnia-w-krosnie-bedzie-ksztalcic-nauczycieli-wspolnie-uniwersytetem-jagiellonskim-w-krakowie\/"},"author":{"name":"Bartosz Go\u0142\u0105bek","@id":"https:\/\/pans.krosno.pl\/instytut-humanistyczny\/#\/schema\/person\/cb70195a5aeabe88d51256d821faa2d9"},"headline":"Karpacka Pa\u0144stwowa Uczelnia w Kro\u015bnie b\u0119dzie kszta\u0142ci\u0107 nauczycieli wsp\u00f3lnie z Uniwersytetem Jagiello\u0144skim w Krakowie","datePublished":"2021-06-28T22:11:30+00:00","dateModified":"2021-06-29T05:46:48+00:00","mainEntityOfPage":{"@id":"https:\/\/pans.krosno.pl\/instytut-humanistyczny\/karpacka-panstwowa-uczelnia-w-krosnie-bedzie-ksztalcic-nauczycieli-wspolnie-uniwersytetem-jagiellonskim-w-krakowie\/"},"wordCount":235,"commentCount":0,"publisher":{"@id":"https:\/\/pans.krosno.pl\/instytut-humanistyczny\/#organization"},"image":{"@id":"https:\/\/pans.krosno.pl\/instytut-humanistyczny\/karpacka-panstwowa-uczelnia-w-krosnie-bedzie-ksztalcic-nauczycieli-wspolnie-uniwersytetem-jagiellonskim-w-krakowie\/#primaryimage"},"thumbnailUrl":"https:\/\/pans.krosno.pl\/instytut-humanistyczny\/wp-content\/uploads\/sites\/9\/2021\/06\/novum.jpg","inLanguage":"pl-PL","potentialAction":[{"@type":"CommentAction","name":"Comment","target":["https:\/\/pans.krosno.pl\/instytut-humanistyczny\/karpacka-panstwowa-uczelnia-w-krosnie-bedzie-ksztalcic-nauczycieli-wspolnie-uniwersytetem-jagiellonskim-w-krakowie\/#respond"]}]},{"@type":"WebPage","@id":"https:\/\/pans.krosno.pl\/instytut-humanistyczny\/karpacka-panstwowa-uczelnia-w-krosnie-bedzie-ksztalcic-nauczycieli-wspolnie-uniwersytetem-jagiellonskim-w-krakowie\/","url":"https:\/\/pans.krosno.pl\/instytut-humanistyczny\/karpacka-panstwowa-uczelnia-w-krosnie-bedzie-ksztalcic-nauczycieli-wspolnie-uniwersytetem-jagiellonskim-w-krakowie\/","name":"Karpacka Pa\u0144stwowa Uczelnia w Kro\u015bnie b\u0119dzie kszta\u0142ci\u0107 nauczycieli wsp\u00f3lnie z Uniwersytetem Jagiello\u0144skim w Krakowie - Instytut Humanistyczny PANS w Kro\u015bnie","isPartOf":{"@id":"https:\/\/pans.krosno.pl\/instytut-humanistyczny\/#website"},"primaryImageOfPage":{"@id":"https:\/\/pans.krosno.pl\/instytut-humanistyczny\/karpacka-panstwowa-uczelnia-w-krosnie-bedzie-ksztalcic-nauczycieli-wspolnie-uniwersytetem-jagiellonskim-w-krakowie\/#primaryimage"},"image":{"@id":"https:\/\/pans.krosno.pl\/instytut-humanistyczny\/karpacka-panstwowa-uczelnia-w-krosnie-bedzie-ksztalcic-nauczycieli-wspolnie-uniwersytetem-jagiellonskim-w-krakowie\/#primaryimage"},"thumbnailUrl":"https:\/\/pans.krosno.pl\/instytut-humanistyczny\/wp-content\/uploads\/sites\/9\/2021\/06\/novum.jpg","datePublished":"2021-06-28T22:11:30+00:00","dateModified":"2021-06-29T05:46:48+00:00","breadcrumb":{"@id":"https:\/\/pans.krosno.pl\/instytut-humanistyczny\/karpacka-panstwowa-uczelnia-w-krosnie-bedzie-ksztalcic-nauczycieli-wspolnie-uniwersytetem-jagiellonskim-w-krakowie\/#breadcrumb"},"inLanguage":"pl-PL","potentialAction":[{"@type":"ReadAction","target":["https:\/\/pans.krosno.pl\/instytut-humanistyczny\/karpacka-panstwowa-uczelnia-w-krosnie-bedzie-ksztalcic-nauczycieli-wspolnie-uniwersytetem-jagiellonskim-w-krakowie\/"]}]},{"@type":"ImageObject","inLanguage":"pl-PL","@id":"https:\/\/pans.krosno.pl\/instytut-humanistyczny\/karpacka-panstwowa-uczelnia-w-krosnie-bedzie-ksztalcic-nauczycieli-wspolnie-uniwersytetem-jagiellonskim-w-krakowie\/#primaryimage","url":"https:\/\/pans.krosno.pl\/instytut-humanistyczny\/wp-content\/uploads\/sites\/9\/2021\/06\/novum.jpg","contentUrl":"https:\/\/pans.krosno.pl\/instytut-humanistyczny\/wp-content\/uploads\/sites\/9\/2021\/06\/novum.jpg","width":276,"height":183},{"@type":"BreadcrumbList","@id":"https:\/\/pans.krosno.pl\/instytut-humanistyczny\/karpacka-panstwowa-uczelnia-w-krosnie-bedzie-ksztalcic-nauczycieli-wspolnie-uniwersytetem-jagiellonskim-w-krakowie\/#breadcrumb","itemListElement":[{"@type":"ListItem","position":1,"name":"Strona g\u0142\u00f3wna","item":"https:\/\/pans.krosno.pl\/instytut-humanistyczny\/"},{"@type":"ListItem","position":2,"name":"Karpacka Pa\u0144stwowa Uczelnia w Kro\u015bnie b\u0119dzie kszta\u0142ci\u0107 nauczycieli wsp\u00f3lnie z Uniwersytetem Jagiello\u0144skim w Krakowie"}]},{"@type":"WebSite","@id":"https:\/\/pans.krosno.pl\/instytut-humanistyczny\/#website","url":"https:\/\/pans.krosno.pl\/instytut-humanistyczny\/","name":"Instytut Humanistyczny PANS w Kro\u015bnie","description":"Instytut Humanistyczny - Pa\u0144stwowa Akademia Nauk Stosowanych","publisher":{"@id":"https:\/\/pans.krosno.pl\/instytut-humanistyczny\/#organization"},"potentialAction":[{"@type":"SearchAction","target":{"@type":"EntryPoint","urlTemplate":"https:\/\/pans.krosno.pl\/instytut-humanistyczny\/?s={search_term_string}"},"query-input":{"@type":"PropertyValueSpecification","valueRequired":true,"valueName":"search_term_string"}}],"inLanguage":"pl-PL"},{"@type":"Organization","@id":"https:\/\/pans.krosno.pl\/instytut-humanistyczny\/#organization","name":"Instytut Humanistyczny PANS w Kro\u015bnie","url":"https:\/\/pans.krosno.pl\/instytut-humanistyczny\/","logo":{"@type":"ImageObject","inLanguage":"pl-PL","@id":"https:\/\/pans.krosno.pl\/instytut-humanistyczny\/#\/schema\/logo\/image\/","url":"https:\/\/pans.krosno.pl\/instytut-humanistyczny\/wp-content\/uploads\/sites\/9\/2023\/01\/Logo-PANS-2022-pelne.png","contentUrl":"https:\/\/pans.krosno.pl\/instytut-humanistyczny\/wp-content\/uploads\/sites\/9\/2023\/01\/Logo-PANS-2022-pelne.png","width":3096,"height":696,"caption":"Instytut Humanistyczny PANS w Kro\u015bnie"},"image":{"@id":"https:\/\/pans.krosno.pl\/instytut-humanistyczny\/#\/schema\/logo\/image\/"}},{"@type":"Person","@id":"https:\/\/pans.krosno.pl\/instytut-humanistyczny\/#\/schema\/person\/cb70195a5aeabe88d51256d821faa2d9","name":"Bartosz Go\u0142\u0105bek","image":{"@type":"ImageObject","inLanguage":"pl-PL","@id":"https:\/\/secure.gravatar.com\/avatar\/ad10819676385baed8ebd4d7be0d4ba77dd5fdc0f4779d414dea3126fd3aec33?s=96&d=mm&r=g","url":"https:\/\/secure.gravatar.com\/avatar\/ad10819676385baed8ebd4d7be0d4ba77dd5fdc0f4779d414dea3126fd3aec33?s=96&d=mm&r=g","contentUrl":"https:\/\/secure.gravatar.com\/avatar\/ad10819676385baed8ebd4d7be0d4ba77dd5fdc0f4779d414dea3126fd3aec33?s=96&d=mm&r=g","caption":"Bartosz Go\u0142\u0105bek"},"description":"dr Bartosz Go\u0142\u0105bek Dyrektor Instytutu Humanistycznego Karpacka Pa\u0144stwowa Uczelnia w Kro\u015bnie (dawniej PWSZ)","url":"https:\/\/pans.krosno.pl\/instytut-humanistyczny\/author\/bartoszgolabek\/"}]}},"_links":{"self":[{"href":"https:\/\/pans.krosno.pl\/instytut-humanistyczny\/wp-json\/wp\/v2\/posts\/1056","targetHints":{"allow":["GET"]}}],"collection":[{"href":"https:\/\/pans.krosno.pl\/instytut-humanistyczny\/wp-json\/wp\/v2\/posts"}],"about":[{"href":"https:\/\/pans.krosno.pl\/instytut-humanistyczny\/wp-json\/wp\/v2\/types\/post"}],"author":[{"embeddable":true,"href":"https:\/\/pans.krosno.pl\/instytut-humanistyczny\/wp-json\/wp\/v2\/users\/57"}],"replies":[{"embeddable":true,"href":"https:\/\/pans.krosno.pl\/instytut-humanistyczny\/wp-json\/wp\/v2\/comments?post=1056"}],"version-history":[{"count":4,"href":"https:\/\/pans.krosno.pl\/instytut-humanistyczny\/wp-json\/wp\/v2\/posts\/1056\/revisions"}],"predecessor-version":[{"id":1061,"href":"https:\/\/pans.krosno.pl\/instytut-humanistyczny\/wp-json\/wp\/v2\/posts\/1056\/revisions\/1061"}],"wp:featuredmedia":[{"embeddable":true,"href":"https:\/\/pans.krosno.pl\/instytut-humanistyczny\/wp-json\/wp\/v2\/media\/1059"}],"wp:attachment":[{"href":"https:\/\/pans.krosno.pl\/instytut-humanistyczny\/wp-json\/wp\/v2\/media?parent=1056"}],"wp:term":[{"taxonomy":"category","embeddable":true,"href":"https:\/\/pans.krosno.pl\/instytut-humanistyczny\/wp-json\/wp\/v2\/categories?post=1056"},{"taxonomy":"post_tag","embeddable":true,"href":"https:\/\/pans.krosno.pl\/instytut-humanistyczny\/wp-json\/wp\/v2\/tags?post=1056"}],"curies":[{"name":"wp","href":"https:\/\/api.w.org\/{rel}","templated":true}]}}