{"id":1045,"date":"2021-06-25T07:57:42","date_gmt":"2021-06-25T05:57:42","guid":{"rendered":"https:\/\/pans.krosno.pl\/instytut-humanistyczny\/?p=1045"},"modified":"2021-06-30T19:43:38","modified_gmt":"2021-06-30T17:43:38","slug":"rok-tadeusza-rozewicza","status":"publish","type":"post","link":"https:\/\/pans.krosno.pl\/instytut-humanistyczny\/rok-tadeusza-rozewicza\/","title":{"rendered":"Rok Tadeusza R\u00f3\u017cewicza"},"content":{"rendered":"\n<p>Rok 2021 og\u0142oszony zosta\u0142 Uchwa\u0142\u0105 Sejmu Rzeczypospolitej Polskiej (z<br>27. 11. 2020 roku) Rokiem Tadeusza R\u00f3\u017cewicza w 100. rocznic\u0119 jego<br>urodzin.<br>Warto przypomnie\u0107, \u017ce zaraz po \u015bmierci poety w 2014 roku, dla<br>uczczenia Jego pami\u0119ci, dr Leokadia Styrcz-Przebinda zorganizowa\u0142a w<br>naszej szkole sesj\u0119 wspomnieniow\u0105 z udzia\u0142em student\u00f3w r\u00f3\u017cnych<br>kierunk\u00f3w. Spotkanie to, pod auspicjami Ko\u0142a Naukowego Rusycyst\u00f3w,<br>dzia\u0142aj\u0105cego w \u00f3wczesnej PWSZ im. Stanis\u0142awa Pigonia w Kro\u015bnie, by\u0142o<br>po\u0142\u0105czone z recytacj\u0105 przek\u0142ad\u00f3w wybranych wierszy Tadeusza R\u00f3\u017cewicza<br>na j\u0119zyk rosyjski i angielski.<br>Przypomnieli\u015bmy te\u017c sobie g\u0142os poety w jego radiowej rozmowie z<br>Czes\u0142awem Mi\u0142oszem. Czasem m\u00f3wi si\u0119 przecie\u017c, \u017ce R\u00f3\u017cewicz by\u0142<br>anty-\u200bMi\u0142oszem. Rzeczywi\u015bcie bywali do siebie nastawieni polemicznie,<br>czemu dawali te\u017c wyraz w swych wierszach.<br>Uzasadnia to dodatkowo tytu\u0142 tamtej naszej wspomnieniowej sesji:<br><a href=\"http:\/\/przebindapisze.pl\/2021\/05\/07\/spotkanie-1-jak-poeta-z-poeta-rozmowa-rozewicza-z-miloszem\/\">&#8222;Jak Poeta z Poet\u0105. Rozmowa R\u00f3\u017cewicza z Mi\u0142oszem&#8221;<\/a>.<\/p>\n\n\n\n<p><\/p>\n\n\n\n<p> <a href=\"http:\/\/przebindapisze.pl\/2021\/05\/07\/spotkanie-1-jak-poeta-z-poeta-rozmowa-rozewicza-z-miloszem\/\">http:\/\/przebindapisze.pl\/2021\/05\/07\/spotkanie-1-jak-poeta-z-poeta-rozmowa-rozewicza-z-miloszem\/<\/a><br><br>Wi\u0119cej informacji oraz cennych odes\u0142a\u0144 (w tym r\u00f3wnie\u017c do wierszy,<br>kt\u00f3re wypada zna\u0107)<br><a href=\"http:\/\/www.wbp.kielce.pl\/biblioteka\/rok-tadeusza-rozewicza\">http:\/\/www.wbp.kielce.pl\/biblioteka\/rok-tadeusza-rozewicza<\/a><br><a href=\"https:\/\/culture.pl\/pl\/tworca\/tadeusz-rozewicz\">https:\/\/culture.pl\/pl\/tworca\/tadeusz-rozewicz<\/a><\/p>\n","protected":false},"excerpt":{"rendered":"<p>Rok 2021 og\u0142oszony zosta\u0142 Uchwa\u0142\u0105 Sejmu Rzeczypospolitej Polskiej (z27. 11. 2020 roku) Rokiem Tadeusza R\u00f3\u017cewicza w 100. rocznic\u0119 jegourodzin.Warto przypomnie\u0107, \u017ce zaraz po \u015bmierci poety w 2014 roku, dlauczczenia Jego pami\u0119ci, dr Leokadia Styrcz-Przebinda zorganizowa\u0142a wnaszej szkole sesj\u0119 wspomnieniow\u0105 z udzia\u0142em student\u00f3w r\u00f3\u017cnychkierunk\u00f3w. Spotkanie to, pod auspicjami Ko\u0142a Naukowego Rusycyst\u00f3w,dzia\u0142aj\u0105cego [\u2026] <\/p>\n<div class=\"clear\"><\/div>\n<p><a class=\"more_link clearfix\" href=\"https:\/\/pans.krosno.pl\/instytut-humanistyczny\/rok-tadeusza-rozewicza\/\" rel=\"nofollow\">Read More<\/a><\/p>\n","protected":false},"author":57,"featured_media":1046,"comment_status":"open","ping_status":"open","sticky":false,"template":"","format":"standard","meta":{"ngg_post_thumbnail":0,"footnotes":""},"categories":[1],"tags":[],"class_list":["post-1045","post","type-post","status-publish","format-standard","has-post-thumbnail","hentry","category-bez-kategorii"],"yoast_head":"<!-- This site is optimized with the Yoast SEO Premium plugin v27.4 (Yoast SEO v27.4) - https:\/\/yoast.com\/product\/yoast-seo-premium-wordpress\/ -->\n<title>Rok Tadeusza R\u00f3\u017cewicza - Instytut Humanistyczny PANS w Kro\u015bnie<\/title>\n<meta name=\"robots\" content=\"index, follow, max-snippet:-1, max-image-preview:large, max-video-preview:-1\" \/>\n<link rel=\"canonical\" href=\"https:\/\/pans.krosno.pl\/instytut-humanistyczny\/rok-tadeusza-rozewicza\/\" \/>\n<meta property=\"og:locale\" content=\"pl_PL\" \/>\n<meta property=\"og:type\" content=\"article\" \/>\n<meta property=\"og:title\" content=\"Rok Tadeusza R\u00f3\u017cewicza\" \/>\n<meta property=\"og:description\" content=\"Rok 2021 og\u0142oszony zosta\u0142 Uchwa\u0142\u0105 Sejmu Rzeczypospolitej Polskiej (z27. 11. 2020 roku) Rokiem Tadeusza R\u00f3\u017cewicza w 100. rocznic\u0119 jegourodzin.Warto przypomnie\u0107, \u017ce zaraz po \u015bmierci poety w 2014 roku, dlauczczenia Jego pami\u0119ci, dr Leokadia Styrcz-Przebinda zorganizowa\u0142a wnaszej szkole sesj\u0119 wspomnieniow\u0105 z udzia\u0142em student\u00f3w r\u00f3\u017cnychkierunk\u00f3w. Spotkanie to, pod auspicjami Ko\u0142a Naukowego Rusycyst\u00f3w,dzia\u0142aj\u0105cego [\u2026] Read More\" \/>\n<meta property=\"og:url\" content=\"https:\/\/pans.krosno.pl\/instytut-humanistyczny\/rok-tadeusza-rozewicza\/\" \/>\n<meta property=\"og:site_name\" content=\"Instytut Humanistyczny PANS w Kro\u015bnie\" \/>\n<meta property=\"article:published_time\" content=\"2021-06-25T05:57:42+00:00\" \/>\n<meta property=\"article:modified_time\" content=\"2021-06-30T17:43:38+00:00\" \/>\n<meta property=\"og:image\" content=\"https:\/\/pans.krosno.pl\/wp-content\/uploads\/sites\/9\/2021\/06\/rozewicz.jpg\" \/>\n\t<meta property=\"og:image:width\" content=\"750\" \/>\n\t<meta property=\"og:image:height\" content=\"598\" \/>\n\t<meta property=\"og:image:type\" content=\"image\/jpeg\" \/>\n<meta name=\"author\" content=\"Bartosz Go\u0142\u0105bek\" \/>\n<meta name=\"twitter:card\" content=\"summary_large_image\" \/>\n<meta name=\"twitter:label1\" content=\"Napisane przez\" \/>\n\t<meta name=\"twitter:data1\" content=\"Bartosz Go\u0142\u0105bek\" \/>\n\t<meta name=\"twitter:label2\" content=\"Szacowany czas czytania\" \/>\n\t<meta name=\"twitter:data2\" content=\"1 minuta\" \/>\n<script type=\"application\/ld+json\" class=\"yoast-schema-graph\">{\"@context\":\"https:\\\/\\\/schema.org\",\"@graph\":[{\"@type\":\"Article\",\"@id\":\"https:\\\/\\\/pans.krosno.pl\\\/instytut-humanistyczny\\\/rok-tadeusza-rozewicza\\\/#article\",\"isPartOf\":{\"@id\":\"https:\\\/\\\/pans.krosno.pl\\\/instytut-humanistyczny\\\/rok-tadeusza-rozewicza\\\/\"},\"author\":{\"name\":\"Bartosz Go\u0142\u0105bek\",\"@id\":\"https:\\\/\\\/pans.krosno.pl\\\/instytut-humanistyczny\\\/#\\\/schema\\\/person\\\/cb70195a5aeabe88d51256d821faa2d9\"},\"headline\":\"Rok Tadeusza R\u00f3\u017cewicza\",\"datePublished\":\"2021-06-25T05:57:42+00:00\",\"dateModified\":\"2021-06-30T17:43:38+00:00\",\"mainEntityOfPage\":{\"@id\":\"https:\\\/\\\/pans.krosno.pl\\\/instytut-humanistyczny\\\/rok-tadeusza-rozewicza\\\/\"},\"wordCount\":185,\"commentCount\":0,\"publisher\":{\"@id\":\"https:\\\/\\\/pans.krosno.pl\\\/instytut-humanistyczny\\\/#organization\"},\"image\":{\"@id\":\"https:\\\/\\\/pans.krosno.pl\\\/instytut-humanistyczny\\\/rok-tadeusza-rozewicza\\\/#primaryimage\"},\"thumbnailUrl\":\"https:\\\/\\\/pans.krosno.pl\\\/instytut-humanistyczny\\\/wp-content\\\/uploads\\\/sites\\\/9\\\/2021\\\/06\\\/rozewicz.jpg\",\"inLanguage\":\"pl-PL\",\"potentialAction\":[{\"@type\":\"CommentAction\",\"name\":\"Comment\",\"target\":[\"https:\\\/\\\/pans.krosno.pl\\\/instytut-humanistyczny\\\/rok-tadeusza-rozewicza\\\/#respond\"]}]},{\"@type\":\"WebPage\",\"@id\":\"https:\\\/\\\/pans.krosno.pl\\\/instytut-humanistyczny\\\/rok-tadeusza-rozewicza\\\/\",\"url\":\"https:\\\/\\\/pans.krosno.pl\\\/instytut-humanistyczny\\\/rok-tadeusza-rozewicza\\\/\",\"name\":\"Rok Tadeusza R\u00f3\u017cewicza - Instytut Humanistyczny PANS w Kro\u015bnie\",\"isPartOf\":{\"@id\":\"https:\\\/\\\/pans.krosno.pl\\\/instytut-humanistyczny\\\/#website\"},\"primaryImageOfPage\":{\"@id\":\"https:\\\/\\\/pans.krosno.pl\\\/instytut-humanistyczny\\\/rok-tadeusza-rozewicza\\\/#primaryimage\"},\"image\":{\"@id\":\"https:\\\/\\\/pans.krosno.pl\\\/instytut-humanistyczny\\\/rok-tadeusza-rozewicza\\\/#primaryimage\"},\"thumbnailUrl\":\"https:\\\/\\\/pans.krosno.pl\\\/instytut-humanistyczny\\\/wp-content\\\/uploads\\\/sites\\\/9\\\/2021\\\/06\\\/rozewicz.jpg\",\"datePublished\":\"2021-06-25T05:57:42+00:00\",\"dateModified\":\"2021-06-30T17:43:38+00:00\",\"breadcrumb\":{\"@id\":\"https:\\\/\\\/pans.krosno.pl\\\/instytut-humanistyczny\\\/rok-tadeusza-rozewicza\\\/#breadcrumb\"},\"inLanguage\":\"pl-PL\",\"potentialAction\":[{\"@type\":\"ReadAction\",\"target\":[\"https:\\\/\\\/pans.krosno.pl\\\/instytut-humanistyczny\\\/rok-tadeusza-rozewicza\\\/\"]}]},{\"@type\":\"ImageObject\",\"inLanguage\":\"pl-PL\",\"@id\":\"https:\\\/\\\/pans.krosno.pl\\\/instytut-humanistyczny\\\/rok-tadeusza-rozewicza\\\/#primaryimage\",\"url\":\"https:\\\/\\\/pans.krosno.pl\\\/instytut-humanistyczny\\\/wp-content\\\/uploads\\\/sites\\\/9\\\/2021\\\/06\\\/rozewicz.jpg\",\"contentUrl\":\"https:\\\/\\\/pans.krosno.pl\\\/instytut-humanistyczny\\\/wp-content\\\/uploads\\\/sites\\\/9\\\/2021\\\/06\\\/rozewicz.jpg\",\"width\":750,\"height\":598},{\"@type\":\"BreadcrumbList\",\"@id\":\"https:\\\/\\\/pans.krosno.pl\\\/instytut-humanistyczny\\\/rok-tadeusza-rozewicza\\\/#breadcrumb\",\"itemListElement\":[{\"@type\":\"ListItem\",\"position\":1,\"name\":\"Strona g\u0142\u00f3wna\",\"item\":\"https:\\\/\\\/pans.krosno.pl\\\/instytut-humanistyczny\\\/\"},{\"@type\":\"ListItem\",\"position\":2,\"name\":\"Rok Tadeusza R\u00f3\u017cewicza\"}]},{\"@type\":\"WebSite\",\"@id\":\"https:\\\/\\\/pans.krosno.pl\\\/instytut-humanistyczny\\\/#website\",\"url\":\"https:\\\/\\\/pans.krosno.pl\\\/instytut-humanistyczny\\\/\",\"name\":\"Instytut Humanistyczny PANS w Kro\u015bnie\",\"description\":\"Instytut Humanistyczny - Pa\u0144stwowa Akademia Nauk Stosowanych\",\"publisher\":{\"@id\":\"https:\\\/\\\/pans.krosno.pl\\\/instytut-humanistyczny\\\/#organization\"},\"potentialAction\":[{\"@type\":\"SearchAction\",\"target\":{\"@type\":\"EntryPoint\",\"urlTemplate\":\"https:\\\/\\\/pans.krosno.pl\\\/instytut-humanistyczny\\\/?s={search_term_string}\"},\"query-input\":{\"@type\":\"PropertyValueSpecification\",\"valueRequired\":true,\"valueName\":\"search_term_string\"}}],\"inLanguage\":\"pl-PL\"},{\"@type\":\"Organization\",\"@id\":\"https:\\\/\\\/pans.krosno.pl\\\/instytut-humanistyczny\\\/#organization\",\"name\":\"Instytut Humanistyczny PANS w Kro\u015bnie\",\"url\":\"https:\\\/\\\/pans.krosno.pl\\\/instytut-humanistyczny\\\/\",\"logo\":{\"@type\":\"ImageObject\",\"inLanguage\":\"pl-PL\",\"@id\":\"https:\\\/\\\/pans.krosno.pl\\\/instytut-humanistyczny\\\/#\\\/schema\\\/logo\\\/image\\\/\",\"url\":\"https:\\\/\\\/pans.krosno.pl\\\/instytut-humanistyczny\\\/wp-content\\\/uploads\\\/sites\\\/9\\\/2023\\\/01\\\/Logo-PANS-2022-pelne.png\",\"contentUrl\":\"https:\\\/\\\/pans.krosno.pl\\\/instytut-humanistyczny\\\/wp-content\\\/uploads\\\/sites\\\/9\\\/2023\\\/01\\\/Logo-PANS-2022-pelne.png\",\"width\":3096,\"height\":696,\"caption\":\"Instytut Humanistyczny PANS w Kro\u015bnie\"},\"image\":{\"@id\":\"https:\\\/\\\/pans.krosno.pl\\\/instytut-humanistyczny\\\/#\\\/schema\\\/logo\\\/image\\\/\"}},{\"@type\":\"Person\",\"@id\":\"https:\\\/\\\/pans.krosno.pl\\\/instytut-humanistyczny\\\/#\\\/schema\\\/person\\\/cb70195a5aeabe88d51256d821faa2d9\",\"name\":\"Bartosz Go\u0142\u0105bek\",\"image\":{\"@type\":\"ImageObject\",\"inLanguage\":\"pl-PL\",\"@id\":\"https:\\\/\\\/secure.gravatar.com\\\/avatar\\\/ad10819676385baed8ebd4d7be0d4ba77dd5fdc0f4779d414dea3126fd3aec33?s=96&d=mm&r=g\",\"url\":\"https:\\\/\\\/secure.gravatar.com\\\/avatar\\\/ad10819676385baed8ebd4d7be0d4ba77dd5fdc0f4779d414dea3126fd3aec33?s=96&d=mm&r=g\",\"contentUrl\":\"https:\\\/\\\/secure.gravatar.com\\\/avatar\\\/ad10819676385baed8ebd4d7be0d4ba77dd5fdc0f4779d414dea3126fd3aec33?s=96&d=mm&r=g\",\"caption\":\"Bartosz Go\u0142\u0105bek\"},\"description\":\"dr Bartosz Go\u0142\u0105bek Dyrektor Instytutu Humanistycznego Karpacka Pa\u0144stwowa Uczelnia w Kro\u015bnie (dawniej PWSZ)\",\"url\":\"https:\\\/\\\/pans.krosno.pl\\\/instytut-humanistyczny\\\/author\\\/bartoszgolabek\\\/\"}]}<\/script>\n<!-- \/ Yoast SEO Premium plugin. -->","yoast_head_json":{"title":"Rok Tadeusza R\u00f3\u017cewicza - Instytut Humanistyczny PANS w Kro\u015bnie","robots":{"index":"index","follow":"follow","max-snippet":"max-snippet:-1","max-image-preview":"max-image-preview:large","max-video-preview":"max-video-preview:-1"},"canonical":"https:\/\/pans.krosno.pl\/instytut-humanistyczny\/rok-tadeusza-rozewicza\/","og_locale":"pl_PL","og_type":"article","og_title":"Rok Tadeusza R\u00f3\u017cewicza","og_description":"Rok 2021 og\u0142oszony zosta\u0142 Uchwa\u0142\u0105 Sejmu Rzeczypospolitej Polskiej (z27. 11. 2020 roku) Rokiem Tadeusza R\u00f3\u017cewicza w 100. rocznic\u0119 jegourodzin.Warto przypomnie\u0107, \u017ce zaraz po \u015bmierci poety w 2014 roku, dlauczczenia Jego pami\u0119ci, dr Leokadia Styrcz-Przebinda zorganizowa\u0142a wnaszej szkole sesj\u0119 wspomnieniow\u0105 z udzia\u0142em student\u00f3w r\u00f3\u017cnychkierunk\u00f3w. Spotkanie to, pod auspicjami Ko\u0142a Naukowego Rusycyst\u00f3w,dzia\u0142aj\u0105cego [\u2026] Read More","og_url":"https:\/\/pans.krosno.pl\/instytut-humanistyczny\/rok-tadeusza-rozewicza\/","og_site_name":"Instytut Humanistyczny PANS w Kro\u015bnie","article_published_time":"2021-06-25T05:57:42+00:00","article_modified_time":"2021-06-30T17:43:38+00:00","og_image":[{"width":750,"height":598,"url":"https:\/\/pans.krosno.pl\/wp-content\/uploads\/sites\/9\/2021\/06\/rozewicz.jpg","type":"image\/jpeg"}],"author":"Bartosz Go\u0142\u0105bek","twitter_card":"summary_large_image","twitter_misc":{"Napisane przez":"Bartosz Go\u0142\u0105bek","Szacowany czas czytania":"1 minuta"},"schema":{"@context":"https:\/\/schema.org","@graph":[{"@type":"Article","@id":"https:\/\/pans.krosno.pl\/instytut-humanistyczny\/rok-tadeusza-rozewicza\/#article","isPartOf":{"@id":"https:\/\/pans.krosno.pl\/instytut-humanistyczny\/rok-tadeusza-rozewicza\/"},"author":{"name":"Bartosz Go\u0142\u0105bek","@id":"https:\/\/pans.krosno.pl\/instytut-humanistyczny\/#\/schema\/person\/cb70195a5aeabe88d51256d821faa2d9"},"headline":"Rok Tadeusza R\u00f3\u017cewicza","datePublished":"2021-06-25T05:57:42+00:00","dateModified":"2021-06-30T17:43:38+00:00","mainEntityOfPage":{"@id":"https:\/\/pans.krosno.pl\/instytut-humanistyczny\/rok-tadeusza-rozewicza\/"},"wordCount":185,"commentCount":0,"publisher":{"@id":"https:\/\/pans.krosno.pl\/instytut-humanistyczny\/#organization"},"image":{"@id":"https:\/\/pans.krosno.pl\/instytut-humanistyczny\/rok-tadeusza-rozewicza\/#primaryimage"},"thumbnailUrl":"https:\/\/pans.krosno.pl\/instytut-humanistyczny\/wp-content\/uploads\/sites\/9\/2021\/06\/rozewicz.jpg","inLanguage":"pl-PL","potentialAction":[{"@type":"CommentAction","name":"Comment","target":["https:\/\/pans.krosno.pl\/instytut-humanistyczny\/rok-tadeusza-rozewicza\/#respond"]}]},{"@type":"WebPage","@id":"https:\/\/pans.krosno.pl\/instytut-humanistyczny\/rok-tadeusza-rozewicza\/","url":"https:\/\/pans.krosno.pl\/instytut-humanistyczny\/rok-tadeusza-rozewicza\/","name":"Rok Tadeusza R\u00f3\u017cewicza - Instytut Humanistyczny PANS w Kro\u015bnie","isPartOf":{"@id":"https:\/\/pans.krosno.pl\/instytut-humanistyczny\/#website"},"primaryImageOfPage":{"@id":"https:\/\/pans.krosno.pl\/instytut-humanistyczny\/rok-tadeusza-rozewicza\/#primaryimage"},"image":{"@id":"https:\/\/pans.krosno.pl\/instytut-humanistyczny\/rok-tadeusza-rozewicza\/#primaryimage"},"thumbnailUrl":"https:\/\/pans.krosno.pl\/instytut-humanistyczny\/wp-content\/uploads\/sites\/9\/2021\/06\/rozewicz.jpg","datePublished":"2021-06-25T05:57:42+00:00","dateModified":"2021-06-30T17:43:38+00:00","breadcrumb":{"@id":"https:\/\/pans.krosno.pl\/instytut-humanistyczny\/rok-tadeusza-rozewicza\/#breadcrumb"},"inLanguage":"pl-PL","potentialAction":[{"@type":"ReadAction","target":["https:\/\/pans.krosno.pl\/instytut-humanistyczny\/rok-tadeusza-rozewicza\/"]}]},{"@type":"ImageObject","inLanguage":"pl-PL","@id":"https:\/\/pans.krosno.pl\/instytut-humanistyczny\/rok-tadeusza-rozewicza\/#primaryimage","url":"https:\/\/pans.krosno.pl\/instytut-humanistyczny\/wp-content\/uploads\/sites\/9\/2021\/06\/rozewicz.jpg","contentUrl":"https:\/\/pans.krosno.pl\/instytut-humanistyczny\/wp-content\/uploads\/sites\/9\/2021\/06\/rozewicz.jpg","width":750,"height":598},{"@type":"BreadcrumbList","@id":"https:\/\/pans.krosno.pl\/instytut-humanistyczny\/rok-tadeusza-rozewicza\/#breadcrumb","itemListElement":[{"@type":"ListItem","position":1,"name":"Strona g\u0142\u00f3wna","item":"https:\/\/pans.krosno.pl\/instytut-humanistyczny\/"},{"@type":"ListItem","position":2,"name":"Rok Tadeusza R\u00f3\u017cewicza"}]},{"@type":"WebSite","@id":"https:\/\/pans.krosno.pl\/instytut-humanistyczny\/#website","url":"https:\/\/pans.krosno.pl\/instytut-humanistyczny\/","name":"Instytut Humanistyczny PANS w Kro\u015bnie","description":"Instytut Humanistyczny - Pa\u0144stwowa Akademia Nauk Stosowanych","publisher":{"@id":"https:\/\/pans.krosno.pl\/instytut-humanistyczny\/#organization"},"potentialAction":[{"@type":"SearchAction","target":{"@type":"EntryPoint","urlTemplate":"https:\/\/pans.krosno.pl\/instytut-humanistyczny\/?s={search_term_string}"},"query-input":{"@type":"PropertyValueSpecification","valueRequired":true,"valueName":"search_term_string"}}],"inLanguage":"pl-PL"},{"@type":"Organization","@id":"https:\/\/pans.krosno.pl\/instytut-humanistyczny\/#organization","name":"Instytut Humanistyczny PANS w Kro\u015bnie","url":"https:\/\/pans.krosno.pl\/instytut-humanistyczny\/","logo":{"@type":"ImageObject","inLanguage":"pl-PL","@id":"https:\/\/pans.krosno.pl\/instytut-humanistyczny\/#\/schema\/logo\/image\/","url":"https:\/\/pans.krosno.pl\/instytut-humanistyczny\/wp-content\/uploads\/sites\/9\/2023\/01\/Logo-PANS-2022-pelne.png","contentUrl":"https:\/\/pans.krosno.pl\/instytut-humanistyczny\/wp-content\/uploads\/sites\/9\/2023\/01\/Logo-PANS-2022-pelne.png","width":3096,"height":696,"caption":"Instytut Humanistyczny PANS w Kro\u015bnie"},"image":{"@id":"https:\/\/pans.krosno.pl\/instytut-humanistyczny\/#\/schema\/logo\/image\/"}},{"@type":"Person","@id":"https:\/\/pans.krosno.pl\/instytut-humanistyczny\/#\/schema\/person\/cb70195a5aeabe88d51256d821faa2d9","name":"Bartosz Go\u0142\u0105bek","image":{"@type":"ImageObject","inLanguage":"pl-PL","@id":"https:\/\/secure.gravatar.com\/avatar\/ad10819676385baed8ebd4d7be0d4ba77dd5fdc0f4779d414dea3126fd3aec33?s=96&d=mm&r=g","url":"https:\/\/secure.gravatar.com\/avatar\/ad10819676385baed8ebd4d7be0d4ba77dd5fdc0f4779d414dea3126fd3aec33?s=96&d=mm&r=g","contentUrl":"https:\/\/secure.gravatar.com\/avatar\/ad10819676385baed8ebd4d7be0d4ba77dd5fdc0f4779d414dea3126fd3aec33?s=96&d=mm&r=g","caption":"Bartosz Go\u0142\u0105bek"},"description":"dr Bartosz Go\u0142\u0105bek Dyrektor Instytutu Humanistycznego Karpacka Pa\u0144stwowa Uczelnia w Kro\u015bnie (dawniej PWSZ)","url":"https:\/\/pans.krosno.pl\/instytut-humanistyczny\/author\/bartoszgolabek\/"}]}},"_links":{"self":[{"href":"https:\/\/pans.krosno.pl\/instytut-humanistyczny\/wp-json\/wp\/v2\/posts\/1045","targetHints":{"allow":["GET"]}}],"collection":[{"href":"https:\/\/pans.krosno.pl\/instytut-humanistyczny\/wp-json\/wp\/v2\/posts"}],"about":[{"href":"https:\/\/pans.krosno.pl\/instytut-humanistyczny\/wp-json\/wp\/v2\/types\/post"}],"author":[{"embeddable":true,"href":"https:\/\/pans.krosno.pl\/instytut-humanistyczny\/wp-json\/wp\/v2\/users\/57"}],"replies":[{"embeddable":true,"href":"https:\/\/pans.krosno.pl\/instytut-humanistyczny\/wp-json\/wp\/v2\/comments?post=1045"}],"version-history":[{"count":5,"href":"https:\/\/pans.krosno.pl\/instytut-humanistyczny\/wp-json\/wp\/v2\/posts\/1045\/revisions"}],"predecessor-version":[{"id":1063,"href":"https:\/\/pans.krosno.pl\/instytut-humanistyczny\/wp-json\/wp\/v2\/posts\/1045\/revisions\/1063"}],"wp:featuredmedia":[{"embeddable":true,"href":"https:\/\/pans.krosno.pl\/instytut-humanistyczny\/wp-json\/wp\/v2\/media\/1046"}],"wp:attachment":[{"href":"https:\/\/pans.krosno.pl\/instytut-humanistyczny\/wp-json\/wp\/v2\/media?parent=1045"}],"wp:term":[{"taxonomy":"category","embeddable":true,"href":"https:\/\/pans.krosno.pl\/instytut-humanistyczny\/wp-json\/wp\/v2\/categories?post=1045"},{"taxonomy":"post_tag","embeddable":true,"href":"https:\/\/pans.krosno.pl\/instytut-humanistyczny\/wp-json\/wp\/v2\/tags?post=1045"}],"curies":[{"name":"wp","href":"https:\/\/api.w.org\/{rel}","templated":true}]}}