{"id":1005,"date":"2021-06-04T09:58:04","date_gmt":"2021-06-04T07:58:04","guid":{"rendered":"https:\/\/pans.krosno.pl\/instytut-humanistyczny\/?p=1005"},"modified":"2021-06-11T13:29:20","modified_gmt":"2021-06-11T11:29:20","slug":"polska-i-jej-sasiedzi-chorwacja-dzieje-kultura-idee","status":"publish","type":"post","link":"https:\/\/pans.krosno.pl\/instytut-humanistyczny\/polska-i-jej-sasiedzi-chorwacja-dzieje-kultura-idee\/","title":{"rendered":"Spotkanie Polska i jej S\u0105siedzi &#8211; &#8222;Chorwacja. Dzieje, kultura, idee&#8221; [RELACJA]"},"content":{"rendered":"\n<p><\/p>\n\n\n\n<p><strong>Polska i jej s\u0105siedzi \u2013 Chorwacja. Dzieje, kultura, idee \u2013 naszym go\u015bciem by\u0142 profesor Maciej Czerwi\u0144ski<\/strong><\/p>\n\n\n\n<p>W \u015brod\u0119 9 czerwca wieczorem odby\u0142o si\u0119 kolejne ju\u017c spotkanie w ramach cyklu \u201ePolska i jej s\u0105siedzi\u201d. Pretekstem do rozmowy by\u0142a g\u0142o\u015bna ksi\u0105\u017cka znakomitego krakowskiego slawisty, dyrektora Instytutu Filologii S\u0142owia\u0144skiej Uniwersytetu Jagiello\u0144skiego prof. Macieja Czerwi\u0144skiego, zatytu\u0142owana <em>Chorwacja. Dzieje, kultura, idee<\/em>.<\/p>\n\n\n\n<p>Witaj\u0105c zgromadzonych Go\u015bci, Rektor KPU prof. Zbigniew Barabasz podkre\u015bla\u0142, \u017ce bie\u017c\u0105ce spotkanie jest ju\u017c trzynastym w cyklu zainaugurowanym w 2013 roku przez \u00f3wczesnego rektora kro\u015bnie\u0144skiej uczelni prof. Grzegorza Przebind\u0119. Nast\u0119pnie g\u0142os zabra\u0142 prof. W\u0142adys\u0142aw Witalisz, dziekan Wydzia\u0142u Filologicznego Uniwersytetu Jagiello\u0144skiego. Doda\u0142, i\u017c historia \u201eSpotka\u0144 Wschodnich\u201d, organizowanych przez prof. Przebind\u0119 w Krakowie, a &nbsp;r\u00f3wnie\u017c do tego cyklu zaliczamy to wydarzenie, jest znacznie d\u0142u\u017csza, bo si\u0119ga 2001 roku. Od kilku lat spotkania te maj\u0105 sw\u00f3j oryginalny krakowsko-kro\u015bnie\u0144ski wymiar, kt\u00f3ry \u0142\u0105czy \u015brodowiska intelektualne Uniwersytetu Jagiello\u0144skiego, Uniwersytetu Pedagogicznego w Krakowie oraz Karpackiej Pa\u0144stwowej Uczelni w Kro\u015bnie. <\/p>\n\n\n\n<p>Przedstawiaj\u0105c sylwetk\u0119 prelegenta i jego bogaty dorobek naukowy, prowadz\u0105cy spotkanie prof. Przebinda zauwa\u017cy\u0142, \u017ce <em>Chorwacja. Dzieje, kultura, idee<\/em> jest pozycj\u0105, kt\u00f3r\u0105 \u201eka\u017cdy porz\u0105dny cz\u0142owiek i filolog chcia\u0142by w \u017cyciu napisa\u0107 o swojej przestrzeni historycznej\u201d. Ksi\u0105\u017cka prof. Czerwi\u0144skiego mo\u017ce w tym zakresie s\u0142u\u017cy\u0107 za wz\u00f3r i inspiracj\u0119.<\/p>\n\n\n\n<figure class=\"wp-block-image size-large is-style-default\"><img loading=\"lazy\" decoding=\"async\" width=\"605\" height=\"340\" src=\"https:\/\/pans.krosno.pl\/instytut-humanistyczny\/wp-content\/uploads\/sites\/9\/2021\/06\/image.png\" alt=\"\" class=\"wp-image-1020\" srcset=\"https:\/\/pans.krosno.pl\/instytut-humanistyczny\/wp-content\/uploads\/sites\/9\/2021\/06\/image.png 605w, https:\/\/pans.krosno.pl\/instytut-humanistyczny\/wp-content\/uploads\/sites\/9\/2021\/06\/image-300x169.png 300w, https:\/\/pans.krosno.pl\/instytut-humanistyczny\/wp-content\/uploads\/sites\/9\/2021\/06\/image-270x152.png 270w, https:\/\/pans.krosno.pl\/instytut-humanistyczny\/wp-content\/uploads\/sites\/9\/2021\/06\/image-580x326.png 580w\" sizes=\"auto, (max-width: 605px) 100vw, 605px\" \/><\/figure>\n\n\n\n<p>Swoj\u0105 opowie\u015b\u0107 o Chorwacji prof. Czerwi\u0144ski zacz\u0105\u0142 od podkre\u015blenia nast\u0119puj\u0105cego paradoksu: \u201eChorwaci wymy\u015blili Jugos\u0142awi\u0119, a potem j\u0105 rozbili\u201d. Pomys\u0142 na zjednoczenie S\u0142owian Po\u0142udniowych w obr\u0119bie jakiego\u015b politycznego kie\u0142kowa\u0142 od czasu humanizmu, przechodzi\u0142 r\u00f3\u017cne transformacje, a\u017c wykrystalizowa\u0142 si\u0119 pocz\u0105tkiem XX wieku. Odmienne by\u0142y koncepcje serbska (centralistyczna) i chorwacka (federalistyczna). Ostatecznie pa\u0144stwo jugos\u0142owia\u0144skie powsta\u0142o w 1918 roku wok\u00f3\u0142 Serbii, lecz wkr\u00f3tce zacz\u0119\u0142y si\u0119 konflikty mi\u0119dzy tymi dwoma s\u0142owia\u0144skimi narodami, kt\u00f3re przybra\u0142y szczeg\u00f3lnie brutalne oblicze w dobie drugiej wojny \u015bwiatowej oraz wojny w Jugos\u0142awii. Zdaniem prof. Czerwi\u0144skiego, \u201eton Jugos\u0142awii zar\u00f3wno jednocz\u0105cej si\u0119, jak i rozbijaj\u0105cej, nadawali Serbowie i Chorwaci\u201d.<\/p>\n\n\n\n<p>W trakcie spotkania kilkakrotnie wspominany by\u0142 jugos\u0142owia\u0144ski przyw\u00f3dca Josip Broz Tito \u2013 w kontek\u015bcie jego konfliktu z J\u00f3zefem Stalinem, stosowania represji wobec dysydenta Milovana \u0110ilasa, prowadzenia wrogiej polityki wobec Zwi\u0105zku Radzieckiego, a tak\u017ce zajmowanej pozycji w chorwackiej pami\u0119ci historycznej. W ostatniej kwestii prof. Czerwi\u0144ski zauwa\u017cy\u0142, \u017ce wsp\u00f3\u0142cze\u015bnie w Chorwacji stosunek do Tity jest skrajny, gdy\u017c jedni widz\u0105 w nim \u201ezbrodniarza gorszego od Stalina\u201d, a inni \u201etw\u00f3rc\u0119 trzeciej drogi\u201d. Stopniowo znikaj\u0105 jednak z miast ulice nazwane na jego cze\u015b\u0107. Co ciekawe, w Serbii tych nie ma od dawna, ale \u201enie dlatego, \u017ce by\u0142 komunist\u0105, lecz poniewa\u017c by\u0142 Chorwatem\u201d \u2013 stwierdzi\u0142 prelegent.<\/p>\n\n\n\n<figure class=\"wp-block-image size-large is-style-default\"><img loading=\"lazy\" decoding=\"async\" width=\"605\" height=\"340\" src=\"https:\/\/pans.krosno.pl\/instytut-humanistyczny\/wp-content\/uploads\/sites\/9\/2021\/06\/image-1.png\" alt=\"\" class=\"wp-image-1021\" srcset=\"https:\/\/pans.krosno.pl\/instytut-humanistyczny\/wp-content\/uploads\/sites\/9\/2021\/06\/image-1.png 605w, https:\/\/pans.krosno.pl\/instytut-humanistyczny\/wp-content\/uploads\/sites\/9\/2021\/06\/image-1-300x169.png 300w, https:\/\/pans.krosno.pl\/instytut-humanistyczny\/wp-content\/uploads\/sites\/9\/2021\/06\/image-1-270x152.png 270w, https:\/\/pans.krosno.pl\/instytut-humanistyczny\/wp-content\/uploads\/sites\/9\/2021\/06\/image-1-580x326.png 580w\" sizes=\"auto, (max-width: 605px) 100vw, 605px\" \/><\/figure>\n\n\n\n<p>Innym z podj\u0119tych w rozmowie w\u0105tk\u00f3w by\u0142y reakcje Jugos\u0142owian na wydarzenia w Polsce w latach 80. Prof. Czerwi\u0144ski przekonywa\u0142, \u017ce jugos\u0142owia\u0144ska opinia publiczna bardzo sprzyja\u0142a \u201eSolidarno\u015bci\u201d, o czym \u015bwiadcz\u0105 olbrzymie demonstracje, liczne relacje wideo z tamtych czas\u00f3w (pokazuj\u0105ce wypisane na ulicach jugos\u0142owia\u0144skich miast has\u0142o \u201eSolidarno\u015b\u0107\u201d) oraz bardzo popularne utwory zespo\u0142u rockowego Azra: <em>Poljska u mome srcu<\/em> (<em>Polska w moim sercu<\/em>), <a href=\"https:\/\/www.youtube.com\/watch?v=6w1BhXn2A18\"><em>Prolje\u0107e je 13. u decembru<\/em><\/a> (<em>Wiosna jest 13 grudnia<\/em>).<\/p>\n\n\n\n<p>Dalsza cz\u0119\u015b\u0107 rozmowy po\u015bwi\u0119cona by\u0142a najdawniejszym dziejom Chorwat\u00f3w. Przy tym w\u0105tku prof. Przebinda poprosi\u0142 prelegenta, by wyja\u015bni\u0142, dlaczego, jego zdaniem, Chorwaci to jedyny lud s\u0142owia\u0144ski, kt\u00f3ry wch\u0142on\u0105\u0142 dziedzictwo antyczne. W opinii Macieja Czerwi\u0144skiego \u201e\u017cywio\u0142 chorwacki rodzi\u0142 si\u0119 na terytorium, na kt\u00f3rym tradycja antyczna by\u0142a form\u0105 immanentn\u0105: w architekturze, w organizacji przestrzeni, w tradycji pi\u015bmiennictwa\u201d. Proces slawizacji tamtejszych miast trwa\u0142 oko\u0142o dw\u00f3ch stuleci, a\u017c w XII wieku wi\u0119kszo\u015b\u0107 imion w takich miastach jak Trogir i Split by\u0142a s\u0142owia\u0144ska. Ci S\u0142owianie nadbudowali swoj\u0105 kultur\u0119 na antycznej, lecz ta nie zosta\u0142a zaimportowana (jak to dzia\u0142o si\u0119 w toku chrystianizacji), lecz stanowi\u0142a jej organiczn\u0105 cz\u0119\u015b\u0107.<\/p>\n\n\n\n<figure class=\"wp-block-image size-large is-style-default\"><img loading=\"lazy\" decoding=\"async\" width=\"605\" height=\"340\" src=\"https:\/\/pans.krosno.pl\/instytut-humanistyczny\/wp-content\/uploads\/sites\/9\/2021\/06\/image-2.png\" alt=\"\" class=\"wp-image-1022\" srcset=\"https:\/\/pans.krosno.pl\/instytut-humanistyczny\/wp-content\/uploads\/sites\/9\/2021\/06\/image-2.png 605w, https:\/\/pans.krosno.pl\/instytut-humanistyczny\/wp-content\/uploads\/sites\/9\/2021\/06\/image-2-300x169.png 300w, https:\/\/pans.krosno.pl\/instytut-humanistyczny\/wp-content\/uploads\/sites\/9\/2021\/06\/image-2-270x152.png 270w, https:\/\/pans.krosno.pl\/instytut-humanistyczny\/wp-content\/uploads\/sites\/9\/2021\/06\/image-2-580x326.png 580w\" sizes=\"auto, (max-width: 605px) 100vw, 605px\" \/><\/figure>\n\n\n\n<p>Warto doda\u0107, \u017ce na spotkaniu byli obecni absolwenci \u015bwietnej krakowskiej slawistyki r\u00f3\u017cnych generacji, zwi\u0105zani z Podkarpaciem. Przede wszystkim jej nestor, ucze\u0144 Tadeusza Lehra-Sp\u0142awi\u0144skiego oraz Franciszka S\u0142awskiego \u2013 Zdzis\u0142aw \u0141opatkiewicz, kt\u00f3ry potem przez kilkadziesi\u0105t lat z wielkim oddaniem prowadzi\u0142 Muzeum Marii Konopnickiej w \u017barnowcu oraz Leokadia Styrcz-Przebinda, wyk\u0142adowczyni KPU w Kro\u015bnie od pi\u0119tnastu lat, kt\u00f3ra zje\u017adzi\u0142a w czasie studi\u00f3w ca\u0142\u0105 \u00f3wczesn\u0105 Jugos\u0142awi\u0119 od Belgradu Kraljeva, Niszu (Serbia) przez Ulcinj, Petrovac, Budv\u0119 (Czarnog\u00f3ra), Makarsk\u0105, Dubrovnik, Split do Zadaru i Zagrzebia (Chorwacja), z pobliskim parkiem narodowym o nazwie Plitvickie Jeziora. Przywo\u0142a\u0142a ona wci\u0105\u017c \u017cywe wspomnienia atmosfery tamtych lat, pe\u0142nej wielkiej sympatii dla Polak\u00f3w.<\/p>\n\n\n\n<p>Potem g\u0142os zabierali jeszcze mgr Vjeran Kovljani\u0107 z UJ oraz prof. Stanis\u0142aw Koziara z UP. Na koniec wydarzenie podsumowa\u0142 prof. W\u0142adys\u0142aw Witalisz, zauwa\u017caj\u0105c, \u017ce nie by\u0142 to \u201ewyk\u0142ad\u201d, lecz \u201erozmowa\u201d \u2013 forma bardziej bezpo\u015brednia, mo\u017ce nieco \u201erozbiegana\u201d, ale zarazem bardziej ludzka. Zach\u0119ci\u0142 wszystkich s\u0142uchaczy do zapoznania si\u0119 z cenn\u0105 ksi\u0105\u017ck\u0105 prof. Czerwi\u0144skiego, zastrzegaj\u0105c jednak, \u017ce obecnie wyczekujemy jej wznowienia, gdy\u017c pierwsza edycja jest ju\u017c niedost\u0119pna.<\/p>\n\n\n\n<p>Prof. Przebinda doda\u0142, \u017ce na szcz\u0119\u015bcie zd\u0105\u017cy\u0142a ona ju\u017c teraz wej\u015b\u0107 na trwa\u0142e do ksi\u0119gozbioru Biblioteki KPU w Kro\u015bnie.<\/p>\n\n\n\n<p>oprac. Adam Nowakowski<\/p>\n\n\n\n<figure class=\"wp-block-embed-youtube wp-block-embed is-type-video is-provider-youtube wp-embed-aspect-16-9 wp-has-aspect-ratio\"><div class=\"wp-block-embed__wrapper\">\n<iframe loading=\"lazy\" title=\"Polska i jej s\u0105siedzi \u2013 Chorwacja. Dzieje, kultura, idee\" width=\"740\" height=\"416\" src=\"https:\/\/www.youtube.com\/embed\/OQp145Drtnw?start=4749&#038;feature=oembed\" frameborder=\"0\" allow=\"accelerometer; autoplay; clipboard-write; encrypted-media; gyroscope; picture-in-picture\" allowfullscreen><\/iframe>\n<\/div><\/figure>\n\n\n\n<figure class=\"wp-block-image size-large is-style-default\"><img loading=\"lazy\" decoding=\"async\" width=\"352\" height=\"500\" src=\"https:\/\/pans.krosno.pl\/instytut-humanistyczny\/wp-content\/uploads\/sites\/9\/2021\/06\/Chorwacja.jpg\" alt=\"\" class=\"wp-image-1006\" srcset=\"https:\/\/pans.krosno.pl\/instytut-humanistyczny\/wp-content\/uploads\/sites\/9\/2021\/06\/Chorwacja.jpg 352w, https:\/\/pans.krosno.pl\/instytut-humanistyczny\/wp-content\/uploads\/sites\/9\/2021\/06\/Chorwacja-211x300.jpg 211w\" sizes=\"auto, (max-width: 352px) 100vw, 352px\" \/><\/figure>\n","protected":false},"excerpt":{"rendered":"<p>Polska i jej s\u0105siedzi \u2013 Chorwacja. Dzieje, kultura, idee \u2013 naszym go\u015bciem by\u0142 profesor Maciej Czerwi\u0144ski W \u015brod\u0119 9 czerwca wieczorem odby\u0142o si\u0119 kolejne ju\u017c spotkanie w ramach cyklu \u201ePolska i jej s\u0105siedzi\u201d. Pretekstem do rozmowy by\u0142a g\u0142o\u015bna ksi\u0105\u017cka znakomitego krakowskiego slawisty, dyrektora Instytutu Filologii S\u0142owia\u0144skiej Uniwersytetu Jagiello\u0144skiego prof. Macieja [\u2026] <\/p>\n<div class=\"clear\"><\/div>\n<p><a class=\"more_link clearfix\" href=\"https:\/\/pans.krosno.pl\/instytut-humanistyczny\/polska-i-jej-sasiedzi-chorwacja-dzieje-kultura-idee\/\" rel=\"nofollow\">Read More<\/a><\/p>\n","protected":false},"author":57,"featured_media":1007,"comment_status":"open","ping_status":"open","sticky":false,"template":"","format":"standard","meta":{"ngg_post_thumbnail":0,"footnotes":""},"categories":[1],"tags":[],"class_list":["post-1005","post","type-post","status-publish","format-standard","has-post-thumbnail","hentry","category-bez-kategorii"],"yoast_head":"<!-- This site is optimized with the Yoast SEO Premium plugin v27.4 (Yoast SEO v27.4) - https:\/\/yoast.com\/product\/yoast-seo-premium-wordpress\/ -->\n<title>Spotkanie Polska i jej S\u0105siedzi - &quot;Chorwacja. Dzieje, kultura, idee&quot; [RELACJA] - Instytut Humanistyczny PANS w Kro\u015bnie<\/title>\n<meta name=\"robots\" content=\"index, follow, max-snippet:-1, max-image-preview:large, max-video-preview:-1\" \/>\n<link rel=\"canonical\" href=\"https:\/\/pans.krosno.pl\/instytut-humanistyczny\/polska-i-jej-sasiedzi-chorwacja-dzieje-kultura-idee\/\" \/>\n<meta property=\"og:locale\" content=\"pl_PL\" \/>\n<meta property=\"og:type\" content=\"article\" \/>\n<meta property=\"og:title\" content=\"Spotkanie Polska i jej S\u0105siedzi - &quot;Chorwacja. Dzieje, kultura, idee&quot; [RELACJA]\" \/>\n<meta property=\"og:description\" content=\"Polska i jej s\u0105siedzi \u2013 Chorwacja. Dzieje, kultura, idee \u2013 naszym go\u015bciem by\u0142 profesor Maciej Czerwi\u0144ski W \u015brod\u0119 9 czerwca wieczorem odby\u0142o si\u0119 kolejne ju\u017c spotkanie w ramach cyklu \u201ePolska i jej s\u0105siedzi\u201d. Pretekstem do rozmowy by\u0142a g\u0142o\u015bna ksi\u0105\u017cka znakomitego krakowskiego slawisty, dyrektora Instytutu Filologii S\u0142owia\u0144skiej Uniwersytetu Jagiello\u0144skiego prof. Macieja [\u2026] Read More\" \/>\n<meta property=\"og:url\" content=\"https:\/\/pans.krosno.pl\/instytut-humanistyczny\/polska-i-jej-sasiedzi-chorwacja-dzieje-kultura-idee\/\" \/>\n<meta property=\"og:site_name\" content=\"Instytut Humanistyczny PANS w Kro\u015bnie\" \/>\n<meta property=\"article:published_time\" content=\"2021-06-04T07:58:04+00:00\" \/>\n<meta property=\"article:modified_time\" content=\"2021-06-11T11:29:20+00:00\" \/>\n<meta property=\"og:image\" content=\"https:\/\/pans.krosno.pl\/wp-content\/uploads\/sites\/9\/2021\/06\/Chorwacja2.jpg\" \/>\n\t<meta property=\"og:image:width\" content=\"349\" \/>\n\t<meta property=\"og:image:height\" content=\"290\" \/>\n\t<meta property=\"og:image:type\" content=\"image\/jpeg\" \/>\n<meta name=\"author\" content=\"Bartosz Go\u0142\u0105bek\" \/>\n<meta name=\"twitter:card\" content=\"summary_large_image\" \/>\n<meta name=\"twitter:label1\" content=\"Napisane przez\" \/>\n\t<meta name=\"twitter:data1\" content=\"Bartosz Go\u0142\u0105bek\" \/>\n\t<meta name=\"twitter:label2\" content=\"Szacowany czas czytania\" \/>\n\t<meta name=\"twitter:data2\" content=\"5 minut\" \/>\n<script type=\"application\/ld+json\" class=\"yoast-schema-graph\">{\"@context\":\"https:\\\/\\\/schema.org\",\"@graph\":[{\"@type\":\"Article\",\"@id\":\"https:\\\/\\\/pans.krosno.pl\\\/instytut-humanistyczny\\\/polska-i-jej-sasiedzi-chorwacja-dzieje-kultura-idee\\\/#article\",\"isPartOf\":{\"@id\":\"https:\\\/\\\/pans.krosno.pl\\\/instytut-humanistyczny\\\/polska-i-jej-sasiedzi-chorwacja-dzieje-kultura-idee\\\/\"},\"author\":{\"name\":\"Bartosz Go\u0142\u0105bek\",\"@id\":\"https:\\\/\\\/pans.krosno.pl\\\/instytut-humanistyczny\\\/#\\\/schema\\\/person\\\/cb70195a5aeabe88d51256d821faa2d9\"},\"headline\":\"Spotkanie Polska i jej S\u0105siedzi &#8211; &#8222;Chorwacja. Dzieje, kultura, idee&#8221; [RELACJA]\",\"datePublished\":\"2021-06-04T07:58:04+00:00\",\"dateModified\":\"2021-06-11T11:29:20+00:00\",\"mainEntityOfPage\":{\"@id\":\"https:\\\/\\\/pans.krosno.pl\\\/instytut-humanistyczny\\\/polska-i-jej-sasiedzi-chorwacja-dzieje-kultura-idee\\\/\"},\"wordCount\":936,\"commentCount\":0,\"publisher\":{\"@id\":\"https:\\\/\\\/pans.krosno.pl\\\/instytut-humanistyczny\\\/#organization\"},\"image\":{\"@id\":\"https:\\\/\\\/pans.krosno.pl\\\/instytut-humanistyczny\\\/polska-i-jej-sasiedzi-chorwacja-dzieje-kultura-idee\\\/#primaryimage\"},\"thumbnailUrl\":\"https:\\\/\\\/pans.krosno.pl\\\/instytut-humanistyczny\\\/wp-content\\\/uploads\\\/sites\\\/9\\\/2021\\\/06\\\/Chorwacja2.jpg\",\"inLanguage\":\"pl-PL\",\"potentialAction\":[{\"@type\":\"CommentAction\",\"name\":\"Comment\",\"target\":[\"https:\\\/\\\/pans.krosno.pl\\\/instytut-humanistyczny\\\/polska-i-jej-sasiedzi-chorwacja-dzieje-kultura-idee\\\/#respond\"]}]},{\"@type\":\"WebPage\",\"@id\":\"https:\\\/\\\/pans.krosno.pl\\\/instytut-humanistyczny\\\/polska-i-jej-sasiedzi-chorwacja-dzieje-kultura-idee\\\/\",\"url\":\"https:\\\/\\\/pans.krosno.pl\\\/instytut-humanistyczny\\\/polska-i-jej-sasiedzi-chorwacja-dzieje-kultura-idee\\\/\",\"name\":\"Spotkanie Polska i jej S\u0105siedzi - \\\"Chorwacja. Dzieje, kultura, idee\\\" [RELACJA] - Instytut Humanistyczny PANS w Kro\u015bnie\",\"isPartOf\":{\"@id\":\"https:\\\/\\\/pans.krosno.pl\\\/instytut-humanistyczny\\\/#website\"},\"primaryImageOfPage\":{\"@id\":\"https:\\\/\\\/pans.krosno.pl\\\/instytut-humanistyczny\\\/polska-i-jej-sasiedzi-chorwacja-dzieje-kultura-idee\\\/#primaryimage\"},\"image\":{\"@id\":\"https:\\\/\\\/pans.krosno.pl\\\/instytut-humanistyczny\\\/polska-i-jej-sasiedzi-chorwacja-dzieje-kultura-idee\\\/#primaryimage\"},\"thumbnailUrl\":\"https:\\\/\\\/pans.krosno.pl\\\/instytut-humanistyczny\\\/wp-content\\\/uploads\\\/sites\\\/9\\\/2021\\\/06\\\/Chorwacja2.jpg\",\"datePublished\":\"2021-06-04T07:58:04+00:00\",\"dateModified\":\"2021-06-11T11:29:20+00:00\",\"breadcrumb\":{\"@id\":\"https:\\\/\\\/pans.krosno.pl\\\/instytut-humanistyczny\\\/polska-i-jej-sasiedzi-chorwacja-dzieje-kultura-idee\\\/#breadcrumb\"},\"inLanguage\":\"pl-PL\",\"potentialAction\":[{\"@type\":\"ReadAction\",\"target\":[\"https:\\\/\\\/pans.krosno.pl\\\/instytut-humanistyczny\\\/polska-i-jej-sasiedzi-chorwacja-dzieje-kultura-idee\\\/\"]}]},{\"@type\":\"ImageObject\",\"inLanguage\":\"pl-PL\",\"@id\":\"https:\\\/\\\/pans.krosno.pl\\\/instytut-humanistyczny\\\/polska-i-jej-sasiedzi-chorwacja-dzieje-kultura-idee\\\/#primaryimage\",\"url\":\"https:\\\/\\\/pans.krosno.pl\\\/instytut-humanistyczny\\\/wp-content\\\/uploads\\\/sites\\\/9\\\/2021\\\/06\\\/Chorwacja2.jpg\",\"contentUrl\":\"https:\\\/\\\/pans.krosno.pl\\\/instytut-humanistyczny\\\/wp-content\\\/uploads\\\/sites\\\/9\\\/2021\\\/06\\\/Chorwacja2.jpg\",\"width\":349,\"height\":290},{\"@type\":\"BreadcrumbList\",\"@id\":\"https:\\\/\\\/pans.krosno.pl\\\/instytut-humanistyczny\\\/polska-i-jej-sasiedzi-chorwacja-dzieje-kultura-idee\\\/#breadcrumb\",\"itemListElement\":[{\"@type\":\"ListItem\",\"position\":1,\"name\":\"Strona g\u0142\u00f3wna\",\"item\":\"https:\\\/\\\/pans.krosno.pl\\\/instytut-humanistyczny\\\/\"},{\"@type\":\"ListItem\",\"position\":2,\"name\":\"Spotkanie Polska i jej S\u0105siedzi &#8211; &#8222;Chorwacja. Dzieje, kultura, idee&#8221; [RELACJA]\"}]},{\"@type\":\"WebSite\",\"@id\":\"https:\\\/\\\/pans.krosno.pl\\\/instytut-humanistyczny\\\/#website\",\"url\":\"https:\\\/\\\/pans.krosno.pl\\\/instytut-humanistyczny\\\/\",\"name\":\"Instytut Humanistyczny PANS w Kro\u015bnie\",\"description\":\"Instytut Humanistyczny - Pa\u0144stwowa Akademia Nauk Stosowanych\",\"publisher\":{\"@id\":\"https:\\\/\\\/pans.krosno.pl\\\/instytut-humanistyczny\\\/#organization\"},\"potentialAction\":[{\"@type\":\"SearchAction\",\"target\":{\"@type\":\"EntryPoint\",\"urlTemplate\":\"https:\\\/\\\/pans.krosno.pl\\\/instytut-humanistyczny\\\/?s={search_term_string}\"},\"query-input\":{\"@type\":\"PropertyValueSpecification\",\"valueRequired\":true,\"valueName\":\"search_term_string\"}}],\"inLanguage\":\"pl-PL\"},{\"@type\":\"Organization\",\"@id\":\"https:\\\/\\\/pans.krosno.pl\\\/instytut-humanistyczny\\\/#organization\",\"name\":\"Instytut Humanistyczny PANS w Kro\u015bnie\",\"url\":\"https:\\\/\\\/pans.krosno.pl\\\/instytut-humanistyczny\\\/\",\"logo\":{\"@type\":\"ImageObject\",\"inLanguage\":\"pl-PL\",\"@id\":\"https:\\\/\\\/pans.krosno.pl\\\/instytut-humanistyczny\\\/#\\\/schema\\\/logo\\\/image\\\/\",\"url\":\"https:\\\/\\\/pans.krosno.pl\\\/instytut-humanistyczny\\\/wp-content\\\/uploads\\\/sites\\\/9\\\/2023\\\/01\\\/Logo-PANS-2022-pelne.png\",\"contentUrl\":\"https:\\\/\\\/pans.krosno.pl\\\/instytut-humanistyczny\\\/wp-content\\\/uploads\\\/sites\\\/9\\\/2023\\\/01\\\/Logo-PANS-2022-pelne.png\",\"width\":3096,\"height\":696,\"caption\":\"Instytut Humanistyczny PANS w Kro\u015bnie\"},\"image\":{\"@id\":\"https:\\\/\\\/pans.krosno.pl\\\/instytut-humanistyczny\\\/#\\\/schema\\\/logo\\\/image\\\/\"}},{\"@type\":\"Person\",\"@id\":\"https:\\\/\\\/pans.krosno.pl\\\/instytut-humanistyczny\\\/#\\\/schema\\\/person\\\/cb70195a5aeabe88d51256d821faa2d9\",\"name\":\"Bartosz Go\u0142\u0105bek\",\"image\":{\"@type\":\"ImageObject\",\"inLanguage\":\"pl-PL\",\"@id\":\"https:\\\/\\\/secure.gravatar.com\\\/avatar\\\/ad10819676385baed8ebd4d7be0d4ba77dd5fdc0f4779d414dea3126fd3aec33?s=96&d=mm&r=g\",\"url\":\"https:\\\/\\\/secure.gravatar.com\\\/avatar\\\/ad10819676385baed8ebd4d7be0d4ba77dd5fdc0f4779d414dea3126fd3aec33?s=96&d=mm&r=g\",\"contentUrl\":\"https:\\\/\\\/secure.gravatar.com\\\/avatar\\\/ad10819676385baed8ebd4d7be0d4ba77dd5fdc0f4779d414dea3126fd3aec33?s=96&d=mm&r=g\",\"caption\":\"Bartosz Go\u0142\u0105bek\"},\"description\":\"dr Bartosz Go\u0142\u0105bek Dyrektor Instytutu Humanistycznego Karpacka Pa\u0144stwowa Uczelnia w Kro\u015bnie (dawniej PWSZ)\",\"url\":\"https:\\\/\\\/pans.krosno.pl\\\/instytut-humanistyczny\\\/author\\\/bartoszgolabek\\\/\"}]}<\/script>\n<!-- \/ Yoast SEO Premium plugin. -->","yoast_head_json":{"title":"Spotkanie Polska i jej S\u0105siedzi - \"Chorwacja. Dzieje, kultura, idee\" [RELACJA] - Instytut Humanistyczny PANS w Kro\u015bnie","robots":{"index":"index","follow":"follow","max-snippet":"max-snippet:-1","max-image-preview":"max-image-preview:large","max-video-preview":"max-video-preview:-1"},"canonical":"https:\/\/pans.krosno.pl\/instytut-humanistyczny\/polska-i-jej-sasiedzi-chorwacja-dzieje-kultura-idee\/","og_locale":"pl_PL","og_type":"article","og_title":"Spotkanie Polska i jej S\u0105siedzi - \"Chorwacja. Dzieje, kultura, idee\" [RELACJA]","og_description":"Polska i jej s\u0105siedzi \u2013 Chorwacja. Dzieje, kultura, idee \u2013 naszym go\u015bciem by\u0142 profesor Maciej Czerwi\u0144ski W \u015brod\u0119 9 czerwca wieczorem odby\u0142o si\u0119 kolejne ju\u017c spotkanie w ramach cyklu \u201ePolska i jej s\u0105siedzi\u201d. Pretekstem do rozmowy by\u0142a g\u0142o\u015bna ksi\u0105\u017cka znakomitego krakowskiego slawisty, dyrektora Instytutu Filologii S\u0142owia\u0144skiej Uniwersytetu Jagiello\u0144skiego prof. Macieja [\u2026] Read More","og_url":"https:\/\/pans.krosno.pl\/instytut-humanistyczny\/polska-i-jej-sasiedzi-chorwacja-dzieje-kultura-idee\/","og_site_name":"Instytut Humanistyczny PANS w Kro\u015bnie","article_published_time":"2021-06-04T07:58:04+00:00","article_modified_time":"2021-06-11T11:29:20+00:00","og_image":[{"width":349,"height":290,"url":"https:\/\/pans.krosno.pl\/wp-content\/uploads\/sites\/9\/2021\/06\/Chorwacja2.jpg","type":"image\/jpeg"}],"author":"Bartosz Go\u0142\u0105bek","twitter_card":"summary_large_image","twitter_misc":{"Napisane przez":"Bartosz Go\u0142\u0105bek","Szacowany czas czytania":"5 minut"},"schema":{"@context":"https:\/\/schema.org","@graph":[{"@type":"Article","@id":"https:\/\/pans.krosno.pl\/instytut-humanistyczny\/polska-i-jej-sasiedzi-chorwacja-dzieje-kultura-idee\/#article","isPartOf":{"@id":"https:\/\/pans.krosno.pl\/instytut-humanistyczny\/polska-i-jej-sasiedzi-chorwacja-dzieje-kultura-idee\/"},"author":{"name":"Bartosz Go\u0142\u0105bek","@id":"https:\/\/pans.krosno.pl\/instytut-humanistyczny\/#\/schema\/person\/cb70195a5aeabe88d51256d821faa2d9"},"headline":"Spotkanie Polska i jej S\u0105siedzi &#8211; &#8222;Chorwacja. Dzieje, kultura, idee&#8221; [RELACJA]","datePublished":"2021-06-04T07:58:04+00:00","dateModified":"2021-06-11T11:29:20+00:00","mainEntityOfPage":{"@id":"https:\/\/pans.krosno.pl\/instytut-humanistyczny\/polska-i-jej-sasiedzi-chorwacja-dzieje-kultura-idee\/"},"wordCount":936,"commentCount":0,"publisher":{"@id":"https:\/\/pans.krosno.pl\/instytut-humanistyczny\/#organization"},"image":{"@id":"https:\/\/pans.krosno.pl\/instytut-humanistyczny\/polska-i-jej-sasiedzi-chorwacja-dzieje-kultura-idee\/#primaryimage"},"thumbnailUrl":"https:\/\/pans.krosno.pl\/instytut-humanistyczny\/wp-content\/uploads\/sites\/9\/2021\/06\/Chorwacja2.jpg","inLanguage":"pl-PL","potentialAction":[{"@type":"CommentAction","name":"Comment","target":["https:\/\/pans.krosno.pl\/instytut-humanistyczny\/polska-i-jej-sasiedzi-chorwacja-dzieje-kultura-idee\/#respond"]}]},{"@type":"WebPage","@id":"https:\/\/pans.krosno.pl\/instytut-humanistyczny\/polska-i-jej-sasiedzi-chorwacja-dzieje-kultura-idee\/","url":"https:\/\/pans.krosno.pl\/instytut-humanistyczny\/polska-i-jej-sasiedzi-chorwacja-dzieje-kultura-idee\/","name":"Spotkanie Polska i jej S\u0105siedzi - \"Chorwacja. Dzieje, kultura, idee\" [RELACJA] - Instytut Humanistyczny PANS w Kro\u015bnie","isPartOf":{"@id":"https:\/\/pans.krosno.pl\/instytut-humanistyczny\/#website"},"primaryImageOfPage":{"@id":"https:\/\/pans.krosno.pl\/instytut-humanistyczny\/polska-i-jej-sasiedzi-chorwacja-dzieje-kultura-idee\/#primaryimage"},"image":{"@id":"https:\/\/pans.krosno.pl\/instytut-humanistyczny\/polska-i-jej-sasiedzi-chorwacja-dzieje-kultura-idee\/#primaryimage"},"thumbnailUrl":"https:\/\/pans.krosno.pl\/instytut-humanistyczny\/wp-content\/uploads\/sites\/9\/2021\/06\/Chorwacja2.jpg","datePublished":"2021-06-04T07:58:04+00:00","dateModified":"2021-06-11T11:29:20+00:00","breadcrumb":{"@id":"https:\/\/pans.krosno.pl\/instytut-humanistyczny\/polska-i-jej-sasiedzi-chorwacja-dzieje-kultura-idee\/#breadcrumb"},"inLanguage":"pl-PL","potentialAction":[{"@type":"ReadAction","target":["https:\/\/pans.krosno.pl\/instytut-humanistyczny\/polska-i-jej-sasiedzi-chorwacja-dzieje-kultura-idee\/"]}]},{"@type":"ImageObject","inLanguage":"pl-PL","@id":"https:\/\/pans.krosno.pl\/instytut-humanistyczny\/polska-i-jej-sasiedzi-chorwacja-dzieje-kultura-idee\/#primaryimage","url":"https:\/\/pans.krosno.pl\/instytut-humanistyczny\/wp-content\/uploads\/sites\/9\/2021\/06\/Chorwacja2.jpg","contentUrl":"https:\/\/pans.krosno.pl\/instytut-humanistyczny\/wp-content\/uploads\/sites\/9\/2021\/06\/Chorwacja2.jpg","width":349,"height":290},{"@type":"BreadcrumbList","@id":"https:\/\/pans.krosno.pl\/instytut-humanistyczny\/polska-i-jej-sasiedzi-chorwacja-dzieje-kultura-idee\/#breadcrumb","itemListElement":[{"@type":"ListItem","position":1,"name":"Strona g\u0142\u00f3wna","item":"https:\/\/pans.krosno.pl\/instytut-humanistyczny\/"},{"@type":"ListItem","position":2,"name":"Spotkanie Polska i jej S\u0105siedzi &#8211; &#8222;Chorwacja. Dzieje, kultura, idee&#8221; [RELACJA]"}]},{"@type":"WebSite","@id":"https:\/\/pans.krosno.pl\/instytut-humanistyczny\/#website","url":"https:\/\/pans.krosno.pl\/instytut-humanistyczny\/","name":"Instytut Humanistyczny PANS w Kro\u015bnie","description":"Instytut Humanistyczny - Pa\u0144stwowa Akademia Nauk Stosowanych","publisher":{"@id":"https:\/\/pans.krosno.pl\/instytut-humanistyczny\/#organization"},"potentialAction":[{"@type":"SearchAction","target":{"@type":"EntryPoint","urlTemplate":"https:\/\/pans.krosno.pl\/instytut-humanistyczny\/?s={search_term_string}"},"query-input":{"@type":"PropertyValueSpecification","valueRequired":true,"valueName":"search_term_string"}}],"inLanguage":"pl-PL"},{"@type":"Organization","@id":"https:\/\/pans.krosno.pl\/instytut-humanistyczny\/#organization","name":"Instytut Humanistyczny PANS w Kro\u015bnie","url":"https:\/\/pans.krosno.pl\/instytut-humanistyczny\/","logo":{"@type":"ImageObject","inLanguage":"pl-PL","@id":"https:\/\/pans.krosno.pl\/instytut-humanistyczny\/#\/schema\/logo\/image\/","url":"https:\/\/pans.krosno.pl\/instytut-humanistyczny\/wp-content\/uploads\/sites\/9\/2023\/01\/Logo-PANS-2022-pelne.png","contentUrl":"https:\/\/pans.krosno.pl\/instytut-humanistyczny\/wp-content\/uploads\/sites\/9\/2023\/01\/Logo-PANS-2022-pelne.png","width":3096,"height":696,"caption":"Instytut Humanistyczny PANS w Kro\u015bnie"},"image":{"@id":"https:\/\/pans.krosno.pl\/instytut-humanistyczny\/#\/schema\/logo\/image\/"}},{"@type":"Person","@id":"https:\/\/pans.krosno.pl\/instytut-humanistyczny\/#\/schema\/person\/cb70195a5aeabe88d51256d821faa2d9","name":"Bartosz Go\u0142\u0105bek","image":{"@type":"ImageObject","inLanguage":"pl-PL","@id":"https:\/\/secure.gravatar.com\/avatar\/ad10819676385baed8ebd4d7be0d4ba77dd5fdc0f4779d414dea3126fd3aec33?s=96&d=mm&r=g","url":"https:\/\/secure.gravatar.com\/avatar\/ad10819676385baed8ebd4d7be0d4ba77dd5fdc0f4779d414dea3126fd3aec33?s=96&d=mm&r=g","contentUrl":"https:\/\/secure.gravatar.com\/avatar\/ad10819676385baed8ebd4d7be0d4ba77dd5fdc0f4779d414dea3126fd3aec33?s=96&d=mm&r=g","caption":"Bartosz Go\u0142\u0105bek"},"description":"dr Bartosz Go\u0142\u0105bek Dyrektor Instytutu Humanistycznego Karpacka Pa\u0144stwowa Uczelnia w Kro\u015bnie (dawniej PWSZ)","url":"https:\/\/pans.krosno.pl\/instytut-humanistyczny\/author\/bartoszgolabek\/"}]}},"_links":{"self":[{"href":"https:\/\/pans.krosno.pl\/instytut-humanistyczny\/wp-json\/wp\/v2\/posts\/1005","targetHints":{"allow":["GET"]}}],"collection":[{"href":"https:\/\/pans.krosno.pl\/instytut-humanistyczny\/wp-json\/wp\/v2\/posts"}],"about":[{"href":"https:\/\/pans.krosno.pl\/instytut-humanistyczny\/wp-json\/wp\/v2\/types\/post"}],"author":[{"embeddable":true,"href":"https:\/\/pans.krosno.pl\/instytut-humanistyczny\/wp-json\/wp\/v2\/users\/57"}],"replies":[{"embeddable":true,"href":"https:\/\/pans.krosno.pl\/instytut-humanistyczny\/wp-json\/wp\/v2\/comments?post=1005"}],"version-history":[{"count":12,"href":"https:\/\/pans.krosno.pl\/instytut-humanistyczny\/wp-json\/wp\/v2\/posts\/1005\/revisions"}],"predecessor-version":[{"id":1033,"href":"https:\/\/pans.krosno.pl\/instytut-humanistyczny\/wp-json\/wp\/v2\/posts\/1005\/revisions\/1033"}],"wp:featuredmedia":[{"embeddable":true,"href":"https:\/\/pans.krosno.pl\/instytut-humanistyczny\/wp-json\/wp\/v2\/media\/1007"}],"wp:attachment":[{"href":"https:\/\/pans.krosno.pl\/instytut-humanistyczny\/wp-json\/wp\/v2\/media?parent=1005"}],"wp:term":[{"taxonomy":"category","embeddable":true,"href":"https:\/\/pans.krosno.pl\/instytut-humanistyczny\/wp-json\/wp\/v2\/categories?post=1005"},{"taxonomy":"post_tag","embeddable":true,"href":"https:\/\/pans.krosno.pl\/instytut-humanistyczny\/wp-json\/wp\/v2\/tags?post=1005"}],"curies":[{"name":"wp","href":"https:\/\/api.w.org\/{rel}","templated":true}]}}