{"id":734,"date":"2017-03-13T17:36:00","date_gmt":"2017-03-13T16:36:00","guid":{"rendered":"https:\/\/pans.krosno.pl\/fundusze-europejskie-kursy\/?p=734"},"modified":"2020-05-13T17:37:04","modified_gmt":"2020-05-13T15:37:04","slug":"rekrutacja-uzupelniajaca-uczelnianych-opiekunow-praktyk-zawodowych-i-nabor","status":"publish","type":"post","link":"https:\/\/pans.krosno.pl\/fundusze-zewnetrzne\/rekrutacja-uzupelniajaca-uczelnianych-opiekunow-praktyk-zawodowych-i-nabor\/","title":{"rendered":"Rekrutacja uzupe\u0142niaj\u0105ca uczelnianych opiekun\u00f3w praktyk zawodowych (I Nab\u00f3r)"},"content":{"rendered":"\n<p>Pa\u0144stwowa Wy\u017csza Szko\u0142a Zawodowa im. Stanis\u0142awa Pigonia w Kro\u015bnie og\u0142asza rekrutacj\u0119 uzupe\u0142niaj\u0105c\u0105 na uczelnianych opiekun\u00f3w praktyk zawodowych, do prowadzenia pilota\u017cowych praktyk zawodowych na kierunku studi\u00f3w: Informatyka, realizowanych w ramach&nbsp; projektu \u201eProgram praktyk zawodowych w Pa\u0144stwowych Wy\u017cszych Szko\u0142ach Zawodowych\u201d w ramach Programu Operacyjnego Wiedza Edukacja Rozw\u00f3j wsp\u00f3\u0142finansowanego ze \u015brodk\u00f3w Europejskiego Funduszu Spo\u0142ecznego.<\/p>\n\n\n\n<figure class=\"wp-block-table is-style-regular\"><table><tbody><tr><td><strong>Lp.<\/strong><\/td><td><strong>Kierunek studi\u00f3w<\/strong><\/td><td><strong>Rok studi\u00f3w<\/strong><\/td><td><strong>Planowana liczba student\u00f3w bior\u0105cych udzia\u0142 w projekcie<\/strong><\/td><td><strong>Planowany termin praktyki pilota\u017cowej<\/strong><\/td><\/tr><tr><td>1.<\/td><td>Informatyka<\/td><td>III<\/td><td>12<\/td><td>1 VIII 201731 X 2017&nbsp;<\/td><\/tr><\/tbody><\/table><\/figure>\n\n\n\n<p>Wniosek o udzia\u0142 w projekcie (formularz wniosku &#8211; Za\u0142. 1 do Regulaminu) nale\u017cy z\u0142o\u017cy\u0107 w Dziale Rozwoju i Promocji Uczelni (pok. 11) w terminie do 22 marca br do godz. 16. W przypadku przes\u0142ania drog\u0105 pocztow\u0105 decyduje data wp\u0142ywu wniosku do Uczelni. Wniosek, kt\u00f3ry nie wp\u0142ynie w wyznaczonym terminie, nie b\u0119dzie podlega\u0142 rozpatrzeniu.<\/p>\n\n\n\n<div class=\"wp-block-file\"><a href=\"https:\/\/pans.krosno.pl\/fundusze-europejskie-kursy\/wp-content\/uploads\/sites\/14\/2020\/05\/regulamin_rekrutacji_opiekuna_uczelnianego.pdf\">regulamin_rekrutacji_opiekuna_uczelnianego<\/a><a href=\"https:\/\/pans.krosno.pl\/fundusze-europejskie-kursy\/wp-content\/uploads\/sites\/14\/2020\/05\/regulamin_rekrutacji_opiekuna_uczelnianego.pdf\" class=\"wp-block-file__button\" download>Pobierz<\/a><\/div>\n\n\n\n<div class=\"wp-block-file\"><a href=\"https:\/\/pans.krosno.pl\/fundusze-europejskie-kursy\/wp-content\/uploads\/sites\/14\/2020\/05\/formularz_zgloszenia_dla_opiekuna_uczelnianego_o_udzial_w_projekcie.doc\">formularz_zgloszenia_dla_opiekuna_uczelnianego_o_udzial_w_projekcie<\/a><a href=\"https:\/\/pans.krosno.pl\/fundusze-europejskie-kursy\/wp-content\/uploads\/sites\/14\/2020\/05\/formularz_zgloszenia_dla_opiekuna_uczelnianego_o_udzial_w_projekcie.doc\" class=\"wp-block-file__button\" download>Pobierz<\/a><\/div>\n\n\n\n<div class=\"wp-block-file\"><a href=\"https:\/\/pans.krosno.pl\/fundusze-europejskie-kursy\/wp-content\/uploads\/sites\/14\/2020\/05\/lista_rankingowa_informatyka.pdf\">lista_rankingowa_informatyka<\/a><a href=\"https:\/\/pans.krosno.pl\/fundusze-europejskie-kursy\/wp-content\/uploads\/sites\/14\/2020\/05\/lista_rankingowa_informatyka.pdf\" class=\"wp-block-file__button\" download>Pobierz<\/a><\/div>\n\n\n\n<p><\/p>\n","protected":false},"excerpt":{"rendered":"<p>Pa\u0144stwowa Wy\u017csza Szko\u0142a Zawodowa im. Stanis\u0142awa Pigonia w Kro\u015bnie og\u0142asza rekrutacj\u0119 uzupe\u0142niaj\u0105c\u0105 na uczelnianych opiekun\u00f3w praktyk zawodowych, do prowadzenia pilota\u017cowych praktyk zawodowych na kierunku studi\u00f3w: Informatyka, realizowanych w ramach&nbsp; projektu \u201eProgram praktyk zawodowych w Pa\u0144stwowych Wy\u017cszych Szko\u0142ach Zawodowych\u201d w ramach Programu Operacyjnego Wiedza Edukacja Rozw\u00f3j wsp\u00f3\u0142finansowanego ze \u015brodk\u00f3w Europejskiego Funduszu [\u2026] <\/p>\n<div class=\"clear\"><\/div>\n<p><a class=\"more_link clearfix\" href=\"https:\/\/pans.krosno.pl\/fundusze-zewnetrzne\/rekrutacja-uzupelniajaca-uczelnianych-opiekunow-praktyk-zawodowych-i-nabor\/\" rel=\"nofollow\">Read More<\/a><\/p>\n","protected":false},"author":27,"featured_media":0,"comment_status":"open","ping_status":"open","sticky":false,"template":"","format":"standard","meta":{"ngg_post_thumbnail":0,"footnotes":""},"categories":[8],"tags":[],"class_list":["post-734","post","type-post","status-publish","format-standard","hentry","category-program-praktyk-zawodowych"],"yoast_head":"<!-- This site is optimized with the Yoast SEO Premium plugin v27.4 (Yoast SEO v27.4) - https:\/\/yoast.com\/product\/yoast-seo-premium-wordpress\/ -->\n<title>Rekrutacja uzupe\u0142niaj\u0105ca uczelnianych opiekun\u00f3w praktyk zawodowych (I Nab\u00f3r) - Fundusze zewn\u0119trzne PANS w Kro\u015bnie<\/title>\n<meta name=\"robots\" content=\"index, follow, max-snippet:-1, max-image-preview:large, max-video-preview:-1\" \/>\n<link rel=\"canonical\" href=\"https:\/\/pans.krosno.pl\/fundusze-zewnetrzne\/rekrutacja-uzupelniajaca-uczelnianych-opiekunow-praktyk-zawodowych-i-nabor\/\" \/>\n<meta property=\"og:locale\" content=\"pl_PL\" \/>\n<meta property=\"og:type\" content=\"article\" \/>\n<meta property=\"og:title\" content=\"Rekrutacja uzupe\u0142niaj\u0105ca uczelnianych opiekun\u00f3w praktyk zawodowych (I Nab\u00f3r)\" \/>\n<meta property=\"og:description\" content=\"Pa\u0144stwowa Wy\u017csza Szko\u0142a Zawodowa im. Stanis\u0142awa Pigonia w Kro\u015bnie og\u0142asza rekrutacj\u0119 uzupe\u0142niaj\u0105c\u0105 na uczelnianych opiekun\u00f3w praktyk zawodowych, do prowadzenia pilota\u017cowych praktyk zawodowych na kierunku studi\u00f3w: Informatyka, realizowanych w ramach&nbsp; projektu \u201eProgram praktyk zawodowych w Pa\u0144stwowych Wy\u017cszych Szko\u0142ach Zawodowych\u201d w ramach Programu Operacyjnego Wiedza Edukacja Rozw\u00f3j wsp\u00f3\u0142finansowanego ze \u015brodk\u00f3w Europejskiego Funduszu [\u2026] Read More\" \/>\n<meta property=\"og:url\" content=\"https:\/\/pans.krosno.pl\/fundusze-zewnetrzne\/rekrutacja-uzupelniajaca-uczelnianych-opiekunow-praktyk-zawodowych-i-nabor\/\" \/>\n<meta property=\"og:site_name\" content=\"Fundusze zewn\u0119trzne PANS w Kro\u015bnie\" \/>\n<meta property=\"article:published_time\" content=\"2017-03-13T16:36:00+00:00\" \/>\n<meta property=\"article:modified_time\" content=\"2020-05-13T15:37:04+00:00\" \/>\n<meta name=\"author\" content=\"maciejpolchlopek\" \/>\n<meta name=\"twitter:card\" content=\"summary_large_image\" \/>\n<meta name=\"twitter:label1\" content=\"Napisane przez\" \/>\n\t<meta name=\"twitter:data1\" content=\"maciejpolchlopek\" \/>\n\t<meta name=\"twitter:label2\" content=\"Szacowany czas czytania\" \/>\n\t<meta name=\"twitter:data2\" content=\"1 minuta\" \/>\n<script type=\"application\/ld+json\" class=\"yoast-schema-graph\">{\"@context\":\"https:\\\/\\\/schema.org\",\"@graph\":[{\"@type\":\"Article\",\"@id\":\"https:\\\/\\\/pans.krosno.pl\\\/fundusze-zewnetrzne\\\/rekrutacja-uzupelniajaca-uczelnianych-opiekunow-praktyk-zawodowych-i-nabor\\\/#article\",\"isPartOf\":{\"@id\":\"https:\\\/\\\/pans.krosno.pl\\\/fundusze-zewnetrzne\\\/rekrutacja-uzupelniajaca-uczelnianych-opiekunow-praktyk-zawodowych-i-nabor\\\/\"},\"author\":{\"name\":\"maciejpolchlopek\",\"@id\":\"https:\\\/\\\/pans.krosno.pl\\\/fundusze-zewnetrzne\\\/#\\\/schema\\\/person\\\/c1c9d6d593d357f87d9a7d7e44daa34e\"},\"headline\":\"Rekrutacja uzupe\u0142niaj\u0105ca uczelnianych opiekun\u00f3w praktyk zawodowych (I Nab\u00f3r)\",\"datePublished\":\"2017-03-13T16:36:00+00:00\",\"dateModified\":\"2020-05-13T15:37:04+00:00\",\"mainEntityOfPage\":{\"@id\":\"https:\\\/\\\/pans.krosno.pl\\\/fundusze-zewnetrzne\\\/rekrutacja-uzupelniajaca-uczelnianych-opiekunow-praktyk-zawodowych-i-nabor\\\/\"},\"wordCount\":184,\"commentCount\":0,\"publisher\":{\"@id\":\"https:\\\/\\\/pans.krosno.pl\\\/fundusze-zewnetrzne\\\/#organization\"},\"articleSection\":[\"Program praktyk zawodowych\"],\"inLanguage\":\"pl-PL\",\"potentialAction\":[{\"@type\":\"CommentAction\",\"name\":\"Comment\",\"target\":[\"https:\\\/\\\/pans.krosno.pl\\\/fundusze-zewnetrzne\\\/rekrutacja-uzupelniajaca-uczelnianych-opiekunow-praktyk-zawodowych-i-nabor\\\/#respond\"]}]},{\"@type\":\"WebPage\",\"@id\":\"https:\\\/\\\/pans.krosno.pl\\\/fundusze-zewnetrzne\\\/rekrutacja-uzupelniajaca-uczelnianych-opiekunow-praktyk-zawodowych-i-nabor\\\/\",\"url\":\"https:\\\/\\\/pans.krosno.pl\\\/fundusze-zewnetrzne\\\/rekrutacja-uzupelniajaca-uczelnianych-opiekunow-praktyk-zawodowych-i-nabor\\\/\",\"name\":\"Rekrutacja uzupe\u0142niaj\u0105ca uczelnianych opiekun\u00f3w praktyk zawodowych (I Nab\u00f3r) - Fundusze zewn\u0119trzne PANS w Kro\u015bnie\",\"isPartOf\":{\"@id\":\"https:\\\/\\\/pans.krosno.pl\\\/fundusze-zewnetrzne\\\/#website\"},\"datePublished\":\"2017-03-13T16:36:00+00:00\",\"dateModified\":\"2020-05-13T15:37:04+00:00\",\"breadcrumb\":{\"@id\":\"https:\\\/\\\/pans.krosno.pl\\\/fundusze-zewnetrzne\\\/rekrutacja-uzupelniajaca-uczelnianych-opiekunow-praktyk-zawodowych-i-nabor\\\/#breadcrumb\"},\"inLanguage\":\"pl-PL\",\"potentialAction\":[{\"@type\":\"ReadAction\",\"target\":[\"https:\\\/\\\/pans.krosno.pl\\\/fundusze-zewnetrzne\\\/rekrutacja-uzupelniajaca-uczelnianych-opiekunow-praktyk-zawodowych-i-nabor\\\/\"]}]},{\"@type\":\"BreadcrumbList\",\"@id\":\"https:\\\/\\\/pans.krosno.pl\\\/fundusze-zewnetrzne\\\/rekrutacja-uzupelniajaca-uczelnianych-opiekunow-praktyk-zawodowych-i-nabor\\\/#breadcrumb\",\"itemListElement\":[{\"@type\":\"ListItem\",\"position\":1,\"name\":\"Strona g\u0142\u00f3wna\",\"item\":\"https:\\\/\\\/pans.krosno.pl\\\/fundusze-zewnetrzne\\\/\"},{\"@type\":\"ListItem\",\"position\":2,\"name\":\"Rekrutacja uzupe\u0142niaj\u0105ca uczelnianych opiekun\u00f3w praktyk zawodowych (I Nab\u00f3r)\"}]},{\"@type\":\"WebSite\",\"@id\":\"https:\\\/\\\/pans.krosno.pl\\\/fundusze-zewnetrzne\\\/#website\",\"url\":\"https:\\\/\\\/pans.krosno.pl\\\/fundusze-zewnetrzne\\\/\",\"name\":\"Fundusze zewn\u0119trzne PANS w Kro\u015bnie\",\"description\":\"Fundusze zewn\u0119trzne  - Pa\u0144stwowa Akademia Nauk Stosowanych\",\"publisher\":{\"@id\":\"https:\\\/\\\/pans.krosno.pl\\\/fundusze-zewnetrzne\\\/#organization\"},\"potentialAction\":[{\"@type\":\"SearchAction\",\"target\":{\"@type\":\"EntryPoint\",\"urlTemplate\":\"https:\\\/\\\/pans.krosno.pl\\\/fundusze-zewnetrzne\\\/?s={search_term_string}\"},\"query-input\":{\"@type\":\"PropertyValueSpecification\",\"valueRequired\":true,\"valueName\":\"search_term_string\"}}],\"inLanguage\":\"pl-PL\"},{\"@type\":\"Organization\",\"@id\":\"https:\\\/\\\/pans.krosno.pl\\\/fundusze-zewnetrzne\\\/#organization\",\"name\":\"Fundusze zewn\u0119trzne PANS w Kro\u015bnie\",\"url\":\"https:\\\/\\\/pans.krosno.pl\\\/fundusze-zewnetrzne\\\/\",\"logo\":{\"@type\":\"ImageObject\",\"inLanguage\":\"pl-PL\",\"@id\":\"https:\\\/\\\/pans.krosno.pl\\\/fundusze-zewnetrzne\\\/#\\\/schema\\\/logo\\\/image\\\/\",\"url\":\"https:\\\/\\\/pans.krosno.pl\\\/fundusze-zewnetrzne\\\/wp-content\\\/uploads\\\/sites\\\/14\\\/2023\\\/01\\\/Logo-PANS-2022-pelne.png\",\"contentUrl\":\"https:\\\/\\\/pans.krosno.pl\\\/fundusze-zewnetrzne\\\/wp-content\\\/uploads\\\/sites\\\/14\\\/2023\\\/01\\\/Logo-PANS-2022-pelne.png\",\"width\":3096,\"height\":696,\"caption\":\"Fundusze zewn\u0119trzne PANS w Kro\u015bnie\"},\"image\":{\"@id\":\"https:\\\/\\\/pans.krosno.pl\\\/fundusze-zewnetrzne\\\/#\\\/schema\\\/logo\\\/image\\\/\"}},{\"@type\":\"Person\",\"@id\":\"https:\\\/\\\/pans.krosno.pl\\\/fundusze-zewnetrzne\\\/#\\\/schema\\\/person\\\/c1c9d6d593d357f87d9a7d7e44daa34e\",\"name\":\"maciejpolchlopek\",\"image\":{\"@type\":\"ImageObject\",\"inLanguage\":\"pl-PL\",\"@id\":\"https:\\\/\\\/secure.gravatar.com\\\/avatar\\\/2fadd549eeed4871c9aa96e96d8519cac8006657ce091e11a5f0ba8a8f5dca66?s=96&d=mm&r=g\",\"url\":\"https:\\\/\\\/secure.gravatar.com\\\/avatar\\\/2fadd549eeed4871c9aa96e96d8519cac8006657ce091e11a5f0ba8a8f5dca66?s=96&d=mm&r=g\",\"contentUrl\":\"https:\\\/\\\/secure.gravatar.com\\\/avatar\\\/2fadd549eeed4871c9aa96e96d8519cac8006657ce091e11a5f0ba8a8f5dca66?s=96&d=mm&r=g\",\"caption\":\"maciejpolchlopek\"},\"url\":\"https:\\\/\\\/pans.krosno.pl\\\/fundusze-zewnetrzne\\\/author\\\/maciejpolchlopek\\\/\"}]}<\/script>\n<!-- \/ Yoast SEO Premium plugin. -->","yoast_head_json":{"title":"Rekrutacja uzupe\u0142niaj\u0105ca uczelnianych opiekun\u00f3w praktyk zawodowych (I Nab\u00f3r) - Fundusze zewn\u0119trzne PANS w Kro\u015bnie","robots":{"index":"index","follow":"follow","max-snippet":"max-snippet:-1","max-image-preview":"max-image-preview:large","max-video-preview":"max-video-preview:-1"},"canonical":"https:\/\/pans.krosno.pl\/fundusze-zewnetrzne\/rekrutacja-uzupelniajaca-uczelnianych-opiekunow-praktyk-zawodowych-i-nabor\/","og_locale":"pl_PL","og_type":"article","og_title":"Rekrutacja uzupe\u0142niaj\u0105ca uczelnianych opiekun\u00f3w praktyk zawodowych (I Nab\u00f3r)","og_description":"Pa\u0144stwowa Wy\u017csza Szko\u0142a Zawodowa im. Stanis\u0142awa Pigonia w Kro\u015bnie og\u0142asza rekrutacj\u0119 uzupe\u0142niaj\u0105c\u0105 na uczelnianych opiekun\u00f3w praktyk zawodowych, do prowadzenia pilota\u017cowych praktyk zawodowych na kierunku studi\u00f3w: Informatyka, realizowanych w ramach&nbsp; projektu \u201eProgram praktyk zawodowych w Pa\u0144stwowych Wy\u017cszych Szko\u0142ach Zawodowych\u201d w ramach Programu Operacyjnego Wiedza Edukacja Rozw\u00f3j wsp\u00f3\u0142finansowanego ze \u015brodk\u00f3w Europejskiego Funduszu [\u2026] Read More","og_url":"https:\/\/pans.krosno.pl\/fundusze-zewnetrzne\/rekrutacja-uzupelniajaca-uczelnianych-opiekunow-praktyk-zawodowych-i-nabor\/","og_site_name":"Fundusze zewn\u0119trzne PANS w Kro\u015bnie","article_published_time":"2017-03-13T16:36:00+00:00","article_modified_time":"2020-05-13T15:37:04+00:00","author":"maciejpolchlopek","twitter_card":"summary_large_image","twitter_misc":{"Napisane przez":"maciejpolchlopek","Szacowany czas czytania":"1 minuta"},"schema":{"@context":"https:\/\/schema.org","@graph":[{"@type":"Article","@id":"https:\/\/pans.krosno.pl\/fundusze-zewnetrzne\/rekrutacja-uzupelniajaca-uczelnianych-opiekunow-praktyk-zawodowych-i-nabor\/#article","isPartOf":{"@id":"https:\/\/pans.krosno.pl\/fundusze-zewnetrzne\/rekrutacja-uzupelniajaca-uczelnianych-opiekunow-praktyk-zawodowych-i-nabor\/"},"author":{"name":"maciejpolchlopek","@id":"https:\/\/pans.krosno.pl\/fundusze-zewnetrzne\/#\/schema\/person\/c1c9d6d593d357f87d9a7d7e44daa34e"},"headline":"Rekrutacja uzupe\u0142niaj\u0105ca uczelnianych opiekun\u00f3w praktyk zawodowych (I Nab\u00f3r)","datePublished":"2017-03-13T16:36:00+00:00","dateModified":"2020-05-13T15:37:04+00:00","mainEntityOfPage":{"@id":"https:\/\/pans.krosno.pl\/fundusze-zewnetrzne\/rekrutacja-uzupelniajaca-uczelnianych-opiekunow-praktyk-zawodowych-i-nabor\/"},"wordCount":184,"commentCount":0,"publisher":{"@id":"https:\/\/pans.krosno.pl\/fundusze-zewnetrzne\/#organization"},"articleSection":["Program praktyk zawodowych"],"inLanguage":"pl-PL","potentialAction":[{"@type":"CommentAction","name":"Comment","target":["https:\/\/pans.krosno.pl\/fundusze-zewnetrzne\/rekrutacja-uzupelniajaca-uczelnianych-opiekunow-praktyk-zawodowych-i-nabor\/#respond"]}]},{"@type":"WebPage","@id":"https:\/\/pans.krosno.pl\/fundusze-zewnetrzne\/rekrutacja-uzupelniajaca-uczelnianych-opiekunow-praktyk-zawodowych-i-nabor\/","url":"https:\/\/pans.krosno.pl\/fundusze-zewnetrzne\/rekrutacja-uzupelniajaca-uczelnianych-opiekunow-praktyk-zawodowych-i-nabor\/","name":"Rekrutacja uzupe\u0142niaj\u0105ca uczelnianych opiekun\u00f3w praktyk zawodowych (I Nab\u00f3r) - Fundusze zewn\u0119trzne PANS w Kro\u015bnie","isPartOf":{"@id":"https:\/\/pans.krosno.pl\/fundusze-zewnetrzne\/#website"},"datePublished":"2017-03-13T16:36:00+00:00","dateModified":"2020-05-13T15:37:04+00:00","breadcrumb":{"@id":"https:\/\/pans.krosno.pl\/fundusze-zewnetrzne\/rekrutacja-uzupelniajaca-uczelnianych-opiekunow-praktyk-zawodowych-i-nabor\/#breadcrumb"},"inLanguage":"pl-PL","potentialAction":[{"@type":"ReadAction","target":["https:\/\/pans.krosno.pl\/fundusze-zewnetrzne\/rekrutacja-uzupelniajaca-uczelnianych-opiekunow-praktyk-zawodowych-i-nabor\/"]}]},{"@type":"BreadcrumbList","@id":"https:\/\/pans.krosno.pl\/fundusze-zewnetrzne\/rekrutacja-uzupelniajaca-uczelnianych-opiekunow-praktyk-zawodowych-i-nabor\/#breadcrumb","itemListElement":[{"@type":"ListItem","position":1,"name":"Strona g\u0142\u00f3wna","item":"https:\/\/pans.krosno.pl\/fundusze-zewnetrzne\/"},{"@type":"ListItem","position":2,"name":"Rekrutacja uzupe\u0142niaj\u0105ca uczelnianych opiekun\u00f3w praktyk zawodowych (I Nab\u00f3r)"}]},{"@type":"WebSite","@id":"https:\/\/pans.krosno.pl\/fundusze-zewnetrzne\/#website","url":"https:\/\/pans.krosno.pl\/fundusze-zewnetrzne\/","name":"Fundusze zewn\u0119trzne PANS w Kro\u015bnie","description":"Fundusze zewn\u0119trzne  - Pa\u0144stwowa Akademia Nauk Stosowanych","publisher":{"@id":"https:\/\/pans.krosno.pl\/fundusze-zewnetrzne\/#organization"},"potentialAction":[{"@type":"SearchAction","target":{"@type":"EntryPoint","urlTemplate":"https:\/\/pans.krosno.pl\/fundusze-zewnetrzne\/?s={search_term_string}"},"query-input":{"@type":"PropertyValueSpecification","valueRequired":true,"valueName":"search_term_string"}}],"inLanguage":"pl-PL"},{"@type":"Organization","@id":"https:\/\/pans.krosno.pl\/fundusze-zewnetrzne\/#organization","name":"Fundusze zewn\u0119trzne PANS w Kro\u015bnie","url":"https:\/\/pans.krosno.pl\/fundusze-zewnetrzne\/","logo":{"@type":"ImageObject","inLanguage":"pl-PL","@id":"https:\/\/pans.krosno.pl\/fundusze-zewnetrzne\/#\/schema\/logo\/image\/","url":"https:\/\/pans.krosno.pl\/fundusze-zewnetrzne\/wp-content\/uploads\/sites\/14\/2023\/01\/Logo-PANS-2022-pelne.png","contentUrl":"https:\/\/pans.krosno.pl\/fundusze-zewnetrzne\/wp-content\/uploads\/sites\/14\/2023\/01\/Logo-PANS-2022-pelne.png","width":3096,"height":696,"caption":"Fundusze zewn\u0119trzne PANS w Kro\u015bnie"},"image":{"@id":"https:\/\/pans.krosno.pl\/fundusze-zewnetrzne\/#\/schema\/logo\/image\/"}},{"@type":"Person","@id":"https:\/\/pans.krosno.pl\/fundusze-zewnetrzne\/#\/schema\/person\/c1c9d6d593d357f87d9a7d7e44daa34e","name":"maciejpolchlopek","image":{"@type":"ImageObject","inLanguage":"pl-PL","@id":"https:\/\/secure.gravatar.com\/avatar\/2fadd549eeed4871c9aa96e96d8519cac8006657ce091e11a5f0ba8a8f5dca66?s=96&d=mm&r=g","url":"https:\/\/secure.gravatar.com\/avatar\/2fadd549eeed4871c9aa96e96d8519cac8006657ce091e11a5f0ba8a8f5dca66?s=96&d=mm&r=g","contentUrl":"https:\/\/secure.gravatar.com\/avatar\/2fadd549eeed4871c9aa96e96d8519cac8006657ce091e11a5f0ba8a8f5dca66?s=96&d=mm&r=g","caption":"maciejpolchlopek"},"url":"https:\/\/pans.krosno.pl\/fundusze-zewnetrzne\/author\/maciejpolchlopek\/"}]}},"_links":{"self":[{"href":"https:\/\/pans.krosno.pl\/fundusze-zewnetrzne\/wp-json\/wp\/v2\/posts\/734","targetHints":{"allow":["GET"]}}],"collection":[{"href":"https:\/\/pans.krosno.pl\/fundusze-zewnetrzne\/wp-json\/wp\/v2\/posts"}],"about":[{"href":"https:\/\/pans.krosno.pl\/fundusze-zewnetrzne\/wp-json\/wp\/v2\/types\/post"}],"author":[{"embeddable":true,"href":"https:\/\/pans.krosno.pl\/fundusze-zewnetrzne\/wp-json\/wp\/v2\/users\/27"}],"replies":[{"embeddable":true,"href":"https:\/\/pans.krosno.pl\/fundusze-zewnetrzne\/wp-json\/wp\/v2\/comments?post=734"}],"version-history":[{"count":1,"href":"https:\/\/pans.krosno.pl\/fundusze-zewnetrzne\/wp-json\/wp\/v2\/posts\/734\/revisions"}],"predecessor-version":[{"id":738,"href":"https:\/\/pans.krosno.pl\/fundusze-zewnetrzne\/wp-json\/wp\/v2\/posts\/734\/revisions\/738"}],"wp:attachment":[{"href":"https:\/\/pans.krosno.pl\/fundusze-zewnetrzne\/wp-json\/wp\/v2\/media?parent=734"}],"wp:term":[{"taxonomy":"category","embeddable":true,"href":"https:\/\/pans.krosno.pl\/fundusze-zewnetrzne\/wp-json\/wp\/v2\/categories?post=734"},{"taxonomy":"post_tag","embeddable":true,"href":"https:\/\/pans.krosno.pl\/fundusze-zewnetrzne\/wp-json\/wp\/v2\/tags?post=734"}],"curies":[{"name":"wp","href":"https:\/\/api.w.org\/{rel}","templated":true}]}}