{"id":536,"date":"2017-02-13T16:59:31","date_gmt":"2017-02-13T15:59:31","guid":{"rendered":"https:\/\/pans.krosno.pl\/fundusze-europejskie-kursy\/?p=536"},"modified":"2020-05-13T17:00:22","modified_gmt":"2020-05-13T15:00:22","slug":"rusza-rekrutacja-do-projektu","status":"publish","type":"post","link":"https:\/\/pans.krosno.pl\/fundusze-zewnetrzne\/rusza-rekrutacja-do-projektu\/","title":{"rendered":"Rusza rekrutacja do projektu"},"content":{"rendered":"\n<p>W dniach od<strong>&nbsp;6 do 9 lutego 2017 r.<\/strong>&nbsp;prowadzona b\u0119dzie rekrutacja uczestnik\u00f3w do projektu &#8222;Akademia kreatywnego ucznia w PWSZ w Kro\u015bnie&#8221;.<\/p>\n\n\n\n<p>Komplet dokument\u00f3w rekrutacyjnych stanowi\u0105cych za\u0142\u0105czniki do Regulaminu rekrutacji, tj.:<\/p>\n\n\n\n<p><strong>Deklaracja uczestnictwa w Projekcie, Zgoda rodzica\/opiekuna prawnego<\/strong><\/p>\n\n\n\n<p><strong>Formularz zg\u0142oszeniowy<\/strong><\/p>\n\n\n\n<p><strong>O\u015bwiadczenie uczestnika projektu<\/strong><\/p>\n\n\n\n<p>nale\u017cy z\u0142o\u017cy\u0107 w sekretariacie swojej szko\u0142y.<\/p>\n\n\n\n<figure class=\"wp-block-image size-large\"><img loading=\"lazy\" decoding=\"async\" width=\"523\" height=\"740\" src=\"https:\/\/pans.krosno.pl\/fundusze-europejskie-kursy\/wp-content\/uploads\/sites\/14\/2020\/05\/plakat_kopernik_5-1-page-001.jpg\" alt=\"\" class=\"wp-image-537\" srcset=\"https:\/\/pans.krosno.pl\/fundusze-zewnetrzne\/wp-content\/uploads\/sites\/14\/2020\/05\/plakat_kopernik_5-1-page-001.jpg 523w, https:\/\/pans.krosno.pl\/fundusze-zewnetrzne\/wp-content\/uploads\/sites\/14\/2020\/05\/plakat_kopernik_5-1-page-001-212x300.jpg 212w\" sizes=\"auto, (max-width: 523px) 100vw, 523px\" \/><\/figure>\n","protected":false},"excerpt":{"rendered":"<p>W dniach od&nbsp;6 do 9 lutego 2017 r.&nbsp;prowadzona b\u0119dzie rekrutacja uczestnik\u00f3w do projektu &#8222;Akademia kreatywnego ucznia w PWSZ w Kro\u015bnie&#8221;. Komplet dokument\u00f3w rekrutacyjnych stanowi\u0105cych za\u0142\u0105czniki do Regulaminu rekrutacji, tj.: Deklaracja uczestnictwa w Projekcie, Zgoda rodzica\/opiekuna prawnego Formularz zg\u0142oszeniowy O\u015bwiadczenie uczestnika projektu nale\u017cy z\u0142o\u017cy\u0107 w sekretariacie swojej szko\u0142y.<\/p>\n","protected":false},"author":27,"featured_media":538,"comment_status":"open","ping_status":"open","sticky":false,"template":"","format":"standard","meta":{"ngg_post_thumbnail":0,"footnotes":""},"categories":[7],"tags":[],"class_list":["post-536","post","type-post","status-publish","format-standard","has-post-thumbnail","hentry","category-akademia-kreatywnego-ucznia"],"yoast_head":"<!-- This site is optimized with the Yoast SEO Premium plugin v27.4 (Yoast SEO v27.4) - https:\/\/yoast.com\/product\/yoast-seo-premium-wordpress\/ -->\n<title>Rusza rekrutacja do projektu - Fundusze zewn\u0119trzne PANS w Kro\u015bnie<\/title>\n<meta name=\"robots\" content=\"index, follow, max-snippet:-1, max-image-preview:large, max-video-preview:-1\" \/>\n<link rel=\"canonical\" href=\"https:\/\/pans.krosno.pl\/fundusze-zewnetrzne\/rusza-rekrutacja-do-projektu\/\" \/>\n<meta property=\"og:locale\" content=\"pl_PL\" \/>\n<meta property=\"og:type\" content=\"article\" \/>\n<meta property=\"og:title\" content=\"Rusza rekrutacja do projektu\" \/>\n<meta property=\"og:description\" content=\"W dniach od&nbsp;6 do 9 lutego 2017 r.&nbsp;prowadzona b\u0119dzie rekrutacja uczestnik\u00f3w do projektu &#8222;Akademia kreatywnego ucznia w PWSZ w Kro\u015bnie&#8221;. Komplet dokument\u00f3w rekrutacyjnych stanowi\u0105cych za\u0142\u0105czniki do Regulaminu rekrutacji, tj.: Deklaracja uczestnictwa w Projekcie, Zgoda rodzica\/opiekuna prawnego Formularz zg\u0142oszeniowy O\u015bwiadczenie uczestnika projektu nale\u017cy z\u0142o\u017cy\u0107 w sekretariacie swojej szko\u0142y.\" \/>\n<meta property=\"og:url\" content=\"https:\/\/pans.krosno.pl\/fundusze-zewnetrzne\/rusza-rekrutacja-do-projektu\/\" \/>\n<meta property=\"og:site_name\" content=\"Fundusze zewn\u0119trzne PANS w Kro\u015bnie\" \/>\n<meta property=\"article:published_time\" content=\"2017-02-13T15:59:31+00:00\" \/>\n<meta property=\"article:modified_time\" content=\"2020-05-13T15:00:22+00:00\" \/>\n<meta property=\"og:image\" content=\"https:\/\/pans.krosno.pl\/wp-content\/uploads\/sites\/14\/2020\/05\/plakat_kopernik_5-1-page-001-1.jpg\" \/>\n\t<meta property=\"og:image:width\" content=\"523\" \/>\n\t<meta property=\"og:image:height\" content=\"740\" \/>\n\t<meta property=\"og:image:type\" content=\"image\/jpeg\" \/>\n<meta name=\"author\" content=\"maciejpolchlopek\" \/>\n<meta name=\"twitter:card\" content=\"summary_large_image\" \/>\n<meta name=\"twitter:label1\" content=\"Napisane przez\" \/>\n\t<meta name=\"twitter:data1\" content=\"maciejpolchlopek\" \/>\n<script type=\"application\/ld+json\" class=\"yoast-schema-graph\">{\"@context\":\"https:\\\/\\\/schema.org\",\"@graph\":[{\"@type\":\"Article\",\"@id\":\"https:\\\/\\\/pans.krosno.pl\\\/fundusze-zewnetrzne\\\/rusza-rekrutacja-do-projektu\\\/#article\",\"isPartOf\":{\"@id\":\"https:\\\/\\\/pans.krosno.pl\\\/fundusze-zewnetrzne\\\/rusza-rekrutacja-do-projektu\\\/\"},\"author\":{\"name\":\"maciejpolchlopek\",\"@id\":\"https:\\\/\\\/pans.krosno.pl\\\/fundusze-zewnetrzne\\\/#\\\/schema\\\/person\\\/c1c9d6d593d357f87d9a7d7e44daa34e\"},\"headline\":\"Rusza rekrutacja do projektu\",\"datePublished\":\"2017-02-13T15:59:31+00:00\",\"dateModified\":\"2020-05-13T15:00:22+00:00\",\"mainEntityOfPage\":{\"@id\":\"https:\\\/\\\/pans.krosno.pl\\\/fundusze-zewnetrzne\\\/rusza-rekrutacja-do-projektu\\\/\"},\"wordCount\":65,\"commentCount\":0,\"publisher\":{\"@id\":\"https:\\\/\\\/pans.krosno.pl\\\/fundusze-zewnetrzne\\\/#organization\"},\"image\":{\"@id\":\"https:\\\/\\\/pans.krosno.pl\\\/fundusze-zewnetrzne\\\/rusza-rekrutacja-do-projektu\\\/#primaryimage\"},\"thumbnailUrl\":\"https:\\\/\\\/pans.krosno.pl\\\/fundusze-zewnetrzne\\\/wp-content\\\/uploads\\\/sites\\\/14\\\/2020\\\/05\\\/plakat_kopernik_5-1-page-001-1.jpg\",\"articleSection\":[\"Akademia kreatywnego ucznia\"],\"inLanguage\":\"pl-PL\",\"potentialAction\":[{\"@type\":\"CommentAction\",\"name\":\"Comment\",\"target\":[\"https:\\\/\\\/pans.krosno.pl\\\/fundusze-zewnetrzne\\\/rusza-rekrutacja-do-projektu\\\/#respond\"]}]},{\"@type\":\"WebPage\",\"@id\":\"https:\\\/\\\/pans.krosno.pl\\\/fundusze-zewnetrzne\\\/rusza-rekrutacja-do-projektu\\\/\",\"url\":\"https:\\\/\\\/pans.krosno.pl\\\/fundusze-zewnetrzne\\\/rusza-rekrutacja-do-projektu\\\/\",\"name\":\"Rusza rekrutacja do projektu - Fundusze zewn\u0119trzne PANS w Kro\u015bnie\",\"isPartOf\":{\"@id\":\"https:\\\/\\\/pans.krosno.pl\\\/fundusze-zewnetrzne\\\/#website\"},\"primaryImageOfPage\":{\"@id\":\"https:\\\/\\\/pans.krosno.pl\\\/fundusze-zewnetrzne\\\/rusza-rekrutacja-do-projektu\\\/#primaryimage\"},\"image\":{\"@id\":\"https:\\\/\\\/pans.krosno.pl\\\/fundusze-zewnetrzne\\\/rusza-rekrutacja-do-projektu\\\/#primaryimage\"},\"thumbnailUrl\":\"https:\\\/\\\/pans.krosno.pl\\\/fundusze-zewnetrzne\\\/wp-content\\\/uploads\\\/sites\\\/14\\\/2020\\\/05\\\/plakat_kopernik_5-1-page-001-1.jpg\",\"datePublished\":\"2017-02-13T15:59:31+00:00\",\"dateModified\":\"2020-05-13T15:00:22+00:00\",\"breadcrumb\":{\"@id\":\"https:\\\/\\\/pans.krosno.pl\\\/fundusze-zewnetrzne\\\/rusza-rekrutacja-do-projektu\\\/#breadcrumb\"},\"inLanguage\":\"pl-PL\",\"potentialAction\":[{\"@type\":\"ReadAction\",\"target\":[\"https:\\\/\\\/pans.krosno.pl\\\/fundusze-zewnetrzne\\\/rusza-rekrutacja-do-projektu\\\/\"]}]},{\"@type\":\"ImageObject\",\"inLanguage\":\"pl-PL\",\"@id\":\"https:\\\/\\\/pans.krosno.pl\\\/fundusze-zewnetrzne\\\/rusza-rekrutacja-do-projektu\\\/#primaryimage\",\"url\":\"https:\\\/\\\/pans.krosno.pl\\\/fundusze-zewnetrzne\\\/wp-content\\\/uploads\\\/sites\\\/14\\\/2020\\\/05\\\/plakat_kopernik_5-1-page-001-1.jpg\",\"contentUrl\":\"https:\\\/\\\/pans.krosno.pl\\\/fundusze-zewnetrzne\\\/wp-content\\\/uploads\\\/sites\\\/14\\\/2020\\\/05\\\/plakat_kopernik_5-1-page-001-1.jpg\",\"width\":523,\"height\":740},{\"@type\":\"BreadcrumbList\",\"@id\":\"https:\\\/\\\/pans.krosno.pl\\\/fundusze-zewnetrzne\\\/rusza-rekrutacja-do-projektu\\\/#breadcrumb\",\"itemListElement\":[{\"@type\":\"ListItem\",\"position\":1,\"name\":\"Strona g\u0142\u00f3wna\",\"item\":\"https:\\\/\\\/pans.krosno.pl\\\/fundusze-zewnetrzne\\\/\"},{\"@type\":\"ListItem\",\"position\":2,\"name\":\"Rusza rekrutacja do projektu\"}]},{\"@type\":\"WebSite\",\"@id\":\"https:\\\/\\\/pans.krosno.pl\\\/fundusze-zewnetrzne\\\/#website\",\"url\":\"https:\\\/\\\/pans.krosno.pl\\\/fundusze-zewnetrzne\\\/\",\"name\":\"Fundusze zewn\u0119trzne PANS w Kro\u015bnie\",\"description\":\"Fundusze zewn\u0119trzne  - Pa\u0144stwowa Akademia Nauk Stosowanych\",\"publisher\":{\"@id\":\"https:\\\/\\\/pans.krosno.pl\\\/fundusze-zewnetrzne\\\/#organization\"},\"potentialAction\":[{\"@type\":\"SearchAction\",\"target\":{\"@type\":\"EntryPoint\",\"urlTemplate\":\"https:\\\/\\\/pans.krosno.pl\\\/fundusze-zewnetrzne\\\/?s={search_term_string}\"},\"query-input\":{\"@type\":\"PropertyValueSpecification\",\"valueRequired\":true,\"valueName\":\"search_term_string\"}}],\"inLanguage\":\"pl-PL\"},{\"@type\":\"Organization\",\"@id\":\"https:\\\/\\\/pans.krosno.pl\\\/fundusze-zewnetrzne\\\/#organization\",\"name\":\"Fundusze zewn\u0119trzne PANS w Kro\u015bnie\",\"url\":\"https:\\\/\\\/pans.krosno.pl\\\/fundusze-zewnetrzne\\\/\",\"logo\":{\"@type\":\"ImageObject\",\"inLanguage\":\"pl-PL\",\"@id\":\"https:\\\/\\\/pans.krosno.pl\\\/fundusze-zewnetrzne\\\/#\\\/schema\\\/logo\\\/image\\\/\",\"url\":\"https:\\\/\\\/pans.krosno.pl\\\/fundusze-zewnetrzne\\\/wp-content\\\/uploads\\\/sites\\\/14\\\/2023\\\/01\\\/Logo-PANS-2022-pelne.png\",\"contentUrl\":\"https:\\\/\\\/pans.krosno.pl\\\/fundusze-zewnetrzne\\\/wp-content\\\/uploads\\\/sites\\\/14\\\/2023\\\/01\\\/Logo-PANS-2022-pelne.png\",\"width\":3096,\"height\":696,\"caption\":\"Fundusze zewn\u0119trzne PANS w Kro\u015bnie\"},\"image\":{\"@id\":\"https:\\\/\\\/pans.krosno.pl\\\/fundusze-zewnetrzne\\\/#\\\/schema\\\/logo\\\/image\\\/\"}},{\"@type\":\"Person\",\"@id\":\"https:\\\/\\\/pans.krosno.pl\\\/fundusze-zewnetrzne\\\/#\\\/schema\\\/person\\\/c1c9d6d593d357f87d9a7d7e44daa34e\",\"name\":\"maciejpolchlopek\",\"image\":{\"@type\":\"ImageObject\",\"inLanguage\":\"pl-PL\",\"@id\":\"https:\\\/\\\/secure.gravatar.com\\\/avatar\\\/2fadd549eeed4871c9aa96e96d8519cac8006657ce091e11a5f0ba8a8f5dca66?s=96&d=mm&r=g\",\"url\":\"https:\\\/\\\/secure.gravatar.com\\\/avatar\\\/2fadd549eeed4871c9aa96e96d8519cac8006657ce091e11a5f0ba8a8f5dca66?s=96&d=mm&r=g\",\"contentUrl\":\"https:\\\/\\\/secure.gravatar.com\\\/avatar\\\/2fadd549eeed4871c9aa96e96d8519cac8006657ce091e11a5f0ba8a8f5dca66?s=96&d=mm&r=g\",\"caption\":\"maciejpolchlopek\"},\"url\":\"https:\\\/\\\/pans.krosno.pl\\\/fundusze-zewnetrzne\\\/author\\\/maciejpolchlopek\\\/\"}]}<\/script>\n<!-- \/ Yoast SEO Premium plugin. -->","yoast_head_json":{"title":"Rusza rekrutacja do projektu - Fundusze zewn\u0119trzne PANS w Kro\u015bnie","robots":{"index":"index","follow":"follow","max-snippet":"max-snippet:-1","max-image-preview":"max-image-preview:large","max-video-preview":"max-video-preview:-1"},"canonical":"https:\/\/pans.krosno.pl\/fundusze-zewnetrzne\/rusza-rekrutacja-do-projektu\/","og_locale":"pl_PL","og_type":"article","og_title":"Rusza rekrutacja do projektu","og_description":"W dniach od&nbsp;6 do 9 lutego 2017 r.&nbsp;prowadzona b\u0119dzie rekrutacja uczestnik\u00f3w do projektu &#8222;Akademia kreatywnego ucznia w PWSZ w Kro\u015bnie&#8221;. Komplet dokument\u00f3w rekrutacyjnych stanowi\u0105cych za\u0142\u0105czniki do Regulaminu rekrutacji, tj.: Deklaracja uczestnictwa w Projekcie, Zgoda rodzica\/opiekuna prawnego Formularz zg\u0142oszeniowy O\u015bwiadczenie uczestnika projektu nale\u017cy z\u0142o\u017cy\u0107 w sekretariacie swojej szko\u0142y.","og_url":"https:\/\/pans.krosno.pl\/fundusze-zewnetrzne\/rusza-rekrutacja-do-projektu\/","og_site_name":"Fundusze zewn\u0119trzne PANS w Kro\u015bnie","article_published_time":"2017-02-13T15:59:31+00:00","article_modified_time":"2020-05-13T15:00:22+00:00","og_image":[{"width":523,"height":740,"url":"https:\/\/pans.krosno.pl\/wp-content\/uploads\/sites\/14\/2020\/05\/plakat_kopernik_5-1-page-001-1.jpg","type":"image\/jpeg"}],"author":"maciejpolchlopek","twitter_card":"summary_large_image","twitter_misc":{"Napisane przez":"maciejpolchlopek"},"schema":{"@context":"https:\/\/schema.org","@graph":[{"@type":"Article","@id":"https:\/\/pans.krosno.pl\/fundusze-zewnetrzne\/rusza-rekrutacja-do-projektu\/#article","isPartOf":{"@id":"https:\/\/pans.krosno.pl\/fundusze-zewnetrzne\/rusza-rekrutacja-do-projektu\/"},"author":{"name":"maciejpolchlopek","@id":"https:\/\/pans.krosno.pl\/fundusze-zewnetrzne\/#\/schema\/person\/c1c9d6d593d357f87d9a7d7e44daa34e"},"headline":"Rusza rekrutacja do projektu","datePublished":"2017-02-13T15:59:31+00:00","dateModified":"2020-05-13T15:00:22+00:00","mainEntityOfPage":{"@id":"https:\/\/pans.krosno.pl\/fundusze-zewnetrzne\/rusza-rekrutacja-do-projektu\/"},"wordCount":65,"commentCount":0,"publisher":{"@id":"https:\/\/pans.krosno.pl\/fundusze-zewnetrzne\/#organization"},"image":{"@id":"https:\/\/pans.krosno.pl\/fundusze-zewnetrzne\/rusza-rekrutacja-do-projektu\/#primaryimage"},"thumbnailUrl":"https:\/\/pans.krosno.pl\/fundusze-zewnetrzne\/wp-content\/uploads\/sites\/14\/2020\/05\/plakat_kopernik_5-1-page-001-1.jpg","articleSection":["Akademia kreatywnego ucznia"],"inLanguage":"pl-PL","potentialAction":[{"@type":"CommentAction","name":"Comment","target":["https:\/\/pans.krosno.pl\/fundusze-zewnetrzne\/rusza-rekrutacja-do-projektu\/#respond"]}]},{"@type":"WebPage","@id":"https:\/\/pans.krosno.pl\/fundusze-zewnetrzne\/rusza-rekrutacja-do-projektu\/","url":"https:\/\/pans.krosno.pl\/fundusze-zewnetrzne\/rusza-rekrutacja-do-projektu\/","name":"Rusza rekrutacja do projektu - Fundusze zewn\u0119trzne PANS w Kro\u015bnie","isPartOf":{"@id":"https:\/\/pans.krosno.pl\/fundusze-zewnetrzne\/#website"},"primaryImageOfPage":{"@id":"https:\/\/pans.krosno.pl\/fundusze-zewnetrzne\/rusza-rekrutacja-do-projektu\/#primaryimage"},"image":{"@id":"https:\/\/pans.krosno.pl\/fundusze-zewnetrzne\/rusza-rekrutacja-do-projektu\/#primaryimage"},"thumbnailUrl":"https:\/\/pans.krosno.pl\/fundusze-zewnetrzne\/wp-content\/uploads\/sites\/14\/2020\/05\/plakat_kopernik_5-1-page-001-1.jpg","datePublished":"2017-02-13T15:59:31+00:00","dateModified":"2020-05-13T15:00:22+00:00","breadcrumb":{"@id":"https:\/\/pans.krosno.pl\/fundusze-zewnetrzne\/rusza-rekrutacja-do-projektu\/#breadcrumb"},"inLanguage":"pl-PL","potentialAction":[{"@type":"ReadAction","target":["https:\/\/pans.krosno.pl\/fundusze-zewnetrzne\/rusza-rekrutacja-do-projektu\/"]}]},{"@type":"ImageObject","inLanguage":"pl-PL","@id":"https:\/\/pans.krosno.pl\/fundusze-zewnetrzne\/rusza-rekrutacja-do-projektu\/#primaryimage","url":"https:\/\/pans.krosno.pl\/fundusze-zewnetrzne\/wp-content\/uploads\/sites\/14\/2020\/05\/plakat_kopernik_5-1-page-001-1.jpg","contentUrl":"https:\/\/pans.krosno.pl\/fundusze-zewnetrzne\/wp-content\/uploads\/sites\/14\/2020\/05\/plakat_kopernik_5-1-page-001-1.jpg","width":523,"height":740},{"@type":"BreadcrumbList","@id":"https:\/\/pans.krosno.pl\/fundusze-zewnetrzne\/rusza-rekrutacja-do-projektu\/#breadcrumb","itemListElement":[{"@type":"ListItem","position":1,"name":"Strona g\u0142\u00f3wna","item":"https:\/\/pans.krosno.pl\/fundusze-zewnetrzne\/"},{"@type":"ListItem","position":2,"name":"Rusza rekrutacja do projektu"}]},{"@type":"WebSite","@id":"https:\/\/pans.krosno.pl\/fundusze-zewnetrzne\/#website","url":"https:\/\/pans.krosno.pl\/fundusze-zewnetrzne\/","name":"Fundusze zewn\u0119trzne PANS w Kro\u015bnie","description":"Fundusze zewn\u0119trzne  - Pa\u0144stwowa Akademia Nauk Stosowanych","publisher":{"@id":"https:\/\/pans.krosno.pl\/fundusze-zewnetrzne\/#organization"},"potentialAction":[{"@type":"SearchAction","target":{"@type":"EntryPoint","urlTemplate":"https:\/\/pans.krosno.pl\/fundusze-zewnetrzne\/?s={search_term_string}"},"query-input":{"@type":"PropertyValueSpecification","valueRequired":true,"valueName":"search_term_string"}}],"inLanguage":"pl-PL"},{"@type":"Organization","@id":"https:\/\/pans.krosno.pl\/fundusze-zewnetrzne\/#organization","name":"Fundusze zewn\u0119trzne PANS w Kro\u015bnie","url":"https:\/\/pans.krosno.pl\/fundusze-zewnetrzne\/","logo":{"@type":"ImageObject","inLanguage":"pl-PL","@id":"https:\/\/pans.krosno.pl\/fundusze-zewnetrzne\/#\/schema\/logo\/image\/","url":"https:\/\/pans.krosno.pl\/fundusze-zewnetrzne\/wp-content\/uploads\/sites\/14\/2023\/01\/Logo-PANS-2022-pelne.png","contentUrl":"https:\/\/pans.krosno.pl\/fundusze-zewnetrzne\/wp-content\/uploads\/sites\/14\/2023\/01\/Logo-PANS-2022-pelne.png","width":3096,"height":696,"caption":"Fundusze zewn\u0119trzne PANS w Kro\u015bnie"},"image":{"@id":"https:\/\/pans.krosno.pl\/fundusze-zewnetrzne\/#\/schema\/logo\/image\/"}},{"@type":"Person","@id":"https:\/\/pans.krosno.pl\/fundusze-zewnetrzne\/#\/schema\/person\/c1c9d6d593d357f87d9a7d7e44daa34e","name":"maciejpolchlopek","image":{"@type":"ImageObject","inLanguage":"pl-PL","@id":"https:\/\/secure.gravatar.com\/avatar\/2fadd549eeed4871c9aa96e96d8519cac8006657ce091e11a5f0ba8a8f5dca66?s=96&d=mm&r=g","url":"https:\/\/secure.gravatar.com\/avatar\/2fadd549eeed4871c9aa96e96d8519cac8006657ce091e11a5f0ba8a8f5dca66?s=96&d=mm&r=g","contentUrl":"https:\/\/secure.gravatar.com\/avatar\/2fadd549eeed4871c9aa96e96d8519cac8006657ce091e11a5f0ba8a8f5dca66?s=96&d=mm&r=g","caption":"maciejpolchlopek"},"url":"https:\/\/pans.krosno.pl\/fundusze-zewnetrzne\/author\/maciejpolchlopek\/"}]}},"_links":{"self":[{"href":"https:\/\/pans.krosno.pl\/fundusze-zewnetrzne\/wp-json\/wp\/v2\/posts\/536","targetHints":{"allow":["GET"]}}],"collection":[{"href":"https:\/\/pans.krosno.pl\/fundusze-zewnetrzne\/wp-json\/wp\/v2\/posts"}],"about":[{"href":"https:\/\/pans.krosno.pl\/fundusze-zewnetrzne\/wp-json\/wp\/v2\/types\/post"}],"author":[{"embeddable":true,"href":"https:\/\/pans.krosno.pl\/fundusze-zewnetrzne\/wp-json\/wp\/v2\/users\/27"}],"replies":[{"embeddable":true,"href":"https:\/\/pans.krosno.pl\/fundusze-zewnetrzne\/wp-json\/wp\/v2\/comments?post=536"}],"version-history":[{"count":1,"href":"https:\/\/pans.krosno.pl\/fundusze-zewnetrzne\/wp-json\/wp\/v2\/posts\/536\/revisions"}],"predecessor-version":[{"id":539,"href":"https:\/\/pans.krosno.pl\/fundusze-zewnetrzne\/wp-json\/wp\/v2\/posts\/536\/revisions\/539"}],"wp:featuredmedia":[{"embeddable":true,"href":"https:\/\/pans.krosno.pl\/fundusze-zewnetrzne\/wp-json\/wp\/v2\/media\/538"}],"wp:attachment":[{"href":"https:\/\/pans.krosno.pl\/fundusze-zewnetrzne\/wp-json\/wp\/v2\/media?parent=536"}],"wp:term":[{"taxonomy":"category","embeddable":true,"href":"https:\/\/pans.krosno.pl\/fundusze-zewnetrzne\/wp-json\/wp\/v2\/categories?post=536"},{"taxonomy":"post_tag","embeddable":true,"href":"https:\/\/pans.krosno.pl\/fundusze-zewnetrzne\/wp-json\/wp\/v2\/tags?post=536"}],"curies":[{"name":"wp","href":"https:\/\/api.w.org\/{rel}","templated":true}]}}